{"id":9542,"date":"2016-11-17T08:37:19","date_gmt":"2016-11-17T08:37:19","guid":{"rendered":"https:\/\/www.leeb-balkone.com\/de\/blog\/postdummy-5-2-2-2-3-2-3-2-3\/"},"modified":"2025-06-02T16:07:31","modified_gmt":"2025-06-02T16:07:31","slug":"weihnachtliche-balkongestaltung-im-advent","status":"publish","type":"post","link":"https:\/\/www.leeb-balkone.com\/de\/blog\/weihnachtliche-balkongestaltung-im-advent\/","title":{"rendered":"Weihnachtliche Balkongestaltung im Advent"},"content":{"rendered":"<header data-block_7eb4eaeaa87caac230647edb607ec181 class=\"c-fh  l-mh-small c-fh--hero c-grad-l2r c-fh--div none\">\n      <img loading=\"lazy\" decoding=\"async\" width=\"2560\" height=\"1919\" src=\"https:\/\/www.leeb-balkone.com\/app\/uploads\/2020\/10\/advent-am-balkon-1-scaled.jpg\" class=\"no-lazy\" alt=\"weihnachtsdeko blog1\" srcset=\"https:\/\/www.leeb-balkone.com\/app\/uploads\/2020\/10\/advent-am-balkon-1-scaled.jpg 2560w, https:\/\/www.leeb-balkone.com\/app\/uploads\/2020\/10\/advent-am-balkon-1-300x225.jpg 300w, https:\/\/www.leeb-balkone.com\/app\/uploads\/2020\/10\/advent-am-balkon-1-1024x768.jpg 1024w, https:\/\/www.leeb-balkone.com\/app\/uploads\/2020\/10\/advent-am-balkon-1-768x576.jpg 768w, https:\/\/www.leeb-balkone.com\/app\/uploads\/2020\/10\/advent-am-balkon-1-1536x1151.jpg 1536w, https:\/\/www.leeb-balkone.com\/app\/uploads\/2020\/10\/advent-am-balkon-1-2048x1535.jpg 2048w\" sizes=\"auto, (min-width: 1536px) 2048px, (min-width: 992px) 1536px, (min-width: 768px) 1024px, (min-width: 576px) 768px, 100vw\" \/>\n\n\n<div class=\"grid-container\">\n  <div class=\"grid-x\">\n    <div class=\"cell small-12 medium-6 medium-offset-1\">\n      <div class=\"c-fh__wrapper\">\n              <\/div>\n    <\/div>\n  <\/div>\n<\/div>\n  \n    \n    <\/header>\n\n\n  \n  <section class=\"wp-block-group alignfull t3-header u-max-wide t3-header-text has-white-background-color has-background has-global-padding is-layout-constrained wp-block-group-is-layout-constrained\">\n    <div class=\"wp-block-group o-grid u-md-1 u-sm-1 is-layout-flow wp-block-group-is-layout-flow\">\n  <div class=\"wp-block-group u-g-10 u-g-s-2\">\n      <div class=\"yoast-breadcrumbs\"><span><span><a href=\"https:\/\/www.leeb-balkone.com\/de\/\">Home<\/a><\/span><\/span><\/div>\n      \n    <h1>Weihnachtliche Balkongestaltung im Advent<\/h1>\n  <\/div>\n<\/div>\n  <\/section>\n\n\n\n\n\n\n<section class=\"wp-block-cgb-t3-section-block alignfull b-pt-small  is-style-bg-white\" style=\"display:inherit;min-height:inherit\">\n<div class=\"wp-block-cgb-t3-container-block none\" style=\"background-color:none\"><div class=\"grid-container\"><div class=\"grid-x\"><div class=\"cell small-12 medium-9 large-0 medium-offset-1 b-has-lsmb\">\n<p>In wenigen Tagen wird in \u00d6sterreich und im Rest der Welt der erste Advent gefeiert. Und das kann nur eines bedeuten: Weihnachten steht vor der T\u00fcr. Ab diesem Zeitpunkt bis zum Tag der Heiligen Drei K\u00f6nige wird das gesamte Heim in weihnachtlicher Dekoration geschm\u00fcckt: Ob Lichterketten, Girlanden, Tannenkr\u00e4nze oder dem allgegenw\u00e4rtigen Weihnachtsbaum \u2013 f\u00fcr das Zuhause gibt es zahlreiche M\u00f6glichkeiten, die besinnliche Zeit zu verbildlichen. Doch welche Dekorationsvarianten gibt es im Freien, abgesehen von Rentieren und Lichterketten am Dach?<\/p>\n<\/div><\/div><\/div><\/div>\n\n\n\n<div class=\"wp-block-cgb-t3-container-block none\" style=\"background-color:none\"><div class=\"grid-container\"><div class=\"grid-x\"><div class=\"cell small-12 medium-0 large-0\"><div id=\"lightgallery-block_ec0ef5f9c80809ecdc1a56fafd574b6d\" data-block_ec0ef5f9c80809ecdc1a56fafd574b6d class=\"has-1-imgs b-cards b-cards--gallery u-grid-temp has-1-cols u-md-2 u-sm-1 wp-block-group is-layout-grid wp-block-group-is-layout-grid gallery alignwide\">\n\n        <div class=\"b-cards__item\">\n\n        \n      <figure>\n                 <img loading=\"lazy\" decoding=\"async\" width=\"1536\" height=\"1151\" src=\"https:\/\/www.leeb-balkone.com\/app\/uploads\/2020\/10\/advent-am-balkon-1-1536x1151.jpg\" class=\"attachment-1536x1536 size-1536x1536\" alt=\"advent am balkon 1\" srcset=\"https:\/\/www.leeb-balkone.com\/app\/uploads\/2020\/10\/advent-am-balkon-1-1536x1151.jpg 1536w, https:\/\/www.leeb-balkone.com\/app\/uploads\/2020\/10\/advent-am-balkon-1-300x225.jpg 300w, https:\/\/www.leeb-balkone.com\/app\/uploads\/2020\/10\/advent-am-balkon-1-1024x768.jpg 1024w, https:\/\/www.leeb-balkone.com\/app\/uploads\/2020\/10\/advent-am-balkon-1-768x576.jpg 768w, https:\/\/www.leeb-balkone.com\/app\/uploads\/2020\/10\/advent-am-balkon-1-2048x1535.jpg 2048w\" sizes=\"auto, (min-width: 1200px) 100vw, (min-width: 1024px) 1536px, (min-width: 640px) 768px, 768px\" \/>              <\/figure>\n\n                  \n        <div class=\"caption\">\n                          <p>Besinnliche Adventzeit \u2013 weihnachtliche Gestaltungen f\u00fcr Balkon und Garten\n              <\/div>\n  \n<\/div>\n\n    <\/div>\n\n<\/div><\/div><\/div><\/div>\n\n\n\n<div class=\"wp-block-cgb-t3-container-block none\" style=\"background-color:none\"><div class=\"grid-container\"><div class=\"grid-x\"><div class=\"cell small-12 medium-9 large-0 medium-offset-1 b-has-lsmb\">\n<p>Auch der Balkon wirkt ohne die typischen Blumen und B\u00e4umchen im Winter meist eher kahl. Aber hier gibt es ebenfalls so einiges, womit man die weihnachtliche Stimmung nach au\u00dfen tragen kann. F\u00fcr alle, die ihren Balkon noch vor dem ersten Advent sinngem\u00e4\u00df gestalten m\u00f6chten, haben wir hier unsere liebsten Gestaltungstipps zusammengetragen:<\/p>\n\n\n\n<h2 class=\"wp-block-heading\">Die Schneerose \u2013 das bl\u00fchende Accessoire<\/h2>\n\n\n\n<p>Wer jetzt gedacht hat, die Winter-Deko im Freien besteht nur aus Tannenzweigen und Plastik-Schmuck, der liegt weit daneben. So manche Blume bl\u00fcht n\u00e4mlich auch \u00fcber die Weihnachtszeit. Das muss aber nicht immer unbedingt der Weihnachtsstern sein. Um etwas Abwechslung in die typischen Weihnachtsdekorationen zu bringen, empfiehlt sich die Schneerose, auch&nbsp; oder Weihnachtsrose genannt. Diese gedeiht \u00fcber die Advent- und Weihnachtszeit auch im Freien und kann beispielsweise im Fr\u00fchling in den Garten gesetzt werden. Ihre unterschiedlichen F\u00e4rbungen kann noch zus\u00e4tzliche Farbe ins Spiel bringen. Die Christrose gibt es in wei\u00df oder rosa, \u00fcber lila, bis hin zu dunkelrot.<\/p>\n\n\n\n<h2 class=\"wp-block-heading\">Advent, Advent, ein Lichtlein brennt<\/h2>\n\n\n\n<p>So mancher Dekoartikel l\u00e4sst sich aber auch ganz einfach vom Inneren der Wohnung auf den Balkon verlagern. So auch der typische Adventkranz. Hier kann der klassische, runde Tannenkranz mit vier farbigen Kerzen schon wahre Wunder wirken. Die flackernden Lichter gemeinsam mit dem sanften Gr\u00fcn und den individuellen Verzierungen ergeben ein sch\u00f6nes Bild. Und gemeinsam mit der Familie, dick in Winterkleidung eingeh\u00fcllt und mit einer Tasse Tee in der Hand lassen sich sogar bei Minusgraden die weihnachtlichen Feierlichkeiten genie\u00dfen.<\/p>\n\n\n\n<h2 class=\"wp-block-heading\">\u201cIch gehe mit meiner Laterne\u2026\u201c<\/h2>\n\n\n\n<p>Auch nach dem Martinstag sind Laternen der absolute Hingucker. Wer die Adventfeierlichkeiten n\u00e4mlich samt Kranz lieber im Warmen verbringen m\u00f6chte, hat abgesehen von stromfressenden Lichterketten nicht viel Auswahl bei der Gestaltung des Balkons. In einer kalten, verschneiten Winternacht gibt es jedoch kaum einen sch\u00f6neren Dekoartikel, als eine leicht flackernde Flamme. Damit diese auch f\u00fcr l\u00e4ngere Zeit erstrahlen kann ist eine sch\u00f6ne Laterne die Idealbesetzung.<\/p>\n\n\n\n<p>Bildnachweis: Getty Images<\/p>\n<\/div><\/div><\/div><\/div>\n\n\n\n<p><\/p>\n<\/section>\n","protected":false},"excerpt":{"rendered":"<p>Advent, Advent. Ob Lichterketten, Girlanden, Tannenkr\u00e4nze oder Adventkranz \u2013 f\u00fcr das Zuhause gibt es zahlreiche M\u00f6glichkeiten, die besinnliche Zeit zu verbildlichen. Doch welche Dekorationsvarianten gibt es im Freien, abgesehen von Rentieren und Lichterketten am Dach?<\/p>\n","protected":false},"author":3,"featured_media":9450,"comment_status":"closed","ping_status":"open","sticky":false,"template":"template-onepager.blade.php","format":"standard","meta":{"_acf_changed":false,"footnotes":""},"categories":[54,57,58,65],"tags":[],"post_folder":[],"class_list":["post-9542","post","type-post","status-publish","format-standard","has-post-thumbnail","hentry","category-balkongestaltung","category-ideen-zum-selbermachen","category-tipps-zur-balkongestaltung","category-weihnachtszeit"],"acf":[],"yoast_head":"<!-- This site is optimized with the Yoast SEO plugin v27.2 - https:\/\/yoast.com\/product\/yoast-seo-wordpress\/ -->\n<title>Weihnachtliche Balkongestaltung im Advent - Leeb Balkone Deutschland<\/title>\n<meta name=\"description\" content=\"Advent, Advent. Ob Lichterketten, Girlanden, Tannenkr\u00e4nze oder Adventkranz \u2013 f\u00fcr das Zuhause gibt es zahlreiche M\u00f6glichkeiten, die besinnliche Zeit zu verbildlichen. Doch welche Dekorationsvarianten gibt es im Freien, abgesehen von Rentieren und Lichterketten am Dach?\" \/>\n<meta name=\"robots\" content=\"index, follow, max-snippet:-1, max-image-preview:large, max-video-preview:-1\" \/>\n<meta property=\"og:locale\" content=\"de_DE\" \/>\n<meta property=\"og:type\" content=\"article\" \/>\n<meta property=\"og:title\" content=\"Weihnachtliche Balkongestaltung im Advent - Leeb Balkone\" \/>\n<meta property=\"og:description\" content=\"Advent, Advent. Ob Lichterketten, Girlanden, Tannenkr\u00e4nze oder Adventkranz \u2013 f\u00fcr das Zuhause gibt es zahlreiche M\u00f6glichkeiten, die besinnliche Zeit zu verbildlichen. Doch welche Dekorationsvarianten gibt es im Freien, abgesehen von Rentieren und Lichterketten am Dach?\" \/>\n<meta property=\"og:url\" content=\"https:\/\/www.leeb-balkone.com\/de\/blog\/weihnachtliche-balkongestaltung-im-advent\/\" \/>\n<meta property=\"og:site_name\" content=\"Leeb Balkone\" \/>\n<meta property=\"article:publisher\" content=\"https:\/\/www.facebook.com\/balkone\/\" \/>\n<meta property=\"article:published_time\" content=\"2016-11-17T08:37:19+00:00\" \/>\n<meta property=\"article:modified_time\" content=\"2025-06-02T16:07:31+00:00\" \/>\n<meta property=\"og:image\" content=\"https:\/\/www.leeb-balkone.com\/app\/uploads\/2020\/10\/advent-am-balkon-1-scaled.jpg\" \/>\n\t<meta property=\"og:image:width\" content=\"2560\" \/>\n\t<meta property=\"og:image:height\" content=\"1919\" \/>\n\t<meta property=\"og:image:type\" content=\"image\/jpeg\" \/>\n<meta name=\"author\" content=\"jbacher\" \/>\n<meta name=\"twitter:card\" content=\"summary_large_image\" \/>\n<script type=\"application\/ld+json\" class=\"yoast-schema-graph\">{\"@context\":\"https:\/\/schema.org\",\"@graph\":[{\"@type\":\"Article\",\"@id\":\"https:\/\/www.leeb-balkone.com\/de\/blog\/weihnachtliche-balkongestaltung-im-advent\/#article\",\"isPartOf\":{\"@id\":\"https:\/\/www.leeb-balkone.com\/de\/blog\/weihnachtliche-balkongestaltung-im-advent\/\"},\"author\":{\"name\":\"jbacher\",\"@id\":\"https:\/\/www.leeb-balkone.com\/de\/#\/schema\/person\/15f1f398efcf4703721e46c2136421fa\"},\"headline\":\"Weihnachtliche Balkongestaltung im Advent\",\"datePublished\":\"2016-11-17T08:37:19+00:00\",\"dateModified\":\"2025-06-02T16:07:31+00:00\",\"mainEntityOfPage\":{\"@id\":\"https:\/\/www.leeb-balkone.com\/de\/blog\/weihnachtliche-balkongestaltung-im-advent\/\"},\"wordCount\":419,\"publisher\":{\"@id\":\"https:\/\/www.leeb-balkone.com\/de\/#organization\"},\"image\":{\"@id\":\"https:\/\/www.leeb-balkone.com\/de\/blog\/weihnachtliche-balkongestaltung-im-advent\/#primaryimage\"},\"thumbnailUrl\":\"https:\/\/www.leeb-balkone.com\/app\/uploads\/2020\/10\/advent-am-balkon-1-scaled.jpg\",\"articleSection\":[\"Balkongestaltung\",\"Ideen zum Selbermachen\",\"Tipps zur Balkongestaltung\",\"Weihnachtszeit\"],\"inLanguage\":\"de\"},{\"@type\":\"WebPage\",\"@id\":\"https:\/\/www.leeb-balkone.com\/de\/blog\/weihnachtliche-balkongestaltung-im-advent\/\",\"url\":\"https:\/\/www.leeb-balkone.com\/de\/blog\/weihnachtliche-balkongestaltung-im-advent\/\",\"name\":\"Weihnachtliche Balkongestaltung im Advent - Leeb Balkone\",\"isPartOf\":{\"@id\":\"https:\/\/www.leeb-balkone.com\/de\/#website\"},\"primaryImageOfPage\":{\"@id\":\"https:\/\/www.leeb-balkone.com\/de\/blog\/weihnachtliche-balkongestaltung-im-advent\/#primaryimage\"},\"image\":{\"@id\":\"https:\/\/www.leeb-balkone.com\/de\/blog\/weihnachtliche-balkongestaltung-im-advent\/#primaryimage\"},\"thumbnailUrl\":\"https:\/\/www.leeb-balkone.com\/app\/uploads\/2020\/10\/advent-am-balkon-1-scaled.jpg\",\"datePublished\":\"2016-11-17T08:37:19+00:00\",\"dateModified\":\"2025-06-02T16:07:31+00:00\",\"description\":\"Advent, Advent. Ob Lichterketten, Girlanden, Tannenkr\u00e4nze oder Adventkranz \u2013 f\u00fcr das Zuhause gibt es zahlreiche M\u00f6glichkeiten, die besinnliche Zeit zu verbildlichen. Doch welche Dekorationsvarianten gibt es im Freien, abgesehen von Rentieren und Lichterketten am Dach?\",\"breadcrumb\":{\"@id\":\"https:\/\/www.leeb-balkone.com\/de\/blog\/weihnachtliche-balkongestaltung-im-advent\/#breadcrumb\"},\"inLanguage\":\"de\",\"potentialAction\":[{\"@type\":\"ReadAction\",\"target\":[\"https:\/\/www.leeb-balkone.com\/de\/blog\/weihnachtliche-balkongestaltung-im-advent\/\"]}]},{\"@type\":\"ImageObject\",\"inLanguage\":\"de\",\"@id\":\"https:\/\/www.leeb-balkone.com\/de\/blog\/weihnachtliche-balkongestaltung-im-advent\/#primaryimage\",\"url\":\"https:\/\/www.leeb-balkone.com\/app\/uploads\/2020\/10\/advent-am-balkon-1-scaled.jpg\",\"contentUrl\":\"https:\/\/www.leeb-balkone.com\/app\/uploads\/2020\/10\/advent-am-balkon-1-scaled.jpg\",\"width\":2560,\"height\":1919,\"caption\":\"Besinnliche Adventzeit \u2013 weihnachtliche Gestaltungen f\u00fcr Balkon und Garten\"},{\"@type\":\"BreadcrumbList\",\"@id\":\"https:\/\/www.leeb-balkone.com\/de\/blog\/weihnachtliche-balkongestaltung-im-advent\/#breadcrumb\",\"itemListElement\":[{\"@type\":\"ListItem\",\"position\":1,\"name\":\"Home\",\"item\":\"https:\/\/www.leeb-balkone.com\/de\/\"},{\"@type\":\"ListItem\",\"position\":2,\"name\":\"Weihnachtliche Balkongestaltung im Advent\"}]},{\"@type\":\"WebSite\",\"@id\":\"https:\/\/www.leeb-balkone.com\/de\/#website\",\"url\":\"https:\/\/www.leeb-balkone.com\/de\/\",\"name\":\"Leeb Balkone\",\"description\":\"Balkone und Z\u00e4une\",\"publisher\":{\"@id\":\"https:\/\/www.leeb-balkone.com\/de\/#organization\"},\"potentialAction\":[{\"@type\":\"SearchAction\",\"target\":{\"@type\":\"EntryPoint\",\"urlTemplate\":\"https:\/\/www.leeb-balkone.com\/de\/?s={search_term_string}\"},\"query-input\":{\"@type\":\"PropertyValueSpecification\",\"valueRequired\":true,\"valueName\":\"search_term_string\"}}],\"inLanguage\":\"de\"},{\"@type\":\"Organization\",\"@id\":\"https:\/\/www.leeb-balkone.com\/de\/#organization\",\"name\":\"Leeb Balkone Gmbh\",\"url\":\"https:\/\/www.leeb-balkone.com\/de\/\",\"logo\":{\"@type\":\"ImageObject\",\"inLanguage\":\"de\",\"@id\":\"https:\/\/www.leeb-balkone.com\/de\/#\/schema\/logo\/image\/\",\"url\":\"https:\/\/www.leeb-balkone.com\/app\/uploads\/2020\/11\/leeb-logo.svg\",\"contentUrl\":\"https:\/\/www.leeb-balkone.com\/app\/uploads\/2020\/11\/leeb-logo.svg\",\"width\":741,\"height\":204,\"caption\":\"Leeb Balkone Gmbh\"},\"image\":{\"@id\":\"https:\/\/www.leeb-balkone.com\/de\/#\/schema\/logo\/image\/\"},\"sameAs\":[\"https:\/\/www.facebook.com\/balkone\/\",\"https:\/\/www.trustedshops.at\/bewertung\/info_X4587CCF5833E31AFE0B11F47D86999F2.html\",\"https:\/\/www.trustedshops.de\/bewertung\/info_X7BA536A7A0BDC86D36C4718E4DCAEEEF.html\",\"https:\/\/www.google.com\/maps\/place\/?q=place_id:ChIJ5-zH19-IcEcR9HonWRTllHI\"]},{\"@type\":\"Person\",\"@id\":\"https:\/\/www.leeb-balkone.com\/de\/#\/schema\/person\/15f1f398efcf4703721e46c2136421fa\",\"name\":\"jbacher\"}]}<\/script>\n<!-- \/ Yoast SEO plugin. -->","yoast_head_json":{"title":"Weihnachtliche Balkongestaltung im Advent - Leeb Balkone Deutschland","description":"Advent, Advent. Ob Lichterketten, Girlanden, Tannenkr\u00e4nze oder Adventkranz \u2013 f\u00fcr das Zuhause gibt es zahlreiche M\u00f6glichkeiten, die besinnliche Zeit zu verbildlichen. Doch welche Dekorationsvarianten gibt es im Freien, abgesehen von Rentieren und Lichterketten am Dach?","robots":{"index":"index","follow":"follow","max-snippet":"max-snippet:-1","max-image-preview":"max-image-preview:large","max-video-preview":"max-video-preview:-1"},"og_locale":"de_DE","og_type":"article","og_title":"Weihnachtliche Balkongestaltung im Advent - Leeb Balkone","og_description":"Advent, Advent. Ob Lichterketten, Girlanden, Tannenkr\u00e4nze oder Adventkranz \u2013 f\u00fcr das Zuhause gibt es zahlreiche M\u00f6glichkeiten, die besinnliche Zeit zu verbildlichen. Doch welche Dekorationsvarianten gibt es im Freien, abgesehen von Rentieren und Lichterketten am Dach?","og_url":"https:\/\/www.leeb-balkone.com\/de\/blog\/weihnachtliche-balkongestaltung-im-advent\/","og_site_name":"Leeb Balkone","article_publisher":"https:\/\/www.facebook.com\/balkone\/","article_published_time":"2016-11-17T08:37:19+00:00","article_modified_time":"2025-06-02T16:07:31+00:00","og_image":[{"width":2560,"height":1919,"url":"https:\/\/www.leeb-balkone.com\/app\/uploads\/2020\/10\/advent-am-balkon-1-scaled.jpg","type":"image\/jpeg"}],"author":"jbacher","twitter_card":"summary_large_image","schema":{"@context":"https:\/\/schema.org","@graph":[{"@type":"Article","@id":"https:\/\/www.leeb-balkone.com\/de\/blog\/weihnachtliche-balkongestaltung-im-advent\/#article","isPartOf":{"@id":"https:\/\/www.leeb-balkone.com\/de\/blog\/weihnachtliche-balkongestaltung-im-advent\/"},"author":{"name":"jbacher","@id":"https:\/\/www.leeb-balkone.com\/de\/#\/schema\/person\/15f1f398efcf4703721e46c2136421fa"},"headline":"Weihnachtliche Balkongestaltung im Advent","datePublished":"2016-11-17T08:37:19+00:00","dateModified":"2025-06-02T16:07:31+00:00","mainEntityOfPage":{"@id":"https:\/\/www.leeb-balkone.com\/de\/blog\/weihnachtliche-balkongestaltung-im-advent\/"},"wordCount":419,"publisher":{"@id":"https:\/\/www.leeb-balkone.com\/de\/#organization"},"image":{"@id":"https:\/\/www.leeb-balkone.com\/de\/blog\/weihnachtliche-balkongestaltung-im-advent\/#primaryimage"},"thumbnailUrl":"https:\/\/www.leeb-balkone.com\/app\/uploads\/2020\/10\/advent-am-balkon-1-scaled.jpg","articleSection":["Balkongestaltung","Ideen zum Selbermachen","Tipps zur Balkongestaltung","Weihnachtszeit"],"inLanguage":"de"},{"@type":"WebPage","@id":"https:\/\/www.leeb-balkone.com\/de\/blog\/weihnachtliche-balkongestaltung-im-advent\/","url":"https:\/\/www.leeb-balkone.com\/de\/blog\/weihnachtliche-balkongestaltung-im-advent\/","name":"Weihnachtliche Balkongestaltung im Advent - Leeb Balkone","isPartOf":{"@id":"https:\/\/www.leeb-balkone.com\/de\/#website"},"primaryImageOfPage":{"@id":"https:\/\/www.leeb-balkone.com\/de\/blog\/weihnachtliche-balkongestaltung-im-advent\/#primaryimage"},"image":{"@id":"https:\/\/www.leeb-balkone.com\/de\/blog\/weihnachtliche-balkongestaltung-im-advent\/#primaryimage"},"thumbnailUrl":"https:\/\/www.leeb-balkone.com\/app\/uploads\/2020\/10\/advent-am-balkon-1-scaled.jpg","datePublished":"2016-11-17T08:37:19+00:00","dateModified":"2025-06-02T16:07:31+00:00","description":"Advent, Advent. Ob Lichterketten, Girlanden, Tannenkr\u00e4nze oder Adventkranz \u2013 f\u00fcr das Zuhause gibt es zahlreiche M\u00f6glichkeiten, die besinnliche Zeit zu verbildlichen. Doch welche Dekorationsvarianten gibt es im Freien, abgesehen von Rentieren und Lichterketten am Dach?","breadcrumb":{"@id":"https:\/\/www.leeb-balkone.com\/de\/blog\/weihnachtliche-balkongestaltung-im-advent\/#breadcrumb"},"inLanguage":"de","potentialAction":[{"@type":"ReadAction","target":["https:\/\/www.leeb-balkone.com\/de\/blog\/weihnachtliche-balkongestaltung-im-advent\/"]}]},{"@type":"ImageObject","inLanguage":"de","@id":"https:\/\/www.leeb-balkone.com\/de\/blog\/weihnachtliche-balkongestaltung-im-advent\/#primaryimage","url":"https:\/\/www.leeb-balkone.com\/app\/uploads\/2020\/10\/advent-am-balkon-1-scaled.jpg","contentUrl":"https:\/\/www.leeb-balkone.com\/app\/uploads\/2020\/10\/advent-am-balkon-1-scaled.jpg","width":2560,"height":1919,"caption":"Besinnliche Adventzeit \u2013 weihnachtliche Gestaltungen f\u00fcr Balkon und Garten"},{"@type":"BreadcrumbList","@id":"https:\/\/www.leeb-balkone.com\/de\/blog\/weihnachtliche-balkongestaltung-im-advent\/#breadcrumb","itemListElement":[{"@type":"ListItem","position":1,"name":"Home","item":"https:\/\/www.leeb-balkone.com\/de\/"},{"@type":"ListItem","position":2,"name":"Weihnachtliche Balkongestaltung im Advent"}]},{"@type":"WebSite","@id":"https:\/\/www.leeb-balkone.com\/de\/#website","url":"https:\/\/www.leeb-balkone.com\/de\/","name":"Leeb Balkone","description":"Balkone und Z\u00e4une","publisher":{"@id":"https:\/\/www.leeb-balkone.com\/de\/#organization"},"potentialAction":[{"@type":"SearchAction","target":{"@type":"EntryPoint","urlTemplate":"https:\/\/www.leeb-balkone.com\/de\/?s={search_term_string}"},"query-input":{"@type":"PropertyValueSpecification","valueRequired":true,"valueName":"search_term_string"}}],"inLanguage":"de"},{"@type":"Organization","@id":"https:\/\/www.leeb-balkone.com\/de\/#organization","name":"Leeb Balkone Gmbh","url":"https:\/\/www.leeb-balkone.com\/de\/","logo":{"@type":"ImageObject","inLanguage":"de","@id":"https:\/\/www.leeb-balkone.com\/de\/#\/schema\/logo\/image\/","url":"https:\/\/www.leeb-balkone.com\/app\/uploads\/2020\/11\/leeb-logo.svg","contentUrl":"https:\/\/www.leeb-balkone.com\/app\/uploads\/2020\/11\/leeb-logo.svg","width":741,"height":204,"caption":"Leeb Balkone Gmbh"},"image":{"@id":"https:\/\/www.leeb-balkone.com\/de\/#\/schema\/logo\/image\/"},"sameAs":["https:\/\/www.facebook.com\/balkone\/","https:\/\/www.trustedshops.at\/bewertung\/info_X4587CCF5833E31AFE0B11F47D86999F2.html","https:\/\/www.trustedshops.de\/bewertung\/info_X7BA536A7A0BDC86D36C4718E4DCAEEEF.html","https:\/\/www.google.com\/maps\/place\/?q=place_id:ChIJ5-zH19-IcEcR9HonWRTllHI"]},{"@type":"Person","@id":"https:\/\/www.leeb-balkone.com\/de\/#\/schema\/person\/15f1f398efcf4703721e46c2136421fa","name":"jbacher"}]}},"_links":{"self":[{"href":"https:\/\/www.leeb-balkone.com\/de\/wp-json\/wp\/v2\/posts\/9542","targetHints":{"allow":["GET"]}}],"collection":[{"href":"https:\/\/www.leeb-balkone.com\/de\/wp-json\/wp\/v2\/posts"}],"about":[{"href":"https:\/\/www.leeb-balkone.com\/de\/wp-json\/wp\/v2\/types\/post"}],"author":[{"embeddable":true,"href":"https:\/\/www.leeb-balkone.com\/de\/wp-json\/wp\/v2\/users\/3"}],"replies":[{"embeddable":true,"href":"https:\/\/www.leeb-balkone.com\/de\/wp-json\/wp\/v2\/comments?post=9542"}],"version-history":[{"count":1,"href":"https:\/\/www.leeb-balkone.com\/de\/wp-json\/wp\/v2\/posts\/9542\/revisions"}],"predecessor-version":[{"id":147520,"href":"https:\/\/www.leeb-balkone.com\/de\/wp-json\/wp\/v2\/posts\/9542\/revisions\/147520"}],"wp:featuredmedia":[{"embeddable":true,"href":"https:\/\/www.leeb-balkone.com\/de\/wp-json\/wp\/v2\/media\/9450"}],"wp:attachment":[{"href":"https:\/\/www.leeb-balkone.com\/de\/wp-json\/wp\/v2\/media?parent=9542"}],"wp:term":[{"taxonomy":"category","embeddable":true,"href":"https:\/\/www.leeb-balkone.com\/de\/wp-json\/wp\/v2\/categories?post=9542"},{"taxonomy":"post_tag","embeddable":true,"href":"https:\/\/www.leeb-balkone.com\/de\/wp-json\/wp\/v2\/tags?post=9542"},{"taxonomy":"post_folder","embeddable":true,"href":"https:\/\/www.leeb-balkone.com\/de\/wp-json\/wp\/v2\/post_folder?post=9542"}],"curies":[{"name":"wp","href":"https:\/\/api.w.org\/{rel}","templated":true}]}}