{"id":9430,"date":"2016-05-17T07:01:46","date_gmt":"2016-05-17T07:01:46","guid":{"rendered":"https:\/\/www.leeb-balkone.com\/de\/blog\/postdummy-2-2-3-2-2-2-5-3\/"},"modified":"2023-01-15T23:45:41","modified_gmt":"2023-01-15T23:45:41","slug":"kraeutergarten-auf-dem-balkon","status":"publish","type":"post","link":"https:\/\/www.leeb-balkone.com\/de\/blog\/kraeutergarten-auf-dem-balkon\/","title":{"rendered":"Kr\u00e4utergarten auf dem Balkon"},"content":{"rendered":"<header data-block_5f72d84b7ebd9 class=\"c-fh  l-mh-small c-fh--hero c-grad-l2r c-fh--div none\">\n      <img loading=\"lazy\" decoding=\"async\" width=\"1352\" height=\"1034\" src=\"https:\/\/www.leeb-balkone.com\/app\/uploads\/2020\/10\/kraeutergarten-auf-balkon-2-1-1.jpg\" class=\"no-lazy\" alt=\"gartenliebe\" srcset=\"https:\/\/www.leeb-balkone.com\/app\/uploads\/2020\/10\/kraeutergarten-auf-balkon-2-1-1.jpg 1352w, https:\/\/www.leeb-balkone.com\/app\/uploads\/2020\/10\/kraeutergarten-auf-balkon-2-1-1-300x229.jpg 300w, https:\/\/www.leeb-balkone.com\/app\/uploads\/2020\/10\/kraeutergarten-auf-balkon-2-1-1-1024x783.jpg 1024w, https:\/\/www.leeb-balkone.com\/app\/uploads\/2020\/10\/kraeutergarten-auf-balkon-2-1-1-768x587.jpg 768w\" sizes=\"auto, (min-width: 1536px) 2048px, (min-width: 992px) 1536px, (min-width: 768px) 1024px, (min-width: 576px) 768px, 100vw\" \/>\n\n\n<div class=\"grid-container\">\n  <div class=\"grid-x\">\n    <div class=\"cell small-12 medium-6 medium-offset-1\">\n      <div class=\"c-fh__wrapper\">\n              <\/div>\n    <\/div>\n  <\/div>\n<\/div>\n  \n    \n    <\/header>\n\n\n  \n  <section class=\"wp-block-group alignfull t3-header u-max-wide t3-header-text has-white-background-color has-background has-global-padding is-layout-constrained wp-block-group-is-layout-constrained\">\n    <div class=\"wp-block-group o-grid u-md-1 u-sm-1 is-layout-flow wp-block-group-is-layout-flow\">\n  <div class=\"wp-block-group u-g-10 u-g-s-2\">\n      <div class=\"yoast-breadcrumbs\"><span><span><a href=\"https:\/\/www.leeb-balkone.com\/de\/\">Home<\/a><\/span><\/span><\/div>\n      \n    <h1>Kr\u00e4utergarten auf dem Balkon<\/h1>\n  <\/div>\n<\/div>\n  <\/section>\n\n\n\n\n\n\n<section class=\"wp-block-cgb-t3-section-block alignfull b-pt-small  is-style-bg-white\" style=\"display:inherit;min-height:inherit\">\n<div class=\"wp-block-cgb-t3-container-block none\" style=\"background-color:none\"><div class=\"grid-container\"><div class=\"grid-x\"><div class=\"cell small-12 medium-9 large-0 medium-offset-1 b-has-lsmb\">\n<p>Kr\u00e4uter in allen denkbaren Formen und aromatischen Richtungen sind f\u00fcr die moderne wie auch f\u00fcr die traditionelle K\u00fcche von besonderer Bedeutung. Sie geben den k\u00f6stlichsten Gerichten den letzten Schliff und sind als gesundheitsbewusstes W\u00fcrzmittel unverzichtbar. Wer k\u00f6nnte beispielsweise eine k\u00f6stliche Pasta zubereiten, ohne Oregano, Thymian oder Basilikum in das Rezept einzubeziehen?<\/p>\n<\/div><\/div><\/div><\/div>\n\n\n\n<div class=\"wp-block-cgb-t3-container-block none\" style=\"background-color:none\"><div class=\"grid-container\"><div class=\"grid-x\"><div class=\"cell small-12 medium-0 large-0\"><div id=\"lightgallery-block_5f771b5312a95\" data-block_5f771b5312a95 class=\"has-1-imgs b-cards b-cards--gallery u-grid-temp has-1-cols u-md-2 u-sm-1 wp-block-group is-layout-grid wp-block-group-is-layout-grid gallery alignwide\">\n\n        <div class=\"b-cards__item\">\n\n        \n      <figure>\n                 <img loading=\"lazy\" decoding=\"async\" width=\"1352\" height=\"1034\" src=\"https:\/\/www.leeb-balkone.com\/app\/uploads\/2020\/10\/kraeutergarten-auf-balkon-2-1-1.jpg\" class=\"attachment-1536x1536 size-1536x1536\" alt=\"kraeutergarten auf balkon 2 1 1\" srcset=\"https:\/\/www.leeb-balkone.com\/app\/uploads\/2020\/10\/kraeutergarten-auf-balkon-2-1-1.jpg 1352w, https:\/\/www.leeb-balkone.com\/app\/uploads\/2020\/10\/kraeutergarten-auf-balkon-2-1-1-300x229.jpg 300w, https:\/\/www.leeb-balkone.com\/app\/uploads\/2020\/10\/kraeutergarten-auf-balkon-2-1-1-1024x783.jpg 1024w, https:\/\/www.leeb-balkone.com\/app\/uploads\/2020\/10\/kraeutergarten-auf-balkon-2-1-1-768x587.jpg 768w\" sizes=\"auto, (min-width: 1200px) 100vw, (min-width: 1024px) 1536px, (min-width: 640px) 768px, 768px\" \/>              <\/figure>\n\n                  \n        <div class=\"caption\">\n                          <p>Kr\u00e4utergarten anlegen auf dem Balkon \u2013 K\u00fcchenkr\u00e4uter selber ziehen!\n              <\/div>\n  \n<\/div>\n\n    <\/div>\n\n<\/div><\/div><\/div><\/div>\n\n\n\n<div class=\"wp-block-cgb-t3-container-block none\" style=\"background-color:none\"><div class=\"grid-container\"><div class=\"grid-x\"><div class=\"cell small-12 medium-9 large-0 medium-offset-1 b-has-lsmb\">\n<p>Und auch die klassische deutsche K\u00fcche, kennt sich mit dem Gebrauch diverser K\u00fcchenkr\u00e4uter bestens aus. Doch nicht nur im Kochtopf oder auf einem frischen Sonntagsbr\u00f6tchen k\u00f6nnen die verschiedenen Kr\u00e4uter landen. Gerade auch in Tees oder selbst hergestellten Dufts\u00e4ckchen wissen Kr\u00e4uter aller Art zu bezaubern. Wer allerdings seine Kr\u00e4uter stets frisch im Supermarkt kaufen m\u00f6chte, der sollte bedenken, dass dies nach und nach geh\u00f6rig ins Geld gehen kann. Angesichts der Tatsache, dass Kr\u00e4uter sich kinderleicht auch zu Hause ziehen lassen und hierf\u00fcr nicht einmal ein besonders gr\u00fcner Daumen ben\u00f6tigt wird, \u00fcberrascht es nicht, dass heimische Kr\u00e4uterg\u00e4rten und Kr\u00e4uterzuchten ganz besonders gro\u00df im Kommen sind. Hierf\u00fcr wird nicht einmal ein kompletter Garten ben\u00f6tigt, sondern auch ein Balkon ist bestens geeignet, um Kr\u00e4uter auszus\u00e4en und anschlie\u00dfend das ganze Jahr \u00fcber zu ernten. Die besten Hinweise und Tipps rund um den eigenen Kr\u00e4utergarten auf dem Balkon liefert der nachfolgende Ratgeber.<\/p>\n\n\n\n<h2 class=\"wp-block-heading\">Welche Kr\u00e4uter zu welcher Jahreszeit?<\/h2>\n\n\n\n<p>Um mit etwas Basiswissen zu beginnen, sollten Kr\u00e4uterfreunde, die einen eigenen Kr\u00e4utergarten auf dem Balkon anlegen wollen, zun\u00e4chst einmal dar\u00fcber nachdenken, welche Kr\u00e4uter ihnen besonders am Herzen liegen. Immerhin entwickeln alle Pflanzen jeweils voneinander unabh\u00e4ngige Pflegebed\u00fcrfnisse und auch die Zeiten, in denen die Samen ausges\u00e4t werden sollten, variieren von Pflanze zu Pflanze. Damit das Projekt Kr\u00e4utergarten auf dem Balkon demnach nicht bereits zu Beginn zum Scheitern verurteilt ist, sollten derartige Fragen schon im Voraus gekl\u00e4rt werden. Die Samen f\u00fcr den eigenen Kr\u00e4utergarten lassen sich \u00fcbrigens in jedem Supermarkt oder auch in Drogerien und bei Fachh\u00e4ndlern erwerben. Generell besteht auch die M\u00f6glichkeit sich kleine, bereits vorgezogene Pflanzen zu kaufen und diese dann auf dem Balkon umzutopfen. Diese letztgenannte M\u00f6glichkeit wird im Optimalfall allerdings nur empfohlen, wenn die Pflanzen von einem Fachh\u00e4ndler stammen. Kleine Kr\u00e4utert\u00f6pfe, wie sie beispielsweise im Supermarkt zu ergattern sind, beinhalten meist nur Pflanzen, die unter extrem positiven Bedingungen in einem Gew\u00e4chshaus gezogen wurden. Diese Pflanzen \u201eauszuwildern\u201c erweist sich meist als schwierig und nicht selten gehen die verschiedenen Exemplare schneller ein, als es den Kr\u00e4uterfreunden lieb ist.<\/p>\n\n\n\n<h3 class=\"wp-block-heading\">In Punkto Saatzeiten<\/h3>\n\n\n\n<p>Um in Punkto Saatzeit etwas Abhilfe zu schaffen, soll ein kurzer Blick auf die empfohlenen Zeiten f\u00fcr einige der beliebtesten K\u00fcchenkr\u00e4uter gew\u00e4hrt werden:<\/p>\n\n\n\n<ul class=\"wp-block-list\"><li>Basilikum: wird ab M\u00e4rz vorgezogen<\/li><li>Oregano: ab Ende April im Freien<\/li><li>Thymian: April bis Juni<\/li><li>Rosmarin: M\u00e4rz bis April<\/li><li>Schnittlauch: Februar-M\u00e4rz<\/li><li>Petersilie: Oktober bis Mai<\/li><li>Dill: April bis Mai<\/li><\/ul>\n\n\n\n<p>Neben der optimalen Aussaat sollte bei Kr\u00e4utern au\u00dferdem noch der Anspruch an den jeweiligen Standort ber\u00fccksichtigt werden. Einige Kr\u00e4uter lieben sonnige Pl\u00e4tze, wohingegen andere lieber etwas schattiger stehen. Dasselbe gilt f\u00fcr die Anspr\u00fcche gegen\u00fcber dem Boden \u2013 von feucht bis trocken oder gar sandig ist bei Kr\u00e4utern generell jede Art von Vorliebe existent.Nicht nur im Garten, sondern auch auf dem Balkon gibt es verschiedene M\u00f6glichkeiten ein Kr\u00e4uterbeet richtig und optimal anzulegen. Hierbei spielen verschiedene Faktoren eine entscheidende Rolle. So sind es auf dem Balkon vor allem die Platzverh\u00e4ltnisse die ber\u00fccksichtigt werden m\u00fcssen. Viele Gartenbesitzer beispielsweise sind in den letzten Jahren dazu \u00fcbergegangen eine optisch eindrucksvolle Kr\u00e4uterschnecke in ihrem Garten anzulegen. Eine solche Kr\u00e4uterschnecke wird auch h\u00e4ufig als Kr\u00e4uterspirale bezeichnet. Es handelt sich hierbei um ein sogenanntes dreidimensionales Beet, da sich nicht alle Pflanzbereiche auf einer Ebene befinden, sondern die verschiedenen Kr\u00e4uter auf unterschiedlichen H\u00f6hen positioniert sind. Klassischerweise m\u00fcndet das untere Ende der Kr\u00e4uterspirale in einer Wasserkuhle oder einem Teich. Die klimatischen Verh\u00e4ltnisse sowie die Anspr\u00fcche der einzelnen Kr\u00e4uter an den Boden ihres Standorts werden auf diese Weise optimal ber\u00fccksichtigt, da der Boden am Anfang der Spirale feuchter ist als in den oberen Etagen, wo wiederum eine h\u00f6here Sonneneinstrahlung festzustellen ist. Dar\u00fcber hinaus wissen auch die optischen Eigenschaften einer Kr\u00e4uterschnecke oder \u2013Spirale zu \u00fcberzeugen.<\/p>\n\n\n\n<h3 class=\"wp-block-heading\">Exkurs: Die Kr\u00e4uterschnecke auf dem Balkon<\/h3>\n\n\n\n<p>Da es sich bei einer klassischen Kr\u00e4uterschnecke um eine steinerne Anlage handelt, die durchaus einen gewissen Platz in Anspruch nimmt, m\u00fcssen die Verh\u00e4ltnisse auf die Platzbegebenheiten eines Balkons angepasst werden. Je kleiner hierbei der Balkon ist, umso schwieriger wird es eine Kr\u00e4uterschnecke auf dem Balkon angemessen integrieren zu k\u00f6nnen. Die einfachste M\u00f6glichkeit, die allerdings nicht nur mit dem h\u00f6chsten Preis, sondern auch mit der geringsten Flexibilit\u00e4t einhergeht, ist der Kauf einer klassischen und bereits fertigen Kr\u00e4uterschnecke oder \u2013Spirale beim Fachh\u00e4ndler oder im Baumarkt.<\/p>\n\n\n\n<h3 class=\"wp-block-heading\">Kr\u00e4uterschnecke selbst anfertigen<\/h3>\n\n\n\n<p>Daneben gibt es allerdings auch die Option, eine Kr\u00e4uterschnecke f\u00fcr den Balkon selbst anzufertigen. Alle Materialien, die hierf\u00fcr ben\u00f6tigt werden, lassen sich in einem klassischen Baumarkt f\u00fcr wenig Geld erstehen, interessierte Kr\u00e4uterfreunde ben\u00f6tigen lediglich etwas handwerkliches Geschick, um die Bauanleitung umzusetzen. Eine stabile Kunststoffunterlage wird ben\u00f6tigt, kleinere L\u00f6cher sollten als potentieller Wasserablauf in dieser vorhanden sein. Kr\u00e4uterpflanzen vertragen in der Regel keine Staun\u00e4sse und dementsprechend muss unbedingt sichergestellt werden, dass \u00fcbersch\u00fcssiges Gie\u00dfwasser regelm\u00e4\u00dfig abflie\u00dfen kann. An den R\u00e4ndern sollte die Kunststoffunterlage hochgebogen sein, da die Schale anschlie\u00dfend gef\u00fcllt wird. Eine Schicht Kies, ein Unkrautvlies sowie eine Schicht Sand bilden die Basis f\u00fcr die Kr\u00e4uterschnecke auf dem eigenen Balkon. Mithilfe von&nbsp; Natursteinen werden die Ebenen in die H\u00f6he gestaltet. Dies birgt nicht nur bautechnische Vorteile, sondern kann au\u00dferdem einen eindrucksvollen optischen Eindruck mit sich bringen. Anschlie\u00dfend kommt Erde auf die Fl\u00e4chen, in die dann wiederum die Kr\u00e4uter einges\u00e4t oder gepflanzt werden k\u00f6nnen. F\u00fcr Kr\u00e4uterfreunde gilt die Pr\u00e4misse, dass einige Kr\u00e4uter deutlich mehr Platz f\u00fcr ein angenehmes Wachstum ben\u00f6tigen als andere. Je kleiner der Balkon bzw. die Kr\u00e4uterschnecke ausf\u00e4llt, umso weniger Kr\u00e4uter sollten dementsprechend gepflanzt werden.<\/p>\n\n\n\n<h3 class=\"wp-block-heading\">F\u00fcr jedes Pfl\u00e4nzchen ein T\u00f6pfchen<\/h3>\n\n\n\n<p>Selbstverst\u00e4ndlich ist es keine Pflicht eine Kr\u00e4uterschnecke auf dem eigenen Balkon zu installieren und auch mit einzelnen Kr\u00e4utern in kleinen Blument\u00f6pfen lassen sich aromatische Erlebnisse sowie optische Highlights ernten. Wer seine Kr\u00e4uter im Topf auf dem Balkon gro\u00dfziehen m\u00f6chte, darf sich \u00fcber den Vorteil einer flexiblen Gestaltung freuen. Dar\u00fcber hinaus k\u00f6nnen Kr\u00e4uter auch schneller ausgewechselt werden, als es in einer Kr\u00e4uterschnecke der Fall ist. \u00dcberdies sind die verschiedenen Anspr\u00fcche der Pflanzen an Boden und Standort deutlich intensiver zu ber\u00fccksichtigen. Die Vielzahl an M\u00f6glichkeiten f\u00fcr Kr\u00e4uterfreunde ist dementsprechend unbedingt auch auf dem Balkon gegeben.<\/p>\n\n\n\n<p>Was manchmal bei der Konstruktion eines Sichtschutzes vergessen wird, sind die physikalischen \u201cAusweichman\u00f6ver\u201d vor allem starker Winde, sowie die Wichtigkeit einer regelm\u00e4\u00dfigen Brise f\u00fcr gewisse Blumen und Pflanzen. St\u00f6\u00dft ein heftiger Wind an ein Hindernis, wie an eine Mauer oder einen komplett luftundurchl\u00e4ssigen Zaun, weicht er nach oben hin aus und \u201cstolpert\u201d \u00fcber die Grenze. Dadurch entstehen wiederum auf der anderen Seite bzw. oberhalb des Zauns unangenehme Luftwirbel. Diskutieren Sie dieses Thema, wenn m\u00f6glich, auch mit direkt angrenzenden Nachbarn \u2013 die Auswirkungen solcher Luft-Turbulenzen sind auf beiden Seiten zu sp\u00fcren.<\/p>\n\n\n\n<p>Bildnachweis: Jupiterimages\/Getty Images<\/p>\n<\/div><\/div><\/div><\/div>\n<\/section>\n\n\n\n<p><\/p>\n","protected":false},"excerpt":{"rendered":"<p>Frische Kr\u00e4uter f\u00fcr die K\u00fcche lassen sich auch auf dem eigenen Balkon ziehen. Was beim Anlegen eines kleinen Kr\u00e4utergartens auf dem Balkon zu beachten ist.<\/p>\n","protected":false},"author":3,"featured_media":9396,"comment_status":"closed","ping_status":"open","sticky":false,"template":"template-onepager.blade.php","format":"standard","meta":{"_acf_changed":false,"footnotes":""},"categories":[54,56,61,63,59,57,58],"tags":[],"post_folder":[],"class_list":["post-9430","post","type-post","status-publish","format-standard","has-post-thumbnail","hentry","category-balkongestaltung","category-balkonpflanzen","category-garten-und-pflanzen","category-gartenbau","category-gartengestaltung","category-ideen-zum-selbermachen","category-tipps-zur-balkongestaltung"],"acf":[],"yoast_head":"<!-- This site is optimized with the Yoast SEO plugin v27.2 - https:\/\/yoast.com\/product\/yoast-seo-wordpress\/ -->\n<title>Kr\u00e4utergarten auf dem Balkon - Leeb Balkone Deutschland<\/title>\n<meta name=\"description\" content=\"Frische Kr\u00e4uter f\u00fcr die K\u00fcche lassen sich auch auf dem eigenen Balkon ziehen. Was beim Anlegen eines kleinen Kr\u00e4utergartens auf dem Balkon zu beachten ist.\" \/>\n<meta name=\"robots\" content=\"index, follow, max-snippet:-1, max-image-preview:large, max-video-preview:-1\" \/>\n<meta property=\"og:locale\" content=\"de_DE\" \/>\n<meta property=\"og:type\" content=\"article\" \/>\n<meta property=\"og:title\" content=\"Kr\u00e4utergarten auf dem Balkon - Leeb Balkone\" \/>\n<meta property=\"og:description\" content=\"Frische Kr\u00e4uter f\u00fcr die K\u00fcche lassen sich auch auf dem eigenen Balkon ziehen. Was beim Anlegen eines kleinen Kr\u00e4utergartens auf dem Balkon zu beachten ist.\" \/>\n<meta property=\"og:url\" content=\"https:\/\/www.leeb-balkone.com\/de\/blog\/kraeutergarten-auf-dem-balkon\/\" \/>\n<meta property=\"og:site_name\" content=\"Leeb Balkone\" \/>\n<meta property=\"article:publisher\" content=\"https:\/\/www.facebook.com\/balkone\/\" \/>\n<meta property=\"article:published_time\" content=\"2016-05-17T07:01:46+00:00\" \/>\n<meta property=\"article:modified_time\" content=\"2023-01-15T23:45:41+00:00\" \/>\n<meta property=\"og:image\" content=\"https:\/\/www.leeb-balkone.com\/app\/uploads\/2020\/10\/kraeutergarten-auf-balkon-2-1-1.jpg\" \/>\n\t<meta property=\"og:image:width\" content=\"1352\" \/>\n\t<meta property=\"og:image:height\" content=\"1034\" \/>\n\t<meta property=\"og:image:type\" content=\"image\/jpeg\" \/>\n<meta name=\"author\" content=\"jbacher\" \/>\n<meta name=\"twitter:card\" content=\"summary_large_image\" \/>\n<script type=\"application\/ld+json\" class=\"yoast-schema-graph\">{\"@context\":\"https:\/\/schema.org\",\"@graph\":[{\"@type\":\"Article\",\"@id\":\"https:\/\/www.leeb-balkone.com\/de\/blog\/kraeutergarten-auf-dem-balkon\/#article\",\"isPartOf\":{\"@id\":\"https:\/\/www.leeb-balkone.com\/de\/blog\/kraeutergarten-auf-dem-balkon\/\"},\"author\":{\"name\":\"jbacher\",\"@id\":\"https:\/\/www.leeb-balkone.com\/de\/#\/schema\/person\/15f1f398efcf4703721e46c2136421fa\"},\"headline\":\"Kr\u00e4utergarten auf dem Balkon\",\"datePublished\":\"2016-05-17T07:01:46+00:00\",\"dateModified\":\"2023-01-15T23:45:41+00:00\",\"mainEntityOfPage\":{\"@id\":\"https:\/\/www.leeb-balkone.com\/de\/blog\/kraeutergarten-auf-dem-balkon\/\"},\"wordCount\":1284,\"publisher\":{\"@id\":\"https:\/\/www.leeb-balkone.com\/de\/#organization\"},\"image\":{\"@id\":\"https:\/\/www.leeb-balkone.com\/de\/blog\/kraeutergarten-auf-dem-balkon\/#primaryimage\"},\"thumbnailUrl\":\"https:\/\/www.leeb-balkone.com\/app\/uploads\/2020\/10\/kraeutergarten-auf-balkon-2-1-1.jpg\",\"articleSection\":[\"Balkongestaltung\",\"Balkonpflanzen\",\"Garten und Pflanzen\",\"Gartenbau\",\"Gartengestaltung\",\"Ideen zum Selbermachen\",\"Tipps zur Balkongestaltung\"],\"inLanguage\":\"de\"},{\"@type\":\"WebPage\",\"@id\":\"https:\/\/www.leeb-balkone.com\/de\/blog\/kraeutergarten-auf-dem-balkon\/\",\"url\":\"https:\/\/www.leeb-balkone.com\/de\/blog\/kraeutergarten-auf-dem-balkon\/\",\"name\":\"Kr\u00e4utergarten auf dem Balkon - Leeb Balkone\",\"isPartOf\":{\"@id\":\"https:\/\/www.leeb-balkone.com\/de\/#website\"},\"primaryImageOfPage\":{\"@id\":\"https:\/\/www.leeb-balkone.com\/de\/blog\/kraeutergarten-auf-dem-balkon\/#primaryimage\"},\"image\":{\"@id\":\"https:\/\/www.leeb-balkone.com\/de\/blog\/kraeutergarten-auf-dem-balkon\/#primaryimage\"},\"thumbnailUrl\":\"https:\/\/www.leeb-balkone.com\/app\/uploads\/2020\/10\/kraeutergarten-auf-balkon-2-1-1.jpg\",\"datePublished\":\"2016-05-17T07:01:46+00:00\",\"dateModified\":\"2023-01-15T23:45:41+00:00\",\"description\":\"Frische Kr\u00e4uter f\u00fcr die K\u00fcche lassen sich auch auf dem eigenen Balkon ziehen. Was beim Anlegen eines kleinen Kr\u00e4utergartens auf dem Balkon zu beachten ist.\",\"breadcrumb\":{\"@id\":\"https:\/\/www.leeb-balkone.com\/de\/blog\/kraeutergarten-auf-dem-balkon\/#breadcrumb\"},\"inLanguage\":\"de\",\"potentialAction\":[{\"@type\":\"ReadAction\",\"target\":[\"https:\/\/www.leeb-balkone.com\/de\/blog\/kraeutergarten-auf-dem-balkon\/\"]}]},{\"@type\":\"ImageObject\",\"inLanguage\":\"de\",\"@id\":\"https:\/\/www.leeb-balkone.com\/de\/blog\/kraeutergarten-auf-dem-balkon\/#primaryimage\",\"url\":\"https:\/\/www.leeb-balkone.com\/app\/uploads\/2020\/10\/kraeutergarten-auf-balkon-2-1-1.jpg\",\"contentUrl\":\"https:\/\/www.leeb-balkone.com\/app\/uploads\/2020\/10\/kraeutergarten-auf-balkon-2-1-1.jpg\",\"width\":1352,\"height\":1034,\"caption\":\"Kr\u00e4utergarten anlegen auf dem Balkon \u2013 K\u00fcchenkr\u00e4uter selber ziehen!\"},{\"@type\":\"BreadcrumbList\",\"@id\":\"https:\/\/www.leeb-balkone.com\/de\/blog\/kraeutergarten-auf-dem-balkon\/#breadcrumb\",\"itemListElement\":[{\"@type\":\"ListItem\",\"position\":1,\"name\":\"Home\",\"item\":\"https:\/\/www.leeb-balkone.com\/de\/\"},{\"@type\":\"ListItem\",\"position\":2,\"name\":\"Kr\u00e4utergarten auf dem Balkon\"}]},{\"@type\":\"WebSite\",\"@id\":\"https:\/\/www.leeb-balkone.com\/de\/#website\",\"url\":\"https:\/\/www.leeb-balkone.com\/de\/\",\"name\":\"Leeb Balkone\",\"description\":\"Balkone und Z\u00e4une\",\"publisher\":{\"@id\":\"https:\/\/www.leeb-balkone.com\/de\/#organization\"},\"potentialAction\":[{\"@type\":\"SearchAction\",\"target\":{\"@type\":\"EntryPoint\",\"urlTemplate\":\"https:\/\/www.leeb-balkone.com\/de\/?s={search_term_string}\"},\"query-input\":{\"@type\":\"PropertyValueSpecification\",\"valueRequired\":true,\"valueName\":\"search_term_string\"}}],\"inLanguage\":\"de\"},{\"@type\":\"Organization\",\"@id\":\"https:\/\/www.leeb-balkone.com\/de\/#organization\",\"name\":\"Leeb Balkone Gmbh\",\"url\":\"https:\/\/www.leeb-balkone.com\/de\/\",\"logo\":{\"@type\":\"ImageObject\",\"inLanguage\":\"de\",\"@id\":\"https:\/\/www.leeb-balkone.com\/de\/#\/schema\/logo\/image\/\",\"url\":\"https:\/\/www.leeb-balkone.com\/app\/uploads\/2020\/11\/leeb-logo.svg\",\"contentUrl\":\"https:\/\/www.leeb-balkone.com\/app\/uploads\/2020\/11\/leeb-logo.svg\",\"width\":741,\"height\":204,\"caption\":\"Leeb Balkone Gmbh\"},\"image\":{\"@id\":\"https:\/\/www.leeb-balkone.com\/de\/#\/schema\/logo\/image\/\"},\"sameAs\":[\"https:\/\/www.facebook.com\/balkone\/\",\"https:\/\/www.trustedshops.at\/bewertung\/info_X4587CCF5833E31AFE0B11F47D86999F2.html\",\"https:\/\/www.trustedshops.de\/bewertung\/info_X7BA536A7A0BDC86D36C4718E4DCAEEEF.html\",\"https:\/\/www.google.com\/maps\/place\/?q=place_id:ChIJ5-zH19-IcEcR9HonWRTllHI\"]},{\"@type\":\"Person\",\"@id\":\"https:\/\/www.leeb-balkone.com\/de\/#\/schema\/person\/15f1f398efcf4703721e46c2136421fa\",\"name\":\"jbacher\"}]}<\/script>\n<!-- \/ Yoast SEO plugin. -->","yoast_head_json":{"title":"Kr\u00e4utergarten auf dem Balkon - Leeb Balkone Deutschland","description":"Frische Kr\u00e4uter f\u00fcr die K\u00fcche lassen sich auch auf dem eigenen Balkon ziehen. Was beim Anlegen eines kleinen Kr\u00e4utergartens auf dem Balkon zu beachten ist.","robots":{"index":"index","follow":"follow","max-snippet":"max-snippet:-1","max-image-preview":"max-image-preview:large","max-video-preview":"max-video-preview:-1"},"og_locale":"de_DE","og_type":"article","og_title":"Kr\u00e4utergarten auf dem Balkon - Leeb Balkone","og_description":"Frische Kr\u00e4uter f\u00fcr die K\u00fcche lassen sich auch auf dem eigenen Balkon ziehen. Was beim Anlegen eines kleinen Kr\u00e4utergartens auf dem Balkon zu beachten ist.","og_url":"https:\/\/www.leeb-balkone.com\/de\/blog\/kraeutergarten-auf-dem-balkon\/","og_site_name":"Leeb Balkone","article_publisher":"https:\/\/www.facebook.com\/balkone\/","article_published_time":"2016-05-17T07:01:46+00:00","article_modified_time":"2023-01-15T23:45:41+00:00","og_image":[{"width":1352,"height":1034,"url":"https:\/\/www.leeb-balkone.com\/app\/uploads\/2020\/10\/kraeutergarten-auf-balkon-2-1-1.jpg","type":"image\/jpeg"}],"author":"jbacher","twitter_card":"summary_large_image","schema":{"@context":"https:\/\/schema.org","@graph":[{"@type":"Article","@id":"https:\/\/www.leeb-balkone.com\/de\/blog\/kraeutergarten-auf-dem-balkon\/#article","isPartOf":{"@id":"https:\/\/www.leeb-balkone.com\/de\/blog\/kraeutergarten-auf-dem-balkon\/"},"author":{"name":"jbacher","@id":"https:\/\/www.leeb-balkone.com\/de\/#\/schema\/person\/15f1f398efcf4703721e46c2136421fa"},"headline":"Kr\u00e4utergarten auf dem Balkon","datePublished":"2016-05-17T07:01:46+00:00","dateModified":"2023-01-15T23:45:41+00:00","mainEntityOfPage":{"@id":"https:\/\/www.leeb-balkone.com\/de\/blog\/kraeutergarten-auf-dem-balkon\/"},"wordCount":1284,"publisher":{"@id":"https:\/\/www.leeb-balkone.com\/de\/#organization"},"image":{"@id":"https:\/\/www.leeb-balkone.com\/de\/blog\/kraeutergarten-auf-dem-balkon\/#primaryimage"},"thumbnailUrl":"https:\/\/www.leeb-balkone.com\/app\/uploads\/2020\/10\/kraeutergarten-auf-balkon-2-1-1.jpg","articleSection":["Balkongestaltung","Balkonpflanzen","Garten und Pflanzen","Gartenbau","Gartengestaltung","Ideen zum Selbermachen","Tipps zur Balkongestaltung"],"inLanguage":"de"},{"@type":"WebPage","@id":"https:\/\/www.leeb-balkone.com\/de\/blog\/kraeutergarten-auf-dem-balkon\/","url":"https:\/\/www.leeb-balkone.com\/de\/blog\/kraeutergarten-auf-dem-balkon\/","name":"Kr\u00e4utergarten auf dem Balkon - Leeb Balkone","isPartOf":{"@id":"https:\/\/www.leeb-balkone.com\/de\/#website"},"primaryImageOfPage":{"@id":"https:\/\/www.leeb-balkone.com\/de\/blog\/kraeutergarten-auf-dem-balkon\/#primaryimage"},"image":{"@id":"https:\/\/www.leeb-balkone.com\/de\/blog\/kraeutergarten-auf-dem-balkon\/#primaryimage"},"thumbnailUrl":"https:\/\/www.leeb-balkone.com\/app\/uploads\/2020\/10\/kraeutergarten-auf-balkon-2-1-1.jpg","datePublished":"2016-05-17T07:01:46+00:00","dateModified":"2023-01-15T23:45:41+00:00","description":"Frische Kr\u00e4uter f\u00fcr die K\u00fcche lassen sich auch auf dem eigenen Balkon ziehen. Was beim Anlegen eines kleinen Kr\u00e4utergartens auf dem Balkon zu beachten ist.","breadcrumb":{"@id":"https:\/\/www.leeb-balkone.com\/de\/blog\/kraeutergarten-auf-dem-balkon\/#breadcrumb"},"inLanguage":"de","potentialAction":[{"@type":"ReadAction","target":["https:\/\/www.leeb-balkone.com\/de\/blog\/kraeutergarten-auf-dem-balkon\/"]}]},{"@type":"ImageObject","inLanguage":"de","@id":"https:\/\/www.leeb-balkone.com\/de\/blog\/kraeutergarten-auf-dem-balkon\/#primaryimage","url":"https:\/\/www.leeb-balkone.com\/app\/uploads\/2020\/10\/kraeutergarten-auf-balkon-2-1-1.jpg","contentUrl":"https:\/\/www.leeb-balkone.com\/app\/uploads\/2020\/10\/kraeutergarten-auf-balkon-2-1-1.jpg","width":1352,"height":1034,"caption":"Kr\u00e4utergarten anlegen auf dem Balkon \u2013 K\u00fcchenkr\u00e4uter selber ziehen!"},{"@type":"BreadcrumbList","@id":"https:\/\/www.leeb-balkone.com\/de\/blog\/kraeutergarten-auf-dem-balkon\/#breadcrumb","itemListElement":[{"@type":"ListItem","position":1,"name":"Home","item":"https:\/\/www.leeb-balkone.com\/de\/"},{"@type":"ListItem","position":2,"name":"Kr\u00e4utergarten auf dem Balkon"}]},{"@type":"WebSite","@id":"https:\/\/www.leeb-balkone.com\/de\/#website","url":"https:\/\/www.leeb-balkone.com\/de\/","name":"Leeb Balkone","description":"Balkone und Z\u00e4une","publisher":{"@id":"https:\/\/www.leeb-balkone.com\/de\/#organization"},"potentialAction":[{"@type":"SearchAction","target":{"@type":"EntryPoint","urlTemplate":"https:\/\/www.leeb-balkone.com\/de\/?s={search_term_string}"},"query-input":{"@type":"PropertyValueSpecification","valueRequired":true,"valueName":"search_term_string"}}],"inLanguage":"de"},{"@type":"Organization","@id":"https:\/\/www.leeb-balkone.com\/de\/#organization","name":"Leeb Balkone Gmbh","url":"https:\/\/www.leeb-balkone.com\/de\/","logo":{"@type":"ImageObject","inLanguage":"de","@id":"https:\/\/www.leeb-balkone.com\/de\/#\/schema\/logo\/image\/","url":"https:\/\/www.leeb-balkone.com\/app\/uploads\/2020\/11\/leeb-logo.svg","contentUrl":"https:\/\/www.leeb-balkone.com\/app\/uploads\/2020\/11\/leeb-logo.svg","width":741,"height":204,"caption":"Leeb Balkone Gmbh"},"image":{"@id":"https:\/\/www.leeb-balkone.com\/de\/#\/schema\/logo\/image\/"},"sameAs":["https:\/\/www.facebook.com\/balkone\/","https:\/\/www.trustedshops.at\/bewertung\/info_X4587CCF5833E31AFE0B11F47D86999F2.html","https:\/\/www.trustedshops.de\/bewertung\/info_X7BA536A7A0BDC86D36C4718E4DCAEEEF.html","https:\/\/www.google.com\/maps\/place\/?q=place_id:ChIJ5-zH19-IcEcR9HonWRTllHI"]},{"@type":"Person","@id":"https:\/\/www.leeb-balkone.com\/de\/#\/schema\/person\/15f1f398efcf4703721e46c2136421fa","name":"jbacher"}]}},"_links":{"self":[{"href":"https:\/\/www.leeb-balkone.com\/de\/wp-json\/wp\/v2\/posts\/9430","targetHints":{"allow":["GET"]}}],"collection":[{"href":"https:\/\/www.leeb-balkone.com\/de\/wp-json\/wp\/v2\/posts"}],"about":[{"href":"https:\/\/www.leeb-balkone.com\/de\/wp-json\/wp\/v2\/types\/post"}],"author":[{"embeddable":true,"href":"https:\/\/www.leeb-balkone.com\/de\/wp-json\/wp\/v2\/users\/3"}],"replies":[{"embeddable":true,"href":"https:\/\/www.leeb-balkone.com\/de\/wp-json\/wp\/v2\/comments?post=9430"}],"version-history":[{"count":0,"href":"https:\/\/www.leeb-balkone.com\/de\/wp-json\/wp\/v2\/posts\/9430\/revisions"}],"wp:featuredmedia":[{"embeddable":true,"href":"https:\/\/www.leeb-balkone.com\/de\/wp-json\/wp\/v2\/media\/9396"}],"wp:attachment":[{"href":"https:\/\/www.leeb-balkone.com\/de\/wp-json\/wp\/v2\/media?parent=9430"}],"wp:term":[{"taxonomy":"category","embeddable":true,"href":"https:\/\/www.leeb-balkone.com\/de\/wp-json\/wp\/v2\/categories?post=9430"},{"taxonomy":"post_tag","embeddable":true,"href":"https:\/\/www.leeb-balkone.com\/de\/wp-json\/wp\/v2\/tags?post=9430"},{"taxonomy":"post_folder","embeddable":true,"href":"https:\/\/www.leeb-balkone.com\/de\/wp-json\/wp\/v2\/post_folder?post=9430"}],"curies":[{"name":"wp","href":"https:\/\/api.w.org\/{rel}","templated":true}]}}