{"id":9303,"date":"2016-04-02T04:12:37","date_gmt":"2016-04-02T04:12:37","guid":{"rendered":"https:\/\/www.leeb-balkone.com\/de\/blog\/postdummy-2-2-3-2-2-2-5\/"},"modified":"2023-01-15T23:45:47","modified_gmt":"2023-01-15T23:45:47","slug":"balkon-und-gartenpflanzen-gartenarbeiten-im-april","status":"publish","type":"post","link":"https:\/\/www.leeb-balkone.com\/de\/blog\/balkon-und-gartenpflanzen-gartenarbeiten-im-april\/","title":{"rendered":"Balkon- und Gartenpflanzen: Gartenarbeiten im April"},"content":{"rendered":"\n<p><\/p>\n\n\n<header data-block_5f72d84b7ebd9 class=\"c-fh  l-mh-small c-fh--hero c-grad-l2r c-fh--div none\">\n      <img loading=\"lazy\" decoding=\"async\" width=\"1442\" height=\"968\" src=\"https:\/\/www.leeb-balkone.com\/app\/uploads\/2020\/10\/gartenarbeiten-im-april-1.jpg\" class=\"no-lazy\" alt=\"gartenliebe\" srcset=\"https:\/\/www.leeb-balkone.com\/app\/uploads\/2020\/10\/gartenarbeiten-im-april-1.jpg 1442w, https:\/\/www.leeb-balkone.com\/app\/uploads\/2020\/10\/gartenarbeiten-im-april-1-300x201.jpg 300w, https:\/\/www.leeb-balkone.com\/app\/uploads\/2020\/10\/gartenarbeiten-im-april-1-1024x687.jpg 1024w, https:\/\/www.leeb-balkone.com\/app\/uploads\/2020\/10\/gartenarbeiten-im-april-1-768x516.jpg 768w, https:\/\/www.leeb-balkone.com\/app\/uploads\/2020\/10\/gartenarbeiten-im-april-1-400x270.jpg 400w\" sizes=\"auto, (min-width: 1536px) 2048px, (min-width: 992px) 1536px, (min-width: 768px) 1024px, (min-width: 576px) 768px, 100vw\" \/>\n\n\n<div class=\"grid-container\">\n  <div class=\"grid-x\">\n    <div class=\"cell small-12 medium-6 medium-offset-1\">\n      <div class=\"c-fh__wrapper\">\n              <\/div>\n    <\/div>\n  <\/div>\n<\/div>\n  \n    \n    <\/header>\n\n\n  \n  <section class=\"wp-block-group alignfull t3-header u-max-wide t3-header-text has-white-background-color has-background has-global-padding is-layout-constrained wp-block-group-is-layout-constrained\">\n    <div class=\"wp-block-group o-grid u-md-1 u-sm-1 is-layout-flow wp-block-group-is-layout-flow\">\n  <div class=\"wp-block-group u-g-10 u-g-s-2\">\n      <div class=\"yoast-breadcrumbs\"><span><span><a href=\"https:\/\/www.leeb-balkone.com\/de\/\">Home<\/a><\/span><\/span><\/div>\n      \n    <h1>Balkon- und Gartenpflanzen: Gartenarbeiten im April<\/h1>\n  <\/div>\n<\/div>\n  <\/section>\n\n\n\n\n\n\n<section class=\"wp-block-cgb-t3-section-block alignfull b-pt-small  is-style-bg-white\" style=\"display:inherit;min-height:inherit\">\n<div class=\"wp-block-cgb-t3-container-block none\" style=\"background-color:none\"><div class=\"grid-container\"><div class=\"grid-x\"><div class=\"cell small-12 medium-9 large-0 medium-offset-1 b-has-lsmb\">\n<p>Wer einen Garten hat oder alternativ eine stolze Topfkolonie am Balkon sein Eigen nennen darf, der wei\u00df, dass es fast das ganze Jahr \u00fcber etwas zu tun gibt. Balkon- wie Gartenpflanzen wollen die richtige Pflege zur richtigen Zeit. Folgende Gartenarbeit kann im April erledigt werden:<\/p>\n\n\n\n<p><strong><span class=\"h2asteaser\">Platz machen!<\/span><\/strong><\/p>\n\n\n\n<p>Zuerst einmal hei\u00dft es: Platz machen! Unkraut muss gej\u00e4tet werden, zudem sollten Sie auch trockene Pflanzenreste bei Zwiebelblumen entfernen. Auch der Rasen darf bereits alle ein bis zwei Wochen gem\u00e4ht werden. Aber Achtung: Er soll nie k\u00fcrzer als 4 cm sein! Auch B\u00fcsche und Pflanzen vertragen jetzt einen kr\u00e4ftigen R\u00fcckschnitt wie zum Beispiel Buchsbaum und Rosen, aber auch Salbei und Lavendel. Noch ein guter Tipp: Alles was im April bl\u00fcht, darf nach der Bl\u00fcte auch noch einmal zur\u00fcckgeschnitten werden!<\/p>\n\n\n\n<p><strong><span class=\"h2asteaser\">Beete erneuern<\/span><\/strong><\/p>\n\n\n\n<p>Wenn s\u00e4mtliches Unkraut entfernt ist, sollten Sie zuerst noch den Boden mit einer Hacke auflockern. Zudem k\u00f6nnen Sie den Boden mit feinem, hochwertigem Kompost anreichern. Was das D\u00fcngen anbelangt, seien Sie lieber vorsichtig. Anweisungen hinsichtlich der Pflanzen genau beachten. \u00dcberd\u00fcngung kann sch\u00e4dlich sein!<\/p>\n\n\n\n<p><strong><span class=\"h2asteaser\">Jetzt schon mal vorziehen!<\/span><\/strong><\/p>\n\n\n\n<p>Sp\u00e4testens im April kann man auch diverse Kr\u00e4uter und Pflanzen \u201evorziehen\u201c. Das hei\u00dft, die Samen werden noch nicht drau\u00dfen direkt in die Erde gesteckt, sondern erst einmal in T\u00f6pfen zum Wachsen gebracht. In Sachen Gem\u00fcse eignet sich hier wunderbar Fenchel, Chinakohl und Blumenkohl, aber auch Zucchinis und Gurken. Generell haben es die Samen und sp\u00e4teren Pfl\u00e4nzchen gerne warm, sonnig und gesch\u00fctzt \u2013 zum Bespiel an der Fensterbank. Durch das Vorziehen leistet man eine nicht unbeachtliche Vorarbeit. Immerhin kann man so manches Gem\u00fcse dann bereits drei bis vier Wochen fr\u00fcher ernten! Auch Kr\u00e4uter lassen sich schon mal vorziehen, wie unter anderem Basilikum, Majoran oder Thymian.<\/p>\n<\/div><\/div><\/div><\/div>\n\n\n\n<div class=\"wp-block-cgb-t3-container-block none\" style=\"background-color:none\"><div class=\"grid-container\"><div class=\"grid-x\"><div class=\"cell small-12 medium-0 large-0\"><div id=\"lightgallery-block_5f771b5312a95\" data-block_5f771b5312a95 class=\"has-1-imgs b-cards b-cards--gallery u-grid-temp has-1-cols u-md-2 u-sm-1 wp-block-group is-layout-grid wp-block-group-is-layout-grid gallery alignwide\">\n\n        <div class=\"b-cards__item\">\n\n        \n      <figure>\n                 <img loading=\"lazy\" decoding=\"async\" width=\"1442\" height=\"968\" src=\"https:\/\/www.leeb-balkone.com\/app\/uploads\/2020\/10\/gartenarbeiten-im-april-1.jpg\" class=\"attachment-1536x1536 size-1536x1536\" alt=\"gartenarbeiten im april 1\" srcset=\"https:\/\/www.leeb-balkone.com\/app\/uploads\/2020\/10\/gartenarbeiten-im-april-1.jpg 1442w, https:\/\/www.leeb-balkone.com\/app\/uploads\/2020\/10\/gartenarbeiten-im-april-1-300x201.jpg 300w, https:\/\/www.leeb-balkone.com\/app\/uploads\/2020\/10\/gartenarbeiten-im-april-1-1024x687.jpg 1024w, https:\/\/www.leeb-balkone.com\/app\/uploads\/2020\/10\/gartenarbeiten-im-april-1-768x516.jpg 768w, https:\/\/www.leeb-balkone.com\/app\/uploads\/2020\/10\/gartenarbeiten-im-april-1-400x270.jpg 400w\" sizes=\"auto, (min-width: 1200px) 100vw, (min-width: 1024px) 1536px, (min-width: 640px) 768px, 768px\" \/>              <\/figure>\n\n                  \n        <div class=\"caption\">\n                          <p>Gartenarbeiten im April \u2013 Pflanzen und S\u00e4hen im Garten\n              <\/div>\n  \n<\/div>\n\n    <\/div>\n\n<\/div><\/div><\/div><\/div>\n\n\n\n<div class=\"wp-block-cgb-t3-container-block none\" style=\"background-color:none\"><div class=\"grid-container\"><div class=\"grid-x\"><div class=\"cell small-12 medium-9 large-0 medium-offset-1 b-has-lsmb\">\n<p><span class=\"h2asteaser\">S\u00e4hen und pflanzen im April<\/span><\/p>\n\n\n\n<p>Im April kann bereits so einiges anges\u00e4t und angepflanzt werden. Kr\u00e4uter, Gem\u00fcse und Blumen \u2013 alles darf jetzt an die frische Luft! Folgende K\u00fcchenkr\u00e4uter k\u00f6nnen jetzt anges\u00e4t werden: Kerbel, Dill, Bohnenkraut und Gartenkresse, Petersilie und Schnittlauch. Mitte bzw. Ende April, wenn das Wetter schon stabiler ist, d\u00fcrfen in Sachen Gem\u00fcse Paprika und Radieschen, Wurzelpetersilie, Mangold, Spinat, Brokkoli und diverse Kohlarten, Mohrr\u00fcben und Porree, aber auch Erbsen, Auberginen und Co anges\u00e4t werden. Sollte es noch sehr k\u00fchl sein, k\u00f6nnen Sie die zarten Pfl\u00e4nzchen mit einen Vlies sch\u00fctzen. Je w\u00e4rmer es wird, desto wichtiger ist nat\u00fcrlich das Gie\u00dfen \u2013 vor allem kleine Pfl\u00e4nzchen vertrocknen schnell! Sonnenblumen-Samen k\u00f6nnen \u00fcbrigens auch schon ges\u00e4t werden.<\/p>\n\n\n\n<p><span class=\"h2asteaser\">Str\u00e4ucher und Stauden<\/span><\/p>\n\n\n\n<p>Wer pl\u00f6tzliche Lust versp\u00fcrt ein paar Beerenstr\u00e4ucher oder Erdbeerstauden zu pflanzen, kann das noch schnell im April erledigen. Zwar ist die beste Zeit dazu der Herbst, aber so fr\u00fch im Jahr klappt es auch noch gut. Auch Hyazinthen oder Rhododendron kann noch eingesetzt werden. Hier f\u00f6rdern Hornsp\u00e4ne und nat\u00fcrlich auch Kompost ein gutes Wachstum. Praktischer Tipp: Bevor Sie Stauden oder B\u00fcsche einpflanzen, stellen Sie sie zuvor noch f\u00fcr 15 Minuten ins Wasser, das gibt den Pflanzen eine guten Start im Beet!<\/p>\n\n\n\n<p><span class=\"h2ash1\"><span class=\"h2asteaser\">Wildwuchs: Wildkr\u00e4uter im April<\/span><\/span><\/p>\n\n\n\n<p>Sollte Ihr Garten sich nicht durch einen penibel gepflegten Englischen Rasen auszeichnen, sondern eher einer von der \u201ealten\u201c Sorte sein, dann stehen die Chancen gut, dass Sie darin eine F\u00fclle an Wildkr\u00e4utern entdecken k\u00f6nnen. Wer keinen Garten hat und trotzdem Wildkr\u00e4uter liebt, der muss raus in die freie Wildbahn. Aber keine Sorge, das muss nicht allzu weit weg sein \u2013 das Gute liegt oft so nah!<\/p>\n\n\n\n<p><span class=\"h2asteaser\">Generell gesagt<\/span><\/p>\n\n\n\n<p>Voraussetzung, wenn man Wildkr\u00e4uter nicht einfach nur ansehen, sondern auch genie\u00dfen m\u00f6chte, ist nat\u00fcrlich, dass man die Kr\u00e4uter in Natura kennt. Wenn Unsicherheit besteht, ist es besser nicht zuzugreifen. Schlie\u00dflich gibt es viele optisch \u00e4hnliche Kr\u00e4uter \u2013 und manche davon sind ungenie\u00dfbar bis giftig. Dennoch werden selbst Kr\u00e4uterunkundige, die eine oder andere Pflanze vielleicht sogar noch aus Kindheitstagen kennen. Beachten Sie auch den Standort der Pflanzen, damit sie so wenig wie m\u00f6glich durch Verkehr oder sonstige Verschmutzungen belastet sind. Zudem m\u00fcssen die Pflanzen nat\u00fcrlich auch frei von Krankheiten und Sch\u00e4dlingen sein.<\/p>\n\n\n\n<p><span class=\"h2asteaser\">Stoff statt Plastik<\/span><\/p>\n\n\n\n<p>Nehmen Sie zum Sammeln der Wildkr\u00e4uter einen Korb oder einen Stoffbeutel. Plastik tut den Pflanzen nicht gut und bringt sie zum Schwitzen, was sich wiederum nachteilig auf ihre Qualit\u00e4t auswirkt.<\/p>\n\n\n\n<p><span class=\"h2asteaser\">Von Wurzeln, Bl\u00e4ttern, Bl\u00fcten und Fr\u00fcchten<\/span><\/p>\n\n\n\n<p>Wann man am besten Wildkr\u00e4uter sammelt, h\u00e4ngt hier nicht nur vom Monat ab, sondern es kommt auch darauf an, welchen Teil der Pflanze man sammeln m\u00f6chte. Wurzeln beispielsweise sammelt man idealerweise im Fr\u00fchling (vor dem Austreiben) oder im Herbst (nach der Bl\u00fcte). Die meisten Fr\u00fcchte sammelt man nat\u00fcrlich, wenn sie reif sind. Bl\u00e4tter sind am gehaltvollsten w\u00e4hrend der Bl\u00fcte und Bl\u00fcten selbst am Beginn der Bl\u00fctezeit.<\/p>\n\n\n\n<p><strong><span class=\"h2asteaser\">Diese Wildkr\u00e4uter k\u00f6nnen Sie im April sammeln!<\/span><\/strong><\/p>\n\n\n\n<p>Wie bereits angemerkt: Sammeln Sie nur jene Wildkr\u00e4uter, die Sie auch wirklich kennen, nehmen Sie gegebenenfalls auch ein Kr\u00e4uterbestimmungsbuch zur Hand. Je nach Wetterlage kann man bereits im April Unmengen an Kr\u00e4utern entdecken. Hier seien nur mal ein paar der wichtigsten aufgez\u00e4hlt \u2013 wir w\u00fcnschen viel Freude beim Kr\u00e4utersammeln!<\/p>\n\n\n\n<ul class=\"wp-block-list\"><li>Alant<\/li><li>Angelika\/Engelwurz<\/li><li>B\u00e4rlauch<\/li><li>Beinwell<\/li><li>Birke<\/li><li>Brennessel<\/li><li>Brombeere<\/li><li>Brunnenkresse<\/li><li>Eiche<\/li><li>Fichte<\/li><li>Frauenmantel<\/li><li>Gundermann<\/li><li>Hirtent\u00e4schel<\/li><li>Huflattich<\/li><li>Kiefernspitzen<\/li><li>L\u00f6wenzahn<\/li><li>Liebst\u00f6ckel<\/li><li>Lungenkraut<\/li><li>Meisterwurz<\/li><li>Rosmarin<\/li><li>Sch\u00f6llkraut<\/li><li>Schl\u00fcsselblume<\/li><li>Sonnenhut<\/li><li>Stiefm\u00fctterchen<\/li><li>Taubnessel<\/li><li>Veilchen<\/li><li>Wacholder<\/li><li>Wegwarte<\/li><li>Weide<\/li><\/ul>\n\n\n\n<p><span class=\"h2asteaser\">Green Smoothie &amp; Tee: Entschlackungskur im April<\/span><\/p>\n\n\n\n<p>Der Fr\u00fchling eignet sich ideal, um den K\u00f6rper von alten Giftstoffen und Schlacken zu befreien. Besonders beliebt unter Kr\u00e4uterfreunden sind nat\u00fcrlich Tees aus frischen Fr\u00fchlingskr\u00e4utern, wie z.B.:<\/p>\n\n\n\n<p><span class=\"h2ash1\"><span class=\"h2asteaser\">Entschlackungstee<\/span><\/span><\/p>\n\n\n\n<ul class=\"wp-block-list\"><li>Birke<\/li><li>Brennnessel<\/li><li>L\u00f6wenzahn<\/li><li>kleines St\u00fcck frischer Ingwer<\/li><\/ul>\n\n\n\n<p>Kochen Sie 1 Liter Teewasser mit dem frischen Inger auf, stellen Sie es zur Seite und f\u00fcgen Sie ein paar Bl\u00e4ttern der frischen Fr\u00fchlingskr\u00e4uter hinzu. Lassen Sie alles ca. 3-5 Minuten ziehen und trinken Sie den Tee \u00fcber den Tag verteilt.<\/p>\n\n\n\n<p><span class=\"h2asteaser\">Fr\u00fchlingshafter Smoothie<\/span><\/p>\n\n\n\n<p>Seit einigen Jahren geht der Trend auch sehr stark in Richtung Smoothies. Da die Konzentration der Kr\u00e4uter hier deutlich h\u00f6her ist als bei einem Tee, reicht es, morgens auf n\u00fcchternen Magen einen Smoothie zu genie\u00dfen. Apropos genie\u00dfen: Smoothies aus frischen Kr\u00e4utern sind gew\u00f6hnungsbed\u00fcrftig und meistens recht streng im Geschmack. Wer den Geschmack mildern m\u00f6chte, kann auch etwas Obst hinzuf\u00fcgen.<\/p>\n\n\n\n<p>Unser Tipp:<\/p>\n\n\n\n<ul class=\"wp-block-list\"><li>Brennnessel<\/li><li>L\u00f6wenzahn<\/li><li>Zitrone<\/li><li>Nach Geschmack und Bedarf: 1 St\u00fcck Ananas plus 1 L\u00f6ffel Honig<\/li><\/ul>\n\n\n\n<p>Nach Gef\u00fchl pro Fr\u00fchlingskraut ein paar Bl\u00e4tter in den Smoothie-Maker geben, mit einer Tasse Wasser aufgie\u00dfen, Zitronensaft dazu, mixen \u2013 fertig ist der fr\u00fchlingshafte Smoothie!<\/p>\n\n\n\n<p>Bildnachweis: Halfpoint\/Getty Images<\/p>\n<\/div><\/div><\/div><\/div>\n<\/section>\n\n\n\n<p><\/p>\n","protected":false},"excerpt":{"rendered":"<p>Wer einen Garten hat oder alternativ eine stolze Topfkolonie am Balkon sein Eigen nennen darf, der wei\u00df, dass es im April besonders viel zu tun gibt. Balkon- wie Gartenpflanzen wollen die richtige Pflege zur richtigen Zeit.<\/p>\n","protected":false},"author":3,"featured_media":9304,"comment_status":"closed","ping_status":"open","sticky":false,"template":"template-onepager.blade.php","format":"standard","meta":{"_acf_changed":false,"footnotes":""},"categories":[56,61,63,59,58],"tags":[],"post_folder":[],"class_list":["post-9303","post","type-post","status-publish","format-standard","has-post-thumbnail","hentry","category-balkonpflanzen","category-garten-und-pflanzen","category-gartenbau","category-gartengestaltung","category-tipps-zur-balkongestaltung"],"acf":[],"yoast_head":"<!-- This site is optimized with the Yoast SEO plugin v27.2 - https:\/\/yoast.com\/product\/yoast-seo-wordpress\/ -->\n<title>Balkon- und Gartenpflanzen: Gartenarbeiten im April - Leeb Balkone Deutschland<\/title>\n<meta name=\"description\" content=\"Wer einen Garten hat oder alternativ eine stolze Topfkolonie am Balkon sein Eigen nennen darf, der wei\u00df, dass es im April besonders viel zu tun gibt. Balkon- wie Gartenpflanzen wollen die richtige Pflege zur richtigen Zeit.\" \/>\n<meta name=\"robots\" content=\"index, follow, max-snippet:-1, max-image-preview:large, max-video-preview:-1\" \/>\n<meta property=\"og:locale\" content=\"de_DE\" \/>\n<meta property=\"og:type\" content=\"article\" \/>\n<meta property=\"og:title\" content=\"Balkon- und Gartenpflanzen: Gartenarbeiten im April - Leeb Balkone\" \/>\n<meta property=\"og:description\" content=\"Wer einen Garten hat oder alternativ eine stolze Topfkolonie am Balkon sein Eigen nennen darf, der wei\u00df, dass es im April besonders viel zu tun gibt. Balkon- wie Gartenpflanzen wollen die richtige Pflege zur richtigen Zeit.\" \/>\n<meta property=\"og:url\" content=\"https:\/\/www.leeb-balkone.com\/de\/blog\/balkon-und-gartenpflanzen-gartenarbeiten-im-april\/\" \/>\n<meta property=\"og:site_name\" content=\"Leeb Balkone\" \/>\n<meta property=\"article:publisher\" content=\"https:\/\/www.facebook.com\/balkone\/\" \/>\n<meta property=\"article:published_time\" content=\"2016-04-02T04:12:37+00:00\" \/>\n<meta property=\"article:modified_time\" content=\"2023-01-15T23:45:47+00:00\" \/>\n<meta property=\"og:image\" content=\"https:\/\/www.leeb-balkone.com\/app\/uploads\/2020\/10\/gartenarbeiten-im-april-1.jpg\" \/>\n\t<meta property=\"og:image:width\" content=\"1442\" \/>\n\t<meta property=\"og:image:height\" content=\"968\" \/>\n\t<meta property=\"og:image:type\" content=\"image\/jpeg\" \/>\n<meta name=\"author\" content=\"jbacher\" \/>\n<meta name=\"twitter:card\" content=\"summary_large_image\" \/>\n<script type=\"application\/ld+json\" class=\"yoast-schema-graph\">{\"@context\":\"https:\/\/schema.org\",\"@graph\":[{\"@type\":\"Article\",\"@id\":\"https:\/\/www.leeb-balkone.com\/de\/blog\/balkon-und-gartenpflanzen-gartenarbeiten-im-april\/#article\",\"isPartOf\":{\"@id\":\"https:\/\/www.leeb-balkone.com\/de\/blog\/balkon-und-gartenpflanzen-gartenarbeiten-im-april\/\"},\"author\":{\"name\":\"jbacher\",\"@id\":\"https:\/\/www.leeb-balkone.com\/de\/#\/schema\/person\/15f1f398efcf4703721e46c2136421fa\"},\"headline\":\"Balkon- und Gartenpflanzen: Gartenarbeiten im April\",\"datePublished\":\"2016-04-02T04:12:37+00:00\",\"dateModified\":\"2023-01-15T23:45:47+00:00\",\"mainEntityOfPage\":{\"@id\":\"https:\/\/www.leeb-balkone.com\/de\/blog\/balkon-und-gartenpflanzen-gartenarbeiten-im-april\/\"},\"wordCount\":1156,\"publisher\":{\"@id\":\"https:\/\/www.leeb-balkone.com\/de\/#organization\"},\"image\":{\"@id\":\"https:\/\/www.leeb-balkone.com\/de\/blog\/balkon-und-gartenpflanzen-gartenarbeiten-im-april\/#primaryimage\"},\"thumbnailUrl\":\"https:\/\/www.leeb-balkone.com\/app\/uploads\/2020\/10\/gartenarbeiten-im-april-1.jpg\",\"articleSection\":[\"Balkonpflanzen\",\"Garten und Pflanzen\",\"Gartenbau\",\"Gartengestaltung\",\"Tipps zur Balkongestaltung\"],\"inLanguage\":\"de\"},{\"@type\":\"WebPage\",\"@id\":\"https:\/\/www.leeb-balkone.com\/de\/blog\/balkon-und-gartenpflanzen-gartenarbeiten-im-april\/\",\"url\":\"https:\/\/www.leeb-balkone.com\/de\/blog\/balkon-und-gartenpflanzen-gartenarbeiten-im-april\/\",\"name\":\"Balkon- und Gartenpflanzen: Gartenarbeiten im April - Leeb Balkone\",\"isPartOf\":{\"@id\":\"https:\/\/www.leeb-balkone.com\/de\/#website\"},\"primaryImageOfPage\":{\"@id\":\"https:\/\/www.leeb-balkone.com\/de\/blog\/balkon-und-gartenpflanzen-gartenarbeiten-im-april\/#primaryimage\"},\"image\":{\"@id\":\"https:\/\/www.leeb-balkone.com\/de\/blog\/balkon-und-gartenpflanzen-gartenarbeiten-im-april\/#primaryimage\"},\"thumbnailUrl\":\"https:\/\/www.leeb-balkone.com\/app\/uploads\/2020\/10\/gartenarbeiten-im-april-1.jpg\",\"datePublished\":\"2016-04-02T04:12:37+00:00\",\"dateModified\":\"2023-01-15T23:45:47+00:00\",\"description\":\"Wer einen Garten hat oder alternativ eine stolze Topfkolonie am Balkon sein Eigen nennen darf, der wei\u00df, dass es im April besonders viel zu tun gibt. Balkon- wie Gartenpflanzen wollen die richtige Pflege zur richtigen Zeit.\",\"breadcrumb\":{\"@id\":\"https:\/\/www.leeb-balkone.com\/de\/blog\/balkon-und-gartenpflanzen-gartenarbeiten-im-april\/#breadcrumb\"},\"inLanguage\":\"de\",\"potentialAction\":[{\"@type\":\"ReadAction\",\"target\":[\"https:\/\/www.leeb-balkone.com\/de\/blog\/balkon-und-gartenpflanzen-gartenarbeiten-im-april\/\"]}]},{\"@type\":\"ImageObject\",\"inLanguage\":\"de\",\"@id\":\"https:\/\/www.leeb-balkone.com\/de\/blog\/balkon-und-gartenpflanzen-gartenarbeiten-im-april\/#primaryimage\",\"url\":\"https:\/\/www.leeb-balkone.com\/app\/uploads\/2020\/10\/gartenarbeiten-im-april-1.jpg\",\"contentUrl\":\"https:\/\/www.leeb-balkone.com\/app\/uploads\/2020\/10\/gartenarbeiten-im-april-1.jpg\",\"width\":1442,\"height\":968,\"caption\":\"Gartenarbeiten im April \u2013 Pflanzen und S\u00e4hen im Garten\"},{\"@type\":\"BreadcrumbList\",\"@id\":\"https:\/\/www.leeb-balkone.com\/de\/blog\/balkon-und-gartenpflanzen-gartenarbeiten-im-april\/#breadcrumb\",\"itemListElement\":[{\"@type\":\"ListItem\",\"position\":1,\"name\":\"Home\",\"item\":\"https:\/\/www.leeb-balkone.com\/de\/\"},{\"@type\":\"ListItem\",\"position\":2,\"name\":\"Balkon- und Gartenpflanzen: Gartenarbeiten im April\"}]},{\"@type\":\"WebSite\",\"@id\":\"https:\/\/www.leeb-balkone.com\/de\/#website\",\"url\":\"https:\/\/www.leeb-balkone.com\/de\/\",\"name\":\"Leeb Balkone\",\"description\":\"Balkone und Z\u00e4une\",\"publisher\":{\"@id\":\"https:\/\/www.leeb-balkone.com\/de\/#organization\"},\"potentialAction\":[{\"@type\":\"SearchAction\",\"target\":{\"@type\":\"EntryPoint\",\"urlTemplate\":\"https:\/\/www.leeb-balkone.com\/de\/?s={search_term_string}\"},\"query-input\":{\"@type\":\"PropertyValueSpecification\",\"valueRequired\":true,\"valueName\":\"search_term_string\"}}],\"inLanguage\":\"de\"},{\"@type\":\"Organization\",\"@id\":\"https:\/\/www.leeb-balkone.com\/de\/#organization\",\"name\":\"Leeb Balkone Gmbh\",\"url\":\"https:\/\/www.leeb-balkone.com\/de\/\",\"logo\":{\"@type\":\"ImageObject\",\"inLanguage\":\"de\",\"@id\":\"https:\/\/www.leeb-balkone.com\/de\/#\/schema\/logo\/image\/\",\"url\":\"https:\/\/www.leeb-balkone.com\/app\/uploads\/2020\/11\/leeb-logo.svg\",\"contentUrl\":\"https:\/\/www.leeb-balkone.com\/app\/uploads\/2020\/11\/leeb-logo.svg\",\"width\":741,\"height\":204,\"caption\":\"Leeb Balkone Gmbh\"},\"image\":{\"@id\":\"https:\/\/www.leeb-balkone.com\/de\/#\/schema\/logo\/image\/\"},\"sameAs\":[\"https:\/\/www.facebook.com\/balkone\/\",\"https:\/\/www.trustedshops.at\/bewertung\/info_X4587CCF5833E31AFE0B11F47D86999F2.html\",\"https:\/\/www.trustedshops.de\/bewertung\/info_X7BA536A7A0BDC86D36C4718E4DCAEEEF.html\",\"https:\/\/www.google.com\/maps\/place\/?q=place_id:ChIJ5-zH19-IcEcR9HonWRTllHI\"]},{\"@type\":\"Person\",\"@id\":\"https:\/\/www.leeb-balkone.com\/de\/#\/schema\/person\/15f1f398efcf4703721e46c2136421fa\",\"name\":\"jbacher\"}]}<\/script>\n<!-- \/ Yoast SEO plugin. -->","yoast_head_json":{"title":"Balkon- und Gartenpflanzen: Gartenarbeiten im April - Leeb Balkone Deutschland","description":"Wer einen Garten hat oder alternativ eine stolze Topfkolonie am Balkon sein Eigen nennen darf, der wei\u00df, dass es im April besonders viel zu tun gibt. Balkon- wie Gartenpflanzen wollen die richtige Pflege zur richtigen Zeit.","robots":{"index":"index","follow":"follow","max-snippet":"max-snippet:-1","max-image-preview":"max-image-preview:large","max-video-preview":"max-video-preview:-1"},"og_locale":"de_DE","og_type":"article","og_title":"Balkon- und Gartenpflanzen: Gartenarbeiten im April - Leeb Balkone","og_description":"Wer einen Garten hat oder alternativ eine stolze Topfkolonie am Balkon sein Eigen nennen darf, der wei\u00df, dass es im April besonders viel zu tun gibt. Balkon- wie Gartenpflanzen wollen die richtige Pflege zur richtigen Zeit.","og_url":"https:\/\/www.leeb-balkone.com\/de\/blog\/balkon-und-gartenpflanzen-gartenarbeiten-im-april\/","og_site_name":"Leeb Balkone","article_publisher":"https:\/\/www.facebook.com\/balkone\/","article_published_time":"2016-04-02T04:12:37+00:00","article_modified_time":"2023-01-15T23:45:47+00:00","og_image":[{"width":1442,"height":968,"url":"https:\/\/www.leeb-balkone.com\/app\/uploads\/2020\/10\/gartenarbeiten-im-april-1.jpg","type":"image\/jpeg"}],"author":"jbacher","twitter_card":"summary_large_image","schema":{"@context":"https:\/\/schema.org","@graph":[{"@type":"Article","@id":"https:\/\/www.leeb-balkone.com\/de\/blog\/balkon-und-gartenpflanzen-gartenarbeiten-im-april\/#article","isPartOf":{"@id":"https:\/\/www.leeb-balkone.com\/de\/blog\/balkon-und-gartenpflanzen-gartenarbeiten-im-april\/"},"author":{"name":"jbacher","@id":"https:\/\/www.leeb-balkone.com\/de\/#\/schema\/person\/15f1f398efcf4703721e46c2136421fa"},"headline":"Balkon- und Gartenpflanzen: Gartenarbeiten im April","datePublished":"2016-04-02T04:12:37+00:00","dateModified":"2023-01-15T23:45:47+00:00","mainEntityOfPage":{"@id":"https:\/\/www.leeb-balkone.com\/de\/blog\/balkon-und-gartenpflanzen-gartenarbeiten-im-april\/"},"wordCount":1156,"publisher":{"@id":"https:\/\/www.leeb-balkone.com\/de\/#organization"},"image":{"@id":"https:\/\/www.leeb-balkone.com\/de\/blog\/balkon-und-gartenpflanzen-gartenarbeiten-im-april\/#primaryimage"},"thumbnailUrl":"https:\/\/www.leeb-balkone.com\/app\/uploads\/2020\/10\/gartenarbeiten-im-april-1.jpg","articleSection":["Balkonpflanzen","Garten und Pflanzen","Gartenbau","Gartengestaltung","Tipps zur Balkongestaltung"],"inLanguage":"de"},{"@type":"WebPage","@id":"https:\/\/www.leeb-balkone.com\/de\/blog\/balkon-und-gartenpflanzen-gartenarbeiten-im-april\/","url":"https:\/\/www.leeb-balkone.com\/de\/blog\/balkon-und-gartenpflanzen-gartenarbeiten-im-april\/","name":"Balkon- und Gartenpflanzen: Gartenarbeiten im April - Leeb Balkone","isPartOf":{"@id":"https:\/\/www.leeb-balkone.com\/de\/#website"},"primaryImageOfPage":{"@id":"https:\/\/www.leeb-balkone.com\/de\/blog\/balkon-und-gartenpflanzen-gartenarbeiten-im-april\/#primaryimage"},"image":{"@id":"https:\/\/www.leeb-balkone.com\/de\/blog\/balkon-und-gartenpflanzen-gartenarbeiten-im-april\/#primaryimage"},"thumbnailUrl":"https:\/\/www.leeb-balkone.com\/app\/uploads\/2020\/10\/gartenarbeiten-im-april-1.jpg","datePublished":"2016-04-02T04:12:37+00:00","dateModified":"2023-01-15T23:45:47+00:00","description":"Wer einen Garten hat oder alternativ eine stolze Topfkolonie am Balkon sein Eigen nennen darf, der wei\u00df, dass es im April besonders viel zu tun gibt. Balkon- wie Gartenpflanzen wollen die richtige Pflege zur richtigen Zeit.","breadcrumb":{"@id":"https:\/\/www.leeb-balkone.com\/de\/blog\/balkon-und-gartenpflanzen-gartenarbeiten-im-april\/#breadcrumb"},"inLanguage":"de","potentialAction":[{"@type":"ReadAction","target":["https:\/\/www.leeb-balkone.com\/de\/blog\/balkon-und-gartenpflanzen-gartenarbeiten-im-april\/"]}]},{"@type":"ImageObject","inLanguage":"de","@id":"https:\/\/www.leeb-balkone.com\/de\/blog\/balkon-und-gartenpflanzen-gartenarbeiten-im-april\/#primaryimage","url":"https:\/\/www.leeb-balkone.com\/app\/uploads\/2020\/10\/gartenarbeiten-im-april-1.jpg","contentUrl":"https:\/\/www.leeb-balkone.com\/app\/uploads\/2020\/10\/gartenarbeiten-im-april-1.jpg","width":1442,"height":968,"caption":"Gartenarbeiten im April \u2013 Pflanzen und S\u00e4hen im Garten"},{"@type":"BreadcrumbList","@id":"https:\/\/www.leeb-balkone.com\/de\/blog\/balkon-und-gartenpflanzen-gartenarbeiten-im-april\/#breadcrumb","itemListElement":[{"@type":"ListItem","position":1,"name":"Home","item":"https:\/\/www.leeb-balkone.com\/de\/"},{"@type":"ListItem","position":2,"name":"Balkon- und Gartenpflanzen: Gartenarbeiten im April"}]},{"@type":"WebSite","@id":"https:\/\/www.leeb-balkone.com\/de\/#website","url":"https:\/\/www.leeb-balkone.com\/de\/","name":"Leeb Balkone","description":"Balkone und Z\u00e4une","publisher":{"@id":"https:\/\/www.leeb-balkone.com\/de\/#organization"},"potentialAction":[{"@type":"SearchAction","target":{"@type":"EntryPoint","urlTemplate":"https:\/\/www.leeb-balkone.com\/de\/?s={search_term_string}"},"query-input":{"@type":"PropertyValueSpecification","valueRequired":true,"valueName":"search_term_string"}}],"inLanguage":"de"},{"@type":"Organization","@id":"https:\/\/www.leeb-balkone.com\/de\/#organization","name":"Leeb Balkone Gmbh","url":"https:\/\/www.leeb-balkone.com\/de\/","logo":{"@type":"ImageObject","inLanguage":"de","@id":"https:\/\/www.leeb-balkone.com\/de\/#\/schema\/logo\/image\/","url":"https:\/\/www.leeb-balkone.com\/app\/uploads\/2020\/11\/leeb-logo.svg","contentUrl":"https:\/\/www.leeb-balkone.com\/app\/uploads\/2020\/11\/leeb-logo.svg","width":741,"height":204,"caption":"Leeb Balkone Gmbh"},"image":{"@id":"https:\/\/www.leeb-balkone.com\/de\/#\/schema\/logo\/image\/"},"sameAs":["https:\/\/www.facebook.com\/balkone\/","https:\/\/www.trustedshops.at\/bewertung\/info_X4587CCF5833E31AFE0B11F47D86999F2.html","https:\/\/www.trustedshops.de\/bewertung\/info_X7BA536A7A0BDC86D36C4718E4DCAEEEF.html","https:\/\/www.google.com\/maps\/place\/?q=place_id:ChIJ5-zH19-IcEcR9HonWRTllHI"]},{"@type":"Person","@id":"https:\/\/www.leeb-balkone.com\/de\/#\/schema\/person\/15f1f398efcf4703721e46c2136421fa","name":"jbacher"}]}},"_links":{"self":[{"href":"https:\/\/www.leeb-balkone.com\/de\/wp-json\/wp\/v2\/posts\/9303","targetHints":{"allow":["GET"]}}],"collection":[{"href":"https:\/\/www.leeb-balkone.com\/de\/wp-json\/wp\/v2\/posts"}],"about":[{"href":"https:\/\/www.leeb-balkone.com\/de\/wp-json\/wp\/v2\/types\/post"}],"author":[{"embeddable":true,"href":"https:\/\/www.leeb-balkone.com\/de\/wp-json\/wp\/v2\/users\/3"}],"replies":[{"embeddable":true,"href":"https:\/\/www.leeb-balkone.com\/de\/wp-json\/wp\/v2\/comments?post=9303"}],"version-history":[{"count":0,"href":"https:\/\/www.leeb-balkone.com\/de\/wp-json\/wp\/v2\/posts\/9303\/revisions"}],"wp:featuredmedia":[{"embeddable":true,"href":"https:\/\/www.leeb-balkone.com\/de\/wp-json\/wp\/v2\/media\/9304"}],"wp:attachment":[{"href":"https:\/\/www.leeb-balkone.com\/de\/wp-json\/wp\/v2\/media?parent=9303"}],"wp:term":[{"taxonomy":"category","embeddable":true,"href":"https:\/\/www.leeb-balkone.com\/de\/wp-json\/wp\/v2\/categories?post=9303"},{"taxonomy":"post_tag","embeddable":true,"href":"https:\/\/www.leeb-balkone.com\/de\/wp-json\/wp\/v2\/tags?post=9303"},{"taxonomy":"post_folder","embeddable":true,"href":"https:\/\/www.leeb-balkone.com\/de\/wp-json\/wp\/v2\/post_folder?post=9303"}],"curies":[{"name":"wp","href":"https:\/\/api.w.org\/{rel}","templated":true}]}}