{"id":9149,"date":"2019-09-05T09:14:20","date_gmt":"2019-09-05T09:14:20","guid":{"rendered":"https:\/\/www.leeb-balkone.com\/de\/blog\/postdummy-2-2-4-2\/"},"modified":"2023-01-16T16:04:38","modified_gmt":"2023-01-16T16:04:38","slug":"110-jahre-leeb-eine-erfolgsgeschichte-mit-tradition","status":"publish","type":"post","link":"https:\/\/www.leeb-balkone.com\/de\/blog\/110-jahre-leeb-eine-erfolgsgeschichte-mit-tradition\/","title":{"rendered":"\u00dcber 110 Jahre Leeb \u2013 eine Erfolgsgeschichte mit Tradition"},"content":{"rendered":"<header data-block_5bf89ff2ad16c663d288e6290b2d9176 class=\"c-fh  l-mh-small c-fh--hero c-grad-l2r c-fh--div none\">\n      <img loading=\"lazy\" decoding=\"async\" width=\"2560\" height=\"1689\" src=\"https:\/\/www.leeb-balkone.com\/app\/uploads\/2020\/10\/1906-Sa\u0308gewerk-Leeb-scaled.jpg\" class=\"no-lazy\" alt=\"Mitarbeiter der Firma Leeb Balkone in Gnesau\" srcset=\"https:\/\/www.leeb-balkone.com\/app\/uploads\/2020\/10\/1906-Sa\u0308gewerk-Leeb-scaled.jpg 2560w, https:\/\/www.leeb-balkone.com\/app\/uploads\/2020\/10\/1906-Sa\u0308gewerk-Leeb-300x198.jpg 300w, https:\/\/www.leeb-balkone.com\/app\/uploads\/2020\/10\/1906-Sa\u0308gewerk-Leeb-1024x676.jpg 1024w, https:\/\/www.leeb-balkone.com\/app\/uploads\/2020\/10\/1906-Sa\u0308gewerk-Leeb-768x507.jpg 768w, https:\/\/www.leeb-balkone.com\/app\/uploads\/2020\/10\/1906-Sa\u0308gewerk-Leeb-1536x1013.jpg 1536w, https:\/\/www.leeb-balkone.com\/app\/uploads\/2020\/10\/1906-Sa\u0308gewerk-Leeb-2048x1351.jpg 2048w\" sizes=\"auto, (min-width: 1536px) 2048px, (min-width: 992px) 1536px, (min-width: 768px) 1024px, (min-width: 576px) 768px, 100vw\" \/>\n\n\n<div class=\"grid-container\">\n  <div class=\"grid-x\">\n    <div class=\"cell small-12 medium-6 medium-offset-1\">\n      <div class=\"c-fh__wrapper\">\n              <\/div>\n    <\/div>\n  <\/div>\n<\/div>\n  \n    \n    <\/header>\n\n\n  \n  <section class=\"wp-block-group alignfull t3-header u-max-wide t3-header-text has-white-background-color has-background has-global-padding is-layout-constrained wp-block-group-is-layout-constrained\">\n    <div class=\"wp-block-group o-grid u-md-1 u-sm-1 is-layout-flow wp-block-group-is-layout-flow\">\n  <div class=\"wp-block-group u-g-10 u-g-s-2\">\n      <div class=\"yoast-breadcrumbs\"><span><span><a href=\"https:\/\/www.leeb-balkone.com\/de\/\">Home<\/a><\/span><\/span><\/div>\n      \n    <h1>\u00dcber 110 Jahre Leeb \u2013 eine Erfolgsgeschichte mit Tradition<\/h1>\n  <\/div>\n<\/div>\n  <\/section>\n\n\n\n\n\n\n<section class=\"wp-block-cgb-t3-section-block alignfull b-pt-small  is-style-bg-white\" style=\"display:inherit;min-height:inherit\">\n<div class=\"wp-block-cgb-t3-container-block none\" style=\"background-color:none\"><div class=\"grid-container\"><div class=\"grid-x\"><div class=\"cell small-12 medium-9 large-0 medium-offset-1 b-has-lsmb\">\n<p>Das erfolgreiche Familienunternehmen besteht bereits seit \u00fcber 110 Jahren und genau vor 43 Jahren \u2013 im Jahr 1976 \u2013 hat man sich auf die Produktion von Balkonen spezialisiert. Was 1906 als kleines S\u00e4gewerk begonnen hat, konnte sich im Laufe der Zeit zu Europas gr\u00f6\u00dften Balkon- und Zaunhersteller etablieren.<\/p>\n\n\n\n<h2 class=\"wp-block-heading\">Die ersten Jahre<\/h2>\n\n\n\n<p>Die Urspr\u00fcnge der Firma Leeb reichen bis ins Jahr 1906 zur\u00fcck. Damals wurde ein S\u00e4gewerk unter der Leitung von Ulrich Leeb, dem Urgro\u00dfvater des heutigen Firmenchefs, gegr\u00fcndet. Innovationen und moderne Techniken waren damals wie heute wichtiger Bestandteil der Firmenphilosophie. So wurde das S\u00e4gewerk mit einer Pelton-Turbine angetrieben. F\u00fcr das beginnende 20. Jahrhundert eine Besonderheit, da die Turbine eine Leistung von sagenhaften 6 PS erreichte.<\/p>\n\n\n\n<p>1920 \u00fcbersiedelte die Firma Leeb zum heutigen Firmenstandtort. Der erste gro\u00dfe Umbau fand im Jahr 1952 statt. Die Firma wurde um eine Kaplan-Turbine und ein Esterer-Vollgatter erweitert, was f\u00fcr die damalige Zeit eine gro\u00dfe Errungenschaft war.<\/p>\n<\/div><\/div><\/div><\/div>\n\n\n<div class=\"b-carousel  band slider\" data-block_cfc2586236651f3ea304130bf42a757d>\n  <div class=\"slides\">\n          <div>\n\n\n\n  \n    \n          \n\n              \n        \n\n        <img loading=\"lazy\" decoding=\"async\" width=\"1024\" height=\"640\" src=\"https:\/\/www.leeb-balkone.com\/app\/uploads\/2020\/10\/firmengelaende-der-leeb-balkone-gmbh-2020-1024x640.jpg\" class=\"no-lazy\" alt=\"Leeb Balkone Firmengel\u00e4nde im oberen Gurktal\" srcset=\"https:\/\/www.leeb-balkone.com\/app\/uploads\/2020\/10\/firmengelaende-der-leeb-balkone-gmbh-2020-1024x640.jpg 1024w, https:\/\/www.leeb-balkone.com\/app\/uploads\/2020\/10\/firmengelaende-der-leeb-balkone-gmbh-2020-300x188.jpg 300w, https:\/\/www.leeb-balkone.com\/app\/uploads\/2020\/10\/firmengelaende-der-leeb-balkone-gmbh-2020-768x480.jpg 768w, https:\/\/www.leeb-balkone.com\/app\/uploads\/2020\/10\/firmengelaende-der-leeb-balkone-gmbh-2020-1536x960.jpg 1536w, https:\/\/www.leeb-balkone.com\/app\/uploads\/2020\/10\/firmengelaende-der-leeb-balkone-gmbh-2020-2048x1280.jpg 2048w\" sizes=\"auto, (min-width: 1200px) 1024px, (min-width: 1024px) 768px, (min-width: 640px) 768px, 768px\" \/>        \n            \n          \n  <\/div>\n\n          <div>\n\n\n\n  \n    \n          \n\n              \n        \n\n        <img loading=\"lazy\" decoding=\"async\" width=\"1024\" height=\"676\" src=\"https:\/\/www.leeb-balkone.com\/app\/uploads\/2020\/10\/1906-Sa\u0308gewerk-Leeb-1024x676.jpg\" class=\"no-lazy\" alt=\"Firma Leeb als S\u00e4gewerk im Jahre 1906\" srcset=\"https:\/\/www.leeb-balkone.com\/app\/uploads\/2020\/10\/1906-Sa\u0308gewerk-Leeb-1024x676.jpg 1024w, https:\/\/www.leeb-balkone.com\/app\/uploads\/2020\/10\/1906-Sa\u0308gewerk-Leeb-300x198.jpg 300w, https:\/\/www.leeb-balkone.com\/app\/uploads\/2020\/10\/1906-Sa\u0308gewerk-Leeb-768x507.jpg 768w, https:\/\/www.leeb-balkone.com\/app\/uploads\/2020\/10\/1906-Sa\u0308gewerk-Leeb-1536x1013.jpg 1536w, https:\/\/www.leeb-balkone.com\/app\/uploads\/2020\/10\/1906-Sa\u0308gewerk-Leeb-2048x1351.jpg 2048w\" sizes=\"auto, (min-width: 1200px) 1024px, (min-width: 1024px) 768px, (min-width: 640px) 768px, 768px\" \/>        \n            \n          \n  <\/div>\n\n          <div>\n\n\n\n  \n    \n          \n\n              \n        \n\n        <img loading=\"lazy\" decoding=\"async\" width=\"1024\" height=\"684\" src=\"https:\/\/www.leeb-balkone.com\/app\/uploads\/2020\/10\/1962-Firmengela\u0308nde-1024x684.jpg\" class=\"no-lazy\" alt=\"Firma Leeb im Jahre 1962\" srcset=\"https:\/\/www.leeb-balkone.com\/app\/uploads\/2020\/10\/1962-Firmengela\u0308nde-1024x684.jpg 1024w, https:\/\/www.leeb-balkone.com\/app\/uploads\/2020\/10\/1962-Firmengela\u0308nde-300x200.jpg 300w, https:\/\/www.leeb-balkone.com\/app\/uploads\/2020\/10\/1962-Firmengela\u0308nde-768x513.jpg 768w, https:\/\/www.leeb-balkone.com\/app\/uploads\/2020\/10\/1962-Firmengela\u0308nde-1536x1025.jpg 1536w, https:\/\/www.leeb-balkone.com\/app\/uploads\/2020\/10\/1962-Firmengela\u0308nde-2048x1367.jpg 2048w\" sizes=\"auto, (min-width: 1200px) 1024px, (min-width: 1024px) 768px, (min-width: 640px) 768px, 768px\" \/>        \n            \n          \n  <\/div>\n\n          <div>\n\n\n\n  \n    \n          \n\n              \n        \n\n        <img loading=\"lazy\" decoding=\"async\" width=\"1024\" height=\"683\" src=\"https:\/\/www.leeb-balkone.com\/app\/uploads\/2020\/10\/1976-Firmengela\u0308nde-1024x683.jpg\" class=\"no-lazy\" alt=\"Leeb Balkone im Jahre 1976 \u2013 Beginn des Balkonbaus\" srcset=\"https:\/\/www.leeb-balkone.com\/app\/uploads\/2020\/10\/1976-Firmengela\u0308nde-1024x683.jpg 1024w, https:\/\/www.leeb-balkone.com\/app\/uploads\/2020\/10\/1976-Firmengela\u0308nde-300x200.jpg 300w, https:\/\/www.leeb-balkone.com\/app\/uploads\/2020\/10\/1976-Firmengela\u0308nde-768x512.jpg 768w, https:\/\/www.leeb-balkone.com\/app\/uploads\/2020\/10\/1976-Firmengela\u0308nde-1536x1025.jpg 1536w, https:\/\/www.leeb-balkone.com\/app\/uploads\/2020\/10\/1976-Firmengela\u0308nde-2048x1366.jpg 2048w\" sizes=\"auto, (min-width: 1200px) 1024px, (min-width: 1024px) 768px, (min-width: 640px) 768px, 768px\" \/>        \n            \n          \n  <\/div>\n\n      <\/div>\n\n<\/div>\n\n\n\n<div class=\"wp-block-cgb-t3-container-block none\" style=\"background-color:none\"><div class=\"grid-container\"><div class=\"grid-x\"><div class=\"cell small-12 medium-9 large-0 medium-offset-1 b-has-lsmb\">\n<h2 class=\"wp-block-heading\">Vom S\u00e4gewerk zur Balkonproduktion<\/h2>\n\n\n\n<p>Die Grundsteine f\u00fcr den heutigen Erfolg der Firma setzte Ing. Franz Leeb, der 1976 mit der Produktion von Holzbalkonen begann. Es stellte sich heraus, dass Holzbalkone eine Marktl\u00fccke darstellten und der Erfolg lie\u00df nicht lange auf sich warten. Mit ansprechenden Designs und gehobener Qualit\u00e4t konnte die Produktion schon bald gesteigert werden und 1979 wurde die erste Produktionshalle errichtet. Das Unternehmen wuchs schnell und exportierte bald in die umliegenden L\u00e4nder Deutschland, Schweiz und Italien.<\/p>\n\n\n\n<h2 class=\"wp-block-heading\">Vom Holzbalkon zum Aluminiumbalkon<\/h2>\n\n\n\n<p>Im Laufe der Jahre \u00e4nderte sich der Kundenwunsch und im Jahr 2001 wurde der Trend zur wartungsfreien Alternative zum Holz erkannt. Die Firma Leeb reagierte schnell und stellte 2004 die Produktion von Holz auf Aluminium um. Hohe Investitionen in eine moderne Maschinenausstattung und in Forschung und Entwicklung wurden get\u00e4tigt. Leeb entwickelte sogar eine eigene Oberfl\u00e4chenbeschichtung, welche die Produkte pflegeleichter und schmutzabweisender macht.<\/p>\n<\/div><\/div><\/div><\/div>\n\n\n\n<div class=\"wp-block-cgb-t3-container-block none\" style=\"background-color:none\"><div class=\"grid-container\"><div class=\"grid-x\"><div class=\"cell small-12 medium-9 large-0 medium-offset-1 b-has-lsmb\">\n<h2 class=\"wp-block-heading\">40 Jahre Erfahrung in der Branche<\/h2>\n\n\n\n<p>Heute verf\u00fcgt die Firma Leeb Balkone GmbH \u00fcber eine gro\u00dfe Produktionshalle mit eigener Pulverbeschichtungsanlage und besch\u00e4ftigt insgesamt 160 Mitarbeiter am Firmenstandort in Gnesau. Die Firma Leeb f\u00fchrt das goldene Qualit\u00e4tssiegel und ist seit 1996 ISO 9001 zertifiziert. Seit 2010 z\u00e4hlt auch die Auszeichnung Austria\u2019s Leading Company zu den vielen Pr\u00e4mierungen der Firma. Heute werden 60% ins benachbarte Ausland exportiert, 90% davon nach Deutschland. Das traditionsreiche Familienunternehmen wurde im Laufe der Zeit immer wieder modernisiert und umgebaut. Heute wird es bereits in vierter Generation von Mag. Markus Leeb gef\u00fchrt.<\/p>\n\n\n\n<h2 class=\"wp-block-heading\">Innovativ und immer einen Schritt voraus<\/h2>\n\n\n\n<p>Hinter der Erfolgsgeschichte steckt ein entscheidender Faktor: die Bereitschaft f\u00fcr Innovationen. Wie einst die Umstellung auf die Produktion von Aluminiumbalkonen und -z\u00e4unen, gibt es seit den letzten Jahren einen deutlichen Trend zu Glasbalkonen. Seit 2015 betreibt die Firma Leeb eine eigene Glaserei und hat Glasbalkone mit ins Sortiment aufgenommen.<\/p>\n<\/div><\/div><\/div><\/div>\n\n\n<div class=\"b-carousel  band slider\" data-block_837489db24c060711539ec7dd9e8526e>\n  <div class=\"slides\">\n          <div>\n\n\n\n  \n    \n          \n\n              \n        \n\n        <img loading=\"lazy\" decoding=\"async\" width=\"1024\" height=\"648\" src=\"https:\/\/www.leeb-balkone.com\/app\/uploads\/2020\/08\/leeb-balkone-transporter-1024x648.jpeg\" class=\"no-lazy\" alt=\"Leeb Balkone LKW\u2018s\" srcset=\"https:\/\/www.leeb-balkone.com\/app\/uploads\/2020\/08\/leeb-balkone-transporter-1024x648.jpeg 1024w, https:\/\/www.leeb-balkone.com\/app\/uploads\/2020\/08\/leeb-balkone-transporter-300x190.jpeg 300w, https:\/\/www.leeb-balkone.com\/app\/uploads\/2020\/08\/leeb-balkone-transporter-768x486.jpeg 768w, https:\/\/www.leeb-balkone.com\/app\/uploads\/2020\/08\/leeb-balkone-transporter-1536x972.jpeg 1536w, https:\/\/www.leeb-balkone.com\/app\/uploads\/2020\/08\/leeb-balkone-transporter-2048x1295.jpeg 2048w\" sizes=\"auto, (min-width: 1200px) 1024px, (min-width: 1024px) 768px, (min-width: 640px) 768px, 768px\" \/>        \n            \n          \n  <\/div>\n\n          <div>\n\n\n\n  \n    \n          \n\n              \n        \n\n        <img loading=\"lazy\" decoding=\"async\" width=\"767\" height=\"1024\" src=\"https:\/\/www.leeb-balkone.com\/app\/uploads\/2020\/08\/leeb-balkone-roswitha-markus-leeb-geschaeftsfuehrer-767x1024.jpeg\" class=\"no-lazy\" alt=\"Familie Roswitha und Markus Leeb Gesch\u00e4ftsf\u00fchrung\" srcset=\"https:\/\/www.leeb-balkone.com\/app\/uploads\/2020\/08\/leeb-balkone-roswitha-markus-leeb-geschaeftsfuehrer-767x1024.jpeg 767w, https:\/\/www.leeb-balkone.com\/app\/uploads\/2020\/08\/leeb-balkone-roswitha-markus-leeb-geschaeftsfuehrer-225x300.jpeg 225w, https:\/\/www.leeb-balkone.com\/app\/uploads\/2020\/08\/leeb-balkone-roswitha-markus-leeb-geschaeftsfuehrer-768x1025.jpeg 768w, https:\/\/www.leeb-balkone.com\/app\/uploads\/2020\/08\/leeb-balkone-roswitha-markus-leeb-geschaeftsfuehrer-1151x1536.jpeg 1151w, https:\/\/www.leeb-balkone.com\/app\/uploads\/2020\/08\/leeb-balkone-roswitha-markus-leeb-geschaeftsfuehrer-1534x2048.jpeg 1534w, https:\/\/www.leeb-balkone.com\/app\/uploads\/2020\/08\/leeb-balkone-roswitha-markus-leeb-geschaeftsfuehrer.jpeg 1873w\" sizes=\"auto, (min-width: 1200px) 1024px, (min-width: 1024px) 768px, (min-width: 640px) 768px, 768px\" \/>        \n            \n          \n  <\/div>\n\n          <div>\n\n\n\n  \n    \n          \n\n              \n        \n\n        <img loading=\"lazy\" decoding=\"async\" width=\"1024\" height=\"767\" src=\"https:\/\/www.leeb-balkone.com\/app\/uploads\/2020\/08\/leeb-balkone-mitarbeiter-3-1024x767.jpeg\" class=\"no-lazy\" alt=\"Tolles Arbeitsklima bei der Firma Leeb Balkone\" srcset=\"https:\/\/www.leeb-balkone.com\/app\/uploads\/2020\/08\/leeb-balkone-mitarbeiter-3-1024x767.jpeg 1024w, https:\/\/www.leeb-balkone.com\/app\/uploads\/2020\/08\/leeb-balkone-mitarbeiter-3-300x225.jpeg 300w, https:\/\/www.leeb-balkone.com\/app\/uploads\/2020\/08\/leeb-balkone-mitarbeiter-3-768x575.jpeg 768w, https:\/\/www.leeb-balkone.com\/app\/uploads\/2020\/08\/leeb-balkone-mitarbeiter-3-1536x1151.jpeg 1536w, https:\/\/www.leeb-balkone.com\/app\/uploads\/2020\/08\/leeb-balkone-mitarbeiter-3-2048x1535.jpeg 2048w\" sizes=\"auto, (min-width: 1200px) 1024px, (min-width: 1024px) 768px, (min-width: 640px) 768px, 768px\" \/>        \n            \n          \n  <\/div>\n\n          <div>\n\n\n\n  \n    \n          \n\n              \n        \n\n        <img loading=\"lazy\" decoding=\"async\" width=\"1024\" height=\"768\" src=\"https:\/\/www.leeb-balkone.com\/app\/uploads\/2020\/08\/leeb-balkone-mitarbeiter-2-1024x768.jpeg\" class=\"no-lazy\" alt=\"In der Produktion wird genau gearbeitet bei der Firma Leeb Balkone\" srcset=\"https:\/\/www.leeb-balkone.com\/app\/uploads\/2020\/08\/leeb-balkone-mitarbeiter-2-1024x768.jpeg 1024w, https:\/\/www.leeb-balkone.com\/app\/uploads\/2020\/08\/leeb-balkone-mitarbeiter-2-300x225.jpeg 300w, https:\/\/www.leeb-balkone.com\/app\/uploads\/2020\/08\/leeb-balkone-mitarbeiter-2-768x576.jpeg 768w, https:\/\/www.leeb-balkone.com\/app\/uploads\/2020\/08\/leeb-balkone-mitarbeiter-2-1536x1152.jpeg 1536w, https:\/\/www.leeb-balkone.com\/app\/uploads\/2020\/08\/leeb-balkone-mitarbeiter-2-2048x1536.jpeg 2048w\" sizes=\"auto, (min-width: 1200px) 1024px, (min-width: 1024px) 768px, (min-width: 640px) 768px, 768px\" \/>        \n            \n          \n  <\/div>\n\n      <\/div>\n\n<\/div>\n<\/section>\n\n\n\n<p><\/p>\n","protected":false},"excerpt":{"rendered":"<p>Was als kleines S\u00e4gewerk begann, konnte sich in den letzten 110 Jahren als Europas erfolgreichster Hersteller von Balkonen und Z\u00e4unen etablieren.<\/p>\n","protected":false},"author":3,"featured_media":9150,"comment_status":"closed","ping_status":"open","sticky":false,"template":"template-onepager.blade.php","format":"standard","meta":{"_acf_changed":false,"footnotes":""},"categories":[51,50,53],"tags":[],"post_folder":[],"class_list":["post-9149","post","type-post","status-publish","format-standard","has-post-thumbnail","hentry","category-aktuelles-zu-leeb-balkone","category-balkonbau-mit-leeb","category-technik-innovation"],"acf":[],"yoast_head":"<!-- This site is optimized with the Yoast SEO plugin v27.2 - https:\/\/yoast.com\/product\/yoast-seo-wordpress\/ -->\n<title>\u00dcber 110 Jahre Leeb \u2013 eine Erfolgsgeschichte mit Tradition - Leeb Balkone Deutschland<\/title>\n<meta name=\"description\" content=\"Was als kleines S\u00e4gewerk begann, konnte sich in den letzten 110 Jahren als Europas erfolgreichster Hersteller von Balkonen und Z\u00e4unen etablieren.\" \/>\n<meta name=\"robots\" content=\"index, follow, max-snippet:-1, max-image-preview:large, max-video-preview:-1\" \/>\n<meta property=\"og:locale\" content=\"de_DE\" \/>\n<meta property=\"og:type\" content=\"article\" \/>\n<meta property=\"og:title\" content=\"\u00dcber 110 Jahre Leeb \u2013 eine Erfolgsgeschichte mit Tradition - Leeb Balkone\" \/>\n<meta property=\"og:description\" content=\"Was als kleines S\u00e4gewerk begann, konnte sich in den letzten 110 Jahren als Europas erfolgreichster Hersteller von Balkonen und Z\u00e4unen etablieren.\" \/>\n<meta property=\"og:url\" content=\"https:\/\/www.leeb-balkone.com\/de\/blog\/110-jahre-leeb-eine-erfolgsgeschichte-mit-tradition\/\" \/>\n<meta property=\"og:site_name\" content=\"Leeb Balkone\" \/>\n<meta property=\"article:publisher\" content=\"https:\/\/www.facebook.com\/balkone\/\" \/>\n<meta property=\"article:published_time\" content=\"2019-09-05T09:14:20+00:00\" \/>\n<meta property=\"article:modified_time\" content=\"2023-01-16T16:04:38+00:00\" \/>\n<meta property=\"og:image\" content=\"https:\/\/www.leeb-balkone.com\/app\/uploads\/2020\/10\/1906-Sa\u0308gewerk-Leeb-scaled.jpg\" \/>\n\t<meta property=\"og:image:width\" content=\"2560\" \/>\n\t<meta property=\"og:image:height\" content=\"1689\" \/>\n\t<meta property=\"og:image:type\" content=\"image\/jpeg\" \/>\n<meta name=\"author\" content=\"jbacher\" \/>\n<meta name=\"twitter:card\" content=\"summary_large_image\" \/>\n<script type=\"application\/ld+json\" class=\"yoast-schema-graph\">{\"@context\":\"https:\/\/schema.org\",\"@graph\":[{\"@type\":\"Article\",\"@id\":\"https:\/\/www.leeb-balkone.com\/de\/blog\/110-jahre-leeb-eine-erfolgsgeschichte-mit-tradition\/#article\",\"isPartOf\":{\"@id\":\"https:\/\/www.leeb-balkone.com\/de\/blog\/110-jahre-leeb-eine-erfolgsgeschichte-mit-tradition\/\"},\"author\":{\"name\":\"jbacher\",\"@id\":\"https:\/\/www.leeb-balkone.com\/de\/#\/schema\/person\/15f1f398efcf4703721e46c2136421fa\"},\"headline\":\"\u00dcber 110 Jahre Leeb \u2013 eine Erfolgsgeschichte mit Tradition\",\"datePublished\":\"2019-09-05T09:14:20+00:00\",\"dateModified\":\"2023-01-16T16:04:38+00:00\",\"mainEntityOfPage\":{\"@id\":\"https:\/\/www.leeb-balkone.com\/de\/blog\/110-jahre-leeb-eine-erfolgsgeschichte-mit-tradition\/\"},\"wordCount\":457,\"publisher\":{\"@id\":\"https:\/\/www.leeb-balkone.com\/de\/#organization\"},\"image\":{\"@id\":\"https:\/\/www.leeb-balkone.com\/de\/blog\/110-jahre-leeb-eine-erfolgsgeschichte-mit-tradition\/#primaryimage\"},\"thumbnailUrl\":\"https:\/\/www.leeb-balkone.com\/app\/uploads\/2020\/10\/1906-Sa\u0308gewerk-Leeb-scaled.jpg\",\"articleSection\":[\"Aktuelles zu Leeb Balkone\",\"Balkonbau mit Leeb\",\"Technik &amp; Innovation\"],\"inLanguage\":\"de\"},{\"@type\":\"WebPage\",\"@id\":\"https:\/\/www.leeb-balkone.com\/de\/blog\/110-jahre-leeb-eine-erfolgsgeschichte-mit-tradition\/\",\"url\":\"https:\/\/www.leeb-balkone.com\/de\/blog\/110-jahre-leeb-eine-erfolgsgeschichte-mit-tradition\/\",\"name\":\"\u00dcber 110 Jahre Leeb \u2013 eine Erfolgsgeschichte mit Tradition - Leeb Balkone\",\"isPartOf\":{\"@id\":\"https:\/\/www.leeb-balkone.com\/de\/#website\"},\"primaryImageOfPage\":{\"@id\":\"https:\/\/www.leeb-balkone.com\/de\/blog\/110-jahre-leeb-eine-erfolgsgeschichte-mit-tradition\/#primaryimage\"},\"image\":{\"@id\":\"https:\/\/www.leeb-balkone.com\/de\/blog\/110-jahre-leeb-eine-erfolgsgeschichte-mit-tradition\/#primaryimage\"},\"thumbnailUrl\":\"https:\/\/www.leeb-balkone.com\/app\/uploads\/2020\/10\/1906-Sa\u0308gewerk-Leeb-scaled.jpg\",\"datePublished\":\"2019-09-05T09:14:20+00:00\",\"dateModified\":\"2023-01-16T16:04:38+00:00\",\"description\":\"Was als kleines S\u00e4gewerk begann, konnte sich in den letzten 110 Jahren als Europas erfolgreichster Hersteller von Balkonen und Z\u00e4unen etablieren.\",\"breadcrumb\":{\"@id\":\"https:\/\/www.leeb-balkone.com\/de\/blog\/110-jahre-leeb-eine-erfolgsgeschichte-mit-tradition\/#breadcrumb\"},\"inLanguage\":\"de\",\"potentialAction\":[{\"@type\":\"ReadAction\",\"target\":[\"https:\/\/www.leeb-balkone.com\/de\/blog\/110-jahre-leeb-eine-erfolgsgeschichte-mit-tradition\/\"]}]},{\"@type\":\"ImageObject\",\"inLanguage\":\"de\",\"@id\":\"https:\/\/www.leeb-balkone.com\/de\/blog\/110-jahre-leeb-eine-erfolgsgeschichte-mit-tradition\/#primaryimage\",\"url\":\"https:\/\/www.leeb-balkone.com\/app\/uploads\/2020\/10\/1906-Sa\u0308gewerk-Leeb-scaled.jpg\",\"contentUrl\":\"https:\/\/www.leeb-balkone.com\/app\/uploads\/2020\/10\/1906-Sa\u0308gewerk-Leeb-scaled.jpg\",\"width\":2560,\"height\":1689,\"caption\":\"Firma Leeb als S\u00e4gewerk im Jahre 1906 - heute Europas Marktf\u00fchrer f\u00fcr Balkone und Z\u00e4une aus Aluminium\"},{\"@type\":\"BreadcrumbList\",\"@id\":\"https:\/\/www.leeb-balkone.com\/de\/blog\/110-jahre-leeb-eine-erfolgsgeschichte-mit-tradition\/#breadcrumb\",\"itemListElement\":[{\"@type\":\"ListItem\",\"position\":1,\"name\":\"Home\",\"item\":\"https:\/\/www.leeb-balkone.com\/de\/\"},{\"@type\":\"ListItem\",\"position\":2,\"name\":\"\u00dcber 110 Jahre Leeb \u2013 eine Erfolgsgeschichte mit Tradition\"}]},{\"@type\":\"WebSite\",\"@id\":\"https:\/\/www.leeb-balkone.com\/de\/#website\",\"url\":\"https:\/\/www.leeb-balkone.com\/de\/\",\"name\":\"Leeb Balkone\",\"description\":\"Balkone und Z\u00e4une\",\"publisher\":{\"@id\":\"https:\/\/www.leeb-balkone.com\/de\/#organization\"},\"potentialAction\":[{\"@type\":\"SearchAction\",\"target\":{\"@type\":\"EntryPoint\",\"urlTemplate\":\"https:\/\/www.leeb-balkone.com\/de\/?s={search_term_string}\"},\"query-input\":{\"@type\":\"PropertyValueSpecification\",\"valueRequired\":true,\"valueName\":\"search_term_string\"}}],\"inLanguage\":\"de\"},{\"@type\":\"Organization\",\"@id\":\"https:\/\/www.leeb-balkone.com\/de\/#organization\",\"name\":\"Leeb Balkone Gmbh\",\"url\":\"https:\/\/www.leeb-balkone.com\/de\/\",\"logo\":{\"@type\":\"ImageObject\",\"inLanguage\":\"de\",\"@id\":\"https:\/\/www.leeb-balkone.com\/de\/#\/schema\/logo\/image\/\",\"url\":\"https:\/\/www.leeb-balkone.com\/app\/uploads\/2020\/11\/leeb-logo.svg\",\"contentUrl\":\"https:\/\/www.leeb-balkone.com\/app\/uploads\/2020\/11\/leeb-logo.svg\",\"width\":741,\"height\":204,\"caption\":\"Leeb Balkone Gmbh\"},\"image\":{\"@id\":\"https:\/\/www.leeb-balkone.com\/de\/#\/schema\/logo\/image\/\"},\"sameAs\":[\"https:\/\/www.facebook.com\/balkone\/\",\"https:\/\/www.trustedshops.at\/bewertung\/info_X4587CCF5833E31AFE0B11F47D86999F2.html\",\"https:\/\/www.trustedshops.de\/bewertung\/info_X7BA536A7A0BDC86D36C4718E4DCAEEEF.html\",\"https:\/\/www.google.com\/maps\/place\/?q=place_id:ChIJ5-zH19-IcEcR9HonWRTllHI\"]},{\"@type\":\"Person\",\"@id\":\"https:\/\/www.leeb-balkone.com\/de\/#\/schema\/person\/15f1f398efcf4703721e46c2136421fa\",\"name\":\"jbacher\"}]}<\/script>\n<!-- \/ Yoast SEO plugin. -->","yoast_head_json":{"title":"\u00dcber 110 Jahre Leeb \u2013 eine Erfolgsgeschichte mit Tradition - Leeb Balkone Deutschland","description":"Was als kleines S\u00e4gewerk begann, konnte sich in den letzten 110 Jahren als Europas erfolgreichster Hersteller von Balkonen und Z\u00e4unen etablieren.","robots":{"index":"index","follow":"follow","max-snippet":"max-snippet:-1","max-image-preview":"max-image-preview:large","max-video-preview":"max-video-preview:-1"},"og_locale":"de_DE","og_type":"article","og_title":"\u00dcber 110 Jahre Leeb \u2013 eine Erfolgsgeschichte mit Tradition - Leeb Balkone","og_description":"Was als kleines S\u00e4gewerk begann, konnte sich in den letzten 110 Jahren als Europas erfolgreichster Hersteller von Balkonen und Z\u00e4unen etablieren.","og_url":"https:\/\/www.leeb-balkone.com\/de\/blog\/110-jahre-leeb-eine-erfolgsgeschichte-mit-tradition\/","og_site_name":"Leeb Balkone","article_publisher":"https:\/\/www.facebook.com\/balkone\/","article_published_time":"2019-09-05T09:14:20+00:00","article_modified_time":"2023-01-16T16:04:38+00:00","og_image":[{"width":2560,"height":1689,"url":"https:\/\/www.leeb-balkone.com\/app\/uploads\/2020\/10\/1906-Sa\u0308gewerk-Leeb-scaled.jpg","type":"image\/jpeg"}],"author":"jbacher","twitter_card":"summary_large_image","schema":{"@context":"https:\/\/schema.org","@graph":[{"@type":"Article","@id":"https:\/\/www.leeb-balkone.com\/de\/blog\/110-jahre-leeb-eine-erfolgsgeschichte-mit-tradition\/#article","isPartOf":{"@id":"https:\/\/www.leeb-balkone.com\/de\/blog\/110-jahre-leeb-eine-erfolgsgeschichte-mit-tradition\/"},"author":{"name":"jbacher","@id":"https:\/\/www.leeb-balkone.com\/de\/#\/schema\/person\/15f1f398efcf4703721e46c2136421fa"},"headline":"\u00dcber 110 Jahre Leeb \u2013 eine Erfolgsgeschichte mit Tradition","datePublished":"2019-09-05T09:14:20+00:00","dateModified":"2023-01-16T16:04:38+00:00","mainEntityOfPage":{"@id":"https:\/\/www.leeb-balkone.com\/de\/blog\/110-jahre-leeb-eine-erfolgsgeschichte-mit-tradition\/"},"wordCount":457,"publisher":{"@id":"https:\/\/www.leeb-balkone.com\/de\/#organization"},"image":{"@id":"https:\/\/www.leeb-balkone.com\/de\/blog\/110-jahre-leeb-eine-erfolgsgeschichte-mit-tradition\/#primaryimage"},"thumbnailUrl":"https:\/\/www.leeb-balkone.com\/app\/uploads\/2020\/10\/1906-Sa\u0308gewerk-Leeb-scaled.jpg","articleSection":["Aktuelles zu Leeb Balkone","Balkonbau mit Leeb","Technik &amp; Innovation"],"inLanguage":"de"},{"@type":"WebPage","@id":"https:\/\/www.leeb-balkone.com\/de\/blog\/110-jahre-leeb-eine-erfolgsgeschichte-mit-tradition\/","url":"https:\/\/www.leeb-balkone.com\/de\/blog\/110-jahre-leeb-eine-erfolgsgeschichte-mit-tradition\/","name":"\u00dcber 110 Jahre Leeb \u2013 eine Erfolgsgeschichte mit Tradition - Leeb Balkone","isPartOf":{"@id":"https:\/\/www.leeb-balkone.com\/de\/#website"},"primaryImageOfPage":{"@id":"https:\/\/www.leeb-balkone.com\/de\/blog\/110-jahre-leeb-eine-erfolgsgeschichte-mit-tradition\/#primaryimage"},"image":{"@id":"https:\/\/www.leeb-balkone.com\/de\/blog\/110-jahre-leeb-eine-erfolgsgeschichte-mit-tradition\/#primaryimage"},"thumbnailUrl":"https:\/\/www.leeb-balkone.com\/app\/uploads\/2020\/10\/1906-Sa\u0308gewerk-Leeb-scaled.jpg","datePublished":"2019-09-05T09:14:20+00:00","dateModified":"2023-01-16T16:04:38+00:00","description":"Was als kleines S\u00e4gewerk begann, konnte sich in den letzten 110 Jahren als Europas erfolgreichster Hersteller von Balkonen und Z\u00e4unen etablieren.","breadcrumb":{"@id":"https:\/\/www.leeb-balkone.com\/de\/blog\/110-jahre-leeb-eine-erfolgsgeschichte-mit-tradition\/#breadcrumb"},"inLanguage":"de","potentialAction":[{"@type":"ReadAction","target":["https:\/\/www.leeb-balkone.com\/de\/blog\/110-jahre-leeb-eine-erfolgsgeschichte-mit-tradition\/"]}]},{"@type":"ImageObject","inLanguage":"de","@id":"https:\/\/www.leeb-balkone.com\/de\/blog\/110-jahre-leeb-eine-erfolgsgeschichte-mit-tradition\/#primaryimage","url":"https:\/\/www.leeb-balkone.com\/app\/uploads\/2020\/10\/1906-Sa\u0308gewerk-Leeb-scaled.jpg","contentUrl":"https:\/\/www.leeb-balkone.com\/app\/uploads\/2020\/10\/1906-Sa\u0308gewerk-Leeb-scaled.jpg","width":2560,"height":1689,"caption":"Firma Leeb als S\u00e4gewerk im Jahre 1906 - heute Europas Marktf\u00fchrer f\u00fcr Balkone und Z\u00e4une aus Aluminium"},{"@type":"BreadcrumbList","@id":"https:\/\/www.leeb-balkone.com\/de\/blog\/110-jahre-leeb-eine-erfolgsgeschichte-mit-tradition\/#breadcrumb","itemListElement":[{"@type":"ListItem","position":1,"name":"Home","item":"https:\/\/www.leeb-balkone.com\/de\/"},{"@type":"ListItem","position":2,"name":"\u00dcber 110 Jahre Leeb \u2013 eine Erfolgsgeschichte mit Tradition"}]},{"@type":"WebSite","@id":"https:\/\/www.leeb-balkone.com\/de\/#website","url":"https:\/\/www.leeb-balkone.com\/de\/","name":"Leeb Balkone","description":"Balkone und Z\u00e4une","publisher":{"@id":"https:\/\/www.leeb-balkone.com\/de\/#organization"},"potentialAction":[{"@type":"SearchAction","target":{"@type":"EntryPoint","urlTemplate":"https:\/\/www.leeb-balkone.com\/de\/?s={search_term_string}"},"query-input":{"@type":"PropertyValueSpecification","valueRequired":true,"valueName":"search_term_string"}}],"inLanguage":"de"},{"@type":"Organization","@id":"https:\/\/www.leeb-balkone.com\/de\/#organization","name":"Leeb Balkone Gmbh","url":"https:\/\/www.leeb-balkone.com\/de\/","logo":{"@type":"ImageObject","inLanguage":"de","@id":"https:\/\/www.leeb-balkone.com\/de\/#\/schema\/logo\/image\/","url":"https:\/\/www.leeb-balkone.com\/app\/uploads\/2020\/11\/leeb-logo.svg","contentUrl":"https:\/\/www.leeb-balkone.com\/app\/uploads\/2020\/11\/leeb-logo.svg","width":741,"height":204,"caption":"Leeb Balkone Gmbh"},"image":{"@id":"https:\/\/www.leeb-balkone.com\/de\/#\/schema\/logo\/image\/"},"sameAs":["https:\/\/www.facebook.com\/balkone\/","https:\/\/www.trustedshops.at\/bewertung\/info_X4587CCF5833E31AFE0B11F47D86999F2.html","https:\/\/www.trustedshops.de\/bewertung\/info_X7BA536A7A0BDC86D36C4718E4DCAEEEF.html","https:\/\/www.google.com\/maps\/place\/?q=place_id:ChIJ5-zH19-IcEcR9HonWRTllHI"]},{"@type":"Person","@id":"https:\/\/www.leeb-balkone.com\/de\/#\/schema\/person\/15f1f398efcf4703721e46c2136421fa","name":"jbacher"}]}},"_links":{"self":[{"href":"https:\/\/www.leeb-balkone.com\/de\/wp-json\/wp\/v2\/posts\/9149","targetHints":{"allow":["GET"]}}],"collection":[{"href":"https:\/\/www.leeb-balkone.com\/de\/wp-json\/wp\/v2\/posts"}],"about":[{"href":"https:\/\/www.leeb-balkone.com\/de\/wp-json\/wp\/v2\/types\/post"}],"author":[{"embeddable":true,"href":"https:\/\/www.leeb-balkone.com\/de\/wp-json\/wp\/v2\/users\/3"}],"replies":[{"embeddable":true,"href":"https:\/\/www.leeb-balkone.com\/de\/wp-json\/wp\/v2\/comments?post=9149"}],"version-history":[{"count":0,"href":"https:\/\/www.leeb-balkone.com\/de\/wp-json\/wp\/v2\/posts\/9149\/revisions"}],"wp:featuredmedia":[{"embeddable":true,"href":"https:\/\/www.leeb-balkone.com\/de\/wp-json\/wp\/v2\/media\/9150"}],"wp:attachment":[{"href":"https:\/\/www.leeb-balkone.com\/de\/wp-json\/wp\/v2\/media?parent=9149"}],"wp:term":[{"taxonomy":"category","embeddable":true,"href":"https:\/\/www.leeb-balkone.com\/de\/wp-json\/wp\/v2\/categories?post=9149"},{"taxonomy":"post_tag","embeddable":true,"href":"https:\/\/www.leeb-balkone.com\/de\/wp-json\/wp\/v2\/tags?post=9149"},{"taxonomy":"post_folder","embeddable":true,"href":"https:\/\/www.leeb-balkone.com\/de\/wp-json\/wp\/v2\/post_folder?post=9149"}],"curies":[{"name":"wp","href":"https:\/\/api.w.org\/{rel}","templated":true}]}}