{"id":9126,"date":"2018-01-20T08:50:34","date_gmt":"2018-01-20T08:50:34","guid":{"rendered":"https:\/\/www.leeb-balkone.com\/de\/blog\/postdummy-2-2-3-2-2-2\/"},"modified":"2023-01-15T23:45:09","modified_gmt":"2023-01-15T23:45:09","slug":"gartenarbeit-im-winter","status":"publish","type":"post","link":"https:\/\/www.leeb-balkone.com\/de\/blog\/gartenarbeit-im-winter\/","title":{"rendered":"Gartenarbeit im Winter"},"content":{"rendered":"<header data-block_5f72d84b7ebd9 class=\"c-fh  l-mh-small c-fh--hero c-grad-l2r c-fh--div none\">\n      <img loading=\"lazy\" decoding=\"async\" width=\"1472\" height=\"950\" src=\"https:\/\/www.leeb-balkone.com\/app\/uploads\/2020\/10\/garten-im-winter-1-gigapixel.jpg\" class=\"no-lazy\" alt=\"garten im winter 1 gigapixel\" srcset=\"https:\/\/www.leeb-balkone.com\/app\/uploads\/2020\/10\/garten-im-winter-1-gigapixel.jpg 1472w, https:\/\/www.leeb-balkone.com\/app\/uploads\/2020\/10\/garten-im-winter-1-gigapixel-300x194.jpg 300w, https:\/\/www.leeb-balkone.com\/app\/uploads\/2020\/10\/garten-im-winter-1-gigapixel-1024x661.jpg 1024w, https:\/\/www.leeb-balkone.com\/app\/uploads\/2020\/10\/garten-im-winter-1-gigapixel-768x496.jpg 768w\" sizes=\"auto, (min-width: 1536px) 2048px, (min-width: 992px) 1536px, (min-width: 768px) 1024px, (min-width: 576px) 768px, 100vw\" \/>\n\n\n<div class=\"grid-container\">\n  <div class=\"grid-x\">\n    <div class=\"cell small-12 medium-6 medium-offset-1\">\n      <div class=\"c-fh__wrapper\">\n              <\/div>\n    <\/div>\n  <\/div>\n<\/div>\n  \n    \n    <\/header>\n\n\n  \n  <section class=\"wp-block-group alignfull t3-header u-max-wide t3-header-text has-white-background-color has-background has-global-padding is-layout-constrained wp-block-group-is-layout-constrained\">\n    <div class=\"wp-block-group o-grid u-md-1 u-sm-1 is-layout-flow wp-block-group-is-layout-flow\">\n  <div class=\"wp-block-group u-g-10 u-g-s-2\">\n      <div class=\"yoast-breadcrumbs\"><span><span><a href=\"https:\/\/www.leeb-balkone.com\/de\/\">Home<\/a><\/span><\/span><\/div>\n      \n    <h1>Gartenarbeit im Winter<\/h1>\n  <\/div>\n<\/div>\n  <\/section>\n\n\n\n\n\n\n<section class=\"wp-block-cgb-t3-section-block alignfull b-pt-small  is-style-bg-white\" style=\"display:inherit;min-height:inherit\">\n<div class=\"wp-block-cgb-t3-container-block none\" style=\"background-color:none\"><div class=\"grid-container\"><div class=\"grid-x\"><div class=\"cell small-12 medium-9 large-0 medium-offset-1 b-has-lsmb\">\n<p>Auch der Garten geht in Winterruhe \u2013 das bedeutet aber nicht, dass er in dieser Zeit ganz schl\u00e4ft. Welche Gartenarbeiten zwischen Dezember und M\u00e4rz zu tun sind und wann der beste Zeitpunkt daf\u00fcr ist, verraten wir Ihnen im heutigen Beitrag.<\/p>\n\n\n\n<h2 class=\"wp-block-heading\">Gartenarbeiten zwischen Dezember und Februar<\/h2>\n\n\n\n<p>Wahrscheinlich haben Sie im Sp\u00e4therbst noch letzte \u00dcberwinterungsma\u00dfnahmen getroffen, Pflanzen untergestellt, T\u00f6pfe umwickelt und Ihren Gartenteich vor dem Zufrieren gesch\u00fctzt. Die kommenden Monate fallen zwar weniger Gartenarbeiten an als zwischen Fr\u00fchling und Herbst. Dennoch gibt es auch&nbsp;<strong>To-Dos f\u00fcr die kalte Jahreszeit<\/strong>, an die Sie regelm\u00e4\u00dfig denken sollten.<\/p>\n\n\n\n<h3 class=\"wp-block-heading\">Immergr\u00fcne Pflanzen gie\u00dfen<\/h3>\n\n\n\n<p>Pflanzen, die \u00fcberwintern, brauchen auch w\u00e4hrend frostigen Temperaturen Wasser \u2013 &nbsp;vor allem, wenn es ein trockener Winter ist. Es gen\u00fcgt allerdings, sie&nbsp;<strong>alle zwei Wochen<\/strong>&nbsp;zu gie\u00dfen. Achten Sie dabei darauf, dass das Wasser nur ins Erdreich gelangt, da \u00c4ste oder Bl\u00e4tter durch Spritzwasser erfrieren k\u00f6nnen.<\/p>\n\n\n\n<h3 class=\"wp-block-heading\">Schneelast entfernen<\/h3>\n\n\n\n<p>Starker Schneefall kann schon einmal dazu f\u00fchren, dass ein beachtliches Gewicht auf B\u00e4umen und Str\u00e4uchern lastet. Damit keine Zweige abbrechen, befreien Sie die Pflanzen am besten durch&nbsp;<strong>sanftes Abkehren<\/strong>&nbsp;von der Last. Sehr empfindliche Immergr\u00fcne sind sicher, wenn sie schon vor dem ersten Schnee durch einen&nbsp;<strong>Jutesack<\/strong>&nbsp;oder ein&nbsp;<strong>Gartenvlies<\/strong>&nbsp;gesch\u00fctzt bzw. unter eine Plane gestellt werden.<\/p>\n\n\n\n<h3 class=\"wp-block-heading\">B\u00e4ume f\u00e4llen<\/h3>\n\n\n\n<p>Ist es an der Zeit, einen Baum im Garten zu f\u00e4llen, sollte das auf jeden Fall im Winter passieren. Nun sind alle Bl\u00e4tter von den \u00c4sten abgefallen und \u00c4ste und Stamm selbst sind&nbsp;<strong>trocken<\/strong>. Dadurch k\u00f6nnen Sie den Baum nicht nur einfach beseitigen, sondern auch verwerten \u2013 n\u00e4mlich als&nbsp;<strong>wertvolles Brennholz<\/strong>. Obwohl das Holz nach dem F\u00e4llen im Winter schon trocken ist, stapeln und lagern Sie die Holzscheite idealerweise&nbsp;<strong>ein bis zwei zus\u00e4tzliche Jahre<\/strong>, um ihren maximalen Brennwert zu erreichen.<\/p>\n\n\n\n<h3 class=\"wp-block-heading\">Pflanzen vorziehen<\/h3>\n\n\n\n<p>Eine weitere Besch\u00e4ftigung f\u00fcr den Winter ist die&nbsp;<strong>Anzucht<\/strong>&nbsp;jener Pflanzen, die Sie mit Fr\u00fchlingsbeginn in den Garten setzen m\u00f6chten. Dazu setzen Sie die Samen am besten in spezieller Anzuchterde und bei Zimmertemperatur an einen gesch\u00fctzten Fleck \u2013 zum Beispiel auf die Fensterbank oder ins (beheizte) Treppenhaus.<\/p>\n<\/div><\/div><\/div><\/div>\n\n\n\n<div class=\"wp-block-cgb-t3-container-block none\" style=\"background-color:none\"><div class=\"grid-container\"><div class=\"grid-x\"><div class=\"cell small-12 medium-0 large-0\"><div id=\"lightgallery-block_5f771b5312a95\" data-block_5f771b5312a95 class=\"has-1-imgs b-cards b-cards--gallery u-grid-temp has-1-cols u-md-2 u-sm-1 wp-block-group is-layout-grid wp-block-group-is-layout-grid gallery alignwide\">\n\n        <div class=\"b-cards__item\">\n\n        \n      <figure>\n                 <img loading=\"lazy\" decoding=\"async\" width=\"1448\" height=\"966\" src=\"https:\/\/www.leeb-balkone.com\/app\/uploads\/2020\/10\/pflanzen-ziehen-winter-gigapixel.jpg\" class=\"attachment-1536x1536 size-1536x1536\" alt=\"pflanzen ziehen winter gigapixel\" srcset=\"https:\/\/www.leeb-balkone.com\/app\/uploads\/2020\/10\/pflanzen-ziehen-winter-gigapixel.jpg 1448w, https:\/\/www.leeb-balkone.com\/app\/uploads\/2020\/10\/pflanzen-ziehen-winter-gigapixel-300x200.jpg 300w, https:\/\/www.leeb-balkone.com\/app\/uploads\/2020\/10\/pflanzen-ziehen-winter-gigapixel-1024x683.jpg 1024w, https:\/\/www.leeb-balkone.com\/app\/uploads\/2020\/10\/pflanzen-ziehen-winter-gigapixel-768x512.jpg 768w\" sizes=\"auto, (min-width: 1200px) 100vw, (min-width: 1024px) 1536px, (min-width: 640px) 768px, 768px\" \/>              <\/figure>\n\n                  \n  \n<\/div>\n\n    <\/div>\n\n<\/div><\/div><\/div><\/div>\n\n\n\n<div class=\"wp-block-cgb-t3-container-block none\" style=\"background-color:none\"><div class=\"grid-container\"><div class=\"grid-x\"><div class=\"cell small-12 medium-9 large-0 medium-offset-1 b-has-lsmb\">\n<p><strong>Beliebte Gem\u00fcsepflanzen<\/strong>, die Sie ab Februar im Innenraum vorziehen k\u00f6nnen, sind zum Beispiel:<\/p>\n\n\n\n<ul class=\"wp-block-list\"><li>Tomaten<\/li><li>Paprika<\/li><li>Salat<\/li><li>Gurken<\/li><li>Kohlrabi<\/li><li>v.m.<\/li><\/ul>\n\n\n\n<h3 class=\"wp-block-heading\">Pflanzen im Fr\u00fchbeet setzen<\/h3>\n\n\n\n<p>Wenn Sie ein Fr\u00fchbeet haben, k\u00f6nnen Sie gewisse Gem\u00fcsesorten, Kr\u00e4uter oder Zierpflanzen ab Februar sogar schon in den Garten setzen. Wichtig ist n\u00e4mlich nur, dass die Pfl\u00e4nzchen&nbsp;<strong>keinen sp\u00e4ten Schnee oder Frost mehr<\/strong>&nbsp;erleiden. Ein Fr\u00fchbeet richten Sie f\u00fcr besten Sonneneinfall am besten gen S\u00fcden aus und bel\u00fcften es zumindest zwei Stunden am Tag.<\/p>\n\n\n\n<p>Diese Pflanzen kommen&nbsp;<strong>ab Februar ins Fr\u00fchbeet<\/strong>:<\/p>\n\n\n\n<ul class=\"wp-block-list\"><li>Radieschen<\/li><li>Erbsen<\/li><li>Kohl<\/li><li>Spinat<\/li><li>Porree<\/li><li>Fenchel<\/li><li>v.m.<\/li><\/ul>\n\n\n\n<h3 class=\"wp-block-heading\">Ger\u00e4teschuppen und Werkzeug auf Vordermann bringen<\/h3>\n\n\n\n<p>Jenseits der Pflanzenpflege gibt es nat\u00fcrlich noch andere Gartenarbeiten, die sich im Winter anbieten. Nimmt man sich etwa im Sommer nie die Zeit dazu, seinen&nbsp;<strong>Ger\u00e4teschuppen auszumisten<\/strong>&nbsp;oder seine Gartenwerkzeuge und Maschinen zu \u00fcberpr\u00fcfen, ist jetzt ein guter Zeitpunkt daf\u00fcr.<\/p>\n\n\n\n<h2 class=\"wp-block-heading\">Gartenarbeiten ab M\u00e4rz: Umstich und D\u00fcngen<\/h2>\n\n\n\n<p>Sie haben einen eigenen<strong>&nbsp;Kompost<\/strong>? Wunderbar \u2013 dann ist jetzt der richtige Zeitpunkt, um die frische Erde in Ihrem Garten zu verteilen. An Stellen, an denen keine mehrj\u00e4hrigen Pflanzen wiederkommen, k\u00f6nnen Sie jetzt umgraben, j\u00e4ten und etwaige Pflanzenreste entfernen. Haben Sie keine eigene Komposterde zur Verf\u00fcgung, k\u00f6nnen Sie Ihren Nutzgarten mit gekauftem&nbsp;<strong>D\u00fcnger<\/strong>&nbsp;anreichern.<\/p>\n\n\n\n<h3 class=\"wp-block-heading\">Fr\u00fchgem\u00fcse ins Beet setzen<\/h3>\n\n\n\n<p>Ab M\u00e4rz k\u00f6nnen gewisse&nbsp;<strong>Fr\u00fchsorten<\/strong>&nbsp;von der Fensterbank bzw. aus dem Fr\u00fchbeet in den Garten \u00fcbersiedeln. Ein vollst\u00e4ndiges Umsetzen Ihrer vorgezogenen Pfl\u00e4nzchen ins regul\u00e4re Beet sollte aber erst erfolgen, wenn mit&nbsp;<strong>keinen Nachtfr\u00f6sten mehr<\/strong>&nbsp;zu rechnen ist (fr\u00fchestens Ende Mai).<\/p>\n\n\n\n<h3 class=\"wp-block-heading\">Rosenschnitt<\/h3>\n\n\n\n<p><strong>Zwischen M\u00e4rz und April<\/strong>, sobald die Rosen begonnen haben, auszutreiben, erfolgt der Fr\u00fchjahrs-Rosenschnitt. Grund f\u00fcr den Schnitt: Kann eine Rose ihre Wuchskraft auf wenige, kr\u00e4ftige Triebe konzentrieren, bringt sie&nbsp;<strong>zahlreichere und sch\u00f6nere Bl\u00fcten<\/strong>&nbsp;hervor. Daher werden beim R\u00fcckschnitt im Fr\u00fchjahr schwache Triebe dritter und vierter Ordnung entfernt. Haben Sie noch nie selbst\u00e4ndig einen Rosenschnitt vorgenommen, ist es ratsam, sich fachkundige Unterst\u00fctzung zu holen, um die Blume schonend und mit bestem Ergebnis zu beschneiden.<\/p>\n\n\n\n<p><\/p>\n\n\n\n<h2 class=\"wp-block-heading\">Gartenarbeit im Winter \u2013 5 h\u00e4ufige Fehler, die Sie vermeiden k\u00f6nnen<\/h2>\n\n\n\n<h3 class=\"wp-block-heading\">1. Pflanzen unter ihrer Abdeckung \u201eschwitzen\u201c lassen<\/h3>\n\n\n\n<p>Unter Kunststoff-Folien oder in Fr\u00fchbeeten aus Plastik sammeln sich bei&nbsp;<strong>h\u00f6heren Temperaturen tags\u00fcber<\/strong>&nbsp;W\u00e4rme und das von der Pflanze verdunstete Wasser&nbsp;<strong>kondensiert<\/strong>. Kommt es nachts wieder zu Frost, besteht f\u00fcr die Pflanzen erh\u00f6hte Erfrierungsgefahr. Wichtig daher: Ist es untertags schon fr\u00fchlingshaft warm, \u00f6ffnen oder entfernen Sie die Folien und Beetabdeckung, um ausreichend zu bel\u00fcften.<\/p>\n\n\n\n<h3 class=\"wp-block-heading\">2. Zu viel oder zu wenig Licht<\/h3>\n\n\n\n<p>Je dunkler der Ort, an dem Sie immergr\u00fcne Pflanzen \u00fcberwintern, desto weiter fahren diese ihren&nbsp;<strong>Stoffwechsel<\/strong>&nbsp;herunter. Ideal ist also ein Stellplatz, der zwar nicht stockfinster ist, aber auch nicht allzu viele Sonnenstunden spendet (z.B. nordseitig). Verzichten Sie au\u00dferdem auf D\u00fcnger aller Art \u2013 so kommen K\u00fcbelpflanzen im Winter am besten \u201ezur Ruhe\u201c.<\/p>\n\n\n\n<h3 class=\"wp-block-heading\">3. Streusalz<\/h3>\n\n\n\n<p>Das im Winter gern verwendete Streusalz ist wortw\u00f6rtlich&nbsp;<strong>Gift f\u00fcr den Garten<\/strong>. Es vernichtet Kleinstlebewesen im Boden und bringt dadurch seine organische Balance durcheinander (der&nbsp;<strong>Boden verschlammt<\/strong>). Zudem zerst\u00f6rt das Salz beim Versickern die Zellen all jener Pflanzen, in deren Wurzeln es eindringt. Denken Sie also daran, zwischen Stra\u00dfe und Garten Ihre Schuhe zu wechseln und verzichten Sie selbst auf das Streuen.<\/p>\n\n\n\n<h3 class=\"wp-block-heading\">4. Gefrorenen Rasen betreten<\/h3>\n\n\n\n<p>Vermeiden Sie es, \u00fcber Ihren gefrorenen Rasen zu spazieren: Vor allem fr\u00fchmorgens ist dieser empfindlich. Die von Reif \u00fcberzogenen Halme sind&nbsp;<strong>hartgefroren und knicken sofort ab<\/strong>. Im schlimmsten Fall finden Sie im Fr\u00fchjahr an diesen Stellen abgestorbene Flecken im Gras.<\/p>\n\n\n\n<h3 class=\"wp-block-heading\">5. Winterschl\u00e4fer wecken<\/h3>\n\n\n\n<p><strong>Laubhaufen oder Holzschnitt<\/strong>, den Sie im Herbst deponiert haben, sollten Sie den ganzen Winter \u00fcber an derselben Stelle lassen. Kleine Tiere wie&nbsp;<strong>Igel<\/strong>&nbsp;oder Wildhamster ziehen sich in diese Quartiere f\u00fcr ihren&nbsp;<strong>Winterschlaf<\/strong>&nbsp;zur\u00fcck \u2013 werden sie fr\u00fchzeitig geweckt, ist das f\u00fcr die kleinen Garteng\u00e4ste lebensbedrohlich.<\/p>\n\n\n\n<p>Bildnachweis: Getty Images<\/p>\n<\/div><\/div><\/div><\/div>\n\n\n\n<p><\/p>\n<\/section>\n\n\n\n<p><\/p>\n","protected":false},"excerpt":{"rendered":"<p>Auch der Garten geht in Winterruhe \u2013 das bedeutet aber nicht, dass er in dieser Zeit ganz schl\u00e4ft. Welche Gartenarbeiten zwischen Dezember und M\u00e4rz zu tun sind und wann der beste Zeitpunkt daf\u00fcr ist, verraten wir Ihnen im heutigen Beitrag.<\/p>\n","protected":false},"author":3,"featured_media":8823,"comment_status":"closed","ping_status":"open","sticky":false,"template":"template-onepager.blade.php","format":"standard","meta":{"_acf_changed":false,"footnotes":""},"categories":[54,56,61,63],"tags":[],"post_folder":[],"class_list":["post-9126","post","type-post","status-publish","format-standard","has-post-thumbnail","hentry","category-balkongestaltung","category-balkonpflanzen","category-garten-und-pflanzen","category-gartenbau"],"acf":[],"yoast_head":"<!-- This site is optimized with the Yoast SEO plugin v27.2 - https:\/\/yoast.com\/product\/yoast-seo-wordpress\/ -->\n<title>Gartenarbeit im Winter - Leeb Balkone Deutschland<\/title>\n<meta name=\"description\" content=\"Auch der Garten geht in Winterruhe \u2013 das bedeutet aber nicht, dass er in dieser Zeit ganz schl\u00e4ft. Welche Gartenarbeiten zwischen Dezember und M\u00e4rz zu tun sind und wann der beste Zeitpunkt daf\u00fcr ist, verraten wir Ihnen im heutigen Beitrag.\" \/>\n<meta name=\"robots\" content=\"index, follow, max-snippet:-1, max-image-preview:large, max-video-preview:-1\" \/>\n<meta property=\"og:locale\" content=\"de_DE\" \/>\n<meta property=\"og:type\" content=\"article\" \/>\n<meta property=\"og:title\" content=\"Gartenarbeit im Winter - Leeb Balkone\" \/>\n<meta property=\"og:description\" content=\"Auch der Garten geht in Winterruhe \u2013 das bedeutet aber nicht, dass er in dieser Zeit ganz schl\u00e4ft. Welche Gartenarbeiten zwischen Dezember und M\u00e4rz zu tun sind und wann der beste Zeitpunkt daf\u00fcr ist, verraten wir Ihnen im heutigen Beitrag.\" \/>\n<meta property=\"og:url\" content=\"https:\/\/www.leeb-balkone.com\/de\/blog\/gartenarbeit-im-winter\/\" \/>\n<meta property=\"og:site_name\" content=\"Leeb Balkone\" \/>\n<meta property=\"article:publisher\" content=\"https:\/\/www.facebook.com\/balkone\/\" \/>\n<meta property=\"article:published_time\" content=\"2018-01-20T08:50:34+00:00\" \/>\n<meta property=\"article:modified_time\" content=\"2023-01-15T23:45:09+00:00\" \/>\n<meta property=\"og:image\" content=\"https:\/\/www.leeb-balkone.com\/app\/uploads\/2020\/10\/garten-im-winter-1-gigapixel.jpg\" \/>\n\t<meta property=\"og:image:width\" content=\"1472\" \/>\n\t<meta property=\"og:image:height\" content=\"950\" \/>\n\t<meta property=\"og:image:type\" content=\"image\/jpeg\" \/>\n<meta name=\"author\" content=\"jbacher\" \/>\n<meta name=\"twitter:card\" content=\"summary_large_image\" \/>\n<script type=\"application\/ld+json\" class=\"yoast-schema-graph\">{\"@context\":\"https:\/\/schema.org\",\"@graph\":[{\"@type\":\"Article\",\"@id\":\"https:\/\/www.leeb-balkone.com\/de\/blog\/gartenarbeit-im-winter\/#article\",\"isPartOf\":{\"@id\":\"https:\/\/www.leeb-balkone.com\/de\/blog\/gartenarbeit-im-winter\/\"},\"author\":{\"name\":\"jbacher\",\"@id\":\"https:\/\/www.leeb-balkone.com\/de\/#\/schema\/person\/15f1f398efcf4703721e46c2136421fa\"},\"headline\":\"Gartenarbeit im Winter\",\"datePublished\":\"2018-01-20T08:50:34+00:00\",\"dateModified\":\"2023-01-15T23:45:09+00:00\",\"mainEntityOfPage\":{\"@id\":\"https:\/\/www.leeb-balkone.com\/de\/blog\/gartenarbeit-im-winter\/\"},\"wordCount\":1082,\"publisher\":{\"@id\":\"https:\/\/www.leeb-balkone.com\/de\/#organization\"},\"image\":{\"@id\":\"https:\/\/www.leeb-balkone.com\/de\/blog\/gartenarbeit-im-winter\/#primaryimage\"},\"thumbnailUrl\":\"https:\/\/www.leeb-balkone.com\/app\/uploads\/2020\/10\/garten-im-winter-1-gigapixel.jpg\",\"articleSection\":[\"Balkongestaltung\",\"Balkonpflanzen\",\"Garten und Pflanzen\",\"Gartenbau\"],\"inLanguage\":\"de\"},{\"@type\":\"WebPage\",\"@id\":\"https:\/\/www.leeb-balkone.com\/de\/blog\/gartenarbeit-im-winter\/\",\"url\":\"https:\/\/www.leeb-balkone.com\/de\/blog\/gartenarbeit-im-winter\/\",\"name\":\"Gartenarbeit im Winter - Leeb Balkone\",\"isPartOf\":{\"@id\":\"https:\/\/www.leeb-balkone.com\/de\/#website\"},\"primaryImageOfPage\":{\"@id\":\"https:\/\/www.leeb-balkone.com\/de\/blog\/gartenarbeit-im-winter\/#primaryimage\"},\"image\":{\"@id\":\"https:\/\/www.leeb-balkone.com\/de\/blog\/gartenarbeit-im-winter\/#primaryimage\"},\"thumbnailUrl\":\"https:\/\/www.leeb-balkone.com\/app\/uploads\/2020\/10\/garten-im-winter-1-gigapixel.jpg\",\"datePublished\":\"2018-01-20T08:50:34+00:00\",\"dateModified\":\"2023-01-15T23:45:09+00:00\",\"description\":\"Auch der Garten geht in Winterruhe \u2013 das bedeutet aber nicht, dass er in dieser Zeit ganz schl\u00e4ft. Welche Gartenarbeiten zwischen Dezember und M\u00e4rz zu tun sind und wann der beste Zeitpunkt daf\u00fcr ist, verraten wir Ihnen im heutigen Beitrag.\",\"breadcrumb\":{\"@id\":\"https:\/\/www.leeb-balkone.com\/de\/blog\/gartenarbeit-im-winter\/#breadcrumb\"},\"inLanguage\":\"de\",\"potentialAction\":[{\"@type\":\"ReadAction\",\"target\":[\"https:\/\/www.leeb-balkone.com\/de\/blog\/gartenarbeit-im-winter\/\"]}]},{\"@type\":\"ImageObject\",\"inLanguage\":\"de\",\"@id\":\"https:\/\/www.leeb-balkone.com\/de\/blog\/gartenarbeit-im-winter\/#primaryimage\",\"url\":\"https:\/\/www.leeb-balkone.com\/app\/uploads\/2020\/10\/garten-im-winter-1-gigapixel.jpg\",\"contentUrl\":\"https:\/\/www.leeb-balkone.com\/app\/uploads\/2020\/10\/garten-im-winter-1-gigapixel.jpg\",\"width\":1472,\"height\":950},{\"@type\":\"BreadcrumbList\",\"@id\":\"https:\/\/www.leeb-balkone.com\/de\/blog\/gartenarbeit-im-winter\/#breadcrumb\",\"itemListElement\":[{\"@type\":\"ListItem\",\"position\":1,\"name\":\"Home\",\"item\":\"https:\/\/www.leeb-balkone.com\/de\/\"},{\"@type\":\"ListItem\",\"position\":2,\"name\":\"Gartenarbeit im Winter\"}]},{\"@type\":\"WebSite\",\"@id\":\"https:\/\/www.leeb-balkone.com\/de\/#website\",\"url\":\"https:\/\/www.leeb-balkone.com\/de\/\",\"name\":\"Leeb Balkone\",\"description\":\"Balkone und Z\u00e4une\",\"publisher\":{\"@id\":\"https:\/\/www.leeb-balkone.com\/de\/#organization\"},\"potentialAction\":[{\"@type\":\"SearchAction\",\"target\":{\"@type\":\"EntryPoint\",\"urlTemplate\":\"https:\/\/www.leeb-balkone.com\/de\/?s={search_term_string}\"},\"query-input\":{\"@type\":\"PropertyValueSpecification\",\"valueRequired\":true,\"valueName\":\"search_term_string\"}}],\"inLanguage\":\"de\"},{\"@type\":\"Organization\",\"@id\":\"https:\/\/www.leeb-balkone.com\/de\/#organization\",\"name\":\"Leeb Balkone Gmbh\",\"url\":\"https:\/\/www.leeb-balkone.com\/de\/\",\"logo\":{\"@type\":\"ImageObject\",\"inLanguage\":\"de\",\"@id\":\"https:\/\/www.leeb-balkone.com\/de\/#\/schema\/logo\/image\/\",\"url\":\"https:\/\/www.leeb-balkone.com\/app\/uploads\/2020\/11\/leeb-logo.svg\",\"contentUrl\":\"https:\/\/www.leeb-balkone.com\/app\/uploads\/2020\/11\/leeb-logo.svg\",\"width\":741,\"height\":204,\"caption\":\"Leeb Balkone Gmbh\"},\"image\":{\"@id\":\"https:\/\/www.leeb-balkone.com\/de\/#\/schema\/logo\/image\/\"},\"sameAs\":[\"https:\/\/www.facebook.com\/balkone\/\",\"https:\/\/www.trustedshops.at\/bewertung\/info_X4587CCF5833E31AFE0B11F47D86999F2.html\",\"https:\/\/www.trustedshops.de\/bewertung\/info_X7BA536A7A0BDC86D36C4718E4DCAEEEF.html\",\"https:\/\/www.google.com\/maps\/place\/?q=place_id:ChIJ5-zH19-IcEcR9HonWRTllHI\"]},{\"@type\":\"Person\",\"@id\":\"https:\/\/www.leeb-balkone.com\/de\/#\/schema\/person\/15f1f398efcf4703721e46c2136421fa\",\"name\":\"jbacher\"}]}<\/script>\n<!-- \/ Yoast SEO plugin. -->","yoast_head_json":{"title":"Gartenarbeit im Winter - Leeb Balkone Deutschland","description":"Auch der Garten geht in Winterruhe \u2013 das bedeutet aber nicht, dass er in dieser Zeit ganz schl\u00e4ft. Welche Gartenarbeiten zwischen Dezember und M\u00e4rz zu tun sind und wann der beste Zeitpunkt daf\u00fcr ist, verraten wir Ihnen im heutigen Beitrag.","robots":{"index":"index","follow":"follow","max-snippet":"max-snippet:-1","max-image-preview":"max-image-preview:large","max-video-preview":"max-video-preview:-1"},"og_locale":"de_DE","og_type":"article","og_title":"Gartenarbeit im Winter - Leeb Balkone","og_description":"Auch der Garten geht in Winterruhe \u2013 das bedeutet aber nicht, dass er in dieser Zeit ganz schl\u00e4ft. Welche Gartenarbeiten zwischen Dezember und M\u00e4rz zu tun sind und wann der beste Zeitpunkt daf\u00fcr ist, verraten wir Ihnen im heutigen Beitrag.","og_url":"https:\/\/www.leeb-balkone.com\/de\/blog\/gartenarbeit-im-winter\/","og_site_name":"Leeb Balkone","article_publisher":"https:\/\/www.facebook.com\/balkone\/","article_published_time":"2018-01-20T08:50:34+00:00","article_modified_time":"2023-01-15T23:45:09+00:00","og_image":[{"width":1472,"height":950,"url":"https:\/\/www.leeb-balkone.com\/app\/uploads\/2020\/10\/garten-im-winter-1-gigapixel.jpg","type":"image\/jpeg"}],"author":"jbacher","twitter_card":"summary_large_image","schema":{"@context":"https:\/\/schema.org","@graph":[{"@type":"Article","@id":"https:\/\/www.leeb-balkone.com\/de\/blog\/gartenarbeit-im-winter\/#article","isPartOf":{"@id":"https:\/\/www.leeb-balkone.com\/de\/blog\/gartenarbeit-im-winter\/"},"author":{"name":"jbacher","@id":"https:\/\/www.leeb-balkone.com\/de\/#\/schema\/person\/15f1f398efcf4703721e46c2136421fa"},"headline":"Gartenarbeit im Winter","datePublished":"2018-01-20T08:50:34+00:00","dateModified":"2023-01-15T23:45:09+00:00","mainEntityOfPage":{"@id":"https:\/\/www.leeb-balkone.com\/de\/blog\/gartenarbeit-im-winter\/"},"wordCount":1082,"publisher":{"@id":"https:\/\/www.leeb-balkone.com\/de\/#organization"},"image":{"@id":"https:\/\/www.leeb-balkone.com\/de\/blog\/gartenarbeit-im-winter\/#primaryimage"},"thumbnailUrl":"https:\/\/www.leeb-balkone.com\/app\/uploads\/2020\/10\/garten-im-winter-1-gigapixel.jpg","articleSection":["Balkongestaltung","Balkonpflanzen","Garten und Pflanzen","Gartenbau"],"inLanguage":"de"},{"@type":"WebPage","@id":"https:\/\/www.leeb-balkone.com\/de\/blog\/gartenarbeit-im-winter\/","url":"https:\/\/www.leeb-balkone.com\/de\/blog\/gartenarbeit-im-winter\/","name":"Gartenarbeit im Winter - Leeb Balkone","isPartOf":{"@id":"https:\/\/www.leeb-balkone.com\/de\/#website"},"primaryImageOfPage":{"@id":"https:\/\/www.leeb-balkone.com\/de\/blog\/gartenarbeit-im-winter\/#primaryimage"},"image":{"@id":"https:\/\/www.leeb-balkone.com\/de\/blog\/gartenarbeit-im-winter\/#primaryimage"},"thumbnailUrl":"https:\/\/www.leeb-balkone.com\/app\/uploads\/2020\/10\/garten-im-winter-1-gigapixel.jpg","datePublished":"2018-01-20T08:50:34+00:00","dateModified":"2023-01-15T23:45:09+00:00","description":"Auch der Garten geht in Winterruhe \u2013 das bedeutet aber nicht, dass er in dieser Zeit ganz schl\u00e4ft. Welche Gartenarbeiten zwischen Dezember und M\u00e4rz zu tun sind und wann der beste Zeitpunkt daf\u00fcr ist, verraten wir Ihnen im heutigen Beitrag.","breadcrumb":{"@id":"https:\/\/www.leeb-balkone.com\/de\/blog\/gartenarbeit-im-winter\/#breadcrumb"},"inLanguage":"de","potentialAction":[{"@type":"ReadAction","target":["https:\/\/www.leeb-balkone.com\/de\/blog\/gartenarbeit-im-winter\/"]}]},{"@type":"ImageObject","inLanguage":"de","@id":"https:\/\/www.leeb-balkone.com\/de\/blog\/gartenarbeit-im-winter\/#primaryimage","url":"https:\/\/www.leeb-balkone.com\/app\/uploads\/2020\/10\/garten-im-winter-1-gigapixel.jpg","contentUrl":"https:\/\/www.leeb-balkone.com\/app\/uploads\/2020\/10\/garten-im-winter-1-gigapixel.jpg","width":1472,"height":950},{"@type":"BreadcrumbList","@id":"https:\/\/www.leeb-balkone.com\/de\/blog\/gartenarbeit-im-winter\/#breadcrumb","itemListElement":[{"@type":"ListItem","position":1,"name":"Home","item":"https:\/\/www.leeb-balkone.com\/de\/"},{"@type":"ListItem","position":2,"name":"Gartenarbeit im Winter"}]},{"@type":"WebSite","@id":"https:\/\/www.leeb-balkone.com\/de\/#website","url":"https:\/\/www.leeb-balkone.com\/de\/","name":"Leeb Balkone","description":"Balkone und Z\u00e4une","publisher":{"@id":"https:\/\/www.leeb-balkone.com\/de\/#organization"},"potentialAction":[{"@type":"SearchAction","target":{"@type":"EntryPoint","urlTemplate":"https:\/\/www.leeb-balkone.com\/de\/?s={search_term_string}"},"query-input":{"@type":"PropertyValueSpecification","valueRequired":true,"valueName":"search_term_string"}}],"inLanguage":"de"},{"@type":"Organization","@id":"https:\/\/www.leeb-balkone.com\/de\/#organization","name":"Leeb Balkone Gmbh","url":"https:\/\/www.leeb-balkone.com\/de\/","logo":{"@type":"ImageObject","inLanguage":"de","@id":"https:\/\/www.leeb-balkone.com\/de\/#\/schema\/logo\/image\/","url":"https:\/\/www.leeb-balkone.com\/app\/uploads\/2020\/11\/leeb-logo.svg","contentUrl":"https:\/\/www.leeb-balkone.com\/app\/uploads\/2020\/11\/leeb-logo.svg","width":741,"height":204,"caption":"Leeb Balkone Gmbh"},"image":{"@id":"https:\/\/www.leeb-balkone.com\/de\/#\/schema\/logo\/image\/"},"sameAs":["https:\/\/www.facebook.com\/balkone\/","https:\/\/www.trustedshops.at\/bewertung\/info_X4587CCF5833E31AFE0B11F47D86999F2.html","https:\/\/www.trustedshops.de\/bewertung\/info_X7BA536A7A0BDC86D36C4718E4DCAEEEF.html","https:\/\/www.google.com\/maps\/place\/?q=place_id:ChIJ5-zH19-IcEcR9HonWRTllHI"]},{"@type":"Person","@id":"https:\/\/www.leeb-balkone.com\/de\/#\/schema\/person\/15f1f398efcf4703721e46c2136421fa","name":"jbacher"}]}},"_links":{"self":[{"href":"https:\/\/www.leeb-balkone.com\/de\/wp-json\/wp\/v2\/posts\/9126","targetHints":{"allow":["GET"]}}],"collection":[{"href":"https:\/\/www.leeb-balkone.com\/de\/wp-json\/wp\/v2\/posts"}],"about":[{"href":"https:\/\/www.leeb-balkone.com\/de\/wp-json\/wp\/v2\/types\/post"}],"author":[{"embeddable":true,"href":"https:\/\/www.leeb-balkone.com\/de\/wp-json\/wp\/v2\/users\/3"}],"replies":[{"embeddable":true,"href":"https:\/\/www.leeb-balkone.com\/de\/wp-json\/wp\/v2\/comments?post=9126"}],"version-history":[{"count":0,"href":"https:\/\/www.leeb-balkone.com\/de\/wp-json\/wp\/v2\/posts\/9126\/revisions"}],"wp:featuredmedia":[{"embeddable":true,"href":"https:\/\/www.leeb-balkone.com\/de\/wp-json\/wp\/v2\/media\/8823"}],"wp:attachment":[{"href":"https:\/\/www.leeb-balkone.com\/de\/wp-json\/wp\/v2\/media?parent=9126"}],"wp:term":[{"taxonomy":"category","embeddable":true,"href":"https:\/\/www.leeb-balkone.com\/de\/wp-json\/wp\/v2\/categories?post=9126"},{"taxonomy":"post_tag","embeddable":true,"href":"https:\/\/www.leeb-balkone.com\/de\/wp-json\/wp\/v2\/tags?post=9126"},{"taxonomy":"post_folder","embeddable":true,"href":"https:\/\/www.leeb-balkone.com\/de\/wp-json\/wp\/v2\/post_folder?post=9126"}],"curies":[{"name":"wp","href":"https:\/\/api.w.org\/{rel}","templated":true}]}}