{"id":9123,"date":"2017-06-05T08:46:31","date_gmt":"2017-06-05T08:46:31","guid":{"rendered":"https:\/\/www.leeb-balkone.com\/de\/blog\/postdummy-2-2-3-2-2-2-2-5\/"},"modified":"2023-01-16T16:50:48","modified_gmt":"2023-01-16T16:50:48","slug":"neue-pflanzentrends-fuer-balkonien","status":"publish","type":"post","link":"https:\/\/www.leeb-balkone.com\/de\/blog\/neue-pflanzentrends-fuer-balkonien\/","title":{"rendered":"Neue Pflanzentrends f\u00fcr Balkonien"},"content":{"rendered":"<header data-block_fe10d90f0c1bc181188af1e877afb674 class=\"c-fh  l-mh-small c-fh--hero c-grad-l2r c-fh--div none\">\n      <img loading=\"lazy\" decoding=\"async\" width=\"1200\" height=\"800\" src=\"https:\/\/www.leeb-balkone.com\/app\/uploads\/2020\/10\/urban-gardening-gigapixel.jpg\" class=\"no-lazy\" alt=\"urban gardening gigapixel\" srcset=\"https:\/\/www.leeb-balkone.com\/app\/uploads\/2020\/10\/urban-gardening-gigapixel-300x200.jpg 300w, https:\/\/www.leeb-balkone.com\/app\/uploads\/2020\/10\/urban-gardening-gigapixel-1024x683.jpg 1024w, https:\/\/www.leeb-balkone.com\/app\/uploads\/2020\/10\/urban-gardening-gigapixel-768x512.jpg 768w\" sizes=\"auto, (min-width: 1536px) 2048px, (min-width: 992px) 1536px, (min-width: 768px) 1024px, (min-width: 576px) 768px, 100vw\" \/>\n\n\n<div class=\"grid-container\">\n  <div class=\"grid-x\">\n    <div class=\"cell small-12 medium-6 medium-offset-1\">\n      <div class=\"c-fh__wrapper\">\n              <\/div>\n    <\/div>\n  <\/div>\n<\/div>\n  \n    \n    <\/header>\n\n\n  \n  <section class=\"wp-block-group alignfull t3-header u-max-wide t3-header-text has-white-background-color has-background has-global-padding is-layout-constrained wp-block-group-is-layout-constrained\">\n    <div class=\"wp-block-group o-grid u-md-1 u-sm-1 is-layout-flow wp-block-group-is-layout-flow\">\n  <div class=\"wp-block-group u-g-10 u-g-s-2\">\n      <div class=\"yoast-breadcrumbs\"><span><span><a href=\"https:\/\/www.leeb-balkone.com\/de\/\">Home<\/a><\/span><\/span><\/div>\n      \n    <h1>Neue Pflanzentrends f\u00fcr Balkonien<\/h1>\n  <\/div>\n<\/div>\n  <\/section>\n\n\n\n\n\n\n<section class=\"wp-block-cgb-t3-section-block alignfull b-pt-small  is-style-bg-white\" style=\"display:inherit;min-height:inherit\">\n<div class=\"wp-block-cgb-t3-container-block none\" style=\"background-color:none\"><div class=\"grid-container\"><div class=\"grid-x\"><div class=\"cell small-12 medium-9 large-0 medium-offset-1 b-has-lsmb\">\n<p>Sch\u00f6n langsam werden die Temperaturen w\u00e4rmer und die Tage l\u00e4nger. Die ersten Sonnenstrahlen fallen auf den Balkon und erste Fr\u00fchlingsgef\u00fchle kommen auf. Zeit, Ihren Balkon aus dem Winterschlaf zu wecken. Hobbyg\u00e4rtner machen sich jetzt schon Gedanken, welche Pflanzen am Balkon am besten gedeihen. Heute m\u00f6chten wir euch die neuesten Pflanzentrends f\u00fcr Balkonien vorstellen.<\/p>\n\n\n\n<h2 class=\"wp-block-heading\">Der eigene Gem\u00fcsegarten am Balkon<\/h2>\n\n\n\n<p>Der Trend zum Eigenanbau von Gem\u00fcse und Kr\u00e4utern boomt zurzeit. F\u00fcr all jene, die keinen eigenen Garten besitzen, gestaltet sich die Pflanzenauswahl etwas schwieriger. Zum einen muss man Pflanzen w\u00e4hlen, die auch in K\u00fcbeln wachsen und zum anderen hat man am Balkon meist nicht so viel Platz f\u00fcr die eigene Gem\u00fcseplantage. Auch auf das \u00dcberwintern der Pflanzen muss geachtet werden. Nicht jede Art kann in den kalten Wintermonaten am Balkon bleiben.<\/p>\n<\/div><\/div><\/div><\/div>\n\n\n\n<div class=\"wp-block-cgb-t3-container-block none\" style=\"background-color:none\"><div class=\"grid-container\"><div class=\"grid-x\"><div class=\"cell small-12 medium-0 large-0\"><div id=\"lightgallery-block_af0dc43fd8b8c77f3e058166909c016e\" data-block_af0dc43fd8b8c77f3e058166909c016e class=\"has-2-imgs b-cards b-cards--gallery u-grid-temp has-2-cols u-md-2 u-sm-1 wp-block-group is-layout-grid wp-block-group-is-layout-grid gallery alignwide\">\n\n        <div class=\"b-cards__item\">\n\n        \n      <figure>\n                 <img loading=\"lazy\" decoding=\"async\" width=\"1024\" height=\"707\" src=\"https:\/\/www.leeb-balkone.com\/app\/uploads\/2020\/10\/balkonblumen-kraeuter-1024x707.jpg\" class=\"attachment-large size-large\" alt=\"balkonblumen kraeuter\" srcset=\"https:\/\/www.leeb-balkone.com\/app\/uploads\/2020\/10\/balkonblumen-kraeuter-1024x707.jpg 1024w, https:\/\/www.leeb-balkone.com\/app\/uploads\/2020\/10\/balkonblumen-kraeuter-300x207.jpg 300w, https:\/\/www.leeb-balkone.com\/app\/uploads\/2020\/10\/balkonblumen-kraeuter-768x530.jpg 768w, https:\/\/www.leeb-balkone.com\/app\/uploads\/2020\/10\/balkonblumen-kraeuter-1536x1060.jpg 1536w, https:\/\/www.leeb-balkone.com\/app\/uploads\/2020\/10\/balkonblumen-kraeuter-2048x1414.jpg 2048w\" sizes=\"auto, (min-width: 1200px) 1024px, (min-width: 1024px) 768px, (min-width: 640px) 768px, 768px\" \/>              <\/figure>\n\n                  \n  \n<\/div>\n\n        <div class=\"b-cards__item\">\n\n        \n      <figure>\n                 <img loading=\"lazy\" decoding=\"async\" width=\"1024\" height=\"778\" src=\"https:\/\/www.leeb-balkone.com\/app\/uploads\/2020\/10\/balkonblumen-sitzgarnitur-1024x778.jpg\" class=\"attachment-large size-large\" alt=\"balkonblumen sitzgarnitur\" srcset=\"https:\/\/www.leeb-balkone.com\/app\/uploads\/2020\/10\/balkonblumen-sitzgarnitur-1024x778.jpg 1024w, https:\/\/www.leeb-balkone.com\/app\/uploads\/2020\/10\/balkonblumen-sitzgarnitur-300x228.jpg 300w, https:\/\/www.leeb-balkone.com\/app\/uploads\/2020\/10\/balkonblumen-sitzgarnitur-768x584.jpg 768w, https:\/\/www.leeb-balkone.com\/app\/uploads\/2020\/10\/balkonblumen-sitzgarnitur-1536x1167.jpg 1536w, https:\/\/www.leeb-balkone.com\/app\/uploads\/2020\/10\/balkonblumen-sitzgarnitur-2048x1556.jpg 2048w\" sizes=\"auto, (min-width: 1200px) 1024px, (min-width: 1024px) 768px, (min-width: 640px) 768px, 768px\" \/>              <\/figure>\n\n                  \n  \n<\/div>\n\n    <\/div>\n\n<\/div><\/div><\/div><\/div>\n\n\n\n<div class=\"wp-block-cgb-t3-container-block none\" style=\"background-color:none\"><div class=\"grid-container\"><div class=\"grid-x\"><div class=\"cell small-12 medium-9 large-0 medium-offset-1 b-has-lsmb\">\n<h2 class=\"wp-block-heading\">Neue Superpflanzen f\u00fcr Balkonien<\/h2>\n\n\n\n<p>Dank kreativer Pflanzenz\u00fcchter wurde das Platzproblem bereits gel\u00f6st. Ausgefallene Kombinationen wie beispielsweise&nbsp; die \u201eTomoffel\u201c machen es m\u00f6glich! Aber was genau steckt dahinter? Forscher haben es geschafft Pflanzen zu z\u00fcchten, die 2 verschiedene Obst- oder Gem\u00fcsesorten auf einem Strauch vereinen. Diese Pflanzen werden aus unterschiedlichen Eltern gez\u00fcchtet. Mit der \u201eJostabeere\u201c lassen sich Johannisbeeren und Schwarzbeeren vereinen und die \u201eBoysenbeere\u201c ist eine Kreuzung aus Brombeeren und Himbeeren. Sehr beliebt ist die eingangs erw\u00e4hnte \u201eTomoffel\u201c: Im Sommer k\u00f6nnen Sie leckere Kirschtomaten naschen und im Herbst k\u00f6nnen Kartoffel geerntet werden. Ihre Nachbarn werden verbl\u00fcfft sein.<\/p>\n<\/div><\/div><\/div><\/div>\n\n\n\n<div class=\"wp-block-cgb-t3-container-block none\" style=\"background-color:none\"><div class=\"grid-container\"><div class=\"grid-x\"><div class=\"cell small-12 medium-0 large-0\"><div id=\"lightgallery-block_f9fce3c3d76176263585ffaf797414d4\" data-block_f9fce3c3d76176263585ffaf797414d4 class=\"has-1-imgs b-cards b-cards--gallery u-grid-temp has-1-cols u-md-2 u-sm-1 wp-block-group is-layout-grid wp-block-group-is-layout-grid gallery alignwide\">\n\n        <div class=\"b-cards__item\">\n\n        \n      <figure>\n                 <img loading=\"lazy\" decoding=\"async\" width=\"1448\" height=\"966\" src=\"https:\/\/www.leeb-balkone.com\/app\/uploads\/2020\/10\/pflanzen-ziehen-winter-gigapixel.jpg\" class=\"attachment-1536x1536 size-1536x1536\" alt=\"pflanzen ziehen winter gigapixel\" srcset=\"https:\/\/www.leeb-balkone.com\/app\/uploads\/2020\/10\/pflanzen-ziehen-winter-gigapixel.jpg 1448w, https:\/\/www.leeb-balkone.com\/app\/uploads\/2020\/10\/pflanzen-ziehen-winter-gigapixel-300x200.jpg 300w, https:\/\/www.leeb-balkone.com\/app\/uploads\/2020\/10\/pflanzen-ziehen-winter-gigapixel-1024x683.jpg 1024w, https:\/\/www.leeb-balkone.com\/app\/uploads\/2020\/10\/pflanzen-ziehen-winter-gigapixel-768x512.jpg 768w\" sizes=\"auto, (min-width: 1200px) 100vw, (min-width: 1024px) 1536px, (min-width: 640px) 768px, 768px\" \/>              <\/figure>\n\n                  \n  \n<\/div>\n\n    <\/div>\n\n<\/div><\/div><\/div><\/div>\n\n\n\n<div class=\"wp-block-cgb-t3-container-block none\" style=\"background-color:none\"><div class=\"grid-container\"><div class=\"grid-x\"><div class=\"cell small-12 medium-9 large-0 medium-offset-1 b-has-lsmb\">\n<h2 class=\"wp-block-heading\">Nat\u00fcrliche Veredelung<\/h2>\n\n\n\n<p>Es handelt sich aber nicht \u2013 wie viele glauben \u2013 um ein genetisch manipuliertes Produkt, sondern um eine ganz nat\u00fcrliche Veredelung. Tomaten und Kartoffeln geh\u00f6ren n\u00e4mlich beide zu den Nachschattengew\u00e4chsen. Von Hand werden auf die Kartoffelwurzeln die Tomaten-Pfl\u00e4nzchen aufgepfropft, so dass beide Pflanzen verwachsen. Die \u201eTomoffel\u201c eignet sich gut f\u00fcr den Balkon, da sie auch im Blumentopf gut w\u00e4chst. Wichtig ist, dass die Pflanze in einen gro\u00dfen Topf gepflanzt wird und regelm\u00e4\u00dfig mit Wasser versorgt wird. Der Standort sollte m\u00f6glichst warm und sonnig sein. Die \u201eTomoffel\u201c sollte gleich gepflegt werden wie eine herk\u00f6mmliche Tomate. Die Seitentriebe sollten regelm\u00e4\u00dfig ausgegeizt werden und die Bl\u00e4tter sollten beim Gie\u00dfen niemals nass werden. Mit diesen Tipps steht einer reichlichen Tomaten- und Kartoffelernte nichts im Weg.<\/p>\n\n\n\n<h2 class=\"wp-block-heading\">Richtiger Zeitpunkt zum Bepflanzen<\/h2>\n\n\n\n<p>Die neue Pflanze ist von April bis Mai im Gartenfachhandel erh\u00e4ltlich. Vorsicht: beim Einpflanzen gilt es erst die Eisheiligen abzuwarten. Mamertus, Pankratius, Servatius, Bonifatius und Sophia. So nennen sich die 5 Eisheiligen, die vom 11. bis 15. Mai ihre Gedenktage haben. Sie stehen auch stellvertretend f\u00fcr Wetterumschw\u00fcnge. Besonders die kalte Sophie bringt noch einmal k\u00fchle Temperaturen. F\u00fcr Hobbyg\u00e4rtner gilt also der 15. Mai als Richtwert zum Bepflanzen. Aber auch danach ist Vorsicht geboten. Da die Tomate oder auch die \u201eTomoffel\u201c sehr k\u00e4lteempfindlich ist, sollte die Pflanze in den ersten zwei Wochen nachts mit einem Vlies eingewickelt werden.<\/p>\n<\/div><\/div><\/div><\/div>\n<\/section>\n\n\n\n<p><\/p>\n","protected":false},"excerpt":{"rendered":"<p>Hobbyg\u00e4rtner und Gem\u00fcsefans aufgepasst: Die neuesten Pflanzentrends sind nicht nur platzsparend, sie bieten auch eine gehaltvolle Ernte und schmecken vorz\u00fcglich. Hier finden Sie mehr zu diesem Thema.<\/p>\n","protected":false},"author":3,"featured_media":8841,"comment_status":"closed","ping_status":"open","sticky":false,"template":"template-onepager.blade.php","format":"standard","meta":{"_acf_changed":false,"footnotes":""},"categories":[54,56,61,63,59,58],"tags":[],"post_folder":[],"class_list":["post-9123","post","type-post","status-publish","format-standard","has-post-thumbnail","hentry","category-balkongestaltung","category-balkonpflanzen","category-garten-und-pflanzen","category-gartenbau","category-gartengestaltung","category-tipps-zur-balkongestaltung"],"acf":[],"yoast_head":"<!-- This site is optimized with the Yoast SEO plugin v27.2 - https:\/\/yoast.com\/product\/yoast-seo-wordpress\/ -->\n<title>Neue Pflanzentrends f\u00fcr Balkonien - Leeb Balkone Deutschland<\/title>\n<meta name=\"description\" content=\"Hobbyg\u00e4rtner und Gem\u00fcsefans aufgepasst: Die neuesten Pflanzentrends sind nicht nur platzsparend, sie bieten auch eine gehaltvolle Ernte und schmecken vorz\u00fcglich. Hier finden Sie mehr zu diesem Thema.\" \/>\n<meta name=\"robots\" content=\"index, follow, max-snippet:-1, max-image-preview:large, max-video-preview:-1\" \/>\n<meta property=\"og:locale\" content=\"de_DE\" \/>\n<meta property=\"og:type\" content=\"article\" \/>\n<meta property=\"og:title\" content=\"Neue Pflanzentrends f\u00fcr Balkonien - Leeb Balkone\" \/>\n<meta property=\"og:description\" content=\"Hobbyg\u00e4rtner und Gem\u00fcsefans aufgepasst: Die neuesten Pflanzentrends sind nicht nur platzsparend, sie bieten auch eine gehaltvolle Ernte und schmecken vorz\u00fcglich. Hier finden Sie mehr zu diesem Thema.\" \/>\n<meta property=\"og:url\" content=\"https:\/\/www.leeb-balkone.com\/de\/blog\/neue-pflanzentrends-fuer-balkonien\/\" \/>\n<meta property=\"og:site_name\" content=\"Leeb Balkone\" \/>\n<meta property=\"article:publisher\" content=\"https:\/\/www.facebook.com\/balkone\/\" \/>\n<meta property=\"article:published_time\" content=\"2017-06-05T08:46:31+00:00\" \/>\n<meta property=\"article:modified_time\" content=\"2023-01-16T16:50:48+00:00\" \/>\n<meta property=\"og:image\" content=\"https:\/\/www.leeb-balkone.com\/app\/uploads\/2020\/10\/urban-gardening-gigapixel.jpg\" \/>\n\t<meta property=\"og:image:width\" content=\"1200\" \/>\n\t<meta property=\"og:image:height\" content=\"800\" \/>\n\t<meta property=\"og:image:type\" content=\"image\/jpeg\" \/>\n<meta name=\"author\" content=\"jbacher\" \/>\n<meta name=\"twitter:card\" content=\"summary_large_image\" \/>\n<script type=\"application\/ld+json\" class=\"yoast-schema-graph\">{\"@context\":\"https:\/\/schema.org\",\"@graph\":[{\"@type\":\"Article\",\"@id\":\"https:\/\/www.leeb-balkone.com\/de\/blog\/neue-pflanzentrends-fuer-balkonien\/#article\",\"isPartOf\":{\"@id\":\"https:\/\/www.leeb-balkone.com\/de\/blog\/neue-pflanzentrends-fuer-balkonien\/\"},\"author\":{\"name\":\"jbacher\",\"@id\":\"https:\/\/www.leeb-balkone.com\/de\/#\/schema\/person\/15f1f398efcf4703721e46c2136421fa\"},\"headline\":\"Neue Pflanzentrends f\u00fcr Balkonien\",\"datePublished\":\"2017-06-05T08:46:31+00:00\",\"dateModified\":\"2023-01-16T16:50:48+00:00\",\"mainEntityOfPage\":{\"@id\":\"https:\/\/www.leeb-balkone.com\/de\/blog\/neue-pflanzentrends-fuer-balkonien\/\"},\"wordCount\":496,\"publisher\":{\"@id\":\"https:\/\/www.leeb-balkone.com\/de\/#organization\"},\"image\":{\"@id\":\"https:\/\/www.leeb-balkone.com\/de\/blog\/neue-pflanzentrends-fuer-balkonien\/#primaryimage\"},\"thumbnailUrl\":\"https:\/\/www.leeb-balkone.com\/app\/uploads\/2020\/10\/urban-gardening-gigapixel.jpg\",\"articleSection\":[\"Balkongestaltung\",\"Balkonpflanzen\",\"Garten und Pflanzen\",\"Gartenbau\",\"Gartengestaltung\",\"Tipps zur Balkongestaltung\"],\"inLanguage\":\"de\"},{\"@type\":\"WebPage\",\"@id\":\"https:\/\/www.leeb-balkone.com\/de\/blog\/neue-pflanzentrends-fuer-balkonien\/\",\"url\":\"https:\/\/www.leeb-balkone.com\/de\/blog\/neue-pflanzentrends-fuer-balkonien\/\",\"name\":\"Neue Pflanzentrends f\u00fcr Balkonien - Leeb Balkone\",\"isPartOf\":{\"@id\":\"https:\/\/www.leeb-balkone.com\/de\/#website\"},\"primaryImageOfPage\":{\"@id\":\"https:\/\/www.leeb-balkone.com\/de\/blog\/neue-pflanzentrends-fuer-balkonien\/#primaryimage\"},\"image\":{\"@id\":\"https:\/\/www.leeb-balkone.com\/de\/blog\/neue-pflanzentrends-fuer-balkonien\/#primaryimage\"},\"thumbnailUrl\":\"https:\/\/www.leeb-balkone.com\/app\/uploads\/2020\/10\/urban-gardening-gigapixel.jpg\",\"datePublished\":\"2017-06-05T08:46:31+00:00\",\"dateModified\":\"2023-01-16T16:50:48+00:00\",\"description\":\"Hobbyg\u00e4rtner und Gem\u00fcsefans aufgepasst: Die neuesten Pflanzentrends sind nicht nur platzsparend, sie bieten auch eine gehaltvolle Ernte und schmecken vorz\u00fcglich. Hier finden Sie mehr zu diesem Thema.\",\"breadcrumb\":{\"@id\":\"https:\/\/www.leeb-balkone.com\/de\/blog\/neue-pflanzentrends-fuer-balkonien\/#breadcrumb\"},\"inLanguage\":\"de\",\"potentialAction\":[{\"@type\":\"ReadAction\",\"target\":[\"https:\/\/www.leeb-balkone.com\/de\/blog\/neue-pflanzentrends-fuer-balkonien\/\"]}]},{\"@type\":\"ImageObject\",\"inLanguage\":\"de\",\"@id\":\"https:\/\/www.leeb-balkone.com\/de\/blog\/neue-pflanzentrends-fuer-balkonien\/#primaryimage\",\"url\":\"https:\/\/www.leeb-balkone.com\/app\/uploads\/2020\/10\/urban-gardening-gigapixel.jpg\",\"contentUrl\":\"https:\/\/www.leeb-balkone.com\/app\/uploads\/2020\/10\/urban-gardening-gigapixel.jpg\",\"width\":1200,\"height\":800},{\"@type\":\"BreadcrumbList\",\"@id\":\"https:\/\/www.leeb-balkone.com\/de\/blog\/neue-pflanzentrends-fuer-balkonien\/#breadcrumb\",\"itemListElement\":[{\"@type\":\"ListItem\",\"position\":1,\"name\":\"Home\",\"item\":\"https:\/\/www.leeb-balkone.com\/de\/\"},{\"@type\":\"ListItem\",\"position\":2,\"name\":\"Neue Pflanzentrends f\u00fcr Balkonien\"}]},{\"@type\":\"WebSite\",\"@id\":\"https:\/\/www.leeb-balkone.com\/de\/#website\",\"url\":\"https:\/\/www.leeb-balkone.com\/de\/\",\"name\":\"Leeb Balkone\",\"description\":\"Balkone und Z\u00e4une\",\"publisher\":{\"@id\":\"https:\/\/www.leeb-balkone.com\/de\/#organization\"},\"potentialAction\":[{\"@type\":\"SearchAction\",\"target\":{\"@type\":\"EntryPoint\",\"urlTemplate\":\"https:\/\/www.leeb-balkone.com\/de\/?s={search_term_string}\"},\"query-input\":{\"@type\":\"PropertyValueSpecification\",\"valueRequired\":true,\"valueName\":\"search_term_string\"}}],\"inLanguage\":\"de\"},{\"@type\":\"Organization\",\"@id\":\"https:\/\/www.leeb-balkone.com\/de\/#organization\",\"name\":\"Leeb Balkone Gmbh\",\"url\":\"https:\/\/www.leeb-balkone.com\/de\/\",\"logo\":{\"@type\":\"ImageObject\",\"inLanguage\":\"de\",\"@id\":\"https:\/\/www.leeb-balkone.com\/de\/#\/schema\/logo\/image\/\",\"url\":\"https:\/\/www.leeb-balkone.com\/app\/uploads\/2020\/11\/leeb-logo.svg\",\"contentUrl\":\"https:\/\/www.leeb-balkone.com\/app\/uploads\/2020\/11\/leeb-logo.svg\",\"width\":741,\"height\":204,\"caption\":\"Leeb Balkone Gmbh\"},\"image\":{\"@id\":\"https:\/\/www.leeb-balkone.com\/de\/#\/schema\/logo\/image\/\"},\"sameAs\":[\"https:\/\/www.facebook.com\/balkone\/\",\"https:\/\/www.trustedshops.at\/bewertung\/info_X4587CCF5833E31AFE0B11F47D86999F2.html\",\"https:\/\/www.trustedshops.de\/bewertung\/info_X7BA536A7A0BDC86D36C4718E4DCAEEEF.html\",\"https:\/\/www.google.com\/maps\/place\/?q=place_id:ChIJ5-zH19-IcEcR9HonWRTllHI\"]},{\"@type\":\"Person\",\"@id\":\"https:\/\/www.leeb-balkone.com\/de\/#\/schema\/person\/15f1f398efcf4703721e46c2136421fa\",\"name\":\"jbacher\"}]}<\/script>\n<!-- \/ Yoast SEO plugin. -->","yoast_head_json":{"title":"Neue Pflanzentrends f\u00fcr Balkonien - Leeb Balkone Deutschland","description":"Hobbyg\u00e4rtner und Gem\u00fcsefans aufgepasst: Die neuesten Pflanzentrends sind nicht nur platzsparend, sie bieten auch eine gehaltvolle Ernte und schmecken vorz\u00fcglich. Hier finden Sie mehr zu diesem Thema.","robots":{"index":"index","follow":"follow","max-snippet":"max-snippet:-1","max-image-preview":"max-image-preview:large","max-video-preview":"max-video-preview:-1"},"og_locale":"de_DE","og_type":"article","og_title":"Neue Pflanzentrends f\u00fcr Balkonien - Leeb Balkone","og_description":"Hobbyg\u00e4rtner und Gem\u00fcsefans aufgepasst: Die neuesten Pflanzentrends sind nicht nur platzsparend, sie bieten auch eine gehaltvolle Ernte und schmecken vorz\u00fcglich. Hier finden Sie mehr zu diesem Thema.","og_url":"https:\/\/www.leeb-balkone.com\/de\/blog\/neue-pflanzentrends-fuer-balkonien\/","og_site_name":"Leeb Balkone","article_publisher":"https:\/\/www.facebook.com\/balkone\/","article_published_time":"2017-06-05T08:46:31+00:00","article_modified_time":"2023-01-16T16:50:48+00:00","og_image":[{"width":1200,"height":800,"url":"https:\/\/www.leeb-balkone.com\/app\/uploads\/2020\/10\/urban-gardening-gigapixel.jpg","type":"image\/jpeg"}],"author":"jbacher","twitter_card":"summary_large_image","schema":{"@context":"https:\/\/schema.org","@graph":[{"@type":"Article","@id":"https:\/\/www.leeb-balkone.com\/de\/blog\/neue-pflanzentrends-fuer-balkonien\/#article","isPartOf":{"@id":"https:\/\/www.leeb-balkone.com\/de\/blog\/neue-pflanzentrends-fuer-balkonien\/"},"author":{"name":"jbacher","@id":"https:\/\/www.leeb-balkone.com\/de\/#\/schema\/person\/15f1f398efcf4703721e46c2136421fa"},"headline":"Neue Pflanzentrends f\u00fcr Balkonien","datePublished":"2017-06-05T08:46:31+00:00","dateModified":"2023-01-16T16:50:48+00:00","mainEntityOfPage":{"@id":"https:\/\/www.leeb-balkone.com\/de\/blog\/neue-pflanzentrends-fuer-balkonien\/"},"wordCount":496,"publisher":{"@id":"https:\/\/www.leeb-balkone.com\/de\/#organization"},"image":{"@id":"https:\/\/www.leeb-balkone.com\/de\/blog\/neue-pflanzentrends-fuer-balkonien\/#primaryimage"},"thumbnailUrl":"https:\/\/www.leeb-balkone.com\/app\/uploads\/2020\/10\/urban-gardening-gigapixel.jpg","articleSection":["Balkongestaltung","Balkonpflanzen","Garten und Pflanzen","Gartenbau","Gartengestaltung","Tipps zur Balkongestaltung"],"inLanguage":"de"},{"@type":"WebPage","@id":"https:\/\/www.leeb-balkone.com\/de\/blog\/neue-pflanzentrends-fuer-balkonien\/","url":"https:\/\/www.leeb-balkone.com\/de\/blog\/neue-pflanzentrends-fuer-balkonien\/","name":"Neue Pflanzentrends f\u00fcr Balkonien - Leeb Balkone","isPartOf":{"@id":"https:\/\/www.leeb-balkone.com\/de\/#website"},"primaryImageOfPage":{"@id":"https:\/\/www.leeb-balkone.com\/de\/blog\/neue-pflanzentrends-fuer-balkonien\/#primaryimage"},"image":{"@id":"https:\/\/www.leeb-balkone.com\/de\/blog\/neue-pflanzentrends-fuer-balkonien\/#primaryimage"},"thumbnailUrl":"https:\/\/www.leeb-balkone.com\/app\/uploads\/2020\/10\/urban-gardening-gigapixel.jpg","datePublished":"2017-06-05T08:46:31+00:00","dateModified":"2023-01-16T16:50:48+00:00","description":"Hobbyg\u00e4rtner und Gem\u00fcsefans aufgepasst: Die neuesten Pflanzentrends sind nicht nur platzsparend, sie bieten auch eine gehaltvolle Ernte und schmecken vorz\u00fcglich. Hier finden Sie mehr zu diesem Thema.","breadcrumb":{"@id":"https:\/\/www.leeb-balkone.com\/de\/blog\/neue-pflanzentrends-fuer-balkonien\/#breadcrumb"},"inLanguage":"de","potentialAction":[{"@type":"ReadAction","target":["https:\/\/www.leeb-balkone.com\/de\/blog\/neue-pflanzentrends-fuer-balkonien\/"]}]},{"@type":"ImageObject","inLanguage":"de","@id":"https:\/\/www.leeb-balkone.com\/de\/blog\/neue-pflanzentrends-fuer-balkonien\/#primaryimage","url":"https:\/\/www.leeb-balkone.com\/app\/uploads\/2020\/10\/urban-gardening-gigapixel.jpg","contentUrl":"https:\/\/www.leeb-balkone.com\/app\/uploads\/2020\/10\/urban-gardening-gigapixel.jpg","width":1200,"height":800},{"@type":"BreadcrumbList","@id":"https:\/\/www.leeb-balkone.com\/de\/blog\/neue-pflanzentrends-fuer-balkonien\/#breadcrumb","itemListElement":[{"@type":"ListItem","position":1,"name":"Home","item":"https:\/\/www.leeb-balkone.com\/de\/"},{"@type":"ListItem","position":2,"name":"Neue Pflanzentrends f\u00fcr Balkonien"}]},{"@type":"WebSite","@id":"https:\/\/www.leeb-balkone.com\/de\/#website","url":"https:\/\/www.leeb-balkone.com\/de\/","name":"Leeb Balkone","description":"Balkone und Z\u00e4une","publisher":{"@id":"https:\/\/www.leeb-balkone.com\/de\/#organization"},"potentialAction":[{"@type":"SearchAction","target":{"@type":"EntryPoint","urlTemplate":"https:\/\/www.leeb-balkone.com\/de\/?s={search_term_string}"},"query-input":{"@type":"PropertyValueSpecification","valueRequired":true,"valueName":"search_term_string"}}],"inLanguage":"de"},{"@type":"Organization","@id":"https:\/\/www.leeb-balkone.com\/de\/#organization","name":"Leeb Balkone Gmbh","url":"https:\/\/www.leeb-balkone.com\/de\/","logo":{"@type":"ImageObject","inLanguage":"de","@id":"https:\/\/www.leeb-balkone.com\/de\/#\/schema\/logo\/image\/","url":"https:\/\/www.leeb-balkone.com\/app\/uploads\/2020\/11\/leeb-logo.svg","contentUrl":"https:\/\/www.leeb-balkone.com\/app\/uploads\/2020\/11\/leeb-logo.svg","width":741,"height":204,"caption":"Leeb Balkone Gmbh"},"image":{"@id":"https:\/\/www.leeb-balkone.com\/de\/#\/schema\/logo\/image\/"},"sameAs":["https:\/\/www.facebook.com\/balkone\/","https:\/\/www.trustedshops.at\/bewertung\/info_X4587CCF5833E31AFE0B11F47D86999F2.html","https:\/\/www.trustedshops.de\/bewertung\/info_X7BA536A7A0BDC86D36C4718E4DCAEEEF.html","https:\/\/www.google.com\/maps\/place\/?q=place_id:ChIJ5-zH19-IcEcR9HonWRTllHI"]},{"@type":"Person","@id":"https:\/\/www.leeb-balkone.com\/de\/#\/schema\/person\/15f1f398efcf4703721e46c2136421fa","name":"jbacher"}]}},"_links":{"self":[{"href":"https:\/\/www.leeb-balkone.com\/de\/wp-json\/wp\/v2\/posts\/9123","targetHints":{"allow":["GET"]}}],"collection":[{"href":"https:\/\/www.leeb-balkone.com\/de\/wp-json\/wp\/v2\/posts"}],"about":[{"href":"https:\/\/www.leeb-balkone.com\/de\/wp-json\/wp\/v2\/types\/post"}],"author":[{"embeddable":true,"href":"https:\/\/www.leeb-balkone.com\/de\/wp-json\/wp\/v2\/users\/3"}],"replies":[{"embeddable":true,"href":"https:\/\/www.leeb-balkone.com\/de\/wp-json\/wp\/v2\/comments?post=9123"}],"version-history":[{"count":0,"href":"https:\/\/www.leeb-balkone.com\/de\/wp-json\/wp\/v2\/posts\/9123\/revisions"}],"wp:featuredmedia":[{"embeddable":true,"href":"https:\/\/www.leeb-balkone.com\/de\/wp-json\/wp\/v2\/media\/8841"}],"wp:attachment":[{"href":"https:\/\/www.leeb-balkone.com\/de\/wp-json\/wp\/v2\/media?parent=9123"}],"wp:term":[{"taxonomy":"category","embeddable":true,"href":"https:\/\/www.leeb-balkone.com\/de\/wp-json\/wp\/v2\/categories?post=9123"},{"taxonomy":"post_tag","embeddable":true,"href":"https:\/\/www.leeb-balkone.com\/de\/wp-json\/wp\/v2\/tags?post=9123"},{"taxonomy":"post_folder","embeddable":true,"href":"https:\/\/www.leeb-balkone.com\/de\/wp-json\/wp\/v2\/post_folder?post=9123"}],"curies":[{"name":"wp","href":"https:\/\/api.w.org\/{rel}","templated":true}]}}