{"id":9108,"date":"2017-05-15T08:32:02","date_gmt":"2017-05-15T08:32:02","guid":{"rendered":"https:\/\/www.leeb-balkone.com\/de\/blog\/postdummy-2-2-3-2-2-2-2-5\/"},"modified":"2023-01-15T23:45:12","modified_gmt":"2023-01-15T23:45:12","slug":"das-must-have-fuer-den-sommer-2017","status":"publish","type":"post","link":"https:\/\/www.leeb-balkone.com\/de\/blog\/das-must-have-fuer-den-sommer-2017\/","title":{"rendered":"Das Must-Have f\u00fcr den Sommer 2017"},"content":{"rendered":"<header data-block_5f72d84b7ebd9 class=\"c-fh  l-mh-small c-fh--hero c-grad-l2r c-fh--div none\">\n      <img loading=\"lazy\" decoding=\"async\" width=\"2400\" height=\"1600\" src=\"https:\/\/www.leeb-balkone.com\/app\/uploads\/2020\/10\/Outdoorteppich_Blog-schwarz.jpg\" class=\"no-lazy\" alt=\"Outdoorteppich_Blog schwarz\" srcset=\"https:\/\/www.leeb-balkone.com\/app\/uploads\/2020\/10\/Outdoorteppich_Blog-schwarz.jpg 2400w, https:\/\/www.leeb-balkone.com\/app\/uploads\/2020\/10\/Outdoorteppich_Blog-schwarz-300x200.jpg 300w, https:\/\/www.leeb-balkone.com\/app\/uploads\/2020\/10\/Outdoorteppich_Blog-schwarz-1024x683.jpg 1024w, https:\/\/www.leeb-balkone.com\/app\/uploads\/2020\/10\/Outdoorteppich_Blog-schwarz-768x512.jpg 768w, https:\/\/www.leeb-balkone.com\/app\/uploads\/2020\/10\/Outdoorteppich_Blog-schwarz-1536x1024.jpg 1536w, https:\/\/www.leeb-balkone.com\/app\/uploads\/2020\/10\/Outdoorteppich_Blog-schwarz-2048x1365.jpg 2048w\" sizes=\"auto, (min-width: 1536px) 2048px, (min-width: 992px) 1536px, (min-width: 768px) 1024px, (min-width: 576px) 768px, 100vw\" \/>\n\n\n<div class=\"grid-container\">\n  <div class=\"grid-x\">\n    <div class=\"cell small-12 medium-6 medium-offset-1\">\n      <div class=\"c-fh__wrapper\">\n              <\/div>\n    <\/div>\n  <\/div>\n<\/div>\n  \n    \n    <\/header>\n\n\n  \n  <section class=\"wp-block-group alignfull t3-header u-max-wide t3-header-text has-white-background-color has-background has-global-padding is-layout-constrained wp-block-group-is-layout-constrained\">\n    <div class=\"wp-block-group o-grid u-md-1 u-sm-1 is-layout-flow wp-block-group-is-layout-flow\">\n  <div class=\"wp-block-group u-g-10 u-g-s-2\">\n      <div class=\"yoast-breadcrumbs\"><span><span><a href=\"https:\/\/www.leeb-balkone.com\/de\/\">Home<\/a><\/span><\/span><\/div>\n      \n    <h1>Das Must-Have f\u00fcr den Sommer 2017<\/h1>\n  <\/div>\n<\/div>\n  <\/section>\n\n\n\n\n\n\n<section class=\"wp-block-cgb-t3-section-block alignfull b-pt-small  is-style-bg-white\" style=\"display:inherit;min-height:inherit\">\n<div class=\"wp-block-cgb-t3-container-block none\" style=\"background-color:none\"><div class=\"grid-container\"><div class=\"grid-x\"><div class=\"cell small-12 medium-9 large-0 medium-offset-1 b-has-lsmb\">\n<p>Im Sommer zieht es uns alle nach drau\u00dfen und man m\u00f6chte so viele Sonnenstunden wie nur m\u00f6glich genie\u00dfen. Daher darf auch am Balkon das wohnliche Flair nicht fehlen. Ein ganz neuer Trend sind hippe Outdoor-Teppiche, die f\u00fcr frischen Wind und Urlaubsfeeling im eigenen Zuhause sorgen. Sei es die Lounge vor dem Haus, der gem\u00fctliche Stadtbalkon oder die Terrasse, die als Erweiterung des Wohnraumes dienen und dementsprechend dekoriert werden. Outdoor-Teppiche sind ein Must-Have f\u00fcr den Sommer 2017 \u2013 Sie werden sie lieben!<\/p>\n\n\n\n<h2 class=\"wp-block-heading\">Robust und pflegeleicht<\/h2>\n\n\n\n<p>Das wetterfeste Textil ist zu 100% aus Kunstfasern gefertigt und ist daher langlebig und bleicht kaum aus. Der gro\u00dfe Vorteil daran \u2013 der Outdoor-Teppich ist so unempfindlich gegen Wasser und kann bei Regen im Freien bleiben. Eine flachgewebte Struktur sorgt daf\u00fcr, dass der Teppich pflegeleicht und schmutzabweisend ist. Die Oberfl\u00e4che kann entweder mit dem Staubsauger gereinigt oder mit dem Wasserschlauch abgespritzt werden. Obwohl die Textilien aus Kunstfaser bestehen, ist die Oberfl\u00e4che sch\u00f6n weich und sorgt f\u00fcr ein angenehmes Gef\u00fchl an den F\u00fc\u00dfen.<\/p>\n<\/div><\/div><\/div><\/div>\n\n\n\n<div class=\"wp-block-cgb-t3-container-block none\" style=\"background-color:none\"><div class=\"grid-container\"><div class=\"grid-x\"><div class=\"cell small-12 medium-0 large-0\"><div id=\"lightgallery-block_5f771b5312a95\" data-block_5f771b5312a95 class=\"has-1-imgs b-cards b-cards--gallery u-grid-temp has-1-cols u-md-2 u-sm-1 wp-block-group is-layout-grid wp-block-group-is-layout-grid gallery alignwide\">\n\n        <div class=\"b-cards__item\">\n\n        \n      <figure>\n                 <img loading=\"lazy\" decoding=\"async\" width=\"1536\" height=\"1024\" src=\"https:\/\/www.leeb-balkone.com\/app\/uploads\/2020\/10\/Boho-chic-1536x1024.jpg\" class=\"attachment-1536x1536 size-1536x1536\" alt=\"Boho chic\" srcset=\"https:\/\/www.leeb-balkone.com\/app\/uploads\/2020\/10\/Boho-chic-1536x1024.jpg 1536w, https:\/\/www.leeb-balkone.com\/app\/uploads\/2020\/10\/Boho-chic-300x200.jpg 300w, https:\/\/www.leeb-balkone.com\/app\/uploads\/2020\/10\/Boho-chic-1024x683.jpg 1024w, https:\/\/www.leeb-balkone.com\/app\/uploads\/2020\/10\/Boho-chic-768x512.jpg 768w, https:\/\/www.leeb-balkone.com\/app\/uploads\/2020\/10\/Boho-chic-2048x1365.jpg 2048w\" sizes=\"auto, (min-width: 1200px) 100vw, (min-width: 1024px) 1536px, (min-width: 640px) 768px, 768px\" \/>              <\/figure>\n\n                  \n  \n<\/div>\n\n    <\/div>\n\n<\/div><\/div><\/div><\/div>\n\n\n\n<div class=\"wp-block-cgb-t3-container-block none\" style=\"background-color:none\"><div class=\"grid-container\"><div class=\"grid-x\"><div class=\"cell small-12 medium-9 large-0 medium-offset-1 b-has-lsmb\">\n<h2 class=\"wp-block-heading\">Gro\u00dfe Designvielfalt sorgt f\u00fcr einladende Atmosph\u00e4re<\/h2>\n\n\n\n<p>Bei der gro\u00dfen Auswahl an abwechslungsreichen Designs und Farben finden Sie genau das Modell, das zu Ihrem Balkon passt. Voll im Trend liegt der lebendige Boho-Style, welcher den Hippie-Stil der sp\u00e4ten 1960er Jahre imitiert. Teppiche im Bohemian-Chic, wie der Boho-Style noch genannt wird, bereichern Wohnr\u00e4ume mit ihrem l\u00e4ssigen Charme. Aufregende Muster und lebendige Farben sind ein wichtiges Gestaltungsmerkmal dieser Designrichtung. F\u00fcr Puristen und jene, die es gerne schlicht und unauff\u00e4llig wollen, gibt es den Schwarz-Wei\u00df-Teppich. Originelle Musterungen und Motive verleihen einem Teppich in schwarz-wei\u00df einen unverwechselbaren Charakter. Der Vorteil: Teppiche dieser Art lassen sich problemlos mit anderen Farben kombinieren. Besonders knallige Farben passen sehr gut dazu. Das trendige Sommer-Accessoire gibt es auch in allen Gr\u00f6\u00dfen und Formen.<\/p>\n<\/div><\/div><\/div><\/div>\n\n\n\n<div class=\"wp-block-cgb-t3-container-block none\" style=\"background-color:none\"><div class=\"grid-container\"><div class=\"grid-x\"><div class=\"cell small-12 medium-0 large-0\"><div id=\"lightgallery-block_5f816cb81f794\" data-block_5f816cb81f794 class=\"has-1-imgs b-cards b-cards--gallery u-grid-temp has-1-cols u-md-2 u-sm-1 wp-block-group is-layout-grid wp-block-group-is-layout-grid gallery alignwide\">\n\n        <div class=\"b-cards__item\">\n\n        \n      <figure>\n                 <img loading=\"lazy\" decoding=\"async\" width=\"1536\" height=\"1024\" src=\"https:\/\/www.leeb-balkone.com\/app\/uploads\/2020\/10\/Outdoorteppich_Blog1-1536x1024.jpg\" class=\"attachment-1536x1536 size-1536x1536\" alt=\"Outdoorteppich_Blog1\" srcset=\"https:\/\/www.leeb-balkone.com\/app\/uploads\/2020\/10\/Outdoorteppich_Blog1-1536x1024.jpg 1536w, https:\/\/www.leeb-balkone.com\/app\/uploads\/2020\/10\/Outdoorteppich_Blog1-300x200.jpg 300w, https:\/\/www.leeb-balkone.com\/app\/uploads\/2020\/10\/Outdoorteppich_Blog1-1024x683.jpg 1024w, https:\/\/www.leeb-balkone.com\/app\/uploads\/2020\/10\/Outdoorteppich_Blog1-768x512.jpg 768w, https:\/\/www.leeb-balkone.com\/app\/uploads\/2020\/10\/Outdoorteppich_Blog1-2048x1365.jpg 2048w\" sizes=\"auto, (min-width: 1200px) 100vw, (min-width: 1024px) 1536px, (min-width: 640px) 768px, 768px\" \/>              <\/figure>\n\n                  \n  \n<\/div>\n\n    <\/div>\n\n<\/div><\/div><\/div><\/div>\n\n\n\n<div class=\"wp-block-cgb-t3-container-block none\" style=\"background-color:none\"><div class=\"grid-container\"><div class=\"grid-x\"><div class=\"cell small-12 medium-9 large-0 medium-offset-1 b-has-lsmb\">\n<h2 class=\"wp-block-heading\">Kaschieren alte Dielen<\/h2>\n\n\n\n<p>Outdoor-Teppiche sehen nicht nur schick aus, sie kaschieren auch abgenutzte und alte Dielen. Mit trendigen Musterungen oder frischen Farben werden verwitterte und k\u00fchle Bodenbelege schnell und einfach aufgewertet. Ein weiterer Vorteil: die Kunststofffaser-Teppiche k\u00f6nnen auch sehr gut im Innenbereich verwendet werden. Wenn die kalte Jahreszeit hereinbricht kann er beispielsweise als L\u00e4ufer benutzt werden. Vorallem im Eingangsbereich oder in der Garderobe kann er als Abstellfl\u00e4che f\u00fcr nasse Winterschuhe eingesetzt werden.<\/p>\n\n\n\n<h2 class=\"wp-block-heading\">Tipps zum Kauf<\/h2>\n\n\n\n<p>Grunds\u00e4tzlich k\u00f6nnte man jeden Teppich f\u00fcr drau\u00dfen verwenden, dennoch sollten einige Punkte beim Kauf von Outdoor-Teppichen beachtet werden. Damit man lange Freude hat, sollte der Teppich rutschhemmend sein, so hat man immer festen Halt unter den F\u00fc\u00dfen \u2013 auch an regnerischen Tagen. Materialien wie Polypropylen machen den Teppich pflegeleichter. Er kann schnell und einfach gereinigt werden. Idealerweise sollte das Textil waschbar sein. Bei einer flachen Webung k\u00f6nnen problemlos Gartenm\u00f6bel drauf gestellt werden. Auch beliebt sind Rasenteppiche, die Ihrem Balkon ein besonders Sommerfeeling verleihen. Achten Sie beim Kauf darauf, dass die Materialien UV-best\u00e4ndig sind, damit die Farbe nicht verblassen kann und damit das Material nicht zerbr\u00f6seln kann. &nbsp;Eine Noppenr\u00fcckseite sorgt daf\u00fcr, dass der Teppich nicht verrutschen kann und dass sich auch kein Schimmel auf der Unterseite bildet. Trotz Kunstfaser gibt es anschmiegsame und weiche Oberfl\u00e4chen, die sich barfu\u00df gut anf\u00fchlen. Hochflorige Teppiche f\u00fchlen sich fast so flauschig an wie Indoor-Teppiche, Kurzflorfasern hingegen zeichnen sich dadurch aus, dass zwischen ihren Fasern kaum Schmutz h\u00e4ngen bleibt. Sie werden das trendige Sommer Accessoire lieben!<\/p>\n<\/div><\/div><\/div><\/div>\n<\/section>\n\n\n\n<p><\/p>\n","protected":false},"excerpt":{"rendered":"<p>Outdoor-Teppiche z\u00e4hlen zu den trendigsten Sommer Accessoires. Welche Designs gerade \u201ein\u201c sind und was Sie beim Kauf beachten sollte, finden Sie in unserem neuesten Blogbeitrag.<\/p>\n","protected":false},"author":3,"featured_media":9101,"comment_status":"closed","ping_status":"open","sticky":false,"template":"template-onepager.blade.php","format":"standard","meta":{"_acf_changed":false,"footnotes":""},"categories":[54,55,62,59,58],"tags":[],"post_folder":[],"class_list":["post-9108","post","type-post","status-publish","format-standard","has-post-thumbnail","hentry","category-balkongestaltung","category-balkonmoebel","category-garten-terrassenmoebel","category-gartengestaltung","category-tipps-zur-balkongestaltung"],"acf":[],"yoast_head":"<!-- This site is optimized with the Yoast SEO plugin v27.2 - https:\/\/yoast.com\/product\/yoast-seo-wordpress\/ -->\n<title>Das Must-Have f\u00fcr den Sommer 2017 - Leeb Balkone Deutschland<\/title>\n<meta name=\"description\" content=\"Outdoor-Teppiche z\u00e4hlen zu den trendigsten Sommer Accessoires. Welche Designs gerade \u201ein\u201c sind und was Sie beim Kauf beachten sollte, finden Sie in unserem neuesten Blogbeitrag.\" \/>\n<meta name=\"robots\" content=\"index, follow, max-snippet:-1, max-image-preview:large, max-video-preview:-1\" \/>\n<meta property=\"og:locale\" content=\"de_DE\" \/>\n<meta property=\"og:type\" content=\"article\" \/>\n<meta property=\"og:title\" content=\"Das Must-Have f\u00fcr den Sommer 2017 - Leeb Balkone\" \/>\n<meta property=\"og:description\" content=\"Outdoor-Teppiche z\u00e4hlen zu den trendigsten Sommer Accessoires. Welche Designs gerade \u201ein\u201c sind und was Sie beim Kauf beachten sollte, finden Sie in unserem neuesten Blogbeitrag.\" \/>\n<meta property=\"og:url\" content=\"https:\/\/www.leeb-balkone.com\/de\/blog\/das-must-have-fuer-den-sommer-2017\/\" \/>\n<meta property=\"og:site_name\" content=\"Leeb Balkone\" \/>\n<meta property=\"article:publisher\" content=\"https:\/\/www.facebook.com\/balkone\/\" \/>\n<meta property=\"article:published_time\" content=\"2017-05-15T08:32:02+00:00\" \/>\n<meta property=\"article:modified_time\" content=\"2023-01-15T23:45:12+00:00\" \/>\n<meta property=\"og:image\" content=\"https:\/\/www.leeb-balkone.com\/app\/uploads\/2020\/10\/Outdoorteppich_Blog-schwarz-1024x683.jpg\" \/>\n\t<meta property=\"og:image:width\" content=\"1024\" \/>\n\t<meta property=\"og:image:height\" content=\"683\" \/>\n\t<meta property=\"og:image:type\" content=\"image\/jpeg\" \/>\n<meta name=\"author\" content=\"jbacher\" \/>\n<meta name=\"twitter:card\" content=\"summary_large_image\" \/>\n<script type=\"application\/ld+json\" class=\"yoast-schema-graph\">{\"@context\":\"https:\/\/schema.org\",\"@graph\":[{\"@type\":\"Article\",\"@id\":\"https:\/\/www.leeb-balkone.com\/de\/blog\/das-must-have-fuer-den-sommer-2017\/#article\",\"isPartOf\":{\"@id\":\"https:\/\/www.leeb-balkone.com\/de\/blog\/das-must-have-fuer-den-sommer-2017\/\"},\"author\":{\"name\":\"jbacher\",\"@id\":\"https:\/\/www.leeb-balkone.com\/de\/#\/schema\/person\/15f1f398efcf4703721e46c2136421fa\"},\"headline\":\"Das Must-Have f\u00fcr den Sommer 2017\",\"datePublished\":\"2017-05-15T08:32:02+00:00\",\"dateModified\":\"2023-01-15T23:45:12+00:00\",\"mainEntityOfPage\":{\"@id\":\"https:\/\/www.leeb-balkone.com\/de\/blog\/das-must-have-fuer-den-sommer-2017\/\"},\"wordCount\":582,\"publisher\":{\"@id\":\"https:\/\/www.leeb-balkone.com\/de\/#organization\"},\"image\":{\"@id\":\"https:\/\/www.leeb-balkone.com\/de\/blog\/das-must-have-fuer-den-sommer-2017\/#primaryimage\"},\"thumbnailUrl\":\"https:\/\/www.leeb-balkone.com\/app\/uploads\/2020\/10\/Outdoorteppich_Blog-schwarz.jpg\",\"articleSection\":[\"Balkongestaltung\",\"Balkonm\u00f6bel\",\"Garten- &amp; Terrassenm\u00f6bel\",\"Gartengestaltung\",\"Tipps zur Balkongestaltung\"],\"inLanguage\":\"de\"},{\"@type\":\"WebPage\",\"@id\":\"https:\/\/www.leeb-balkone.com\/de\/blog\/das-must-have-fuer-den-sommer-2017\/\",\"url\":\"https:\/\/www.leeb-balkone.com\/de\/blog\/das-must-have-fuer-den-sommer-2017\/\",\"name\":\"Das Must-Have f\u00fcr den Sommer 2017 - Leeb Balkone\",\"isPartOf\":{\"@id\":\"https:\/\/www.leeb-balkone.com\/de\/#website\"},\"primaryImageOfPage\":{\"@id\":\"https:\/\/www.leeb-balkone.com\/de\/blog\/das-must-have-fuer-den-sommer-2017\/#primaryimage\"},\"image\":{\"@id\":\"https:\/\/www.leeb-balkone.com\/de\/blog\/das-must-have-fuer-den-sommer-2017\/#primaryimage\"},\"thumbnailUrl\":\"https:\/\/www.leeb-balkone.com\/app\/uploads\/2020\/10\/Outdoorteppich_Blog-schwarz.jpg\",\"datePublished\":\"2017-05-15T08:32:02+00:00\",\"dateModified\":\"2023-01-15T23:45:12+00:00\",\"description\":\"Outdoor-Teppiche z\u00e4hlen zu den trendigsten Sommer Accessoires. Welche Designs gerade \u201ein\u201c sind und was Sie beim Kauf beachten sollte, finden Sie in unserem neuesten Blogbeitrag.\",\"breadcrumb\":{\"@id\":\"https:\/\/www.leeb-balkone.com\/de\/blog\/das-must-have-fuer-den-sommer-2017\/#breadcrumb\"},\"inLanguage\":\"de\",\"potentialAction\":[{\"@type\":\"ReadAction\",\"target\":[\"https:\/\/www.leeb-balkone.com\/de\/blog\/das-must-have-fuer-den-sommer-2017\/\"]}]},{\"@type\":\"ImageObject\",\"inLanguage\":\"de\",\"@id\":\"https:\/\/www.leeb-balkone.com\/de\/blog\/das-must-have-fuer-den-sommer-2017\/#primaryimage\",\"url\":\"https:\/\/www.leeb-balkone.com\/app\/uploads\/2020\/10\/Outdoorteppich_Blog-schwarz.jpg\",\"contentUrl\":\"https:\/\/www.leeb-balkone.com\/app\/uploads\/2020\/10\/Outdoorteppich_Blog-schwarz.jpg\",\"width\":2400,\"height\":1600},{\"@type\":\"BreadcrumbList\",\"@id\":\"https:\/\/www.leeb-balkone.com\/de\/blog\/das-must-have-fuer-den-sommer-2017\/#breadcrumb\",\"itemListElement\":[{\"@type\":\"ListItem\",\"position\":1,\"name\":\"Home\",\"item\":\"https:\/\/www.leeb-balkone.com\/de\/\"},{\"@type\":\"ListItem\",\"position\":2,\"name\":\"Das Must-Have f\u00fcr den Sommer 2017\"}]},{\"@type\":\"WebSite\",\"@id\":\"https:\/\/www.leeb-balkone.com\/de\/#website\",\"url\":\"https:\/\/www.leeb-balkone.com\/de\/\",\"name\":\"Leeb Balkone\",\"description\":\"Balkone und Z\u00e4une\",\"publisher\":{\"@id\":\"https:\/\/www.leeb-balkone.com\/de\/#organization\"},\"potentialAction\":[{\"@type\":\"SearchAction\",\"target\":{\"@type\":\"EntryPoint\",\"urlTemplate\":\"https:\/\/www.leeb-balkone.com\/de\/?s={search_term_string}\"},\"query-input\":{\"@type\":\"PropertyValueSpecification\",\"valueRequired\":true,\"valueName\":\"search_term_string\"}}],\"inLanguage\":\"de\"},{\"@type\":\"Organization\",\"@id\":\"https:\/\/www.leeb-balkone.com\/de\/#organization\",\"name\":\"Leeb Balkone Gmbh\",\"url\":\"https:\/\/www.leeb-balkone.com\/de\/\",\"logo\":{\"@type\":\"ImageObject\",\"inLanguage\":\"de\",\"@id\":\"https:\/\/www.leeb-balkone.com\/de\/#\/schema\/logo\/image\/\",\"url\":\"https:\/\/www.leeb-balkone.com\/app\/uploads\/2020\/11\/leeb-logo.svg\",\"contentUrl\":\"https:\/\/www.leeb-balkone.com\/app\/uploads\/2020\/11\/leeb-logo.svg\",\"width\":741,\"height\":204,\"caption\":\"Leeb Balkone Gmbh\"},\"image\":{\"@id\":\"https:\/\/www.leeb-balkone.com\/de\/#\/schema\/logo\/image\/\"},\"sameAs\":[\"https:\/\/www.facebook.com\/balkone\/\",\"https:\/\/www.trustedshops.at\/bewertung\/info_X4587CCF5833E31AFE0B11F47D86999F2.html\",\"https:\/\/www.trustedshops.de\/bewertung\/info_X7BA536A7A0BDC86D36C4718E4DCAEEEF.html\",\"https:\/\/www.google.com\/maps\/place\/?q=place_id:ChIJ5-zH19-IcEcR9HonWRTllHI\"]},{\"@type\":\"Person\",\"@id\":\"https:\/\/www.leeb-balkone.com\/de\/#\/schema\/person\/15f1f398efcf4703721e46c2136421fa\",\"name\":\"jbacher\"}]}<\/script>\n<!-- \/ Yoast SEO plugin. -->","yoast_head_json":{"title":"Das Must-Have f\u00fcr den Sommer 2017 - Leeb Balkone Deutschland","description":"Outdoor-Teppiche z\u00e4hlen zu den trendigsten Sommer Accessoires. Welche Designs gerade \u201ein\u201c sind und was Sie beim Kauf beachten sollte, finden Sie in unserem neuesten Blogbeitrag.","robots":{"index":"index","follow":"follow","max-snippet":"max-snippet:-1","max-image-preview":"max-image-preview:large","max-video-preview":"max-video-preview:-1"},"og_locale":"de_DE","og_type":"article","og_title":"Das Must-Have f\u00fcr den Sommer 2017 - Leeb Balkone","og_description":"Outdoor-Teppiche z\u00e4hlen zu den trendigsten Sommer Accessoires. Welche Designs gerade \u201ein\u201c sind und was Sie beim Kauf beachten sollte, finden Sie in unserem neuesten Blogbeitrag.","og_url":"https:\/\/www.leeb-balkone.com\/de\/blog\/das-must-have-fuer-den-sommer-2017\/","og_site_name":"Leeb Balkone","article_publisher":"https:\/\/www.facebook.com\/balkone\/","article_published_time":"2017-05-15T08:32:02+00:00","article_modified_time":"2023-01-15T23:45:12+00:00","og_image":[{"width":1024,"height":683,"url":"https:\/\/www.leeb-balkone.com\/app\/uploads\/2020\/10\/Outdoorteppich_Blog-schwarz-1024x683.jpg","type":"image\/jpeg"}],"author":"jbacher","twitter_card":"summary_large_image","schema":{"@context":"https:\/\/schema.org","@graph":[{"@type":"Article","@id":"https:\/\/www.leeb-balkone.com\/de\/blog\/das-must-have-fuer-den-sommer-2017\/#article","isPartOf":{"@id":"https:\/\/www.leeb-balkone.com\/de\/blog\/das-must-have-fuer-den-sommer-2017\/"},"author":{"name":"jbacher","@id":"https:\/\/www.leeb-balkone.com\/de\/#\/schema\/person\/15f1f398efcf4703721e46c2136421fa"},"headline":"Das Must-Have f\u00fcr den Sommer 2017","datePublished":"2017-05-15T08:32:02+00:00","dateModified":"2023-01-15T23:45:12+00:00","mainEntityOfPage":{"@id":"https:\/\/www.leeb-balkone.com\/de\/blog\/das-must-have-fuer-den-sommer-2017\/"},"wordCount":582,"publisher":{"@id":"https:\/\/www.leeb-balkone.com\/de\/#organization"},"image":{"@id":"https:\/\/www.leeb-balkone.com\/de\/blog\/das-must-have-fuer-den-sommer-2017\/#primaryimage"},"thumbnailUrl":"https:\/\/www.leeb-balkone.com\/app\/uploads\/2020\/10\/Outdoorteppich_Blog-schwarz.jpg","articleSection":["Balkongestaltung","Balkonm\u00f6bel","Garten- &amp; Terrassenm\u00f6bel","Gartengestaltung","Tipps zur Balkongestaltung"],"inLanguage":"de"},{"@type":"WebPage","@id":"https:\/\/www.leeb-balkone.com\/de\/blog\/das-must-have-fuer-den-sommer-2017\/","url":"https:\/\/www.leeb-balkone.com\/de\/blog\/das-must-have-fuer-den-sommer-2017\/","name":"Das Must-Have f\u00fcr den Sommer 2017 - Leeb Balkone","isPartOf":{"@id":"https:\/\/www.leeb-balkone.com\/de\/#website"},"primaryImageOfPage":{"@id":"https:\/\/www.leeb-balkone.com\/de\/blog\/das-must-have-fuer-den-sommer-2017\/#primaryimage"},"image":{"@id":"https:\/\/www.leeb-balkone.com\/de\/blog\/das-must-have-fuer-den-sommer-2017\/#primaryimage"},"thumbnailUrl":"https:\/\/www.leeb-balkone.com\/app\/uploads\/2020\/10\/Outdoorteppich_Blog-schwarz.jpg","datePublished":"2017-05-15T08:32:02+00:00","dateModified":"2023-01-15T23:45:12+00:00","description":"Outdoor-Teppiche z\u00e4hlen zu den trendigsten Sommer Accessoires. Welche Designs gerade \u201ein\u201c sind und was Sie beim Kauf beachten sollte, finden Sie in unserem neuesten Blogbeitrag.","breadcrumb":{"@id":"https:\/\/www.leeb-balkone.com\/de\/blog\/das-must-have-fuer-den-sommer-2017\/#breadcrumb"},"inLanguage":"de","potentialAction":[{"@type":"ReadAction","target":["https:\/\/www.leeb-balkone.com\/de\/blog\/das-must-have-fuer-den-sommer-2017\/"]}]},{"@type":"ImageObject","inLanguage":"de","@id":"https:\/\/www.leeb-balkone.com\/de\/blog\/das-must-have-fuer-den-sommer-2017\/#primaryimage","url":"https:\/\/www.leeb-balkone.com\/app\/uploads\/2020\/10\/Outdoorteppich_Blog-schwarz.jpg","contentUrl":"https:\/\/www.leeb-balkone.com\/app\/uploads\/2020\/10\/Outdoorteppich_Blog-schwarz.jpg","width":2400,"height":1600},{"@type":"BreadcrumbList","@id":"https:\/\/www.leeb-balkone.com\/de\/blog\/das-must-have-fuer-den-sommer-2017\/#breadcrumb","itemListElement":[{"@type":"ListItem","position":1,"name":"Home","item":"https:\/\/www.leeb-balkone.com\/de\/"},{"@type":"ListItem","position":2,"name":"Das Must-Have f\u00fcr den Sommer 2017"}]},{"@type":"WebSite","@id":"https:\/\/www.leeb-balkone.com\/de\/#website","url":"https:\/\/www.leeb-balkone.com\/de\/","name":"Leeb Balkone","description":"Balkone und Z\u00e4une","publisher":{"@id":"https:\/\/www.leeb-balkone.com\/de\/#organization"},"potentialAction":[{"@type":"SearchAction","target":{"@type":"EntryPoint","urlTemplate":"https:\/\/www.leeb-balkone.com\/de\/?s={search_term_string}"},"query-input":{"@type":"PropertyValueSpecification","valueRequired":true,"valueName":"search_term_string"}}],"inLanguage":"de"},{"@type":"Organization","@id":"https:\/\/www.leeb-balkone.com\/de\/#organization","name":"Leeb Balkone Gmbh","url":"https:\/\/www.leeb-balkone.com\/de\/","logo":{"@type":"ImageObject","inLanguage":"de","@id":"https:\/\/www.leeb-balkone.com\/de\/#\/schema\/logo\/image\/","url":"https:\/\/www.leeb-balkone.com\/app\/uploads\/2020\/11\/leeb-logo.svg","contentUrl":"https:\/\/www.leeb-balkone.com\/app\/uploads\/2020\/11\/leeb-logo.svg","width":741,"height":204,"caption":"Leeb Balkone Gmbh"},"image":{"@id":"https:\/\/www.leeb-balkone.com\/de\/#\/schema\/logo\/image\/"},"sameAs":["https:\/\/www.facebook.com\/balkone\/","https:\/\/www.trustedshops.at\/bewertung\/info_X4587CCF5833E31AFE0B11F47D86999F2.html","https:\/\/www.trustedshops.de\/bewertung\/info_X7BA536A7A0BDC86D36C4718E4DCAEEEF.html","https:\/\/www.google.com\/maps\/place\/?q=place_id:ChIJ5-zH19-IcEcR9HonWRTllHI"]},{"@type":"Person","@id":"https:\/\/www.leeb-balkone.com\/de\/#\/schema\/person\/15f1f398efcf4703721e46c2136421fa","name":"jbacher"}]}},"_links":{"self":[{"href":"https:\/\/www.leeb-balkone.com\/de\/wp-json\/wp\/v2\/posts\/9108","targetHints":{"allow":["GET"]}}],"collection":[{"href":"https:\/\/www.leeb-balkone.com\/de\/wp-json\/wp\/v2\/posts"}],"about":[{"href":"https:\/\/www.leeb-balkone.com\/de\/wp-json\/wp\/v2\/types\/post"}],"author":[{"embeddable":true,"href":"https:\/\/www.leeb-balkone.com\/de\/wp-json\/wp\/v2\/users\/3"}],"replies":[{"embeddable":true,"href":"https:\/\/www.leeb-balkone.com\/de\/wp-json\/wp\/v2\/comments?post=9108"}],"version-history":[{"count":0,"href":"https:\/\/www.leeb-balkone.com\/de\/wp-json\/wp\/v2\/posts\/9108\/revisions"}],"wp:featuredmedia":[{"embeddable":true,"href":"https:\/\/www.leeb-balkone.com\/de\/wp-json\/wp\/v2\/media\/9101"}],"wp:attachment":[{"href":"https:\/\/www.leeb-balkone.com\/de\/wp-json\/wp\/v2\/media?parent=9108"}],"wp:term":[{"taxonomy":"category","embeddable":true,"href":"https:\/\/www.leeb-balkone.com\/de\/wp-json\/wp\/v2\/categories?post=9108"},{"taxonomy":"post_tag","embeddable":true,"href":"https:\/\/www.leeb-balkone.com\/de\/wp-json\/wp\/v2\/tags?post=9108"},{"taxonomy":"post_folder","embeddable":true,"href":"https:\/\/www.leeb-balkone.com\/de\/wp-json\/wp\/v2\/post_folder?post=9108"}],"curies":[{"name":"wp","href":"https:\/\/api.w.org\/{rel}","templated":true}]}}