{"id":9091,"date":"2018-04-20T08:15:10","date_gmt":"2018-04-20T08:15:10","guid":{"rendered":"https:\/\/www.leeb-balkone.com\/de\/blog\/postdummy-2-2-3-2-2-2-2-5\/"},"modified":"2026-01-28T16:16:50","modified_gmt":"2026-01-28T16:16:50","slug":"summer-cocooning","status":"publish","type":"post","link":"https:\/\/www.leeb-balkone.com\/de\/blog\/summer-cocooning\/","title":{"rendered":"Summer Cocooning"},"content":{"rendered":"<header data-block_acf-block-697a3670ac4ae class=\"c-fh  l-mh-small c-fh--hero c-grad-l2r c-fh--div none\">\n      <img loading=\"lazy\" decoding=\"async\" width=\"2362\" height=\"1575\" src=\"https:\/\/www.leeb-balkone.com\/app\/uploads\/2020\/08\/alu-balkongelaender-slider-15.jpg\" class=\"no-lazy\" alt=\"alu balkongelaender slider 15\" srcset=\"https:\/\/www.leeb-balkone.com\/app\/uploads\/2020\/08\/alu-balkongelaender-slider-15.jpg 2362w, https:\/\/www.leeb-balkone.com\/app\/uploads\/2020\/08\/alu-balkongelaender-slider-15-300x200.jpg 300w, https:\/\/www.leeb-balkone.com\/app\/uploads\/2020\/08\/alu-balkongelaender-slider-15-1024x683.jpg 1024w, https:\/\/www.leeb-balkone.com\/app\/uploads\/2020\/08\/alu-balkongelaender-slider-15-768x512.jpg 768w, https:\/\/www.leeb-balkone.com\/app\/uploads\/2020\/08\/alu-balkongelaender-slider-15-1536x1024.jpg 1536w, https:\/\/www.leeb-balkone.com\/app\/uploads\/2020\/08\/alu-balkongelaender-slider-15-2048x1366.jpg 2048w\" sizes=\"auto, (min-width: 1536px) 2048px, (min-width: 992px) 1536px, (min-width: 768px) 1024px, (min-width: 576px) 768px, 100vw\" \/>\n\n\n<div class=\"grid-container\">\n  <div class=\"grid-x\">\n    <div class=\"cell small-12 medium-6 medium-offset-1\">\n      <div class=\"c-fh__wrapper\">\n              <\/div>\n    <\/div>\n  <\/div>\n<\/div>\n  \n    \n    <\/header>\n\n\n  \n  <section class=\"wp-block-group alignfull t3-header u-max-wide t3-header-text has-white-background-color has-background has-global-padding is-layout-constrained wp-block-group-is-layout-constrained\">\n    <div class=\"wp-block-group o-grid u-md-1 u-sm-1 is-layout-flow wp-block-group-is-layout-flow\">\n  <div class=\"wp-block-group u-g-10 u-g-s-2\">\n      <div class=\"yoast-breadcrumbs\"><span><span><a href=\"https:\/\/www.leeb-balkone.com\/de\/\">Home<\/a><\/span><\/span><\/div>\n      \n    <h1>Summer Cocooning<\/h1>\n  <\/div>\n<\/div>\n  <\/section>\n\n\n\n\n\n\n<section class=\"wp-block-cgb-t3-section-block alignfull b-pt-small  is-style-bg-white\" style=\"display:inherit;min-height:inherit\">\n<div class=\"wp-block-cgb-t3-container-block none\" style=\"background-color:none\"><div class=\"grid-container\"><div class=\"grid-x\"><div class=\"cell small-12 medium-9 large-0 medium-offset-1 b-has-lsmb\">\n<p>Statt von Grillparty zu Grillparty zu eilen, oder die freien Tage im \u00fcberf\u00fcllten Strandbad zu verbringen, lieber mal die warmen Sommertage am Balkon verbringen? Das sogenannte Summer Cocooning wird immer beliebter. Hier ein paar Tipps, wie Sie es sich am Balkon so richtig gem\u00fctlich machen k\u00f6nnen.<\/p>\n\n\n\n<h2 class=\"wp-block-heading\">Summerfeeling durch frischen Farbenmix<\/h2>\n\n\n\n<p>Meeresnuancen, frische Sorbet Farben und Honigt\u00f6ne sorgen f\u00fcr das richtige Summerfeeling am Balkon. Achten Sie bei der Dekoration, dass diese Farben vorwiegend verwendet werden. Besonders Meeresnuancen erinnern an s\u00fcdliche L\u00e4nder. Kombiniert mit Rattan- oder Korbm\u00f6bel und Naturholzelementen wird Karibik-Flair erzeugt. Tipp: Leichte, k\u00fchlende Stoffe f\u00fchlen sich an hei\u00dfen Tagen wunderbar an der Haut an. Egal ob Deko-Kissen oder leichte Leinenkleidung \u2013 garantiert verschaffen sie Abk\u00fchlung.<\/p>\n<\/div><\/div><\/div><\/div>\n\n\n\n<div class=\"wp-block-cgb-t3-container-block none\" style=\"background-color:none\"><div class=\"grid-container\"><div class=\"grid-x\"><div class=\"cell small-12 medium-0 large-0\"><div id=\"lightgallery-block_acf-block-697a3670ac4cd\" data-block_acf-block-697a3670ac4cd class=\"has-2-imgs b-cards b-cards--gallery u-grid-temp has-2-cols u-md-2 u-sm-1 wp-block-group is-layout-grid wp-block-group-is-layout-grid gallery alignwide\">\n\n        <div class=\"b-cards__item\">\n\n        \n      <figure>\n                 <img loading=\"lazy\" decoding=\"async\" width=\"1024\" height=\"684\" src=\"https:\/\/www.leeb-balkone.com\/app\/uploads\/2020\/10\/meerblick-1024x684.jpg\" class=\"attachment-large size-large\" alt=\"meerblick\" srcset=\"https:\/\/www.leeb-balkone.com\/app\/uploads\/2020\/10\/meerblick-1024x684.jpg 1024w, https:\/\/www.leeb-balkone.com\/app\/uploads\/2020\/10\/meerblick-300x200.jpg 300w, https:\/\/www.leeb-balkone.com\/app\/uploads\/2020\/10\/meerblick-768x513.jpg 768w, https:\/\/www.leeb-balkone.com\/app\/uploads\/2020\/10\/meerblick-1536x1025.jpg 1536w, https:\/\/www.leeb-balkone.com\/app\/uploads\/2020\/10\/meerblick-2048x1367.jpg 2048w\" sizes=\"auto, (min-width: 1200px) 1024px, (min-width: 1024px) 768px, (min-width: 640px) 768px, 768px\" \/>              <\/figure>\n\n                  \n  \n<\/div>\n\n        <div class=\"b-cards__item\">\n\n        \n      <figure>\n                 <img loading=\"lazy\" decoding=\"async\" width=\"1024\" height=\"683\" src=\"https:\/\/www.leeb-balkone.com\/app\/uploads\/2020\/10\/balkon-aussicht-1024x683.jpg\" class=\"attachment-large size-large\" alt=\"balkon aussicht\" srcset=\"https:\/\/www.leeb-balkone.com\/app\/uploads\/2020\/10\/balkon-aussicht-1024x683.jpg 1024w, https:\/\/www.leeb-balkone.com\/app\/uploads\/2020\/10\/balkon-aussicht-300x200.jpg 300w, https:\/\/www.leeb-balkone.com\/app\/uploads\/2020\/10\/balkon-aussicht-768x512.jpg 768w, https:\/\/www.leeb-balkone.com\/app\/uploads\/2020\/10\/balkon-aussicht-1536x1024.jpg 1536w, https:\/\/www.leeb-balkone.com\/app\/uploads\/2020\/10\/balkon-aussicht-2048x1366.jpg 2048w\" sizes=\"auto, (min-width: 1200px) 1024px, (min-width: 1024px) 768px, (min-width: 640px) 768px, 768px\" \/>              <\/figure>\n\n                  \n  \n<\/div>\n\n    <\/div>\n\n<\/div><\/div><\/div><\/div>\n\n\n\n<div class=\"wp-block-cgb-t3-container-block none\" style=\"background-color:none\"><div class=\"grid-container\"><div class=\"grid-x\"><div class=\"cell small-12 medium-9 large-0 medium-offset-1 b-has-lsmb\">\n<h2 class=\"wp-block-heading\">Holen Sie sich die Toskana auf Ihren Balkon<\/h2>\n\n\n\n<p>F\u00fcr die n\u00f6tige Naturstimmung sorgen frische Kr\u00e4uter. Sie verbreiten einen angenehmen, frischen Duft und k\u00f6nnen auch Ihr Erfrischungsgetr\u00e4nk aufpeppen \u2013 geschmacklich oder zum Garnieren. Lavendel l\u00e4sst sich gut im Blumentopf am Balkon halten und sorgt auch in getrockneter Form f\u00fcr einen guten Duft. Basilikum, Rosmarin und Minze bringen die Toskana auf Ihren Balkon. Wie w\u00e4re es mit einem <a href=\"https:\/\/www.leeb-balkone.com\/de\/blog\/kraeutergarten-auf-dem-balkon\/\">DIY-Kr\u00e4utergarten<\/a>? Auch Flieder, Lilie oder Rose sorgen f\u00fcr eine frische Brise am Balkon.<\/p>\n<\/div><\/div><\/div><\/div>\n\n\n\n<div class=\"wp-block-cgb-t3-container-block none\" style=\"background-color:none\"><div class=\"grid-container\"><div class=\"grid-x\"><div class=\"cell small-12 medium-0 large-0\"><div id=\"lightgallery-block_acf-block-697a3670ac4dd\" data-block_acf-block-697a3670ac4dd class=\"has-1-imgs b-cards b-cards--gallery u-grid-temp has-1-cols u-md-2 u-sm-1 wp-block-group is-layout-grid wp-block-group-is-layout-grid gallery alignwide\">\n\n        <div class=\"b-cards__item\">\n\n        \n      <figure>\n                 <img loading=\"lazy\" decoding=\"async\" width=\"1536\" height=\"1024\" src=\"https:\/\/www.leeb-balkone.com\/app\/uploads\/2020\/10\/kuscheldecke-1-1536x1024.jpg\" class=\"attachment-1536x1536 size-1536x1536\" alt=\"kuscheldecke 1\" srcset=\"https:\/\/www.leeb-balkone.com\/app\/uploads\/2020\/10\/kuscheldecke-1-1536x1024.jpg 1536w, https:\/\/www.leeb-balkone.com\/app\/uploads\/2020\/10\/kuscheldecke-1-300x200.jpg 300w, https:\/\/www.leeb-balkone.com\/app\/uploads\/2020\/10\/kuscheldecke-1-1024x683.jpg 1024w, https:\/\/www.leeb-balkone.com\/app\/uploads\/2020\/10\/kuscheldecke-1-768x512.jpg 768w, https:\/\/www.leeb-balkone.com\/app\/uploads\/2020\/10\/kuscheldecke-1-2048x1366.jpg 2048w\" sizes=\"auto, (min-width: 1200px) 100vw, (min-width: 1024px) 1536px, (min-width: 640px) 768px, 768px\" \/>              <\/figure>\n\n                  \n  \n<\/div>\n\n    <\/div>\n\n<\/div><\/div><\/div><\/div>\n\n\n\n<div class=\"wp-block-cgb-t3-container-block none\" style=\"background-color:none\"><div class=\"grid-container\"><div class=\"grid-x\"><div class=\"cell small-12 medium-9 large-0 medium-offset-1 b-has-lsmb\">\n<h2 class=\"wp-block-heading\">Romantische Stunden am Balkon<\/h2>\n\n\n\n<p>F\u00fcr romantische Stimmung bei einem Glas Wein, k\u00f6nnen Laternen oder Lichterketten Abhilfe verschaffen. Mit einem W-Lan-Radio, oder einer Soundbar kann man f\u00fcr die richtige Hintergrundmusik sorgen. Egal ob romantische Lieder, Sommerhits, Chill-Out-Musik oder Rockklassiker f\u00fcr Parties. Eine Playlist l\u00e4sst sich f\u00fcr jeden Anlass erstellen. Am besten Sie n\u00fctzen die verregneten Sommertage daf\u00fcr, um gut f\u00fcr das Summer Cocooning vorbereitet zu sein.<\/p>\n\n\n\n<h2 class=\"wp-block-heading\">Sich einfach \u201eh\u00e4ngen\u201c lassen<\/h2>\n\n\n\n<p>Relaxen, sich die Sonne auf den Bauch strahlen lassen und das Leben genie\u00dfen. Das kann man wohl am besten in der H\u00e4ngematte. Beim sanften schaukeln ein gutes Buch lesen, oder einen Cocktail schl\u00fcrfen. F\u00fcr alle, die am Balkon keine H\u00e4ngematten anbringen k\u00f6nnen, es gibt auch tolle H\u00e4ngesessel oder H\u00e4ngeliegen aus Rattan. So steht dem Summer Cocooning nichts mehr im Weg. Viel Spa\u00df beim Relaxen am Balkon!<\/p>\n<\/div><\/div><\/div><\/div>\n<\/section>\n\n\n\n<p><\/p>\n","protected":false},"excerpt":{"rendered":"<p>Viele wollen den Sommer lieber in ihren eigenen vier W\u00e4nden genie\u00dfen und machen es sich zu Hause so gem\u00fctlich wie m\u00f6glich. Mediterranes Flair wird auf den Balkon geholt und die lauen Sommerabende werden lieber dort verbracht. Lesen Sie hier mehr \u00fcber das sogenannte Summer Cocooning.<\/p>\n","protected":false},"author":3,"featured_media":6147,"comment_status":"closed","ping_status":"open","sticky":false,"template":"template-onepager.blade.php","format":"standard","meta":{"_acf_changed":false,"footnotes":""},"categories":[54,56,61,63,59,58],"tags":[],"post_folder":[],"class_list":["post-9091","post","type-post","status-publish","format-standard","has-post-thumbnail","hentry","category-balkongestaltung","category-balkonpflanzen","category-garten-und-pflanzen","category-gartenbau","category-gartengestaltung","category-tipps-zur-balkongestaltung"],"acf":[],"yoast_head":"<!-- This site is optimized with the Yoast SEO plugin v27.2 - https:\/\/yoast.com\/product\/yoast-seo-wordpress\/ -->\n<title>Summer Cocooning - Leeb Balkone Deutschland<\/title>\n<meta name=\"description\" content=\"Viele wollen den Sommer lieber in ihren eigenen vier W\u00e4nden genie\u00dfen und machen es sich zu Hause so gem\u00fctlich wie m\u00f6glich. Mediterranes Flair wird auf den Balkon geholt und die lauen Sommerabende werden lieber dort verbracht. Lesen Sie hier mehr \u00fcber das sogenannte Summer Cocooning.\" \/>\n<meta name=\"robots\" content=\"index, follow, max-snippet:-1, max-image-preview:large, max-video-preview:-1\" \/>\n<meta property=\"og:locale\" content=\"de_DE\" \/>\n<meta property=\"og:type\" content=\"article\" \/>\n<meta property=\"og:title\" content=\"Summer Cocooning - Leeb Balkone\" \/>\n<meta property=\"og:description\" content=\"Viele wollen den Sommer lieber in ihren eigenen vier W\u00e4nden genie\u00dfen und machen es sich zu Hause so gem\u00fctlich wie m\u00f6glich. Mediterranes Flair wird auf den Balkon geholt und die lauen Sommerabende werden lieber dort verbracht. Lesen Sie hier mehr \u00fcber das sogenannte Summer Cocooning.\" \/>\n<meta property=\"og:url\" content=\"https:\/\/www.leeb-balkone.com\/de\/blog\/summer-cocooning\/\" \/>\n<meta property=\"og:site_name\" content=\"Leeb Balkone\" \/>\n<meta property=\"article:publisher\" content=\"https:\/\/www.facebook.com\/balkone\/\" \/>\n<meta property=\"article:published_time\" content=\"2018-04-20T08:15:10+00:00\" \/>\n<meta property=\"article:modified_time\" content=\"2026-01-28T16:16:50+00:00\" \/>\n<meta property=\"og:image\" content=\"https:\/\/www.leeb-balkone.com\/app\/uploads\/2020\/08\/alu-balkongelaender-slider-15.jpg\" \/>\n\t<meta property=\"og:image:width\" content=\"2362\" \/>\n\t<meta property=\"og:image:height\" content=\"1575\" \/>\n\t<meta property=\"og:image:type\" content=\"image\/jpeg\" \/>\n<meta name=\"author\" content=\"jbacher\" \/>\n<meta name=\"twitter:card\" content=\"summary_large_image\" \/>\n<script type=\"application\/ld+json\" class=\"yoast-schema-graph\">{\"@context\":\"https:\/\/schema.org\",\"@graph\":[{\"@type\":\"Article\",\"@id\":\"https:\/\/www.leeb-balkone.com\/de\/blog\/summer-cocooning\/#article\",\"isPartOf\":{\"@id\":\"https:\/\/www.leeb-balkone.com\/de\/blog\/summer-cocooning\/\"},\"author\":{\"name\":\"jbacher\",\"@id\":\"https:\/\/www.leeb-balkone.com\/de\/#\/schema\/person\/15f1f398efcf4703721e46c2136421fa\"},\"headline\":\"Summer Cocooning\",\"datePublished\":\"2018-04-20T08:15:10+00:00\",\"dateModified\":\"2026-01-28T16:16:50+00:00\",\"mainEntityOfPage\":{\"@id\":\"https:\/\/www.leeb-balkone.com\/de\/blog\/summer-cocooning\/\"},\"wordCount\":369,\"publisher\":{\"@id\":\"https:\/\/www.leeb-balkone.com\/de\/#organization\"},\"image\":{\"@id\":\"https:\/\/www.leeb-balkone.com\/de\/blog\/summer-cocooning\/#primaryimage\"},\"thumbnailUrl\":\"https:\/\/www.leeb-balkone.com\/app\/uploads\/2020\/08\/alu-balkongelaender-slider-15.jpg\",\"articleSection\":[\"Balkongestaltung\",\"Balkonpflanzen\",\"Garten und Pflanzen\",\"Gartenbau\",\"Gartengestaltung\",\"Tipps zur Balkongestaltung\"],\"inLanguage\":\"de\"},{\"@type\":\"WebPage\",\"@id\":\"https:\/\/www.leeb-balkone.com\/de\/blog\/summer-cocooning\/\",\"url\":\"https:\/\/www.leeb-balkone.com\/de\/blog\/summer-cocooning\/\",\"name\":\"Summer Cocooning - Leeb Balkone\",\"isPartOf\":{\"@id\":\"https:\/\/www.leeb-balkone.com\/de\/#website\"},\"primaryImageOfPage\":{\"@id\":\"https:\/\/www.leeb-balkone.com\/de\/blog\/summer-cocooning\/#primaryimage\"},\"image\":{\"@id\":\"https:\/\/www.leeb-balkone.com\/de\/blog\/summer-cocooning\/#primaryimage\"},\"thumbnailUrl\":\"https:\/\/www.leeb-balkone.com\/app\/uploads\/2020\/08\/alu-balkongelaender-slider-15.jpg\",\"datePublished\":\"2018-04-20T08:15:10+00:00\",\"dateModified\":\"2026-01-28T16:16:50+00:00\",\"description\":\"Viele wollen den Sommer lieber in ihren eigenen vier W\u00e4nden genie\u00dfen und machen es sich zu Hause so gem\u00fctlich wie m\u00f6glich. Mediterranes Flair wird auf den Balkon geholt und die lauen Sommerabende werden lieber dort verbracht. Lesen Sie hier mehr \u00fcber das sogenannte Summer Cocooning.\",\"breadcrumb\":{\"@id\":\"https:\/\/www.leeb-balkone.com\/de\/blog\/summer-cocooning\/#breadcrumb\"},\"inLanguage\":\"de\",\"potentialAction\":[{\"@type\":\"ReadAction\",\"target\":[\"https:\/\/www.leeb-balkone.com\/de\/blog\/summer-cocooning\/\"]}]},{\"@type\":\"ImageObject\",\"inLanguage\":\"de\",\"@id\":\"https:\/\/www.leeb-balkone.com\/de\/blog\/summer-cocooning\/#primaryimage\",\"url\":\"https:\/\/www.leeb-balkone.com\/app\/uploads\/2020\/08\/alu-balkongelaender-slider-15.jpg\",\"contentUrl\":\"https:\/\/www.leeb-balkone.com\/app\/uploads\/2020\/08\/alu-balkongelaender-slider-15.jpg\",\"width\":2362,\"height\":1575},{\"@type\":\"BreadcrumbList\",\"@id\":\"https:\/\/www.leeb-balkone.com\/de\/blog\/summer-cocooning\/#breadcrumb\",\"itemListElement\":[{\"@type\":\"ListItem\",\"position\":1,\"name\":\"Home\",\"item\":\"https:\/\/www.leeb-balkone.com\/de\/\"},{\"@type\":\"ListItem\",\"position\":2,\"name\":\"Summer Cocooning\"}]},{\"@type\":\"WebSite\",\"@id\":\"https:\/\/www.leeb-balkone.com\/de\/#website\",\"url\":\"https:\/\/www.leeb-balkone.com\/de\/\",\"name\":\"Leeb Balkone\",\"description\":\"Balkone und Z\u00e4une\",\"publisher\":{\"@id\":\"https:\/\/www.leeb-balkone.com\/de\/#organization\"},\"potentialAction\":[{\"@type\":\"SearchAction\",\"target\":{\"@type\":\"EntryPoint\",\"urlTemplate\":\"https:\/\/www.leeb-balkone.com\/de\/?s={search_term_string}\"},\"query-input\":{\"@type\":\"PropertyValueSpecification\",\"valueRequired\":true,\"valueName\":\"search_term_string\"}}],\"inLanguage\":\"de\"},{\"@type\":\"Organization\",\"@id\":\"https:\/\/www.leeb-balkone.com\/de\/#organization\",\"name\":\"Leeb Balkone Gmbh\",\"url\":\"https:\/\/www.leeb-balkone.com\/de\/\",\"logo\":{\"@type\":\"ImageObject\",\"inLanguage\":\"de\",\"@id\":\"https:\/\/www.leeb-balkone.com\/de\/#\/schema\/logo\/image\/\",\"url\":\"https:\/\/www.leeb-balkone.com\/app\/uploads\/2020\/11\/leeb-logo.svg\",\"contentUrl\":\"https:\/\/www.leeb-balkone.com\/app\/uploads\/2020\/11\/leeb-logo.svg\",\"width\":741,\"height\":204,\"caption\":\"Leeb Balkone Gmbh\"},\"image\":{\"@id\":\"https:\/\/www.leeb-balkone.com\/de\/#\/schema\/logo\/image\/\"},\"sameAs\":[\"https:\/\/www.facebook.com\/balkone\/\",\"https:\/\/www.trustedshops.at\/bewertung\/info_X4587CCF5833E31AFE0B11F47D86999F2.html\",\"https:\/\/www.trustedshops.de\/bewertung\/info_X7BA536A7A0BDC86D36C4718E4DCAEEEF.html\",\"https:\/\/www.google.com\/maps\/place\/?q=place_id:ChIJ5-zH19-IcEcR9HonWRTllHI\"]},{\"@type\":\"Person\",\"@id\":\"https:\/\/www.leeb-balkone.com\/de\/#\/schema\/person\/15f1f398efcf4703721e46c2136421fa\",\"name\":\"jbacher\"}]}<\/script>\n<!-- \/ Yoast SEO plugin. -->","yoast_head_json":{"title":"Summer Cocooning - Leeb Balkone Deutschland","description":"Viele wollen den Sommer lieber in ihren eigenen vier W\u00e4nden genie\u00dfen und machen es sich zu Hause so gem\u00fctlich wie m\u00f6glich. Mediterranes Flair wird auf den Balkon geholt und die lauen Sommerabende werden lieber dort verbracht. Lesen Sie hier mehr \u00fcber das sogenannte Summer Cocooning.","robots":{"index":"index","follow":"follow","max-snippet":"max-snippet:-1","max-image-preview":"max-image-preview:large","max-video-preview":"max-video-preview:-1"},"og_locale":"de_DE","og_type":"article","og_title":"Summer Cocooning - Leeb Balkone","og_description":"Viele wollen den Sommer lieber in ihren eigenen vier W\u00e4nden genie\u00dfen und machen es sich zu Hause so gem\u00fctlich wie m\u00f6glich. Mediterranes Flair wird auf den Balkon geholt und die lauen Sommerabende werden lieber dort verbracht. Lesen Sie hier mehr \u00fcber das sogenannte Summer Cocooning.","og_url":"https:\/\/www.leeb-balkone.com\/de\/blog\/summer-cocooning\/","og_site_name":"Leeb Balkone","article_publisher":"https:\/\/www.facebook.com\/balkone\/","article_published_time":"2018-04-20T08:15:10+00:00","article_modified_time":"2026-01-28T16:16:50+00:00","og_image":[{"width":2362,"height":1575,"url":"https:\/\/www.leeb-balkone.com\/app\/uploads\/2020\/08\/alu-balkongelaender-slider-15.jpg","type":"image\/jpeg"}],"author":"jbacher","twitter_card":"summary_large_image","schema":{"@context":"https:\/\/schema.org","@graph":[{"@type":"Article","@id":"https:\/\/www.leeb-balkone.com\/de\/blog\/summer-cocooning\/#article","isPartOf":{"@id":"https:\/\/www.leeb-balkone.com\/de\/blog\/summer-cocooning\/"},"author":{"name":"jbacher","@id":"https:\/\/www.leeb-balkone.com\/de\/#\/schema\/person\/15f1f398efcf4703721e46c2136421fa"},"headline":"Summer Cocooning","datePublished":"2018-04-20T08:15:10+00:00","dateModified":"2026-01-28T16:16:50+00:00","mainEntityOfPage":{"@id":"https:\/\/www.leeb-balkone.com\/de\/blog\/summer-cocooning\/"},"wordCount":369,"publisher":{"@id":"https:\/\/www.leeb-balkone.com\/de\/#organization"},"image":{"@id":"https:\/\/www.leeb-balkone.com\/de\/blog\/summer-cocooning\/#primaryimage"},"thumbnailUrl":"https:\/\/www.leeb-balkone.com\/app\/uploads\/2020\/08\/alu-balkongelaender-slider-15.jpg","articleSection":["Balkongestaltung","Balkonpflanzen","Garten und Pflanzen","Gartenbau","Gartengestaltung","Tipps zur Balkongestaltung"],"inLanguage":"de"},{"@type":"WebPage","@id":"https:\/\/www.leeb-balkone.com\/de\/blog\/summer-cocooning\/","url":"https:\/\/www.leeb-balkone.com\/de\/blog\/summer-cocooning\/","name":"Summer Cocooning - Leeb Balkone","isPartOf":{"@id":"https:\/\/www.leeb-balkone.com\/de\/#website"},"primaryImageOfPage":{"@id":"https:\/\/www.leeb-balkone.com\/de\/blog\/summer-cocooning\/#primaryimage"},"image":{"@id":"https:\/\/www.leeb-balkone.com\/de\/blog\/summer-cocooning\/#primaryimage"},"thumbnailUrl":"https:\/\/www.leeb-balkone.com\/app\/uploads\/2020\/08\/alu-balkongelaender-slider-15.jpg","datePublished":"2018-04-20T08:15:10+00:00","dateModified":"2026-01-28T16:16:50+00:00","description":"Viele wollen den Sommer lieber in ihren eigenen vier W\u00e4nden genie\u00dfen und machen es sich zu Hause so gem\u00fctlich wie m\u00f6glich. Mediterranes Flair wird auf den Balkon geholt und die lauen Sommerabende werden lieber dort verbracht. Lesen Sie hier mehr \u00fcber das sogenannte Summer Cocooning.","breadcrumb":{"@id":"https:\/\/www.leeb-balkone.com\/de\/blog\/summer-cocooning\/#breadcrumb"},"inLanguage":"de","potentialAction":[{"@type":"ReadAction","target":["https:\/\/www.leeb-balkone.com\/de\/blog\/summer-cocooning\/"]}]},{"@type":"ImageObject","inLanguage":"de","@id":"https:\/\/www.leeb-balkone.com\/de\/blog\/summer-cocooning\/#primaryimage","url":"https:\/\/www.leeb-balkone.com\/app\/uploads\/2020\/08\/alu-balkongelaender-slider-15.jpg","contentUrl":"https:\/\/www.leeb-balkone.com\/app\/uploads\/2020\/08\/alu-balkongelaender-slider-15.jpg","width":2362,"height":1575},{"@type":"BreadcrumbList","@id":"https:\/\/www.leeb-balkone.com\/de\/blog\/summer-cocooning\/#breadcrumb","itemListElement":[{"@type":"ListItem","position":1,"name":"Home","item":"https:\/\/www.leeb-balkone.com\/de\/"},{"@type":"ListItem","position":2,"name":"Summer Cocooning"}]},{"@type":"WebSite","@id":"https:\/\/www.leeb-balkone.com\/de\/#website","url":"https:\/\/www.leeb-balkone.com\/de\/","name":"Leeb Balkone","description":"Balkone und Z\u00e4une","publisher":{"@id":"https:\/\/www.leeb-balkone.com\/de\/#organization"},"potentialAction":[{"@type":"SearchAction","target":{"@type":"EntryPoint","urlTemplate":"https:\/\/www.leeb-balkone.com\/de\/?s={search_term_string}"},"query-input":{"@type":"PropertyValueSpecification","valueRequired":true,"valueName":"search_term_string"}}],"inLanguage":"de"},{"@type":"Organization","@id":"https:\/\/www.leeb-balkone.com\/de\/#organization","name":"Leeb Balkone Gmbh","url":"https:\/\/www.leeb-balkone.com\/de\/","logo":{"@type":"ImageObject","inLanguage":"de","@id":"https:\/\/www.leeb-balkone.com\/de\/#\/schema\/logo\/image\/","url":"https:\/\/www.leeb-balkone.com\/app\/uploads\/2020\/11\/leeb-logo.svg","contentUrl":"https:\/\/www.leeb-balkone.com\/app\/uploads\/2020\/11\/leeb-logo.svg","width":741,"height":204,"caption":"Leeb Balkone Gmbh"},"image":{"@id":"https:\/\/www.leeb-balkone.com\/de\/#\/schema\/logo\/image\/"},"sameAs":["https:\/\/www.facebook.com\/balkone\/","https:\/\/www.trustedshops.at\/bewertung\/info_X4587CCF5833E31AFE0B11F47D86999F2.html","https:\/\/www.trustedshops.de\/bewertung\/info_X7BA536A7A0BDC86D36C4718E4DCAEEEF.html","https:\/\/www.google.com\/maps\/place\/?q=place_id:ChIJ5-zH19-IcEcR9HonWRTllHI"]},{"@type":"Person","@id":"https:\/\/www.leeb-balkone.com\/de\/#\/schema\/person\/15f1f398efcf4703721e46c2136421fa","name":"jbacher"}]}},"_links":{"self":[{"href":"https:\/\/www.leeb-balkone.com\/de\/wp-json\/wp\/v2\/posts\/9091","targetHints":{"allow":["GET"]}}],"collection":[{"href":"https:\/\/www.leeb-balkone.com\/de\/wp-json\/wp\/v2\/posts"}],"about":[{"href":"https:\/\/www.leeb-balkone.com\/de\/wp-json\/wp\/v2\/types\/post"}],"author":[{"embeddable":true,"href":"https:\/\/www.leeb-balkone.com\/de\/wp-json\/wp\/v2\/users\/3"}],"replies":[{"embeddable":true,"href":"https:\/\/www.leeb-balkone.com\/de\/wp-json\/wp\/v2\/comments?post=9091"}],"version-history":[{"count":1,"href":"https:\/\/www.leeb-balkone.com\/de\/wp-json\/wp\/v2\/posts\/9091\/revisions"}],"predecessor-version":[{"id":163635,"href":"https:\/\/www.leeb-balkone.com\/de\/wp-json\/wp\/v2\/posts\/9091\/revisions\/163635"}],"wp:featuredmedia":[{"embeddable":true,"href":"https:\/\/www.leeb-balkone.com\/de\/wp-json\/wp\/v2\/media\/6147"}],"wp:attachment":[{"href":"https:\/\/www.leeb-balkone.com\/de\/wp-json\/wp\/v2\/media?parent=9091"}],"wp:term":[{"taxonomy":"category","embeddable":true,"href":"https:\/\/www.leeb-balkone.com\/de\/wp-json\/wp\/v2\/categories?post=9091"},{"taxonomy":"post_tag","embeddable":true,"href":"https:\/\/www.leeb-balkone.com\/de\/wp-json\/wp\/v2\/tags?post=9091"},{"taxonomy":"post_folder","embeddable":true,"href":"https:\/\/www.leeb-balkone.com\/de\/wp-json\/wp\/v2\/post_folder?post=9091"}],"curies":[{"name":"wp","href":"https:\/\/api.w.org\/{rel}","templated":true}]}}