{"id":8778,"date":"2018-04-02T09:32:15","date_gmt":"2018-04-02T09:32:15","guid":{"rendered":"https:\/\/www.leeb-balkone.com\/de\/blog\/postdummy-2-2-3-2-2-2\/"},"modified":"2025-09-18T14:56:39","modified_gmt":"2025-09-18T14:56:39","slug":"fruehling-auf-balkonien","status":"publish","type":"post","link":"https:\/\/www.leeb-balkone.com\/de\/blog\/fruehling-auf-balkonien\/","title":{"rendered":"Fr\u00fchling auf Balkonien"},"content":{"rendered":"<header data-block_acf-block-68cc1da55df0b class=\"c-fh  l-mh-small c-fh--hero c-grad-l2r c-fh--div none\">\n      <img loading=\"lazy\" decoding=\"async\" width=\"2560\" height=\"1707\" src=\"https:\/\/www.leeb-balkone.com\/app\/uploads\/2020\/10\/gartenarbeit-2-scaled.jpg\" class=\"no-lazy\" alt=\"gartenliebe\" srcset=\"https:\/\/www.leeb-balkone.com\/app\/uploads\/2020\/10\/gartenarbeit-2-scaled.jpg 2560w, https:\/\/www.leeb-balkone.com\/app\/uploads\/2020\/10\/gartenarbeit-2-300x200.jpg 300w, https:\/\/www.leeb-balkone.com\/app\/uploads\/2020\/10\/gartenarbeit-2-1024x683.jpg 1024w, https:\/\/www.leeb-balkone.com\/app\/uploads\/2020\/10\/gartenarbeit-2-768x512.jpg 768w, https:\/\/www.leeb-balkone.com\/app\/uploads\/2020\/10\/gartenarbeit-2-1536x1024.jpg 1536w, https:\/\/www.leeb-balkone.com\/app\/uploads\/2020\/10\/gartenarbeit-2-2048x1366.jpg 2048w\" sizes=\"auto, (min-width: 1536px) 2048px, (min-width: 992px) 1536px, (min-width: 768px) 1024px, (min-width: 576px) 768px, 100vw\" \/>\n\n\n<div class=\"grid-container\">\n  <div class=\"grid-x\">\n    <div class=\"cell small-12 medium-6 medium-offset-1\">\n      <div class=\"c-fh__wrapper\">\n              <\/div>\n    <\/div>\n  <\/div>\n<\/div>\n  \n    \n    <\/header>\n\n\n  \n  <section class=\"wp-block-group alignfull t3-header u-max-wide t3-header-text has-white-background-color has-background has-global-padding is-layout-constrained wp-block-group-is-layout-constrained\">\n    <div class=\"wp-block-group o-grid u-md-1 u-sm-1 is-layout-flow wp-block-group-is-layout-flow\">\n  <div class=\"wp-block-group u-g-10 u-g-s-2\">\n      <div class=\"yoast-breadcrumbs\"><span><span><a href=\"https:\/\/www.leeb-balkone.com\/de\/\">Home<\/a><\/span><\/span><\/div>\n      \n    <h1>Fr\u00fchling auf Balkonien<\/h1>\n  <\/div>\n<\/div>\n  <\/section>\n\n\n\n\n\n\n<section class=\"wp-block-cgb-t3-section-block alignfull b-pt-small  is-style-bg-white\" style=\"display:inherit;min-height:inherit\">\n<div class=\"wp-block-cgb-t3-container-block none\" style=\"background-color:none\"><div class=\"grid-container\"><div class=\"grid-x\"><div class=\"cell small-12 medium-9 large-0 medium-offset-1 b-has-lsmb\">\n<p>Da kommen Fr\u00fchlingsgef\u00fchle auf! In dieser besonderen Jahreszeit, wenn in W\u00e4ldern und auf Wiesen schon alles langsam zum Leben erwacht, sehnt man sich auch am eigenen Balkon nach ein paar Farbtupfer, duftenden Pflanzen und dem eigenen Kr\u00e4utergarten. Doch welche Pflanzen bl\u00fchen zeitig im Fr\u00fchling? Was muss man bei der Pflege und dem Standort beachten? Hier finden Sie Tipps f\u00fcr die richtige Wohlf\u00fchl-Atmosph\u00e4re auf Balkonien.<\/p>\n<\/div><\/div><\/div><\/div>\n\n\n\n<div class=\"wp-block-cgb-t3-container-block none\" style=\"background-color:none\"><div class=\"grid-container\"><div class=\"grid-x\"><div class=\"cell small-12 medium-0 large-0\"><div id=\"lightgallery-block_acf-block-68cc1da55df2b\" data-block_acf-block-68cc1da55df2b class=\"has-1-imgs b-cards b-cards--gallery u-grid-temp has-1-cols u-md-2 u-sm-1 wp-block-group is-layout-grid wp-block-group-is-layout-grid gallery alignwide\">\n\n        <div class=\"b-cards__item\">\n\n        \n      <figure>\n                 <img loading=\"lazy\" decoding=\"async\" width=\"1536\" height=\"1024\" src=\"https:\/\/www.leeb-balkone.com\/app\/uploads\/2020\/10\/blumen-giessen-oma-1536x1024.jpg\" class=\"attachment-1536x1536 size-1536x1536\" alt=\"Bienenfreundliche Balkonpflanzen auf dem Balkon\" srcset=\"https:\/\/www.leeb-balkone.com\/app\/uploads\/2020\/10\/blumen-giessen-oma-1536x1024.jpg 1536w, https:\/\/www.leeb-balkone.com\/app\/uploads\/2020\/10\/blumen-giessen-oma-300x200.jpg 300w, https:\/\/www.leeb-balkone.com\/app\/uploads\/2020\/10\/blumen-giessen-oma-1024x683.jpg 1024w, https:\/\/www.leeb-balkone.com\/app\/uploads\/2020\/10\/blumen-giessen-oma-768x512.jpg 768w, https:\/\/www.leeb-balkone.com\/app\/uploads\/2020\/10\/blumen-giessen-oma-2048x1366.jpg 2048w\" sizes=\"auto, (min-width: 1200px) 100vw, (min-width: 1024px) 1536px, (min-width: 640px) 768px, 768px\" \/>              <\/figure>\n\n                  \n  \n<\/div>\n\n    <\/div>\n\n<\/div><\/div><\/div><\/div>\n\n\n\n<div class=\"wp-block-cgb-t3-container-block none\" style=\"background-color:none\"><div class=\"grid-container\"><div class=\"grid-x\"><div class=\"cell small-12 medium-9 large-0 medium-offset-1 b-has-lsmb\">\n<h2 class=\"wp-block-heading\">Die ersten Fr\u00fchlingsboten<\/h2>\n\n\n\n<p>Damit Sie m\u00f6glichst lange Freude an der bunten Pracht haben, sollten Sie auf alle F\u00e4lle bei der Bepflanzung des Balkonkastens achten, dass alles richtig gemacht wird. Geben Sie zuerst Tonscherben und etwas Kies in den Kasten. Das verhindert Staun\u00e4sse und sorgt daf\u00fcr, dass das Wasser gut abrinnen kann. Anschlie\u00dfend mit frischer Blumenerde auff\u00fcllen. &nbsp;Besonders beliebt bei Hobbyg\u00e4rtnern sind Stiefm\u00fctterchen und Primeln als erste Fr\u00fchlingsboten. Und das nicht ohne Grund: diese beiden Blumenarten sind besonders widerstandsf\u00e4hig und k\u00f6nnen frostige N\u00e4chte gut \u00fcberleben. Beim Einsetzten sollte darauf geachtet werden, dass die Pflanzen gen\u00fcgend Platz haben. Nach dem Bepflanzen sollten die Blumen regelm\u00e4\u00dfig mit Wasser versorgt werden. Nach vier bis sechs Wochen kann das erste Mal ged\u00fcngt werden.<\/p>\n\n\n\n<h2 class=\"wp-block-heading\">Kr\u00e4utergarten auf Balkonien<\/h2>\n\n\n\n<p>Ein kleiner Kr\u00e4utergarten am Balkon ist nicht nur dekorativ, sondern bietet auch andere Vorteile. Neben der Tatsache, dass man sie zum W\u00fcrzen und Verfeinern von Speisen verwenden kann, haben Kr\u00e4uter auch unterschiedliche Heilwirkungen. Salbei und Thymian zum Beispiel wirken antibakteriell und schmerzlindernd und helfen bei Halsschmerzen. Rosmarin hilft bei niedrigem Blutdruck, Dill beruhigt die Nerven und Basilikum kann bei Nervosit\u00e4t und Schlaflosigkeit Abhilfe verschaffen. Wichtig beim s\u00e4en bzw. pflanzen ist, dass man gleich gr\u00f6\u00dfere Blument\u00f6pfe verwendet und f\u00fcr eine gute Drainage sorgt. Kr\u00e4uter k\u00f6nnen sehr schnell wachsen, wenn Standort und Pflege passen. Als Faustregel gilt: alle verholzenden Kr\u00e4uter, wie Rosmarin, Majoran, Thymian oder Salbei brauchen sehr viel Sonne. Schnittlauch, Petersilie und Basilikum gedeihen im Halbschatten sehr gut. Mehrj\u00e4hrige Kr\u00e4uter m\u00fcssen auch gut \u00fcber den Winter gebracht werden und sollte entweder gut eingewickelt sein, oder in der Wohnung oder im Haus \u00fcberwintern. Wer wenig Platz am Balkon hat, kann die Pflanzengef\u00e4\u00dfe auch auf das Gel\u00e4nder h\u00e4ngen.<\/p>\n<\/div><\/div><\/div><\/div>\n\n\n\n<div class=\"wp-block-cgb-t3-container-block none\" style=\"background-color:none\"><div class=\"grid-container\"><div class=\"grid-x\"><div class=\"cell small-12 medium-0 large-0\"><div id=\"lightgallery-block_acf-block-68cc1da55df3c\" data-block_acf-block-68cc1da55df3c class=\"has-1-imgs b-cards b-cards--gallery u-grid-temp has-1-cols u-md-2 u-sm-1 wp-block-group is-layout-grid wp-block-group-is-layout-grid gallery alignwide\">\n\n        <div class=\"b-cards__item\">\n\n        \n      <figure>\n                 <img loading=\"lazy\" decoding=\"async\" width=\"1536\" height=\"1060\" src=\"https:\/\/www.leeb-balkone.com\/app\/uploads\/2020\/10\/balkonblumen-kraeuter-1536x1060.jpg\" class=\"attachment-1536x1536 size-1536x1536\" alt=\"balkonblumen kraeuter\" srcset=\"https:\/\/www.leeb-balkone.com\/app\/uploads\/2020\/10\/balkonblumen-kraeuter-1536x1060.jpg 1536w, https:\/\/www.leeb-balkone.com\/app\/uploads\/2020\/10\/balkonblumen-kraeuter-300x207.jpg 300w, https:\/\/www.leeb-balkone.com\/app\/uploads\/2020\/10\/balkonblumen-kraeuter-1024x707.jpg 1024w, https:\/\/www.leeb-balkone.com\/app\/uploads\/2020\/10\/balkonblumen-kraeuter-768x530.jpg 768w, https:\/\/www.leeb-balkone.com\/app\/uploads\/2020\/10\/balkonblumen-kraeuter-2048x1414.jpg 2048w\" sizes=\"auto, (min-width: 1200px) 100vw, (min-width: 1024px) 1536px, (min-width: 640px) 768px, 768px\" \/>              <\/figure>\n\n                  \n  \n<\/div>\n\n    <\/div>\n\n<\/div><\/div><\/div><\/div>\n\n\n\n<div class=\"wp-block-cgb-t3-container-block none\" style=\"background-color:none\"><div class=\"grid-container\"><div class=\"grid-x\"><div class=\"cell small-12 medium-9 large-0 medium-offset-1 b-has-lsmb\">\n<h2 class=\"wp-block-heading\">Ein zus\u00e4tzliches Zimmer f\u00fcr die warme Jahreszeit<\/h2>\n\n\n\n<p>Besonders in den warmen Sommermonaten bietet sich ein Balkon als zus\u00e4tzliches \u201eZimmer im Freien\u201c an. Damit es so richtig gem\u00fctlich wird, sollte man schon fr\u00fch mit der Bepflanzung und der Dekoration seiner eigenen Freiluft-Wohlf\u00fchloase beginnen. Ein richtiger Wohlf\u00fchlfaktor bietet der richtige\u00a0<a href=\"https:\/\/www.leeb-balkone.com\/de\/zaeune\/sichtschutz\/\">Sichtschutz<\/a>, um sich vor den neugierigen Blicken der Nachbarn zu sch\u00fctzen. Gem\u00fctliche Balkonm\u00f6bel kombiniert mit stylishen Accessoires sorgen f\u00fcr die richtige Atmosph\u00e4re auf Balkonien. Wer nicht viel Platz hat, sollte kleine, zierliche M\u00f6bel kaufen. Ansonsten wirkt der Raum im Freien noch kleiner und beengend. M\u00f6bel werden auf kleinem Raum erfahrungsgem\u00e4\u00df \u00f6fter hin und her ger\u00fcckt, daher sollte man auch auf das Gewicht achten. Ideal sind klappbare M\u00f6bel, die es in den unterschiedlichen Designs und in jeder Preisklasse gibt. Holz oder Metallm\u00f6bel mit hochwertigen Lasuren sind sehr witterungsbest\u00e4ndig und halten Temperaturunterschiede gut aus. Sitzkissen und Kuscheldecken sorgen bei etwas k\u00fchleren Abenden f\u00fcr wohlige W\u00e4rme und sind zudem auch dekorativ.<\/p>\n<\/div><\/div><\/div><\/div>\n<\/section>\n\n\n\n<p><\/p>\n","protected":false},"excerpt":{"rendered":"<p>Der Fr\u00fchling kommt mit leisen Schritten und in dieser besonderen Jahreszeit, wenn W\u00e4lder und Wiesen langsam zum Leben erwachen, sehnt man sich auch am Balkon nach ein paar Farbtupfern und duftenden Pflanzen.<\/p>\n","protected":false},"author":3,"featured_media":8776,"comment_status":"closed","ping_status":"open","sticky":false,"template":"template-onepager.blade.php","format":"standard","meta":{"_acf_changed":false,"footnotes":""},"categories":[56,61,62,58],"tags":[],"post_folder":[],"class_list":["post-8778","post","type-post","status-publish","format-standard","has-post-thumbnail","hentry","category-balkonpflanzen","category-garten-und-pflanzen","category-garten-terrassenmoebel","category-tipps-zur-balkongestaltung"],"acf":[],"yoast_head":"<!-- This site is optimized with the Yoast SEO plugin v27.2 - https:\/\/yoast.com\/product\/yoast-seo-wordpress\/ -->\n<title>Fr\u00fchling auf Balkonien - Leeb Balkone Deutschland<\/title>\n<meta name=\"description\" content=\"Der Fr\u00fchling kommt mit leisen Schritten und in dieser besonderen Jahreszeit, wenn W\u00e4lder und Wiesen langsam zum Leben erwachen, sehnt man sich auch am Balkon nach ein paar Farbtupfern und duftenden Pflanzen.\" \/>\n<meta name=\"robots\" content=\"index, follow, max-snippet:-1, max-image-preview:large, max-video-preview:-1\" \/>\n<meta property=\"og:locale\" content=\"de_DE\" \/>\n<meta property=\"og:type\" content=\"article\" \/>\n<meta property=\"og:title\" content=\"Fr\u00fchling auf Balkonien - Leeb Balkone\" \/>\n<meta property=\"og:description\" content=\"Der Fr\u00fchling kommt mit leisen Schritten und in dieser besonderen Jahreszeit, wenn W\u00e4lder und Wiesen langsam zum Leben erwachen, sehnt man sich auch am Balkon nach ein paar Farbtupfern und duftenden Pflanzen.\" \/>\n<meta property=\"og:url\" content=\"https:\/\/www.leeb-balkone.com\/de\/blog\/fruehling-auf-balkonien\/\" \/>\n<meta property=\"og:site_name\" content=\"Leeb Balkone\" \/>\n<meta property=\"article:publisher\" content=\"https:\/\/www.facebook.com\/balkone\/\" \/>\n<meta property=\"article:published_time\" content=\"2018-04-02T09:32:15+00:00\" \/>\n<meta property=\"article:modified_time\" content=\"2025-09-18T14:56:39+00:00\" \/>\n<meta property=\"og:image\" content=\"https:\/\/www.leeb-balkone.com\/app\/uploads\/2020\/10\/gartenarbeit-2-scaled.jpg\" \/>\n\t<meta property=\"og:image:width\" content=\"2560\" \/>\n\t<meta property=\"og:image:height\" content=\"1707\" \/>\n\t<meta property=\"og:image:type\" content=\"image\/jpeg\" \/>\n<meta name=\"author\" content=\"jbacher\" \/>\n<meta name=\"twitter:card\" content=\"summary_large_image\" \/>\n<script type=\"application\/ld+json\" class=\"yoast-schema-graph\">{\"@context\":\"https:\/\/schema.org\",\"@graph\":[{\"@type\":\"Article\",\"@id\":\"https:\/\/www.leeb-balkone.com\/de\/blog\/fruehling-auf-balkonien\/#article\",\"isPartOf\":{\"@id\":\"https:\/\/www.leeb-balkone.com\/de\/blog\/fruehling-auf-balkonien\/\"},\"author\":{\"name\":\"jbacher\",\"@id\":\"https:\/\/www.leeb-balkone.com\/de\/#\/schema\/person\/15f1f398efcf4703721e46c2136421fa\"},\"headline\":\"Fr\u00fchling auf Balkonien\",\"datePublished\":\"2018-04-02T09:32:15+00:00\",\"dateModified\":\"2025-09-18T14:56:39+00:00\",\"mainEntityOfPage\":{\"@id\":\"https:\/\/www.leeb-balkone.com\/de\/blog\/fruehling-auf-balkonien\/\"},\"wordCount\":565,\"publisher\":{\"@id\":\"https:\/\/www.leeb-balkone.com\/de\/#organization\"},\"image\":{\"@id\":\"https:\/\/www.leeb-balkone.com\/de\/blog\/fruehling-auf-balkonien\/#primaryimage\"},\"thumbnailUrl\":\"https:\/\/www.leeb-balkone.com\/app\/uploads\/2020\/10\/gartenarbeit-2-scaled.jpg\",\"articleSection\":[\"Balkonpflanzen\",\"Garten und Pflanzen\",\"Garten- &amp; Terrassenm\u00f6bel\",\"Tipps zur Balkongestaltung\"],\"inLanguage\":\"de\"},{\"@type\":\"WebPage\",\"@id\":\"https:\/\/www.leeb-balkone.com\/de\/blog\/fruehling-auf-balkonien\/\",\"url\":\"https:\/\/www.leeb-balkone.com\/de\/blog\/fruehling-auf-balkonien\/\",\"name\":\"Fr\u00fchling auf Balkonien - Leeb Balkone\",\"isPartOf\":{\"@id\":\"https:\/\/www.leeb-balkone.com\/de\/#website\"},\"primaryImageOfPage\":{\"@id\":\"https:\/\/www.leeb-balkone.com\/de\/blog\/fruehling-auf-balkonien\/#primaryimage\"},\"image\":{\"@id\":\"https:\/\/www.leeb-balkone.com\/de\/blog\/fruehling-auf-balkonien\/#primaryimage\"},\"thumbnailUrl\":\"https:\/\/www.leeb-balkone.com\/app\/uploads\/2020\/10\/gartenarbeit-2-scaled.jpg\",\"datePublished\":\"2018-04-02T09:32:15+00:00\",\"dateModified\":\"2025-09-18T14:56:39+00:00\",\"description\":\"Der Fr\u00fchling kommt mit leisen Schritten und in dieser besonderen Jahreszeit, wenn W\u00e4lder und Wiesen langsam zum Leben erwachen, sehnt man sich auch am Balkon nach ein paar Farbtupfern und duftenden Pflanzen.\",\"breadcrumb\":{\"@id\":\"https:\/\/www.leeb-balkone.com\/de\/blog\/fruehling-auf-balkonien\/#breadcrumb\"},\"inLanguage\":\"de\",\"potentialAction\":[{\"@type\":\"ReadAction\",\"target\":[\"https:\/\/www.leeb-balkone.com\/de\/blog\/fruehling-auf-balkonien\/\"]}]},{\"@type\":\"ImageObject\",\"inLanguage\":\"de\",\"@id\":\"https:\/\/www.leeb-balkone.com\/de\/blog\/fruehling-auf-balkonien\/#primaryimage\",\"url\":\"https:\/\/www.leeb-balkone.com\/app\/uploads\/2020\/10\/gartenarbeit-2-scaled.jpg\",\"contentUrl\":\"https:\/\/www.leeb-balkone.com\/app\/uploads\/2020\/10\/gartenarbeit-2-scaled.jpg\",\"width\":2560,\"height\":1707},{\"@type\":\"BreadcrumbList\",\"@id\":\"https:\/\/www.leeb-balkone.com\/de\/blog\/fruehling-auf-balkonien\/#breadcrumb\",\"itemListElement\":[{\"@type\":\"ListItem\",\"position\":1,\"name\":\"Home\",\"item\":\"https:\/\/www.leeb-balkone.com\/de\/\"},{\"@type\":\"ListItem\",\"position\":2,\"name\":\"Fr\u00fchling auf Balkonien\"}]},{\"@type\":\"WebSite\",\"@id\":\"https:\/\/www.leeb-balkone.com\/de\/#website\",\"url\":\"https:\/\/www.leeb-balkone.com\/de\/\",\"name\":\"Leeb Balkone\",\"description\":\"Balkone und Z\u00e4une\",\"publisher\":{\"@id\":\"https:\/\/www.leeb-balkone.com\/de\/#organization\"},\"potentialAction\":[{\"@type\":\"SearchAction\",\"target\":{\"@type\":\"EntryPoint\",\"urlTemplate\":\"https:\/\/www.leeb-balkone.com\/de\/?s={search_term_string}\"},\"query-input\":{\"@type\":\"PropertyValueSpecification\",\"valueRequired\":true,\"valueName\":\"search_term_string\"}}],\"inLanguage\":\"de\"},{\"@type\":\"Organization\",\"@id\":\"https:\/\/www.leeb-balkone.com\/de\/#organization\",\"name\":\"Leeb Balkone Gmbh\",\"url\":\"https:\/\/www.leeb-balkone.com\/de\/\",\"logo\":{\"@type\":\"ImageObject\",\"inLanguage\":\"de\",\"@id\":\"https:\/\/www.leeb-balkone.com\/de\/#\/schema\/logo\/image\/\",\"url\":\"https:\/\/www.leeb-balkone.com\/app\/uploads\/2020\/11\/leeb-logo.svg\",\"contentUrl\":\"https:\/\/www.leeb-balkone.com\/app\/uploads\/2020\/11\/leeb-logo.svg\",\"width\":741,\"height\":204,\"caption\":\"Leeb Balkone Gmbh\"},\"image\":{\"@id\":\"https:\/\/www.leeb-balkone.com\/de\/#\/schema\/logo\/image\/\"},\"sameAs\":[\"https:\/\/www.facebook.com\/balkone\/\",\"https:\/\/www.trustedshops.at\/bewertung\/info_X4587CCF5833E31AFE0B11F47D86999F2.html\",\"https:\/\/www.trustedshops.de\/bewertung\/info_X7BA536A7A0BDC86D36C4718E4DCAEEEF.html\",\"https:\/\/www.google.com\/maps\/place\/?q=place_id:ChIJ5-zH19-IcEcR9HonWRTllHI\"]},{\"@type\":\"Person\",\"@id\":\"https:\/\/www.leeb-balkone.com\/de\/#\/schema\/person\/15f1f398efcf4703721e46c2136421fa\",\"name\":\"jbacher\"}]}<\/script>\n<!-- \/ Yoast SEO plugin. -->","yoast_head_json":{"title":"Fr\u00fchling auf Balkonien - Leeb Balkone Deutschland","description":"Der Fr\u00fchling kommt mit leisen Schritten und in dieser besonderen Jahreszeit, wenn W\u00e4lder und Wiesen langsam zum Leben erwachen, sehnt man sich auch am Balkon nach ein paar Farbtupfern und duftenden Pflanzen.","robots":{"index":"index","follow":"follow","max-snippet":"max-snippet:-1","max-image-preview":"max-image-preview:large","max-video-preview":"max-video-preview:-1"},"og_locale":"de_DE","og_type":"article","og_title":"Fr\u00fchling auf Balkonien - Leeb Balkone","og_description":"Der Fr\u00fchling kommt mit leisen Schritten und in dieser besonderen Jahreszeit, wenn W\u00e4lder und Wiesen langsam zum Leben erwachen, sehnt man sich auch am Balkon nach ein paar Farbtupfern und duftenden Pflanzen.","og_url":"https:\/\/www.leeb-balkone.com\/de\/blog\/fruehling-auf-balkonien\/","og_site_name":"Leeb Balkone","article_publisher":"https:\/\/www.facebook.com\/balkone\/","article_published_time":"2018-04-02T09:32:15+00:00","article_modified_time":"2025-09-18T14:56:39+00:00","og_image":[{"width":2560,"height":1707,"url":"https:\/\/www.leeb-balkone.com\/app\/uploads\/2020\/10\/gartenarbeit-2-scaled.jpg","type":"image\/jpeg"}],"author":"jbacher","twitter_card":"summary_large_image","schema":{"@context":"https:\/\/schema.org","@graph":[{"@type":"Article","@id":"https:\/\/www.leeb-balkone.com\/de\/blog\/fruehling-auf-balkonien\/#article","isPartOf":{"@id":"https:\/\/www.leeb-balkone.com\/de\/blog\/fruehling-auf-balkonien\/"},"author":{"name":"jbacher","@id":"https:\/\/www.leeb-balkone.com\/de\/#\/schema\/person\/15f1f398efcf4703721e46c2136421fa"},"headline":"Fr\u00fchling auf Balkonien","datePublished":"2018-04-02T09:32:15+00:00","dateModified":"2025-09-18T14:56:39+00:00","mainEntityOfPage":{"@id":"https:\/\/www.leeb-balkone.com\/de\/blog\/fruehling-auf-balkonien\/"},"wordCount":565,"publisher":{"@id":"https:\/\/www.leeb-balkone.com\/de\/#organization"},"image":{"@id":"https:\/\/www.leeb-balkone.com\/de\/blog\/fruehling-auf-balkonien\/#primaryimage"},"thumbnailUrl":"https:\/\/www.leeb-balkone.com\/app\/uploads\/2020\/10\/gartenarbeit-2-scaled.jpg","articleSection":["Balkonpflanzen","Garten und Pflanzen","Garten- &amp; Terrassenm\u00f6bel","Tipps zur Balkongestaltung"],"inLanguage":"de"},{"@type":"WebPage","@id":"https:\/\/www.leeb-balkone.com\/de\/blog\/fruehling-auf-balkonien\/","url":"https:\/\/www.leeb-balkone.com\/de\/blog\/fruehling-auf-balkonien\/","name":"Fr\u00fchling auf Balkonien - Leeb Balkone","isPartOf":{"@id":"https:\/\/www.leeb-balkone.com\/de\/#website"},"primaryImageOfPage":{"@id":"https:\/\/www.leeb-balkone.com\/de\/blog\/fruehling-auf-balkonien\/#primaryimage"},"image":{"@id":"https:\/\/www.leeb-balkone.com\/de\/blog\/fruehling-auf-balkonien\/#primaryimage"},"thumbnailUrl":"https:\/\/www.leeb-balkone.com\/app\/uploads\/2020\/10\/gartenarbeit-2-scaled.jpg","datePublished":"2018-04-02T09:32:15+00:00","dateModified":"2025-09-18T14:56:39+00:00","description":"Der Fr\u00fchling kommt mit leisen Schritten und in dieser besonderen Jahreszeit, wenn W\u00e4lder und Wiesen langsam zum Leben erwachen, sehnt man sich auch am Balkon nach ein paar Farbtupfern und duftenden Pflanzen.","breadcrumb":{"@id":"https:\/\/www.leeb-balkone.com\/de\/blog\/fruehling-auf-balkonien\/#breadcrumb"},"inLanguage":"de","potentialAction":[{"@type":"ReadAction","target":["https:\/\/www.leeb-balkone.com\/de\/blog\/fruehling-auf-balkonien\/"]}]},{"@type":"ImageObject","inLanguage":"de","@id":"https:\/\/www.leeb-balkone.com\/de\/blog\/fruehling-auf-balkonien\/#primaryimage","url":"https:\/\/www.leeb-balkone.com\/app\/uploads\/2020\/10\/gartenarbeit-2-scaled.jpg","contentUrl":"https:\/\/www.leeb-balkone.com\/app\/uploads\/2020\/10\/gartenarbeit-2-scaled.jpg","width":2560,"height":1707},{"@type":"BreadcrumbList","@id":"https:\/\/www.leeb-balkone.com\/de\/blog\/fruehling-auf-balkonien\/#breadcrumb","itemListElement":[{"@type":"ListItem","position":1,"name":"Home","item":"https:\/\/www.leeb-balkone.com\/de\/"},{"@type":"ListItem","position":2,"name":"Fr\u00fchling auf Balkonien"}]},{"@type":"WebSite","@id":"https:\/\/www.leeb-balkone.com\/de\/#website","url":"https:\/\/www.leeb-balkone.com\/de\/","name":"Leeb Balkone","description":"Balkone und Z\u00e4une","publisher":{"@id":"https:\/\/www.leeb-balkone.com\/de\/#organization"},"potentialAction":[{"@type":"SearchAction","target":{"@type":"EntryPoint","urlTemplate":"https:\/\/www.leeb-balkone.com\/de\/?s={search_term_string}"},"query-input":{"@type":"PropertyValueSpecification","valueRequired":true,"valueName":"search_term_string"}}],"inLanguage":"de"},{"@type":"Organization","@id":"https:\/\/www.leeb-balkone.com\/de\/#organization","name":"Leeb Balkone Gmbh","url":"https:\/\/www.leeb-balkone.com\/de\/","logo":{"@type":"ImageObject","inLanguage":"de","@id":"https:\/\/www.leeb-balkone.com\/de\/#\/schema\/logo\/image\/","url":"https:\/\/www.leeb-balkone.com\/app\/uploads\/2020\/11\/leeb-logo.svg","contentUrl":"https:\/\/www.leeb-balkone.com\/app\/uploads\/2020\/11\/leeb-logo.svg","width":741,"height":204,"caption":"Leeb Balkone Gmbh"},"image":{"@id":"https:\/\/www.leeb-balkone.com\/de\/#\/schema\/logo\/image\/"},"sameAs":["https:\/\/www.facebook.com\/balkone\/","https:\/\/www.trustedshops.at\/bewertung\/info_X4587CCF5833E31AFE0B11F47D86999F2.html","https:\/\/www.trustedshops.de\/bewertung\/info_X7BA536A7A0BDC86D36C4718E4DCAEEEF.html","https:\/\/www.google.com\/maps\/place\/?q=place_id:ChIJ5-zH19-IcEcR9HonWRTllHI"]},{"@type":"Person","@id":"https:\/\/www.leeb-balkone.com\/de\/#\/schema\/person\/15f1f398efcf4703721e46c2136421fa","name":"jbacher"}]}},"_links":{"self":[{"href":"https:\/\/www.leeb-balkone.com\/de\/wp-json\/wp\/v2\/posts\/8778","targetHints":{"allow":["GET"]}}],"collection":[{"href":"https:\/\/www.leeb-balkone.com\/de\/wp-json\/wp\/v2\/posts"}],"about":[{"href":"https:\/\/www.leeb-balkone.com\/de\/wp-json\/wp\/v2\/types\/post"}],"author":[{"embeddable":true,"href":"https:\/\/www.leeb-balkone.com\/de\/wp-json\/wp\/v2\/users\/3"}],"replies":[{"embeddable":true,"href":"https:\/\/www.leeb-balkone.com\/de\/wp-json\/wp\/v2\/comments?post=8778"}],"version-history":[{"count":2,"href":"https:\/\/www.leeb-balkone.com\/de\/wp-json\/wp\/v2\/posts\/8778\/revisions"}],"predecessor-version":[{"id":156702,"href":"https:\/\/www.leeb-balkone.com\/de\/wp-json\/wp\/v2\/posts\/8778\/revisions\/156702"}],"wp:featuredmedia":[{"embeddable":true,"href":"https:\/\/www.leeb-balkone.com\/de\/wp-json\/wp\/v2\/media\/8776"}],"wp:attachment":[{"href":"https:\/\/www.leeb-balkone.com\/de\/wp-json\/wp\/v2\/media?parent=8778"}],"wp:term":[{"taxonomy":"category","embeddable":true,"href":"https:\/\/www.leeb-balkone.com\/de\/wp-json\/wp\/v2\/categories?post=8778"},{"taxonomy":"post_tag","embeddable":true,"href":"https:\/\/www.leeb-balkone.com\/de\/wp-json\/wp\/v2\/tags?post=8778"},{"taxonomy":"post_folder","embeddable":true,"href":"https:\/\/www.leeb-balkone.com\/de\/wp-json\/wp\/v2\/post_folder?post=8778"}],"curies":[{"name":"wp","href":"https:\/\/api.w.org\/{rel}","templated":true}]}}