{"id":8698,"date":"2020-06-10T07:05:00","date_gmt":"2020-06-10T07:05:00","guid":{"rendered":"https:\/\/www.leeb-balkone.com\/de\/blog\/postdummy-2-2-3-2-2-2-2\/"},"modified":"2025-06-02T16:04:08","modified_gmt":"2025-06-02T16:04:08","slug":"balkonien-all-inclusive","status":"publish","type":"post","link":"https:\/\/www.leeb-balkone.com\/de\/blog\/balkonien-all-inclusive\/","title":{"rendered":"Balkonien all inclusive"},"content":{"rendered":"<header data-block_00d5da9da184e517b6699de3bcb4d1c8 class=\"c-fh  l-mh-small c-fh--hero c-grad-l2r c-fh--div none\">\n      <img loading=\"lazy\" decoding=\"async\" width=\"2560\" height=\"1707\" src=\"https:\/\/www.leeb-balkone.com\/app\/uploads\/2020\/10\/vw-bully-t1-scaled.jpg\" class=\"no-lazy\" alt=\"balkonien schild\" srcset=\"https:\/\/www.leeb-balkone.com\/app\/uploads\/2020\/10\/vw-bully-t1-scaled.jpg 2560w, https:\/\/www.leeb-balkone.com\/app\/uploads\/2020\/10\/vw-bully-t1-300x200.jpg 300w, https:\/\/www.leeb-balkone.com\/app\/uploads\/2020\/10\/vw-bully-t1-1024x683.jpg 1024w, https:\/\/www.leeb-balkone.com\/app\/uploads\/2020\/10\/vw-bully-t1-768x512.jpg 768w, https:\/\/www.leeb-balkone.com\/app\/uploads\/2020\/10\/vw-bully-t1-1536x1024.jpg 1536w, https:\/\/www.leeb-balkone.com\/app\/uploads\/2020\/10\/vw-bully-t1-2048x1366.jpg 2048w\" sizes=\"auto, (min-width: 1536px) 2048px, (min-width: 992px) 1536px, (min-width: 768px) 1024px, (min-width: 576px) 768px, 100vw\" \/>\n\n\n<div class=\"grid-container\">\n  <div class=\"grid-x\">\n    <div class=\"cell small-12 medium-6 medium-offset-1\">\n      <div class=\"c-fh__wrapper\">\n              <\/div>\n    <\/div>\n  <\/div>\n<\/div>\n  \n    \n    <\/header>\n\n\n  \n  <section class=\"wp-block-group alignfull t3-header u-max-wide t3-header-text has-white-background-color has-background has-global-padding is-layout-constrained wp-block-group-is-layout-constrained\">\n    <div class=\"wp-block-group o-grid u-md-1 u-sm-1 is-layout-flow wp-block-group-is-layout-flow\">\n  <div class=\"wp-block-group u-g-10 u-g-s-2\">\n      <div class=\"yoast-breadcrumbs\"><span><span><a href=\"https:\/\/www.leeb-balkone.com\/de\/\">Home<\/a><\/span><\/span><\/div>\n      \n    <h1>Balkonien all inclusive<\/h1>\n  <\/div>\n<\/div>\n  <\/section>\n\n\n\n\n\n\n<section class=\"wp-block-cgb-t3-section-block alignfull b-pt-small  is-style-bg-white\" style=\"display:inherit;min-height:inherit\">\n<div class=\"wp-block-cgb-t3-container-block none\" style=\"background-color:none\"><div class=\"grid-container\"><div class=\"grid-x\"><div class=\"cell small-12 medium-9 large-0 medium-offset-1 b-has-lsmb\">\n<p>Koffer packen, z\u00e4her Reiseverkehr, \u00fcberf\u00fcllte Badestr\u00e4nde und das bei fast 40 Grad Celsius. Immer mehr Personen bleiben im Sommer lieber zu Hause und genie\u00dfen den Urlaub auf Balkonien \u2013 stressfrei und mit allen Vorz\u00fcgen, die die eigenen vier W\u00e4nde bieten.<\/p>\n\n\n\n<h2 class=\"wp-block-heading\">Kein Stress vor der Reise<\/h2>\n\n\n\n<p>Wer kennt es nicht: Vor Anbruch einer Reise ist viel zu tun. \u201eWer gie\u00dft in meiner Abwesenheit die Blumen?\u201c, \u201eWer f\u00fcttert Hund oder Katze?\u201c, \u201eWas packe ich in den Koffer?\u201c Wer zu Hause bleibt, muss sich diese Fragen nicht stellen. Die Sommertage k\u00f6nnen gem\u00fctlich mit dem geliebten Vierbeiner am Balkon verbracht werden und auch das Sommeroutfit kann in Ruhe ausgew\u00e4hlt werden, da der heimische Kleiderschrank dauerhaft zur Verf\u00fcgung steht. Ein weiterer Vorteil: wer sich f\u00fcr Balkonien entscheidet setzt sich nicht dem Risiko aus, seinen Reisekoffer zu verlieren oder gar mit einer anderen Garderobe nach Hause zu kommen.<\/p>\n<\/div><\/div><\/div><\/div>\n\n\n\n<div class=\"wp-block-cgb-t3-container-block none\" style=\"background-color:none\"><div class=\"grid-container\"><div class=\"grid-x\"><div class=\"cell small-12 medium-0 large-0\"><div id=\"lightgallery-block_d3a2751fd7f476cb2b5762dd3c3f0334\" data-block_d3a2751fd7f476cb2b5762dd3c3f0334 class=\"has-1-imgs b-cards b-cards--gallery u-grid-temp has-1-cols u-md-2 u-sm-1 wp-block-group is-layout-grid wp-block-group-is-layout-grid gallery alignwide\">\n\n        <div class=\"b-cards__item\">\n\n        \n      <figure>\n                 <img loading=\"lazy\" decoding=\"async\" width=\"1536\" height=\"1024\" src=\"https:\/\/www.leeb-balkone.com\/app\/uploads\/2020\/10\/vw-bully-t1-1536x1024.jpg\" class=\"attachment-1536x1536 size-1536x1536\" alt=\"vw bully t1\" srcset=\"https:\/\/www.leeb-balkone.com\/app\/uploads\/2020\/10\/vw-bully-t1-1536x1024.jpg 1536w, https:\/\/www.leeb-balkone.com\/app\/uploads\/2020\/10\/vw-bully-t1-300x200.jpg 300w, https:\/\/www.leeb-balkone.com\/app\/uploads\/2020\/10\/vw-bully-t1-1024x683.jpg 1024w, https:\/\/www.leeb-balkone.com\/app\/uploads\/2020\/10\/vw-bully-t1-768x512.jpg 768w, https:\/\/www.leeb-balkone.com\/app\/uploads\/2020\/10\/vw-bully-t1-2048x1366.jpg 2048w\" sizes=\"auto, (min-width: 1200px) 100vw, (min-width: 1024px) 1536px, (min-width: 640px) 768px, 768px\" \/>              <\/figure>\n\n                  \n  \n<\/div>\n\n    <\/div>\n\n<\/div><\/div><\/div><\/div>\n\n\n\n<div class=\"wp-block-cgb-t3-container-block none\" style=\"background-color:none\"><div class=\"grid-container\"><div class=\"grid-x\"><div class=\"cell small-12 medium-9 large-0 medium-offset-1 b-has-lsmb\">\n<h2 class=\"wp-block-heading\">Der An- und Abreisetag kann sinnvoll genutzt werden<\/h2>\n\n\n\n<p>Z\u00e4her Reiseverkehr oder gar ein Stau auf der Autobahn, versp\u00e4tete Fl\u00fcge und \u00fcberf\u00fcllte Wartehallen. Heimurlauber k\u00f6nnen den An- und Abreisetag sinnvoll nutzen. Ein Besuch im Freibad, ein Fahrradausflug oder eine bequeme Wanderung mit der ganzen Familie lassen sich problemlos durchf\u00fchren und alles ganz ohne Jetlag. Sie brauchen sich auch nicht in den fr\u00fchen Morgenstunden aus den Federn qu\u00e4len, um eine Strandliege zu besetzten. Zu Hause k\u00f6nnen Sie gem\u00fctlich ausschlafen und ganz ehrlich gesagt: im eigenen Bett schl\u00e4ft es sich auch am besten.<\/p>\n<\/div><\/div><\/div><\/div>\n\n\n\n<div class=\"wp-block-cgb-t3-container-block none\" style=\"background-color:none\"><div class=\"grid-container\"><div class=\"grid-x\"><div class=\"cell small-12 medium-0 large-0\"><div id=\"lightgallery-block_eebbb318a9cee172be68152414fcbcc3\" data-block_eebbb318a9cee172be68152414fcbcc3 class=\"has-1-imgs b-cards b-cards--gallery u-grid-temp has-1-cols u-md-2 u-sm-1 wp-block-group is-layout-grid wp-block-group-is-layout-grid gallery alignwide\">\n\n        <div class=\"b-cards__item\">\n\n        \n      <figure>\n                 <img loading=\"lazy\" decoding=\"async\" width=\"1536\" height=\"1024\" src=\"https:\/\/www.leeb-balkone.com\/app\/uploads\/2020\/10\/sonne-tanken-1536x1024.jpg\" class=\"attachment-1536x1536 size-1536x1536\" alt=\"sonne tanken\" srcset=\"https:\/\/www.leeb-balkone.com\/app\/uploads\/2020\/10\/sonne-tanken-1536x1024.jpg 1536w, https:\/\/www.leeb-balkone.com\/app\/uploads\/2020\/10\/sonne-tanken-300x200.jpg 300w, https:\/\/www.leeb-balkone.com\/app\/uploads\/2020\/10\/sonne-tanken-1024x683.jpg 1024w, https:\/\/www.leeb-balkone.com\/app\/uploads\/2020\/10\/sonne-tanken-768x512.jpg 768w, https:\/\/www.leeb-balkone.com\/app\/uploads\/2020\/10\/sonne-tanken-2048x1366.jpg 2048w\" sizes=\"auto, (min-width: 1200px) 100vw, (min-width: 1024px) 1536px, (min-width: 640px) 768px, 768px\" \/>              <\/figure>\n\n                  \n  \n<\/div>\n\n    <\/div>\n\n<\/div><\/div><\/div><\/div>\n\n\n\n<div class=\"wp-block-cgb-t3-container-block none\" style=\"background-color:none\"><div class=\"grid-container\"><div class=\"grid-x\"><div class=\"cell small-12 medium-9 large-0 medium-offset-1 b-has-lsmb\">\n<h2 class=\"wp-block-heading\">Keine l\u00e4stige Hausarbeit nach der Reise<\/h2>\n\n\n\n<p>Nach 10 Tagen Abwesenheit f\u00e4llt schon mal eine Menge Hausarbeit an. Die Schmutzw\u00e4sche h\u00e4uft sich und in den Wohnr\u00e4umen bildet sich schon eine richtige Staubschicht. W\u00e4sche waschen und b\u00fcgeln geh\u00f6ren nach einem l\u00e4ngeren Trip zur Tagesordnung. Wer zu Hause bleibt kann sich die Hausarbeit gut einteilen \u2013 ebenso steht die eigene Waschmaschine immer parat und l\u00e4stige Flecken m\u00fcssen nicht im Hotelwaschbecken per Hand rausgewaschen werden.<\/p>\n\n\n\n<h2 class=\"wp-block-heading\">Zu Hause schmeckt\u2019s am besten<\/h2>\n\n\n\n<p>Wer dennoch nicht auf die K\u00fcche ferner L\u00e4nder verzichten m\u00f6chte, kann f\u00fcr Abwechslung im Speiseplan sorgen. Eine spanische Paella, Spaghetti al Vongole oder griechisches Gyros mit Tsatsiki sorgen f\u00fcr kulinarische Gen\u00fcsse und Urlaubsfeeling am Balkon. Hobbyk\u00f6che kommen da ganz auf Ihre Kosten. Endlich Zeit neue Rezepte auszuprobieren und Familie und Freunde zu verw\u00f6hnen. F\u00fcr alle, die an Allergien und Unvertr\u00e4glichkeiten leiden, ist es weitaus bequemer und stressfreier sein Essen selbst zuzubereiten.<\/p>\n<\/div><\/div><\/div><\/div>\n\n\n\n<div class=\"wp-block-cgb-t3-container-block none\" style=\"background-color:none\"><div class=\"grid-container\"><div class=\"grid-x\"><div class=\"cell small-12 medium-0 large-0\"><div id=\"lightgallery-block_ac948d47bedde0fef4e090758e77ac3e\" data-block_ac948d47bedde0fef4e090758e77ac3e class=\"has-1-imgs b-cards b-cards--gallery u-grid-temp has-1-cols u-md-2 u-sm-1 wp-block-group is-layout-grid wp-block-group-is-layout-grid gallery alignwide\">\n\n        <div class=\"b-cards__item\">\n\n        \n      <figure>\n                 <img loading=\"lazy\" decoding=\"async\" width=\"1536\" height=\"1086\" src=\"https:\/\/www.leeb-balkone.com\/app\/uploads\/2020\/10\/gesund-am-balkon-31-1536x1086.jpg\" class=\"attachment-1536x1536 size-1536x1536\" alt=\"gesund am balkon 31\" srcset=\"https:\/\/www.leeb-balkone.com\/app\/uploads\/2020\/10\/gesund-am-balkon-31-1536x1086.jpg 1536w, https:\/\/www.leeb-balkone.com\/app\/uploads\/2020\/10\/gesund-am-balkon-31-300x212.jpg 300w, https:\/\/www.leeb-balkone.com\/app\/uploads\/2020\/10\/gesund-am-balkon-31-1024x724.jpg 1024w, https:\/\/www.leeb-balkone.com\/app\/uploads\/2020\/10\/gesund-am-balkon-31-768x543.jpg 768w, https:\/\/www.leeb-balkone.com\/app\/uploads\/2020\/10\/gesund-am-balkon-31-2048x1447.jpg 2048w\" sizes=\"auto, (min-width: 1200px) 100vw, (min-width: 1024px) 1536px, (min-width: 640px) 768px, 768px\" \/>              <\/figure>\n\n                  \n  \n<\/div>\n\n    <\/div>\n\n<\/div><\/div><\/div><\/div>\n\n\n\n<div class=\"wp-block-cgb-t3-container-block none\" style=\"background-color:none\"><div class=\"grid-container\"><div class=\"grid-x\"><div class=\"cell small-12 medium-9 large-0 medium-offset-1 b-has-lsmb\">\n<h2 class=\"wp-block-heading\">Entspannen ohne Risiko<\/h2>\n\n\n\n<p>Am eigenen Balkon holen Sie sich bestimmt keinen Sonnenbrand, da Sie vorausschauend f\u00fcr die richtige Beschattung gesorgt haben. Auslandsreisen sind immer auch ein gesundheitliches Risiko und es besteht die Gefahr ansteckende Krankheiten aufzufangen. Das passiert Ihnen auf Balkonien garantiert nicht.<\/p>\n\n\n\n<p>Und zu guter Letzt kostet die Urlaubsreise auch eine Menge Geld, f\u00fcr das Sie sich bestimmt andere, langfristigere Anschaffungen leisten k\u00f6nnen.<\/p>\n\n\n\n<h3 class=\"wp-block-heading\">Wir w\u00fcnschen Ihnen jedenfalls einen sch\u00f6nen Sommer auf Balkonien!<\/h3>\n<\/div><\/div><\/div><\/div>\n<\/section>\n\n\n\n<p><\/p>\n","protected":false},"excerpt":{"rendered":"<p>Wer auf \u00fcberf\u00fcllte Badestr\u00e4nde, z\u00e4hen Reiseverkehr und Jetlag verzichten m\u00f6chte, verbringt seinen Urlaub ganz bequem und stressfrei auf Balkonien. Mit ein paar Tricks l\u00e4sst sich das Urlaubsfeeling ganz einfach auf den Balkon zaubern.<\/p>\n","protected":false},"author":3,"featured_media":8495,"comment_status":"closed","ping_status":"open","sticky":false,"template":"template-onepager.blade.php","format":"standard","meta":{"_acf_changed":false,"footnotes":""},"categories":[54,55,56,61,62,59,58],"tags":[],"post_folder":[],"class_list":["post-8698","post","type-post","status-publish","format-standard","has-post-thumbnail","hentry","category-balkongestaltung","category-balkonmoebel","category-balkonpflanzen","category-garten-und-pflanzen","category-garten-terrassenmoebel","category-gartengestaltung","category-tipps-zur-balkongestaltung"],"acf":[],"yoast_head":"<!-- This site is optimized with the Yoast SEO plugin v27.2 - https:\/\/yoast.com\/product\/yoast-seo-wordpress\/ -->\n<title>Balkonien all inclusive - Leeb Balkone Deutschland<\/title>\n<meta name=\"description\" content=\"Wer auf \u00fcberf\u00fcllte Badestr\u00e4nde, z\u00e4hen Reiseverkehr und Jetlag verzichten m\u00f6chte, verbringt seinen Urlaub ganz bequem und stressfrei auf Balkonien. Mit ein paar Tricks l\u00e4sst sich das Urlaubsfeeling ganz einfach auf den Balkon zaubern.\" \/>\n<meta name=\"robots\" content=\"index, follow, max-snippet:-1, max-image-preview:large, max-video-preview:-1\" \/>\n<meta property=\"og:locale\" content=\"de_DE\" \/>\n<meta property=\"og:type\" content=\"article\" \/>\n<meta property=\"og:title\" content=\"Balkonien all inclusive - Leeb Balkone\" \/>\n<meta property=\"og:description\" content=\"Wer auf \u00fcberf\u00fcllte Badestr\u00e4nde, z\u00e4hen Reiseverkehr und Jetlag verzichten m\u00f6chte, verbringt seinen Urlaub ganz bequem und stressfrei auf Balkonien. Mit ein paar Tricks l\u00e4sst sich das Urlaubsfeeling ganz einfach auf den Balkon zaubern.\" \/>\n<meta property=\"og:url\" content=\"https:\/\/www.leeb-balkone.com\/de\/blog\/balkonien-all-inclusive\/\" \/>\n<meta property=\"og:site_name\" content=\"Leeb Balkone\" \/>\n<meta property=\"article:publisher\" content=\"https:\/\/www.facebook.com\/balkone\/\" \/>\n<meta property=\"article:published_time\" content=\"2020-06-10T07:05:00+00:00\" \/>\n<meta property=\"article:modified_time\" content=\"2025-06-02T16:04:08+00:00\" \/>\n<meta property=\"og:image\" content=\"https:\/\/www.leeb-balkone.com\/app\/uploads\/2020\/10\/vw-bully-t1-scaled.jpg\" \/>\n\t<meta property=\"og:image:width\" content=\"2560\" \/>\n\t<meta property=\"og:image:height\" content=\"1707\" \/>\n\t<meta property=\"og:image:type\" content=\"image\/jpeg\" \/>\n<meta name=\"author\" content=\"jbacher\" \/>\n<meta name=\"twitter:card\" content=\"summary_large_image\" \/>\n<script type=\"application\/ld+json\" class=\"yoast-schema-graph\">{\"@context\":\"https:\/\/schema.org\",\"@graph\":[{\"@type\":\"Article\",\"@id\":\"https:\/\/www.leeb-balkone.com\/de\/blog\/balkonien-all-inclusive\/#article\",\"isPartOf\":{\"@id\":\"https:\/\/www.leeb-balkone.com\/de\/blog\/balkonien-all-inclusive\/\"},\"author\":{\"name\":\"jbacher\",\"@id\":\"https:\/\/www.leeb-balkone.com\/de\/#\/schema\/person\/15f1f398efcf4703721e46c2136421fa\"},\"headline\":\"Balkonien all inclusive\",\"datePublished\":\"2020-06-10T07:05:00+00:00\",\"dateModified\":\"2025-06-02T16:04:08+00:00\",\"mainEntityOfPage\":{\"@id\":\"https:\/\/www.leeb-balkone.com\/de\/blog\/balkonien-all-inclusive\/\"},\"wordCount\":502,\"publisher\":{\"@id\":\"https:\/\/www.leeb-balkone.com\/de\/#organization\"},\"image\":{\"@id\":\"https:\/\/www.leeb-balkone.com\/de\/blog\/balkonien-all-inclusive\/#primaryimage\"},\"thumbnailUrl\":\"https:\/\/www.leeb-balkone.com\/app\/uploads\/2020\/10\/vw-bully-t1-scaled.jpg\",\"articleSection\":[\"Balkongestaltung\",\"Balkonm\u00f6bel\",\"Balkonpflanzen\",\"Garten und Pflanzen\",\"Garten- &amp; Terrassenm\u00f6bel\",\"Gartengestaltung\",\"Tipps zur Balkongestaltung\"],\"inLanguage\":\"de\"},{\"@type\":\"WebPage\",\"@id\":\"https:\/\/www.leeb-balkone.com\/de\/blog\/balkonien-all-inclusive\/\",\"url\":\"https:\/\/www.leeb-balkone.com\/de\/blog\/balkonien-all-inclusive\/\",\"name\":\"Balkonien all inclusive - Leeb Balkone\",\"isPartOf\":{\"@id\":\"https:\/\/www.leeb-balkone.com\/de\/#website\"},\"primaryImageOfPage\":{\"@id\":\"https:\/\/www.leeb-balkone.com\/de\/blog\/balkonien-all-inclusive\/#primaryimage\"},\"image\":{\"@id\":\"https:\/\/www.leeb-balkone.com\/de\/blog\/balkonien-all-inclusive\/#primaryimage\"},\"thumbnailUrl\":\"https:\/\/www.leeb-balkone.com\/app\/uploads\/2020\/10\/vw-bully-t1-scaled.jpg\",\"datePublished\":\"2020-06-10T07:05:00+00:00\",\"dateModified\":\"2025-06-02T16:04:08+00:00\",\"description\":\"Wer auf \u00fcberf\u00fcllte Badestr\u00e4nde, z\u00e4hen Reiseverkehr und Jetlag verzichten m\u00f6chte, verbringt seinen Urlaub ganz bequem und stressfrei auf Balkonien. Mit ein paar Tricks l\u00e4sst sich das Urlaubsfeeling ganz einfach auf den Balkon zaubern.\",\"breadcrumb\":{\"@id\":\"https:\/\/www.leeb-balkone.com\/de\/blog\/balkonien-all-inclusive\/#breadcrumb\"},\"inLanguage\":\"de\",\"potentialAction\":[{\"@type\":\"ReadAction\",\"target\":[\"https:\/\/www.leeb-balkone.com\/de\/blog\/balkonien-all-inclusive\/\"]}]},{\"@type\":\"ImageObject\",\"inLanguage\":\"de\",\"@id\":\"https:\/\/www.leeb-balkone.com\/de\/blog\/balkonien-all-inclusive\/#primaryimage\",\"url\":\"https:\/\/www.leeb-balkone.com\/app\/uploads\/2020\/10\/vw-bully-t1-scaled.jpg\",\"contentUrl\":\"https:\/\/www.leeb-balkone.com\/app\/uploads\/2020\/10\/vw-bully-t1-scaled.jpg\",\"width\":2560,\"height\":1707},{\"@type\":\"BreadcrumbList\",\"@id\":\"https:\/\/www.leeb-balkone.com\/de\/blog\/balkonien-all-inclusive\/#breadcrumb\",\"itemListElement\":[{\"@type\":\"ListItem\",\"position\":1,\"name\":\"Home\",\"item\":\"https:\/\/www.leeb-balkone.com\/de\/\"},{\"@type\":\"ListItem\",\"position\":2,\"name\":\"Balkonien all inclusive\"}]},{\"@type\":\"WebSite\",\"@id\":\"https:\/\/www.leeb-balkone.com\/de\/#website\",\"url\":\"https:\/\/www.leeb-balkone.com\/de\/\",\"name\":\"Leeb Balkone\",\"description\":\"Balkone und Z\u00e4une\",\"publisher\":{\"@id\":\"https:\/\/www.leeb-balkone.com\/de\/#organization\"},\"potentialAction\":[{\"@type\":\"SearchAction\",\"target\":{\"@type\":\"EntryPoint\",\"urlTemplate\":\"https:\/\/www.leeb-balkone.com\/de\/?s={search_term_string}\"},\"query-input\":{\"@type\":\"PropertyValueSpecification\",\"valueRequired\":true,\"valueName\":\"search_term_string\"}}],\"inLanguage\":\"de\"},{\"@type\":\"Organization\",\"@id\":\"https:\/\/www.leeb-balkone.com\/de\/#organization\",\"name\":\"Leeb Balkone Gmbh\",\"url\":\"https:\/\/www.leeb-balkone.com\/de\/\",\"logo\":{\"@type\":\"ImageObject\",\"inLanguage\":\"de\",\"@id\":\"https:\/\/www.leeb-balkone.com\/de\/#\/schema\/logo\/image\/\",\"url\":\"https:\/\/www.leeb-balkone.com\/app\/uploads\/2020\/11\/leeb-logo.svg\",\"contentUrl\":\"https:\/\/www.leeb-balkone.com\/app\/uploads\/2020\/11\/leeb-logo.svg\",\"width\":741,\"height\":204,\"caption\":\"Leeb Balkone Gmbh\"},\"image\":{\"@id\":\"https:\/\/www.leeb-balkone.com\/de\/#\/schema\/logo\/image\/\"},\"sameAs\":[\"https:\/\/www.facebook.com\/balkone\/\",\"https:\/\/www.trustedshops.at\/bewertung\/info_X4587CCF5833E31AFE0B11F47D86999F2.html\",\"https:\/\/www.trustedshops.de\/bewertung\/info_X7BA536A7A0BDC86D36C4718E4DCAEEEF.html\",\"https:\/\/www.google.com\/maps\/place\/?q=place_id:ChIJ5-zH19-IcEcR9HonWRTllHI\"]},{\"@type\":\"Person\",\"@id\":\"https:\/\/www.leeb-balkone.com\/de\/#\/schema\/person\/15f1f398efcf4703721e46c2136421fa\",\"name\":\"jbacher\"}]}<\/script>\n<!-- \/ Yoast SEO plugin. -->","yoast_head_json":{"title":"Balkonien all inclusive - Leeb Balkone Deutschland","description":"Wer auf \u00fcberf\u00fcllte Badestr\u00e4nde, z\u00e4hen Reiseverkehr und Jetlag verzichten m\u00f6chte, verbringt seinen Urlaub ganz bequem und stressfrei auf Balkonien. Mit ein paar Tricks l\u00e4sst sich das Urlaubsfeeling ganz einfach auf den Balkon zaubern.","robots":{"index":"index","follow":"follow","max-snippet":"max-snippet:-1","max-image-preview":"max-image-preview:large","max-video-preview":"max-video-preview:-1"},"og_locale":"de_DE","og_type":"article","og_title":"Balkonien all inclusive - Leeb Balkone","og_description":"Wer auf \u00fcberf\u00fcllte Badestr\u00e4nde, z\u00e4hen Reiseverkehr und Jetlag verzichten m\u00f6chte, verbringt seinen Urlaub ganz bequem und stressfrei auf Balkonien. Mit ein paar Tricks l\u00e4sst sich das Urlaubsfeeling ganz einfach auf den Balkon zaubern.","og_url":"https:\/\/www.leeb-balkone.com\/de\/blog\/balkonien-all-inclusive\/","og_site_name":"Leeb Balkone","article_publisher":"https:\/\/www.facebook.com\/balkone\/","article_published_time":"2020-06-10T07:05:00+00:00","article_modified_time":"2025-06-02T16:04:08+00:00","og_image":[{"width":2560,"height":1707,"url":"https:\/\/www.leeb-balkone.com\/app\/uploads\/2020\/10\/vw-bully-t1-scaled.jpg","type":"image\/jpeg"}],"author":"jbacher","twitter_card":"summary_large_image","schema":{"@context":"https:\/\/schema.org","@graph":[{"@type":"Article","@id":"https:\/\/www.leeb-balkone.com\/de\/blog\/balkonien-all-inclusive\/#article","isPartOf":{"@id":"https:\/\/www.leeb-balkone.com\/de\/blog\/balkonien-all-inclusive\/"},"author":{"name":"jbacher","@id":"https:\/\/www.leeb-balkone.com\/de\/#\/schema\/person\/15f1f398efcf4703721e46c2136421fa"},"headline":"Balkonien all inclusive","datePublished":"2020-06-10T07:05:00+00:00","dateModified":"2025-06-02T16:04:08+00:00","mainEntityOfPage":{"@id":"https:\/\/www.leeb-balkone.com\/de\/blog\/balkonien-all-inclusive\/"},"wordCount":502,"publisher":{"@id":"https:\/\/www.leeb-balkone.com\/de\/#organization"},"image":{"@id":"https:\/\/www.leeb-balkone.com\/de\/blog\/balkonien-all-inclusive\/#primaryimage"},"thumbnailUrl":"https:\/\/www.leeb-balkone.com\/app\/uploads\/2020\/10\/vw-bully-t1-scaled.jpg","articleSection":["Balkongestaltung","Balkonm\u00f6bel","Balkonpflanzen","Garten und Pflanzen","Garten- &amp; Terrassenm\u00f6bel","Gartengestaltung","Tipps zur Balkongestaltung"],"inLanguage":"de"},{"@type":"WebPage","@id":"https:\/\/www.leeb-balkone.com\/de\/blog\/balkonien-all-inclusive\/","url":"https:\/\/www.leeb-balkone.com\/de\/blog\/balkonien-all-inclusive\/","name":"Balkonien all inclusive - Leeb Balkone","isPartOf":{"@id":"https:\/\/www.leeb-balkone.com\/de\/#website"},"primaryImageOfPage":{"@id":"https:\/\/www.leeb-balkone.com\/de\/blog\/balkonien-all-inclusive\/#primaryimage"},"image":{"@id":"https:\/\/www.leeb-balkone.com\/de\/blog\/balkonien-all-inclusive\/#primaryimage"},"thumbnailUrl":"https:\/\/www.leeb-balkone.com\/app\/uploads\/2020\/10\/vw-bully-t1-scaled.jpg","datePublished":"2020-06-10T07:05:00+00:00","dateModified":"2025-06-02T16:04:08+00:00","description":"Wer auf \u00fcberf\u00fcllte Badestr\u00e4nde, z\u00e4hen Reiseverkehr und Jetlag verzichten m\u00f6chte, verbringt seinen Urlaub ganz bequem und stressfrei auf Balkonien. Mit ein paar Tricks l\u00e4sst sich das Urlaubsfeeling ganz einfach auf den Balkon zaubern.","breadcrumb":{"@id":"https:\/\/www.leeb-balkone.com\/de\/blog\/balkonien-all-inclusive\/#breadcrumb"},"inLanguage":"de","potentialAction":[{"@type":"ReadAction","target":["https:\/\/www.leeb-balkone.com\/de\/blog\/balkonien-all-inclusive\/"]}]},{"@type":"ImageObject","inLanguage":"de","@id":"https:\/\/www.leeb-balkone.com\/de\/blog\/balkonien-all-inclusive\/#primaryimage","url":"https:\/\/www.leeb-balkone.com\/app\/uploads\/2020\/10\/vw-bully-t1-scaled.jpg","contentUrl":"https:\/\/www.leeb-balkone.com\/app\/uploads\/2020\/10\/vw-bully-t1-scaled.jpg","width":2560,"height":1707},{"@type":"BreadcrumbList","@id":"https:\/\/www.leeb-balkone.com\/de\/blog\/balkonien-all-inclusive\/#breadcrumb","itemListElement":[{"@type":"ListItem","position":1,"name":"Home","item":"https:\/\/www.leeb-balkone.com\/de\/"},{"@type":"ListItem","position":2,"name":"Balkonien all inclusive"}]},{"@type":"WebSite","@id":"https:\/\/www.leeb-balkone.com\/de\/#website","url":"https:\/\/www.leeb-balkone.com\/de\/","name":"Leeb Balkone","description":"Balkone und Z\u00e4une","publisher":{"@id":"https:\/\/www.leeb-balkone.com\/de\/#organization"},"potentialAction":[{"@type":"SearchAction","target":{"@type":"EntryPoint","urlTemplate":"https:\/\/www.leeb-balkone.com\/de\/?s={search_term_string}"},"query-input":{"@type":"PropertyValueSpecification","valueRequired":true,"valueName":"search_term_string"}}],"inLanguage":"de"},{"@type":"Organization","@id":"https:\/\/www.leeb-balkone.com\/de\/#organization","name":"Leeb Balkone Gmbh","url":"https:\/\/www.leeb-balkone.com\/de\/","logo":{"@type":"ImageObject","inLanguage":"de","@id":"https:\/\/www.leeb-balkone.com\/de\/#\/schema\/logo\/image\/","url":"https:\/\/www.leeb-balkone.com\/app\/uploads\/2020\/11\/leeb-logo.svg","contentUrl":"https:\/\/www.leeb-balkone.com\/app\/uploads\/2020\/11\/leeb-logo.svg","width":741,"height":204,"caption":"Leeb Balkone Gmbh"},"image":{"@id":"https:\/\/www.leeb-balkone.com\/de\/#\/schema\/logo\/image\/"},"sameAs":["https:\/\/www.facebook.com\/balkone\/","https:\/\/www.trustedshops.at\/bewertung\/info_X4587CCF5833E31AFE0B11F47D86999F2.html","https:\/\/www.trustedshops.de\/bewertung\/info_X7BA536A7A0BDC86D36C4718E4DCAEEEF.html","https:\/\/www.google.com\/maps\/place\/?q=place_id:ChIJ5-zH19-IcEcR9HonWRTllHI"]},{"@type":"Person","@id":"https:\/\/www.leeb-balkone.com\/de\/#\/schema\/person\/15f1f398efcf4703721e46c2136421fa","name":"jbacher"}]}},"_links":{"self":[{"href":"https:\/\/www.leeb-balkone.com\/de\/wp-json\/wp\/v2\/posts\/8698","targetHints":{"allow":["GET"]}}],"collection":[{"href":"https:\/\/www.leeb-balkone.com\/de\/wp-json\/wp\/v2\/posts"}],"about":[{"href":"https:\/\/www.leeb-balkone.com\/de\/wp-json\/wp\/v2\/types\/post"}],"author":[{"embeddable":true,"href":"https:\/\/www.leeb-balkone.com\/de\/wp-json\/wp\/v2\/users\/3"}],"replies":[{"embeddable":true,"href":"https:\/\/www.leeb-balkone.com\/de\/wp-json\/wp\/v2\/comments?post=8698"}],"version-history":[{"count":1,"href":"https:\/\/www.leeb-balkone.com\/de\/wp-json\/wp\/v2\/posts\/8698\/revisions"}],"predecessor-version":[{"id":147515,"href":"https:\/\/www.leeb-balkone.com\/de\/wp-json\/wp\/v2\/posts\/8698\/revisions\/147515"}],"wp:featuredmedia":[{"embeddable":true,"href":"https:\/\/www.leeb-balkone.com\/de\/wp-json\/wp\/v2\/media\/8495"}],"wp:attachment":[{"href":"https:\/\/www.leeb-balkone.com\/de\/wp-json\/wp\/v2\/media?parent=8698"}],"wp:term":[{"taxonomy":"category","embeddable":true,"href":"https:\/\/www.leeb-balkone.com\/de\/wp-json\/wp\/v2\/categories?post=8698"},{"taxonomy":"post_tag","embeddable":true,"href":"https:\/\/www.leeb-balkone.com\/de\/wp-json\/wp\/v2\/tags?post=8698"},{"taxonomy":"post_folder","embeddable":true,"href":"https:\/\/www.leeb-balkone.com\/de\/wp-json\/wp\/v2\/post_folder?post=8698"}],"curies":[{"name":"wp","href":"https:\/\/api.w.org\/{rel}","templated":true}]}}