{"id":8601,"date":"2020-10-03T07:53:36","date_gmt":"2020-10-03T07:53:36","guid":{"rendered":"https:\/\/www.leeb-balkone.com\/de\/blog\/postdummy-2-2-3-2-2\/"},"modified":"2023-01-15T23:43:59","modified_gmt":"2023-01-15T23:43:59","slug":"wer-hat-an-der-uhr-gedreht","status":"publish","type":"post","link":"https:\/\/www.leeb-balkone.com\/de\/blog\/wer-hat-an-der-uhr-gedreht\/","title":{"rendered":"Wer hat an der Uhr gedreht"},"content":{"rendered":"<header data-block_5f72d84b7ebd9 class=\"c-fh  l-mh-small c-fh--hero c-grad-l2r c-fh--div none\">\n      <img loading=\"lazy\" decoding=\"async\" width=\"2560\" height=\"1707\" src=\"https:\/\/www.leeb-balkone.com\/app\/uploads\/2020\/10\/zeitumstellung-wecker-scaled.jpg\" class=\"no-lazy\" alt=\"Alles f\u00fcr die Katze am Balkon\" srcset=\"https:\/\/www.leeb-balkone.com\/app\/uploads\/2020\/10\/zeitumstellung-wecker-scaled.jpg 2560w, https:\/\/www.leeb-balkone.com\/app\/uploads\/2020\/10\/zeitumstellung-wecker-300x200.jpg 300w, https:\/\/www.leeb-balkone.com\/app\/uploads\/2020\/10\/zeitumstellung-wecker-1024x683.jpg 1024w, https:\/\/www.leeb-balkone.com\/app\/uploads\/2020\/10\/zeitumstellung-wecker-768x512.jpg 768w, https:\/\/www.leeb-balkone.com\/app\/uploads\/2020\/10\/zeitumstellung-wecker-1536x1024.jpg 1536w, https:\/\/www.leeb-balkone.com\/app\/uploads\/2020\/10\/zeitumstellung-wecker-2048x1366.jpg 2048w\" sizes=\"auto, (min-width: 1536px) 2048px, (min-width: 992px) 1536px, (min-width: 768px) 1024px, (min-width: 576px) 768px, 100vw\" \/>\n\n\n<div class=\"grid-container\">\n  <div class=\"grid-x\">\n    <div class=\"cell small-12 medium-6 medium-offset-1\">\n      <div class=\"c-fh__wrapper\">\n              <\/div>\n    <\/div>\n  <\/div>\n<\/div>\n  \n    \n    <\/header>\n\n\n  \n  <section class=\"wp-block-group alignfull t3-header u-max-wide t3-header-text has-white-background-color has-background has-global-padding is-layout-constrained wp-block-group-is-layout-constrained\">\n    <div class=\"wp-block-group o-grid u-md-1 u-sm-1 is-layout-flow wp-block-group-is-layout-flow\">\n  <div class=\"wp-block-group u-g-10 u-g-s-2\">\n      <div class=\"yoast-breadcrumbs\"><span><span><a href=\"https:\/\/www.leeb-balkone.com\/de\/\">Home<\/a><\/span><\/span><\/div>\n      \n    <h1>Wer hat an der Uhr gedreht<\/h1>\n  <\/div>\n<\/div>\n  <\/section>\n\n\n\n\n\n\n<section class=\"wp-block-cgb-t3-section-block alignfull b-pt-small  is-style-bg-white\" style=\"display:inherit;min-height:inherit\">\n<div class=\"wp-block-cgb-t3-container-block none\" style=\"background-color:none\"><div class=\"grid-container\"><div class=\"grid-x\"><div class=\"cell small-12 medium-9 large-0 medium-offset-1 b-has-lsmb\">\n<p>Die Zeitumstellung \u2013 egal ob Winter- oder Sommerzeit \u2013 bringt uns jedes Jahr aufs Neue durcheinander. Bewiesen ist, dass der menschliche K\u00f6rper rund 4 Wochen braucht um sich auf die neue Situation einzustellen. Aber wann ist nochmal genau die Zeitumstellung? Und muss man jetzt die Zeit eine Stunde vor oder zur\u00fcck drehen? Wir kl\u00e4ren auf und geben Ihnen Tipps, wie Sie den Jetlag gut \u00fcberstehen.<\/p>\n\n\n\n<h2 class=\"wp-block-heading\">Z<strong>u den Fakten<\/strong><\/h2>\n\n\n\n<p>Die Sommerzeit haben wir dem Briten William Willet zu verdanken. In dem Schriftst\u00fcck \u201eThe Waste of Daylight\u201c schlug er vor die Uhren im Sommer f\u00fcr eine Stunde vorzustellen. Die dadurch entstehende Helligkeit am Abend sollte dazu beitragen Stromkosten zu sparen. Mittlerweile wissen wir aber, dass es dadurch keine Energieeinsparungen gibt. Eine einheitliche Zeitumstellung, bei der zwei Mal im Jahr die Uhr umgestellt wird, gibt es in Mitteleuropa erst seit 1996. Seit 2001 gilt die Regelung, dass die Sommerzeit am letzten Sonntag im M\u00e4rz und die Winterzeit am letzten Sonntag im Oktober um jeweils 02:00 Uhr fr\u00fch umgestellt wird. Bei der Sommerzeit wird die Uhr um eine Stunde nach vor gestellt und bei der Winterzeit um eine Stunde zur\u00fcck. Wer sich das nicht merken kann, dem hilft folgende Eselsbr\u00fccke:<\/p>\n\n\n\n<blockquote class=\"wp-block-quote is-layout-flow wp-block-quote-is-layout-flow\"><p>\u201eIm Sommer werden die Balkonm\u00f6bel auf den Balkon gestellt und im Winter stellt man die M\u00f6bel wieder hinein.\u201c<\/p><\/blockquote>\n<\/div><\/div><\/div><\/div>\n\n\n\n<div class=\"wp-block-cgb-t3-container-block none\" style=\"background-color:none\"><div class=\"grid-container\"><div class=\"grid-x\"><div class=\"cell small-12 medium-0 large-0\"><div id=\"lightgallery-block_5f771b5312a95\" data-block_5f771b5312a95 class=\"has-1-imgs b-cards b-cards--gallery u-grid-temp has-1-cols u-md-2 u-sm-1 wp-block-group is-layout-grid wp-block-group-is-layout-grid gallery alignwide\">\n\n        <div class=\"b-cards__item\">\n\n        \n      <figure>\n                 <img loading=\"lazy\" decoding=\"async\" width=\"1536\" height=\"1024\" src=\"https:\/\/www.leeb-balkone.com\/app\/uploads\/2020\/10\/zeitumstellung-muede-1536x1024.jpg\" class=\"attachment-1536x1536 size-1536x1536\" alt=\"zeitumstellung muede\" srcset=\"https:\/\/www.leeb-balkone.com\/app\/uploads\/2020\/10\/zeitumstellung-muede-1536x1024.jpg 1536w, https:\/\/www.leeb-balkone.com\/app\/uploads\/2020\/10\/zeitumstellung-muede-300x200.jpg 300w, https:\/\/www.leeb-balkone.com\/app\/uploads\/2020\/10\/zeitumstellung-muede-1024x683.jpg 1024w, https:\/\/www.leeb-balkone.com\/app\/uploads\/2020\/10\/zeitumstellung-muede-768x512.jpg 768w, https:\/\/www.leeb-balkone.com\/app\/uploads\/2020\/10\/zeitumstellung-muede-2048x1366.jpg 2048w\" sizes=\"auto, (min-width: 1200px) 100vw, (min-width: 1024px) 1536px, (min-width: 640px) 768px, 768px\" \/>              <\/figure>\n\n                  \n  \n<\/div>\n\n    <\/div>\n\n<\/div><\/div><\/div><\/div>\n\n\n\n<div class=\"wp-block-cgb-t3-container-block none\" style=\"background-color:none\"><div class=\"grid-container\"><div class=\"grid-x\"><div class=\"cell small-12 medium-9 large-0 medium-offset-1 b-has-lsmb\">\n<h2 class=\"wp-block-heading\">Wie reagiert unser K\u00f6rper?<\/h2>\n\n\n\n<p>Unsere eigentliche Zeit ist die Winterzeit und egal ob die Uhr eine Stunde vor oder zur\u00fcck gedreht wird, f\u00fcr unsren K\u00f6rper ist es immer eine Belastung. Viele sind am Montag nach der Zeitumstellung extrem m\u00fcde und ersch\u00f6pft und finden erst nach einiger Zeit den richtigen Schlafrhythmus wieder. Bei einigen kann das sogar bis zu 4 Wochen dauern. Auch Verdauungsst\u00f6rungen und Kreislaufprobleme k\u00f6nnen auftreten. Rund ein F\u00fcnftel der Menschen sind von solchen Beschwerden betroffen. Statistisch gesehen gibt es nach einer Zeitumstellung mehrere Krankenst\u00e4nde, da das Immunsystem vieler Menschen dadurch geschw\u00e4cht ist. Au\u00dferdem sind im Oktober und im November nach der Zeitumstellung vermehrt Wildunf\u00e4lle zu beobachten. Das liegt daran, dass die Wildtiere in der D\u00e4mmerung aktiv sind. Dreht man die Uhr um eine Stunde zur\u00fcck, f\u00e4llt diese genau in den Feierabendverkehr.<\/p>\n\n\n\n<h2 class=\"wp-block-heading\">So k\u00f6nnen Sie dem Minijetlag vorbeugen<\/h2>\n\n\n\n<ul class=\"wp-block-list\"><li><strong>Regelm\u00e4\u00dfiger Schlaf-Wach-Rhythmus:&nbsp;<\/strong>Man sollte erst ins Bett gehen, wenn man wirklich m\u00fcde ist.<\/li><li><strong>Leichte Mahlzeiten und wenig Alkohol<\/strong>&nbsp;in den ersten Tagen nach der Zeitumstellung helfen dem K\u00f6rper sich schneller einzugew\u00f6hnen.<\/li><li><strong>Kaffee, Tee und andere aufputschende Getr\u00e4nke<\/strong>&nbsp;sollten 3 Stunden vor dem Schlafen gehen nicht mehr getrunken werden.<\/li><li>Stellen Sie in den ersten Tagen nach der Zeitumstellung den&nbsp;<strong>Wecker eine halbe Stunde fr\u00fcher<\/strong>&nbsp;So haben Sie ausreichend Zeit richtig wach zu werden.<\/li><li><strong>Eine schlaffreundliche Atmosph\u00e4re<\/strong>&nbsp;kann f\u00fcr eine gute Bettruhe sorgen. Dunkle R\u00e4ume, k\u00fchles Raumklima und keine Stressfaktoren wirken sich positiv auf Ihren Schlaf aus.<\/li><\/ul>\n<\/div><\/div><\/div><\/div>\n\n\n\n<div class=\"wp-block-cgb-t3-container-block none\" style=\"background-color:none\"><div class=\"grid-container\"><div class=\"grid-x\"><div class=\"cell small-12 medium-0 large-0\"><div id=\"lightgallery-block_5f771442c84d3\" data-block_5f771442c84d3 class=\"has-1-imgs b-cards b-cards--gallery u-grid-temp has-1-cols u-md-2 u-sm-1 wp-block-group is-layout-grid wp-block-group-is-layout-grid gallery alignwide\">\n\n        <div class=\"b-cards__item\">\n\n        \n      <figure>\n                 <img loading=\"lazy\" decoding=\"async\" width=\"1536\" height=\"1024\" src=\"https:\/\/www.leeb-balkone.com\/app\/uploads\/2020\/10\/gesund-am-balkon-210157277-1536x1024.jpg\" class=\"attachment-1536x1536 size-1536x1536\" alt=\"Entspannen am Balkon\" srcset=\"https:\/\/www.leeb-balkone.com\/app\/uploads\/2020\/10\/gesund-am-balkon-210157277-1536x1024.jpg 1536w, https:\/\/www.leeb-balkone.com\/app\/uploads\/2020\/10\/gesund-am-balkon-210157277-300x200.jpg 300w, https:\/\/www.leeb-balkone.com\/app\/uploads\/2020\/10\/gesund-am-balkon-210157277-1024x683.jpg 1024w, https:\/\/www.leeb-balkone.com\/app\/uploads\/2020\/10\/gesund-am-balkon-210157277-768x512.jpg 768w, https:\/\/www.leeb-balkone.com\/app\/uploads\/2020\/10\/gesund-am-balkon-210157277-2048x1366.jpg 2048w\" sizes=\"auto, (min-width: 1200px) 100vw, (min-width: 1024px) 1536px, (min-width: 640px) 768px, 768px\" \/>              <\/figure>\n\n                  \n  \n<\/div>\n\n    <\/div>\n\n<\/div><\/div><\/div><\/div>\n<\/section>\n\n\n\n<p><\/p>\n","protected":false},"excerpt":{"rendered":"<p>Die Zeitumstellung bringt uns jedes Jahr aufs Neue durcheinander. Wann muss die Uhr umgestellt werden? Und welche Uhrzeit ist nun die richtige? Hier finden Sie Tipps, wie Sie den Zeitumstellungs-Jetlag gut bew\u00e4ltigen k\u00f6nnen.<\/p>\n","protected":false},"author":3,"featured_media":8573,"comment_status":"closed","ping_status":"open","sticky":false,"template":"template-onepager.blade.php","format":"standard","meta":{"_acf_changed":false,"footnotes":""},"categories":[60,52],"tags":[],"post_folder":[],"class_list":["post-8601","post","type-post","status-publish","format-standard","has-post-thumbnail","hentry","category-feng-shui-co","category-nachhaltigkeit-oekologie"],"acf":[],"yoast_head":"<!-- This site is optimized with the Yoast SEO plugin v27.2 - https:\/\/yoast.com\/product\/yoast-seo-wordpress\/ -->\n<title>Wer hat an der Uhr gedreht - Leeb Balkone Deutschland<\/title>\n<meta name=\"description\" content=\"Die Zeitumstellung bringt uns jedes Jahr aufs Neue durcheinander. Wann muss die Uhr umgestellt werden? Und welche Uhrzeit ist nun die richtige? Hier finden Sie Tipps, wie Sie den Zeitumstellungs-Jetlag gut bew\u00e4ltigen k\u00f6nnen.\" \/>\n<meta name=\"robots\" content=\"index, follow, max-snippet:-1, max-image-preview:large, max-video-preview:-1\" \/>\n<meta property=\"og:locale\" content=\"de_DE\" \/>\n<meta property=\"og:type\" content=\"article\" \/>\n<meta property=\"og:title\" content=\"Wer hat an der Uhr gedreht - Leeb Balkone\" \/>\n<meta property=\"og:description\" content=\"Die Zeitumstellung bringt uns jedes Jahr aufs Neue durcheinander. Wann muss die Uhr umgestellt werden? Und welche Uhrzeit ist nun die richtige? Hier finden Sie Tipps, wie Sie den Zeitumstellungs-Jetlag gut bew\u00e4ltigen k\u00f6nnen.\" \/>\n<meta property=\"og:url\" content=\"https:\/\/www.leeb-balkone.com\/de\/blog\/wer-hat-an-der-uhr-gedreht\/\" \/>\n<meta property=\"og:site_name\" content=\"Leeb Balkone\" \/>\n<meta property=\"article:publisher\" content=\"https:\/\/www.facebook.com\/balkone\/\" \/>\n<meta property=\"article:published_time\" content=\"2020-10-03T07:53:36+00:00\" \/>\n<meta property=\"article:modified_time\" content=\"2023-01-15T23:43:59+00:00\" \/>\n<meta property=\"og:image\" content=\"https:\/\/www.leeb-balkone.com\/app\/uploads\/2020\/10\/zeitumstellung-wecker-scaled.jpg\" \/>\n\t<meta property=\"og:image:width\" content=\"2560\" \/>\n\t<meta property=\"og:image:height\" content=\"1707\" \/>\n\t<meta property=\"og:image:type\" content=\"image\/jpeg\" \/>\n<meta name=\"author\" content=\"jbacher\" \/>\n<meta name=\"twitter:card\" content=\"summary_large_image\" \/>\n<script type=\"application\/ld+json\" class=\"yoast-schema-graph\">{\"@context\":\"https:\/\/schema.org\",\"@graph\":[{\"@type\":\"Article\",\"@id\":\"https:\/\/www.leeb-balkone.com\/de\/blog\/wer-hat-an-der-uhr-gedreht\/#article\",\"isPartOf\":{\"@id\":\"https:\/\/www.leeb-balkone.com\/de\/blog\/wer-hat-an-der-uhr-gedreht\/\"},\"author\":{\"name\":\"jbacher\",\"@id\":\"https:\/\/www.leeb-balkone.com\/de\/#\/schema\/person\/15f1f398efcf4703721e46c2136421fa\"},\"headline\":\"Wer hat an der Uhr gedreht\",\"datePublished\":\"2020-10-03T07:53:36+00:00\",\"dateModified\":\"2023-01-15T23:43:59+00:00\",\"mainEntityOfPage\":{\"@id\":\"https:\/\/www.leeb-balkone.com\/de\/blog\/wer-hat-an-der-uhr-gedreht\/\"},\"wordCount\":490,\"publisher\":{\"@id\":\"https:\/\/www.leeb-balkone.com\/de\/#organization\"},\"image\":{\"@id\":\"https:\/\/www.leeb-balkone.com\/de\/blog\/wer-hat-an-der-uhr-gedreht\/#primaryimage\"},\"thumbnailUrl\":\"https:\/\/www.leeb-balkone.com\/app\/uploads\/2020\/10\/zeitumstellung-wecker-scaled.jpg\",\"articleSection\":[\"Feng Shui &amp; Co\",\"Nachhaltigkeit &amp; \u00d6kologie\"],\"inLanguage\":\"de\"},{\"@type\":\"WebPage\",\"@id\":\"https:\/\/www.leeb-balkone.com\/de\/blog\/wer-hat-an-der-uhr-gedreht\/\",\"url\":\"https:\/\/www.leeb-balkone.com\/de\/blog\/wer-hat-an-der-uhr-gedreht\/\",\"name\":\"Wer hat an der Uhr gedreht - Leeb Balkone\",\"isPartOf\":{\"@id\":\"https:\/\/www.leeb-balkone.com\/de\/#website\"},\"primaryImageOfPage\":{\"@id\":\"https:\/\/www.leeb-balkone.com\/de\/blog\/wer-hat-an-der-uhr-gedreht\/#primaryimage\"},\"image\":{\"@id\":\"https:\/\/www.leeb-balkone.com\/de\/blog\/wer-hat-an-der-uhr-gedreht\/#primaryimage\"},\"thumbnailUrl\":\"https:\/\/www.leeb-balkone.com\/app\/uploads\/2020\/10\/zeitumstellung-wecker-scaled.jpg\",\"datePublished\":\"2020-10-03T07:53:36+00:00\",\"dateModified\":\"2023-01-15T23:43:59+00:00\",\"description\":\"Die Zeitumstellung bringt uns jedes Jahr aufs Neue durcheinander. Wann muss die Uhr umgestellt werden? Und welche Uhrzeit ist nun die richtige? Hier finden Sie Tipps, wie Sie den Zeitumstellungs-Jetlag gut bew\u00e4ltigen k\u00f6nnen.\",\"breadcrumb\":{\"@id\":\"https:\/\/www.leeb-balkone.com\/de\/blog\/wer-hat-an-der-uhr-gedreht\/#breadcrumb\"},\"inLanguage\":\"de\",\"potentialAction\":[{\"@type\":\"ReadAction\",\"target\":[\"https:\/\/www.leeb-balkone.com\/de\/blog\/wer-hat-an-der-uhr-gedreht\/\"]}]},{\"@type\":\"ImageObject\",\"inLanguage\":\"de\",\"@id\":\"https:\/\/www.leeb-balkone.com\/de\/blog\/wer-hat-an-der-uhr-gedreht\/#primaryimage\",\"url\":\"https:\/\/www.leeb-balkone.com\/app\/uploads\/2020\/10\/zeitumstellung-wecker-scaled.jpg\",\"contentUrl\":\"https:\/\/www.leeb-balkone.com\/app\/uploads\/2020\/10\/zeitumstellung-wecker-scaled.jpg\",\"width\":2560,\"height\":1707},{\"@type\":\"BreadcrumbList\",\"@id\":\"https:\/\/www.leeb-balkone.com\/de\/blog\/wer-hat-an-der-uhr-gedreht\/#breadcrumb\",\"itemListElement\":[{\"@type\":\"ListItem\",\"position\":1,\"name\":\"Home\",\"item\":\"https:\/\/www.leeb-balkone.com\/de\/\"},{\"@type\":\"ListItem\",\"position\":2,\"name\":\"Wer hat an der Uhr gedreht\"}]},{\"@type\":\"WebSite\",\"@id\":\"https:\/\/www.leeb-balkone.com\/de\/#website\",\"url\":\"https:\/\/www.leeb-balkone.com\/de\/\",\"name\":\"Leeb Balkone\",\"description\":\"Balkone und Z\u00e4une\",\"publisher\":{\"@id\":\"https:\/\/www.leeb-balkone.com\/de\/#organization\"},\"potentialAction\":[{\"@type\":\"SearchAction\",\"target\":{\"@type\":\"EntryPoint\",\"urlTemplate\":\"https:\/\/www.leeb-balkone.com\/de\/?s={search_term_string}\"},\"query-input\":{\"@type\":\"PropertyValueSpecification\",\"valueRequired\":true,\"valueName\":\"search_term_string\"}}],\"inLanguage\":\"de\"},{\"@type\":\"Organization\",\"@id\":\"https:\/\/www.leeb-balkone.com\/de\/#organization\",\"name\":\"Leeb Balkone Gmbh\",\"url\":\"https:\/\/www.leeb-balkone.com\/de\/\",\"logo\":{\"@type\":\"ImageObject\",\"inLanguage\":\"de\",\"@id\":\"https:\/\/www.leeb-balkone.com\/de\/#\/schema\/logo\/image\/\",\"url\":\"https:\/\/www.leeb-balkone.com\/app\/uploads\/2020\/11\/leeb-logo.svg\",\"contentUrl\":\"https:\/\/www.leeb-balkone.com\/app\/uploads\/2020\/11\/leeb-logo.svg\",\"width\":741,\"height\":204,\"caption\":\"Leeb Balkone Gmbh\"},\"image\":{\"@id\":\"https:\/\/www.leeb-balkone.com\/de\/#\/schema\/logo\/image\/\"},\"sameAs\":[\"https:\/\/www.facebook.com\/balkone\/\",\"https:\/\/www.trustedshops.at\/bewertung\/info_X4587CCF5833E31AFE0B11F47D86999F2.html\",\"https:\/\/www.trustedshops.de\/bewertung\/info_X7BA536A7A0BDC86D36C4718E4DCAEEEF.html\",\"https:\/\/www.google.com\/maps\/place\/?q=place_id:ChIJ5-zH19-IcEcR9HonWRTllHI\"]},{\"@type\":\"Person\",\"@id\":\"https:\/\/www.leeb-balkone.com\/de\/#\/schema\/person\/15f1f398efcf4703721e46c2136421fa\",\"name\":\"jbacher\"}]}<\/script>\n<!-- \/ Yoast SEO plugin. -->","yoast_head_json":{"title":"Wer hat an der Uhr gedreht - Leeb Balkone Deutschland","description":"Die Zeitumstellung bringt uns jedes Jahr aufs Neue durcheinander. Wann muss die Uhr umgestellt werden? Und welche Uhrzeit ist nun die richtige? Hier finden Sie Tipps, wie Sie den Zeitumstellungs-Jetlag gut bew\u00e4ltigen k\u00f6nnen.","robots":{"index":"index","follow":"follow","max-snippet":"max-snippet:-1","max-image-preview":"max-image-preview:large","max-video-preview":"max-video-preview:-1"},"og_locale":"de_DE","og_type":"article","og_title":"Wer hat an der Uhr gedreht - Leeb Balkone","og_description":"Die Zeitumstellung bringt uns jedes Jahr aufs Neue durcheinander. Wann muss die Uhr umgestellt werden? Und welche Uhrzeit ist nun die richtige? Hier finden Sie Tipps, wie Sie den Zeitumstellungs-Jetlag gut bew\u00e4ltigen k\u00f6nnen.","og_url":"https:\/\/www.leeb-balkone.com\/de\/blog\/wer-hat-an-der-uhr-gedreht\/","og_site_name":"Leeb Balkone","article_publisher":"https:\/\/www.facebook.com\/balkone\/","article_published_time":"2020-10-03T07:53:36+00:00","article_modified_time":"2023-01-15T23:43:59+00:00","og_image":[{"width":2560,"height":1707,"url":"https:\/\/www.leeb-balkone.com\/app\/uploads\/2020\/10\/zeitumstellung-wecker-scaled.jpg","type":"image\/jpeg"}],"author":"jbacher","twitter_card":"summary_large_image","schema":{"@context":"https:\/\/schema.org","@graph":[{"@type":"Article","@id":"https:\/\/www.leeb-balkone.com\/de\/blog\/wer-hat-an-der-uhr-gedreht\/#article","isPartOf":{"@id":"https:\/\/www.leeb-balkone.com\/de\/blog\/wer-hat-an-der-uhr-gedreht\/"},"author":{"name":"jbacher","@id":"https:\/\/www.leeb-balkone.com\/de\/#\/schema\/person\/15f1f398efcf4703721e46c2136421fa"},"headline":"Wer hat an der Uhr gedreht","datePublished":"2020-10-03T07:53:36+00:00","dateModified":"2023-01-15T23:43:59+00:00","mainEntityOfPage":{"@id":"https:\/\/www.leeb-balkone.com\/de\/blog\/wer-hat-an-der-uhr-gedreht\/"},"wordCount":490,"publisher":{"@id":"https:\/\/www.leeb-balkone.com\/de\/#organization"},"image":{"@id":"https:\/\/www.leeb-balkone.com\/de\/blog\/wer-hat-an-der-uhr-gedreht\/#primaryimage"},"thumbnailUrl":"https:\/\/www.leeb-balkone.com\/app\/uploads\/2020\/10\/zeitumstellung-wecker-scaled.jpg","articleSection":["Feng Shui &amp; Co","Nachhaltigkeit &amp; \u00d6kologie"],"inLanguage":"de"},{"@type":"WebPage","@id":"https:\/\/www.leeb-balkone.com\/de\/blog\/wer-hat-an-der-uhr-gedreht\/","url":"https:\/\/www.leeb-balkone.com\/de\/blog\/wer-hat-an-der-uhr-gedreht\/","name":"Wer hat an der Uhr gedreht - Leeb Balkone","isPartOf":{"@id":"https:\/\/www.leeb-balkone.com\/de\/#website"},"primaryImageOfPage":{"@id":"https:\/\/www.leeb-balkone.com\/de\/blog\/wer-hat-an-der-uhr-gedreht\/#primaryimage"},"image":{"@id":"https:\/\/www.leeb-balkone.com\/de\/blog\/wer-hat-an-der-uhr-gedreht\/#primaryimage"},"thumbnailUrl":"https:\/\/www.leeb-balkone.com\/app\/uploads\/2020\/10\/zeitumstellung-wecker-scaled.jpg","datePublished":"2020-10-03T07:53:36+00:00","dateModified":"2023-01-15T23:43:59+00:00","description":"Die Zeitumstellung bringt uns jedes Jahr aufs Neue durcheinander. Wann muss die Uhr umgestellt werden? Und welche Uhrzeit ist nun die richtige? Hier finden Sie Tipps, wie Sie den Zeitumstellungs-Jetlag gut bew\u00e4ltigen k\u00f6nnen.","breadcrumb":{"@id":"https:\/\/www.leeb-balkone.com\/de\/blog\/wer-hat-an-der-uhr-gedreht\/#breadcrumb"},"inLanguage":"de","potentialAction":[{"@type":"ReadAction","target":["https:\/\/www.leeb-balkone.com\/de\/blog\/wer-hat-an-der-uhr-gedreht\/"]}]},{"@type":"ImageObject","inLanguage":"de","@id":"https:\/\/www.leeb-balkone.com\/de\/blog\/wer-hat-an-der-uhr-gedreht\/#primaryimage","url":"https:\/\/www.leeb-balkone.com\/app\/uploads\/2020\/10\/zeitumstellung-wecker-scaled.jpg","contentUrl":"https:\/\/www.leeb-balkone.com\/app\/uploads\/2020\/10\/zeitumstellung-wecker-scaled.jpg","width":2560,"height":1707},{"@type":"BreadcrumbList","@id":"https:\/\/www.leeb-balkone.com\/de\/blog\/wer-hat-an-der-uhr-gedreht\/#breadcrumb","itemListElement":[{"@type":"ListItem","position":1,"name":"Home","item":"https:\/\/www.leeb-balkone.com\/de\/"},{"@type":"ListItem","position":2,"name":"Wer hat an der Uhr gedreht"}]},{"@type":"WebSite","@id":"https:\/\/www.leeb-balkone.com\/de\/#website","url":"https:\/\/www.leeb-balkone.com\/de\/","name":"Leeb Balkone","description":"Balkone und Z\u00e4une","publisher":{"@id":"https:\/\/www.leeb-balkone.com\/de\/#organization"},"potentialAction":[{"@type":"SearchAction","target":{"@type":"EntryPoint","urlTemplate":"https:\/\/www.leeb-balkone.com\/de\/?s={search_term_string}"},"query-input":{"@type":"PropertyValueSpecification","valueRequired":true,"valueName":"search_term_string"}}],"inLanguage":"de"},{"@type":"Organization","@id":"https:\/\/www.leeb-balkone.com\/de\/#organization","name":"Leeb Balkone Gmbh","url":"https:\/\/www.leeb-balkone.com\/de\/","logo":{"@type":"ImageObject","inLanguage":"de","@id":"https:\/\/www.leeb-balkone.com\/de\/#\/schema\/logo\/image\/","url":"https:\/\/www.leeb-balkone.com\/app\/uploads\/2020\/11\/leeb-logo.svg","contentUrl":"https:\/\/www.leeb-balkone.com\/app\/uploads\/2020\/11\/leeb-logo.svg","width":741,"height":204,"caption":"Leeb Balkone Gmbh"},"image":{"@id":"https:\/\/www.leeb-balkone.com\/de\/#\/schema\/logo\/image\/"},"sameAs":["https:\/\/www.facebook.com\/balkone\/","https:\/\/www.trustedshops.at\/bewertung\/info_X4587CCF5833E31AFE0B11F47D86999F2.html","https:\/\/www.trustedshops.de\/bewertung\/info_X7BA536A7A0BDC86D36C4718E4DCAEEEF.html","https:\/\/www.google.com\/maps\/place\/?q=place_id:ChIJ5-zH19-IcEcR9HonWRTllHI"]},{"@type":"Person","@id":"https:\/\/www.leeb-balkone.com\/de\/#\/schema\/person\/15f1f398efcf4703721e46c2136421fa","name":"jbacher"}]}},"_links":{"self":[{"href":"https:\/\/www.leeb-balkone.com\/de\/wp-json\/wp\/v2\/posts\/8601","targetHints":{"allow":["GET"]}}],"collection":[{"href":"https:\/\/www.leeb-balkone.com\/de\/wp-json\/wp\/v2\/posts"}],"about":[{"href":"https:\/\/www.leeb-balkone.com\/de\/wp-json\/wp\/v2\/types\/post"}],"author":[{"embeddable":true,"href":"https:\/\/www.leeb-balkone.com\/de\/wp-json\/wp\/v2\/users\/3"}],"replies":[{"embeddable":true,"href":"https:\/\/www.leeb-balkone.com\/de\/wp-json\/wp\/v2\/comments?post=8601"}],"version-history":[{"count":0,"href":"https:\/\/www.leeb-balkone.com\/de\/wp-json\/wp\/v2\/posts\/8601\/revisions"}],"wp:featuredmedia":[{"embeddable":true,"href":"https:\/\/www.leeb-balkone.com\/de\/wp-json\/wp\/v2\/media\/8573"}],"wp:attachment":[{"href":"https:\/\/www.leeb-balkone.com\/de\/wp-json\/wp\/v2\/media?parent=8601"}],"wp:term":[{"taxonomy":"category","embeddable":true,"href":"https:\/\/www.leeb-balkone.com\/de\/wp-json\/wp\/v2\/categories?post=8601"},{"taxonomy":"post_tag","embeddable":true,"href":"https:\/\/www.leeb-balkone.com\/de\/wp-json\/wp\/v2\/tags?post=8601"},{"taxonomy":"post_folder","embeddable":true,"href":"https:\/\/www.leeb-balkone.com\/de\/wp-json\/wp\/v2\/post_folder?post=8601"}],"curies":[{"name":"wp","href":"https:\/\/api.w.org\/{rel}","templated":true}]}}