{"id":8456,"date":"2020-01-03T05:47:55","date_gmt":"2020-01-03T05:47:55","guid":{"rendered":"https:\/\/www.leeb-balkone.com\/de\/blog\/postdummy-5-2-2-2\/"},"modified":"2025-09-18T14:11:43","modified_gmt":"2025-09-18T14:11:43","slug":"aktuelle-balkon-trends","status":"publish","type":"post","link":"https:\/\/www.leeb-balkone.com\/de\/blog\/aktuelle-balkon-trends\/","title":{"rendered":"Aktuelle Balkon Trends"},"content":{"rendered":"<header data-block_acf-block-68cc131d467b2 class=\"c-fh  l-mh-small c-fh--hero c-grad-l2r c-fh--div none\">\n      <img loading=\"lazy\" decoding=\"async\" width=\"2560\" height=\"1709\" src=\"https:\/\/www.leeb-balkone.com\/app\/uploads\/2020\/07\/balkon-alu-design-glas-14-scaled.jpg\" class=\"no-lazy\" alt=\"Balkongel\u00e4nder aus Aluminium bei Leeb Balkone GmbH in vielen Gel\u00e4nder-Modellen\" srcset=\"https:\/\/www.leeb-balkone.com\/app\/uploads\/2020\/07\/balkon-alu-design-glas-14-scaled.jpg 2560w, https:\/\/www.leeb-balkone.com\/app\/uploads\/2020\/07\/balkon-alu-design-glas-14-300x200.jpg 300w, https:\/\/www.leeb-balkone.com\/app\/uploads\/2020\/07\/balkon-alu-design-glas-14-1024x684.jpg 1024w, https:\/\/www.leeb-balkone.com\/app\/uploads\/2020\/07\/balkon-alu-design-glas-14-768x513.jpg 768w, https:\/\/www.leeb-balkone.com\/app\/uploads\/2020\/07\/balkon-alu-design-glas-14-1536x1025.jpg 1536w, https:\/\/www.leeb-balkone.com\/app\/uploads\/2020\/07\/balkon-alu-design-glas-14-2048x1367.jpg 2048w\" sizes=\"auto, (min-width: 1536px) 2048px, (min-width: 992px) 1536px, (min-width: 768px) 1024px, (min-width: 576px) 768px, 100vw\" \/>\n\n\n<div class=\"grid-container\">\n  <div class=\"grid-x\">\n    <div class=\"cell small-12 medium-6 medium-offset-1\">\n      <div class=\"c-fh__wrapper\">\n              <\/div>\n    <\/div>\n  <\/div>\n<\/div>\n  \n    \n    <\/header>\n\n\n  \n  <section class=\"wp-block-group alignfull t3-header u-max-wide t3-header-text has-white-background-color has-background has-global-padding is-layout-constrained wp-block-group-is-layout-constrained\">\n    <div class=\"wp-block-group o-grid u-md-1 u-sm-1 is-layout-flow wp-block-group-is-layout-flow\">\n  <div class=\"wp-block-group u-g-10 u-g-s-2\">\n      <div class=\"yoast-breadcrumbs\"><span><span><a href=\"https:\/\/www.leeb-balkone.com\/de\/\">Home<\/a><\/span><\/span><\/div>\n      \n    <h1>Aktuelle Balkon Trends<\/h1>\n  <\/div>\n<\/div>\n  <\/section>\n\n\n\n\n\n\n<section class=\"wp-block-cgb-t3-section-block alignfull b-pt-small  is-style-bg-white\" style=\"display:inherit;min-height:inherit\">\n<div class=\"wp-block-cgb-t3-container-block none\" style=\"background-color:none\"><div class=\"grid-container\"><div class=\"grid-x\"><div class=\"cell small-12 medium-9 large-0 medium-offset-1 b-has-lsmb\">\n<p>Man kennt es ja: jedes Jahr werden die Mode Trends des Jahres vorgestellt. Im Garten und am Balkon verh\u00e4lt es sich anders \u2013 denn nicht jedes Jahr k\u00f6nnen neue Blumen \u201eerfunden\u201c und auf den Markt gebracht werden. Ein paar Dinge \u00e4ndern sich aber dennoch im \u201eOutdoor Wohnzimmer\u201c. Heuer geht es vermehrt in Richtung Hochwertigkeit, Langlebigkeit und nat\u00fcrlich \u2013 viel Gr\u00fcn. Wir stellen sie euch vor: die Balkon Trends des Jahres.<\/p>\n\n\n\n<p><\/p>\n\n\n\n<h2 class=\"wp-block-heading\" id=\"qualitat-statt-quantitat\">Qualit\u00e4t statt Quantit\u00e4t<\/h2>\n\n\n\n<p>Wenn es um die Wahl der richtigen Balkonm\u00f6bel geht, steht heuer vermehrt Qualit\u00e4t im Vordergrund. Plastikm\u00f6bel und Camping-Klappst\u00fchle haben schon l\u00e4ngst ausgedient und werden von eleganten, hochwertigen Materialien ersetzt. Gerne darf es auch mal ein edles Design-St\u00fcck sein. Die Tendenz zeigt, dass im Schnitt mehr Geld f\u00fcr Outdoor-M\u00f6bel ausgegeben wird. Hauptsache ist, die M\u00f6bel sind qualitativ hochwertig und versprechen ein langes Leben. Im Kontrast dazu r\u00fccken aber auch Flechtm\u00f6belst\u00fccke wieder in den Fokus. Flechtm\u00f6bel und K\u00f6rbe im Flechtstil verbreiten einen besonders nat\u00fcrlichen Look und k\u00f6nnen wunderbar mit vielerlei Gr\u00fcnpflanzen kombiniert werden.<\/p>\n<\/div><\/div><\/div><\/div>\n\n\n\n<div class=\"wp-block-cgb-t3-container-block none\" style=\"background-color:none\"><div class=\"grid-container\"><div class=\"grid-x\"><div class=\"cell small-12 medium-0 large-0\"><div id=\"lightgallery-block_acf-block-68cc131d467d0\" data-block_acf-block-68cc131d467d0 class=\"has-1-imgs b-cards b-cards--gallery u-grid-temp has-1-cols u-md-2 u-sm-1 wp-block-group is-layout-grid wp-block-group-is-layout-grid gallery alignwide\">\n\n        <div class=\"b-cards__item\">\n\n        \n      <figure>\n                 <img loading=\"lazy\" decoding=\"async\" width=\"1536\" height=\"1151\" src=\"https:\/\/www.leeb-balkone.com\/app\/uploads\/2020\/09\/glas-balkongelaender-alu-design-vision-13-1536x1151.jpg\" class=\"attachment-1536x1536 size-1536x1536\" alt=\"Fantastischer Terrassenblick mit Alu Design Vision Balkongel\u00e4nder\" srcset=\"https:\/\/www.leeb-balkone.com\/app\/uploads\/2020\/09\/glas-balkongelaender-alu-design-vision-13-1536x1151.jpg 1536w, https:\/\/www.leeb-balkone.com\/app\/uploads\/2020\/09\/glas-balkongelaender-alu-design-vision-13-300x225.jpg 300w, https:\/\/www.leeb-balkone.com\/app\/uploads\/2020\/09\/glas-balkongelaender-alu-design-vision-13-1024x767.jpg 1024w, https:\/\/www.leeb-balkone.com\/app\/uploads\/2020\/09\/glas-balkongelaender-alu-design-vision-13-768x575.jpg 768w, https:\/\/www.leeb-balkone.com\/app\/uploads\/2020\/09\/glas-balkongelaender-alu-design-vision-13-2048x1535.jpg 2048w\" sizes=\"auto, (min-width: 1200px) 100vw, (min-width: 1024px) 1536px, (min-width: 640px) 768px, 768px\" \/>              <\/figure>\n\n                  \n  \n<\/div>\n\n    <\/div>\n\n<\/div><\/div><\/div><\/div>\n\n\n\n<div class=\"wp-block-cgb-t3-container-block none\" style=\"background-color:none\"><div class=\"grid-container\"><div class=\"grid-x\"><div class=\"cell small-12 medium-9 large-0 medium-offset-1 b-has-lsmb\">\n<h2 class=\"wp-block-heading\" id=\"urban-jungle\">Urban Jungle<\/h2>\n\n\n\n<p>Der Urban Jungle setzt sich auch heuer wieder durch. Wilde Pflanzen und Greenery \u2013 die Pantone-Trendfarbe aus 2017 \u2013 sind nach wie vor angesagt. Besonders zu Flechtm\u00f6belst\u00fccken passen Gr\u00fcnpflanzen und verleihen Balkon und Terrasse einen ganz nat\u00fcrlichen Look, dem es dennoch nicht an Modernit\u00e4t fehlt.&nbsp; Greenery passt auch zu den heurigen, warmen Trendfarben in den T\u00f6nen Rot, Koralle, Gelb und Orange. So wird der nat\u00fcrliche Look besonders authentisch, indem Farbkombinationen zum Einsatz kommen, wie sie auch in der Natur vorkommen. Beim Urban Jungle Trend gilt: auch die Pflanzen d\u00fcrfen exotisch sein! Im Fokus stehen heuer viele Philodendron-Arten, darunter ganz klar die Monstera. Kaum ein Trend hat so eingeschlagen wie die h\u00fcbsche Gr\u00fcnpflanze! Au\u00dferdem sind nach wie vor verschiedene Arten von Zimmerpalmen beliebt.<\/p>\n<\/div><\/div><\/div><\/div>\n\n\n\n<div class=\"wp-block-cgb-t3-container-block none\" style=\"background-color:none\"><div class=\"grid-container\"><div class=\"grid-x\"><div class=\"cell small-12 medium-0 large-0\"><div id=\"lightgallery-block_acf-block-68cc131d467df\" data-block_acf-block-68cc131d467df class=\"has-1-imgs b-cards b-cards--gallery u-grid-temp has-1-cols u-md-2 u-sm-1 wp-block-group is-layout-grid wp-block-group-is-layout-grid gallery alignwide\">\n\n        <div class=\"b-cards__item\">\n\n        \n      <figure>\n                 <img loading=\"lazy\" decoding=\"async\" width=\"1536\" height=\"1024\" src=\"https:\/\/www.leeb-balkone.com\/app\/uploads\/2020\/07\/zaun-alu-ambito-10-1536x1024.jpeg\" class=\"attachment-1536x1536 size-1536x1536\" alt=\"Liebevoll gepflegte Gartenanlage mit Alu Zaun Ambito\" srcset=\"https:\/\/www.leeb-balkone.com\/app\/uploads\/2020\/07\/zaun-alu-ambito-10-1536x1024.jpeg 1536w, https:\/\/www.leeb-balkone.com\/app\/uploads\/2020\/07\/zaun-alu-ambito-10-300x200.jpeg 300w, https:\/\/www.leeb-balkone.com\/app\/uploads\/2020\/07\/zaun-alu-ambito-10-1024x683.jpeg 1024w, https:\/\/www.leeb-balkone.com\/app\/uploads\/2020\/07\/zaun-alu-ambito-10-768x512.jpeg 768w, https:\/\/www.leeb-balkone.com\/app\/uploads\/2020\/07\/zaun-alu-ambito-10-2048x1366.jpeg 2048w\" sizes=\"auto, (min-width: 1200px) 100vw, (min-width: 1024px) 1536px, (min-width: 640px) 768px, 768px\" \/>              <\/figure>\n\n                  \n  \n<\/div>\n\n    <\/div>\n\n<\/div><\/div><\/div><\/div>\n\n\n\n<div class=\"wp-block-cgb-t3-container-block none\" style=\"background-color:none\"><div class=\"grid-container\"><div class=\"grid-x\"><div class=\"cell small-12 medium-9 large-0 medium-offset-1 b-has-lsmb\">\n<h2 class=\"wp-block-heading\" id=\"bluhende-zaune\">Bl\u00fchende Z\u00e4une<\/h2>\n\n\n\n<p>Unter den Balkon Trends 2020 sind heuer auch die bl\u00fchenden Z\u00e4une oder Gel\u00e4nder. Was steckt dahinter? Gerade am Balkon herrscht oft Platzmangel \u2013 dennoch m\u00f6chte man nicht auf Blumen und Gr\u00fcnpflanzen verzichten! Einige Balkon Trends l\u00f6sen das Problem ganz einfach. Bl\u00fchende \u201eZ\u00e4une\u201c dienen zum einen als Sichtschutz vor neugierigen Nachbarn. Zum anderen versch\u00f6nern sie jeden Garten und Balkon. Unser Tipp f\u00fcr den Balkon: gro\u00dfe Pflanzen direkt am <a href=\"https:\/\/www.leeb-balkone.com\/de\/balkongelaender\/\">Balkongel\u00e4nder<\/a> platzieren. Besonders gut eignen sich daf\u00fcr Kletterpflanzen, Gro\u00dfstauden und Rankgew\u00e4chse \u2013 diese k\u00f6nnen auch \u00fcber den Balkon h\u00e4ngen und sich so ihren Weg hinunter schl\u00e4ngeln. Sieht nicht nur toll aus, sondern spart auch viel Platz! Weitere Tipps zum Platzsparen, mit denen man heuer im Trend liegt:<\/p>\n\n\n\n<ul class=\"wp-block-list\">\n<li>Blumenampeln! Diese werden an der Decke aufgeh\u00e4ngt, somit bleibt mehr Platz f\u00fcr M\u00f6bel auf der Balkonfl\u00e4che.<\/li>\n\n\n\n<li>Balkon- und Terassenregale! Diese speziellen Regale sind witterungsbest\u00e4ndig und eignen sich optimal, um Pflanzen und Blumen darauf zu platzieren. Nat\u00fcrlich darf aber auch der eine oder andere Dekoartikel dazwischen nicht fehlen!<\/li>\n<\/ul>\n\n\n\n<p>Mit diesen Balkon Trends 2020 starten wir voller Vorfreude in eine besonders gr\u00fcne und bl\u00fchende Saison!<\/p>\n<\/div><\/div><\/div><\/div>\n\n\n<div class=\"b-carousel  band slider\" data-block_acf-block-68cc131d467ef>\n  <div class=\"slides\">\n          <div>\n\n\n\n  \n    \n          \n\n              \n        \n\n        <img loading=\"lazy\" decoding=\"async\" width=\"1024\" height=\"684\" src=\"https:\/\/www.leeb-balkone.com\/app\/uploads\/2020\/08\/zaun-alu-nizza-9-1024x684.jpg\" class=\"no-lazy\" alt=\"Perfekter Sichtschutz mit Aluzaun Nizza\" srcset=\"https:\/\/www.leeb-balkone.com\/app\/uploads\/2020\/08\/zaun-alu-nizza-9-1024x684.jpg 1024w, https:\/\/www.leeb-balkone.com\/app\/uploads\/2020\/08\/zaun-alu-nizza-9-300x200.jpg 300w, https:\/\/www.leeb-balkone.com\/app\/uploads\/2020\/08\/zaun-alu-nizza-9-768x513.jpg 768w, https:\/\/www.leeb-balkone.com\/app\/uploads\/2020\/08\/zaun-alu-nizza-9-1536x1025.jpg 1536w, https:\/\/www.leeb-balkone.com\/app\/uploads\/2020\/08\/zaun-alu-nizza-9-2048x1367.jpg 2048w\" sizes=\"auto, (min-width: 1200px) 1024px, (min-width: 1024px) 768px, (min-width: 640px) 768px, 768px\" \/>        \n            \n          \n  <\/div>\n\n          <div>\n\n\n\n  \n    \n          \n\n              \n        \n\n        <img loading=\"lazy\" decoding=\"async\" width=\"1024\" height=\"684\" src=\"https:\/\/www.leeb-balkone.com\/app\/uploads\/2020\/08\/zaun-alu-nizza-13-1024x684.jpg\" class=\"no-lazy\" alt=\"Professionell angelegter Garten mit Alugartenzaun Nizza\" srcset=\"https:\/\/www.leeb-balkone.com\/app\/uploads\/2020\/08\/zaun-alu-nizza-13-1024x684.jpg 1024w, https:\/\/www.leeb-balkone.com\/app\/uploads\/2020\/08\/zaun-alu-nizza-13-300x200.jpg 300w, https:\/\/www.leeb-balkone.com\/app\/uploads\/2020\/08\/zaun-alu-nizza-13-768x513.jpg 768w, https:\/\/www.leeb-balkone.com\/app\/uploads\/2020\/08\/zaun-alu-nizza-13-1536x1025.jpg 1536w, https:\/\/www.leeb-balkone.com\/app\/uploads\/2020\/08\/zaun-alu-nizza-13-2048x1367.jpg 2048w\" sizes=\"auto, (min-width: 1200px) 1024px, (min-width: 1024px) 768px, (min-width: 640px) 768px, 768px\" \/>        \n            \n          \n  <\/div>\n\n          <div>\n\n\n\n  \n    \n          \n\n              \n        \n\n        <img loading=\"lazy\" decoding=\"async\" width=\"1024\" height=\"684\" src=\"https:\/\/www.leeb-balkone.com\/app\/uploads\/2020\/07\/zaun-alu-nizza-2-1024x684.jpg\" class=\"no-lazy\" alt=\"Moderner Sichtschutz mit Aluzaun Nizza\" srcset=\"https:\/\/www.leeb-balkone.com\/app\/uploads\/2020\/07\/zaun-alu-nizza-2-1024x684.jpg 1024w, https:\/\/www.leeb-balkone.com\/app\/uploads\/2020\/07\/zaun-alu-nizza-2-300x200.jpg 300w, https:\/\/www.leeb-balkone.com\/app\/uploads\/2020\/07\/zaun-alu-nizza-2-768x513.jpg 768w, https:\/\/www.leeb-balkone.com\/app\/uploads\/2020\/07\/zaun-alu-nizza-2-1536x1025.jpg 1536w, https:\/\/www.leeb-balkone.com\/app\/uploads\/2020\/07\/zaun-alu-nizza-2-2048x1367.jpg 2048w\" sizes=\"auto, (min-width: 1200px) 1024px, (min-width: 1024px) 768px, (min-width: 640px) 768px, 768px\" \/>        \n            \n          \n  <\/div>\n\n          <div>\n\n\n\n  \n    \n          \n\n              \n        \n\n        <img loading=\"lazy\" decoding=\"async\" width=\"1024\" height=\"684\" src=\"https:\/\/www.leeb-balkone.com\/app\/uploads\/2020\/07\/zaun-alu-nizza-7-1024x684.jpg\" class=\"no-lazy\" alt=\"Bunte Terrassenblumen mit Aluzaun Nizza\" srcset=\"https:\/\/www.leeb-balkone.com\/app\/uploads\/2020\/07\/zaun-alu-nizza-7-1024x684.jpg 1024w, https:\/\/www.leeb-balkone.com\/app\/uploads\/2020\/07\/zaun-alu-nizza-7-300x200.jpg 300w, https:\/\/www.leeb-balkone.com\/app\/uploads\/2020\/07\/zaun-alu-nizza-7-768x513.jpg 768w, https:\/\/www.leeb-balkone.com\/app\/uploads\/2020\/07\/zaun-alu-nizza-7-1536x1025.jpg 1536w, https:\/\/www.leeb-balkone.com\/app\/uploads\/2020\/07\/zaun-alu-nizza-7-2048x1367.jpg 2048w\" sizes=\"auto, (min-width: 1200px) 1024px, (min-width: 1024px) 768px, (min-width: 640px) 768px, 768px\" \/>        \n            \n          \n  <\/div>\n\n          <div>\n\n\n\n  \n    \n          \n\n              \n        \n\n        <img loading=\"lazy\" decoding=\"async\" width=\"1024\" height=\"684\" src=\"https:\/\/www.leeb-balkone.com\/app\/uploads\/2020\/07\/zaun-alu-nizza-6-1024x684.jpg\" class=\"no-lazy\" alt=\"Wasserbrunnen auf Terrasse mit Aluzaun Nizza\" srcset=\"https:\/\/www.leeb-balkone.com\/app\/uploads\/2020\/07\/zaun-alu-nizza-6-1024x684.jpg 1024w, https:\/\/www.leeb-balkone.com\/app\/uploads\/2020\/07\/zaun-alu-nizza-6-300x200.jpg 300w, https:\/\/www.leeb-balkone.com\/app\/uploads\/2020\/07\/zaun-alu-nizza-6-768x513.jpg 768w, https:\/\/www.leeb-balkone.com\/app\/uploads\/2020\/07\/zaun-alu-nizza-6-1536x1025.jpg 1536w, https:\/\/www.leeb-balkone.com\/app\/uploads\/2020\/07\/zaun-alu-nizza-6-2048x1367.jpg 2048w\" sizes=\"auto, (min-width: 1200px) 1024px, (min-width: 1024px) 768px, (min-width: 640px) 768px, 768px\" \/>        \n            \n          \n  <\/div>\n\n      <\/div>\n\n<\/div>\n\n\n\n<p><\/p>\n<\/section>\n","protected":false},"excerpt":{"rendered":"<p>Jedes Jahr werden die Trends des Jahres vorgestellt. Auch am Sektor Garten und am Balkon gibt es Neuheiten. Heuer geht es vermehrt in Richtung Hochwertigkeit, Langlebigkeit und nat\u00fcrlich \u2013 viel Gr\u00fcn. Wir stellen sie euch vor: die Balkon Trends 2020.<\/p>\n","protected":false},"author":3,"featured_media":3369,"comment_status":"closed","ping_status":"open","sticky":false,"template":"template-onepager.blade.php","format":"standard","meta":{"_acf_changed":false,"footnotes":""},"categories":[51,62,53,58,64],"tags":[],"post_folder":[],"class_list":["post-8456","post","type-post","status-publish","format-standard","has-post-thumbnail","hentry","category-aktuelles-zu-leeb-balkone","category-garten-terrassenmoebel","category-technik-innovation","category-tipps-zur-balkongestaltung","category-zaun-sichtschutz"],"acf":[],"yoast_head":"<!-- This site is optimized with the Yoast SEO plugin v27.2 - https:\/\/yoast.com\/product\/yoast-seo-wordpress\/ -->\n<title>Aktuelle Balkon Trends - Leeb Balkone Deutschland<\/title>\n<meta name=\"description\" content=\"Jedes Jahr werden die Trends des Jahres vorgestellt. Auch am Sektor Garten und am Balkon gibt es Neuheiten. Heuer geht es vermehrt in Richtung Hochwertigkeit, Langlebigkeit und nat\u00fcrlich \u2013 viel Gr\u00fcn. Wir stellen sie euch vor: die Balkon Trends 2020.\" \/>\n<meta name=\"robots\" content=\"index, follow, max-snippet:-1, max-image-preview:large, max-video-preview:-1\" \/>\n<meta property=\"og:locale\" content=\"de_DE\" \/>\n<meta property=\"og:type\" content=\"article\" \/>\n<meta property=\"og:title\" content=\"Aktuelle Balkon Trends - Leeb Balkone\" \/>\n<meta property=\"og:description\" content=\"Jedes Jahr werden die Trends des Jahres vorgestellt. Auch am Sektor Garten und am Balkon gibt es Neuheiten. Heuer geht es vermehrt in Richtung Hochwertigkeit, Langlebigkeit und nat\u00fcrlich \u2013 viel Gr\u00fcn. Wir stellen sie euch vor: die Balkon Trends 2020.\" \/>\n<meta property=\"og:url\" content=\"https:\/\/www.leeb-balkone.com\/de\/blog\/aktuelle-balkon-trends\/\" \/>\n<meta property=\"og:site_name\" content=\"Leeb Balkone\" \/>\n<meta property=\"article:publisher\" content=\"https:\/\/www.facebook.com\/balkone\/\" \/>\n<meta property=\"article:published_time\" content=\"2020-01-03T05:47:55+00:00\" \/>\n<meta property=\"article:modified_time\" content=\"2025-09-18T14:11:43+00:00\" \/>\n<meta property=\"og:image\" content=\"https:\/\/www.leeb-balkone.com\/app\/uploads\/2020\/07\/balkon-alu-design-glas-14-scaled.jpg\" \/>\n\t<meta property=\"og:image:width\" content=\"2560\" \/>\n\t<meta property=\"og:image:height\" content=\"1709\" \/>\n\t<meta property=\"og:image:type\" content=\"image\/jpeg\" \/>\n<meta name=\"author\" content=\"jbacher\" \/>\n<meta name=\"twitter:card\" content=\"summary_large_image\" \/>\n<script type=\"application\/ld+json\" class=\"yoast-schema-graph\">{\"@context\":\"https:\/\/schema.org\",\"@graph\":[{\"@type\":\"Article\",\"@id\":\"https:\/\/www.leeb-balkone.com\/de\/blog\/aktuelle-balkon-trends\/#article\",\"isPartOf\":{\"@id\":\"https:\/\/www.leeb-balkone.com\/de\/blog\/aktuelle-balkon-trends\/\"},\"author\":{\"name\":\"jbacher\",\"@id\":\"https:\/\/www.leeb-balkone.com\/de\/#\/schema\/person\/15f1f398efcf4703721e46c2136421fa\"},\"headline\":\"Aktuelle Balkon Trends\",\"datePublished\":\"2020-01-03T05:47:55+00:00\",\"dateModified\":\"2025-09-18T14:11:43+00:00\",\"mainEntityOfPage\":{\"@id\":\"https:\/\/www.leeb-balkone.com\/de\/blog\/aktuelle-balkon-trends\/\"},\"wordCount\":524,\"publisher\":{\"@id\":\"https:\/\/www.leeb-balkone.com\/de\/#organization\"},\"image\":{\"@id\":\"https:\/\/www.leeb-balkone.com\/de\/blog\/aktuelle-balkon-trends\/#primaryimage\"},\"thumbnailUrl\":\"https:\/\/www.leeb-balkone.com\/app\/uploads\/2020\/07\/balkon-alu-design-glas-14-scaled.jpg\",\"articleSection\":[\"Aktuelles zu Leeb Balkone\",\"Garten- &amp; Terrassenm\u00f6bel\",\"Technik &amp; Innovation\",\"Tipps zur Balkongestaltung\",\"Zaun &amp; Sichtschutz\"],\"inLanguage\":\"de\"},{\"@type\":\"WebPage\",\"@id\":\"https:\/\/www.leeb-balkone.com\/de\/blog\/aktuelle-balkon-trends\/\",\"url\":\"https:\/\/www.leeb-balkone.com\/de\/blog\/aktuelle-balkon-trends\/\",\"name\":\"Aktuelle Balkon Trends - Leeb Balkone\",\"isPartOf\":{\"@id\":\"https:\/\/www.leeb-balkone.com\/de\/#website\"},\"primaryImageOfPage\":{\"@id\":\"https:\/\/www.leeb-balkone.com\/de\/blog\/aktuelle-balkon-trends\/#primaryimage\"},\"image\":{\"@id\":\"https:\/\/www.leeb-balkone.com\/de\/blog\/aktuelle-balkon-trends\/#primaryimage\"},\"thumbnailUrl\":\"https:\/\/www.leeb-balkone.com\/app\/uploads\/2020\/07\/balkon-alu-design-glas-14-scaled.jpg\",\"datePublished\":\"2020-01-03T05:47:55+00:00\",\"dateModified\":\"2025-09-18T14:11:43+00:00\",\"description\":\"Jedes Jahr werden die Trends des Jahres vorgestellt. Auch am Sektor Garten und am Balkon gibt es Neuheiten. Heuer geht es vermehrt in Richtung Hochwertigkeit, Langlebigkeit und nat\u00fcrlich \u2013 viel Gr\u00fcn. Wir stellen sie euch vor: die Balkon Trends 2020.\",\"breadcrumb\":{\"@id\":\"https:\/\/www.leeb-balkone.com\/de\/blog\/aktuelle-balkon-trends\/#breadcrumb\"},\"inLanguage\":\"de\",\"potentialAction\":[{\"@type\":\"ReadAction\",\"target\":[\"https:\/\/www.leeb-balkone.com\/de\/blog\/aktuelle-balkon-trends\/\"]}]},{\"@type\":\"ImageObject\",\"inLanguage\":\"de\",\"@id\":\"https:\/\/www.leeb-balkone.com\/de\/blog\/aktuelle-balkon-trends\/#primaryimage\",\"url\":\"https:\/\/www.leeb-balkone.com\/app\/uploads\/2020\/07\/balkon-alu-design-glas-14-scaled.jpg\",\"contentUrl\":\"https:\/\/www.leeb-balkone.com\/app\/uploads\/2020\/07\/balkon-alu-design-glas-14-scaled.jpg\",\"width\":2560,\"height\":1709,\"caption\":\"Sonniges Pl\u00e4tzchen mit Alu Design Glas Balkongel\u00e4nder\"},{\"@type\":\"BreadcrumbList\",\"@id\":\"https:\/\/www.leeb-balkone.com\/de\/blog\/aktuelle-balkon-trends\/#breadcrumb\",\"itemListElement\":[{\"@type\":\"ListItem\",\"position\":1,\"name\":\"Home\",\"item\":\"https:\/\/www.leeb-balkone.com\/de\/\"},{\"@type\":\"ListItem\",\"position\":2,\"name\":\"Aktuelle Balkon Trends\"}]},{\"@type\":\"WebSite\",\"@id\":\"https:\/\/www.leeb-balkone.com\/de\/#website\",\"url\":\"https:\/\/www.leeb-balkone.com\/de\/\",\"name\":\"Leeb Balkone\",\"description\":\"Balkone und Z\u00e4une\",\"publisher\":{\"@id\":\"https:\/\/www.leeb-balkone.com\/de\/#organization\"},\"potentialAction\":[{\"@type\":\"SearchAction\",\"target\":{\"@type\":\"EntryPoint\",\"urlTemplate\":\"https:\/\/www.leeb-balkone.com\/de\/?s={search_term_string}\"},\"query-input\":{\"@type\":\"PropertyValueSpecification\",\"valueRequired\":true,\"valueName\":\"search_term_string\"}}],\"inLanguage\":\"de\"},{\"@type\":\"Organization\",\"@id\":\"https:\/\/www.leeb-balkone.com\/de\/#organization\",\"name\":\"Leeb Balkone Gmbh\",\"url\":\"https:\/\/www.leeb-balkone.com\/de\/\",\"logo\":{\"@type\":\"ImageObject\",\"inLanguage\":\"de\",\"@id\":\"https:\/\/www.leeb-balkone.com\/de\/#\/schema\/logo\/image\/\",\"url\":\"https:\/\/www.leeb-balkone.com\/app\/uploads\/2020\/11\/leeb-logo.svg\",\"contentUrl\":\"https:\/\/www.leeb-balkone.com\/app\/uploads\/2020\/11\/leeb-logo.svg\",\"width\":741,\"height\":204,\"caption\":\"Leeb Balkone Gmbh\"},\"image\":{\"@id\":\"https:\/\/www.leeb-balkone.com\/de\/#\/schema\/logo\/image\/\"},\"sameAs\":[\"https:\/\/www.facebook.com\/balkone\/\",\"https:\/\/www.trustedshops.at\/bewertung\/info_X4587CCF5833E31AFE0B11F47D86999F2.html\",\"https:\/\/www.trustedshops.de\/bewertung\/info_X7BA536A7A0BDC86D36C4718E4DCAEEEF.html\",\"https:\/\/www.google.com\/maps\/place\/?q=place_id:ChIJ5-zH19-IcEcR9HonWRTllHI\"]},{\"@type\":\"Person\",\"@id\":\"https:\/\/www.leeb-balkone.com\/de\/#\/schema\/person\/15f1f398efcf4703721e46c2136421fa\",\"name\":\"jbacher\"}]}<\/script>\n<!-- \/ Yoast SEO plugin. -->","yoast_head_json":{"title":"Aktuelle Balkon Trends - Leeb Balkone Deutschland","description":"Jedes Jahr werden die Trends des Jahres vorgestellt. Auch am Sektor Garten und am Balkon gibt es Neuheiten. Heuer geht es vermehrt in Richtung Hochwertigkeit, Langlebigkeit und nat\u00fcrlich \u2013 viel Gr\u00fcn. Wir stellen sie euch vor: die Balkon Trends 2020.","robots":{"index":"index","follow":"follow","max-snippet":"max-snippet:-1","max-image-preview":"max-image-preview:large","max-video-preview":"max-video-preview:-1"},"og_locale":"de_DE","og_type":"article","og_title":"Aktuelle Balkon Trends - Leeb Balkone","og_description":"Jedes Jahr werden die Trends des Jahres vorgestellt. Auch am Sektor Garten und am Balkon gibt es Neuheiten. Heuer geht es vermehrt in Richtung Hochwertigkeit, Langlebigkeit und nat\u00fcrlich \u2013 viel Gr\u00fcn. Wir stellen sie euch vor: die Balkon Trends 2020.","og_url":"https:\/\/www.leeb-balkone.com\/de\/blog\/aktuelle-balkon-trends\/","og_site_name":"Leeb Balkone","article_publisher":"https:\/\/www.facebook.com\/balkone\/","article_published_time":"2020-01-03T05:47:55+00:00","article_modified_time":"2025-09-18T14:11:43+00:00","og_image":[{"width":2560,"height":1709,"url":"https:\/\/www.leeb-balkone.com\/app\/uploads\/2020\/07\/balkon-alu-design-glas-14-scaled.jpg","type":"image\/jpeg"}],"author":"jbacher","twitter_card":"summary_large_image","schema":{"@context":"https:\/\/schema.org","@graph":[{"@type":"Article","@id":"https:\/\/www.leeb-balkone.com\/de\/blog\/aktuelle-balkon-trends\/#article","isPartOf":{"@id":"https:\/\/www.leeb-balkone.com\/de\/blog\/aktuelle-balkon-trends\/"},"author":{"name":"jbacher","@id":"https:\/\/www.leeb-balkone.com\/de\/#\/schema\/person\/15f1f398efcf4703721e46c2136421fa"},"headline":"Aktuelle Balkon Trends","datePublished":"2020-01-03T05:47:55+00:00","dateModified":"2025-09-18T14:11:43+00:00","mainEntityOfPage":{"@id":"https:\/\/www.leeb-balkone.com\/de\/blog\/aktuelle-balkon-trends\/"},"wordCount":524,"publisher":{"@id":"https:\/\/www.leeb-balkone.com\/de\/#organization"},"image":{"@id":"https:\/\/www.leeb-balkone.com\/de\/blog\/aktuelle-balkon-trends\/#primaryimage"},"thumbnailUrl":"https:\/\/www.leeb-balkone.com\/app\/uploads\/2020\/07\/balkon-alu-design-glas-14-scaled.jpg","articleSection":["Aktuelles zu Leeb Balkone","Garten- &amp; Terrassenm\u00f6bel","Technik &amp; Innovation","Tipps zur Balkongestaltung","Zaun &amp; Sichtschutz"],"inLanguage":"de"},{"@type":"WebPage","@id":"https:\/\/www.leeb-balkone.com\/de\/blog\/aktuelle-balkon-trends\/","url":"https:\/\/www.leeb-balkone.com\/de\/blog\/aktuelle-balkon-trends\/","name":"Aktuelle Balkon Trends - Leeb Balkone","isPartOf":{"@id":"https:\/\/www.leeb-balkone.com\/de\/#website"},"primaryImageOfPage":{"@id":"https:\/\/www.leeb-balkone.com\/de\/blog\/aktuelle-balkon-trends\/#primaryimage"},"image":{"@id":"https:\/\/www.leeb-balkone.com\/de\/blog\/aktuelle-balkon-trends\/#primaryimage"},"thumbnailUrl":"https:\/\/www.leeb-balkone.com\/app\/uploads\/2020\/07\/balkon-alu-design-glas-14-scaled.jpg","datePublished":"2020-01-03T05:47:55+00:00","dateModified":"2025-09-18T14:11:43+00:00","description":"Jedes Jahr werden die Trends des Jahres vorgestellt. Auch am Sektor Garten und am Balkon gibt es Neuheiten. Heuer geht es vermehrt in Richtung Hochwertigkeit, Langlebigkeit und nat\u00fcrlich \u2013 viel Gr\u00fcn. Wir stellen sie euch vor: die Balkon Trends 2020.","breadcrumb":{"@id":"https:\/\/www.leeb-balkone.com\/de\/blog\/aktuelle-balkon-trends\/#breadcrumb"},"inLanguage":"de","potentialAction":[{"@type":"ReadAction","target":["https:\/\/www.leeb-balkone.com\/de\/blog\/aktuelle-balkon-trends\/"]}]},{"@type":"ImageObject","inLanguage":"de","@id":"https:\/\/www.leeb-balkone.com\/de\/blog\/aktuelle-balkon-trends\/#primaryimage","url":"https:\/\/www.leeb-balkone.com\/app\/uploads\/2020\/07\/balkon-alu-design-glas-14-scaled.jpg","contentUrl":"https:\/\/www.leeb-balkone.com\/app\/uploads\/2020\/07\/balkon-alu-design-glas-14-scaled.jpg","width":2560,"height":1709,"caption":"Sonniges Pl\u00e4tzchen mit Alu Design Glas Balkongel\u00e4nder"},{"@type":"BreadcrumbList","@id":"https:\/\/www.leeb-balkone.com\/de\/blog\/aktuelle-balkon-trends\/#breadcrumb","itemListElement":[{"@type":"ListItem","position":1,"name":"Home","item":"https:\/\/www.leeb-balkone.com\/de\/"},{"@type":"ListItem","position":2,"name":"Aktuelle Balkon Trends"}]},{"@type":"WebSite","@id":"https:\/\/www.leeb-balkone.com\/de\/#website","url":"https:\/\/www.leeb-balkone.com\/de\/","name":"Leeb Balkone","description":"Balkone und Z\u00e4une","publisher":{"@id":"https:\/\/www.leeb-balkone.com\/de\/#organization"},"potentialAction":[{"@type":"SearchAction","target":{"@type":"EntryPoint","urlTemplate":"https:\/\/www.leeb-balkone.com\/de\/?s={search_term_string}"},"query-input":{"@type":"PropertyValueSpecification","valueRequired":true,"valueName":"search_term_string"}}],"inLanguage":"de"},{"@type":"Organization","@id":"https:\/\/www.leeb-balkone.com\/de\/#organization","name":"Leeb Balkone Gmbh","url":"https:\/\/www.leeb-balkone.com\/de\/","logo":{"@type":"ImageObject","inLanguage":"de","@id":"https:\/\/www.leeb-balkone.com\/de\/#\/schema\/logo\/image\/","url":"https:\/\/www.leeb-balkone.com\/app\/uploads\/2020\/11\/leeb-logo.svg","contentUrl":"https:\/\/www.leeb-balkone.com\/app\/uploads\/2020\/11\/leeb-logo.svg","width":741,"height":204,"caption":"Leeb Balkone Gmbh"},"image":{"@id":"https:\/\/www.leeb-balkone.com\/de\/#\/schema\/logo\/image\/"},"sameAs":["https:\/\/www.facebook.com\/balkone\/","https:\/\/www.trustedshops.at\/bewertung\/info_X4587CCF5833E31AFE0B11F47D86999F2.html","https:\/\/www.trustedshops.de\/bewertung\/info_X7BA536A7A0BDC86D36C4718E4DCAEEEF.html","https:\/\/www.google.com\/maps\/place\/?q=place_id:ChIJ5-zH19-IcEcR9HonWRTllHI"]},{"@type":"Person","@id":"https:\/\/www.leeb-balkone.com\/de\/#\/schema\/person\/15f1f398efcf4703721e46c2136421fa","name":"jbacher"}]}},"_links":{"self":[{"href":"https:\/\/www.leeb-balkone.com\/de\/wp-json\/wp\/v2\/posts\/8456","targetHints":{"allow":["GET"]}}],"collection":[{"href":"https:\/\/www.leeb-balkone.com\/de\/wp-json\/wp\/v2\/posts"}],"about":[{"href":"https:\/\/www.leeb-balkone.com\/de\/wp-json\/wp\/v2\/types\/post"}],"author":[{"embeddable":true,"href":"https:\/\/www.leeb-balkone.com\/de\/wp-json\/wp\/v2\/users\/3"}],"replies":[{"embeddable":true,"href":"https:\/\/www.leeb-balkone.com\/de\/wp-json\/wp\/v2\/comments?post=8456"}],"version-history":[{"count":1,"href":"https:\/\/www.leeb-balkone.com\/de\/wp-json\/wp\/v2\/posts\/8456\/revisions"}],"predecessor-version":[{"id":156676,"href":"https:\/\/www.leeb-balkone.com\/de\/wp-json\/wp\/v2\/posts\/8456\/revisions\/156676"}],"wp:featuredmedia":[{"embeddable":true,"href":"https:\/\/www.leeb-balkone.com\/de\/wp-json\/wp\/v2\/media\/3369"}],"wp:attachment":[{"href":"https:\/\/www.leeb-balkone.com\/de\/wp-json\/wp\/v2\/media?parent=8456"}],"wp:term":[{"taxonomy":"category","embeddable":true,"href":"https:\/\/www.leeb-balkone.com\/de\/wp-json\/wp\/v2\/categories?post=8456"},{"taxonomy":"post_tag","embeddable":true,"href":"https:\/\/www.leeb-balkone.com\/de\/wp-json\/wp\/v2\/tags?post=8456"},{"taxonomy":"post_folder","embeddable":true,"href":"https:\/\/www.leeb-balkone.com\/de\/wp-json\/wp\/v2\/post_folder?post=8456"}],"curies":[{"name":"wp","href":"https:\/\/api.w.org\/{rel}","templated":true}]}}