{"id":8426,"date":"2019-05-02T13:54:49","date_gmt":"2019-05-02T13:54:49","guid":{"rendered":"https:\/\/www.leeb-balkone.com\/de\/blog\/postdummy-5-2\/"},"modified":"2025-06-02T16:06:59","modified_gmt":"2025-06-02T16:06:59","slug":"gesund-am-balkon-teil-1","status":"publish","type":"post","link":"https:\/\/www.leeb-balkone.com\/de\/blog\/gesund-am-balkon-teil-1\/","title":{"rendered":"Gesund am Balkon: Teil 1"},"content":{"rendered":"<header data-block_b40c78160b5d1896a1dcd0f0b6d0d954 class=\"c-fh  l-mh-small c-fh--hero c-grad-l2r c-fh--div none\">\n      <img loading=\"lazy\" decoding=\"async\" width=\"2560\" height=\"1809\" src=\"https:\/\/www.leeb-balkone.com\/app\/uploads\/2020\/10\/gesund-am-balkon-31-scaled.jpg\" class=\"no-lazy\" alt=\"gesund am balkon 31\" srcset=\"https:\/\/www.leeb-balkone.com\/app\/uploads\/2020\/10\/gesund-am-balkon-31-scaled.jpg 2560w, https:\/\/www.leeb-balkone.com\/app\/uploads\/2020\/10\/gesund-am-balkon-31-300x212.jpg 300w, https:\/\/www.leeb-balkone.com\/app\/uploads\/2020\/10\/gesund-am-balkon-31-1024x724.jpg 1024w, https:\/\/www.leeb-balkone.com\/app\/uploads\/2020\/10\/gesund-am-balkon-31-768x543.jpg 768w, https:\/\/www.leeb-balkone.com\/app\/uploads\/2020\/10\/gesund-am-balkon-31-1536x1086.jpg 1536w, https:\/\/www.leeb-balkone.com\/app\/uploads\/2020\/10\/gesund-am-balkon-31-2048x1447.jpg 2048w\" sizes=\"auto, (min-width: 1536px) 2048px, (min-width: 992px) 1536px, (min-width: 768px) 1024px, (min-width: 576px) 768px, 100vw\" \/>\n\n\n<div class=\"grid-container\">\n  <div class=\"grid-x\">\n    <div class=\"cell small-12 medium-6 medium-offset-1\">\n      <div class=\"c-fh__wrapper\">\n              <\/div>\n    <\/div>\n  <\/div>\n<\/div>\n  \n    \n    <\/header>\n\n\n  \n  <section class=\"wp-block-group alignfull t3-header u-max-wide t3-header-text has-white-background-color has-background has-global-padding is-layout-constrained wp-block-group-is-layout-constrained\">\n    <div class=\"wp-block-group o-grid u-md-1 u-sm-1 is-layout-flow wp-block-group-is-layout-flow\">\n  <div class=\"wp-block-group u-g-10 u-g-s-2\">\n      <div class=\"yoast-breadcrumbs\"><span><span><a href=\"https:\/\/www.leeb-balkone.com\/de\/\">Home<\/a><\/span><\/span><\/div>\n      \n    <h1>Gesund am Balkon: Teil 1<\/h1>\n  <\/div>\n<\/div>\n  <\/section>\n\n\n\n\n\n\n<section class=\"wp-block-cgb-t3-section-block alignfull b-pt-small  is-style-bg-white\" style=\"display:inherit;min-height:inherit\">\n<div class=\"wp-block-cgb-t3-container-block none\" style=\"background-color:none\"><div class=\"grid-container\"><div class=\"grid-x\"><div class=\"cell small-12 medium-9 large-0 medium-offset-1 b-has-lsmb\">\n<p>Gesundheit ist ein Thema, das uns jeden Tag begleitet. Ausgewogene Ern\u00e4hrung und Bewegung spielen dabei eine zentrale Rolle. Doch wer hat gewusst, dass auch Faktoren wie ein Bad in der Sonne, Mikron\u00e4hrstoffe oder Entspannungs-\u00dcbungen sich sehr positiv auf unsere Gesundheit auswirken? Mit der Beitrags-Reihe&nbsp;<em>Gesund am Balkon<\/em>&nbsp;m\u00f6chten wir einen Einblick in Themen geben, denen \u2013 im Gegensatz zu Fitness und Ern\u00e4hrung \u2013 noch immer zu wenig Aufmerksamkeit zukommt. In diesem ersten Teil widmen wir uns dem Thema Vitamin D.<\/p>\n<\/div><\/div><\/div><\/div>\n\n\n\n<div class=\"wp-block-cgb-t3-container-block none\" style=\"background-color:none\"><div class=\"grid-container\"><div class=\"grid-x\"><div class=\"cell small-12 medium-0 large-0\"><div id=\"lightgallery-block_dfb379a3e946959c035cc9e411b18edd\" data-block_dfb379a3e946959c035cc9e411b18edd class=\"has-1-imgs b-cards b-cards--gallery u-grid-temp has-1-cols u-md-2 u-sm-1 wp-block-group is-layout-grid wp-block-group-is-layout-grid gallery alignwide\">\n\n        <div class=\"b-cards__item\">\n\n        \n      <figure>\n                 <img loading=\"lazy\" decoding=\"async\" width=\"1536\" height=\"1536\" src=\"https:\/\/www.leeb-balkone.com\/app\/uploads\/2020\/10\/gesund-am-balkon-39-1536x1536.jpg\" class=\"attachment-1536x1536 size-1536x1536\" alt=\"gesund am balkon 39\" srcset=\"https:\/\/www.leeb-balkone.com\/app\/uploads\/2020\/10\/gesund-am-balkon-39-1536x1536.jpg 1536w, https:\/\/www.leeb-balkone.com\/app\/uploads\/2020\/10\/gesund-am-balkon-39-300x300.jpg 300w, https:\/\/www.leeb-balkone.com\/app\/uploads\/2020\/10\/gesund-am-balkon-39-1024x1024.jpg 1024w, https:\/\/www.leeb-balkone.com\/app\/uploads\/2020\/10\/gesund-am-balkon-39-150x150.jpg 150w, https:\/\/www.leeb-balkone.com\/app\/uploads\/2020\/10\/gesund-am-balkon-39-768x768.jpg 768w, https:\/\/www.leeb-balkone.com\/app\/uploads\/2020\/10\/gesund-am-balkon-39-2048x2048.jpg 2048w\" sizes=\"auto, (min-width: 1200px) 100vw, (min-width: 1024px) 1536px, (min-width: 640px) 768px, 768px\" \/>              <\/figure>\n\n                  \n  \n<\/div>\n\n    <\/div>\n\n<\/div><\/div><\/div><\/div>\n\n\n\n<div class=\"wp-block-cgb-t3-container-block none\" style=\"background-color:none\"><div class=\"grid-container\"><div class=\"grid-x\"><div class=\"cell small-12 medium-9 large-0 medium-offset-1 b-has-lsmb\">\n<h2 class=\"wp-block-heading\">Sonne tanken!<\/h2>\n\n\n\n<p>Ein gutes Buch in der Hand, die Beine hochlegen, es sich gem\u00fctlich machen \u2013 und Sonne tanken! Ein Tag im Freien kann so sch\u00f6n sein, wenn die Sonne scheint. Wir machen es uns am Balkon bequem und freuen uns auf die vielen Sonnenstunden, die uns diese Jahreszeit bringt. Dabei macht uns das \u201eSonnenbaden\u201c nicht nur gl\u00fccklich, sondern auch gesund! Welche positiven Aspekte Sonnenstrahlen auf unseren K\u00f6rper haben, erz\u00e4hlen wir nachfolgend.<\/p>\n<\/div><\/div><\/div><\/div>\n\n\n\n<div class=\"wp-block-cgb-t3-container-block none\" style=\"background-color:none\"><div class=\"grid-container\"><div class=\"grid-x\"><div class=\"cell small-12 medium-0 large-0\"><div id=\"lightgallery-block_f60d0ec516724792d0e389a92972bed4\" data-block_f60d0ec516724792d0e389a92972bed4 class=\"has-1-imgs b-cards b-cards--gallery u-grid-temp has-1-cols u-md-2 u-sm-1 wp-block-group is-layout-grid wp-block-group-is-layout-grid gallery alignwide\">\n\n        <div class=\"b-cards__item\">\n\n        \n      <figure>\n                 <img loading=\"lazy\" decoding=\"async\" width=\"1536\" height=\"1024\" src=\"https:\/\/www.leeb-balkone.com\/app\/uploads\/2020\/10\/gesund-am-balkon-111402669-1536x1024.jpg\" class=\"attachment-1536x1536 size-1536x1536\" alt=\"Relaxen am eigenen Balkon\" srcset=\"https:\/\/www.leeb-balkone.com\/app\/uploads\/2020\/10\/gesund-am-balkon-111402669-1536x1024.jpg 1536w, https:\/\/www.leeb-balkone.com\/app\/uploads\/2020\/10\/gesund-am-balkon-111402669-300x200.jpg 300w, https:\/\/www.leeb-balkone.com\/app\/uploads\/2020\/10\/gesund-am-balkon-111402669-1024x682.jpg 1024w, https:\/\/www.leeb-balkone.com\/app\/uploads\/2020\/10\/gesund-am-balkon-111402669-768x512.jpg 768w, https:\/\/www.leeb-balkone.com\/app\/uploads\/2020\/10\/gesund-am-balkon-111402669-2048x1365.jpg 2048w\" sizes=\"auto, (min-width: 1200px) 100vw, (min-width: 1024px) 1536px, (min-width: 640px) 768px, 768px\" \/>              <\/figure>\n\n                  \n        <div class=\"caption\">\n                          <p>Ein gutes Buch in der Hand und die Beine hochgelegt \u2013 so sch\u00f6n kann Feierabend sein!\n              <\/div>\n  \n<\/div>\n\n    <\/div>\n\n<\/div><\/div><\/div><\/div>\n\n\n\n<div class=\"wp-block-cgb-t3-container-block none\" style=\"background-color:none\"><div class=\"grid-container\"><div class=\"grid-x\"><div class=\"cell small-12 medium-9 large-0 medium-offset-1 b-has-lsmb\">\n<h2 class=\"wp-block-heading\">\u201eSonnenvitamin\u201c D<\/h2>\n\n\n\n<p>Gesund und gl\u00fccklich! Ein Bad in der Sonne wirkt sich nicht nur positiv auf unsere Stimmung aus, sondern beeinflusst auch unsere Gesundheit. Nicht umsonst nennt man das Vitamin D auch \u201eSonnenvitamin\u201c. Durch Sonnenlicht kann unser K\u00f6rper das Vitamin ganz von selbst produzieren \u2013 somit ist es das einzige Vitamin, welches nicht \u00fcber die Nahrung aufgenommen werden muss. Das Vitamin, welches eigentlich ein Hormon ist, kann sozusagen vom K\u00f6rper selbst zusammengebaut werden.<\/p>\n\n\n\n<p>Ein Sonnenbad f\u00f6rdert nicht nur unsere positive Stimmung, sondern kann auch als Vorsorge diverser Krankheiten dienen. Ein ausgewogener Vitamin D-Haushalt kann Krankheiten wie Diabetes (Typ 1 und Typ 2) sowie Knochenerkrankungen vorbeugen. Dr. Wolfgang Hofmeister, Arzt f\u00fcr u.a. Allgemeinmedizin und Naturheilkunde, \u00fcber die Funktion des Hormons: \u201e<em>Knochenstark mit Sonne am Balkon durch Vitamin-D, als Nebeneffekt noch Schutz gegen Entz\u00fcndungen, f\u00fcr Herz und Kreislauf sowie St\u00e4rkung des Immunsystems und f\u00fcr eine gute Stimmung.\u201c<\/em><\/p>\n\n\n\n<p>Der gr\u00f6\u00dfte Teil des Vitamin D wird neben der Eigenproduktion tats\u00e4chlich \u00fcber die Sonne aufgenommen. \u00dcber die Nahrung kann das Vitamin nur in kleinen Mengen zugef\u00fchrt werden. Vitamin D-reiche Nahrungsmittel sind zum Beispiel Lachs, K\u00e4se, Eier und als pflanzliche alternative Avocados und Pilze.<\/p>\n<\/div><\/div><\/div><\/div>\n\n\n\n<div class=\"wp-block-cgb-t3-container-block none\" style=\"background-color:none\"><div class=\"grid-container\"><div class=\"grid-x\"><div class=\"cell small-12 medium-0 large-0\"><div id=\"lightgallery-block_98ae9855a65fd2cdbea29971106cf5e1\" data-block_98ae9855a65fd2cdbea29971106cf5e1 class=\"has-1-imgs b-cards b-cards--gallery u-grid-temp has-1-cols u-md-2 u-sm-1 wp-block-group is-layout-grid wp-block-group-is-layout-grid gallery alignwide\">\n\n        <div class=\"b-cards__item\">\n\n        \n      <figure>\n                 <img loading=\"lazy\" decoding=\"async\" width=\"1536\" height=\"1055\" src=\"https:\/\/www.leeb-balkone.com\/app\/uploads\/2020\/10\/gesund-am-balkon-2219-1536x1055.jpg\" class=\"attachment-1536x1536 size-1536x1536\" alt=\"gesund am balkon 2219\" srcset=\"https:\/\/www.leeb-balkone.com\/app\/uploads\/2020\/10\/gesund-am-balkon-2219-1536x1055.jpg 1536w, https:\/\/www.leeb-balkone.com\/app\/uploads\/2020\/10\/gesund-am-balkon-2219-300x206.jpg 300w, https:\/\/www.leeb-balkone.com\/app\/uploads\/2020\/10\/gesund-am-balkon-2219-1024x704.jpg 1024w, https:\/\/www.leeb-balkone.com\/app\/uploads\/2020\/10\/gesund-am-balkon-2219-768x528.jpg 768w, https:\/\/www.leeb-balkone.com\/app\/uploads\/2020\/10\/gesund-am-balkon-2219-2048x1407.jpg 2048w\" sizes=\"auto, (min-width: 1200px) 100vw, (min-width: 1024px) 1536px, (min-width: 640px) 768px, 768px\" \/>              <\/figure>\n\n                  \n  \n<\/div>\n\n    <\/div>\n\n<\/div><\/div><\/div><\/div>\n\n\n\n<div class=\"wp-block-cgb-t3-container-block none\" style=\"background-color:none\"><div class=\"grid-container\"><div class=\"grid-x\"><div class=\"cell small-12 medium-9 large-0 medium-offset-1 b-has-lsmb\">\n<h2 class=\"wp-block-heading\">\u201eImmun Boost\u201c<\/h2>\n\n\n\n<p>Es hei\u00dft, Vitamin D steigert die Aktivit\u00e4t des angeborenen Immunsystems. Demnach tr\u00e4gt Hormon zur Verbesserung der Abwehrleistung bei auftretenden Infekten bei. So sinkt das Risiko ebenso f\u00fcr banale Effekte als auch f\u00fcr Autoimmun-Erkrankungen.<\/p>\n\n\n\n<p>An einem sonnigen Sommertag sich zehn Minuten an der Sonne am Balkon zu erfreuen, reichen aus, um mehr als 10.000IE Vitamin-D in unserem K\u00f6rper selbst zu produzieren. Damit produziert der K\u00f6rper ein Vielfaches der t\u00e4glichen empfohlenen Zufuhrmenge der Ern\u00e4hrungsgesellschaften. Die \u00dcberschussproduktion speichert der K\u00f6rper im Fett und in der Muskulatur, f\u00fcr schattige Tage am Balkon.<\/p>\n\n\n\n<h2 class=\"wp-block-heading\">Nat\u00fcrlicher Vitamin D-Haushalt<\/h2>\n\n\n\n<p>Menschen, die t\u00e4glich im B\u00fcro arbeiten oder w\u00e4hrend des Alltages nicht viel Sonne tanken k\u00f6nnen, sollten jedoch mit zus\u00e4tzlichem Vitamin D nachhelfen. Wichtig: vor Beginn den Vitamin D-Spiegel unbedingt messen lassen, um den Zielwert herauszufinden. Abh\u00e4ngig davon ergibt sich dann die ben\u00f6tigte Vitamin D-Versorgung, die bereits ab 30 ng\/ml gew\u00e4hrleistet werden kann. Die Hauptquelle des Menschen f\u00fcr Vitamin-D ist aber immer noch die Eigensynthese in den obersten Hautschichten bei Sonnenexposition. Zehn Minuten Sonnenbestrahlung ohne Sonnenschutzmittel sind im Normalfall ausreichend f\u00fcr die mehrfache Tagesproduktionsmenge.<\/p>\n\n\n\n<p>Das sind viele Gr\u00fcnde mehr, sich gleich nach drau\u00dfen zu begeben und die Sonne zu genie\u00dfen! Dazu braucht man auch keinen gro\u00dfen Garten. Selbst ein kleiner Balkon reicht aus, um Sonne zu tanken. Ein Balkon ist sogar die praktischere Variante \u2013 besonders, wenn man ungest\u00f6rt sein und sich vor neugierigen Blicken sch\u00fctzen m\u00f6chten. Ein Balkon dient nicht nur als Entspannungsort, sondern bietet auch Sichtschutz und sorgt f\u00fcr Privatsph\u00e4re. So k\u00f6nnen wir das Sonnenbad ganz ungest\u00f6rt und in Ruhe genie\u00dfen\u2026<\/p>\n<\/div><\/div><\/div><\/div>\n<\/section>\n","protected":false},"excerpt":{"rendered":"<p>Sonne tanken am Balkon! Schon zehn Minuten Sonnenlicht (ohne Sonnenschutz) am Tag reichen aus, um die Vitamin D-Produktion zu f\u00f6rdern.<\/p>\n","protected":false},"author":3,"featured_media":8412,"comment_status":"closed","ping_status":"open","sticky":false,"template":"template-onepager.blade.php","format":"standard","meta":{"_acf_changed":false,"footnotes":""},"categories":[54,56,61,57,58],"tags":[],"post_folder":[],"class_list":["post-8426","post","type-post","status-publish","format-standard","has-post-thumbnail","hentry","category-balkongestaltung","category-balkonpflanzen","category-garten-und-pflanzen","category-ideen-zum-selbermachen","category-tipps-zur-balkongestaltung"],"acf":[],"yoast_head":"<!-- This site is optimized with the Yoast SEO plugin v27.2 - https:\/\/yoast.com\/product\/yoast-seo-wordpress\/ -->\n<title>Gesund am Balkon: Teil 1 - Leeb Balkone Deutschland<\/title>\n<meta name=\"description\" content=\"Sonne tanken am Balkon! Schon zehn Minuten Sonnenlicht (ohne Sonnenschutz) am Tag reichen aus, um die Vitamin D-Produktion zu f\u00f6rdern.\" \/>\n<meta name=\"robots\" content=\"index, follow, max-snippet:-1, max-image-preview:large, max-video-preview:-1\" \/>\n<meta property=\"og:locale\" content=\"de_DE\" \/>\n<meta property=\"og:type\" content=\"article\" \/>\n<meta property=\"og:title\" content=\"Gesund am Balkon: Teil 1 - Leeb Balkone\" \/>\n<meta property=\"og:description\" content=\"Sonne tanken am Balkon! Schon zehn Minuten Sonnenlicht (ohne Sonnenschutz) am Tag reichen aus, um die Vitamin D-Produktion zu f\u00f6rdern.\" \/>\n<meta property=\"og:url\" content=\"https:\/\/www.leeb-balkone.com\/de\/blog\/gesund-am-balkon-teil-1\/\" \/>\n<meta property=\"og:site_name\" content=\"Leeb Balkone\" \/>\n<meta property=\"article:publisher\" content=\"https:\/\/www.facebook.com\/balkone\/\" \/>\n<meta property=\"article:published_time\" content=\"2019-05-02T13:54:49+00:00\" \/>\n<meta property=\"article:modified_time\" content=\"2025-06-02T16:06:59+00:00\" \/>\n<meta property=\"og:image\" content=\"https:\/\/www.leeb-balkone.com\/app\/uploads\/2020\/10\/gesund-am-balkon-31-scaled.jpg\" \/>\n\t<meta property=\"og:image:width\" content=\"2560\" \/>\n\t<meta property=\"og:image:height\" content=\"1809\" \/>\n\t<meta property=\"og:image:type\" content=\"image\/jpeg\" \/>\n<meta name=\"author\" content=\"jbacher\" \/>\n<meta name=\"twitter:card\" content=\"summary_large_image\" \/>\n<script type=\"application\/ld+json\" class=\"yoast-schema-graph\">{\"@context\":\"https:\/\/schema.org\",\"@graph\":[{\"@type\":\"Article\",\"@id\":\"https:\/\/www.leeb-balkone.com\/de\/blog\/gesund-am-balkon-teil-1\/#article\",\"isPartOf\":{\"@id\":\"https:\/\/www.leeb-balkone.com\/de\/blog\/gesund-am-balkon-teil-1\/\"},\"author\":{\"name\":\"jbacher\",\"@id\":\"https:\/\/www.leeb-balkone.com\/de\/#\/schema\/person\/15f1f398efcf4703721e46c2136421fa\"},\"headline\":\"Gesund am Balkon: Teil 1\",\"datePublished\":\"2019-05-02T13:54:49+00:00\",\"dateModified\":\"2025-06-02T16:06:59+00:00\",\"mainEntityOfPage\":{\"@id\":\"https:\/\/www.leeb-balkone.com\/de\/blog\/gesund-am-balkon-teil-1\/\"},\"wordCount\":652,\"publisher\":{\"@id\":\"https:\/\/www.leeb-balkone.com\/de\/#organization\"},\"image\":{\"@id\":\"https:\/\/www.leeb-balkone.com\/de\/blog\/gesund-am-balkon-teil-1\/#primaryimage\"},\"thumbnailUrl\":\"https:\/\/www.leeb-balkone.com\/app\/uploads\/2020\/10\/gesund-am-balkon-31-scaled.jpg\",\"articleSection\":[\"Balkongestaltung\",\"Balkonpflanzen\",\"Garten und Pflanzen\",\"Ideen zum Selbermachen\",\"Tipps zur Balkongestaltung\"],\"inLanguage\":\"de\"},{\"@type\":\"WebPage\",\"@id\":\"https:\/\/www.leeb-balkone.com\/de\/blog\/gesund-am-balkon-teil-1\/\",\"url\":\"https:\/\/www.leeb-balkone.com\/de\/blog\/gesund-am-balkon-teil-1\/\",\"name\":\"Gesund am Balkon: Teil 1 - Leeb Balkone\",\"isPartOf\":{\"@id\":\"https:\/\/www.leeb-balkone.com\/de\/#website\"},\"primaryImageOfPage\":{\"@id\":\"https:\/\/www.leeb-balkone.com\/de\/blog\/gesund-am-balkon-teil-1\/#primaryimage\"},\"image\":{\"@id\":\"https:\/\/www.leeb-balkone.com\/de\/blog\/gesund-am-balkon-teil-1\/#primaryimage\"},\"thumbnailUrl\":\"https:\/\/www.leeb-balkone.com\/app\/uploads\/2020\/10\/gesund-am-balkon-31-scaled.jpg\",\"datePublished\":\"2019-05-02T13:54:49+00:00\",\"dateModified\":\"2025-06-02T16:06:59+00:00\",\"description\":\"Sonne tanken am Balkon! Schon zehn Minuten Sonnenlicht (ohne Sonnenschutz) am Tag reichen aus, um die Vitamin D-Produktion zu f\u00f6rdern.\",\"breadcrumb\":{\"@id\":\"https:\/\/www.leeb-balkone.com\/de\/blog\/gesund-am-balkon-teil-1\/#breadcrumb\"},\"inLanguage\":\"de\",\"potentialAction\":[{\"@type\":\"ReadAction\",\"target\":[\"https:\/\/www.leeb-balkone.com\/de\/blog\/gesund-am-balkon-teil-1\/\"]}]},{\"@type\":\"ImageObject\",\"inLanguage\":\"de\",\"@id\":\"https:\/\/www.leeb-balkone.com\/de\/blog\/gesund-am-balkon-teil-1\/#primaryimage\",\"url\":\"https:\/\/www.leeb-balkone.com\/app\/uploads\/2020\/10\/gesund-am-balkon-31-scaled.jpg\",\"contentUrl\":\"https:\/\/www.leeb-balkone.com\/app\/uploads\/2020\/10\/gesund-am-balkon-31-scaled.jpg\",\"width\":2560,\"height\":1809},{\"@type\":\"BreadcrumbList\",\"@id\":\"https:\/\/www.leeb-balkone.com\/de\/blog\/gesund-am-balkon-teil-1\/#breadcrumb\",\"itemListElement\":[{\"@type\":\"ListItem\",\"position\":1,\"name\":\"Home\",\"item\":\"https:\/\/www.leeb-balkone.com\/de\/\"},{\"@type\":\"ListItem\",\"position\":2,\"name\":\"Gesund am Balkon: Teil 1\"}]},{\"@type\":\"WebSite\",\"@id\":\"https:\/\/www.leeb-balkone.com\/de\/#website\",\"url\":\"https:\/\/www.leeb-balkone.com\/de\/\",\"name\":\"Leeb Balkone\",\"description\":\"Balkone und Z\u00e4une\",\"publisher\":{\"@id\":\"https:\/\/www.leeb-balkone.com\/de\/#organization\"},\"potentialAction\":[{\"@type\":\"SearchAction\",\"target\":{\"@type\":\"EntryPoint\",\"urlTemplate\":\"https:\/\/www.leeb-balkone.com\/de\/?s={search_term_string}\"},\"query-input\":{\"@type\":\"PropertyValueSpecification\",\"valueRequired\":true,\"valueName\":\"search_term_string\"}}],\"inLanguage\":\"de\"},{\"@type\":\"Organization\",\"@id\":\"https:\/\/www.leeb-balkone.com\/de\/#organization\",\"name\":\"Leeb Balkone Gmbh\",\"url\":\"https:\/\/www.leeb-balkone.com\/de\/\",\"logo\":{\"@type\":\"ImageObject\",\"inLanguage\":\"de\",\"@id\":\"https:\/\/www.leeb-balkone.com\/de\/#\/schema\/logo\/image\/\",\"url\":\"https:\/\/www.leeb-balkone.com\/app\/uploads\/2020\/11\/leeb-logo.svg\",\"contentUrl\":\"https:\/\/www.leeb-balkone.com\/app\/uploads\/2020\/11\/leeb-logo.svg\",\"width\":741,\"height\":204,\"caption\":\"Leeb Balkone Gmbh\"},\"image\":{\"@id\":\"https:\/\/www.leeb-balkone.com\/de\/#\/schema\/logo\/image\/\"},\"sameAs\":[\"https:\/\/www.facebook.com\/balkone\/\",\"https:\/\/www.trustedshops.at\/bewertung\/info_X4587CCF5833E31AFE0B11F47D86999F2.html\",\"https:\/\/www.trustedshops.de\/bewertung\/info_X7BA536A7A0BDC86D36C4718E4DCAEEEF.html\",\"https:\/\/www.google.com\/maps\/place\/?q=place_id:ChIJ5-zH19-IcEcR9HonWRTllHI\"]},{\"@type\":\"Person\",\"@id\":\"https:\/\/www.leeb-balkone.com\/de\/#\/schema\/person\/15f1f398efcf4703721e46c2136421fa\",\"name\":\"jbacher\"}]}<\/script>\n<!-- \/ Yoast SEO plugin. -->","yoast_head_json":{"title":"Gesund am Balkon: Teil 1 - Leeb Balkone Deutschland","description":"Sonne tanken am Balkon! Schon zehn Minuten Sonnenlicht (ohne Sonnenschutz) am Tag reichen aus, um die Vitamin D-Produktion zu f\u00f6rdern.","robots":{"index":"index","follow":"follow","max-snippet":"max-snippet:-1","max-image-preview":"max-image-preview:large","max-video-preview":"max-video-preview:-1"},"og_locale":"de_DE","og_type":"article","og_title":"Gesund am Balkon: Teil 1 - Leeb Balkone","og_description":"Sonne tanken am Balkon! Schon zehn Minuten Sonnenlicht (ohne Sonnenschutz) am Tag reichen aus, um die Vitamin D-Produktion zu f\u00f6rdern.","og_url":"https:\/\/www.leeb-balkone.com\/de\/blog\/gesund-am-balkon-teil-1\/","og_site_name":"Leeb Balkone","article_publisher":"https:\/\/www.facebook.com\/balkone\/","article_published_time":"2019-05-02T13:54:49+00:00","article_modified_time":"2025-06-02T16:06:59+00:00","og_image":[{"width":2560,"height":1809,"url":"https:\/\/www.leeb-balkone.com\/app\/uploads\/2020\/10\/gesund-am-balkon-31-scaled.jpg","type":"image\/jpeg"}],"author":"jbacher","twitter_card":"summary_large_image","schema":{"@context":"https:\/\/schema.org","@graph":[{"@type":"Article","@id":"https:\/\/www.leeb-balkone.com\/de\/blog\/gesund-am-balkon-teil-1\/#article","isPartOf":{"@id":"https:\/\/www.leeb-balkone.com\/de\/blog\/gesund-am-balkon-teil-1\/"},"author":{"name":"jbacher","@id":"https:\/\/www.leeb-balkone.com\/de\/#\/schema\/person\/15f1f398efcf4703721e46c2136421fa"},"headline":"Gesund am Balkon: Teil 1","datePublished":"2019-05-02T13:54:49+00:00","dateModified":"2025-06-02T16:06:59+00:00","mainEntityOfPage":{"@id":"https:\/\/www.leeb-balkone.com\/de\/blog\/gesund-am-balkon-teil-1\/"},"wordCount":652,"publisher":{"@id":"https:\/\/www.leeb-balkone.com\/de\/#organization"},"image":{"@id":"https:\/\/www.leeb-balkone.com\/de\/blog\/gesund-am-balkon-teil-1\/#primaryimage"},"thumbnailUrl":"https:\/\/www.leeb-balkone.com\/app\/uploads\/2020\/10\/gesund-am-balkon-31-scaled.jpg","articleSection":["Balkongestaltung","Balkonpflanzen","Garten und Pflanzen","Ideen zum Selbermachen","Tipps zur Balkongestaltung"],"inLanguage":"de"},{"@type":"WebPage","@id":"https:\/\/www.leeb-balkone.com\/de\/blog\/gesund-am-balkon-teil-1\/","url":"https:\/\/www.leeb-balkone.com\/de\/blog\/gesund-am-balkon-teil-1\/","name":"Gesund am Balkon: Teil 1 - Leeb Balkone","isPartOf":{"@id":"https:\/\/www.leeb-balkone.com\/de\/#website"},"primaryImageOfPage":{"@id":"https:\/\/www.leeb-balkone.com\/de\/blog\/gesund-am-balkon-teil-1\/#primaryimage"},"image":{"@id":"https:\/\/www.leeb-balkone.com\/de\/blog\/gesund-am-balkon-teil-1\/#primaryimage"},"thumbnailUrl":"https:\/\/www.leeb-balkone.com\/app\/uploads\/2020\/10\/gesund-am-balkon-31-scaled.jpg","datePublished":"2019-05-02T13:54:49+00:00","dateModified":"2025-06-02T16:06:59+00:00","description":"Sonne tanken am Balkon! Schon zehn Minuten Sonnenlicht (ohne Sonnenschutz) am Tag reichen aus, um die Vitamin D-Produktion zu f\u00f6rdern.","breadcrumb":{"@id":"https:\/\/www.leeb-balkone.com\/de\/blog\/gesund-am-balkon-teil-1\/#breadcrumb"},"inLanguage":"de","potentialAction":[{"@type":"ReadAction","target":["https:\/\/www.leeb-balkone.com\/de\/blog\/gesund-am-balkon-teil-1\/"]}]},{"@type":"ImageObject","inLanguage":"de","@id":"https:\/\/www.leeb-balkone.com\/de\/blog\/gesund-am-balkon-teil-1\/#primaryimage","url":"https:\/\/www.leeb-balkone.com\/app\/uploads\/2020\/10\/gesund-am-balkon-31-scaled.jpg","contentUrl":"https:\/\/www.leeb-balkone.com\/app\/uploads\/2020\/10\/gesund-am-balkon-31-scaled.jpg","width":2560,"height":1809},{"@type":"BreadcrumbList","@id":"https:\/\/www.leeb-balkone.com\/de\/blog\/gesund-am-balkon-teil-1\/#breadcrumb","itemListElement":[{"@type":"ListItem","position":1,"name":"Home","item":"https:\/\/www.leeb-balkone.com\/de\/"},{"@type":"ListItem","position":2,"name":"Gesund am Balkon: Teil 1"}]},{"@type":"WebSite","@id":"https:\/\/www.leeb-balkone.com\/de\/#website","url":"https:\/\/www.leeb-balkone.com\/de\/","name":"Leeb Balkone","description":"Balkone und Z\u00e4une","publisher":{"@id":"https:\/\/www.leeb-balkone.com\/de\/#organization"},"potentialAction":[{"@type":"SearchAction","target":{"@type":"EntryPoint","urlTemplate":"https:\/\/www.leeb-balkone.com\/de\/?s={search_term_string}"},"query-input":{"@type":"PropertyValueSpecification","valueRequired":true,"valueName":"search_term_string"}}],"inLanguage":"de"},{"@type":"Organization","@id":"https:\/\/www.leeb-balkone.com\/de\/#organization","name":"Leeb Balkone Gmbh","url":"https:\/\/www.leeb-balkone.com\/de\/","logo":{"@type":"ImageObject","inLanguage":"de","@id":"https:\/\/www.leeb-balkone.com\/de\/#\/schema\/logo\/image\/","url":"https:\/\/www.leeb-balkone.com\/app\/uploads\/2020\/11\/leeb-logo.svg","contentUrl":"https:\/\/www.leeb-balkone.com\/app\/uploads\/2020\/11\/leeb-logo.svg","width":741,"height":204,"caption":"Leeb Balkone Gmbh"},"image":{"@id":"https:\/\/www.leeb-balkone.com\/de\/#\/schema\/logo\/image\/"},"sameAs":["https:\/\/www.facebook.com\/balkone\/","https:\/\/www.trustedshops.at\/bewertung\/info_X4587CCF5833E31AFE0B11F47D86999F2.html","https:\/\/www.trustedshops.de\/bewertung\/info_X7BA536A7A0BDC86D36C4718E4DCAEEEF.html","https:\/\/www.google.com\/maps\/place\/?q=place_id:ChIJ5-zH19-IcEcR9HonWRTllHI"]},{"@type":"Person","@id":"https:\/\/www.leeb-balkone.com\/de\/#\/schema\/person\/15f1f398efcf4703721e46c2136421fa","name":"jbacher"}]}},"_links":{"self":[{"href":"https:\/\/www.leeb-balkone.com\/de\/wp-json\/wp\/v2\/posts\/8426","targetHints":{"allow":["GET"]}}],"collection":[{"href":"https:\/\/www.leeb-balkone.com\/de\/wp-json\/wp\/v2\/posts"}],"about":[{"href":"https:\/\/www.leeb-balkone.com\/de\/wp-json\/wp\/v2\/types\/post"}],"author":[{"embeddable":true,"href":"https:\/\/www.leeb-balkone.com\/de\/wp-json\/wp\/v2\/users\/3"}],"replies":[{"embeddable":true,"href":"https:\/\/www.leeb-balkone.com\/de\/wp-json\/wp\/v2\/comments?post=8426"}],"version-history":[{"count":1,"href":"https:\/\/www.leeb-balkone.com\/de\/wp-json\/wp\/v2\/posts\/8426\/revisions"}],"predecessor-version":[{"id":147519,"href":"https:\/\/www.leeb-balkone.com\/de\/wp-json\/wp\/v2\/posts\/8426\/revisions\/147519"}],"wp:featuredmedia":[{"embeddable":true,"href":"https:\/\/www.leeb-balkone.com\/de\/wp-json\/wp\/v2\/media\/8412"}],"wp:attachment":[{"href":"https:\/\/www.leeb-balkone.com\/de\/wp-json\/wp\/v2\/media?parent=8426"}],"wp:term":[{"taxonomy":"category","embeddable":true,"href":"https:\/\/www.leeb-balkone.com\/de\/wp-json\/wp\/v2\/categories?post=8426"},{"taxonomy":"post_tag","embeddable":true,"href":"https:\/\/www.leeb-balkone.com\/de\/wp-json\/wp\/v2\/tags?post=8426"},{"taxonomy":"post_folder","embeddable":true,"href":"https:\/\/www.leeb-balkone.com\/de\/wp-json\/wp\/v2\/post_folder?post=8426"}],"curies":[{"name":"wp","href":"https:\/\/api.w.org\/{rel}","templated":true}]}}