{"id":8403,"date":"2019-06-02T13:50:36","date_gmt":"2019-06-02T13:50:36","guid":{"rendered":"https:\/\/www.leeb-balkone.com\/de\/blog\/postdummy-5\/"},"modified":"2026-01-28T17:08:14","modified_gmt":"2026-01-28T17:08:14","slug":"gesund-am-balkon-teil-2","status":"publish","type":"post","link":"https:\/\/www.leeb-balkone.com\/de\/blog\/gesund-am-balkon-teil-2\/","title":{"rendered":"Gesund am Balkon: Teil 2"},"content":{"rendered":"<header data-block_acf-block-697a42678644e class=\"c-fh  l-mh-small c-fh--hero c-grad-l2r c-fh--div none\">\n      <img loading=\"lazy\" decoding=\"async\" width=\"2560\" height=\"1707\" src=\"https:\/\/www.leeb-balkone.com\/app\/uploads\/2020\/10\/gesund-am-balkon-3-scaled.jpg\" class=\"no-lazy\" alt=\"Lavendel am Balkon\" srcset=\"https:\/\/www.leeb-balkone.com\/app\/uploads\/2020\/10\/gesund-am-balkon-3-scaled.jpg 2560w, https:\/\/www.leeb-balkone.com\/app\/uploads\/2020\/10\/gesund-am-balkon-3-300x200.jpg 300w, https:\/\/www.leeb-balkone.com\/app\/uploads\/2020\/10\/gesund-am-balkon-3-1024x683.jpg 1024w, https:\/\/www.leeb-balkone.com\/app\/uploads\/2020\/10\/gesund-am-balkon-3-768x512.jpg 768w, https:\/\/www.leeb-balkone.com\/app\/uploads\/2020\/10\/gesund-am-balkon-3-1536x1024.jpg 1536w, https:\/\/www.leeb-balkone.com\/app\/uploads\/2020\/10\/gesund-am-balkon-3-2048x1366.jpg 2048w\" sizes=\"auto, (min-width: 1536px) 2048px, (min-width: 992px) 1536px, (min-width: 768px) 1024px, (min-width: 576px) 768px, 100vw\" \/>\n\n\n<div class=\"grid-container\">\n  <div class=\"grid-x\">\n    <div class=\"cell small-12 medium-6 medium-offset-1\">\n      <div class=\"c-fh__wrapper\">\n              <\/div>\n    <\/div>\n  <\/div>\n<\/div>\n  \n    \n    <\/header>\n\n\n  \n  <section class=\"wp-block-group alignfull t3-header u-max-wide t3-header-text has-white-background-color has-background has-global-padding is-layout-constrained wp-block-group-is-layout-constrained\">\n    <div class=\"wp-block-group o-grid u-md-1 u-sm-1 is-layout-flow wp-block-group-is-layout-flow\">\n  <div class=\"wp-block-group u-g-10 u-g-s-2\">\n      <div class=\"yoast-breadcrumbs\"><span><span><a href=\"https:\/\/www.leeb-balkone.com\/de\/\">Home<\/a><\/span><\/span><\/div>\n      \n    <h1>Gesund am Balkon: Teil 2<\/h1>\n  <\/div>\n<\/div>\n  <\/section>\n\n\n\n\n\n\n<section class=\"wp-block-cgb-t3-section-block alignfull b-pt-small  is-style-bg-white\" style=\"display:inherit;min-height:inherit\">\n<div class=\"wp-block-cgb-t3-container-block none\" style=\"background-color:none\"><div class=\"grid-container\"><div class=\"grid-x\"><div class=\"cell small-12 medium-9 large-0 medium-offset-1 b-has-lsmb\">\n<p>Im letzten Blogpost haben wir unsere neue Beitrags-Reihe \u201eGesund am Balkon\u201c vorgestellt. Mit dieser Serie m\u00f6chten wir einen Einblick in Themen geben, denen \u2013 im Gegensatz zu Fitness und Ern\u00e4hrung \u2013 noch immer zu wenig Aufmerksamkeit zukommt. Heute geht es um das Thema Kr\u00e4uter. Denn was viele nicht wissen: Kr\u00e4uter sind viel mehr als nur geschmacksverst\u00e4rkende Zutaten! Gesunde Inhaltsstoffe und Mikron\u00e4hrstoffe machen sie zu echten \u201eSuperfoods\u201c.<\/p>\n<\/div><\/div><\/div><\/div>\n\n\n\n<div class=\"wp-block-cgb-t3-container-block none\" style=\"background-color:none\"><div class=\"grid-container\"><div class=\"grid-x\"><div class=\"cell small-12 medium-0 large-0\"><div id=\"lightgallery-block_acf-block-697a426786477\" data-block_acf-block-697a426786477 class=\"has-1-imgs b-cards b-cards--gallery u-grid-temp has-1-cols u-md-2 u-sm-1 wp-block-group is-layout-grid wp-block-group-is-layout-grid gallery alignwide\">\n\n        <div class=\"b-cards__item\">\n\n        \n      <figure>\n                 <img loading=\"lazy\" decoding=\"async\" width=\"1536\" height=\"1018\" src=\"https:\/\/www.leeb-balkone.com\/app\/uploads\/2020\/10\/gesund-am-balkon-229-1536x1018.jpg\" class=\"attachment-1536x1536 size-1536x1536\" alt=\"gesund am balkon 229\" srcset=\"https:\/\/www.leeb-balkone.com\/app\/uploads\/2020\/10\/gesund-am-balkon-229-1536x1018.jpg 1536w, https:\/\/www.leeb-balkone.com\/app\/uploads\/2020\/10\/gesund-am-balkon-229-300x199.jpg 300w, https:\/\/www.leeb-balkone.com\/app\/uploads\/2020\/10\/gesund-am-balkon-229-1024x678.jpg 1024w, https:\/\/www.leeb-balkone.com\/app\/uploads\/2020\/10\/gesund-am-balkon-229-768x509.jpg 768w, https:\/\/www.leeb-balkone.com\/app\/uploads\/2020\/10\/gesund-am-balkon-229-2048x1357.jpg 2048w\" sizes=\"auto, (min-width: 1200px) 100vw, (min-width: 1024px) 1536px, (min-width: 640px) 768px, 768px\" \/>              <\/figure>\n\n                  \n        <div class=\"caption\">\n                          <p>Sie schmecken nicht nur toll, sondern sind auch gesund \u2013 und sehen sch\u00f6n aus: Kr\u00e4uter am Balkon!\n              <\/div>\n  \n<\/div>\n\n    <\/div>\n\n<\/div><\/div><\/div><\/div>\n\n\n\n<div class=\"wp-block-cgb-t3-container-block none\" style=\"background-color:none\"><div class=\"grid-container\"><div class=\"grid-x\"><div class=\"cell small-12 medium-9 large-0 medium-offset-1 b-has-lsmb\">\n<h2 class=\"wp-block-heading\">Wundermittelchen Kr\u00e4uter<\/h2>\n\n\n\n<p>Um gesund zu bleiben, braucht es mehr als Sport, gesunde Ern\u00e4hrung und Vitamin D. \u00dcber die Nahrung werden wichtige N\u00e4hrstoffe aufgenommen, die der K\u00f6rper braucht, um gesund zu bleiben: Mikron\u00e4hrstoffe. Besonders Gew\u00fcrze und Kr\u00e4uter k\u00f6nnen wahre Wunder wirken. Nicht nur verleihen sie verschiedenen Gerichten das gewisse Etwas. Sie stecken auch voller gesundheitsf\u00f6rdernder Inhaltsstoffe. \u00c4therische \u00d6le, Mineralstoffe und Vitamine sind nur einige davon. Jede Kr\u00e4utersorte bringt dabei verschiedene positive Eigenschaften und somit andere Wirkungen mit sich. Nicht umsonst werden (getrocknete) Kr\u00e4uter in der Heilmedizin f\u00fcr diverse Heil- und Arzneitees eingesetzt! So mancher kennt bestimmt das Sprichwort: \u201e<em>Gegen jedes Wehwehchen ist ein Kraut gewachsen!\u201c<\/em><\/p>\n\n\n\n<p>Kr\u00e4uter bestehen aus verschiedenen Inhaltsstoffgruppen, unter anderem: \u00c4therische \u00d6le, Bitterstoffe und Gerbstoffe. Besonders \u00e4therischen \u00d6len wird eine gesundheitsf\u00f6rdernde Eigenschaft nachgesagt. Viele Arten sind vor allem in der medizinischen Anwendung wichtig. So wird beispielsweise das \u00e4therische \u00d6l Campher (enthalten in Rosmarin, Salbei\u2026) gegen Erk\u00e4ltungen und zur Desinfektion eingesetzt. Menthol, das in der Pfefferminze enthalten ist, soll gegen Migr\u00e4ne helfen; Citrat hingegen, vorkommend in&nbsp; Zitronenmelisse, ist ein beliebter Duft- und Aromastoff.<\/p>\n<\/div><\/div><\/div><\/div>\n\n\n\n<div class=\"wp-block-cgb-t3-container-block none\" style=\"background-color:none\"><div class=\"grid-container\"><div class=\"grid-x\"><div class=\"cell small-12 medium-0 large-0\"><div id=\"lightgallery-block_acf-block-697a42678648b\" data-block_acf-block-697a42678648b class=\"has-1-imgs b-cards b-cards--gallery u-grid-temp has-1-cols u-md-2 u-sm-1 wp-block-group is-layout-grid wp-block-group-is-layout-grid gallery alignwide\">\n\n        <div class=\"b-cards__item\">\n\n        \n      <figure>\n                 <img loading=\"lazy\" decoding=\"async\" width=\"1536\" height=\"1024\" src=\"https:\/\/www.leeb-balkone.com\/app\/uploads\/2020\/10\/gesund-am-balkon-77-1536x1024.jpg\" class=\"attachment-1536x1536 size-1536x1536\" alt=\"gesund am balkon 77\" srcset=\"https:\/\/www.leeb-balkone.com\/app\/uploads\/2020\/10\/gesund-am-balkon-77-1536x1024.jpg 1536w, https:\/\/www.leeb-balkone.com\/app\/uploads\/2020\/10\/gesund-am-balkon-77-300x200.jpg 300w, https:\/\/www.leeb-balkone.com\/app\/uploads\/2020\/10\/gesund-am-balkon-77-1024x683.jpg 1024w, https:\/\/www.leeb-balkone.com\/app\/uploads\/2020\/10\/gesund-am-balkon-77-768x512.jpg 768w, https:\/\/www.leeb-balkone.com\/app\/uploads\/2020\/10\/gesund-am-balkon-77-2048x1366.jpg 2048w\" sizes=\"auto, (min-width: 1200px) 100vw, (min-width: 1024px) 1536px, (min-width: 640px) 768px, 768px\" \/>              <\/figure>\n\n                  \n  \n<\/div>\n\n    <\/div>\n\n<\/div><\/div><\/div><\/div>\n\n\n\n<div class=\"wp-block-cgb-t3-container-block none\" style=\"background-color:none\"><div class=\"grid-container\"><div class=\"grid-x\"><div class=\"cell small-12 medium-9 large-0 medium-offset-1 b-has-lsmb\">\n<h2 class=\"wp-block-heading\">Gesund und gut!<\/h2>\n\n\n\n<p>Kr\u00e4uter sind nicht nur gesund, sie schmecken auch und verfeinern jedes Gericht. Auf die richtige Verwendung kommt es aber an! So soll zum Beispiel Basilikum nur frisch verwendet werden. Frisches Basilikum kann bei Magenproblemen helfen \u2013 genauso wie Dill, der oft im Gurkensalat zum Einsatz kommt. Kresse verfeinert jedes Butterbrot! Die Gartenkresse steckt nicht nur voller Vitamin C, auch ist sie reich an Eisen, Kalzium und Fols\u00e4ure. Petersilie, gerne am Salat oder mit Kartoffeln verwendet, kann die Nierenfunktion und den Wasserhaushalt im K\u00f6rper unterst\u00fctzen. Und ganz nebenbei schmeckt sie toll!<\/p>\n\n\n\n<h2 class=\"wp-block-heading\">DIY-Kr\u00e4utergarten<\/h2>\n\n\n\n<p>Gerade beim Thema Kr\u00e4uter gilt: der Trend zum selbst anbauen steigt! Wer Kr\u00e4uter anbauen m\u00f6chte, braucht nicht viel Platz. Ein Balkon reicht v\u00f6llig aus, um einen eigenen, kleinen Kr\u00e4utergarten zu pflegen. Lesen Sie hier mehr zum Mini-Kr\u00e4utergarten am eigenen Balkon.<\/p>\n<\/div><\/div><\/div><\/div>\n\n\n\n<p><\/p>\n<\/section>\n","protected":false},"excerpt":{"rendered":"<p>Sie schmecken nicht nur toll, sondern sind auch gesund \u2013 und sehen sch\u00f6n aus: Kr\u00e4uter am Balkon!<\/p>\n","protected":false},"author":3,"featured_media":8410,"comment_status":"closed","ping_status":"open","sticky":false,"template":"template-onepager.blade.php","format":"standard","meta":{"_acf_changed":false,"footnotes":""},"categories":[54,56,61,57,58],"tags":[],"post_folder":[],"class_list":["post-8403","post","type-post","status-publish","format-standard","has-post-thumbnail","hentry","category-balkongestaltung","category-balkonpflanzen","category-garten-und-pflanzen","category-ideen-zum-selbermachen","category-tipps-zur-balkongestaltung"],"acf":[],"yoast_head":"<!-- This site is optimized with the Yoast SEO plugin v27.2 - https:\/\/yoast.com\/product\/yoast-seo-wordpress\/ -->\n<title>Gesund am Balkon: Teil 2 - Leeb Balkone Deutschland<\/title>\n<meta name=\"description\" content=\"Sie schmecken nicht nur toll, sondern sind auch gesund \u2013 und sehen sch\u00f6n aus: Kr\u00e4uter am Balkon!\" \/>\n<meta name=\"robots\" content=\"index, follow, max-snippet:-1, max-image-preview:large, max-video-preview:-1\" \/>\n<meta property=\"og:locale\" content=\"de_DE\" \/>\n<meta property=\"og:type\" content=\"article\" \/>\n<meta property=\"og:title\" content=\"Gesund am Balkon: Teil 2 - Leeb Balkone\" \/>\n<meta property=\"og:description\" content=\"Sie schmecken nicht nur toll, sondern sind auch gesund \u2013 und sehen sch\u00f6n aus: Kr\u00e4uter am Balkon!\" \/>\n<meta property=\"og:url\" content=\"https:\/\/www.leeb-balkone.com\/de\/blog\/gesund-am-balkon-teil-2\/\" \/>\n<meta property=\"og:site_name\" content=\"Leeb Balkone\" \/>\n<meta property=\"article:publisher\" content=\"https:\/\/www.facebook.com\/balkone\/\" \/>\n<meta property=\"article:published_time\" content=\"2019-06-02T13:50:36+00:00\" \/>\n<meta property=\"article:modified_time\" content=\"2026-01-28T17:08:14+00:00\" \/>\n<meta property=\"og:image\" content=\"https:\/\/www.leeb-balkone.com\/app\/uploads\/2020\/10\/gesund-am-balkon-3-scaled.jpg\" \/>\n\t<meta property=\"og:image:width\" content=\"2560\" \/>\n\t<meta property=\"og:image:height\" content=\"1707\" \/>\n\t<meta property=\"og:image:type\" content=\"image\/jpeg\" \/>\n<meta name=\"author\" content=\"jbacher\" \/>\n<meta name=\"twitter:card\" content=\"summary_large_image\" \/>\n<script type=\"application\/ld+json\" class=\"yoast-schema-graph\">{\"@context\":\"https:\/\/schema.org\",\"@graph\":[{\"@type\":\"Article\",\"@id\":\"https:\/\/www.leeb-balkone.com\/de\/blog\/gesund-am-balkon-teil-2\/#article\",\"isPartOf\":{\"@id\":\"https:\/\/www.leeb-balkone.com\/de\/blog\/gesund-am-balkon-teil-2\/\"},\"author\":{\"name\":\"jbacher\",\"@id\":\"https:\/\/www.leeb-balkone.com\/de\/#\/schema\/person\/15f1f398efcf4703721e46c2136421fa\"},\"headline\":\"Gesund am Balkon: Teil 2\",\"datePublished\":\"2019-06-02T13:50:36+00:00\",\"dateModified\":\"2026-01-28T17:08:14+00:00\",\"mainEntityOfPage\":{\"@id\":\"https:\/\/www.leeb-balkone.com\/de\/blog\/gesund-am-balkon-teil-2\/\"},\"wordCount\":408,\"publisher\":{\"@id\":\"https:\/\/www.leeb-balkone.com\/de\/#organization\"},\"image\":{\"@id\":\"https:\/\/www.leeb-balkone.com\/de\/blog\/gesund-am-balkon-teil-2\/#primaryimage\"},\"thumbnailUrl\":\"https:\/\/www.leeb-balkone.com\/app\/uploads\/2020\/10\/gesund-am-balkon-3-scaled.jpg\",\"articleSection\":[\"Balkongestaltung\",\"Balkonpflanzen\",\"Garten und Pflanzen\",\"Ideen zum Selbermachen\",\"Tipps zur Balkongestaltung\"],\"inLanguage\":\"de\"},{\"@type\":\"WebPage\",\"@id\":\"https:\/\/www.leeb-balkone.com\/de\/blog\/gesund-am-balkon-teil-2\/\",\"url\":\"https:\/\/www.leeb-balkone.com\/de\/blog\/gesund-am-balkon-teil-2\/\",\"name\":\"Gesund am Balkon: Teil 2 - Leeb Balkone\",\"isPartOf\":{\"@id\":\"https:\/\/www.leeb-balkone.com\/de\/#website\"},\"primaryImageOfPage\":{\"@id\":\"https:\/\/www.leeb-balkone.com\/de\/blog\/gesund-am-balkon-teil-2\/#primaryimage\"},\"image\":{\"@id\":\"https:\/\/www.leeb-balkone.com\/de\/blog\/gesund-am-balkon-teil-2\/#primaryimage\"},\"thumbnailUrl\":\"https:\/\/www.leeb-balkone.com\/app\/uploads\/2020\/10\/gesund-am-balkon-3-scaled.jpg\",\"datePublished\":\"2019-06-02T13:50:36+00:00\",\"dateModified\":\"2026-01-28T17:08:14+00:00\",\"description\":\"Sie schmecken nicht nur toll, sondern sind auch gesund \u2013 und sehen sch\u00f6n aus: Kr\u00e4uter am Balkon!\",\"breadcrumb\":{\"@id\":\"https:\/\/www.leeb-balkone.com\/de\/blog\/gesund-am-balkon-teil-2\/#breadcrumb\"},\"inLanguage\":\"de\",\"potentialAction\":[{\"@type\":\"ReadAction\",\"target\":[\"https:\/\/www.leeb-balkone.com\/de\/blog\/gesund-am-balkon-teil-2\/\"]}]},{\"@type\":\"ImageObject\",\"inLanguage\":\"de\",\"@id\":\"https:\/\/www.leeb-balkone.com\/de\/blog\/gesund-am-balkon-teil-2\/#primaryimage\",\"url\":\"https:\/\/www.leeb-balkone.com\/app\/uploads\/2020\/10\/gesund-am-balkon-3-scaled.jpg\",\"contentUrl\":\"https:\/\/www.leeb-balkone.com\/app\/uploads\/2020\/10\/gesund-am-balkon-3-scaled.jpg\",\"width\":2560,\"height\":1707,\"caption\":\"Lavendel am Balkon\"},{\"@type\":\"BreadcrumbList\",\"@id\":\"https:\/\/www.leeb-balkone.com\/de\/blog\/gesund-am-balkon-teil-2\/#breadcrumb\",\"itemListElement\":[{\"@type\":\"ListItem\",\"position\":1,\"name\":\"Home\",\"item\":\"https:\/\/www.leeb-balkone.com\/de\/\"},{\"@type\":\"ListItem\",\"position\":2,\"name\":\"Gesund am Balkon: Teil 2\"}]},{\"@type\":\"WebSite\",\"@id\":\"https:\/\/www.leeb-balkone.com\/de\/#website\",\"url\":\"https:\/\/www.leeb-balkone.com\/de\/\",\"name\":\"Leeb Balkone\",\"description\":\"Balkone und Z\u00e4une\",\"publisher\":{\"@id\":\"https:\/\/www.leeb-balkone.com\/de\/#organization\"},\"potentialAction\":[{\"@type\":\"SearchAction\",\"target\":{\"@type\":\"EntryPoint\",\"urlTemplate\":\"https:\/\/www.leeb-balkone.com\/de\/?s={search_term_string}\"},\"query-input\":{\"@type\":\"PropertyValueSpecification\",\"valueRequired\":true,\"valueName\":\"search_term_string\"}}],\"inLanguage\":\"de\"},{\"@type\":\"Organization\",\"@id\":\"https:\/\/www.leeb-balkone.com\/de\/#organization\",\"name\":\"Leeb Balkone Gmbh\",\"url\":\"https:\/\/www.leeb-balkone.com\/de\/\",\"logo\":{\"@type\":\"ImageObject\",\"inLanguage\":\"de\",\"@id\":\"https:\/\/www.leeb-balkone.com\/de\/#\/schema\/logo\/image\/\",\"url\":\"https:\/\/www.leeb-balkone.com\/app\/uploads\/2020\/11\/leeb-logo.svg\",\"contentUrl\":\"https:\/\/www.leeb-balkone.com\/app\/uploads\/2020\/11\/leeb-logo.svg\",\"width\":741,\"height\":204,\"caption\":\"Leeb Balkone Gmbh\"},\"image\":{\"@id\":\"https:\/\/www.leeb-balkone.com\/de\/#\/schema\/logo\/image\/\"},\"sameAs\":[\"https:\/\/www.facebook.com\/balkone\/\",\"https:\/\/www.trustedshops.at\/bewertung\/info_X4587CCF5833E31AFE0B11F47D86999F2.html\",\"https:\/\/www.trustedshops.de\/bewertung\/info_X7BA536A7A0BDC86D36C4718E4DCAEEEF.html\",\"https:\/\/www.google.com\/maps\/place\/?q=place_id:ChIJ5-zH19-IcEcR9HonWRTllHI\"]},{\"@type\":\"Person\",\"@id\":\"https:\/\/www.leeb-balkone.com\/de\/#\/schema\/person\/15f1f398efcf4703721e46c2136421fa\",\"name\":\"jbacher\"}]}<\/script>\n<!-- \/ Yoast SEO plugin. -->","yoast_head_json":{"title":"Gesund am Balkon: Teil 2 - Leeb Balkone Deutschland","description":"Sie schmecken nicht nur toll, sondern sind auch gesund \u2013 und sehen sch\u00f6n aus: Kr\u00e4uter am Balkon!","robots":{"index":"index","follow":"follow","max-snippet":"max-snippet:-1","max-image-preview":"max-image-preview:large","max-video-preview":"max-video-preview:-1"},"og_locale":"de_DE","og_type":"article","og_title":"Gesund am Balkon: Teil 2 - Leeb Balkone","og_description":"Sie schmecken nicht nur toll, sondern sind auch gesund \u2013 und sehen sch\u00f6n aus: Kr\u00e4uter am Balkon!","og_url":"https:\/\/www.leeb-balkone.com\/de\/blog\/gesund-am-balkon-teil-2\/","og_site_name":"Leeb Balkone","article_publisher":"https:\/\/www.facebook.com\/balkone\/","article_published_time":"2019-06-02T13:50:36+00:00","article_modified_time":"2026-01-28T17:08:14+00:00","og_image":[{"width":2560,"height":1707,"url":"https:\/\/www.leeb-balkone.com\/app\/uploads\/2020\/10\/gesund-am-balkon-3-scaled.jpg","type":"image\/jpeg"}],"author":"jbacher","twitter_card":"summary_large_image","schema":{"@context":"https:\/\/schema.org","@graph":[{"@type":"Article","@id":"https:\/\/www.leeb-balkone.com\/de\/blog\/gesund-am-balkon-teil-2\/#article","isPartOf":{"@id":"https:\/\/www.leeb-balkone.com\/de\/blog\/gesund-am-balkon-teil-2\/"},"author":{"name":"jbacher","@id":"https:\/\/www.leeb-balkone.com\/de\/#\/schema\/person\/15f1f398efcf4703721e46c2136421fa"},"headline":"Gesund am Balkon: Teil 2","datePublished":"2019-06-02T13:50:36+00:00","dateModified":"2026-01-28T17:08:14+00:00","mainEntityOfPage":{"@id":"https:\/\/www.leeb-balkone.com\/de\/blog\/gesund-am-balkon-teil-2\/"},"wordCount":408,"publisher":{"@id":"https:\/\/www.leeb-balkone.com\/de\/#organization"},"image":{"@id":"https:\/\/www.leeb-balkone.com\/de\/blog\/gesund-am-balkon-teil-2\/#primaryimage"},"thumbnailUrl":"https:\/\/www.leeb-balkone.com\/app\/uploads\/2020\/10\/gesund-am-balkon-3-scaled.jpg","articleSection":["Balkongestaltung","Balkonpflanzen","Garten und Pflanzen","Ideen zum Selbermachen","Tipps zur Balkongestaltung"],"inLanguage":"de"},{"@type":"WebPage","@id":"https:\/\/www.leeb-balkone.com\/de\/blog\/gesund-am-balkon-teil-2\/","url":"https:\/\/www.leeb-balkone.com\/de\/blog\/gesund-am-balkon-teil-2\/","name":"Gesund am Balkon: Teil 2 - Leeb Balkone","isPartOf":{"@id":"https:\/\/www.leeb-balkone.com\/de\/#website"},"primaryImageOfPage":{"@id":"https:\/\/www.leeb-balkone.com\/de\/blog\/gesund-am-balkon-teil-2\/#primaryimage"},"image":{"@id":"https:\/\/www.leeb-balkone.com\/de\/blog\/gesund-am-balkon-teil-2\/#primaryimage"},"thumbnailUrl":"https:\/\/www.leeb-balkone.com\/app\/uploads\/2020\/10\/gesund-am-balkon-3-scaled.jpg","datePublished":"2019-06-02T13:50:36+00:00","dateModified":"2026-01-28T17:08:14+00:00","description":"Sie schmecken nicht nur toll, sondern sind auch gesund \u2013 und sehen sch\u00f6n aus: Kr\u00e4uter am Balkon!","breadcrumb":{"@id":"https:\/\/www.leeb-balkone.com\/de\/blog\/gesund-am-balkon-teil-2\/#breadcrumb"},"inLanguage":"de","potentialAction":[{"@type":"ReadAction","target":["https:\/\/www.leeb-balkone.com\/de\/blog\/gesund-am-balkon-teil-2\/"]}]},{"@type":"ImageObject","inLanguage":"de","@id":"https:\/\/www.leeb-balkone.com\/de\/blog\/gesund-am-balkon-teil-2\/#primaryimage","url":"https:\/\/www.leeb-balkone.com\/app\/uploads\/2020\/10\/gesund-am-balkon-3-scaled.jpg","contentUrl":"https:\/\/www.leeb-balkone.com\/app\/uploads\/2020\/10\/gesund-am-balkon-3-scaled.jpg","width":2560,"height":1707,"caption":"Lavendel am Balkon"},{"@type":"BreadcrumbList","@id":"https:\/\/www.leeb-balkone.com\/de\/blog\/gesund-am-balkon-teil-2\/#breadcrumb","itemListElement":[{"@type":"ListItem","position":1,"name":"Home","item":"https:\/\/www.leeb-balkone.com\/de\/"},{"@type":"ListItem","position":2,"name":"Gesund am Balkon: Teil 2"}]},{"@type":"WebSite","@id":"https:\/\/www.leeb-balkone.com\/de\/#website","url":"https:\/\/www.leeb-balkone.com\/de\/","name":"Leeb Balkone","description":"Balkone und Z\u00e4une","publisher":{"@id":"https:\/\/www.leeb-balkone.com\/de\/#organization"},"potentialAction":[{"@type":"SearchAction","target":{"@type":"EntryPoint","urlTemplate":"https:\/\/www.leeb-balkone.com\/de\/?s={search_term_string}"},"query-input":{"@type":"PropertyValueSpecification","valueRequired":true,"valueName":"search_term_string"}}],"inLanguage":"de"},{"@type":"Organization","@id":"https:\/\/www.leeb-balkone.com\/de\/#organization","name":"Leeb Balkone Gmbh","url":"https:\/\/www.leeb-balkone.com\/de\/","logo":{"@type":"ImageObject","inLanguage":"de","@id":"https:\/\/www.leeb-balkone.com\/de\/#\/schema\/logo\/image\/","url":"https:\/\/www.leeb-balkone.com\/app\/uploads\/2020\/11\/leeb-logo.svg","contentUrl":"https:\/\/www.leeb-balkone.com\/app\/uploads\/2020\/11\/leeb-logo.svg","width":741,"height":204,"caption":"Leeb Balkone Gmbh"},"image":{"@id":"https:\/\/www.leeb-balkone.com\/de\/#\/schema\/logo\/image\/"},"sameAs":["https:\/\/www.facebook.com\/balkone\/","https:\/\/www.trustedshops.at\/bewertung\/info_X4587CCF5833E31AFE0B11F47D86999F2.html","https:\/\/www.trustedshops.de\/bewertung\/info_X7BA536A7A0BDC86D36C4718E4DCAEEEF.html","https:\/\/www.google.com\/maps\/place\/?q=place_id:ChIJ5-zH19-IcEcR9HonWRTllHI"]},{"@type":"Person","@id":"https:\/\/www.leeb-balkone.com\/de\/#\/schema\/person\/15f1f398efcf4703721e46c2136421fa","name":"jbacher"}]}},"_links":{"self":[{"href":"https:\/\/www.leeb-balkone.com\/de\/wp-json\/wp\/v2\/posts\/8403","targetHints":{"allow":["GET"]}}],"collection":[{"href":"https:\/\/www.leeb-balkone.com\/de\/wp-json\/wp\/v2\/posts"}],"about":[{"href":"https:\/\/www.leeb-balkone.com\/de\/wp-json\/wp\/v2\/types\/post"}],"author":[{"embeddable":true,"href":"https:\/\/www.leeb-balkone.com\/de\/wp-json\/wp\/v2\/users\/3"}],"replies":[{"embeddable":true,"href":"https:\/\/www.leeb-balkone.com\/de\/wp-json\/wp\/v2\/comments?post=8403"}],"version-history":[{"count":2,"href":"https:\/\/www.leeb-balkone.com\/de\/wp-json\/wp\/v2\/posts\/8403\/revisions"}],"predecessor-version":[{"id":163681,"href":"https:\/\/www.leeb-balkone.com\/de\/wp-json\/wp\/v2\/posts\/8403\/revisions\/163681"}],"wp:featuredmedia":[{"embeddable":true,"href":"https:\/\/www.leeb-balkone.com\/de\/wp-json\/wp\/v2\/media\/8410"}],"wp:attachment":[{"href":"https:\/\/www.leeb-balkone.com\/de\/wp-json\/wp\/v2\/media?parent=8403"}],"wp:term":[{"taxonomy":"category","embeddable":true,"href":"https:\/\/www.leeb-balkone.com\/de\/wp-json\/wp\/v2\/categories?post=8403"},{"taxonomy":"post_tag","embeddable":true,"href":"https:\/\/www.leeb-balkone.com\/de\/wp-json\/wp\/v2\/tags?post=8403"},{"taxonomy":"post_folder","embeddable":true,"href":"https:\/\/www.leeb-balkone.com\/de\/wp-json\/wp\/v2\/post_folder?post=8403"}],"curies":[{"name":"wp","href":"https:\/\/api.w.org\/{rel}","templated":true}]}}