{"id":8367,"date":"2020-01-02T13:13:05","date_gmt":"2020-01-02T13:13:05","guid":{"rendered":"https:\/\/www.leeb-balkone.com\/de\/blog\/postdummy\/"},"modified":"2025-09-18T14:10:33","modified_gmt":"2025-09-18T14:10:33","slug":"mit-durchblick-glasbalkone-von-leeb","status":"publish","type":"post","link":"https:\/\/www.leeb-balkone.com\/de\/blog\/mit-durchblick-glasbalkone-von-leeb\/","title":{"rendered":"Mit Durchblick! Glasbalkone von Leeb"},"content":{"rendered":"<header data-block_acf-block-68cc12d68e190 class=\"c-fh  l-mh-small c-fh--hero c-grad-l2r c-fh--div none\">\n      <img loading=\"lazy\" decoding=\"async\" width=\"2560\" height=\"1918\" src=\"https:\/\/www.leeb-balkone.com\/app\/uploads\/2020\/09\/glas-balkongelaender-alu-design-vision-31-scaled.jpg\" class=\"no-lazy\" alt=\"Begeisterte Kunden mit Glas-Balkongel\u00e4nder Vision\" srcset=\"https:\/\/www.leeb-balkone.com\/app\/uploads\/2020\/09\/glas-balkongelaender-alu-design-vision-31-scaled.jpg 2560w, https:\/\/www.leeb-balkone.com\/app\/uploads\/2020\/09\/glas-balkongelaender-alu-design-vision-31-300x225.jpg 300w, https:\/\/www.leeb-balkone.com\/app\/uploads\/2020\/09\/glas-balkongelaender-alu-design-vision-31-1024x767.jpg 1024w, https:\/\/www.leeb-balkone.com\/app\/uploads\/2020\/09\/glas-balkongelaender-alu-design-vision-31-768x575.jpg 768w, https:\/\/www.leeb-balkone.com\/app\/uploads\/2020\/09\/glas-balkongelaender-alu-design-vision-31-1536x1151.jpg 1536w, https:\/\/www.leeb-balkone.com\/app\/uploads\/2020\/09\/glas-balkongelaender-alu-design-vision-31-2048x1535.jpg 2048w\" sizes=\"auto, (min-width: 1536px) 2048px, (min-width: 992px) 1536px, (min-width: 768px) 1024px, (min-width: 576px) 768px, 100vw\" \/>\n\n\n<div class=\"grid-container\">\n  <div class=\"grid-x\">\n    <div class=\"cell small-12 medium-6 medium-offset-1\">\n      <div class=\"c-fh__wrapper\">\n                              <p>Zeitlos, modern und sch\u00f6n \u2013 Glasbalkone sind im Trend. <\/p>\n                        <\/div>\n    <\/div>\n  <\/div>\n<\/div>\n  \n    \n    <\/header>\n\n\n  \n  <section class=\"wp-block-group alignfull t3-header u-max-wide t3-header-text has-white-background-color has-background has-global-padding is-layout-constrained wp-block-group-is-layout-constrained\">\n    <div class=\"wp-block-group o-grid u-md-1 u-sm-1 is-layout-flow wp-block-group-is-layout-flow\">\n  <div class=\"wp-block-group u-g-10 u-g-s-2\">\n      <div class=\"yoast-breadcrumbs\"><span><span><a href=\"https:\/\/www.leeb-balkone.com\/de\/\">Home<\/a><\/span><\/span><\/div>\n      \n    <h1>Mit Durchblick! Glasbalkone von Leeb<\/h1>\n  <\/div>\n<\/div>\n  <\/section>\n\n\n\n\n\n\n<section class=\"wp-block-cgb-t3-section-block alignfull b-pt-small  is-style-bg-white\" style=\"display:inherit;min-height:inherit\">\n<div class=\"wp-block-cgb-t3-container-block none\" style=\"background-color:none\"><div class=\"grid-container\"><div class=\"grid-x\"><div class=\"cell small-12 medium-9 large-0 medium-offset-1 b-has-lsmb\">\n<h2 class=\"wp-block-heading\" id=\"zeitlose-vielfalt\">Zeitlose Vielfalt<\/h2>\n\n\n\n<p>Ein umfangreiches Sortiment an Glasbalkonen rundet die Produktpalette an Aluminium und Holz Balkonen sowie Z\u00e4unen von Leeb ab. Seit 2015 betreibt die Firma eine eigene Glaserei. Da der Trend zu Glasbalkonen steigt, wird laufend in die Erweiterung und Modernisierung der Glaserei investiert. <a href=\"https:\/\/www.leeb-balkone.com\/de\/balkongelaender\/balkongelaender-glas\/\">Glasbalkone von Leeb<\/a> bieten gro\u00dfe Variationsm\u00f6glichkeiten durch unterschiedliche Glas-Eins\u00e4tze. Ob Klarglas, Milchglas oder teilfoliertes Glas \u2013 hier trifft jeder Geschmack auf das passende Design. Zeitlose Balkongel\u00e4nder aus Glas passen besonders zu modernen Geb\u00e4uden und bringen mehr Licht in Ihre Innenr\u00e4ume. Die gesamte rahmenlose F\u00fcllung besteht aus Glas, somit kann die Aussicht ohne Einschr\u00e4nkungen genossen werden! Zur Anwendung kommt hochwertiges Verbungssicherheitsglas (VSG). Mattglas, Transparent- oder Grau-Glas \u2013 hier kann aus vielen Varianten gew\u00e4hlt werden. Dazu passend k\u00f6nnen Handlauf und Blende in jeder RAL-Farbe gew\u00e4hlt werden.<\/p>\n<\/div><\/div><\/div><\/div>\n\n\n\n<div class=\"wp-block-cgb-t3-container-block none\" style=\"background-color:none\"><div class=\"grid-container\"><div class=\"grid-x\"><div class=\"cell small-12 medium-0 large-0\"><\/div><\/div><\/div><\/div>\n\n\n<div class=\"b-carousel  band slider\" data-block_acf-block-68cc12d68e1ad>\n  <div class=\"slides\">\n          <div>\n\n\n\n  \n    \n          \n\n              \n        \n\n        <img loading=\"lazy\" decoding=\"async\" width=\"1024\" height=\"684\" src=\"https:\/\/www.leeb-balkone.com\/app\/uploads\/2020\/07\/glas-balkongelaender-alu-design-vital-2-1024x684.jpg\" class=\"no-lazy\" alt=\"Balkongel\u00e4nder mit rahmenloser Glas-F\u00fcllung - Alubalkon Alu Design Vital\" srcset=\"https:\/\/www.leeb-balkone.com\/app\/uploads\/2020\/07\/glas-balkongelaender-alu-design-vital-2-1024x684.jpg 1024w, https:\/\/www.leeb-balkone.com\/app\/uploads\/2020\/07\/glas-balkongelaender-alu-design-vital-2-300x200.jpg 300w, https:\/\/www.leeb-balkone.com\/app\/uploads\/2020\/07\/glas-balkongelaender-alu-design-vital-2-768x513.jpg 768w, https:\/\/www.leeb-balkone.com\/app\/uploads\/2020\/07\/glas-balkongelaender-alu-design-vital-2-1536x1025.jpg 1536w, https:\/\/www.leeb-balkone.com\/app\/uploads\/2020\/07\/glas-balkongelaender-alu-design-vital-2-2048x1367.jpg 2048w\" sizes=\"auto, (min-width: 1200px) 1024px, (min-width: 1024px) 768px, (min-width: 640px) 768px, 768px\" \/>        \n            \n          \n  <\/div>\n\n          <div>\n\n\n\n  \n    \n          \n\n              \n        \n\n        <img loading=\"lazy\" decoding=\"async\" width=\"1024\" height=\"683\" src=\"https:\/\/www.leeb-balkone.com\/app\/uploads\/2020\/07\/glas-balkongelaender-alu-design-vital-1-1024x683.jpg\" class=\"no-lazy\" alt=\"Gelungener Anbaubalkon mit Alu Design Vital Balkongel\u00e4nder\" srcset=\"https:\/\/www.leeb-balkone.com\/app\/uploads\/2020\/07\/glas-balkongelaender-alu-design-vital-1-1024x683.jpg 1024w, https:\/\/www.leeb-balkone.com\/app\/uploads\/2020\/07\/glas-balkongelaender-alu-design-vital-1-300x200.jpg 300w, https:\/\/www.leeb-balkone.com\/app\/uploads\/2020\/07\/glas-balkongelaender-alu-design-vital-1-768x512.jpg 768w, https:\/\/www.leeb-balkone.com\/app\/uploads\/2020\/07\/glas-balkongelaender-alu-design-vital-1-1536x1025.jpg 1536w, https:\/\/www.leeb-balkone.com\/app\/uploads\/2020\/07\/glas-balkongelaender-alu-design-vital-1-2048x1366.jpg 2048w\" sizes=\"auto, (min-width: 1200px) 1024px, (min-width: 1024px) 768px, (min-width: 640px) 768px, 768px\" \/>        \n            \n          \n  <\/div>\n\n          <div>\n\n\n\n  \n    \n          \n\n              \n        \n\n        <img loading=\"lazy\" decoding=\"async\" width=\"1024\" height=\"720\" src=\"https:\/\/www.leeb-balkone.com\/app\/uploads\/2020\/04\/Blitz-in-Galerie-\u00a9photopam-2019-4-1024x720.jpg\" class=\"no-lazy\" alt=\"Modernes Holzhaus mit Alu Design Vision Balkon\" srcset=\"https:\/\/www.leeb-balkone.com\/app\/uploads\/2020\/04\/Blitz-in-Galerie-\u00a9photopam-2019-4-1024x720.jpg 1024w, https:\/\/www.leeb-balkone.com\/app\/uploads\/2020\/04\/Blitz-in-Galerie-\u00a9photopam-2019-4-300x211.jpg 300w, https:\/\/www.leeb-balkone.com\/app\/uploads\/2020\/04\/Blitz-in-Galerie-\u00a9photopam-2019-4-768x540.jpg 768w, https:\/\/www.leeb-balkone.com\/app\/uploads\/2020\/04\/Blitz-in-Galerie-\u00a9photopam-2019-4-1536x1081.jpg 1536w, https:\/\/www.leeb-balkone.com\/app\/uploads\/2020\/04\/Blitz-in-Galerie-\u00a9photopam-2019-4-2048x1441.jpg 2048w\" sizes=\"auto, (min-width: 1200px) 1024px, (min-width: 1024px) 768px, (min-width: 640px) 768px, 768px\" \/>        \n            \n          \n  <\/div>\n\n          <div>\n\n\n\n  \n    \n          \n\n              \n        \n\n        <img loading=\"lazy\" decoding=\"async\" width=\"1024\" height=\"768\" src=\"https:\/\/www.leeb-balkone.com\/app\/uploads\/2020\/07\/glas-balkongelaender-alu-design-vital-6-1024x768.jpg\" class=\"no-lazy\" alt=\"Terrassenboden aus L\u00e4rchenholz mit Alu Design Vital Balkongel\u00e4nder\" srcset=\"https:\/\/www.leeb-balkone.com\/app\/uploads\/2020\/07\/glas-balkongelaender-alu-design-vital-6-1024x768.jpg 1024w, https:\/\/www.leeb-balkone.com\/app\/uploads\/2020\/07\/glas-balkongelaender-alu-design-vital-6-300x225.jpg 300w, https:\/\/www.leeb-balkone.com\/app\/uploads\/2020\/07\/glas-balkongelaender-alu-design-vital-6-768x576.jpg 768w, https:\/\/www.leeb-balkone.com\/app\/uploads\/2020\/07\/glas-balkongelaender-alu-design-vital-6-1536x1152.jpg 1536w, https:\/\/www.leeb-balkone.com\/app\/uploads\/2020\/07\/glas-balkongelaender-alu-design-vital-6-2048x1536.jpg 2048w\" sizes=\"auto, (min-width: 1200px) 1024px, (min-width: 1024px) 768px, (min-width: 640px) 768px, 768px\" \/>        \n            \n          \n  <\/div>\n\n          <div>\n\n\n\n  \n    \n          \n\n              \n        \n\n        <img loading=\"lazy\" decoding=\"async\" width=\"1024\" height=\"721\" src=\"https:\/\/www.leeb-balkone.com\/app\/uploads\/2020\/04\/VISION-grau-006-1-1024x721.jpg\" class=\"no-lazy\" alt=\"Gem\u00fctliche Sonnenterrasse mit Alu Design Merida Balkon\" srcset=\"https:\/\/www.leeb-balkone.com\/app\/uploads\/2020\/04\/VISION-grau-006-1-1024x721.jpg 1024w, https:\/\/www.leeb-balkone.com\/app\/uploads\/2020\/04\/VISION-grau-006-1-300x211.jpg 300w, https:\/\/www.leeb-balkone.com\/app\/uploads\/2020\/04\/VISION-grau-006-1-768x540.jpg 768w, https:\/\/www.leeb-balkone.com\/app\/uploads\/2020\/04\/VISION-grau-006-1-1536x1081.jpg 1536w, https:\/\/www.leeb-balkone.com\/app\/uploads\/2020\/04\/VISION-grau-006-1-2048x1441.jpg 2048w\" sizes=\"auto, (min-width: 1200px) 1024px, (min-width: 1024px) 768px, (min-width: 640px) 768px, 768px\" \/>        \n            \n          \n  <\/div>\n\n      <\/div>\n\n<\/div>\n\n\n\n<div class=\"wp-block-cgb-t3-container-block none\" style=\"background-color:none\"><div class=\"grid-container\"><div class=\"grid-x\"><div class=\"cell small-12 medium-9 large-0 medium-offset-1 b-has-lsmb\"><\/div><\/div><\/div><\/div>\n\n\n\n<div class=\"wp-block-cgb-t3-container-block none\" style=\"background-color:none\"><div class=\"grid-container\"><div class=\"grid-x\"><div class=\"cell small-12 medium-9 large-0 medium-offset-1 b-has-lsmb\">\n<h2 class=\"wp-block-heading\" id=\"hochste-qualitat\">H\u00f6chste Qualit\u00e4t<\/h2>\n\n\n\n<p>Edles Glas trifft auf Aluminium \u2013 und das in h\u00f6chster Qualit\u00e4t- Leeb Glasbalkone sind langlebig und stabil. Jedes Balkongel\u00e4nder wird bei Leeb gem\u00e4\u00df Qualit\u00e4tsnorm ISO 9001 hergestellt. Genau dieses Qualit\u00e4tsanspruch sowie tradierte Handwerkskunst und stete Innovationen haben Leeb Balkone zu Europas Nummer 1 im Balkonbau gemacht.<\/p>\n\n\n\n<h2 class=\"wp-block-heading\" id=\"schone-aussicht\">Sch\u00f6ne Aussicht!<\/h2>\n\n\n\n<p>Glasbalkone von Leeb sorgen daf\u00fcr, dass man nichts mehr verpasst. So \u00fcberzeugt zum Beispiel das neue Zaunmodell \u201eNizza\u201c durch uneingeschr\u00e4nkte Aussicht! Eleganz kombiniert mit moderner Optik und einem zeitlosen Design. Nicht nur das Modell \u201eNizza\u201c ist ein passender Balkon f\u00fcr den modernen Hausbau, der durch die zur\u00fcckhaltende Optik des Glases aber vielseitig einsetzbar ist. Beim Modell \u201eCasa Linea\u201c ist der Name Programm: Geradlinigkeit, kombiniert mit optimalem Sichtschutz. F\u00fcr alle, die funktionales Design lieben. Modell \u201eVitro\u201c hingegen besticht durch schlichte Eleganz und vielseitige Einsetzbarkeit als Balkon- oder Terrassengel\u00e4nder. Bei Bedarf wird das Aluminium-Gel\u00e4nder mit transparentem oder blickdichtem Glas als F\u00fcllung geliefert.<\/p>\n<\/div><\/div><\/div><\/div>\n\n\n\n<div class=\"wp-block-cgb-t3-container-block none\" style=\"background-color:none\"><div class=\"grid-container\"><div class=\"grid-x\"><div class=\"cell small-12 medium-0 large-0\"><div id=\"lightgallery-block_acf-block-68cc12d68e1bf\" data-block_acf-block-68cc12d68e1bf class=\"has-1-imgs b-cards b-cards--gallery u-grid-temp has-1-cols u-md-2 u-sm-1 wp-block-group is-layout-grid wp-block-group-is-layout-grid gallery alignwide\">\n\n        <div class=\"b-cards__item\">\n\n              <div class=\"badge-wrapper\">\n    \n      <figure>\n                 <img loading=\"lazy\" decoding=\"async\" width=\"1536\" height=\"1081\" src=\"https:\/\/www.leeb-balkone.com\/app\/uploads\/2020\/06\/A_Casa-Linea-19-1536x1081.jpg\" class=\"attachment-1536x1536 size-1536x1536\" alt=\"Herrlicher Seeblick mit Alu Design Casa Linea Balkon\" srcset=\"https:\/\/www.leeb-balkone.com\/app\/uploads\/2020\/06\/A_Casa-Linea-19-1536x1081.jpg 1536w, https:\/\/www.leeb-balkone.com\/app\/uploads\/2020\/06\/A_Casa-Linea-19-300x211.jpg 300w, https:\/\/www.leeb-balkone.com\/app\/uploads\/2020\/06\/A_Casa-Linea-19-1024x720.jpg 1024w, https:\/\/www.leeb-balkone.com\/app\/uploads\/2020\/06\/A_Casa-Linea-19-768x540.jpg 768w, https:\/\/www.leeb-balkone.com\/app\/uploads\/2020\/06\/A_Casa-Linea-19-2048x1441.jpg 2048w\" sizes=\"auto, (min-width: 1200px) 100vw, (min-width: 1024px) 1536px, (min-width: 640px) 768px, 768px\" \/>              <\/figure>\n\n              <div class=\"badge\">Individualanfertigung<\/div>\n                    <\/div>\n            \n  \n<\/div>\n\n    <\/div>\n\n\n\n\n<p><\/p>\n<\/div><\/div><\/div><\/div>\n\n\n\n<div class=\"wp-block-cgb-t3-container-block none\" style=\"background-color:none\"><div class=\"grid-container\"><div class=\"grid-x\"><div class=\"cell small-12 medium-9 large-0 medium-offset-1 b-has-lsmb\">\n<h2 class=\"wp-block-heading\" id=\"rundum-beratung\">Rundum Beratung<\/h2>\n\n\n\n<p>Bei der Planung Ihres Glaszaunes steht Ihnen Ihr Leeb Berater mit Fachwissen zur Seite und unterst\u00fctzt Sie bei der Auswahl. Zur Rundum Beratung geh\u00f6rt auch ein kostenloses Fotomontage-Service. So sehen Sie sofort, welches Zaunmodell in welcher Ausf\u00fchrung und Farbe am besten zu Ihrem Haus passt.<\/p>\n<\/div><\/div><\/div><\/div>\n\n\n\n<p><\/p>\n<\/section>\n","protected":false},"excerpt":{"rendered":"<p>Balkongel\u00e4nder aus Glas machen nicht nur jedes Haus optisch zum Blickfang. Sie bringen auch mehr Licht in die Innenr\u00e4ume und sorgen f\u00fcr vollen Durchblick.<\/p>\n","protected":false},"author":3,"featured_media":6416,"comment_status":"closed","ping_status":"open","sticky":false,"template":"template-onepager.blade.php","format":"standard","meta":{"_acf_changed":false,"footnotes":""},"categories":[51,50,54,53,58],"tags":[],"post_folder":[],"class_list":["post-8367","post","type-post","status-publish","format-standard","has-post-thumbnail","hentry","category-aktuelles-zu-leeb-balkone","category-balkonbau-mit-leeb","category-balkongestaltung","category-technik-innovation","category-tipps-zur-balkongestaltung"],"acf":[],"yoast_head":"<!-- This site is optimized with the Yoast SEO plugin v27.2 - https:\/\/yoast.com\/product\/yoast-seo-wordpress\/ -->\n<title>Mit Durchblick! Glasbalkone von Leeb - Leeb Balkone Deutschland<\/title>\n<meta name=\"description\" content=\"Balkongel\u00e4nder aus Glas machen nicht nur jedes Haus optisch zum Blickfang. Sie bringen auch mehr Licht in die Innenr\u00e4ume und sorgen f\u00fcr vollen Durchblick.\" \/>\n<meta name=\"robots\" content=\"index, follow, max-snippet:-1, max-image-preview:large, max-video-preview:-1\" \/>\n<meta property=\"og:locale\" content=\"de_DE\" \/>\n<meta property=\"og:type\" content=\"article\" \/>\n<meta property=\"og:title\" content=\"Mit Durchblick! Glasbalkone von Leeb - Leeb Balkone\" \/>\n<meta property=\"og:description\" content=\"Balkongel\u00e4nder aus Glas machen nicht nur jedes Haus optisch zum Blickfang. Sie bringen auch mehr Licht in die Innenr\u00e4ume und sorgen f\u00fcr vollen Durchblick.\" \/>\n<meta property=\"og:url\" content=\"https:\/\/www.leeb-balkone.com\/de\/blog\/mit-durchblick-glasbalkone-von-leeb\/\" \/>\n<meta property=\"og:site_name\" content=\"Leeb Balkone\" \/>\n<meta property=\"article:publisher\" content=\"https:\/\/www.facebook.com\/balkone\/\" \/>\n<meta property=\"article:published_time\" content=\"2020-01-02T13:13:05+00:00\" \/>\n<meta property=\"article:modified_time\" content=\"2025-09-18T14:10:33+00:00\" \/>\n<meta property=\"og:image\" content=\"https:\/\/www.leeb-balkone.com\/app\/uploads\/2020\/09\/glas-balkongelaender-alu-design-vision-31-scaled.jpg\" \/>\n\t<meta property=\"og:image:width\" content=\"2560\" \/>\n\t<meta property=\"og:image:height\" content=\"1918\" \/>\n\t<meta property=\"og:image:type\" content=\"image\/jpeg\" \/>\n<meta name=\"author\" content=\"jbacher\" \/>\n<meta name=\"twitter:card\" content=\"summary_large_image\" \/>\n<script type=\"application\/ld+json\" class=\"yoast-schema-graph\">{\"@context\":\"https:\/\/schema.org\",\"@graph\":[{\"@type\":\"Article\",\"@id\":\"https:\/\/www.leeb-balkone.com\/de\/blog\/mit-durchblick-glasbalkone-von-leeb\/#article\",\"isPartOf\":{\"@id\":\"https:\/\/www.leeb-balkone.com\/de\/blog\/mit-durchblick-glasbalkone-von-leeb\/\"},\"author\":{\"name\":\"jbacher\",\"@id\":\"https:\/\/www.leeb-balkone.com\/de\/#\/schema\/person\/15f1f398efcf4703721e46c2136421fa\"},\"headline\":\"Mit Durchblick! Glasbalkone von Leeb\",\"datePublished\":\"2020-01-02T13:13:05+00:00\",\"dateModified\":\"2025-09-18T14:10:33+00:00\",\"mainEntityOfPage\":{\"@id\":\"https:\/\/www.leeb-balkone.com\/de\/blog\/mit-durchblick-glasbalkone-von-leeb\/\"},\"wordCount\":355,\"publisher\":{\"@id\":\"https:\/\/www.leeb-balkone.com\/de\/#organization\"},\"image\":{\"@id\":\"https:\/\/www.leeb-balkone.com\/de\/blog\/mit-durchblick-glasbalkone-von-leeb\/#primaryimage\"},\"thumbnailUrl\":\"https:\/\/www.leeb-balkone.com\/app\/uploads\/2020\/09\/glas-balkongelaender-alu-design-vision-31-scaled.jpg\",\"articleSection\":[\"Aktuelles zu Leeb Balkone\",\"Balkonbau mit Leeb\",\"Balkongestaltung\",\"Technik &amp; Innovation\",\"Tipps zur Balkongestaltung\"],\"inLanguage\":\"de\"},{\"@type\":\"WebPage\",\"@id\":\"https:\/\/www.leeb-balkone.com\/de\/blog\/mit-durchblick-glasbalkone-von-leeb\/\",\"url\":\"https:\/\/www.leeb-balkone.com\/de\/blog\/mit-durchblick-glasbalkone-von-leeb\/\",\"name\":\"Mit Durchblick! Glasbalkone von Leeb - Leeb Balkone\",\"isPartOf\":{\"@id\":\"https:\/\/www.leeb-balkone.com\/de\/#website\"},\"primaryImageOfPage\":{\"@id\":\"https:\/\/www.leeb-balkone.com\/de\/blog\/mit-durchblick-glasbalkone-von-leeb\/#primaryimage\"},\"image\":{\"@id\":\"https:\/\/www.leeb-balkone.com\/de\/blog\/mit-durchblick-glasbalkone-von-leeb\/#primaryimage\"},\"thumbnailUrl\":\"https:\/\/www.leeb-balkone.com\/app\/uploads\/2020\/09\/glas-balkongelaender-alu-design-vision-31-scaled.jpg\",\"datePublished\":\"2020-01-02T13:13:05+00:00\",\"dateModified\":\"2025-09-18T14:10:33+00:00\",\"description\":\"Balkongel\u00e4nder aus Glas machen nicht nur jedes Haus optisch zum Blickfang. Sie bringen auch mehr Licht in die Innenr\u00e4ume und sorgen f\u00fcr vollen Durchblick.\",\"breadcrumb\":{\"@id\":\"https:\/\/www.leeb-balkone.com\/de\/blog\/mit-durchblick-glasbalkone-von-leeb\/#breadcrumb\"},\"inLanguage\":\"de\",\"potentialAction\":[{\"@type\":\"ReadAction\",\"target\":[\"https:\/\/www.leeb-balkone.com\/de\/blog\/mit-durchblick-glasbalkone-von-leeb\/\"]}]},{\"@type\":\"ImageObject\",\"inLanguage\":\"de\",\"@id\":\"https:\/\/www.leeb-balkone.com\/de\/blog\/mit-durchblick-glasbalkone-von-leeb\/#primaryimage\",\"url\":\"https:\/\/www.leeb-balkone.com\/app\/uploads\/2020\/09\/glas-balkongelaender-alu-design-vision-31-scaled.jpg\",\"contentUrl\":\"https:\/\/www.leeb-balkone.com\/app\/uploads\/2020\/09\/glas-balkongelaender-alu-design-vision-31-scaled.jpg\",\"width\":2560,\"height\":1918,\"caption\":\"Glas trifft Holz mit Alu Design Vision Balkongel\u00e4nder\"},{\"@type\":\"BreadcrumbList\",\"@id\":\"https:\/\/www.leeb-balkone.com\/de\/blog\/mit-durchblick-glasbalkone-von-leeb\/#breadcrumb\",\"itemListElement\":[{\"@type\":\"ListItem\",\"position\":1,\"name\":\"Home\",\"item\":\"https:\/\/www.leeb-balkone.com\/de\/\"},{\"@type\":\"ListItem\",\"position\":2,\"name\":\"Mit Durchblick! Glasbalkone von Leeb\"}]},{\"@type\":\"WebSite\",\"@id\":\"https:\/\/www.leeb-balkone.com\/de\/#website\",\"url\":\"https:\/\/www.leeb-balkone.com\/de\/\",\"name\":\"Leeb Balkone\",\"description\":\"Balkone und Z\u00e4une\",\"publisher\":{\"@id\":\"https:\/\/www.leeb-balkone.com\/de\/#organization\"},\"potentialAction\":[{\"@type\":\"SearchAction\",\"target\":{\"@type\":\"EntryPoint\",\"urlTemplate\":\"https:\/\/www.leeb-balkone.com\/de\/?s={search_term_string}\"},\"query-input\":{\"@type\":\"PropertyValueSpecification\",\"valueRequired\":true,\"valueName\":\"search_term_string\"}}],\"inLanguage\":\"de\"},{\"@type\":\"Organization\",\"@id\":\"https:\/\/www.leeb-balkone.com\/de\/#organization\",\"name\":\"Leeb Balkone Gmbh\",\"url\":\"https:\/\/www.leeb-balkone.com\/de\/\",\"logo\":{\"@type\":\"ImageObject\",\"inLanguage\":\"de\",\"@id\":\"https:\/\/www.leeb-balkone.com\/de\/#\/schema\/logo\/image\/\",\"url\":\"https:\/\/www.leeb-balkone.com\/app\/uploads\/2020\/11\/leeb-logo.svg\",\"contentUrl\":\"https:\/\/www.leeb-balkone.com\/app\/uploads\/2020\/11\/leeb-logo.svg\",\"width\":741,\"height\":204,\"caption\":\"Leeb Balkone Gmbh\"},\"image\":{\"@id\":\"https:\/\/www.leeb-balkone.com\/de\/#\/schema\/logo\/image\/\"},\"sameAs\":[\"https:\/\/www.facebook.com\/balkone\/\",\"https:\/\/www.trustedshops.at\/bewertung\/info_X4587CCF5833E31AFE0B11F47D86999F2.html\",\"https:\/\/www.trustedshops.de\/bewertung\/info_X7BA536A7A0BDC86D36C4718E4DCAEEEF.html\",\"https:\/\/www.google.com\/maps\/place\/?q=place_id:ChIJ5-zH19-IcEcR9HonWRTllHI\"]},{\"@type\":\"Person\",\"@id\":\"https:\/\/www.leeb-balkone.com\/de\/#\/schema\/person\/15f1f398efcf4703721e46c2136421fa\",\"name\":\"jbacher\"}]}<\/script>\n<!-- \/ Yoast SEO plugin. -->","yoast_head_json":{"title":"Mit Durchblick! Glasbalkone von Leeb - Leeb Balkone Deutschland","description":"Balkongel\u00e4nder aus Glas machen nicht nur jedes Haus optisch zum Blickfang. Sie bringen auch mehr Licht in die Innenr\u00e4ume und sorgen f\u00fcr vollen Durchblick.","robots":{"index":"index","follow":"follow","max-snippet":"max-snippet:-1","max-image-preview":"max-image-preview:large","max-video-preview":"max-video-preview:-1"},"og_locale":"de_DE","og_type":"article","og_title":"Mit Durchblick! Glasbalkone von Leeb - Leeb Balkone","og_description":"Balkongel\u00e4nder aus Glas machen nicht nur jedes Haus optisch zum Blickfang. Sie bringen auch mehr Licht in die Innenr\u00e4ume und sorgen f\u00fcr vollen Durchblick.","og_url":"https:\/\/www.leeb-balkone.com\/de\/blog\/mit-durchblick-glasbalkone-von-leeb\/","og_site_name":"Leeb Balkone","article_publisher":"https:\/\/www.facebook.com\/balkone\/","article_published_time":"2020-01-02T13:13:05+00:00","article_modified_time":"2025-09-18T14:10:33+00:00","og_image":[{"width":2560,"height":1918,"url":"https:\/\/www.leeb-balkone.com\/app\/uploads\/2020\/09\/glas-balkongelaender-alu-design-vision-31-scaled.jpg","type":"image\/jpeg"}],"author":"jbacher","twitter_card":"summary_large_image","schema":{"@context":"https:\/\/schema.org","@graph":[{"@type":"Article","@id":"https:\/\/www.leeb-balkone.com\/de\/blog\/mit-durchblick-glasbalkone-von-leeb\/#article","isPartOf":{"@id":"https:\/\/www.leeb-balkone.com\/de\/blog\/mit-durchblick-glasbalkone-von-leeb\/"},"author":{"name":"jbacher","@id":"https:\/\/www.leeb-balkone.com\/de\/#\/schema\/person\/15f1f398efcf4703721e46c2136421fa"},"headline":"Mit Durchblick! Glasbalkone von Leeb","datePublished":"2020-01-02T13:13:05+00:00","dateModified":"2025-09-18T14:10:33+00:00","mainEntityOfPage":{"@id":"https:\/\/www.leeb-balkone.com\/de\/blog\/mit-durchblick-glasbalkone-von-leeb\/"},"wordCount":355,"publisher":{"@id":"https:\/\/www.leeb-balkone.com\/de\/#organization"},"image":{"@id":"https:\/\/www.leeb-balkone.com\/de\/blog\/mit-durchblick-glasbalkone-von-leeb\/#primaryimage"},"thumbnailUrl":"https:\/\/www.leeb-balkone.com\/app\/uploads\/2020\/09\/glas-balkongelaender-alu-design-vision-31-scaled.jpg","articleSection":["Aktuelles zu Leeb Balkone","Balkonbau mit Leeb","Balkongestaltung","Technik &amp; Innovation","Tipps zur Balkongestaltung"],"inLanguage":"de"},{"@type":"WebPage","@id":"https:\/\/www.leeb-balkone.com\/de\/blog\/mit-durchblick-glasbalkone-von-leeb\/","url":"https:\/\/www.leeb-balkone.com\/de\/blog\/mit-durchblick-glasbalkone-von-leeb\/","name":"Mit Durchblick! Glasbalkone von Leeb - Leeb Balkone","isPartOf":{"@id":"https:\/\/www.leeb-balkone.com\/de\/#website"},"primaryImageOfPage":{"@id":"https:\/\/www.leeb-balkone.com\/de\/blog\/mit-durchblick-glasbalkone-von-leeb\/#primaryimage"},"image":{"@id":"https:\/\/www.leeb-balkone.com\/de\/blog\/mit-durchblick-glasbalkone-von-leeb\/#primaryimage"},"thumbnailUrl":"https:\/\/www.leeb-balkone.com\/app\/uploads\/2020\/09\/glas-balkongelaender-alu-design-vision-31-scaled.jpg","datePublished":"2020-01-02T13:13:05+00:00","dateModified":"2025-09-18T14:10:33+00:00","description":"Balkongel\u00e4nder aus Glas machen nicht nur jedes Haus optisch zum Blickfang. Sie bringen auch mehr Licht in die Innenr\u00e4ume und sorgen f\u00fcr vollen Durchblick.","breadcrumb":{"@id":"https:\/\/www.leeb-balkone.com\/de\/blog\/mit-durchblick-glasbalkone-von-leeb\/#breadcrumb"},"inLanguage":"de","potentialAction":[{"@type":"ReadAction","target":["https:\/\/www.leeb-balkone.com\/de\/blog\/mit-durchblick-glasbalkone-von-leeb\/"]}]},{"@type":"ImageObject","inLanguage":"de","@id":"https:\/\/www.leeb-balkone.com\/de\/blog\/mit-durchblick-glasbalkone-von-leeb\/#primaryimage","url":"https:\/\/www.leeb-balkone.com\/app\/uploads\/2020\/09\/glas-balkongelaender-alu-design-vision-31-scaled.jpg","contentUrl":"https:\/\/www.leeb-balkone.com\/app\/uploads\/2020\/09\/glas-balkongelaender-alu-design-vision-31-scaled.jpg","width":2560,"height":1918,"caption":"Glas trifft Holz mit Alu Design Vision Balkongel\u00e4nder"},{"@type":"BreadcrumbList","@id":"https:\/\/www.leeb-balkone.com\/de\/blog\/mit-durchblick-glasbalkone-von-leeb\/#breadcrumb","itemListElement":[{"@type":"ListItem","position":1,"name":"Home","item":"https:\/\/www.leeb-balkone.com\/de\/"},{"@type":"ListItem","position":2,"name":"Mit Durchblick! Glasbalkone von Leeb"}]},{"@type":"WebSite","@id":"https:\/\/www.leeb-balkone.com\/de\/#website","url":"https:\/\/www.leeb-balkone.com\/de\/","name":"Leeb Balkone","description":"Balkone und Z\u00e4une","publisher":{"@id":"https:\/\/www.leeb-balkone.com\/de\/#organization"},"potentialAction":[{"@type":"SearchAction","target":{"@type":"EntryPoint","urlTemplate":"https:\/\/www.leeb-balkone.com\/de\/?s={search_term_string}"},"query-input":{"@type":"PropertyValueSpecification","valueRequired":true,"valueName":"search_term_string"}}],"inLanguage":"de"},{"@type":"Organization","@id":"https:\/\/www.leeb-balkone.com\/de\/#organization","name":"Leeb Balkone Gmbh","url":"https:\/\/www.leeb-balkone.com\/de\/","logo":{"@type":"ImageObject","inLanguage":"de","@id":"https:\/\/www.leeb-balkone.com\/de\/#\/schema\/logo\/image\/","url":"https:\/\/www.leeb-balkone.com\/app\/uploads\/2020\/11\/leeb-logo.svg","contentUrl":"https:\/\/www.leeb-balkone.com\/app\/uploads\/2020\/11\/leeb-logo.svg","width":741,"height":204,"caption":"Leeb Balkone Gmbh"},"image":{"@id":"https:\/\/www.leeb-balkone.com\/de\/#\/schema\/logo\/image\/"},"sameAs":["https:\/\/www.facebook.com\/balkone\/","https:\/\/www.trustedshops.at\/bewertung\/info_X4587CCF5833E31AFE0B11F47D86999F2.html","https:\/\/www.trustedshops.de\/bewertung\/info_X7BA536A7A0BDC86D36C4718E4DCAEEEF.html","https:\/\/www.google.com\/maps\/place\/?q=place_id:ChIJ5-zH19-IcEcR9HonWRTllHI"]},{"@type":"Person","@id":"https:\/\/www.leeb-balkone.com\/de\/#\/schema\/person\/15f1f398efcf4703721e46c2136421fa","name":"jbacher"}]}},"_links":{"self":[{"href":"https:\/\/www.leeb-balkone.com\/de\/wp-json\/wp\/v2\/posts\/8367","targetHints":{"allow":["GET"]}}],"collection":[{"href":"https:\/\/www.leeb-balkone.com\/de\/wp-json\/wp\/v2\/posts"}],"about":[{"href":"https:\/\/www.leeb-balkone.com\/de\/wp-json\/wp\/v2\/types\/post"}],"author":[{"embeddable":true,"href":"https:\/\/www.leeb-balkone.com\/de\/wp-json\/wp\/v2\/users\/3"}],"replies":[{"embeddable":true,"href":"https:\/\/www.leeb-balkone.com\/de\/wp-json\/wp\/v2\/comments?post=8367"}],"version-history":[{"count":1,"href":"https:\/\/www.leeb-balkone.com\/de\/wp-json\/wp\/v2\/posts\/8367\/revisions"}],"predecessor-version":[{"id":156675,"href":"https:\/\/www.leeb-balkone.com\/de\/wp-json\/wp\/v2\/posts\/8367\/revisions\/156675"}],"wp:featuredmedia":[{"embeddable":true,"href":"https:\/\/www.leeb-balkone.com\/de\/wp-json\/wp\/v2\/media\/6416"}],"wp:attachment":[{"href":"https:\/\/www.leeb-balkone.com\/de\/wp-json\/wp\/v2\/media?parent=8367"}],"wp:term":[{"taxonomy":"category","embeddable":true,"href":"https:\/\/www.leeb-balkone.com\/de\/wp-json\/wp\/v2\/categories?post=8367"},{"taxonomy":"post_tag","embeddable":true,"href":"https:\/\/www.leeb-balkone.com\/de\/wp-json\/wp\/v2\/tags?post=8367"},{"taxonomy":"post_folder","embeddable":true,"href":"https:\/\/www.leeb-balkone.com\/de\/wp-json\/wp\/v2\/post_folder?post=8367"}],"curies":[{"name":"wp","href":"https:\/\/api.w.org\/{rel}","templated":true}]}}