{"id":8347,"date":"2023-07-27T14:45:29","date_gmt":"2023-07-27T14:45:29","guid":{"rendered":"https:\/\/www.leeb-balkone.com\/de\/blog\/postdummy-2-2\/"},"modified":"2025-09-17T13:46:27","modified_gmt":"2025-09-17T13:46:27","slug":"wohnzimmer-im-freien-der-leeb-sommergarten","status":"publish","type":"post","link":"https:\/\/www.leeb-balkone.com\/de\/blog\/wohnzimmer-im-freien-der-leeb-sommergarten\/","title":{"rendered":"Wohnzimmer im Freien: der Leeb Sommergarten"},"content":{"rendered":"<header data-block_acf-block-68cabbaf4b751 class=\"c-fh  l-mh-small c-fh--hero c-grad-l2r c-fh--div none\">\n      <img loading=\"lazy\" decoding=\"async\" width=\"2560\" height=\"1918\" src=\"https:\/\/www.leeb-balkone.com\/app\/uploads\/2020\/09\/glas-sommergarten-18-scaled.jpg\" class=\"no-lazy\" alt=\"sommergarten header\" srcset=\"https:\/\/www.leeb-balkone.com\/app\/uploads\/2020\/09\/glas-sommergarten-18-scaled.jpg 2560w, https:\/\/www.leeb-balkone.com\/app\/uploads\/2020\/09\/glas-sommergarten-18-300x225.jpg 300w, https:\/\/www.leeb-balkone.com\/app\/uploads\/2020\/09\/glas-sommergarten-18-1024x767.jpg 1024w, https:\/\/www.leeb-balkone.com\/app\/uploads\/2020\/09\/glas-sommergarten-18-768x575.jpg 768w, https:\/\/www.leeb-balkone.com\/app\/uploads\/2020\/09\/glas-sommergarten-18-1536x1151.jpg 1536w, https:\/\/www.leeb-balkone.com\/app\/uploads\/2020\/09\/glas-sommergarten-18-2048x1535.jpg 2048w\" sizes=\"auto, (min-width: 1536px) 2048px, (min-width: 992px) 1536px, (min-width: 768px) 1024px, (min-width: 576px) 768px, 100vw\" \/>\n\n\n<div class=\"grid-container\">\n  <div class=\"grid-x\">\n    <div class=\"cell small-12 medium-6 medium-offset-1\">\n      <div class=\"c-fh__wrapper\">\n              <\/div>\n    <\/div>\n  <\/div>\n<\/div>\n  \n    \n    <\/header>\n\n\n  \n  <section class=\"wp-block-group alignfull t3-header u-max-wide t3-header-text has-white-background-color has-background has-global-padding is-layout-constrained wp-block-group-is-layout-constrained\">\n    <div class=\"wp-block-group o-grid u-md-1 u-sm-1 is-layout-flow wp-block-group-is-layout-flow\">\n  <div class=\"wp-block-group u-g-10 u-g-s-2\">\n      <div class=\"yoast-breadcrumbs\"><span><span><a href=\"https:\/\/www.leeb-balkone.com\/de\/\">Home<\/a><\/span><\/span><\/div>\n      \n    <h1>Wohnzimmer im Freien: der Leeb Sommergarten<\/h1>\n  <\/div>\n<\/div>\n  <\/section>\n\n\n\n\n\n\n<section class=\"wp-block-cgb-t3-section-block alignfull b-pt-small  is-style-bg-white\" style=\"display:inherit;min-height:inherit\">\n<div class=\"wp-block-cgb-t3-container-block none\" style=\"background-color:none\"><div class=\"grid-container\"><div class=\"grid-x\"><div class=\"cell small-12 medium-9 large-0 medium-offset-1 b-has-lsmb\">\n<p>Ein lauer Sp\u00e4tsommerabend im Freien. Mit den Liebsten auf der Terrasse beisammen sein. Gem\u00fctlichkeit. Wohlf\u00fchl-Oase \u2013 ein Wohnzimmer im Freien. Der Leeb-Sommergarten ist all das. Ein Ort, um zu entspannen, Zeit drau\u00dfen zu verbringen, aber dennoch vor jeder Witterung gesch\u00fctzt zu sein.<\/p>\n\n\n\n<p>Wann ist man lieber drau\u00dfen, als im Sommer? Familie und Freunde werden eingeladen, es wird gegessen, getratscht, gelacht und entspannt. Und wenn der Regen kommt? Kann uns das nichts anhaben. Terrassen\u00fcberdachungen von Leeb sch\u00fctzen vor jeder Witterung und lassen uns die Zeit im Freien noch mehr genie\u00dfen.<\/p>\n\n\n\n<p>Das Leeb-\u00dcberdachungssystem reicht vom Vordach bis zum Sommergarten und ist f\u00fcr nahezu jeden Haustyp m\u00f6glich. Mit den Carports ist Ihr Fahrzeug vor Wind und Wetter gesch\u00fctzt. Eine \u00dcberdachung erm\u00f6glicht es, auch bei Regen auf der Terrasse zu entspannen. Seitliche Glas- oder Sichtschutzelemente erweitern die \u00dcberdachung mit wenig Aufwand zum Sommergarten.<\/p>\n<\/div><\/div><\/div><\/div>\n\n\n<div class=\"b-carousel  band slider\" data-block_acf-block-68cabbaf4b771>\n  <div class=\"slides\">\n          <div>\n\n\n\n  \n    \n          \n\n              \n        \n\n        <img loading=\"lazy\" decoding=\"async\" width=\"1024\" height=\"767\" src=\"https:\/\/www.leeb-balkone.com\/app\/uploads\/2020\/09\/glas-sommergarten-15-1024x767.jpg\" class=\"no-lazy\" alt=\"Sommergarten als erweiterter Wohnraum mit gem\u00fctlicher Sitzgruppe\" srcset=\"https:\/\/www.leeb-balkone.com\/app\/uploads\/2020\/09\/glas-sommergarten-15-1024x767.jpg 1024w, https:\/\/www.leeb-balkone.com\/app\/uploads\/2020\/09\/glas-sommergarten-15-300x225.jpg 300w, https:\/\/www.leeb-balkone.com\/app\/uploads\/2020\/09\/glas-sommergarten-15-768x575.jpg 768w, https:\/\/www.leeb-balkone.com\/app\/uploads\/2020\/09\/glas-sommergarten-15-1536x1151.jpg 1536w, https:\/\/www.leeb-balkone.com\/app\/uploads\/2020\/09\/glas-sommergarten-15-2048x1535.jpg 2048w\" sizes=\"auto, (min-width: 1200px) 1024px, (min-width: 1024px) 768px, (min-width: 640px) 768px, 768px\" \/>        \n            \n          \n  <\/div>\n\n          <div>\n\n\n\n  \n    \n          \n\n              \n        \n\n        <img loading=\"lazy\" decoding=\"async\" width=\"1024\" height=\"684\" src=\"https:\/\/www.leeb-balkone.com\/app\/uploads\/2020\/07\/glas-sommergarten-10-1024x684.jpg\" class=\"no-lazy\" alt=\"Leeb Sommerg\u00e4rten sind individuell gestaltbar - von der \u00dcberdachung \u00fcber die Seitenelemente bis zum Terrassenboden\" srcset=\"https:\/\/www.leeb-balkone.com\/app\/uploads\/2020\/07\/glas-sommergarten-10-1024x684.jpg 1024w, https:\/\/www.leeb-balkone.com\/app\/uploads\/2020\/07\/glas-sommergarten-10-300x200.jpg 300w, https:\/\/www.leeb-balkone.com\/app\/uploads\/2020\/07\/glas-sommergarten-10-768x513.jpg 768w, https:\/\/www.leeb-balkone.com\/app\/uploads\/2020\/07\/glas-sommergarten-10-1536x1025.jpg 1536w, https:\/\/www.leeb-balkone.com\/app\/uploads\/2020\/07\/glas-sommergarten-10-2048x1367.jpg 2048w\" sizes=\"auto, (min-width: 1200px) 1024px, (min-width: 1024px) 768px, (min-width: 640px) 768px, 768px\" \/>        \n            \n          \n  <\/div>\n\n          <div>\n\n\n\n  \n    \n          \n\n              \n        \n\n        <img loading=\"lazy\" decoding=\"async\" width=\"1024\" height=\"692\" src=\"https:\/\/www.leeb-balkone.com\/app\/uploads\/2020\/09\/balkongelaender-alu-classic-kitzbuehel-6-1024x692.jpg\" class=\"no-lazy\" alt=\"Gro\u00dfer Garten mit Pool und Alu Classic Kitzb\u00fchel Balkongel\u00e4nder\" srcset=\"https:\/\/www.leeb-balkone.com\/app\/uploads\/2020\/09\/balkongelaender-alu-classic-kitzbuehel-6-1024x692.jpg 1024w, https:\/\/www.leeb-balkone.com\/app\/uploads\/2020\/09\/balkongelaender-alu-classic-kitzbuehel-6-300x203.jpg 300w, https:\/\/www.leeb-balkone.com\/app\/uploads\/2020\/09\/balkongelaender-alu-classic-kitzbuehel-6-768x519.jpg 768w, https:\/\/www.leeb-balkone.com\/app\/uploads\/2020\/09\/balkongelaender-alu-classic-kitzbuehel-6-1536x1037.jpg 1536w, https:\/\/www.leeb-balkone.com\/app\/uploads\/2020\/09\/balkongelaender-alu-classic-kitzbuehel-6-2048x1383.jpg 2048w, https:\/\/www.leeb-balkone.com\/app\/uploads\/2020\/09\/balkongelaender-alu-classic-kitzbuehel-6-400x270.jpg 400w\" sizes=\"auto, (min-width: 1200px) 1024px, (min-width: 1024px) 768px, (min-width: 640px) 768px, 768px\" \/>        \n            \n          \n  <\/div>\n\n          <div>\n\n\n\n  \n    \n          \n\n              \n        \n\n        <img loading=\"lazy\" decoding=\"async\" width=\"1024\" height=\"684\" src=\"https:\/\/www.leeb-balkone.com\/app\/uploads\/2020\/07\/glas-sommergarten-11-1024x684.jpg\" class=\"no-lazy\" alt=\"glas sommergarten 11\" srcset=\"https:\/\/www.leeb-balkone.com\/app\/uploads\/2020\/07\/glas-sommergarten-11-1024x684.jpg 1024w, https:\/\/www.leeb-balkone.com\/app\/uploads\/2020\/07\/glas-sommergarten-11-300x200.jpg 300w, https:\/\/www.leeb-balkone.com\/app\/uploads\/2020\/07\/glas-sommergarten-11-768x513.jpg 768w, https:\/\/www.leeb-balkone.com\/app\/uploads\/2020\/07\/glas-sommergarten-11-1536x1025.jpg 1536w, https:\/\/www.leeb-balkone.com\/app\/uploads\/2020\/07\/glas-sommergarten-11-2048x1367.jpg 2048w\" sizes=\"auto, (min-width: 1200px) 1024px, (min-width: 1024px) 768px, (min-width: 640px) 768px, 768px\" \/>        \n            \n          \n  <\/div>\n\n          <div>\n\n\n\n  \n    \n          \n\n              \n        \n\n        <img loading=\"lazy\" decoding=\"async\" width=\"1024\" height=\"752\" src=\"https:\/\/www.leeb-balkone.com\/app\/uploads\/2020\/09\/glas-sommergarten-20-1024x752.jpg\" class=\"no-lazy\" alt=\"Blick auf den hauseigenen Swimmingpool mit Alusommergarten\" srcset=\"https:\/\/www.leeb-balkone.com\/app\/uploads\/2020\/09\/glas-sommergarten-20-1024x752.jpg 1024w, https:\/\/www.leeb-balkone.com\/app\/uploads\/2020\/09\/glas-sommergarten-20-300x220.jpg 300w, https:\/\/www.leeb-balkone.com\/app\/uploads\/2020\/09\/glas-sommergarten-20-768x564.jpg 768w, https:\/\/www.leeb-balkone.com\/app\/uploads\/2020\/09\/glas-sommergarten-20-1536x1128.jpg 1536w, https:\/\/www.leeb-balkone.com\/app\/uploads\/2020\/09\/glas-sommergarten-20-2048x1504.jpg 2048w\" sizes=\"auto, (min-width: 1200px) 1024px, (min-width: 1024px) 768px, (min-width: 640px) 768px, 768px\" \/>        \n            \n          \n  <\/div>\n\n      <\/div>\n\n<\/div>\n\n\n\n<div class=\"wp-block-cgb-t3-container-block none\" style=\"background-color:none\"><div class=\"grid-container\"><div class=\"grid-x\"><div class=\"cell small-12 medium-9 large-0 medium-offset-1 b-has-lsmb\">\n<h2 class=\"wp-block-heading\" id=\"wohlfuel-oase\">Wohlf\u00fchl-Oase<\/h2>\n\n\n\n<p>Die \u00dcberdachung sch\u00fctzt vor Witterung, Glasfl\u00e4chen und Schiebew\u00e4nde fangen die warmen Sonnenstrahlen ein und halten den Wind ab. So wird die Nutzungsdauer der Terrasse um ein Vielfaches verl\u00e4ngert. Sitzgarnituren und Gartenm\u00f6bel m\u00fcssen nicht mehr eingewintert werden, Pflanzen sind windgesch\u00fctzt. Blickdichte Elemente sorgen f\u00fcr die n\u00f6tige Privatsph\u00e4re, transparentes Glas f\u00fcr uneingeschr\u00e4nkten Ausblick. Erweiterung jederzeit m\u00f6glich. Sie m\u00fcssen sich nicht gleich festlegen. Alle Seiten-Elemente k\u00f6nnen auch nachtr\u00e4glich hinzugef\u00fcgt werden. So kann mit geringem Aufwand Ihre Leeb-\u00dcberdachung mit Glas- oder Sichtschutzelementen bis zu einem Sommergarten ausgestattet werden.<\/p>\n<\/div><\/div><\/div><\/div>\n\n\n\n<div class=\"wp-block-cgb-t3-container-block none\" style=\"background-color:none\"><div class=\"grid-container\"><div class=\"grid-x\"><div class=\"cell small-12 medium-9 large-0 medium-offset-1 b-has-lsmb\">\n<h2 class=\"wp-block-heading\" id=\"licht-oder-schatten\">Licht oder Schatten<\/h2>\n\n\n\n<p>Alle Glaselemente entsprechen den h\u00f6chsten Sicherheits-Standards und sind je nach Bed\u00fcrfnis als blickdichte Varianten oder vollkommen transparent in Ganzglasoptik erh\u00e4ltlich. Funk-bedienbare Markisen und verschiebbare Seitenelemente erm\u00f6glichen perfekte Anpassung an verschiedene Witterungsverh\u00e4ltnisse. Flexible Elemente erm\u00f6glichen es, auch im Nachhinein zu erweitern. Der <a href=\"https:\/\/www.leeb-balkone.com\/de\/technik\/aluminium\/\">Werkstoff Aluminium<\/a> bietet dank der patentierten <a href=\"https:\/\/www.leeb-balkone.com\/de\/technik\/alu-comfort-plus\/\">ALU COMFORT PLUS\u00ae-Beschichtung<\/a> entscheidende Vorteile gegen\u00fcber \u00dcberdachungen aus Stahl, da regelm\u00e4\u00dfige Wartungs- und Instandhaltungsarbeiten, wie das Streichen, Abschleifen oder Austauschen von defekten Bauteilen, wegfallen.<\/p>\n\n\n\n<h2 class=\"wp-block-heading\">Beleuchtung<\/h2>\n\n\n\n<p>Auch nach Einbruch der Dunkelheit entfalten die Sommerg\u00e4rten ihren Charme. Mit der passenden Beleuchtung schaffen Sie eine warme und einladende Atmosph\u00e4re. Unsere dimmbare LED-Beleuchtung bei Leeb ist dezent im Tr\u00e4gerbalken eingefr\u00e4st, wodurch die gem\u00fctliche Atmosph\u00e4re vorprogrammiert ist. Sie k\u00f6nnen auch mit verschiedenen Lichtquellen oder Schattenspielen experimentieren. \u00dcberlegen Sie sich genau, was Sie wie beleuchten m\u00f6chten. Die Beleuchtung verleiht Ihrem Sommergarten eine ganz eigene Pers\u00f6nlichkeit.<\/p>\n\n\n\n<h2 class=\"wp-block-heading\">Pflanzen<\/h2>\n\n\n\n<p>Nicht alle Pflanzen sind f\u00fcr den Sommergarten geeignet: Licht, Feuchtigkeit und W\u00e4rme m\u00fcssen stimmen. Unsere Glas- und Schiebeelemente lassen viel Licht herein und sorgen im Sommer f\u00fcr Maximaltemperaturen von 40 bis 50 Grad. Im Winter kann die Temperatur auf bis zu -5 Grad sinken. Die Pflanzen sollten also m\u00f6glichst winterhart sein. Empfehlenswerte Pflanzen f\u00fcr den Sommergarten sind also zum Beispiel winterharte Kakteen, Kamelien, Olivenb\u00e4ume, Zwergpalmen oder Lavendel.<\/p>\n\n\n\n<h2 class=\"wp-block-heading\" id=\"pure-vielfalt\">Pure Vielfalt<\/h2>\n\n\n\n<p>Sommerg\u00e4rten liegen im Trend. Der <a href=\"https:\/\/www.leeb-balkone.com\/de\/ueberdachungen\/sommergarten\/\">Leeb-Sommergarten<\/a> aus Alu und Glas ist auch als Anbau-Variante erh\u00e4ltlich. So ist es erstmals m\u00f6glich auch als Wohnungsbesitzer oder in oberen Stockwerken die Vorteile eines Sommergartens zu genie\u00dfen. Das ist angebaute \u201eLeebensfreude\u201c \u2013 an meinem sch\u00f6nsten Platz an der Sonne.<\/p>\n\n\n\n<p><strong>Mehr lesen:<\/strong><\/p>\n\n\n\n<p><a href=\"https:\/\/www.leeb-balkone.com\/de\/blog\/mit-dem-sommergarten-laenger-den-herbst-geniessen\/\">Genie\u00dfen bis in den Herbst hinein &#8211; Wohlf\u00fchloase Sommergarten<\/a> <\/p>\n<\/div><\/div><\/div><\/div>\n<\/section>\n\n\n\n<p><\/p>\n","protected":false},"excerpt":{"rendered":"<p>Gem\u00fctlich drau\u00dfen entspannen und vor jeder Witterung gesch\u00fctzt \u2013 mit dem Leeb Sommergarten.<\/p>\n","protected":false},"author":3,"featured_media":6628,"comment_status":"closed","ping_status":"open","sticky":false,"template":"template-onepager.blade.php","format":"standard","meta":{"_acf_changed":false,"footnotes":""},"categories":[50,53,58],"tags":[],"post_folder":[],"class_list":["post-8347","post","type-post","status-publish","format-standard","has-post-thumbnail","hentry","category-balkonbau-mit-leeb","category-technik-innovation","category-tipps-zur-balkongestaltung"],"acf":[],"yoast_head":"<!-- This site is optimized with the Yoast SEO plugin v27.2 - https:\/\/yoast.com\/product\/yoast-seo-wordpress\/ -->\n<title>Wohnzimmer im Freien: der Leeb Sommergarten - Leeb Balkone Deutschland<\/title>\n<meta name=\"description\" content=\"Gem\u00fctlich drau\u00dfen entspannen und vor jeder Witterung gesch\u00fctzt \u2013 mit dem Leeb Sommergarten.\" \/>\n<meta name=\"robots\" content=\"index, follow, max-snippet:-1, max-image-preview:large, max-video-preview:-1\" \/>\n<meta property=\"og:locale\" content=\"de_DE\" \/>\n<meta property=\"og:type\" content=\"article\" \/>\n<meta property=\"og:title\" content=\"Wohnzimmer im Freien: der Leeb Sommergarten - Leeb Balkone\" \/>\n<meta property=\"og:description\" content=\"Gem\u00fctlich drau\u00dfen entspannen und vor jeder Witterung gesch\u00fctzt \u2013 mit dem Leeb Sommergarten.\" \/>\n<meta property=\"og:url\" content=\"https:\/\/www.leeb-balkone.com\/de\/blog\/wohnzimmer-im-freien-der-leeb-sommergarten\/\" \/>\n<meta property=\"og:site_name\" content=\"Leeb Balkone\" \/>\n<meta property=\"article:publisher\" content=\"https:\/\/www.facebook.com\/balkone\/\" \/>\n<meta property=\"article:published_time\" content=\"2023-07-27T14:45:29+00:00\" \/>\n<meta property=\"article:modified_time\" content=\"2025-09-17T13:46:27+00:00\" \/>\n<meta property=\"og:image\" content=\"https:\/\/www.leeb-balkone.com\/app\/uploads\/2020\/09\/glas-sommergarten-18-scaled.jpg\" \/>\n\t<meta property=\"og:image:width\" content=\"2560\" \/>\n\t<meta property=\"og:image:height\" content=\"1918\" \/>\n\t<meta property=\"og:image:type\" content=\"image\/jpeg\" \/>\n<meta name=\"author\" content=\"jbacher\" \/>\n<meta name=\"twitter:card\" content=\"summary_large_image\" \/>\n<script type=\"application\/ld+json\" class=\"yoast-schema-graph\">{\"@context\":\"https:\/\/schema.org\",\"@graph\":[{\"@type\":\"Article\",\"@id\":\"https:\/\/www.leeb-balkone.com\/de\/blog\/wohnzimmer-im-freien-der-leeb-sommergarten\/#article\",\"isPartOf\":{\"@id\":\"https:\/\/www.leeb-balkone.com\/de\/blog\/wohnzimmer-im-freien-der-leeb-sommergarten\/\"},\"author\":{\"name\":\"jbacher\",\"@id\":\"https:\/\/www.leeb-balkone.com\/de\/#\/schema\/person\/15f1f398efcf4703721e46c2136421fa\"},\"headline\":\"Wohnzimmer im Freien: der Leeb Sommergarten\",\"datePublished\":\"2023-07-27T14:45:29+00:00\",\"dateModified\":\"2025-09-17T13:46:27+00:00\",\"mainEntityOfPage\":{\"@id\":\"https:\/\/www.leeb-balkone.com\/de\/blog\/wohnzimmer-im-freien-der-leeb-sommergarten\/\"},\"wordCount\":556,\"publisher\":{\"@id\":\"https:\/\/www.leeb-balkone.com\/de\/#organization\"},\"image\":{\"@id\":\"https:\/\/www.leeb-balkone.com\/de\/blog\/wohnzimmer-im-freien-der-leeb-sommergarten\/#primaryimage\"},\"thumbnailUrl\":\"https:\/\/www.leeb-balkone.com\/app\/uploads\/2020\/09\/glas-sommergarten-18-scaled.jpg\",\"articleSection\":[\"Balkonbau mit Leeb\",\"Technik &amp; Innovation\",\"Tipps zur Balkongestaltung\"],\"inLanguage\":\"de\"},{\"@type\":\"WebPage\",\"@id\":\"https:\/\/www.leeb-balkone.com\/de\/blog\/wohnzimmer-im-freien-der-leeb-sommergarten\/\",\"url\":\"https:\/\/www.leeb-balkone.com\/de\/blog\/wohnzimmer-im-freien-der-leeb-sommergarten\/\",\"name\":\"Wohnzimmer im Freien: der Leeb Sommergarten - Leeb Balkone\",\"isPartOf\":{\"@id\":\"https:\/\/www.leeb-balkone.com\/de\/#website\"},\"primaryImageOfPage\":{\"@id\":\"https:\/\/www.leeb-balkone.com\/de\/blog\/wohnzimmer-im-freien-der-leeb-sommergarten\/#primaryimage\"},\"image\":{\"@id\":\"https:\/\/www.leeb-balkone.com\/de\/blog\/wohnzimmer-im-freien-der-leeb-sommergarten\/#primaryimage\"},\"thumbnailUrl\":\"https:\/\/www.leeb-balkone.com\/app\/uploads\/2020\/09\/glas-sommergarten-18-scaled.jpg\",\"datePublished\":\"2023-07-27T14:45:29+00:00\",\"dateModified\":\"2025-09-17T13:46:27+00:00\",\"description\":\"Gem\u00fctlich drau\u00dfen entspannen und vor jeder Witterung gesch\u00fctzt \u2013 mit dem Leeb Sommergarten.\",\"breadcrumb\":{\"@id\":\"https:\/\/www.leeb-balkone.com\/de\/blog\/wohnzimmer-im-freien-der-leeb-sommergarten\/#breadcrumb\"},\"inLanguage\":\"de\",\"potentialAction\":[{\"@type\":\"ReadAction\",\"target\":[\"https:\/\/www.leeb-balkone.com\/de\/blog\/wohnzimmer-im-freien-der-leeb-sommergarten\/\"]}]},{\"@type\":\"ImageObject\",\"inLanguage\":\"de\",\"@id\":\"https:\/\/www.leeb-balkone.com\/de\/blog\/wohnzimmer-im-freien-der-leeb-sommergarten\/#primaryimage\",\"url\":\"https:\/\/www.leeb-balkone.com\/app\/uploads\/2020\/09\/glas-sommergarten-18-scaled.jpg\",\"contentUrl\":\"https:\/\/www.leeb-balkone.com\/app\/uploads\/2020\/09\/glas-sommergarten-18-scaled.jpg\",\"width\":2560,\"height\":1918,\"caption\":\"Gro\u00dfz\u00fcgiger Garten mit hochwertigem Alu-Sommergarten\"},{\"@type\":\"BreadcrumbList\",\"@id\":\"https:\/\/www.leeb-balkone.com\/de\/blog\/wohnzimmer-im-freien-der-leeb-sommergarten\/#breadcrumb\",\"itemListElement\":[{\"@type\":\"ListItem\",\"position\":1,\"name\":\"Home\",\"item\":\"https:\/\/www.leeb-balkone.com\/de\/\"},{\"@type\":\"ListItem\",\"position\":2,\"name\":\"Wohnzimmer im Freien: der Leeb Sommergarten\"}]},{\"@type\":\"WebSite\",\"@id\":\"https:\/\/www.leeb-balkone.com\/de\/#website\",\"url\":\"https:\/\/www.leeb-balkone.com\/de\/\",\"name\":\"Leeb Balkone\",\"description\":\"Balkone und Z\u00e4une\",\"publisher\":{\"@id\":\"https:\/\/www.leeb-balkone.com\/de\/#organization\"},\"potentialAction\":[{\"@type\":\"SearchAction\",\"target\":{\"@type\":\"EntryPoint\",\"urlTemplate\":\"https:\/\/www.leeb-balkone.com\/de\/?s={search_term_string}\"},\"query-input\":{\"@type\":\"PropertyValueSpecification\",\"valueRequired\":true,\"valueName\":\"search_term_string\"}}],\"inLanguage\":\"de\"},{\"@type\":\"Organization\",\"@id\":\"https:\/\/www.leeb-balkone.com\/de\/#organization\",\"name\":\"Leeb Balkone Gmbh\",\"url\":\"https:\/\/www.leeb-balkone.com\/de\/\",\"logo\":{\"@type\":\"ImageObject\",\"inLanguage\":\"de\",\"@id\":\"https:\/\/www.leeb-balkone.com\/de\/#\/schema\/logo\/image\/\",\"url\":\"https:\/\/www.leeb-balkone.com\/app\/uploads\/2020\/11\/leeb-logo.svg\",\"contentUrl\":\"https:\/\/www.leeb-balkone.com\/app\/uploads\/2020\/11\/leeb-logo.svg\",\"width\":741,\"height\":204,\"caption\":\"Leeb Balkone Gmbh\"},\"image\":{\"@id\":\"https:\/\/www.leeb-balkone.com\/de\/#\/schema\/logo\/image\/\"},\"sameAs\":[\"https:\/\/www.facebook.com\/balkone\/\",\"https:\/\/www.trustedshops.at\/bewertung\/info_X4587CCF5833E31AFE0B11F47D86999F2.html\",\"https:\/\/www.trustedshops.de\/bewertung\/info_X7BA536A7A0BDC86D36C4718E4DCAEEEF.html\",\"https:\/\/www.google.com\/maps\/place\/?q=place_id:ChIJ5-zH19-IcEcR9HonWRTllHI\"]},{\"@type\":\"Person\",\"@id\":\"https:\/\/www.leeb-balkone.com\/de\/#\/schema\/person\/15f1f398efcf4703721e46c2136421fa\",\"name\":\"jbacher\"}]}<\/script>\n<!-- \/ Yoast SEO plugin. -->","yoast_head_json":{"title":"Wohnzimmer im Freien: der Leeb Sommergarten - Leeb Balkone Deutschland","description":"Gem\u00fctlich drau\u00dfen entspannen und vor jeder Witterung gesch\u00fctzt \u2013 mit dem Leeb Sommergarten.","robots":{"index":"index","follow":"follow","max-snippet":"max-snippet:-1","max-image-preview":"max-image-preview:large","max-video-preview":"max-video-preview:-1"},"og_locale":"de_DE","og_type":"article","og_title":"Wohnzimmer im Freien: der Leeb Sommergarten - Leeb Balkone","og_description":"Gem\u00fctlich drau\u00dfen entspannen und vor jeder Witterung gesch\u00fctzt \u2013 mit dem Leeb Sommergarten.","og_url":"https:\/\/www.leeb-balkone.com\/de\/blog\/wohnzimmer-im-freien-der-leeb-sommergarten\/","og_site_name":"Leeb Balkone","article_publisher":"https:\/\/www.facebook.com\/balkone\/","article_published_time":"2023-07-27T14:45:29+00:00","article_modified_time":"2025-09-17T13:46:27+00:00","og_image":[{"width":2560,"height":1918,"url":"https:\/\/www.leeb-balkone.com\/app\/uploads\/2020\/09\/glas-sommergarten-18-scaled.jpg","type":"image\/jpeg"}],"author":"jbacher","twitter_card":"summary_large_image","schema":{"@context":"https:\/\/schema.org","@graph":[{"@type":"Article","@id":"https:\/\/www.leeb-balkone.com\/de\/blog\/wohnzimmer-im-freien-der-leeb-sommergarten\/#article","isPartOf":{"@id":"https:\/\/www.leeb-balkone.com\/de\/blog\/wohnzimmer-im-freien-der-leeb-sommergarten\/"},"author":{"name":"jbacher","@id":"https:\/\/www.leeb-balkone.com\/de\/#\/schema\/person\/15f1f398efcf4703721e46c2136421fa"},"headline":"Wohnzimmer im Freien: der Leeb Sommergarten","datePublished":"2023-07-27T14:45:29+00:00","dateModified":"2025-09-17T13:46:27+00:00","mainEntityOfPage":{"@id":"https:\/\/www.leeb-balkone.com\/de\/blog\/wohnzimmer-im-freien-der-leeb-sommergarten\/"},"wordCount":556,"publisher":{"@id":"https:\/\/www.leeb-balkone.com\/de\/#organization"},"image":{"@id":"https:\/\/www.leeb-balkone.com\/de\/blog\/wohnzimmer-im-freien-der-leeb-sommergarten\/#primaryimage"},"thumbnailUrl":"https:\/\/www.leeb-balkone.com\/app\/uploads\/2020\/09\/glas-sommergarten-18-scaled.jpg","articleSection":["Balkonbau mit Leeb","Technik &amp; Innovation","Tipps zur Balkongestaltung"],"inLanguage":"de"},{"@type":"WebPage","@id":"https:\/\/www.leeb-balkone.com\/de\/blog\/wohnzimmer-im-freien-der-leeb-sommergarten\/","url":"https:\/\/www.leeb-balkone.com\/de\/blog\/wohnzimmer-im-freien-der-leeb-sommergarten\/","name":"Wohnzimmer im Freien: der Leeb Sommergarten - Leeb Balkone","isPartOf":{"@id":"https:\/\/www.leeb-balkone.com\/de\/#website"},"primaryImageOfPage":{"@id":"https:\/\/www.leeb-balkone.com\/de\/blog\/wohnzimmer-im-freien-der-leeb-sommergarten\/#primaryimage"},"image":{"@id":"https:\/\/www.leeb-balkone.com\/de\/blog\/wohnzimmer-im-freien-der-leeb-sommergarten\/#primaryimage"},"thumbnailUrl":"https:\/\/www.leeb-balkone.com\/app\/uploads\/2020\/09\/glas-sommergarten-18-scaled.jpg","datePublished":"2023-07-27T14:45:29+00:00","dateModified":"2025-09-17T13:46:27+00:00","description":"Gem\u00fctlich drau\u00dfen entspannen und vor jeder Witterung gesch\u00fctzt \u2013 mit dem Leeb Sommergarten.","breadcrumb":{"@id":"https:\/\/www.leeb-balkone.com\/de\/blog\/wohnzimmer-im-freien-der-leeb-sommergarten\/#breadcrumb"},"inLanguage":"de","potentialAction":[{"@type":"ReadAction","target":["https:\/\/www.leeb-balkone.com\/de\/blog\/wohnzimmer-im-freien-der-leeb-sommergarten\/"]}]},{"@type":"ImageObject","inLanguage":"de","@id":"https:\/\/www.leeb-balkone.com\/de\/blog\/wohnzimmer-im-freien-der-leeb-sommergarten\/#primaryimage","url":"https:\/\/www.leeb-balkone.com\/app\/uploads\/2020\/09\/glas-sommergarten-18-scaled.jpg","contentUrl":"https:\/\/www.leeb-balkone.com\/app\/uploads\/2020\/09\/glas-sommergarten-18-scaled.jpg","width":2560,"height":1918,"caption":"Gro\u00dfz\u00fcgiger Garten mit hochwertigem Alu-Sommergarten"},{"@type":"BreadcrumbList","@id":"https:\/\/www.leeb-balkone.com\/de\/blog\/wohnzimmer-im-freien-der-leeb-sommergarten\/#breadcrumb","itemListElement":[{"@type":"ListItem","position":1,"name":"Home","item":"https:\/\/www.leeb-balkone.com\/de\/"},{"@type":"ListItem","position":2,"name":"Wohnzimmer im Freien: der Leeb Sommergarten"}]},{"@type":"WebSite","@id":"https:\/\/www.leeb-balkone.com\/de\/#website","url":"https:\/\/www.leeb-balkone.com\/de\/","name":"Leeb Balkone","description":"Balkone und Z\u00e4une","publisher":{"@id":"https:\/\/www.leeb-balkone.com\/de\/#organization"},"potentialAction":[{"@type":"SearchAction","target":{"@type":"EntryPoint","urlTemplate":"https:\/\/www.leeb-balkone.com\/de\/?s={search_term_string}"},"query-input":{"@type":"PropertyValueSpecification","valueRequired":true,"valueName":"search_term_string"}}],"inLanguage":"de"},{"@type":"Organization","@id":"https:\/\/www.leeb-balkone.com\/de\/#organization","name":"Leeb Balkone Gmbh","url":"https:\/\/www.leeb-balkone.com\/de\/","logo":{"@type":"ImageObject","inLanguage":"de","@id":"https:\/\/www.leeb-balkone.com\/de\/#\/schema\/logo\/image\/","url":"https:\/\/www.leeb-balkone.com\/app\/uploads\/2020\/11\/leeb-logo.svg","contentUrl":"https:\/\/www.leeb-balkone.com\/app\/uploads\/2020\/11\/leeb-logo.svg","width":741,"height":204,"caption":"Leeb Balkone Gmbh"},"image":{"@id":"https:\/\/www.leeb-balkone.com\/de\/#\/schema\/logo\/image\/"},"sameAs":["https:\/\/www.facebook.com\/balkone\/","https:\/\/www.trustedshops.at\/bewertung\/info_X4587CCF5833E31AFE0B11F47D86999F2.html","https:\/\/www.trustedshops.de\/bewertung\/info_X7BA536A7A0BDC86D36C4718E4DCAEEEF.html","https:\/\/www.google.com\/maps\/place\/?q=place_id:ChIJ5-zH19-IcEcR9HonWRTllHI"]},{"@type":"Person","@id":"https:\/\/www.leeb-balkone.com\/de\/#\/schema\/person\/15f1f398efcf4703721e46c2136421fa","name":"jbacher"}]}},"_links":{"self":[{"href":"https:\/\/www.leeb-balkone.com\/de\/wp-json\/wp\/v2\/posts\/8347","targetHints":{"allow":["GET"]}}],"collection":[{"href":"https:\/\/www.leeb-balkone.com\/de\/wp-json\/wp\/v2\/posts"}],"about":[{"href":"https:\/\/www.leeb-balkone.com\/de\/wp-json\/wp\/v2\/types\/post"}],"author":[{"embeddable":true,"href":"https:\/\/www.leeb-balkone.com\/de\/wp-json\/wp\/v2\/users\/3"}],"replies":[{"embeddable":true,"href":"https:\/\/www.leeb-balkone.com\/de\/wp-json\/wp\/v2\/comments?post=8347"}],"version-history":[{"count":1,"href":"https:\/\/www.leeb-balkone.com\/de\/wp-json\/wp\/v2\/posts\/8347\/revisions"}],"predecessor-version":[{"id":156406,"href":"https:\/\/www.leeb-balkone.com\/de\/wp-json\/wp\/v2\/posts\/8347\/revisions\/156406"}],"wp:featuredmedia":[{"embeddable":true,"href":"https:\/\/www.leeb-balkone.com\/de\/wp-json\/wp\/v2\/media\/6628"}],"wp:attachment":[{"href":"https:\/\/www.leeb-balkone.com\/de\/wp-json\/wp\/v2\/media?parent=8347"}],"wp:term":[{"taxonomy":"category","embeddable":true,"href":"https:\/\/www.leeb-balkone.com\/de\/wp-json\/wp\/v2\/categories?post=8347"},{"taxonomy":"post_tag","embeddable":true,"href":"https:\/\/www.leeb-balkone.com\/de\/wp-json\/wp\/v2\/tags?post=8347"},{"taxonomy":"post_folder","embeddable":true,"href":"https:\/\/www.leeb-balkone.com\/de\/wp-json\/wp\/v2\/post_folder?post=8347"}],"curies":[{"name":"wp","href":"https:\/\/api.w.org\/{rel}","templated":true}]}}