{"id":37157,"date":"2022-03-03T07:44:00","date_gmt":"2022-03-03T07:44:00","guid":{"rendered":"https:\/\/www.leeb-balkone.com\/de\/blog\/last-minute-osterdeko\/"},"modified":"2026-02-05T12:57:52","modified_gmt":"2026-02-05T12:57:52","slug":"gute-gruende-fuer-eine-balkonsanierung","status":"publish","type":"post","link":"https:\/\/www.leeb-balkone.com\/de\/blog\/gute-gruende-fuer-eine-balkonsanierung\/","title":{"rendered":"Gute Gr\u00fcnde f\u00fcr eine Balkonsanierung"},"content":{"rendered":"<header data-block_acf-block-698493cc73bdf class=\"c-fh  l-mh-small c-fh--hero c-grad-l2r c-fh--div none\">\n      <img loading=\"lazy\" decoding=\"async\" width=\"1920\" height=\"1079\" src=\"https:\/\/www.leeb-balkone.com\/app\/uploads\/2022\/02\/leeb-3D-konfigurator.jpg\" class=\"no-lazy\" alt=\"Balkongel\u00e4nder aus Aluminium bei Leeb Balkone GmbH in vielen Gel\u00e4nder-Modellen\" srcset=\"https:\/\/www.leeb-balkone.com\/app\/uploads\/2022\/02\/leeb-3D-konfigurator-300x169.jpg 300w, https:\/\/www.leeb-balkone.com\/app\/uploads\/2022\/02\/leeb-3D-konfigurator-1024x575.jpg 1024w, https:\/\/www.leeb-balkone.com\/app\/uploads\/2022\/02\/leeb-3D-konfigurator-768x432.jpg 768w, https:\/\/www.leeb-balkone.com\/app\/uploads\/2022\/02\/leeb-3D-konfigurator-1536x863.jpg 1536w\" sizes=\"auto, (min-width: 1536px) 2048px, (min-width: 992px) 1536px, (min-width: 768px) 1024px, (min-width: 576px) 768px, 100vw\" \/>\n\n\n<div class=\"grid-container\">\n  <div class=\"grid-x\">\n    <div class=\"cell small-12 medium-6 medium-offset-1\">\n      <div class=\"c-fh__wrapper\">\n                              <p>Warum jetzt der richtige Zeitpunkt ist, seinen Balkon sanieren zu lassen<\/p>\n                        <\/div>\n    <\/div>\n  <\/div>\n<\/div>\n  \n    \n    <\/header>\n\n\n  \n  <section class=\"wp-block-group alignfull t3-header u-max-wide t3-header-text has-white-background-color has-background has-global-padding is-layout-constrained wp-block-group-is-layout-constrained\">\n    <div class=\"wp-block-group o-grid u-md-1 u-sm-1 is-layout-flow wp-block-group-is-layout-flow\">\n  <div class=\"wp-block-group u-g-10 u-g-s-2\">\n      <div class=\"yoast-breadcrumbs\"><span><span><a href=\"https:\/\/www.leeb-balkone.com\/de\/\">Home<\/a><\/span><\/span><\/div>\n      \n    <h1>Gute Gr\u00fcnde f\u00fcr eine Balkonsanierung<\/h1>\n  <\/div>\n<\/div>\n  <\/section>\n\n\n\n\n\n\n<section class=\"wp-block-cgb-t3-section-block alignfull b-pt-small  is-style-bg-white\" style=\"display:inherit;min-height:inherit\">\n<div class=\"wp-block-cgb-t3-container-block none\" style=\"background-color:none\"><div class=\"grid-container\"><div class=\"grid-x\"><div class=\"cell small-12 medium-9 large-0 medium-offset-1 b-has-lsmb\">\n<p>Ein Platz in der Sonne. Ein gem\u00fctlicher R\u00fcckzugsort. Eine gr\u00fcne Oase inmitten der Stadt. Der Lieblingsplatz f\u00fcr den Kaffee zwischendurch an einem Homeoffice-Tag. Und ein Treffpunkt, wo man abends mit Freunden gem\u00fctlich einen Sommertag ausklingen l\u00e4sst. Der eigene Balkon ist als erweiterter Wohnraum gefragter denn je. Gleichzeitig steigen die Anspr\u00fcche hinsichtlich Gestaltung und Optik. Risse, br\u00fcchige Stellen oder sogar morsche Bretter k\u00f6nnen da schnell zum Dorn im Auge werden, der einem die Freude am eigenen Balkon vermiest. Mitunter k\u00f6nnen sie sogar erste Anzeichen eines echten Sicherheitsrisikos sein.<\/p>\n\n\n\n<p>Wenn auch Ihr Balkon schon in die Jahre gekommen ist, wird es h\u00f6chste Zeit f\u00fcr ein Revival Ihrer Frischluft-Oase. Wir zeigen Ihnen, wann eine Sanierung Sinn macht und warum Sie dabei auf die professionelle Unterst\u00fctzung eines Fachmanns von Leeb Balkone vertrauen sollten.<\/p>\n\n\n\n<p><a href=\"https:\/\/www.leeb-balkone.com\/de\/service\/balkonsanierung\/\">Balkonsanierung mit Leeb Balkone<\/a><\/p>\n<\/div><\/div><\/div><\/div>\n\n\n\n<div class=\"wp-block-cgb-t3-container-block none\" style=\"background-color:none\"><div class=\"grid-container\"><div class=\"grid-x\"><div class=\"cell small-12 medium-9 large-0 medium-offset-1 b-has-lsmb\">\n<h2 class=\"wp-block-heading\" id=\"grund-1\"><strong>Grund Nr. 1: Optische Aufwertung f\u00fcr Ihr Haus<\/strong><\/h2>\n\n\n\n<p>Balkone pr\u00e4gen die Optik eines Hauses. Sie geben der Fassade eine individuelle Sprache und fallen l\u00e4ngst nicht mehr unter die Kategorie \u201elangweiliger architektonischer Einheitsbrei\u201c. Vielmehr sind moderne Balkone ein <strong>herausragendes Gestaltungselement<\/strong>, mit dem Sie Ihr Heim optisch aufwerten und gleichzeitig den <strong>Wert Ihrer Immobilie steigern<\/strong> k\u00f6nnen. Vorausgesetzt, Sie passen ihn individuell an die Form- und Farbsprache Ihres Hauses an. <\/p>\n\n\n\n<p>Ein neuer Balkon in Verbindung mit einem frischen, modernen Fassadenanstrich kann Ihrem Eigenheim ein <strong>v\u00f6llig neues Gesicht<\/strong> verleihen. Verglaste Balkone etwa geben Ihrer Fassade wundersch\u00f6ne architektonische Akzente. Nicht nur bei Neubauten. Auch bei bestehenden Geb\u00e4uden kann beispielsweise der Kontrast zwischen soliden W\u00e4nden und der Leichtigkeit einer Glasstruktur die <strong>Au\u00dfenansicht<\/strong> effektvoll <strong>bereichern<\/strong>.<\/p>\n\n\n\n<p>Durch die hohe Anzahl an verschiedenen Materialien, die heute zur Verf\u00fcgung stehen, ergeben sich unz\u00e4hlige spannende M\u00f6glichkeiten. <a href=\"https:\/\/www.leeb-balkone.com\/de\/balkongelaender\/balkongelaender-alu\/\">Gel\u00e4nder aus Aluminium<\/a> sorgen nicht nur f\u00fcr ein modernes Design und einen echten Blickfang, sie sind auch besonders pflegeleicht, langlebig und witterungsbest\u00e4ndig. Trotz ihres geringen Gewichts bringen Aluminium-Gel\u00e4nder sehr gute statische Eigenschaften mit und Korrosionssch\u00e4den sind ausgeschlossen.<\/p>\n\n\n\n<p>Leicht und modern wirken auch <a href=\"https:\/\/www.leeb-balkone.com\/de\/balkongelaender\/balkongelaender-glas\/\">Gel\u00e4nder aus Glas<\/a>. Obendrein schaffen sie eine Verbindung zur Natur und holen viel Licht in die Wohnr\u00e4ume. <a href=\"https:\/\/www.leeb-balkone.com\/de\/balkongelaender\/balkongelaender-holz\/\">Holzbalkone<\/a> galten lange als logische Begleiter des l\u00e4ndlichen Baustils. Heute werden sie aber auch im st\u00e4dtischen Gebiet und bei sehr modernen Bauten immer beliebter.<\/p>\n\n\n\n<p><a href=\"https:\/\/www.leeb-balkone.com\/de\/balkongelaender\/\">Balkongel\u00e4nder \u00dcbersicht<\/a><\/p>\n<\/div><\/div><\/div><\/div>\n\n\n\n<div class=\"wp-block-cgb-t3-container-block none\" style=\"background-color:none\"><div class=\"grid-container\"><div class=\"grid-x\"><div class=\"cell small-12 medium-0 large-0\"><div id=\"lightgallery-block_acf-block-698493cc73c18\" data-block_acf-block-698493cc73c18 class=\"has-2-imgs b-cards b-cards--gallery u-grid-temp has-2-cols u-md-2 u-sm-1 wp-block-group is-layout-grid wp-block-group-is-layout-grid gallery alignwide\">\n\n        <div class=\"b-cards__item\">\n\n              <div class=\"badge-wrapper\">\n    \n      <figure>\n                 <img loading=\"lazy\" decoding=\"async\" width=\"1024\" height=\"684\" src=\"https:\/\/www.leeb-balkone.com\/app\/uploads\/2020\/09\/alu-balkongelaender-casa-linea-braun-nachher-1024x684.jpg\" class=\"attachment-large size-large\" alt=\"Elegantes Alu-Balkongel\u00e4nder mit Glas Casa Linea nachher\" srcset=\"https:\/\/www.leeb-balkone.com\/app\/uploads\/2020\/09\/alu-balkongelaender-casa-linea-braun-nachher-1024x684.jpg 1024w, https:\/\/www.leeb-balkone.com\/app\/uploads\/2020\/09\/alu-balkongelaender-casa-linea-braun-nachher-300x200.jpg 300w, https:\/\/www.leeb-balkone.com\/app\/uploads\/2020\/09\/alu-balkongelaender-casa-linea-braun-nachher-768x513.jpg 768w, https:\/\/www.leeb-balkone.com\/app\/uploads\/2020\/09\/alu-balkongelaender-casa-linea-braun-nachher-1536x1025.jpg 1536w, https:\/\/www.leeb-balkone.com\/app\/uploads\/2020\/09\/alu-balkongelaender-casa-linea-braun-nachher-2048x1367.jpg 2048w\" sizes=\"auto, (min-width: 1200px) 1024px, (min-width: 1024px) 768px, (min-width: 640px) 768px, 768px\" \/>              <\/figure>\n\n              <div class=\"badge\">Nachher<\/div>\n                    <\/div>\n            \n  \n<\/div>\n\n        <div class=\"b-cards__item\">\n\n              <div class=\"badge-wrapper\">\n    \n      <figure>\n                 <img loading=\"lazy\" decoding=\"async\" width=\"1024\" height=\"767\" src=\"https:\/\/www.leeb-balkone.com\/app\/uploads\/2020\/09\/alu-balkongelaender-casa-linea-braun-vorher-1024x767.jpg\" class=\"attachment-large size-large\" alt=\"Massiver, alter Holzbalkon auf Wohnhaus vorher\" srcset=\"https:\/\/www.leeb-balkone.com\/app\/uploads\/2020\/09\/alu-balkongelaender-casa-linea-braun-vorher-1024x767.jpg 1024w, https:\/\/www.leeb-balkone.com\/app\/uploads\/2020\/09\/alu-balkongelaender-casa-linea-braun-vorher-300x225.jpg 300w, https:\/\/www.leeb-balkone.com\/app\/uploads\/2020\/09\/alu-balkongelaender-casa-linea-braun-vorher-768x575.jpg 768w, https:\/\/www.leeb-balkone.com\/app\/uploads\/2020\/09\/alu-balkongelaender-casa-linea-braun-vorher-1536x1150.jpg 1536w, https:\/\/www.leeb-balkone.com\/app\/uploads\/2020\/09\/alu-balkongelaender-casa-linea-braun-vorher.jpg 1661w\" sizes=\"auto, (min-width: 1200px) 1024px, (min-width: 1024px) 768px, (min-width: 640px) 768px, 768px\" \/>              <\/figure>\n\n              <div class=\"badge\">Vorher <\/div>\n                    <\/div>\n            \n  \n<\/div>\n\n    <\/div>\n\n<\/div><\/div><\/div><\/div>\n\n\n\n<div class=\"wp-block-cgb-t3-container-block none\" style=\"background-color:none\"><div class=\"grid-container\"><div class=\"grid-x\"><div class=\"cell small-12 medium-0 large-0\"><\/div><\/div><\/div><\/div>\n\n\n\n<div class=\"wp-block-cgb-t3-container-block none\" style=\"background-color:none\"><div class=\"grid-container\"><div class=\"grid-x\"><div class=\"cell small-12 medium-9 large-0 medium-offset-1 b-has-lsmb\">\n<h2 class=\"wp-block-heading\" id=\"grund-2\"><strong>Grund Nr. 2: W\u00e4rmed\u00e4mmung<\/strong><\/h2>\n\n\n\n<p>W\u00e4rmed\u00e4mmung und Balkonsanierung sollten Hand in Hand gehen.<br>Bei bestehenden H\u00e4usern steht eine professionelle W\u00e4rmed\u00e4mmung ganz oben auf der Wunschliste vieler Eigent\u00fcmer. In Betracht der aktuellen Energiekosten kein Wunder! Sollte auch bei Ihnen der Zeitpunkt f\u00fcr eine <strong>Isolierung der Au\u00dfenw\u00e4nde<\/strong> gekommen sein, \u00fcberlegen Sie in jedem Fall die Sanierung Ihrer Balkone gleich mit. Am besten, Sie sprechen diesbez\u00fcglich mit einem Fachmann von Leeb, der Ihnen genau erkl\u00e4rt, was zu tun ist, um sp\u00e4ter Mehrkosten bzw. Mehrarbeiten zu verhindern. Denn leider kommt es immer wieder vor, dass der Vollw\u00e4rmeschutz und unter Umst\u00e4nden auch der neue <a href=\"https:\/\/www.leeb-balkone.com\/de\/anbaubalkone\/balkonboden-terrassenboden\/\">Bodenbelag<\/a> am Balkon fix und fertig verbaut sind. Erst danach wird der Balkonsanierer hinzugezogen. Dieser steht dann allerdings vor dem Problem, dass er das Gel\u00e4nder nur montieren kann, indem er die neue D\u00e4mmung sowie den neuen Au\u00dfenputz wieder aufschneidet. Solche \u201eSchildb\u00fcrgerarbeiten\u201c, die Zeit und Geld kosten sowie obendrein W\u00e4rmebr\u00fccken verursachen k\u00f6nnen, kann man sich leicht ersparen, wenn vorab entsprechende Konsolen montiert werden.<\/p>\n<\/div><\/div><\/div><\/div>\n\n\n\n<div class=\"wp-block-cgb-t3-container-block none\" style=\"background-color:none\"><div class=\"grid-container\"><div class=\"grid-x\"><div class=\"cell small-12 medium-0 large-0\"><div id=\"lightgallery-block_acf-block-698493cc73c31\" data-block_acf-block-698493cc73c31 class=\"has-2-imgs b-cards b-cards--gallery u-grid-temp has-2-cols u-md-2 u-sm-1 wp-block-group is-layout-grid wp-block-group-is-layout-grid gallery alignwide\">\n\n        <div class=\"b-cards__item\">\n\n        \n      <figure>\n                 <img loading=\"lazy\" decoding=\"async\" width=\"1024\" height=\"683\" src=\"https:\/\/www.leeb-balkone.com\/app\/uploads\/2022\/03\/AdobeStock_223969614-1024x683.jpg\" class=\"attachment-large size-large\" alt=\"AdobeStock_223969614\" srcset=\"https:\/\/www.leeb-balkone.com\/app\/uploads\/2022\/03\/AdobeStock_223969614-1024x683.jpg 1024w, https:\/\/www.leeb-balkone.com\/app\/uploads\/2022\/03\/AdobeStock_223969614-300x200.jpg 300w, https:\/\/www.leeb-balkone.com\/app\/uploads\/2022\/03\/AdobeStock_223969614-768x512.jpg 768w, https:\/\/www.leeb-balkone.com\/app\/uploads\/2022\/03\/AdobeStock_223969614-1536x1024.jpg 1536w, https:\/\/www.leeb-balkone.com\/app\/uploads\/2022\/03\/AdobeStock_223969614-2048x1366.jpg 2048w\" sizes=\"auto, (min-width: 1200px) 1024px, (min-width: 1024px) 768px, (min-width: 640px) 768px, 768px\" \/>              <\/figure>\n\n                  \n  \n<\/div>\n\n        <div class=\"b-cards__item\">\n\n        \n      <figure>\n                 <img loading=\"lazy\" decoding=\"async\" width=\"1024\" height=\"685\" src=\"https:\/\/www.leeb-balkone.com\/app\/uploads\/2020\/10\/traum-vom-eigenheim-1024x685.jpg\" class=\"attachment-large size-large\" alt=\"traum vom eigenheim\" srcset=\"https:\/\/www.leeb-balkone.com\/app\/uploads\/2020\/10\/traum-vom-eigenheim-1024x685.jpg 1024w, https:\/\/www.leeb-balkone.com\/app\/uploads\/2020\/10\/traum-vom-eigenheim-300x201.jpg 300w, https:\/\/www.leeb-balkone.com\/app\/uploads\/2020\/10\/traum-vom-eigenheim-768x514.jpg 768w, https:\/\/www.leeb-balkone.com\/app\/uploads\/2020\/10\/traum-vom-eigenheim-1536x1027.jpg 1536w, https:\/\/www.leeb-balkone.com\/app\/uploads\/2020\/10\/traum-vom-eigenheim-2048x1370.jpg 2048w\" sizes=\"auto, (min-width: 1200px) 1024px, (min-width: 1024px) 768px, (min-width: 640px) 768px, 768px\" \/>              <\/figure>\n\n                  \n  \n<\/div>\n\n    <\/div>\n\n<\/div><\/div><\/div><\/div>\n\n\n\n<div class=\"wp-block-cgb-t3-container-block none\" style=\"background-color:none\"><div class=\"grid-container\"><div class=\"grid-x\"><div class=\"cell small-12 medium-9 large-0 medium-offset-1 b-has-lsmb\">\n<h2 class=\"wp-block-heading\" id=\"grund-3\"><strong>Grund Nr. 3: Rostflecken und Feuchtigkeitsausbl\u00fchungen<\/strong><\/h2>\n\n\n\n<p>Rostflecken und Feuchtigkeitsausbl\u00fchungen sollten unbedingt ernst genommen werden!<strong><br><\/strong>Ein klares Anzeichen daf\u00fcr, dass Ihr Balkon saniert werden sollte, sind <strong>Risse<\/strong> im Bodenbelag, <strong>Rostflecken<\/strong>, <strong>Verf\u00e4rbungen<\/strong> oder bei Betonkonstruktionen sogenannte <strong>Feuchtigkeitsausbl\u00fchungen<\/strong> bzw. <strong>br\u00f6ckelnder Beton<\/strong>.<\/p>\n\n\n\n<p>Speziell bei Holzkonstruktionen, wo sich bei der Montage handwerkliche Fehler eingeschlichen haben, erkennt man leider oft \u00fcber einen langen Zeitraum keinerlei Probleme. Obwohl das <strong>Holz<\/strong> bereits von innen heraus zu <strong>morschen<\/strong> beginnt. Gerade Holzbalkone sollten deshalb unbedingt von einem Fachmann ausgef\u00fchrt werden, der auf wichtige Details wie den <a href=\"https:\/\/www.leeb-balkone.com\/de\/technik\/holzschutz\/\">konstruktiven Holzschutz samt Hinterl\u00fcftung<\/a> achtet und so eine deutlich l\u00e4ngere Lebenszeit Ihres neuen Balkons garantiert.<\/p>\n\n\n\n<p>In manchen F\u00e4llen erkennt man Probleme am Balkon auch gar nicht von au\u00dfen. Aber <strong>feuchte W\u00e4nde <\/strong>oder <strong>Schimmel<\/strong> in den angrenzenden R\u00e4umen sind ein <strong>Alarmzeichen<\/strong>, das zum Anlass genommen werden muss, um von einem Profi einen genaueren Blick auf den Zustand des Balkons werfen zu lassen. Speziell eindringende Feuchtigkeit kann zu hohen Folgesch\u00e4den am Haus f\u00fchren. Um diese zu verhindern, ist eine rechtzeitige Sanierung des Balkons dringend zu empfehlen! Die <a href=\"https:\/\/www.leeb-balkone.com\/de\/technik\/vacu-protect\/\">Komplettimpr\u00e4gnierung VACU-PROTECT\u00ae<\/a> wurde von Leeb speziell f\u00fcr perfekten Holzschutz und dauerhaft sch\u00f6ne Optik entwickelt.<\/p>\n<\/div><\/div><\/div><\/div>\n\n\n\n<div class=\"wp-block-cgb-t3-container-block none\" style=\"background-color:none\"><div class=\"grid-container\"><div class=\"grid-x\"><div class=\"cell small-12 medium-0 large-0\"><div id=\"lightgallery-block_acf-block-698493cc73c46\" data-block_acf-block-698493cc73c46 class=\"has-2-imgs b-cards b-cards--gallery u-grid-temp has-2-cols u-md-2 u-sm-1 wp-block-group is-layout-grid wp-block-group-is-layout-grid gallery alignwide\">\n\n        <div class=\"b-cards__item\">\n\n        \n      <figure>\n                 <img loading=\"lazy\" decoding=\"async\" width=\"1024\" height=\"768\" src=\"https:\/\/www.leeb-balkone.com\/app\/uploads\/2022\/03\/balkon-sanierung-morsches-holz-1024x768.jpg\" class=\"attachment-large size-large\" alt=\"balkon sanierung morsches holz\" srcset=\"https:\/\/www.leeb-balkone.com\/app\/uploads\/2022\/03\/balkon-sanierung-morsches-holz-1024x768.jpg 1024w, https:\/\/www.leeb-balkone.com\/app\/uploads\/2022\/03\/balkon-sanierung-morsches-holz-300x225.jpg 300w, https:\/\/www.leeb-balkone.com\/app\/uploads\/2022\/03\/balkon-sanierung-morsches-holz-768x576.jpg 768w, https:\/\/www.leeb-balkone.com\/app\/uploads\/2022\/03\/balkon-sanierung-morsches-holz-1536x1152.jpg 1536w, https:\/\/www.leeb-balkone.com\/app\/uploads\/2022\/03\/balkon-sanierung-morsches-holz-scaled.jpg 2048w\" sizes=\"auto, (min-width: 1200px) 1024px, (min-width: 1024px) 768px, (min-width: 640px) 768px, 768px\" \/>              <\/figure>\n\n                  \n  \n<\/div>\n\n        <div class=\"b-cards__item\">\n\n        \n      <figure>\n                 <img loading=\"lazy\" decoding=\"async\" width=\"1024\" height=\"768\" src=\"https:\/\/www.leeb-balkone.com\/app\/uploads\/2022\/03\/balkon-sanierung-risse-im-boden-1024x768.jpg\" class=\"attachment-large size-large\" alt=\"balkon sanierung risse im boden\" srcset=\"https:\/\/www.leeb-balkone.com\/app\/uploads\/2022\/03\/balkon-sanierung-risse-im-boden-1024x768.jpg 1024w, https:\/\/www.leeb-balkone.com\/app\/uploads\/2022\/03\/balkon-sanierung-risse-im-boden-300x225.jpg 300w, https:\/\/www.leeb-balkone.com\/app\/uploads\/2022\/03\/balkon-sanierung-risse-im-boden-768x576.jpg 768w, https:\/\/www.leeb-balkone.com\/app\/uploads\/2022\/03\/balkon-sanierung-risse-im-boden-1536x1152.jpg 1536w, https:\/\/www.leeb-balkone.com\/app\/uploads\/2022\/03\/balkon-sanierung-risse-im-boden-scaled.jpg 2048w\" sizes=\"auto, (min-width: 1200px) 1024px, (min-width: 1024px) 768px, (min-width: 640px) 768px, 768px\" \/>              <\/figure>\n\n                  \n  \n<\/div>\n\n    <\/div>\n\n<\/div><\/div><\/div><\/div>\n\n\n\n<div class=\"wp-block-cgb-t3-container-block none\" style=\"background-color:none\"><div class=\"grid-container\"><div class=\"grid-x\"><div class=\"cell small-12 medium-9 large-0 medium-offset-1 b-has-lsmb\">\n<h2 class=\"wp-block-heading\" id=\"grund-4\"><strong><strong>Grund Nr. 4: Sicherheit geht vor<\/strong><\/strong><\/h2>\n\n\n\n<p>Was viele nicht bedenken: Ein Balkon bzw. ein Gel\u00e4nder ist ein <strong>sicherheitsrelevantes Bauteil<\/strong>! Fehler k\u00f6nnen hier fatale Folgen haben. Aus diesem Grund gibt es eine Reihe von <strong>Normen und Richtlinien<\/strong>, die bei der Konstruktion beachtet werden m\u00fcssen. Von der <strong>H\u00f6he<\/strong> des Gel\u00e4nders \u00fcber die <strong>Statik<\/strong> bis zur <strong>Ausgestaltung<\/strong>, etwa was die Abst\u00e4nde zwischen den einzelnen St\u00e4ben betrifft. Mit derlei Vorschriften soll verhindert werden, dass Kinder ein Gel\u00e4nder erklettern und sich so blitzschnell in Gefahr bringen.<\/p>\n\n\n\n<p>Das Problem ist nur: Viele Laien wissen nichts um all diese Richtlinien. Sie marschieren zum n\u00e4chsten Baumarkt und montieren das neue Gel\u00e4nder Ihres Balkons in Eigenregie. Teils mit sicherheitstechnisch haarstr\u00e4ubenden Ergebnissen. So sind etwa Edelstahlsysteme mit horizontalen St\u00e4ben nicht zul\u00e4ssig. Ebenso wie die Verwendung von Plastik-D\u00fcbeln bei Betonkonstruktionen. Beispiele wie diese zeigen, dass Laien hier schnell \u00fcberfordert sein k\u00f6nnen. In dem Fall ist nicht nur die Gefahr deutlich h\u00f6her, dass fr\u00fcher oder sp\u00e4ter etwas passiert. Wenn es so ist, steht der Errichter bzw. H\u00e4uslbauer auch <strong>selbst in der Haftung<\/strong>!<\/p>\n\n\n\n<p>Vertrauen Sie deshalb auf einen Fachmann von Leeb. Er hilft Ihnen dabei, bei der riesigen Auswahl an Modellen, Materialien und Farben das Richtige zu finden. Er wei\u00df auch genau \u00fcber die Anforderungen hinsichtlich Absturzsicherung sowie die Vorschriften der jeweiligen Bauordnung Bescheid und wird diese gewissenhaft einhalten!<\/p>\n<\/div><\/div><\/div><\/div>\n\n\n\n<div class=\"wp-block-cgb-t3-container-block none\" style=\"background-color:none\"><div class=\"grid-container\"><div class=\"grid-x\"><div class=\"cell small-12 medium-0 large-0\"><div id=\"lightgallery-block_acf-block-698493cc73c5a\" data-block_acf-block-698493cc73c5a class=\"has-2-imgs b-cards b-cards--gallery u-grid-temp has-2-cols u-md-2 u-sm-1 wp-block-group is-layout-grid wp-block-group-is-layout-grid gallery alignwide\">\n\n        <div class=\"b-cards__item\">\n\n        \n      <figure>\n                 <img loading=\"lazy\" decoding=\"async\" width=\"700\" height=\"500\" src=\"https:\/\/www.leeb-balkone.com\/app\/uploads\/2021\/04\/beitragsbild_zertifiziert_q.jpg\" class=\"attachment-large size-large\" alt=\"beitragsbild_zertifiziert_q\" srcset=\"https:\/\/www.leeb-balkone.com\/app\/uploads\/2021\/04\/beitragsbild_zertifiziert_q.jpg 700w, https:\/\/www.leeb-balkone.com\/app\/uploads\/2021\/04\/beitragsbild_zertifiziert_q-300x214.jpg 300w\" sizes=\"auto, (min-width: 1200px) 1024px, (min-width: 1024px) 768px, (min-width: 640px) 768px, 768px\" \/>              <\/figure>\n\n                  \n  \n<\/div>\n\n        <div class=\"b-cards__item\">\n\n        \n      <figure>\n                 <img loading=\"lazy\" decoding=\"async\" width=\"1024\" height=\"545\" src=\"https:\/\/www.leeb-balkone.com\/app\/uploads\/2020\/10\/balkongelaender-alu-design-casa-linea-3-1024x545.jpg\" class=\"attachment-large size-large\" alt=\"balkongelaender alu design casa linea 3\" srcset=\"https:\/\/www.leeb-balkone.com\/app\/uploads\/2020\/10\/balkongelaender-alu-design-casa-linea-3-1024x545.jpg 1024w, https:\/\/www.leeb-balkone.com\/app\/uploads\/2020\/10\/balkongelaender-alu-design-casa-linea-3-300x160.jpg 300w, https:\/\/www.leeb-balkone.com\/app\/uploads\/2020\/10\/balkongelaender-alu-design-casa-linea-3-768x408.jpg 768w, https:\/\/www.leeb-balkone.com\/app\/uploads\/2020\/10\/balkongelaender-alu-design-casa-linea-3-1536x817.jpg 1536w, https:\/\/www.leeb-balkone.com\/app\/uploads\/2020\/10\/balkongelaender-alu-design-casa-linea-3-2048x1089.jpg 2048w\" sizes=\"auto, (min-width: 1200px) 1024px, (min-width: 1024px) 768px, (min-width: 640px) 768px, 768px\" \/>              <\/figure>\n\n                  \n  \n<\/div>\n\n    <\/div>\n\n<\/div><\/div><\/div><\/div>\n\n\n\n<div class=\"wp-block-cgb-t3-container-block none\" style=\"background-color:none\"><div class=\"grid-container\"><div class=\"grid-x\"><div class=\"cell small-12 medium-9 large-0 medium-offset-1 b-has-lsmb\">\n<h2 class=\"wp-block-heading\" id=\"grund-5\"><strong><strong><strong>Grund Nr. 5: Sanieren und Vergr\u00f6\u00dfern in einem Schritt<\/strong><\/strong><\/strong><\/h2>\n\n\n\n<p>Ein Balkon ist immer auch ein Spiegelbild bestimmter Bau-Trends. Speziell in den 70er und 80ern entstanden bei Ein- oder Zweifamilienh\u00e4usern h\u00e4ufig lange, aber sehr schmale Balkone. Nicht selten ist hier gerade so viel Platz zwischen R\u00fcckwand und Balkongel\u00e4nder, dass eine Person sitzen und in die Natur blicken kann. Mit etwas Gl\u00fcck geht sich noch ein kleiner Tisch aus. Heutigen Anforderungen an einen Balkon &#8211; wo man sich trifft, wo man seine Tomaten gro\u00dfzieht oder gem\u00fctlich in auf Lounge-M\u00f6beln entspannt &#8211; werden diese meist viel zu klein bemessenen Balkone nicht mehr gerecht. Doch die gute Nachricht lautet: Das <strong>Erweitern eines Balkons<\/strong> ist inzwischen <strong>technisch keine gro\u00dfe Zauberei<\/strong> mehr. Wenn ohnehin eine Balkonsanierung ins Haus steht, sollten Sie sich \u00fcberlegen, im Zuge dessen eine <a href=\"https:\/\/www.leeb-balkone.com\/de\/anbaubalkone\/\">Vergr\u00f6\u00dferung<\/a> zu realisieren.<\/p>\n\n\n\n<p>Denn wer sein Wohnzimmer nach au\u00dfen hin verl\u00e4ngern und eine gem\u00fctliche Outdoor-Oase schaffen will, tut sich bei der <strong>Gestaltung<\/strong> bei ein paar Quadratmetern mehr deutlich leichter. Ein Grill oder die gem\u00fctliche Sitzgelegenheit, mit der Sie schon immer gelieb\u00e4ugelt haben, k\u00f6nnten sich dann endlich ausgehen!<\/p>\n\n\n\n<p><a href=\"https:\/\/www.leeb-balkone.com\/de\/service\/planungsservice\/\">Planungsservice von Leeb Balkone<br><\/a><a href=\"https:\/\/www.leeb-balkone.com\/de\/ueber-leeb\/umstyling-by-leeb\/\">Vorher-Nachher Balkon-Beispiele<\/a><\/p>\n<\/div><\/div><\/div><\/div>\n\n\n\n<div class=\"wp-block-cgb-t3-container-block none\" style=\"background-color:none\"><div class=\"grid-container\"><div class=\"grid-x\"><div class=\"cell small-12 medium-0 large-0\"><div id=\"lightgallery-block_acf-block-698493cc73c6e\" data-block_acf-block-698493cc73c6e class=\"has-2-imgs b-cards b-cards--gallery u-grid-temp has-2-cols u-md-2 u-sm-1 wp-block-group is-layout-grid wp-block-group-is-layout-grid gallery alignwide\">\n\n        <div class=\"b-cards__item\">\n\n        \n      <figure>\n                 <img loading=\"lazy\" decoding=\"async\" width=\"1024\" height=\"576\" src=\"https:\/\/www.leeb-balkone.com\/app\/uploads\/2021\/10\/vorher-nachher-anbaubalkon-1-1024x576.jpg\" class=\"attachment-large size-large\" alt=\"vorher nachher anbaubalkon 1\" srcset=\"https:\/\/www.leeb-balkone.com\/app\/uploads\/2021\/10\/vorher-nachher-anbaubalkon-1-1024x576.jpg 1024w, https:\/\/www.leeb-balkone.com\/app\/uploads\/2021\/10\/vorher-nachher-anbaubalkon-1-300x169.jpg 300w, https:\/\/www.leeb-balkone.com\/app\/uploads\/2021\/10\/vorher-nachher-anbaubalkon-1-768x432.jpg 768w, https:\/\/www.leeb-balkone.com\/app\/uploads\/2021\/10\/vorher-nachher-anbaubalkon-1-1536x864.jpg 1536w, https:\/\/www.leeb-balkone.com\/app\/uploads\/2021\/10\/vorher-nachher-anbaubalkon-1.jpg 2048w\" sizes=\"auto, (min-width: 1200px) 1024px, (min-width: 1024px) 768px, (min-width: 640px) 768px, 768px\" \/>              <\/figure>\n\n                  \n  \n<\/div>\n\n        <div class=\"b-cards__item\">\n\n        \n      <figure>\n                 <img loading=\"lazy\" decoding=\"async\" width=\"1024\" height=\"681\" src=\"https:\/\/www.leeb-balkone.com\/app\/uploads\/2021\/10\/vorher-nachher-anbaubalkon-madrid-1024x681.jpg\" class=\"attachment-large size-large\" alt=\"vorher nachher anbaubalkon madrid\" srcset=\"https:\/\/www.leeb-balkone.com\/app\/uploads\/2021\/10\/vorher-nachher-anbaubalkon-madrid-1024x681.jpg 1024w, https:\/\/www.leeb-balkone.com\/app\/uploads\/2021\/10\/vorher-nachher-anbaubalkon-madrid-300x200.jpg 300w, https:\/\/www.leeb-balkone.com\/app\/uploads\/2021\/10\/vorher-nachher-anbaubalkon-madrid-768x511.jpg 768w, https:\/\/www.leeb-balkone.com\/app\/uploads\/2021\/10\/vorher-nachher-anbaubalkon-madrid-1536x1022.jpg 1536w, https:\/\/www.leeb-balkone.com\/app\/uploads\/2021\/10\/vorher-nachher-anbaubalkon-madrid-scaled.jpg 2048w\" sizes=\"auto, (min-width: 1200px) 1024px, (min-width: 1024px) 768px, (min-width: 640px) 768px, 768px\" \/>              <\/figure>\n\n                  \n  \n<\/div>\n\n    <\/div>\n\n<\/div><\/div><\/div><\/div>\n\n\n\n<div class=\"wp-block-cgb-t3-container-block none\" style=\"background-color:none\"><div class=\"grid-container\"><div class=\"grid-x\"><div class=\"cell small-12 medium-9 large-0 medium-offset-1 b-has-lsmb\">\n<h2 class=\"wp-block-heading\" id=\"grund-6\"><strong><strong><strong><strong>Grund Nr. 6: Ausspannen statt Anstreichen&nbsp;<\/strong><\/strong><\/strong><\/strong><\/h2>\n\n\n\n<p>Leiter aufbauen, Abschleifen, Grundieren, Lasieren oder Streichen und sich dabei \u00fcber schwer erreichbare Stellen \u00e4rgern. Wer all diese Arbeiten ein f\u00fcr alle Mal abhaken m\u00f6chte, kann aufatmen. Moderne Materialien wie <a href=\"https:\/\/www.leeb-balkone.com\/de\/technik\/aluminium\/\">Aluminium<\/a> mit der speziellen <a href=\"https:\/\/www.leeb-balkone.com\/de\/technik\/alu-comfort-plus\/\"><\/a><a href=\"https:\/\/www.leeb-balkone.com\/de\/technik\/alu-comfort-plus\/\">Pulverbeschichtung ALU COMFORT PLUS\u00ae<\/a> von Leeb sorgen daf\u00fcr, dass Ihr <strong>neuer Balkon weitestgehend wartungsfrei<\/strong> ist. Wer auf die liebgewonnene Holzoptik nicht verzichten will, setzt einfach auf Aluminium-Modelle, die in vielen verschiedenen Holzdekoren lieferbar sind.<\/p>\n\n\n\n<p>Optisch ist ein Unterschied zu Echtholz kaum auszumachen. Aber die Lebensqualit\u00e4t und Freude am neuen Balkon sind eine v\u00f6llig andere! Denn die modernen <strong>kratzfesten und wasserabweisenden Oberfl\u00e4chen<\/strong> lassen selbst <strong>Schmutz<\/strong> kaum anhaften. Statt Streichen und Putzen hei\u00dft es nach einer Balkonsanierung f\u00fcr Sie nur mehr: Zur\u00fccklehnen und die Zeit zum Genie\u00dfen voll auskosten.<\/p>\n<\/div><\/div><\/div><\/div>\n\n\n\n<div class=\"wp-block-cgb-t3-container-block none\" style=\"background-color:none\"><div class=\"grid-container\"><div class=\"grid-x\"><div class=\"cell small-12 medium-0 large-0\"><div id=\"lightgallery-block_acf-block-698493cc73c82\" data-block_acf-block-698493cc73c82 class=\"has-2-imgs b-cards b-cards--gallery u-grid-temp has-2-cols u-md-2 u-sm-1 wp-block-group is-layout-grid wp-block-group-is-layout-grid gallery alignwide\">\n\n        <div class=\"b-cards__item\">\n\n        \n      <figure>\n                 <img loading=\"lazy\" decoding=\"async\" width=\"1024\" height=\"665\" src=\"https:\/\/www.leeb-balkone.com\/app\/uploads\/2021\/01\/alu-comfort-plus-1024x665.jpg\" class=\"attachment-large size-large\" alt=\"alu comfort plus\" srcset=\"https:\/\/www.leeb-balkone.com\/app\/uploads\/2021\/01\/alu-comfort-plus-1024x665.jpg 1024w, https:\/\/www.leeb-balkone.com\/app\/uploads\/2021\/01\/alu-comfort-plus-300x195.jpg 300w, https:\/\/www.leeb-balkone.com\/app\/uploads\/2021\/01\/alu-comfort-plus-768x499.jpg 768w, https:\/\/www.leeb-balkone.com\/app\/uploads\/2021\/01\/alu-comfort-plus-1536x997.jpg 1536w, https:\/\/www.leeb-balkone.com\/app\/uploads\/2021\/01\/alu-comfort-plus-2048x1330.jpg 2048w\" sizes=\"auto, (min-width: 1200px) 1024px, (min-width: 1024px) 768px, (min-width: 640px) 768px, 768px\" \/>              <\/figure>\n\n                  \n  \n<\/div>\n\n        <div class=\"b-cards__item\">\n\n        \n      <figure>\n                 <img loading=\"lazy\" decoding=\"async\" width=\"1024\" height=\"681\" src=\"https:\/\/www.leeb-balkone.com\/app\/uploads\/2021\/10\/balkongelaender-alu-design-barcelona-18aa-1024x681.jpg\" class=\"attachment-large size-large\" alt=\"balkongelaender alu design barcelona 18aa\" srcset=\"https:\/\/www.leeb-balkone.com\/app\/uploads\/2021\/10\/balkongelaender-alu-design-barcelona-18aa-1024x681.jpg 1024w, https:\/\/www.leeb-balkone.com\/app\/uploads\/2021\/10\/balkongelaender-alu-design-barcelona-18aa-300x199.jpg 300w, https:\/\/www.leeb-balkone.com\/app\/uploads\/2021\/10\/balkongelaender-alu-design-barcelona-18aa-768x510.jpg 768w, https:\/\/www.leeb-balkone.com\/app\/uploads\/2021\/10\/balkongelaender-alu-design-barcelona-18aa-1536x1021.jpg 1536w, https:\/\/www.leeb-balkone.com\/app\/uploads\/2021\/10\/balkongelaender-alu-design-barcelona-18aa-scaled.jpg 2048w\" sizes=\"auto, (min-width: 1200px) 1024px, (min-width: 1024px) 768px, (min-width: 640px) 768px, 768px\" \/>              <\/figure>\n\n                  \n  \n<\/div>\n\n    <\/div>\n\n<\/div><\/div><\/div><\/div>\n\n\n\n<div class=\"wp-block-cgb-t3-container-block none\" style=\"background-color:none\"><div class=\"grid-container\"><div class=\"grid-x\"><div class=\"cell small-12 medium-9 large-0 medium-offset-1 b-has-lsmb\">\n<h2 class=\"wp-block-heading\" id=\"fazit\"><strong><strong><strong><strong>Faz<strong>it<\/strong><\/strong><\/strong><\/strong><\/strong><\/h2>\n\n\n\n<p>Wer eine Balkonsanierung ins Auge fasst, darf sich auf eines freuen: Schon relativ kleine Ma\u00dfnahmen erzielen oft eine gro\u00dfe Wirkung. Das h\u00e4ngt damit zusammen, dass Balkone wichtige Gestaltungselemente sind, die das \u201eGesicht\u201c Ihres Hauses pr\u00e4gen. Dar\u00fcber hinaus schenken uns Balkone als erweiterter Wohnraum unglaublich <strong>viel Lebensqualit\u00e4t<\/strong>. Sobald Sie Ihre kleine gr\u00fcne Oase wieder auf Vordermann gebracht und liebevoll hergerichtet haben, wird diese ganz schnell zum <strong>neuen Lieblingstreffpunkt<\/strong> an lauen Sommerabenden oder zum <strong>R\u00fcckzugsort<\/strong> f\u00fcr entspannte Stunden.<\/p>\n\n\n\n<p>Eines sollten Sie aber beachten: Wenn Sie merken, dass in Sachen Balkonsanierung Handlungsbedarf besteht, empfiehlt es sich, <strong>nicht zu lange zu warten<\/strong>. Je fr\u00fcher Sie Ihren Balkon fachm\u00e4nnisch renovieren, desto h\u00f6her die Wahrscheinlichkeit, dass Sie dabei nicht allzu tief in die Tasche greifen m\u00fcssen. Wer zuwartet riskiert n\u00e4mlich ernsthafte Sch\u00e4den &#8211; unter Umst\u00e4nden sogar am Geb\u00e4ude selbst &#8211; die die Reparaturkosten in die H\u00f6he treiben. Und legen sie die Arbeiten in jedem Fall in die H\u00e4nde eines <strong>Fachmanns<\/strong>, der Erfahrung und das Wissen um bautechnische Vorschriften mitbringt. Sicher ist sicher!<\/p>\n\n\n\n<p><a href=\"https:\/\/www.leeb-balkone.com\/de\/kontakt\/katalog-anfordern\/\">Gratis Katalog anfordern<br><\/a><a href=\"https:\/\/www.leeb-balkone.com\/de\/vertriebspartner\/\">Leeb Partner in der N\u00e4he finden<\/a><br><a href=\"https:\/\/www.leeb-balkone.com\/de\/kontakt\/\">Kontakt aufnehmen \/ Anfrage stellen<\/a><\/p>\n<\/div><\/div><\/div><\/div>\n<\/section>\n","protected":false},"excerpt":{"rendered":"<p>6 Gr\u00fcnde, warum jetzt der richtige Zeitpunkt f\u00fcr eine Balkonsanierung gekommen ist.<\/p>\n","protected":false},"author":3,"featured_media":71652,"comment_status":"closed","ping_status":"open","sticky":false,"template":"template-onepager.blade.php","format":"standard","meta":{"_acf_changed":false,"footnotes":""},"categories":[50],"tags":[],"post_folder":[],"class_list":["post-37157","post","type-post","status-publish","format-standard","has-post-thumbnail","hentry","category-balkonbau-mit-leeb"],"acf":[],"yoast_head":"<!-- This site is optimized with the Yoast SEO plugin v27.2 - https:\/\/yoast.com\/product\/yoast-seo-wordpress\/ -->\n<title>Gute Gr\u00fcnde f\u00fcr eine Balkonsanierung - Leeb Balkone Deutschland<\/title>\n<meta name=\"description\" content=\"6 Gr\u00fcnde, warum jetzt der richtige Zeitpunkt f\u00fcr eine Balkonsanierung gekommen ist.\" \/>\n<meta name=\"robots\" content=\"index, follow, max-snippet:-1, max-image-preview:large, max-video-preview:-1\" \/>\n<meta property=\"og:locale\" content=\"de_DE\" \/>\n<meta property=\"og:type\" content=\"article\" \/>\n<meta property=\"og:title\" content=\"Gute Gr\u00fcnde f\u00fcr eine Balkonsanierung - Leeb Balkone\" \/>\n<meta property=\"og:description\" content=\"6 Gr\u00fcnde, warum jetzt der richtige Zeitpunkt f\u00fcr eine Balkonsanierung gekommen ist.\" \/>\n<meta property=\"og:url\" content=\"https:\/\/www.leeb-balkone.com\/de\/blog\/gute-gruende-fuer-eine-balkonsanierung\/\" \/>\n<meta property=\"og:site_name\" content=\"Leeb Balkone\" \/>\n<meta property=\"article:publisher\" content=\"https:\/\/www.facebook.com\/balkone\/\" \/>\n<meta property=\"article:published_time\" content=\"2022-03-03T07:44:00+00:00\" \/>\n<meta property=\"article:modified_time\" content=\"2026-02-05T12:57:52+00:00\" \/>\n<meta property=\"og:image\" content=\"https:\/\/www.leeb-balkone.com\/app\/uploads\/2022\/02\/leeb-3D-konfigurator.jpg\" \/>\n\t<meta property=\"og:image:width\" content=\"1920\" \/>\n\t<meta property=\"og:image:height\" content=\"1079\" \/>\n\t<meta property=\"og:image:type\" content=\"image\/jpeg\" \/>\n<meta name=\"author\" content=\"jbacher\" \/>\n<meta name=\"twitter:card\" content=\"summary_large_image\" \/>\n<script type=\"application\/ld+json\" class=\"yoast-schema-graph\">{\"@context\":\"https:\/\/schema.org\",\"@graph\":[{\"@type\":\"Article\",\"@id\":\"https:\/\/www.leeb-balkone.com\/de\/blog\/gute-gruende-fuer-eine-balkonsanierung\/#article\",\"isPartOf\":{\"@id\":\"https:\/\/www.leeb-balkone.com\/de\/blog\/gute-gruende-fuer-eine-balkonsanierung\/\"},\"author\":{\"name\":\"jbacher\",\"@id\":\"https:\/\/www.leeb-balkone.com\/de\/#\/schema\/person\/15f1f398efcf4703721e46c2136421fa\"},\"headline\":\"Gute Gr\u00fcnde f\u00fcr eine Balkonsanierung\",\"datePublished\":\"2022-03-03T07:44:00+00:00\",\"dateModified\":\"2026-02-05T12:57:52+00:00\",\"mainEntityOfPage\":{\"@id\":\"https:\/\/www.leeb-balkone.com\/de\/blog\/gute-gruende-fuer-eine-balkonsanierung\/\"},\"wordCount\":1549,\"publisher\":{\"@id\":\"https:\/\/www.leeb-balkone.com\/de\/#organization\"},\"image\":{\"@id\":\"https:\/\/www.leeb-balkone.com\/de\/blog\/gute-gruende-fuer-eine-balkonsanierung\/#primaryimage\"},\"thumbnailUrl\":\"https:\/\/www.leeb-balkone.com\/app\/uploads\/2022\/02\/leeb-3D-konfigurator.jpg\",\"articleSection\":[\"Balkonbau mit Leeb\"],\"inLanguage\":\"de\"},{\"@type\":\"WebPage\",\"@id\":\"https:\/\/www.leeb-balkone.com\/de\/blog\/gute-gruende-fuer-eine-balkonsanierung\/\",\"url\":\"https:\/\/www.leeb-balkone.com\/de\/blog\/gute-gruende-fuer-eine-balkonsanierung\/\",\"name\":\"Gute Gr\u00fcnde f\u00fcr eine Balkonsanierung - Leeb Balkone\",\"isPartOf\":{\"@id\":\"https:\/\/www.leeb-balkone.com\/de\/#website\"},\"primaryImageOfPage\":{\"@id\":\"https:\/\/www.leeb-balkone.com\/de\/blog\/gute-gruende-fuer-eine-balkonsanierung\/#primaryimage\"},\"image\":{\"@id\":\"https:\/\/www.leeb-balkone.com\/de\/blog\/gute-gruende-fuer-eine-balkonsanierung\/#primaryimage\"},\"thumbnailUrl\":\"https:\/\/www.leeb-balkone.com\/app\/uploads\/2022\/02\/leeb-3D-konfigurator.jpg\",\"datePublished\":\"2022-03-03T07:44:00+00:00\",\"dateModified\":\"2026-02-05T12:57:52+00:00\",\"description\":\"6 Gr\u00fcnde, warum jetzt der richtige Zeitpunkt f\u00fcr eine Balkonsanierung gekommen ist.\",\"breadcrumb\":{\"@id\":\"https:\/\/www.leeb-balkone.com\/de\/blog\/gute-gruende-fuer-eine-balkonsanierung\/#breadcrumb\"},\"inLanguage\":\"de\",\"potentialAction\":[{\"@type\":\"ReadAction\",\"target\":[\"https:\/\/www.leeb-balkone.com\/de\/blog\/gute-gruende-fuer-eine-balkonsanierung\/\"]}]},{\"@type\":\"ImageObject\",\"inLanguage\":\"de\",\"@id\":\"https:\/\/www.leeb-balkone.com\/de\/blog\/gute-gruende-fuer-eine-balkonsanierung\/#primaryimage\",\"url\":\"https:\/\/www.leeb-balkone.com\/app\/uploads\/2022\/02\/leeb-3D-konfigurator.jpg\",\"contentUrl\":\"https:\/\/www.leeb-balkone.com\/app\/uploads\/2022\/02\/leeb-3D-konfigurator.jpg\",\"width\":1920,\"height\":1079},{\"@type\":\"BreadcrumbList\",\"@id\":\"https:\/\/www.leeb-balkone.com\/de\/blog\/gute-gruende-fuer-eine-balkonsanierung\/#breadcrumb\",\"itemListElement\":[{\"@type\":\"ListItem\",\"position\":1,\"name\":\"Home\",\"item\":\"https:\/\/www.leeb-balkone.com\/de\/\"},{\"@type\":\"ListItem\",\"position\":2,\"name\":\"Gute Gr\u00fcnde f\u00fcr eine Balkonsanierung\"}]},{\"@type\":\"WebSite\",\"@id\":\"https:\/\/www.leeb-balkone.com\/de\/#website\",\"url\":\"https:\/\/www.leeb-balkone.com\/de\/\",\"name\":\"Leeb Balkone\",\"description\":\"Balkone und Z\u00e4une\",\"publisher\":{\"@id\":\"https:\/\/www.leeb-balkone.com\/de\/#organization\"},\"potentialAction\":[{\"@type\":\"SearchAction\",\"target\":{\"@type\":\"EntryPoint\",\"urlTemplate\":\"https:\/\/www.leeb-balkone.com\/de\/?s={search_term_string}\"},\"query-input\":{\"@type\":\"PropertyValueSpecification\",\"valueRequired\":true,\"valueName\":\"search_term_string\"}}],\"inLanguage\":\"de\"},{\"@type\":\"Organization\",\"@id\":\"https:\/\/www.leeb-balkone.com\/de\/#organization\",\"name\":\"Leeb Balkone Gmbh\",\"url\":\"https:\/\/www.leeb-balkone.com\/de\/\",\"logo\":{\"@type\":\"ImageObject\",\"inLanguage\":\"de\",\"@id\":\"https:\/\/www.leeb-balkone.com\/de\/#\/schema\/logo\/image\/\",\"url\":\"https:\/\/www.leeb-balkone.com\/app\/uploads\/2020\/11\/leeb-logo.svg\",\"contentUrl\":\"https:\/\/www.leeb-balkone.com\/app\/uploads\/2020\/11\/leeb-logo.svg\",\"width\":741,\"height\":204,\"caption\":\"Leeb Balkone Gmbh\"},\"image\":{\"@id\":\"https:\/\/www.leeb-balkone.com\/de\/#\/schema\/logo\/image\/\"},\"sameAs\":[\"https:\/\/www.facebook.com\/balkone\/\",\"https:\/\/www.trustedshops.at\/bewertung\/info_X4587CCF5833E31AFE0B11F47D86999F2.html\",\"https:\/\/www.trustedshops.de\/bewertung\/info_X7BA536A7A0BDC86D36C4718E4DCAEEEF.html\",\"https:\/\/www.google.com\/maps\/place\/?q=place_id:ChIJ5-zH19-IcEcR9HonWRTllHI\"]},{\"@type\":\"Person\",\"@id\":\"https:\/\/www.leeb-balkone.com\/de\/#\/schema\/person\/15f1f398efcf4703721e46c2136421fa\",\"name\":\"jbacher\"}]}<\/script>\n<!-- \/ Yoast SEO plugin. -->","yoast_head_json":{"title":"Gute Gr\u00fcnde f\u00fcr eine Balkonsanierung - Leeb Balkone Deutschland","description":"6 Gr\u00fcnde, warum jetzt der richtige Zeitpunkt f\u00fcr eine Balkonsanierung gekommen ist.","robots":{"index":"index","follow":"follow","max-snippet":"max-snippet:-1","max-image-preview":"max-image-preview:large","max-video-preview":"max-video-preview:-1"},"og_locale":"de_DE","og_type":"article","og_title":"Gute Gr\u00fcnde f\u00fcr eine Balkonsanierung - Leeb Balkone","og_description":"6 Gr\u00fcnde, warum jetzt der richtige Zeitpunkt f\u00fcr eine Balkonsanierung gekommen ist.","og_url":"https:\/\/www.leeb-balkone.com\/de\/blog\/gute-gruende-fuer-eine-balkonsanierung\/","og_site_name":"Leeb Balkone","article_publisher":"https:\/\/www.facebook.com\/balkone\/","article_published_time":"2022-03-03T07:44:00+00:00","article_modified_time":"2026-02-05T12:57:52+00:00","og_image":[{"width":1920,"height":1079,"url":"https:\/\/www.leeb-balkone.com\/app\/uploads\/2022\/02\/leeb-3D-konfigurator.jpg","type":"image\/jpeg"}],"author":"jbacher","twitter_card":"summary_large_image","schema":{"@context":"https:\/\/schema.org","@graph":[{"@type":"Article","@id":"https:\/\/www.leeb-balkone.com\/de\/blog\/gute-gruende-fuer-eine-balkonsanierung\/#article","isPartOf":{"@id":"https:\/\/www.leeb-balkone.com\/de\/blog\/gute-gruende-fuer-eine-balkonsanierung\/"},"author":{"name":"jbacher","@id":"https:\/\/www.leeb-balkone.com\/de\/#\/schema\/person\/15f1f398efcf4703721e46c2136421fa"},"headline":"Gute Gr\u00fcnde f\u00fcr eine Balkonsanierung","datePublished":"2022-03-03T07:44:00+00:00","dateModified":"2026-02-05T12:57:52+00:00","mainEntityOfPage":{"@id":"https:\/\/www.leeb-balkone.com\/de\/blog\/gute-gruende-fuer-eine-balkonsanierung\/"},"wordCount":1549,"publisher":{"@id":"https:\/\/www.leeb-balkone.com\/de\/#organization"},"image":{"@id":"https:\/\/www.leeb-balkone.com\/de\/blog\/gute-gruende-fuer-eine-balkonsanierung\/#primaryimage"},"thumbnailUrl":"https:\/\/www.leeb-balkone.com\/app\/uploads\/2022\/02\/leeb-3D-konfigurator.jpg","articleSection":["Balkonbau mit Leeb"],"inLanguage":"de"},{"@type":"WebPage","@id":"https:\/\/www.leeb-balkone.com\/de\/blog\/gute-gruende-fuer-eine-balkonsanierung\/","url":"https:\/\/www.leeb-balkone.com\/de\/blog\/gute-gruende-fuer-eine-balkonsanierung\/","name":"Gute Gr\u00fcnde f\u00fcr eine Balkonsanierung - Leeb Balkone","isPartOf":{"@id":"https:\/\/www.leeb-balkone.com\/de\/#website"},"primaryImageOfPage":{"@id":"https:\/\/www.leeb-balkone.com\/de\/blog\/gute-gruende-fuer-eine-balkonsanierung\/#primaryimage"},"image":{"@id":"https:\/\/www.leeb-balkone.com\/de\/blog\/gute-gruende-fuer-eine-balkonsanierung\/#primaryimage"},"thumbnailUrl":"https:\/\/www.leeb-balkone.com\/app\/uploads\/2022\/02\/leeb-3D-konfigurator.jpg","datePublished":"2022-03-03T07:44:00+00:00","dateModified":"2026-02-05T12:57:52+00:00","description":"6 Gr\u00fcnde, warum jetzt der richtige Zeitpunkt f\u00fcr eine Balkonsanierung gekommen ist.","breadcrumb":{"@id":"https:\/\/www.leeb-balkone.com\/de\/blog\/gute-gruende-fuer-eine-balkonsanierung\/#breadcrumb"},"inLanguage":"de","potentialAction":[{"@type":"ReadAction","target":["https:\/\/www.leeb-balkone.com\/de\/blog\/gute-gruende-fuer-eine-balkonsanierung\/"]}]},{"@type":"ImageObject","inLanguage":"de","@id":"https:\/\/www.leeb-balkone.com\/de\/blog\/gute-gruende-fuer-eine-balkonsanierung\/#primaryimage","url":"https:\/\/www.leeb-balkone.com\/app\/uploads\/2022\/02\/leeb-3D-konfigurator.jpg","contentUrl":"https:\/\/www.leeb-balkone.com\/app\/uploads\/2022\/02\/leeb-3D-konfigurator.jpg","width":1920,"height":1079},{"@type":"BreadcrumbList","@id":"https:\/\/www.leeb-balkone.com\/de\/blog\/gute-gruende-fuer-eine-balkonsanierung\/#breadcrumb","itemListElement":[{"@type":"ListItem","position":1,"name":"Home","item":"https:\/\/www.leeb-balkone.com\/de\/"},{"@type":"ListItem","position":2,"name":"Gute Gr\u00fcnde f\u00fcr eine Balkonsanierung"}]},{"@type":"WebSite","@id":"https:\/\/www.leeb-balkone.com\/de\/#website","url":"https:\/\/www.leeb-balkone.com\/de\/","name":"Leeb Balkone","description":"Balkone und Z\u00e4une","publisher":{"@id":"https:\/\/www.leeb-balkone.com\/de\/#organization"},"potentialAction":[{"@type":"SearchAction","target":{"@type":"EntryPoint","urlTemplate":"https:\/\/www.leeb-balkone.com\/de\/?s={search_term_string}"},"query-input":{"@type":"PropertyValueSpecification","valueRequired":true,"valueName":"search_term_string"}}],"inLanguage":"de"},{"@type":"Organization","@id":"https:\/\/www.leeb-balkone.com\/de\/#organization","name":"Leeb Balkone Gmbh","url":"https:\/\/www.leeb-balkone.com\/de\/","logo":{"@type":"ImageObject","inLanguage":"de","@id":"https:\/\/www.leeb-balkone.com\/de\/#\/schema\/logo\/image\/","url":"https:\/\/www.leeb-balkone.com\/app\/uploads\/2020\/11\/leeb-logo.svg","contentUrl":"https:\/\/www.leeb-balkone.com\/app\/uploads\/2020\/11\/leeb-logo.svg","width":741,"height":204,"caption":"Leeb Balkone Gmbh"},"image":{"@id":"https:\/\/www.leeb-balkone.com\/de\/#\/schema\/logo\/image\/"},"sameAs":["https:\/\/www.facebook.com\/balkone\/","https:\/\/www.trustedshops.at\/bewertung\/info_X4587CCF5833E31AFE0B11F47D86999F2.html","https:\/\/www.trustedshops.de\/bewertung\/info_X7BA536A7A0BDC86D36C4718E4DCAEEEF.html","https:\/\/www.google.com\/maps\/place\/?q=place_id:ChIJ5-zH19-IcEcR9HonWRTllHI"]},{"@type":"Person","@id":"https:\/\/www.leeb-balkone.com\/de\/#\/schema\/person\/15f1f398efcf4703721e46c2136421fa","name":"jbacher"}]}},"_links":{"self":[{"href":"https:\/\/www.leeb-balkone.com\/de\/wp-json\/wp\/v2\/posts\/37157","targetHints":{"allow":["GET"]}}],"collection":[{"href":"https:\/\/www.leeb-balkone.com\/de\/wp-json\/wp\/v2\/posts"}],"about":[{"href":"https:\/\/www.leeb-balkone.com\/de\/wp-json\/wp\/v2\/types\/post"}],"author":[{"embeddable":true,"href":"https:\/\/www.leeb-balkone.com\/de\/wp-json\/wp\/v2\/users\/3"}],"replies":[{"embeddable":true,"href":"https:\/\/www.leeb-balkone.com\/de\/wp-json\/wp\/v2\/comments?post=37157"}],"version-history":[{"count":8,"href":"https:\/\/www.leeb-balkone.com\/de\/wp-json\/wp\/v2\/posts\/37157\/revisions"}],"predecessor-version":[{"id":163977,"href":"https:\/\/www.leeb-balkone.com\/de\/wp-json\/wp\/v2\/posts\/37157\/revisions\/163977"}],"wp:featuredmedia":[{"embeddable":true,"href":"https:\/\/www.leeb-balkone.com\/de\/wp-json\/wp\/v2\/media\/71652"}],"wp:attachment":[{"href":"https:\/\/www.leeb-balkone.com\/de\/wp-json\/wp\/v2\/media?parent=37157"}],"wp:term":[{"taxonomy":"category","embeddable":true,"href":"https:\/\/www.leeb-balkone.com\/de\/wp-json\/wp\/v2\/categories?post=37157"},{"taxonomy":"post_tag","embeddable":true,"href":"https:\/\/www.leeb-balkone.com\/de\/wp-json\/wp\/v2\/tags?post=37157"},{"taxonomy":"post_folder","embeddable":true,"href":"https:\/\/www.leeb-balkone.com\/de\/wp-json\/wp\/v2\/post_folder?post=37157"}],"curies":[{"name":"wp","href":"https:\/\/api.w.org\/{rel}","templated":true}]}}