{"id":156055,"date":"2025-09-17T09:04:35","date_gmt":"2025-09-17T09:04:35","guid":{"rendered":"https:\/\/www.leeb-balkone.com\/de\/?p=156055"},"modified":"2025-09-18T15:55:56","modified_gmt":"2025-09-18T15:55:56","slug":"video-inspiration-balkone-zaeune-ueberdachungen-leeb","status":"publish","type":"post","link":"https:\/\/www.leeb-balkone.com\/de\/blog\/video-inspiration-balkone-zauen-ueberdachungen-leeb\/","title":{"rendered":"Leeb Inspirationen: Balkone, Z\u00e4une, \u00dcberdachungen von Europas Nr. 1"},"content":{"rendered":"<header class=\"wp-block-group alignfull t3-header u-max-wide t3-header-text has-white-background-color has-background has-global-padding is-layout-constrained wp-block-group-is-layout-constrained\">\n    <div class=\"wp-block-group o-grid u-md-1 u-sm-1 is-layout-flow wp-block-group-is-layout-flow\">\n  <div class=\"wp-block-group u-g-10 u-g-s-2\">\n      <div class=\"yoast-breadcrumbs\"><span><span><a href=\"https:\/\/www.leeb-balkone.com\/de\/\">Home<\/a><\/span><\/span><\/div>\n      \n    <h1>Leeb Inspirationen: Balkone, Z\u00e4une, \u00dcberdachungen von Europas Nr. 1<\/h1>\n  <\/div>\n<\/div>\n  <\/header>\n\n\n\n\n\n\n\n<section class=\"wp-block-cgb-t3-section-block alignfull b-pt-small  is-style-bg-white\" style=\"display:inherit;min-height:inherit\">\n<div class=\"wp-block-cgb-t3-container-block none\" style=\"background-color:none\"><div class=\"grid-container\"><div class=\"grid-x\"><div class=\"cell small-12 medium-9 large-0 medium-offset-1 b-has-lsmb\">\n<p><span class=\"teaser\">In diesem Video geben wir einen kleinen Einblick in die stimmungsvolle Welt der Leeb Balkone, Z\u00e4une und Terassen\u00fcberdachungen. Wir zeigen Ihnen, wie wir mit unseren ma\u00dfgeschneiderten L\u00f6sungen aus hochwertigem Aluminium und Glas Wohnr\u00e4ume erweitern und die Lebensqualit\u00e4t im Freien steigern. Lassen Sie sich inspirieren! <\/span><\/p>\n\n\n\n<p><\/p>\n<\/div><\/div><\/div><\/div>\n\n\n\n<div class=\"wp-block-cgb-t3-container-block none\" style=\"background-color:none\"><div class=\"grid-container\"><div class=\"grid-x\"><div class=\"cell small-12 medium-0 large-0 b-has-lsmb\">\n<!-- LEEB Balkone GmbH Video: InspirationserLEEBnisse \u2013 Balkone, Z\u00e4une, Terrassen\u00fcberdachungen von Europas Nr. 1 -->\n<div class=\"video-container\" style=\"position:relative; padding-bottom:56.25%; height:0; overflow:hidden;\">\n  <iframe \n    src=\"https:\/\/www.youtube.com\/embed\/_DSi8MwwWos?rel=0\" \n    width=\"560\" \n    height=\"315\"\n    title=\"InspirationserLEEBnisse \u2013 Balkone, Z\u00e4une, Terrassen\u00fcberdachungen von Europas Nr. 1\"\n    frameborder=\"0\"\n    allow=\"accelerometer; autoplay; clipboard-write; encrypted-media; gyroscope; picture-in-picture; web-share\"\n    allowfullscreen\n    loading=\"lazy\"\n    tabindex=\"0\">\n  <\/iframe>\n<\/div>\n<!-- Structured Data f\u00fcr SEO -->\n<script type=\"application\/ld+json\">\n{\n  \"@context\": \"https:\/\/schema.org\",\n  \"@type\": \"VideoObject\",\n  \"name\": \"InspirationserLEEBnisse \u2013 Balkone, Z\u00e4une, Terrassen\u00fcberdachungen von Europas Nr. 1\",\n  \"description\": \"Inspirationen und L\u00f6sungen von LEEB Balkone GmbH f\u00fcr Balkone, Z\u00e4une und Terrassen\u00fcberdachungen.\",\n  \"thumbnailUrl\": \"https:\/\/i.ytimg.com\/vi\/_DSi8MwwWos\/hqdefault.jpg\",\n  \"uploadDate\": \"2023-01-30\",\n  \"duration\": \"PT21M26S\",\n  \"publisher\": {\n    \"@type\": \"Organization\",\n    \"name\": \"LEEB Balkone GmbH\"\n  },\n  \"contentUrl\": \"https:\/\/www.youtube.com\/watch?v=_DSi8MwwWos\"\n}\n<\/script>\n<\/div><\/div><\/div><\/div>\n\n\n\n<div class=\"wp-block-group is-layout-flow wp-block-group-is-layout-flow\">\n<div class=\"wp-block-cgb-t3-container-block none\" style=\"background-color:none\"><div class=\"grid-container\"><div class=\"grid-x\"><div class=\"cell small-12 medium-9 large-0 medium-offset-1\">\n<h2 class=\"wp-block-heading\"><span class=\"teaser\">Video<\/span><\/h2>\n\n\n\n<h2 class=\"wp-block-heading\" id=\"Allgemeines\">Leeb Balkone ist Europas Nr. 1 <\/h2>\n\n\n\n<p>Als Europas Marktf\u00fchrer f\u00fcr Balkone und Z\u00e4une steht der Name Leeb Balkone seit \u00fcber 110 Jahren f\u00fcr h\u00f6chste Qualit\u00e4t und Innovationskraft. Von unserem Standort in \u00d6sterreich aus setzen wir auf langlebige Materialien, meisterhafte Verarbeitung und eine herausragende Liebe zum Detail. Wir begleiten Sie von der ersten Idee \u00fcber die professionelle Planung bis hin zur Montage und garantieren Ihnen so ein Ergebnis, das in Sachen Funktionalit\u00e4t, \u00c4sthetik und Sicherheit keine W\u00fcnsche offenl\u00e4sst.<\/p>\n\n\n\n<h3 class=\"wp-block-heading\">Balkone<\/h3>\n\n\n\n<p>Unsere Leeb Balkone sind das Herzst\u00fcck unserer Marke. Ob Sie einen <a href=\"https:\/\/www.leeb-balkone.com\/de\/anbaubalkone\/\">Balkon nachtr\u00e4glich anbauen<\/a>, erweitern oder Ihr bestehendes <a href=\"https:\/\/www.leeb-balkone.com\/de\/balkongelaender\/balkongelaender-alu\/\">Gel\u00e4nder modernisieren<\/a> m\u00f6chten \u2013 wir bieten f\u00fcr jeden Bedarf die passende L\u00f6sung. Einer der Gr\u00fcnde f\u00fcr die herausragenden Robustheit und Langlebigkeit liegt in der einzigartigen AluComfort\u00ae Plus Beschichtung, die unsere Aluminiumprofile absolut wartungsfrei und extrem witterungsbest\u00e4ndig macht. So genie\u00dfen Sie dauerhafte Sch\u00f6nheit ganz ohne Streichen.<\/p>\n\n\n\n<h3 class=\"wp-block-heading\">Z\u00e4une<\/h3>\n\n\n\n<p>Mit unseren Leeb <a href=\"https:\/\/www.leeb-balkone.com\/de\/zaeune\/aluzaun\/\">Z\u00e4unen<\/a> f\u00fcgen Sie Ihrem Zuhause ein weiteres Design-Highlight hinzu. Unsere Z\u00e4une sind nicht nur ein zuverl\u00e4ssiger <a href=\"https:\/\/www.leeb-balkone.com\/de\/zaeune\/sichtschutz\/\">Sicht- und Windschutz<\/a>, sondern auch eine perfekte Erg\u00e4nzung zu unseren Balkonen. Sie k\u00f6nnen aus den gleichen \u00fcber 100 Designs w\u00e4hlen, um eine harmonische Optik rund um Haus und Garten zu schaffen. Die robuste Aluminiumkonstruktion garantiert dabei h\u00f6chste Stabilit\u00e4t und bleibt \u00fcber Jahrzehnte hinweg rostfrei und farbecht.<\/p>\n\n\n\n<h3 class=\"wp-block-heading\">Terrassen\u00fcberdachungen<\/h3>\n\n\n\n<p>Eine Leeb <a href=\"https:\/\/www.leeb-balkone.com\/de\/ueberdachungen\/terrassenueberdachung\/\">Terrassen\u00fcberdachung<\/a> verwandelt Ihre Terrasse in ein gesch\u00fctztes \u201eWohnzimmer im Freien\u201c. Gefertigt aus Aluminium Premium-Glas, bieten unsere \u00dcberdachungen zuverl\u00e4ssigen Schutz vor Regen und UV-Strahlung &#8211; besonders im Ausbau zum <a href=\"https:\/\/www.leeb-balkone.com\/de\/ueberdachungen\/sommergarten\/\">Sommergarten<\/a>. So k\u00f6nnen Sie Ihre Terrasse oder Ihren Sitzplatz auch bei wechselhaftem Wetter nutzen und Ihre Drau\u00dfen-Momente deutlich verl\u00e4ngern \u2013 ganz ohne aufwendige Pflege.<\/p>\n\n\n\n<h2 class=\"wp-block-heading\" id=\"Kontakt\">Erf\u00fcllen Sie sich Ihren Wohntraum!<\/h2>\n\n\n\n<p>Erleben Sie den Unterschied und nehmen Sie Ihr neues Lieblingsprojekt mit Leeb Balkone direkt in die Hand: Kontaktieren Sie uns unverbindlich \u2013 ob telefonisch, per E-Mail oder unkompliziert \u00fcber das Online-Formular. Lassen Sie sich vor Ort von unseren Fachberaterinnen und Fachberatern kostenlos und unverbindlich beraten. Gemeinsam entwickeln wir individuelle L\u00f6sungen, die perfekt zu Ihrem Zuhause passen \u2013 von der ersten Idee bis zur fachgerechten Montage. Nutzen Sie den innovativen 3D-Konfigurator, holen Sie sich Ihr pers\u00f6nliches Angebot und genie\u00dfen Sie den Rundum-Service von Leeb: Beratung, Planung, Fertigung, Lieferung und Montage \u2013 alles aus einer Hand, alles mit Leeb-Qualit\u00e4t. Erf\u00fcllen Sie sich Ihren Wohntraum \u2013 starten Sie jetzt, wir freuen uns auf Sie!<\/p>\n\n\n\n<div class=\"wp-block-buttons is-layout-flex wp-block-buttons-is-layout-flex\">\n<div class=\"wp-block-button is-style-outline-secondary\"><a class=\"wp-block-button__link wp-element-button\" href=\"https:\/\/www.leeb-balkone.com\/de\/kontakt\/\">Unverbindliche Beratung<\/a><\/div>\n<\/div>\n<\/div><\/div><\/div><\/div>\n<\/div>\n<\/section>\n","protected":false},"excerpt":{"rendered":"<p>Ein Video Einblick in die Welt von Leeb Balkone &#8211; InspirationserLEEBnisse!<\/p>\n","protected":false},"author":4,"featured_media":153939,"comment_status":"closed","ping_status":"open","sticky":false,"template":"template-onepager.blade.php","format":"standard","meta":{"_acf_changed":false,"footnotes":""},"categories":[51,50],"tags":[],"post_folder":[],"class_list":["post-156055","post","type-post","status-publish","format-standard","has-post-thumbnail","hentry","category-aktuelles-zu-leeb-balkone","category-balkonbau-mit-leeb"],"acf":[],"yoast_head":"<!-- This site is optimized with the Yoast SEO plugin v27.2 - https:\/\/yoast.com\/product\/yoast-seo-wordpress\/ -->\n<title>Video Inspiration: Balkone, Z\u00e4une, \u00dcberdachungen - Leeb Balkone Deutschland<\/title>\n<meta name=\"description\" content=\"In diesem Video geben wir einen kleinen Einblick in die stimmungsvolle Welt der Leeb Balkone, Z\u00e4une und Terassen\u00fcberdachungen - Leeb Balkone\" \/>\n<meta name=\"robots\" content=\"index, follow, max-snippet:-1, max-image-preview:large, max-video-preview:-1\" \/>\n<meta property=\"og:locale\" content=\"de_DE\" \/>\n<meta property=\"og:type\" content=\"article\" \/>\n<meta property=\"og:title\" content=\"Video Inspiration: Balkone, Z\u00e4une, \u00dcberdachungen - Leeb Balkone\" \/>\n<meta property=\"og:description\" content=\"In diesem Video geben wir einen kleinen Einblick in die stimmungsvolle Welt der Leeb Balkone, Z\u00e4une und Terassen\u00fcberdachungen - Leeb Balkone\" \/>\n<meta property=\"og:url\" content=\"https:\/\/www.leeb-balkone.com\/de\/blog\/video-inspiration-balkone-zauen-ueberdachungen-leeb\/\" \/>\n<meta property=\"og:site_name\" content=\"Leeb Balkone\" \/>\n<meta property=\"article:publisher\" content=\"https:\/\/www.facebook.com\/balkone\/\" \/>\n<meta property=\"article:published_time\" content=\"2025-09-17T09:04:35+00:00\" \/>\n<meta property=\"article:modified_time\" content=\"2025-09-18T15:55:56+00:00\" \/>\n<meta property=\"og:image\" content=\"https:\/\/www.leeb-balkone.com\/app\/uploads\/2025\/10\/leeb-balkone-inspirationen-video-balkon-zaun-ueberdachung-1024x569.png\" \/>\n\t<meta property=\"og:image:width\" content=\"1024\" \/>\n\t<meta property=\"og:image:height\" content=\"569\" \/>\n\t<meta property=\"og:image:type\" content=\"image\/png\" \/>\n<meta name=\"author\" content=\"Herbert Weichart\" \/>\n<meta name=\"twitter:card\" content=\"summary_large_image\" \/>\n<script type=\"application\/ld+json\" class=\"yoast-schema-graph\">{\"@context\":\"https:\/\/schema.org\",\"@graph\":[{\"@type\":\"Article\",\"@id\":\"https:\/\/www.leeb-balkone.com\/de\/blog\/video-inspiration-balkone-zauen-ueberdachungen-leeb\/#article\",\"isPartOf\":{\"@id\":\"https:\/\/www.leeb-balkone.com\/de\/blog\/video-inspiration-balkone-zauen-ueberdachungen-leeb\/\"},\"author\":{\"name\":\"Herbert Weichart\",\"@id\":\"https:\/\/www.leeb-balkone.com\/de\/#\/schema\/person\/dc2e2c82db329667ee507698e220238f\"},\"headline\":\"Leeb Inspirationen: Balkone, Z\u00e4une, \u00dcberdachungen von Europas Nr. 1\",\"datePublished\":\"2025-09-17T09:04:35+00:00\",\"dateModified\":\"2025-09-18T15:55:56+00:00\",\"mainEntityOfPage\":{\"@id\":\"https:\/\/www.leeb-balkone.com\/de\/blog\/video-inspiration-balkone-zauen-ueberdachungen-leeb\/\"},\"wordCount\":474,\"publisher\":{\"@id\":\"https:\/\/www.leeb-balkone.com\/de\/#organization\"},\"image\":{\"@id\":\"https:\/\/www.leeb-balkone.com\/de\/blog\/video-inspiration-balkone-zauen-ueberdachungen-leeb\/#primaryimage\"},\"thumbnailUrl\":\"https:\/\/www.leeb-balkone.com\/app\/uploads\/2025\/10\/leeb-balkone-inspirationen-video-balkon-zaun-ueberdachung.png\",\"articleSection\":[\"Aktuelles zu Leeb Balkone\",\"Balkonbau mit Leeb\"],\"inLanguage\":\"de\"},{\"@type\":\"WebPage\",\"@id\":\"https:\/\/www.leeb-balkone.com\/de\/blog\/video-inspiration-balkone-zauen-ueberdachungen-leeb\/\",\"url\":\"https:\/\/www.leeb-balkone.com\/de\/blog\/video-inspiration-balkone-zauen-ueberdachungen-leeb\/\",\"name\":\"Video Inspiration: Balkone, Z\u00e4une, \u00dcberdachungen - Leeb Balkone\",\"isPartOf\":{\"@id\":\"https:\/\/www.leeb-balkone.com\/de\/#website\"},\"primaryImageOfPage\":{\"@id\":\"https:\/\/www.leeb-balkone.com\/de\/blog\/video-inspiration-balkone-zauen-ueberdachungen-leeb\/#primaryimage\"},\"image\":{\"@id\":\"https:\/\/www.leeb-balkone.com\/de\/blog\/video-inspiration-balkone-zauen-ueberdachungen-leeb\/#primaryimage\"},\"thumbnailUrl\":\"https:\/\/www.leeb-balkone.com\/app\/uploads\/2025\/10\/leeb-balkone-inspirationen-video-balkon-zaun-ueberdachung.png\",\"datePublished\":\"2025-09-17T09:04:35+00:00\",\"dateModified\":\"2025-09-18T15:55:56+00:00\",\"description\":\"In diesem Video geben wir einen kleinen Einblick in die stimmungsvolle Welt der Leeb Balkone, Z\u00e4une und Terassen\u00fcberdachungen - Leeb Balkone\",\"breadcrumb\":{\"@id\":\"https:\/\/www.leeb-balkone.com\/de\/blog\/video-inspiration-balkone-zauen-ueberdachungen-leeb\/#breadcrumb\"},\"inLanguage\":\"de\",\"potentialAction\":[{\"@type\":\"ReadAction\",\"target\":[\"https:\/\/www.leeb-balkone.com\/de\/blog\/video-inspiration-balkone-zauen-ueberdachungen-leeb\/\"]}]},{\"@type\":\"ImageObject\",\"inLanguage\":\"de\",\"@id\":\"https:\/\/www.leeb-balkone.com\/de\/blog\/video-inspiration-balkone-zauen-ueberdachungen-leeb\/#primaryimage\",\"url\":\"https:\/\/www.leeb-balkone.com\/app\/uploads\/2025\/10\/leeb-balkone-inspirationen-video-balkon-zaun-ueberdachung.png\",\"contentUrl\":\"https:\/\/www.leeb-balkone.com\/app\/uploads\/2025\/10\/leeb-balkone-inspirationen-video-balkon-zaun-ueberdachung.png\",\"width\":2172,\"height\":1206},{\"@type\":\"BreadcrumbList\",\"@id\":\"https:\/\/www.leeb-balkone.com\/de\/blog\/video-inspiration-balkone-zauen-ueberdachungen-leeb\/#breadcrumb\",\"itemListElement\":[{\"@type\":\"ListItem\",\"position\":1,\"name\":\"Home\",\"item\":\"https:\/\/www.leeb-balkone.com\/de\/\"},{\"@type\":\"ListItem\",\"position\":2,\"name\":\"Leeb Inspirationen: Balkone, Z\u00e4une, \u00dcberdachungen von Europas Nr. 1\"}]},{\"@type\":\"WebSite\",\"@id\":\"https:\/\/www.leeb-balkone.com\/de\/#website\",\"url\":\"https:\/\/www.leeb-balkone.com\/de\/\",\"name\":\"Leeb Balkone\",\"description\":\"Balkone und Z\u00e4une\",\"publisher\":{\"@id\":\"https:\/\/www.leeb-balkone.com\/de\/#organization\"},\"potentialAction\":[{\"@type\":\"SearchAction\",\"target\":{\"@type\":\"EntryPoint\",\"urlTemplate\":\"https:\/\/www.leeb-balkone.com\/de\/?s={search_term_string}\"},\"query-input\":{\"@type\":\"PropertyValueSpecification\",\"valueRequired\":true,\"valueName\":\"search_term_string\"}}],\"inLanguage\":\"de\"},{\"@type\":\"Organization\",\"@id\":\"https:\/\/www.leeb-balkone.com\/de\/#organization\",\"name\":\"Leeb Balkone Gmbh\",\"url\":\"https:\/\/www.leeb-balkone.com\/de\/\",\"logo\":{\"@type\":\"ImageObject\",\"inLanguage\":\"de\",\"@id\":\"https:\/\/www.leeb-balkone.com\/de\/#\/schema\/logo\/image\/\",\"url\":\"https:\/\/www.leeb-balkone.com\/app\/uploads\/2020\/11\/leeb-logo.svg\",\"contentUrl\":\"https:\/\/www.leeb-balkone.com\/app\/uploads\/2020\/11\/leeb-logo.svg\",\"width\":741,\"height\":204,\"caption\":\"Leeb Balkone Gmbh\"},\"image\":{\"@id\":\"https:\/\/www.leeb-balkone.com\/de\/#\/schema\/logo\/image\/\"},\"sameAs\":[\"https:\/\/www.facebook.com\/balkone\/\",\"https:\/\/www.trustedshops.at\/bewertung\/info_X4587CCF5833E31AFE0B11F47D86999F2.html\",\"https:\/\/www.trustedshops.de\/bewertung\/info_X7BA536A7A0BDC86D36C4718E4DCAEEEF.html\",\"https:\/\/www.google.com\/maps\/place\/?q=place_id:ChIJ5-zH19-IcEcR9HonWRTllHI\"]},{\"@type\":\"Person\",\"@id\":\"https:\/\/www.leeb-balkone.com\/de\/#\/schema\/person\/dc2e2c82db329667ee507698e220238f\",\"name\":\"Herbert Weichart\"}]}<\/script>\n<!-- \/ Yoast SEO plugin. -->","yoast_head_json":{"title":"Video Inspiration: Balkone, Z\u00e4une, \u00dcberdachungen - Leeb Balkone Deutschland","description":"In diesem Video geben wir einen kleinen Einblick in die stimmungsvolle Welt der Leeb Balkone, Z\u00e4une und Terassen\u00fcberdachungen - Leeb Balkone","robots":{"index":"index","follow":"follow","max-snippet":"max-snippet:-1","max-image-preview":"max-image-preview:large","max-video-preview":"max-video-preview:-1"},"og_locale":"de_DE","og_type":"article","og_title":"Video Inspiration: Balkone, Z\u00e4une, \u00dcberdachungen - Leeb Balkone","og_description":"In diesem Video geben wir einen kleinen Einblick in die stimmungsvolle Welt der Leeb Balkone, Z\u00e4une und Terassen\u00fcberdachungen - Leeb Balkone","og_url":"https:\/\/www.leeb-balkone.com\/de\/blog\/video-inspiration-balkone-zauen-ueberdachungen-leeb\/","og_site_name":"Leeb Balkone","article_publisher":"https:\/\/www.facebook.com\/balkone\/","article_published_time":"2025-09-17T09:04:35+00:00","article_modified_time":"2025-09-18T15:55:56+00:00","og_image":[{"width":1024,"height":569,"url":"https:\/\/www.leeb-balkone.com\/app\/uploads\/2025\/10\/leeb-balkone-inspirationen-video-balkon-zaun-ueberdachung-1024x569.png","type":"image\/png"}],"author":"Herbert Weichart","twitter_card":"summary_large_image","schema":{"@context":"https:\/\/schema.org","@graph":[{"@type":"Article","@id":"https:\/\/www.leeb-balkone.com\/de\/blog\/video-inspiration-balkone-zauen-ueberdachungen-leeb\/#article","isPartOf":{"@id":"https:\/\/www.leeb-balkone.com\/de\/blog\/video-inspiration-balkone-zauen-ueberdachungen-leeb\/"},"author":{"name":"Herbert Weichart","@id":"https:\/\/www.leeb-balkone.com\/de\/#\/schema\/person\/dc2e2c82db329667ee507698e220238f"},"headline":"Leeb Inspirationen: Balkone, Z\u00e4une, \u00dcberdachungen von Europas Nr. 1","datePublished":"2025-09-17T09:04:35+00:00","dateModified":"2025-09-18T15:55:56+00:00","mainEntityOfPage":{"@id":"https:\/\/www.leeb-balkone.com\/de\/blog\/video-inspiration-balkone-zauen-ueberdachungen-leeb\/"},"wordCount":474,"publisher":{"@id":"https:\/\/www.leeb-balkone.com\/de\/#organization"},"image":{"@id":"https:\/\/www.leeb-balkone.com\/de\/blog\/video-inspiration-balkone-zauen-ueberdachungen-leeb\/#primaryimage"},"thumbnailUrl":"https:\/\/www.leeb-balkone.com\/app\/uploads\/2025\/10\/leeb-balkone-inspirationen-video-balkon-zaun-ueberdachung.png","articleSection":["Aktuelles zu Leeb Balkone","Balkonbau mit Leeb"],"inLanguage":"de"},{"@type":"WebPage","@id":"https:\/\/www.leeb-balkone.com\/de\/blog\/video-inspiration-balkone-zauen-ueberdachungen-leeb\/","url":"https:\/\/www.leeb-balkone.com\/de\/blog\/video-inspiration-balkone-zauen-ueberdachungen-leeb\/","name":"Video Inspiration: Balkone, Z\u00e4une, \u00dcberdachungen - Leeb Balkone","isPartOf":{"@id":"https:\/\/www.leeb-balkone.com\/de\/#website"},"primaryImageOfPage":{"@id":"https:\/\/www.leeb-balkone.com\/de\/blog\/video-inspiration-balkone-zauen-ueberdachungen-leeb\/#primaryimage"},"image":{"@id":"https:\/\/www.leeb-balkone.com\/de\/blog\/video-inspiration-balkone-zauen-ueberdachungen-leeb\/#primaryimage"},"thumbnailUrl":"https:\/\/www.leeb-balkone.com\/app\/uploads\/2025\/10\/leeb-balkone-inspirationen-video-balkon-zaun-ueberdachung.png","datePublished":"2025-09-17T09:04:35+00:00","dateModified":"2025-09-18T15:55:56+00:00","description":"In diesem Video geben wir einen kleinen Einblick in die stimmungsvolle Welt der Leeb Balkone, Z\u00e4une und Terassen\u00fcberdachungen - Leeb Balkone","breadcrumb":{"@id":"https:\/\/www.leeb-balkone.com\/de\/blog\/video-inspiration-balkone-zauen-ueberdachungen-leeb\/#breadcrumb"},"inLanguage":"de","potentialAction":[{"@type":"ReadAction","target":["https:\/\/www.leeb-balkone.com\/de\/blog\/video-inspiration-balkone-zauen-ueberdachungen-leeb\/"]}]},{"@type":"ImageObject","inLanguage":"de","@id":"https:\/\/www.leeb-balkone.com\/de\/blog\/video-inspiration-balkone-zauen-ueberdachungen-leeb\/#primaryimage","url":"https:\/\/www.leeb-balkone.com\/app\/uploads\/2025\/10\/leeb-balkone-inspirationen-video-balkon-zaun-ueberdachung.png","contentUrl":"https:\/\/www.leeb-balkone.com\/app\/uploads\/2025\/10\/leeb-balkone-inspirationen-video-balkon-zaun-ueberdachung.png","width":2172,"height":1206},{"@type":"BreadcrumbList","@id":"https:\/\/www.leeb-balkone.com\/de\/blog\/video-inspiration-balkone-zauen-ueberdachungen-leeb\/#breadcrumb","itemListElement":[{"@type":"ListItem","position":1,"name":"Home","item":"https:\/\/www.leeb-balkone.com\/de\/"},{"@type":"ListItem","position":2,"name":"Leeb Inspirationen: Balkone, Z\u00e4une, \u00dcberdachungen von Europas Nr. 1"}]},{"@type":"WebSite","@id":"https:\/\/www.leeb-balkone.com\/de\/#website","url":"https:\/\/www.leeb-balkone.com\/de\/","name":"Leeb Balkone","description":"Balkone und Z\u00e4une","publisher":{"@id":"https:\/\/www.leeb-balkone.com\/de\/#organization"},"potentialAction":[{"@type":"SearchAction","target":{"@type":"EntryPoint","urlTemplate":"https:\/\/www.leeb-balkone.com\/de\/?s={search_term_string}"},"query-input":{"@type":"PropertyValueSpecification","valueRequired":true,"valueName":"search_term_string"}}],"inLanguage":"de"},{"@type":"Organization","@id":"https:\/\/www.leeb-balkone.com\/de\/#organization","name":"Leeb Balkone Gmbh","url":"https:\/\/www.leeb-balkone.com\/de\/","logo":{"@type":"ImageObject","inLanguage":"de","@id":"https:\/\/www.leeb-balkone.com\/de\/#\/schema\/logo\/image\/","url":"https:\/\/www.leeb-balkone.com\/app\/uploads\/2020\/11\/leeb-logo.svg","contentUrl":"https:\/\/www.leeb-balkone.com\/app\/uploads\/2020\/11\/leeb-logo.svg","width":741,"height":204,"caption":"Leeb Balkone Gmbh"},"image":{"@id":"https:\/\/www.leeb-balkone.com\/de\/#\/schema\/logo\/image\/"},"sameAs":["https:\/\/www.facebook.com\/balkone\/","https:\/\/www.trustedshops.at\/bewertung\/info_X4587CCF5833E31AFE0B11F47D86999F2.html","https:\/\/www.trustedshops.de\/bewertung\/info_X7BA536A7A0BDC86D36C4718E4DCAEEEF.html","https:\/\/www.google.com\/maps\/place\/?q=place_id:ChIJ5-zH19-IcEcR9HonWRTllHI"]},{"@type":"Person","@id":"https:\/\/www.leeb-balkone.com\/de\/#\/schema\/person\/dc2e2c82db329667ee507698e220238f","name":"Herbert Weichart"}]}},"_links":{"self":[{"href":"https:\/\/www.leeb-balkone.com\/de\/wp-json\/wp\/v2\/posts\/156055","targetHints":{"allow":["GET"]}}],"collection":[{"href":"https:\/\/www.leeb-balkone.com\/de\/wp-json\/wp\/v2\/posts"}],"about":[{"href":"https:\/\/www.leeb-balkone.com\/de\/wp-json\/wp\/v2\/types\/post"}],"author":[{"embeddable":true,"href":"https:\/\/www.leeb-balkone.com\/de\/wp-json\/wp\/v2\/users\/4"}],"replies":[{"embeddable":true,"href":"https:\/\/www.leeb-balkone.com\/de\/wp-json\/wp\/v2\/comments?post=156055"}],"version-history":[{"count":18,"href":"https:\/\/www.leeb-balkone.com\/de\/wp-json\/wp\/v2\/posts\/156055\/revisions"}],"predecessor-version":[{"id":156763,"href":"https:\/\/www.leeb-balkone.com\/de\/wp-json\/wp\/v2\/posts\/156055\/revisions\/156763"}],"wp:featuredmedia":[{"embeddable":true,"href":"https:\/\/www.leeb-balkone.com\/de\/wp-json\/wp\/v2\/media\/153939"}],"wp:attachment":[{"href":"https:\/\/www.leeb-balkone.com\/de\/wp-json\/wp\/v2\/media?parent=156055"}],"wp:term":[{"taxonomy":"category","embeddable":true,"href":"https:\/\/www.leeb-balkone.com\/de\/wp-json\/wp\/v2\/categories?post=156055"},{"taxonomy":"post_tag","embeddable":true,"href":"https:\/\/www.leeb-balkone.com\/de\/wp-json\/wp\/v2\/tags?post=156055"},{"taxonomy":"post_folder","embeddable":true,"href":"https:\/\/www.leeb-balkone.com\/de\/wp-json\/wp\/v2\/post_folder?post=156055"}],"curies":[{"name":"wp","href":"https:\/\/api.w.org\/{rel}","templated":true}]}}