{"id":155984,"date":"2025-06-30T17:57:05","date_gmt":"2025-06-30T17:57:05","guid":{"rendered":"https:\/\/www.leeb-balkone.com\/de\/terrassenbeschattung-2\/"},"modified":"2025-09-18T16:17:00","modified_gmt":"2025-09-18T16:17:00","slug":"terrassenbeschattung-2","status":"publish","type":"post","link":"https:\/\/www.leeb-balkone.com\/de\/blog\/terrassenbeschattung\/","title":{"rendered":"Terrassenbeschattung &#8211; Schatten im Aussenbereich"},"content":{"rendered":"<header class=\"wp-block-group alignfull t3-header u-max-wide t3-header-text has-white-background-color has-background has-global-padding is-layout-constrained wp-block-group-is-layout-constrained\">\n    <div class=\"wp-block-group o-grid u-md-1 u-sm-1 is-layout-flow wp-block-group-is-layout-flow\">\n  <div class=\"wp-block-group u-g-10 u-g-s-2\">\n      <div class=\"yoast-breadcrumbs\"><span><span><a href=\"https:\/\/www.leeb-balkone.com\/de\/\">Home<\/a><\/span><\/span><\/div>\n      \n    <h1>Terrassenbeschattung &#8211; Schatten im Aussenbereich<\/h1>\n  <\/div>\n<\/div>\n  <\/header>\n\n\n\n\n\n\n\n<section class=\"wp-block-cgb-t3-section-block alignfull b-pt-small  is-style-bg-white\" style=\"display:inherit;min-height:inherit\">\n<div class=\"wp-block-cgb-t3-container-block none\" style=\"background-color:none\"><div class=\"grid-container\"><div class=\"grid-x\"><div class=\"cell small-12 medium-9 large-0 medium-offset-1 b-has-lsmb\">\n<p><span class=\"teaser\">Die beste Beschattungsl\u00f6sung f\u00fcr den eigenen Freibereich ist nicht immer leicht zu finden. Bei Fragen zur Terrassenbeschattung h\u00e4ngt vieles von der Gr\u00f6\u00dfe, Sonneneinstrahlung und den eigenen Gewohnheiten ab. Sicher ist, dass ein guter Sonnenschutz f\u00fcr eine l\u00e4ngere und bessere Nutzung des Au\u00dfenbereichs sorgt. Von der mobilen L\u00f6sung bis hin zur fixen Terrassen\u00fcberdachung warten viele M\u00f6glichkeiten. Auch bei gro\u00dfer Hitze l\u00e4sst sich durchaus was machen.<\/span><\/p>\n<\/div><\/div><\/div><\/div>\n\n\n\n<div class=\"wp-block-cgb-t3-container-block none\" style=\"background-color:none\"><div class=\"grid-container\"><div class=\"grid-x\"><div class=\"cell small-12 medium-0 large-0\"><div id=\"lightgallery-block_acf-block-68cc3078b8ec5\" data-block_acf-block-68cc3078b8ec5 class=\"has-1-imgs b-cards b-cards--gallery u-grid-temp has-1-cols u-md-2 u-sm-1 wp-block-group is-layout-grid wp-block-group-is-layout-grid gallery alignwide\">\n\n        <div class=\"b-cards__item\">\n\n        \n      <figure>\n                 <img loading=\"lazy\" decoding=\"async\" width=\"1536\" height=\"1155\" src=\"https:\/\/www.leeb-balkone.com\/app\/uploads\/2022\/07\/terrassenbeschattung-1-1536x1155.jpg\" class=\"attachment-1536x1536 size-1536x1536\" alt=\"Fixe Terrassen\u00fcberdachungen beschatten nach Plan \u2013 je nach Bauweise (Eindeckung mit Sandwichpaneelen, integrierte PV Module) und Ausstattung (Markisen)\" srcset=\"https:\/\/www.leeb-balkone.com\/app\/uploads\/2022\/07\/terrassenbeschattung-1-1536x1155.jpg 1536w, https:\/\/www.leeb-balkone.com\/app\/uploads\/2022\/07\/terrassenbeschattung-1-300x226.jpg 300w, https:\/\/www.leeb-balkone.com\/app\/uploads\/2022\/07\/terrassenbeschattung-1-1024x770.jpg 1024w, https:\/\/www.leeb-balkone.com\/app\/uploads\/2022\/07\/terrassenbeschattung-1-768x577.jpg 768w, https:\/\/www.leeb-balkone.com\/app\/uploads\/2022\/07\/terrassenbeschattung-1-scaled.jpg 2048w\" sizes=\"auto, (min-width: 1200px) 100vw, (min-width: 1024px) 1536px, (min-width: 640px) 768px, 768px\" \/>              <\/figure>\n\n                  \n        <div class=\"caption\">\n                          <p>Fixe Terrassen\u00fcberdachungen beschatten nach Plan \u2013 je nach Bauweise (Eindeckung mit Sandwichpaneelen, integrierte PV Module) und Ausstattung (Markisen)\n              <\/div>\n  \n<\/div>\n\n    <\/div>\n\n<\/div><\/div><\/div><\/div>\n\n\n\n<div class=\"wp-block-group is-layout-flow wp-block-group-is-layout-flow\">\n<div class=\"wp-block-cgb-t3-container-block none\" style=\"background-color:none\"><div class=\"grid-container\"><div class=\"grid-x\"><div class=\"cell small-12 medium-9 large-0 medium-offset-1 b-has-lsmb\">\n<h2 class=\"wp-block-heading\"><span class=\"teaser\">Inhalte<\/span><\/h2>\n\n\n\n<p><span class=\"teaser\"><a href=\"#Verbote\">Allgemeines: Nutzung und <\/a><a href=\"#Allgemeines\">Sonneneinstrahlung<\/a><a href=\"#Verbote\"> entscheiden<\/a><br><a href=\"#Fixe-Terrassenbeschattungen\">\u00dcber die Vorz\u00fcge fixer Terrassen\u00fcberdachungen<\/a><br><span class=\"teaser\"><a href=\"#Beschattungsloesungen\">Leeb Terrassen\u00fcberdachungen und Sommerg\u00e4rten<\/a><\/span><\/span><br><span class=\"teaser\"><span class=\"teaser\"><a href=\"#Hitze\">Hitze! Leeb L\u00f6sungen und Zubeh\u00f6r f\u00fcr \u00dcberdachungen<\/a><\/span><br><\/span><\/p>\n\n\n\n<h2 class=\"wp-block-heading\" id=\"Allgemeines\"><strong>Nutzung und Sonneneinstrahlung entscheiden<\/strong><\/h2>\n\n\n\n<p><span class=\"teaser\">Wichtigstes Kriterium f\u00fcr die Auswahl der richtigen Beschattung sind neben der Himmelsrichtung nat\u00fcrlich die pers\u00f6nlichen Vorlieben. Und manchmal tun es auch einfache, rasche L\u00f6sungen. <\/span><\/p>\n\n\n\n<p>Soll eine Ostterrasse schnell f\u00fcr ein spontanes Sommerfr\u00fchst\u00fcck fit gemacht werden, schaffen Segeltuch oder Sonnenschirm einfach Abhilfe. Auf der t\u00e4glich genutzten S\u00fcdterrasse lohnt es sich ein wenig \u00fcber die eigenen W\u00fcnsche und Bed\u00fcrfnisse an die Naherholungsoase nachzudenken.<\/p>\n\n\n\n<p>Wer sich vor der Sonne sch\u00fctzen und herrlichen Lebensraum im Freien schaffen will hat je nach Standort und Gr\u00f6\u00dfe unterschiedliche M\u00f6glichkeiten. Schnell aufgestellt ist ein Sonnenschirm, der ganz flexibel seinen Schatten spendet. Nachteil bei dieser L\u00f6sung sind meist der geringe Durchmesser der k\u00fchlen Zone und die richtige Verankerung. Zus\u00e4tzlich fehlt f\u00fcr die Morgen- und Abendstunden die seitliche Beschattung. Ein Sonnensegel ist oft die bessere Option, es spendet mehr Schatten und l\u00e4sst sich bei einem niedrigeren Sonnenstand einfach tiefer stellen. Allerdings braucht das Sonnensegel durch seine Gr\u00f6\u00dfe und damit verbundene Windanf\u00e4lligkeit eine gute Verankerung, oft muss man daf\u00fcr etwas tiefer in die Tasche greifen.<\/p>\n\n\n\n<h2 class=\"wp-block-heading\" id=\"Fixe-Terrassenbeschattungen\"><strong>Stabile L\u00f6sungen f\u00fcr bestm\u00f6gliche Beschattung<\/strong><\/h2>\n\n\n\n<p><span class=\"teaser\">Fixe Terrassen\u00fcberdachungen inklusive Beschattung schaffen Komfort und erm\u00f6glichen mehr Zeit auf der eigenen Terrasse. <\/span><\/p>\n\n\n\n<p>Denkt man als Terrassenbesitzer \u00fcber eine derartige Investition nach, lohnt es sich gleich alle fixen L\u00f6sungen einer genaueren Begutachtung zu unterziehen. Ist eine Markise f\u00fcr den Standort gut geeignet? Oder m\u00f6chte ich es mir unter einer luftigen Pergola gem\u00fctlich machen? Oder geht es um mehr als nur einen geeigneten Sonnenschutz? Schlie\u00dflich rettet eine Terrassen\u00fcberdachung zus\u00e4tzlich so manches Grillvergn\u00fcgen bei wechselhaftem Wetter. Und wie verlockend ist die Vorstellung, wenn alle Gartenm\u00f6bel trotz Regenguss unbeschadet auf mich warten?<\/p>\n\n\n\n<p>F\u00fcr eine Terrasse oder einen Balkon mit S\u00fcdausrichtung wird einer Markise oft der Vorzug gegeben. Sie h\u00e4lt die Mittagssonne sicher ab und bietet eine gro\u00dfe Schattenfl\u00e4che. Ihre Nachteile offenbart sie beim gepflegten Fr\u00fchst\u00fcck, bei dem die tiefstehende Morgensonne blendet. Auch abends muss oft eine erg\u00e4nzende L\u00f6sung gefunden werden. Und bei Wind und Wetter bleibt der Au\u00dfenbereich nicht nutzbar. Eine festmontierte Terrassenbeschattung bringt hier einen gro\u00dfen Gewinn f\u00fcr den Komfort und die Zeit, die man im Freien nutzen kann.<\/p>\n\n\n\n<p>Mit einer fixen Terrassen\u00fcberdachung inklusive Beschattung kann man sehr gut den ganzen Tag auf der Terrasse verbringen. An hei\u00dfen Sommertagen spart man sich den Weg zum See und f\u00fcr den einen oder anderen ersetzt der gewonnene Platz sogar einen Urlaub am Meer. Der gr\u00f6\u00dfte Vorteil: Nach einem Arbeitstag oder am Wochenende l\u00e4sst es sich am Nachmittag ohne jeden Weg mit k\u00fchlen Getr\u00e4nken und allem Komfort genie\u00dfen.<\/p>\n\n\n\n<h2 class=\"wp-block-heading\" id=\"Beschattungsloesungen\"><strong>Sommergarten und Schattentraum<\/strong><\/h2>\n\n\n\n<p><span class=\"teaser\">F\u00fcr ein harmonisches Gesamtbild und die gew\u00fcnschte Langlebigkeit bietet Leeb eine Reihe von Terrassen\u00fcberdachungen, L\u00f6sungen f\u00fcr Sommerg\u00e4rten, f\u00fcr freistehende Atrium-Varianten oder ein energiegewinnendes Solar-Terrassendach an. <\/span><\/p>\n\n\n\n<p><a href=\"#Hitze\">Aktuell: Hitzeschutz-L\u00f6sungen f\u00fcr Leeb \u00dcberdachungen<\/a><\/p>\n\n\n\n<p>Alle exakt passenden Beschattungsl\u00f6sungen werden dabei von Leeb nach individuellen W\u00fcnschen exklusiv mit den \u00dcberdachungen aus Aluminium und Glas ausgeliefert. Schichtschutz-Schiebeelemente, Markisen mit Wind- und Sonnensensor oder LED-Leisten f\u00fcr eine sch\u00f6ne Abendstimmung f\u00fcgen sich nahtlos zu einem Terrassentraum zusammen.<\/p>\n\n\n\n<p><strong>Beispiele f\u00fcr L\u00f6sungen zur Terrassenbeschattung von Leeb:<\/strong><\/p>\n<\/div><\/div><\/div><\/div>\n<\/div>\n\n\n\n<div class=\"wp-block-cgb-t3-container-block none\" style=\"background-color:none\"><div class=\"grid-container\"><div class=\"grid-x\"><div class=\"cell small-12 medium-0 large-0\"><div id=\"lightgallery-block_acf-block-68cc3078b8ed8\" data-block_acf-block-68cc3078b8ed8 class=\"has-6-imgs b-cards b-cards--gallery u-grid-temp has-2-cols u-md-2 u-sm-1 wp-block-group is-layout-grid wp-block-group-is-layout-grid gallery alignwide\">\n\n        <div class=\"b-cards__item\">\n\n        <a data-src=\"https:\/\/www.leeb-balkone.com\/app\/uploads\/2025\/06\/terrassendach-toscana-glas-mattweiss-mit-aufdach-markise-1536x1025.jpg\" data-thumb=\"https:\/\/www.leeb-balkone.com\/app\/uploads\/2025\/06\/terrassendach-toscana-glas-mattweiss-mit-aufdach-markise-300x200.jpg\" class=\"hasHover dark\">\n        \n      <figure>\n                 <img loading=\"lazy\" decoding=\"async\" width=\"1024\" height=\"683\" src=\"https:\/\/www.leeb-balkone.com\/app\/uploads\/2025\/06\/terrassendach-toscana-glas-mattweiss-mit-aufdach-markise-1024x683.jpg\" class=\"attachment-large size-large\" alt=\"Terrassen\u00fcberdachung Toskana: Dachglas mattwei\u00df, mit Aufdach-Markise\" srcset=\"https:\/\/www.leeb-balkone.com\/app\/uploads\/2025\/06\/terrassendach-toscana-glas-mattweiss-mit-aufdach-markise-1024x683.jpg 1024w, https:\/\/www.leeb-balkone.com\/app\/uploads\/2025\/06\/terrassendach-toscana-glas-mattweiss-mit-aufdach-markise-300x200.jpg 300w, https:\/\/www.leeb-balkone.com\/app\/uploads\/2025\/06\/terrassendach-toscana-glas-mattweiss-mit-aufdach-markise-768x513.jpg 768w, https:\/\/www.leeb-balkone.com\/app\/uploads\/2025\/06\/terrassendach-toscana-glas-mattweiss-mit-aufdach-markise-1536x1025.jpg 1536w, https:\/\/www.leeb-balkone.com\/app\/uploads\/2025\/06\/terrassendach-toscana-glas-mattweiss-mit-aufdach-markise-2048x1367.jpg 2048w\" sizes=\"auto, (min-width: 1200px) 1024px, (min-width: 1024px) 768px, (min-width: 640px) 768px, 768px\" \/>              <\/figure>\n\n                          <\/a>\n      \n        <div class=\"caption\">\n                          <p>Terrassen\u00fcberdachung mit Aufdach-Markise zur Beschattung\n              <\/div>\n  \n<\/div>\n\n        <div class=\"b-cards__item\">\n\n        <a data-src=\"https:\/\/www.leeb-balkone.com\/app\/uploads\/2022\/07\/terrassenbeschattung-seitenmarkise-1536x1024.jpg\" data-thumb=\"https:\/\/www.leeb-balkone.com\/app\/uploads\/2022\/07\/terrassenbeschattung-seitenmarkise-300x200.jpg\" class=\"hasHover dark\">\n        \n      <figure>\n                 <img loading=\"lazy\" decoding=\"async\" width=\"1024\" height=\"683\" src=\"https:\/\/www.leeb-balkone.com\/app\/uploads\/2022\/07\/terrassenbeschattung-seitenmarkise-1024x683.jpg\" class=\"attachment-large size-large\" alt=\"Seitenmarkise in moderner Zip-Technologie - Terrassenbeschattung von Leeb\" srcset=\"https:\/\/www.leeb-balkone.com\/app\/uploads\/2022\/07\/terrassenbeschattung-seitenmarkise-1024x683.jpg 1024w, https:\/\/www.leeb-balkone.com\/app\/uploads\/2022\/07\/terrassenbeschattung-seitenmarkise-300x200.jpg 300w, https:\/\/www.leeb-balkone.com\/app\/uploads\/2022\/07\/terrassenbeschattung-seitenmarkise-768x512.jpg 768w, https:\/\/www.leeb-balkone.com\/app\/uploads\/2022\/07\/terrassenbeschattung-seitenmarkise-1536x1024.jpg 1536w, https:\/\/www.leeb-balkone.com\/app\/uploads\/2022\/07\/terrassenbeschattung-seitenmarkise-scaled.jpg 2048w\" sizes=\"auto, (min-width: 1200px) 1024px, (min-width: 1024px) 768px, (min-width: 640px) 768px, 768px\" \/>              <\/figure>\n\n                          <\/a>\n      \n        <div class=\"caption\">\n                          <p>Seitenmarkise in moderner Zip-Technologie &#8211; Terrassenbeschattung von Leeb\n              <\/div>\n  \n<\/div>\n\n        <div class=\"b-cards__item\">\n\n        <a data-src=\"https:\/\/www.leeb-balkone.com\/app\/uploads\/2022\/07\/beschattung-lamellen-sommergarten-1536x1072.jpg\" data-thumb=\"https:\/\/www.leeb-balkone.com\/app\/uploads\/2022\/07\/beschattung-lamellen-sommergarten-300x209.jpg\" class=\"hasHover dark\">\n        \n      <figure>\n                 <img loading=\"lazy\" decoding=\"async\" width=\"1024\" height=\"715\" src=\"https:\/\/www.leeb-balkone.com\/app\/uploads\/2022\/07\/beschattung-lamellen-sommergarten-1024x715.jpg\" class=\"attachment-large size-large\" alt=\"Licht und Schatten - Schiebeelemente mit Lamellen in Holzoptik von Leeb\" srcset=\"https:\/\/www.leeb-balkone.com\/app\/uploads\/2022\/07\/beschattung-lamellen-sommergarten-1024x715.jpg 1024w, https:\/\/www.leeb-balkone.com\/app\/uploads\/2022\/07\/beschattung-lamellen-sommergarten-300x209.jpg 300w, https:\/\/www.leeb-balkone.com\/app\/uploads\/2022\/07\/beschattung-lamellen-sommergarten-768x536.jpg 768w, https:\/\/www.leeb-balkone.com\/app\/uploads\/2022\/07\/beschattung-lamellen-sommergarten-1536x1072.jpg 1536w, https:\/\/www.leeb-balkone.com\/app\/uploads\/2022\/07\/beschattung-lamellen-sommergarten-scaled.jpg 2048w\" sizes=\"auto, (min-width: 1200px) 1024px, (min-width: 1024px) 768px, (min-width: 640px) 768px, 768px\" \/>              <\/figure>\n\n                          <\/a>\n      \n        <div class=\"caption\">\n                          <p>Licht und Schatten &#8211; Schiebeelemente mit Lamellen in Holzoptik von Leeb\n              <\/div>\n  \n<\/div>\n\n        <div class=\"b-cards__item\">\n\n        <a data-src=\"https:\/\/www.leeb-balkone.com\/app\/uploads\/2020\/07\/solar-glas-alu-ueberdachung-17-1536x1024.jpg\" data-thumb=\"https:\/\/www.leeb-balkone.com\/app\/uploads\/2020\/07\/solar-glas-alu-ueberdachung-17-300x200.jpg\" class=\"hasHover dark\">\n        \n      <figure>\n                 <img loading=\"lazy\" decoding=\"async\" width=\"1024\" height=\"683\" src=\"https:\/\/www.leeb-balkone.com\/app\/uploads\/2020\/07\/solar-glas-alu-ueberdachung-17-1024x683.jpg\" class=\"attachment-large size-large\" alt=\"Terrassen\u00fcberdachung Photovoltaik - Solar Terrassendach von Leeb\" srcset=\"https:\/\/www.leeb-balkone.com\/app\/uploads\/2020\/07\/solar-glas-alu-ueberdachung-17-1024x683.jpg 1024w, https:\/\/www.leeb-balkone.com\/app\/uploads\/2020\/07\/solar-glas-alu-ueberdachung-17-300x200.jpg 300w, https:\/\/www.leeb-balkone.com\/app\/uploads\/2020\/07\/solar-glas-alu-ueberdachung-17-768x512.jpg 768w, https:\/\/www.leeb-balkone.com\/app\/uploads\/2020\/07\/solar-glas-alu-ueberdachung-17-1536x1024.jpg 1536w, https:\/\/www.leeb-balkone.com\/app\/uploads\/2020\/07\/solar-glas-alu-ueberdachung-17-2048x1366.jpg 2048w\" sizes=\"auto, (min-width: 1200px) 1024px, (min-width: 1024px) 768px, (min-width: 640px) 768px, 768px\" \/>              <\/figure>\n\n                          <\/a>\n      \n        <div class=\"caption\">\n                          <p>Teilbeschattung als Nebeneffekt &#8211; Solar Terrassendach von Leeb\n              <\/div>\n  \n<\/div>\n\n        <div class=\"b-cards__item\">\n\n        <a data-src=\"https:\/\/www.leeb-balkone.com\/app\/uploads\/2023\/05\/Ueberdachung-mit-Sandwichpaneele_1-1536x864.jpg\" data-thumb=\"https:\/\/www.leeb-balkone.com\/app\/uploads\/2023\/05\/Ueberdachung-mit-Sandwichpaneele_1-300x169.jpg\" class=\"hasHover dark\">\n        \n      <figure>\n                 <img loading=\"lazy\" decoding=\"async\" width=\"1024\" height=\"576\" src=\"https:\/\/www.leeb-balkone.com\/app\/uploads\/2023\/05\/Ueberdachung-mit-Sandwichpaneele_1-1024x576.jpg\" class=\"attachment-large size-large\" alt=\"K\u00fchlende Beschattung durch Eindeckung mit Sandwichpaneelen\" srcset=\"https:\/\/www.leeb-balkone.com\/app\/uploads\/2023\/05\/Ueberdachung-mit-Sandwichpaneele_1-1024x576.jpg 1024w, https:\/\/www.leeb-balkone.com\/app\/uploads\/2023\/05\/Ueberdachung-mit-Sandwichpaneele_1-300x169.jpg 300w, https:\/\/www.leeb-balkone.com\/app\/uploads\/2023\/05\/Ueberdachung-mit-Sandwichpaneele_1-768x432.jpg 768w, https:\/\/www.leeb-balkone.com\/app\/uploads\/2023\/05\/Ueberdachung-mit-Sandwichpaneele_1-1536x864.jpg 1536w, https:\/\/www.leeb-balkone.com\/app\/uploads\/2023\/05\/Ueberdachung-mit-Sandwichpaneele_1-2048x1152.jpg 2048w\" sizes=\"auto, (min-width: 1200px) 1024px, (min-width: 1024px) 768px, (min-width: 640px) 768px, 768px\" \/>              <\/figure>\n\n                          <\/a>\n      \n        <div class=\"caption\">\n                          <p>K\u00fchlende Beschattung durch Eindeckung mit Sandwichpaneelen\n              <\/div>\n  \n<\/div>\n\n        <div class=\"b-cards__item\">\n\n        <a data-src=\"https:\/\/www.leeb-balkone.com\/app\/uploads\/2020\/07\/angebauter-balkon-mit-einer-ueberdachung-und-boden-aus-feinsteinzeugplatten-1536x1025.jpg\" data-thumb=\"https:\/\/www.leeb-balkone.com\/app\/uploads\/2020\/07\/angebauter-balkon-mit-einer-ueberdachung-und-boden-aus-feinsteinzeugplatten-300x200.jpg\" class=\"hasHover dark\">\n              <div class=\"badge-wrapper\">\n    \n      <figure>\n                 <img loading=\"lazy\" decoding=\"async\" width=\"1024\" height=\"683\" src=\"https:\/\/www.leeb-balkone.com\/app\/uploads\/2020\/07\/angebauter-balkon-mit-einer-ueberdachung-und-boden-aus-feinsteinzeugplatten-1024x683.jpg\" class=\"attachment-large size-large\" alt=\"angebauter balkon mit einer ueberdachung und boden aus feinsteinzeugplatten\" srcset=\"https:\/\/www.leeb-balkone.com\/app\/uploads\/2020\/07\/angebauter-balkon-mit-einer-ueberdachung-und-boden-aus-feinsteinzeugplatten-1024x683.jpg 1024w, https:\/\/www.leeb-balkone.com\/app\/uploads\/2020\/07\/angebauter-balkon-mit-einer-ueberdachung-und-boden-aus-feinsteinzeugplatten-300x200.jpg 300w, https:\/\/www.leeb-balkone.com\/app\/uploads\/2020\/07\/angebauter-balkon-mit-einer-ueberdachung-und-boden-aus-feinsteinzeugplatten-768x512.jpg 768w, https:\/\/www.leeb-balkone.com\/app\/uploads\/2020\/07\/angebauter-balkon-mit-einer-ueberdachung-und-boden-aus-feinsteinzeugplatten-1536x1025.jpg 1536w, https:\/\/www.leeb-balkone.com\/app\/uploads\/2020\/07\/angebauter-balkon-mit-einer-ueberdachung-und-boden-aus-feinsteinzeugplatten-2048x1366.jpg 2048w\" sizes=\"auto, (min-width: 1200px) 1024px, (min-width: 1024px) 768px, (min-width: 640px) 768px, 768px\" \/>              <\/figure>\n\n              <div class=\"badge\">\u00dcberdachter Anbaubalkon &#8211; Kombination eines Anbaubalkons und einer \u00dcberdachung von Leeb<\/div>\n                    <\/div>\n                    <\/a>\n      \n        <div class=\"caption\">\n                          <p>\u00dcberdachter Anbaubalkon &#8211; Kombination eines Anbaubalkons und einer \u00dcberdachung von Leeb\n              <\/div>\n  \n<\/div>\n\n    <\/div>\n\n<\/div><\/div><\/div><\/div>\n\n\n\n<div class=\"wp-block-cgb-t3-container-block none\" style=\"background-color:none\"><div class=\"grid-container\"><div class=\"grid-x\"><div class=\"cell small-12 medium-9 large-0 medium-offset-1 b-has-lsmb\">\n<p><strong><em>Hinweis: Leeb Sichtschutzelemente, Markisensysteme sowie Beschattungsm\u00f6glichkeiten sind nur in Kombination mit einer Leeb \u00dcberdachung oder einem Leeb Sommergarten erh\u00e4ltlich und k\u00f6nnen nicht gesondert angeboten werden &#8211; <a href=\"https:\/\/www.leeb-balkone.com\/de\/ueberdachungen\/terrassenueberdachung\/\">Leeb \u00dcberdachungssysteme<\/a>.<\/em><\/strong><\/p>\n\n\n\n<p><strong><em>Optional: <a href=\"https:\/\/www.leeb-balkone.com\/de\/solar\/solar-terrassendach\/\">Solar Terrassendach mit PV-Modulen<\/a> sowie Eindeckung mit <a href=\"https:\/\/www.leeb-balkone.com\/de\/ueberdachungen\/terrassenueberdachung\/\">Sandwichpaneelen<\/a><\/em><\/strong>.<\/p>\n\n\n\n<p>Seitliche Schiebelemente oder ein entsprechender Windschutz bringen zus\u00e4tzlichen Komfort. Mit einer gelungenen L\u00f6sung lassen sich die Tage und der Sommer insgesamt verl\u00e4ngern. Durch die au\u00dfenliegende Beschattung wird verhindert, dass sich der Innenraum aufheizt. Ein attraktiver Wohnraum an der frischen Luft l\u00e4dt zu einem gem\u00fctlichen Tag im Loungesessel oder einem lustigen Gartenfest. Die Umsetzung vom Profi sorgt daf\u00fcr, dass Sie lange Freude an der \u00dcberdachung haben werden und alles reibungslos funktioniert.<\/p>\n\n\n\n<p>Abgestimmt auf die Schneelast und die Gr\u00f6\u00dfe der \u00dcberdachung suchen unsere Profis dabei die optimale L\u00f6sung f\u00fcr die stabile Verankerung. Ob auf St\u00fctzen mit Wandanschluss oder freistehend h\u00e4ngt von den Rahmenbedingungen und Ihren W\u00fcnschen ab. Beschattung, Lamellen und Sichtschutz l\u00e4sst sich ganz nach den pers\u00f6nlichen Vorstellungen gestalten. Alle L\u00f6sungen von Leeb sind nat\u00fcrlich auch im Nachhinein immer noch erweiterbar. Durch die Umsetzung mit hochwertigem Aluminium inklusive patentierter ALU COMFORT PLUS\u00ae-Beschichtung l\u00e4sst sich die Terrasse langfristig ohne Instandhaltungsarbeiten nutzen. Streichen oder Abschleifen k\u00f6nnen Sie sich bei der Wahl des richtigen Materials sparen.<\/p>\n\n\n\n<p>Ob beim k\u00fchlenden Sommerregen oder den letzten Sonnenstrahlen im Herbst, dank guter Planung und Umsetzung wird die Terrasse zum sch\u00f6nsten Zimmer des ganzen Hauses. <a href=\"https:\/\/www.leeb-balkone.com\/de\/ueberdachungen\/terrassenueberdachung\/\">Terrassen\u00fcberdachung<\/a>, <a href=\"https:\/\/www.leeb-balkone.com\/de\/ueberdachungen\/sommergarten\/\">Sommergarten<\/a> &amp; Co sorgen daf\u00fcr, dass Sie Terrasse und Au\u00dfenbereich fast das ganze Jahr \u00fcber nutzen k\u00f6nnen.<\/p>\n<\/div><\/div><\/div><\/div>\n\n\n\n<div class=\"wp-block-cgb-t3-container-block none Hitze\" style=\"background-color:none\"><div class=\"grid-container\"><div class=\"grid-x\"><div class=\"cell small-12 medium-9 large-0 medium-offset-1 b-has-pt b-has-lsmb\">\n<h2 class=\"wp-block-heading\" id=\"Hitze\">Hitzeschutz bei Leeb-Terrassen\u00fcberdachungen<\/h2>\n\n\n\n<p><span class=\"teaser\">Die Sonne lacht, der Himmel strahlt \u2013 und doch wird die ersehnte Zeit auf der Terrasse im Hochsommer schnell zur Herausforderung. Wenn die Hitze flimmert, der Boden gl\u00fcht und selbst die sch\u00f6nsten Nachmittage im Freien zur Belastungsprobe f\u00fcr Mensch und Material werden, w\u00fcnscht man sich nur eines: einen k\u00fchlen, gesch\u00fctzten R\u00fcckzugsort im eigenen Garten. Genau hier setzt Leeb an. Denn wir wissen: Ihr Lieblingsplatz im Freien soll auch an den hei\u00dfesten Tagen des Jahres nutzbar und angenehm bleiben.<\/span><\/p>\n\n\n\n<p>Wenn es um effektiven Hitzeschutz auf der Terrasse geht, bietet Leeb gezielt entwickelte L\u00f6sungen, die <strong>speziell f\u00fcr die eigenen \u00dcberdachungssysteme<\/strong> konzipiert wurden.<\/p>\n<\/div><\/div><\/div><\/div>\n\n\n\n<div class=\"wp-block-cgb-t3-container-block none\" style=\"background-color:none\"><div class=\"grid-container\"><div class=\"grid-x\"><div class=\"cell small-12 medium-0 large-0 b-has-pt b-has-lsmb\"><div class=\"b-sps l-mbxl\" id=\"\">\n    <div class=\"grid-container\">\n      <div class=\"grid-x\">\n              <div class=\"cell b-sps__bgimg lazyload bgx-center bgy-center small-12 medium-6 small-order-1 medium-order-1\">\n          \n            <img loading=\"lazy\" decoding=\"async\" width=\"1024\" height=\"683\" src=\"https:\/\/www.leeb-balkone.com\/app\/uploads\/2022\/07\/markise-in-aufdachmontage-1024x683.jpg\" class=\"attachment-large size-large\" alt=\"Markise in Aufdachmontage - Terrassendach Beschattung von Leeb\" srcset=\"https:\/\/www.leeb-balkone.com\/app\/uploads\/2022\/07\/markise-in-aufdachmontage-1024x683.jpg 1024w, https:\/\/www.leeb-balkone.com\/app\/uploads\/2022\/07\/markise-in-aufdachmontage-300x200.jpg 300w, https:\/\/www.leeb-balkone.com\/app\/uploads\/2022\/07\/markise-in-aufdachmontage-768x512.jpg 768w, https:\/\/www.leeb-balkone.com\/app\/uploads\/2022\/07\/markise-in-aufdachmontage-1536x1024.jpg 1536w, https:\/\/www.leeb-balkone.com\/app\/uploads\/2022\/07\/markise-in-aufdachmontage-scaled.jpg 2048w\" sizes=\"auto, (min-width: 1200px) 1024px, (min-width: 1024px) 768px, (min-width: 640px) 768px, 768px\" \/>        <\/div>\n            <div class=\"cell b-sps__cont  small-12 medium-6 small-order-2 medium-order-2 bg--white\">\n        <div class=\"b-sps__inner-cont  pdd\">\n          <h3>Aufdach-Markisen (\u00dcberglas-Markisen)<\/h3>\n<p>Der wirkungsvollste Schutz gegen Hitze bei verglasten Terrassen\u00fcberdachungen von Leeb sind die au\u00dfenliegenden Aufdach-Markisen. Sie werden oberhalb des Glasdachs montiert und halten die Sonnenstrahlen ab, bevor sie das Glas erreichen und darunter einen Hitzestau verursachen k\u00f6nnen.<\/p>\n<ul>\n<li>Die Markisen laufen in stabilen F\u00fchrungsschienen und k\u00f6nnen per Motor, Funkfernbedienung oder sogar automatisch \u00fcber Sonnen- und Windsensoren gesteuert werden.<\/li>\n<li>Hochwertige, UV-best\u00e4ndige Markisent\u00fccher reflektieren die Hitze und sind in verschiedenen Designs erh\u00e4ltlich.<\/li>\n<li>Auch gro\u00dfe Dachfl\u00e4chen lassen sich mit einer einzigen Markisenanlage effizient beschatten.<\/li>\n<li>Die Montage ist optimal auf das jeweilige Leeb-\u00dcberdachungssystem abgestimmt, sodass Technik und Optik harmonisch zusammenpassen.<\/li>\n<\/ul>\n\n        <\/div>\n      <\/div>\n    <\/div>\n    <\/div>\n  <\/div>\n\n\n<div class=\"b-sps l-mbxl\" id=\"\">\n    <div class=\"grid-container\">\n      <div class=\"grid-x\">\n              <div class=\"cell b-sps__bgimg lazyload bgx-center bgy-center small-12 medium-6 small-order-1 medium-order-2\">\n          \n            <img loading=\"lazy\" decoding=\"async\" width=\"1024\" height=\"576\" src=\"https:\/\/www.leeb-balkone.com\/app\/uploads\/2023\/05\/Ueberdachung-mit-Sandwichpaneele_3-1024x576.jpg\" class=\"attachment-large size-large\" alt=\"Geringes Gewicht, W\u00e4rmeisolierung, Schalld\u00e4mmung - Sandwichpaneele\" srcset=\"https:\/\/www.leeb-balkone.com\/app\/uploads\/2023\/05\/Ueberdachung-mit-Sandwichpaneele_3-1024x576.jpg 1024w, https:\/\/www.leeb-balkone.com\/app\/uploads\/2023\/05\/Ueberdachung-mit-Sandwichpaneele_3-300x169.jpg 300w, https:\/\/www.leeb-balkone.com\/app\/uploads\/2023\/05\/Ueberdachung-mit-Sandwichpaneele_3-768x432.jpg 768w, https:\/\/www.leeb-balkone.com\/app\/uploads\/2023\/05\/Ueberdachung-mit-Sandwichpaneele_3-1536x864.jpg 1536w, https:\/\/www.leeb-balkone.com\/app\/uploads\/2023\/05\/Ueberdachung-mit-Sandwichpaneele_3-2048x1152.jpg 2048w\" sizes=\"auto, (min-width: 1200px) 1024px, (min-width: 1024px) 768px, (min-width: 640px) 768px, 768px\" \/>        <\/div>\n            <div class=\"cell b-sps__cont  small-12 medium-6 small-order-2 medium-order-1 bg--white\">\n        <div class=\"b-sps__inner-cont  pdd\">\n          <h3>Sandwichpaneele \u2013 das isolierende Dach<\/h3>\n<p>F\u00fcr alle, die eine besonders wartungsarme und dauerhafte L\u00f6sung suchen, bietet Leeb auch Terrassen\u00fcberdachungen mit Sandwichpaneelen an.<\/p>\n<ul>\n<li>Die mehrschichtige, isolierende Konstruktion h\u00e4lt Hitze zuverl\u00e4ssig drau\u00dfen und sorgt daf\u00fcr, dass die Terrasse auch im Hochsommer angenehm temperiert bleibt.<\/li>\n<li>Eine zus\u00e4tzliche Beschattung ist bei Sandwichpaneelen nicht erforderlich, da sie von sich aus genug Schatten und W\u00e4rmeschutz bieten.<\/li>\n<li>Sie sind leicht, langlebig, schallisolierend und in verschiedenen Designs erh\u00e4ltlich.<\/li>\n<\/ul>\n\n        <\/div>\n      <\/div>\n    <\/div>\n    <\/div>\n  <\/div>\n\n\n<div class=\"b-sps l-mbxl\" id=\"\">\n    <div class=\"grid-container\">\n      <div class=\"grid-x\">\n              <div class=\"cell b-sps__bgimg lazyload bgx-center bgy-center small-12 medium-6 small-order-1 medium-order-1\">\n          \n            <img loading=\"lazy\" decoding=\"async\" width=\"1024\" height=\"683\" src=\"https:\/\/www.leeb-balkone.com\/app\/uploads\/2020\/07\/Sommergarten-Ueberdachung-Toscana-mit-Schiebeelementen-Markise-Boden-10-1024x683.jpg\" class=\"attachment-large size-large\" alt=\"Sommergarten mit Alu-Glas Schiebeelementen und Markisen\" srcset=\"https:\/\/www.leeb-balkone.com\/app\/uploads\/2020\/07\/Sommergarten-Ueberdachung-Toscana-mit-Schiebeelementen-Markise-Boden-10-1024x683.jpg 1024w, https:\/\/www.leeb-balkone.com\/app\/uploads\/2020\/07\/Sommergarten-Ueberdachung-Toscana-mit-Schiebeelementen-Markise-Boden-10-300x200.jpg 300w, https:\/\/www.leeb-balkone.com\/app\/uploads\/2020\/07\/Sommergarten-Ueberdachung-Toscana-mit-Schiebeelementen-Markise-Boden-10-768x512.jpg 768w, https:\/\/www.leeb-balkone.com\/app\/uploads\/2020\/07\/Sommergarten-Ueberdachung-Toscana-mit-Schiebeelementen-Markise-Boden-10-1536x1024.jpg 1536w, https:\/\/www.leeb-balkone.com\/app\/uploads\/2020\/07\/Sommergarten-Ueberdachung-Toscana-mit-Schiebeelementen-Markise-Boden-10-2048x1366.jpg 2048w\" sizes=\"auto, (min-width: 1200px) 1024px, (min-width: 1024px) 768px, (min-width: 640px) 768px, 768px\" \/>        <\/div>\n            <div class=\"cell b-sps__cont  small-12 medium-6 small-order-2 medium-order-2 bg--white\">\n        <div class=\"b-sps__inner-cont  pdd\">\n          <h3>Seitliche Schiebe- und Sichtschutzelemente<\/h3>\n<p>Als Erg\u00e4nzung zum Hitzeschutz von oben bietet Leeb eine breite Palette an seitlichen Elementen:<\/p>\n<ul>\n<li>Schiebe- und Schiebedrehelemente aus Glas oder Aluminium sch\u00fctzen vor tief stehender Sonne und Wind und k\u00f6nnen flexibel ge\u00f6ffnet oder geschlossen werden.<\/li>\n<li>Textile Screens und Senkrechtmarkisen bieten zus\u00e4tzlichen Schutz vor seitlicher Sonneneinstrahlung und sorgen f\u00fcr mehr Privatsph\u00e4re.<\/li>\n<\/ul>\n\n        <\/div>\n      <\/div>\n    <\/div>\n    <\/div>\n  <\/div>\n<\/div><\/div><\/div><\/div>\n\n\n\n<div class=\"wp-block-cgb-t3-container-block none Hitze\" style=\"background-color:none\"><div class=\"grid-container\"><div class=\"grid-x\"><div class=\"cell small-12 medium-9 large-0 medium-offset-1 b-has-pt b-has-lsmb\">\n<h3 class=\"wp-block-heading\">Fazit: Hitzeschutz mit System<\/h3>\n\n\n\n<p>Leeb sch\u00fctzt Ihre Terrasse vor gro\u00dfer Hitze durch ein Zusammenspiel aus au\u00dfenliegenden Aufdach-Markisen (\u00dcberglas-Markisen), isolierenden Sandwichpaneelen und flexiblen seitlichen Elementen. Besonders die Aufdach-Markise ist bei Glas\u00fcberdachungen der effektivste Hitzeschutz, da sie die Sonnenstrahlen bereits vor dem Glas stoppt und so einen Hitzestau verhindert. Damit bleibt Ihr Lieblingsplatz im Freien auch an den hei\u00dfesten Tagen angenehm und nutzbar.<\/p>\n\n\n\n<p><a href=\"https:\/\/www.leeb-balkone.com\/de\/kontakt\/\">Ihr Leeb Partner in der N\u00e4he ber\u00e4t Sie gerne!<\/a><\/p>\n<\/div><\/div><\/div><\/div>\n<\/section>\n","protected":false},"excerpt":{"rendered":"<p>Die passende Beschattung kann f\u00fcr eine l\u00e4ngere und bessere Nutzung Ihrer Terrasse sorgen!<\/p>\n","protected":false},"author":4,"featured_media":93075,"comment_status":"closed","ping_status":"open","sticky":false,"template":"template-onepager.blade.php","format":"standard","meta":{"_acf_changed":false,"footnotes":""},"categories":[54,63,59],"tags":[],"post_folder":[],"class_list":["post-155984","post","type-post","status-publish","format-standard","has-post-thumbnail","hentry","category-balkongestaltung","category-gartenbau","category-gartengestaltung"],"acf":[],"yoast_head":"<!-- This site is optimized with the Yoast SEO plugin v27.2 - https:\/\/yoast.com\/product\/yoast-seo-wordpress\/ -->\n<title>Terrassenbeschattung - Schatten im Aussenbereich - Leeb Balkone Deutschland<\/title>\n<meta name=\"description\" content=\"Die passende Beschattung kann f\u00fcr eine l\u00e4ngere und bessere Nutzung Ihrer Terrasse sorgen!\" \/>\n<meta name=\"robots\" content=\"index, follow, max-snippet:-1, max-image-preview:large, max-video-preview:-1\" \/>\n<meta property=\"og:locale\" content=\"de_DE\" \/>\n<meta property=\"og:type\" content=\"article\" \/>\n<meta property=\"og:title\" content=\"Terrassenbeschattung - Schatten im Aussenbereich - Leeb Balkone\" \/>\n<meta property=\"og:description\" content=\"Die passende Beschattung kann f\u00fcr eine l\u00e4ngere und bessere Nutzung Ihrer Terrasse sorgen!\" \/>\n<meta property=\"og:url\" content=\"https:\/\/www.leeb-balkone.com\/de\/blog\/terrassenbeschattung\/\" \/>\n<meta property=\"og:site_name\" content=\"Leeb Balkone\" \/>\n<meta property=\"article:publisher\" content=\"https:\/\/www.facebook.com\/balkone\/\" \/>\n<meta property=\"article:published_time\" content=\"2025-06-30T17:57:05+00:00\" \/>\n<meta property=\"article:modified_time\" content=\"2025-09-18T16:17:00+00:00\" \/>\n<meta property=\"og:image\" content=\"https:\/\/www.leeb-balkone.com\/app\/uploads\/2022\/07\/terrassenbeschattung-1-scaled.jpg\" \/>\n\t<meta property=\"og:image:width\" content=\"2048\" \/>\n\t<meta property=\"og:image:height\" content=\"1540\" \/>\n\t<meta property=\"og:image:type\" content=\"image\/jpeg\" \/>\n<meta name=\"author\" content=\"Herbert Weichart\" \/>\n<meta name=\"twitter:card\" content=\"summary_large_image\" \/>\n<script type=\"application\/ld+json\" class=\"yoast-schema-graph\">{\"@context\":\"https:\/\/schema.org\",\"@graph\":[{\"@type\":\"Article\",\"@id\":\"https:\/\/www.leeb-balkone.com\/de\/blog\/terrassenbeschattung\/#article\",\"isPartOf\":{\"@id\":\"https:\/\/www.leeb-balkone.com\/de\/blog\/terrassenbeschattung\/\"},\"author\":{\"name\":\"Herbert Weichart\",\"@id\":\"https:\/\/www.leeb-balkone.com\/de\/#\/schema\/person\/dc2e2c82db329667ee507698e220238f\"},\"headline\":\"Terrassenbeschattung &#8211; Schatten im Aussenbereich\",\"datePublished\":\"2025-06-30T17:57:05+00:00\",\"dateModified\":\"2025-09-18T16:17:00+00:00\",\"mainEntityOfPage\":{\"@id\":\"https:\/\/www.leeb-balkone.com\/de\/blog\/terrassenbeschattung\/\"},\"wordCount\":1127,\"publisher\":{\"@id\":\"https:\/\/www.leeb-balkone.com\/de\/#organization\"},\"image\":{\"@id\":\"https:\/\/www.leeb-balkone.com\/de\/blog\/terrassenbeschattung\/#primaryimage\"},\"thumbnailUrl\":\"https:\/\/www.leeb-balkone.com\/app\/uploads\/2022\/07\/terrassenbeschattung-1-scaled.jpg\",\"articleSection\":[\"Balkongestaltung\",\"Gartenbau\",\"Gartengestaltung\"],\"inLanguage\":\"de\"},{\"@type\":\"WebPage\",\"@id\":\"https:\/\/www.leeb-balkone.com\/de\/blog\/terrassenbeschattung\/\",\"url\":\"https:\/\/www.leeb-balkone.com\/de\/blog\/terrassenbeschattung\/\",\"name\":\"Terrassenbeschattung - Schatten im Aussenbereich - Leeb Balkone\",\"isPartOf\":{\"@id\":\"https:\/\/www.leeb-balkone.com\/de\/#website\"},\"primaryImageOfPage\":{\"@id\":\"https:\/\/www.leeb-balkone.com\/de\/blog\/terrassenbeschattung\/#primaryimage\"},\"image\":{\"@id\":\"https:\/\/www.leeb-balkone.com\/de\/blog\/terrassenbeschattung\/#primaryimage\"},\"thumbnailUrl\":\"https:\/\/www.leeb-balkone.com\/app\/uploads\/2022\/07\/terrassenbeschattung-1-scaled.jpg\",\"datePublished\":\"2025-06-30T17:57:05+00:00\",\"dateModified\":\"2025-09-18T16:17:00+00:00\",\"description\":\"Die passende Beschattung kann f\u00fcr eine l\u00e4ngere und bessere Nutzung Ihrer Terrasse sorgen!\",\"breadcrumb\":{\"@id\":\"https:\/\/www.leeb-balkone.com\/de\/blog\/terrassenbeschattung\/#breadcrumb\"},\"inLanguage\":\"de\",\"potentialAction\":[{\"@type\":\"ReadAction\",\"target\":[\"https:\/\/www.leeb-balkone.com\/de\/blog\/terrassenbeschattung\/\"]}]},{\"@type\":\"ImageObject\",\"inLanguage\":\"de\",\"@id\":\"https:\/\/www.leeb-balkone.com\/de\/blog\/terrassenbeschattung\/#primaryimage\",\"url\":\"https:\/\/www.leeb-balkone.com\/app\/uploads\/2022\/07\/terrassenbeschattung-1-scaled.jpg\",\"contentUrl\":\"https:\/\/www.leeb-balkone.com\/app\/uploads\/2022\/07\/terrassenbeschattung-1-scaled.jpg\",\"width\":2048,\"height\":1540,\"caption\":\"Fixe Terrassen\u00fcberdachungen beschatten nach Plan \u2013 je nach Bauweise (Eindeckung mit Sandwichpaneelen, integrierte PV Module) und Ausstattung (Markisen)\"},{\"@type\":\"BreadcrumbList\",\"@id\":\"https:\/\/www.leeb-balkone.com\/de\/blog\/terrassenbeschattung\/#breadcrumb\",\"itemListElement\":[{\"@type\":\"ListItem\",\"position\":1,\"name\":\"Home\",\"item\":\"https:\/\/www.leeb-balkone.com\/de\/\"},{\"@type\":\"ListItem\",\"position\":2,\"name\":\"Terrassenbeschattung &#8211; Schatten im Aussenbereich\"}]},{\"@type\":\"WebSite\",\"@id\":\"https:\/\/www.leeb-balkone.com\/de\/#website\",\"url\":\"https:\/\/www.leeb-balkone.com\/de\/\",\"name\":\"Leeb Balkone\",\"description\":\"Balkone und Z\u00e4une\",\"publisher\":{\"@id\":\"https:\/\/www.leeb-balkone.com\/de\/#organization\"},\"potentialAction\":[{\"@type\":\"SearchAction\",\"target\":{\"@type\":\"EntryPoint\",\"urlTemplate\":\"https:\/\/www.leeb-balkone.com\/de\/?s={search_term_string}\"},\"query-input\":{\"@type\":\"PropertyValueSpecification\",\"valueRequired\":true,\"valueName\":\"search_term_string\"}}],\"inLanguage\":\"de\"},{\"@type\":\"Organization\",\"@id\":\"https:\/\/www.leeb-balkone.com\/de\/#organization\",\"name\":\"Leeb Balkone Gmbh\",\"url\":\"https:\/\/www.leeb-balkone.com\/de\/\",\"logo\":{\"@type\":\"ImageObject\",\"inLanguage\":\"de\",\"@id\":\"https:\/\/www.leeb-balkone.com\/de\/#\/schema\/logo\/image\/\",\"url\":\"https:\/\/www.leeb-balkone.com\/app\/uploads\/2020\/11\/leeb-logo.svg\",\"contentUrl\":\"https:\/\/www.leeb-balkone.com\/app\/uploads\/2020\/11\/leeb-logo.svg\",\"width\":741,\"height\":204,\"caption\":\"Leeb Balkone Gmbh\"},\"image\":{\"@id\":\"https:\/\/www.leeb-balkone.com\/de\/#\/schema\/logo\/image\/\"},\"sameAs\":[\"https:\/\/www.facebook.com\/balkone\/\",\"https:\/\/www.trustedshops.at\/bewertung\/info_X4587CCF5833E31AFE0B11F47D86999F2.html\",\"https:\/\/www.trustedshops.de\/bewertung\/info_X7BA536A7A0BDC86D36C4718E4DCAEEEF.html\",\"https:\/\/www.google.com\/maps\/place\/?q=place_id:ChIJ5-zH19-IcEcR9HonWRTllHI\"]},{\"@type\":\"Person\",\"@id\":\"https:\/\/www.leeb-balkone.com\/de\/#\/schema\/person\/dc2e2c82db329667ee507698e220238f\",\"name\":\"Herbert Weichart\"}]}<\/script>\n<!-- \/ Yoast SEO plugin. -->","yoast_head_json":{"title":"Terrassenbeschattung - Schatten im Aussenbereich - Leeb Balkone Deutschland","description":"Die passende Beschattung kann f\u00fcr eine l\u00e4ngere und bessere Nutzung Ihrer Terrasse sorgen!","robots":{"index":"index","follow":"follow","max-snippet":"max-snippet:-1","max-image-preview":"max-image-preview:large","max-video-preview":"max-video-preview:-1"},"og_locale":"de_DE","og_type":"article","og_title":"Terrassenbeschattung - Schatten im Aussenbereich - Leeb Balkone","og_description":"Die passende Beschattung kann f\u00fcr eine l\u00e4ngere und bessere Nutzung Ihrer Terrasse sorgen!","og_url":"https:\/\/www.leeb-balkone.com\/de\/blog\/terrassenbeschattung\/","og_site_name":"Leeb Balkone","article_publisher":"https:\/\/www.facebook.com\/balkone\/","article_published_time":"2025-06-30T17:57:05+00:00","article_modified_time":"2025-09-18T16:17:00+00:00","og_image":[{"width":2048,"height":1540,"url":"https:\/\/www.leeb-balkone.com\/app\/uploads\/2022\/07\/terrassenbeschattung-1-scaled.jpg","type":"image\/jpeg"}],"author":"Herbert Weichart","twitter_card":"summary_large_image","schema":{"@context":"https:\/\/schema.org","@graph":[{"@type":"Article","@id":"https:\/\/www.leeb-balkone.com\/de\/blog\/terrassenbeschattung\/#article","isPartOf":{"@id":"https:\/\/www.leeb-balkone.com\/de\/blog\/terrassenbeschattung\/"},"author":{"name":"Herbert Weichart","@id":"https:\/\/www.leeb-balkone.com\/de\/#\/schema\/person\/dc2e2c82db329667ee507698e220238f"},"headline":"Terrassenbeschattung &#8211; Schatten im Aussenbereich","datePublished":"2025-06-30T17:57:05+00:00","dateModified":"2025-09-18T16:17:00+00:00","mainEntityOfPage":{"@id":"https:\/\/www.leeb-balkone.com\/de\/blog\/terrassenbeschattung\/"},"wordCount":1127,"publisher":{"@id":"https:\/\/www.leeb-balkone.com\/de\/#organization"},"image":{"@id":"https:\/\/www.leeb-balkone.com\/de\/blog\/terrassenbeschattung\/#primaryimage"},"thumbnailUrl":"https:\/\/www.leeb-balkone.com\/app\/uploads\/2022\/07\/terrassenbeschattung-1-scaled.jpg","articleSection":["Balkongestaltung","Gartenbau","Gartengestaltung"],"inLanguage":"de"},{"@type":"WebPage","@id":"https:\/\/www.leeb-balkone.com\/de\/blog\/terrassenbeschattung\/","url":"https:\/\/www.leeb-balkone.com\/de\/blog\/terrassenbeschattung\/","name":"Terrassenbeschattung - Schatten im Aussenbereich - Leeb Balkone","isPartOf":{"@id":"https:\/\/www.leeb-balkone.com\/de\/#website"},"primaryImageOfPage":{"@id":"https:\/\/www.leeb-balkone.com\/de\/blog\/terrassenbeschattung\/#primaryimage"},"image":{"@id":"https:\/\/www.leeb-balkone.com\/de\/blog\/terrassenbeschattung\/#primaryimage"},"thumbnailUrl":"https:\/\/www.leeb-balkone.com\/app\/uploads\/2022\/07\/terrassenbeschattung-1-scaled.jpg","datePublished":"2025-06-30T17:57:05+00:00","dateModified":"2025-09-18T16:17:00+00:00","description":"Die passende Beschattung kann f\u00fcr eine l\u00e4ngere und bessere Nutzung Ihrer Terrasse sorgen!","breadcrumb":{"@id":"https:\/\/www.leeb-balkone.com\/de\/blog\/terrassenbeschattung\/#breadcrumb"},"inLanguage":"de","potentialAction":[{"@type":"ReadAction","target":["https:\/\/www.leeb-balkone.com\/de\/blog\/terrassenbeschattung\/"]}]},{"@type":"ImageObject","inLanguage":"de","@id":"https:\/\/www.leeb-balkone.com\/de\/blog\/terrassenbeschattung\/#primaryimage","url":"https:\/\/www.leeb-balkone.com\/app\/uploads\/2022\/07\/terrassenbeschattung-1-scaled.jpg","contentUrl":"https:\/\/www.leeb-balkone.com\/app\/uploads\/2022\/07\/terrassenbeschattung-1-scaled.jpg","width":2048,"height":1540,"caption":"Fixe Terrassen\u00fcberdachungen beschatten nach Plan \u2013 je nach Bauweise (Eindeckung mit Sandwichpaneelen, integrierte PV Module) und Ausstattung (Markisen)"},{"@type":"BreadcrumbList","@id":"https:\/\/www.leeb-balkone.com\/de\/blog\/terrassenbeschattung\/#breadcrumb","itemListElement":[{"@type":"ListItem","position":1,"name":"Home","item":"https:\/\/www.leeb-balkone.com\/de\/"},{"@type":"ListItem","position":2,"name":"Terrassenbeschattung &#8211; Schatten im Aussenbereich"}]},{"@type":"WebSite","@id":"https:\/\/www.leeb-balkone.com\/de\/#website","url":"https:\/\/www.leeb-balkone.com\/de\/","name":"Leeb Balkone","description":"Balkone und Z\u00e4une","publisher":{"@id":"https:\/\/www.leeb-balkone.com\/de\/#organization"},"potentialAction":[{"@type":"SearchAction","target":{"@type":"EntryPoint","urlTemplate":"https:\/\/www.leeb-balkone.com\/de\/?s={search_term_string}"},"query-input":{"@type":"PropertyValueSpecification","valueRequired":true,"valueName":"search_term_string"}}],"inLanguage":"de"},{"@type":"Organization","@id":"https:\/\/www.leeb-balkone.com\/de\/#organization","name":"Leeb Balkone Gmbh","url":"https:\/\/www.leeb-balkone.com\/de\/","logo":{"@type":"ImageObject","inLanguage":"de","@id":"https:\/\/www.leeb-balkone.com\/de\/#\/schema\/logo\/image\/","url":"https:\/\/www.leeb-balkone.com\/app\/uploads\/2020\/11\/leeb-logo.svg","contentUrl":"https:\/\/www.leeb-balkone.com\/app\/uploads\/2020\/11\/leeb-logo.svg","width":741,"height":204,"caption":"Leeb Balkone Gmbh"},"image":{"@id":"https:\/\/www.leeb-balkone.com\/de\/#\/schema\/logo\/image\/"},"sameAs":["https:\/\/www.facebook.com\/balkone\/","https:\/\/www.trustedshops.at\/bewertung\/info_X4587CCF5833E31AFE0B11F47D86999F2.html","https:\/\/www.trustedshops.de\/bewertung\/info_X7BA536A7A0BDC86D36C4718E4DCAEEEF.html","https:\/\/www.google.com\/maps\/place\/?q=place_id:ChIJ5-zH19-IcEcR9HonWRTllHI"]},{"@type":"Person","@id":"https:\/\/www.leeb-balkone.com\/de\/#\/schema\/person\/dc2e2c82db329667ee507698e220238f","name":"Herbert Weichart"}]}},"_links":{"self":[{"href":"https:\/\/www.leeb-balkone.com\/de\/wp-json\/wp\/v2\/posts\/155984","targetHints":{"allow":["GET"]}}],"collection":[{"href":"https:\/\/www.leeb-balkone.com\/de\/wp-json\/wp\/v2\/posts"}],"about":[{"href":"https:\/\/www.leeb-balkone.com\/de\/wp-json\/wp\/v2\/types\/post"}],"author":[{"embeddable":true,"href":"https:\/\/www.leeb-balkone.com\/de\/wp-json\/wp\/v2\/users\/4"}],"replies":[{"embeddable":true,"href":"https:\/\/www.leeb-balkone.com\/de\/wp-json\/wp\/v2\/comments?post=155984"}],"version-history":[{"count":4,"href":"https:\/\/www.leeb-balkone.com\/de\/wp-json\/wp\/v2\/posts\/155984\/revisions"}],"predecessor-version":[{"id":156785,"href":"https:\/\/www.leeb-balkone.com\/de\/wp-json\/wp\/v2\/posts\/155984\/revisions\/156785"}],"wp:featuredmedia":[{"embeddable":true,"href":"https:\/\/www.leeb-balkone.com\/de\/wp-json\/wp\/v2\/media\/93075"}],"wp:attachment":[{"href":"https:\/\/www.leeb-balkone.com\/de\/wp-json\/wp\/v2\/media?parent=155984"}],"wp:term":[{"taxonomy":"category","embeddable":true,"href":"https:\/\/www.leeb-balkone.com\/de\/wp-json\/wp\/v2\/categories?post=155984"},{"taxonomy":"post_tag","embeddable":true,"href":"https:\/\/www.leeb-balkone.com\/de\/wp-json\/wp\/v2\/tags?post=155984"},{"taxonomy":"post_folder","embeddable":true,"href":"https:\/\/www.leeb-balkone.com\/de\/wp-json\/wp\/v2\/post_folder?post=155984"}],"curies":[{"name":"wp","href":"https:\/\/api.w.org\/{rel}","templated":true}]}}