{"id":142393,"date":"2024-11-27T17:05:00","date_gmt":"2024-11-27T17:05:00","guid":{"rendered":"https:\/\/www.leeb-balkone.com\/de\/blog\/"},"modified":"2025-09-17T13:32:11","modified_gmt":"2025-09-17T13:32:11","slug":"nachbarschaftsrecht-zaun-an-der-grundstuecksgrenze","status":"publish","type":"post","link":"https:\/\/www.leeb-balkone.com\/de\/blog\/nachbarschaftsrecht-zaun-an-der-grundstuecksgrenze\/","title":{"rendered":"Nachbarschaftsrecht: Zaun an der Grundst\u00fccksgrenze"},"content":{"rendered":"<header class=\"wp-block-group alignfull t3-header u-max-wide t3-header-text has-white-background-color has-background has-global-padding is-layout-constrained wp-block-group-is-layout-constrained\">\n    <div class=\"wp-block-group o-grid u-md-1 u-sm-1 is-layout-flow wp-block-group-is-layout-flow\">\n  <div class=\"wp-block-group u-g-10 u-g-s-2\">\n      <div class=\"yoast-breadcrumbs\"><span><span><a href=\"https:\/\/www.leeb-balkone.com\/de\/\">Home<\/a><\/span><\/span><\/div>\n      \n    <h1>Nachbarschaftsrecht: Zaun an der Grundst\u00fccksgrenze<\/h1>\n  <\/div>\n<\/div>\n  <\/header>\n\n\n\n\n\n\n\n<section class=\"wp-block-cgb-t3-section-block alignfull b-pt-small  is-style-bg-white\" style=\"display:inherit;min-height:inherit\">\n<div class=\"wp-block-cgb-t3-container-block none\" style=\"background-color:none\"><div class=\"grid-container\"><div class=\"grid-x\"><div class=\"cell small-12 medium-9 large-0 medium-offset-1 b-has-lsmb\">\n<p><span class=\"teaser\">Das Aufstellen, Aussehen und die Pflege der Grundst\u00fccksumz\u00e4unung k\u00f6nnen oft Ausl\u00f6ser f\u00fcr Streitigkeiten zwischen Anwohnern werden. In solchen F\u00e4llen soll das \u00f6sterreichische Nachbarschaftsrecht Aushilfe schaffen. Doch auch dieses kann nicht alle offenen Fragen kl\u00e4ren. Wir geben Antworten rund um die h\u00e4ufigsten Unklarheiten \u00fcber Z\u00e4une, Grundst\u00fccksgrenzen und deren Zust\u00e4ndigkeiten.<\/span><\/p>\n<\/div><\/div><\/div><\/div>\n\n\n\n<div class=\"wp-block-cgb-t3-container-block none\" style=\"background-color:none\"><div class=\"grid-container\"><div class=\"grid-x\"><div class=\"cell small-12 medium-0 large-0\"><div id=\"lightgallery-block_acf-block-68cab858e6876\" data-block_acf-block-68cab858e6876 class=\"has-1-imgs b-cards b-cards--gallery u-grid-temp has-1-cols u-md-2 u-sm-1 wp-block-group is-layout-grid wp-block-group-is-layout-grid gallery alignwide\">\n\n        <div class=\"b-cards__item\">\n\n        \n      <figure>\n                 <img loading=\"lazy\" decoding=\"async\" width=\"1536\" height=\"1025\" src=\"https:\/\/www.leeb-balkone.com\/app\/uploads\/2020\/07\/alu-sichtschutzzaun-7-1536x1025.jpeg\" class=\"attachment-1536x1536 size-1536x1536\" alt=\"alu sichtschutzzaun 7\" srcset=\"https:\/\/www.leeb-balkone.com\/app\/uploads\/2020\/07\/alu-sichtschutzzaun-7-1536x1025.jpeg 1536w, https:\/\/www.leeb-balkone.com\/app\/uploads\/2020\/07\/alu-sichtschutzzaun-7-300x200.jpeg 300w, https:\/\/www.leeb-balkone.com\/app\/uploads\/2020\/07\/alu-sichtschutzzaun-7-1024x684.jpeg 1024w, https:\/\/www.leeb-balkone.com\/app\/uploads\/2020\/07\/alu-sichtschutzzaun-7-768x513.jpeg 768w, https:\/\/www.leeb-balkone.com\/app\/uploads\/2020\/07\/alu-sichtschutzzaun-7-2048x1367.jpeg 2048w\" sizes=\"auto, (min-width: 1200px) 100vw, (min-width: 1024px) 1536px, (min-width: 640px) 768px, 768px\" \/>              <\/figure>\n\n                  \n  \n<\/div>\n\n    <\/div>\n\n<\/div><\/div><\/div><\/div>\n\n\n\n<div class=\"wp-block-cgb-t3-container-block none\" style=\"background-color:none\"><div class=\"grid-container\"><div class=\"grid-x\"><div class=\"cell small-12 medium-9 large-0 medium-offset-1 b-has-lsmb\">\n<h2 class=\"wp-block-heading\">Wie hoch darf der Zaun sein?<\/h2>\n\n\n\n<p><strong>Die Vorschriften bez\u00fcglich der H\u00f6he einer Mauer um die Grundst\u00fccksgrenze herum sind von Bundesland zu Bundesland unterschiedlich.<\/strong> Allerdings liegt in den meisten F\u00e4llen die Obergrenze bei 1,50 Meter \u00fcber dem Boden. Am besten ist es hier, in der Bauordnung des jeweiligen Bundeslandes nachzusehen. Hierbei handelt es sich aber ausschlie\u00dflich um St\u00fctz- und freistehende Mauern. Damit wir einen kleinen \u00dcberblick verschaffen k\u00f6nnen, haben wir hier die Kerninformationen f\u00fcr \u00d6STERREICH zusammengefasst.<\/p>\n\n\n\n<h3 class=\"wp-block-heading\">Nieder\u00f6sterreich<\/h3>\n\n\n\n<p>Laut <a href=\"https:\/\/www.ris.bka.gv.at\/GeltendeFassung.wxe?Abfrage=LrNO&amp;Gesetzesnummer=20001079\">nieder\u00f6sterreichischer Bauordnung<\/a> ist eine Einz\u00e4unung dann anzeigepflichtig, wenn es sich um keine baulichen Anlagen handelt und diese gegen \u00f6ffentliche Verkehrsfl\u00e4chen errichtet werden. Weiters m\u00fcssen 7 m zur vorderen Grundst\u00fccksgrenze eingehalten werden.<\/p>\n\n\n\n<h3 class=\"wp-block-heading\">Ober\u00f6sterreich<\/h3>\n\n\n\n<p>Beim der Errichtung von Z\u00e4unen, die h\u00f6her sind als 1,50 m besteht eine Anzeigepflicht. N\u00e4here Informationen dazu sind in der <a href=\"https:\/\/www.ris.bka.gv.at\/GeltendeFassung.wxe?Abfrage=LrOO&amp;Gesetzesnummer=10000411\">Ober\u00f6sterreichischen Bauordnung<\/a> ausgewiesen.<\/p>\n\n\n\n<h3 class=\"wp-block-heading\">Steiermark<\/h3>\n\n\n\n<p>Das <a href=\"https:\/\/www.ris.bka.gv.at\/GeltendeFassung.wxe?Abfrage=LrStmk&amp;Gesetzesnummer=20000070\">steierm\u00e4rkische Baugesetz <\/a>sagt aus, dass Z\u00e4une, die eine H\u00f6he von \u00fcber 1,50 m aufweisen, bewilligungspflichtig sind. Der Antrag auf Bewilligung erfolgt bei der Beh\u00f6rde schriftlich.<\/p>\n\n\n\n<h3 class=\"wp-block-heading\">Burgenland<\/h3>\n\n\n\n<p>In Burgenland hat die <a href=\"https:\/\/www.ris.bka.gv.at\/GeltendeFassung.wxe?Abfrage=LrBgld&amp;Gesetzesnummer=20000684\">Bauverordnung<\/a> vorgesehen, dass Einz\u00e4unungen inklusive Sockel im Vorgartenbereich eine H\u00f6he von 1,50 m nicht \u00fcbersteigen d\u00fcrfen, die Sockelh\u00f6he nur bis zu 60 cm hoch sein darf und der Zaun au\u00dferhalb des Vorgartenbereichs nicht h\u00f6her als 2 m sein darf.<\/p>\n\n\n\n<h3 class=\"wp-block-heading\">Tirol<\/h3>\n\n\n\n<p>Die <a href=\"https:\/\/www.ris.bka.gv.at\/GeltendeFassung.wxe?Abfrage=LrT&amp;Gesetzesnummer=20000911\">Bauordnung in Tirol<\/a> gibt eine Anzeigepflicht bei Z\u00e4unen bis zu einer H\u00f6he von 2 m vor.<\/p>\n\n\n\n<h3 class=\"wp-block-heading\">Salzburg<\/h3>\n\n\n\n<p>Das <a href=\"https:\/\/www.ris.bka.gv.at\/GeltendeFassung.wxe?Abfrage=LrSbg&amp;Gesetzesnummer=20001000\">Bautechnikgesetz in Salzburg <\/a> legt fest, dass Vorg\u00e4rten nicht eingefriedet werden d\u00fcrfen &#8211; Ausnahme gilt aber bei besonderen Gr\u00fcnden unter der Bedingung, dass das Orts-, Stra\u00dfen- und Landschaftsbild davon unbeeintr\u00e4chtigt bleibt. Au\u00dferhalb des Vorgartens d\u00fcrfen Z\u00e4une h\u00f6chstens 1,50 m hoch sein.<\/p>\n\n\n\n<h3 class=\"wp-block-heading\">Vorarlberg<\/h3>\n\n\n\n<p>In diesem Bundesland gilt die <a href=\"https:\/\/www.ris.bka.gv.at\/GeltendeFassung.wxe?Abfrage=LrVbg&amp;Gesetzesnummer=20000734\">rechtliche Vorschrift<\/a>, dass Einfriedungen bis zu 1,80 m nicht anzeigepflichtig sind.<\/p>\n\n\n\n<h3 class=\"wp-block-heading\">Wien<\/h3>\n\n\n\n<p>Die <a href=\"https:\/\/www.ris.bka.gv.at\/GeltendeFassung.wxe?Abfrage=LrW&amp;Gesetzesnummer=20000006\">Wiener Bauordnung<\/a> besagt, dass Z\u00e4une bis zu einer H\u00f6he von 2,50 m keine Bewilligung ben\u00f6tigen. Wie \u00fcberall gilt aber auch hier: <\/p>\n\n\n\n<ul class=\"wp-block-list\">\n<li>Die Bestimmungen zu Art und Weise der Bebauung haben Vorrang (Bebauungsplan).<\/li>\n\n\n\n<li>Auch wenn keine konkrete gesetzliche Beschr\u00e4nkung besteht, sollte die H\u00f6he und Gestaltung des Zauns zur Umgebung passen (Orts\u00fcblichkeit). <\/li>\n\n\n\n<li>Der Zaun muss die Rechte des Nachbarn ber\u00fccksichtigen (Nachbarschaftsrecht). <\/li>\n<\/ul>\n\n\n\n<h3 class=\"wp-block-heading\">K\u00e4rnten<\/h3>\n\n\n\n<p>Laut <a href=\"https:\/\/www.ris.bka.gv.at\/GeltendeFassung.wxe?Abfrage=LrK&amp;Gesetzesnummer=10000201\">K\u00e4rntner Bauordnung<\/a> sind Z\u00e4une mit einer H\u00f6he von bis zu 1,50 m bewilligungsfrei. Allerdings darf die Zaunh\u00f6he inkl. Sockel nicht mehr als 2 m aufweisen.<\/p>\n\n\n\n<p>Geht es um die Frage, wie hoch eine Umz\u00e4unung mittels einer Hecke sein darf, ist die Antwort nicht so eindeutig. Auch hier finden sich die Richtlinien im Baugesetz, eine feste H\u00f6he gibt es aber nicht. So besagt beispielsweise \u00a711 (1) des Steierm\u00e4rkischen Baugesetzes folgendes: \u201eEinfriedungen und lebende Z\u00e4une sind so auszuf\u00fchren bzw. zu erhalten, dass weder das Stra\u00dfen-, Orts- und Landschaftsbild beeintr\u00e4chtigt noch eine Gef\u00e4hrdung von Personen und Sachen herbeigef\u00fchrt wird.[\u2026]\u201c In Graz gilt beispielsweise, dass der nat\u00fcrliche Sichtschutz mit einem Abstand von einem halben Meter nur 2,5 Meter hoch sein darf. Je weiter allerdings die Hecke von der Grundst\u00fccksgrenze entfernt ist, desto h\u00f6her darf sie werden.<\/p>\n\n\n\n<p>Um aber nicht gleich wegen einer zu hohen Grundst\u00fccksumz\u00e4unung einen Nachbarschaftsstreit in die Wege zu leiten, empfiehlt es sich im Vorhinein einmal die jeweiligen Gesetze anzusehen bzw. einen Anwalt zu konsultieren. Das Nachbarschaftsrecht bez\u00fcglich Z\u00e4une ist vielschichtig und erfordert eine individuelle Betrachtung jedes Einzelfalls. Um rechtliche Probleme zu vermeiden, ist es ratsam, sich fr\u00fchzeitig mit dem Nachbarn abzustimmen und gegebenenfalls rechtlichen Rat einzuholen.<\/p>\n\n\n\n<p><strong>Zaun Vielfalt, (fast) alles ist m\u00f6glich! Ein paar Ansichten von Leeb Z\u00e4unen &#8230;<\/strong><\/p>\n<\/div><\/div><\/div><\/div>\n\n\n\n<div class=\"wp-block-cgb-t3-container-block none\" style=\"background-color:none\"><div class=\"grid-container\"><div class=\"grid-x\"><div class=\"cell small-12 medium-0 large-0\"><div id=\"lightgallery-block_acf-block-68cab858e688f\" data-block_acf-block-68cab858e688f class=\"has-14-imgs b-cards b-cards--gallery u-grid-temp has-2-cols u-md-2 u-sm-1 wp-block-group is-layout-grid wp-block-group-is-layout-grid gallery alignwide\">\n\n        <div class=\"b-cards__item\">\n\n        <a data-src=\"https:\/\/www.leeb-balkone.com\/app\/uploads\/2020\/07\/zaun-alu-grado-16-1536x1024.jpg\" data-thumb=\"https:\/\/www.leeb-balkone.com\/app\/uploads\/2020\/07\/zaun-alu-grado-16-300x200.jpg\" class=\"hasHover dark\">\n        \n      <figure>\n                 <img loading=\"lazy\" decoding=\"async\" width=\"1024\" height=\"683\" src=\"https:\/\/www.leeb-balkone.com\/app\/uploads\/2020\/07\/zaun-alu-grado-16-1024x683.jpg\" class=\"attachment-large size-large\" alt=\"Zaun aus Aluminium und Glas\" srcset=\"https:\/\/www.leeb-balkone.com\/app\/uploads\/2020\/07\/zaun-alu-grado-16-1024x683.jpg 1024w, https:\/\/www.leeb-balkone.com\/app\/uploads\/2020\/07\/zaun-alu-grado-16-300x200.jpg 300w, https:\/\/www.leeb-balkone.com\/app\/uploads\/2020\/07\/zaun-alu-grado-16-768x512.jpg 768w, https:\/\/www.leeb-balkone.com\/app\/uploads\/2020\/07\/zaun-alu-grado-16-1536x1024.jpg 1536w, https:\/\/www.leeb-balkone.com\/app\/uploads\/2020\/07\/zaun-alu-grado-16-2048x1366.jpg 2048w\" sizes=\"auto, (min-width: 1200px) 1024px, (min-width: 1024px) 768px, (min-width: 640px) 768px, 768px\" \/>              <\/figure>\n\n                          <\/a>\n      \n  \n<\/div>\n\n        <div class=\"b-cards__item\">\n\n        <a data-src=\"https:\/\/www.leeb-balkone.com\/app\/uploads\/2022\/06\/Zaun-Solar-04-Optimus-1536x989.jpg\" data-thumb=\"https:\/\/www.leeb-balkone.com\/app\/uploads\/2022\/06\/Zaun-Solar-04-Optimus-300x193.jpg\" class=\"hasHover dark\">\n        \n      <figure>\n                 <img loading=\"lazy\" decoding=\"async\" width=\"1024\" height=\"659\" src=\"https:\/\/www.leeb-balkone.com\/app\/uploads\/2022\/06\/Zaun-Solar-04-Optimus-1024x659.jpg\" class=\"attachment-large size-large\" alt=\"Zaun Solar 04 Optimus\" srcset=\"https:\/\/www.leeb-balkone.com\/app\/uploads\/2022\/06\/Zaun-Solar-04-Optimus-1024x659.jpg 1024w, https:\/\/www.leeb-balkone.com\/app\/uploads\/2022\/06\/Zaun-Solar-04-Optimus-300x193.jpg 300w, https:\/\/www.leeb-balkone.com\/app\/uploads\/2022\/06\/Zaun-Solar-04-Optimus-768x494.jpg 768w, https:\/\/www.leeb-balkone.com\/app\/uploads\/2022\/06\/Zaun-Solar-04-Optimus-1536x989.jpg 1536w, https:\/\/www.leeb-balkone.com\/app\/uploads\/2022\/06\/Zaun-Solar-04-Optimus-2048x1318.jpg 2048w\" sizes=\"auto, (min-width: 1200px) 1024px, (min-width: 1024px) 768px, (min-width: 640px) 768px, 768px\" \/>              <\/figure>\n\n                          <\/a>\n      \n  \n<\/div>\n\n        <div class=\"b-cards__item\">\n\n        <a data-src=\"https:\/\/www.leeb-balkone.com\/app\/uploads\/2020\/07\/zaun-alu-schoenbrunn-8-1536x1152.jpg\" data-thumb=\"https:\/\/www.leeb-balkone.com\/app\/uploads\/2020\/07\/zaun-alu-schoenbrunn-8-300x225.jpg\" class=\"hasHover dark\">\n        \n      <figure>\n                 <img loading=\"lazy\" decoding=\"async\" width=\"1024\" height=\"768\" src=\"https:\/\/www.leeb-balkone.com\/app\/uploads\/2020\/07\/zaun-alu-schoenbrunn-8-1024x768.jpg\" class=\"attachment-large size-large\" alt=\"Schlichter Gartenzaun in Holzoptik mit Aluzaun Sch\u00f6nbrunn\" srcset=\"https:\/\/www.leeb-balkone.com\/app\/uploads\/2020\/07\/zaun-alu-schoenbrunn-8-1024x768.jpg 1024w, https:\/\/www.leeb-balkone.com\/app\/uploads\/2020\/07\/zaun-alu-schoenbrunn-8-300x225.jpg 300w, https:\/\/www.leeb-balkone.com\/app\/uploads\/2020\/07\/zaun-alu-schoenbrunn-8-768x576.jpg 768w, https:\/\/www.leeb-balkone.com\/app\/uploads\/2020\/07\/zaun-alu-schoenbrunn-8-1536x1152.jpg 1536w, https:\/\/www.leeb-balkone.com\/app\/uploads\/2020\/07\/zaun-alu-schoenbrunn-8-2048x1536.jpg 2048w\" sizes=\"auto, (min-width: 1200px) 1024px, (min-width: 1024px) 768px, (min-width: 640px) 768px, 768px\" \/>              <\/figure>\n\n                          <\/a>\n      \n  \n<\/div>\n\n        <div class=\"b-cards__item\">\n\n        <a data-src=\"https:\/\/www.leeb-balkone.com\/app\/uploads\/2022\/06\/Zaun_Solar_neu_300Wp-1536x1142.jpg\" data-thumb=\"https:\/\/www.leeb-balkone.com\/app\/uploads\/2022\/06\/Zaun_Solar_neu_300Wp-300x223.jpg\" class=\"hasHover dark\">\n        \n      <figure>\n                 <img loading=\"lazy\" decoding=\"async\" width=\"1024\" height=\"761\" src=\"https:\/\/www.leeb-balkone.com\/app\/uploads\/2022\/06\/Zaun_Solar_neu_300Wp-1024x761.jpg\" class=\"attachment-large size-large\" alt=\"Zaun_Solar_neu_300Wp\" srcset=\"https:\/\/www.leeb-balkone.com\/app\/uploads\/2022\/06\/Zaun_Solar_neu_300Wp-1024x761.jpg 1024w, https:\/\/www.leeb-balkone.com\/app\/uploads\/2022\/06\/Zaun_Solar_neu_300Wp-300x223.jpg 300w, https:\/\/www.leeb-balkone.com\/app\/uploads\/2022\/06\/Zaun_Solar_neu_300Wp-768x571.jpg 768w, https:\/\/www.leeb-balkone.com\/app\/uploads\/2022\/06\/Zaun_Solar_neu_300Wp-1536x1142.jpg 1536w, https:\/\/www.leeb-balkone.com\/app\/uploads\/2022\/06\/Zaun_Solar_neu_300Wp-2048x1522.jpg 2048w\" sizes=\"auto, (min-width: 1200px) 1024px, (min-width: 1024px) 768px, (min-width: 640px) 768px, 768px\" \/>              <\/figure>\n\n                          <\/a>\n      \n  \n<\/div>\n\n        <div class=\"b-cards__item\">\n\n        <a data-src=\"https:\/\/www.leeb-balkone.com\/app\/uploads\/2022\/10\/zaun-alu-lille-1-1536x1147.jpg\" data-thumb=\"https:\/\/www.leeb-balkone.com\/app\/uploads\/2022\/10\/zaun-alu-lille-1-300x224.jpg\" class=\"hasHover dark\">\n        \n      <figure>\n                 <img loading=\"lazy\" decoding=\"async\" width=\"1024\" height=\"765\" src=\"https:\/\/www.leeb-balkone.com\/app\/uploads\/2022\/10\/zaun-alu-lille-1-1024x765.jpg\" class=\"attachment-large size-large\" alt=\"zaun alu lille 1\" srcset=\"https:\/\/www.leeb-balkone.com\/app\/uploads\/2022\/10\/zaun-alu-lille-1-1024x765.jpg 1024w, https:\/\/www.leeb-balkone.com\/app\/uploads\/2022\/10\/zaun-alu-lille-1-300x224.jpg 300w, https:\/\/www.leeb-balkone.com\/app\/uploads\/2022\/10\/zaun-alu-lille-1-768x573.jpg 768w, https:\/\/www.leeb-balkone.com\/app\/uploads\/2022\/10\/zaun-alu-lille-1-1536x1147.jpg 1536w, https:\/\/www.leeb-balkone.com\/app\/uploads\/2022\/10\/zaun-alu-lille-1-scaled.jpg 2048w\" sizes=\"auto, (min-width: 1200px) 1024px, (min-width: 1024px) 768px, (min-width: 640px) 768px, 768px\" \/>              <\/figure>\n\n                          <\/a>\n      \n  \n<\/div>\n\n        <div class=\"b-cards__item\">\n\n        <a data-src=\"https:\/\/www.leeb-balkone.com\/app\/uploads\/2022\/01\/alu-zaun-modern-mit-horizontalen-latten-diritto-1536x1025.jpg\" data-thumb=\"https:\/\/www.leeb-balkone.com\/app\/uploads\/2022\/01\/alu-zaun-modern-mit-horizontalen-latten-diritto-300x200.jpg\" class=\"hasHover dark\">\n        \n      <figure>\n                 <img loading=\"lazy\" decoding=\"async\" width=\"1024\" height=\"684\" src=\"https:\/\/www.leeb-balkone.com\/app\/uploads\/2022\/01\/alu-zaun-modern-mit-horizontalen-latten-diritto-1024x684.jpg\" class=\"attachment-large size-large\" alt=\"alu zaun modern mit horizontalen latten diritto\" srcset=\"https:\/\/www.leeb-balkone.com\/app\/uploads\/2022\/01\/alu-zaun-modern-mit-horizontalen-latten-diritto-1024x684.jpg 1024w, https:\/\/www.leeb-balkone.com\/app\/uploads\/2022\/01\/alu-zaun-modern-mit-horizontalen-latten-diritto-300x200.jpg 300w, https:\/\/www.leeb-balkone.com\/app\/uploads\/2022\/01\/alu-zaun-modern-mit-horizontalen-latten-diritto-768x513.jpg 768w, https:\/\/www.leeb-balkone.com\/app\/uploads\/2022\/01\/alu-zaun-modern-mit-horizontalen-latten-diritto-1536x1025.jpg 1536w, https:\/\/www.leeb-balkone.com\/app\/uploads\/2022\/01\/alu-zaun-modern-mit-horizontalen-latten-diritto-scaled.jpg 2048w\" sizes=\"auto, (min-width: 1200px) 1024px, (min-width: 1024px) 768px, (min-width: 640px) 768px, 768px\" \/>              <\/figure>\n\n                          <\/a>\n      \n  \n<\/div>\n\n        <div class=\"b-cards__item\">\n\n        <a data-src=\"https:\/\/www.leeb-balkone.com\/app\/uploads\/2021\/10\/zaun-alu-ruven-1b-1536x1022.jpg\" data-thumb=\"https:\/\/www.leeb-balkone.com\/app\/uploads\/2021\/10\/zaun-alu-ruven-1b-300x200.jpg\" class=\"hasHover dark\">\n        \n      <figure>\n                 <img loading=\"lazy\" decoding=\"async\" width=\"1024\" height=\"681\" src=\"https:\/\/www.leeb-balkone.com\/app\/uploads\/2021\/10\/zaun-alu-ruven-1b-1024x681.jpg\" class=\"attachment-large size-large\" alt=\"zaun alu ruven 1b\" srcset=\"https:\/\/www.leeb-balkone.com\/app\/uploads\/2021\/10\/zaun-alu-ruven-1b-1024x681.jpg 1024w, https:\/\/www.leeb-balkone.com\/app\/uploads\/2021\/10\/zaun-alu-ruven-1b-300x200.jpg 300w, https:\/\/www.leeb-balkone.com\/app\/uploads\/2021\/10\/zaun-alu-ruven-1b-768x511.jpg 768w, https:\/\/www.leeb-balkone.com\/app\/uploads\/2021\/10\/zaun-alu-ruven-1b-1536x1022.jpg 1536w, https:\/\/www.leeb-balkone.com\/app\/uploads\/2021\/10\/zaun-alu-ruven-1b-scaled.jpg 2048w\" sizes=\"auto, (min-width: 1200px) 1024px, (min-width: 1024px) 768px, (min-width: 640px) 768px, 768px\" \/>              <\/figure>\n\n                          <\/a>\n      \n  \n<\/div>\n\n        <div class=\"b-cards__item\">\n\n        <a data-src=\"https:\/\/www.leeb-balkone.com\/app\/uploads\/2020\/07\/zaun-alu-belvedere-1a-1536x1025.jpg\" data-thumb=\"https:\/\/www.leeb-balkone.com\/app\/uploads\/2020\/07\/zaun-alu-belvedere-1a-300x200.jpg\" class=\"hasHover dark\">\n        \n      <figure>\n                 <img loading=\"lazy\" decoding=\"async\" width=\"1024\" height=\"684\" src=\"https:\/\/www.leeb-balkone.com\/app\/uploads\/2020\/07\/zaun-alu-belvedere-1a-1024x684.jpg\" class=\"attachment-large size-large\" alt=\"zaun alu belvedere 1a\" srcset=\"https:\/\/www.leeb-balkone.com\/app\/uploads\/2020\/07\/zaun-alu-belvedere-1a-1024x684.jpg 1024w, https:\/\/www.leeb-balkone.com\/app\/uploads\/2020\/07\/zaun-alu-belvedere-1a-300x200.jpg 300w, https:\/\/www.leeb-balkone.com\/app\/uploads\/2020\/07\/zaun-alu-belvedere-1a-768x513.jpg 768w, https:\/\/www.leeb-balkone.com\/app\/uploads\/2020\/07\/zaun-alu-belvedere-1a-1536x1025.jpg 1536w, https:\/\/www.leeb-balkone.com\/app\/uploads\/2020\/07\/zaun-alu-belvedere-1a-scaled.jpg 2048w\" sizes=\"auto, (min-width: 1200px) 1024px, (min-width: 1024px) 768px, (min-width: 640px) 768px, 768px\" \/>              <\/figure>\n\n                          <\/a>\n      \n  \n<\/div>\n\n        <div class=\"b-cards__item\">\n\n        <a data-src=\"https:\/\/www.leeb-balkone.com\/app\/uploads\/2020\/07\/zaun-alu-mira-12-1536x1022.jpg\" data-thumb=\"https:\/\/www.leeb-balkone.com\/app\/uploads\/2020\/07\/zaun-alu-mira-12-300x200.jpg\" class=\"hasHover dark\">\n        \n      <figure>\n                 <img loading=\"lazy\" decoding=\"async\" width=\"1024\" height=\"681\" src=\"https:\/\/www.leeb-balkone.com\/app\/uploads\/2020\/07\/zaun-alu-mira-12-1024x681.jpg\" class=\"attachment-large size-large\" alt=\"Sichtschutz f\u00fcr Pool im Garten (Modell Aluzaun Mira)\" srcset=\"https:\/\/www.leeb-balkone.com\/app\/uploads\/2020\/07\/zaun-alu-mira-12-1024x681.jpg 1024w, https:\/\/www.leeb-balkone.com\/app\/uploads\/2020\/07\/zaun-alu-mira-12-300x200.jpg 300w, https:\/\/www.leeb-balkone.com\/app\/uploads\/2020\/07\/zaun-alu-mira-12-768x511.jpg 768w, https:\/\/www.leeb-balkone.com\/app\/uploads\/2020\/07\/zaun-alu-mira-12-1536x1022.jpg 1536w, https:\/\/www.leeb-balkone.com\/app\/uploads\/2020\/07\/zaun-alu-mira-12-scaled.jpg 2048w\" sizes=\"auto, (min-width: 1200px) 1024px, (min-width: 1024px) 768px, (min-width: 640px) 768px, 768px\" \/>              <\/figure>\n\n                          <\/a>\n      \n  \n<\/div>\n\n        <div class=\"b-cards__item\">\n\n        <a data-src=\"https:\/\/www.leeb-balkone.com\/app\/uploads\/2020\/07\/zaun-alu-diritto-6-1536x1152.jpg\" data-thumb=\"https:\/\/www.leeb-balkone.com\/app\/uploads\/2020\/07\/zaun-alu-diritto-6-300x225.jpg\" class=\"hasHover dark\">\n        \n      <figure>\n                 <img loading=\"lazy\" decoding=\"async\" width=\"1024\" height=\"768\" src=\"https:\/\/www.leeb-balkone.com\/app\/uploads\/2020\/07\/zaun-alu-diritto-6-1024x768.jpg\" class=\"attachment-large size-large\" alt=\"zaun alu diritto 6\" srcset=\"https:\/\/www.leeb-balkone.com\/app\/uploads\/2020\/07\/zaun-alu-diritto-6-1024x768.jpg 1024w, https:\/\/www.leeb-balkone.com\/app\/uploads\/2020\/07\/zaun-alu-diritto-6-300x225.jpg 300w, https:\/\/www.leeb-balkone.com\/app\/uploads\/2020\/07\/zaun-alu-diritto-6-768x576.jpg 768w, https:\/\/www.leeb-balkone.com\/app\/uploads\/2020\/07\/zaun-alu-diritto-6-1536x1152.jpg 1536w, https:\/\/www.leeb-balkone.com\/app\/uploads\/2020\/07\/zaun-alu-diritto-6-2048x1536.jpg 2048w\" sizes=\"auto, (min-width: 1200px) 1024px, (min-width: 1024px) 768px, (min-width: 640px) 768px, 768px\" \/>              <\/figure>\n\n                          <\/a>\n      \n  \n<\/div>\n\n        <div class=\"b-cards__item\">\n\n        <a data-src=\"https:\/\/www.leeb-balkone.com\/app\/uploads\/2020\/07\/zaun-alu-schoenbrunn-10-1536x1081.jpg\" data-thumb=\"https:\/\/www.leeb-balkone.com\/app\/uploads\/2020\/07\/zaun-alu-schoenbrunn-10-300x211.jpg\" class=\"hasHover dark\">\n        \n      <figure>\n                 <img loading=\"lazy\" decoding=\"async\" width=\"1024\" height=\"721\" src=\"https:\/\/www.leeb-balkone.com\/app\/uploads\/2020\/07\/zaun-alu-schoenbrunn-10-1024x721.jpg\" class=\"attachment-large size-large\" alt=\"Schlichter Gartenzaun aus Alu Sch\u00f6nbrunn\" srcset=\"https:\/\/www.leeb-balkone.com\/app\/uploads\/2020\/07\/zaun-alu-schoenbrunn-10-1024x721.jpg 1024w, https:\/\/www.leeb-balkone.com\/app\/uploads\/2020\/07\/zaun-alu-schoenbrunn-10-300x211.jpg 300w, https:\/\/www.leeb-balkone.com\/app\/uploads\/2020\/07\/zaun-alu-schoenbrunn-10-768x541.jpg 768w, https:\/\/www.leeb-balkone.com\/app\/uploads\/2020\/07\/zaun-alu-schoenbrunn-10-1536x1081.jpg 1536w, https:\/\/www.leeb-balkone.com\/app\/uploads\/2020\/07\/zaun-alu-schoenbrunn-10-2048x1442.jpg 2048w\" sizes=\"auto, (min-width: 1200px) 1024px, (min-width: 1024px) 768px, (min-width: 640px) 768px, 768px\" \/>              <\/figure>\n\n                          <\/a>\n      \n  \n<\/div>\n\n        <div class=\"b-cards__item\">\n\n        <a data-src=\"https:\/\/www.leeb-balkone.com\/app\/uploads\/2020\/07\/zaun-alu-miramare-9-1536x1025.jpg\" data-thumb=\"https:\/\/www.leeb-balkone.com\/app\/uploads\/2020\/07\/zaun-alu-miramare-9-300x200.jpg\" class=\"hasHover dark\">\n        \n      <figure>\n                 <img loading=\"lazy\" decoding=\"async\" width=\"1024\" height=\"684\" src=\"https:\/\/www.leeb-balkone.com\/app\/uploads\/2020\/07\/zaun-alu-miramare-9-1024x684.jpg\" class=\"attachment-large size-large\" alt=\"Blauer Mercedes mit Alu Zaun Miramare\" srcset=\"https:\/\/www.leeb-balkone.com\/app\/uploads\/2020\/07\/zaun-alu-miramare-9-1024x684.jpg 1024w, https:\/\/www.leeb-balkone.com\/app\/uploads\/2020\/07\/zaun-alu-miramare-9-300x200.jpg 300w, https:\/\/www.leeb-balkone.com\/app\/uploads\/2020\/07\/zaun-alu-miramare-9-768x513.jpg 768w, https:\/\/www.leeb-balkone.com\/app\/uploads\/2020\/07\/zaun-alu-miramare-9-1536x1025.jpg 1536w, https:\/\/www.leeb-balkone.com\/app\/uploads\/2020\/07\/zaun-alu-miramare-9-2048x1367.jpg 2048w\" sizes=\"auto, (min-width: 1200px) 1024px, (min-width: 1024px) 768px, (min-width: 640px) 768px, 768px\" \/>              <\/figure>\n\n                          <\/a>\n      \n  \n<\/div>\n\n        <div class=\"b-cards__item\">\n\n        <a data-src=\"https:\/\/www.leeb-balkone.com\/app\/uploads\/2020\/07\/zaun-alu-diritto-17-1536x1147.jpg\" data-thumb=\"https:\/\/www.leeb-balkone.com\/app\/uploads\/2020\/07\/zaun-alu-diritto-17-300x224.jpg\" class=\"hasHover dark\">\n        \n      <figure>\n                 <img loading=\"lazy\" decoding=\"async\" width=\"1024\" height=\"765\" src=\"https:\/\/www.leeb-balkone.com\/app\/uploads\/2020\/07\/zaun-alu-diritto-17-1024x765.jpg\" class=\"attachment-large size-large\" alt=\"Zaun mit horizontalen Profilen - Balance zwischen Blickschutz und Lichtdurchl\u00e4ssigkeit\" srcset=\"https:\/\/www.leeb-balkone.com\/app\/uploads\/2020\/07\/zaun-alu-diritto-17-1024x765.jpg 1024w, https:\/\/www.leeb-balkone.com\/app\/uploads\/2020\/07\/zaun-alu-diritto-17-300x224.jpg 300w, https:\/\/www.leeb-balkone.com\/app\/uploads\/2020\/07\/zaun-alu-diritto-17-768x574.jpg 768w, https:\/\/www.leeb-balkone.com\/app\/uploads\/2020\/07\/zaun-alu-diritto-17-1536x1147.jpg 1536w, https:\/\/www.leeb-balkone.com\/app\/uploads\/2020\/07\/zaun-alu-diritto-17-2048x1529.jpg 2048w\" sizes=\"auto, (min-width: 1200px) 1024px, (min-width: 1024px) 768px, (min-width: 640px) 768px, 768px\" \/>              <\/figure>\n\n                          <\/a>\n      \n  \n<\/div>\n\n        <div class=\"b-cards__item\">\n\n        <a data-src=\"https:\/\/www.leeb-balkone.com\/app\/uploads\/2020\/07\/zaun-alu-belvedere-5-1536x1024.jpg\" data-thumb=\"https:\/\/www.leeb-balkone.com\/app\/uploads\/2020\/07\/zaun-alu-belvedere-5-300x200.jpg\" class=\"hasHover dark\">\n        \n      <figure>\n                 <img loading=\"lazy\" decoding=\"async\" width=\"1024\" height=\"683\" src=\"https:\/\/www.leeb-balkone.com\/app\/uploads\/2020\/07\/zaun-alu-belvedere-5-1024x683.jpg\" class=\"attachment-large size-large\" alt=\"Versch\u00f6nerung des Gartens mit Alu Zaun Belvvedere\" srcset=\"https:\/\/www.leeb-balkone.com\/app\/uploads\/2020\/07\/zaun-alu-belvedere-5-1024x683.jpg 1024w, https:\/\/www.leeb-balkone.com\/app\/uploads\/2020\/07\/zaun-alu-belvedere-5-300x200.jpg 300w, https:\/\/www.leeb-balkone.com\/app\/uploads\/2020\/07\/zaun-alu-belvedere-5-768x512.jpg 768w, https:\/\/www.leeb-balkone.com\/app\/uploads\/2020\/07\/zaun-alu-belvedere-5-1536x1024.jpg 1536w, https:\/\/www.leeb-balkone.com\/app\/uploads\/2020\/07\/zaun-alu-belvedere-5-2048x1366.jpg 2048w\" sizes=\"auto, (min-width: 1200px) 1024px, (min-width: 1024px) 768px, (min-width: 640px) 768px, 768px\" \/>              <\/figure>\n\n                          <\/a>\n      \n  \n<\/div>\n\n    <\/div>\n\n<\/div><\/div><\/div><\/div>\n\n\n\n<div class=\"wp-block-cgb-t3-container-block none\" style=\"background-color:none\"><div class=\"grid-container\"><div class=\"grid-x\"><div class=\"cell small-12 medium-9 large-0 medium-offset-1 b-has-lsmb\">\n<h2 class=\"wp-block-heading\">Welche Zaunseite geh\u00f6rt mir?<\/h2>\n\n\n\n<p>Diese Frage ist vergleichsweise einfach zu beantworten, da sie vom Nachbarschaftsrecht eindeutig gekl\u00e4rt wird. In diesem steht, dass der Eigent\u00fcmer des jeweiligen Grundst\u00fccks verpflichtet ist, \u201eauf der (von der Stra\u00dfe her gesehen) rechten Seite seines Haupteinganges einen Zaun als Abgrenzung gegen\u00fcber den Nachbarn zu errichten.\u201c Somit geh\u00f6rt auch immer die rechte Zaunseite zum eigenen Haus und muss dort errichtet werden. Wenn allerdings beide Nachbarseiten damit einverstanden sind, die Einz\u00e4unung zu unterlassen, muss das Gesetz nicht befolgt werden.<\/p>\n\n\n\n<h2 class=\"wp-block-heading\">Wer muss den Zaun bezahlen?<\/h2>\n\n\n\n<p>Da die jeweilige rechte Seite des Grundst\u00fccks vom Eigent\u00fcmer eingez\u00e4unt werden muss, muss diese auch von diesem bezahlt werden. Auch bei der Gestaltung des Zauns sind hier dem Anwohner keine Grenzen gesetzt \u2013 die Gestaltung unterliegt seinen H\u00e4nden. Aber auch hier muss man wieder verschiedene Gesetzesgebungen wie die Stra\u00dfenverkehrsordnung beachten.<\/p>\n\n\n\n<h2 class=\"wp-block-heading\">Wer muss den Zaun reparieren?<\/h2>\n\n\n\n<p>Grunds\u00e4tzlich ist der Anwohner nicht dazu verpflichtet, seinen Zaun in Schuss zu halten. Wenn aber das Grundst\u00fcck des Nachbars durch entstandene M\u00e4ngel beschadet werden k\u00f6nnte, ist der Eigent\u00fcmer dazu verpflichtet, diese zu beheben.<\/p>\n\n\n\n<p>Wie man merkt, ist die Rechtslage oft immer noch nicht ganz eindeutig und unterscheidet sich von Bundesland zu Bundesland. Um die Harmonie in der Nachbarschaft zu erhalten, ist es aber immer von Vorteil, einfach mit den Nachbarn zu sprechen. Gibt es dann noch Differenzen, ist die sicherste Methode, bei einem Anwalt um Auskunft anzufragen.<\/p>\n\n\n\n<h2 class=\"wp-block-heading\">Darf der Nachbar einen Gartenzaun verbieten?<\/h2>\n\n\n\n<p>Nein, grunds\u00e4tzlich darf ein Nachbar den Bau eines Gartenzauns nicht verbieten. Jeder Grundst\u00fcckseigent\u00fcmer hat das Recht, sein Grundst\u00fcck einzuz\u00e4unen, solange er dabei die geltenden Gesetze und Vorschriften einh\u00e4lt. Allerdings gibt es einige Punkte, die Sie beachten sollten. <\/p>\n\n\n\n<ul class=\"wp-block-list\">\n<li>Die H\u00f6he und das Aussehen des Zauns sollten sich an der \u00fcblichen Bebauung in der Umgebung orientieren. Ein allzu hoher Sichtschutzzaun kann also durchaus vom Nachbarn beeinsprucht werden.<\/li>\n\n\n\n<li>Es m\u00fcssen die vorgeschriebenen Abst\u00e4nde zu Grundst\u00fccksgrenzen und \u00f6ffentlichen Wegen eingehalten werden. Diese Abst\u00e4nde sind in den jeweiligen Bauordnungen der Bundesl\u00e4nder geregelt.<\/li>\n\n\n\n<li>In einigen F\u00e4llen kann eine Baugenehmigung erforderlich sein, insbesondere bei h\u00f6heren Z\u00e4unen oder wenn der Zaun direkt an der Grundst\u00fccksgrenze errichtet werden soll.<\/li>\n\n\n\n<li>Auch wenn Sie einen Zaun auf Ihrem Grundst\u00fcck errichten, m\u00fcssen Sie die Rechte Ihrer Nachbarn ber\u00fccksichtigen. So darf der Zaun beispielsweise nicht dazu f\u00fchren, dass das Nachbargrundst\u00fcck beschattet oder die Aussicht beeintr\u00e4chtigt wird.<\/li>\n<\/ul>\n\n\n\n<p>Bevor Sie mit dem Bau beginnen, sollten Sie sich beim Bauamt Ihrer Gemeinde erkundigen, welche Vorschriften in Ihrer Region gelten. Ein offenes Gespr\u00e4ch mit Ihren Nachbarn kann Missverst\u00e4ndnisse vermeiden und eine gute Nachbarschaft f\u00f6rdern.<\/p>\n\n\n\n<h2 class=\"wp-block-heading\">Die wichtigsten Fakten zur Zaunh\u00f6he f\u00fcr DEUTSCHLAND<\/h2>\n\n\n\n<p><strong>Die zul\u00e4ssige H\u00f6he eines Zauns in Deutschland ist nicht einheitlich geregelt und h\u00e4ngt von verschiedenen Faktoren ab:<\/strong><\/p>\n\n\n\n<h3 class=\"wp-block-heading\">Grunds\u00e4tzlich gilt:<\/h3>\n\n\n\n<ul class=\"wp-block-list\">\n<li>Bundesland: Jedes Bundesland hat eigene Bauordnungen und spezifische Regelungen.<\/li>\n\n\n\n<li>Orts\u00fcblichkeit: Die H\u00f6he des Zauns sollte sich an der bestehenden Bebauung in der Umgebung orientieren.<\/li>\n\n\n\n<li>Bebauungsplan: Die Vorgaben des Bebauungsplans haben Vorrang vor anderen Regelungen.<\/li>\n\n\n\n<li>Art des Zauns: Symbolische Z\u00e4une d\u00fcrfen niedriger sein als Sichtschutzz\u00e4une.<\/li>\n\n\n\n<li>Abstand zum Nachbargrundst\u00fcck: In der Regel muss ein bestimmter Abstand zum Nachbargrundst\u00fcck eingehalten werden.<\/li>\n<\/ul>\n\n\n\n<h3 class=\"wp-block-heading\">Allgemeine Richtwerte:<\/h3>\n\n\n\n<ul class=\"wp-block-list\">\n<li>Symbolische Z\u00e4une: Ca. 40-90 cm hoch<\/li>\n\n\n\n<li>Sichtschutzz\u00e4une: Ca. 170-190 cm hoch<\/li>\n\n\n\n<li>Z\u00e4une entlang von Stra\u00dfen: Bis zu 1,80 m hoch<\/li>\n<\/ul>\n\n\n\n<p>In den meisten Bundesl\u00e4ndern gilt eine maximale H\u00f6he von 1,20 m als zul\u00e4ssig, wenn keine besonderen Regelungen bestehen.<\/p>\n\n\n\n<h2 class=\"wp-block-heading\">Regelungen zur Zaunh\u00f6he in der SCHWEIZ<\/h2>\n\n\n\n<p><strong>Die zul\u00e4ssige Zaunh\u00f6he in der Schweiz ist nicht einheitlich geregelt und variiert je nach Kanton und Gemeinde.<\/strong><\/p>\n\n\n\n<h3 class=\"wp-block-heading\">Grunds\u00e4tzlich gilt:<\/h3>\n\n\n\n<ul class=\"wp-block-list\">\n<li>Maximalh\u00f6he ohne Baugenehmigung: In den meisten Kantonen d\u00fcrfen Z\u00e4une bis zu einer H\u00f6he von 1,20 bis 1,50 Metern direkt auf der Grundst\u00fccksgrenze errichtet werden, ohne dass eine Baugenehmigung erforderlich ist.<\/li>\n\n\n\n<li>H\u00f6here Z\u00e4une: F\u00fcr Z\u00e4une, die h\u00f6her als die genannte Maximalh\u00f6he sind, ist in der Regel eine Baugenehmigung notwendig.<\/li>\n\n\n\n<li>Abst\u00e4nde: Neben der H\u00f6he sind auch die Abst\u00e4nde zur Grundst\u00fccksgrenze zu beachten. Diese k\u00f6nnen je nach Kanton und Gemeinde unterschiedlich sein.<\/li>\n<\/ul>\n\n\n\n<h3 class=\"wp-block-heading\">Wichtige Aspekte:<\/h3>\n\n\n\n<p>Nachbarrecht: Auch wenn Sie einen Zaun auf Ihrem Grundst\u00fcck errichten, m\u00fcssen Sie die Rechte Ihrer Nachbarn ber\u00fccksichtigen. So darf der Zaun beispielsweise nicht dazu f\u00fchren, dass das Nachbargrundst\u00fcck beschattet oder die Aussicht beeintr\u00e4chtigt wird.<\/p>\n\n\n\n<p>Kantonale Unterschiede: Die genauen Vorschriften zur Zaunh\u00f6he finden sich in den kantonalen Baugesetzen oder Baureglementen.<\/p>\n\n\n\n<p>Orts\u00fcblichkeit: Die H\u00f6he des Zauns sollte sich an der bestehenden Bebauung in der Umgebung orientieren.<\/p>\n<\/div><\/div><\/div><\/div>\n\n\n\n<div class=\"wp-block-cgb-t3-container-block none\" style=\"background-color:none\"><div class=\"grid-container\"><div class=\"grid-x\"><div class=\"cell small-12 medium-9 large-0 medium-offset-1 b-has-lsmb\">\n<h2 class=\"wp-block-heading\">Zaunberatung<\/h2>\n\n\n\n<p>Ihr pers\u00f6nlicher <strong>Leeb-Berater<\/strong> ist gerne f\u00fcr Sie da, wenn Sie einen <a href=\"https:\/\/www.leeb-balkone.com\/de\/zaeune\/aluzaun\/\">Zaun<\/a> f\u00fcr Ihr Heim planen. <br>Eine <strong>3D Planung f\u00fcr Ihren Zaun<\/strong> k\u00f6nnen Sie <a href=\"https:\/\/www.leeb-balkone.com\/de\/service\/3d-konfigurator\/\">hier<\/a> anfordern!<br><\/p>\n<\/div><\/div><\/div><\/div>\n<\/section>\n","protected":false},"excerpt":{"rendered":"<p>Wie hoch darf der Zaun sein? Wer muss den Zaun reparieren? Mehr lesen zum Zaun an der Grundst\u00fccksgrenze.<\/p>\n","protected":false},"author":4,"featured_media":4804,"comment_status":"closed","ping_status":"open","sticky":false,"template":"template-onepager.blade.php","format":"standard","meta":{"_acf_changed":false,"footnotes":""},"categories":[59,64],"tags":[],"post_folder":[],"class_list":["post-142393","post","type-post","status-publish","format-standard","has-post-thumbnail","hentry","category-gartengestaltung","category-zaun-sichtschutz"],"acf":[],"yoast_head":"<!-- This site is optimized with the Yoast SEO plugin v27.2 - https:\/\/yoast.com\/product\/yoast-seo-wordpress\/ -->\n<title>Nachbarschaftsrecht: Zaun an der Grundst\u00fccksgrenze - Leeb Balkone Deutschland<\/title>\n<meta name=\"description\" content=\"Wie hoch darf der Zaun sein? Wer muss den Zaun reparieren? Mehr lesen zum Zaun an der Grundst\u00fccksgrenze.\" \/>\n<meta name=\"robots\" content=\"index, follow, max-snippet:-1, max-image-preview:large, max-video-preview:-1\" \/>\n<meta property=\"og:locale\" content=\"de_DE\" \/>\n<meta property=\"og:type\" content=\"article\" \/>\n<meta property=\"og:title\" content=\"Terrassenbeschattung: Schatten f\u00fcr die Terrasse!\" \/>\n<meta property=\"og:description\" content=\"Beschattung kann f\u00fcr eine l\u00e4ngere und bessere Nutzung Ihrer Terrasse sorgen! Terrassendach Beschattung und Terrassenbeschattung von Leeb.\" \/>\n<meta property=\"og:url\" content=\"https:\/\/www.leeb-balkone.com\/de\/blog\/nachbarschaftsrecht-zaun-an-der-grundstuecksgrenze\/\" \/>\n<meta property=\"og:site_name\" content=\"Leeb Balkone\" \/>\n<meta property=\"article:publisher\" content=\"https:\/\/www.facebook.com\/balkone\/\" \/>\n<meta property=\"article:published_time\" content=\"2024-11-27T17:05:00+00:00\" \/>\n<meta property=\"article:modified_time\" content=\"2025-09-17T13:32:11+00:00\" \/>\n<meta property=\"og:image\" content=\"https:\/\/www.leeb-balkone.com\/app\/uploads\/2022\/07\/terrassenbeschattung-scaled.jpg\" \/>\n\t<meta property=\"og:image:width\" content=\"2048\" \/>\n\t<meta property=\"og:image:height\" content=\"1244\" \/>\n\t<meta property=\"og:image:type\" content=\"image\/jpeg\" \/>\n<meta name=\"author\" content=\"Herbert Weichart\" \/>\n<meta name=\"twitter:card\" content=\"summary_large_image\" \/>\n<script type=\"application\/ld+json\" class=\"yoast-schema-graph\">{\"@context\":\"https:\/\/schema.org\",\"@graph\":[{\"@type\":\"Article\",\"@id\":\"https:\/\/www.leeb-balkone.com\/de\/blog\/nachbarschaftsrecht-zaun-an-der-grundstuecksgrenze\/#article\",\"isPartOf\":{\"@id\":\"https:\/\/www.leeb-balkone.com\/de\/blog\/nachbarschaftsrecht-zaun-an-der-grundstuecksgrenze\/\"},\"author\":{\"name\":\"Herbert Weichart\",\"@id\":\"https:\/\/www.leeb-balkone.com\/de\/#\/schema\/person\/dc2e2c82db329667ee507698e220238f\"},\"headline\":\"Nachbarschaftsrecht: Zaun an der Grundst\u00fccksgrenze\",\"datePublished\":\"2024-11-27T17:05:00+00:00\",\"dateModified\":\"2025-09-17T13:32:11+00:00\",\"mainEntityOfPage\":{\"@id\":\"https:\/\/www.leeb-balkone.com\/de\/blog\/nachbarschaftsrecht-zaun-an-der-grundstuecksgrenze\/\"},\"wordCount\":1484,\"publisher\":{\"@id\":\"https:\/\/www.leeb-balkone.com\/de\/#organization\"},\"image\":{\"@id\":\"https:\/\/www.leeb-balkone.com\/de\/blog\/nachbarschaftsrecht-zaun-an-der-grundstuecksgrenze\/#primaryimage\"},\"thumbnailUrl\":\"https:\/\/www.leeb-balkone.com\/app\/uploads\/2020\/07\/alu-sichtschutzzaun-7-scaled.jpeg\",\"articleSection\":[\"Gartengestaltung\",\"Zaun &amp; Sichtschutz\"],\"inLanguage\":\"de\"},{\"@type\":\"WebPage\",\"@id\":\"https:\/\/www.leeb-balkone.com\/de\/blog\/nachbarschaftsrecht-zaun-an-der-grundstuecksgrenze\/\",\"url\":\"https:\/\/www.leeb-balkone.com\/de\/blog\/nachbarschaftsrecht-zaun-an-der-grundstuecksgrenze\/\",\"name\":\"Nachbarschaftsrecht: Zaun an der Grundst\u00fccksgrenze - Leeb Balkone\",\"isPartOf\":{\"@id\":\"https:\/\/www.leeb-balkone.com\/de\/#website\"},\"primaryImageOfPage\":{\"@id\":\"https:\/\/www.leeb-balkone.com\/de\/blog\/nachbarschaftsrecht-zaun-an-der-grundstuecksgrenze\/#primaryimage\"},\"image\":{\"@id\":\"https:\/\/www.leeb-balkone.com\/de\/blog\/nachbarschaftsrecht-zaun-an-der-grundstuecksgrenze\/#primaryimage\"},\"thumbnailUrl\":\"https:\/\/www.leeb-balkone.com\/app\/uploads\/2020\/07\/alu-sichtschutzzaun-7-scaled.jpeg\",\"datePublished\":\"2024-11-27T17:05:00+00:00\",\"dateModified\":\"2025-09-17T13:32:11+00:00\",\"description\":\"Wie hoch darf der Zaun sein? Wer muss den Zaun reparieren? Mehr lesen zum Zaun an der Grundst\u00fccksgrenze.\",\"breadcrumb\":{\"@id\":\"https:\/\/www.leeb-balkone.com\/de\/blog\/nachbarschaftsrecht-zaun-an-der-grundstuecksgrenze\/#breadcrumb\"},\"inLanguage\":\"de\",\"potentialAction\":[{\"@type\":\"ReadAction\",\"target\":[\"https:\/\/www.leeb-balkone.com\/de\/blog\/nachbarschaftsrecht-zaun-an-der-grundstuecksgrenze\/\"]}]},{\"@type\":\"ImageObject\",\"inLanguage\":\"de\",\"@id\":\"https:\/\/www.leeb-balkone.com\/de\/blog\/nachbarschaftsrecht-zaun-an-der-grundstuecksgrenze\/#primaryimage\",\"url\":\"https:\/\/www.leeb-balkone.com\/app\/uploads\/2020\/07\/alu-sichtschutzzaun-7-scaled.jpeg\",\"contentUrl\":\"https:\/\/www.leeb-balkone.com\/app\/uploads\/2020\/07\/alu-sichtschutzzaun-7-scaled.jpeg\",\"width\":2560,\"height\":1709,\"caption\":\"Sichtschutzzaun in beliebigem RAL-Farbton\"},{\"@type\":\"BreadcrumbList\",\"@id\":\"https:\/\/www.leeb-balkone.com\/de\/blog\/nachbarschaftsrecht-zaun-an-der-grundstuecksgrenze\/#breadcrumb\",\"itemListElement\":[{\"@type\":\"ListItem\",\"position\":1,\"name\":\"Home\",\"item\":\"https:\/\/www.leeb-balkone.com\/de\/\"},{\"@type\":\"ListItem\",\"position\":2,\"name\":\"Nachbarschaftsrecht: Zaun an der Grundst\u00fccksgrenze\"}]},{\"@type\":\"WebSite\",\"@id\":\"https:\/\/www.leeb-balkone.com\/de\/#website\",\"url\":\"https:\/\/www.leeb-balkone.com\/de\/\",\"name\":\"Leeb Balkone\",\"description\":\"Balkone und Z\u00e4une\",\"publisher\":{\"@id\":\"https:\/\/www.leeb-balkone.com\/de\/#organization\"},\"potentialAction\":[{\"@type\":\"SearchAction\",\"target\":{\"@type\":\"EntryPoint\",\"urlTemplate\":\"https:\/\/www.leeb-balkone.com\/de\/?s={search_term_string}\"},\"query-input\":{\"@type\":\"PropertyValueSpecification\",\"valueRequired\":true,\"valueName\":\"search_term_string\"}}],\"inLanguage\":\"de\"},{\"@type\":\"Organization\",\"@id\":\"https:\/\/www.leeb-balkone.com\/de\/#organization\",\"name\":\"Leeb Balkone Gmbh\",\"url\":\"https:\/\/www.leeb-balkone.com\/de\/\",\"logo\":{\"@type\":\"ImageObject\",\"inLanguage\":\"de\",\"@id\":\"https:\/\/www.leeb-balkone.com\/de\/#\/schema\/logo\/image\/\",\"url\":\"https:\/\/www.leeb-balkone.com\/app\/uploads\/2020\/11\/leeb-logo.svg\",\"contentUrl\":\"https:\/\/www.leeb-balkone.com\/app\/uploads\/2020\/11\/leeb-logo.svg\",\"width\":741,\"height\":204,\"caption\":\"Leeb Balkone Gmbh\"},\"image\":{\"@id\":\"https:\/\/www.leeb-balkone.com\/de\/#\/schema\/logo\/image\/\"},\"sameAs\":[\"https:\/\/www.facebook.com\/balkone\/\",\"https:\/\/www.trustedshops.at\/bewertung\/info_X4587CCF5833E31AFE0B11F47D86999F2.html\",\"https:\/\/www.trustedshops.de\/bewertung\/info_X7BA536A7A0BDC86D36C4718E4DCAEEEF.html\",\"https:\/\/www.google.com\/maps\/place\/?q=place_id:ChIJ5-zH19-IcEcR9HonWRTllHI\"]},{\"@type\":\"Person\",\"@id\":\"https:\/\/www.leeb-balkone.com\/de\/#\/schema\/person\/dc2e2c82db329667ee507698e220238f\",\"name\":\"Herbert Weichart\"}]}<\/script>\n<!-- \/ Yoast SEO plugin. -->","yoast_head_json":{"title":"Nachbarschaftsrecht: Zaun an der Grundst\u00fccksgrenze - Leeb Balkone Deutschland","description":"Wie hoch darf der Zaun sein? Wer muss den Zaun reparieren? Mehr lesen zum Zaun an der Grundst\u00fccksgrenze.","robots":{"index":"index","follow":"follow","max-snippet":"max-snippet:-1","max-image-preview":"max-image-preview:large","max-video-preview":"max-video-preview:-1"},"og_locale":"de_DE","og_type":"article","og_title":"Terrassenbeschattung: Schatten f\u00fcr die Terrasse!","og_description":"Beschattung kann f\u00fcr eine l\u00e4ngere und bessere Nutzung Ihrer Terrasse sorgen! Terrassendach Beschattung und Terrassenbeschattung von Leeb.","og_url":"https:\/\/www.leeb-balkone.com\/de\/blog\/nachbarschaftsrecht-zaun-an-der-grundstuecksgrenze\/","og_site_name":"Leeb Balkone","article_publisher":"https:\/\/www.facebook.com\/balkone\/","article_published_time":"2024-11-27T17:05:00+00:00","article_modified_time":"2025-09-17T13:32:11+00:00","og_image":[{"width":2048,"height":1244,"url":"https:\/\/www.leeb-balkone.com\/app\/uploads\/2022\/07\/terrassenbeschattung-scaled.jpg","type":"image\/jpeg"}],"author":"Herbert Weichart","twitter_card":"summary_large_image","schema":{"@context":"https:\/\/schema.org","@graph":[{"@type":"Article","@id":"https:\/\/www.leeb-balkone.com\/de\/blog\/nachbarschaftsrecht-zaun-an-der-grundstuecksgrenze\/#article","isPartOf":{"@id":"https:\/\/www.leeb-balkone.com\/de\/blog\/nachbarschaftsrecht-zaun-an-der-grundstuecksgrenze\/"},"author":{"name":"Herbert Weichart","@id":"https:\/\/www.leeb-balkone.com\/de\/#\/schema\/person\/dc2e2c82db329667ee507698e220238f"},"headline":"Nachbarschaftsrecht: Zaun an der Grundst\u00fccksgrenze","datePublished":"2024-11-27T17:05:00+00:00","dateModified":"2025-09-17T13:32:11+00:00","mainEntityOfPage":{"@id":"https:\/\/www.leeb-balkone.com\/de\/blog\/nachbarschaftsrecht-zaun-an-der-grundstuecksgrenze\/"},"wordCount":1484,"publisher":{"@id":"https:\/\/www.leeb-balkone.com\/de\/#organization"},"image":{"@id":"https:\/\/www.leeb-balkone.com\/de\/blog\/nachbarschaftsrecht-zaun-an-der-grundstuecksgrenze\/#primaryimage"},"thumbnailUrl":"https:\/\/www.leeb-balkone.com\/app\/uploads\/2020\/07\/alu-sichtschutzzaun-7-scaled.jpeg","articleSection":["Gartengestaltung","Zaun &amp; Sichtschutz"],"inLanguage":"de"},{"@type":"WebPage","@id":"https:\/\/www.leeb-balkone.com\/de\/blog\/nachbarschaftsrecht-zaun-an-der-grundstuecksgrenze\/","url":"https:\/\/www.leeb-balkone.com\/de\/blog\/nachbarschaftsrecht-zaun-an-der-grundstuecksgrenze\/","name":"Nachbarschaftsrecht: Zaun an der Grundst\u00fccksgrenze - Leeb Balkone","isPartOf":{"@id":"https:\/\/www.leeb-balkone.com\/de\/#website"},"primaryImageOfPage":{"@id":"https:\/\/www.leeb-balkone.com\/de\/blog\/nachbarschaftsrecht-zaun-an-der-grundstuecksgrenze\/#primaryimage"},"image":{"@id":"https:\/\/www.leeb-balkone.com\/de\/blog\/nachbarschaftsrecht-zaun-an-der-grundstuecksgrenze\/#primaryimage"},"thumbnailUrl":"https:\/\/www.leeb-balkone.com\/app\/uploads\/2020\/07\/alu-sichtschutzzaun-7-scaled.jpeg","datePublished":"2024-11-27T17:05:00+00:00","dateModified":"2025-09-17T13:32:11+00:00","description":"Wie hoch darf der Zaun sein? Wer muss den Zaun reparieren? Mehr lesen zum Zaun an der Grundst\u00fccksgrenze.","breadcrumb":{"@id":"https:\/\/www.leeb-balkone.com\/de\/blog\/nachbarschaftsrecht-zaun-an-der-grundstuecksgrenze\/#breadcrumb"},"inLanguage":"de","potentialAction":[{"@type":"ReadAction","target":["https:\/\/www.leeb-balkone.com\/de\/blog\/nachbarschaftsrecht-zaun-an-der-grundstuecksgrenze\/"]}]},{"@type":"ImageObject","inLanguage":"de","@id":"https:\/\/www.leeb-balkone.com\/de\/blog\/nachbarschaftsrecht-zaun-an-der-grundstuecksgrenze\/#primaryimage","url":"https:\/\/www.leeb-balkone.com\/app\/uploads\/2020\/07\/alu-sichtschutzzaun-7-scaled.jpeg","contentUrl":"https:\/\/www.leeb-balkone.com\/app\/uploads\/2020\/07\/alu-sichtschutzzaun-7-scaled.jpeg","width":2560,"height":1709,"caption":"Sichtschutzzaun in beliebigem RAL-Farbton"},{"@type":"BreadcrumbList","@id":"https:\/\/www.leeb-balkone.com\/de\/blog\/nachbarschaftsrecht-zaun-an-der-grundstuecksgrenze\/#breadcrumb","itemListElement":[{"@type":"ListItem","position":1,"name":"Home","item":"https:\/\/www.leeb-balkone.com\/de\/"},{"@type":"ListItem","position":2,"name":"Nachbarschaftsrecht: Zaun an der Grundst\u00fccksgrenze"}]},{"@type":"WebSite","@id":"https:\/\/www.leeb-balkone.com\/de\/#website","url":"https:\/\/www.leeb-balkone.com\/de\/","name":"Leeb Balkone","description":"Balkone und Z\u00e4une","publisher":{"@id":"https:\/\/www.leeb-balkone.com\/de\/#organization"},"potentialAction":[{"@type":"SearchAction","target":{"@type":"EntryPoint","urlTemplate":"https:\/\/www.leeb-balkone.com\/de\/?s={search_term_string}"},"query-input":{"@type":"PropertyValueSpecification","valueRequired":true,"valueName":"search_term_string"}}],"inLanguage":"de"},{"@type":"Organization","@id":"https:\/\/www.leeb-balkone.com\/de\/#organization","name":"Leeb Balkone Gmbh","url":"https:\/\/www.leeb-balkone.com\/de\/","logo":{"@type":"ImageObject","inLanguage":"de","@id":"https:\/\/www.leeb-balkone.com\/de\/#\/schema\/logo\/image\/","url":"https:\/\/www.leeb-balkone.com\/app\/uploads\/2020\/11\/leeb-logo.svg","contentUrl":"https:\/\/www.leeb-balkone.com\/app\/uploads\/2020\/11\/leeb-logo.svg","width":741,"height":204,"caption":"Leeb Balkone Gmbh"},"image":{"@id":"https:\/\/www.leeb-balkone.com\/de\/#\/schema\/logo\/image\/"},"sameAs":["https:\/\/www.facebook.com\/balkone\/","https:\/\/www.trustedshops.at\/bewertung\/info_X4587CCF5833E31AFE0B11F47D86999F2.html","https:\/\/www.trustedshops.de\/bewertung\/info_X7BA536A7A0BDC86D36C4718E4DCAEEEF.html","https:\/\/www.google.com\/maps\/place\/?q=place_id:ChIJ5-zH19-IcEcR9HonWRTllHI"]},{"@type":"Person","@id":"https:\/\/www.leeb-balkone.com\/de\/#\/schema\/person\/dc2e2c82db329667ee507698e220238f","name":"Herbert Weichart"}]}},"_links":{"self":[{"href":"https:\/\/www.leeb-balkone.com\/de\/wp-json\/wp\/v2\/posts\/142393","targetHints":{"allow":["GET"]}}],"collection":[{"href":"https:\/\/www.leeb-balkone.com\/de\/wp-json\/wp\/v2\/posts"}],"about":[{"href":"https:\/\/www.leeb-balkone.com\/de\/wp-json\/wp\/v2\/types\/post"}],"author":[{"embeddable":true,"href":"https:\/\/www.leeb-balkone.com\/de\/wp-json\/wp\/v2\/users\/4"}],"replies":[{"embeddable":true,"href":"https:\/\/www.leeb-balkone.com\/de\/wp-json\/wp\/v2\/comments?post=142393"}],"version-history":[{"count":54,"href":"https:\/\/www.leeb-balkone.com\/de\/wp-json\/wp\/v2\/posts\/142393\/revisions"}],"predecessor-version":[{"id":156379,"href":"https:\/\/www.leeb-balkone.com\/de\/wp-json\/wp\/v2\/posts\/142393\/revisions\/156379"}],"wp:featuredmedia":[{"embeddable":true,"href":"https:\/\/www.leeb-balkone.com\/de\/wp-json\/wp\/v2\/media\/4804"}],"wp:attachment":[{"href":"https:\/\/www.leeb-balkone.com\/de\/wp-json\/wp\/v2\/media?parent=142393"}],"wp:term":[{"taxonomy":"category","embeddable":true,"href":"https:\/\/www.leeb-balkone.com\/de\/wp-json\/wp\/v2\/categories?post=142393"},{"taxonomy":"post_tag","embeddable":true,"href":"https:\/\/www.leeb-balkone.com\/de\/wp-json\/wp\/v2\/tags?post=142393"},{"taxonomy":"post_folder","embeddable":true,"href":"https:\/\/www.leeb-balkone.com\/de\/wp-json\/wp\/v2\/post_folder?post=142393"}],"curies":[{"name":"wp","href":"https:\/\/api.w.org\/{rel}","templated":true}]}}