{"id":141345,"date":"2024-09-26T06:37:57","date_gmt":"2024-09-26T06:37:57","guid":{"rendered":"https:\/\/www.leeb-balkone.com\/de\/blog\/"},"modified":"2025-09-17T13:31:01","modified_gmt":"2025-09-17T13:31:01","slug":"warum-es-sich-lohnt-jetzt-in-den-aussenbereich-zu-investieren","status":"publish","type":"post","link":"https:\/\/www.leeb-balkone.com\/de\/blog\/warum-es-sich-lohnt-jetzt-in-den-aussenbereich-zu-investieren\/","title":{"rendered":"Warum es sich lohnt, jetzt in den Au\u00dfenbereich zu investieren"},"content":{"rendered":"<header class=\"wp-block-group alignfull t3-header u-max-wide t3-header-text has-white-background-color has-background has-global-padding is-layout-constrained wp-block-group-is-layout-constrained\">\n    <div class=\"wp-block-group o-grid u-md-1 u-sm-1 is-layout-flow wp-block-group-is-layout-flow\">\n  <div class=\"wp-block-group u-g-10 u-g-s-2\">\n      <div class=\"yoast-breadcrumbs\"><span><span><a href=\"https:\/\/www.leeb-balkone.com\/de\/\">Home<\/a><\/span><\/span><\/div>\n      \n    <h1>Warum es sich lohnt, jetzt in den Au\u00dfenbereich zu investieren<\/h1>\n  <\/div>\n<\/div>\n  <\/header>\n\n\n\n\n\n\n\n<section class=\"wp-block-cgb-t3-section-block alignfull b-pt-small b-pb-none is-style-bg-white\" style=\"display:inherit;min-height:inherit\">\n<div class=\"wp-block-cgb-t3-container-block none\" style=\"background-color:none\"><div class=\"grid-container\"><div class=\"grid-x\"><div class=\"cell small-12 medium-9 large-0 medium-offset-1 b-has-lsmb\">\n<p><span class=\"teaser\">Die k\u00fchle Jahreszeit mag nicht der erste Gedanke sein, wenn es um den Ausbau oder die Neugestaltung des Au\u00dfenbereichs geht. Doch gerade jetzt bietet sich eine hervorragende Gelegenheit, in einen neuen Balkon, Zaun oder eine \u00dcberdachung zu investieren. Warum? Weil eine vorausschauende Planung nicht nur Vorteile f\u00fcr das n\u00e4chste Fr\u00fchjahr bringt, sondern auch langfristig Ihre Lebensqualit\u00e4t steigert.<\/span><\/p>\n<\/div><\/div><\/div><\/div>\n\n\n\n<div class=\"wp-block-cgb-t3-container-block none\" style=\"background-color:none\"><div class=\"grid-container\"><div class=\"grid-x\"><div class=\"cell small-12 medium-0 large-0\"><div id=\"lightgallery-block_acf-block-68cab8118b454\" data-block_acf-block-68cab8118b454 class=\"has-1-imgs b-cards b-cards--gallery u-grid-temp has-1-cols u-md-2 u-sm-1 wp-block-group is-layout-grid wp-block-group-is-layout-grid gallery alignwide\">\n\n        <div class=\"b-cards__item\">\n\n        \n      <figure>\n                 <img loading=\"lazy\" decoding=\"async\" width=\"1536\" height=\"1025\" src=\"https:\/\/www.leeb-balkone.com\/app\/uploads\/2020\/07\/anbaubalkon-mit-stuetzen-ueberdachung-balkongelaender-markise-kombination-atrium-21-1536x1025.jpg\" class=\"attachment-1536x1536 size-1536x1536\" alt=\"Anbaubalkon mit St\u00fctzen und integriertem Vordach - die Doppelfunktion eines nachtr\u00e4glich installierten Balkons, der gleichzeitig Schutz f\u00fcr den unteren Bereich bietet.\" srcset=\"https:\/\/www.leeb-balkone.com\/app\/uploads\/2020\/07\/anbaubalkon-mit-stuetzen-ueberdachung-balkongelaender-markise-kombination-atrium-21-1536x1025.jpg 1536w, https:\/\/www.leeb-balkone.com\/app\/uploads\/2020\/07\/anbaubalkon-mit-stuetzen-ueberdachung-balkongelaender-markise-kombination-atrium-21-300x200.jpg 300w, https:\/\/www.leeb-balkone.com\/app\/uploads\/2020\/07\/anbaubalkon-mit-stuetzen-ueberdachung-balkongelaender-markise-kombination-atrium-21-1024x684.jpg 1024w, https:\/\/www.leeb-balkone.com\/app\/uploads\/2020\/07\/anbaubalkon-mit-stuetzen-ueberdachung-balkongelaender-markise-kombination-atrium-21-768x513.jpg 768w, https:\/\/www.leeb-balkone.com\/app\/uploads\/2020\/07\/anbaubalkon-mit-stuetzen-ueberdachung-balkongelaender-markise-kombination-atrium-21-2048x1367.jpg 2048w\" sizes=\"auto, (min-width: 1200px) 100vw, (min-width: 1024px) 1536px, (min-width: 640px) 768px, 768px\" \/>              <\/figure>\n\n                  \n        <div class=\"caption\">\n                          <p>Anbaubalkon mit St\u00fctzen und integriertem Vordach &#8211; die Doppelfunktion eines nachtr\u00e4glich installierten Balkons, der gleichzeitig Schutz f\u00fcr den unteren Bereich bietet.\n              <\/div>\n  \n<\/div>\n\n    <\/div>\n\n<\/div><\/div><\/div><\/div>\n\n\n\n<div class=\"wp-block-group is-layout-flow wp-block-group-is-layout-flow\">\n<div class=\"wp-block-cgb-t3-container-block none\" style=\"background-color:none\"><div class=\"grid-container\"><div class=\"grid-x\"><div class=\"cell small-12 medium-9 large-0 medium-offset-1 b-has-lsmb\">\n<h2 class=\"wp-block-heading\">1. Vorbereitung auf den Fr\u00fchling<\/h2>\n\n\n\n<p>Wer fr\u00fchzeitig handelt, kann den Fr\u00fchling sorgenfrei genie\u00dfen. Anstatt im Fr\u00fchjahr noch \u00fcber Material- und Designfragen nachzudenken, haben Sie alles schon geplant und fixiert. Wenn die ersten Sonnenstrahlen kommen, sind Sie bereit, Ihre Terrasse oder Ihren neuen Balkon zu genie\u00dfen.<\/p>\n\n\n\n<h2 class=\"wp-block-heading\">2. Exklusive Sonderkonditionen nutzen<\/h2>\n\n\n\n<p>Mit der Fr\u00fchbucher-Winteraktion von Leeb Balkone sichern Sie sich jetzt nicht nur Ihr Wunschprodukt, sondern profitieren von besonderen Konditionen. Die <strong>Aktion ist zeitlich limitiert<\/strong> und bietet Ihnen die Chance, zu einem reduzierten Preis Ihren Traum-Au\u00dfenbereich zu gestalten.<\/p>\n\n\n\n<h2 class=\"wp-block-heading\">3. Entspannte Planung<\/h2>\n\n\n\n<p>Der Winter ist die ideale Zeit, um in Ruhe zu planen. In der Nebensaison haben Sie gen\u00fcgend Zeit, sich beraten zu lassen, Materialien auszuw\u00e4hlen und sich alle Details zu \u00fcberlegen, ohne den Zeitdruck, den der Fr\u00fchling oft mit sich bringt. Fixieren Sie Ihren Auftrag, und wir k\u00fcmmern uns um die Lieferung und Montage, ganz nach Ihren Vorstellungen.<\/p>\n\n\n\n<h2 class=\"wp-block-heading\">4. Wertsteigerung Ihrer Immobilie<\/h2>\n\n\n\n<p>Ein gepflegter und hochwertiger Au\u00dfenbereich tr\u00e4gt erheblich zur Wertsteigerung Ihrer Immobilie bei. Balkone und Z\u00e4une aus langlebigen Materialien wie Aluminium oder Holz in bester Qualit\u00e4t sorgen daf\u00fcr, dass Sie nicht nur kurzfristig profitieren, sondern auch langfristig den Wert Ihres Hauses erh\u00f6hen.<\/p>\n\n\n\n<h2 class=\"wp-block-heading\">5. Nachhaltigkeit im Fokus<\/h2>\n\n\n\n<p>Wer jetzt in moderne, energieeffiziente Materialien investiert, leistet auch einen Beitrag zum Umweltschutz. Besonders Aluminium-Balkone und Z\u00e4une von Leeb zeichnen sich durch eine langlebige, pflegeleichte Beschichtung aus, die \u00fcber Jahre hinweg sch\u00f6n bleibt und wenig Wartung erfordert.<\/p>\n\n\n\n<h2 class=\"wp-block-heading\">6. Finanzielle Vorteile sichern<\/h2>\n\n\n\n<p>Es ist eine Tatsache: Preise f\u00fcr Materialien und Bauleistungen werden mit der Zeit eher steigen als sinken. Wer jetzt investiert, sichert sich nicht nur den Winterrabatt, sondern auch langfristig einen finanziellen Vorteil. Statt im Fr\u00fchling oder Sommer von h\u00f6heren Kosten \u00fcberrascht zu werden, handeln Sie jetzt zu g\u00fcnstigen Konditionen und genie\u00dfen die Sicherheit, dass Ihr Projekt rechtzeitig und ohne Preissteigerungen abgeschlossen wird.<\/p>\n\n\n\n<h2 class=\"wp-block-heading\">7. Flexibilit\u00e4t bei der Montage<\/h2>\n\n\n\n<p>Mit Leeb Balkone k\u00f6nnen Sie sicher sein, dass die Montage zu einem Zeitpunkt erfolgt, der perfekt in Ihre Planung passt. Dank der Fr\u00fchbucher-Winteraktion haben Sie die Freiheit, den Lieferzeitraum zwischen Januar und M\u00e4rz 2025 flexibel zu w\u00e4hlen. So bleibt alles in Ihrer Hand, und Sie sind f\u00fcr das Fr\u00fchjahr bestens vorbereitet.<\/p>\n<\/div><\/div><\/div><\/div>\n<\/div>\n\n\n\n<div class=\"wp-block-cgb-t3-container-block none\" style=\"background-color:none\"><div class=\"grid-container\"><div class=\"grid-x\"><div class=\"cell small-12 medium-0 large-0\"><div id=\"lightgallery-block_acf-block-68cab8118b478\" data-block_acf-block-68cab8118b478 class=\"has-4-imgs b-cards b-cards--gallery u-grid-temp has-2-cols u-md-2 u-sm-1 wp-block-group is-layout-grid wp-block-group-is-layout-grid gallery alignwide\">\n\n        <div class=\"b-cards__item\">\n\n        <a data-src=\"https:\/\/www.leeb-balkone.com\/app\/uploads\/2020\/07\/alubalkon-vitro-dekor-linea-glasbalkon-glasfuellung-mattweis-anthrazit-blumekasten-balkongelaender-1536x1150.jpg\" data-thumb=\"https:\/\/www.leeb-balkone.com\/app\/uploads\/2020\/07\/alubalkon-vitro-dekor-linea-glasbalkon-glasfuellung-mattweis-anthrazit-blumekasten-balkongelaender-300x225.jpg\" class=\"hasHover dark\">\n        \n      <figure>\n                 <img loading=\"lazy\" decoding=\"async\" width=\"1024\" height=\"767\" src=\"https:\/\/www.leeb-balkone.com\/app\/uploads\/2020\/07\/alubalkon-vitro-dekor-linea-glasbalkon-glasfuellung-mattweis-anthrazit-blumekasten-balkongelaender-1024x767.jpg\" class=\"attachment-large size-large\" alt=\"Balkongel\u00e4nder Vitro in Anthrazit mit mattwei\u00dfem Glas, Detailansicht\" srcset=\"https:\/\/www.leeb-balkone.com\/app\/uploads\/2020\/07\/alubalkon-vitro-dekor-linea-glasbalkon-glasfuellung-mattweis-anthrazit-blumekasten-balkongelaender-1024x767.jpg 1024w, https:\/\/www.leeb-balkone.com\/app\/uploads\/2020\/07\/alubalkon-vitro-dekor-linea-glasbalkon-glasfuellung-mattweis-anthrazit-blumekasten-balkongelaender-300x225.jpg 300w, https:\/\/www.leeb-balkone.com\/app\/uploads\/2020\/07\/alubalkon-vitro-dekor-linea-glasbalkon-glasfuellung-mattweis-anthrazit-blumekasten-balkongelaender-768x575.jpg 768w, https:\/\/www.leeb-balkone.com\/app\/uploads\/2020\/07\/alubalkon-vitro-dekor-linea-glasbalkon-glasfuellung-mattweis-anthrazit-blumekasten-balkongelaender-1536x1150.jpg 1536w, https:\/\/www.leeb-balkone.com\/app\/uploads\/2020\/07\/alubalkon-vitro-dekor-linea-glasbalkon-glasfuellung-mattweis-anthrazit-blumekasten-balkongelaender-2048x1534.jpg 2048w\" sizes=\"auto, (min-width: 1200px) 1024px, (min-width: 1024px) 768px, (min-width: 640px) 768px, 768px\" \/>              <\/figure>\n\n                          <\/a>\n      \n        <div class=\"caption\">\n                          <p>Balkongel\u00e4nder in anthrazit mit mattwei\u00dfem Glas und Edelstahlstreben\n              <\/div>\n  \n<\/div>\n\n        <div class=\"b-cards__item\">\n\n        <a data-src=\"https:\/\/www.leeb-balkone.com\/app\/uploads\/2020\/07\/anbaubalkon-mit-stuetzen-35-1536x1151.jpg\" data-thumb=\"https:\/\/www.leeb-balkone.com\/app\/uploads\/2020\/07\/anbaubalkon-mit-stuetzen-35-300x225.jpg\" class=\"hasHover dark\">\n        \n      <figure>\n                 <img loading=\"lazy\" decoding=\"async\" width=\"1024\" height=\"767\" src=\"https:\/\/www.leeb-balkone.com\/app\/uploads\/2020\/07\/anbaubalkon-mit-stuetzen-35-1024x767.jpg\" class=\"attachment-large size-large\" alt=\"Blick ins Gasteiner Tal mit Alu-Anbaubalkon\" srcset=\"https:\/\/www.leeb-balkone.com\/app\/uploads\/2020\/07\/anbaubalkon-mit-stuetzen-35-1024x767.jpg 1024w, https:\/\/www.leeb-balkone.com\/app\/uploads\/2020\/07\/anbaubalkon-mit-stuetzen-35-300x225.jpg 300w, https:\/\/www.leeb-balkone.com\/app\/uploads\/2020\/07\/anbaubalkon-mit-stuetzen-35-768x575.jpg 768w, https:\/\/www.leeb-balkone.com\/app\/uploads\/2020\/07\/anbaubalkon-mit-stuetzen-35-1536x1151.jpg 1536w, https:\/\/www.leeb-balkone.com\/app\/uploads\/2020\/07\/anbaubalkon-mit-stuetzen-35-2048x1535.jpg 2048w\" sizes=\"auto, (min-width: 1200px) 1024px, (min-width: 1024px) 768px, (min-width: 640px) 768px, 768px\" \/>              <\/figure>\n\n                          <\/a>\n      \n        <div class=\"caption\">\n                          <p>Anbaubalkon mit St\u00fctzen &#8211; nachtr\u00e4gliche Lebensraumerweiterung\n              <\/div>\n  \n<\/div>\n\n        <div class=\"b-cards__item\">\n\n        <a data-src=\"https:\/\/www.leeb-balkone.com\/app\/uploads\/2020\/07\/zaun-alu-ambito-39-1-1536x1024.jpg\" data-thumb=\"https:\/\/www.leeb-balkone.com\/app\/uploads\/2020\/07\/zaun-alu-ambito-39-1-300x200.jpg\" class=\"hasHover dark\">\n        \n      <figure>\n                 <img loading=\"lazy\" decoding=\"async\" width=\"1024\" height=\"682\" src=\"https:\/\/www.leeb-balkone.com\/app\/uploads\/2020\/07\/zaun-alu-ambito-39-1-1024x682.jpg\" class=\"attachment-large size-large\" alt=\"Blickdichter Aluminiumzaun bestehend aus waagrechten Elementen mit optionalem Glaseinsatz\" srcset=\"https:\/\/www.leeb-balkone.com\/app\/uploads\/2020\/07\/zaun-alu-ambito-39-1-1024x682.jpg 1024w, https:\/\/www.leeb-balkone.com\/app\/uploads\/2020\/07\/zaun-alu-ambito-39-1-300x200.jpg 300w, https:\/\/www.leeb-balkone.com\/app\/uploads\/2020\/07\/zaun-alu-ambito-39-1-768x512.jpg 768w, https:\/\/www.leeb-balkone.com\/app\/uploads\/2020\/07\/zaun-alu-ambito-39-1-1536x1024.jpg 1536w, https:\/\/www.leeb-balkone.com\/app\/uploads\/2020\/07\/zaun-alu-ambito-39-1-2048x1365.jpg 2048w\" sizes=\"auto, (min-width: 1200px) 1024px, (min-width: 1024px) 768px, (min-width: 640px) 768px, 768px\" \/>              <\/figure>\n\n                          <\/a>\n      \n        <div class=\"caption\">\n                          <p>Blickdichter Aluminiumzaun bestehend aus waagrechten Elementen mit optionalem Glaseinsatz\n              <\/div>\n  \n<\/div>\n\n        <div class=\"b-cards__item\">\n\n        <a data-src=\"https:\/\/www.leeb-balkone.com\/app\/uploads\/2024\/08\/alu-terrassenueberdachung-innovation-mit-glas-schiebelemente-04-1536x1152.jpg\" data-thumb=\"https:\/\/www.leeb-balkone.com\/app\/uploads\/2024\/08\/alu-terrassenueberdachung-innovation-mit-glas-schiebelemente-04-300x225.jpg\" class=\"hasHover dark\">\n        \n      <figure>\n                 <img loading=\"lazy\" decoding=\"async\" width=\"1024\" height=\"768\" src=\"https:\/\/www.leeb-balkone.com\/app\/uploads\/2024\/08\/alu-terrassenueberdachung-innovation-mit-glas-schiebelemente-04-1024x768.jpg\" class=\"attachment-large size-large\" alt=\"alu terrassenueberdachung innovation mit glas schiebelemente 04\" srcset=\"https:\/\/www.leeb-balkone.com\/app\/uploads\/2024\/08\/alu-terrassenueberdachung-innovation-mit-glas-schiebelemente-04-1024x768.jpg 1024w, https:\/\/www.leeb-balkone.com\/app\/uploads\/2024\/08\/alu-terrassenueberdachung-innovation-mit-glas-schiebelemente-04-300x225.jpg 300w, https:\/\/www.leeb-balkone.com\/app\/uploads\/2024\/08\/alu-terrassenueberdachung-innovation-mit-glas-schiebelemente-04-768x576.jpg 768w, https:\/\/www.leeb-balkone.com\/app\/uploads\/2024\/08\/alu-terrassenueberdachung-innovation-mit-glas-schiebelemente-04-1536x1152.jpg 1536w, https:\/\/www.leeb-balkone.com\/app\/uploads\/2024\/08\/alu-terrassenueberdachung-innovation-mit-glas-schiebelemente-04-2048x1536.jpg 2048w\" sizes=\"auto, (min-width: 1200px) 1024px, (min-width: 1024px) 768px, (min-width: 640px) 768px, 768px\" \/>              <\/figure>\n\n                          <\/a>\n      \n        <div class=\"caption\">\n                          <p>Terrassen\u00fcberdachung aus Aluminium mit Glas-Schiebeelementen\n              <\/div>\n  \n<\/div>\n\n    <\/div>\n\n<\/div><\/div><\/div><\/div>\n<\/section>\n\n\n\n<div class=\"wp-block-cgb-t3-container-block none\" style=\"background-color:none\"><div class=\"grid-container\"><div class=\"grid-x\"><div class=\"cell small-12 medium-9 large-0 medium-offset-1 b-has-lsmb\">\n<h2 class=\"wp-block-heading\">Fazit<\/h2>\n\n\n\n<p>Die Wintermonate sind die ideale Zeit, um in den Ausbau des Au\u00dfenbereichs zu investieren. Nutzen Sie die Fr\u00fchbucher-Winteraktion von Leeb Balkone, sichern Sie sich Sonderkonditionen und starten Sie stressfrei in den Fr\u00fchling! Ihr pers\u00f6nlicher Leeb-Berater steht Ihnen f\u00fcr eine unverbindliche Beratung zur Seite und hilft Ihnen dabei, den perfekten Balkon, Zaun oder \u00dcberdachung zu finden.<\/p>\n<\/div><\/div><\/div><\/div>\n\n\n\n<p><\/p>\n","protected":false},"excerpt":{"rendered":"<p>Jetzt Auftrag fixieren, im Fr\u00fchjahr genie\u00dfen!<\/p>\n","protected":false},"author":12,"featured_media":139680,"comment_status":"closed","ping_status":"open","sticky":false,"template":"template-onepager.blade.php","format":"standard","meta":{"_acf_changed":false,"footnotes":""},"categories":[50,52,53],"tags":[],"post_folder":[],"class_list":["post-141345","post","type-post","status-publish","format-standard","has-post-thumbnail","hentry","category-balkonbau-mit-leeb","category-nachhaltigkeit-oekologie","category-technik-innovation"],"acf":[],"yoast_head":"<!-- This site is optimized with the Yoast SEO plugin v27.2 - https:\/\/yoast.com\/product\/yoast-seo-wordpress\/ -->\n<title>Warum es sich lohnt, jetzt in den Au\u00dfenbereich zu investieren - Leeb Balkone Deutschland<\/title>\n<meta name=\"description\" content=\"Fr\u00fchbucher-Winteraktion: Jetzt Auftrag fixieren, im Fr\u00fchjahr genie\u00dfen!\" \/>\n<meta name=\"robots\" content=\"index, follow, max-snippet:-1, max-image-preview:large, max-video-preview:-1\" \/>\n<meta property=\"og:locale\" content=\"de_DE\" \/>\n<meta property=\"og:type\" content=\"article\" \/>\n<meta property=\"og:title\" content=\"Die sieben wichtigsten Qualit\u00e4tsmerkmale beim Balkon\" \/>\n<meta property=\"og:description\" content=\"Setzen Sie bei Ihrem Balkon auf bew\u00e4hrte Qualit\u00e4t und achten Sie bei der Auswahl auf diese sieben Qualit\u00e4tsmerkmale!\" \/>\n<meta property=\"og:url\" content=\"https:\/\/www.leeb-balkone.com\/de\/blog\/warum-es-sich-lohnt-jetzt-in-den-aussenbereich-zu-investieren\/\" \/>\n<meta property=\"og:site_name\" content=\"Leeb Balkone\" \/>\n<meta property=\"article:publisher\" content=\"https:\/\/www.facebook.com\/balkone\/\" \/>\n<meta property=\"article:published_time\" content=\"2024-09-26T06:37:57+00:00\" \/>\n<meta property=\"article:modified_time\" content=\"2025-09-17T13:31:01+00:00\" \/>\n<meta property=\"og:image\" content=\"https:\/\/www.leeb-balkone.com\/app\/uploads\/2023\/01\/balkongelaender-alu-vision-lofer-blog-2-scaled.jpg\" \/>\n\t<meta property=\"og:image:width\" content=\"2560\" \/>\n\t<meta property=\"og:image:height\" content=\"1709\" \/>\n\t<meta property=\"og:image:type\" content=\"image\/jpeg\" \/>\n<meta name=\"author\" content=\"Jovana Mudrinic\" \/>\n<meta name=\"twitter:card\" content=\"summary_large_image\" \/>\n<script type=\"application\/ld+json\" class=\"yoast-schema-graph\">{\"@context\":\"https:\/\/schema.org\",\"@graph\":[{\"@type\":\"Article\",\"@id\":\"https:\/\/www.leeb-balkone.com\/de\/blog\/warum-es-sich-lohnt-jetzt-in-den-aussenbereich-zu-investieren\/#article\",\"isPartOf\":{\"@id\":\"https:\/\/www.leeb-balkone.com\/de\/blog\/warum-es-sich-lohnt-jetzt-in-den-aussenbereich-zu-investieren\/\"},\"author\":{\"name\":\"Jovana Mudrinic\",\"@id\":\"https:\/\/www.leeb-balkone.com\/de\/#\/schema\/person\/e972a8221931fed0a3182bb928bc2b28\"},\"headline\":\"Warum es sich lohnt, jetzt in den Au\u00dfenbereich zu investieren\",\"datePublished\":\"2024-09-26T06:37:57+00:00\",\"dateModified\":\"2025-09-17T13:31:01+00:00\",\"mainEntityOfPage\":{\"@id\":\"https:\/\/www.leeb-balkone.com\/de\/blog\/warum-es-sich-lohnt-jetzt-in-den-aussenbereich-zu-investieren\/\"},\"wordCount\":513,\"publisher\":{\"@id\":\"https:\/\/www.leeb-balkone.com\/de\/#organization\"},\"image\":{\"@id\":\"https:\/\/www.leeb-balkone.com\/de\/blog\/warum-es-sich-lohnt-jetzt-in-den-aussenbereich-zu-investieren\/#primaryimage\"},\"thumbnailUrl\":\"https:\/\/www.leeb-balkone.com\/app\/uploads\/2020\/07\/anbaubalkon-mit-stuetzen-ueberdachung-balkongelaender-markise-kombination-atrium-21-scaled.jpg\",\"articleSection\":[\"Balkonbau mit Leeb\",\"Nachhaltigkeit &amp; \u00d6kologie\",\"Technik &amp; Innovation\"],\"inLanguage\":\"de\"},{\"@type\":\"WebPage\",\"@id\":\"https:\/\/www.leeb-balkone.com\/de\/blog\/warum-es-sich-lohnt-jetzt-in-den-aussenbereich-zu-investieren\/\",\"url\":\"https:\/\/www.leeb-balkone.com\/de\/blog\/warum-es-sich-lohnt-jetzt-in-den-aussenbereich-zu-investieren\/\",\"name\":\"Warum es sich lohnt, jetzt in den Au\u00dfenbereich zu investieren - Leeb Balkone\",\"isPartOf\":{\"@id\":\"https:\/\/www.leeb-balkone.com\/de\/#website\"},\"primaryImageOfPage\":{\"@id\":\"https:\/\/www.leeb-balkone.com\/de\/blog\/warum-es-sich-lohnt-jetzt-in-den-aussenbereich-zu-investieren\/#primaryimage\"},\"image\":{\"@id\":\"https:\/\/www.leeb-balkone.com\/de\/blog\/warum-es-sich-lohnt-jetzt-in-den-aussenbereich-zu-investieren\/#primaryimage\"},\"thumbnailUrl\":\"https:\/\/www.leeb-balkone.com\/app\/uploads\/2020\/07\/anbaubalkon-mit-stuetzen-ueberdachung-balkongelaender-markise-kombination-atrium-21-scaled.jpg\",\"datePublished\":\"2024-09-26T06:37:57+00:00\",\"dateModified\":\"2025-09-17T13:31:01+00:00\",\"description\":\"Fr\u00fchbucher-Winteraktion: Jetzt Auftrag fixieren, im Fr\u00fchjahr genie\u00dfen!\",\"breadcrumb\":{\"@id\":\"https:\/\/www.leeb-balkone.com\/de\/blog\/warum-es-sich-lohnt-jetzt-in-den-aussenbereich-zu-investieren\/#breadcrumb\"},\"inLanguage\":\"de\",\"potentialAction\":[{\"@type\":\"ReadAction\",\"target\":[\"https:\/\/www.leeb-balkone.com\/de\/blog\/warum-es-sich-lohnt-jetzt-in-den-aussenbereich-zu-investieren\/\"]}]},{\"@type\":\"ImageObject\",\"inLanguage\":\"de\",\"@id\":\"https:\/\/www.leeb-balkone.com\/de\/blog\/warum-es-sich-lohnt-jetzt-in-den-aussenbereich-zu-investieren\/#primaryimage\",\"url\":\"https:\/\/www.leeb-balkone.com\/app\/uploads\/2020\/07\/anbaubalkon-mit-stuetzen-ueberdachung-balkongelaender-markise-kombination-atrium-21-scaled.jpg\",\"contentUrl\":\"https:\/\/www.leeb-balkone.com\/app\/uploads\/2020\/07\/anbaubalkon-mit-stuetzen-ueberdachung-balkongelaender-markise-kombination-atrium-21-scaled.jpg\",\"width\":2560,\"height\":1709,\"caption\":\"Anbaubalkon mit St\u00fctzen und integriertem Vordach - die Doppelfunktion eines nachtr\u00e4glich installierten Balkons, der gleichzeitig Schutz f\u00fcr den unteren Bereich bietet.\"},{\"@type\":\"BreadcrumbList\",\"@id\":\"https:\/\/www.leeb-balkone.com\/de\/blog\/warum-es-sich-lohnt-jetzt-in-den-aussenbereich-zu-investieren\/#breadcrumb\",\"itemListElement\":[{\"@type\":\"ListItem\",\"position\":1,\"name\":\"Home\",\"item\":\"https:\/\/www.leeb-balkone.com\/de\/\"},{\"@type\":\"ListItem\",\"position\":2,\"name\":\"Warum es sich lohnt, jetzt in den Au\u00dfenbereich zu investieren\"}]},{\"@type\":\"WebSite\",\"@id\":\"https:\/\/www.leeb-balkone.com\/de\/#website\",\"url\":\"https:\/\/www.leeb-balkone.com\/de\/\",\"name\":\"Leeb Balkone\",\"description\":\"Balkone und Z\u00e4une\",\"publisher\":{\"@id\":\"https:\/\/www.leeb-balkone.com\/de\/#organization\"},\"potentialAction\":[{\"@type\":\"SearchAction\",\"target\":{\"@type\":\"EntryPoint\",\"urlTemplate\":\"https:\/\/www.leeb-balkone.com\/de\/?s={search_term_string}\"},\"query-input\":{\"@type\":\"PropertyValueSpecification\",\"valueRequired\":true,\"valueName\":\"search_term_string\"}}],\"inLanguage\":\"de\"},{\"@type\":\"Organization\",\"@id\":\"https:\/\/www.leeb-balkone.com\/de\/#organization\",\"name\":\"Leeb Balkone Gmbh\",\"url\":\"https:\/\/www.leeb-balkone.com\/de\/\",\"logo\":{\"@type\":\"ImageObject\",\"inLanguage\":\"de\",\"@id\":\"https:\/\/www.leeb-balkone.com\/de\/#\/schema\/logo\/image\/\",\"url\":\"https:\/\/www.leeb-balkone.com\/app\/uploads\/2020\/11\/leeb-logo.svg\",\"contentUrl\":\"https:\/\/www.leeb-balkone.com\/app\/uploads\/2020\/11\/leeb-logo.svg\",\"width\":741,\"height\":204,\"caption\":\"Leeb Balkone Gmbh\"},\"image\":{\"@id\":\"https:\/\/www.leeb-balkone.com\/de\/#\/schema\/logo\/image\/\"},\"sameAs\":[\"https:\/\/www.facebook.com\/balkone\/\",\"https:\/\/www.trustedshops.at\/bewertung\/info_X4587CCF5833E31AFE0B11F47D86999F2.html\",\"https:\/\/www.trustedshops.de\/bewertung\/info_X7BA536A7A0BDC86D36C4718E4DCAEEEF.html\",\"https:\/\/www.google.com\/maps\/place\/?q=place_id:ChIJ5-zH19-IcEcR9HonWRTllHI\"]},{\"@type\":\"Person\",\"@id\":\"https:\/\/www.leeb-balkone.com\/de\/#\/schema\/person\/e972a8221931fed0a3182bb928bc2b28\",\"name\":\"Jovana Mudrinic\"}]}<\/script>\n<!-- \/ Yoast SEO plugin. -->","yoast_head_json":{"title":"Warum es sich lohnt, jetzt in den Au\u00dfenbereich zu investieren - Leeb Balkone Deutschland","description":"Fr\u00fchbucher-Winteraktion: Jetzt Auftrag fixieren, im Fr\u00fchjahr genie\u00dfen!","robots":{"index":"index","follow":"follow","max-snippet":"max-snippet:-1","max-image-preview":"max-image-preview:large","max-video-preview":"max-video-preview:-1"},"og_locale":"de_DE","og_type":"article","og_title":"Die sieben wichtigsten Qualit\u00e4tsmerkmale beim Balkon","og_description":"Setzen Sie bei Ihrem Balkon auf bew\u00e4hrte Qualit\u00e4t und achten Sie bei der Auswahl auf diese sieben Qualit\u00e4tsmerkmale!","og_url":"https:\/\/www.leeb-balkone.com\/de\/blog\/warum-es-sich-lohnt-jetzt-in-den-aussenbereich-zu-investieren\/","og_site_name":"Leeb Balkone","article_publisher":"https:\/\/www.facebook.com\/balkone\/","article_published_time":"2024-09-26T06:37:57+00:00","article_modified_time":"2025-09-17T13:31:01+00:00","og_image":[{"width":2560,"height":1709,"url":"https:\/\/www.leeb-balkone.com\/app\/uploads\/2023\/01\/balkongelaender-alu-vision-lofer-blog-2-scaled.jpg","type":"image\/jpeg"}],"author":"Jovana Mudrinic","twitter_card":"summary_large_image","schema":{"@context":"https:\/\/schema.org","@graph":[{"@type":"Article","@id":"https:\/\/www.leeb-balkone.com\/de\/blog\/warum-es-sich-lohnt-jetzt-in-den-aussenbereich-zu-investieren\/#article","isPartOf":{"@id":"https:\/\/www.leeb-balkone.com\/de\/blog\/warum-es-sich-lohnt-jetzt-in-den-aussenbereich-zu-investieren\/"},"author":{"name":"Jovana Mudrinic","@id":"https:\/\/www.leeb-balkone.com\/de\/#\/schema\/person\/e972a8221931fed0a3182bb928bc2b28"},"headline":"Warum es sich lohnt, jetzt in den Au\u00dfenbereich zu investieren","datePublished":"2024-09-26T06:37:57+00:00","dateModified":"2025-09-17T13:31:01+00:00","mainEntityOfPage":{"@id":"https:\/\/www.leeb-balkone.com\/de\/blog\/warum-es-sich-lohnt-jetzt-in-den-aussenbereich-zu-investieren\/"},"wordCount":513,"publisher":{"@id":"https:\/\/www.leeb-balkone.com\/de\/#organization"},"image":{"@id":"https:\/\/www.leeb-balkone.com\/de\/blog\/warum-es-sich-lohnt-jetzt-in-den-aussenbereich-zu-investieren\/#primaryimage"},"thumbnailUrl":"https:\/\/www.leeb-balkone.com\/app\/uploads\/2020\/07\/anbaubalkon-mit-stuetzen-ueberdachung-balkongelaender-markise-kombination-atrium-21-scaled.jpg","articleSection":["Balkonbau mit Leeb","Nachhaltigkeit &amp; \u00d6kologie","Technik &amp; Innovation"],"inLanguage":"de"},{"@type":"WebPage","@id":"https:\/\/www.leeb-balkone.com\/de\/blog\/warum-es-sich-lohnt-jetzt-in-den-aussenbereich-zu-investieren\/","url":"https:\/\/www.leeb-balkone.com\/de\/blog\/warum-es-sich-lohnt-jetzt-in-den-aussenbereich-zu-investieren\/","name":"Warum es sich lohnt, jetzt in den Au\u00dfenbereich zu investieren - Leeb Balkone","isPartOf":{"@id":"https:\/\/www.leeb-balkone.com\/de\/#website"},"primaryImageOfPage":{"@id":"https:\/\/www.leeb-balkone.com\/de\/blog\/warum-es-sich-lohnt-jetzt-in-den-aussenbereich-zu-investieren\/#primaryimage"},"image":{"@id":"https:\/\/www.leeb-balkone.com\/de\/blog\/warum-es-sich-lohnt-jetzt-in-den-aussenbereich-zu-investieren\/#primaryimage"},"thumbnailUrl":"https:\/\/www.leeb-balkone.com\/app\/uploads\/2020\/07\/anbaubalkon-mit-stuetzen-ueberdachung-balkongelaender-markise-kombination-atrium-21-scaled.jpg","datePublished":"2024-09-26T06:37:57+00:00","dateModified":"2025-09-17T13:31:01+00:00","description":"Fr\u00fchbucher-Winteraktion: Jetzt Auftrag fixieren, im Fr\u00fchjahr genie\u00dfen!","breadcrumb":{"@id":"https:\/\/www.leeb-balkone.com\/de\/blog\/warum-es-sich-lohnt-jetzt-in-den-aussenbereich-zu-investieren\/#breadcrumb"},"inLanguage":"de","potentialAction":[{"@type":"ReadAction","target":["https:\/\/www.leeb-balkone.com\/de\/blog\/warum-es-sich-lohnt-jetzt-in-den-aussenbereich-zu-investieren\/"]}]},{"@type":"ImageObject","inLanguage":"de","@id":"https:\/\/www.leeb-balkone.com\/de\/blog\/warum-es-sich-lohnt-jetzt-in-den-aussenbereich-zu-investieren\/#primaryimage","url":"https:\/\/www.leeb-balkone.com\/app\/uploads\/2020\/07\/anbaubalkon-mit-stuetzen-ueberdachung-balkongelaender-markise-kombination-atrium-21-scaled.jpg","contentUrl":"https:\/\/www.leeb-balkone.com\/app\/uploads\/2020\/07\/anbaubalkon-mit-stuetzen-ueberdachung-balkongelaender-markise-kombination-atrium-21-scaled.jpg","width":2560,"height":1709,"caption":"Anbaubalkon mit St\u00fctzen und integriertem Vordach - die Doppelfunktion eines nachtr\u00e4glich installierten Balkons, der gleichzeitig Schutz f\u00fcr den unteren Bereich bietet."},{"@type":"BreadcrumbList","@id":"https:\/\/www.leeb-balkone.com\/de\/blog\/warum-es-sich-lohnt-jetzt-in-den-aussenbereich-zu-investieren\/#breadcrumb","itemListElement":[{"@type":"ListItem","position":1,"name":"Home","item":"https:\/\/www.leeb-balkone.com\/de\/"},{"@type":"ListItem","position":2,"name":"Warum es sich lohnt, jetzt in den Au\u00dfenbereich zu investieren"}]},{"@type":"WebSite","@id":"https:\/\/www.leeb-balkone.com\/de\/#website","url":"https:\/\/www.leeb-balkone.com\/de\/","name":"Leeb Balkone","description":"Balkone und Z\u00e4une","publisher":{"@id":"https:\/\/www.leeb-balkone.com\/de\/#organization"},"potentialAction":[{"@type":"SearchAction","target":{"@type":"EntryPoint","urlTemplate":"https:\/\/www.leeb-balkone.com\/de\/?s={search_term_string}"},"query-input":{"@type":"PropertyValueSpecification","valueRequired":true,"valueName":"search_term_string"}}],"inLanguage":"de"},{"@type":"Organization","@id":"https:\/\/www.leeb-balkone.com\/de\/#organization","name":"Leeb Balkone Gmbh","url":"https:\/\/www.leeb-balkone.com\/de\/","logo":{"@type":"ImageObject","inLanguage":"de","@id":"https:\/\/www.leeb-balkone.com\/de\/#\/schema\/logo\/image\/","url":"https:\/\/www.leeb-balkone.com\/app\/uploads\/2020\/11\/leeb-logo.svg","contentUrl":"https:\/\/www.leeb-balkone.com\/app\/uploads\/2020\/11\/leeb-logo.svg","width":741,"height":204,"caption":"Leeb Balkone Gmbh"},"image":{"@id":"https:\/\/www.leeb-balkone.com\/de\/#\/schema\/logo\/image\/"},"sameAs":["https:\/\/www.facebook.com\/balkone\/","https:\/\/www.trustedshops.at\/bewertung\/info_X4587CCF5833E31AFE0B11F47D86999F2.html","https:\/\/www.trustedshops.de\/bewertung\/info_X7BA536A7A0BDC86D36C4718E4DCAEEEF.html","https:\/\/www.google.com\/maps\/place\/?q=place_id:ChIJ5-zH19-IcEcR9HonWRTllHI"]},{"@type":"Person","@id":"https:\/\/www.leeb-balkone.com\/de\/#\/schema\/person\/e972a8221931fed0a3182bb928bc2b28","name":"Jovana Mudrinic"}]}},"_links":{"self":[{"href":"https:\/\/www.leeb-balkone.com\/de\/wp-json\/wp\/v2\/posts\/141345","targetHints":{"allow":["GET"]}}],"collection":[{"href":"https:\/\/www.leeb-balkone.com\/de\/wp-json\/wp\/v2\/posts"}],"about":[{"href":"https:\/\/www.leeb-balkone.com\/de\/wp-json\/wp\/v2\/types\/post"}],"author":[{"embeddable":true,"href":"https:\/\/www.leeb-balkone.com\/de\/wp-json\/wp\/v2\/users\/12"}],"replies":[{"embeddable":true,"href":"https:\/\/www.leeb-balkone.com\/de\/wp-json\/wp\/v2\/comments?post=141345"}],"version-history":[{"count":13,"href":"https:\/\/www.leeb-balkone.com\/de\/wp-json\/wp\/v2\/posts\/141345\/revisions"}],"predecessor-version":[{"id":156373,"href":"https:\/\/www.leeb-balkone.com\/de\/wp-json\/wp\/v2\/posts\/141345\/revisions\/156373"}],"wp:featuredmedia":[{"embeddable":true,"href":"https:\/\/www.leeb-balkone.com\/de\/wp-json\/wp\/v2\/media\/139680"}],"wp:attachment":[{"href":"https:\/\/www.leeb-balkone.com\/de\/wp-json\/wp\/v2\/media?parent=141345"}],"wp:term":[{"taxonomy":"category","embeddable":true,"href":"https:\/\/www.leeb-balkone.com\/de\/wp-json\/wp\/v2\/categories?post=141345"},{"taxonomy":"post_tag","embeddable":true,"href":"https:\/\/www.leeb-balkone.com\/de\/wp-json\/wp\/v2\/tags?post=141345"},{"taxonomy":"post_folder","embeddable":true,"href":"https:\/\/www.leeb-balkone.com\/de\/wp-json\/wp\/v2\/post_folder?post=141345"}],"curies":[{"name":"wp","href":"https:\/\/api.w.org\/{rel}","templated":true}]}}