{"id":139246,"date":"2024-06-26T14:16:24","date_gmt":"2024-06-26T14:16:24","guid":{"rendered":"https:\/\/www.leeb-balkone.com\/de\/blog\/"},"modified":"2026-01-28T16:18:28","modified_gmt":"2026-01-28T16:18:28","slug":"solar-power-leicht-gemacht-welches-system-passt-zu-ihrem-balkon","status":"publish","type":"post","link":"https:\/\/www.leeb-balkone.com\/de\/blog\/solar-power-leicht-gemacht-welches-system-passt-zu-ihrem-balkon\/","title":{"rendered":"Solar-Power leicht gemacht: Welches System passt zu Ihrem Balkon?"},"content":{"rendered":"<header class=\"wp-block-group alignfull t3-header u-max-wide t3-header-text has-white-background-color has-background has-global-padding is-layout-constrained wp-block-group-is-layout-constrained\">\n    <div class=\"wp-block-group o-grid u-md-1 u-sm-1 is-layout-flow wp-block-group-is-layout-flow\">\n  <div class=\"wp-block-group u-g-10 u-g-s-2\">\n      <div class=\"yoast-breadcrumbs\"><span><span><a href=\"https:\/\/www.leeb-balkone.com\/de\/\">Home<\/a><\/span><\/span><\/div>\n      \n    <h1>Solar-Power leicht gemacht: Welches System passt zu Ihrem Balkon?<\/h1>\n  <\/div>\n<\/div>\n  <\/header>\n\n\n\n\n\n\n\n<section class=\"wp-block-cgb-t3-section-block alignfull b-pt-small  is-style-bg-white\" style=\"display:inherit;min-height:inherit\">\n<div class=\"wp-block-cgb-t3-container-block none\" style=\"background-color:none\"><div class=\"grid-container\"><div class=\"grid-x\"><div class=\"cell small-12 medium-9 large-0 medium-offset-1 b-has-lsmb\">\n<p><span class=\"teaser\">Wenn Sie sich f\u00fcr einen Solarbalkon von Leeb entschieden haben, stehen Ihnen zwei M\u00f6glichkeiten zur Verf\u00fcgung, wie Sie den erzeugten Strom nutzen oder ins Netz einspeisen k\u00f6nnen. Die Wahl h\u00e4ngt von verschiedenen Faktoren ab, wie der Leistungsf\u00e4higkeit des Balkons, der Anzahl der laufenden Meter mit PV-Paneelen und der St\u00e4rke dieser Paneele.<\/span><\/p>\n<\/div><\/div><\/div><\/div>\n\n\n\n<div class=\"wp-block-cgb-t3-container-block none\" style=\"background-color:none\"><div class=\"grid-container\"><div class=\"grid-x\"><div class=\"cell small-12 medium-0 large-0\"><div id=\"lightgallery-block_acf-block-697a36c24c2fe\" data-block_acf-block-697a36c24c2fe class=\"has-1-imgs b-cards b-cards--gallery u-grid-temp has-1-cols u-md-2 u-sm-1 wp-block-group is-layout-grid wp-block-group-is-layout-grid gallery alignwide\">\n\n        <div class=\"b-cards__item\">\n\n        \n      <figure>\n                 <img loading=\"lazy\" decoding=\"async\" width=\"1536\" height=\"1025\" src=\"https:\/\/www.leeb-balkone.com\/app\/uploads\/2020\/07\/solar-glas-alu-balkon-09-1536x1025.jpg\" class=\"attachment-1536x1536 size-1536x1536\" alt=\"Solar Zaun mit PV-Modulen \u2013 Zaun Solaranlage mit Leeb\" srcset=\"https:\/\/www.leeb-balkone.com\/app\/uploads\/2020\/07\/solar-glas-alu-balkon-09-1536x1025.jpg 1536w, https:\/\/www.leeb-balkone.com\/app\/uploads\/2020\/07\/solar-glas-alu-balkon-09-300x200.jpg 300w, https:\/\/www.leeb-balkone.com\/app\/uploads\/2020\/07\/solar-glas-alu-balkon-09-1024x683.jpg 1024w, https:\/\/www.leeb-balkone.com\/app\/uploads\/2020\/07\/solar-glas-alu-balkon-09-768x512.jpg 768w, https:\/\/www.leeb-balkone.com\/app\/uploads\/2020\/07\/solar-glas-alu-balkon-09-2048x1366.jpg 2048w\" sizes=\"auto, (min-width: 1200px) 100vw, (min-width: 1024px) 1536px, (min-width: 640px) 768px, 768px\" \/>              <\/figure>\n\n                  \n        <div class=\"caption\">\n                          <p>Solar Balkon mit PV-Modulen \u2013 Balkon Solaranlage mit Leeb (alternativ: kleine Variante bis 800 Wp Leistung &#8211; SOLEEB Plug-and-Play Balkonkraftwerk von Leeb)\n              <\/div>\n  \n<\/div>\n\n    <\/div>\n\n<\/div><\/div><\/div><\/div>\n\n\n\n<div class=\"wp-block-group is-layout-flow wp-block-group-is-layout-flow\">\n<div class=\"wp-block-cgb-t3-container-block none\" style=\"background-color:none\"><div class=\"grid-container\"><div class=\"grid-x\"><div class=\"cell small-12 medium-9 large-0 medium-offset-1\">\n<h2 class=\"wp-block-heading\"><strong>1. Plug-and-Play-L\u00f6sung mit SOLEEB<\/strong><\/h2>\n\n\n\n<p>SOLEEB ist eine umfassende All-in-One-Solaranlage. Das Plug-and-Play-Komplettset, bestehend aus zwei bis vier Solarmodulen und einem Wechselrichter, bietet die ideale L\u00f6sung f\u00fcr eine unkomplizierte und schnelle Installation. Um die Anlage in Betrieb zu nehmen, schlie\u00dfen Sie den Wechselrichter einfach an die n\u00e4chstgelegene Steckdose an \u2013 und schon flie\u00dft kostenloser Strom in Ihr Hausnetz.<\/p>\n\n\n\n<div class=\"wp-block-columns is-layout-flex wp-container-core-columns-is-layout-28f84493 wp-block-columns-is-layout-flex\">\n<div class=\"wp-block-column is-layout-flow wp-block-column-is-layout-flow\" style=\"flex-basis:66.66%\">\n<figure class=\"wp-block-image size-full\"><img loading=\"lazy\" decoding=\"async\" width=\"657\" height=\"566\" src=\"\/app\/uploads\/2024\/06\/soleeb-plug-and-play-solaranlage.png\" alt=\"SOLEEB: Plug-and-Play-Komplettset mit Solarmodulen und Wechselrichter\" class=\"wp-image-139254\" srcset=\"https:\/\/www.leeb-balkone.com\/app\/uploads\/2024\/06\/soleeb-plug-and-play-solaranlage.png 657w, https:\/\/www.leeb-balkone.com\/app\/uploads\/2024\/06\/soleeb-plug-and-play-solaranlage-300x258.png 300w\" sizes=\"auto, (max-width: 657px) 100vw, 657px\" \/><\/figure>\n<\/div>\n\n\n\n<div class=\"wp-block-column is-layout-flow wp-block-column-is-layout-flow\" style=\"flex-basis:33.33%\">\n<figure class=\"wp-block-image size-large\"><img loading=\"lazy\" decoding=\"async\" width=\"1024\" height=\"518\" src=\"\/app\/uploads\/2024\/06\/Soleeb-Balkonkraftwerk-1024x518.jpg\" alt=\"SOLEEB Balkonkraftwerk - Plug and Play\" class=\"wp-image-139196\" srcset=\"https:\/\/www.leeb-balkone.com\/app\/uploads\/2024\/06\/Soleeb-Balkonkraftwerk-1024x518.jpg 1024w, https:\/\/www.leeb-balkone.com\/app\/uploads\/2024\/06\/Soleeb-Balkonkraftwerk-300x152.jpg 300w, https:\/\/www.leeb-balkone.com\/app\/uploads\/2024\/06\/Soleeb-Balkonkraftwerk-768x388.jpg 768w, https:\/\/www.leeb-balkone.com\/app\/uploads\/2024\/06\/Soleeb-Balkonkraftwerk-1536x777.jpg 1536w, https:\/\/www.leeb-balkone.com\/app\/uploads\/2024\/06\/Soleeb-Balkonkraftwerk-2048x1036.jpg 2048w\" sizes=\"auto, (max-width: 1024px) 100vw, 1024px\" \/><\/figure>\n<\/div>\n<\/div>\n\n\n\n<p><br>Ein wichtiges Kriterium ist, dass die PV-Module eine maximale Leistung von 800 Wp (Watt Peak) nicht \u00fcberschreiten d\u00fcrfen, um als Balkonkraftwerk zu gelten. Bei einer Leistung \u00fcber 800 Wp ist die Installation durch einen Elektriker erforderlich, da zus\u00e4tzliche Sicherheitsma\u00dfnahmen eingehalten werden m\u00fcssen.<\/p>\n\n\n\n<h3 class=\"wp-block-heading\">Vorteile der Plug-and-Play-Variante:<\/h3>\n\n\n\n<ul class=\"wp-block-list\">\n<li><strong>Einfache Installation:<\/strong>&nbsp;Kein Elektriker erforderlich \u2013 einfach an die Steckdose anschlie\u00dfen.<\/li>\n\n\n\n<li><strong>Schnelle Inbetriebnahme:<\/strong>&nbsp;Strom kann sofort genutzt werden.<\/li>\n\n\n\n<li><strong>Geringer Wartungsaufwand:<\/strong>&nbsp;Da keine komplexen Installationen erforderlich sind, ist der Wartungsaufwand minimal.<\/li>\n<\/ul>\n\n\n\n<h2 class=\"wp-block-heading\"><br><strong>2. PV-Balkonanlage<\/strong><\/h2>\n\n\n\n<p>Wenn Ihr Balkon gr\u00f6\u00dfer ist oder mehr als 800 Wp Leistung liefert, muss die Inbetriebnahme und Installation durch einen Elektriker erfolgen. Diese Anlagen sind skalierbar und k\u00f6nnen problemlos erweitert werden, was sie besonders flexibel macht. Dies gilt auch f\u00fcr Solarz\u00e4une und Solar\u00fcberdachungen. Somit k\u00f6nnen auch mehrere Solarprodukte von Leeb an diese Anlage angeschlossen werden.<\/p>\n\n\n\n<h3 class=\"wp-block-heading\">Vorteile der PV-Balkonanlage:<\/h3>\n\n\n\n<ul class=\"wp-block-list\">\n<li><strong>H\u00f6here Leistung:<\/strong>&nbsp;Geeignet f\u00fcr gr\u00f6\u00dfere Balkone mit mehreren PV-Paneelen.<\/li>\n\n\n\n<li><strong>Flexibilit\u00e4t und Erweiterbarkeit:<\/strong>&nbsp;Anlagen k\u00f6nnen jederzeit erweitert werden.<\/li>\n\n\n\n<li><strong>Netzeinspeisung:<\/strong>&nbsp;Gr\u00f6\u00dfere Anlagen k\u00f6nnen \u00fcbersch\u00fcssigen Strom ins \u00f6ffentliche Netz einspeisen, was zus\u00e4tzliche Einnahmen durch Einspeiseverg\u00fctungen erm\u00f6glicht.<\/li>\n<\/ul>\n\n\n\n<p class=\"has-text-align-left\"><br><strong>Z\u00e4une, Carports, \u00dcberdachungen, Balkongel\u00e4nder mit vollintegrierten, hocheffektiven PV-Modulen:<\/strong><\/p>\n<\/div><\/div><\/div><\/div>\n<\/div>\n\n\n\n<div class=\"wp-block-cgb-t3-container-block none\" style=\"background-color:none\"><div class=\"grid-container\"><div class=\"grid-x\"><div class=\"cell small-12 medium-0 large-0\"><div id=\"lightgallery-block_acf-block-697a36c24c31f\" data-block_acf-block-697a36c24c31f class=\"has-4-imgs b-cards b-cards--gallery u-grid-temp has-2-cols u-md-2 u-sm-1 wp-block-group is-layout-grid wp-block-group-is-layout-grid gallery alignwide\">\n\n        <div class=\"b-cards__item\">\n\n        <a data-src=\"https:\/\/www.leeb-balkone.com\/app\/uploads\/2022\/06\/Zaun-Solar-01-1536x1147.jpg\" data-thumb=\"https:\/\/www.leeb-balkone.com\/app\/uploads\/2022\/06\/Zaun-Solar-01-300x224.jpg\" class=\"hasHover dark\">\n        \n      <figure>\n                 <img loading=\"lazy\" decoding=\"async\" width=\"1024\" height=\"765\" src=\"https:\/\/www.leeb-balkone.com\/app\/uploads\/2022\/06\/Zaun-Solar-01-1024x765.jpg\" class=\"attachment-large size-large\" alt=\"Solar Zaun mit PV-Modulen - Zaun Solaranlage mit Leeb\" srcset=\"https:\/\/www.leeb-balkone.com\/app\/uploads\/2022\/06\/Zaun-Solar-01-1024x765.jpg 1024w, https:\/\/www.leeb-balkone.com\/app\/uploads\/2022\/06\/Zaun-Solar-01-300x224.jpg 300w, https:\/\/www.leeb-balkone.com\/app\/uploads\/2022\/06\/Zaun-Solar-01-768x574.jpg 768w, https:\/\/www.leeb-balkone.com\/app\/uploads\/2022\/06\/Zaun-Solar-01-1536x1147.jpg 1536w, https:\/\/www.leeb-balkone.com\/app\/uploads\/2022\/06\/Zaun-Solar-01-2048x1529.jpg 2048w\" sizes=\"auto, (min-width: 1200px) 1024px, (min-width: 1024px) 768px, (min-width: 640px) 768px, 768px\" \/>              <\/figure>\n\n                          <\/a>\n      \n        <div class=\"caption\">\n                          <p>Hagelsichere PV-Module zwischen zwei VSG-Gl\u00e4sern integriert\n              <\/div>\n  \n<\/div>\n\n        <div class=\"b-cards__item\">\n\n        <a data-src=\"https:\/\/www.leeb-balkone.com\/app\/uploads\/2022\/07\/Carport_Doppel_Solar-01-1536x1147.jpg\" data-thumb=\"https:\/\/www.leeb-balkone.com\/app\/uploads\/2022\/07\/Carport_Doppel_Solar-01-300x224.jpg\" class=\"hasHover dark\">\n        \n      <figure>\n                 <img loading=\"lazy\" decoding=\"async\" width=\"1024\" height=\"765\" src=\"https:\/\/www.leeb-balkone.com\/app\/uploads\/2022\/07\/Carport_Doppel_Solar-01-1024x765.jpg\" class=\"attachment-large size-large\" alt=\"Solar Carport mit PV-Modulen - Carport Solaranlage mit Leeb\" srcset=\"https:\/\/www.leeb-balkone.com\/app\/uploads\/2022\/07\/Carport_Doppel_Solar-01-1024x765.jpg 1024w, https:\/\/www.leeb-balkone.com\/app\/uploads\/2022\/07\/Carport_Doppel_Solar-01-300x224.jpg 300w, https:\/\/www.leeb-balkone.com\/app\/uploads\/2022\/07\/Carport_Doppel_Solar-01-768x574.jpg 768w, https:\/\/www.leeb-balkone.com\/app\/uploads\/2022\/07\/Carport_Doppel_Solar-01-1536x1147.jpg 1536w, https:\/\/www.leeb-balkone.com\/app\/uploads\/2022\/07\/Carport_Doppel_Solar-01-2048x1529.jpg 2048w\" sizes=\"auto, (min-width: 1200px) 1024px, (min-width: 1024px) 768px, (min-width: 640px) 768px, 768px\" \/>              <\/figure>\n\n                          <\/a>\n      \n        <div class=\"caption\">\n                          <p>Solar Carport mit PV-Modulen &#8211; Carport Solaranlage mit Leeb\n              <\/div>\n  \n<\/div>\n\n        <div class=\"b-cards__item\">\n\n        <a data-src=\"https:\/\/www.leeb-balkone.com\/app\/uploads\/2020\/07\/solar-glas-alu-ueberdachung-18-1536x1152.jpg\" data-thumb=\"https:\/\/www.leeb-balkone.com\/app\/uploads\/2020\/07\/solar-glas-alu-ueberdachung-18-300x225.jpg\" class=\"hasHover dark\">\n        \n      <figure>\n                 <img loading=\"lazy\" decoding=\"async\" width=\"1024\" height=\"768\" src=\"https:\/\/www.leeb-balkone.com\/app\/uploads\/2020\/07\/solar-glas-alu-ueberdachung-18-1024x768.jpg\" class=\"attachment-large size-large\" alt=\"solar glas alu ueberdachung 18\" srcset=\"https:\/\/www.leeb-balkone.com\/app\/uploads\/2020\/07\/solar-glas-alu-ueberdachung-18-1024x768.jpg 1024w, https:\/\/www.leeb-balkone.com\/app\/uploads\/2020\/07\/solar-glas-alu-ueberdachung-18-300x225.jpg 300w, https:\/\/www.leeb-balkone.com\/app\/uploads\/2020\/07\/solar-glas-alu-ueberdachung-18-768x576.jpg 768w, https:\/\/www.leeb-balkone.com\/app\/uploads\/2020\/07\/solar-glas-alu-ueberdachung-18-1536x1152.jpg 1536w, https:\/\/www.leeb-balkone.com\/app\/uploads\/2020\/07\/solar-glas-alu-ueberdachung-18-2048x1536.jpg 2048w\" sizes=\"auto, (min-width: 1200px) 1024px, (min-width: 1024px) 768px, (min-width: 640px) 768px, 768px\" \/>              <\/figure>\n\n                          <\/a>\n      \n        <div class=\"caption\">\n                          <p>Solar Terrassendach mit PV-Modulen &#8211; \u00dcberdachung Solaranlage mit Leeb\n\n              <\/div>\n  \n<\/div>\n\n        <div class=\"b-cards__item\">\n\n        <a data-src=\"https:\/\/www.leeb-balkone.com\/app\/uploads\/2020\/07\/alu-balkongelaender-solar-14-1536x1024.jpg\" data-thumb=\"https:\/\/www.leeb-balkone.com\/app\/uploads\/2020\/07\/alu-balkongelaender-solar-14-300x200.jpg\" class=\"hasHover dark\">\n        \n      <figure>\n                 <img loading=\"lazy\" decoding=\"async\" width=\"1024\" height=\"683\" src=\"https:\/\/www.leeb-balkone.com\/app\/uploads\/2020\/07\/alu-balkongelaender-solar-14-1024x683.jpg\" class=\"attachment-large size-large\" alt=\"Hightech Balkongel\u00e4nder mit PV-Modulen \u2013 Balkon Solaranlage mit Leeb\" srcset=\"https:\/\/www.leeb-balkone.com\/app\/uploads\/2020\/07\/alu-balkongelaender-solar-14-1024x683.jpg 1024w, https:\/\/www.leeb-balkone.com\/app\/uploads\/2020\/07\/alu-balkongelaender-solar-14-300x200.jpg 300w, https:\/\/www.leeb-balkone.com\/app\/uploads\/2020\/07\/alu-balkongelaender-solar-14-768x512.jpg 768w, https:\/\/www.leeb-balkone.com\/app\/uploads\/2020\/07\/alu-balkongelaender-solar-14-1536x1024.jpg 1536w, https:\/\/www.leeb-balkone.com\/app\/uploads\/2020\/07\/alu-balkongelaender-solar-14-2048x1366.jpg 2048w\" sizes=\"auto, (min-width: 1200px) 1024px, (min-width: 1024px) 768px, (min-width: 640px) 768px, 768px\" \/>              <\/figure>\n\n                          <\/a>\n      \n        <div class=\"caption\">\n                          <p>Hightech Balkongel\u00e4nder mit PV-Modulen \u2013 Balkon Solaranlage mit Leeb\n              <\/div>\n  \n<\/div>\n\n    <\/div>\n\n<\/div><\/div><\/div><\/div>\n\n\n\n<div class=\"wp-block-cgb-t3-container-block none\" style=\"background-color:none\"><div class=\"grid-container\"><div class=\"grid-x\"><div class=\"cell small-12 medium-9 large-0 medium-offset-1 b-has-lsmb\">\n<h2 class=\"wp-block-heading\">Wichtige \u00dcberlegungen vor der Installation<\/h2>\n\n\n\n<p>Bevor Sie sich f\u00fcr eine der beiden Varianten entscheiden, sollten Sie folgende Aspekte ber\u00fccksichtigen:<\/p>\n\n\n\n<ul class=\"wp-block-list\">\n<li><strong>Netzanschluss:<\/strong>&nbsp;Kl\u00e4ren Sie mit Ihrem Energieversorger die Bedingungen f\u00fcr die Netzeinspeisung.<\/li>\n\n\n\n<li><strong>Genehmigungen:<\/strong>&nbsp;Informieren Sie sich \u00fcber m\u00f6gliche Genehmigungspflichten durch Ihre Kommune oder Ihren Vermieter.<\/li>\n\n\n\n<li><strong>F\u00f6rderm\u00f6glichkeiten:<\/strong>&nbsp;Pr\u00fcfen Sie, ob staatliche F\u00f6rderungen oder Zusch\u00fcsse f\u00fcr Solaranlagen verf\u00fcgbar sind.<\/li>\n<\/ul>\n\n\n\n<h2 class=\"wp-block-heading\">Fazit<\/h2>\n\n\n\n<p>Beide Varianten bieten unterschiedliche Vorteile und k\u00f6nnen je nach Bedarf und Gegebenheiten optimal eingesetzt werden. Die <a href=\"https:\/\/www.leeb-balkone.com\/de\/technik\/soleeb\/\">Plug-and-Play-Variante<\/a> eignet sich besonders f\u00fcr kleinere Balkone mit einer schnellen, unkomplizierten Nutzung. Die <a href=\"https:\/\/www.leeb-balkone.com\/de\/solar\/solar-balkon\/\">PV-Balkonanlage<\/a> bietet dagegen mehr Flexibilit\u00e4t und h\u00f6here Leistung, erfordert jedoch eine professionelle Installation vom Elektriker.<\/p>\n\n\n\n<p>Entscheiden Sie sich f\u00fcr die L\u00f6sung, die am besten zu Ihren Bed\u00fcrfnissen passt, wobei Sie ein Leeb-Berater bei einem kostenlosen Beratungstermin umfassend aufkl\u00e4ren und die optimale L\u00f6sung f\u00fcr Sie finden wird.<\/p>\n\n\n\n<p><a href=\"https:\/\/www.leeb-balkone.com\/de\/kontakt\/\">Unverbindlichen Beratungstermin anfordern<\/a><\/p>\n\n\n\n<h2 class=\"wp-block-heading\">INNOVATIV NEU UND EINZIGARTIG BEI LEEB<\/h2>\n\n\n\n<h3 class=\"wp-block-heading\">Neues PV-Modul OPTIMUS f\u00fcr Leeb Solarbalkone und Solarz\u00e4une<\/h3>\n\n\n\n<p>Das optimierte PV-Modul ist das Ergebnis einer intensiven Zusammenarbeit mit unserem Lieferanten und speziell f\u00fcr unsere Anforderungen entwickelt worden. Diese Exklusivi\u00adt\u00e4t bietet Ihnen Vorteile, die Sie nur bei uns finden.<\/p>\n\n\n\n<p>Wenn Teile eines PV-Moduls verschattet werden, f\u00fchrt dies zu einer Senkung der Leistung des gesamten Moduls bzw. Strings. Mittels integrierter Optimierer in den PV-Modulen kann diesen Leistungsverlusten entgegengewirkt werden.<\/p>\n\n\n\n<p>Diese Technologieinnovation bringt uns einen Wettbewerbsvorteil. Das Leeb PV-Modul Optimus ist bei unseren Solarbalkonen und Solarz\u00e4unen bis zu einer gewissen H\u00f6he erh\u00e4ltlich. F\u00fcr \u00dcberdachungen, Carports und h\u00f6here Solarz\u00e4une verwenden wir das Leeb PV-Modul 300. <\/p>\n\n\n\n<p><a href=\"https:\/\/www.leeb-balkone.com\/de\/?overlay=solar\">Leeb Solarprodukte<\/a>: <a href=\"https:\/\/www.leeb-balkone.com\/de\/solar\/solar-balkon\/\">Solar-Balkon<\/a>, <a href=\"https:\/\/www.leeb-balkone.com\/de\/solar\/solar-zaun\/\">Solar-Zaun<\/a>, <a href=\"https:\/\/www.leeb-balkone.com\/de\/solar\/solar-carport\/\">Solar-Carport<\/a>, <a href=\"https:\/\/www.leeb-balkone.com\/de\/solar\/solar-terrassendach\/\">Solar-Terrassendach<\/a>.<\/p>\n\n\n\n<figure class=\"wp-block-image aligncenter size-large is-resized\"><img loading=\"lazy\" decoding=\"async\" width=\"1024\" height=\"872\" src=\"\/app\/uploads\/2024\/06\/Optimus-mit-Button-1024x872.jpg\" alt=\"Optimus mit Button\" class=\"wp-image-139046\" style=\"width:399px;height:auto\" srcset=\"https:\/\/www.leeb-balkone.com\/app\/uploads\/2024\/06\/Optimus-mit-Button-1024x872.jpg 1024w, https:\/\/www.leeb-balkone.com\/app\/uploads\/2024\/06\/Optimus-mit-Button-300x255.jpg 300w, https:\/\/www.leeb-balkone.com\/app\/uploads\/2024\/06\/Optimus-mit-Button-768x654.jpg 768w, https:\/\/www.leeb-balkone.com\/app\/uploads\/2024\/06\/Optimus-mit-Button-1536x1308.jpg 1536w, https:\/\/www.leeb-balkone.com\/app\/uploads\/2024\/06\/Optimus-mit-Button-2048x1744.jpg 2048w\" sizes=\"auto, (max-width: 1024px) 100vw, 1024px\" \/><\/figure>\n<\/div><\/div><\/div><\/div>\n<\/section>\n","protected":false},"excerpt":{"rendered":"<p>SOLEEB als All-in-One-Solaranlage oder PV-Balkonanlage f\u00fcr gr\u00f6\u00dfere Balkone?<\/p>\n","protected":false},"author":4,"featured_media":133416,"comment_status":"closed","ping_status":"open","sticky":false,"template":"template-onepager.blade.php","format":"standard","meta":{"_acf_changed":false,"footnotes":""},"categories":[50,52,53],"tags":[],"post_folder":[],"class_list":["post-139246","post","type-post","status-publish","format-standard","has-post-thumbnail","hentry","category-balkonbau-mit-leeb","category-nachhaltigkeit-oekologie","category-technik-innovation"],"acf":[],"yoast_head":"<!-- This site is optimized with the Yoast SEO plugin v27.2 - https:\/\/yoast.com\/product\/yoast-seo-wordpress\/ -->\n<title>Mehr Lebensqualit\u00e4t durch nachtr\u00e4glichen Balkonanbau - Leeb Balkone Deutschland<\/title>\n<meta name=\"description\" content=\"Energetische Sanierung als Gelegenheit zu Balkonsanierung und Anbaubalkon. Beratungstermin vor Ort \u2013 unverbindlich und kostenlos! Leeb Balkone.\" \/>\n<meta name=\"robots\" content=\"index, follow, max-snippet:-1, max-image-preview:large, max-video-preview:-1\" \/>\n<meta property=\"og:locale\" content=\"de_DE\" \/>\n<meta property=\"og:type\" content=\"article\" \/>\n<meta property=\"og:title\" content=\"Mehr Lebensqualit\u00e4t durch nachtr\u00e4glichen Balkonanbau - Leeb Balkone\" \/>\n<meta property=\"og:description\" content=\"Energetische Sanierung als Gelegenheit zu Balkonsanierung und Anbaubalkon. Beratungstermin vor Ort \u2013 unverbindlich und kostenlos! Leeb Balkone.\" \/>\n<meta property=\"og:url\" content=\"https:\/\/www.leeb-balkone.com\/de\/blog\/solar-power-leicht-gemacht-welches-system-passt-zu-ihrem-balkon\/\" \/>\n<meta property=\"og:site_name\" content=\"Leeb Balkone\" \/>\n<meta property=\"article:publisher\" content=\"https:\/\/www.facebook.com\/balkone\/\" \/>\n<meta property=\"article:published_time\" content=\"2024-06-26T14:16:24+00:00\" \/>\n<meta property=\"article:modified_time\" content=\"2026-01-28T16:18:28+00:00\" \/>\n<meta property=\"og:image\" content=\"https:\/\/www.leeb-balkone.com\/app\/uploads\/2020\/07\/solar-glas-alu-balkon-09-scaled.jpg\" \/>\n\t<meta property=\"og:image:width\" content=\"2560\" \/>\n\t<meta property=\"og:image:height\" content=\"1708\" \/>\n\t<meta property=\"og:image:type\" content=\"image\/jpeg\" \/>\n<meta name=\"author\" content=\"Herbert Weichart\" \/>\n<meta name=\"twitter:card\" content=\"summary_large_image\" \/>\n<script type=\"application\/ld+json\" class=\"yoast-schema-graph\">{\"@context\":\"https:\/\/schema.org\",\"@graph\":[{\"@type\":\"Article\",\"@id\":\"https:\/\/www.leeb-balkone.com\/de\/blog\/solar-power-leicht-gemacht-welches-system-passt-zu-ihrem-balkon\/#article\",\"isPartOf\":{\"@id\":\"https:\/\/www.leeb-balkone.com\/de\/blog\/solar-power-leicht-gemacht-welches-system-passt-zu-ihrem-balkon\/\"},\"author\":{\"name\":\"Herbert Weichart\",\"@id\":\"https:\/\/www.leeb-balkone.com\/de\/#\/schema\/person\/dc2e2c82db329667ee507698e220238f\"},\"headline\":\"Solar-Power leicht gemacht: Welches System passt zu Ihrem Balkon?\",\"datePublished\":\"2024-06-26T14:16:24+00:00\",\"dateModified\":\"2026-01-28T16:18:28+00:00\",\"mainEntityOfPage\":{\"@id\":\"https:\/\/www.leeb-balkone.com\/de\/blog\/solar-power-leicht-gemacht-welches-system-passt-zu-ihrem-balkon\/\"},\"wordCount\":610,\"publisher\":{\"@id\":\"https:\/\/www.leeb-balkone.com\/de\/#organization\"},\"image\":{\"@id\":\"https:\/\/www.leeb-balkone.com\/de\/blog\/solar-power-leicht-gemacht-welches-system-passt-zu-ihrem-balkon\/#primaryimage\"},\"thumbnailUrl\":\"https:\/\/www.leeb-balkone.com\/app\/uploads\/2020\/07\/solar-glas-alu-balkon-09-scaled.jpg\",\"articleSection\":[\"Balkonbau mit Leeb\",\"Nachhaltigkeit &amp; \u00d6kologie\",\"Technik &amp; Innovation\"],\"inLanguage\":\"de\"},{\"@type\":\"WebPage\",\"@id\":\"https:\/\/www.leeb-balkone.com\/de\/blog\/solar-power-leicht-gemacht-welches-system-passt-zu-ihrem-balkon\/\",\"url\":\"https:\/\/www.leeb-balkone.com\/de\/blog\/solar-power-leicht-gemacht-welches-system-passt-zu-ihrem-balkon\/\",\"name\":\"Mehr Lebensqualit\u00e4t durch nachtr\u00e4glichen Balkonanbau - Leeb Balkone\",\"isPartOf\":{\"@id\":\"https:\/\/www.leeb-balkone.com\/de\/#website\"},\"primaryImageOfPage\":{\"@id\":\"https:\/\/www.leeb-balkone.com\/de\/blog\/solar-power-leicht-gemacht-welches-system-passt-zu-ihrem-balkon\/#primaryimage\"},\"image\":{\"@id\":\"https:\/\/www.leeb-balkone.com\/de\/blog\/solar-power-leicht-gemacht-welches-system-passt-zu-ihrem-balkon\/#primaryimage\"},\"thumbnailUrl\":\"https:\/\/www.leeb-balkone.com\/app\/uploads\/2020\/07\/solar-glas-alu-balkon-09-scaled.jpg\",\"datePublished\":\"2024-06-26T14:16:24+00:00\",\"dateModified\":\"2026-01-28T16:18:28+00:00\",\"description\":\"Energetische Sanierung als Gelegenheit zu Balkonsanierung und Anbaubalkon. Beratungstermin vor Ort \u2013 unverbindlich und kostenlos! Leeb Balkone.\",\"breadcrumb\":{\"@id\":\"https:\/\/www.leeb-balkone.com\/de\/blog\/solar-power-leicht-gemacht-welches-system-passt-zu-ihrem-balkon\/#breadcrumb\"},\"inLanguage\":\"de\",\"potentialAction\":[{\"@type\":\"ReadAction\",\"target\":[\"https:\/\/www.leeb-balkone.com\/de\/blog\/solar-power-leicht-gemacht-welches-system-passt-zu-ihrem-balkon\/\"]}]},{\"@type\":\"ImageObject\",\"inLanguage\":\"de\",\"@id\":\"https:\/\/www.leeb-balkone.com\/de\/blog\/solar-power-leicht-gemacht-welches-system-passt-zu-ihrem-balkon\/#primaryimage\",\"url\":\"https:\/\/www.leeb-balkone.com\/app\/uploads\/2020\/07\/solar-glas-alu-balkon-09-scaled.jpg\",\"contentUrl\":\"https:\/\/www.leeb-balkone.com\/app\/uploads\/2020\/07\/solar-glas-alu-balkon-09-scaled.jpg\",\"width\":2560,\"height\":1708,\"caption\":\"Solar Balkon mit PV-Modulen \u2013 Balkon Solaranlage mit Leeb (alternativ: kleine Variante bis 800 Wp Leistung - SOLEEB Plug-and-Play Balkonkraftwerk von Leeb)\"},{\"@type\":\"BreadcrumbList\",\"@id\":\"https:\/\/www.leeb-balkone.com\/de\/blog\/solar-power-leicht-gemacht-welches-system-passt-zu-ihrem-balkon\/#breadcrumb\",\"itemListElement\":[{\"@type\":\"ListItem\",\"position\":1,\"name\":\"Home\",\"item\":\"https:\/\/www.leeb-balkone.com\/de\/\"},{\"@type\":\"ListItem\",\"position\":2,\"name\":\"Solar-Power leicht gemacht: Welches System passt zu Ihrem Balkon?\"}]},{\"@type\":\"WebSite\",\"@id\":\"https:\/\/www.leeb-balkone.com\/de\/#website\",\"url\":\"https:\/\/www.leeb-balkone.com\/de\/\",\"name\":\"Leeb Balkone\",\"description\":\"Balkone und Z\u00e4une\",\"publisher\":{\"@id\":\"https:\/\/www.leeb-balkone.com\/de\/#organization\"},\"potentialAction\":[{\"@type\":\"SearchAction\",\"target\":{\"@type\":\"EntryPoint\",\"urlTemplate\":\"https:\/\/www.leeb-balkone.com\/de\/?s={search_term_string}\"},\"query-input\":{\"@type\":\"PropertyValueSpecification\",\"valueRequired\":true,\"valueName\":\"search_term_string\"}}],\"inLanguage\":\"de\"},{\"@type\":\"Organization\",\"@id\":\"https:\/\/www.leeb-balkone.com\/de\/#organization\",\"name\":\"Leeb Balkone Gmbh\",\"url\":\"https:\/\/www.leeb-balkone.com\/de\/\",\"logo\":{\"@type\":\"ImageObject\",\"inLanguage\":\"de\",\"@id\":\"https:\/\/www.leeb-balkone.com\/de\/#\/schema\/logo\/image\/\",\"url\":\"https:\/\/www.leeb-balkone.com\/app\/uploads\/2020\/11\/leeb-logo.svg\",\"contentUrl\":\"https:\/\/www.leeb-balkone.com\/app\/uploads\/2020\/11\/leeb-logo.svg\",\"width\":741,\"height\":204,\"caption\":\"Leeb Balkone Gmbh\"},\"image\":{\"@id\":\"https:\/\/www.leeb-balkone.com\/de\/#\/schema\/logo\/image\/\"},\"sameAs\":[\"https:\/\/www.facebook.com\/balkone\/\",\"https:\/\/www.trustedshops.at\/bewertung\/info_X4587CCF5833E31AFE0B11F47D86999F2.html\",\"https:\/\/www.trustedshops.de\/bewertung\/info_X7BA536A7A0BDC86D36C4718E4DCAEEEF.html\",\"https:\/\/www.google.com\/maps\/place\/?q=place_id:ChIJ5-zH19-IcEcR9HonWRTllHI\"]},{\"@type\":\"Person\",\"@id\":\"https:\/\/www.leeb-balkone.com\/de\/#\/schema\/person\/dc2e2c82db329667ee507698e220238f\",\"name\":\"Herbert Weichart\"}]}<\/script>\n<!-- \/ Yoast SEO plugin. -->","yoast_head_json":{"title":"Mehr Lebensqualit\u00e4t durch nachtr\u00e4glichen Balkonanbau - Leeb Balkone Deutschland","description":"Energetische Sanierung als Gelegenheit zu Balkonsanierung und Anbaubalkon. Beratungstermin vor Ort \u2013 unverbindlich und kostenlos! Leeb Balkone.","robots":{"index":"index","follow":"follow","max-snippet":"max-snippet:-1","max-image-preview":"max-image-preview:large","max-video-preview":"max-video-preview:-1"},"og_locale":"de_DE","og_type":"article","og_title":"Mehr Lebensqualit\u00e4t durch nachtr\u00e4glichen Balkonanbau - Leeb Balkone","og_description":"Energetische Sanierung als Gelegenheit zu Balkonsanierung und Anbaubalkon. Beratungstermin vor Ort \u2013 unverbindlich und kostenlos! Leeb Balkone.","og_url":"https:\/\/www.leeb-balkone.com\/de\/blog\/solar-power-leicht-gemacht-welches-system-passt-zu-ihrem-balkon\/","og_site_name":"Leeb Balkone","article_publisher":"https:\/\/www.facebook.com\/balkone\/","article_published_time":"2024-06-26T14:16:24+00:00","article_modified_time":"2026-01-28T16:18:28+00:00","og_image":[{"width":2560,"height":1708,"url":"https:\/\/www.leeb-balkone.com\/app\/uploads\/2020\/07\/solar-glas-alu-balkon-09-scaled.jpg","type":"image\/jpeg"}],"author":"Herbert Weichart","twitter_card":"summary_large_image","schema":{"@context":"https:\/\/schema.org","@graph":[{"@type":"Article","@id":"https:\/\/www.leeb-balkone.com\/de\/blog\/solar-power-leicht-gemacht-welches-system-passt-zu-ihrem-balkon\/#article","isPartOf":{"@id":"https:\/\/www.leeb-balkone.com\/de\/blog\/solar-power-leicht-gemacht-welches-system-passt-zu-ihrem-balkon\/"},"author":{"name":"Herbert Weichart","@id":"https:\/\/www.leeb-balkone.com\/de\/#\/schema\/person\/dc2e2c82db329667ee507698e220238f"},"headline":"Solar-Power leicht gemacht: Welches System passt zu Ihrem Balkon?","datePublished":"2024-06-26T14:16:24+00:00","dateModified":"2026-01-28T16:18:28+00:00","mainEntityOfPage":{"@id":"https:\/\/www.leeb-balkone.com\/de\/blog\/solar-power-leicht-gemacht-welches-system-passt-zu-ihrem-balkon\/"},"wordCount":610,"publisher":{"@id":"https:\/\/www.leeb-balkone.com\/de\/#organization"},"image":{"@id":"https:\/\/www.leeb-balkone.com\/de\/blog\/solar-power-leicht-gemacht-welches-system-passt-zu-ihrem-balkon\/#primaryimage"},"thumbnailUrl":"https:\/\/www.leeb-balkone.com\/app\/uploads\/2020\/07\/solar-glas-alu-balkon-09-scaled.jpg","articleSection":["Balkonbau mit Leeb","Nachhaltigkeit &amp; \u00d6kologie","Technik &amp; Innovation"],"inLanguage":"de"},{"@type":"WebPage","@id":"https:\/\/www.leeb-balkone.com\/de\/blog\/solar-power-leicht-gemacht-welches-system-passt-zu-ihrem-balkon\/","url":"https:\/\/www.leeb-balkone.com\/de\/blog\/solar-power-leicht-gemacht-welches-system-passt-zu-ihrem-balkon\/","name":"Mehr Lebensqualit\u00e4t durch nachtr\u00e4glichen Balkonanbau - Leeb Balkone","isPartOf":{"@id":"https:\/\/www.leeb-balkone.com\/de\/#website"},"primaryImageOfPage":{"@id":"https:\/\/www.leeb-balkone.com\/de\/blog\/solar-power-leicht-gemacht-welches-system-passt-zu-ihrem-balkon\/#primaryimage"},"image":{"@id":"https:\/\/www.leeb-balkone.com\/de\/blog\/solar-power-leicht-gemacht-welches-system-passt-zu-ihrem-balkon\/#primaryimage"},"thumbnailUrl":"https:\/\/www.leeb-balkone.com\/app\/uploads\/2020\/07\/solar-glas-alu-balkon-09-scaled.jpg","datePublished":"2024-06-26T14:16:24+00:00","dateModified":"2026-01-28T16:18:28+00:00","description":"Energetische Sanierung als Gelegenheit zu Balkonsanierung und Anbaubalkon. Beratungstermin vor Ort \u2013 unverbindlich und kostenlos! Leeb Balkone.","breadcrumb":{"@id":"https:\/\/www.leeb-balkone.com\/de\/blog\/solar-power-leicht-gemacht-welches-system-passt-zu-ihrem-balkon\/#breadcrumb"},"inLanguage":"de","potentialAction":[{"@type":"ReadAction","target":["https:\/\/www.leeb-balkone.com\/de\/blog\/solar-power-leicht-gemacht-welches-system-passt-zu-ihrem-balkon\/"]}]},{"@type":"ImageObject","inLanguage":"de","@id":"https:\/\/www.leeb-balkone.com\/de\/blog\/solar-power-leicht-gemacht-welches-system-passt-zu-ihrem-balkon\/#primaryimage","url":"https:\/\/www.leeb-balkone.com\/app\/uploads\/2020\/07\/solar-glas-alu-balkon-09-scaled.jpg","contentUrl":"https:\/\/www.leeb-balkone.com\/app\/uploads\/2020\/07\/solar-glas-alu-balkon-09-scaled.jpg","width":2560,"height":1708,"caption":"Solar Balkon mit PV-Modulen \u2013 Balkon Solaranlage mit Leeb (alternativ: kleine Variante bis 800 Wp Leistung - SOLEEB Plug-and-Play Balkonkraftwerk von Leeb)"},{"@type":"BreadcrumbList","@id":"https:\/\/www.leeb-balkone.com\/de\/blog\/solar-power-leicht-gemacht-welches-system-passt-zu-ihrem-balkon\/#breadcrumb","itemListElement":[{"@type":"ListItem","position":1,"name":"Home","item":"https:\/\/www.leeb-balkone.com\/de\/"},{"@type":"ListItem","position":2,"name":"Solar-Power leicht gemacht: Welches System passt zu Ihrem Balkon?"}]},{"@type":"WebSite","@id":"https:\/\/www.leeb-balkone.com\/de\/#website","url":"https:\/\/www.leeb-balkone.com\/de\/","name":"Leeb Balkone","description":"Balkone und Z\u00e4une","publisher":{"@id":"https:\/\/www.leeb-balkone.com\/de\/#organization"},"potentialAction":[{"@type":"SearchAction","target":{"@type":"EntryPoint","urlTemplate":"https:\/\/www.leeb-balkone.com\/de\/?s={search_term_string}"},"query-input":{"@type":"PropertyValueSpecification","valueRequired":true,"valueName":"search_term_string"}}],"inLanguage":"de"},{"@type":"Organization","@id":"https:\/\/www.leeb-balkone.com\/de\/#organization","name":"Leeb Balkone Gmbh","url":"https:\/\/www.leeb-balkone.com\/de\/","logo":{"@type":"ImageObject","inLanguage":"de","@id":"https:\/\/www.leeb-balkone.com\/de\/#\/schema\/logo\/image\/","url":"https:\/\/www.leeb-balkone.com\/app\/uploads\/2020\/11\/leeb-logo.svg","contentUrl":"https:\/\/www.leeb-balkone.com\/app\/uploads\/2020\/11\/leeb-logo.svg","width":741,"height":204,"caption":"Leeb Balkone Gmbh"},"image":{"@id":"https:\/\/www.leeb-balkone.com\/de\/#\/schema\/logo\/image\/"},"sameAs":["https:\/\/www.facebook.com\/balkone\/","https:\/\/www.trustedshops.at\/bewertung\/info_X4587CCF5833E31AFE0B11F47D86999F2.html","https:\/\/www.trustedshops.de\/bewertung\/info_X7BA536A7A0BDC86D36C4718E4DCAEEEF.html","https:\/\/www.google.com\/maps\/place\/?q=place_id:ChIJ5-zH19-IcEcR9HonWRTllHI"]},{"@type":"Person","@id":"https:\/\/www.leeb-balkone.com\/de\/#\/schema\/person\/dc2e2c82db329667ee507698e220238f","name":"Herbert Weichart"}]}},"_links":{"self":[{"href":"https:\/\/www.leeb-balkone.com\/de\/wp-json\/wp\/v2\/posts\/139246","targetHints":{"allow":["GET"]}}],"collection":[{"href":"https:\/\/www.leeb-balkone.com\/de\/wp-json\/wp\/v2\/posts"}],"about":[{"href":"https:\/\/www.leeb-balkone.com\/de\/wp-json\/wp\/v2\/types\/post"}],"author":[{"embeddable":true,"href":"https:\/\/www.leeb-balkone.com\/de\/wp-json\/wp\/v2\/users\/4"}],"replies":[{"embeddable":true,"href":"https:\/\/www.leeb-balkone.com\/de\/wp-json\/wp\/v2\/comments?post=139246"}],"version-history":[{"count":8,"href":"https:\/\/www.leeb-balkone.com\/de\/wp-json\/wp\/v2\/posts\/139246\/revisions"}],"predecessor-version":[{"id":163636,"href":"https:\/\/www.leeb-balkone.com\/de\/wp-json\/wp\/v2\/posts\/139246\/revisions\/163636"}],"wp:featuredmedia":[{"embeddable":true,"href":"https:\/\/www.leeb-balkone.com\/de\/wp-json\/wp\/v2\/media\/133416"}],"wp:attachment":[{"href":"https:\/\/www.leeb-balkone.com\/de\/wp-json\/wp\/v2\/media?parent=139246"}],"wp:term":[{"taxonomy":"category","embeddable":true,"href":"https:\/\/www.leeb-balkone.com\/de\/wp-json\/wp\/v2\/categories?post=139246"},{"taxonomy":"post_tag","embeddable":true,"href":"https:\/\/www.leeb-balkone.com\/de\/wp-json\/wp\/v2\/tags?post=139246"},{"taxonomy":"post_folder","embeddable":true,"href":"https:\/\/www.leeb-balkone.com\/de\/wp-json\/wp\/v2\/post_folder?post=139246"}],"curies":[{"name":"wp","href":"https:\/\/api.w.org\/{rel}","templated":true}]}}