{"id":137819,"date":"2024-04-25T10:35:13","date_gmt":"2024-04-25T10:35:13","guid":{"rendered":"https:\/\/www.leeb-balkone.com\/de\/blog\/"},"modified":"2026-01-28T15:54:05","modified_gmt":"2026-01-28T15:54:05","slug":"eroeffnung-showroom-in-bogen","status":"publish","type":"post","link":"https:\/\/www.leeb-balkone.com\/de\/blog\/eroeffnung-showroom-in-bogen\/","title":{"rendered":"Er\u00f6ffnung Showroom in Bogen"},"content":{"rendered":"<header class=\"wp-block-group alignfull t3-header u-max-wide t3-header-text has-white-background-color has-background has-global-padding is-layout-constrained wp-block-group-is-layout-constrained\">\n    <div class=\"wp-block-group o-grid u-md-1 u-sm-1 is-layout-flow wp-block-group-is-layout-flow\">\n  <div class=\"wp-block-group u-g-10 u-g-s-2\">\n      <div class=\"yoast-breadcrumbs\"><span><span><a href=\"https:\/\/www.leeb-balkone.com\/de\/\">Home<\/a><\/span><\/span><\/div>\n      \n    <h1>Er\u00f6ffnung Showroom in Bogen<\/h1>\n  <\/div>\n<\/div>\n  <\/header>\n\n\n\n\n\n\n\n<section class=\"wp-block-cgb-t3-section-block alignfull b-pt-small  is-style-bg-white\" style=\"display:inherit;min-height:inherit\">\n<div class=\"wp-block-cgb-t3-container-block none\" style=\"background-color:none\"><div class=\"grid-container\"><div class=\"grid-x\"><div class=\"cell small-12 medium-9 large-0 medium-offset-1 b-has-lsmb\">\n<p><span class=\"teaser\">Sie sind Neukunde oder bereits stolzer Besitzer eines Leeb-Produktes und m\u00f6chten Ihr Eigenheim weiter aufwerten? Dann laden wir Sie herzlich ein in unseren neuen Schauraum in Bogen in der N\u00e4he von Straubing in Bayern. Gr\u00f6\u00dfer, sch\u00f6ner, vielf\u00e4ltiger, erlebnisreicher! <\/span><\/p>\n\n\n\n<p><br><strong>Ort:<\/strong>   Straubinger Stra\u00dfe 13, 94327 Bogen<br><strong>Kontakt und Anfahrt:<\/strong> <a href=\"https:\/\/www.google.com\/maps\/place\/\/data=!4m2!3m1!1s0x477569295f167121:0x3b6c9d683c68283e?sa=X&amp;ved=1t:8290&amp;hl=de&amp;gl=at&amp;ictx=111\">Leeb Balkone Bogen<\/a><\/p>\n<\/div><\/div><\/div><\/div>\n\n\n\n<div class=\"wp-block-cgb-t3-container-block none\" style=\"background-color:none\"><div class=\"grid-container\"><div class=\"grid-x\"><div class=\"cell small-12 medium-0 large-0\"><div class=\"b-carousel  band slider\" data-block_acf-block-697a311930697>\n  <div class=\"slides\">\n          <div>\n\n\n\n  \n    \n          \n\n              \n        \n\n        <img loading=\"lazy\" decoding=\"async\" width=\"1024\" height=\"686\" src=\"https:\/\/www.leeb-balkone.com\/app\/uploads\/2024\/04\/SCHAURAUM-BOGEN-Stadler-04-1024x686.jpg\" class=\"no-lazy\" alt=\"SCHAURAUM BOGEN Stadler 04\" srcset=\"https:\/\/www.leeb-balkone.com\/app\/uploads\/2024\/04\/SCHAURAUM-BOGEN-Stadler-04-1024x686.jpg 1024w, https:\/\/www.leeb-balkone.com\/app\/uploads\/2024\/04\/SCHAURAUM-BOGEN-Stadler-04-300x201.jpg 300w, https:\/\/www.leeb-balkone.com\/app\/uploads\/2024\/04\/SCHAURAUM-BOGEN-Stadler-04-768x515.jpg 768w, https:\/\/www.leeb-balkone.com\/app\/uploads\/2024\/04\/SCHAURAUM-BOGEN-Stadler-04-1536x1030.jpg 1536w, https:\/\/www.leeb-balkone.com\/app\/uploads\/2024\/04\/SCHAURAUM-BOGEN-Stadler-04-2048x1373.jpg 2048w\" sizes=\"auto, (min-width: 1200px) 1024px, (min-width: 1024px) 768px, (min-width: 640px) 768px, 768px\" \/>        \n            \n          \n  <\/div>\n\n          <div>\n\n\n\n  \n    \n          \n\n              \n        \n\n        <img loading=\"lazy\" decoding=\"async\" width=\"1024\" height=\"858\" src=\"https:\/\/www.leeb-balkone.com\/app\/uploads\/2024\/04\/SCHAURAUM-BOGEN-Stadler-01-1024x858.jpg\" class=\"no-lazy\" alt=\"SCHAURAUM BOGEN Stadler 01\" srcset=\"https:\/\/www.leeb-balkone.com\/app\/uploads\/2024\/04\/SCHAURAUM-BOGEN-Stadler-01-1024x858.jpg 1024w, https:\/\/www.leeb-balkone.com\/app\/uploads\/2024\/04\/SCHAURAUM-BOGEN-Stadler-01-300x251.jpg 300w, https:\/\/www.leeb-balkone.com\/app\/uploads\/2024\/04\/SCHAURAUM-BOGEN-Stadler-01-768x643.jpg 768w, https:\/\/www.leeb-balkone.com\/app\/uploads\/2024\/04\/SCHAURAUM-BOGEN-Stadler-01-1536x1286.jpg 1536w, https:\/\/www.leeb-balkone.com\/app\/uploads\/2024\/04\/SCHAURAUM-BOGEN-Stadler-01-2048x1715.jpg 2048w\" sizes=\"auto, (min-width: 1200px) 1024px, (min-width: 1024px) 768px, (min-width: 640px) 768px, 768px\" \/>        \n            \n          \n  <\/div>\n\n          <div>\n\n\n\n  \n    \n          \n\n              \n        \n\n        <img loading=\"lazy\" decoding=\"async\" width=\"1024\" height=\"831\" src=\"https:\/\/www.leeb-balkone.com\/app\/uploads\/2024\/04\/SCHAURAUM-BOGEN-Stadler-02-1024x831.jpg\" class=\"no-lazy\" alt=\"SCHAURAUM BOGEN Stadler 02\" srcset=\"https:\/\/www.leeb-balkone.com\/app\/uploads\/2024\/04\/SCHAURAUM-BOGEN-Stadler-02-1024x831.jpg 1024w, https:\/\/www.leeb-balkone.com\/app\/uploads\/2024\/04\/SCHAURAUM-BOGEN-Stadler-02-300x243.jpg 300w, https:\/\/www.leeb-balkone.com\/app\/uploads\/2024\/04\/SCHAURAUM-BOGEN-Stadler-02-768x623.jpg 768w, https:\/\/www.leeb-balkone.com\/app\/uploads\/2024\/04\/SCHAURAUM-BOGEN-Stadler-02-1536x1246.jpg 1536w, https:\/\/www.leeb-balkone.com\/app\/uploads\/2024\/04\/SCHAURAUM-BOGEN-Stadler-02-2048x1661.jpg 2048w\" sizes=\"auto, (min-width: 1200px) 1024px, (min-width: 1024px) 768px, (min-width: 640px) 768px, 768px\" \/>        \n            \n          \n  <\/div>\n\n          <div>\n\n\n\n  \n    \n          \n\n              \n        \n\n        <img loading=\"lazy\" decoding=\"async\" width=\"1024\" height=\"768\" src=\"https:\/\/www.leeb-balkone.com\/app\/uploads\/2024\/04\/SCHAURAUM-BOGEN-Stadler-03-1024x768.jpg\" class=\"no-lazy\" alt=\"SCHAURAUM BOGEN Stadler 03\" srcset=\"https:\/\/www.leeb-balkone.com\/app\/uploads\/2024\/04\/SCHAURAUM-BOGEN-Stadler-03-1024x768.jpg 1024w, https:\/\/www.leeb-balkone.com\/app\/uploads\/2024\/04\/SCHAURAUM-BOGEN-Stadler-03-300x225.jpg 300w, https:\/\/www.leeb-balkone.com\/app\/uploads\/2024\/04\/SCHAURAUM-BOGEN-Stadler-03-768x576.jpg 768w, https:\/\/www.leeb-balkone.com\/app\/uploads\/2024\/04\/SCHAURAUM-BOGEN-Stadler-03-1536x1152.jpg 1536w, https:\/\/www.leeb-balkone.com\/app\/uploads\/2024\/04\/SCHAURAUM-BOGEN-Stadler-03-2048x1536.jpg 2048w\" sizes=\"auto, (min-width: 1200px) 1024px, (min-width: 1024px) 768px, (min-width: 640px) 768px, 768px\" \/>        \n            \n          \n  <\/div>\n\n      <\/div>\n\n<\/div>\n<\/div><\/div><\/div><\/div>\n\n\n\n<div class=\"wp-block-cgb-t3-container-block none\" style=\"background-color:none\"><div class=\"grid-container\"><div class=\"grid-x\"><div class=\"cell small-12 medium-9 large-0 medium-offset-1 b-has-pt b-has-lsmb\">\n<h2 class=\"wp-block-heading\">Herzlich Willkommen in Bogen bei Straubing!<\/h2>\n\n\n\n<p>Besuchen Sie uns in unserer ganz neu gestalteten Ausstellung in Bayern und finden Sie Ihren Traum aus Aluminium und Glas f\u00fcr Ihr Zuhause. Kostenlose Top-Beratung und 3D-Planung inklusive! Kommen, sehen und f\u00fchlen Sie das un\u00fcbertroffene Sortiment in High-End-Qualit\u00e4t: <a href=\"https:\/\/www.leeb-balkone.com\/de\/balkongelaender\/\">Balkongel\u00e4nder<\/a>, <a href=\"https:\/\/www.leeb-balkone.com\/de\/anbaubalkone\/\">Anbaubalkone<\/a>, <a href=\"https:\/\/www.leeb-balkone.com\/de\/zaeune\/\">Z\u00e4une<\/a>, <a href=\"https:\/\/www.leeb-balkone.com\/de\/ueberdachungen\/\">\u00dcberdachungen<\/a> und vieles mehr erwartet Sie im neuen Schauraum in Bogen.<\/p>\n\n\n\n<h3 class=\"wp-block-heading\">Kostenlose Beratung und 3D-Planung f\u00fcr Ihr Zuhause<\/h3>\n\n\n\n<p>Als besonderen Service bieten wir Ihnen bei Ihrem Besuch die M\u00f6glichkeit, mit unserem 3D-Konfigurator Ihr Haus virtuell mit einem Leeb-Wunschbalkon auszustatten. Dazu ben\u00f6tigen wir lediglich ein oder mehrere digitale Fotos und die ungef\u00e4hren Ma\u00dfe des Bestandes.<\/p>\n\n\n\n<p>Wir freuen uns auf Ihren Besuch und k\u00f6nnen es kaum erwarten, Ihre individuellen W\u00fcnsche in die Realit\u00e4t umzusetzen!<\/p>\n\n\n\n<p>Ihr Leeb-Team Straubing-Bogen!<br><\/p>\n<\/div><\/div><\/div><\/div>\n<\/section>\n","protected":false},"excerpt":{"rendered":"<p>Leeb Balkone hei\u00dft herzlich im neuen Schauraum in Bogen bei Straubing in Bayern willkommen.<\/p>\n","protected":false},"author":12,"featured_media":137833,"comment_status":"closed","ping_status":"open","sticky":false,"template":"template-onepager.blade.php","format":"standard","meta":{"_acf_changed":false,"footnotes":""},"categories":[51,50],"tags":[],"post_folder":[],"class_list":["post-137819","post","type-post","status-publish","format-standard","has-post-thumbnail","hentry","category-aktuelles-zu-leeb-balkone","category-balkonbau-mit-leeb"],"acf":[],"yoast_head":"<!-- This site is optimized with the Yoast SEO plugin v27.2 - https:\/\/yoast.com\/product\/yoast-seo-wordpress\/ -->\n<title>Er\u00f6ffnung Showroom in Bogen - Leeb Balkone Deutschland<\/title>\n<meta name=\"description\" content=\"Leeb Balkone hei\u00dft herzlich im neuen Schauraum in Bogen bei Straubing in Bayern willkommen.\" \/>\n<meta name=\"robots\" content=\"index, follow, max-snippet:-1, max-image-preview:large, max-video-preview:-1\" \/>\n<meta property=\"og:locale\" content=\"de_DE\" \/>\n<meta property=\"og:type\" content=\"article\" \/>\n<meta property=\"og:title\" content=\"Natur-Pool\" \/>\n<meta property=\"og:description\" content=\"Im eigenen Garten plantschen und das auf nat\u00fcrlichen und umweltfreundlichen Materialien, die sich harmonisch in Ihren Garten einf\u00fcgen.\" \/>\n<meta property=\"og:url\" content=\"https:\/\/www.leeb-balkone.com\/de\/blog\/eroeffnung-showroom-in-bogen\/\" \/>\n<meta property=\"og:site_name\" content=\"Leeb Balkone\" \/>\n<meta property=\"article:publisher\" content=\"https:\/\/www.facebook.com\/balkone\/\" \/>\n<meta property=\"article:published_time\" content=\"2024-04-25T10:35:13+00:00\" \/>\n<meta property=\"article:modified_time\" content=\"2026-01-28T15:54:05+00:00\" \/>\n<meta property=\"og:image\" content=\"https:\/\/www.leeb-balkone.com\/app\/uploads\/2021\/08\/natur-pool-blog-naturepool-scaled.jpg\" \/>\n\t<meta property=\"og:image:width\" content=\"2048\" \/>\n\t<meta property=\"og:image:height\" content=\"1362\" \/>\n\t<meta property=\"og:image:type\" content=\"image\/jpeg\" \/>\n<meta name=\"author\" content=\"Jovana Mudrinic\" \/>\n<meta name=\"twitter:card\" content=\"summary_large_image\" \/>\n<script type=\"application\/ld+json\" class=\"yoast-schema-graph\">{\"@context\":\"https:\/\/schema.org\",\"@graph\":[{\"@type\":\"Article\",\"@id\":\"https:\/\/www.leeb-balkone.com\/de\/blog\/eroeffnung-showroom-in-bogen\/#article\",\"isPartOf\":{\"@id\":\"https:\/\/www.leeb-balkone.com\/de\/blog\/eroeffnung-showroom-in-bogen\/\"},\"author\":{\"name\":\"Jovana Mudrinic\",\"@id\":\"https:\/\/www.leeb-balkone.com\/de\/#\/schema\/person\/e972a8221931fed0a3182bb928bc2b28\"},\"headline\":\"Er\u00f6ffnung Showroom in Bogen\",\"datePublished\":\"2024-04-25T10:35:13+00:00\",\"dateModified\":\"2026-01-28T15:54:05+00:00\",\"mainEntityOfPage\":{\"@id\":\"https:\/\/www.leeb-balkone.com\/de\/blog\/eroeffnung-showroom-in-bogen\/\"},\"wordCount\":195,\"publisher\":{\"@id\":\"https:\/\/www.leeb-balkone.com\/de\/#organization\"},\"image\":{\"@id\":\"https:\/\/www.leeb-balkone.com\/de\/blog\/eroeffnung-showroom-in-bogen\/#primaryimage\"},\"thumbnailUrl\":\"https:\/\/www.leeb-balkone.com\/app\/uploads\/2024\/04\/SCHAURAUM-BOGEN-Stadler-03-scaled.jpg\",\"articleSection\":[\"Aktuelles zu Leeb Balkone\",\"Balkonbau mit Leeb\"],\"inLanguage\":\"de\"},{\"@type\":\"WebPage\",\"@id\":\"https:\/\/www.leeb-balkone.com\/de\/blog\/eroeffnung-showroom-in-bogen\/\",\"url\":\"https:\/\/www.leeb-balkone.com\/de\/blog\/eroeffnung-showroom-in-bogen\/\",\"name\":\"Er\u00f6ffnung Showroom in Bogen - Leeb Balkone\",\"isPartOf\":{\"@id\":\"https:\/\/www.leeb-balkone.com\/de\/#website\"},\"primaryImageOfPage\":{\"@id\":\"https:\/\/www.leeb-balkone.com\/de\/blog\/eroeffnung-showroom-in-bogen\/#primaryimage\"},\"image\":{\"@id\":\"https:\/\/www.leeb-balkone.com\/de\/blog\/eroeffnung-showroom-in-bogen\/#primaryimage\"},\"thumbnailUrl\":\"https:\/\/www.leeb-balkone.com\/app\/uploads\/2024\/04\/SCHAURAUM-BOGEN-Stadler-03-scaled.jpg\",\"datePublished\":\"2024-04-25T10:35:13+00:00\",\"dateModified\":\"2026-01-28T15:54:05+00:00\",\"description\":\"Leeb Balkone hei\u00dft herzlich im neuen Schauraum in Bogen bei Straubing in Bayern willkommen.\",\"breadcrumb\":{\"@id\":\"https:\/\/www.leeb-balkone.com\/de\/blog\/eroeffnung-showroom-in-bogen\/#breadcrumb\"},\"inLanguage\":\"de\",\"potentialAction\":[{\"@type\":\"ReadAction\",\"target\":[\"https:\/\/www.leeb-balkone.com\/de\/blog\/eroeffnung-showroom-in-bogen\/\"]}]},{\"@type\":\"ImageObject\",\"inLanguage\":\"de\",\"@id\":\"https:\/\/www.leeb-balkone.com\/de\/blog\/eroeffnung-showroom-in-bogen\/#primaryimage\",\"url\":\"https:\/\/www.leeb-balkone.com\/app\/uploads\/2024\/04\/SCHAURAUM-BOGEN-Stadler-03-scaled.jpg\",\"contentUrl\":\"https:\/\/www.leeb-balkone.com\/app\/uploads\/2024\/04\/SCHAURAUM-BOGEN-Stadler-03-scaled.jpg\",\"width\":2560,\"height\":1920},{\"@type\":\"BreadcrumbList\",\"@id\":\"https:\/\/www.leeb-balkone.com\/de\/blog\/eroeffnung-showroom-in-bogen\/#breadcrumb\",\"itemListElement\":[{\"@type\":\"ListItem\",\"position\":1,\"name\":\"Home\",\"item\":\"https:\/\/www.leeb-balkone.com\/de\/\"},{\"@type\":\"ListItem\",\"position\":2,\"name\":\"Er\u00f6ffnung Showroom in Bogen\"}]},{\"@type\":\"WebSite\",\"@id\":\"https:\/\/www.leeb-balkone.com\/de\/#website\",\"url\":\"https:\/\/www.leeb-balkone.com\/de\/\",\"name\":\"Leeb Balkone\",\"description\":\"Balkone und Z\u00e4une\",\"publisher\":{\"@id\":\"https:\/\/www.leeb-balkone.com\/de\/#organization\"},\"potentialAction\":[{\"@type\":\"SearchAction\",\"target\":{\"@type\":\"EntryPoint\",\"urlTemplate\":\"https:\/\/www.leeb-balkone.com\/de\/?s={search_term_string}\"},\"query-input\":{\"@type\":\"PropertyValueSpecification\",\"valueRequired\":true,\"valueName\":\"search_term_string\"}}],\"inLanguage\":\"de\"},{\"@type\":\"Organization\",\"@id\":\"https:\/\/www.leeb-balkone.com\/de\/#organization\",\"name\":\"Leeb Balkone Gmbh\",\"url\":\"https:\/\/www.leeb-balkone.com\/de\/\",\"logo\":{\"@type\":\"ImageObject\",\"inLanguage\":\"de\",\"@id\":\"https:\/\/www.leeb-balkone.com\/de\/#\/schema\/logo\/image\/\",\"url\":\"https:\/\/www.leeb-balkone.com\/app\/uploads\/2020\/11\/leeb-logo.svg\",\"contentUrl\":\"https:\/\/www.leeb-balkone.com\/app\/uploads\/2020\/11\/leeb-logo.svg\",\"width\":741,\"height\":204,\"caption\":\"Leeb Balkone Gmbh\"},\"image\":{\"@id\":\"https:\/\/www.leeb-balkone.com\/de\/#\/schema\/logo\/image\/\"},\"sameAs\":[\"https:\/\/www.facebook.com\/balkone\/\",\"https:\/\/www.trustedshops.at\/bewertung\/info_X4587CCF5833E31AFE0B11F47D86999F2.html\",\"https:\/\/www.trustedshops.de\/bewertung\/info_X7BA536A7A0BDC86D36C4718E4DCAEEEF.html\",\"https:\/\/www.google.com\/maps\/place\/?q=place_id:ChIJ5-zH19-IcEcR9HonWRTllHI\"]},{\"@type\":\"Person\",\"@id\":\"https:\/\/www.leeb-balkone.com\/de\/#\/schema\/person\/e972a8221931fed0a3182bb928bc2b28\",\"name\":\"Jovana Mudrinic\"}]}<\/script>\n<!-- \/ Yoast SEO plugin. -->","yoast_head_json":{"title":"Er\u00f6ffnung Showroom in Bogen - Leeb Balkone Deutschland","description":"Leeb Balkone hei\u00dft herzlich im neuen Schauraum in Bogen bei Straubing in Bayern willkommen.","robots":{"index":"index","follow":"follow","max-snippet":"max-snippet:-1","max-image-preview":"max-image-preview:large","max-video-preview":"max-video-preview:-1"},"og_locale":"de_DE","og_type":"article","og_title":"Natur-Pool","og_description":"Im eigenen Garten plantschen und das auf nat\u00fcrlichen und umweltfreundlichen Materialien, die sich harmonisch in Ihren Garten einf\u00fcgen.","og_url":"https:\/\/www.leeb-balkone.com\/de\/blog\/eroeffnung-showroom-in-bogen\/","og_site_name":"Leeb Balkone","article_publisher":"https:\/\/www.facebook.com\/balkone\/","article_published_time":"2024-04-25T10:35:13+00:00","article_modified_time":"2026-01-28T15:54:05+00:00","og_image":[{"width":2048,"height":1362,"url":"https:\/\/www.leeb-balkone.com\/app\/uploads\/2021\/08\/natur-pool-blog-naturepool-scaled.jpg","type":"image\/jpeg"}],"author":"Jovana Mudrinic","twitter_card":"summary_large_image","schema":{"@context":"https:\/\/schema.org","@graph":[{"@type":"Article","@id":"https:\/\/www.leeb-balkone.com\/de\/blog\/eroeffnung-showroom-in-bogen\/#article","isPartOf":{"@id":"https:\/\/www.leeb-balkone.com\/de\/blog\/eroeffnung-showroom-in-bogen\/"},"author":{"name":"Jovana Mudrinic","@id":"https:\/\/www.leeb-balkone.com\/de\/#\/schema\/person\/e972a8221931fed0a3182bb928bc2b28"},"headline":"Er\u00f6ffnung Showroom in Bogen","datePublished":"2024-04-25T10:35:13+00:00","dateModified":"2026-01-28T15:54:05+00:00","mainEntityOfPage":{"@id":"https:\/\/www.leeb-balkone.com\/de\/blog\/eroeffnung-showroom-in-bogen\/"},"wordCount":195,"publisher":{"@id":"https:\/\/www.leeb-balkone.com\/de\/#organization"},"image":{"@id":"https:\/\/www.leeb-balkone.com\/de\/blog\/eroeffnung-showroom-in-bogen\/#primaryimage"},"thumbnailUrl":"https:\/\/www.leeb-balkone.com\/app\/uploads\/2024\/04\/SCHAURAUM-BOGEN-Stadler-03-scaled.jpg","articleSection":["Aktuelles zu Leeb Balkone","Balkonbau mit Leeb"],"inLanguage":"de"},{"@type":"WebPage","@id":"https:\/\/www.leeb-balkone.com\/de\/blog\/eroeffnung-showroom-in-bogen\/","url":"https:\/\/www.leeb-balkone.com\/de\/blog\/eroeffnung-showroom-in-bogen\/","name":"Er\u00f6ffnung Showroom in Bogen - Leeb Balkone","isPartOf":{"@id":"https:\/\/www.leeb-balkone.com\/de\/#website"},"primaryImageOfPage":{"@id":"https:\/\/www.leeb-balkone.com\/de\/blog\/eroeffnung-showroom-in-bogen\/#primaryimage"},"image":{"@id":"https:\/\/www.leeb-balkone.com\/de\/blog\/eroeffnung-showroom-in-bogen\/#primaryimage"},"thumbnailUrl":"https:\/\/www.leeb-balkone.com\/app\/uploads\/2024\/04\/SCHAURAUM-BOGEN-Stadler-03-scaled.jpg","datePublished":"2024-04-25T10:35:13+00:00","dateModified":"2026-01-28T15:54:05+00:00","description":"Leeb Balkone hei\u00dft herzlich im neuen Schauraum in Bogen bei Straubing in Bayern willkommen.","breadcrumb":{"@id":"https:\/\/www.leeb-balkone.com\/de\/blog\/eroeffnung-showroom-in-bogen\/#breadcrumb"},"inLanguage":"de","potentialAction":[{"@type":"ReadAction","target":["https:\/\/www.leeb-balkone.com\/de\/blog\/eroeffnung-showroom-in-bogen\/"]}]},{"@type":"ImageObject","inLanguage":"de","@id":"https:\/\/www.leeb-balkone.com\/de\/blog\/eroeffnung-showroom-in-bogen\/#primaryimage","url":"https:\/\/www.leeb-balkone.com\/app\/uploads\/2024\/04\/SCHAURAUM-BOGEN-Stadler-03-scaled.jpg","contentUrl":"https:\/\/www.leeb-balkone.com\/app\/uploads\/2024\/04\/SCHAURAUM-BOGEN-Stadler-03-scaled.jpg","width":2560,"height":1920},{"@type":"BreadcrumbList","@id":"https:\/\/www.leeb-balkone.com\/de\/blog\/eroeffnung-showroom-in-bogen\/#breadcrumb","itemListElement":[{"@type":"ListItem","position":1,"name":"Home","item":"https:\/\/www.leeb-balkone.com\/de\/"},{"@type":"ListItem","position":2,"name":"Er\u00f6ffnung Showroom in Bogen"}]},{"@type":"WebSite","@id":"https:\/\/www.leeb-balkone.com\/de\/#website","url":"https:\/\/www.leeb-balkone.com\/de\/","name":"Leeb Balkone","description":"Balkone und Z\u00e4une","publisher":{"@id":"https:\/\/www.leeb-balkone.com\/de\/#organization"},"potentialAction":[{"@type":"SearchAction","target":{"@type":"EntryPoint","urlTemplate":"https:\/\/www.leeb-balkone.com\/de\/?s={search_term_string}"},"query-input":{"@type":"PropertyValueSpecification","valueRequired":true,"valueName":"search_term_string"}}],"inLanguage":"de"},{"@type":"Organization","@id":"https:\/\/www.leeb-balkone.com\/de\/#organization","name":"Leeb Balkone Gmbh","url":"https:\/\/www.leeb-balkone.com\/de\/","logo":{"@type":"ImageObject","inLanguage":"de","@id":"https:\/\/www.leeb-balkone.com\/de\/#\/schema\/logo\/image\/","url":"https:\/\/www.leeb-balkone.com\/app\/uploads\/2020\/11\/leeb-logo.svg","contentUrl":"https:\/\/www.leeb-balkone.com\/app\/uploads\/2020\/11\/leeb-logo.svg","width":741,"height":204,"caption":"Leeb Balkone Gmbh"},"image":{"@id":"https:\/\/www.leeb-balkone.com\/de\/#\/schema\/logo\/image\/"},"sameAs":["https:\/\/www.facebook.com\/balkone\/","https:\/\/www.trustedshops.at\/bewertung\/info_X4587CCF5833E31AFE0B11F47D86999F2.html","https:\/\/www.trustedshops.de\/bewertung\/info_X7BA536A7A0BDC86D36C4718E4DCAEEEF.html","https:\/\/www.google.com\/maps\/place\/?q=place_id:ChIJ5-zH19-IcEcR9HonWRTllHI"]},{"@type":"Person","@id":"https:\/\/www.leeb-balkone.com\/de\/#\/schema\/person\/e972a8221931fed0a3182bb928bc2b28","name":"Jovana Mudrinic"}]}},"_links":{"self":[{"href":"https:\/\/www.leeb-balkone.com\/de\/wp-json\/wp\/v2\/posts\/137819","targetHints":{"allow":["GET"]}}],"collection":[{"href":"https:\/\/www.leeb-balkone.com\/de\/wp-json\/wp\/v2\/posts"}],"about":[{"href":"https:\/\/www.leeb-balkone.com\/de\/wp-json\/wp\/v2\/types\/post"}],"author":[{"embeddable":true,"href":"https:\/\/www.leeb-balkone.com\/de\/wp-json\/wp\/v2\/users\/12"}],"replies":[{"embeddable":true,"href":"https:\/\/www.leeb-balkone.com\/de\/wp-json\/wp\/v2\/comments?post=137819"}],"version-history":[{"count":4,"href":"https:\/\/www.leeb-balkone.com\/de\/wp-json\/wp\/v2\/posts\/137819\/revisions"}],"predecessor-version":[{"id":163609,"href":"https:\/\/www.leeb-balkone.com\/de\/wp-json\/wp\/v2\/posts\/137819\/revisions\/163609"}],"wp:featuredmedia":[{"embeddable":true,"href":"https:\/\/www.leeb-balkone.com\/de\/wp-json\/wp\/v2\/media\/137833"}],"wp:attachment":[{"href":"https:\/\/www.leeb-balkone.com\/de\/wp-json\/wp\/v2\/media?parent=137819"}],"wp:term":[{"taxonomy":"category","embeddable":true,"href":"https:\/\/www.leeb-balkone.com\/de\/wp-json\/wp\/v2\/categories?post=137819"},{"taxonomy":"post_tag","embeddable":true,"href":"https:\/\/www.leeb-balkone.com\/de\/wp-json\/wp\/v2\/tags?post=137819"},{"taxonomy":"post_folder","embeddable":true,"href":"https:\/\/www.leeb-balkone.com\/de\/wp-json\/wp\/v2\/post_folder?post=137819"}],"curies":[{"name":"wp","href":"https:\/\/api.w.org\/{rel}","templated":true}]}}