{"id":136906,"date":"2024-03-26T16:19:16","date_gmt":"2024-03-26T16:19:16","guid":{"rendered":"https:\/\/www.leeb-balkone.com\/de\/blog\/"},"modified":"2025-09-18T14:17:20","modified_gmt":"2025-09-18T14:17:20","slug":"mehr-lebensqualitaet-durch-nachtraeglichen-balkonanbau","status":"publish","type":"post","link":"https:\/\/www.leeb-balkone.com\/de\/blog\/mehr-lebensqualitaet-durch-nachtraeglichen-balkonanbau\/","title":{"rendered":"Mehr Lebensqualit\u00e4t durch nachtr\u00e4glichen Balkonanbau"},"content":{"rendered":"<header class=\"wp-block-group alignfull t3-header u-max-wide t3-header-text has-white-background-color has-background has-global-padding is-layout-constrained wp-block-group-is-layout-constrained\">\n    <div class=\"wp-block-group o-grid u-md-1 u-sm-1 is-layout-flow wp-block-group-is-layout-flow\">\n  <div class=\"wp-block-group u-g-10 u-g-s-2\">\n      <div class=\"yoast-breadcrumbs\"><span><span><a href=\"https:\/\/www.leeb-balkone.com\/de\/\">Home<\/a><\/span><\/span><\/div>\n      \n    <h1>Mehr Lebensqualit\u00e4t durch nachtr\u00e4glichen Balkonanbau<\/h1>\n  <\/div>\n<\/div>\n  <\/header>\n\n\n\n\n\n\n\n<section class=\"wp-block-cgb-t3-section-block alignfull b-pt-small  is-style-bg-white\" style=\"display:inherit;min-height:inherit\">\n<div class=\"wp-block-cgb-t3-container-block none\" style=\"background-color:none\"><div class=\"grid-container\"><div class=\"grid-x\"><div class=\"cell small-12 medium-9 large-0 medium-offset-1 b-has-lsmb\">\n<p><span class=\"teaser\">Fr\u00fchst\u00fccken im Freien, den Blick in die Ferne schweifen lassen und die Sonnenstrahlen am Balkon genie\u00dfen. Wer sehnt sich nicht danach? Mit drei ausgekl\u00fcgelten Systemen ist der nachtr\u00e4gliche Balkonanbau mit Leeb bei nahezu bei jedem Haustyp m\u00f6glich. Ob Eigenheim oder oder Wohnungswirtschaft: Anbau- und Vorstellbalkone verbessern die Lebensqualit\u00e4t und steigern der Wert Ihrer Immobilie!<\/span><\/p>\n<\/div><\/div><\/div><\/div>\n\n\n\n<div class=\"wp-block-cgb-t3-container-block none\" style=\"background-color:none\"><div class=\"grid-container\"><div class=\"grid-x\"><div class=\"cell small-12 medium-0 large-0\"><div id=\"lightgallery-block_acf-block-68cab9ef5023c\" data-block_acf-block-68cab9ef5023c class=\"has-1-imgs b-cards b-cards--gallery u-grid-temp has-1-cols u-md-2 u-sm-1 wp-block-group is-layout-grid wp-block-group-is-layout-grid gallery alignwide\">\n\n        <div class=\"b-cards__item\">\n\n        \n      <figure>\n                 <img loading=\"lazy\" decoding=\"async\" width=\"1536\" height=\"1153\" src=\"https:\/\/www.leeb-balkone.com\/app\/uploads\/2022\/06\/Balkon_Sommergarten-1536x1153.jpg\" class=\"attachment-1536x1536 size-1536x1536\" alt=\"Einfamilienhaus bis Wohnbau: Lebensraumerweiterung mit Leeb Anbau- und Vorstellbalkonen!\" srcset=\"https:\/\/www.leeb-balkone.com\/app\/uploads\/2022\/06\/Balkon_Sommergarten-1536x1153.jpg 1536w, https:\/\/www.leeb-balkone.com\/app\/uploads\/2022\/06\/Balkon_Sommergarten-300x225.jpg 300w, https:\/\/www.leeb-balkone.com\/app\/uploads\/2022\/06\/Balkon_Sommergarten-1024x768.jpg 1024w, https:\/\/www.leeb-balkone.com\/app\/uploads\/2022\/06\/Balkon_Sommergarten-768x576.jpg 768w, https:\/\/www.leeb-balkone.com\/app\/uploads\/2022\/06\/Balkon_Sommergarten-scaled.jpg 2048w\" sizes=\"auto, (min-width: 1200px) 100vw, (min-width: 1024px) 1536px, (min-width: 640px) 768px, 768px\" \/>              <\/figure>\n\n                  \n        <div class=\"caption\">\n                          <p>Einfamilienhaus bis Wohnbau: Lebensraumerweiterung mit Leeb Anbau- und Vorstellbalkonen!\n              <\/div>\n  \n<\/div>\n\n    <\/div>\n\n<\/div><\/div><\/div><\/div>\n\n\n\n<div class=\"wp-block-group is-layout-flow wp-block-group-is-layout-flow\">\n<div class=\"wp-block-cgb-t3-container-block none\" style=\"background-color:none\"><div class=\"grid-container\"><div class=\"grid-x\"><div class=\"cell small-12 medium-9 large-0 medium-offset-1\">\n<h2 class=\"wp-block-heading\">Sch\u00f6ner wohnen im Eigenheim<\/h2>\n\n\n\n<p>Ein Balkon erweitert den Wohnraum und bietet zus\u00e4tzlichen Platz zum Entspannen, Sonnenbaden, Lesen oder einfach geselligem Zusammensein. An der frischen Luft k\u00f6nnen Sie den Kopf freibekommen und neue Energie tanken. Alles in allem ist ein Balkonanbau eine Entscheidung f\u00fcr mehr Lebensqualit\u00e4t und steigert nebenbei den Wert Ihres Hauses. Mit dem <a href=\"https:\/\/www.leeb-balkone.com\/de\/service\/planungsservice\/\">Leeb-3D-Konfigurator<\/a> suchen Sie bequem vor Ort Ihr Wunschmodell aus und k\u00f6nnen in einer 3D-Ansicht Ihres Eigenheims unterschiedliche Modelle und Farbkombinationen ausprobieren. Von der Planung bis zur Montage auf der sicheren Seite mit Leeb Anbaubalkonen!<\/p>\n\n\n\n<h2 class=\"wp-block-heading\">Sinn und Wert f\u00fcr die Wohnungswirtschaft<\/h2>\n\n\n\n<p>Balkone erh\u00f6hen den Wohnkomfort und die Attraktivit\u00e4t von Wohnungen, was sich in er Regel positiv auf den Mietpreis und den Verkaufswert auswirkt. Wohnungen mit Balkon sind f\u00fcr viele Mieter interessanter, insbesondere f\u00fcr Familien mit Kindern oder f\u00fcr Paare, und daher im Rahmen der <a href=\"https:\/\/www.leeb-balkone.com\/de\/wohnungswirtschaft\/\">Wohnungswirtschaft<\/a> ein gewichtiger Faktor geworden. Durch die vielf\u00e4ltigen Gestaltungsm\u00f6glichkeiten l\u00e4sst sich jeder nachtr\u00e4gliche angebaute oder vorgestellte Balkon an die individuellen Bed\u00fcrfnisse und den Stil des Geb\u00e4udes anpassen. So steigern Sie nicht nur gezielt die Wohnqualit\u00e4t der Mieter, sondern auch den Wert Ihrer Immobilie selbst. <\/p>\n\n\n\n<h5 class=\"wp-block-heading\">Beispiele f\u00fcr den nachtr\u00e4glichen Balkonanbau von Leeb Balkone:<\/h5>\n<\/div><\/div><\/div><\/div>\n<\/div>\n\n\n\n<div class=\"wp-block-cgb-t3-container-block none\" style=\"background-color:none\"><div class=\"grid-container\"><div class=\"grid-x\"><div class=\"cell small-12 medium-0 large-0\"><div id=\"lightgallery-block_acf-block-68cab9ef5024e\" data-block_acf-block-68cab9ef5024e class=\"has-4-imgs b-cards b-cards--gallery u-grid-temp has-2-cols u-md-2 u-sm-1 wp-block-group is-layout-grid wp-block-group-is-layout-grid gallery alignwide\">\n\n        <div class=\"b-cards__item\">\n\n        <a data-src=\"https:\/\/www.leeb-balkone.com\/app\/uploads\/2020\/07\/anbaubalkon-mit-stuetzen-vital-grauglas-05-1536x1023.jpg\" data-thumb=\"https:\/\/www.leeb-balkone.com\/app\/uploads\/2020\/07\/anbaubalkon-mit-stuetzen-vital-grauglas-05-300x200.jpg\" class=\"hasHover dark\">\n        \n      <figure>\n                 <img loading=\"lazy\" decoding=\"async\" width=\"1024\" height=\"682\" src=\"https:\/\/www.leeb-balkone.com\/app\/uploads\/2020\/07\/anbaubalkon-mit-stuetzen-vital-grauglas-05-1024x682.jpg\" class=\"attachment-large size-large\" alt=\"Gro\u00dfz\u00fcgiger Anbaubalkon mit St\u00fctzen aus der Serie Vital mit Grauglas\" srcset=\"https:\/\/www.leeb-balkone.com\/app\/uploads\/2020\/07\/anbaubalkon-mit-stuetzen-vital-grauglas-05-1024x682.jpg 1024w, https:\/\/www.leeb-balkone.com\/app\/uploads\/2020\/07\/anbaubalkon-mit-stuetzen-vital-grauglas-05-300x200.jpg 300w, https:\/\/www.leeb-balkone.com\/app\/uploads\/2020\/07\/anbaubalkon-mit-stuetzen-vital-grauglas-05-768x512.jpg 768w, https:\/\/www.leeb-balkone.com\/app\/uploads\/2020\/07\/anbaubalkon-mit-stuetzen-vital-grauglas-05-1536x1023.jpg 1536w, https:\/\/www.leeb-balkone.com\/app\/uploads\/2020\/07\/anbaubalkon-mit-stuetzen-vital-grauglas-05-scaled.jpg 2048w\" sizes=\"auto, (min-width: 1200px) 1024px, (min-width: 1024px) 768px, (min-width: 640px) 768px, 768px\" \/>              <\/figure>\n\n                          <\/a>\n      \n        <div class=\"caption\">\n                          <p>Gro\u00dfz\u00fcgiger Anbaubalkon mit St\u00fctzen aus der Serie Vital mit Grauglas\n              <\/div>\n  \n<\/div>\n\n        <div class=\"b-cards__item\">\n\n        <a data-src=\"https:\/\/www.leeb-balkone.com\/app\/uploads\/2020\/07\/edelstahl-balkongelaender-alu-design-lissabon-6-1536x1063.jpg\" data-thumb=\"https:\/\/www.leeb-balkone.com\/app\/uploads\/2020\/07\/edelstahl-balkongelaender-alu-design-lissabon-6-300x208.jpg\" class=\"hasHover dark\">\n        \n      <figure>\n                 <img loading=\"lazy\" decoding=\"async\" width=\"1024\" height=\"708\" src=\"https:\/\/www.leeb-balkone.com\/app\/uploads\/2020\/07\/edelstahl-balkongelaender-alu-design-lissabon-6-1024x708.jpg\" class=\"attachment-large size-large\" alt=\"Balkongel\u00e4nder Alu mit Edelstahl-Streben und Lochblech-Dekor - Alubalkon Alu Design Lissabon\" srcset=\"https:\/\/www.leeb-balkone.com\/app\/uploads\/2020\/07\/edelstahl-balkongelaender-alu-design-lissabon-6-1024x708.jpg 1024w, https:\/\/www.leeb-balkone.com\/app\/uploads\/2020\/07\/edelstahl-balkongelaender-alu-design-lissabon-6-300x208.jpg 300w, https:\/\/www.leeb-balkone.com\/app\/uploads\/2020\/07\/edelstahl-balkongelaender-alu-design-lissabon-6-768x531.jpg 768w, https:\/\/www.leeb-balkone.com\/app\/uploads\/2020\/07\/edelstahl-balkongelaender-alu-design-lissabon-6-1536x1063.jpg 1536w, https:\/\/www.leeb-balkone.com\/app\/uploads\/2020\/07\/edelstahl-balkongelaender-alu-design-lissabon-6-2048x1417.jpg 2048w\" sizes=\"auto, (min-width: 1200px) 1024px, (min-width: 1024px) 768px, (min-width: 640px) 768px, 768px\" \/>              <\/figure>\n\n                          <\/a>\n      \n        <div class=\"caption\">\n                          <p>Anbaubalkon ohne St\u00fctzen aus Aluminium in Holzoptik f\u00fcr Einfamilienhaus\n              <\/div>\n  \n<\/div>\n\n        <div class=\"b-cards__item\">\n\n        <a data-src=\"https:\/\/www.leeb-balkone.com\/app\/uploads\/2021\/09\/kundenreferenz-lachen-braun-alu-glasbalkon-1536x1025.jpg\" data-thumb=\"https:\/\/www.leeb-balkone.com\/app\/uploads\/2021\/09\/kundenreferenz-lachen-braun-alu-glasbalkon-300x200.jpg\" class=\"hasHover dark\">\n        \n      <figure>\n                 <img loading=\"lazy\" decoding=\"async\" width=\"1024\" height=\"684\" src=\"https:\/\/www.leeb-balkone.com\/app\/uploads\/2021\/09\/kundenreferenz-lachen-braun-alu-glasbalkon-1024x684.jpg\" class=\"attachment-large size-large\" alt=\"Von der Geb\u00e4udestatik unabh\u00e4ngiger Vorstellbalkon (ein- oder mehrgeschossig)\" srcset=\"https:\/\/www.leeb-balkone.com\/app\/uploads\/2021\/09\/kundenreferenz-lachen-braun-alu-glasbalkon-1024x684.jpg 1024w, https:\/\/www.leeb-balkone.com\/app\/uploads\/2021\/09\/kundenreferenz-lachen-braun-alu-glasbalkon-300x200.jpg 300w, https:\/\/www.leeb-balkone.com\/app\/uploads\/2021\/09\/kundenreferenz-lachen-braun-alu-glasbalkon-768x513.jpg 768w, https:\/\/www.leeb-balkone.com\/app\/uploads\/2021\/09\/kundenreferenz-lachen-braun-alu-glasbalkon-1536x1025.jpg 1536w, https:\/\/www.leeb-balkone.com\/app\/uploads\/2021\/09\/kundenreferenz-lachen-braun-alu-glasbalkon-scaled.jpg 2048w\" sizes=\"auto, (min-width: 1200px) 1024px, (min-width: 1024px) 768px, (min-width: 640px) 768px, 768px\" \/>              <\/figure>\n\n                          <\/a>\n      \n        <div class=\"caption\">\n                          <p>Von der Geb\u00e4udestatik unabh\u00e4ngiger Vorstellbalkon (ein- oder mehrgeschossig)\n              <\/div>\n  \n<\/div>\n\n        <div class=\"b-cards__item\">\n\n        <a data-src=\"https:\/\/www.leeb-balkone.com\/app\/uploads\/2020\/07\/balkongelaender-wohnungswirtschaft-1-1536x726.jpg\" data-thumb=\"https:\/\/www.leeb-balkone.com\/app\/uploads\/2020\/07\/balkongelaender-wohnungswirtschaft-1-300x142.jpg\" class=\"hasHover dark\">\n        \n      <figure>\n                 <img loading=\"lazy\" decoding=\"async\" width=\"1024\" height=\"484\" src=\"https:\/\/www.leeb-balkone.com\/app\/uploads\/2020\/07\/balkongelaender-wohnungswirtschaft-1-1024x484.jpg\" class=\"attachment-large size-large\" alt=\"Wohnungswirtschaft: Mehrwert schaffen durch nachtr\u00e4glichen Balkonanbau!\" srcset=\"https:\/\/www.leeb-balkone.com\/app\/uploads\/2020\/07\/balkongelaender-wohnungswirtschaft-1-1024x484.jpg 1024w, https:\/\/www.leeb-balkone.com\/app\/uploads\/2020\/07\/balkongelaender-wohnungswirtschaft-1-300x142.jpg 300w, https:\/\/www.leeb-balkone.com\/app\/uploads\/2020\/07\/balkongelaender-wohnungswirtschaft-1-768x363.jpg 768w, https:\/\/www.leeb-balkone.com\/app\/uploads\/2020\/07\/balkongelaender-wohnungswirtschaft-1-1536x726.jpg 1536w, https:\/\/www.leeb-balkone.com\/app\/uploads\/2020\/07\/balkongelaender-wohnungswirtschaft-1-2048x968.jpg 2048w\" sizes=\"auto, (min-width: 1200px) 1024px, (min-width: 1024px) 768px, (min-width: 640px) 768px, 768px\" \/>              <\/figure>\n\n                          <\/a>\n      \n        <div class=\"caption\">\n                          <p>Wohnungswirtschaft: Mehrwert schaffen durch nachtr\u00e4glichen Balkonanbau!\n              <\/div>\n  \n<\/div>\n\n    <\/div>\n\n<\/div><\/div><\/div><\/div>\n\n\n\n<div class=\"wp-block-cgb-t3-container-block none\" style=\"background-color:none\"><div class=\"grid-container\"><div class=\"grid-x\"><div class=\"cell small-12 medium-9 large-0 medium-offset-1 b-has-lsmb\">\n<h2 class=\"wp-block-heading\">Leeb Anbausystem f\u00fcr den freitragenden Balkon<\/h2>\n\n\n\n<p>F\u00fcr Geb\u00e4ude mit einer massiven Betondecke eignet sich f\u00fcr den nachtr\u00e4glichen Balkonanbau eine freitragende Konstruktion. Die durchgehende Isolierung spart Energie und erh\u00f6ht die Wohnbehaglichkeit. Auch die Optik \u00fcberzeugt, da die Verankerung bei diesem innovativen Leeb-System praktisch unsichtbar ist.<\/p>\n\n\n\n<h2 class=\"wp-block-heading\">Leeb Anbausystem mit St\u00fctzen<\/h2>\n\n\n\n<p>Beim Balkonanbau auf St\u00fctzen ist eine Verankerung im Mauerwerk nicht n\u00f6tig. Dabei k\u00f6nnen auch mehrere Balkone miteinander harmonisch verbunden werden. Die St\u00fctzen k\u00f6nnen als Designelement verwendet werden und bieten eine erh\u00f6hte Stabilit\u00e4t. Diese Variante ist ideal f\u00fcr den mehrgeschossigen Balkonanbau.<\/p>\n\n\n\n<h2 class=\"wp-block-heading\">Leeb Vorstellbalkon<\/h2>\n\n\n\n<p>Wenn der Anbau mit St\u00fctzen nicht gew\u00fcnscht oder nicht m\u00f6glich ist, kann man einen Vorstellbalkon als Alternative w\u00e4hlen. Der Balkon wird auf vier St\u00fctzen ohne Verankerung vor das Geb\u00e4ude gestellt. Sollen viele Balkone mit gro\u00dfer Triefe \u00fcbereinanderstehen, ist diese Bauweise statisch die erste Wahl.<\/p>\n\n\n\n<p><a href=\"https:\/\/www.leeb-balkone.com\/de\/anbaubalkone\/\">Anbau- und Vorstellbalkone von Leeb im \u00dcberblick<\/a><\/p>\n<\/div><\/div><\/div><\/div>\n<\/section>\n","protected":false},"excerpt":{"rendered":"<p>Mit den Systemen von Leeb ist der Anbau bei fast jedem Haustyp m\u00f6glich.<\/p>\n","protected":false},"author":4,"featured_media":88561,"comment_status":"closed","ping_status":"open","sticky":false,"template":"template-onepager.blade.php","format":"standard","meta":{"_acf_changed":false,"footnotes":""},"categories":[50,52,53],"tags":[],"post_folder":[],"class_list":["post-136906","post","type-post","status-publish","format-standard","has-post-thumbnail","hentry","category-balkonbau-mit-leeb","category-nachhaltigkeit-oekologie","category-technik-innovation"],"acf":[],"yoast_head":"<!-- This site is optimized with the Yoast SEO plugin v27.2 - https:\/\/yoast.com\/product\/yoast-seo-wordpress\/ -->\n<title>Mehr Lebensqualit\u00e4t durch nachtr\u00e4glichen Balkonanbau - Leeb Balkone Deutschland<\/title>\n<meta name=\"description\" content=\"Energetische Sanierung als Gelegenheit zu Balkonsanierung und Anbaubalkon. Beratungstermin vor Ort \u2013 unverbindlich und kostenlos! Leeb Balkone.\" \/>\n<meta name=\"robots\" content=\"index, follow, max-snippet:-1, max-image-preview:large, max-video-preview:-1\" \/>\n<meta property=\"og:locale\" content=\"de_DE\" \/>\n<meta property=\"og:type\" content=\"article\" \/>\n<meta property=\"og:title\" content=\"Energetische Sanierung als Gelegenheit zu Balkonsanierung\" \/>\n<meta property=\"og:description\" content=\"Energetische Sanierung als Gelegenheit zu Balkonsanierung und Anbaubalkon. Beratungstermin vor Ort \u2013 unverbindlich und kostenlos! Leeb Balkone.\" \/>\n<meta property=\"og:url\" content=\"https:\/\/www.leeb-balkone.com\/de\/blog\/mehr-lebensqualitaet-durch-nachtraeglichen-balkonanbau\/\" \/>\n<meta property=\"og:site_name\" content=\"Leeb Balkone\" \/>\n<meta property=\"article:publisher\" content=\"https:\/\/www.facebook.com\/balkone\/\" \/>\n<meta property=\"article:published_time\" content=\"2024-03-26T16:19:16+00:00\" \/>\n<meta property=\"article:modified_time\" content=\"2025-09-18T14:17:20+00:00\" \/>\n<meta property=\"og:image\" content=\"https:\/\/www.leeb-balkone.com\/app\/uploads\/2020\/07\/anbaubalkon-mit-stuetzen-49-scaled.jpg\" \/>\n\t<meta property=\"og:image:width\" content=\"2560\" \/>\n\t<meta property=\"og:image:height\" content=\"1707\" \/>\n\t<meta property=\"og:image:type\" content=\"image\/jpeg\" \/>\n<meta name=\"author\" content=\"Herbert Weichart\" \/>\n<meta name=\"twitter:card\" content=\"summary_large_image\" \/>\n<script type=\"application\/ld+json\" class=\"yoast-schema-graph\">{\"@context\":\"https:\/\/schema.org\",\"@graph\":[{\"@type\":\"Article\",\"@id\":\"https:\/\/www.leeb-balkone.com\/de\/blog\/mehr-lebensqualitaet-durch-nachtraeglichen-balkonanbau\/#article\",\"isPartOf\":{\"@id\":\"https:\/\/www.leeb-balkone.com\/de\/blog\/mehr-lebensqualitaet-durch-nachtraeglichen-balkonanbau\/\"},\"author\":{\"name\":\"Herbert Weichart\",\"@id\":\"https:\/\/www.leeb-balkone.com\/de\/#\/schema\/person\/dc2e2c82db329667ee507698e220238f\"},\"headline\":\"Mehr Lebensqualit\u00e4t durch nachtr\u00e4glichen Balkonanbau\",\"datePublished\":\"2024-03-26T16:19:16+00:00\",\"dateModified\":\"2025-09-18T14:17:20+00:00\",\"mainEntityOfPage\":{\"@id\":\"https:\/\/www.leeb-balkone.com\/de\/blog\/mehr-lebensqualitaet-durch-nachtraeglichen-balkonanbau\/\"},\"wordCount\":442,\"publisher\":{\"@id\":\"https:\/\/www.leeb-balkone.com\/de\/#organization\"},\"image\":{\"@id\":\"https:\/\/www.leeb-balkone.com\/de\/blog\/mehr-lebensqualitaet-durch-nachtraeglichen-balkonanbau\/#primaryimage\"},\"thumbnailUrl\":\"https:\/\/www.leeb-balkone.com\/app\/uploads\/2022\/06\/Balkon_Sommergarten-scaled.jpg\",\"articleSection\":[\"Balkonbau mit Leeb\",\"Nachhaltigkeit &amp; \u00d6kologie\",\"Technik &amp; Innovation\"],\"inLanguage\":\"de\"},{\"@type\":\"WebPage\",\"@id\":\"https:\/\/www.leeb-balkone.com\/de\/blog\/mehr-lebensqualitaet-durch-nachtraeglichen-balkonanbau\/\",\"url\":\"https:\/\/www.leeb-balkone.com\/de\/blog\/mehr-lebensqualitaet-durch-nachtraeglichen-balkonanbau\/\",\"name\":\"Mehr Lebensqualit\u00e4t durch nachtr\u00e4glichen Balkonanbau - Leeb Balkone\",\"isPartOf\":{\"@id\":\"https:\/\/www.leeb-balkone.com\/de\/#website\"},\"primaryImageOfPage\":{\"@id\":\"https:\/\/www.leeb-balkone.com\/de\/blog\/mehr-lebensqualitaet-durch-nachtraeglichen-balkonanbau\/#primaryimage\"},\"image\":{\"@id\":\"https:\/\/www.leeb-balkone.com\/de\/blog\/mehr-lebensqualitaet-durch-nachtraeglichen-balkonanbau\/#primaryimage\"},\"thumbnailUrl\":\"https:\/\/www.leeb-balkone.com\/app\/uploads\/2022\/06\/Balkon_Sommergarten-scaled.jpg\",\"datePublished\":\"2024-03-26T16:19:16+00:00\",\"dateModified\":\"2025-09-18T14:17:20+00:00\",\"description\":\"Energetische Sanierung als Gelegenheit zu Balkonsanierung und Anbaubalkon. Beratungstermin vor Ort \u2013 unverbindlich und kostenlos! Leeb Balkone.\",\"breadcrumb\":{\"@id\":\"https:\/\/www.leeb-balkone.com\/de\/blog\/mehr-lebensqualitaet-durch-nachtraeglichen-balkonanbau\/#breadcrumb\"},\"inLanguage\":\"de\",\"potentialAction\":[{\"@type\":\"ReadAction\",\"target\":[\"https:\/\/www.leeb-balkone.com\/de\/blog\/mehr-lebensqualitaet-durch-nachtraeglichen-balkonanbau\/\"]}]},{\"@type\":\"ImageObject\",\"inLanguage\":\"de\",\"@id\":\"https:\/\/www.leeb-balkone.com\/de\/blog\/mehr-lebensqualitaet-durch-nachtraeglichen-balkonanbau\/#primaryimage\",\"url\":\"https:\/\/www.leeb-balkone.com\/app\/uploads\/2022\/06\/Balkon_Sommergarten-scaled.jpg\",\"contentUrl\":\"https:\/\/www.leeb-balkone.com\/app\/uploads\/2022\/06\/Balkon_Sommergarten-scaled.jpg\",\"width\":2048,\"height\":1537,\"caption\":\"Einfamilienhaus bis Wohnbau: Lebensraumerweiterung mit Leeb Anbau- und Vorstellbalkonen!\"},{\"@type\":\"BreadcrumbList\",\"@id\":\"https:\/\/www.leeb-balkone.com\/de\/blog\/mehr-lebensqualitaet-durch-nachtraeglichen-balkonanbau\/#breadcrumb\",\"itemListElement\":[{\"@type\":\"ListItem\",\"position\":1,\"name\":\"Home\",\"item\":\"https:\/\/www.leeb-balkone.com\/de\/\"},{\"@type\":\"ListItem\",\"position\":2,\"name\":\"Mehr Lebensqualit\u00e4t durch nachtr\u00e4glichen Balkonanbau\"}]},{\"@type\":\"WebSite\",\"@id\":\"https:\/\/www.leeb-balkone.com\/de\/#website\",\"url\":\"https:\/\/www.leeb-balkone.com\/de\/\",\"name\":\"Leeb Balkone\",\"description\":\"Balkone und Z\u00e4une\",\"publisher\":{\"@id\":\"https:\/\/www.leeb-balkone.com\/de\/#organization\"},\"potentialAction\":[{\"@type\":\"SearchAction\",\"target\":{\"@type\":\"EntryPoint\",\"urlTemplate\":\"https:\/\/www.leeb-balkone.com\/de\/?s={search_term_string}\"},\"query-input\":{\"@type\":\"PropertyValueSpecification\",\"valueRequired\":true,\"valueName\":\"search_term_string\"}}],\"inLanguage\":\"de\"},{\"@type\":\"Organization\",\"@id\":\"https:\/\/www.leeb-balkone.com\/de\/#organization\",\"name\":\"Leeb Balkone Gmbh\",\"url\":\"https:\/\/www.leeb-balkone.com\/de\/\",\"logo\":{\"@type\":\"ImageObject\",\"inLanguage\":\"de\",\"@id\":\"https:\/\/www.leeb-balkone.com\/de\/#\/schema\/logo\/image\/\",\"url\":\"https:\/\/www.leeb-balkone.com\/app\/uploads\/2020\/11\/leeb-logo.svg\",\"contentUrl\":\"https:\/\/www.leeb-balkone.com\/app\/uploads\/2020\/11\/leeb-logo.svg\",\"width\":741,\"height\":204,\"caption\":\"Leeb Balkone Gmbh\"},\"image\":{\"@id\":\"https:\/\/www.leeb-balkone.com\/de\/#\/schema\/logo\/image\/\"},\"sameAs\":[\"https:\/\/www.facebook.com\/balkone\/\",\"https:\/\/www.trustedshops.at\/bewertung\/info_X4587CCF5833E31AFE0B11F47D86999F2.html\",\"https:\/\/www.trustedshops.de\/bewertung\/info_X7BA536A7A0BDC86D36C4718E4DCAEEEF.html\",\"https:\/\/www.google.com\/maps\/place\/?q=place_id:ChIJ5-zH19-IcEcR9HonWRTllHI\"]},{\"@type\":\"Person\",\"@id\":\"https:\/\/www.leeb-balkone.com\/de\/#\/schema\/person\/dc2e2c82db329667ee507698e220238f\",\"name\":\"Herbert Weichart\"}]}<\/script>\n<!-- \/ Yoast SEO plugin. -->","yoast_head_json":{"title":"Mehr Lebensqualit\u00e4t durch nachtr\u00e4glichen Balkonanbau - Leeb Balkone Deutschland","description":"Energetische Sanierung als Gelegenheit zu Balkonsanierung und Anbaubalkon. Beratungstermin vor Ort \u2013 unverbindlich und kostenlos! Leeb Balkone.","robots":{"index":"index","follow":"follow","max-snippet":"max-snippet:-1","max-image-preview":"max-image-preview:large","max-video-preview":"max-video-preview:-1"},"og_locale":"de_DE","og_type":"article","og_title":"Energetische Sanierung als Gelegenheit zu Balkonsanierung","og_description":"Energetische Sanierung als Gelegenheit zu Balkonsanierung und Anbaubalkon. Beratungstermin vor Ort \u2013 unverbindlich und kostenlos! Leeb Balkone.","og_url":"https:\/\/www.leeb-balkone.com\/de\/blog\/mehr-lebensqualitaet-durch-nachtraeglichen-balkonanbau\/","og_site_name":"Leeb Balkone","article_publisher":"https:\/\/www.facebook.com\/balkone\/","article_published_time":"2024-03-26T16:19:16+00:00","article_modified_time":"2025-09-18T14:17:20+00:00","og_image":[{"width":2560,"height":1707,"url":"https:\/\/www.leeb-balkone.com\/app\/uploads\/2020\/07\/anbaubalkon-mit-stuetzen-49-scaled.jpg","type":"image\/jpeg"}],"author":"Herbert Weichart","twitter_card":"summary_large_image","schema":{"@context":"https:\/\/schema.org","@graph":[{"@type":"Article","@id":"https:\/\/www.leeb-balkone.com\/de\/blog\/mehr-lebensqualitaet-durch-nachtraeglichen-balkonanbau\/#article","isPartOf":{"@id":"https:\/\/www.leeb-balkone.com\/de\/blog\/mehr-lebensqualitaet-durch-nachtraeglichen-balkonanbau\/"},"author":{"name":"Herbert Weichart","@id":"https:\/\/www.leeb-balkone.com\/de\/#\/schema\/person\/dc2e2c82db329667ee507698e220238f"},"headline":"Mehr Lebensqualit\u00e4t durch nachtr\u00e4glichen Balkonanbau","datePublished":"2024-03-26T16:19:16+00:00","dateModified":"2025-09-18T14:17:20+00:00","mainEntityOfPage":{"@id":"https:\/\/www.leeb-balkone.com\/de\/blog\/mehr-lebensqualitaet-durch-nachtraeglichen-balkonanbau\/"},"wordCount":442,"publisher":{"@id":"https:\/\/www.leeb-balkone.com\/de\/#organization"},"image":{"@id":"https:\/\/www.leeb-balkone.com\/de\/blog\/mehr-lebensqualitaet-durch-nachtraeglichen-balkonanbau\/#primaryimage"},"thumbnailUrl":"https:\/\/www.leeb-balkone.com\/app\/uploads\/2022\/06\/Balkon_Sommergarten-scaled.jpg","articleSection":["Balkonbau mit Leeb","Nachhaltigkeit &amp; \u00d6kologie","Technik &amp; Innovation"],"inLanguage":"de"},{"@type":"WebPage","@id":"https:\/\/www.leeb-balkone.com\/de\/blog\/mehr-lebensqualitaet-durch-nachtraeglichen-balkonanbau\/","url":"https:\/\/www.leeb-balkone.com\/de\/blog\/mehr-lebensqualitaet-durch-nachtraeglichen-balkonanbau\/","name":"Mehr Lebensqualit\u00e4t durch nachtr\u00e4glichen Balkonanbau - Leeb Balkone","isPartOf":{"@id":"https:\/\/www.leeb-balkone.com\/de\/#website"},"primaryImageOfPage":{"@id":"https:\/\/www.leeb-balkone.com\/de\/blog\/mehr-lebensqualitaet-durch-nachtraeglichen-balkonanbau\/#primaryimage"},"image":{"@id":"https:\/\/www.leeb-balkone.com\/de\/blog\/mehr-lebensqualitaet-durch-nachtraeglichen-balkonanbau\/#primaryimage"},"thumbnailUrl":"https:\/\/www.leeb-balkone.com\/app\/uploads\/2022\/06\/Balkon_Sommergarten-scaled.jpg","datePublished":"2024-03-26T16:19:16+00:00","dateModified":"2025-09-18T14:17:20+00:00","description":"Energetische Sanierung als Gelegenheit zu Balkonsanierung und Anbaubalkon. Beratungstermin vor Ort \u2013 unverbindlich und kostenlos! Leeb Balkone.","breadcrumb":{"@id":"https:\/\/www.leeb-balkone.com\/de\/blog\/mehr-lebensqualitaet-durch-nachtraeglichen-balkonanbau\/#breadcrumb"},"inLanguage":"de","potentialAction":[{"@type":"ReadAction","target":["https:\/\/www.leeb-balkone.com\/de\/blog\/mehr-lebensqualitaet-durch-nachtraeglichen-balkonanbau\/"]}]},{"@type":"ImageObject","inLanguage":"de","@id":"https:\/\/www.leeb-balkone.com\/de\/blog\/mehr-lebensqualitaet-durch-nachtraeglichen-balkonanbau\/#primaryimage","url":"https:\/\/www.leeb-balkone.com\/app\/uploads\/2022\/06\/Balkon_Sommergarten-scaled.jpg","contentUrl":"https:\/\/www.leeb-balkone.com\/app\/uploads\/2022\/06\/Balkon_Sommergarten-scaled.jpg","width":2048,"height":1537,"caption":"Einfamilienhaus bis Wohnbau: Lebensraumerweiterung mit Leeb Anbau- und Vorstellbalkonen!"},{"@type":"BreadcrumbList","@id":"https:\/\/www.leeb-balkone.com\/de\/blog\/mehr-lebensqualitaet-durch-nachtraeglichen-balkonanbau\/#breadcrumb","itemListElement":[{"@type":"ListItem","position":1,"name":"Home","item":"https:\/\/www.leeb-balkone.com\/de\/"},{"@type":"ListItem","position":2,"name":"Mehr Lebensqualit\u00e4t durch nachtr\u00e4glichen Balkonanbau"}]},{"@type":"WebSite","@id":"https:\/\/www.leeb-balkone.com\/de\/#website","url":"https:\/\/www.leeb-balkone.com\/de\/","name":"Leeb Balkone","description":"Balkone und Z\u00e4une","publisher":{"@id":"https:\/\/www.leeb-balkone.com\/de\/#organization"},"potentialAction":[{"@type":"SearchAction","target":{"@type":"EntryPoint","urlTemplate":"https:\/\/www.leeb-balkone.com\/de\/?s={search_term_string}"},"query-input":{"@type":"PropertyValueSpecification","valueRequired":true,"valueName":"search_term_string"}}],"inLanguage":"de"},{"@type":"Organization","@id":"https:\/\/www.leeb-balkone.com\/de\/#organization","name":"Leeb Balkone Gmbh","url":"https:\/\/www.leeb-balkone.com\/de\/","logo":{"@type":"ImageObject","inLanguage":"de","@id":"https:\/\/www.leeb-balkone.com\/de\/#\/schema\/logo\/image\/","url":"https:\/\/www.leeb-balkone.com\/app\/uploads\/2020\/11\/leeb-logo.svg","contentUrl":"https:\/\/www.leeb-balkone.com\/app\/uploads\/2020\/11\/leeb-logo.svg","width":741,"height":204,"caption":"Leeb Balkone Gmbh"},"image":{"@id":"https:\/\/www.leeb-balkone.com\/de\/#\/schema\/logo\/image\/"},"sameAs":["https:\/\/www.facebook.com\/balkone\/","https:\/\/www.trustedshops.at\/bewertung\/info_X4587CCF5833E31AFE0B11F47D86999F2.html","https:\/\/www.trustedshops.de\/bewertung\/info_X7BA536A7A0BDC86D36C4718E4DCAEEEF.html","https:\/\/www.google.com\/maps\/place\/?q=place_id:ChIJ5-zH19-IcEcR9HonWRTllHI"]},{"@type":"Person","@id":"https:\/\/www.leeb-balkone.com\/de\/#\/schema\/person\/dc2e2c82db329667ee507698e220238f","name":"Herbert Weichart"}]}},"_links":{"self":[{"href":"https:\/\/www.leeb-balkone.com\/de\/wp-json\/wp\/v2\/posts\/136906","targetHints":{"allow":["GET"]}}],"collection":[{"href":"https:\/\/www.leeb-balkone.com\/de\/wp-json\/wp\/v2\/posts"}],"about":[{"href":"https:\/\/www.leeb-balkone.com\/de\/wp-json\/wp\/v2\/types\/post"}],"author":[{"embeddable":true,"href":"https:\/\/www.leeb-balkone.com\/de\/wp-json\/wp\/v2\/users\/4"}],"replies":[{"embeddable":true,"href":"https:\/\/www.leeb-balkone.com\/de\/wp-json\/wp\/v2\/comments?post=136906"}],"version-history":[{"count":1,"href":"https:\/\/www.leeb-balkone.com\/de\/wp-json\/wp\/v2\/posts\/136906\/revisions"}],"predecessor-version":[{"id":156391,"href":"https:\/\/www.leeb-balkone.com\/de\/wp-json\/wp\/v2\/posts\/136906\/revisions\/156391"}],"wp:featuredmedia":[{"embeddable":true,"href":"https:\/\/www.leeb-balkone.com\/de\/wp-json\/wp\/v2\/media\/88561"}],"wp:attachment":[{"href":"https:\/\/www.leeb-balkone.com\/de\/wp-json\/wp\/v2\/media?parent=136906"}],"wp:term":[{"taxonomy":"category","embeddable":true,"href":"https:\/\/www.leeb-balkone.com\/de\/wp-json\/wp\/v2\/categories?post=136906"},{"taxonomy":"post_tag","embeddable":true,"href":"https:\/\/www.leeb-balkone.com\/de\/wp-json\/wp\/v2\/tags?post=136906"},{"taxonomy":"post_folder","embeddable":true,"href":"https:\/\/www.leeb-balkone.com\/de\/wp-json\/wp\/v2\/post_folder?post=136906"}],"curies":[{"name":"wp","href":"https:\/\/api.w.org\/{rel}","templated":true}]}}