{"id":134769,"date":"2024-01-19T15:37:04","date_gmt":"2024-01-19T15:37:04","guid":{"rendered":"https:\/\/www.leeb-balkone.com\/de\/blog\/"},"modified":"2024-01-19T15:58:45","modified_gmt":"2024-01-19T15:58:45","slug":"gartenkalender-was-mache-ich-wann-im-garten","status":"publish","type":"post","link":"https:\/\/www.leeb-balkone.com\/de\/blog\/gartenkalender-was-mache-ich-wann-im-garten\/","title":{"rendered":"Gartenkalender: Was mache ich wann im Garten?"},"content":{"rendered":"<header class=\"wp-block-group alignfull t3-header u-max-wide t3-header-text has-white-background-color has-background has-global-padding is-layout-constrained wp-block-group-is-layout-constrained\">\n    <div class=\"wp-block-group o-grid u-md-1 u-sm-1 is-layout-flow wp-block-group-is-layout-flow\">\n  <div class=\"wp-block-group u-g-10 u-g-s-2\">\n      <div class=\"yoast-breadcrumbs\"><span><span><a href=\"https:\/\/www.leeb-balkone.com\/de\/\">Home<\/a><\/span><\/span><\/div>\n      \n    <h1>Gartenkalender: Was mache ich wann im Garten?<\/h1>\n  <\/div>\n<\/div>\n  <\/header>\n\n\n\n\n\n\n\n<section class=\"wp-block-cgb-t3-section-block alignfull b-pt-small b-pb-none is-style-bg-white\" style=\"display:inherit;min-height:inherit\">\n<div class=\"wp-block-cgb-t3-container-block none\" style=\"background-color:none\"><div class=\"grid-container\"><div class=\"grid-x\"><div class=\"cell small-12 medium-9 large-0 medium-offset-1 b-has-lsmb\">\n<p><span class=\"teaser\">Zum Jahresbeginn ein Blick auf die wichtigsten Aufgaben und Aktivit\u00e4ten, die in jedem Monat des Jahres anfallen, um einen bl\u00fchenden und gesunden Garten zu gew\u00e4hrleisten.<\/span><\/p>\n<\/div><\/div><\/div><\/div>\n\n\n\n<div class=\"wp-block-cgb-t3-container-block none\" style=\"background-color:none\"><div class=\"grid-container\"><div class=\"grid-x\"><div class=\"cell small-12 medium-0 large-0\"><div id=\"lightgallery-block_4822f23d697ccd6f14d25b41919157c8\" data-block_4822f23d697ccd6f14d25b41919157c8 class=\"has-1-imgs b-cards b-cards--gallery u-grid-temp has-1-cols u-md-2 u-sm-1 wp-block-group is-layout-grid wp-block-group-is-layout-grid gallery alignwide\">\n\n        <div class=\"b-cards__item\">\n\n        \n      <figure>\n                 <img loading=\"lazy\" decoding=\"async\" width=\"1536\" height=\"1024\" src=\"https:\/\/www.leeb-balkone.com\/app\/uploads\/2024\/01\/garten-jahr-1536x1024.jpg\" class=\"attachment-1536x1536 size-1536x1536\" alt=\"garten jahr\" srcset=\"https:\/\/www.leeb-balkone.com\/app\/uploads\/2024\/01\/garten-jahr-1536x1024.jpg 1536w, https:\/\/www.leeb-balkone.com\/app\/uploads\/2024\/01\/garten-jahr-300x200.jpg 300w, https:\/\/www.leeb-balkone.com\/app\/uploads\/2024\/01\/garten-jahr-1024x683.jpg 1024w, https:\/\/www.leeb-balkone.com\/app\/uploads\/2024\/01\/garten-jahr-768x512.jpg 768w, https:\/\/www.leeb-balkone.com\/app\/uploads\/2024\/01\/garten-jahr-2048x1365.jpg 2048w\" sizes=\"auto, (min-width: 1200px) 100vw, (min-width: 1024px) 1536px, (min-width: 640px) 768px, 768px\" \/>              <\/figure>\n\n                  \n        <div class=\"caption\">\n                      <\/div>\n  \n<\/div>\n\n    <\/div>\n\n<\/div><\/div><\/div><\/div>\n\n\n\n<div class=\"wp-block-group is-layout-flow wp-block-group-is-layout-flow\">\n<div class=\"wp-block-cgb-t3-container-block none\" style=\"background-color:none\"><div class=\"grid-container\"><div class=\"grid-x\"><div class=\"cell small-12 medium-9 large-0 medium-offset-1\">\n<h2 class=\"wp-block-heading\">Januar: Vorbereitung auf das neue Gartenjahr<\/h2>\n\n\n\n<p>Der Januar markiert den Beginn eines neuen Gartenjahres und ist die Zeit f\u00fcr gr\u00fcndliche Planung und Vorbereitung. G\u00e4rtner sollten die Wintermonate nutzen, um das kommende Jahr sorgf\u00e4ltig zu organisieren. Ein wichtiger Schritt besteht darin, Samen f\u00fcr Blumen, Gem\u00fcse und Kr\u00e4uter zu bestellen, um sicherzustellen, dass sie rechtzeitig f\u00fcr die Aussaat im Fr\u00fchjahr eintreffen.<\/p>\n\n\n\n<p>Neben der Planung von Pflanzenk\u00e4ufen ist der Januar auch der ideale Monat f\u00fcr die \u00dcberpr\u00fcfung und Reinigung von Gartenger\u00e4ten. Schneide- und Gartenschere, Rechen und Spaten sollten gr\u00fcndlich gereinigt und auf Besch\u00e4digungen \u00fcberpr\u00fcft werden. Ein gut gewartetes Werkzeug erleichtert die Arbeit im Garten erheblich.<\/p>\n\n\n\n<p>Dar\u00fcber hinaus ist der Januar auch der perfekte Zeitpunkt, um bestehende Gartenstrukturen wie Z\u00e4une, Pergolen und Gartenwege auf eventuelle Sch\u00e4den oder Verwitterung zu \u00fcberpr\u00fcfen. Reparaturen und Renovierungen k\u00f6nnen rechtzeitig durchgef\u00fchrt werden, um den Garten f\u00fcr die kommenden Monate vorzubereiten.<\/p>\n\n\n\n<h2 class=\"wp-block-heading\">Februar: Aussaat und Fr\u00fchjahrsputz<\/h2>\n\n\n\n<p>Mit dem Februar beginnt die Gartensaison in die n\u00e4chste Phase einzutreten. Abh\u00e4ngig von der Region und den lokalen klimatischen Bedingungen k\u00f6nnen einige Pflanzen bereits im Februar ausges\u00e4t werden. Hierzu geh\u00f6ren zum Beispiel winterharte Gem\u00fcsesorten, die einen fr\u00fchen Start ben\u00f6tigen.<\/p>\n\n\n\n<p>Ein weiterer wichtiger Schritt im Februar ist der Fr\u00fchjahrsputz. Alte Pflanzenreste und abgestorbene Pflanzenteile sollten entfernt werden, um Platz f\u00fcr das neue Wachstum zu schaffen und die Ausbreitung von Krankheiten zu verhindern. Auch eine gr\u00fcndliche Reinigung von Gartenm\u00f6beln und -ger\u00e4ten ist ratsam, um die Lebensdauer zu verl\u00e4ngern.<\/p>\n\n\n\n<h2 class=\"wp-block-heading\">M\u00e4rz: Fr\u00fchjahrsbl\u00fcher und Bodenvorbereitung<\/h2>\n\n\n\n<p>Der M\u00e4rz bringt die ersten Anzeichen des Fr\u00fchlings mit sich, und Fr\u00fchjahrsbl\u00fcher wie Krokusse, Schneegl\u00f6ckchen und Narzissen beginnen, den Garten mit Farbe zu beleben. G\u00e4rtner k\u00f6nnen jetzt ihre Aufmerksamkeit auf die Bodenvorbereitung f\u00fcr die kommende Pflanzsaison richten.<\/p>\n\n\n\n<p>Die Bodenvorbereitung umfasst das Auflockern des Bodens, das Hinzuf\u00fcgen von organischem D\u00fcnger und das Entfernen von Unkraut. Ein gut vorbereiteter Boden sorgt f\u00fcr optimale Bedingungen f\u00fcr das Wurzelwachstum und die N\u00e4hrstoffaufnahme der Pflanzen.<\/p>\n\n\n\n<h2 class=\"wp-block-heading\">April: Rasenpflege und Gem\u00fcseaussaat<\/h2>\n\n\n\n<p>Im April steht die Rasenpflege im Fokus. Der Rasen sollte gem\u00e4ht und ged\u00fcngt werden, um ein gesundes Wachstum zu f\u00f6rdern. Bei Bedarf k\u00f6nnen auch kahle Stellen mit neuem Grassamen oder Rollrasen repariert werden.<\/p>\n\n\n\n<p>Dies ist auch die Zeit, Gem\u00fcse im Freiland auszus\u00e4en. Beliebte Gem\u00fcsesorten wie Tomaten, Paprika, Karotten und Radieschen k\u00f6nnen nun direkt ins Beet gepflanzt werden. G\u00e4rtner sollten jedoch darauf achten, die lokalen Wetterbedingungen im Auge zu behalten, um Frostsch\u00e4den zu vermeiden.<\/p>\n\n\n\n<h2 class=\"wp-block-heading\">Mai: Hochsaison f\u00fcr Blumen und Gem\u00fcse<\/h2>\n\n\n\n<p>Der Mai ist der Monat, in dem der Garten in voller Bl\u00fcte steht. Blumen, Str\u00e4ucher und B\u00e4ume entfalten ihre Pracht, w\u00e4hrend die ersten Gem\u00fcsesorten geerntet werden k\u00f6nnen. Dies ist auch der ideale Zeitpunkt f\u00fcr die Pflanzung von Sommerblumen und -stauden, um eine farbenfrohe Sommerlandschaft zu schaffen.<\/p>\n\n\n\n<p>Gleichzeitig ist eine ausreichende Bew\u00e4sserung entscheidend, um sicherzustellen, dass die Pflanzen gen\u00fcgend Feuchtigkeit erhalten, insbesondere w\u00e4hrend warmer Perioden. G\u00e4rtner k\u00f6nnen auch damit beginnen, ihre Pflanzen regelm\u00e4\u00dfig auf Sch\u00e4dlinge und Krankheiten zu \u00fcberpr\u00fcfen, um fr\u00fchzeitig Ma\u00dfnahmen ergreifen zu k\u00f6nnen.<\/p>\n\n\n\n<h2 class=\"wp-block-heading\">Juni: Sommerbl\u00fcher und Unkrautbek\u00e4mpfung<\/h2>\n\n\n\n<p>Der Juni bringt eine F\u00fclle von Sommerbl\u00fchern wie Rosen, Dahlien und Hortensien hervor. G\u00e4rtner k\u00f6nnen jetzt ihre Aufmerksamkeit verst\u00e4rkt auf die Unkrautbek\u00e4mpfung richten, da Unkraut in dieser Jahreszeit besonders schnell w\u00e4chst.<\/p>\n\n\n\n<p>Es ist ratsam, regelm\u00e4\u00dfig das Beet zu durchsuchen und unerw\u00fcnschtes Unkraut zu entfernen, um die Konkurrenz um N\u00e4hrstoffe und Wasser zu minimieren. Das Mulchen der Beete ist eine effektive Methode, um das Wachstum von Unkraut zu unterdr\u00fccken und gleichzeitig den Boden vor Austrocknung zu sch\u00fctzen.<\/p>\n\n\n\n<h2 class=\"wp-block-heading\">Juli: Bew\u00e4sserung und Pflege von Stauden<\/h2>\n\n\n\n<p>Da der Sommer in vollem Gange ist, ist eine effiziente Bew\u00e4sserung besonders wichtig. Insbesondere Stauden, die oft tiefere Wurzeln haben, profitieren von einer gleichm\u00e4\u00dfigen Feuchtigkeitsversorgung. G\u00e4rtner sollten darauf achten, ihre Pflanzen am fr\u00fchen Morgen oder sp\u00e4ten Abend zu gie\u00dfen, um Wasserverluste durch Verdunstung zu minimieren.<\/p>\n\n\n\n<p>Der Juli ist auch eine gute Zeit, um Stauden zu pflegen. Verbl\u00fchte Bl\u00fcten sollten entfernt werden, um die Bildung neuer Knospen zu f\u00f6rdern, und es kann notwendig sein, h\u00f6here Stauden zu st\u00fctzen, um sie vor Windbruch zu sch\u00fctzen.<\/p>\n\n\n\n<h2 class=\"wp-block-heading\">August: Erntezeit und Vorbereitung auf den Herbst<\/h2>\n\n\n\n<p>Im August erreicht der Garten seine volle Reife, und die Erntezeit beginnt. Obstb\u00e4ume tragen Fr\u00fcchte, Gem\u00fcse ist bereit f\u00fcr die Ernte, und Kr\u00e4uter k\u00f6nnen geerntet und getrocknet werden. G\u00e4rtner sollten regelm\u00e4\u00dfig ernten, um eine \u00dcberreife der Fr\u00fcchte zu verhindern und Platz f\u00fcr neue Bl\u00fcten und Fr\u00fcchte zu schaffen.<\/p>\n\n\n\n<p>Gleichzeitig ist es wichtig, den Garten auf den Herbst vorzubereiten. Das Schneiden von Pflanzen, insbesondere von Stauden, tr\u00e4gt dazu bei, dass die Energie der Pflanzen in die Wurzeln zur\u00fcckgef\u00fchrt wird und sie gest\u00e4rkt in die Wintermonate gehen.<\/p>\n\n\n\n<h2 class=\"wp-block-heading\">September: Pflanzzeit f\u00fcr Herbstbl\u00fcher<\/h2>\n\n\n\n<p>Der September bringt einen Hauch von Herbst, und es ist Zeit, den Garten mit Herbstbl\u00fchern zu versch\u00f6nern. Pflanzen wie Astern, Chrysanthemen und Herbst-Anemonen k\u00f6nnen jetzt in die Beete gesetzt werden. Dies sorgt daf\u00fcr, dass der Garten auch im Herbst farbenfroh bleibt.<\/p>\n\n\n\n<p>G\u00e4rtner sollten auch altes Pflanzenmaterial entfernen und die Beete f\u00fcr den Winter vorbereiten. Das Aufbringen einer Schicht Mulch sch\u00fctzt die Pflanzen vor Frost und h\u00e4lt den Boden warm.<\/p>\n\n\n\n<h2 class=\"wp-block-heading\">Oktober: Laubbeseitigung und Vorbereitung auf den Winter<\/h2>\n\n\n\n<p>Mit dem Herbstbeginn stehen im Oktober Laubbeseitigung und Vorbereitung auf den Winter im Mittelpunkt. Das Entfernen von Laub von Rasenfl\u00e4chen und Beeten ist wichtig, um zu verhindern, dass das Laub Feuchtigkeit einschlie\u00dft und F\u00e4ulnis verursacht.<\/p>\n\n\n\n<p>Gleichzeitig ist der Oktober die Zeit, Gartenm\u00f6bel und -ger\u00e4te f\u00fcr die Winterlagerung vorzubereiten. M\u00f6bel sollten gereinigt und trocken gelagert werden, um Sch\u00e4den durch Feuchtigkeit und Frost zu vermeiden. Auch das Einlagern empfindlicher Pflanzen in gesch\u00fctzten Bereichen ist ratsam.<\/p>\n\n\n\n<h2 class=\"wp-block-heading\">November: Baumpflege und Kompostierung<\/h2>\n\n\n\n<p>Mit dem November neigt sich das Gartenjahr langsam dem Ende zu, aber es gibt immer noch wichtige Aufgaben zu erledigen. Die Pflege von B\u00e4umen steht im Vordergrund, da sie w\u00e4hrend der winterlichen Ruheperiode besonders empfindlich sind. Das Entfernen von abgestorbenen \u00c4sten und das St\u00fctzen von jungen B\u00e4umen kann Sch\u00e4den durch Schnee und Wind minimieren.<\/p>\n\n\n\n<p>Der November ist auch eine ausgezeichnete Zeit f\u00fcr die Anlage eines Komposthaufens. Laub, abgestorbene Pflanzenreste und andere organische Materialien k\u00f6nnen zu einem n\u00e4hrstoffreichen Kompost verarbeitet werden, der im Fr\u00fchjahr als nat\u00fcrlicher D\u00fcnger verwendet werden kann.<\/p>\n\n\n\n<h2 class=\"wp-block-heading\">Dezember: Winterpflege und Planung f\u00fcr das n\u00e4chste Jahr<\/h2>\n\n\n\n<p>Der Dezember ist eine ruhigere Zeit im Garten, aber die Pflege ist dennoch wichtig. Frostschutzmittel sollten auf empfindliche Pflanzen aufgetragen werden, um sie vor K\u00e4lte zu sch\u00fctzen. Gartenstrukturen sollten auf Stabilit\u00e4t \u00fcberpr\u00fcft werden, um winterlichen St\u00fcrmen standzuhalten.<\/p>\n\n\n\n<p>Gleichzeitig bietet der Dezember Gelegenheit zur Planung f\u00fcr das kommende Jahr. G\u00e4rtner k\u00f6nnen Samen f\u00fcr die n\u00e4chste Saison bestellen, Gartenpl\u00e4ne erstellen und sich inspirieren lassen, um neue Ideen und Projekte umzusetzen. Dies ist auch eine gute Zeit, um Gartenliteratur zu studieren und sich \u00fcber neue Pflanzensorten oder Gartenmethoden zu informieren.<\/p>\n\n\n\n<p><\/p>\n\n\n\n<p><\/p>\n\n\n\n<p><\/p>\n<\/div><\/div><\/div><\/div>\n<\/div>\n<\/section>\n","protected":false},"excerpt":{"rendered":"<p>In unserer \u00dcbersicht finden Sie die wichtigsten Arbeiten im Gartenjahr.<\/p>\n","protected":false},"author":4,"featured_media":134793,"comment_status":"closed","ping_status":"open","sticky":false,"template":"template-onepager.blade.php","format":"standard","meta":{"_acf_changed":false,"footnotes":""},"categories":[61,59],"tags":[],"post_folder":[],"class_list":["post-134769","post","type-post","status-publish","format-standard","has-post-thumbnail","hentry","category-garten-und-pflanzen","category-gartengestaltung"],"acf":[],"yoast_head":"<!-- This site is optimized with the Yoast SEO plugin v27.2 - https:\/\/yoast.com\/product\/yoast-seo-wordpress\/ -->\n<title>Gartenkalender: Was mache ich wann im Garten - Leeb Balkone Deutschland<\/title>\n<meta name=\"description\" content=\"Was mache ich wann im Garten? In unserer \u00dcbersicht finden Sie die wichtigsten Arbeiten im Gartenjahr.\" \/>\n<meta name=\"robots\" content=\"index, follow, max-snippet:-1, max-image-preview:large, max-video-preview:-1\" \/>\n<meta property=\"og:locale\" content=\"de_DE\" \/>\n<meta property=\"og:type\" content=\"article\" \/>\n<meta property=\"og:title\" content=\"Gartenkalender: Was mache ich wann im Garten?\" \/>\n<meta property=\"og:description\" content=\"In unserer \u00dcbersicht finden Sie die wichtigsten Arbeiten im Gartenjahr.\" \/>\n<meta property=\"og:url\" content=\"https:\/\/www.leeb-balkone.com\/de\/blog\/gartenkalender-was-mache-ich-wann-im-garten\/\" \/>\n<meta property=\"og:site_name\" content=\"Leeb Balkone\" \/>\n<meta property=\"article:publisher\" content=\"https:\/\/www.facebook.com\/balkone\/\" \/>\n<meta property=\"article:published_time\" content=\"2024-01-19T15:37:04+00:00\" \/>\n<meta property=\"article:modified_time\" content=\"2024-01-19T15:58:45+00:00\" \/>\n<meta property=\"og:image\" content=\"https:\/\/www.leeb-balkone.com\/app\/uploads\/2024\/01\/garten-jahr-scaled.jpg\" \/>\n\t<meta property=\"og:image:width\" content=\"2560\" \/>\n\t<meta property=\"og:image:height\" content=\"1707\" \/>\n\t<meta property=\"og:image:type\" content=\"image\/jpeg\" \/>\n<meta name=\"author\" content=\"Herbert Weichart\" \/>\n<meta name=\"twitter:card\" content=\"summary_large_image\" \/>\n<script type=\"application\/ld+json\" class=\"yoast-schema-graph\">{\"@context\":\"https:\/\/schema.org\",\"@graph\":[{\"@type\":\"Article\",\"@id\":\"https:\/\/www.leeb-balkone.com\/de\/blog\/gartenkalender-was-mache-ich-wann-im-garten\/#article\",\"isPartOf\":{\"@id\":\"https:\/\/www.leeb-balkone.com\/de\/blog\/gartenkalender-was-mache-ich-wann-im-garten\/\"},\"author\":{\"name\":\"Herbert Weichart\",\"@id\":\"https:\/\/www.leeb-balkone.com\/de\/#\/schema\/person\/dc2e2c82db329667ee507698e220238f\"},\"headline\":\"Gartenkalender: Was mache ich wann im Garten?\",\"datePublished\":\"2024-01-19T15:37:04+00:00\",\"dateModified\":\"2024-01-19T15:58:45+00:00\",\"mainEntityOfPage\":{\"@id\":\"https:\/\/www.leeb-balkone.com\/de\/blog\/gartenkalender-was-mache-ich-wann-im-garten\/\"},\"wordCount\":1280,\"publisher\":{\"@id\":\"https:\/\/www.leeb-balkone.com\/de\/#organization\"},\"image\":{\"@id\":\"https:\/\/www.leeb-balkone.com\/de\/blog\/gartenkalender-was-mache-ich-wann-im-garten\/#primaryimage\"},\"thumbnailUrl\":\"https:\/\/www.leeb-balkone.com\/app\/uploads\/2024\/01\/garten-jahr-scaled.jpg\",\"articleSection\":[\"Garten und Pflanzen\",\"Gartengestaltung\"],\"inLanguage\":\"de\"},{\"@type\":\"WebPage\",\"@id\":\"https:\/\/www.leeb-balkone.com\/de\/blog\/gartenkalender-was-mache-ich-wann-im-garten\/\",\"url\":\"https:\/\/www.leeb-balkone.com\/de\/blog\/gartenkalender-was-mache-ich-wann-im-garten\/\",\"name\":\"Gartenkalender: Was mache ich wann im Garten - Leeb Balkone\",\"isPartOf\":{\"@id\":\"https:\/\/www.leeb-balkone.com\/de\/#website\"},\"primaryImageOfPage\":{\"@id\":\"https:\/\/www.leeb-balkone.com\/de\/blog\/gartenkalender-was-mache-ich-wann-im-garten\/#primaryimage\"},\"image\":{\"@id\":\"https:\/\/www.leeb-balkone.com\/de\/blog\/gartenkalender-was-mache-ich-wann-im-garten\/#primaryimage\"},\"thumbnailUrl\":\"https:\/\/www.leeb-balkone.com\/app\/uploads\/2024\/01\/garten-jahr-scaled.jpg\",\"datePublished\":\"2024-01-19T15:37:04+00:00\",\"dateModified\":\"2024-01-19T15:58:45+00:00\",\"description\":\"Was mache ich wann im Garten? In unserer \u00dcbersicht finden Sie die wichtigsten Arbeiten im Gartenjahr.\",\"breadcrumb\":{\"@id\":\"https:\/\/www.leeb-balkone.com\/de\/blog\/gartenkalender-was-mache-ich-wann-im-garten\/#breadcrumb\"},\"inLanguage\":\"de\",\"potentialAction\":[{\"@type\":\"ReadAction\",\"target\":[\"https:\/\/www.leeb-balkone.com\/de\/blog\/gartenkalender-was-mache-ich-wann-im-garten\/\"]}]},{\"@type\":\"ImageObject\",\"inLanguage\":\"de\",\"@id\":\"https:\/\/www.leeb-balkone.com\/de\/blog\/gartenkalender-was-mache-ich-wann-im-garten\/#primaryimage\",\"url\":\"https:\/\/www.leeb-balkone.com\/app\/uploads\/2024\/01\/garten-jahr-scaled.jpg\",\"contentUrl\":\"https:\/\/www.leeb-balkone.com\/app\/uploads\/2024\/01\/garten-jahr-scaled.jpg\",\"width\":2560,\"height\":1707},{\"@type\":\"BreadcrumbList\",\"@id\":\"https:\/\/www.leeb-balkone.com\/de\/blog\/gartenkalender-was-mache-ich-wann-im-garten\/#breadcrumb\",\"itemListElement\":[{\"@type\":\"ListItem\",\"position\":1,\"name\":\"Home\",\"item\":\"https:\/\/www.leeb-balkone.com\/de\/\"},{\"@type\":\"ListItem\",\"position\":2,\"name\":\"Gartenkalender: Was mache ich wann im Garten?\"}]},{\"@type\":\"WebSite\",\"@id\":\"https:\/\/www.leeb-balkone.com\/de\/#website\",\"url\":\"https:\/\/www.leeb-balkone.com\/de\/\",\"name\":\"Leeb Balkone\",\"description\":\"Balkone und Z\u00e4une\",\"publisher\":{\"@id\":\"https:\/\/www.leeb-balkone.com\/de\/#organization\"},\"potentialAction\":[{\"@type\":\"SearchAction\",\"target\":{\"@type\":\"EntryPoint\",\"urlTemplate\":\"https:\/\/www.leeb-balkone.com\/de\/?s={search_term_string}\"},\"query-input\":{\"@type\":\"PropertyValueSpecification\",\"valueRequired\":true,\"valueName\":\"search_term_string\"}}],\"inLanguage\":\"de\"},{\"@type\":\"Organization\",\"@id\":\"https:\/\/www.leeb-balkone.com\/de\/#organization\",\"name\":\"Leeb Balkone Gmbh\",\"url\":\"https:\/\/www.leeb-balkone.com\/de\/\",\"logo\":{\"@type\":\"ImageObject\",\"inLanguage\":\"de\",\"@id\":\"https:\/\/www.leeb-balkone.com\/de\/#\/schema\/logo\/image\/\",\"url\":\"https:\/\/www.leeb-balkone.com\/app\/uploads\/2020\/11\/leeb-logo.svg\",\"contentUrl\":\"https:\/\/www.leeb-balkone.com\/app\/uploads\/2020\/11\/leeb-logo.svg\",\"width\":741,\"height\":204,\"caption\":\"Leeb Balkone Gmbh\"},\"image\":{\"@id\":\"https:\/\/www.leeb-balkone.com\/de\/#\/schema\/logo\/image\/\"},\"sameAs\":[\"https:\/\/www.facebook.com\/balkone\/\",\"https:\/\/www.trustedshops.at\/bewertung\/info_X4587CCF5833E31AFE0B11F47D86999F2.html\",\"https:\/\/www.trustedshops.de\/bewertung\/info_X7BA536A7A0BDC86D36C4718E4DCAEEEF.html\",\"https:\/\/www.google.com\/maps\/place\/?q=place_id:ChIJ5-zH19-IcEcR9HonWRTllHI\"]},{\"@type\":\"Person\",\"@id\":\"https:\/\/www.leeb-balkone.com\/de\/#\/schema\/person\/dc2e2c82db329667ee507698e220238f\",\"name\":\"Herbert Weichart\"}]}<\/script>\n<!-- \/ Yoast SEO plugin. -->","yoast_head_json":{"title":"Gartenkalender: Was mache ich wann im Garten - Leeb Balkone Deutschland","description":"Was mache ich wann im Garten? In unserer \u00dcbersicht finden Sie die wichtigsten Arbeiten im Gartenjahr.","robots":{"index":"index","follow":"follow","max-snippet":"max-snippet:-1","max-image-preview":"max-image-preview:large","max-video-preview":"max-video-preview:-1"},"og_locale":"de_DE","og_type":"article","og_title":"Gartenkalender: Was mache ich wann im Garten?","og_description":"In unserer \u00dcbersicht finden Sie die wichtigsten Arbeiten im Gartenjahr.","og_url":"https:\/\/www.leeb-balkone.com\/de\/blog\/gartenkalender-was-mache-ich-wann-im-garten\/","og_site_name":"Leeb Balkone","article_publisher":"https:\/\/www.facebook.com\/balkone\/","article_published_time":"2024-01-19T15:37:04+00:00","article_modified_time":"2024-01-19T15:58:45+00:00","og_image":[{"width":2560,"height":1707,"url":"https:\/\/www.leeb-balkone.com\/app\/uploads\/2024\/01\/garten-jahr-scaled.jpg","type":"image\/jpeg"}],"author":"Herbert Weichart","twitter_card":"summary_large_image","schema":{"@context":"https:\/\/schema.org","@graph":[{"@type":"Article","@id":"https:\/\/www.leeb-balkone.com\/de\/blog\/gartenkalender-was-mache-ich-wann-im-garten\/#article","isPartOf":{"@id":"https:\/\/www.leeb-balkone.com\/de\/blog\/gartenkalender-was-mache-ich-wann-im-garten\/"},"author":{"name":"Herbert Weichart","@id":"https:\/\/www.leeb-balkone.com\/de\/#\/schema\/person\/dc2e2c82db329667ee507698e220238f"},"headline":"Gartenkalender: Was mache ich wann im Garten?","datePublished":"2024-01-19T15:37:04+00:00","dateModified":"2024-01-19T15:58:45+00:00","mainEntityOfPage":{"@id":"https:\/\/www.leeb-balkone.com\/de\/blog\/gartenkalender-was-mache-ich-wann-im-garten\/"},"wordCount":1280,"publisher":{"@id":"https:\/\/www.leeb-balkone.com\/de\/#organization"},"image":{"@id":"https:\/\/www.leeb-balkone.com\/de\/blog\/gartenkalender-was-mache-ich-wann-im-garten\/#primaryimage"},"thumbnailUrl":"https:\/\/www.leeb-balkone.com\/app\/uploads\/2024\/01\/garten-jahr-scaled.jpg","articleSection":["Garten und Pflanzen","Gartengestaltung"],"inLanguage":"de"},{"@type":"WebPage","@id":"https:\/\/www.leeb-balkone.com\/de\/blog\/gartenkalender-was-mache-ich-wann-im-garten\/","url":"https:\/\/www.leeb-balkone.com\/de\/blog\/gartenkalender-was-mache-ich-wann-im-garten\/","name":"Gartenkalender: Was mache ich wann im Garten - Leeb Balkone","isPartOf":{"@id":"https:\/\/www.leeb-balkone.com\/de\/#website"},"primaryImageOfPage":{"@id":"https:\/\/www.leeb-balkone.com\/de\/blog\/gartenkalender-was-mache-ich-wann-im-garten\/#primaryimage"},"image":{"@id":"https:\/\/www.leeb-balkone.com\/de\/blog\/gartenkalender-was-mache-ich-wann-im-garten\/#primaryimage"},"thumbnailUrl":"https:\/\/www.leeb-balkone.com\/app\/uploads\/2024\/01\/garten-jahr-scaled.jpg","datePublished":"2024-01-19T15:37:04+00:00","dateModified":"2024-01-19T15:58:45+00:00","description":"Was mache ich wann im Garten? In unserer \u00dcbersicht finden Sie die wichtigsten Arbeiten im Gartenjahr.","breadcrumb":{"@id":"https:\/\/www.leeb-balkone.com\/de\/blog\/gartenkalender-was-mache-ich-wann-im-garten\/#breadcrumb"},"inLanguage":"de","potentialAction":[{"@type":"ReadAction","target":["https:\/\/www.leeb-balkone.com\/de\/blog\/gartenkalender-was-mache-ich-wann-im-garten\/"]}]},{"@type":"ImageObject","inLanguage":"de","@id":"https:\/\/www.leeb-balkone.com\/de\/blog\/gartenkalender-was-mache-ich-wann-im-garten\/#primaryimage","url":"https:\/\/www.leeb-balkone.com\/app\/uploads\/2024\/01\/garten-jahr-scaled.jpg","contentUrl":"https:\/\/www.leeb-balkone.com\/app\/uploads\/2024\/01\/garten-jahr-scaled.jpg","width":2560,"height":1707},{"@type":"BreadcrumbList","@id":"https:\/\/www.leeb-balkone.com\/de\/blog\/gartenkalender-was-mache-ich-wann-im-garten\/#breadcrumb","itemListElement":[{"@type":"ListItem","position":1,"name":"Home","item":"https:\/\/www.leeb-balkone.com\/de\/"},{"@type":"ListItem","position":2,"name":"Gartenkalender: Was mache ich wann im Garten?"}]},{"@type":"WebSite","@id":"https:\/\/www.leeb-balkone.com\/de\/#website","url":"https:\/\/www.leeb-balkone.com\/de\/","name":"Leeb Balkone","description":"Balkone und Z\u00e4une","publisher":{"@id":"https:\/\/www.leeb-balkone.com\/de\/#organization"},"potentialAction":[{"@type":"SearchAction","target":{"@type":"EntryPoint","urlTemplate":"https:\/\/www.leeb-balkone.com\/de\/?s={search_term_string}"},"query-input":{"@type":"PropertyValueSpecification","valueRequired":true,"valueName":"search_term_string"}}],"inLanguage":"de"},{"@type":"Organization","@id":"https:\/\/www.leeb-balkone.com\/de\/#organization","name":"Leeb Balkone Gmbh","url":"https:\/\/www.leeb-balkone.com\/de\/","logo":{"@type":"ImageObject","inLanguage":"de","@id":"https:\/\/www.leeb-balkone.com\/de\/#\/schema\/logo\/image\/","url":"https:\/\/www.leeb-balkone.com\/app\/uploads\/2020\/11\/leeb-logo.svg","contentUrl":"https:\/\/www.leeb-balkone.com\/app\/uploads\/2020\/11\/leeb-logo.svg","width":741,"height":204,"caption":"Leeb Balkone Gmbh"},"image":{"@id":"https:\/\/www.leeb-balkone.com\/de\/#\/schema\/logo\/image\/"},"sameAs":["https:\/\/www.facebook.com\/balkone\/","https:\/\/www.trustedshops.at\/bewertung\/info_X4587CCF5833E31AFE0B11F47D86999F2.html","https:\/\/www.trustedshops.de\/bewertung\/info_X7BA536A7A0BDC86D36C4718E4DCAEEEF.html","https:\/\/www.google.com\/maps\/place\/?q=place_id:ChIJ5-zH19-IcEcR9HonWRTllHI"]},{"@type":"Person","@id":"https:\/\/www.leeb-balkone.com\/de\/#\/schema\/person\/dc2e2c82db329667ee507698e220238f","name":"Herbert Weichart"}]}},"_links":{"self":[{"href":"https:\/\/www.leeb-balkone.com\/de\/wp-json\/wp\/v2\/posts\/134769","targetHints":{"allow":["GET"]}}],"collection":[{"href":"https:\/\/www.leeb-balkone.com\/de\/wp-json\/wp\/v2\/posts"}],"about":[{"href":"https:\/\/www.leeb-balkone.com\/de\/wp-json\/wp\/v2\/types\/post"}],"author":[{"embeddable":true,"href":"https:\/\/www.leeb-balkone.com\/de\/wp-json\/wp\/v2\/users\/4"}],"replies":[{"embeddable":true,"href":"https:\/\/www.leeb-balkone.com\/de\/wp-json\/wp\/v2\/comments?post=134769"}],"version-history":[{"count":0,"href":"https:\/\/www.leeb-balkone.com\/de\/wp-json\/wp\/v2\/posts\/134769\/revisions"}],"wp:featuredmedia":[{"embeddable":true,"href":"https:\/\/www.leeb-balkone.com\/de\/wp-json\/wp\/v2\/media\/134793"}],"wp:attachment":[{"href":"https:\/\/www.leeb-balkone.com\/de\/wp-json\/wp\/v2\/media?parent=134769"}],"wp:term":[{"taxonomy":"category","embeddable":true,"href":"https:\/\/www.leeb-balkone.com\/de\/wp-json\/wp\/v2\/categories?post=134769"},{"taxonomy":"post_tag","embeddable":true,"href":"https:\/\/www.leeb-balkone.com\/de\/wp-json\/wp\/v2\/tags?post=134769"},{"taxonomy":"post_folder","embeddable":true,"href":"https:\/\/www.leeb-balkone.com\/de\/wp-json\/wp\/v2\/post_folder?post=134769"}],"curies":[{"name":"wp","href":"https:\/\/api.w.org\/{rel}","templated":true}]}}