{"id":133569,"date":"2020-10-28T15:01:27","date_gmt":"2020-10-28T15:01:27","guid":{"rendered":"https:\/\/www.leeb-balkone.com\/de\/blog\/"},"modified":"2025-10-29T15:01:33","modified_gmt":"2025-10-29T15:01:33","slug":"herbstlaub-sinnvoll-nutzen","status":"publish","type":"post","link":"https:\/\/www.leeb-balkone.com\/de\/blog\/herbstlaub-sinnvoll-nutzen\/","title":{"rendered":"Herbstlaub sinnvoll nutzen"},"content":{"rendered":"<header class=\"wp-block-group alignfull t3-header u-max-wide t3-header-text has-white-background-color has-background has-global-padding is-layout-constrained wp-block-group-is-layout-constrained\">\n    <div class=\"wp-block-group o-grid u-md-1 u-sm-1 is-layout-flow wp-block-group-is-layout-flow\">\n  <div class=\"wp-block-group u-g-10 u-g-s-2\">\n      <div class=\"yoast-breadcrumbs\"><span><span><a href=\"https:\/\/www.leeb-balkone.com\/de\/\">Home<\/a><\/span><\/span><\/div>\n      \n    <h1>Herbstlaub sinnvoll nutzen<\/h1>\n  <\/div>\n<\/div>\n  <\/header>\n\n\n\n\n\n\n\n<section class=\"wp-block-cgb-t3-section-block alignfull b-pt-small b-pb-none is-style-bg-white\" style=\"display:inherit;min-height:inherit\">\n<div class=\"wp-block-cgb-t3-container-block none\" style=\"background-color:none\"><div class=\"grid-container\"><div class=\"grid-x\"><div class=\"cell small-12 medium-9 large-0 medium-offset-1 b-has-lsmb\">\n<p><span class=\"teaser\">Im Herbst f\u00e4rben Laubb\u00e4ume ihre Bl\u00e4tter. Weniger Licht l\u00e4sst B\u00e4ume und Str\u00e4ucher die Photosynthese zur\u00fcckfahren und Chlorophyll aus ihren Bl\u00e4ttern ziehen. So kommen die gelben, roten und orangefarbenen Pigmente zum Vorschein. Werden die Bl\u00e4tter schlie\u00dflich ganz abgeworfen, kann sich das Herbstlaub im Garten buchst\u00e4blich haufenweise t\u00fcrmen. Wer sein Laub nicht einfach nur entsorgen m\u00f6chte, dem stehen einige M\u00f6glichkeiten zur sinnvollen Verwendung von Herbstlaub offen.<\/span><\/p>\n<\/div><\/div><\/div><\/div>\n\n\n\n<div class=\"wp-block-cgb-t3-container-block none\" style=\"background-color:none\"><div class=\"grid-container\"><div class=\"grid-x\"><div class=\"cell small-12 medium-0 large-0\"><div id=\"lightgallery-block_acf-block-69022037cb676\" data-block_acf-block-69022037cb676 class=\"has-1-imgs b-cards b-cards--gallery u-grid-temp has-1-cols u-md-2 u-sm-1 wp-block-group is-layout-grid wp-block-group-is-layout-grid gallery alignwide\">\n\n        <div class=\"b-cards__item\">\n\n        \n      <figure>\n                 <img loading=\"lazy\" decoding=\"async\" width=\"1536\" height=\"1025\" src=\"https:\/\/www.leeb-balkone.com\/app\/uploads\/2023\/10\/herbstlaub-sinnvoll-verwenden-1536x1025.jpg\" class=\"attachment-1536x1536 size-1536x1536\" alt=\"Herbstlaub sinnvoll verwenden\" srcset=\"https:\/\/www.leeb-balkone.com\/app\/uploads\/2023\/10\/herbstlaub-sinnvoll-verwenden-1536x1025.jpg 1536w, https:\/\/www.leeb-balkone.com\/app\/uploads\/2023\/10\/herbstlaub-sinnvoll-verwenden-300x200.jpg 300w, https:\/\/www.leeb-balkone.com\/app\/uploads\/2023\/10\/herbstlaub-sinnvoll-verwenden-1024x684.jpg 1024w, https:\/\/www.leeb-balkone.com\/app\/uploads\/2023\/10\/herbstlaub-sinnvoll-verwenden-768x513.jpg 768w, https:\/\/www.leeb-balkone.com\/app\/uploads\/2023\/10\/herbstlaub-sinnvoll-verwenden-2048x1367.jpg 2048w\" sizes=\"auto, (min-width: 1200px) 100vw, (min-width: 1024px) 1536px, (min-width: 640px) 768px, 768px\" \/>              <\/figure>\n\n                  \n        <div class=\"caption\">\n                          <p>Herbstlaub im Garten &#8211; heruntergefallenes Laub sinnvoll verwenden\n              <\/div>\n  \n<\/div>\n\n    <\/div>\n\n<\/div><\/div><\/div><\/div>\n\n\n\n<div class=\"wp-block-group is-layout-flow wp-block-group-is-layout-flow\">\n<div class=\"wp-block-cgb-t3-container-block none\" style=\"background-color:none\"><div class=\"grid-container\"><div class=\"grid-x\"><div class=\"cell small-12 medium-9 large-0 medium-offset-1\">\n<h2 class=\"wp-block-heading\">Warum Herbstlaub wertvoll ist<\/h2>\n\n\n\n<p>Laub besteht aus organischen Materialien und ist reich an N\u00e4hrstoffen. Es enth\u00e4lt Kohlenstoff, Stickstoff und Mineralien, die im Boden f\u00fcr Pflanzenwachstum essentiell sind. Wenn das Laub auf M\u00fclldeponien landet oder verbrannt wird, gehen diese wertvollen Ressourcen verloren. Hier sind einige Gr\u00fcnde, warum die Verwendung von Herbstlaub im Garten Sinn machen kann:<\/p>\n\n\n\n<ul class=\"wp-block-list\">\n<li><strong>Bodenverbesserung:<\/strong> Das Zersetzen von Herbstlaub im Boden tr\u00e4gt dazu bei, die Bodenstruktur zu verbessern, die Wasserretention zu erh\u00f6hen und die Bodenfruchtbarkeit zu steigern.<\/li>\n\n\n\n<li><strong>Unkrautunterdr\u00fcckung:<\/strong> Eine dicke Schicht Laub auf Beeten und unter Str\u00e4uchern kann das Wachstum von Unkraut reduzieren, da es Licht und Luftzufuhr blockiert.<\/li>\n\n\n\n<li><strong>Lebensraum f\u00fcr N\u00fctzlinge:<\/strong> Herbstlaub bietet Lebensraum und Nahrung f\u00fcr n\u00fctzliche Bodenorganismen wie Regenw\u00fcrmer, die zur Bodengesundheit beitragen.<\/li>\n\n\n\n<li><strong>Kosteneinsparung:<\/strong> Die Verwendung von Herbstlaub im Garten kann Kosten f\u00fcr teure Mulch- und D\u00fcngemittel reduzieren.<\/li>\n<\/ul>\n\n\n\n<h2 class=\"wp-block-heading\">Wie man Laub verwerten kann<\/h2>\n\n\n\n<ul class=\"wp-block-list\">\n<li><strong>Kompostieren: <\/strong>Die Kompostierung von Herbstlaub ist eine der effektivsten M\u00f6glichkeiten, es zu nutzen. Mischen Sie das Laub mit anderem organischen Material wie Gem\u00fcse- und Gartenabf\u00e4llen. Das resultierende Kompostmaterial ist reich an N\u00e4hrstoffen und eignet sich hervorragend als nat\u00fcrlicher D\u00fcnger f\u00fcr Ihren Garten. Stellen Sie sicher, dass Sie eine ausgewogene Mischung aus gr\u00fcnem Material (z. B. K\u00fcchenabf\u00e4lle) und braunem Material (Herbstlaub) haben, um den Kompostierungsprozess zu beschleunigen.<\/li>\n\n\n\n<li><strong>Mulchen: <\/strong>Herbstlaub eignet sich hervorragend als Mulchmaterial. Es sch\u00fctzt den Boden vor Austrocknung, reduziert Unkrautwachstum und verbessert die Bodenqualit\u00e4t. Sie k\u00f6nnen das Laub direkt auf Beete und um B\u00e4ume und Str\u00e4ucher legen oder es zuerst zerkleinern, um eine gleichm\u00e4\u00dfigere Schicht zu erhalten.<\/li>\n\n\n\n<li><strong>Laubh\u00e4ufchen: <\/strong>Lassen Sie kleine Haufen von Herbstlaub in Ihrem Garten liegen, um Lebensraum f\u00fcr n\u00fctzliche Insekten und Kleintiere zu schaffen. Dies f\u00f6rdert die Artenvielfalt und tr\u00e4gt zur biologischen Kontrolle von Sch\u00e4dlingen bei.<\/li>\n\n\n\n<li><strong>Herstellung von Blumenerde: <\/strong>Herbstlaub kann in Kombination mit anderen organischen Materialien verwendet werden, um Ihre eigene Blumenerde herzustellen. Durch das Mischen von Laub mit Gartenabf\u00e4llen, Rasenschnitt und K\u00fcchenabf\u00e4llen k\u00f6nnen Sie eine n\u00e4hrstoffreiche Blumenerde herstellen, die perfekt f\u00fcr Topfpflanzen und Gartenbeete geeignet ist.<\/li>\n\n\n\n<li><strong>Nat\u00fcrliche Isolierung: <\/strong>Wenn Sie empfindliche Pflanzen vor winterlichen Temperaturen sch\u00fctzen m\u00f6chten, k\u00f6nnen Sie eine Schicht Herbstlaub als nat\u00fcrliche Isolierung um sie herum anh\u00e4ufen. Dies hilft, die Wurzeln vor Frostsch\u00e4den zu bewahren.<\/li>\n\n\n\n<li><strong>Tierpflege: <\/strong>In einigen F\u00e4llen k\u00f6nnen Tiere von der Verwendung von Herbstlaub profitieren. Zum Beispiel k\u00f6nnen Meerschweinchen, Kaninchen oder H\u00fchner Laub als Einstreu verwenden, um ihre Behausungen sauber und warm zu halten.<\/li>\n<\/ul>\n\n\n\n<h2 class=\"wp-block-heading\">Die richtige Verarbeitung<\/h2>\n\n\n\n<p>Damit Laub effektiv im Garten verwendet werden kann, sollten einige Verarbeitungsschritte beachtet werden:<\/p>\n\n\n\n<ul class=\"wp-block-list\">\n<li><strong>Zerkleinern: <\/strong>Das Zerkleinern von Herbstlaub erleichtert den Abbau und die Integration in den Boden. Sie k\u00f6nnen ein Laubbl\u00e4ser oder ein H\u00e4ckselger\u00e4t verwenden, um das Laub in kleinere St\u00fccke zu zerlegen.<\/li>\n\n\n\n<li><strong>Auswahl: <\/strong>Stellen Sie sicher, dass das verwendete Herbstlaub frei von Krankheiten oder Sch\u00e4dlingen ist. Wenn Sie Zweifel haben, ob das Laub sicher ist, ist es besser, es zu vermeiden.<\/li>\n\n\n\n<li><strong>Schichtdicke: <\/strong>Achten Sie darauf, nicht zu viel Herbstlaub auf einmal aufzubringen, da dies den Boden ersticken kann. Eine Schicht von etwa 5-10 cm Dicke ist in der Regel ausreichend.<\/li>\n\n\n\n<li><strong>D\u00fcngen: <\/strong>Wenn Sie Herbstlaub kompostieren oder als Mulch verwenden, wird es im Laufe der Zeit zu einer nat\u00fcrlichen D\u00fcngemittelquelle f\u00fcr Ihre Pflanzen. Achten Sie jedoch darauf, zus\u00e4tzlich zu Herbstlaub auch andere N\u00e4hrstoffquellen zu verwenden, um sicherzustellen, dass Ihre Pflanzen ausreichend N\u00e4hrstoffe erhalten.<\/li>\n<\/ul>\n\n\n\n<p>Heruntergefallenes Laub ist mehr als nur ein saisonaler Abfall. Es ist eine wertvolle Ressource, die im Garten vielf\u00e4ltig genutzt werden kann, um die Bodengesundheit zu f\u00f6rdern, die Umweltbelastung zu reduzieren und eine herbstliche Stimmung zu schaffen. Indem Sie Herbstlaub sinnvoll verwenden, leisten Sie einen Beitrag zur Nachhaltigkeit Ihres Gartens und erleben die Sch\u00f6nheit des Herbstes in seiner vollen Pracht. Nutzen Sie die M\u00f6glichkeit, abgefallenes Laub in Ihrem Garten zu einer Bereicherung zu machen und gleichzeitig die nat\u00fcrliche Umgebung zu schonen.<\/p>\n\n\n\n<p><\/p>\n<\/div><\/div><\/div><\/div>\n<\/div>\n\n\n\n<div class=\"wp-block-cgb-t3-container-block none\" style=\"background-color:none\"><div class=\"grid-container\"><div class=\"grid-x\"><div class=\"cell small-12 medium-9 large-0 medium-offset-1 b-has-lsmb\">\n<h2 class=\"wp-block-heading\">H\u00e4ufige Fragen zu Herbstlaub<\/h2>\n\n\n<div data-block_acf-block-69022037ccdc0 class=\"b-acc \">\n            <div class=\"b-acc__item medium\">\n    <div class=\"b-acc__title medium\">\n                        <h3><span class=\"h3ash4\">Warum f\u00e4rben sich im Herbst die Bl\u00e4tter bunt?<\/span><\/h3>\n                    <i class=\"icon icon-plus\"><\/i>\n    <\/div>\n    <div class=\"b-acc__content\">\n        <p>Die Herbstf\u00e4rbung der Bl\u00e4tter ist das Ergebnis eines komplexen physiologischen Prozesses in den B\u00e4umen. Im Herbst verk\u00fcrzen sich die Tage und das Sonnenlicht wird schw\u00e4cher. Dadurch wird die Photosynthese in den Bl\u00e4ttern reduziert, und die B\u00e4ume ziehen Chlorophyll, das gr\u00fcne Pigment, aus den Bl\u00e4ttern zur\u00fcck. Dadurch kommen andere Pigmente wie Carotinoide (gelb und orange) und Anthocyane (rot und violett) zum Vorschein. Die Kombination dieser Pigmente f\u00fchrt zum beeindruckend bunten Herbstlaub.<\/p>\n\n    <\/div>\n<\/div>\n          <div class=\"b-acc__item medium\">\n    <div class=\"b-acc__title medium\">\n                        <h3><span class=\"h3ash4\">Soll man Herbstlaub liegen lassen? <\/span><\/h3>\n                    <i class=\"icon icon-plus\"><\/i>\n    <\/div>\n    <div class=\"b-acc__content\">\n        <p>Das Liegenlassen von Herbstlaub im Garten kann sinnvoll sein. Herbstlaub kann als nat\u00fcrliche Mulchschicht dienen, die den Boden sch\u00fctzt, Unkrautwachstum hemmt und N\u00e4hrstoffe zur\u00fcckf\u00fchrt. Es bietet Lebensraum f\u00fcr n\u00fctzliche Bodenorganismen und tr\u00e4gt zur Bodenverbesserung bei. Wenn Herbstlaub nicht zu dick ist, kann es bedenkenlos liegen bleiben. Wenn Sie es nicht verwenden, sollten Sie es kompostieren oder f\u00fcr andere Zwecke im Garten nutzen, anstatt es zu entsorgen, um die Umweltbelastung zu minimieren.<\/p>\n\n    <\/div>\n<\/div>\n          <div class=\"b-acc__item medium\">\n    <div class=\"b-acc__title medium\">\n                        <h3><span class=\"h3ash4\">Welches Laub verrottet nicht?<\/span><\/h3>\n                    <i class=\"icon icon-plus\"><\/i>\n    <\/div>\n    <div class=\"b-acc__content\">\n        <p>Das Laub einiger B\u00e4ume kompostiert schlecht, etwa Eichen- und Walnussbl\u00e4tter, da diese viele Gerbstoffe enthalten. Auch das Laub von Rosskastanie, Platane oder Ginkgo eignet sich nicht so gut zur Kompostierung. Hingegen hervorragend geeignet sind die Bl\u00e4tter von Obstb\u00e4umen und Bl\u00fctenstr\u00e4uchern. Auch das Herbstlaub von Ahorn, Hainbuche, Esche, Eberesche oder Linde verrottet relativ z\u00fcgig und l\u00e4sst sich gut kompostieren.<\/p>\n\n    <\/div>\n<\/div>\n          <div class=\"b-acc__item medium\">\n    <div class=\"b-acc__title medium\">\n                        <h3><span class=\"h3ash4\">Welche Laubarten eignen sich besonders gut f\u00fcr Kompostierung?<\/span><\/h3>\n                    <i class=\"icon icon-plus\"><\/i>\n    <\/div>\n    <div class=\"b-acc__content\">\n        <p class=\"my-2 [&amp;+p]:mt-4 [&amp;_strong:has(+br)]:inline-block [&amp;_strong:has(+br)]:pb-2\">F\u00fcr die Kompostierung eignen sich besonders gut Laubarten, die relativ schnell verrotten und keine Schadstoffe enthalten. Dabei spielen die Struktur und der Gehalt an Gerbstoffen eine Rolle. Besonders gut f\u00fcr Kompostierung geeignet sind:<\/p>\n<ul class=\"marker:text-quiet list-disc\">\n<li class=\"py-0 my-0 prose-p:pt-0 prose-p:mb-2 prose-p:my-0 [&amp;&gt;p]:pt-0 [&amp;&gt;p]:mb-2 [&amp;&gt;p]:my-0\">\n<p class=\"my-2 [&amp;+p]:mt-4 [&amp;_strong:has(+br)]:inline-block [&amp;_strong:has(+br)]:pb-2\"><strong>Ahornlaub<\/strong>: Verrottet schnell und liefert wertvollen Humus.<\/p>\n<\/li>\n<li class=\"py-0 my-0 prose-p:pt-0 prose-p:mb-2 prose-p:my-0 [&amp;&gt;p]:pt-0 [&amp;&gt;p]:mb-2 [&amp;&gt;p]:my-0\">\n<p class=\"my-2 [&amp;+p]:mt-4 [&amp;_strong:has(+br)]:inline-block [&amp;_strong:has(+br)]:pb-2\"><strong>Birkenlaub<\/strong>: Zersetzt sich ebenfalls schnell und f\u00f6rdert die Bodenfruchtbarkeit.<\/p>\n<\/li>\n<li class=\"py-0 my-0 prose-p:pt-0 prose-p:mb-2 prose-p:my-0 [&amp;&gt;p]:pt-0 [&amp;&gt;p]:mb-2 [&amp;&gt;p]:my-0\">\n<p class=\"my-2 [&amp;+p]:mt-4 [&amp;_strong:has(+br)]:inline-block [&amp;_strong:has(+br)]:pb-2\"><strong>Hainbuchenlaub<\/strong>: Weich und schnell abbaubar.<\/p>\n<\/li>\n<li class=\"py-0 my-0 prose-p:pt-0 prose-p:mb-2 prose-p:my-0 [&amp;&gt;p]:pt-0 [&amp;&gt;p]:mb-2 [&amp;&gt;p]:my-0\">\n<p class=\"my-2 [&amp;+p]:mt-4 [&amp;_strong:has(+br)]:inline-block [&amp;_strong:has(+br)]:pb-2\"><strong>Lindenlaub<\/strong>: Sehr gut f\u00fcr den Kompost aufgrund geringer Gerbstoffe.<\/p>\n<\/li>\n<li class=\"py-0 my-0 prose-p:pt-0 prose-p:mb-2 prose-p:my-0 [&amp;&gt;p]:pt-0 [&amp;&gt;p]:mb-2 [&amp;&gt;p]:my-0\">\n<p class=\"my-2 [&amp;+p]:mt-4 [&amp;_strong:has(+br)]:inline-block [&amp;_strong:has(+br)]:pb-2\"><strong>Buche<\/strong>: Buchenlaub verrottet langsamer, ist aber auf Kompost gut nutzbar, wenn es zerkleinert wird.<\/p>\n<\/li>\n<li class=\"py-0 my-0 prose-p:pt-0 prose-p:mb-2 prose-p:my-0 [&amp;&gt;p]:pt-0 [&amp;&gt;p]:mb-2 [&amp;&gt;p]:my-0\">\n<p class=\"my-2 [&amp;+p]:mt-4 [&amp;_strong:has(+br)]:inline-block [&amp;_strong:has(+br)]:pb-2\"><strong>Obstbaumlaub<\/strong>\u00a0(z.B. Apfel, Kirsche): Gut kompostierbar, ohne Schadstoffe.<\/p>\n<\/li>\n<\/ul>\n\n    <\/div>\n<\/div>\n          <div class=\"b-acc__item medium\">\n    <div class=\"b-acc__title medium\">\n                        <h3><span class=\"h3ash4\">Wie vermeidet man, dass sich durch Herbstlaub Sch\u00e4dlinge und Krankheiten ausbreiten?<\/span><\/h3>\n                    <i class=\"icon icon-plus\"><\/i>\n    <\/div>\n    <div class=\"b-acc__content\">\n        <p class=\"my-2 [&amp;+p]:mt-4 [&amp;_strong:has(+br)]:inline-block [&amp;_strong:has(+br)]:pb-2\">Um die Ausbreitung von Sch\u00e4dlingen und Krankheiten durch Herbstlaub zu vermeiden, beachten Sie folgende kurze Tipps:<\/p>\n<ul class=\"marker:text-quiet list-disc\">\n<li class=\"py-0 my-0 prose-p:pt-0 prose-p:mb-2 prose-p:my-0 [&amp;&gt;p]:pt-0 [&amp;&gt;p]:mb-2 [&amp;&gt;p]:my-0\">\n<p class=\"my-2 [&amp;+p]:mt-4 [&amp;_strong:has(+br)]:inline-block [&amp;_strong:has(+br)]:pb-2\">Entfernen Sie altes Laub rechtzeitig, um Pilz- und Insektenherde zu vermeiden.<\/p>\n<\/li>\n<li class=\"py-0 my-0 prose-p:pt-0 prose-p:mb-2 prose-p:my-0 [&amp;&gt;p]:pt-0 [&amp;&gt;p]:mb-2 [&amp;&gt;p]:my-0\">\n<p class=\"my-2 [&amp;+p]:mt-4 [&amp;_strong:has(+br)]:inline-block [&amp;_strong:has(+br)]:pb-2\">Kompostieren Sie Laub nur bei guter Bel\u00fcftung und zerkleinert, um die Zersetzung zu f\u00f6rdern.<\/p>\n<\/li>\n<li class=\"py-0 my-0 prose-p:pt-0 prose-p:mb-2 prose-p:my-0 [&amp;&gt;p]:pt-0 [&amp;&gt;p]:mb-2 [&amp;&gt;p]:my-0\">\n<p class=\"my-2 [&amp;+p]:mt-4 [&amp;_strong:has(+br)]:inline-block [&amp;_strong:has(+br)]:pb-2\">Beseitigen Sie Pflanzenreste und verfaultes Material aus dem Garten.<\/p>\n<\/li>\n<li class=\"py-0 my-0 prose-p:pt-0 prose-p:mb-2 prose-p:my-0 [&amp;&gt;p]:pt-0 [&amp;&gt;p]:mb-2 [&amp;&gt;p]:my-0\">\n<p class=\"my-2 [&amp;+p]:mt-4 [&amp;_strong:has(+br)]:inline-block [&amp;_strong:has(+br)]:pb-2\">Sorgen Sie f\u00fcr gute Luftzirkulation durch R\u00fcckschnitt und Auslichten.<\/p>\n<\/li>\n<li class=\"py-0 my-0 prose-p:pt-0 prose-p:mb-2 prose-p:my-0 [&amp;&gt;p]:pt-0 [&amp;&gt;p]:mb-2 [&amp;&gt;p]:my-0\">\n<p class=\"my-2 [&amp;+p]:mt-4 [&amp;_strong:has(+br)]:inline-block [&amp;_strong:has(+br)]:pb-2\">Kontrollieren Sie Pflanzen regelm\u00e4\u00dfig auf Befall und handeln Sie fr\u00fchzeitig.<\/p>\n<\/li>\n<li class=\"py-0 my-0 prose-p:pt-0 prose-p:mb-2 prose-p:my-0 [&amp;&gt;p]:pt-0 [&amp;&gt;p]:mb-2 [&amp;&gt;p]:my-0\">\n<p class=\"my-2 [&amp;+p]:mt-4 [&amp;_strong:has(+br)]:inline-block [&amp;_strong:has(+br)]:pb-2\">Nutzen Sie nat\u00fcrliche Sch\u00e4dlingsbek\u00e4mpfung wie N\u00fctzlinge (Marienk\u00e4fer, Schlupfwespen).<\/p>\n<\/li>\n<\/ul>\n\n    <\/div>\n<\/div>\n          <div class=\"b-acc__item medium\">\n    <div class=\"b-acc__title medium\">\n                        <h3><span class=\"h3ash4\">Was macht man mit Laub in kleinen G\u00e4rten oder auf Balkonen?<\/span><\/h3>\n                    <i class=\"icon icon-plus\"><\/i>\n    <\/div>\n    <div class=\"b-acc__content\">\n        <p class=\"my-2 [&amp;+p]:mt-4 [&amp;_strong:has(+br)]:inline-block [&amp;_strong:has(+br)]:pb-2\">In kleinen G\u00e4rten oder auf Balkonen kann Herbstlaub sinnvoll genutzt und sinnvoll entsorgt werden:<\/p>\n<ul class=\"marker:text-quiet list-disc\">\n<li class=\"py-0 my-0 prose-p:pt-0 prose-p:mb-2 prose-p:my-0 [&amp;&gt;p]:pt-0 [&amp;&gt;p]:mb-2 [&amp;&gt;p]:my-0\">\n<p class=\"my-2 [&amp;+p]:mt-4 [&amp;_strong:has(+br)]:inline-block [&amp;_strong:has(+br)]:pb-2\"><strong>Kompostieren in kleinen Beh\u00e4ltern:<\/strong>\u00a0Spezielle Komposter oder Kompostbeh\u00e4lter f\u00fcr Balkone erm\u00f6glichen die Zersetzung von Laub und K\u00fcchenabf\u00e4llen auch auf kleinem Raum.<\/p>\n<\/li>\n<li class=\"py-0 my-0 prose-p:pt-0 prose-p:mb-2 prose-p:my-0 [&amp;&gt;p]:pt-0 [&amp;&gt;p]:mb-2 [&amp;&gt;p]:my-0\">\n<p class=\"my-2 [&amp;+p]:mt-4 [&amp;_strong:has(+br)]:inline-block [&amp;_strong:has(+br)]:pb-2\"><strong>Laubmulch:<\/strong>\u00a0In Blumenbeeten oder unter Str\u00e4uchern sch\u00fctzt Laub den Boden vor Austrocknung und liefert N\u00e4hrstoffe beim Verrotten.<\/p>\n<\/li>\n<li class=\"py-0 my-0 prose-p:pt-0 prose-p:mb-2 prose-p:my-0 [&amp;&gt;p]:pt-0 [&amp;&gt;p]:mb-2 [&amp;&gt;p]:my-0\">\n<p class=\"my-2 [&amp;+p]:mt-4 [&amp;_strong:has(+br)]:inline-block [&amp;_strong:has(+br)]:pb-2\"><strong>Laub als Winterschutz:<\/strong>\u00a0Laub kann empfindliche Pflanzen und Wurzelzonen vor Frost sch\u00fctzen, indem es als isolierende Schicht dient.<\/p>\n<\/li>\n<li class=\"py-0 my-0 prose-p:pt-0 prose-p:mb-2 prose-p:my-0 [&amp;&gt;p]:pt-0 [&amp;&gt;p]:mb-2 [&amp;&gt;p]:my-0\">\n<p class=\"my-2 [&amp;+p]:mt-4 [&amp;_strong:has(+br)]:inline-block [&amp;_strong:has(+br)]:pb-2\"><strong>Sammeln und Abgeben:<\/strong>\u00a0Falls kein Kompost m\u00f6glich ist, kann das Laub oft bei kommunalen Sammelstellen oder Biotonnen abgegeben werden.<\/p>\n<\/li>\n<li class=\"py-0 my-0 prose-p:pt-0 prose-p:mb-2 prose-p:my-0 [&amp;&gt;p]:pt-0 [&amp;&gt;p]:mb-2 [&amp;&gt;p]:my-0\">\n<p class=\"my-2 [&amp;+p]:mt-4 [&amp;_strong:has(+br)]:inline-block [&amp;_strong:has(+br)]:pb-2\"><strong>Vermeiden von Staun\u00e4sse:<\/strong>\u00a0Auf Balkonen sollte das Laub nicht liegen bleiben, damit keine Feuchtigkeitssch\u00e4den an Pflanzgef\u00e4\u00dfen entstehen.<\/p>\n<\/li>\n<\/ul>\n\n    <\/div>\n<\/div>\n      <\/div>\n\n\n\n<p><\/p>\n\n\n\n<p><strong>Mehr erfahren zu:<\/strong><br><br><a href=\"https:\/\/www.leeb-balkone.com\/de\/blog\/mit-dem-sommergarten-laenger-den-herbst-geniessen\/\">Mit Sommergarten l\u00e4nger den Herbst genie\u00dfen<\/a><br><a href=\"https:\/\/www.leeb-balkone.com\/de\/blog\/balkongestaltung-im-herbst-winter\/\">Balkongestaltung im Herbst &amp; Winter<\/a><br><a href=\"https:\/\/www.leeb-balkone.com\/de\/blog\/herbstpflanzen-fuer-den-balkon\/\">Herbstpflanzen f\u00fcr den Balkon<\/a><\/p>\n\n\n\n<p><\/p>\n<\/div><\/div><\/div><\/div>\n<\/section>\n","protected":false},"excerpt":{"rendered":"<p>Wer heruntergefallenes Laub nicht nur entsorgen m\u00f6chte, kann es auch sinnvoll nutzen &#8211; lesen Sie, was man mit Herbstlaub machen kann!<\/p>\n","protected":false},"author":4,"featured_media":133577,"comment_status":"closed","ping_status":"open","sticky":false,"template":"template-onepager.blade.php","format":"standard","meta":{"_acf_changed":false,"footnotes":""},"categories":[61,59],"tags":[],"post_folder":[],"class_list":["post-133569","post","type-post","status-publish","format-standard","has-post-thumbnail","hentry","category-garten-und-pflanzen","category-gartengestaltung"],"acf":[],"yoast_head":"<!-- This site is optimized with the Yoast SEO plugin v27.2 - https:\/\/yoast.com\/product\/yoast-seo-wordpress\/ -->\n<title>Herbstlaub sinnvoll nutzen - Leeb Balkone Deutschland<\/title>\n<meta name=\"description\" content=\"Statt Herbstlaub zu entsorgen, kann man herunterfallenes Laub auch sinnvoll nutzen - wir zeigen, was man mit Herbstlaub machen kann!\" \/>\n<meta name=\"robots\" content=\"index, follow, max-snippet:-1, max-image-preview:large, max-video-preview:-1\" \/>\n<meta property=\"og:locale\" content=\"de_DE\" \/>\n<meta property=\"og:type\" content=\"article\" \/>\n<meta property=\"og:title\" content=\"Herbstlaub sinnvoll nutzen\" \/>\n<meta property=\"og:description\" content=\"Statt Herbstlaub zu entsorgen, kann man herunterfallenes Laub auch sinnvoll nutzen - wir zeigen, was man mit Herbstlaub machen kann!\" \/>\n<meta property=\"og:url\" content=\"https:\/\/www.leeb-balkone.com\/de\/blog\/herbstlaub-sinnvoll-nutzen\/\" \/>\n<meta property=\"og:site_name\" content=\"Leeb Balkone\" \/>\n<meta property=\"article:publisher\" content=\"https:\/\/www.facebook.com\/balkone\/\" \/>\n<meta property=\"article:published_time\" content=\"2020-10-28T15:01:27+00:00\" \/>\n<meta property=\"article:modified_time\" content=\"2025-10-29T15:01:33+00:00\" \/>\n<meta property=\"og:image\" content=\"https:\/\/www.leeb-balkone.com\/app\/uploads\/2023\/10\/herbstlaub-sinnvoll-verwenden-scaled.jpg\" \/>\n\t<meta property=\"og:image:width\" content=\"2560\" \/>\n\t<meta property=\"og:image:height\" content=\"1709\" \/>\n\t<meta property=\"og:image:type\" content=\"image\/jpeg\" \/>\n<meta name=\"author\" content=\"Herbert Weichart\" \/>\n<meta name=\"twitter:card\" content=\"summary_large_image\" \/>\n<script type=\"application\/ld+json\" class=\"yoast-schema-graph\">{\"@context\":\"https:\/\/schema.org\",\"@graph\":[{\"@type\":\"Article\",\"@id\":\"https:\/\/www.leeb-balkone.com\/de\/blog\/herbstlaub-sinnvoll-nutzen\/#article\",\"isPartOf\":{\"@id\":\"https:\/\/www.leeb-balkone.com\/de\/blog\/herbstlaub-sinnvoll-nutzen\/\"},\"author\":{\"name\":\"Herbert Weichart\",\"@id\":\"https:\/\/www.leeb-balkone.com\/de\/#\/schema\/person\/dc2e2c82db329667ee507698e220238f\"},\"headline\":\"Herbstlaub sinnvoll nutzen\",\"datePublished\":\"2020-10-28T15:01:27+00:00\",\"dateModified\":\"2025-10-29T15:01:33+00:00\",\"mainEntityOfPage\":{\"@id\":\"https:\/\/www.leeb-balkone.com\/de\/blog\/herbstlaub-sinnvoll-nutzen\/\"},\"wordCount\":787,\"publisher\":{\"@id\":\"https:\/\/www.leeb-balkone.com\/de\/#organization\"},\"image\":{\"@id\":\"https:\/\/www.leeb-balkone.com\/de\/blog\/herbstlaub-sinnvoll-nutzen\/#primaryimage\"},\"thumbnailUrl\":\"https:\/\/www.leeb-balkone.com\/app\/uploads\/2023\/10\/herbstlaub-sinnvoll-verwenden-scaled.jpg\",\"articleSection\":[\"Garten und Pflanzen\",\"Gartengestaltung\"],\"inLanguage\":\"de\"},{\"@type\":\"WebPage\",\"@id\":\"https:\/\/www.leeb-balkone.com\/de\/blog\/herbstlaub-sinnvoll-nutzen\/\",\"url\":\"https:\/\/www.leeb-balkone.com\/de\/blog\/herbstlaub-sinnvoll-nutzen\/\",\"name\":\"Herbstlaub sinnvoll nutzen - Leeb Balkone\",\"isPartOf\":{\"@id\":\"https:\/\/www.leeb-balkone.com\/de\/#website\"},\"primaryImageOfPage\":{\"@id\":\"https:\/\/www.leeb-balkone.com\/de\/blog\/herbstlaub-sinnvoll-nutzen\/#primaryimage\"},\"image\":{\"@id\":\"https:\/\/www.leeb-balkone.com\/de\/blog\/herbstlaub-sinnvoll-nutzen\/#primaryimage\"},\"thumbnailUrl\":\"https:\/\/www.leeb-balkone.com\/app\/uploads\/2023\/10\/herbstlaub-sinnvoll-verwenden-scaled.jpg\",\"datePublished\":\"2020-10-28T15:01:27+00:00\",\"dateModified\":\"2025-10-29T15:01:33+00:00\",\"description\":\"Statt Herbstlaub zu entsorgen, kann man herunterfallenes Laub auch sinnvoll nutzen - wir zeigen, was man mit Herbstlaub machen kann!\",\"breadcrumb\":{\"@id\":\"https:\/\/www.leeb-balkone.com\/de\/blog\/herbstlaub-sinnvoll-nutzen\/#breadcrumb\"},\"inLanguage\":\"de\",\"potentialAction\":[{\"@type\":\"ReadAction\",\"target\":[\"https:\/\/www.leeb-balkone.com\/de\/blog\/herbstlaub-sinnvoll-nutzen\/\"]}]},{\"@type\":\"ImageObject\",\"inLanguage\":\"de\",\"@id\":\"https:\/\/www.leeb-balkone.com\/de\/blog\/herbstlaub-sinnvoll-nutzen\/#primaryimage\",\"url\":\"https:\/\/www.leeb-balkone.com\/app\/uploads\/2023\/10\/herbstlaub-sinnvoll-verwenden-scaled.jpg\",\"contentUrl\":\"https:\/\/www.leeb-balkone.com\/app\/uploads\/2023\/10\/herbstlaub-sinnvoll-verwenden-scaled.jpg\",\"width\":2560,\"height\":1709,\"caption\":\"Herbstlaub im Garten - heruntergefallenes Laub sinnvoll verwenden\"},{\"@type\":\"BreadcrumbList\",\"@id\":\"https:\/\/www.leeb-balkone.com\/de\/blog\/herbstlaub-sinnvoll-nutzen\/#breadcrumb\",\"itemListElement\":[{\"@type\":\"ListItem\",\"position\":1,\"name\":\"Home\",\"item\":\"https:\/\/www.leeb-balkone.com\/de\/\"},{\"@type\":\"ListItem\",\"position\":2,\"name\":\"Herbstlaub sinnvoll nutzen\"}]},{\"@type\":\"WebSite\",\"@id\":\"https:\/\/www.leeb-balkone.com\/de\/#website\",\"url\":\"https:\/\/www.leeb-balkone.com\/de\/\",\"name\":\"Leeb Balkone\",\"description\":\"Balkone und Z\u00e4une\",\"publisher\":{\"@id\":\"https:\/\/www.leeb-balkone.com\/de\/#organization\"},\"potentialAction\":[{\"@type\":\"SearchAction\",\"target\":{\"@type\":\"EntryPoint\",\"urlTemplate\":\"https:\/\/www.leeb-balkone.com\/de\/?s={search_term_string}\"},\"query-input\":{\"@type\":\"PropertyValueSpecification\",\"valueRequired\":true,\"valueName\":\"search_term_string\"}}],\"inLanguage\":\"de\"},{\"@type\":\"Organization\",\"@id\":\"https:\/\/www.leeb-balkone.com\/de\/#organization\",\"name\":\"Leeb Balkone Gmbh\",\"url\":\"https:\/\/www.leeb-balkone.com\/de\/\",\"logo\":{\"@type\":\"ImageObject\",\"inLanguage\":\"de\",\"@id\":\"https:\/\/www.leeb-balkone.com\/de\/#\/schema\/logo\/image\/\",\"url\":\"https:\/\/www.leeb-balkone.com\/app\/uploads\/2020\/11\/leeb-logo.svg\",\"contentUrl\":\"https:\/\/www.leeb-balkone.com\/app\/uploads\/2020\/11\/leeb-logo.svg\",\"width\":741,\"height\":204,\"caption\":\"Leeb Balkone Gmbh\"},\"image\":{\"@id\":\"https:\/\/www.leeb-balkone.com\/de\/#\/schema\/logo\/image\/\"},\"sameAs\":[\"https:\/\/www.facebook.com\/balkone\/\",\"https:\/\/www.trustedshops.at\/bewertung\/info_X4587CCF5833E31AFE0B11F47D86999F2.html\",\"https:\/\/www.trustedshops.de\/bewertung\/info_X7BA536A7A0BDC86D36C4718E4DCAEEEF.html\",\"https:\/\/www.google.com\/maps\/place\/?q=place_id:ChIJ5-zH19-IcEcR9HonWRTllHI\"]},{\"@type\":\"Person\",\"@id\":\"https:\/\/www.leeb-balkone.com\/de\/#\/schema\/person\/dc2e2c82db329667ee507698e220238f\",\"name\":\"Herbert Weichart\"}]}<\/script>\n<!-- \/ Yoast SEO plugin. -->","yoast_head_json":{"title":"Herbstlaub sinnvoll nutzen - Leeb Balkone Deutschland","description":"Statt Herbstlaub zu entsorgen, kann man herunterfallenes Laub auch sinnvoll nutzen - wir zeigen, was man mit Herbstlaub machen kann!","robots":{"index":"index","follow":"follow","max-snippet":"max-snippet:-1","max-image-preview":"max-image-preview:large","max-video-preview":"max-video-preview:-1"},"og_locale":"de_DE","og_type":"article","og_title":"Herbstlaub sinnvoll nutzen","og_description":"Statt Herbstlaub zu entsorgen, kann man herunterfallenes Laub auch sinnvoll nutzen - wir zeigen, was man mit Herbstlaub machen kann!","og_url":"https:\/\/www.leeb-balkone.com\/de\/blog\/herbstlaub-sinnvoll-nutzen\/","og_site_name":"Leeb Balkone","article_publisher":"https:\/\/www.facebook.com\/balkone\/","article_published_time":"2020-10-28T15:01:27+00:00","article_modified_time":"2025-10-29T15:01:33+00:00","og_image":[{"width":2560,"height":1709,"url":"https:\/\/www.leeb-balkone.com\/app\/uploads\/2023\/10\/herbstlaub-sinnvoll-verwenden-scaled.jpg","type":"image\/jpeg"}],"author":"Herbert Weichart","twitter_card":"summary_large_image","schema":{"@context":"https:\/\/schema.org","@graph":[{"@type":"Article","@id":"https:\/\/www.leeb-balkone.com\/de\/blog\/herbstlaub-sinnvoll-nutzen\/#article","isPartOf":{"@id":"https:\/\/www.leeb-balkone.com\/de\/blog\/herbstlaub-sinnvoll-nutzen\/"},"author":{"name":"Herbert Weichart","@id":"https:\/\/www.leeb-balkone.com\/de\/#\/schema\/person\/dc2e2c82db329667ee507698e220238f"},"headline":"Herbstlaub sinnvoll nutzen","datePublished":"2020-10-28T15:01:27+00:00","dateModified":"2025-10-29T15:01:33+00:00","mainEntityOfPage":{"@id":"https:\/\/www.leeb-balkone.com\/de\/blog\/herbstlaub-sinnvoll-nutzen\/"},"wordCount":787,"publisher":{"@id":"https:\/\/www.leeb-balkone.com\/de\/#organization"},"image":{"@id":"https:\/\/www.leeb-balkone.com\/de\/blog\/herbstlaub-sinnvoll-nutzen\/#primaryimage"},"thumbnailUrl":"https:\/\/www.leeb-balkone.com\/app\/uploads\/2023\/10\/herbstlaub-sinnvoll-verwenden-scaled.jpg","articleSection":["Garten und Pflanzen","Gartengestaltung"],"inLanguage":"de"},{"@type":"WebPage","@id":"https:\/\/www.leeb-balkone.com\/de\/blog\/herbstlaub-sinnvoll-nutzen\/","url":"https:\/\/www.leeb-balkone.com\/de\/blog\/herbstlaub-sinnvoll-nutzen\/","name":"Herbstlaub sinnvoll nutzen - Leeb Balkone","isPartOf":{"@id":"https:\/\/www.leeb-balkone.com\/de\/#website"},"primaryImageOfPage":{"@id":"https:\/\/www.leeb-balkone.com\/de\/blog\/herbstlaub-sinnvoll-nutzen\/#primaryimage"},"image":{"@id":"https:\/\/www.leeb-balkone.com\/de\/blog\/herbstlaub-sinnvoll-nutzen\/#primaryimage"},"thumbnailUrl":"https:\/\/www.leeb-balkone.com\/app\/uploads\/2023\/10\/herbstlaub-sinnvoll-verwenden-scaled.jpg","datePublished":"2020-10-28T15:01:27+00:00","dateModified":"2025-10-29T15:01:33+00:00","description":"Statt Herbstlaub zu entsorgen, kann man herunterfallenes Laub auch sinnvoll nutzen - wir zeigen, was man mit Herbstlaub machen kann!","breadcrumb":{"@id":"https:\/\/www.leeb-balkone.com\/de\/blog\/herbstlaub-sinnvoll-nutzen\/#breadcrumb"},"inLanguage":"de","potentialAction":[{"@type":"ReadAction","target":["https:\/\/www.leeb-balkone.com\/de\/blog\/herbstlaub-sinnvoll-nutzen\/"]}]},{"@type":"ImageObject","inLanguage":"de","@id":"https:\/\/www.leeb-balkone.com\/de\/blog\/herbstlaub-sinnvoll-nutzen\/#primaryimage","url":"https:\/\/www.leeb-balkone.com\/app\/uploads\/2023\/10\/herbstlaub-sinnvoll-verwenden-scaled.jpg","contentUrl":"https:\/\/www.leeb-balkone.com\/app\/uploads\/2023\/10\/herbstlaub-sinnvoll-verwenden-scaled.jpg","width":2560,"height":1709,"caption":"Herbstlaub im Garten - heruntergefallenes Laub sinnvoll verwenden"},{"@type":"BreadcrumbList","@id":"https:\/\/www.leeb-balkone.com\/de\/blog\/herbstlaub-sinnvoll-nutzen\/#breadcrumb","itemListElement":[{"@type":"ListItem","position":1,"name":"Home","item":"https:\/\/www.leeb-balkone.com\/de\/"},{"@type":"ListItem","position":2,"name":"Herbstlaub sinnvoll nutzen"}]},{"@type":"WebSite","@id":"https:\/\/www.leeb-balkone.com\/de\/#website","url":"https:\/\/www.leeb-balkone.com\/de\/","name":"Leeb Balkone","description":"Balkone und Z\u00e4une","publisher":{"@id":"https:\/\/www.leeb-balkone.com\/de\/#organization"},"potentialAction":[{"@type":"SearchAction","target":{"@type":"EntryPoint","urlTemplate":"https:\/\/www.leeb-balkone.com\/de\/?s={search_term_string}"},"query-input":{"@type":"PropertyValueSpecification","valueRequired":true,"valueName":"search_term_string"}}],"inLanguage":"de"},{"@type":"Organization","@id":"https:\/\/www.leeb-balkone.com\/de\/#organization","name":"Leeb Balkone Gmbh","url":"https:\/\/www.leeb-balkone.com\/de\/","logo":{"@type":"ImageObject","inLanguage":"de","@id":"https:\/\/www.leeb-balkone.com\/de\/#\/schema\/logo\/image\/","url":"https:\/\/www.leeb-balkone.com\/app\/uploads\/2020\/11\/leeb-logo.svg","contentUrl":"https:\/\/www.leeb-balkone.com\/app\/uploads\/2020\/11\/leeb-logo.svg","width":741,"height":204,"caption":"Leeb Balkone Gmbh"},"image":{"@id":"https:\/\/www.leeb-balkone.com\/de\/#\/schema\/logo\/image\/"},"sameAs":["https:\/\/www.facebook.com\/balkone\/","https:\/\/www.trustedshops.at\/bewertung\/info_X4587CCF5833E31AFE0B11F47D86999F2.html","https:\/\/www.trustedshops.de\/bewertung\/info_X7BA536A7A0BDC86D36C4718E4DCAEEEF.html","https:\/\/www.google.com\/maps\/place\/?q=place_id:ChIJ5-zH19-IcEcR9HonWRTllHI"]},{"@type":"Person","@id":"https:\/\/www.leeb-balkone.com\/de\/#\/schema\/person\/dc2e2c82db329667ee507698e220238f","name":"Herbert Weichart"}]}},"_links":{"self":[{"href":"https:\/\/www.leeb-balkone.com\/de\/wp-json\/wp\/v2\/posts\/133569","targetHints":{"allow":["GET"]}}],"collection":[{"href":"https:\/\/www.leeb-balkone.com\/de\/wp-json\/wp\/v2\/posts"}],"about":[{"href":"https:\/\/www.leeb-balkone.com\/de\/wp-json\/wp\/v2\/types\/post"}],"author":[{"embeddable":true,"href":"https:\/\/www.leeb-balkone.com\/de\/wp-json\/wp\/v2\/users\/4"}],"replies":[{"embeddable":true,"href":"https:\/\/www.leeb-balkone.com\/de\/wp-json\/wp\/v2\/comments?post=133569"}],"version-history":[{"count":4,"href":"https:\/\/www.leeb-balkone.com\/de\/wp-json\/wp\/v2\/posts\/133569\/revisions"}],"predecessor-version":[{"id":159512,"href":"https:\/\/www.leeb-balkone.com\/de\/wp-json\/wp\/v2\/posts\/133569\/revisions\/159512"}],"wp:featuredmedia":[{"embeddable":true,"href":"https:\/\/www.leeb-balkone.com\/de\/wp-json\/wp\/v2\/media\/133577"}],"wp:attachment":[{"href":"https:\/\/www.leeb-balkone.com\/de\/wp-json\/wp\/v2\/media?parent=133569"}],"wp:term":[{"taxonomy":"category","embeddable":true,"href":"https:\/\/www.leeb-balkone.com\/de\/wp-json\/wp\/v2\/categories?post=133569"},{"taxonomy":"post_tag","embeddable":true,"href":"https:\/\/www.leeb-balkone.com\/de\/wp-json\/wp\/v2\/tags?post=133569"},{"taxonomy":"post_folder","embeddable":true,"href":"https:\/\/www.leeb-balkone.com\/de\/wp-json\/wp\/v2\/post_folder?post=133569"}],"curies":[{"name":"wp","href":"https:\/\/api.w.org\/{rel}","templated":true}]}}