{"id":123432,"date":"2023-04-11T11:32:16","date_gmt":"2023-04-11T11:32:16","guid":{"rendered":"https:\/\/www.leeb-balkone.com\/de\/blog\/"},"modified":"2025-12-27T16:05:13","modified_gmt":"2025-12-27T16:05:13","slug":"showroom-stlorenzen","status":"publish","type":"post","link":"https:\/\/www.leeb-balkone.com\/de\/blog\/showroom-stlorenzen\/","title":{"rendered":"Showroom St. Lorenzen im M\u00fcrztal"},"content":{"rendered":"<header class=\"wp-block-group alignfull t3-header u-max-wide t3-header-text has-white-background-color has-background has-global-padding is-layout-constrained wp-block-group-is-layout-constrained\">\n    <div class=\"wp-block-group o-grid u-md-1 u-sm-1 is-layout-flow wp-block-group-is-layout-flow\">\n  <div class=\"wp-block-group u-g-10 u-g-s-2\">\n      <div class=\"yoast-breadcrumbs\"><span><span><a href=\"https:\/\/www.leeb-balkone.com\/de\/\">Home<\/a><\/span><\/span><\/div>\n      \n    <h1>Showroom St. Lorenzen im M\u00fcrztal<\/h1>\n  <\/div>\n<\/div>\n  <\/header>\n\n\n\n\n\n\n\n<section class=\"wp-block-cgb-t3-section-block alignfull b-pt-small  is-style-bg-white\" style=\"display:inherit;min-height:inherit\">\n<div class=\"wp-block-cgb-t3-container-block none\" style=\"background-color:none\"><div class=\"grid-container\"><div class=\"grid-x\"><div class=\"cell small-12 medium-9 large-0 medium-offset-1 b-has-lsmb\">\n<p><span class=\"teaser\">Sie sind Neukunde oder bereits stolzer Besitzer eines Leeb-Produktes und m\u00f6chten Ihr Eigenheim weiter aufwerten? Dann laden wir Sie herzlich ein in unseren neuen Schauraum in St. Lorenzen in der Steiermark<\/span> <span class=\"teaser\">. Gr\u00f6\u00dfer, sch\u00f6ner, vielf\u00e4ltiger, erlebnisreicher! <\/span><\/p>\n\n\n\n<p><br><strong>Ort:<\/strong>   M\u00fchlweg 13, 8642 St. Lorenzen im M\u00fcrztal, direkt an der S6 (Semmering Schnellstra\u00dfe)<br><strong>Kontakt und Anfahrt:<\/strong> <a href=\"https:\/\/www.google.com\/maps\/place\/Martin+Brunnhofer+-+Vertriebspartner+der+LEEB+Balkone+GmbH\/@47.4372572,15.6506237,17z\/data=!3m1!4b1!4m6!3m5!1s0x476e6cd484a75ab9:0x558d26de9bf3c609!8m2!3d47.4372536!4d15.653204!16s%2Fg%2F11b6q3g2kx\">Leeb Balkone St. Lorenzen<\/a><\/p>\n<\/div><\/div><\/div><\/div>\n\n\n\n<div class=\"wp-block-cgb-t3-container-block none\" style=\"background-color:none\"><div class=\"grid-container\"><div class=\"grid-x\"><div class=\"cell small-12 medium-0 large-0\"><div class=\"b-carousel  band slider\" data-block_acf-block-695003b769509>\n  <div class=\"slides\">\n          <div>\n\n\n\n  \n    \n          \n\n              \n        \n\n        <img loading=\"lazy\" decoding=\"async\" width=\"767\" height=\"1024\" src=\"https:\/\/www.leeb-balkone.com\/app\/uploads\/2023\/04\/Ausstellung-Brunnhofer-7-1-767x1024.jpg\" class=\"no-lazy\" alt=\"Ausstellung Brunnhofer 7 1\" srcset=\"https:\/\/www.leeb-balkone.com\/app\/uploads\/2023\/04\/Ausstellung-Brunnhofer-7-1-767x1024.jpg 767w, https:\/\/www.leeb-balkone.com\/app\/uploads\/2023\/04\/Ausstellung-Brunnhofer-7-1-225x300.jpg 225w, https:\/\/www.leeb-balkone.com\/app\/uploads\/2023\/04\/Ausstellung-Brunnhofer-7-1-768x1025.jpg 768w, https:\/\/www.leeb-balkone.com\/app\/uploads\/2023\/04\/Ausstellung-Brunnhofer-7-1-1151x1536.jpg 1151w, https:\/\/www.leeb-balkone.com\/app\/uploads\/2023\/04\/Ausstellung-Brunnhofer-7-1-1535x2048.jpg 1535w, https:\/\/www.leeb-balkone.com\/app\/uploads\/2023\/04\/Ausstellung-Brunnhofer-7-1-scaled.jpg 1918w\" sizes=\"auto, (min-width: 1200px) 1024px, (min-width: 1024px) 768px, (min-width: 640px) 768px, 768px\" \/>        \n            \n          \n  <\/div>\n\n          <div>\n\n\n\n  \n    \n          \n\n              \n        \n\n        <img loading=\"lazy\" decoding=\"async\" width=\"1024\" height=\"767\" src=\"https:\/\/www.leeb-balkone.com\/app\/uploads\/2023\/04\/Ausstellung-Brunnhofer-5-1-1024x767.jpg\" class=\"no-lazy\" alt=\"Ausstellung Brunnhofer 5 1\" srcset=\"https:\/\/www.leeb-balkone.com\/app\/uploads\/2023\/04\/Ausstellung-Brunnhofer-5-1-1024x767.jpg 1024w, https:\/\/www.leeb-balkone.com\/app\/uploads\/2023\/04\/Ausstellung-Brunnhofer-5-1-300x225.jpg 300w, https:\/\/www.leeb-balkone.com\/app\/uploads\/2023\/04\/Ausstellung-Brunnhofer-5-1-768x576.jpg 768w, https:\/\/www.leeb-balkone.com\/app\/uploads\/2023\/04\/Ausstellung-Brunnhofer-5-1-1536x1151.jpg 1536w, https:\/\/www.leeb-balkone.com\/app\/uploads\/2023\/04\/Ausstellung-Brunnhofer-5-1.jpg 2000w\" sizes=\"auto, (min-width: 1200px) 1024px, (min-width: 1024px) 768px, (min-width: 640px) 768px, 768px\" \/>        \n            \n          \n  <\/div>\n\n          <div>\n\n\n\n  \n    \n          \n\n              \n        \n\n        <img loading=\"lazy\" decoding=\"async\" width=\"1024\" height=\"767\" src=\"https:\/\/www.leeb-balkone.com\/app\/uploads\/2023\/04\/Ausstellung-Brunnhofer-3-1024x767.jpg\" class=\"no-lazy\" alt=\"Ausstellung Brunnhofer 3\" srcset=\"https:\/\/www.leeb-balkone.com\/app\/uploads\/2023\/04\/Ausstellung-Brunnhofer-3-1024x767.jpg 1024w, https:\/\/www.leeb-balkone.com\/app\/uploads\/2023\/04\/Ausstellung-Brunnhofer-3-300x225.jpg 300w, https:\/\/www.leeb-balkone.com\/app\/uploads\/2023\/04\/Ausstellung-Brunnhofer-3-768x576.jpg 768w, https:\/\/www.leeb-balkone.com\/app\/uploads\/2023\/04\/Ausstellung-Brunnhofer-3-1536x1151.jpg 1536w, https:\/\/www.leeb-balkone.com\/app\/uploads\/2023\/04\/Ausstellung-Brunnhofer-3.jpg 2000w\" sizes=\"auto, (min-width: 1200px) 1024px, (min-width: 1024px) 768px, (min-width: 640px) 768px, 768px\" \/>        \n            \n          \n  <\/div>\n\n          <div>\n\n\n\n  \n    \n          \n\n              \n        \n\n        <img loading=\"lazy\" decoding=\"async\" width=\"1024\" height=\"767\" src=\"https:\/\/www.leeb-balkone.com\/app\/uploads\/2023\/04\/Ausstellung-Brunnhofer-2-1-1024x767.jpg\" class=\"no-lazy\" alt=\"Ausstellung Brunnhofer 2 1\" srcset=\"https:\/\/www.leeb-balkone.com\/app\/uploads\/2023\/04\/Ausstellung-Brunnhofer-2-1-1024x767.jpg 1024w, https:\/\/www.leeb-balkone.com\/app\/uploads\/2023\/04\/Ausstellung-Brunnhofer-2-1-300x225.jpg 300w, https:\/\/www.leeb-balkone.com\/app\/uploads\/2023\/04\/Ausstellung-Brunnhofer-2-1-768x576.jpg 768w, https:\/\/www.leeb-balkone.com\/app\/uploads\/2023\/04\/Ausstellung-Brunnhofer-2-1-1536x1151.jpg 1536w, https:\/\/www.leeb-balkone.com\/app\/uploads\/2023\/04\/Ausstellung-Brunnhofer-2-1.jpg 2000w\" sizes=\"auto, (min-width: 1200px) 1024px, (min-width: 1024px) 768px, (min-width: 640px) 768px, 768px\" \/>        \n            \n          \n  <\/div>\n\n          <div>\n\n\n\n  \n    \n          \n\n              \n        \n\n        <img loading=\"lazy\" decoding=\"async\" width=\"1024\" height=\"767\" src=\"https:\/\/www.leeb-balkone.com\/app\/uploads\/2023\/04\/Ausstellung-Brunnhofer-6-1-1024x767.jpg\" class=\"no-lazy\" alt=\"Ausstellung Brunnhofer 6 1\" srcset=\"https:\/\/www.leeb-balkone.com\/app\/uploads\/2023\/04\/Ausstellung-Brunnhofer-6-1-1024x767.jpg 1024w, https:\/\/www.leeb-balkone.com\/app\/uploads\/2023\/04\/Ausstellung-Brunnhofer-6-1-300x225.jpg 300w, https:\/\/www.leeb-balkone.com\/app\/uploads\/2023\/04\/Ausstellung-Brunnhofer-6-1-768x576.jpg 768w, https:\/\/www.leeb-balkone.com\/app\/uploads\/2023\/04\/Ausstellung-Brunnhofer-6-1-1536x1151.jpg 1536w, https:\/\/www.leeb-balkone.com\/app\/uploads\/2023\/04\/Ausstellung-Brunnhofer-6-1.jpg 2000w\" sizes=\"auto, (min-width: 1200px) 1024px, (min-width: 1024px) 768px, (min-width: 640px) 768px, 768px\" \/>        \n            \n          \n  <\/div>\n\n          <div>\n\n\n\n  \n    \n          \n\n              \n        \n\n        <img loading=\"lazy\" decoding=\"async\" width=\"1024\" height=\"767\" src=\"https:\/\/www.leeb-balkone.com\/app\/uploads\/2023\/04\/Ausstellung-Brunnhofer-4-1-1024x767.jpg\" class=\"no-lazy\" alt=\"Ausstellung Brunnhofer 4 1\" srcset=\"https:\/\/www.leeb-balkone.com\/app\/uploads\/2023\/04\/Ausstellung-Brunnhofer-4-1-1024x767.jpg 1024w, https:\/\/www.leeb-balkone.com\/app\/uploads\/2023\/04\/Ausstellung-Brunnhofer-4-1-300x225.jpg 300w, https:\/\/www.leeb-balkone.com\/app\/uploads\/2023\/04\/Ausstellung-Brunnhofer-4-1-768x576.jpg 768w, https:\/\/www.leeb-balkone.com\/app\/uploads\/2023\/04\/Ausstellung-Brunnhofer-4-1-1536x1151.jpg 1536w, https:\/\/www.leeb-balkone.com\/app\/uploads\/2023\/04\/Ausstellung-Brunnhofer-4-1.jpg 2000w\" sizes=\"auto, (min-width: 1200px) 1024px, (min-width: 1024px) 768px, (min-width: 640px) 768px, 768px\" \/>        \n            \n          \n  <\/div>\n\n          <div>\n\n\n\n  \n    \n          \n\n              \n        \n\n        <img loading=\"lazy\" decoding=\"async\" width=\"1024\" height=\"768\" src=\"https:\/\/www.leeb-balkone.com\/app\/uploads\/2023\/04\/Ausstellung-Brunnhofer-1-1-1024x768.jpg\" class=\"no-lazy\" alt=\"Ausstellung Brunnhofer 1 1\" srcset=\"https:\/\/www.leeb-balkone.com\/app\/uploads\/2023\/04\/Ausstellung-Brunnhofer-1-1-1024x768.jpg 1024w, https:\/\/www.leeb-balkone.com\/app\/uploads\/2023\/04\/Ausstellung-Brunnhofer-1-1-300x225.jpg 300w, https:\/\/www.leeb-balkone.com\/app\/uploads\/2023\/04\/Ausstellung-Brunnhofer-1-1-768x576.jpg 768w, https:\/\/www.leeb-balkone.com\/app\/uploads\/2023\/04\/Ausstellung-Brunnhofer-1-1-1536x1152.jpg 1536w, https:\/\/www.leeb-balkone.com\/app\/uploads\/2023\/04\/Ausstellung-Brunnhofer-1-1-2048x1536.jpg 2048w\" sizes=\"auto, (min-width: 1200px) 1024px, (min-width: 1024px) 768px, (min-width: 640px) 768px, 768px\" \/>        \n            \n          \n  <\/div>\n\n      <\/div>\n\n<\/div>\n<\/div><\/div><\/div><\/div>\n\n\n\n<div class=\"wp-block-cgb-t3-container-block none\" style=\"background-color:none\"><div class=\"grid-container\"><div class=\"grid-x\"><div class=\"cell small-12 medium-9 large-0 medium-offset-1 b-has-pt b-has-lsmb\">\n<h2 class=\"wp-block-heading\">Herzlich Willkommen in St. Lorenzen im M\u00fcrztal!<\/h2>\n\n\n\n<p>Besuchen Sie uns in unserer ganz neu gestalteten Ausstellung in der Steiermark und finden Sie Ihren Traum aus Aluminium und Glas f\u00fcr Ihr Zuhause. Kostenlose Top-Beratung und 3D-Planung inklusive! Kommen, sehen und f\u00fchlen Sie das un\u00fcbertroffene Sortiment in High-End-Qualit\u00e4t: <a href=\"https:\/\/www.leeb-balkone.com\/de\/balkongelaender\/\">Balkongel\u00e4nder<\/a>, <a href=\"https:\/\/www.leeb-balkone.com\/de\/anbaubalkone\/\">Anbaubalkone<\/a>, <a href=\"https:\/\/www.leeb-balkone.com\/de\/zaeune\/\">Z\u00e4une<\/a>, <a href=\"https:\/\/www.leeb-balkone.com\/de\/ueberdachungen\/\">\u00dcberdachungen<\/a> und vieles mehr erwartet Sie im neuen Schauraum in St. Lorenzen im M\u00fcrztal neben der S6 (Semmering Schnellstra\u00dfe).<\/p>\n\n\n\n<h3 class=\"wp-block-heading\">Kostenlose Beratung und 3D-Planung f\u00fcr Ihr Zuhause<\/h3>\n\n\n\n<p>Als besonderen Service bieten wir Ihnen bei Ihrem Besuch die M\u00f6glichkeit, mit unserem 3D-Konfigurator Ihr Haus virtuell mit einem Leeb-Wunschbalkon auszustatten. Dazu ben\u00f6tigen wir lediglich ein oder mehrere digitale Fotos und die ungef\u00e4hren Ma\u00dfe des Bestandes.<\/p>\n\n\n\n<p>Wir freuen uns auf Ihren Besuch und k\u00f6nnen es kaum erwarten, Ihre individuellen W\u00fcnsche in die Realit\u00e4t umzusetzen!<\/p>\n\n\n\n<p>Ihr Leeb-Team St. Lorenzen!<br><\/p>\n<\/div><\/div><\/div><\/div>\n<\/section>\n","protected":false},"excerpt":{"rendered":"<p>Leeb Balkone hei\u00dft herzlich im neuen Schauraumes in St. Lorenzen im M\u00fcrztal in der Steiermark willkommen.<\/p>\n","protected":false},"author":3,"featured_media":123486,"comment_status":"closed","ping_status":"open","sticky":false,"template":"template-onepager.blade.php","format":"standard","meta":{"_acf_changed":false,"footnotes":""},"categories":[51,50],"tags":[],"post_folder":[],"class_list":["post-123432","post","type-post","status-publish","format-standard","has-post-thumbnail","hentry","category-aktuelles-zu-leeb-balkone","category-balkonbau-mit-leeb"],"acf":[],"yoast_head":"<!-- This site is optimized with the Yoast SEO plugin v27.2 - https:\/\/yoast.com\/product\/yoast-seo-wordpress\/ -->\n<title>Showroom St. Lorenzen im M\u00fcrztal - Leeb Balkone Deutschland<\/title>\n<meta name=\"description\" content=\"Leeb Balkone hei\u00dft herzlich im neuen Schauraumes in St. Lorenzen im M\u00fcrztal in der Steiermark willkommen.\" \/>\n<meta name=\"robots\" content=\"index, follow, max-snippet:-1, max-image-preview:large, max-video-preview:-1\" \/>\n<meta property=\"og:locale\" content=\"de_DE\" \/>\n<meta property=\"og:type\" content=\"article\" \/>\n<meta property=\"og:title\" content=\"Natur-Pool\" \/>\n<meta property=\"og:description\" content=\"Im eigenen Garten plantschen und das auf nat\u00fcrlichen und umweltfreundlichen Materialien, die sich harmonisch in Ihren Garten einf\u00fcgen.\" \/>\n<meta property=\"og:url\" content=\"https:\/\/www.leeb-balkone.com\/de\/blog\/showroom-stlorenzen\/\" \/>\n<meta property=\"og:site_name\" content=\"Leeb Balkone\" \/>\n<meta property=\"article:publisher\" content=\"https:\/\/www.facebook.com\/balkone\/\" \/>\n<meta property=\"article:published_time\" content=\"2023-04-11T11:32:16+00:00\" \/>\n<meta property=\"article:modified_time\" content=\"2025-12-27T16:05:13+00:00\" \/>\n<meta property=\"og:image\" content=\"https:\/\/www.leeb-balkone.com\/app\/uploads\/2021\/08\/natur-pool-blog-naturepool-scaled.jpg\" \/>\n\t<meta property=\"og:image:width\" content=\"2048\" \/>\n\t<meta property=\"og:image:height\" content=\"1362\" \/>\n\t<meta property=\"og:image:type\" content=\"image\/jpeg\" \/>\n<meta name=\"author\" content=\"jbacher\" \/>\n<meta name=\"twitter:card\" content=\"summary_large_image\" \/>\n<script type=\"application\/ld+json\" class=\"yoast-schema-graph\">{\"@context\":\"https:\/\/schema.org\",\"@graph\":[{\"@type\":\"Article\",\"@id\":\"https:\/\/www.leeb-balkone.com\/de\/blog\/showroom-stlorenzen\/#article\",\"isPartOf\":{\"@id\":\"https:\/\/www.leeb-balkone.com\/de\/blog\/showroom-stlorenzen\/\"},\"author\":{\"name\":\"jbacher\",\"@id\":\"https:\/\/www.leeb-balkone.com\/de\/#\/schema\/person\/15f1f398efcf4703721e46c2136421fa\"},\"headline\":\"Showroom St. Lorenzen im M\u00fcrztal\",\"datePublished\":\"2023-04-11T11:32:16+00:00\",\"dateModified\":\"2025-12-27T16:05:13+00:00\",\"mainEntityOfPage\":{\"@id\":\"https:\/\/www.leeb-balkone.com\/de\/blog\/showroom-stlorenzen\/\"},\"wordCount\":217,\"publisher\":{\"@id\":\"https:\/\/www.leeb-balkone.com\/de\/#organization\"},\"image\":{\"@id\":\"https:\/\/www.leeb-balkone.com\/de\/blog\/showroom-stlorenzen\/#primaryimage\"},\"thumbnailUrl\":\"https:\/\/www.leeb-balkone.com\/app\/uploads\/2023\/04\/Ausstellung-Brunnhofer-2-1.jpg\",\"articleSection\":[\"Aktuelles zu Leeb Balkone\",\"Balkonbau mit Leeb\"],\"inLanguage\":\"de\"},{\"@type\":\"WebPage\",\"@id\":\"https:\/\/www.leeb-balkone.com\/de\/blog\/showroom-stlorenzen\/\",\"url\":\"https:\/\/www.leeb-balkone.com\/de\/blog\/showroom-stlorenzen\/\",\"name\":\"Showroom St. Lorenzen im M\u00fcrztal - Leeb Balkone\",\"isPartOf\":{\"@id\":\"https:\/\/www.leeb-balkone.com\/de\/#website\"},\"primaryImageOfPage\":{\"@id\":\"https:\/\/www.leeb-balkone.com\/de\/blog\/showroom-stlorenzen\/#primaryimage\"},\"image\":{\"@id\":\"https:\/\/www.leeb-balkone.com\/de\/blog\/showroom-stlorenzen\/#primaryimage\"},\"thumbnailUrl\":\"https:\/\/www.leeb-balkone.com\/app\/uploads\/2023\/04\/Ausstellung-Brunnhofer-2-1.jpg\",\"datePublished\":\"2023-04-11T11:32:16+00:00\",\"dateModified\":\"2025-12-27T16:05:13+00:00\",\"description\":\"Leeb Balkone hei\u00dft herzlich im neuen Schauraumes in St. Lorenzen im M\u00fcrztal in der Steiermark willkommen.\",\"breadcrumb\":{\"@id\":\"https:\/\/www.leeb-balkone.com\/de\/blog\/showroom-stlorenzen\/#breadcrumb\"},\"inLanguage\":\"de\",\"potentialAction\":[{\"@type\":\"ReadAction\",\"target\":[\"https:\/\/www.leeb-balkone.com\/de\/blog\/showroom-stlorenzen\/\"]}]},{\"@type\":\"ImageObject\",\"inLanguage\":\"de\",\"@id\":\"https:\/\/www.leeb-balkone.com\/de\/blog\/showroom-stlorenzen\/#primaryimage\",\"url\":\"https:\/\/www.leeb-balkone.com\/app\/uploads\/2023\/04\/Ausstellung-Brunnhofer-2-1.jpg\",\"contentUrl\":\"https:\/\/www.leeb-balkone.com\/app\/uploads\/2023\/04\/Ausstellung-Brunnhofer-2-1.jpg\",\"width\":2000,\"height\":1499},{\"@type\":\"BreadcrumbList\",\"@id\":\"https:\/\/www.leeb-balkone.com\/de\/blog\/showroom-stlorenzen\/#breadcrumb\",\"itemListElement\":[{\"@type\":\"ListItem\",\"position\":1,\"name\":\"Home\",\"item\":\"https:\/\/www.leeb-balkone.com\/de\/\"},{\"@type\":\"ListItem\",\"position\":2,\"name\":\"Showroom St. Lorenzen im M\u00fcrztal\"}]},{\"@type\":\"WebSite\",\"@id\":\"https:\/\/www.leeb-balkone.com\/de\/#website\",\"url\":\"https:\/\/www.leeb-balkone.com\/de\/\",\"name\":\"Leeb Balkone\",\"description\":\"Balkone und Z\u00e4une\",\"publisher\":{\"@id\":\"https:\/\/www.leeb-balkone.com\/de\/#organization\"},\"potentialAction\":[{\"@type\":\"SearchAction\",\"target\":{\"@type\":\"EntryPoint\",\"urlTemplate\":\"https:\/\/www.leeb-balkone.com\/de\/?s={search_term_string}\"},\"query-input\":{\"@type\":\"PropertyValueSpecification\",\"valueRequired\":true,\"valueName\":\"search_term_string\"}}],\"inLanguage\":\"de\"},{\"@type\":\"Organization\",\"@id\":\"https:\/\/www.leeb-balkone.com\/de\/#organization\",\"name\":\"Leeb Balkone Gmbh\",\"url\":\"https:\/\/www.leeb-balkone.com\/de\/\",\"logo\":{\"@type\":\"ImageObject\",\"inLanguage\":\"de\",\"@id\":\"https:\/\/www.leeb-balkone.com\/de\/#\/schema\/logo\/image\/\",\"url\":\"https:\/\/www.leeb-balkone.com\/app\/uploads\/2020\/11\/leeb-logo.svg\",\"contentUrl\":\"https:\/\/www.leeb-balkone.com\/app\/uploads\/2020\/11\/leeb-logo.svg\",\"width\":741,\"height\":204,\"caption\":\"Leeb Balkone Gmbh\"},\"image\":{\"@id\":\"https:\/\/www.leeb-balkone.com\/de\/#\/schema\/logo\/image\/\"},\"sameAs\":[\"https:\/\/www.facebook.com\/balkone\/\",\"https:\/\/www.trustedshops.at\/bewertung\/info_X4587CCF5833E31AFE0B11F47D86999F2.html\",\"https:\/\/www.trustedshops.de\/bewertung\/info_X7BA536A7A0BDC86D36C4718E4DCAEEEF.html\",\"https:\/\/www.google.com\/maps\/place\/?q=place_id:ChIJ5-zH19-IcEcR9HonWRTllHI\"]},{\"@type\":\"Person\",\"@id\":\"https:\/\/www.leeb-balkone.com\/de\/#\/schema\/person\/15f1f398efcf4703721e46c2136421fa\",\"name\":\"jbacher\"}]}<\/script>\n<!-- \/ Yoast SEO plugin. -->","yoast_head_json":{"title":"Showroom St. Lorenzen im M\u00fcrztal - Leeb Balkone Deutschland","description":"Leeb Balkone hei\u00dft herzlich im neuen Schauraumes in St. Lorenzen im M\u00fcrztal in der Steiermark willkommen.","robots":{"index":"index","follow":"follow","max-snippet":"max-snippet:-1","max-image-preview":"max-image-preview:large","max-video-preview":"max-video-preview:-1"},"og_locale":"de_DE","og_type":"article","og_title":"Natur-Pool","og_description":"Im eigenen Garten plantschen und das auf nat\u00fcrlichen und umweltfreundlichen Materialien, die sich harmonisch in Ihren Garten einf\u00fcgen.","og_url":"https:\/\/www.leeb-balkone.com\/de\/blog\/showroom-stlorenzen\/","og_site_name":"Leeb Balkone","article_publisher":"https:\/\/www.facebook.com\/balkone\/","article_published_time":"2023-04-11T11:32:16+00:00","article_modified_time":"2025-12-27T16:05:13+00:00","og_image":[{"width":2048,"height":1362,"url":"https:\/\/www.leeb-balkone.com\/app\/uploads\/2021\/08\/natur-pool-blog-naturepool-scaled.jpg","type":"image\/jpeg"}],"author":"jbacher","twitter_card":"summary_large_image","schema":{"@context":"https:\/\/schema.org","@graph":[{"@type":"Article","@id":"https:\/\/www.leeb-balkone.com\/de\/blog\/showroom-stlorenzen\/#article","isPartOf":{"@id":"https:\/\/www.leeb-balkone.com\/de\/blog\/showroom-stlorenzen\/"},"author":{"name":"jbacher","@id":"https:\/\/www.leeb-balkone.com\/de\/#\/schema\/person\/15f1f398efcf4703721e46c2136421fa"},"headline":"Showroom St. Lorenzen im M\u00fcrztal","datePublished":"2023-04-11T11:32:16+00:00","dateModified":"2025-12-27T16:05:13+00:00","mainEntityOfPage":{"@id":"https:\/\/www.leeb-balkone.com\/de\/blog\/showroom-stlorenzen\/"},"wordCount":217,"publisher":{"@id":"https:\/\/www.leeb-balkone.com\/de\/#organization"},"image":{"@id":"https:\/\/www.leeb-balkone.com\/de\/blog\/showroom-stlorenzen\/#primaryimage"},"thumbnailUrl":"https:\/\/www.leeb-balkone.com\/app\/uploads\/2023\/04\/Ausstellung-Brunnhofer-2-1.jpg","articleSection":["Aktuelles zu Leeb Balkone","Balkonbau mit Leeb"],"inLanguage":"de"},{"@type":"WebPage","@id":"https:\/\/www.leeb-balkone.com\/de\/blog\/showroom-stlorenzen\/","url":"https:\/\/www.leeb-balkone.com\/de\/blog\/showroom-stlorenzen\/","name":"Showroom St. Lorenzen im M\u00fcrztal - Leeb Balkone","isPartOf":{"@id":"https:\/\/www.leeb-balkone.com\/de\/#website"},"primaryImageOfPage":{"@id":"https:\/\/www.leeb-balkone.com\/de\/blog\/showroom-stlorenzen\/#primaryimage"},"image":{"@id":"https:\/\/www.leeb-balkone.com\/de\/blog\/showroom-stlorenzen\/#primaryimage"},"thumbnailUrl":"https:\/\/www.leeb-balkone.com\/app\/uploads\/2023\/04\/Ausstellung-Brunnhofer-2-1.jpg","datePublished":"2023-04-11T11:32:16+00:00","dateModified":"2025-12-27T16:05:13+00:00","description":"Leeb Balkone hei\u00dft herzlich im neuen Schauraumes in St. Lorenzen im M\u00fcrztal in der Steiermark willkommen.","breadcrumb":{"@id":"https:\/\/www.leeb-balkone.com\/de\/blog\/showroom-stlorenzen\/#breadcrumb"},"inLanguage":"de","potentialAction":[{"@type":"ReadAction","target":["https:\/\/www.leeb-balkone.com\/de\/blog\/showroom-stlorenzen\/"]}]},{"@type":"ImageObject","inLanguage":"de","@id":"https:\/\/www.leeb-balkone.com\/de\/blog\/showroom-stlorenzen\/#primaryimage","url":"https:\/\/www.leeb-balkone.com\/app\/uploads\/2023\/04\/Ausstellung-Brunnhofer-2-1.jpg","contentUrl":"https:\/\/www.leeb-balkone.com\/app\/uploads\/2023\/04\/Ausstellung-Brunnhofer-2-1.jpg","width":2000,"height":1499},{"@type":"BreadcrumbList","@id":"https:\/\/www.leeb-balkone.com\/de\/blog\/showroom-stlorenzen\/#breadcrumb","itemListElement":[{"@type":"ListItem","position":1,"name":"Home","item":"https:\/\/www.leeb-balkone.com\/de\/"},{"@type":"ListItem","position":2,"name":"Showroom St. Lorenzen im M\u00fcrztal"}]},{"@type":"WebSite","@id":"https:\/\/www.leeb-balkone.com\/de\/#website","url":"https:\/\/www.leeb-balkone.com\/de\/","name":"Leeb Balkone","description":"Balkone und Z\u00e4une","publisher":{"@id":"https:\/\/www.leeb-balkone.com\/de\/#organization"},"potentialAction":[{"@type":"SearchAction","target":{"@type":"EntryPoint","urlTemplate":"https:\/\/www.leeb-balkone.com\/de\/?s={search_term_string}"},"query-input":{"@type":"PropertyValueSpecification","valueRequired":true,"valueName":"search_term_string"}}],"inLanguage":"de"},{"@type":"Organization","@id":"https:\/\/www.leeb-balkone.com\/de\/#organization","name":"Leeb Balkone Gmbh","url":"https:\/\/www.leeb-balkone.com\/de\/","logo":{"@type":"ImageObject","inLanguage":"de","@id":"https:\/\/www.leeb-balkone.com\/de\/#\/schema\/logo\/image\/","url":"https:\/\/www.leeb-balkone.com\/app\/uploads\/2020\/11\/leeb-logo.svg","contentUrl":"https:\/\/www.leeb-balkone.com\/app\/uploads\/2020\/11\/leeb-logo.svg","width":741,"height":204,"caption":"Leeb Balkone Gmbh"},"image":{"@id":"https:\/\/www.leeb-balkone.com\/de\/#\/schema\/logo\/image\/"},"sameAs":["https:\/\/www.facebook.com\/balkone\/","https:\/\/www.trustedshops.at\/bewertung\/info_X4587CCF5833E31AFE0B11F47D86999F2.html","https:\/\/www.trustedshops.de\/bewertung\/info_X7BA536A7A0BDC86D36C4718E4DCAEEEF.html","https:\/\/www.google.com\/maps\/place\/?q=place_id:ChIJ5-zH19-IcEcR9HonWRTllHI"]},{"@type":"Person","@id":"https:\/\/www.leeb-balkone.com\/de\/#\/schema\/person\/15f1f398efcf4703721e46c2136421fa","name":"jbacher"}]}},"_links":{"self":[{"href":"https:\/\/www.leeb-balkone.com\/de\/wp-json\/wp\/v2\/posts\/123432","targetHints":{"allow":["GET"]}}],"collection":[{"href":"https:\/\/www.leeb-balkone.com\/de\/wp-json\/wp\/v2\/posts"}],"about":[{"href":"https:\/\/www.leeb-balkone.com\/de\/wp-json\/wp\/v2\/types\/post"}],"author":[{"embeddable":true,"href":"https:\/\/www.leeb-balkone.com\/de\/wp-json\/wp\/v2\/users\/3"}],"replies":[{"embeddable":true,"href":"https:\/\/www.leeb-balkone.com\/de\/wp-json\/wp\/v2\/comments?post=123432"}],"version-history":[{"count":2,"href":"https:\/\/www.leeb-balkone.com\/de\/wp-json\/wp\/v2\/posts\/123432\/revisions"}],"predecessor-version":[{"id":162555,"href":"https:\/\/www.leeb-balkone.com\/de\/wp-json\/wp\/v2\/posts\/123432\/revisions\/162555"}],"wp:featuredmedia":[{"embeddable":true,"href":"https:\/\/www.leeb-balkone.com\/de\/wp-json\/wp\/v2\/media\/123486"}],"wp:attachment":[{"href":"https:\/\/www.leeb-balkone.com\/de\/wp-json\/wp\/v2\/media?parent=123432"}],"wp:term":[{"taxonomy":"category","embeddable":true,"href":"https:\/\/www.leeb-balkone.com\/de\/wp-json\/wp\/v2\/categories?post=123432"},{"taxonomy":"post_tag","embeddable":true,"href":"https:\/\/www.leeb-balkone.com\/de\/wp-json\/wp\/v2\/tags?post=123432"},{"taxonomy":"post_folder","embeddable":true,"href":"https:\/\/www.leeb-balkone.com\/de\/wp-json\/wp\/v2\/post_folder?post=123432"}],"curies":[{"name":"wp","href":"https:\/\/api.w.org\/{rel}","templated":true}]}}