{"id":76088,"date":"2023-03-31T09:00:57","date_gmt":"2023-03-31T09:00:57","guid":{"rendered":"https:\/\/www.leeb-balkone.com\/de\/blog\/"},"modified":"2025-09-17T14:00:24","modified_gmt":"2025-09-17T14:00:24","slug":"rasenpflege-im-fruehjahr","status":"publish","type":"post","link":"https:\/\/www.leeb-balkone.com\/ch\/blog\/rasenpflege-im-fruehjahr\/","title":{"rendered":"Rasenpflege im Fr\u00fchjahr &#8211; was der Rasen nach dem Winter braucht"},"content":{"rendered":"<header class=\"wp-block-group alignfull t3-header u-max-wide t3-header-text has-white-background-color has-background has-global-padding is-layout-constrained wp-block-group-is-layout-constrained\">\n    <div class=\"wp-block-group o-grid u-md-1 u-sm-1 is-layout-flow wp-block-group-is-layout-flow\">\n  <div class=\"wp-block-group u-g-10 u-g-s-2\">\n      <div class=\"yoast-breadcrumbs\"><span><span><a href=\"https:\/\/www.leeb-balkone.com\/ch\/\">Home<\/a><\/span><\/span><\/div>\n      \n    <h1>Rasenpflege im Fr\u00fchjahr &#8211; was der Rasen nach dem Winter braucht<\/h1>\n  <\/div>\n<\/div>\n  <\/header>\n\n\n\n\n\n\n\n<section class=\"wp-block-cgb-t3-section-block alignfull b-pt-small  is-style-bg-white\" style=\"display:inherit;min-height:inherit\">\n<div class=\"wp-block-cgb-t3-container-block none\" style=\"background-color:none\"><div class=\"grid-container\"><div class=\"grid-x\"><div class=\"cell small-12 medium-9 large-0 medium-offset-1 b-has-lsmb\">\n<p><span class=\"teaser\">Schneelast, K\u00e4lte und viel N\u00e4sse beanspruchen den Rasen \u00fcber die kalten Wintermonate hinweg stark. Umso wichtiger ist eine intensive Rasenpflege im Fr\u00fchjahr, die daf\u00fcr sorgt, dass der Rasenflor bestm\u00f6gliche Startbedingungen f\u00fcr das kommende Jahr vorfindet. Wir haben zusammengefasst, welche Arbeiten im Bereich der Rasenpflege im Fr\u00fchjahr anstehen und wie Sie Ihren Rasen nach dem Winter fit machen.<\/span><\/p>\n<\/div><\/div><\/div><\/div>\n\n\n\n<div class=\"wp-block-cgb-t3-container-block none\" style=\"background-color:none\"><div class=\"grid-container\"><div class=\"grid-x\"><div class=\"cell small-12 medium-0 large-0\"><div id=\"lightgallery-block_acf-block-68cabef596cd6\" data-block_acf-block-68cabef596cd6 class=\"has-1-imgs b-cards b-cards--gallery u-grid-temp has-1-cols u-md-2 u-sm-1 wp-block-group is-layout-grid wp-block-group-is-layout-grid gallery alignwide\">\n\n        <div class=\"b-cards__item\">\n\n        \n      <figure>\n                 <img loading=\"lazy\" decoding=\"async\" width=\"1536\" height=\"909\" src=\"https:\/\/www.leeb-balkone.com\/app\/uploads\/2022\/03\/rasenpflege-im-fruehjahr-1536x909.jpg\" class=\"attachment-1536x1536 size-1536x1536\" alt=\"Sch\u00f6ner Rasen mit rechtzeitiger Rasenpflege im Fr\u00fchjahr!\" srcset=\"https:\/\/www.leeb-balkone.com\/app\/uploads\/2022\/03\/rasenpflege-im-fruehjahr-1536x909.jpg 1536w, https:\/\/www.leeb-balkone.com\/app\/uploads\/2022\/03\/rasenpflege-im-fruehjahr-300x178.jpg 300w, https:\/\/www.leeb-balkone.com\/app\/uploads\/2022\/03\/rasenpflege-im-fruehjahr-1024x606.jpg 1024w, https:\/\/www.leeb-balkone.com\/app\/uploads\/2022\/03\/rasenpflege-im-fruehjahr-768x455.jpg 768w, https:\/\/www.leeb-balkone.com\/app\/uploads\/2022\/03\/rasenpflege-im-fruehjahr-scaled.jpg 2048w\" sizes=\"auto, (min-width: 1200px) 100vw, (min-width: 1024px) 1536px, (min-width: 640px) 768px, 768px\" \/>              <\/figure>\n\n                  \n        <div class=\"caption\">\n                          <p>Sch\u00f6ner Rasen mit rechtzeitiger Rasenpflege im Fr\u00fchjahr!\n              <\/div>\n  \n<\/div>\n\n    <\/div>\n\n<\/div><\/div><\/div><\/div>\n\n\n\n<div class=\"wp-block-cgb-t3-container-block none\" style=\"background-color:none\"><div class=\"grid-container\"><div class=\"grid-x\"><div class=\"cell small-12 medium-9 large-0 medium-offset-1 b-has-lsmb\">\n<p>Ein gepflegter Rasen erfreut das Auge. Damit der Rasen jedoch gr\u00fcn und dicht w\u00e4chst, ist eine wohldurchdachte Rasenpflege im Fr\u00fchjahr essentiell.&nbsp;Denn gerade nach dem Winter ben\u00f6tigt der Rasen besonders viel Zuwendung, um die Strapazen der frostigen Monate schnell hinter sich zu lassen. Dabei sollte darauf geachtet werden, wann der Rasen zum ersten Mal gem\u00e4ht wird, wie tief der Rasen nach dem Winter geschnitten werden darf, wann er ged\u00fcngt werden soll und wann vertikutiert. Auch die Reihenfolge der Rasenpflege ist im Fr\u00fchjahr entscheiden, wenn die gr\u00fcnen Halme ergiebig und gesund sprie\u00dfen sollten.<\/p>\n\n\n\n<h2 class=\"wp-block-heading\"><strong>Das Freilegen und Vorbereiten der Rasenfl\u00e4chen nach dem Winter<\/strong><\/h2>\n\n\n\n<p>Wenn der Schnee vollends geschmolzen ist, offenbart sich f\u00fcr Rasenfreunde meist kein sch\u00f6ner Anblick. Der Rasen nach dem Winter ist uneben und \u00fcbers\u00e4t von \u00c4sten, Laub und Maulwurfsh\u00fcgeln. Darum ist der erste Schritt der Rasenpflege im Fr\u00fchjahr dessen sorgf\u00e4ltige S\u00e4uberung. Mithilfe eines Rechens lassen sich Gestr\u00fcpp und nasses Laub problemlos entfernen. Noch schonender funktioniert die Reinigung des Rasens nach dem Winter mit einem Laubbesen. So werden auch verklebte Rasenteile gel\u00f6st. Moos und Unkraut kann mittels Harke herausgel\u00f6st werden. Wer Maulw\u00fcrfen seinen Rasen als Heimat zur Verf\u00fcgung stellt, muss sich auch nicht weiter um etwaige Erdh\u00fcgel sorgen. Alle anderen treten die Ausg\u00e4nge mit dem Fu\u00df fest und tragen die \u00fcbersch\u00fcssige Erde ab oder verteilen sie. Weitere Unebenheiten auf der Gr\u00fcnfl\u00e4che k\u00f6nnen mit etwas gut verteilter Erde problemlos ausgeglichen werden. Bereits nach wenigen Wochen werden die Gr\u00e4ser sich durch die Erde wieder nach oben erheben. Wer auf Nummer sicher gehen will, kann an diesen Stellen auch etwas Gras nachs\u00e4en. Zur abschlie\u00dfenden Auflockerung des Bodens k\u00f6nnen L\u00f6cher mittels einer Harke gestochen werden, die man dann vorsichtig vor und zur\u00fcck schiebt.&nbsp;<\/p>\n\n\n\n<h3 class=\"wp-block-heading\"><strong>Warum ist der Rasen nach dem Winter braun?<\/strong><\/h3>\n\n\n\n<p>Die kalten Wintermonate setzen jedem Rasen stark zu. Darum zeigen sich im Fr\u00fchjahr oft braune oder gelbe Stellen und die Grashalme sind zudem umgeknickt und verklebt. Auch Schneeschimmel kann sich gebildet haben. Schuld daran ist meist die Staun\u00e4sse. Wenn sich im Winter viel Schnee auf den Rasen legt und dieser dann schmilzt, hat der Rasen mit zu viel N\u00e4sse zu k\u00e4mpfen und kann sogar verfaulen. Einer weitere Ursache f\u00fcr braunen oder gelben Rasen nach dem Winter ist der Zyklus der Gr\u00e4ser selbst. Sobald die Bodentemperatur unter acht Grad f\u00e4llt, reduziert sich auch die Photosynthese der Pflanzen. Je nach Rasensorte kann die braune F\u00e4rbung nach dem Winter unterschiedlich stark ausgepr\u00e4gt ausfallen.<\/p>\n\n\n\n<h2 class=\"wp-block-heading\"><strong>Den Rasen nach dem Winter m\u00e4hen<\/strong><\/h2>\n\n\n\n<p>Wenn die Sonne den Boden erstmals auf \u00fcber acht Grad erw\u00e4rmt und kein weiterer Dauerfrost hereinbricht, beginnt der Rasen im Fr\u00fchling zu wachsen. Dies ist in unseren Breitengraden fr\u00fchestens Ende M\u00e4rz der Fall, meist jedoch erst im April. Wenn die Rasenpflege im Fr\u00fchjahr demnach begonnen hat und die Gr\u00fcnfl\u00e4chen ausreichend ges\u00e4ubert wurden, steht bald der erste Rasenschnitt ins Haus.<\/p>\n\n\n\n<h3 class=\"wp-block-heading\"><strong>Wann das erste Mal nach dem Winter den Rasen m\u00e4hen?<\/strong><\/h3>\n\n\n\n<p>W\u00e4chst das Gras in Ihrem Garten erstmals im Jahr, ist es auch an der Zeit den Rasenm\u00e4her wieder flott zu machen. Wann genau der perfekte Zeitpunkt f\u00fcr die erste Mahd erreicht ist, l\u00e4sst sich nicht pauschal festlegen, meist jedoch ist der Rasen nach dem Winter das erste Mal im April zu m\u00e4hen. Der richtige Moment ist kaum zu \u00fcbersehen. <strong>Sobald der Rasen n\u00e4mlich doppelt so hoch wie die gew\u00fcnschte beziehungsweise die empfohlene Schnitth\u00f6he ist, kann er zum ersten Mal im neuen Jahr gem\u00e4ht werden<\/strong>. Wann genau das ist, h\u00e4ngt vor allem von der Witterung ab. Unter keinen Umst\u00e4nden sollte der Rasen nach dem Winter zu fr\u00fch gem\u00e4ht werden. Da es im April vor allem nachts noch sehr kalt werden kann und auch die Gefahr von Sp\u00e4tfrost besteht, kann eine zu fr\u00fche Mahd zu Frostsch\u00e4den f\u00fchren. Die frischen, hellgr\u00fcnen Blattspitzen der Gr\u00e4ser sind f\u00fcr solch eine K\u00e4lte noch nicht ausreichend abgeh\u00e4rtet.<\/p>\n\n\n\n<h3 class=\"wp-block-heading\"><strong>Auf welche Schnitth\u00f6he wird der Rasen nach dem Winter gem\u00e4ht?<\/strong><\/h3>\n\n\n\n<p>Doch nicht nur ein zu fr\u00fches M\u00e4hen kann die Rasenpflege schon im Fr\u00fchjahr negativ beeinflussen. Werden die Gr\u00e4ser n\u00e4mlich zu kurz geschnitten, kann das ebenfalls zu Problemen f\u00fchren. Bei einem zu kurz getrimmten Rasen liegen n\u00e4mlich die Graswurzeln frei. Und da es im Fr\u00fchjahr noch Frost geben kann, wird es den Halmen unter Umst\u00e4nden zu kalt. Dar\u00fcber hinaus sorgt eine nicht zu kurze Halml\u00e4nge daf\u00fcr, dass ausreichend Feuchtigkeit in den Pflanzen bleibt. Wie kurz der Rasen nach dem Winter geschnitten werden soll, h\u00e4ngt auch vom Typ des Rasens ab. Deshalb sollten Sie im Fr\u00fchjahr, ehe Sie damit beginnen auf der gewohnten H\u00f6he zu m\u00e4hen, nicht mehr als ein Drittel der L\u00e4nge eines Grashalmes abschneiden. Gerade am Anfang der Wachstumsperiode darf der durch den Winter strapazierte Rasen ruhig ein bis zwei Zentimeter l\u00e4nger sein als sonst \u00fcblich. Bei Grasfl\u00e4chen in schattiger Lage, sollte die Schnitth\u00f6he zudem niemals f\u00fcnf Zentimeter unterschreiten. In der nachstehenden Tabelle ist die Zielschnitth\u00f6he der g\u00e4ngigsten Rasentypen notiert.<\/p>\n\n\n\n<figure class=\"wp-block-table\"><table><tbody><tr><td>Typ des Rasens<\/td><td>Empfohlene Mindestschnitth\u00f6he<\/td><\/tr><tr><td>Zierrasen oder englischer Rasen<\/td><td>2 bis 3 cm<\/td><\/tr><tr><td>Mulchrasen<\/td><td>3 bis 4 cm<\/td><\/tr><tr><td>Strapazierrasen oder Sportrasen<\/td><td>3 \u00bd bis 4 cm<\/td><\/tr><tr><td>Gebrauchsrasen oder Spielrasen<\/td><td>3 bis 4 \u00bd cm<\/td><\/tr><tr><td>Schattenrasen<\/td><td>4 bis 5 cm<\/td><\/tr><tr><td>Rasen f\u00fcr trockene Standorte<\/td><td>4 bis 5 cm<\/td><\/tr><tr><td>Kr\u00e4uterrasen<\/td><td>6 bis 10 cm<\/td><\/tr><\/tbody><\/table><\/figure>\n\n\n\n<h2 class=\"wp-block-heading\"><strong>Den Rasen nach dem Winter richtig d\u00fcngen<\/strong><\/h2>\n\n\n\n<p>Der Rasen kann nach dem Winter nur dann schnell wieder gr\u00fcn und kr\u00e4ftig werden, wenn er bereits im Fr\u00fchjahr mit den n\u00f6tigen N\u00e4hrstoffen in ausreichender Menge versorgt wird. Die Kombination aus warmen Temperaturen, vermehrter Sonneneinstrahlung und ad\u00e4quater D\u00fcngerbeigabe schafft ideale Wachstumsbedingungen f\u00fcr den Rasen. Dadurch bilden die Gr\u00e4ser starke Wurzeln sowie \u00fcppige Horste und auch Ausl\u00e4ufer. Zeit spielt bei der optimalen D\u00fcngung im Rahmen der Rasenpflege im Fr\u00fchjahr eine wesentliche Rolle. Zu allererst h\u00e4ngt es von den <strong>Temperaturen<\/strong> ab, wann die erste D\u00fcngung ausgebracht wird. Doch ebenso spielen weitere Faktoren eine wichtige Rolle. So beeinflussen <strong>Bodenart, Art des Rasend\u00fcngers, Witterung und sogar die Intensit\u00e4t der Rasennutzung<\/strong> die Wahl des perfekten D\u00fcngetermins. Wurde der Rasen im Vorjahr durchgehend gemulcht und mit gen\u00fcgend N\u00e4hrstoffen versorgt, ist eine Fr\u00fchjahrsd\u00fcngung nicht immer notwendig. Folgende D\u00fcngeregeln gilt es zu beachten:<\/p>\n\n\n\n<ul class=\"wp-block-list\">\n<li>Damit sich die N\u00e4hrstoffe eines Rasend\u00fcngers richtig entfalten k\u00f6nnen, sollte er an einem Tag in den Boden gearbeitet werden, an dem es bereits regnet oder sicher zu regnen beginnt. Alternativ ist eine k\u00fcnstliche Beregnung zu empfehlen.<\/li>\n\n\n\n<li>Der D\u00fcnger sollte gleichm\u00e4\u00dfig auf dem Rasen verteilt werden, damit keine Verbrennungen oder optisch leicht erkennbare,&nbsp; nicht ged\u00fcngte Stellen entstehen. Dies kann ein D\u00fcngestreuer gew\u00e4hrleisten.<\/li>\n\n\n\n<li>Eine \u00dcberd\u00fcngung schadet dem Rasen mehr, als sie n\u00fctzt. Vor allem bei mineralischen D\u00fcngern sollte man daher sehr vorsichtig bei der Dosierung sein.<\/li>\n\n\n\n<li>Im Fr\u00fchjahr sollte der Rasen stickstoffbetont ged\u00fcngt werden.<\/li>\n<\/ul>\n\n\n\n<h3 class=\"wp-block-heading\"><strong>Wann den Rasen nach dem Winter d\u00fcngen?<\/strong><\/h3>\n\n\n\n<p>Sobald der Boden eine Temperatur von acht Grad erreicht hat, ben\u00f6tigt der Rasen im Fr\u00fchjahr auch N\u00e4hrstoffe zum Wachsen. Je nach Bodenart variiert der ideale Zeitpunkt f\u00fcr die D\u00fcngung zwar, jedoch liegt der empfohlene Termin meist um <strong>Ende M\u00e4rz oder Anfang April<\/strong>. Sandige B\u00f6den werden tendenziell fr\u00fcher ged\u00fcngt, da sie N\u00e4hrstoffe wesentlich schlechter speichern k\u00f6nnen als andere Bodenarten. Dies ist auf die geringe Dichte an Tonmineralien und Humusmolek\u00fclen sowie weiteren essentiellen Bodenteilchen zur\u00fcckzuf\u00fchren. Im Gegensatz dazu, befindet sich eine gro\u00dfe Anzahl dieser Bodenteilchen in tonigen oder fetten B\u00f6den, so dass sie N\u00e4hrstoffe ausgezeichnet speichern k\u00f6nnen. Daf\u00fcr sind die so genannten Ton-Humus-Komplexe verantwortlich. Daraus ergeben sich folgende D\u00fcnge-Empfehlungen f\u00fcr die Rasenpflege im Fr\u00fchjahr:<\/p>\n\n\n\n<ul class=\"wp-block-list\">\n<li><strong>Sandige, leichte B\u00f6den<\/strong> sollten bereits <strong>Ende M\u00e4rz, Anfang April<\/strong> ged\u00fcngt werden, wenn der Boden eine Temperatur von acht Grad erreicht.<\/li>\n\n\n\n<li><strong>Tonige, fette B\u00f6den<\/strong>, holen sich die n\u00f6tigen N\u00e4hrstoffe im Fr\u00fchjahr noch immer aus der Herbstd\u00fcngung des vorangegangenen Jahres und muss erst gegen <strong>Ende Mai<\/strong> erneut ged\u00fcngt werden. <strong><\/strong><\/li>\n\n\n\n<li>Bei<strong> Mischb\u00f6den aus diesen beiden Typen <\/strong>l\u00e4sst die N\u00e4hrstoffversorgung und somit auch die Wachstumsleistung irgendwann <strong>zwischen den genannten Datumsbereichen (also Ende April bis Anfang Mai)<\/strong> nach. Sie erkennen den passenden Zeitpunkt f\u00fcr eine D\u00fcngung daran, dass Sie pl\u00f6tzlich seltener m\u00e4hen m\u00fcssen. <strong><\/strong><\/li>\n<\/ul>\n\n\n\n<h3 class=\"wp-block-heading\"><strong>Welcher Rasend\u00fcnger nach dem Winter?<\/strong><\/h3>\n\n\n\n<p>Wer seinen Rasen d\u00fcngen will, wird in Bauh\u00e4usern und Gartencentern von einer gro\u00dfen Auswahl an Produkten \u00fcberrascht. Grob k\u00f6nnen die D\u00fcngeprodukte in die Kategorien organisch, organisch-mineralisch sowie mineralisch eingeteilt werden. Bei <strong>organischem Rasend\u00fcnger<\/strong> reichen <strong>ein bis drei Anwendungen pro Jahr<\/strong>, w\u00e4hrend ein <strong>mineralischer Rasend\u00fcnger<\/strong> <strong>bis zu sechs Mal im Jahr <\/strong>ausgestreut werden muss. Selbstverst\u00e4ndlich hat jede Rasend\u00fcngerart Vorteile und Nachteile.<\/p>\n\n\n\n<figure class=\"wp-block-table\"><table><tbody><tr><td><strong>Organischer Rasend\u00fcnger<\/strong><\/td><\/tr><tr><td>Vorteile<\/td><td>Nachteile<\/td><\/tr><tr><td>Verbessert nachhaltig den Boden<\/td><td>Entfaltet seine Wirkung erst langsam<\/td><\/tr><tr><td>\u00dcberd\u00fcngung nicht m\u00f6glich<\/td><td>Etwas teurer als mineralische D\u00fcnger<\/td><\/tr><tr><td>Von Natur aus lange Wirkung<\/td><td>&nbsp;<\/td><\/tr><tr><td>Wirkt sich positiv auf das Bodenleben aus<\/td><td>&nbsp;<\/td><\/tr><tr><td>Ohne gro\u00dfen Aufwand d\u00fcngen<\/td><td>&nbsp;<\/td><\/tr><tr><td>Umweltfreundlich und nachhaltig<\/td><td>&nbsp;<\/td><\/tr><tr><td><strong>Mineralischer Rasend\u00fcnger<\/strong><\/td><\/tr><tr><td>Vorteile<\/td><td>Nachteile<\/td><\/tr><tr><td>N\u00e4hrstoffe sind sehr schnell verf\u00fcgbar<\/td><td>Gefahr der \u00dcberd\u00fcngung und Pflanzensch\u00e4den<\/td><\/tr><tr><td>N\u00e4hrstoffgehalt ist sehr hoch<\/td><td>Keine langanhaltende Wirkung<\/td><\/tr><tr><td>G\u00fcnstiger als organischer D\u00fcnger<\/td><td>Fast doppelt so viel Arbeitsaufwand<\/td><\/tr><tr><td>&nbsp;<\/td><td>Oft sch\u00e4dlich f\u00fcr die Umwelt<\/td><\/tr><tr><td>&nbsp;<\/td><td>Bei Daueranwendung sch\u00e4dlich f\u00fcr den Boden<\/td><\/tr><\/tbody><\/table><\/figure>\n\n\n\n<p><br>Mist oder auch Kompost k\u00f6nnen als nat\u00fcrliche Alternativen zu Rasend\u00fcnger-Produkten angesehen werden, jedoch sollten diese D\u00fcnger-Alternativen sparsam verteilt werden.<\/p>\n\n\n\n<h2 class=\"wp-block-heading\">Den Rasen im Fr\u00fchjahr vertikutieren<\/h2>\n\n\n\n<p>Einer Durchsetzung des Rasens nach dem Winter mit Moos und Filz kann mit einem Vertikutierer entgegengewirkt werden. Das feuchte und zunehmend warme Wetter des Fr\u00fchlings eignet sich daf\u00fcr hervorragend. Beim <a href=\"https:\/\/www.leeb-balkone.com\/ch\/blog\/vertikutieren-warum-wann-wie\/\">Vertikutieren<\/a> wird ein spezielles Walzenger\u00e4t eingesetzt, welches Rasenfilz sowie Reste von Pflanzen oberhalb der Grasnarbe entfernt und den verkrusteten Boden oberfl\u00e4chlich \u00f6ffnet. Dies f\u00f6rdert das Wachstum von Gr\u00e4sern ungemein und bel\u00fcftet den Rasen obendrein. Das gleichm\u00e4\u00dfige Vertikutieren der Rasenfl\u00e4che in Querrichtung und L\u00e4ngsrichtung hilft zudem gegen unerw\u00fcnschte Wildkr\u00e4uter. Beim Vertikutieren handelt es sich um eine Regenerationsma\u00dfnahme, die nicht \u00f6fter als <strong>maximal einmal pro Jahr angewendet werden sollte<\/strong>.<\/p>\n\n\n\n<h3 class=\"wp-block-heading\">Wann den Rasen nach dem Winter vertikutieren?<\/h3>\n\n\n\n<p>Steht zur Rasenpflege im Fr\u00fchling das Vertikutieren an, so eignen sich die Monate <strong>April und Mai<\/strong> hervorragend daf\u00fcr. Dies trifft jedoch nur zu, <strong>wenn das Wetter feucht ist und die Temperatur warm<\/strong>. Ist es in den Monaten April und Mai hingegen trocken oder noch k\u00fchl, sollte erst im Sp\u00e4tsommer oder im fr\u00fchen Herbst vertikutiert werden. Au\u00dferdem ist es zu empfehlen nach der D\u00fcngung bis zu zwei Wochen mit dem Vertikutieren zu warten.<\/p>\n\n\n\n<h3 class=\"wp-block-heading\">Nach dem Vertikutieren unbedingt sanden und s\u00e4en<\/h3>\n\n\n\n<p>Damit das Vertikutieren des Rasens nach dem Winter sich langfristig positiv auf die Rasengesundheit auswirkt, ist es zu empfehlen die Rasenfl\u00e4chen anschlie\u00dfend zu sanden und neues Saatgut auszus\u00e4en. Zwei bis drei Liter Sand pro Quadratmeter reichen daf\u00fcr vollkommen aus. Dieser sollte eine feine K\u00f6rnung von 0\/2 besitzen. Am besten verteilen Sie den Sand mit einem Rechen gleichm\u00e4\u00dfig \u00fcber die gesamte Rasenfl\u00e4che und s\u00e4en bei gro\u00dfen L\u00fccken Saatgut nach. Eine weitere D\u00fcngung und ausreichend Bew\u00e4sserung f\u00fchren zu optimalen Ergebnissen. Au\u00dferdem sollte der Rasen nicht betreten werden, ehe die Grasnarbe wieder geschlossen ist.<\/p>\n\n\n\n<h2 class=\"wp-block-heading\">Den Rasen nach dem Winter richtig l\u00fcften und aerifizieren<\/h2>\n\n\n\n<p>Leider werden die Arbeitsschritte des Vertikutierens, des L\u00fcftens und des Aerifizieren immer wieder verwechselt. Dabei unterscheidet sich das Striegeln (L\u00fcften) und das Aerifizieren (Bel\u00fcften) ma\u00dfgeblich voneinander. Aerifiziert werden haupts\u00e4chlich Golfpl\u00e4tze und Fu\u00dfballrasen in Stadien. Mithilfe einer Stachelwalze werden dabei tiefe L\u00f6cher in den Boden gestanzt und anschlie\u00dfend mit Sand gef\u00fcllt. Das Ergebnis ist ein hervorragend bespielbarer Rasen, der perfekt anmutet und auch mit N\u00e4sse sehr gut zurechtkommt. Bei Rasenfl\u00e4chen in Hausg\u00e4rten ist das Aerifizieren des Rasens h\u00f6chstens dann sinnvoll, wenn ein sehr lehmiger Boden gesandet wird. Als Striegeln hingegen wird der Einsatz eines Rasenl\u00fcfters bezeichnet, der mit einer Striegelwalze ausger\u00fcstet ist. Ohne die Grasnarbe anzuritzen (wie es beim Vertikutieren der Fall ist), entfernt eine Striegelwalze beim L\u00fcften des Rasens blo\u00df Filz und Moos. Sowohl das L\u00fcften, als auch das Aerifizieren erlaubt eine bessere Sauerstoffzufuhr, Wasserversorgung und N\u00e4hrstoffverf\u00fcgbarkeit.<\/p>\n\n\n\n<p><a href=\"https:\/\/www.leeb-balkone.com\/ch\/blog\/rasenpflege-im-herbst\/\">Rasenpflege im Herbst<\/a><\/p>\n<\/div><\/div><\/div><\/div>\n<\/section>\n","protected":false},"excerpt":{"rendered":"<p>Rasenpflege im Fr\u00fchjahr: Wie Sie Ihren Rasen nach dem Winter fit machen.<\/p>\n","protected":false},"author":4,"featured_media":76092,"comment_status":"closed","ping_status":"open","sticky":false,"template":"template-onepager.blade.php","format":"standard","meta":{"_acf_changed":false,"footnotes":""},"categories":[149,151],"tags":[],"post_folder":[],"class_list":["post-76088","post","type-post","status-publish","format-standard","has-post-thumbnail","hentry","category-garten-und-pflanzen","category-gartengestaltung"],"acf":[],"yoast_head":"<!-- This site is optimized with the Yoast SEO plugin v27.2 - https:\/\/yoast.com\/product\/yoast-seo-wordpress\/ -->\n<title>Rasenpflege im Fr\u00fchjahr: Tipps und Hinweise - Leeb Balkone Schweiz<\/title>\n<meta name=\"description\" content=\"Rasenpflege im Fr\u00fchjahr: Wie Sie Ihren Rasen nach dem Winter fit machen.\" \/>\n<meta name=\"robots\" content=\"index, follow, max-snippet:-1, max-image-preview:large, max-video-preview:-1\" \/>\n<meta property=\"og:locale\" content=\"de_DE\" \/>\n<meta property=\"og:type\" content=\"article\" \/>\n<meta property=\"og:title\" content=\"Rasenpflege im Fr\u00fchjahr\" \/>\n<meta property=\"og:description\" content=\"Welche Arbeiten im Bereich der Rasenpflege im Fr\u00fchjahr anstehen und wie Sie Ihren Rasen nach dem Winter fit machen!\" \/>\n<meta property=\"og:url\" content=\"https:\/\/www.leeb-balkone.com\/ch\/blog\/rasenpflege-im-fruehjahr\/\" \/>\n<meta property=\"og:site_name\" content=\"Leeb Balkone\" \/>\n<meta property=\"article:publisher\" content=\"https:\/\/www.facebook.com\/balkone\/\" \/>\n<meta property=\"article:published_time\" content=\"2023-03-31T09:00:57+00:00\" \/>\n<meta property=\"article:modified_time\" content=\"2025-09-17T14:00:24+00:00\" \/>\n<meta property=\"og:image\" content=\"https:\/\/www.leeb-balkone.com\/app\/uploads\/2022\/03\/rasenpflege-im-fruehjahr-scaled.jpg\" \/>\n\t<meta property=\"og:image:width\" content=\"2048\" \/>\n\t<meta property=\"og:image:height\" content=\"1212\" \/>\n\t<meta property=\"og:image:type\" content=\"image\/jpeg\" \/>\n<meta name=\"author\" content=\"Herbert Weichart\" \/>\n<meta name=\"twitter:card\" content=\"summary_large_image\" \/>\n<script type=\"application\/ld+json\" class=\"yoast-schema-graph\">{\"@context\":\"https:\/\/schema.org\",\"@graph\":[{\"@type\":\"Article\",\"@id\":\"https:\/\/www.leeb-balkone.com\/ch\/blog\/rasenpflege-im-fruehjahr\/#article\",\"isPartOf\":{\"@id\":\"https:\/\/www.leeb-balkone.com\/ch\/blog\/rasenpflege-im-fruehjahr\/\"},\"author\":{\"name\":\"Herbert Weichart\",\"@id\":\"https:\/\/www.leeb-balkone.com\/ch\/#\/schema\/person\/dc2e2c82db329667ee507698e220238f\"},\"headline\":\"Rasenpflege im Fr\u00fchjahr &#8211; was der Rasen nach dem Winter braucht\",\"datePublished\":\"2023-03-31T09:00:57+00:00\",\"dateModified\":\"2025-09-17T14:00:24+00:00\",\"mainEntityOfPage\":{\"@id\":\"https:\/\/www.leeb-balkone.com\/ch\/blog\/rasenpflege-im-fruehjahr\/\"},\"wordCount\":2215,\"publisher\":{\"@id\":\"https:\/\/www.leeb-balkone.com\/ch\/#organization\"},\"image\":{\"@id\":\"https:\/\/www.leeb-balkone.com\/ch\/blog\/rasenpflege-im-fruehjahr\/#primaryimage\"},\"thumbnailUrl\":\"https:\/\/www.leeb-balkone.com\/app\/uploads\/2022\/03\/rasenpflege-im-fruehjahr-scaled.jpg\",\"articleSection\":[\"Garten und Pflanzen\",\"Gartengestaltung\"],\"inLanguage\":\"de-CH\"},{\"@type\":\"WebPage\",\"@id\":\"https:\/\/www.leeb-balkone.com\/ch\/blog\/rasenpflege-im-fruehjahr\/\",\"url\":\"https:\/\/www.leeb-balkone.com\/ch\/blog\/rasenpflege-im-fruehjahr\/\",\"name\":\"Rasenpflege im Fr\u00fchjahr: Tipps und Hinweise - Leeb Balkone\",\"isPartOf\":{\"@id\":\"https:\/\/www.leeb-balkone.com\/ch\/#website\"},\"primaryImageOfPage\":{\"@id\":\"https:\/\/www.leeb-balkone.com\/ch\/blog\/rasenpflege-im-fruehjahr\/#primaryimage\"},\"image\":{\"@id\":\"https:\/\/www.leeb-balkone.com\/ch\/blog\/rasenpflege-im-fruehjahr\/#primaryimage\"},\"thumbnailUrl\":\"https:\/\/www.leeb-balkone.com\/app\/uploads\/2022\/03\/rasenpflege-im-fruehjahr-scaled.jpg\",\"datePublished\":\"2023-03-31T09:00:57+00:00\",\"dateModified\":\"2025-09-17T14:00:24+00:00\",\"description\":\"Rasenpflege im Fr\u00fchjahr: Wie Sie Ihren Rasen nach dem Winter fit machen.\",\"breadcrumb\":{\"@id\":\"https:\/\/www.leeb-balkone.com\/ch\/blog\/rasenpflege-im-fruehjahr\/#breadcrumb\"},\"inLanguage\":\"de-CH\",\"potentialAction\":[{\"@type\":\"ReadAction\",\"target\":[\"https:\/\/www.leeb-balkone.com\/ch\/blog\/rasenpflege-im-fruehjahr\/\"]}]},{\"@type\":\"ImageObject\",\"inLanguage\":\"de-CH\",\"@id\":\"https:\/\/www.leeb-balkone.com\/ch\/blog\/rasenpflege-im-fruehjahr\/#primaryimage\",\"url\":\"https:\/\/www.leeb-balkone.com\/app\/uploads\/2022\/03\/rasenpflege-im-fruehjahr-scaled.jpg\",\"contentUrl\":\"https:\/\/www.leeb-balkone.com\/app\/uploads\/2022\/03\/rasenpflege-im-fruehjahr-scaled.jpg\",\"width\":2048,\"height\":1212,\"caption\":\"Sch\u00f6ner Rasen mit rechtzeitiger Rasenpflege im Fr\u00fchjahr!\"},{\"@type\":\"BreadcrumbList\",\"@id\":\"https:\/\/www.leeb-balkone.com\/ch\/blog\/rasenpflege-im-fruehjahr\/#breadcrumb\",\"itemListElement\":[{\"@type\":\"ListItem\",\"position\":1,\"name\":\"Home\",\"item\":\"https:\/\/www.leeb-balkone.com\/ch\/\"},{\"@type\":\"ListItem\",\"position\":2,\"name\":\"Rasenpflege im Fr\u00fchjahr &#8211; was der Rasen nach dem Winter braucht\"}]},{\"@type\":\"WebSite\",\"@id\":\"https:\/\/www.leeb-balkone.com\/ch\/#website\",\"url\":\"https:\/\/www.leeb-balkone.com\/ch\/\",\"name\":\"Leeb Balkone\",\"description\":\"Balkone und Z\u00e4une\",\"publisher\":{\"@id\":\"https:\/\/www.leeb-balkone.com\/ch\/#organization\"},\"potentialAction\":[{\"@type\":\"SearchAction\",\"target\":{\"@type\":\"EntryPoint\",\"urlTemplate\":\"https:\/\/www.leeb-balkone.com\/ch\/?s={search_term_string}\"},\"query-input\":{\"@type\":\"PropertyValueSpecification\",\"valueRequired\":true,\"valueName\":\"search_term_string\"}}],\"inLanguage\":\"de-CH\"},{\"@type\":\"Organization\",\"@id\":\"https:\/\/www.leeb-balkone.com\/ch\/#organization\",\"name\":\"Leeb Balkone Gmbh\",\"url\":\"https:\/\/www.leeb-balkone.com\/ch\/\",\"logo\":{\"@type\":\"ImageObject\",\"inLanguage\":\"de-CH\",\"@id\":\"https:\/\/www.leeb-balkone.com\/ch\/#\/schema\/logo\/image\/\",\"url\":\"https:\/\/www.leeb-balkone.com\/app\/uploads\/2020\/11\/leeb-logo.svg\",\"contentUrl\":\"https:\/\/www.leeb-balkone.com\/app\/uploads\/2020\/11\/leeb-logo.svg\",\"width\":741,\"height\":204,\"caption\":\"Leeb Balkone Gmbh\"},\"image\":{\"@id\":\"https:\/\/www.leeb-balkone.com\/ch\/#\/schema\/logo\/image\/\"},\"sameAs\":[\"https:\/\/www.facebook.com\/balkone\/\",\"https:\/\/www.trustedshops.at\/bewertung\/info_X4587CCF5833E31AFE0B11F47D86999F2.html\",\"https:\/\/www.trustedshops.de\/bewertung\/info_X7BA536A7A0BDC86D36C4718E4DCAEEEF.html\",\"https:\/\/www.google.com\/maps\/place\/?q=place_id:ChIJ5-zH19-IcEcR9HonWRTllHI\"]},{\"@type\":\"Person\",\"@id\":\"https:\/\/www.leeb-balkone.com\/ch\/#\/schema\/person\/dc2e2c82db329667ee507698e220238f\",\"name\":\"Herbert Weichart\"}]}<\/script>\n<!-- \/ Yoast SEO plugin. -->","yoast_head_json":{"title":"Rasenpflege im Fr\u00fchjahr: Tipps und Hinweise - Leeb Balkone Schweiz","description":"Rasenpflege im Fr\u00fchjahr: Wie Sie Ihren Rasen nach dem Winter fit machen.","robots":{"index":"index","follow":"follow","max-snippet":"max-snippet:-1","max-image-preview":"max-image-preview:large","max-video-preview":"max-video-preview:-1"},"og_locale":"de_DE","og_type":"article","og_title":"Rasenpflege im Fr\u00fchjahr","og_description":"Welche Arbeiten im Bereich der Rasenpflege im Fr\u00fchjahr anstehen und wie Sie Ihren Rasen nach dem Winter fit machen!","og_url":"https:\/\/www.leeb-balkone.com\/ch\/blog\/rasenpflege-im-fruehjahr\/","og_site_name":"Leeb Balkone","article_publisher":"https:\/\/www.facebook.com\/balkone\/","article_published_time":"2023-03-31T09:00:57+00:00","article_modified_time":"2025-09-17T14:00:24+00:00","og_image":[{"width":2048,"height":1212,"url":"https:\/\/www.leeb-balkone.com\/app\/uploads\/2022\/03\/rasenpflege-im-fruehjahr-scaled.jpg","type":"image\/jpeg"}],"author":"Herbert Weichart","twitter_card":"summary_large_image","schema":{"@context":"https:\/\/schema.org","@graph":[{"@type":"Article","@id":"https:\/\/www.leeb-balkone.com\/ch\/blog\/rasenpflege-im-fruehjahr\/#article","isPartOf":{"@id":"https:\/\/www.leeb-balkone.com\/ch\/blog\/rasenpflege-im-fruehjahr\/"},"author":{"name":"Herbert Weichart","@id":"https:\/\/www.leeb-balkone.com\/ch\/#\/schema\/person\/dc2e2c82db329667ee507698e220238f"},"headline":"Rasenpflege im Fr\u00fchjahr &#8211; was der Rasen nach dem Winter braucht","datePublished":"2023-03-31T09:00:57+00:00","dateModified":"2025-09-17T14:00:24+00:00","mainEntityOfPage":{"@id":"https:\/\/www.leeb-balkone.com\/ch\/blog\/rasenpflege-im-fruehjahr\/"},"wordCount":2215,"publisher":{"@id":"https:\/\/www.leeb-balkone.com\/ch\/#organization"},"image":{"@id":"https:\/\/www.leeb-balkone.com\/ch\/blog\/rasenpflege-im-fruehjahr\/#primaryimage"},"thumbnailUrl":"https:\/\/www.leeb-balkone.com\/app\/uploads\/2022\/03\/rasenpflege-im-fruehjahr-scaled.jpg","articleSection":["Garten und Pflanzen","Gartengestaltung"],"inLanguage":"de-CH"},{"@type":"WebPage","@id":"https:\/\/www.leeb-balkone.com\/ch\/blog\/rasenpflege-im-fruehjahr\/","url":"https:\/\/www.leeb-balkone.com\/ch\/blog\/rasenpflege-im-fruehjahr\/","name":"Rasenpflege im Fr\u00fchjahr: Tipps und Hinweise - Leeb Balkone","isPartOf":{"@id":"https:\/\/www.leeb-balkone.com\/ch\/#website"},"primaryImageOfPage":{"@id":"https:\/\/www.leeb-balkone.com\/ch\/blog\/rasenpflege-im-fruehjahr\/#primaryimage"},"image":{"@id":"https:\/\/www.leeb-balkone.com\/ch\/blog\/rasenpflege-im-fruehjahr\/#primaryimage"},"thumbnailUrl":"https:\/\/www.leeb-balkone.com\/app\/uploads\/2022\/03\/rasenpflege-im-fruehjahr-scaled.jpg","datePublished":"2023-03-31T09:00:57+00:00","dateModified":"2025-09-17T14:00:24+00:00","description":"Rasenpflege im Fr\u00fchjahr: Wie Sie Ihren Rasen nach dem Winter fit machen.","breadcrumb":{"@id":"https:\/\/www.leeb-balkone.com\/ch\/blog\/rasenpflege-im-fruehjahr\/#breadcrumb"},"inLanguage":"de-CH","potentialAction":[{"@type":"ReadAction","target":["https:\/\/www.leeb-balkone.com\/ch\/blog\/rasenpflege-im-fruehjahr\/"]}]},{"@type":"ImageObject","inLanguage":"de-CH","@id":"https:\/\/www.leeb-balkone.com\/ch\/blog\/rasenpflege-im-fruehjahr\/#primaryimage","url":"https:\/\/www.leeb-balkone.com\/app\/uploads\/2022\/03\/rasenpflege-im-fruehjahr-scaled.jpg","contentUrl":"https:\/\/www.leeb-balkone.com\/app\/uploads\/2022\/03\/rasenpflege-im-fruehjahr-scaled.jpg","width":2048,"height":1212,"caption":"Sch\u00f6ner Rasen mit rechtzeitiger Rasenpflege im Fr\u00fchjahr!"},{"@type":"BreadcrumbList","@id":"https:\/\/www.leeb-balkone.com\/ch\/blog\/rasenpflege-im-fruehjahr\/#breadcrumb","itemListElement":[{"@type":"ListItem","position":1,"name":"Home","item":"https:\/\/www.leeb-balkone.com\/ch\/"},{"@type":"ListItem","position":2,"name":"Rasenpflege im Fr\u00fchjahr &#8211; was der Rasen nach dem Winter braucht"}]},{"@type":"WebSite","@id":"https:\/\/www.leeb-balkone.com\/ch\/#website","url":"https:\/\/www.leeb-balkone.com\/ch\/","name":"Leeb Balkone","description":"Balkone und Z\u00e4une","publisher":{"@id":"https:\/\/www.leeb-balkone.com\/ch\/#organization"},"potentialAction":[{"@type":"SearchAction","target":{"@type":"EntryPoint","urlTemplate":"https:\/\/www.leeb-balkone.com\/ch\/?s={search_term_string}"},"query-input":{"@type":"PropertyValueSpecification","valueRequired":true,"valueName":"search_term_string"}}],"inLanguage":"de-CH"},{"@type":"Organization","@id":"https:\/\/www.leeb-balkone.com\/ch\/#organization","name":"Leeb Balkone Gmbh","url":"https:\/\/www.leeb-balkone.com\/ch\/","logo":{"@type":"ImageObject","inLanguage":"de-CH","@id":"https:\/\/www.leeb-balkone.com\/ch\/#\/schema\/logo\/image\/","url":"https:\/\/www.leeb-balkone.com\/app\/uploads\/2020\/11\/leeb-logo.svg","contentUrl":"https:\/\/www.leeb-balkone.com\/app\/uploads\/2020\/11\/leeb-logo.svg","width":741,"height":204,"caption":"Leeb Balkone Gmbh"},"image":{"@id":"https:\/\/www.leeb-balkone.com\/ch\/#\/schema\/logo\/image\/"},"sameAs":["https:\/\/www.facebook.com\/balkone\/","https:\/\/www.trustedshops.at\/bewertung\/info_X4587CCF5833E31AFE0B11F47D86999F2.html","https:\/\/www.trustedshops.de\/bewertung\/info_X7BA536A7A0BDC86D36C4718E4DCAEEEF.html","https:\/\/www.google.com\/maps\/place\/?q=place_id:ChIJ5-zH19-IcEcR9HonWRTllHI"]},{"@type":"Person","@id":"https:\/\/www.leeb-balkone.com\/ch\/#\/schema\/person\/dc2e2c82db329667ee507698e220238f","name":"Herbert Weichart"}]}},"_links":{"self":[{"href":"https:\/\/www.leeb-balkone.com\/ch\/wp-json\/wp\/v2\/posts\/76088","targetHints":{"allow":["GET"]}}],"collection":[{"href":"https:\/\/www.leeb-balkone.com\/ch\/wp-json\/wp\/v2\/posts"}],"about":[{"href":"https:\/\/www.leeb-balkone.com\/ch\/wp-json\/wp\/v2\/types\/post"}],"author":[{"embeddable":true,"href":"https:\/\/www.leeb-balkone.com\/ch\/wp-json\/wp\/v2\/users\/4"}],"replies":[{"embeddable":true,"href":"https:\/\/www.leeb-balkone.com\/ch\/wp-json\/wp\/v2\/comments?post=76088"}],"version-history":[{"count":1,"href":"https:\/\/www.leeb-balkone.com\/ch\/wp-json\/wp\/v2\/posts\/76088\/revisions"}],"predecessor-version":[{"id":156418,"href":"https:\/\/www.leeb-balkone.com\/ch\/wp-json\/wp\/v2\/posts\/76088\/revisions\/156418"}],"wp:featuredmedia":[{"embeddable":true,"href":"https:\/\/www.leeb-balkone.com\/ch\/wp-json\/wp\/v2\/media\/76092"}],"wp:attachment":[{"href":"https:\/\/www.leeb-balkone.com\/ch\/wp-json\/wp\/v2\/media?parent=76088"}],"wp:term":[{"taxonomy":"category","embeddable":true,"href":"https:\/\/www.leeb-balkone.com\/ch\/wp-json\/wp\/v2\/categories?post=76088"},{"taxonomy":"post_tag","embeddable":true,"href":"https:\/\/www.leeb-balkone.com\/ch\/wp-json\/wp\/v2\/tags?post=76088"},{"taxonomy":"post_folder","embeddable":true,"href":"https:\/\/www.leeb-balkone.com\/ch\/wp-json\/wp\/v2\/post_folder?post=76088"}],"curies":[{"name":"wp","href":"https:\/\/api.w.org\/{rel}","templated":true}]}}