{"id":76028,"date":"2023-03-07T16:41:00","date_gmt":"2023-03-07T16:41:00","guid":{"rendered":"https:\/\/www.leeb-balkone.com\/de\/blog\/"},"modified":"2025-09-17T14:19:18","modified_gmt":"2025-09-17T14:19:18","slug":"gartenarbeit-im-maerz","status":"publish","type":"post","link":"https:\/\/www.leeb-balkone.com\/ch\/blog\/gartenarbeit-im-maerz\/","title":{"rendered":"Gartenarbeit im M\u00e4rz &#8211; Fr\u00fchlingsbeginn im Garten"},"content":{"rendered":"<header class=\"wp-block-group alignfull t3-header u-max-wide t3-header-text has-white-background-color has-background has-global-padding is-layout-constrained wp-block-group-is-layout-constrained\">\n    <div class=\"wp-block-group o-grid u-md-1 u-sm-1 is-layout-flow wp-block-group-is-layout-flow\">\n  <div class=\"wp-block-group u-g-10 u-g-s-2\">\n      <div class=\"yoast-breadcrumbs\"><span><span><a href=\"https:\/\/www.leeb-balkone.com\/ch\/\">Home<\/a><\/span><\/span><\/div>\n      \n    <h1>Gartenarbeit im M\u00e4rz &#8211; Fr\u00fchlingsbeginn im Garten<\/h1>\n  <\/div>\n<\/div>\n  <\/header>\n\n\n\n\n\n\n\n<section class=\"wp-block-cgb-t3-section-block alignfull b-pt-small  is-style-bg-white\" style=\"display:inherit;min-height:inherit\">\n<div class=\"wp-block-cgb-t3-container-block none\" style=\"background-color:none\"><div class=\"grid-container\"><div class=\"grid-x\"><div class=\"cell small-12 medium-9 large-0 medium-offset-1 b-has-lsmb\">\n<p><span class=\"teaser\">Wenn der Fr\u00fchling den Garten erbl\u00fchen l\u00e4sst, ist das auch der richtige Zeitpunkt mit intensiver Gartenarbeit zu beginnen. Denn bereits im M\u00e4rz stellt man fr\u00fch die Weichen f\u00fcr die ganzj\u00e4hrliche Entwicklung des Gartens. Welche Gartenarbeiten im M\u00e4rz<\/span> <span class=\"teaser\">erledigt werden sollten, haben wir f\u00fcr Sie zusammengefasst. <\/span><\/p>\n<\/div><\/div><\/div><\/div>\n\n\n\n<div class=\"wp-block-cgb-t3-container-block none\" style=\"background-color:none\"><div class=\"grid-container\"><div class=\"grid-x\"><div class=\"cell small-12 medium-0 large-0\"><div id=\"lightgallery-block_acf-block-68cac3636def5\" data-block_acf-block-68cac3636def5 class=\"has-1-imgs b-cards b-cards--gallery u-grid-temp has-1-cols u-md-2 u-sm-1 wp-block-group is-layout-grid wp-block-group-is-layout-grid gallery alignwide\">\n\n        <div class=\"b-cards__item\">\n\n        \n      <figure>\n                 <img loading=\"lazy\" decoding=\"async\" width=\"1536\" height=\"1024\" src=\"https:\/\/www.leeb-balkone.com\/app\/uploads\/2022\/03\/gartenarbeit-im-maerz-wenn-die-schneegloeckchen-bluehen-1536x1024.jpg\" class=\"attachment-1536x1536 size-1536x1536\" alt=\"gartenarbeit im maerz wenn die schneegloeckchen bluehen\" srcset=\"https:\/\/www.leeb-balkone.com\/app\/uploads\/2022\/03\/gartenarbeit-im-maerz-wenn-die-schneegloeckchen-bluehen-1536x1024.jpg 1536w, https:\/\/www.leeb-balkone.com\/app\/uploads\/2022\/03\/gartenarbeit-im-maerz-wenn-die-schneegloeckchen-bluehen-300x200.jpg 300w, https:\/\/www.leeb-balkone.com\/app\/uploads\/2022\/03\/gartenarbeit-im-maerz-wenn-die-schneegloeckchen-bluehen-1024x683.jpg 1024w, https:\/\/www.leeb-balkone.com\/app\/uploads\/2022\/03\/gartenarbeit-im-maerz-wenn-die-schneegloeckchen-bluehen-768x512.jpg 768w, https:\/\/www.leeb-balkone.com\/app\/uploads\/2022\/03\/gartenarbeit-im-maerz-wenn-die-schneegloeckchen-bluehen-scaled.jpg 2048w\" sizes=\"auto, (min-width: 1200px) 100vw, (min-width: 1024px) 1536px, (min-width: 640px) 768px, 768px\" \/>              <\/figure>\n\n                  \n        <div class=\"caption\">\n                          <p>Gartenarbeiten im M\u00e4rz &#8211; Wenn die Schneegl\u00f6ckchen bl\u00fchen, erwacht auch der Garten\n              <\/div>\n  \n<\/div>\n\n    <\/div>\n\n<\/div><\/div><\/div><\/div>\n\n\n\n<div class=\"wp-block-cgb-t3-container-block none\" style=\"background-color:none\"><div class=\"grid-container\"><div class=\"grid-x\"><div class=\"cell small-12 medium-9 large-0 medium-offset-1 b-has-lsmb\">\n<p>Im M\u00e4rz erwachen die ersten Schneegl\u00f6ckchen, Narzissen und Krokusse aus ihrem Winterschlaf. Diese Fr\u00fchlingsbl\u00fcher verk\u00fcnden nicht nur den Fr\u00fchling, sondern weisen auch auf den Beginn der Gartensaison hin &#8211; Gartenarbeiten sp\u00e4testens im M\u00e4rz beginnen! Der Gem\u00fcsegarten, der Obstgarten und der Ziergarten werden sorgf\u00e4ltig f\u00fcr das bevorstehende Gartenjahr vorbereitet. Viele Pflanzen k\u00f6nnen bereits vorgezogen werden, einige sogar schon ausges\u00e4t. Der Garten wird aufger\u00e4umt und Beete werden angelegt.<\/p>\n\n\n\n<h2 class=\"wp-block-heading\"><strong>Der Gem\u00fcsegarten im M\u00e4rz: Vorkeimen, vorziehen und erste Gem\u00fcsesorten auss\u00e4en<\/strong><\/h2>\n\n\n\n<p>Nachdem die Gem\u00fcsebeete \u00fcber den Winter nur sp\u00e4rlich bewachsen waren, ist es im Gartenmonat M\u00e4rz an der Zeit, erste Gem\u00fcsesorten auszus\u00e4en. Wer einen Wintergarten angelegt hatte, kann immer noch winterfeste Pflanzen wie Feldsalat, Spinat, Radieschen, Topinambur, Rosenkohl, Pastinaken, Porree, Schwarzwurzeln oder Gr\u00fcnkohl ernten. W\u00e4hrend in einem Gew\u00e4chshaus oder auf der Fensterbank die ersten Gem\u00fcsesorten bereits vorkeimen oder vorgezogen werden, k\u00f6nnen Sie die Zeit nutzen, um die Gehwege im Garten von Erdresten, Moos und Laub zu befreien. Jung austreibende Unkr\u00e4uter k\u00f6nnen bereits im M\u00e4rz gej\u00e4tet und vertrocknete Stauden zur\u00fcckgeschnitten werden. Wurde im Herbst eine Gr\u00fcnd\u00fcngung vorgenommen, k\u00f6nnen die abgestorbenen Pflanzenreste im M\u00e4rz in die Erde eingearbeitet werden.<\/p>\n\n\n\n<h3 class=\"wp-block-heading\"><strong>Gem\u00fcse des Fr\u00fchlings: Was man im M\u00e4rz auss\u00e4en kann<\/strong><\/h3>\n\n\n\n<p>Bereits im M\u00e4rz kann man einige der robusteren Gem\u00fcsesorten in ein Beet s\u00e4en. Dazu z\u00e4hlen Spinat, Pastinaken, Lauchzwiebeln, M\u00f6hren und weitere Pflanzen. Auch Kr\u00e4uter wie die Petersilie oder der Schnittlauch sind robust genug, um bereits im M\u00e4rz ausges\u00e4t zu werden, wie auch diverse H\u00e4uptelsalate und Zwiebeln. Wer auf Nummer sicher gehen will, kann die frisch ausges\u00e4ten Pflanzen auch mit einem Pflanztunnel oder Vlies abdecken, bis die Zeit des Frostes vorbei ist. Brokkoli, Paprikagew\u00e4chse, Tomaten, K\u00fcrbisse, Gurken, Zucchini sowie Melanzani k\u00f6nnen im M\u00e4rz bereits auf der Fensterbank vorgezogen werden. Fr\u00fchkartoffeln k\u00f6nnen an einem hellen Standort und bei Temperaturen zwischen zw\u00f6lf und f\u00fcnfzehn Grad vorgekeimt und dann ab Mitte April gepflanzt werden. Auf diese Weise k\u00f6nnen sie auch deutlich fr\u00fcher geerntet werden.<\/p>\n\n\n\n<p><strong>Diese Gem\u00fcsesorten k\u00f6nnen im M\u00e4rz ausges\u00e4t werden: <\/strong>Spinat,Pastinaken, Radieschen, Mangold, Porree, Lauchzwiebeln, M\u00f6hren, Blumenkohl, Zwiebel, Ackerbohne, Schwarzwurzel, Wirsing, Kopfkohl, Rosenkohl, Feldsalat, Gr\u00fcnkohl, Haferwurzel, Pak Choi, Schnittlauch, Erbsen, Rote R\u00fcben, Spargel, Kohlrabi und Rhabarber.<\/p>\n\n\n\n<p><strong>Diese Gem\u00fcsesorten k\u00f6nnen im M\u00e4rz vorgezogen werden: <\/strong>Brokkoli, Tomaten, Gurken, Zucchini, Melanzani, Paprika, Sellerie, Kohlrabi, Artischocken, Fenchel, Erdmantel, Sommerwei\u00dfkohl, Okra, Sommerblumenkohl, K\u00fcrbisse, Fr\u00fchkartoffeln (vorkeimen).<\/p>\n\n\n\n<h3 class=\"wp-block-heading\"><strong>Vorbereitungen im M\u00e4rz: Weitere Aufgaben im Gem\u00fcsegarten<\/strong><\/h3>\n\n\n\n<p>Eine wichtige Aufgabe im Gartenmonat M\u00e4rz ist die Vorbereitung der Beete f\u00fcr die gesamte Saison. Zuerst sollte daf\u00fcr der pH-Wert des Bodens an mehreren Stellen kontrolliert werden. Dazu werden Erdproben entnommen und mithilfe von Indikatorpapier \u00fcberpr\u00fcft. F\u00fcr erfolgsversprechenden Anbau von Gem\u00fcse ist ein pH-Wert zwischen 6 und 7,5 ideal, da es den Pflanzen die N\u00e4hrstoffaufnahme erleichtert. Bei Bedarf kann zu saurer Boden durch die Beimischung von kohlensaurem Kalk optimiert werden. Ein weiterer wichtiger Schritt der Gartenarbeit im M\u00e4rz ist die Lockerung der B\u00f6den und die Einarbeitung von Kompost und Sp\u00e4nen. Entfernt man zus\u00e4tzlich Unkr\u00e4uter, Erdreste, Laub und Moos, bietet man den jungen Pflanzen schon im Fr\u00fchjahr optimale Bedingungen zum Wachsen. Setzen Sie auch Kr\u00e4uter an, sollten Sie die Gartenarbeit im M\u00e4rz f\u00fcr einen Pflegeschnitt nutzen. Rosmarin, oder Thymian kann dabei um ein Drittel gek\u00fcrzt werden. Bevor die ersten Gem\u00fcsesorten dann in die Beete gepflanzt werden, kann ein Pflanzenplan aufgestellt werden, mit dessen Hilfe man das gesamte Gartenjahr durchplant, um damit das Beste aus dem Nutzgarten herauszuholen. Darin wird schon vor dem Start der Gartenarbeit im M\u00e4rz festgelegt, welche Pflanzen wann und wo gepflanzt werden.<\/p>\n\n\n\n<h2 class=\"wp-block-heading\"><strong>Der Obstgarten im M\u00e4rz: Obstb\u00e4ume und Beerenstr\u00e4ucher pflegen<\/strong><\/h2>\n\n\n\n<p>W\u00e4hrend der Wintermonate beschr\u00e4nkt sich die Arbeit im Obstgarten zu gro\u00dfen Teilen auf den Obstgeh\u00f6lzschnitt. Dabei werden abgestorbene Triebe zur\u00fcckgeschnitten, damit die B\u00e4ume und Str\u00e4ucher gesund bleiben. Erst im M\u00e4rz ist diese Arbeit getan und es stehen neue Aufgaben an, deren sorgf\u00e4ltige Umsetzung f\u00fcr ein ertragreiches Jahr ausschlaggebend ist. Falls einige Obstb\u00e4ume keine oder nur sehr wenige Fr\u00fcchte tragen, kann dies an zu steilen Aststellungen liegen. Diesem Problem kann entgegengewirkt werden, indem die zu steilen \u00c4ste mit Seilen in eine waagrechte Position gebunden werden. Der Gartenmonat M\u00e4rz eignet sich besonders f\u00fcr solche Arbeiten, jedoch dauert es mindestens ein Jahr, bis die \u00c4ste in waagrechter Position verharren und sich Fruchtholz bildet. Ein wichtiger Faktor der Gartenarbeit bei Obstb\u00e4umen und Beerenstr\u00e4uchern im Fr\u00fchling ist auch die Sch\u00e4dlingsbek\u00e4mpfung. Gerade der Sp\u00e4twinter bietet Sch\u00e4dlingen ideale Bedingungen, um Triebe und Bl\u00fcten anzugreifen. Bringen Sie Leimringe an den St\u00e4mmen von Obstb\u00e4umen an, um Kriechsch\u00e4dlinge aufzuhalten und bek\u00e4mpfen Sie Pilze und Sporen fr\u00fchzeitig.<\/p>\n\n\n\n<h3 class=\"wp-block-heading\"><strong>Welche Obstgeh\u00f6lze und Beerenstr\u00e4ucher im M\u00e4rz gepflanzt werden<\/strong><\/h3>\n\n\n\n<p>Einige Gartenfreunde pflanzen Obstb\u00e4ume bereits im Herbst, andere ziehen es vor, damit auf das Fr\u00fchjahr zu warten. Schlie\u00dflich bietet der M\u00e4rz ideale Bedingungen f\u00fcr das Einpflanzen von Obstgeh\u00f6lz. Besonders Pflaumen, \u00c4pfel, Birnen, Aprikosen und Kirschen k\u00f6nnen im Fr\u00fchjahr gepflanzt werden, tragen jedoch meist erst im zweiten Jahr Fr\u00fcchte. Die angenehmen klimatischen Bedingungen im M\u00e4rz eignen sich auch hervorragend f\u00fcr das Pflanzen vieler Beerenstr\u00e4ucher wie Stachelbeeren, Himbeeren, Brombeeren, aber auch Preiselbeeren, Apfelbeeren und Johannisbeeren. Damit die Erdbeerstauden reichlich Fr\u00fcchte tragen, sollte die Erde rund um die Pflanzen im Rahmen der Gartenarbeit im M\u00e4rz vorsichtig gelockert sowie Mulch eingearbeitet werden. Frisch gepflanzte Beerenstr\u00e4ucher wachsen gut an, wenn die Wurzeln etwas gek\u00fcrzt und die Triebe kr\u00e4ftig zur\u00fcckgeschnitten werden. Um gr\u00f6\u00dftm\u00f6glichen Ertrag zu erreichen, sollten Str\u00e4ucher im Fr\u00fchjahr alle drei Jahre ausgelichtet werden. Dazu wird das \u00e4lteste Drittel der Triebe an der Basis zur\u00fcckgeschnitten.<\/p>\n\n\n\n<p><strong>Diese Obstsorten k\u00f6nnen im M\u00e4rz gepflanzt werden:<\/strong> \u00c4pfel, Birnen, Pfirsiche, Pflaumen, Aprikosen, Nektarinen, Kirschen, Himbeeren, Stachelbeeren, Brombeeren, Johannisbeeren, Preiselbeeren, Apfelbeeren.<\/p>\n\n\n\n<h2 class=\"wp-block-heading\"><strong>Der Ziergarten im M\u00e4rz: Pflanzzeit f\u00fcr Geh\u00f6lze und Stauden<\/strong><\/h2>\n\n\n\n<p>Nach der langen Winterruhe, startet im M\u00e4rz endlich wieder die Saison des Ziergartens. Dieser ist nicht nur sch\u00f6n anzusehen, sondern dient V\u00f6geln, Insekten und weiteren Kleinstlebewesen als Nahrung oder Lebensraum. W\u00e4hrend erste Fr\u00fchlingsboten wie Krokusse, Stiefm\u00fctterchen, Narzissen oder Christrosen bereits erbl\u00fchen, ist der M\u00e4rz auch die Zeit f\u00fcr die Pflege und die Aussaat von Zierpflanzen. Str\u00e4ucher werden durch Zuschnitt verj\u00fcngt und einige Stauden sowie Geh\u00f6lze k\u00f6nnen im M\u00e4rz gepflanzt werden. Bei besonders empfindlichen Gr\u00e4sern oder Rosen ist es nun auch an der Zeit den Winterschutz zu entfernen, falls das nicht schon im Februar geschehen ist. Gew\u00e4chse, die im Haus \u00fcberwinterten, k\u00f6nnen durch eine Umsiedelung an einen besonders hellen und warmen Stellplatz auf die Aussaat vorbereitet werden.<\/p>\n\n\n\n<h3 class=\"wp-block-heading\"><strong>Welche Blumen k\u00f6nnen im M\u00e4rz gepflanzt werden?<\/strong><\/h3>\n\n\n\n<p>Damit der Garten auch im Sommer erbl\u00fcht, sollten bereits im M\u00e4rz erste Stauden und Rosen gepflanzt werden. Primeln und Stiefm\u00fctterchen sind robust genug, um sie bereits im k\u00fchlen Fr\u00fchling ins Freie zu bringen. Auch Rosen, Lilien, Gladiolen und Dahlien k\u00f6nnen bereits im M\u00e4rz ins Beet gepflanzt werden. Vorsicht ist beim Oleander geboten. Bevor dieses empfindliche Gew\u00e4chs im M\u00e4rz in den Garten darf, muss es im Winterquartier umgetopft werden. Hornveilchen eignen sich hervorragend f\u00fcr die Unterpflanzung gr\u00f6\u00dferer Geh\u00f6lze oder f\u00fcr die Versch\u00f6nerung der Randbereiche von Beeten. Welche Stauden und Geh\u00f6lze Sie im M\u00e4rz auch auss\u00e4en: sie sollten davor mit ausreichend Wasser versorgt werden. Dabei k\u00f6nnen Sie den Ballen der Pflanze ruhig in einen Wassereimer eintauchen. Die Beete sollten mit Mulch vorbereitet und Unkr\u00e4uter entfernt werden.<\/p>\n\n\n\n<p><strong>Diese Blumen und Geh\u00f6lze k\u00f6nnen im M\u00e4rz im Freien gepflanzt oder ausges\u00e4t werden:<\/strong> Rosen, Lilien, Dahlien, Gladiolen, Primeln, Stiefm\u00fctterchen, Hornveilchen, Bambus, Grasnelken, Ringelblumen, Kornblumen, Tulpen (wenn vorgetrieben), Edelwicke, Klatschmohn.<\/p>\n\n\n\n<h3 class=\"wp-block-heading\"><strong>Welche Aufgaben f\u00fcr den Ziergarten fallen im M\u00e4rz sonst noch an?<\/strong><\/h3>\n\n\n\n<p>Ein gro\u00dfer Teil der Gartenarbeit im M\u00e4rz dreht sich um das Zuschneiden, das Aufteilen und um die Pflege von Stauden und Geh\u00f6lze. Fr\u00fchbl\u00fcher, wie Hyazinthen oder Osterglocken und Zwiebelblumen, wie Tulpen oder Narzissen werden im M\u00e4rz ged\u00fcngt, wenn sie in der Bl\u00fcte stehen, wie auch Rosen, die mehr als einmal bl\u00fchen. Hortensien sollten in den Monaten M\u00e4rz bis Mai ebenfalls mit hochwertigem D\u00fcnger unterst\u00fctzt werden und wie auch die Rosen oder das Heidenkraut, profitieren sie von einem R\u00fcckschnitt im M\u00e4rz. Dabei werden abgebl\u00fchte Triebe entfernt. Au\u00dferdem sollten sommerbl\u00fchende Clematissorten kr\u00e4ftig (bis zu f\u00fcnfzig Zentimeter) zur\u00fcckgeschnitten werden, damit die Bl\u00fcten sich gr\u00f6\u00dftm\u00f6glich entfalten k\u00f6nnen. Der Gartenmonat M\u00e4rz sollte auch dazu genutzt werden um Ziergr\u00e4ser wie Chinaschilf oder Lampenputzergras bodennah zu k\u00fcrzen \u2013 vor allem die braunen Grashalme, damit die Gr\u00e4ser schnell wieder gr\u00fcn austreiben. Auch Lavendel und Sommerflieder sollten gek\u00fcrzt werden. Die Gartenarbeit im M\u00e4rz eignet sich zudem f\u00fcr die Aufteilung von Bl\u00fctenstauden, kurz bevor sie austreiben. Dazu werden die Pflanzenhorste behutsam ausgehoben und der Wurzelballen geteilt. Zu guter Letzt kann der M\u00e4rz dazu genutzt werden Sommerblumen auf der Fensterbank vorzuziehen.<\/p>\n\n\n\n<p><strong>Diese Stauden und Geh\u00f6lze sollten im M\u00e4rz zugeschnitten werden:<\/strong> Hortensien, Rosen, Ziergr\u00e4ser (Chinaschilf, Lampenputzergras), Heidekraut, Buchsbaum, Schneeheide, Winterjasmin, Winterheide, Hecken, Lavendel, Hartriegel, Clematis, Sommerflieder, Zierstr\u00e4ucher und viele mehr.<\/p>\n\n\n\n<p><strong>Diese Sommerblumen k\u00f6nnen im M\u00e4rz vorgezogen werden:<\/strong> Fuchsschwanz, Prunkwinden, Schmuckk\u00f6rbchen, Studentenblumen, Sommerastern, Bartnelken, Sonnenhut, L\u00f6wenm\u00e4ulchen, Lobelien und viele mehr.<\/p>\n\n\n\n<h2 class=\"wp-block-heading\"><strong>Tiere und Insekten des Gartens im M\u00e4rz unterst\u00fctzen<\/strong><\/h2>\n\n\n\n<p>Ein gut angelegter und gepflegter Garten wirkt sich positiv auf das Leben von Kleinsttieren, V\u00f6geln und Insekten aus. Sie nutzen ihn zur Nahrungsbeschaffung oder gar als Lebensraum. Diese Gartentiere k\u00f6nnen bereits im M\u00e4rz unterst\u00fctzt werden. Davon profitiert auch der Garten und die Pflanzen darin. Insekten wie Wildbienen und Hummeln verlassen im Fr\u00fchjahr ihre Winterquartiere auf der Suche nach einem Nistplatz und Nahrung. Fr\u00fchbl\u00fcher eignen sich hervorragend als Nahrungsquelle und helfen den Insekten dabei sich zu st\u00e4rken. Durch den Bau oder den Kauf eines Insektenhotels k\u00f6nnen Sie den kleinen Helfern zudem einen Nistplatz bereitstellen. F\u00fcr V\u00f6gel k\u00f6nnen ebenfalls Nahrungsquellen angelegt und Vogelh\u00e4user aufgestellt werden. Vogeltr\u00e4nken sollten sauberes Wasser bereitstellen und bei anhaltendem Frost eisfrei bleiben.<\/p>\n\n\n\n<h2 class=\"wp-block-heading\"><strong>Rasenpflege im Gartenmonat M\u00e4rz<\/strong><\/h2>\n\n\n\n<p>Mit dem Fr\u00fchjahr steht auch die <a href=\"https:\/\/www.leeb-balkone.com\/ch\/blog\/rasenpflege-im-fruehjahr\/\">erste Rasenpflege<\/a> ins Haus. Denn nur wenn der Rasen bereits im M\u00e4rz nach den kalten Wintermonaten geb\u00fchrend gepflegt wird, gedeihen gr\u00fcne und \u00fcppige Grasfl\u00e4chen im laufenden Jahr. F\u00fcr einen dichten Rasen werden die Gr\u00e4ser bereits im M\u00e4rz auf circa zwei Zentimeter L\u00e4nge gek\u00fcrzt. Anschlie\u00dfend wird der Rasen vertikutiert. F\u00fcr optimale Ergebnisse wird die Grasnarbe maximal drei Millimeter tief angeritzt &#8211; einmal kreuz und einmal quer. Danach ist es an der Zeit vorzugsweise einen organischen D\u00fcnger in den Rasen einzuarbeiten und ihn zu bew\u00e4ssern. Es kommt vor, dass einige Stellen des Rasens durch eine hohe Schneelast verfault sind. Diese Stellen sollten abgeharkt und umgegraben werden. Anschlie\u00dfend wird dort neuer Rasen ges\u00e4t.<\/p>\n<\/div><\/div><\/div><\/div>\n<\/section>\n","protected":false},"excerpt":{"rendered":"<p>Wenn der Fr\u00fchling den Garten erbl\u00fchen l\u00e4sst, ist das auch der richtige Zeitpunkt mit intensiver Gartenarbeit zu beginnen.<\/p>\n","protected":false},"author":4,"featured_media":76053,"comment_status":"closed","ping_status":"open","sticky":false,"template":"template-onepager.blade.php","format":"standard","meta":{"_acf_changed":false,"footnotes":""},"categories":[149,151],"tags":[],"post_folder":[],"class_list":["post-76028","post","type-post","status-publish","format-standard","has-post-thumbnail","hentry","category-garten-und-pflanzen","category-gartengestaltung"],"acf":[],"yoast_head":"<!-- This site is optimized with the Yoast SEO plugin v27.2 - https:\/\/yoast.com\/product\/yoast-seo-wordpress\/ -->\n<title>Gartenarbeit im M\u00e4rz - Fr\u00fchlingsbeginn im Garten - Leeb Balkone Schweiz<\/title>\n<meta name=\"description\" content=\"Wenn der Fr\u00fchling den Garten erbl\u00fchen l\u00e4sst, ist das der richtige Zeitpunkt mit der Gartenpflege zu beginnen - Gartenarbeiten im M\u00e4rz.\" \/>\n<meta name=\"robots\" content=\"index, follow, max-snippet:-1, max-image-preview:large, max-video-preview:-1\" \/>\n<meta property=\"og:locale\" content=\"de_DE\" \/>\n<meta property=\"og:type\" content=\"article\" \/>\n<meta property=\"og:title\" content=\"Gartenarbeiten im M\u00e4rz - Fr\u00fchlingsbeginn im Garten\" \/>\n<meta property=\"og:description\" content=\"Wenn der Fr\u00fchling den Garten erbl\u00fchen l\u00e4sst, ist das der richtige Zeitpunkt mit der Gartenpflege zu beginnen - Gartenarbeiten im M\u00e4rz.\" \/>\n<meta property=\"og:url\" content=\"https:\/\/www.leeb-balkone.com\/ch\/blog\/gartenarbeit-im-maerz\/\" \/>\n<meta property=\"og:site_name\" content=\"Leeb Balkone\" \/>\n<meta property=\"article:publisher\" content=\"https:\/\/www.facebook.com\/balkone\/\" \/>\n<meta property=\"article:published_time\" content=\"2023-03-07T16:41:00+00:00\" \/>\n<meta property=\"article:modified_time\" content=\"2025-09-17T14:19:18+00:00\" \/>\n<meta property=\"og:image\" content=\"https:\/\/www.leeb-balkone.com\/app\/uploads\/2022\/03\/gartenarbeit-im-maerz-wenn-die-schneegloeckchen-bluehen-scaled.jpg\" \/>\n\t<meta property=\"og:image:width\" content=\"2048\" \/>\n\t<meta property=\"og:image:height\" content=\"1366\" \/>\n\t<meta property=\"og:image:type\" content=\"image\/jpeg\" \/>\n<meta name=\"author\" content=\"Herbert Weichart\" \/>\n<meta name=\"twitter:card\" content=\"summary_large_image\" \/>\n<script type=\"application\/ld+json\" class=\"yoast-schema-graph\">{\"@context\":\"https:\/\/schema.org\",\"@graph\":[{\"@type\":\"Article\",\"@id\":\"https:\/\/www.leeb-balkone.com\/ch\/blog\/gartenarbeit-im-maerz\/#article\",\"isPartOf\":{\"@id\":\"https:\/\/www.leeb-balkone.com\/ch\/blog\/gartenarbeit-im-maerz\/\"},\"author\":{\"name\":\"Herbert Weichart\",\"@id\":\"https:\/\/www.leeb-balkone.com\/ch\/#\/schema\/person\/dc2e2c82db329667ee507698e220238f\"},\"headline\":\"Gartenarbeit im M\u00e4rz &#8211; Fr\u00fchlingsbeginn im Garten\",\"datePublished\":\"2023-03-07T16:41:00+00:00\",\"dateModified\":\"2025-09-17T14:19:18+00:00\",\"mainEntityOfPage\":{\"@id\":\"https:\/\/www.leeb-balkone.com\/ch\/blog\/gartenarbeit-im-maerz\/\"},\"wordCount\":1994,\"publisher\":{\"@id\":\"https:\/\/www.leeb-balkone.com\/ch\/#organization\"},\"image\":{\"@id\":\"https:\/\/www.leeb-balkone.com\/ch\/blog\/gartenarbeit-im-maerz\/#primaryimage\"},\"thumbnailUrl\":\"https:\/\/www.leeb-balkone.com\/app\/uploads\/2022\/03\/gartenarbeit-im-maerz-wenn-die-schneegloeckchen-bluehen-scaled.jpg\",\"articleSection\":[\"Garten und Pflanzen\",\"Gartengestaltung\"],\"inLanguage\":\"de-CH\"},{\"@type\":\"WebPage\",\"@id\":\"https:\/\/www.leeb-balkone.com\/ch\/blog\/gartenarbeit-im-maerz\/\",\"url\":\"https:\/\/www.leeb-balkone.com\/ch\/blog\/gartenarbeit-im-maerz\/\",\"name\":\"Gartenarbeit im M\u00e4rz - Fr\u00fchlingsbeginn im Garten - Leeb Balkone\",\"isPartOf\":{\"@id\":\"https:\/\/www.leeb-balkone.com\/ch\/#website\"},\"primaryImageOfPage\":{\"@id\":\"https:\/\/www.leeb-balkone.com\/ch\/blog\/gartenarbeit-im-maerz\/#primaryimage\"},\"image\":{\"@id\":\"https:\/\/www.leeb-balkone.com\/ch\/blog\/gartenarbeit-im-maerz\/#primaryimage\"},\"thumbnailUrl\":\"https:\/\/www.leeb-balkone.com\/app\/uploads\/2022\/03\/gartenarbeit-im-maerz-wenn-die-schneegloeckchen-bluehen-scaled.jpg\",\"datePublished\":\"2023-03-07T16:41:00+00:00\",\"dateModified\":\"2025-09-17T14:19:18+00:00\",\"description\":\"Wenn der Fr\u00fchling den Garten erbl\u00fchen l\u00e4sst, ist das der richtige Zeitpunkt mit der Gartenpflege zu beginnen - Gartenarbeiten im M\u00e4rz.\",\"breadcrumb\":{\"@id\":\"https:\/\/www.leeb-balkone.com\/ch\/blog\/gartenarbeit-im-maerz\/#breadcrumb\"},\"inLanguage\":\"de-CH\",\"potentialAction\":[{\"@type\":\"ReadAction\",\"target\":[\"https:\/\/www.leeb-balkone.com\/ch\/blog\/gartenarbeit-im-maerz\/\"]}]},{\"@type\":\"ImageObject\",\"inLanguage\":\"de-CH\",\"@id\":\"https:\/\/www.leeb-balkone.com\/ch\/blog\/gartenarbeit-im-maerz\/#primaryimage\",\"url\":\"https:\/\/www.leeb-balkone.com\/app\/uploads\/2022\/03\/gartenarbeit-im-maerz-wenn-die-schneegloeckchen-bluehen-scaled.jpg\",\"contentUrl\":\"https:\/\/www.leeb-balkone.com\/app\/uploads\/2022\/03\/gartenarbeit-im-maerz-wenn-die-schneegloeckchen-bluehen-scaled.jpg\",\"width\":2048,\"height\":1366,\"caption\":\"Gartenarbeiten im M\u00e4rz - Wenn die Schneegl\u00f6ckchen bl\u00fchen, erwacht auch der Garten\"},{\"@type\":\"BreadcrumbList\",\"@id\":\"https:\/\/www.leeb-balkone.com\/ch\/blog\/gartenarbeit-im-maerz\/#breadcrumb\",\"itemListElement\":[{\"@type\":\"ListItem\",\"position\":1,\"name\":\"Home\",\"item\":\"https:\/\/www.leeb-balkone.com\/ch\/\"},{\"@type\":\"ListItem\",\"position\":2,\"name\":\"Gartenarbeit im M\u00e4rz &#8211; Fr\u00fchlingsbeginn im Garten\"}]},{\"@type\":\"WebSite\",\"@id\":\"https:\/\/www.leeb-balkone.com\/ch\/#website\",\"url\":\"https:\/\/www.leeb-balkone.com\/ch\/\",\"name\":\"Leeb Balkone\",\"description\":\"Balkone und Z\u00e4une\",\"publisher\":{\"@id\":\"https:\/\/www.leeb-balkone.com\/ch\/#organization\"},\"potentialAction\":[{\"@type\":\"SearchAction\",\"target\":{\"@type\":\"EntryPoint\",\"urlTemplate\":\"https:\/\/www.leeb-balkone.com\/ch\/?s={search_term_string}\"},\"query-input\":{\"@type\":\"PropertyValueSpecification\",\"valueRequired\":true,\"valueName\":\"search_term_string\"}}],\"inLanguage\":\"de-CH\"},{\"@type\":\"Organization\",\"@id\":\"https:\/\/www.leeb-balkone.com\/ch\/#organization\",\"name\":\"Leeb Balkone Gmbh\",\"url\":\"https:\/\/www.leeb-balkone.com\/ch\/\",\"logo\":{\"@type\":\"ImageObject\",\"inLanguage\":\"de-CH\",\"@id\":\"https:\/\/www.leeb-balkone.com\/ch\/#\/schema\/logo\/image\/\",\"url\":\"https:\/\/www.leeb-balkone.com\/app\/uploads\/2020\/11\/leeb-logo.svg\",\"contentUrl\":\"https:\/\/www.leeb-balkone.com\/app\/uploads\/2020\/11\/leeb-logo.svg\",\"width\":741,\"height\":204,\"caption\":\"Leeb Balkone Gmbh\"},\"image\":{\"@id\":\"https:\/\/www.leeb-balkone.com\/ch\/#\/schema\/logo\/image\/\"},\"sameAs\":[\"https:\/\/www.facebook.com\/balkone\/\",\"https:\/\/www.trustedshops.at\/bewertung\/info_X4587CCF5833E31AFE0B11F47D86999F2.html\",\"https:\/\/www.trustedshops.de\/bewertung\/info_X7BA536A7A0BDC86D36C4718E4DCAEEEF.html\",\"https:\/\/www.google.com\/maps\/place\/?q=place_id:ChIJ5-zH19-IcEcR9HonWRTllHI\"]},{\"@type\":\"Person\",\"@id\":\"https:\/\/www.leeb-balkone.com\/ch\/#\/schema\/person\/dc2e2c82db329667ee507698e220238f\",\"name\":\"Herbert Weichart\"}]}<\/script>\n<!-- \/ Yoast SEO plugin. -->","yoast_head_json":{"title":"Gartenarbeit im M\u00e4rz - Fr\u00fchlingsbeginn im Garten - Leeb Balkone Schweiz","description":"Wenn der Fr\u00fchling den Garten erbl\u00fchen l\u00e4sst, ist das der richtige Zeitpunkt mit der Gartenpflege zu beginnen - Gartenarbeiten im M\u00e4rz.","robots":{"index":"index","follow":"follow","max-snippet":"max-snippet:-1","max-image-preview":"max-image-preview:large","max-video-preview":"max-video-preview:-1"},"og_locale":"de_DE","og_type":"article","og_title":"Gartenarbeiten im M\u00e4rz - Fr\u00fchlingsbeginn im Garten","og_description":"Wenn der Fr\u00fchling den Garten erbl\u00fchen l\u00e4sst, ist das der richtige Zeitpunkt mit der Gartenpflege zu beginnen - Gartenarbeiten im M\u00e4rz.","og_url":"https:\/\/www.leeb-balkone.com\/ch\/blog\/gartenarbeit-im-maerz\/","og_site_name":"Leeb Balkone","article_publisher":"https:\/\/www.facebook.com\/balkone\/","article_published_time":"2023-03-07T16:41:00+00:00","article_modified_time":"2025-09-17T14:19:18+00:00","og_image":[{"width":2048,"height":1366,"url":"https:\/\/www.leeb-balkone.com\/app\/uploads\/2022\/03\/gartenarbeit-im-maerz-wenn-die-schneegloeckchen-bluehen-scaled.jpg","type":"image\/jpeg"}],"author":"Herbert Weichart","twitter_card":"summary_large_image","schema":{"@context":"https:\/\/schema.org","@graph":[{"@type":"Article","@id":"https:\/\/www.leeb-balkone.com\/ch\/blog\/gartenarbeit-im-maerz\/#article","isPartOf":{"@id":"https:\/\/www.leeb-balkone.com\/ch\/blog\/gartenarbeit-im-maerz\/"},"author":{"name":"Herbert Weichart","@id":"https:\/\/www.leeb-balkone.com\/ch\/#\/schema\/person\/dc2e2c82db329667ee507698e220238f"},"headline":"Gartenarbeit im M\u00e4rz &#8211; Fr\u00fchlingsbeginn im Garten","datePublished":"2023-03-07T16:41:00+00:00","dateModified":"2025-09-17T14:19:18+00:00","mainEntityOfPage":{"@id":"https:\/\/www.leeb-balkone.com\/ch\/blog\/gartenarbeit-im-maerz\/"},"wordCount":1994,"publisher":{"@id":"https:\/\/www.leeb-balkone.com\/ch\/#organization"},"image":{"@id":"https:\/\/www.leeb-balkone.com\/ch\/blog\/gartenarbeit-im-maerz\/#primaryimage"},"thumbnailUrl":"https:\/\/www.leeb-balkone.com\/app\/uploads\/2022\/03\/gartenarbeit-im-maerz-wenn-die-schneegloeckchen-bluehen-scaled.jpg","articleSection":["Garten und Pflanzen","Gartengestaltung"],"inLanguage":"de-CH"},{"@type":"WebPage","@id":"https:\/\/www.leeb-balkone.com\/ch\/blog\/gartenarbeit-im-maerz\/","url":"https:\/\/www.leeb-balkone.com\/ch\/blog\/gartenarbeit-im-maerz\/","name":"Gartenarbeit im M\u00e4rz - Fr\u00fchlingsbeginn im Garten - Leeb Balkone","isPartOf":{"@id":"https:\/\/www.leeb-balkone.com\/ch\/#website"},"primaryImageOfPage":{"@id":"https:\/\/www.leeb-balkone.com\/ch\/blog\/gartenarbeit-im-maerz\/#primaryimage"},"image":{"@id":"https:\/\/www.leeb-balkone.com\/ch\/blog\/gartenarbeit-im-maerz\/#primaryimage"},"thumbnailUrl":"https:\/\/www.leeb-balkone.com\/app\/uploads\/2022\/03\/gartenarbeit-im-maerz-wenn-die-schneegloeckchen-bluehen-scaled.jpg","datePublished":"2023-03-07T16:41:00+00:00","dateModified":"2025-09-17T14:19:18+00:00","description":"Wenn der Fr\u00fchling den Garten erbl\u00fchen l\u00e4sst, ist das der richtige Zeitpunkt mit der Gartenpflege zu beginnen - Gartenarbeiten im M\u00e4rz.","breadcrumb":{"@id":"https:\/\/www.leeb-balkone.com\/ch\/blog\/gartenarbeit-im-maerz\/#breadcrumb"},"inLanguage":"de-CH","potentialAction":[{"@type":"ReadAction","target":["https:\/\/www.leeb-balkone.com\/ch\/blog\/gartenarbeit-im-maerz\/"]}]},{"@type":"ImageObject","inLanguage":"de-CH","@id":"https:\/\/www.leeb-balkone.com\/ch\/blog\/gartenarbeit-im-maerz\/#primaryimage","url":"https:\/\/www.leeb-balkone.com\/app\/uploads\/2022\/03\/gartenarbeit-im-maerz-wenn-die-schneegloeckchen-bluehen-scaled.jpg","contentUrl":"https:\/\/www.leeb-balkone.com\/app\/uploads\/2022\/03\/gartenarbeit-im-maerz-wenn-die-schneegloeckchen-bluehen-scaled.jpg","width":2048,"height":1366,"caption":"Gartenarbeiten im M\u00e4rz - Wenn die Schneegl\u00f6ckchen bl\u00fchen, erwacht auch der Garten"},{"@type":"BreadcrumbList","@id":"https:\/\/www.leeb-balkone.com\/ch\/blog\/gartenarbeit-im-maerz\/#breadcrumb","itemListElement":[{"@type":"ListItem","position":1,"name":"Home","item":"https:\/\/www.leeb-balkone.com\/ch\/"},{"@type":"ListItem","position":2,"name":"Gartenarbeit im M\u00e4rz &#8211; Fr\u00fchlingsbeginn im Garten"}]},{"@type":"WebSite","@id":"https:\/\/www.leeb-balkone.com\/ch\/#website","url":"https:\/\/www.leeb-balkone.com\/ch\/","name":"Leeb Balkone","description":"Balkone und Z\u00e4une","publisher":{"@id":"https:\/\/www.leeb-balkone.com\/ch\/#organization"},"potentialAction":[{"@type":"SearchAction","target":{"@type":"EntryPoint","urlTemplate":"https:\/\/www.leeb-balkone.com\/ch\/?s={search_term_string}"},"query-input":{"@type":"PropertyValueSpecification","valueRequired":true,"valueName":"search_term_string"}}],"inLanguage":"de-CH"},{"@type":"Organization","@id":"https:\/\/www.leeb-balkone.com\/ch\/#organization","name":"Leeb Balkone Gmbh","url":"https:\/\/www.leeb-balkone.com\/ch\/","logo":{"@type":"ImageObject","inLanguage":"de-CH","@id":"https:\/\/www.leeb-balkone.com\/ch\/#\/schema\/logo\/image\/","url":"https:\/\/www.leeb-balkone.com\/app\/uploads\/2020\/11\/leeb-logo.svg","contentUrl":"https:\/\/www.leeb-balkone.com\/app\/uploads\/2020\/11\/leeb-logo.svg","width":741,"height":204,"caption":"Leeb Balkone Gmbh"},"image":{"@id":"https:\/\/www.leeb-balkone.com\/ch\/#\/schema\/logo\/image\/"},"sameAs":["https:\/\/www.facebook.com\/balkone\/","https:\/\/www.trustedshops.at\/bewertung\/info_X4587CCF5833E31AFE0B11F47D86999F2.html","https:\/\/www.trustedshops.de\/bewertung\/info_X7BA536A7A0BDC86D36C4718E4DCAEEEF.html","https:\/\/www.google.com\/maps\/place\/?q=place_id:ChIJ5-zH19-IcEcR9HonWRTllHI"]},{"@type":"Person","@id":"https:\/\/www.leeb-balkone.com\/ch\/#\/schema\/person\/dc2e2c82db329667ee507698e220238f","name":"Herbert Weichart"}]}},"_links":{"self":[{"href":"https:\/\/www.leeb-balkone.com\/ch\/wp-json\/wp\/v2\/posts\/76028","targetHints":{"allow":["GET"]}}],"collection":[{"href":"https:\/\/www.leeb-balkone.com\/ch\/wp-json\/wp\/v2\/posts"}],"about":[{"href":"https:\/\/www.leeb-balkone.com\/ch\/wp-json\/wp\/v2\/types\/post"}],"author":[{"embeddable":true,"href":"https:\/\/www.leeb-balkone.com\/ch\/wp-json\/wp\/v2\/users\/4"}],"replies":[{"embeddable":true,"href":"https:\/\/www.leeb-balkone.com\/ch\/wp-json\/wp\/v2\/comments?post=76028"}],"version-history":[{"count":1,"href":"https:\/\/www.leeb-balkone.com\/ch\/wp-json\/wp\/v2\/posts\/76028\/revisions"}],"predecessor-version":[{"id":156464,"href":"https:\/\/www.leeb-balkone.com\/ch\/wp-json\/wp\/v2\/posts\/76028\/revisions\/156464"}],"wp:featuredmedia":[{"embeddable":true,"href":"https:\/\/www.leeb-balkone.com\/ch\/wp-json\/wp\/v2\/media\/76053"}],"wp:attachment":[{"href":"https:\/\/www.leeb-balkone.com\/ch\/wp-json\/wp\/v2\/media?parent=76028"}],"wp:term":[{"taxonomy":"category","embeddable":true,"href":"https:\/\/www.leeb-balkone.com\/ch\/wp-json\/wp\/v2\/categories?post=76028"},{"taxonomy":"post_tag","embeddable":true,"href":"https:\/\/www.leeb-balkone.com\/ch\/wp-json\/wp\/v2\/tags?post=76028"},{"taxonomy":"post_folder","embeddable":true,"href":"https:\/\/www.leeb-balkone.com\/ch\/wp-json\/wp\/v2\/post_folder?post=76028"}],"curies":[{"name":"wp","href":"https:\/\/api.w.org\/{rel}","templated":true}]}}