{"id":19020,"date":"2016-05-17T06:49:17","date_gmt":"2016-05-17T06:49:17","guid":{"rendered":"https:\/\/www.leeb-balkone.com\/de\/blog\/postdummy-2-2-3-2-2-2-5-3-2-2\/"},"modified":"2023-01-16T17:19:18","modified_gmt":"2023-01-16T17:19:18","slug":"oekologisches-wohlfuehlen-auf-dem-balkon","status":"publish","type":"post","link":"https:\/\/www.leeb-balkone.com\/ch\/blog\/oekologisches-wohlfuehlen-auf-dem-balkon\/","title":{"rendered":"\u00d6kologisches Wohlf\u00fchlen auf dem Balkon"},"content":{"rendered":"<header data-block_a95ce0d43a24602041d6e425b76c650c class=\"c-fh  l-mh-small c-fh--hero c-grad-l2r c-fh--div none\">\n      <img loading=\"lazy\" decoding=\"async\" width=\"1462\" height=\"956\" src=\"https:\/\/www.leeb-balkone.com\/app\/uploads\/2020\/10\/besenginster-als-balkonpflanze-1-1.jpg\" class=\"no-lazy\" alt=\"gartenliebe\" srcset=\"https:\/\/www.leeb-balkone.com\/app\/uploads\/2020\/10\/besenginster-als-balkonpflanze-1-1.jpg 1462w, https:\/\/www.leeb-balkone.com\/app\/uploads\/2020\/10\/besenginster-als-balkonpflanze-1-1-300x196.jpg 300w, https:\/\/www.leeb-balkone.com\/app\/uploads\/2020\/10\/besenginster-als-balkonpflanze-1-1-1024x670.jpg 1024w, https:\/\/www.leeb-balkone.com\/app\/uploads\/2020\/10\/besenginster-als-balkonpflanze-1-1-768x502.jpg 768w\" sizes=\"auto, (min-width: 1536px) 2048px, (min-width: 992px) 1536px, (min-width: 768px) 1024px, (min-width: 576px) 768px, 100vw\" \/>\n\n\n<div class=\"grid-container\">\n  <div class=\"grid-x\">\n    <div class=\"cell small-12 medium-6 medium-offset-1\">\n      <div class=\"c-fh__wrapper\">\n              <\/div>\n    <\/div>\n  <\/div>\n<\/div>\n  \n    \n    <\/header>\n\n\n  \n  <section class=\"wp-block-group alignfull t3-header u-max-wide t3-header-text has-white-background-color has-background has-global-padding is-layout-constrained wp-block-group-is-layout-constrained\">\n    <div class=\"wp-block-group o-grid u-md-1 u-sm-1 is-layout-flow wp-block-group-is-layout-flow\">\n  <div class=\"wp-block-group u-g-10 u-g-s-2\">\n      <div class=\"yoast-breadcrumbs\"><span><span><a href=\"https:\/\/www.leeb-balkone.com\/ch\/\">Home<\/a><\/span><\/span><\/div>\n      \n    <h1>\u00d6kologisches Wohlf\u00fchlen auf dem Balkon<\/h1>\n  <\/div>\n<\/div>\n  <\/section>\n\n\n\n\n\n\n<section class=\"wp-block-cgb-t3-section-block alignfull b-pt-small  is-style-bg-white\" style=\"display:inherit;min-height:inherit\">\n<div class=\"wp-block-cgb-t3-container-block none\" style=\"background-color:none\"><div class=\"grid-container\"><div class=\"grid-x\"><div class=\"cell small-12 medium-9 large-0 medium-offset-1 b-has-lsmb\">\n<p>Die letzten Jahre sind in vielen gesellschaftlichen Bereichen von einem st\u00e4ndig wachsenden \u00f6kologischen Bewusstsein gepr\u00e4gt gewesen. Wo vor gar nicht so langer Zeit noch eine regelrechte Wegwerfmentalit\u00e4t herrschte, stehen heute Gedanken zur Nachhaltigkeit an erster Stelle. Das gilt auch bei eigenen Garten- und Pflanzprojekten. Anstelle von k\u00fcnstlich gepushten Blumen, die h\u00e4ufig \u00fcberhaupt nur eine Saison mit M\u00fche und Not zu \u00fcberstehen wissen, r\u00fccken immer mehr langfristig gedeihende, heimische Pflanzen in den Fokus der Aufmerksamkeit. Ein nat\u00fcrliches Gleichgewicht sowie vielerorts auch der Artenschutz stehen dabei h\u00e4ufig im Vordergrund. Das gilt \u00fcbrigens nicht nur f\u00fcr heimische Gartenanlagen, sondern kann auch auf dem eigenen Balkon wirkungsvoll umgesetzt werden.<\/p>\n<\/div><\/div><\/div><\/div>\n\n\n\n<div class=\"wp-block-cgb-t3-container-block none\" style=\"background-color:none\"><div class=\"grid-container\"><div class=\"grid-x\"><div class=\"cell small-12 medium-0 large-0\"><div id=\"lightgallery-block_b4d0f2aa200ddf422abc0c51a8914453\" data-block_b4d0f2aa200ddf422abc0c51a8914453 class=\"has-1-imgs b-cards b-cards--gallery u-grid-temp has-1-cols u-md-2 u-sm-1 wp-block-group is-layout-grid wp-block-group-is-layout-grid gallery alignwide\">\n\n        <div class=\"b-cards__item\">\n\n        \n      <figure>\n                 <img loading=\"lazy\" decoding=\"async\" width=\"1462\" height=\"956\" src=\"https:\/\/www.leeb-balkone.com\/app\/uploads\/2020\/10\/besenginster-als-balkonpflanze-1-1.jpg\" class=\"attachment-1536x1536 size-1536x1536\" alt=\"besenginster als balkonpflanze 1 1\" srcset=\"https:\/\/www.leeb-balkone.com\/app\/uploads\/2020\/10\/besenginster-als-balkonpflanze-1-1.jpg 1462w, https:\/\/www.leeb-balkone.com\/app\/uploads\/2020\/10\/besenginster-als-balkonpflanze-1-1-300x196.jpg 300w, https:\/\/www.leeb-balkone.com\/app\/uploads\/2020\/10\/besenginster-als-balkonpflanze-1-1-1024x670.jpg 1024w, https:\/\/www.leeb-balkone.com\/app\/uploads\/2020\/10\/besenginster-als-balkonpflanze-1-1-768x502.jpg 768w\" sizes=\"auto, (min-width: 1200px) 100vw, (min-width: 1024px) 1536px, (min-width: 640px) 768px, 768px\" \/>              <\/figure>\n\n                  \n        <div class=\"caption\">\n                          <p>Heimische Pflanzen zur Balkongestaltung\n              <\/div>\n  \n<\/div>\n\n    <\/div>\n\n<\/div><\/div><\/div><\/div>\n\n\n\n<div class=\"wp-block-cgb-t3-container-block none\" style=\"background-color:none\"><div class=\"grid-container\"><div class=\"grid-x\"><div class=\"cell small-12 medium-9 large-0 medium-offset-1 b-has-lsmb\">\n<p>Schon ein klein wenig Einsatz gen\u00fcgt, um den eigenen Au\u00dfenstand in ein wahres \u00d6koparadies zu verwandeln. Dabei sind besondere Fertigkeiten in Bezug auf g\u00e4rtnerische F\u00e4higkeiten eher sekund\u00e4r. Ein bisschen guter Wille sowie ein paar hilfreiche Tipps reichen meist schon aus, um einen eigenen Beitrag zu leisten. Aus diesem Grund wurde der nachfolgende Ratgeber erstellt, der mit ersten Tipps und hilfreichen Hinweisen dienen kann. Selbige sollen allerdings selbstverst\u00e4ndlich nur als Anregungen verstanden werden, denn die Umsetzungsm\u00f6glichkeiten \u00f6kologischer Interessen sind auch auf dem eigenen Balkon schier unbegrenzt.<\/p>\n\n\n\n<h2 class=\"wp-block-heading\">Die Vorteile der \u00f6kologisch nachhaltigen Balkongestaltung<\/h2>\n\n\n\n<p>Tats\u00e4chlich pr\u00e4sentiert sich eine \u00f6kologisch nachhaltig gestaltete Balkonbepflanzung in vielerlei Hinsicht als \u00fcberaus n\u00fctzlich und bietet gleich eine ganze Reihe von verschiedensten Vorteilen. Der erste, der an dieser Stelle unbedingt benannt werden muss, ist die Tatsache, dass in der Regel mit heimischen Pflanzenarten und \u2013Gattungen gearbeitet wird. Diese Pflanzen sind an die Witterungsverh\u00e4ltnisse auf dem Balkon optimal angepasst und k\u00f6nnen im herrschenden Wetter und Klima deutlich besser gedeihen, als gez\u00fcchtete bzw. \u00fcberz\u00fcchtete Exemplare aus urspr\u00fcnglich g\u00e4nzlich anderen Gefilden. Viele dieser letztgenannten Pflanzen werden in gigantischen Gew\u00e4chsh\u00e4usern unter unnat\u00fcrlichen Bedingungen hochgezogen und dann beispielsweise in den gro\u00dfen Pflanzenabteilungen von Baumarkthallen vertrieben. Bei diesen Pflanzen kommt es nicht selten vor, dass sie im eigenen Blumenbeet oder \u2013Kasten binnen k\u00fcrzester Zeit eingehen. Viele heimische Stauden und Blumen sind dagegen sogar winterhart und k\u00f6nnen f\u00fcr mehr als nur eine Saison Freude bereiten. Der Vorteil hierbei ist au\u00dferdem, dass Wildpflanzen f\u00fcr gew\u00f6hnlich deutlich weniger Pflege ben\u00f6tigen und dementsprechend auch diejenigen, die keinen eigenen gr\u00fcnen Daumen besitzen, voll auf ihre Kosten kommen k\u00f6nnen.<\/p>\n\n\n\n<p>Dar\u00fcber hinaus sind heimische Balkonpflanzen geradezu pr\u00e4destiniert daf\u00fcr, um verschiedensten Insektenarten ein angenehmes Zuhause bieten zu k\u00f6nnen. Bienen, Schmetterlinge, Marienk\u00e4fer und zahlreiche andere Insekten lassen sich auf den Pflanzen nieder und erhalten ein breites Nahrungsangebot, an dem sie sich laben k\u00f6nnen. So hilft eine \u00f6kologisch sinnvolle Bepflanzung des eigenen Balkons dabei die Artenvielfalt aufrecht zu erhalten.<\/p>\n\n\n\n<h2 class=\"wp-block-heading\">Welche heimischen Pflanzen eignen sich f\u00fcr die Bepflanzung?<\/h2>\n\n\n\n<p>Wenn es um \u00f6kologisch sinnvolle und nachhaltige Bepflanzung geht, lassen sich immer positivere Tendenzen in der Bev\u00f6lkerung erkennen, wobei diese allerdings h\u00e4ufig mit jeder Menge Unwissenheit gepaart ist. Viele Balkonbesitzer m\u00f6chten zwar gern mit heimischen Pflanzen arbeiten, wissen aber nicht genau, welche sie hierf\u00fcr ausw\u00e4hlen d\u00fcrfen. In einem ersten Schritt kann diesbez\u00fcglich eine Beratung beim Fachmann weiterhelfen. In G\u00e4rtnereien beispielsweise kann dar\u00fcber aufgekl\u00e4rt werden, welche Pflanzen aus dem Gew\u00e4chshaus stammen und unter nat\u00fcrlichen Bedingungen keine \u00dcberlebenschance h\u00e4tten und welche sich als heimisch erweisen. Wem dies zu umst\u00e4ndlich ist, der kann einen Blick auf die folgende Liste werfen. Hierbei handelt es sich um mehrj\u00e4hrige Pflanzen, die sich optimal f\u00fcr den Einsatz auf einem \u00f6kologisch nachhaltig gestalteten Balkon eignen:<\/p>\n\n\n\n<ul class=\"wp-block-list\">\n<li>Gew\u00f6hnliche Berberitze<\/li>\n\n\n\n<li>Besenginster<\/li>\n\n\n\n<li>Rote Heckenkirsche<\/li>\n\n\n\n<li>Zwergmispel<\/li>\n\n\n\n<li>Strauchwicke etc.<\/li>\n<\/ul>\n\n\n\n<p>Bei der Bepflanzung mit heimischen Stauden und Wildpflanzen kommt es allerdings nicht nur auf den pers\u00f6nlichen Geschmack an, sondern vor allem auch auf die Standortbedingungen. So sind einige der obig aufgez\u00e4hlten Pflanzen am liebsten im hellen Sonnenschein zuhause, w\u00e4hrend andere sich hingegen im Schatten ein wenig wohler f\u00fchlen. Dementsprechend empfiehlt es sich bereits vor dem Pflanzenkauf einen genauen Blick auf die Standortbedingungen des eigenen Balkons zu werfen: Wo steht wann die Sonne und wie windig ist es gegebenenfalls auf meinem Balkon? Dar\u00fcber hinaus kann es sich au\u00dferdem empfehlen eine Art thematische bzw. farbliche Linie zu verfolgen.<\/p>\n\n\n\n<p>Wer sich f\u00fcr die eine oder andere Pflanze entschieden hat, f\u00fcr den steht leider nun noch eine kleine H\u00fcrde bevor, ehe es ans Pflanzen geht: Die heimische Pflanze muss in unver\u00e4nderter Form erstanden werden. Viele Experten haben sich darauf eingeschossen heimische Pflanzen durch verschiedene Zuchtprozesse zu ver\u00e4ndern. Sie lassen sich nun angeblich leichter oder weniger aufwendig pflegen oder erzielen schnellere Wachstumserfolge. Um einen \u00f6kologischen Balkon zu erhalten, sollte im besten Falle nicht auf diese ver\u00e4nderten Zuchten zur\u00fcckgegriffen werden.<\/p>\n\n\n\n<h2 class=\"wp-block-heading\">Die richtige Erde<\/h2>\n\n\n\n<p>F\u00fcr gew\u00f6hnlich gehen Balkonliebhaber mit einer Einkaufsliste zum nahegelegenen Baumarkt und laden dort neben einer Reihe von Zuchtpflanzen auch noch diverse Liter Pflanzenerde mit jeder Menge Torf in den eigenen Einkaufswagen. F\u00fcr eine \u00f6kologische Balkonbepflanzung sollte von einem derartigen Vorgehen Abstand genommen werden. Zum einen ist der An- bzw. Abbau von Torf nicht gerade als \u00f6kologisch nachhaltig oder sinnvoll zu bezeichnen und zum anderen f\u00fchlen sich vor allem Wildpflanzen in torfhaltigem Substrat nicht besonders wohl. Der Torf sorgt daf\u00fcr, dass die Erde schneller austrocknet und den Pflanzen so die Nahrungsgrundlage entzogen wird.<\/p>\n\n\n\n<p>Wildpflanzen und \u2013Blumen sind in der Natur meist an relativ bescheidene Bodenverh\u00e4ltnisse angepasst und kommen dementsprechend auch mit wenigen N\u00e4hrstoffen im Boden recht gut aus. Um m\u00f6glichst optimale Bedingungen zu erreichen, kann es sich lohnen die vorgesehene Blumenerde mit etwas Sand oder kleinen Kieseln zu strecken. Staun\u00e4sse hingegen sollte unbedingt vermieden werden, da dies Wildpflanzen auf Dauer durchaus zu schaffen macht. Generell gilt allerdings hinsichtlich der Bodenverh\u00e4ltnisse zu beachten, dass exakt nat\u00fcrliche Bedingungen auf einem Balkon bzw. in einem Blumentopf ohnehin nicht nachgestellt werden k\u00f6nnen. Stattdessen sollten Balkonbesitzer sich lediglich darauf konzentrieren, den Pflanzen ihr Dasein und ihren Lebensraum so angenehm wie m\u00f6glich zu gestalten.<\/p>\n\n\n\n<h2 class=\"wp-block-heading\">Das richtige Beh\u00e4ltnis und die richtige Bepflanzung<\/h2>\n\n\n\n<p>Generell haben Balkonliebhaber bei der Auswahl der Pflanzgef\u00e4\u00dfe freie Hand. Allerdings sollte im besten Fall auf m\u00f6glichst nat\u00fcrliche Materialien zur\u00fcckgegriffen werden. Die Gr\u00f6\u00dfe der jeweiligen Gef\u00e4\u00dfe ist abh\u00e4ngig von der ausgew\u00e4hlten Pflanze zu bestimmen. Damit das Wurzelwerk optimal gedeihen kann, sollten weder zu kleine noch zu gro\u00dfe Pflanzgef\u00e4\u00dfe ausgew\u00e4hlt werden. Wachsende Pflanzen m\u00fcssen nach der Saison gegebenenfalls umgepflanzt werden, um das Beh\u00e4ltnis der Gr\u00f6\u00dfe anzupassen. Wildpflanzen unterschiedlicher Art k\u00f6nnen gern in ein und dasselbe Beh\u00e4ltnis gepflanzt werden, da auch in der nat\u00fcrlichen Umgebung in der Regel keine Monokulturen vorkommen, sondern verschiedene Arten nebeneinander gedeihen. Allerdings sollte hierbei nach M\u00f6glichkeit auf \u00e4hnliche Standortanspr\u00fcche geachtet werden.<\/p>\n\n\n\n<p>Bildnachweis: RuudMorijn\/Getty Images<\/p>\n<\/div><\/div><\/div><\/div>\n<\/section>\n\n\n\n<p><\/p>\n","protected":false},"excerpt":{"rendered":"<p>Die letzten Jahre sind in vielen gesellschaftlichen Bereichen von einem st\u00e4ndig wachsenden \u00f6kologischen Bewusstsein gepr\u00e4gt. Das gilt auch bei eigenen Garten- und Pflanzprojekten.<\/p>\n","protected":false},"author":3,"featured_media":12978,"comment_status":"closed","ping_status":"open","sticky":false,"template":"template-onepager.blade.php","format":"standard","meta":{"_acf_changed":false,"footnotes":""},"categories":[160,161,149,150,151,152,153],"tags":[],"post_folder":[],"class_list":["post-19020","post","type-post","status-publish","format-standard","has-post-thumbnail","hentry","category-balkongestaltung","category-balkonpflanzen","category-garten-und-pflanzen","category-gartenbau","category-gartengestaltung","category-ideen-zum-selbermachen","category-tipps-zur-balkongestaltung"],"acf":[],"yoast_head":"<!-- This site is optimized with the Yoast SEO plugin v27.2 - https:\/\/yoast.com\/product\/yoast-seo-wordpress\/ -->\n<title>\u00d6kologisches Wohlf\u00fchlen auf dem Balkon - Leeb Balkone Schweiz<\/title>\n<meta name=\"description\" content=\"Die letzten Jahre sind in vielen gesellschaftlichen Bereichen von einem st\u00e4ndig wachsenden \u00f6kologischen Bewusstsein gepr\u00e4gt. Das gilt auch bei eigenen Garten- und Pflanzprojekten.\" \/>\n<meta name=\"robots\" content=\"index, follow, max-snippet:-1, max-image-preview:large, max-video-preview:-1\" \/>\n<meta property=\"og:locale\" content=\"de_DE\" \/>\n<meta property=\"og:type\" content=\"article\" \/>\n<meta property=\"og:title\" content=\"\u00d6kologisches Wohlf\u00fchlen auf dem Balkon - Leeb Balkone\" \/>\n<meta property=\"og:description\" content=\"Die letzten Jahre sind in vielen gesellschaftlichen Bereichen von einem st\u00e4ndig wachsenden \u00f6kologischen Bewusstsein gepr\u00e4gt. Das gilt auch bei eigenen Garten- und Pflanzprojekten.\" \/>\n<meta property=\"og:url\" content=\"https:\/\/www.leeb-balkone.com\/ch\/blog\/oekologisches-wohlfuehlen-auf-dem-balkon\/\" \/>\n<meta property=\"og:site_name\" content=\"Leeb Balkone\" \/>\n<meta property=\"article:publisher\" content=\"https:\/\/www.facebook.com\/balkone\/\" \/>\n<meta property=\"article:published_time\" content=\"2016-05-17T06:49:17+00:00\" \/>\n<meta property=\"article:modified_time\" content=\"2023-01-16T17:19:18+00:00\" \/>\n<meta property=\"og:image\" content=\"https:\/\/www.leeb-balkone.com\/app\/uploads\/2020\/10\/besenginster-als-balkonpflanze-1-1.jpg\" \/>\n\t<meta property=\"og:image:width\" content=\"1462\" \/>\n\t<meta property=\"og:image:height\" content=\"956\" \/>\n\t<meta property=\"og:image:type\" content=\"image\/jpeg\" \/>\n<meta name=\"author\" content=\"jbacher\" \/>\n<meta name=\"twitter:card\" content=\"summary_large_image\" \/>\n<script type=\"application\/ld+json\" class=\"yoast-schema-graph\">{\"@context\":\"https:\/\/schema.org\",\"@graph\":[{\"@type\":\"Article\",\"@id\":\"https:\/\/www.leeb-balkone.com\/ch\/blog\/oekologisches-wohlfuehlen-auf-dem-balkon\/#article\",\"isPartOf\":{\"@id\":\"https:\/\/www.leeb-balkone.com\/ch\/blog\/oekologisches-wohlfuehlen-auf-dem-balkon\/\"},\"author\":{\"name\":\"jbacher\",\"@id\":\"https:\/\/www.leeb-balkone.com\/ch\/#\/schema\/person\/15f1f398efcf4703721e46c2136421fa\"},\"headline\":\"\u00d6kologisches Wohlf\u00fchlen auf dem Balkon\",\"datePublished\":\"2016-05-17T06:49:17+00:00\",\"dateModified\":\"2023-01-16T17:19:18+00:00\",\"mainEntityOfPage\":{\"@id\":\"https:\/\/www.leeb-balkone.com\/ch\/blog\/oekologisches-wohlfuehlen-auf-dem-balkon\/\"},\"wordCount\":1156,\"publisher\":{\"@id\":\"https:\/\/www.leeb-balkone.com\/ch\/#organization\"},\"image\":{\"@id\":\"https:\/\/www.leeb-balkone.com\/ch\/blog\/oekologisches-wohlfuehlen-auf-dem-balkon\/#primaryimage\"},\"thumbnailUrl\":\"https:\/\/www.leeb-balkone.com\/app\/uploads\/2020\/10\/besenginster-als-balkonpflanze-1-1.jpg\",\"articleSection\":[\"Balkongestaltung\",\"Balkonpflanzen\",\"Garten und Pflanzen\",\"Gartenbau\",\"Gartengestaltung\",\"Ideen zum Selbermachen\",\"Tipps zur Balkongestaltung\"],\"inLanguage\":\"de-CH\"},{\"@type\":\"WebPage\",\"@id\":\"https:\/\/www.leeb-balkone.com\/ch\/blog\/oekologisches-wohlfuehlen-auf-dem-balkon\/\",\"url\":\"https:\/\/www.leeb-balkone.com\/ch\/blog\/oekologisches-wohlfuehlen-auf-dem-balkon\/\",\"name\":\"\u00d6kologisches Wohlf\u00fchlen auf dem Balkon - Leeb Balkone\",\"isPartOf\":{\"@id\":\"https:\/\/www.leeb-balkone.com\/ch\/#website\"},\"primaryImageOfPage\":{\"@id\":\"https:\/\/www.leeb-balkone.com\/ch\/blog\/oekologisches-wohlfuehlen-auf-dem-balkon\/#primaryimage\"},\"image\":{\"@id\":\"https:\/\/www.leeb-balkone.com\/ch\/blog\/oekologisches-wohlfuehlen-auf-dem-balkon\/#primaryimage\"},\"thumbnailUrl\":\"https:\/\/www.leeb-balkone.com\/app\/uploads\/2020\/10\/besenginster-als-balkonpflanze-1-1.jpg\",\"datePublished\":\"2016-05-17T06:49:17+00:00\",\"dateModified\":\"2023-01-16T17:19:18+00:00\",\"description\":\"Die letzten Jahre sind in vielen gesellschaftlichen Bereichen von einem st\u00e4ndig wachsenden \u00f6kologischen Bewusstsein gepr\u00e4gt. Das gilt auch bei eigenen Garten- und Pflanzprojekten.\",\"breadcrumb\":{\"@id\":\"https:\/\/www.leeb-balkone.com\/ch\/blog\/oekologisches-wohlfuehlen-auf-dem-balkon\/#breadcrumb\"},\"inLanguage\":\"de-CH\",\"potentialAction\":[{\"@type\":\"ReadAction\",\"target\":[\"https:\/\/www.leeb-balkone.com\/ch\/blog\/oekologisches-wohlfuehlen-auf-dem-balkon\/\"]}]},{\"@type\":\"ImageObject\",\"inLanguage\":\"de-CH\",\"@id\":\"https:\/\/www.leeb-balkone.com\/ch\/blog\/oekologisches-wohlfuehlen-auf-dem-balkon\/#primaryimage\",\"url\":\"https:\/\/www.leeb-balkone.com\/app\/uploads\/2020\/10\/besenginster-als-balkonpflanze-1-1.jpg\",\"contentUrl\":\"https:\/\/www.leeb-balkone.com\/app\/uploads\/2020\/10\/besenginster-als-balkonpflanze-1-1.jpg\",\"width\":1462,\"height\":956,\"caption\":\"Heimische Pflanzen zur Balkongestaltung\"},{\"@type\":\"BreadcrumbList\",\"@id\":\"https:\/\/www.leeb-balkone.com\/ch\/blog\/oekologisches-wohlfuehlen-auf-dem-balkon\/#breadcrumb\",\"itemListElement\":[{\"@type\":\"ListItem\",\"position\":1,\"name\":\"Home\",\"item\":\"https:\/\/www.leeb-balkone.com\/ch\/\"},{\"@type\":\"ListItem\",\"position\":2,\"name\":\"\u00d6kologisches Wohlf\u00fchlen auf dem Balkon\"}]},{\"@type\":\"WebSite\",\"@id\":\"https:\/\/www.leeb-balkone.com\/ch\/#website\",\"url\":\"https:\/\/www.leeb-balkone.com\/ch\/\",\"name\":\"Leeb Balkone\",\"description\":\"Balkone und Z\u00e4une\",\"publisher\":{\"@id\":\"https:\/\/www.leeb-balkone.com\/ch\/#organization\"},\"potentialAction\":[{\"@type\":\"SearchAction\",\"target\":{\"@type\":\"EntryPoint\",\"urlTemplate\":\"https:\/\/www.leeb-balkone.com\/ch\/?s={search_term_string}\"},\"query-input\":{\"@type\":\"PropertyValueSpecification\",\"valueRequired\":true,\"valueName\":\"search_term_string\"}}],\"inLanguage\":\"de-CH\"},{\"@type\":\"Organization\",\"@id\":\"https:\/\/www.leeb-balkone.com\/ch\/#organization\",\"name\":\"Leeb Balkone Gmbh\",\"url\":\"https:\/\/www.leeb-balkone.com\/ch\/\",\"logo\":{\"@type\":\"ImageObject\",\"inLanguage\":\"de-CH\",\"@id\":\"https:\/\/www.leeb-balkone.com\/ch\/#\/schema\/logo\/image\/\",\"url\":\"https:\/\/www.leeb-balkone.com\/app\/uploads\/2020\/11\/leeb-logo.svg\",\"contentUrl\":\"https:\/\/www.leeb-balkone.com\/app\/uploads\/2020\/11\/leeb-logo.svg\",\"width\":741,\"height\":204,\"caption\":\"Leeb Balkone Gmbh\"},\"image\":{\"@id\":\"https:\/\/www.leeb-balkone.com\/ch\/#\/schema\/logo\/image\/\"},\"sameAs\":[\"https:\/\/www.facebook.com\/balkone\/\",\"https:\/\/www.trustedshops.at\/bewertung\/info_X4587CCF5833E31AFE0B11F47D86999F2.html\",\"https:\/\/www.trustedshops.de\/bewertung\/info_X7BA536A7A0BDC86D36C4718E4DCAEEEF.html\",\"https:\/\/www.google.com\/maps\/place\/?q=place_id:ChIJ5-zH19-IcEcR9HonWRTllHI\"]},{\"@type\":\"Person\",\"@id\":\"https:\/\/www.leeb-balkone.com\/ch\/#\/schema\/person\/15f1f398efcf4703721e46c2136421fa\",\"name\":\"jbacher\"}]}<\/script>\n<!-- \/ Yoast SEO plugin. -->","yoast_head_json":{"title":"\u00d6kologisches Wohlf\u00fchlen auf dem Balkon - Leeb Balkone Schweiz","description":"Die letzten Jahre sind in vielen gesellschaftlichen Bereichen von einem st\u00e4ndig wachsenden \u00f6kologischen Bewusstsein gepr\u00e4gt. Das gilt auch bei eigenen Garten- und Pflanzprojekten.","robots":{"index":"index","follow":"follow","max-snippet":"max-snippet:-1","max-image-preview":"max-image-preview:large","max-video-preview":"max-video-preview:-1"},"og_locale":"de_DE","og_type":"article","og_title":"\u00d6kologisches Wohlf\u00fchlen auf dem Balkon - Leeb Balkone","og_description":"Die letzten Jahre sind in vielen gesellschaftlichen Bereichen von einem st\u00e4ndig wachsenden \u00f6kologischen Bewusstsein gepr\u00e4gt. Das gilt auch bei eigenen Garten- und Pflanzprojekten.","og_url":"https:\/\/www.leeb-balkone.com\/ch\/blog\/oekologisches-wohlfuehlen-auf-dem-balkon\/","og_site_name":"Leeb Balkone","article_publisher":"https:\/\/www.facebook.com\/balkone\/","article_published_time":"2016-05-17T06:49:17+00:00","article_modified_time":"2023-01-16T17:19:18+00:00","og_image":[{"width":1462,"height":956,"url":"https:\/\/www.leeb-balkone.com\/app\/uploads\/2020\/10\/besenginster-als-balkonpflanze-1-1.jpg","type":"image\/jpeg"}],"author":"jbacher","twitter_card":"summary_large_image","schema":{"@context":"https:\/\/schema.org","@graph":[{"@type":"Article","@id":"https:\/\/www.leeb-balkone.com\/ch\/blog\/oekologisches-wohlfuehlen-auf-dem-balkon\/#article","isPartOf":{"@id":"https:\/\/www.leeb-balkone.com\/ch\/blog\/oekologisches-wohlfuehlen-auf-dem-balkon\/"},"author":{"name":"jbacher","@id":"https:\/\/www.leeb-balkone.com\/ch\/#\/schema\/person\/15f1f398efcf4703721e46c2136421fa"},"headline":"\u00d6kologisches Wohlf\u00fchlen auf dem Balkon","datePublished":"2016-05-17T06:49:17+00:00","dateModified":"2023-01-16T17:19:18+00:00","mainEntityOfPage":{"@id":"https:\/\/www.leeb-balkone.com\/ch\/blog\/oekologisches-wohlfuehlen-auf-dem-balkon\/"},"wordCount":1156,"publisher":{"@id":"https:\/\/www.leeb-balkone.com\/ch\/#organization"},"image":{"@id":"https:\/\/www.leeb-balkone.com\/ch\/blog\/oekologisches-wohlfuehlen-auf-dem-balkon\/#primaryimage"},"thumbnailUrl":"https:\/\/www.leeb-balkone.com\/app\/uploads\/2020\/10\/besenginster-als-balkonpflanze-1-1.jpg","articleSection":["Balkongestaltung","Balkonpflanzen","Garten und Pflanzen","Gartenbau","Gartengestaltung","Ideen zum Selbermachen","Tipps zur Balkongestaltung"],"inLanguage":"de-CH"},{"@type":"WebPage","@id":"https:\/\/www.leeb-balkone.com\/ch\/blog\/oekologisches-wohlfuehlen-auf-dem-balkon\/","url":"https:\/\/www.leeb-balkone.com\/ch\/blog\/oekologisches-wohlfuehlen-auf-dem-balkon\/","name":"\u00d6kologisches Wohlf\u00fchlen auf dem Balkon - Leeb Balkone","isPartOf":{"@id":"https:\/\/www.leeb-balkone.com\/ch\/#website"},"primaryImageOfPage":{"@id":"https:\/\/www.leeb-balkone.com\/ch\/blog\/oekologisches-wohlfuehlen-auf-dem-balkon\/#primaryimage"},"image":{"@id":"https:\/\/www.leeb-balkone.com\/ch\/blog\/oekologisches-wohlfuehlen-auf-dem-balkon\/#primaryimage"},"thumbnailUrl":"https:\/\/www.leeb-balkone.com\/app\/uploads\/2020\/10\/besenginster-als-balkonpflanze-1-1.jpg","datePublished":"2016-05-17T06:49:17+00:00","dateModified":"2023-01-16T17:19:18+00:00","description":"Die letzten Jahre sind in vielen gesellschaftlichen Bereichen von einem st\u00e4ndig wachsenden \u00f6kologischen Bewusstsein gepr\u00e4gt. Das gilt auch bei eigenen Garten- und Pflanzprojekten.","breadcrumb":{"@id":"https:\/\/www.leeb-balkone.com\/ch\/blog\/oekologisches-wohlfuehlen-auf-dem-balkon\/#breadcrumb"},"inLanguage":"de-CH","potentialAction":[{"@type":"ReadAction","target":["https:\/\/www.leeb-balkone.com\/ch\/blog\/oekologisches-wohlfuehlen-auf-dem-balkon\/"]}]},{"@type":"ImageObject","inLanguage":"de-CH","@id":"https:\/\/www.leeb-balkone.com\/ch\/blog\/oekologisches-wohlfuehlen-auf-dem-balkon\/#primaryimage","url":"https:\/\/www.leeb-balkone.com\/app\/uploads\/2020\/10\/besenginster-als-balkonpflanze-1-1.jpg","contentUrl":"https:\/\/www.leeb-balkone.com\/app\/uploads\/2020\/10\/besenginster-als-balkonpflanze-1-1.jpg","width":1462,"height":956,"caption":"Heimische Pflanzen zur Balkongestaltung"},{"@type":"BreadcrumbList","@id":"https:\/\/www.leeb-balkone.com\/ch\/blog\/oekologisches-wohlfuehlen-auf-dem-balkon\/#breadcrumb","itemListElement":[{"@type":"ListItem","position":1,"name":"Home","item":"https:\/\/www.leeb-balkone.com\/ch\/"},{"@type":"ListItem","position":2,"name":"\u00d6kologisches Wohlf\u00fchlen auf dem Balkon"}]},{"@type":"WebSite","@id":"https:\/\/www.leeb-balkone.com\/ch\/#website","url":"https:\/\/www.leeb-balkone.com\/ch\/","name":"Leeb Balkone","description":"Balkone und Z\u00e4une","publisher":{"@id":"https:\/\/www.leeb-balkone.com\/ch\/#organization"},"potentialAction":[{"@type":"SearchAction","target":{"@type":"EntryPoint","urlTemplate":"https:\/\/www.leeb-balkone.com\/ch\/?s={search_term_string}"},"query-input":{"@type":"PropertyValueSpecification","valueRequired":true,"valueName":"search_term_string"}}],"inLanguage":"de-CH"},{"@type":"Organization","@id":"https:\/\/www.leeb-balkone.com\/ch\/#organization","name":"Leeb Balkone Gmbh","url":"https:\/\/www.leeb-balkone.com\/ch\/","logo":{"@type":"ImageObject","inLanguage":"de-CH","@id":"https:\/\/www.leeb-balkone.com\/ch\/#\/schema\/logo\/image\/","url":"https:\/\/www.leeb-balkone.com\/app\/uploads\/2020\/11\/leeb-logo.svg","contentUrl":"https:\/\/www.leeb-balkone.com\/app\/uploads\/2020\/11\/leeb-logo.svg","width":741,"height":204,"caption":"Leeb Balkone Gmbh"},"image":{"@id":"https:\/\/www.leeb-balkone.com\/ch\/#\/schema\/logo\/image\/"},"sameAs":["https:\/\/www.facebook.com\/balkone\/","https:\/\/www.trustedshops.at\/bewertung\/info_X4587CCF5833E31AFE0B11F47D86999F2.html","https:\/\/www.trustedshops.de\/bewertung\/info_X7BA536A7A0BDC86D36C4718E4DCAEEEF.html","https:\/\/www.google.com\/maps\/place\/?q=place_id:ChIJ5-zH19-IcEcR9HonWRTllHI"]},{"@type":"Person","@id":"https:\/\/www.leeb-balkone.com\/ch\/#\/schema\/person\/15f1f398efcf4703721e46c2136421fa","name":"jbacher"}]}},"_links":{"self":[{"href":"https:\/\/www.leeb-balkone.com\/ch\/wp-json\/wp\/v2\/posts\/19020","targetHints":{"allow":["GET"]}}],"collection":[{"href":"https:\/\/www.leeb-balkone.com\/ch\/wp-json\/wp\/v2\/posts"}],"about":[{"href":"https:\/\/www.leeb-balkone.com\/ch\/wp-json\/wp\/v2\/types\/post"}],"author":[{"embeddable":true,"href":"https:\/\/www.leeb-balkone.com\/ch\/wp-json\/wp\/v2\/users\/3"}],"replies":[{"embeddable":true,"href":"https:\/\/www.leeb-balkone.com\/ch\/wp-json\/wp\/v2\/comments?post=19020"}],"version-history":[{"count":0,"href":"https:\/\/www.leeb-balkone.com\/ch\/wp-json\/wp\/v2\/posts\/19020\/revisions"}],"wp:featuredmedia":[{"embeddable":true,"href":"https:\/\/www.leeb-balkone.com\/ch\/wp-json\/wp\/v2\/media\/12978"}],"wp:attachment":[{"href":"https:\/\/www.leeb-balkone.com\/ch\/wp-json\/wp\/v2\/media?parent=19020"}],"wp:term":[{"taxonomy":"category","embeddable":true,"href":"https:\/\/www.leeb-balkone.com\/ch\/wp-json\/wp\/v2\/categories?post=19020"},{"taxonomy":"post_tag","embeddable":true,"href":"https:\/\/www.leeb-balkone.com\/ch\/wp-json\/wp\/v2\/tags?post=19020"},{"taxonomy":"post_folder","embeddable":true,"href":"https:\/\/www.leeb-balkone.com\/ch\/wp-json\/wp\/v2\/post_folder?post=19020"}],"curies":[{"name":"wp","href":"https:\/\/api.w.org\/{rel}","templated":true}]}}