{"id":19002,"date":"2016-05-17T08:28:16","date_gmt":"2016-05-17T08:28:16","guid":{"rendered":"https:\/\/www.leeb-balkone.com\/de\/blog\/postdummy-2-2-3-2-2-2-5-2-2-2-6-3-2-3\/"},"modified":"2023-01-16T17:11:55","modified_gmt":"2023-01-16T17:11:55","slug":"pflege-fuer-gartenmoebel-aus-holz","status":"publish","type":"post","link":"https:\/\/www.leeb-balkone.com\/ch\/blog\/pflege-fuer-gartenmoebel-aus-holz\/","title":{"rendered":"Pflege f\u00fcr Gartenm\u00f6bel aus Holz"},"content":{"rendered":"\n<p><\/p>\n\n\n<header data-block_bdd2a038b68284a498c11223d24be5cc class=\"c-fh  l-mh-small c-fh--hero c-grad-l2r c-fh--div none\">\n      <img loading=\"lazy\" decoding=\"async\" width=\"2560\" height=\"1780\" src=\"https:\/\/www.leeb-balkone.com\/app\/uploads\/2020\/10\/gartenmoebel-holz-pflege-1-scaled.jpg\" class=\"no-lazy\" alt=\"zaun alu landeck header\" srcset=\"https:\/\/www.leeb-balkone.com\/app\/uploads\/2020\/10\/gartenmoebel-holz-pflege-1-scaled.jpg 2560w, https:\/\/www.leeb-balkone.com\/app\/uploads\/2020\/10\/gartenmoebel-holz-pflege-1-300x209.jpg 300w, https:\/\/www.leeb-balkone.com\/app\/uploads\/2020\/10\/gartenmoebel-holz-pflege-1-1024x712.jpg 1024w, https:\/\/www.leeb-balkone.com\/app\/uploads\/2020\/10\/gartenmoebel-holz-pflege-1-768x534.jpg 768w, https:\/\/www.leeb-balkone.com\/app\/uploads\/2020\/10\/gartenmoebel-holz-pflege-1-1536x1068.jpg 1536w, https:\/\/www.leeb-balkone.com\/app\/uploads\/2020\/10\/gartenmoebel-holz-pflege-1-2048x1424.jpg 2048w\" sizes=\"auto, (min-width: 1536px) 2048px, (min-width: 992px) 1536px, (min-width: 768px) 1024px, (min-width: 576px) 768px, 100vw\" \/>\n\n\n<div class=\"grid-container\">\n  <div class=\"grid-x\">\n    <div class=\"cell small-12 medium-6 medium-offset-1\">\n      <div class=\"c-fh__wrapper\">\n              <\/div>\n    <\/div>\n  <\/div>\n<\/div>\n  \n    \n    <\/header>\n\n\n  \n  <section class=\"wp-block-group alignfull t3-header u-max-wide t3-header-text has-white-background-color has-background has-global-padding is-layout-constrained wp-block-group-is-layout-constrained\">\n    <div class=\"wp-block-group o-grid u-md-1 u-sm-1 is-layout-flow wp-block-group-is-layout-flow\">\n  <div class=\"wp-block-group u-g-10 u-g-s-2\">\n      <div class=\"yoast-breadcrumbs\"><span><span><a href=\"https:\/\/www.leeb-balkone.com\/ch\/\">Home<\/a><\/span><\/span><\/div>\n      \n    <h1>Pflege f\u00fcr Gartenm\u00f6bel aus Holz<\/h1>\n  <\/div>\n<\/div>\n  <\/section>\n\n\n\n\n\n\n<section class=\"wp-block-cgb-t3-section-block alignfull b-pt-small  is-style-bg-white\" style=\"display:inherit;min-height:inherit\">\n<div class=\"wp-block-cgb-t3-container-block none\" style=\"background-color:none\"><div class=\"grid-container\"><div class=\"grid-x\"><div class=\"cell small-12 medium-9 large-0 medium-offset-1 b-has-lsmb\">\n<p>Holzm\u00f6bel geben Terrassen, Balkonen und G\u00e4rten einen besonders gem\u00fctlichen Flair. Das Holz der St\u00fchle, B\u00e4nke und Tische aus Holz passt durch seinen nat\u00fcrlich \u00e4sthetischen Look besonders gut zum Rest der Umgebung. Die Nat\u00fcrlichkeit des Holzes sorgt aber auch daf\u00fcr, dass sich die Bretter von der Natur beeinflussen lassen. Zwar gibt es Holzarten, die besonders wenig Pflege ben\u00f6tigen, doch um das Verziehen oder Verf\u00e4rben der M\u00f6belst\u00fccke zu verhindern, muss man diese richtig pflegen.<\/p>\n<\/div><\/div><\/div><\/div>\n\n\n\n<div class=\"wp-block-cgb-t3-container-block none\" style=\"background-color:none\"><div class=\"grid-container\"><div class=\"grid-x\"><div class=\"cell small-12 medium-0 large-0\"><div id=\"lightgallery-block_772f5d1a982f06f58844c07562a2bf49\" data-block_772f5d1a982f06f58844c07562a2bf49 class=\"has-1-imgs b-cards b-cards--gallery u-grid-temp has-1-cols u-md-2 u-sm-1 wp-block-group is-layout-grid wp-block-group-is-layout-grid gallery alignwide\">\n\n        <div class=\"b-cards__item\">\n\n        \n      <figure>\n                 <img loading=\"lazy\" decoding=\"async\" width=\"1536\" height=\"1068\" src=\"https:\/\/www.leeb-balkone.com\/app\/uploads\/2020\/10\/gartenmoebel-holz-pflege-1-1536x1068.jpg\" class=\"attachment-1536x1536 size-1536x1536\" alt=\"gartenmoebel holz pflege 1\" srcset=\"https:\/\/www.leeb-balkone.com\/app\/uploads\/2020\/10\/gartenmoebel-holz-pflege-1-1536x1068.jpg 1536w, https:\/\/www.leeb-balkone.com\/app\/uploads\/2020\/10\/gartenmoebel-holz-pflege-1-300x209.jpg 300w, https:\/\/www.leeb-balkone.com\/app\/uploads\/2020\/10\/gartenmoebel-holz-pflege-1-1024x712.jpg 1024w, https:\/\/www.leeb-balkone.com\/app\/uploads\/2020\/10\/gartenmoebel-holz-pflege-1-768x534.jpg 768w, https:\/\/www.leeb-balkone.com\/app\/uploads\/2020\/10\/gartenmoebel-holz-pflege-1-2048x1424.jpg 2048w\" sizes=\"auto, (min-width: 1200px) 100vw, (min-width: 1024px) 1536px, (min-width: 640px) 768px, 768px\" \/>              <\/figure>\n\n                  \n        <div class=\"caption\">\n                          <p>Richtige Pflege h\u00e4lt Gartenm\u00f6bel aus Holz jung\n              <\/div>\n  \n<\/div>\n\n    <\/div>\n\n<\/div><\/div><\/div><\/div>\n\n\n\n<div class=\"wp-block-cgb-t3-container-block none\" style=\"background-color:none\"><div class=\"grid-container\"><div class=\"grid-x\"><div class=\"cell small-12 medium-9 large-0 medium-offset-1 b-has-lsmb\">\n<h2 class=\"wp-block-heading\">L\u00e4rche:<\/h2>\n\n\n\n<p>Obwohl L\u00e4rchenholz besonders wetterfest und lange haltbar ist, ist auch dieses auf Pflege angewiesen. Besonders Holz, das viel Sonne ausgeliefert ist, verliert schnell seine sch\u00f6ne Farbe und wird an der Oberfl\u00e4che leicht grau. Ist das schon passiert, sollte die oberste Schicht des Holzes abgeschliffen werden und das M\u00f6belst\u00fcck danach mit einer Schutzschicht, beispielsweise aus Hart\u00f6l bestrichen werden. Hart\u00f6l wirkt wasserabweisend und erh\u00e4lt die sch\u00f6ne Farbe des Holzes. Das \u00d6l kann durch einfaches Bestreichen aufgetragen werden und sollte anschlie\u00dfend drei\u00dfig Minuten lang einwirken. Das \u00fcbersch\u00fcssige \u00d6l wird danach abgetragen. Um ein weiteres Verf\u00e4rben des Holzes zu verhindern, sollte dieser Vorgang alle zwei Jahre wiederholt werden.<\/p>\n\n\n\n<h2 class=\"wp-block-heading\">Akazie:<\/h2>\n\n\n\n<p>Das Holz der Akazie bzw. der Robinie h\u00e4lt unbehandelt auch im Freien bis zu drei\u00dfig Jahre lang unbeschadet. Robinienholz ist besonders hart, wetterfest und unempflindlich gegen\u00fcber Insekten und Pilzen. Trotzdem sollte nicht auf eine regelm\u00e4\u00dfige Hart\u00f6l- oder Hartwachsbehandlung verzichtet werden, um das Holz im optimalen Zustand zu behalten. Ohne Pflege wird n\u00e4mlich sogar dieses Holz unansehnlich und bekommt Flecken. Hartwachs bietet sich hier besonders gut als zus\u00e4tzlicher Schutz gegen Flecken und Feuchtigkeit an. Hier sollte das M\u00f6belst\u00fcck jedoch vor der Behandlung mit einer Seifenlauge, beispielsweise Kernseife, gereinigt werden. Falls das Holz mit \u00d6l behandelt wird, sollte das nicht zu oft geschehen. Eine \u00d6lpflege alle zwei Jahre reicht vollkommen aus.<\/p>\n\n\n\n<h2 class=\"wp-block-heading\">Eiche:<\/h2>\n\n\n\n<p>Die perfekte Pflege f\u00fcr M\u00f6bel aus Eichenholz erfolgt durch eine Behandlung mit Lein\u00f6l. Dieses sollte aber nicht aus dem Reformhaus stammen, sondern spezielles Maler-Lein\u00f6l sein. Maler-Lein\u00f6l wird n\u00e4mlich anders verarbeitet wie gew\u00f6hnliches Lein\u00f6l und eignet sich besonders gut f\u00fcr Eichenm\u00f6bel. Obwohl es im Internet einige Tipps zur Pflege von Eichenholz durch gew\u00f6hnliches Speise\u00f6l gibt, sollte darauf auf jeden Fall verzichtet werden. Grunds\u00e4tzlich braucht man keine Angst haben, das Holz zu \u201e\u00fcber\u00f6len\u201c, da es schon nach der vierten oder f\u00fcnften Behandlung kein \u00d6l mehr aufnehmen kann. Damit die M\u00f6belst\u00fccke aber immer wieder in neuem Glanz erstrahlen, k\u00f6nnen sie durchaus einmal im Jahr behandelt werden.<\/p>\n\n\n\n<h2 class=\"wp-block-heading\">Teak:<\/h2>\n\n\n\n<p>\u00c4hnlich wie das Holz der Akazie, ist das asiatische Teakholz besonders widerstandsf\u00e4hig und dadurch auch leicht zu pflegen. Teakm\u00f6bel, die allerdings im Freien stehen, sollten circa einmal im Jahr einen neuen Anschliff und eine anschlie\u00dfende Versiegelung bekommen. Das ist allerdings auch davon abh\u00e4ngig, ob man selbst lieber besonders satte Farben oder einen leicht gr\u00e4ulichen Farbton bevorzugt. Je \u00f6fter das Teakholz ge\u00f6lt wird, desto knalliger wird die Farbe.<\/p>\n\n\n\n<p>Bildnachweis: Zoonar\/S.Heap\/Getty Images<\/p>\n<\/div><\/div><\/div><\/div>\n<\/section>\n\n\n\n<p><\/p>\n","protected":false},"excerpt":{"rendered":"<p>Das Holz der St\u00fchle, B\u00e4nke und Tische aus Holz passt durch seinen nat\u00fcrlich \u00e4sthetischen Look besonders gut zum Rest der Umgebung. Zwar gibt es Holzarten, die besonders wenig Pflege ben\u00f6tigen, doch um das Verziehen oder Verf\u00e4rben der M\u00f6belst\u00fccke zu verhindern, muss man diese richtig pflegen.<\/p>\n","protected":false},"author":3,"featured_media":12992,"comment_status":"closed","ping_status":"open","sticky":false,"template":"template-onepager.blade.php","format":"standard","meta":{"_acf_changed":false,"footnotes":""},"categories":[167,164,170,171,165],"tags":[],"post_folder":[],"class_list":["post-19002","post","type-post","status-publish","format-standard","has-post-thumbnail","hentry","category-aktuelles-zu-leeb-balkone","category-balkonbau-mit-leeb","category-balkonmoebel","category-garten-terrassenmoebel","category-technik-innovation"],"acf":[],"yoast_head":"<!-- This site is optimized with the Yoast SEO plugin v27.2 - https:\/\/yoast.com\/product\/yoast-seo-wordpress\/ -->\n<title>Pflege f\u00fcr Gartenm\u00f6bel aus Holz - Leeb Balkone Schweiz<\/title>\n<meta name=\"description\" content=\"Das Holz der St\u00fchle, B\u00e4nke und Tische aus Holz passt durch seinen nat\u00fcrlich \u00e4sthetischen Look besonders gut zum Rest der Umgebung. Zwar gibt es Holzarten, die besonders wenig Pflege ben\u00f6tigen, doch um das Verziehen oder Verf\u00e4rben der M\u00f6belst\u00fccke zu verhindern, muss man diese richtig pflegen.\" \/>\n<meta name=\"robots\" content=\"index, follow, max-snippet:-1, max-image-preview:large, max-video-preview:-1\" \/>\n<meta property=\"og:locale\" content=\"de_DE\" \/>\n<meta property=\"og:type\" content=\"article\" \/>\n<meta property=\"og:title\" content=\"Pflege f\u00fcr Gartenm\u00f6bel aus Holz - Leeb Balkone\" \/>\n<meta property=\"og:description\" content=\"Das Holz der St\u00fchle, B\u00e4nke und Tische aus Holz passt durch seinen nat\u00fcrlich \u00e4sthetischen Look besonders gut zum Rest der Umgebung. Zwar gibt es Holzarten, die besonders wenig Pflege ben\u00f6tigen, doch um das Verziehen oder Verf\u00e4rben der M\u00f6belst\u00fccke zu verhindern, muss man diese richtig pflegen.\" \/>\n<meta property=\"og:url\" content=\"https:\/\/www.leeb-balkone.com\/ch\/blog\/pflege-fuer-gartenmoebel-aus-holz\/\" \/>\n<meta property=\"og:site_name\" content=\"Leeb Balkone\" \/>\n<meta property=\"article:publisher\" content=\"https:\/\/www.facebook.com\/balkone\/\" \/>\n<meta property=\"article:published_time\" content=\"2016-05-17T08:28:16+00:00\" \/>\n<meta property=\"article:modified_time\" content=\"2023-01-16T17:11:55+00:00\" \/>\n<meta property=\"og:image\" content=\"https:\/\/www.leeb-balkone.com\/app\/uploads\/2020\/10\/gartenmoebel-holz-pflege-1-scaled.jpg\" \/>\n\t<meta property=\"og:image:width\" content=\"2560\" \/>\n\t<meta property=\"og:image:height\" content=\"1780\" \/>\n\t<meta property=\"og:image:type\" content=\"image\/jpeg\" \/>\n<meta name=\"author\" content=\"jbacher\" \/>\n<meta name=\"twitter:card\" content=\"summary_large_image\" \/>\n<script type=\"application\/ld+json\" class=\"yoast-schema-graph\">{\"@context\":\"https:\/\/schema.org\",\"@graph\":[{\"@type\":\"Article\",\"@id\":\"https:\/\/www.leeb-balkone.com\/ch\/blog\/pflege-fuer-gartenmoebel-aus-holz\/#article\",\"isPartOf\":{\"@id\":\"https:\/\/www.leeb-balkone.com\/ch\/blog\/pflege-fuer-gartenmoebel-aus-holz\/\"},\"author\":{\"name\":\"jbacher\",\"@id\":\"https:\/\/www.leeb-balkone.com\/ch\/#\/schema\/person\/15f1f398efcf4703721e46c2136421fa\"},\"headline\":\"Pflege f\u00fcr Gartenm\u00f6bel aus Holz\",\"datePublished\":\"2016-05-17T08:28:16+00:00\",\"dateModified\":\"2023-01-16T17:11:55+00:00\",\"mainEntityOfPage\":{\"@id\":\"https:\/\/www.leeb-balkone.com\/ch\/blog\/pflege-fuer-gartenmoebel-aus-holz\/\"},\"wordCount\":531,\"publisher\":{\"@id\":\"https:\/\/www.leeb-balkone.com\/ch\/#organization\"},\"image\":{\"@id\":\"https:\/\/www.leeb-balkone.com\/ch\/blog\/pflege-fuer-gartenmoebel-aus-holz\/#primaryimage\"},\"thumbnailUrl\":\"https:\/\/www.leeb-balkone.com\/app\/uploads\/2020\/10\/gartenmoebel-holz-pflege-1-scaled.jpg\",\"articleSection\":[\"Aktuelles zu Leeb Balkone\",\"Balkonbau mit Leeb\",\"Balkonm\u00f6bel\",\"Garten- &amp; Terrassenm\u00f6bel\",\"Technik &amp; Innovation\"],\"inLanguage\":\"de-CH\"},{\"@type\":\"WebPage\",\"@id\":\"https:\/\/www.leeb-balkone.com\/ch\/blog\/pflege-fuer-gartenmoebel-aus-holz\/\",\"url\":\"https:\/\/www.leeb-balkone.com\/ch\/blog\/pflege-fuer-gartenmoebel-aus-holz\/\",\"name\":\"Pflege f\u00fcr Gartenm\u00f6bel aus Holz - Leeb Balkone\",\"isPartOf\":{\"@id\":\"https:\/\/www.leeb-balkone.com\/ch\/#website\"},\"primaryImageOfPage\":{\"@id\":\"https:\/\/www.leeb-balkone.com\/ch\/blog\/pflege-fuer-gartenmoebel-aus-holz\/#primaryimage\"},\"image\":{\"@id\":\"https:\/\/www.leeb-balkone.com\/ch\/blog\/pflege-fuer-gartenmoebel-aus-holz\/#primaryimage\"},\"thumbnailUrl\":\"https:\/\/www.leeb-balkone.com\/app\/uploads\/2020\/10\/gartenmoebel-holz-pflege-1-scaled.jpg\",\"datePublished\":\"2016-05-17T08:28:16+00:00\",\"dateModified\":\"2023-01-16T17:11:55+00:00\",\"description\":\"Das Holz der St\u00fchle, B\u00e4nke und Tische aus Holz passt durch seinen nat\u00fcrlich \u00e4sthetischen Look besonders gut zum Rest der Umgebung. Zwar gibt es Holzarten, die besonders wenig Pflege ben\u00f6tigen, doch um das Verziehen oder Verf\u00e4rben der M\u00f6belst\u00fccke zu verhindern, muss man diese richtig pflegen.\",\"breadcrumb\":{\"@id\":\"https:\/\/www.leeb-balkone.com\/ch\/blog\/pflege-fuer-gartenmoebel-aus-holz\/#breadcrumb\"},\"inLanguage\":\"de-CH\",\"potentialAction\":[{\"@type\":\"ReadAction\",\"target\":[\"https:\/\/www.leeb-balkone.com\/ch\/blog\/pflege-fuer-gartenmoebel-aus-holz\/\"]}]},{\"@type\":\"ImageObject\",\"inLanguage\":\"de-CH\",\"@id\":\"https:\/\/www.leeb-balkone.com\/ch\/blog\/pflege-fuer-gartenmoebel-aus-holz\/#primaryimage\",\"url\":\"https:\/\/www.leeb-balkone.com\/app\/uploads\/2020\/10\/gartenmoebel-holz-pflege-1-scaled.jpg\",\"contentUrl\":\"https:\/\/www.leeb-balkone.com\/app\/uploads\/2020\/10\/gartenmoebel-holz-pflege-1-scaled.jpg\",\"width\":2560,\"height\":1780,\"caption\":\"Richtige Pflege h\u00e4lt Gartenm\u00f6bel aus Holz jung\"},{\"@type\":\"BreadcrumbList\",\"@id\":\"https:\/\/www.leeb-balkone.com\/ch\/blog\/pflege-fuer-gartenmoebel-aus-holz\/#breadcrumb\",\"itemListElement\":[{\"@type\":\"ListItem\",\"position\":1,\"name\":\"Home\",\"item\":\"https:\/\/www.leeb-balkone.com\/ch\/\"},{\"@type\":\"ListItem\",\"position\":2,\"name\":\"Pflege f\u00fcr Gartenm\u00f6bel aus Holz\"}]},{\"@type\":\"WebSite\",\"@id\":\"https:\/\/www.leeb-balkone.com\/ch\/#website\",\"url\":\"https:\/\/www.leeb-balkone.com\/ch\/\",\"name\":\"Leeb Balkone\",\"description\":\"Balkone und Z\u00e4une\",\"publisher\":{\"@id\":\"https:\/\/www.leeb-balkone.com\/ch\/#organization\"},\"potentialAction\":[{\"@type\":\"SearchAction\",\"target\":{\"@type\":\"EntryPoint\",\"urlTemplate\":\"https:\/\/www.leeb-balkone.com\/ch\/?s={search_term_string}\"},\"query-input\":{\"@type\":\"PropertyValueSpecification\",\"valueRequired\":true,\"valueName\":\"search_term_string\"}}],\"inLanguage\":\"de-CH\"},{\"@type\":\"Organization\",\"@id\":\"https:\/\/www.leeb-balkone.com\/ch\/#organization\",\"name\":\"Leeb Balkone Gmbh\",\"url\":\"https:\/\/www.leeb-balkone.com\/ch\/\",\"logo\":{\"@type\":\"ImageObject\",\"inLanguage\":\"de-CH\",\"@id\":\"https:\/\/www.leeb-balkone.com\/ch\/#\/schema\/logo\/image\/\",\"url\":\"https:\/\/www.leeb-balkone.com\/app\/uploads\/2020\/11\/leeb-logo.svg\",\"contentUrl\":\"https:\/\/www.leeb-balkone.com\/app\/uploads\/2020\/11\/leeb-logo.svg\",\"width\":741,\"height\":204,\"caption\":\"Leeb Balkone Gmbh\"},\"image\":{\"@id\":\"https:\/\/www.leeb-balkone.com\/ch\/#\/schema\/logo\/image\/\"},\"sameAs\":[\"https:\/\/www.facebook.com\/balkone\/\",\"https:\/\/www.trustedshops.at\/bewertung\/info_X4587CCF5833E31AFE0B11F47D86999F2.html\",\"https:\/\/www.trustedshops.de\/bewertung\/info_X7BA536A7A0BDC86D36C4718E4DCAEEEF.html\",\"https:\/\/www.google.com\/maps\/place\/?q=place_id:ChIJ5-zH19-IcEcR9HonWRTllHI\"]},{\"@type\":\"Person\",\"@id\":\"https:\/\/www.leeb-balkone.com\/ch\/#\/schema\/person\/15f1f398efcf4703721e46c2136421fa\",\"name\":\"jbacher\"}]}<\/script>\n<!-- \/ Yoast SEO plugin. -->","yoast_head_json":{"title":"Pflege f\u00fcr Gartenm\u00f6bel aus Holz - Leeb Balkone Schweiz","description":"Das Holz der St\u00fchle, B\u00e4nke und Tische aus Holz passt durch seinen nat\u00fcrlich \u00e4sthetischen Look besonders gut zum Rest der Umgebung. Zwar gibt es Holzarten, die besonders wenig Pflege ben\u00f6tigen, doch um das Verziehen oder Verf\u00e4rben der M\u00f6belst\u00fccke zu verhindern, muss man diese richtig pflegen.","robots":{"index":"index","follow":"follow","max-snippet":"max-snippet:-1","max-image-preview":"max-image-preview:large","max-video-preview":"max-video-preview:-1"},"og_locale":"de_DE","og_type":"article","og_title":"Pflege f\u00fcr Gartenm\u00f6bel aus Holz - Leeb Balkone","og_description":"Das Holz der St\u00fchle, B\u00e4nke und Tische aus Holz passt durch seinen nat\u00fcrlich \u00e4sthetischen Look besonders gut zum Rest der Umgebung. Zwar gibt es Holzarten, die besonders wenig Pflege ben\u00f6tigen, doch um das Verziehen oder Verf\u00e4rben der M\u00f6belst\u00fccke zu verhindern, muss man diese richtig pflegen.","og_url":"https:\/\/www.leeb-balkone.com\/ch\/blog\/pflege-fuer-gartenmoebel-aus-holz\/","og_site_name":"Leeb Balkone","article_publisher":"https:\/\/www.facebook.com\/balkone\/","article_published_time":"2016-05-17T08:28:16+00:00","article_modified_time":"2023-01-16T17:11:55+00:00","og_image":[{"width":2560,"height":1780,"url":"https:\/\/www.leeb-balkone.com\/app\/uploads\/2020\/10\/gartenmoebel-holz-pflege-1-scaled.jpg","type":"image\/jpeg"}],"author":"jbacher","twitter_card":"summary_large_image","schema":{"@context":"https:\/\/schema.org","@graph":[{"@type":"Article","@id":"https:\/\/www.leeb-balkone.com\/ch\/blog\/pflege-fuer-gartenmoebel-aus-holz\/#article","isPartOf":{"@id":"https:\/\/www.leeb-balkone.com\/ch\/blog\/pflege-fuer-gartenmoebel-aus-holz\/"},"author":{"name":"jbacher","@id":"https:\/\/www.leeb-balkone.com\/ch\/#\/schema\/person\/15f1f398efcf4703721e46c2136421fa"},"headline":"Pflege f\u00fcr Gartenm\u00f6bel aus Holz","datePublished":"2016-05-17T08:28:16+00:00","dateModified":"2023-01-16T17:11:55+00:00","mainEntityOfPage":{"@id":"https:\/\/www.leeb-balkone.com\/ch\/blog\/pflege-fuer-gartenmoebel-aus-holz\/"},"wordCount":531,"publisher":{"@id":"https:\/\/www.leeb-balkone.com\/ch\/#organization"},"image":{"@id":"https:\/\/www.leeb-balkone.com\/ch\/blog\/pflege-fuer-gartenmoebel-aus-holz\/#primaryimage"},"thumbnailUrl":"https:\/\/www.leeb-balkone.com\/app\/uploads\/2020\/10\/gartenmoebel-holz-pflege-1-scaled.jpg","articleSection":["Aktuelles zu Leeb Balkone","Balkonbau mit Leeb","Balkonm\u00f6bel","Garten- &amp; Terrassenm\u00f6bel","Technik &amp; Innovation"],"inLanguage":"de-CH"},{"@type":"WebPage","@id":"https:\/\/www.leeb-balkone.com\/ch\/blog\/pflege-fuer-gartenmoebel-aus-holz\/","url":"https:\/\/www.leeb-balkone.com\/ch\/blog\/pflege-fuer-gartenmoebel-aus-holz\/","name":"Pflege f\u00fcr Gartenm\u00f6bel aus Holz - Leeb Balkone","isPartOf":{"@id":"https:\/\/www.leeb-balkone.com\/ch\/#website"},"primaryImageOfPage":{"@id":"https:\/\/www.leeb-balkone.com\/ch\/blog\/pflege-fuer-gartenmoebel-aus-holz\/#primaryimage"},"image":{"@id":"https:\/\/www.leeb-balkone.com\/ch\/blog\/pflege-fuer-gartenmoebel-aus-holz\/#primaryimage"},"thumbnailUrl":"https:\/\/www.leeb-balkone.com\/app\/uploads\/2020\/10\/gartenmoebel-holz-pflege-1-scaled.jpg","datePublished":"2016-05-17T08:28:16+00:00","dateModified":"2023-01-16T17:11:55+00:00","description":"Das Holz der St\u00fchle, B\u00e4nke und Tische aus Holz passt durch seinen nat\u00fcrlich \u00e4sthetischen Look besonders gut zum Rest der Umgebung. Zwar gibt es Holzarten, die besonders wenig Pflege ben\u00f6tigen, doch um das Verziehen oder Verf\u00e4rben der M\u00f6belst\u00fccke zu verhindern, muss man diese richtig pflegen.","breadcrumb":{"@id":"https:\/\/www.leeb-balkone.com\/ch\/blog\/pflege-fuer-gartenmoebel-aus-holz\/#breadcrumb"},"inLanguage":"de-CH","potentialAction":[{"@type":"ReadAction","target":["https:\/\/www.leeb-balkone.com\/ch\/blog\/pflege-fuer-gartenmoebel-aus-holz\/"]}]},{"@type":"ImageObject","inLanguage":"de-CH","@id":"https:\/\/www.leeb-balkone.com\/ch\/blog\/pflege-fuer-gartenmoebel-aus-holz\/#primaryimage","url":"https:\/\/www.leeb-balkone.com\/app\/uploads\/2020\/10\/gartenmoebel-holz-pflege-1-scaled.jpg","contentUrl":"https:\/\/www.leeb-balkone.com\/app\/uploads\/2020\/10\/gartenmoebel-holz-pflege-1-scaled.jpg","width":2560,"height":1780,"caption":"Richtige Pflege h\u00e4lt Gartenm\u00f6bel aus Holz jung"},{"@type":"BreadcrumbList","@id":"https:\/\/www.leeb-balkone.com\/ch\/blog\/pflege-fuer-gartenmoebel-aus-holz\/#breadcrumb","itemListElement":[{"@type":"ListItem","position":1,"name":"Home","item":"https:\/\/www.leeb-balkone.com\/ch\/"},{"@type":"ListItem","position":2,"name":"Pflege f\u00fcr Gartenm\u00f6bel aus Holz"}]},{"@type":"WebSite","@id":"https:\/\/www.leeb-balkone.com\/ch\/#website","url":"https:\/\/www.leeb-balkone.com\/ch\/","name":"Leeb Balkone","description":"Balkone und Z\u00e4une","publisher":{"@id":"https:\/\/www.leeb-balkone.com\/ch\/#organization"},"potentialAction":[{"@type":"SearchAction","target":{"@type":"EntryPoint","urlTemplate":"https:\/\/www.leeb-balkone.com\/ch\/?s={search_term_string}"},"query-input":{"@type":"PropertyValueSpecification","valueRequired":true,"valueName":"search_term_string"}}],"inLanguage":"de-CH"},{"@type":"Organization","@id":"https:\/\/www.leeb-balkone.com\/ch\/#organization","name":"Leeb Balkone Gmbh","url":"https:\/\/www.leeb-balkone.com\/ch\/","logo":{"@type":"ImageObject","inLanguage":"de-CH","@id":"https:\/\/www.leeb-balkone.com\/ch\/#\/schema\/logo\/image\/","url":"https:\/\/www.leeb-balkone.com\/app\/uploads\/2020\/11\/leeb-logo.svg","contentUrl":"https:\/\/www.leeb-balkone.com\/app\/uploads\/2020\/11\/leeb-logo.svg","width":741,"height":204,"caption":"Leeb Balkone Gmbh"},"image":{"@id":"https:\/\/www.leeb-balkone.com\/ch\/#\/schema\/logo\/image\/"},"sameAs":["https:\/\/www.facebook.com\/balkone\/","https:\/\/www.trustedshops.at\/bewertung\/info_X4587CCF5833E31AFE0B11F47D86999F2.html","https:\/\/www.trustedshops.de\/bewertung\/info_X7BA536A7A0BDC86D36C4718E4DCAEEEF.html","https:\/\/www.google.com\/maps\/place\/?q=place_id:ChIJ5-zH19-IcEcR9HonWRTllHI"]},{"@type":"Person","@id":"https:\/\/www.leeb-balkone.com\/ch\/#\/schema\/person\/15f1f398efcf4703721e46c2136421fa","name":"jbacher"}]}},"_links":{"self":[{"href":"https:\/\/www.leeb-balkone.com\/ch\/wp-json\/wp\/v2\/posts\/19002","targetHints":{"allow":["GET"]}}],"collection":[{"href":"https:\/\/www.leeb-balkone.com\/ch\/wp-json\/wp\/v2\/posts"}],"about":[{"href":"https:\/\/www.leeb-balkone.com\/ch\/wp-json\/wp\/v2\/types\/post"}],"author":[{"embeddable":true,"href":"https:\/\/www.leeb-balkone.com\/ch\/wp-json\/wp\/v2\/users\/3"}],"replies":[{"embeddable":true,"href":"https:\/\/www.leeb-balkone.com\/ch\/wp-json\/wp\/v2\/comments?post=19002"}],"version-history":[{"count":0,"href":"https:\/\/www.leeb-balkone.com\/ch\/wp-json\/wp\/v2\/posts\/19002\/revisions"}],"wp:featuredmedia":[{"embeddable":true,"href":"https:\/\/www.leeb-balkone.com\/ch\/wp-json\/wp\/v2\/media\/12992"}],"wp:attachment":[{"href":"https:\/\/www.leeb-balkone.com\/ch\/wp-json\/wp\/v2\/media?parent=19002"}],"wp:term":[{"taxonomy":"category","embeddable":true,"href":"https:\/\/www.leeb-balkone.com\/ch\/wp-json\/wp\/v2\/categories?post=19002"},{"taxonomy":"post_tag","embeddable":true,"href":"https:\/\/www.leeb-balkone.com\/ch\/wp-json\/wp\/v2\/tags?post=19002"},{"taxonomy":"post_folder","embeddable":true,"href":"https:\/\/www.leeb-balkone.com\/ch\/wp-json\/wp\/v2\/post_folder?post=19002"}],"curies":[{"name":"wp","href":"https:\/\/api.w.org\/{rel}","templated":true}]}}