{"id":18980,"date":"2016-05-18T06:13:07","date_gmt":"2016-05-18T06:13:07","guid":{"rendered":"https:\/\/www.leeb-balkone.com\/de\/blog\/postdummy-2-2-3-2-2-2-5-2-2-2-8\/"},"modified":"2023-01-16T17:01:47","modified_gmt":"2023-01-16T17:01:47","slug":"palettengarten","status":"publish","type":"post","link":"https:\/\/www.leeb-balkone.com\/ch\/blog\/palettengarten\/","title":{"rendered":"Palettengarten"},"content":{"rendered":"\n<p><\/p>\n\n\n<header data-block_45353379c66c1cc6d7338815ddc47b0e class=\"c-fh  l-mh-small c-fh--hero c-grad-l2r c-fh--div none\">\n      <img loading=\"lazy\" decoding=\"async\" width=\"1036\" height=\"1350\" src=\"https:\/\/www.leeb-balkone.com\/app\/uploads\/2020\/10\/palettengarten-1.jpg\" class=\"no-lazy\" alt=\"gartenliebe\" srcset=\"https:\/\/www.leeb-balkone.com\/app\/uploads\/2020\/10\/palettengarten-1.jpg 1036w, https:\/\/www.leeb-balkone.com\/app\/uploads\/2020\/10\/palettengarten-1-230x300.jpg 230w, https:\/\/www.leeb-balkone.com\/app\/uploads\/2020\/10\/palettengarten-1-786x1024.jpg 786w, https:\/\/www.leeb-balkone.com\/app\/uploads\/2020\/10\/palettengarten-1-768x1001.jpg 768w, https:\/\/www.leeb-balkone.com\/app\/uploads\/2020\/10\/palettengarten-1-1024x1334.jpg 1024w\" sizes=\"auto, (min-width: 1536px) 2048px, (min-width: 992px) 1536px, (min-width: 768px) 1024px, (min-width: 576px) 768px, 100vw\" \/>\n\n\n<div class=\"grid-container\">\n  <div class=\"grid-x\">\n    <div class=\"cell small-12 medium-6 medium-offset-1\">\n      <div class=\"c-fh__wrapper\">\n              <\/div>\n    <\/div>\n  <\/div>\n<\/div>\n  \n    \n    <\/header>\n\n\n  \n  <section class=\"wp-block-group alignfull t3-header u-max-wide t3-header-text has-white-background-color has-background has-global-padding is-layout-constrained wp-block-group-is-layout-constrained\">\n    <div class=\"wp-block-group o-grid u-md-1 u-sm-1 is-layout-flow wp-block-group-is-layout-flow\">\n  <div class=\"wp-block-group u-g-10 u-g-s-2\">\n      <div class=\"yoast-breadcrumbs\"><span><span><a href=\"https:\/\/www.leeb-balkone.com\/ch\/\">Home<\/a><\/span><\/span><\/div>\n      \n    <h1>Palettengarten<\/h1>\n  <\/div>\n<\/div>\n  <\/section>\n\n\n\n\n\n\n<section class=\"wp-block-cgb-t3-section-block alignfull b-pt-small  is-style-bg-white\" style=\"display:inherit;min-height:inherit\">\n<div class=\"wp-block-cgb-t3-container-block none\" style=\"background-color:none\"><div class=\"grid-container\"><div class=\"grid-x\"><div class=\"cell small-12 medium-9 large-0 medium-offset-1 b-has-lsmb\">\n<p>Upcycling f\u00fcr den Balkongarten: Aus einer alten Palette l\u00e4sst sich ein wundersch\u00f6ner vertikaler Garten zaubern \u2013&nbsp;Paletten sind relativ leicht zu bekommen und&nbsp;eignen sich als Basis f\u00fcr M\u00f6bel oder zur Gartengestaltung. Mittlerweile gelten Paletteng\u00e4rten als schick \u2013 und das nicht mehr nur bei Insidern. Aus der Do-it-yourself Abteilung: Palettenbett selber machen!<\/p>\n<\/div><\/div><\/div><\/div>\n\n\n\n<div class=\"wp-block-cgb-t3-container-block none\" style=\"background-color:none\"><div class=\"grid-container\"><div class=\"grid-x\"><div class=\"cell small-12 medium-0 large-0\"><div id=\"lightgallery-block_2217fc2f829edb93b862c78d40fd863a\" data-block_2217fc2f829edb93b862c78d40fd863a class=\"has-1-imgs b-cards b-cards--gallery u-grid-temp has-1-cols u-md-2 u-sm-1 wp-block-group is-layout-grid wp-block-group-is-layout-grid gallery alignwide\">\n\n        <div class=\"b-cards__item\">\n\n        \n      <figure>\n                 <img loading=\"lazy\" decoding=\"async\" width=\"1036\" height=\"1350\" src=\"https:\/\/www.leeb-balkone.com\/app\/uploads\/2020\/10\/palettengarten-1.jpg\" class=\"attachment-1536x1536 size-1536x1536\" alt=\"palettengarten 1\" srcset=\"https:\/\/www.leeb-balkone.com\/app\/uploads\/2020\/10\/palettengarten-1.jpg 1036w, https:\/\/www.leeb-balkone.com\/app\/uploads\/2020\/10\/palettengarten-1-230x300.jpg 230w, https:\/\/www.leeb-balkone.com\/app\/uploads\/2020\/10\/palettengarten-1-786x1024.jpg 786w, https:\/\/www.leeb-balkone.com\/app\/uploads\/2020\/10\/palettengarten-1-768x1001.jpg 768w, https:\/\/www.leeb-balkone.com\/app\/uploads\/2020\/10\/palettengarten-1-1024x1334.jpg 1024w\" sizes=\"auto, (min-width: 1200px) 100vw, (min-width: 1024px) 1536px, (min-width: 640px) 768px, 768px\" \/>              <\/figure>\n\n                  \n        <div class=\"caption\">\n                          <p>Do-it-yourself Palettengarten: H\u00e4ngenden Garten aus Paletten selber machen!\n              <\/div>\n  \n<\/div>\n\n    <\/div>\n\n<\/div><\/div><\/div><\/div>\n\n\n\n<div class=\"wp-block-cgb-t3-container-block none\" style=\"background-color:none\"><div class=\"grid-container\"><div class=\"grid-x\"><div class=\"cell small-12 medium-9 large-0 medium-offset-1 b-has-lsmb\">\n<h2 class=\"wp-block-heading\">Anleitung zum Selbermachen<\/h2>\n\n\n\n<h3 class=\"wp-block-heading\">Materialien:&nbsp;<\/h3>\n\n\n\n<ul class=\"wp-block-list\">\n<li>1&nbsp;Palette,&nbsp;Unkraut-Vlies (schwarz),&nbsp;Erde,&nbsp;Pflanzen<\/li>\n<\/ul>\n\n\n\n<h3 class=\"wp-block-heading\">Utensilien:&nbsp;<\/h3>\n\n\n\n<ul class=\"wp-block-list\">\n<li>Handtacker,&nbsp;Sandpapier,&nbsp;Hammer,&nbsp;N\u00e4gel,&nbsp;Wasserlack (optional, zur Versiegelung)<\/li>\n<\/ul>\n\n\n\n<p>Anmerkung: Die Menge an Erde und die Anzahl der Pflanzen richtet sich selbstverst\u00e4ndlich nach der Gr\u00f6\u00dfe Ihrer Palette. Es empfiehlt sich, Pflanzen zu w\u00e4hlen die an die Licht- und Wasserzufuhr am zuk\u00fcnftigen Aufstellungsort Ihres Palettengartens angepasst sind.&nbsp;<\/p>\n\n\n\n<h3 class=\"wp-block-heading\">Schritt 1: Palette beschaffen &amp; vorbereiten<\/h3>\n\n\n\n<p>Die Beschaffung einer Palette kann etwas Geduld erfordern. Am besten fragt man im Fachhandel nach Einwegpaletten, erkundigt sich in Baum\u00e4rkten oder im Freundeskreis. Auch auf dem M\u00fcllplatz kann man f\u00fcndig werden. Einfach Augen &amp; Ohren offen halten!&nbsp;<\/p>\n\n\n\n<p>Sobald die Palette organisiert ist, geht es ans vorbereiten: Hat sie Sch\u00e4den wie lose Bretter, hervorstehende N\u00e4gel, abgesplittertes Holz? Ist die Palette im gro\u00dfen und ganzen stabil? In jedem Fall lassen sich etwaige Probleme mit Hammer &amp; Nagel l\u00f6sen, und dann geht es auch schon ans Abschleifen. Ganz nach ihren Vorstellungen k\u00f6nnen Sie Ihre Palette entweder naturbelassen; oder aber fein abschleifen und\/oder mit Holzlack vor witterungsbedingtem Ausbleichen sch\u00fctzen.&nbsp;<\/p>\n\n\n\n<p>Wir haben die Vorderseite unserer Palette beispielsweise von jeglichen Splittern und scharfen Kanten befreit, und anschlie\u00dfend mit Wasserlack versiegelt.<\/p>\n\n\n\n<h3 class=\"wp-block-heading\">Schritt 2: Unterseite, R\u00fcckwand &amp; Seitenw\u00e4nde anbringen<\/h3>\n\n\n\n<p>Nun sollte man die Unter- und R\u00fcckseite sowie die linke und rechte Seite der Palette mit zwei Schichten Gartenvlies versehen. Wer es ganz genau machen m\u00f6chte, nimmt die jeweiligen Ma\u00dfe und schneidet das Vlies entsprechend zu. Man kann sich diesen Aufwand aber&nbsp; auch ersparen und einfach das Vlies auflegen und gro\u00dfz\u00fcgig zuschneiden \u2013 nach dem tackern kann man das \u00fcbersch\u00fcssige Vlies immer noch abscheiden. F\u00fcr die Stabilit\u00e4t ist es allerdings wichtig, dass man in jedem Fall zwei Lagen Vlies nimmt.&nbsp;<\/p>\n\n\n\n<p>Anschlie\u00dfend tackert man beide Lagen gleichzeitig auf die Palette auf, wobei man an der Unterseite anf\u00e4ngt und sich dann nach oben hin durcharbeitet. Dabei ist darauf zu achten, dass man das Vlies regelm\u00e4\u00dfig ein wenig spannt, damit es sp\u00e4ter dann auch straff sitzt.&nbsp;<\/p>\n\n\n\n<h3 class=\"wp-block-heading\">Schritt 3: Palette bef\u00fcllen &amp; bepflanzen<\/h3>\n\n\n\n<p>Bevor man damit beginnt, Erde in seine Palette zu schaufeln, sollte man sie dorthin bewegen, wo sie dann aufgestellt werden soll. Dann werden zuerst einmal jene Pflanzen platziert, die man f\u00fcr die Oberseite vorgesehen hat \u2013 in unserem Fall haben wir uns f\u00fcr K\u00fcchenkr\u00e4uter entschieden. Sie k\u00f6nnen die Pflanzen ohne Bedenken dicht an dicht in die \u00d6ffnung hineingeben \u2013 somit f\u00e4llt beim Bef\u00fcllen dann keine Erde heraus.<\/p>\n\n\n\n<p>W\u00e4hrend Sie dann die Erde einf\u00fcllen, sollten Sie darauf achten werden dass kein Freiraum innerhalb der Palette bleibt. Es soll jeder Zentimeter mit Erde ausgef\u00fcllt sein, bevor Sie daran gehen, die unterschiedlichen \u2018Stockwerke\u2019 zu bepflanzen.<\/p>\n\n\n\n<p>Beim Bepflanzen k\u00f6nnen Sie ihrer Kreativit\u00e4t erneut freien Lauf lassen! Wichtig ist nur, dass alles sch\u00f6n dicht bepflanzt ist und keinen Spielraum mehr hat, um herauszufallen.<\/p>\n\n\n\n<p>Zum Schluss richten Sie Ihren Palettengarten nur noch vorsichtig auf und platzieren ihn \u2013&nbsp;<strong>fertig!&nbsp;<\/strong>Sie sind nun stolzer Besitzer eines einzigartigen vertikalen Gartens, den Sie jedes Jahr aufs neue bepflanzen k\u00f6nnen. Wir gratulieren, und w\u00fcnschen Ihnen viel Freude mit Ihrem Kunstwerk!<\/p>\n<\/div><\/div><\/div><\/div>\n<\/section>\n\n\n\n<p><\/p>\n","protected":false},"excerpt":{"rendered":"<p>Upcycling f\u00fcr den Balkongarten: Aus einer alten Palette l\u00e4sst sich ein wundersch\u00f6ner vertikaler Garten zaubern \u2013 bei uns sehen Sie, wie es geht!<\/p>\n","protected":false},"author":3,"featured_media":12958,"comment_status":"closed","ping_status":"open","sticky":false,"template":"template-onepager.blade.php","format":"standard","meta":{"_acf_changed":false,"footnotes":""},"categories":[160,161,149,150,151,152,153],"tags":[],"post_folder":[],"class_list":["post-18980","post","type-post","status-publish","format-standard","has-post-thumbnail","hentry","category-balkongestaltung","category-balkonpflanzen","category-garten-und-pflanzen","category-gartenbau","category-gartengestaltung","category-ideen-zum-selbermachen","category-tipps-zur-balkongestaltung"],"acf":[],"yoast_head":"<!-- This site is optimized with the Yoast SEO plugin v27.2 - https:\/\/yoast.com\/product\/yoast-seo-wordpress\/ -->\n<title>Palettengarten - Leeb Balkone Schweiz<\/title>\n<meta name=\"description\" content=\"Upcycling f\u00fcr den Balkongarten: Aus einer alten Palette l\u00e4sst sich ein wundersch\u00f6ner vertikaler Garten zaubern \u2013 bei uns sehen Sie, wie es geht!\" \/>\n<meta name=\"robots\" content=\"index, follow, max-snippet:-1, max-image-preview:large, max-video-preview:-1\" \/>\n<meta property=\"og:locale\" content=\"de_DE\" \/>\n<meta property=\"og:type\" content=\"article\" \/>\n<meta property=\"og:title\" content=\"Palettengarten - Leeb Balkone\" \/>\n<meta property=\"og:description\" content=\"Upcycling f\u00fcr den Balkongarten: Aus einer alten Palette l\u00e4sst sich ein wundersch\u00f6ner vertikaler Garten zaubern \u2013 bei uns sehen Sie, wie es geht!\" \/>\n<meta property=\"og:url\" content=\"https:\/\/www.leeb-balkone.com\/ch\/blog\/palettengarten\/\" \/>\n<meta property=\"og:site_name\" content=\"Leeb Balkone\" \/>\n<meta property=\"article:publisher\" content=\"https:\/\/www.facebook.com\/balkone\/\" \/>\n<meta property=\"article:published_time\" content=\"2016-05-18T06:13:07+00:00\" \/>\n<meta property=\"article:modified_time\" content=\"2023-01-16T17:01:47+00:00\" \/>\n<meta property=\"og:image\" content=\"https:\/\/www.leeb-balkone.com\/app\/uploads\/2020\/10\/palettengarten-1.jpg\" \/>\n\t<meta property=\"og:image:width\" content=\"1036\" \/>\n\t<meta property=\"og:image:height\" content=\"1350\" \/>\n\t<meta property=\"og:image:type\" content=\"image\/jpeg\" \/>\n<meta name=\"author\" content=\"jbacher\" \/>\n<meta name=\"twitter:card\" content=\"summary_large_image\" \/>\n<script type=\"application\/ld+json\" class=\"yoast-schema-graph\">{\"@context\":\"https:\/\/schema.org\",\"@graph\":[{\"@type\":\"Article\",\"@id\":\"https:\/\/www.leeb-balkone.com\/ch\/blog\/palettengarten\/#article\",\"isPartOf\":{\"@id\":\"https:\/\/www.leeb-balkone.com\/ch\/blog\/palettengarten\/\"},\"author\":{\"name\":\"jbacher\",\"@id\":\"https:\/\/www.leeb-balkone.com\/ch\/#\/schema\/person\/15f1f398efcf4703721e46c2136421fa\"},\"headline\":\"Palettengarten\",\"datePublished\":\"2016-05-18T06:13:07+00:00\",\"dateModified\":\"2023-01-16T17:01:47+00:00\",\"mainEntityOfPage\":{\"@id\":\"https:\/\/www.leeb-balkone.com\/ch\/blog\/palettengarten\/\"},\"wordCount\":607,\"publisher\":{\"@id\":\"https:\/\/www.leeb-balkone.com\/ch\/#organization\"},\"image\":{\"@id\":\"https:\/\/www.leeb-balkone.com\/ch\/blog\/palettengarten\/#primaryimage\"},\"thumbnailUrl\":\"https:\/\/www.leeb-balkone.com\/app\/uploads\/2020\/10\/palettengarten-1.jpg\",\"articleSection\":[\"Balkongestaltung\",\"Balkonpflanzen\",\"Garten und Pflanzen\",\"Gartenbau\",\"Gartengestaltung\",\"Ideen zum Selbermachen\",\"Tipps zur Balkongestaltung\"],\"inLanguage\":\"de-CH\"},{\"@type\":\"WebPage\",\"@id\":\"https:\/\/www.leeb-balkone.com\/ch\/blog\/palettengarten\/\",\"url\":\"https:\/\/www.leeb-balkone.com\/ch\/blog\/palettengarten\/\",\"name\":\"Palettengarten - Leeb Balkone\",\"isPartOf\":{\"@id\":\"https:\/\/www.leeb-balkone.com\/ch\/#website\"},\"primaryImageOfPage\":{\"@id\":\"https:\/\/www.leeb-balkone.com\/ch\/blog\/palettengarten\/#primaryimage\"},\"image\":{\"@id\":\"https:\/\/www.leeb-balkone.com\/ch\/blog\/palettengarten\/#primaryimage\"},\"thumbnailUrl\":\"https:\/\/www.leeb-balkone.com\/app\/uploads\/2020\/10\/palettengarten-1.jpg\",\"datePublished\":\"2016-05-18T06:13:07+00:00\",\"dateModified\":\"2023-01-16T17:01:47+00:00\",\"description\":\"Upcycling f\u00fcr den Balkongarten: Aus einer alten Palette l\u00e4sst sich ein wundersch\u00f6ner vertikaler Garten zaubern \u2013 bei uns sehen Sie, wie es geht!\",\"breadcrumb\":{\"@id\":\"https:\/\/www.leeb-balkone.com\/ch\/blog\/palettengarten\/#breadcrumb\"},\"inLanguage\":\"de-CH\",\"potentialAction\":[{\"@type\":\"ReadAction\",\"target\":[\"https:\/\/www.leeb-balkone.com\/ch\/blog\/palettengarten\/\"]}]},{\"@type\":\"ImageObject\",\"inLanguage\":\"de-CH\",\"@id\":\"https:\/\/www.leeb-balkone.com\/ch\/blog\/palettengarten\/#primaryimage\",\"url\":\"https:\/\/www.leeb-balkone.com\/app\/uploads\/2020\/10\/palettengarten-1.jpg\",\"contentUrl\":\"https:\/\/www.leeb-balkone.com\/app\/uploads\/2020\/10\/palettengarten-1.jpg\",\"width\":1036,\"height\":1350,\"caption\":\"Do-it-yourself Palettengarten: H\u00e4ngenden Garten aus Paletten selber machen!\"},{\"@type\":\"BreadcrumbList\",\"@id\":\"https:\/\/www.leeb-balkone.com\/ch\/blog\/palettengarten\/#breadcrumb\",\"itemListElement\":[{\"@type\":\"ListItem\",\"position\":1,\"name\":\"Home\",\"item\":\"https:\/\/www.leeb-balkone.com\/ch\/\"},{\"@type\":\"ListItem\",\"position\":2,\"name\":\"Palettengarten\"}]},{\"@type\":\"WebSite\",\"@id\":\"https:\/\/www.leeb-balkone.com\/ch\/#website\",\"url\":\"https:\/\/www.leeb-balkone.com\/ch\/\",\"name\":\"Leeb Balkone\",\"description\":\"Balkone und Z\u00e4une\",\"publisher\":{\"@id\":\"https:\/\/www.leeb-balkone.com\/ch\/#organization\"},\"potentialAction\":[{\"@type\":\"SearchAction\",\"target\":{\"@type\":\"EntryPoint\",\"urlTemplate\":\"https:\/\/www.leeb-balkone.com\/ch\/?s={search_term_string}\"},\"query-input\":{\"@type\":\"PropertyValueSpecification\",\"valueRequired\":true,\"valueName\":\"search_term_string\"}}],\"inLanguage\":\"de-CH\"},{\"@type\":\"Organization\",\"@id\":\"https:\/\/www.leeb-balkone.com\/ch\/#organization\",\"name\":\"Leeb Balkone Gmbh\",\"url\":\"https:\/\/www.leeb-balkone.com\/ch\/\",\"logo\":{\"@type\":\"ImageObject\",\"inLanguage\":\"de-CH\",\"@id\":\"https:\/\/www.leeb-balkone.com\/ch\/#\/schema\/logo\/image\/\",\"url\":\"https:\/\/www.leeb-balkone.com\/app\/uploads\/2020\/11\/leeb-logo.svg\",\"contentUrl\":\"https:\/\/www.leeb-balkone.com\/app\/uploads\/2020\/11\/leeb-logo.svg\",\"width\":741,\"height\":204,\"caption\":\"Leeb Balkone Gmbh\"},\"image\":{\"@id\":\"https:\/\/www.leeb-balkone.com\/ch\/#\/schema\/logo\/image\/\"},\"sameAs\":[\"https:\/\/www.facebook.com\/balkone\/\",\"https:\/\/www.trustedshops.at\/bewertung\/info_X4587CCF5833E31AFE0B11F47D86999F2.html\",\"https:\/\/www.trustedshops.de\/bewertung\/info_X7BA536A7A0BDC86D36C4718E4DCAEEEF.html\",\"https:\/\/www.google.com\/maps\/place\/?q=place_id:ChIJ5-zH19-IcEcR9HonWRTllHI\"]},{\"@type\":\"Person\",\"@id\":\"https:\/\/www.leeb-balkone.com\/ch\/#\/schema\/person\/15f1f398efcf4703721e46c2136421fa\",\"name\":\"jbacher\"}]}<\/script>\n<!-- \/ Yoast SEO plugin. -->","yoast_head_json":{"title":"Palettengarten - Leeb Balkone Schweiz","description":"Upcycling f\u00fcr den Balkongarten: Aus einer alten Palette l\u00e4sst sich ein wundersch\u00f6ner vertikaler Garten zaubern \u2013 bei uns sehen Sie, wie es geht!","robots":{"index":"index","follow":"follow","max-snippet":"max-snippet:-1","max-image-preview":"max-image-preview:large","max-video-preview":"max-video-preview:-1"},"og_locale":"de_DE","og_type":"article","og_title":"Palettengarten - Leeb Balkone","og_description":"Upcycling f\u00fcr den Balkongarten: Aus einer alten Palette l\u00e4sst sich ein wundersch\u00f6ner vertikaler Garten zaubern \u2013 bei uns sehen Sie, wie es geht!","og_url":"https:\/\/www.leeb-balkone.com\/ch\/blog\/palettengarten\/","og_site_name":"Leeb Balkone","article_publisher":"https:\/\/www.facebook.com\/balkone\/","article_published_time":"2016-05-18T06:13:07+00:00","article_modified_time":"2023-01-16T17:01:47+00:00","og_image":[{"width":1036,"height":1350,"url":"https:\/\/www.leeb-balkone.com\/app\/uploads\/2020\/10\/palettengarten-1.jpg","type":"image\/jpeg"}],"author":"jbacher","twitter_card":"summary_large_image","schema":{"@context":"https:\/\/schema.org","@graph":[{"@type":"Article","@id":"https:\/\/www.leeb-balkone.com\/ch\/blog\/palettengarten\/#article","isPartOf":{"@id":"https:\/\/www.leeb-balkone.com\/ch\/blog\/palettengarten\/"},"author":{"name":"jbacher","@id":"https:\/\/www.leeb-balkone.com\/ch\/#\/schema\/person\/15f1f398efcf4703721e46c2136421fa"},"headline":"Palettengarten","datePublished":"2016-05-18T06:13:07+00:00","dateModified":"2023-01-16T17:01:47+00:00","mainEntityOfPage":{"@id":"https:\/\/www.leeb-balkone.com\/ch\/blog\/palettengarten\/"},"wordCount":607,"publisher":{"@id":"https:\/\/www.leeb-balkone.com\/ch\/#organization"},"image":{"@id":"https:\/\/www.leeb-balkone.com\/ch\/blog\/palettengarten\/#primaryimage"},"thumbnailUrl":"https:\/\/www.leeb-balkone.com\/app\/uploads\/2020\/10\/palettengarten-1.jpg","articleSection":["Balkongestaltung","Balkonpflanzen","Garten und Pflanzen","Gartenbau","Gartengestaltung","Ideen zum Selbermachen","Tipps zur Balkongestaltung"],"inLanguage":"de-CH"},{"@type":"WebPage","@id":"https:\/\/www.leeb-balkone.com\/ch\/blog\/palettengarten\/","url":"https:\/\/www.leeb-balkone.com\/ch\/blog\/palettengarten\/","name":"Palettengarten - Leeb Balkone","isPartOf":{"@id":"https:\/\/www.leeb-balkone.com\/ch\/#website"},"primaryImageOfPage":{"@id":"https:\/\/www.leeb-balkone.com\/ch\/blog\/palettengarten\/#primaryimage"},"image":{"@id":"https:\/\/www.leeb-balkone.com\/ch\/blog\/palettengarten\/#primaryimage"},"thumbnailUrl":"https:\/\/www.leeb-balkone.com\/app\/uploads\/2020\/10\/palettengarten-1.jpg","datePublished":"2016-05-18T06:13:07+00:00","dateModified":"2023-01-16T17:01:47+00:00","description":"Upcycling f\u00fcr den Balkongarten: Aus einer alten Palette l\u00e4sst sich ein wundersch\u00f6ner vertikaler Garten zaubern \u2013 bei uns sehen Sie, wie es geht!","breadcrumb":{"@id":"https:\/\/www.leeb-balkone.com\/ch\/blog\/palettengarten\/#breadcrumb"},"inLanguage":"de-CH","potentialAction":[{"@type":"ReadAction","target":["https:\/\/www.leeb-balkone.com\/ch\/blog\/palettengarten\/"]}]},{"@type":"ImageObject","inLanguage":"de-CH","@id":"https:\/\/www.leeb-balkone.com\/ch\/blog\/palettengarten\/#primaryimage","url":"https:\/\/www.leeb-balkone.com\/app\/uploads\/2020\/10\/palettengarten-1.jpg","contentUrl":"https:\/\/www.leeb-balkone.com\/app\/uploads\/2020\/10\/palettengarten-1.jpg","width":1036,"height":1350,"caption":"Do-it-yourself Palettengarten: H\u00e4ngenden Garten aus Paletten selber machen!"},{"@type":"BreadcrumbList","@id":"https:\/\/www.leeb-balkone.com\/ch\/blog\/palettengarten\/#breadcrumb","itemListElement":[{"@type":"ListItem","position":1,"name":"Home","item":"https:\/\/www.leeb-balkone.com\/ch\/"},{"@type":"ListItem","position":2,"name":"Palettengarten"}]},{"@type":"WebSite","@id":"https:\/\/www.leeb-balkone.com\/ch\/#website","url":"https:\/\/www.leeb-balkone.com\/ch\/","name":"Leeb Balkone","description":"Balkone und Z\u00e4une","publisher":{"@id":"https:\/\/www.leeb-balkone.com\/ch\/#organization"},"potentialAction":[{"@type":"SearchAction","target":{"@type":"EntryPoint","urlTemplate":"https:\/\/www.leeb-balkone.com\/ch\/?s={search_term_string}"},"query-input":{"@type":"PropertyValueSpecification","valueRequired":true,"valueName":"search_term_string"}}],"inLanguage":"de-CH"},{"@type":"Organization","@id":"https:\/\/www.leeb-balkone.com\/ch\/#organization","name":"Leeb Balkone Gmbh","url":"https:\/\/www.leeb-balkone.com\/ch\/","logo":{"@type":"ImageObject","inLanguage":"de-CH","@id":"https:\/\/www.leeb-balkone.com\/ch\/#\/schema\/logo\/image\/","url":"https:\/\/www.leeb-balkone.com\/app\/uploads\/2020\/11\/leeb-logo.svg","contentUrl":"https:\/\/www.leeb-balkone.com\/app\/uploads\/2020\/11\/leeb-logo.svg","width":741,"height":204,"caption":"Leeb Balkone Gmbh"},"image":{"@id":"https:\/\/www.leeb-balkone.com\/ch\/#\/schema\/logo\/image\/"},"sameAs":["https:\/\/www.facebook.com\/balkone\/","https:\/\/www.trustedshops.at\/bewertung\/info_X4587CCF5833E31AFE0B11F47D86999F2.html","https:\/\/www.trustedshops.de\/bewertung\/info_X7BA536A7A0BDC86D36C4718E4DCAEEEF.html","https:\/\/www.google.com\/maps\/place\/?q=place_id:ChIJ5-zH19-IcEcR9HonWRTllHI"]},{"@type":"Person","@id":"https:\/\/www.leeb-balkone.com\/ch\/#\/schema\/person\/15f1f398efcf4703721e46c2136421fa","name":"jbacher"}]}},"_links":{"self":[{"href":"https:\/\/www.leeb-balkone.com\/ch\/wp-json\/wp\/v2\/posts\/18980","targetHints":{"allow":["GET"]}}],"collection":[{"href":"https:\/\/www.leeb-balkone.com\/ch\/wp-json\/wp\/v2\/posts"}],"about":[{"href":"https:\/\/www.leeb-balkone.com\/ch\/wp-json\/wp\/v2\/types\/post"}],"author":[{"embeddable":true,"href":"https:\/\/www.leeb-balkone.com\/ch\/wp-json\/wp\/v2\/users\/3"}],"replies":[{"embeddable":true,"href":"https:\/\/www.leeb-balkone.com\/ch\/wp-json\/wp\/v2\/comments?post=18980"}],"version-history":[{"count":0,"href":"https:\/\/www.leeb-balkone.com\/ch\/wp-json\/wp\/v2\/posts\/18980\/revisions"}],"wp:featuredmedia":[{"embeddable":true,"href":"https:\/\/www.leeb-balkone.com\/ch\/wp-json\/wp\/v2\/media\/12958"}],"wp:attachment":[{"href":"https:\/\/www.leeb-balkone.com\/ch\/wp-json\/wp\/v2\/media?parent=18980"}],"wp:term":[{"taxonomy":"category","embeddable":true,"href":"https:\/\/www.leeb-balkone.com\/ch\/wp-json\/wp\/v2\/categories?post=18980"},{"taxonomy":"post_tag","embeddable":true,"href":"https:\/\/www.leeb-balkone.com\/ch\/wp-json\/wp\/v2\/tags?post=18980"},{"taxonomy":"post_folder","embeddable":true,"href":"https:\/\/www.leeb-balkone.com\/ch\/wp-json\/wp\/v2\/post_folder?post=18980"}],"curies":[{"name":"wp","href":"https:\/\/api.w.org\/{rel}","templated":true}]}}