{"id":18970,"date":"2016-05-18T08:14:16","date_gmt":"2016-05-18T08:14:16","guid":{"rendered":"https:\/\/www.leeb-balkone.com\/de\/blog\/postdummy-2-2-3-2-2-2-5-3-2-3\/"},"modified":"2023-01-16T16:57:26","modified_gmt":"2023-01-16T16:57:26","slug":"gartenpflege-im-fruehjahr","status":"publish","type":"post","link":"https:\/\/www.leeb-balkone.com\/ch\/blog\/gartenpflege-im-fruehjahr\/","title":{"rendered":"Gartenpflege im Fr\u00fchjahr"},"content":{"rendered":"<header data-block_2431c01b7e295bbdfe2e4efb289d9c71 class=\"c-fh  l-mh-small c-fh--hero c-grad-l2r c-fh--div none\">\n      <img loading=\"lazy\" decoding=\"async\" width=\"1600\" height=\"1064\" src=\"https:\/\/www.leeb-balkone.com\/app\/uploads\/2020\/10\/Krokusse.jpg\" class=\"no-lazy\" alt=\"gartenliebe\" srcset=\"https:\/\/www.leeb-balkone.com\/app\/uploads\/2020\/10\/Krokusse-300x200.jpg 300w, https:\/\/www.leeb-balkone.com\/app\/uploads\/2020\/10\/Krokusse-1024x681.jpg 1024w, https:\/\/www.leeb-balkone.com\/app\/uploads\/2020\/10\/Krokusse-768x511.jpg 768w, https:\/\/www.leeb-balkone.com\/app\/uploads\/2020\/10\/Krokusse-1536x1021.jpg 1536w\" sizes=\"auto, (min-width: 1536px) 2048px, (min-width: 992px) 1536px, (min-width: 768px) 1024px, (min-width: 576px) 768px, 100vw\" \/>\n\n\n<div class=\"grid-container\">\n  <div class=\"grid-x\">\n    <div class=\"cell small-12 medium-6 medium-offset-1\">\n      <div class=\"c-fh__wrapper\">\n              <\/div>\n    <\/div>\n  <\/div>\n<\/div>\n  \n    \n    <\/header>\n\n\n  \n  <section class=\"wp-block-group alignfull t3-header u-max-wide t3-header-text has-white-background-color has-background has-global-padding is-layout-constrained wp-block-group-is-layout-constrained\">\n    <div class=\"wp-block-group o-grid u-md-1 u-sm-1 is-layout-flow wp-block-group-is-layout-flow\">\n  <div class=\"wp-block-group u-g-10 u-g-s-2\">\n      <div class=\"yoast-breadcrumbs\"><span><span><a href=\"https:\/\/www.leeb-balkone.com\/ch\/\">Home<\/a><\/span><\/span><\/div>\n      \n    <h1>Gartenpflege im Fr\u00fchjahr<\/h1>\n  <\/div>\n<\/div>\n  <\/section>\n\n\n\n\n\n\n<section class=\"wp-block-cgb-t3-section-block alignfull b-pt-small  is-style-bg-white\" style=\"display:inherit;min-height:inherit\">\n<div class=\"wp-block-cgb-t3-container-block none\" style=\"background-color:none\"><div class=\"grid-container\"><div class=\"grid-x\"><div class=\"cell small-12 medium-9 large-0 medium-offset-1 b-has-lsmb\">\n<p>Noch kann man es sich kaum vorstellen, dass uns bald noch k\u00e4ltere Temperaturen erwarten. Doch Meterologen sagen voraus, dass der Winter doch noch in einigen Wochen einbrechen k\u00f6nnte. Um sich sie Sch\u00f6nheit des hauseigenen Gartens auch im neuen Jahr zu bewahren, m\u00fcssen bei der fr\u00fchj\u00e4hrlichen Gartenpflege so einiges beachtet werden.<\/p>\n<\/div><\/div><\/div><\/div>\n\n\n\n<div class=\"wp-block-cgb-t3-container-block none\" style=\"background-color:none\"><div class=\"grid-container\"><div class=\"grid-x\"><div class=\"cell small-12 medium-0 large-0\"><div id=\"lightgallery-block_6f76d1874db517abb866d3fe7069ac34\" data-block_6f76d1874db517abb866d3fe7069ac34 class=\"has-1-imgs b-cards b-cards--gallery u-grid-temp has-1-cols u-md-2 u-sm-1 wp-block-group is-layout-grid wp-block-group-is-layout-grid gallery alignwide\">\n\n        <div class=\"b-cards__item\">\n\n        \n      <figure>\n                 <img loading=\"lazy\" decoding=\"async\" width=\"1536\" height=\"1025\" src=\"https:\/\/www.leeb-balkone.com\/app\/uploads\/2020\/10\/vertikutieren-wann-1-1536x1025.jpg\" class=\"attachment-1536x1536 size-1536x1536\" alt=\"vertikutieren wann 1\" srcset=\"https:\/\/www.leeb-balkone.com\/app\/uploads\/2020\/10\/vertikutieren-wann-1-1536x1025.jpg 1536w, https:\/\/www.leeb-balkone.com\/app\/uploads\/2020\/10\/vertikutieren-wann-1-300x200.jpg 300w, https:\/\/www.leeb-balkone.com\/app\/uploads\/2020\/10\/vertikutieren-wann-1-1024x684.jpg 1024w, https:\/\/www.leeb-balkone.com\/app\/uploads\/2020\/10\/vertikutieren-wann-1-768x513.jpg 768w\" sizes=\"auto, (min-width: 1200px) 100vw, (min-width: 1024px) 1536px, (min-width: 640px) 768px, 768px\" \/>              <\/figure>\n\n                  \n        <div class=\"caption\">\n                          <p>Rasen-Vertikutierung, Bild \u00a9 Ingrid Balabanova\/shutterstock.com\n              <\/div>\n  \n<\/div>\n\n    <\/div>\n\n<\/div><\/div><\/div><\/div>\n\n\n\n<div class=\"wp-block-cgb-t3-container-block none\" style=\"background-color:none\"><div class=\"grid-container\"><div class=\"grid-x\"><div class=\"cell small-12 medium-9 large-0 medium-offset-1 b-has-lsmb\">\n<h2 class=\"wp-block-heading\">Rasenpflege im Fr\u00fchling<\/h2>\n\n\n\n<p>In den Monaten M\u00e4rz, April werden die ersten Grashalme wieder vom Schnee und Eis befreit und sprie\u00dfen in die H\u00f6he. Um ihnen da auch die optimalen Bedingungen zu bieten, sollte der Rasen im Vorhinein mit einem Vertikutierer bearbeitet werden. Dieser Vorgang sorgt daf\u00fcr, dass Unkraut und Moos reduziert und der Boden bel\u00fcftet wird. Die Gr\u00e4ser bekommen noch einen extra Schub, indem man etwas Saat und D\u00fcngemittel verbreitet. Zu diesem Zeitpunkt ist es auch wichtig, das erste Unkraut zu entfernen, da es im j\u00fcngeren Zustand leichter hinausgezogen werden kann.<\/p>\n\n\n\n<h2 class=\"wp-block-heading\">Pflanzen und Gr\u00e4ser im Fr\u00fchjahr<\/h2>\n\n\n\n<p>Wie wir schon bei einem unserer vorigen Blogbeitr\u00e4ge erkl\u00e4rt haben, dient der Herbst f\u00fcr einige Pflanzenarten als ideale Setz-Zeit. Doch das bedeutet auch, das diese im Fr\u00fchling zu sprie\u00dfen und gedeihen anfangen. In diesem Zeitraum brauchen die Pflanzen extra viel N\u00e4hrstoffe und Pflege. Um diese zu gew\u00e4hren, sollte man sie und auch andere K\u00fcbelpflanzen im Fr\u00fchjahr umtopfen. Die frische Erde bietet den Blumen eine gute Grundlage f\u00fcr das restliche Jahr. Auch Gr\u00e4ser brauchen im Fr\u00fchjahr entsprechende Pflege. Diese sollten nicht im Herbst, sondern erst in den Fr\u00fchlingsmonaten geschnitten werden, da sie ihr Laub den Winter \u00fcber von Frost und K\u00e4lte sch\u00fctzt. Da man dieses aber im Fr\u00fchjahr nicht mehr braucht, kann es dann entfernt werden.<\/p>\n\n\n\n<h2 class=\"wp-block-heading\">Wasser im Garten anschalten<\/h2>\n\n\n\n<p>Auch wenn die diesj\u00e4hrige \u201ekalte\u201c Jahreszeit nicht besonders kalt erscheint, sollte jede Wasserleitung im Freien \u00fcber den Winter \u00fcber ausgeschaltet werden, damit das Wasser im Inneren nicht zu Eis wird. Da im Fr\u00fchling aber die Temperaturen wieder nach oben steigen, k\u00f6nnen nun die Leitungen wieder ge\u00f6ffnet werden. Das selbe gilt nat\u00fcrlich auch f\u00fcr die Teichpumpe, wenn ein Teich den Garten ziert. Hier ist es aber auch wichtig, damit erst im sp\u00e4ten M\u00e4rz oder fr\u00fchen April das Wasser wieder flie\u00dfen zu lassen. Denn wer wei\u00df, wann heuer der letzte Schnee fallen wird.<\/p>\n<\/div><\/div><\/div><\/div>\n\n\n\n<div class=\"wp-block-cgb-t3-container-block none\" style=\"background-color:none\"><div class=\"grid-container\"><div class=\"grid-x\"><div class=\"cell small-12 medium-0 large-0\"><div id=\"lightgallery-block_3eb1c7d238199753ab156542a411990e\" data-block_3eb1c7d238199753ab156542a411990e class=\"has-1-imgs b-cards b-cards--gallery u-grid-temp has-1-cols u-md-2 u-sm-1 wp-block-group is-layout-grid wp-block-group-is-layout-grid gallery alignwide\">\n\n        <div class=\"b-cards__item\">\n\n        \n      <figure>\n                 <img loading=\"lazy\" decoding=\"async\" width=\"1536\" height=\"1021\" src=\"https:\/\/www.leeb-balkone.com\/app\/uploads\/2020\/10\/Krokusse-1536x1021.jpg\" class=\"attachment-1536x1536 size-1536x1536\" alt=\"Krokusse\" srcset=\"https:\/\/www.leeb-balkone.com\/app\/uploads\/2020\/10\/Krokusse-1536x1021.jpg 1536w, https:\/\/www.leeb-balkone.com\/app\/uploads\/2020\/10\/Krokusse-300x200.jpg 300w, https:\/\/www.leeb-balkone.com\/app\/uploads\/2020\/10\/Krokusse-1024x681.jpg 1024w, https:\/\/www.leeb-balkone.com\/app\/uploads\/2020\/10\/Krokusse-768x511.jpg 768w\" sizes=\"auto, (min-width: 1200px) 100vw, (min-width: 1024px) 1536px, (min-width: 640px) 768px, 768px\" \/>              <\/figure>\n\n                  \n        <div class=\"caption\">\n                          <p>Erste Fr\u00fchlingsblumen, Bild \u00a9 Zoia Kostina\/shutterstock.com\n              <\/div>\n  \n<\/div>\n\n    <\/div>\n\n<\/div><\/div><\/div><\/div>\n\n\n\n<div class=\"wp-block-cgb-t3-container-block none\" style=\"background-color:none\"><div class=\"grid-container\"><div class=\"grid-x\"><div class=\"cell small-12 medium-9 large-0 medium-offset-1 b-has-lsmb\">\n<h2 class=\"wp-block-heading\">Baumschnitt und Sch\u00e4dlingsbek\u00e4mpfung<\/h2>\n\n\n\n<p>Mit dem Beschneiden der gr\u00f6\u00dferen und festeren Pflanzen im Garten sollte noch bis Mai, Juni gewartet werden, da zu diesem Zeitpunkt der erste Austrieb schon abgeschlossen sein sollte. Die zweite Wachstumsperiode erfolgt erst wieder nach den hei\u00dfesten Sommermonaten. Damit die \u00c4ste und Bl\u00e4tter bis dahin in ihrer sch\u00f6nsten Form den Garten bereichern, sollte sp\u00e4testens Mitte Juni zur Schere gegriffen werden.<\/p>\n\n\n\n<p>Dass zu diesem Zeitpunkt schon die ersten Bl\u00e4tter und Bl\u00fcten ersprossen sind, bedeutet aber auch, dass Sch\u00e4dlinge sich nach einer Unterkunft umgesehen haben. Um zu verhindern, dass diese sich dauerhaft einnisten, ist zu dieser Zeit das ideale Timing, um diese zu bek\u00e4mpfen. Nun sollte man also Ausschau nach Bissspuren und \u00e4hnlichen Hinweisen f\u00fcr Sch\u00e4dlingsbefall halten und diese so bald wie m\u00f6glich mit den entsprechenden Mitteln beseitigen.<\/p>\n\n\n\n<p>Mit diesen einfachen Schritten bleibt der Garten auch den Rest des Jahres noch eine gepflegte Erholoase, die von nun an auch mit weniger Pflege das eigene Reich erweitert.<\/p>\n<\/div><\/div><\/div><\/div>\n<\/section>\n\n\n\n<p><\/p>\n","protected":false},"excerpt":{"rendered":"<p>Im Fr\u00fchjahr sprie\u00dft und gr\u00fcnt es allerorts. Im eigenen Garten gibt es viel zu tun. Doch was muss alles bei der allj\u00e4hrlichen Fr\u00fchlingspflege des Gartens beachtet werden?<\/p>\n","protected":false},"author":3,"featured_media":13007,"comment_status":"closed","ping_status":"open","sticky":false,"template":"template-onepager.blade.php","format":"standard","meta":{"_acf_changed":false,"footnotes":""},"categories":[160,161,149,150,151,153],"tags":[],"post_folder":[],"class_list":["post-18970","post","type-post","status-publish","format-standard","has-post-thumbnail","hentry","category-balkongestaltung","category-balkonpflanzen","category-garten-und-pflanzen","category-gartenbau","category-gartengestaltung","category-tipps-zur-balkongestaltung"],"acf":[],"yoast_head":"<!-- This site is optimized with the Yoast SEO plugin v27.2 - https:\/\/yoast.com\/product\/yoast-seo-wordpress\/ -->\n<title>Gartenpflege im Fr\u00fchjahr - Leeb Balkone Schweiz<\/title>\n<meta name=\"description\" content=\"Im Fr\u00fchjahr sprie\u00dft und gr\u00fcnt es allerorts. Im eigenen Garten gibt es viel zu tun. Doch was muss alles bei der allj\u00e4hrlichen Fr\u00fchlingspflege des Gartens beachtet werden?\" \/>\n<meta name=\"robots\" content=\"index, follow, max-snippet:-1, max-image-preview:large, max-video-preview:-1\" \/>\n<meta property=\"og:locale\" content=\"de_DE\" \/>\n<meta property=\"og:type\" content=\"article\" \/>\n<meta property=\"og:title\" content=\"Gartenpflege im Fr\u00fchjahr - Leeb Balkone\" \/>\n<meta property=\"og:description\" content=\"Im Fr\u00fchjahr sprie\u00dft und gr\u00fcnt es allerorts. Im eigenen Garten gibt es viel zu tun. Doch was muss alles bei der allj\u00e4hrlichen Fr\u00fchlingspflege des Gartens beachtet werden?\" \/>\n<meta property=\"og:url\" content=\"https:\/\/www.leeb-balkone.com\/ch\/blog\/gartenpflege-im-fruehjahr\/\" \/>\n<meta property=\"og:site_name\" content=\"Leeb Balkone\" \/>\n<meta property=\"article:publisher\" content=\"https:\/\/www.facebook.com\/balkone\/\" \/>\n<meta property=\"article:published_time\" content=\"2016-05-18T08:14:16+00:00\" \/>\n<meta property=\"article:modified_time\" content=\"2023-01-16T16:57:26+00:00\" \/>\n<meta property=\"og:image\" content=\"https:\/\/www.leeb-balkone.com\/app\/uploads\/2020\/10\/Krokusse.jpg\" \/>\n\t<meta property=\"og:image:width\" content=\"1600\" \/>\n\t<meta property=\"og:image:height\" content=\"1064\" \/>\n\t<meta property=\"og:image:type\" content=\"image\/jpeg\" \/>\n<meta name=\"author\" content=\"jbacher\" \/>\n<meta name=\"twitter:card\" content=\"summary_large_image\" \/>\n<script type=\"application\/ld+json\" class=\"yoast-schema-graph\">{\"@context\":\"https:\/\/schema.org\",\"@graph\":[{\"@type\":\"Article\",\"@id\":\"https:\/\/www.leeb-balkone.com\/ch\/blog\/gartenpflege-im-fruehjahr\/#article\",\"isPartOf\":{\"@id\":\"https:\/\/www.leeb-balkone.com\/ch\/blog\/gartenpflege-im-fruehjahr\/\"},\"author\":{\"name\":\"jbacher\",\"@id\":\"https:\/\/www.leeb-balkone.com\/ch\/#\/schema\/person\/15f1f398efcf4703721e46c2136421fa\"},\"headline\":\"Gartenpflege im Fr\u00fchjahr\",\"datePublished\":\"2016-05-18T08:14:16+00:00\",\"dateModified\":\"2023-01-16T16:57:26+00:00\",\"mainEntityOfPage\":{\"@id\":\"https:\/\/www.leeb-balkone.com\/ch\/blog\/gartenpflege-im-fruehjahr\/\"},\"wordCount\":574,\"publisher\":{\"@id\":\"https:\/\/www.leeb-balkone.com\/ch\/#organization\"},\"image\":{\"@id\":\"https:\/\/www.leeb-balkone.com\/ch\/blog\/gartenpflege-im-fruehjahr\/#primaryimage\"},\"thumbnailUrl\":\"https:\/\/www.leeb-balkone.com\/app\/uploads\/2020\/10\/Krokusse.jpg\",\"articleSection\":[\"Balkongestaltung\",\"Balkonpflanzen\",\"Garten und Pflanzen\",\"Gartenbau\",\"Gartengestaltung\",\"Tipps zur Balkongestaltung\"],\"inLanguage\":\"de-CH\"},{\"@type\":\"WebPage\",\"@id\":\"https:\/\/www.leeb-balkone.com\/ch\/blog\/gartenpflege-im-fruehjahr\/\",\"url\":\"https:\/\/www.leeb-balkone.com\/ch\/blog\/gartenpflege-im-fruehjahr\/\",\"name\":\"Gartenpflege im Fr\u00fchjahr - Leeb Balkone\",\"isPartOf\":{\"@id\":\"https:\/\/www.leeb-balkone.com\/ch\/#website\"},\"primaryImageOfPage\":{\"@id\":\"https:\/\/www.leeb-balkone.com\/ch\/blog\/gartenpflege-im-fruehjahr\/#primaryimage\"},\"image\":{\"@id\":\"https:\/\/www.leeb-balkone.com\/ch\/blog\/gartenpflege-im-fruehjahr\/#primaryimage\"},\"thumbnailUrl\":\"https:\/\/www.leeb-balkone.com\/app\/uploads\/2020\/10\/Krokusse.jpg\",\"datePublished\":\"2016-05-18T08:14:16+00:00\",\"dateModified\":\"2023-01-16T16:57:26+00:00\",\"description\":\"Im Fr\u00fchjahr sprie\u00dft und gr\u00fcnt es allerorts. Im eigenen Garten gibt es viel zu tun. Doch was muss alles bei der allj\u00e4hrlichen Fr\u00fchlingspflege des Gartens beachtet werden?\",\"breadcrumb\":{\"@id\":\"https:\/\/www.leeb-balkone.com\/ch\/blog\/gartenpflege-im-fruehjahr\/#breadcrumb\"},\"inLanguage\":\"de-CH\",\"potentialAction\":[{\"@type\":\"ReadAction\",\"target\":[\"https:\/\/www.leeb-balkone.com\/ch\/blog\/gartenpflege-im-fruehjahr\/\"]}]},{\"@type\":\"ImageObject\",\"inLanguage\":\"de-CH\",\"@id\":\"https:\/\/www.leeb-balkone.com\/ch\/blog\/gartenpflege-im-fruehjahr\/#primaryimage\",\"url\":\"https:\/\/www.leeb-balkone.com\/app\/uploads\/2020\/10\/Krokusse.jpg\",\"contentUrl\":\"https:\/\/www.leeb-balkone.com\/app\/uploads\/2020\/10\/Krokusse.jpg\",\"width\":1600,\"height\":1064,\"caption\":\"Erste Fr\u00fchlingsblumen, Bild \u00a9 Zoia Kostina\/shutterstock.com\"},{\"@type\":\"BreadcrumbList\",\"@id\":\"https:\/\/www.leeb-balkone.com\/ch\/blog\/gartenpflege-im-fruehjahr\/#breadcrumb\",\"itemListElement\":[{\"@type\":\"ListItem\",\"position\":1,\"name\":\"Home\",\"item\":\"https:\/\/www.leeb-balkone.com\/ch\/\"},{\"@type\":\"ListItem\",\"position\":2,\"name\":\"Gartenpflege im Fr\u00fchjahr\"}]},{\"@type\":\"WebSite\",\"@id\":\"https:\/\/www.leeb-balkone.com\/ch\/#website\",\"url\":\"https:\/\/www.leeb-balkone.com\/ch\/\",\"name\":\"Leeb Balkone\",\"description\":\"Balkone und Z\u00e4une\",\"publisher\":{\"@id\":\"https:\/\/www.leeb-balkone.com\/ch\/#organization\"},\"potentialAction\":[{\"@type\":\"SearchAction\",\"target\":{\"@type\":\"EntryPoint\",\"urlTemplate\":\"https:\/\/www.leeb-balkone.com\/ch\/?s={search_term_string}\"},\"query-input\":{\"@type\":\"PropertyValueSpecification\",\"valueRequired\":true,\"valueName\":\"search_term_string\"}}],\"inLanguage\":\"de-CH\"},{\"@type\":\"Organization\",\"@id\":\"https:\/\/www.leeb-balkone.com\/ch\/#organization\",\"name\":\"Leeb Balkone Gmbh\",\"url\":\"https:\/\/www.leeb-balkone.com\/ch\/\",\"logo\":{\"@type\":\"ImageObject\",\"inLanguage\":\"de-CH\",\"@id\":\"https:\/\/www.leeb-balkone.com\/ch\/#\/schema\/logo\/image\/\",\"url\":\"https:\/\/www.leeb-balkone.com\/app\/uploads\/2020\/11\/leeb-logo.svg\",\"contentUrl\":\"https:\/\/www.leeb-balkone.com\/app\/uploads\/2020\/11\/leeb-logo.svg\",\"width\":741,\"height\":204,\"caption\":\"Leeb Balkone Gmbh\"},\"image\":{\"@id\":\"https:\/\/www.leeb-balkone.com\/ch\/#\/schema\/logo\/image\/\"},\"sameAs\":[\"https:\/\/www.facebook.com\/balkone\/\",\"https:\/\/www.trustedshops.at\/bewertung\/info_X4587CCF5833E31AFE0B11F47D86999F2.html\",\"https:\/\/www.trustedshops.de\/bewertung\/info_X7BA536A7A0BDC86D36C4718E4DCAEEEF.html\",\"https:\/\/www.google.com\/maps\/place\/?q=place_id:ChIJ5-zH19-IcEcR9HonWRTllHI\"]},{\"@type\":\"Person\",\"@id\":\"https:\/\/www.leeb-balkone.com\/ch\/#\/schema\/person\/15f1f398efcf4703721e46c2136421fa\",\"name\":\"jbacher\"}]}<\/script>\n<!-- \/ Yoast SEO plugin. -->","yoast_head_json":{"title":"Gartenpflege im Fr\u00fchjahr - Leeb Balkone Schweiz","description":"Im Fr\u00fchjahr sprie\u00dft und gr\u00fcnt es allerorts. Im eigenen Garten gibt es viel zu tun. Doch was muss alles bei der allj\u00e4hrlichen Fr\u00fchlingspflege des Gartens beachtet werden?","robots":{"index":"index","follow":"follow","max-snippet":"max-snippet:-1","max-image-preview":"max-image-preview:large","max-video-preview":"max-video-preview:-1"},"og_locale":"de_DE","og_type":"article","og_title":"Gartenpflege im Fr\u00fchjahr - Leeb Balkone","og_description":"Im Fr\u00fchjahr sprie\u00dft und gr\u00fcnt es allerorts. Im eigenen Garten gibt es viel zu tun. Doch was muss alles bei der allj\u00e4hrlichen Fr\u00fchlingspflege des Gartens beachtet werden?","og_url":"https:\/\/www.leeb-balkone.com\/ch\/blog\/gartenpflege-im-fruehjahr\/","og_site_name":"Leeb Balkone","article_publisher":"https:\/\/www.facebook.com\/balkone\/","article_published_time":"2016-05-18T08:14:16+00:00","article_modified_time":"2023-01-16T16:57:26+00:00","og_image":[{"width":1600,"height":1064,"url":"https:\/\/www.leeb-balkone.com\/app\/uploads\/2020\/10\/Krokusse.jpg","type":"image\/jpeg"}],"author":"jbacher","twitter_card":"summary_large_image","schema":{"@context":"https:\/\/schema.org","@graph":[{"@type":"Article","@id":"https:\/\/www.leeb-balkone.com\/ch\/blog\/gartenpflege-im-fruehjahr\/#article","isPartOf":{"@id":"https:\/\/www.leeb-balkone.com\/ch\/blog\/gartenpflege-im-fruehjahr\/"},"author":{"name":"jbacher","@id":"https:\/\/www.leeb-balkone.com\/ch\/#\/schema\/person\/15f1f398efcf4703721e46c2136421fa"},"headline":"Gartenpflege im Fr\u00fchjahr","datePublished":"2016-05-18T08:14:16+00:00","dateModified":"2023-01-16T16:57:26+00:00","mainEntityOfPage":{"@id":"https:\/\/www.leeb-balkone.com\/ch\/blog\/gartenpflege-im-fruehjahr\/"},"wordCount":574,"publisher":{"@id":"https:\/\/www.leeb-balkone.com\/ch\/#organization"},"image":{"@id":"https:\/\/www.leeb-balkone.com\/ch\/blog\/gartenpflege-im-fruehjahr\/#primaryimage"},"thumbnailUrl":"https:\/\/www.leeb-balkone.com\/app\/uploads\/2020\/10\/Krokusse.jpg","articleSection":["Balkongestaltung","Balkonpflanzen","Garten und Pflanzen","Gartenbau","Gartengestaltung","Tipps zur Balkongestaltung"],"inLanguage":"de-CH"},{"@type":"WebPage","@id":"https:\/\/www.leeb-balkone.com\/ch\/blog\/gartenpflege-im-fruehjahr\/","url":"https:\/\/www.leeb-balkone.com\/ch\/blog\/gartenpflege-im-fruehjahr\/","name":"Gartenpflege im Fr\u00fchjahr - Leeb Balkone","isPartOf":{"@id":"https:\/\/www.leeb-balkone.com\/ch\/#website"},"primaryImageOfPage":{"@id":"https:\/\/www.leeb-balkone.com\/ch\/blog\/gartenpflege-im-fruehjahr\/#primaryimage"},"image":{"@id":"https:\/\/www.leeb-balkone.com\/ch\/blog\/gartenpflege-im-fruehjahr\/#primaryimage"},"thumbnailUrl":"https:\/\/www.leeb-balkone.com\/app\/uploads\/2020\/10\/Krokusse.jpg","datePublished":"2016-05-18T08:14:16+00:00","dateModified":"2023-01-16T16:57:26+00:00","description":"Im Fr\u00fchjahr sprie\u00dft und gr\u00fcnt es allerorts. Im eigenen Garten gibt es viel zu tun. Doch was muss alles bei der allj\u00e4hrlichen Fr\u00fchlingspflege des Gartens beachtet werden?","breadcrumb":{"@id":"https:\/\/www.leeb-balkone.com\/ch\/blog\/gartenpflege-im-fruehjahr\/#breadcrumb"},"inLanguage":"de-CH","potentialAction":[{"@type":"ReadAction","target":["https:\/\/www.leeb-balkone.com\/ch\/blog\/gartenpflege-im-fruehjahr\/"]}]},{"@type":"ImageObject","inLanguage":"de-CH","@id":"https:\/\/www.leeb-balkone.com\/ch\/blog\/gartenpflege-im-fruehjahr\/#primaryimage","url":"https:\/\/www.leeb-balkone.com\/app\/uploads\/2020\/10\/Krokusse.jpg","contentUrl":"https:\/\/www.leeb-balkone.com\/app\/uploads\/2020\/10\/Krokusse.jpg","width":1600,"height":1064,"caption":"Erste Fr\u00fchlingsblumen, Bild \u00a9 Zoia Kostina\/shutterstock.com"},{"@type":"BreadcrumbList","@id":"https:\/\/www.leeb-balkone.com\/ch\/blog\/gartenpflege-im-fruehjahr\/#breadcrumb","itemListElement":[{"@type":"ListItem","position":1,"name":"Home","item":"https:\/\/www.leeb-balkone.com\/ch\/"},{"@type":"ListItem","position":2,"name":"Gartenpflege im Fr\u00fchjahr"}]},{"@type":"WebSite","@id":"https:\/\/www.leeb-balkone.com\/ch\/#website","url":"https:\/\/www.leeb-balkone.com\/ch\/","name":"Leeb Balkone","description":"Balkone und Z\u00e4une","publisher":{"@id":"https:\/\/www.leeb-balkone.com\/ch\/#organization"},"potentialAction":[{"@type":"SearchAction","target":{"@type":"EntryPoint","urlTemplate":"https:\/\/www.leeb-balkone.com\/ch\/?s={search_term_string}"},"query-input":{"@type":"PropertyValueSpecification","valueRequired":true,"valueName":"search_term_string"}}],"inLanguage":"de-CH"},{"@type":"Organization","@id":"https:\/\/www.leeb-balkone.com\/ch\/#organization","name":"Leeb Balkone Gmbh","url":"https:\/\/www.leeb-balkone.com\/ch\/","logo":{"@type":"ImageObject","inLanguage":"de-CH","@id":"https:\/\/www.leeb-balkone.com\/ch\/#\/schema\/logo\/image\/","url":"https:\/\/www.leeb-balkone.com\/app\/uploads\/2020\/11\/leeb-logo.svg","contentUrl":"https:\/\/www.leeb-balkone.com\/app\/uploads\/2020\/11\/leeb-logo.svg","width":741,"height":204,"caption":"Leeb Balkone Gmbh"},"image":{"@id":"https:\/\/www.leeb-balkone.com\/ch\/#\/schema\/logo\/image\/"},"sameAs":["https:\/\/www.facebook.com\/balkone\/","https:\/\/www.trustedshops.at\/bewertung\/info_X4587CCF5833E31AFE0B11F47D86999F2.html","https:\/\/www.trustedshops.de\/bewertung\/info_X7BA536A7A0BDC86D36C4718E4DCAEEEF.html","https:\/\/www.google.com\/maps\/place\/?q=place_id:ChIJ5-zH19-IcEcR9HonWRTllHI"]},{"@type":"Person","@id":"https:\/\/www.leeb-balkone.com\/ch\/#\/schema\/person\/15f1f398efcf4703721e46c2136421fa","name":"jbacher"}]}},"_links":{"self":[{"href":"https:\/\/www.leeb-balkone.com\/ch\/wp-json\/wp\/v2\/posts\/18970","targetHints":{"allow":["GET"]}}],"collection":[{"href":"https:\/\/www.leeb-balkone.com\/ch\/wp-json\/wp\/v2\/posts"}],"about":[{"href":"https:\/\/www.leeb-balkone.com\/ch\/wp-json\/wp\/v2\/types\/post"}],"author":[{"embeddable":true,"href":"https:\/\/www.leeb-balkone.com\/ch\/wp-json\/wp\/v2\/users\/3"}],"replies":[{"embeddable":true,"href":"https:\/\/www.leeb-balkone.com\/ch\/wp-json\/wp\/v2\/comments?post=18970"}],"version-history":[{"count":0,"href":"https:\/\/www.leeb-balkone.com\/ch\/wp-json\/wp\/v2\/posts\/18970\/revisions"}],"wp:featuredmedia":[{"embeddable":true,"href":"https:\/\/www.leeb-balkone.com\/ch\/wp-json\/wp\/v2\/media\/13007"}],"wp:attachment":[{"href":"https:\/\/www.leeb-balkone.com\/ch\/wp-json\/wp\/v2\/media?parent=18970"}],"wp:term":[{"taxonomy":"category","embeddable":true,"href":"https:\/\/www.leeb-balkone.com\/ch\/wp-json\/wp\/v2\/categories?post=18970"},{"taxonomy":"post_tag","embeddable":true,"href":"https:\/\/www.leeb-balkone.com\/ch\/wp-json\/wp\/v2\/tags?post=18970"},{"taxonomy":"post_folder","embeddable":true,"href":"https:\/\/www.leeb-balkone.com\/ch\/wp-json\/wp\/v2\/post_folder?post=18970"}],"curies":[{"name":"wp","href":"https:\/\/api.w.org\/{rel}","templated":true}]}}