{"id":18966,"date":"2016-05-19T07:21:36","date_gmt":"2016-05-19T07:21:36","guid":{"rendered":"https:\/\/www.leeb-balkone.com\/de\/blog\/postdummy-2-2-3-2-2-2-5-2-2-2-6-2\/"},"modified":"2025-09-22T20:37:50","modified_gmt":"2025-09-22T20:37:50","slug":"welcher-balkonboden-ist-der-richtige","status":"publish","type":"post","link":"https:\/\/www.leeb-balkone.com\/ch\/blog\/welcher-balkonboden-ist-der-richtige\/","title":{"rendered":"Welcher Balkonboden ist der richtige?"},"content":{"rendered":"\n<p><\/p>\n<header data-block_acf-block-68cc2162b2fe0 class=\"c-fh  l-mh-small c-fh--hero c-grad-l2r c-fh--div none\">\n      <img loading=\"lazy\" decoding=\"async\" width=\"2560\" height=\"1361\" src=\"https:\/\/www.leeb-balkone.com\/app\/uploads\/2020\/10\/balkongelaender-alu-design-casa-linea-3-scaled.jpg\" class=\"no-lazy\" alt=\"Balkongel\u00e4nder aus Aluminium bei Leeb Balkone GmbH in vielen Gel\u00e4nder-Modellen\" srcset=\"https:\/\/www.leeb-balkone.com\/app\/uploads\/2020\/10\/balkongelaender-alu-design-casa-linea-3-scaled.jpg 2560w, https:\/\/www.leeb-balkone.com\/app\/uploads\/2020\/10\/balkongelaender-alu-design-casa-linea-3-300x160.jpg 300w, https:\/\/www.leeb-balkone.com\/app\/uploads\/2020\/10\/balkongelaender-alu-design-casa-linea-3-1024x545.jpg 1024w, https:\/\/www.leeb-balkone.com\/app\/uploads\/2020\/10\/balkongelaender-alu-design-casa-linea-3-768x408.jpg 768w, https:\/\/www.leeb-balkone.com\/app\/uploads\/2020\/10\/balkongelaender-alu-design-casa-linea-3-1536x817.jpg 1536w, https:\/\/www.leeb-balkone.com\/app\/uploads\/2020\/10\/balkongelaender-alu-design-casa-linea-3-2048x1089.jpg 2048w\" sizes=\"auto, (min-width: 1536px) 2048px, (min-width: 992px) 1536px, (min-width: 768px) 1024px, (min-width: 576px) 768px, 100vw\" \/>\n\n\n<div class=\"grid-container\">\n  <div class=\"grid-x\">\n    <div class=\"cell small-12 medium-6 medium-offset-1\">\n      <div class=\"c-fh__wrapper\">\n              <\/div>\n    <\/div>\n  <\/div>\n<\/div>\n  \n    \n    <\/header>\n\n\n  \n  <section class=\"wp-block-group alignfull t3-header u-max-wide t3-header-text has-white-background-color has-background has-global-padding is-layout-constrained wp-block-group-is-layout-constrained\">\n    <div class=\"wp-block-group o-grid u-md-1 u-sm-1 is-layout-flow wp-block-group-is-layout-flow\">\n  <div class=\"wp-block-group u-g-10 u-g-s-2\">\n      <div class=\"yoast-breadcrumbs\"><span><span><a href=\"https:\/\/www.leeb-balkone.com\/ch\/\">Home<\/a><\/span><\/span><\/div>\n      \n    <h1>Welcher Balkonboden ist der richtige?<\/h1>\n  <\/div>\n<\/div>\n  <\/section>\n\n\n\n\n<section class=\"wp-block-cgb-t3-section-block alignfull b-pt-small  is-style-bg-white\" style=\"display:inherit;min-height:inherit\">\n<div class=\"wp-block-cgb-t3-container-block none\" style=\"background-color:none\"><div class=\"grid-container\"><div class=\"grid-x\"><div class=\"cell small-12 medium-9 large-0 medium-offset-1 b-has-lsmb\">\n<p>Ist Ihr Balkon h\u00e4ufig Niederschl\u00e4gen ausgesetzt? Haben Sie Ihren Outdoor-Bereich \u00fcppig bepflanzt? Oder werden Balkonm\u00f6bel h\u00e4ufig auf dem Boden hin- und hergeschoben? All diese \u00dcberlegungen k\u00f6nnen Ihnen dabei helfen, das richtige Material f\u00fcr einen zweckm\u00e4\u00dfigen, sch\u00f6nen und auch langlebigen Bodenbelag zu w\u00e4hlen.<\/p>\n\n\n\n<p>Selbstverst\u00e4ndlich passt ein \u00e4sthetisch \u00fcberzeugender Balkonboden aber auch zum Design Ihres Balkons bzw. Ihrer \u00fcbrigen Outdoor-Bodenfl\u00e4chen und zum Balkongel\u00e4nder. Erfahren Sie hier, welche Vor- und Nachteile die einzelnen Materialien haben, wozu sie passen und was bei der Umsetzung zu beachten ist.<\/p>\n\n\n\n<p>Die Wahl des richtigen Balkonbodens macht den Balkon komplett.<\/p>\n<\/div><\/div><\/div><\/div>\n\n\n\n<div class=\"wp-block-cgb-t3-container-block none\" style=\"background-color:none\"><div class=\"grid-container\"><div class=\"grid-x\"><div class=\"cell small-12 medium-0 large-0\"><div id=\"lightgallery-block_acf-block-68cc2162b3006\" data-block_acf-block-68cc2162b3006 class=\"has-1-imgs b-cards b-cards--gallery u-grid-temp has-1-cols u-md-2 u-sm-1 wp-block-group is-layout-grid wp-block-group-is-layout-grid gallery alignwide\">\n\n        <div class=\"b-cards__item\">\n\n        \n      <figure>\n                 <img loading=\"lazy\" decoding=\"async\" width=\"1536\" height=\"817\" src=\"https:\/\/www.leeb-balkone.com\/app\/uploads\/2020\/10\/balkongelaender-alu-design-casa-linea-3-1536x817.jpg\" class=\"attachment-1536x1536 size-1536x1536\" alt=\"balkongelaender alu design casa linea 3\" srcset=\"https:\/\/www.leeb-balkone.com\/app\/uploads\/2020\/10\/balkongelaender-alu-design-casa-linea-3-1536x817.jpg 1536w, https:\/\/www.leeb-balkone.com\/app\/uploads\/2020\/10\/balkongelaender-alu-design-casa-linea-3-300x160.jpg 300w, https:\/\/www.leeb-balkone.com\/app\/uploads\/2020\/10\/balkongelaender-alu-design-casa-linea-3-1024x545.jpg 1024w, https:\/\/www.leeb-balkone.com\/app\/uploads\/2020\/10\/balkongelaender-alu-design-casa-linea-3-768x408.jpg 768w, https:\/\/www.leeb-balkone.com\/app\/uploads\/2020\/10\/balkongelaender-alu-design-casa-linea-3-2048x1089.jpg 2048w\" sizes=\"auto, (min-width: 1200px) 100vw, (min-width: 1024px) 1536px, (min-width: 640px) 768px, 768px\" \/>              <\/figure>\n\n                  \n        <div class=\"caption\">\n                          <p>Die Wahl des richtigen Balkonbodens macht den Balkon komplett\n              <\/div>\n  \n<\/div>\n\n    <\/div>\n\n<\/div><\/div><\/div><\/div>\n\n\n\n<div class=\"wp-block-cgb-t3-container-block none\" style=\"background-color:none\"><div class=\"grid-container\"><div class=\"grid-x\"><div class=\"cell small-12 medium-9 large-0 medium-offset-1 b-has-lsmb\">\n<h2 class=\"wp-block-heading\" id=\"naturliche-warme-balkonboden-aus-holz\">Nat\u00fcrliche W\u00e4rme: Balkonboden aus Holz<\/h2>\n\n\n\n<p>Holz z\u00e4hlt nach wie vor zu den beliebtesten Bodentypen im Outdoor-Bereich. Das Material erzeugt nicht nur optisch W\u00e4rme, sondern leitet auch im Winter weniger K\u00e4lte. Dazu sch\u00e4tzen viele Menschen die angenehme Haptik oder sogar den Geruch. Wichtig ist die Wahl des richtigen Holzes: Es sollte robust und best\u00e4ndig sein und auch nach mehreren Jahren im Freien noch eine sch\u00f6n anzusehende Oberfl\u00e4che ohne Risse haben. Ein ideales Holz f\u00fcr den Au\u00dfenbereich ist die heimische\u00a0<strong>L\u00e4rche<\/strong>. Durch ihren langsamen Wuchs in hohen H\u00f6hen ist ihr Holz besonders\u00a0<strong>resistent<\/strong>\u00a0gegen\u00fcber Feuchtigkeit, Moder, Verzug und sogar Sch\u00e4dlingen und Pilzen. Unlasiert nimmt sie nach einigen Jahren eine \u201ePatina\u201c, die ganz eigene,\u00a0<strong>gr\u00e4uliche Verf\u00e4rbung<\/strong>, an. Wenn das nicht gef\u00e4llt, kann das Holz aber auch ge\u00f6lt werden.<\/p>\n\n\n\n<p>Inzwischen beliebte Alternativen sind\u00a0<strong>thermisch behandelte H\u00f6lzer<\/strong>, wie z.B. die Thermoesche. Bei diesem Verfahren wird dem Holz unter gro\u00dfem Druck und hohen Temperaturen seine Feuchtigkeit entzogen, sodass es anschlie\u00dfend besonders witterungs- und formbest\u00e4ndig bleibt. Dar\u00fcber hinaus nimmt es durch das Thermo-Verfahren eine elegante, dunkle F\u00e4rbung an. Um Ihren Balkonboden mit Holz zu verkleiden, k\u00f6nnen Sie entweder\u00a0<strong>Dielen<\/strong>\u00a0oder\u00a0<strong>Fliesen<\/strong>\u00a0verlegen. Der Vorteil von Holzfliesen ist, dass diese in verschiedenen Gr\u00f6\u00dfen erh\u00e4ltlich sind und so fast beliebig skalierbar schnell, ohne gro\u00dfen baulichen Aufwand und f\u00fcr jede Grundfl\u00e4che eingesetzt werden k\u00f6nnen.<\/p>\n\n\n\n<h2 class=\"wp-block-heading\" id=\"die-kuhlen-robusten-balkonfliesen-aus-stein\">Die k\u00fchlen Robusten: Balkonfliesen aus Stein<\/h2>\n\n\n\n<p><strong>Naturstein<\/strong>\u00a0ist ein beliebtes Bodenmaterial f\u00fcr moderne und offene Architektur: Es wirkt k\u00fchl, aber nicht artifiziell, sehr elegant und stilvoll. Ob dezentes Anthrazit, Beige, Wei\u00df oder Terracotta, die Struktur der Oberfl\u00e4che verleiht dem Boden eine besondere Optik. Zwar ist ein Naturstein-Bodenbelag in der ersten Verlegung aufw\u00e4ndiger, da darunter eine Drainage (Kiesbett o.\u00e4.) angelegt werden sollte, um Staun\u00e4sse zu vermeiden. Daf\u00fcr bleibt er\u00a0<strong>dauerhaft best\u00e4ndig<\/strong>\u00a0und ver\u00e4ndert auch \u00fcber Jahre hinweg sein Aussehen nicht \u2013 ein zuverl\u00e4ssiger Balkonboden also, der Ihnen nach der Anschaffung wenig Arbeit macht.<\/p>\n\n\n\n<h2 class=\"wp-block-heading\" id=\"einfach-und-flexibel-balkonfliesen-aus-keramik\">Einfach und flexibel: Balkonfliesen aus Keramik<\/h2>\n\n\n\n<p><strong>Outdoor-Fliesen<\/strong>\u00a0bieten vielseitige Gestaltungsm\u00f6glichkeiten, da sie in zahlreichen unterschiedlichen Farben und Musterungen erh\u00e4ltlich sind. Sie sind vergleichsweise einfach zu verlegen, witterungsbest\u00e4ndig und dank der glatten Oberfl\u00e4che auch sehr gut zu reinigen.<\/p>\n\n\n\n<p>Eine besondere Form der Keramik ist das kompakte\u00a0<strong>Feinsteinzeug<\/strong>, welches dank seiner geringen Wasseraufnahme frostbest\u00e4ndig, sehr bruchfest und kaum por\u00f6s ist. Ein Balkonboden aus Feinsteinzeug wirkt schlicht, edel und hochwertig, und in der Form- und Farbgebung sind der gestalterischen Freiheit kaum Grenzen gesetzt.<\/p>\n\n\n\n<p><a href=\"https:\/\/www.leeb-balkone.com\/de\/anbaubalkone\/balkonboden-terrassenboden\/\">Balkonboden &amp; Terrassenboden<\/a>\u00a0von Leeb im \u00dcberblick.<\/p>\n<\/div><\/div><\/div><\/div>\n<\/section>\n\n<p><\/p>\n","protected":false},"excerpt":{"rendered":"<p>Hagel, Sturm, Sesselbeine und tierische Besucher: Ein Balkonboden muss so einiges an Abn\u00fctzung aushalten. Auch deshalb ist die Wahl der richtigen Bodenfliesen so wichtig und sollte gut \u00fcberlegt werden.<\/p>\n","protected":false},"author":3,"featured_media":12982,"comment_status":"closed","ping_status":"open","sticky":false,"template":"template-onepager.blade.php","format":"standard","meta":{"_acf_changed":false,"footnotes":""},"categories":[164,160,170,149,151,165,153],"tags":[],"post_folder":[],"class_list":["post-18966","post","type-post","status-publish","format-standard","has-post-thumbnail","hentry","category-balkonbau-mit-leeb","category-balkongestaltung","category-balkonmoebel","category-garten-und-pflanzen","category-gartengestaltung","category-technik-innovation","category-tipps-zur-balkongestaltung"],"acf":[],"yoast_head":"<!-- This site is optimized with the Yoast SEO plugin v27.2 - https:\/\/yoast.com\/product\/yoast-seo-wordpress\/ -->\n<title>Welcher Balkonboden ist der richtige? - Leeb Balkone Schweiz<\/title>\n<meta name=\"description\" content=\"Hagel, Sturm, Sesselbeine und tierische Besucher: Ein Balkonboden muss so einiges an Abn\u00fctzung aushalten. Auch deshalb ist die Wahl der richtigen Bodenfliesen so wichtig und sollte gut \u00fcberlegt werden.\" \/>\n<meta name=\"robots\" content=\"index, follow, max-snippet:-1, max-image-preview:large, max-video-preview:-1\" \/>\n<meta property=\"og:locale\" content=\"de_DE\" \/>\n<meta property=\"og:type\" content=\"article\" \/>\n<meta property=\"og:title\" content=\"Welcher Balkonboden ist der richtige? - Leeb Balkone\" \/>\n<meta property=\"og:description\" content=\"Hagel, Sturm, Sesselbeine und tierische Besucher: Ein Balkonboden muss so einiges an Abn\u00fctzung aushalten. Auch deshalb ist die Wahl der richtigen Bodenfliesen so wichtig und sollte gut \u00fcberlegt werden.\" \/>\n<meta property=\"og:url\" content=\"https:\/\/www.leeb-balkone.com\/ch\/blog\/welcher-balkonboden-ist-der-richtige\/\" \/>\n<meta property=\"og:site_name\" content=\"Leeb Balkone\" \/>\n<meta property=\"article:publisher\" content=\"https:\/\/www.facebook.com\/balkone\/\" \/>\n<meta property=\"article:published_time\" content=\"2016-05-19T07:21:36+00:00\" \/>\n<meta property=\"article:modified_time\" content=\"2025-09-22T20:37:50+00:00\" \/>\n<meta property=\"og:image\" content=\"https:\/\/www.leeb-balkone.com\/app\/uploads\/2020\/10\/balkongelaender-alu-design-casa-linea-3-scaled.jpg\" \/>\n\t<meta property=\"og:image:width\" content=\"2560\" \/>\n\t<meta property=\"og:image:height\" content=\"1361\" \/>\n\t<meta property=\"og:image:type\" content=\"image\/jpeg\" \/>\n<meta name=\"author\" content=\"jbacher\" \/>\n<meta name=\"twitter:card\" content=\"summary_large_image\" \/>\n<script type=\"application\/ld+json\" class=\"yoast-schema-graph\">{\"@context\":\"https:\/\/schema.org\",\"@graph\":[{\"@type\":\"Article\",\"@id\":\"https:\/\/www.leeb-balkone.com\/ch\/blog\/welcher-balkonboden-ist-der-richtige\/#article\",\"isPartOf\":{\"@id\":\"https:\/\/www.leeb-balkone.com\/ch\/blog\/welcher-balkonboden-ist-der-richtige\/\"},\"author\":{\"name\":\"jbacher\",\"@id\":\"https:\/\/www.leeb-balkone.com\/ch\/#\/schema\/person\/15f1f398efcf4703721e46c2136421fa\"},\"headline\":\"Welcher Balkonboden ist der richtige?\",\"datePublished\":\"2016-05-19T07:21:36+00:00\",\"dateModified\":\"2025-09-22T20:37:50+00:00\",\"mainEntityOfPage\":{\"@id\":\"https:\/\/www.leeb-balkone.com\/ch\/blog\/welcher-balkonboden-ist-der-richtige\/\"},\"wordCount\":550,\"publisher\":{\"@id\":\"https:\/\/www.leeb-balkone.com\/ch\/#organization\"},\"image\":{\"@id\":\"https:\/\/www.leeb-balkone.com\/ch\/blog\/welcher-balkonboden-ist-der-richtige\/#primaryimage\"},\"thumbnailUrl\":\"https:\/\/www.leeb-balkone.com\/app\/uploads\/2020\/10\/balkongelaender-alu-design-casa-linea-3-scaled.jpg\",\"articleSection\":[\"Balkonbau mit Leeb\",\"Balkongestaltung\",\"Balkonm\u00f6bel\",\"Garten und Pflanzen\",\"Gartengestaltung\",\"Technik &amp; Innovation\",\"Tipps zur Balkongestaltung\"],\"inLanguage\":\"de-CH\"},{\"@type\":\"WebPage\",\"@id\":\"https:\/\/www.leeb-balkone.com\/ch\/blog\/welcher-balkonboden-ist-der-richtige\/\",\"url\":\"https:\/\/www.leeb-balkone.com\/ch\/blog\/welcher-balkonboden-ist-der-richtige\/\",\"name\":\"Welcher Balkonboden ist der richtige? - Leeb Balkone\",\"isPartOf\":{\"@id\":\"https:\/\/www.leeb-balkone.com\/ch\/#website\"},\"primaryImageOfPage\":{\"@id\":\"https:\/\/www.leeb-balkone.com\/ch\/blog\/welcher-balkonboden-ist-der-richtige\/#primaryimage\"},\"image\":{\"@id\":\"https:\/\/www.leeb-balkone.com\/ch\/blog\/welcher-balkonboden-ist-der-richtige\/#primaryimage\"},\"thumbnailUrl\":\"https:\/\/www.leeb-balkone.com\/app\/uploads\/2020\/10\/balkongelaender-alu-design-casa-linea-3-scaled.jpg\",\"datePublished\":\"2016-05-19T07:21:36+00:00\",\"dateModified\":\"2025-09-22T20:37:50+00:00\",\"description\":\"Hagel, Sturm, Sesselbeine und tierische Besucher: Ein Balkonboden muss so einiges an Abn\u00fctzung aushalten. Auch deshalb ist die Wahl der richtigen Bodenfliesen so wichtig und sollte gut \u00fcberlegt werden.\",\"breadcrumb\":{\"@id\":\"https:\/\/www.leeb-balkone.com\/ch\/blog\/welcher-balkonboden-ist-der-richtige\/#breadcrumb\"},\"inLanguage\":\"de-CH\",\"potentialAction\":[{\"@type\":\"ReadAction\",\"target\":[\"https:\/\/www.leeb-balkone.com\/ch\/blog\/welcher-balkonboden-ist-der-richtige\/\"]}]},{\"@type\":\"ImageObject\",\"inLanguage\":\"de-CH\",\"@id\":\"https:\/\/www.leeb-balkone.com\/ch\/blog\/welcher-balkonboden-ist-der-richtige\/#primaryimage\",\"url\":\"https:\/\/www.leeb-balkone.com\/app\/uploads\/2020\/10\/balkongelaender-alu-design-casa-linea-3-scaled.jpg\",\"contentUrl\":\"https:\/\/www.leeb-balkone.com\/app\/uploads\/2020\/10\/balkongelaender-alu-design-casa-linea-3-scaled.jpg\",\"width\":2560,\"height\":1361,\"caption\":\"Die Wahl des richtigen Balkonbodens macht den Balkon komplett\"},{\"@type\":\"BreadcrumbList\",\"@id\":\"https:\/\/www.leeb-balkone.com\/ch\/blog\/welcher-balkonboden-ist-der-richtige\/#breadcrumb\",\"itemListElement\":[{\"@type\":\"ListItem\",\"position\":1,\"name\":\"Home\",\"item\":\"https:\/\/www.leeb-balkone.com\/ch\/\"},{\"@type\":\"ListItem\",\"position\":2,\"name\":\"Welcher Balkonboden ist der richtige?\"}]},{\"@type\":\"WebSite\",\"@id\":\"https:\/\/www.leeb-balkone.com\/ch\/#website\",\"url\":\"https:\/\/www.leeb-balkone.com\/ch\/\",\"name\":\"Leeb Balkone\",\"description\":\"Balkone und Z\u00e4une\",\"publisher\":{\"@id\":\"https:\/\/www.leeb-balkone.com\/ch\/#organization\"},\"potentialAction\":[{\"@type\":\"SearchAction\",\"target\":{\"@type\":\"EntryPoint\",\"urlTemplate\":\"https:\/\/www.leeb-balkone.com\/ch\/?s={search_term_string}\"},\"query-input\":{\"@type\":\"PropertyValueSpecification\",\"valueRequired\":true,\"valueName\":\"search_term_string\"}}],\"inLanguage\":\"de-CH\"},{\"@type\":\"Organization\",\"@id\":\"https:\/\/www.leeb-balkone.com\/ch\/#organization\",\"name\":\"Leeb Balkone Gmbh\",\"url\":\"https:\/\/www.leeb-balkone.com\/ch\/\",\"logo\":{\"@type\":\"ImageObject\",\"inLanguage\":\"de-CH\",\"@id\":\"https:\/\/www.leeb-balkone.com\/ch\/#\/schema\/logo\/image\/\",\"url\":\"https:\/\/www.leeb-balkone.com\/app\/uploads\/2020\/11\/leeb-logo.svg\",\"contentUrl\":\"https:\/\/www.leeb-balkone.com\/app\/uploads\/2020\/11\/leeb-logo.svg\",\"width\":741,\"height\":204,\"caption\":\"Leeb Balkone Gmbh\"},\"image\":{\"@id\":\"https:\/\/www.leeb-balkone.com\/ch\/#\/schema\/logo\/image\/\"},\"sameAs\":[\"https:\/\/www.facebook.com\/balkone\/\",\"https:\/\/www.trustedshops.at\/bewertung\/info_X4587CCF5833E31AFE0B11F47D86999F2.html\",\"https:\/\/www.trustedshops.de\/bewertung\/info_X7BA536A7A0BDC86D36C4718E4DCAEEEF.html\",\"https:\/\/www.google.com\/maps\/place\/?q=place_id:ChIJ5-zH19-IcEcR9HonWRTllHI\"]},{\"@type\":\"Person\",\"@id\":\"https:\/\/www.leeb-balkone.com\/ch\/#\/schema\/person\/15f1f398efcf4703721e46c2136421fa\",\"name\":\"jbacher\"}]}<\/script>\n<!-- \/ Yoast SEO plugin. -->","yoast_head_json":{"title":"Welcher Balkonboden ist der richtige? - Leeb Balkone Schweiz","description":"Hagel, Sturm, Sesselbeine und tierische Besucher: Ein Balkonboden muss so einiges an Abn\u00fctzung aushalten. Auch deshalb ist die Wahl der richtigen Bodenfliesen so wichtig und sollte gut \u00fcberlegt werden.","robots":{"index":"index","follow":"follow","max-snippet":"max-snippet:-1","max-image-preview":"max-image-preview:large","max-video-preview":"max-video-preview:-1"},"og_locale":"de_DE","og_type":"article","og_title":"Welcher Balkonboden ist der richtige? - Leeb Balkone","og_description":"Hagel, Sturm, Sesselbeine und tierische Besucher: Ein Balkonboden muss so einiges an Abn\u00fctzung aushalten. Auch deshalb ist die Wahl der richtigen Bodenfliesen so wichtig und sollte gut \u00fcberlegt werden.","og_url":"https:\/\/www.leeb-balkone.com\/ch\/blog\/welcher-balkonboden-ist-der-richtige\/","og_site_name":"Leeb Balkone","article_publisher":"https:\/\/www.facebook.com\/balkone\/","article_published_time":"2016-05-19T07:21:36+00:00","article_modified_time":"2025-09-22T20:37:50+00:00","og_image":[{"width":2560,"height":1361,"url":"https:\/\/www.leeb-balkone.com\/app\/uploads\/2020\/10\/balkongelaender-alu-design-casa-linea-3-scaled.jpg","type":"image\/jpeg"}],"author":"jbacher","twitter_card":"summary_large_image","schema":{"@context":"https:\/\/schema.org","@graph":[{"@type":"Article","@id":"https:\/\/www.leeb-balkone.com\/ch\/blog\/welcher-balkonboden-ist-der-richtige\/#article","isPartOf":{"@id":"https:\/\/www.leeb-balkone.com\/ch\/blog\/welcher-balkonboden-ist-der-richtige\/"},"author":{"name":"jbacher","@id":"https:\/\/www.leeb-balkone.com\/ch\/#\/schema\/person\/15f1f398efcf4703721e46c2136421fa"},"headline":"Welcher Balkonboden ist der richtige?","datePublished":"2016-05-19T07:21:36+00:00","dateModified":"2025-09-22T20:37:50+00:00","mainEntityOfPage":{"@id":"https:\/\/www.leeb-balkone.com\/ch\/blog\/welcher-balkonboden-ist-der-richtige\/"},"wordCount":550,"publisher":{"@id":"https:\/\/www.leeb-balkone.com\/ch\/#organization"},"image":{"@id":"https:\/\/www.leeb-balkone.com\/ch\/blog\/welcher-balkonboden-ist-der-richtige\/#primaryimage"},"thumbnailUrl":"https:\/\/www.leeb-balkone.com\/app\/uploads\/2020\/10\/balkongelaender-alu-design-casa-linea-3-scaled.jpg","articleSection":["Balkonbau mit Leeb","Balkongestaltung","Balkonm\u00f6bel","Garten und Pflanzen","Gartengestaltung","Technik &amp; Innovation","Tipps zur Balkongestaltung"],"inLanguage":"de-CH"},{"@type":"WebPage","@id":"https:\/\/www.leeb-balkone.com\/ch\/blog\/welcher-balkonboden-ist-der-richtige\/","url":"https:\/\/www.leeb-balkone.com\/ch\/blog\/welcher-balkonboden-ist-der-richtige\/","name":"Welcher Balkonboden ist der richtige? - Leeb Balkone","isPartOf":{"@id":"https:\/\/www.leeb-balkone.com\/ch\/#website"},"primaryImageOfPage":{"@id":"https:\/\/www.leeb-balkone.com\/ch\/blog\/welcher-balkonboden-ist-der-richtige\/#primaryimage"},"image":{"@id":"https:\/\/www.leeb-balkone.com\/ch\/blog\/welcher-balkonboden-ist-der-richtige\/#primaryimage"},"thumbnailUrl":"https:\/\/www.leeb-balkone.com\/app\/uploads\/2020\/10\/balkongelaender-alu-design-casa-linea-3-scaled.jpg","datePublished":"2016-05-19T07:21:36+00:00","dateModified":"2025-09-22T20:37:50+00:00","description":"Hagel, Sturm, Sesselbeine und tierische Besucher: Ein Balkonboden muss so einiges an Abn\u00fctzung aushalten. Auch deshalb ist die Wahl der richtigen Bodenfliesen so wichtig und sollte gut \u00fcberlegt werden.","breadcrumb":{"@id":"https:\/\/www.leeb-balkone.com\/ch\/blog\/welcher-balkonboden-ist-der-richtige\/#breadcrumb"},"inLanguage":"de-CH","potentialAction":[{"@type":"ReadAction","target":["https:\/\/www.leeb-balkone.com\/ch\/blog\/welcher-balkonboden-ist-der-richtige\/"]}]},{"@type":"ImageObject","inLanguage":"de-CH","@id":"https:\/\/www.leeb-balkone.com\/ch\/blog\/welcher-balkonboden-ist-der-richtige\/#primaryimage","url":"https:\/\/www.leeb-balkone.com\/app\/uploads\/2020\/10\/balkongelaender-alu-design-casa-linea-3-scaled.jpg","contentUrl":"https:\/\/www.leeb-balkone.com\/app\/uploads\/2020\/10\/balkongelaender-alu-design-casa-linea-3-scaled.jpg","width":2560,"height":1361,"caption":"Die Wahl des richtigen Balkonbodens macht den Balkon komplett"},{"@type":"BreadcrumbList","@id":"https:\/\/www.leeb-balkone.com\/ch\/blog\/welcher-balkonboden-ist-der-richtige\/#breadcrumb","itemListElement":[{"@type":"ListItem","position":1,"name":"Home","item":"https:\/\/www.leeb-balkone.com\/ch\/"},{"@type":"ListItem","position":2,"name":"Welcher Balkonboden ist der richtige?"}]},{"@type":"WebSite","@id":"https:\/\/www.leeb-balkone.com\/ch\/#website","url":"https:\/\/www.leeb-balkone.com\/ch\/","name":"Leeb Balkone","description":"Balkone und Z\u00e4une","publisher":{"@id":"https:\/\/www.leeb-balkone.com\/ch\/#organization"},"potentialAction":[{"@type":"SearchAction","target":{"@type":"EntryPoint","urlTemplate":"https:\/\/www.leeb-balkone.com\/ch\/?s={search_term_string}"},"query-input":{"@type":"PropertyValueSpecification","valueRequired":true,"valueName":"search_term_string"}}],"inLanguage":"de-CH"},{"@type":"Organization","@id":"https:\/\/www.leeb-balkone.com\/ch\/#organization","name":"Leeb Balkone Gmbh","url":"https:\/\/www.leeb-balkone.com\/ch\/","logo":{"@type":"ImageObject","inLanguage":"de-CH","@id":"https:\/\/www.leeb-balkone.com\/ch\/#\/schema\/logo\/image\/","url":"https:\/\/www.leeb-balkone.com\/app\/uploads\/2020\/11\/leeb-logo.svg","contentUrl":"https:\/\/www.leeb-balkone.com\/app\/uploads\/2020\/11\/leeb-logo.svg","width":741,"height":204,"caption":"Leeb Balkone Gmbh"},"image":{"@id":"https:\/\/www.leeb-balkone.com\/ch\/#\/schema\/logo\/image\/"},"sameAs":["https:\/\/www.facebook.com\/balkone\/","https:\/\/www.trustedshops.at\/bewertung\/info_X4587CCF5833E31AFE0B11F47D86999F2.html","https:\/\/www.trustedshops.de\/bewertung\/info_X7BA536A7A0BDC86D36C4718E4DCAEEEF.html","https:\/\/www.google.com\/maps\/place\/?q=place_id:ChIJ5-zH19-IcEcR9HonWRTllHI"]},{"@type":"Person","@id":"https:\/\/www.leeb-balkone.com\/ch\/#\/schema\/person\/15f1f398efcf4703721e46c2136421fa","name":"jbacher"}]}},"_links":{"self":[{"href":"https:\/\/www.leeb-balkone.com\/ch\/wp-json\/wp\/v2\/posts\/18966","targetHints":{"allow":["GET"]}}],"collection":[{"href":"https:\/\/www.leeb-balkone.com\/ch\/wp-json\/wp\/v2\/posts"}],"about":[{"href":"https:\/\/www.leeb-balkone.com\/ch\/wp-json\/wp\/v2\/types\/post"}],"author":[{"embeddable":true,"href":"https:\/\/www.leeb-balkone.com\/ch\/wp-json\/wp\/v2\/users\/3"}],"replies":[{"embeddable":true,"href":"https:\/\/www.leeb-balkone.com\/ch\/wp-json\/wp\/v2\/comments?post=18966"}],"version-history":[{"count":3,"href":"https:\/\/www.leeb-balkone.com\/ch\/wp-json\/wp\/v2\/posts\/18966\/revisions"}],"predecessor-version":[{"id":157119,"href":"https:\/\/www.leeb-balkone.com\/ch\/wp-json\/wp\/v2\/posts\/18966\/revisions\/157119"}],"wp:featuredmedia":[{"embeddable":true,"href":"https:\/\/www.leeb-balkone.com\/ch\/wp-json\/wp\/v2\/media\/12982"}],"wp:attachment":[{"href":"https:\/\/www.leeb-balkone.com\/ch\/wp-json\/wp\/v2\/media?parent=18966"}],"wp:term":[{"taxonomy":"category","embeddable":true,"href":"https:\/\/www.leeb-balkone.com\/ch\/wp-json\/wp\/v2\/categories?post=18966"},{"taxonomy":"post_tag","embeddable":true,"href":"https:\/\/www.leeb-balkone.com\/ch\/wp-json\/wp\/v2\/tags?post=18966"},{"taxonomy":"post_folder","embeddable":true,"href":"https:\/\/www.leeb-balkone.com\/ch\/wp-json\/wp\/v2\/post_folder?post=18966"}],"curies":[{"name":"wp","href":"https:\/\/api.w.org\/{rel}","templated":true}]}}