{"id":18940,"date":"2018-03-09T09:36:41","date_gmt":"2018-03-09T09:36:41","guid":{"rendered":"https:\/\/www.leeb-balkone.com\/de\/blog\/postdummy-2-2-3-2-2-2-4\/"},"modified":"2023-01-16T16:41:13","modified_gmt":"2023-01-16T16:41:13","slug":"sehnsucht-nach-fruehling-deko-ideen-fuer-ostern","status":"publish","type":"post","link":"https:\/\/www.leeb-balkone.com\/ch\/blog\/sehnsucht-nach-fruehling-deko-ideen-fuer-ostern\/","title":{"rendered":"Sehnsucht nach Fr\u00fchling \u2013 Deko-Ideen f\u00fcr Ostern"},"content":{"rendered":"<header data-block_a0921e92bcd079c571b056122858d9f4 class=\"c-fh  l-mh-small c-fh--hero c-grad-l2r c-fh--div none\">\n      <img loading=\"lazy\" decoding=\"async\" width=\"2560\" height=\"1709\" src=\"https:\/\/www.leeb-balkone.com\/app\/uploads\/2020\/10\/suesser-osterhase-scaled.jpg\" class=\"no-lazy\" alt=\"suesser osterhase\" srcset=\"https:\/\/www.leeb-balkone.com\/app\/uploads\/2020\/10\/suesser-osterhase-scaled.jpg 2560w, https:\/\/www.leeb-balkone.com\/app\/uploads\/2020\/10\/suesser-osterhase-300x200.jpg 300w, https:\/\/www.leeb-balkone.com\/app\/uploads\/2020\/10\/suesser-osterhase-1024x684.jpg 1024w, https:\/\/www.leeb-balkone.com\/app\/uploads\/2020\/10\/suesser-osterhase-768x513.jpg 768w, https:\/\/www.leeb-balkone.com\/app\/uploads\/2020\/10\/suesser-osterhase-1536x1025.jpg 1536w, https:\/\/www.leeb-balkone.com\/app\/uploads\/2020\/10\/suesser-osterhase-2048x1367.jpg 2048w\" sizes=\"auto, (min-width: 1536px) 2048px, (min-width: 992px) 1536px, (min-width: 768px) 1024px, (min-width: 576px) 768px, 100vw\" \/>\n\n\n<div class=\"grid-container\">\n  <div class=\"grid-x\">\n    <div class=\"cell small-12 medium-6 medium-offset-1\">\n      <div class=\"c-fh__wrapper\">\n              <\/div>\n    <\/div>\n  <\/div>\n<\/div>\n  \n    \n    <\/header>\n\n\n  \n  <section class=\"wp-block-group alignfull t3-header u-max-wide t3-header-text has-white-background-color has-background has-global-padding is-layout-constrained wp-block-group-is-layout-constrained\">\n    <div class=\"wp-block-group o-grid u-md-1 u-sm-1 is-layout-flow wp-block-group-is-layout-flow\">\n  <div class=\"wp-block-group u-g-10 u-g-s-2\">\n      <div class=\"yoast-breadcrumbs\"><span><span><a href=\"https:\/\/www.leeb-balkone.com\/ch\/\">Home<\/a><\/span><\/span><\/div>\n      \n    <h1>Sehnsucht nach Fr\u00fchling \u2013 Deko-Ideen f\u00fcr Ostern<\/h1>\n  <\/div>\n<\/div>\n  <\/section>\n\n\n\n\n\n\n<section class=\"wp-block-cgb-t3-section-block alignfull b-pt-small  is-style-bg-white\" style=\"display:inherit;min-height:inherit\">\n<div class=\"wp-block-cgb-t3-container-block none\" style=\"background-color:none\"><div class=\"grid-container\"><div class=\"grid-x\"><div class=\"cell small-12 medium-9 large-0 medium-offset-1 b-has-lsmb\">\n<p>Der heurige Winter hat uns schon fest im Griff und umso mehr sehnen wir uns nach den ersten Fr\u00fchlingsblumen, gr\u00fcnen Wiesen und ein paar Sonnenstrahlen. Mit tollen Deko-Ideen k\u00f6nnen wir uns den Fr\u00fchling ins Haus holen und die Osterzeit im Kreise der Familie genie\u00dfen. Oder sollten wir heuer die Ostereier im Schnee verstecken?<\/p>\n<\/div><\/div><\/div><\/div>\n\n\n\n<div class=\"wp-block-cgb-t3-container-block none\" style=\"background-color:none\"><div class=\"grid-container\"><div class=\"grid-x\"><div class=\"cell small-12 medium-0 large-0\"><div id=\"lightgallery-block_57062e07916197372f8738df4726aa83\" data-block_57062e07916197372f8738df4726aa83 class=\"has-1-imgs b-cards b-cards--gallery u-grid-temp has-1-cols u-md-2 u-sm-1 wp-block-group is-layout-grid wp-block-group-is-layout-grid gallery alignwide\">\n\n        <div class=\"b-cards__item\">\n\n        \n      <figure>\n                 <img loading=\"lazy\" decoding=\"async\" width=\"1536\" height=\"1024\" src=\"https:\/\/www.leeb-balkone.com\/app\/uploads\/2020\/10\/osterdeko-fuer-daheim-1-1536x1024.jpg\" class=\"attachment-1536x1536 size-1536x1536\" alt=\"osterdeko fuer daheim 1\" srcset=\"https:\/\/www.leeb-balkone.com\/app\/uploads\/2020\/10\/osterdeko-fuer-daheim-1-1536x1024.jpg 1536w, https:\/\/www.leeb-balkone.com\/app\/uploads\/2020\/10\/osterdeko-fuer-daheim-1-300x200.jpg 300w, https:\/\/www.leeb-balkone.com\/app\/uploads\/2020\/10\/osterdeko-fuer-daheim-1-1024x683.jpg 1024w, https:\/\/www.leeb-balkone.com\/app\/uploads\/2020\/10\/osterdeko-fuer-daheim-1-768x512.jpg 768w, https:\/\/www.leeb-balkone.com\/app\/uploads\/2020\/10\/osterdeko-fuer-daheim-1-2048x1366.jpg 2048w\" sizes=\"auto, (min-width: 1200px) 100vw, (min-width: 1024px) 1536px, (min-width: 640px) 768px, 768px\" \/>              <\/figure>\n\n                  \n  \n<\/div>\n\n    <\/div>\n\n<\/div><\/div><\/div><\/div>\n\n\n\n<div class=\"wp-block-cgb-t3-container-block none\" style=\"background-color:none\"><div class=\"grid-container\"><div class=\"grid-x\"><div class=\"cell small-12 medium-9 large-0 medium-offset-1 b-has-lsmb\">\n<h2 class=\"wp-block-heading\">Der klassische Osterstrauch<\/h2>\n\n\n\n<p>Palmk\u00e4tzchen geh\u00f6ren zu jeder Oster-Deko und besonders im alpenl\u00e4ndischen Raum ist der Osterstrauch, geschm\u00fcckt mit bunten Ostereiern, eine traditionelle Dekoration. Damit auch ein bisschen Farbe ins Spiel kommt, kann man erste Fr\u00fchlingsbl\u00fcher dazugeben. Am besten eignen sich Forsythien mit ihren gelben Bl\u00fcten. Doch der heurige Fr\u00fchling l\u00e4sst noch auf sich warten und aufgrund der winterlichen Temperaturen und der dicken Schneedecke in vielen Gebieten, findet man Palmzweige und die ersten Fr\u00fchlingsbl\u00fcher nur schwer. Wer auf den Osterstrauch dennoch nicht verzichten m\u00f6chte, kann auch Zweige von der Korkenzieher-Hasel verwenden. Entweder gibt man diese in eine gro\u00dfe Vase, oder man h\u00e4ngt die Zweige mit einer Fischerschnur auf und schm\u00fcckt sie dann mit Ostereiern. Der aufgeh\u00e4ngte Zweig kommt besonders in hohen R\u00e4umen oder im Stiegenhaus gut zur Geltung.<\/p>\n\n\n\n<h2 class=\"wp-block-heading\">Ostereier nat\u00fcrlich f\u00e4rben<\/h2>\n\n\n\n<p>Selbstverst\u00e4ndlich kann man die Ostereier fix fertig im Gesch\u00e4ft kaufen, aber es macht viel mehr Spa\u00df diese selber zu f\u00e4rben. Egal ob rot, gr\u00fcn, blau, gelb oder marmoriert \u2013 Eierfarbe gibt in en masse zu kaufen. Dabei kann man Ostereiger ganz einfach mit nat\u00fcrlichen Materialien f\u00e4rben. Viele Tees und Gem\u00fcsesorten eignen sich sehr gut dazu. Die Farbe ist zwar nicht so kr\u00e4ftig, aber daf\u00fcr frei von k\u00fcnstlichen Farbstoffen.<\/p>\n\n\n\n<p>Je nachdem welche Farben Sie m\u00f6chten, k\u00f6nnen verschiedene Materialien verwendet werden. Rote R\u00fcben f\u00e4rben die Eiter violett, Spinat gr\u00fcn und Zwiebelschalen gelblich. Aus frischen Pflanzen kann der Farbsud gleich herstellt werden. Manche Substanzen wie Rinde, oder getrocknete Beeren m\u00fcssen vorher 1-2 Tage eingeweicht werden. Der Farbsud sollte immer 30-40 Minuten kochen. Danach die hart gekochten Eier eine halbe Stunde darin ziehen lassen. M\u00f6chte man die Eier verzieren, kann man Kr\u00e4uter, Efeu, oder Blumen auf das Ei legen und mit einem Strumpf fixieren. Nach dem F\u00e4rben erkennt man den Abdruck der Pflanzen.<\/p>\n<\/div><\/div><\/div><\/div>\n\n\n\n<div class=\"wp-block-cgb-t3-container-block none\" style=\"background-color:none\"><div class=\"grid-container\"><div class=\"grid-x\"><div class=\"cell small-12 medium-0 large-0\"><div id=\"lightgallery-block_06afe99de82f60031e3dafc397047a4e\" data-block_06afe99de82f60031e3dafc397047a4e class=\"has-1-imgs b-cards b-cards--gallery u-grid-temp has-1-cols u-md-2 u-sm-1 wp-block-group is-layout-grid wp-block-group-is-layout-grid gallery alignwide\">\n\n        <div class=\"b-cards__item\">\n\n        \n      <figure>\n                 <img loading=\"lazy\" decoding=\"async\" width=\"1200\" height=\"800\" src=\"https:\/\/www.leeb-balkone.com\/app\/uploads\/2020\/10\/ostereier-faerben-blog.jpg\" class=\"attachment-1536x1536 size-1536x1536\" alt=\"ostereier faerben blog\" srcset=\"https:\/\/www.leeb-balkone.com\/app\/uploads\/2020\/10\/ostereier-faerben-blog-300x200.jpg 300w, https:\/\/www.leeb-balkone.com\/app\/uploads\/2020\/10\/ostereier-faerben-blog-1024x683.jpg 1024w, https:\/\/www.leeb-balkone.com\/app\/uploads\/2020\/10\/ostereier-faerben-blog-768x512.jpg 768w\" sizes=\"auto, (min-width: 1200px) 100vw, (min-width: 1024px) 1536px, (min-width: 640px) 768px, 768px\" \/>              <\/figure>\n\n                  \n  \n<\/div>\n\n    <\/div>\n\n<\/div><\/div><\/div><\/div>\n\n\n\n<div class=\"wp-block-cgb-t3-container-block none\" style=\"background-color:none\"><div class=\"grid-container\"><div class=\"grid-x\"><div class=\"cell small-12 medium-9 large-0 medium-offset-1 b-has-lsmb\">\n<h2 class=\"wp-block-heading\">Tischdeko f\u00fcrs Osterfest<\/h2>\n\n\n\n<p>Damit Sie die Osterfeiertage mit Ihrer Familie geb\u00fchrend feiern k\u00f6nnen, geh\u00f6rt eine ansprechende Tischdekoration einfach dazu. Neben frischen Fr\u00fchlingsblumen und sch\u00f6n gef\u00e4rbten Ostereiern, kann man auch beim Aufdecken so einige Deko-Elemente einbauen, die gro\u00dfe Wirkung erzeugen. Zum Beispiel bei Servietten gibt es einige Falt-Techniken, die jedermann anwenden kann. Am einfachsten und am effektivsten ist der Serviettenhase. Dazu ben\u00f6tigt man ein hartgekochtes Osterei und eine Serviette, die einmal als Dreieck und dann zu einem Schmalen Band gefaltet wird. Anschlie\u00dfend die Serviette um das Ei legen und mit einem Bastband zusammenbinden, so dass Hasenohren entstehen. Je nach belieben kann man dem Ei noch ein nettes Gesicht mit Edding malen. Entweder legt man das Serviettenh\u00e4schen aufs Teller oder man gibt es in einen Eierbecher oder in einen kleinen Tontopf.<\/p>\n\n\n\n<h2 class=\"wp-block-heading\">Blumenvase aus Ostereiern<\/h2>\n\n\n\n<p>Wenn ein Osterei vom Strauch f\u00e4llt und kaputtgeht \u2013 nicht wegwerfen. Man kann es noch f\u00fcr die Tischdeko verwenden. Idealerweise sollte das ausgeblasene Ei nur an einem Ende ge\u00f6ffnet sein, damit man etwas Wasser reingeben kann. Damit es auch gerade steht kann man es in einen Eierbecher geben oder mehrere Eier in einen bemalten Eierkarton. Das Ei nun mit frischen Wiesenblumen \u2013 falls vorhanden \u2013 oder mit Tulpen oder Rosen aus der G\u00e4rtnerei bef\u00fcllen. Es schaut edel aus und kann ganz einfach selbst hergestellt werden.<\/p>\n<\/div><\/div><\/div><\/div>\n\n\n\n<div class=\"wp-block-cgb-t3-container-block none\" style=\"background-color:none\"><div class=\"grid-container\"><div class=\"grid-x\"><div class=\"cell small-12 medium-0 large-0\"><div id=\"lightgallery-block_483761e88d33821ec13087709cbbc0b0\" data-block_483761e88d33821ec13087709cbbc0b0 class=\"has-1-imgs b-cards b-cards--gallery u-grid-temp has-1-cols u-md-2 u-sm-1 wp-block-group is-layout-grid wp-block-group-is-layout-grid gallery alignwide\">\n\n        <div class=\"b-cards__item\">\n\n        \n      <figure>\n                 <img loading=\"lazy\" decoding=\"async\" width=\"1200\" height=\"800\" src=\"https:\/\/www.leeb-balkone.com\/app\/uploads\/2020\/10\/osterei-vase-blog.jpg\" class=\"attachment-1536x1536 size-1536x1536\" alt=\"osterei vase blog\" srcset=\"https:\/\/www.leeb-balkone.com\/app\/uploads\/2020\/10\/osterei-vase-blog-300x200.jpg 300w, https:\/\/www.leeb-balkone.com\/app\/uploads\/2020\/10\/osterei-vase-blog-1024x683.jpg 1024w, https:\/\/www.leeb-balkone.com\/app\/uploads\/2020\/10\/osterei-vase-blog-768x512.jpg 768w\" sizes=\"auto, (min-width: 1200px) 100vw, (min-width: 1024px) 1536px, (min-width: 640px) 768px, 768px\" \/>              <\/figure>\n\n                  \n  \n<\/div>\n\n    <\/div>\n\n<\/div><\/div><\/div><\/div>\n<\/section>\n\n\n\n<p><\/p>\n","protected":false},"excerpt":{"rendered":"<p>Ostereiersuche im Schnee? Mit ein paar Deko-Elementen kann man sich den Fr\u00fchling einfach ins Haus holen. Was auf keinem Fall fehlen darf: der klassische Osterstrauch!<\/p>\n","protected":false},"author":3,"featured_media":12754,"comment_status":"closed","ping_status":"open","sticky":false,"template":"template-onepager.blade.php","format":"standard","meta":{"_acf_changed":false,"footnotes":""},"categories":[156,157],"tags":[],"post_folder":[],"class_list":["post-18940","post","type-post","status-publish","format-standard","has-post-thumbnail","hentry","category-feng-shui-co","category-nachhaltigkeit-oekologie"],"acf":[],"yoast_head":"<!-- This site is optimized with the Yoast SEO plugin v27.2 - https:\/\/yoast.com\/product\/yoast-seo-wordpress\/ -->\n<title>Sehnsucht nach Fr\u00fchling \u2013 Deko-Ideen f\u00fcr Ostern - Leeb Balkone Schweiz<\/title>\n<meta name=\"description\" content=\"Ostereiersuche im Schnee? Mit ein paar Deko-Elementen kann man sich den Fr\u00fchling einfach ins Haus holen. Was auf keinem Fall fehlen darf: der klassische Osterstrauch!\" \/>\n<meta name=\"robots\" content=\"index, follow, max-snippet:-1, max-image-preview:large, max-video-preview:-1\" \/>\n<meta property=\"og:locale\" content=\"de_DE\" \/>\n<meta property=\"og:type\" content=\"article\" \/>\n<meta property=\"og:title\" content=\"Sehnsucht nach Fr\u00fchling \u2013 Deko-Ideen f\u00fcr Ostern - Leeb Balkone\" \/>\n<meta property=\"og:description\" content=\"Ostereiersuche im Schnee? Mit ein paar Deko-Elementen kann man sich den Fr\u00fchling einfach ins Haus holen. Was auf keinem Fall fehlen darf: der klassische Osterstrauch!\" \/>\n<meta property=\"og:url\" content=\"https:\/\/www.leeb-balkone.com\/ch\/blog\/sehnsucht-nach-fruehling-deko-ideen-fuer-ostern\/\" \/>\n<meta property=\"og:site_name\" content=\"Leeb Balkone\" \/>\n<meta property=\"article:publisher\" content=\"https:\/\/www.facebook.com\/balkone\/\" \/>\n<meta property=\"article:published_time\" content=\"2018-03-09T09:36:41+00:00\" \/>\n<meta property=\"article:modified_time\" content=\"2023-01-16T16:41:13+00:00\" \/>\n<meta property=\"og:image\" content=\"https:\/\/www.leeb-balkone.com\/app\/uploads\/2020\/10\/suesser-osterhase-scaled.jpg\" \/>\n\t<meta property=\"og:image:width\" content=\"2560\" \/>\n\t<meta property=\"og:image:height\" content=\"1709\" \/>\n\t<meta property=\"og:image:type\" content=\"image\/jpeg\" \/>\n<meta name=\"author\" content=\"jbacher\" \/>\n<meta name=\"twitter:card\" content=\"summary_large_image\" \/>\n<script type=\"application\/ld+json\" class=\"yoast-schema-graph\">{\"@context\":\"https:\/\/schema.org\",\"@graph\":[{\"@type\":\"Article\",\"@id\":\"https:\/\/www.leeb-balkone.com\/ch\/blog\/sehnsucht-nach-fruehling-deko-ideen-fuer-ostern\/#article\",\"isPartOf\":{\"@id\":\"https:\/\/www.leeb-balkone.com\/ch\/blog\/sehnsucht-nach-fruehling-deko-ideen-fuer-ostern\/\"},\"author\":{\"name\":\"jbacher\",\"@id\":\"https:\/\/www.leeb-balkone.com\/ch\/#\/schema\/person\/15f1f398efcf4703721e46c2136421fa\"},\"headline\":\"Sehnsucht nach Fr\u00fchling \u2013 Deko-Ideen f\u00fcr Ostern\",\"datePublished\":\"2018-03-09T09:36:41+00:00\",\"dateModified\":\"2023-01-16T16:41:13+00:00\",\"mainEntityOfPage\":{\"@id\":\"https:\/\/www.leeb-balkone.com\/ch\/blog\/sehnsucht-nach-fruehling-deko-ideen-fuer-ostern\/\"},\"wordCount\":622,\"publisher\":{\"@id\":\"https:\/\/www.leeb-balkone.com\/ch\/#organization\"},\"image\":{\"@id\":\"https:\/\/www.leeb-balkone.com\/ch\/blog\/sehnsucht-nach-fruehling-deko-ideen-fuer-ostern\/#primaryimage\"},\"thumbnailUrl\":\"https:\/\/www.leeb-balkone.com\/app\/uploads\/2020\/10\/suesser-osterhase-scaled.jpg\",\"articleSection\":[\"Feng Shui &amp; Co\",\"Nachhaltigkeit &amp; \u00d6kologie\"],\"inLanguage\":\"de-CH\"},{\"@type\":\"WebPage\",\"@id\":\"https:\/\/www.leeb-balkone.com\/ch\/blog\/sehnsucht-nach-fruehling-deko-ideen-fuer-ostern\/\",\"url\":\"https:\/\/www.leeb-balkone.com\/ch\/blog\/sehnsucht-nach-fruehling-deko-ideen-fuer-ostern\/\",\"name\":\"Sehnsucht nach Fr\u00fchling \u2013 Deko-Ideen f\u00fcr Ostern - Leeb Balkone\",\"isPartOf\":{\"@id\":\"https:\/\/www.leeb-balkone.com\/ch\/#website\"},\"primaryImageOfPage\":{\"@id\":\"https:\/\/www.leeb-balkone.com\/ch\/blog\/sehnsucht-nach-fruehling-deko-ideen-fuer-ostern\/#primaryimage\"},\"image\":{\"@id\":\"https:\/\/www.leeb-balkone.com\/ch\/blog\/sehnsucht-nach-fruehling-deko-ideen-fuer-ostern\/#primaryimage\"},\"thumbnailUrl\":\"https:\/\/www.leeb-balkone.com\/app\/uploads\/2020\/10\/suesser-osterhase-scaled.jpg\",\"datePublished\":\"2018-03-09T09:36:41+00:00\",\"dateModified\":\"2023-01-16T16:41:13+00:00\",\"description\":\"Ostereiersuche im Schnee? Mit ein paar Deko-Elementen kann man sich den Fr\u00fchling einfach ins Haus holen. Was auf keinem Fall fehlen darf: der klassische Osterstrauch!\",\"breadcrumb\":{\"@id\":\"https:\/\/www.leeb-balkone.com\/ch\/blog\/sehnsucht-nach-fruehling-deko-ideen-fuer-ostern\/#breadcrumb\"},\"inLanguage\":\"de-CH\",\"potentialAction\":[{\"@type\":\"ReadAction\",\"target\":[\"https:\/\/www.leeb-balkone.com\/ch\/blog\/sehnsucht-nach-fruehling-deko-ideen-fuer-ostern\/\"]}]},{\"@type\":\"ImageObject\",\"inLanguage\":\"de-CH\",\"@id\":\"https:\/\/www.leeb-balkone.com\/ch\/blog\/sehnsucht-nach-fruehling-deko-ideen-fuer-ostern\/#primaryimage\",\"url\":\"https:\/\/www.leeb-balkone.com\/app\/uploads\/2020\/10\/suesser-osterhase-scaled.jpg\",\"contentUrl\":\"https:\/\/www.leeb-balkone.com\/app\/uploads\/2020\/10\/suesser-osterhase-scaled.jpg\",\"width\":2560,\"height\":1709},{\"@type\":\"BreadcrumbList\",\"@id\":\"https:\/\/www.leeb-balkone.com\/ch\/blog\/sehnsucht-nach-fruehling-deko-ideen-fuer-ostern\/#breadcrumb\",\"itemListElement\":[{\"@type\":\"ListItem\",\"position\":1,\"name\":\"Home\",\"item\":\"https:\/\/www.leeb-balkone.com\/ch\/\"},{\"@type\":\"ListItem\",\"position\":2,\"name\":\"Sehnsucht nach Fr\u00fchling \u2013 Deko-Ideen f\u00fcr Ostern\"}]},{\"@type\":\"WebSite\",\"@id\":\"https:\/\/www.leeb-balkone.com\/ch\/#website\",\"url\":\"https:\/\/www.leeb-balkone.com\/ch\/\",\"name\":\"Leeb Balkone\",\"description\":\"Balkone und Z\u00e4une\",\"publisher\":{\"@id\":\"https:\/\/www.leeb-balkone.com\/ch\/#organization\"},\"potentialAction\":[{\"@type\":\"SearchAction\",\"target\":{\"@type\":\"EntryPoint\",\"urlTemplate\":\"https:\/\/www.leeb-balkone.com\/ch\/?s={search_term_string}\"},\"query-input\":{\"@type\":\"PropertyValueSpecification\",\"valueRequired\":true,\"valueName\":\"search_term_string\"}}],\"inLanguage\":\"de-CH\"},{\"@type\":\"Organization\",\"@id\":\"https:\/\/www.leeb-balkone.com\/ch\/#organization\",\"name\":\"Leeb Balkone Gmbh\",\"url\":\"https:\/\/www.leeb-balkone.com\/ch\/\",\"logo\":{\"@type\":\"ImageObject\",\"inLanguage\":\"de-CH\",\"@id\":\"https:\/\/www.leeb-balkone.com\/ch\/#\/schema\/logo\/image\/\",\"url\":\"https:\/\/www.leeb-balkone.com\/app\/uploads\/2020\/11\/leeb-logo.svg\",\"contentUrl\":\"https:\/\/www.leeb-balkone.com\/app\/uploads\/2020\/11\/leeb-logo.svg\",\"width\":741,\"height\":204,\"caption\":\"Leeb Balkone Gmbh\"},\"image\":{\"@id\":\"https:\/\/www.leeb-balkone.com\/ch\/#\/schema\/logo\/image\/\"},\"sameAs\":[\"https:\/\/www.facebook.com\/balkone\/\",\"https:\/\/www.trustedshops.at\/bewertung\/info_X4587CCF5833E31AFE0B11F47D86999F2.html\",\"https:\/\/www.trustedshops.de\/bewertung\/info_X7BA536A7A0BDC86D36C4718E4DCAEEEF.html\",\"https:\/\/www.google.com\/maps\/place\/?q=place_id:ChIJ5-zH19-IcEcR9HonWRTllHI\"]},{\"@type\":\"Person\",\"@id\":\"https:\/\/www.leeb-balkone.com\/ch\/#\/schema\/person\/15f1f398efcf4703721e46c2136421fa\",\"name\":\"jbacher\"}]}<\/script>\n<!-- \/ Yoast SEO plugin. -->","yoast_head_json":{"title":"Sehnsucht nach Fr\u00fchling \u2013 Deko-Ideen f\u00fcr Ostern - Leeb Balkone Schweiz","description":"Ostereiersuche im Schnee? Mit ein paar Deko-Elementen kann man sich den Fr\u00fchling einfach ins Haus holen. Was auf keinem Fall fehlen darf: der klassische Osterstrauch!","robots":{"index":"index","follow":"follow","max-snippet":"max-snippet:-1","max-image-preview":"max-image-preview:large","max-video-preview":"max-video-preview:-1"},"og_locale":"de_DE","og_type":"article","og_title":"Sehnsucht nach Fr\u00fchling \u2013 Deko-Ideen f\u00fcr Ostern - Leeb Balkone","og_description":"Ostereiersuche im Schnee? Mit ein paar Deko-Elementen kann man sich den Fr\u00fchling einfach ins Haus holen. Was auf keinem Fall fehlen darf: der klassische Osterstrauch!","og_url":"https:\/\/www.leeb-balkone.com\/ch\/blog\/sehnsucht-nach-fruehling-deko-ideen-fuer-ostern\/","og_site_name":"Leeb Balkone","article_publisher":"https:\/\/www.facebook.com\/balkone\/","article_published_time":"2018-03-09T09:36:41+00:00","article_modified_time":"2023-01-16T16:41:13+00:00","og_image":[{"width":2560,"height":1709,"url":"https:\/\/www.leeb-balkone.com\/app\/uploads\/2020\/10\/suesser-osterhase-scaled.jpg","type":"image\/jpeg"}],"author":"jbacher","twitter_card":"summary_large_image","schema":{"@context":"https:\/\/schema.org","@graph":[{"@type":"Article","@id":"https:\/\/www.leeb-balkone.com\/ch\/blog\/sehnsucht-nach-fruehling-deko-ideen-fuer-ostern\/#article","isPartOf":{"@id":"https:\/\/www.leeb-balkone.com\/ch\/blog\/sehnsucht-nach-fruehling-deko-ideen-fuer-ostern\/"},"author":{"name":"jbacher","@id":"https:\/\/www.leeb-balkone.com\/ch\/#\/schema\/person\/15f1f398efcf4703721e46c2136421fa"},"headline":"Sehnsucht nach Fr\u00fchling \u2013 Deko-Ideen f\u00fcr Ostern","datePublished":"2018-03-09T09:36:41+00:00","dateModified":"2023-01-16T16:41:13+00:00","mainEntityOfPage":{"@id":"https:\/\/www.leeb-balkone.com\/ch\/blog\/sehnsucht-nach-fruehling-deko-ideen-fuer-ostern\/"},"wordCount":622,"publisher":{"@id":"https:\/\/www.leeb-balkone.com\/ch\/#organization"},"image":{"@id":"https:\/\/www.leeb-balkone.com\/ch\/blog\/sehnsucht-nach-fruehling-deko-ideen-fuer-ostern\/#primaryimage"},"thumbnailUrl":"https:\/\/www.leeb-balkone.com\/app\/uploads\/2020\/10\/suesser-osterhase-scaled.jpg","articleSection":["Feng Shui &amp; Co","Nachhaltigkeit &amp; \u00d6kologie"],"inLanguage":"de-CH"},{"@type":"WebPage","@id":"https:\/\/www.leeb-balkone.com\/ch\/blog\/sehnsucht-nach-fruehling-deko-ideen-fuer-ostern\/","url":"https:\/\/www.leeb-balkone.com\/ch\/blog\/sehnsucht-nach-fruehling-deko-ideen-fuer-ostern\/","name":"Sehnsucht nach Fr\u00fchling \u2013 Deko-Ideen f\u00fcr Ostern - Leeb Balkone","isPartOf":{"@id":"https:\/\/www.leeb-balkone.com\/ch\/#website"},"primaryImageOfPage":{"@id":"https:\/\/www.leeb-balkone.com\/ch\/blog\/sehnsucht-nach-fruehling-deko-ideen-fuer-ostern\/#primaryimage"},"image":{"@id":"https:\/\/www.leeb-balkone.com\/ch\/blog\/sehnsucht-nach-fruehling-deko-ideen-fuer-ostern\/#primaryimage"},"thumbnailUrl":"https:\/\/www.leeb-balkone.com\/app\/uploads\/2020\/10\/suesser-osterhase-scaled.jpg","datePublished":"2018-03-09T09:36:41+00:00","dateModified":"2023-01-16T16:41:13+00:00","description":"Ostereiersuche im Schnee? Mit ein paar Deko-Elementen kann man sich den Fr\u00fchling einfach ins Haus holen. Was auf keinem Fall fehlen darf: der klassische Osterstrauch!","breadcrumb":{"@id":"https:\/\/www.leeb-balkone.com\/ch\/blog\/sehnsucht-nach-fruehling-deko-ideen-fuer-ostern\/#breadcrumb"},"inLanguage":"de-CH","potentialAction":[{"@type":"ReadAction","target":["https:\/\/www.leeb-balkone.com\/ch\/blog\/sehnsucht-nach-fruehling-deko-ideen-fuer-ostern\/"]}]},{"@type":"ImageObject","inLanguage":"de-CH","@id":"https:\/\/www.leeb-balkone.com\/ch\/blog\/sehnsucht-nach-fruehling-deko-ideen-fuer-ostern\/#primaryimage","url":"https:\/\/www.leeb-balkone.com\/app\/uploads\/2020\/10\/suesser-osterhase-scaled.jpg","contentUrl":"https:\/\/www.leeb-balkone.com\/app\/uploads\/2020\/10\/suesser-osterhase-scaled.jpg","width":2560,"height":1709},{"@type":"BreadcrumbList","@id":"https:\/\/www.leeb-balkone.com\/ch\/blog\/sehnsucht-nach-fruehling-deko-ideen-fuer-ostern\/#breadcrumb","itemListElement":[{"@type":"ListItem","position":1,"name":"Home","item":"https:\/\/www.leeb-balkone.com\/ch\/"},{"@type":"ListItem","position":2,"name":"Sehnsucht nach Fr\u00fchling \u2013 Deko-Ideen f\u00fcr Ostern"}]},{"@type":"WebSite","@id":"https:\/\/www.leeb-balkone.com\/ch\/#website","url":"https:\/\/www.leeb-balkone.com\/ch\/","name":"Leeb Balkone","description":"Balkone und Z\u00e4une","publisher":{"@id":"https:\/\/www.leeb-balkone.com\/ch\/#organization"},"potentialAction":[{"@type":"SearchAction","target":{"@type":"EntryPoint","urlTemplate":"https:\/\/www.leeb-balkone.com\/ch\/?s={search_term_string}"},"query-input":{"@type":"PropertyValueSpecification","valueRequired":true,"valueName":"search_term_string"}}],"inLanguage":"de-CH"},{"@type":"Organization","@id":"https:\/\/www.leeb-balkone.com\/ch\/#organization","name":"Leeb Balkone Gmbh","url":"https:\/\/www.leeb-balkone.com\/ch\/","logo":{"@type":"ImageObject","inLanguage":"de-CH","@id":"https:\/\/www.leeb-balkone.com\/ch\/#\/schema\/logo\/image\/","url":"https:\/\/www.leeb-balkone.com\/app\/uploads\/2020\/11\/leeb-logo.svg","contentUrl":"https:\/\/www.leeb-balkone.com\/app\/uploads\/2020\/11\/leeb-logo.svg","width":741,"height":204,"caption":"Leeb Balkone Gmbh"},"image":{"@id":"https:\/\/www.leeb-balkone.com\/ch\/#\/schema\/logo\/image\/"},"sameAs":["https:\/\/www.facebook.com\/balkone\/","https:\/\/www.trustedshops.at\/bewertung\/info_X4587CCF5833E31AFE0B11F47D86999F2.html","https:\/\/www.trustedshops.de\/bewertung\/info_X7BA536A7A0BDC86D36C4718E4DCAEEEF.html","https:\/\/www.google.com\/maps\/place\/?q=place_id:ChIJ5-zH19-IcEcR9HonWRTllHI"]},{"@type":"Person","@id":"https:\/\/www.leeb-balkone.com\/ch\/#\/schema\/person\/15f1f398efcf4703721e46c2136421fa","name":"jbacher"}]}},"_links":{"self":[{"href":"https:\/\/www.leeb-balkone.com\/ch\/wp-json\/wp\/v2\/posts\/18940","targetHints":{"allow":["GET"]}}],"collection":[{"href":"https:\/\/www.leeb-balkone.com\/ch\/wp-json\/wp\/v2\/posts"}],"about":[{"href":"https:\/\/www.leeb-balkone.com\/ch\/wp-json\/wp\/v2\/types\/post"}],"author":[{"embeddable":true,"href":"https:\/\/www.leeb-balkone.com\/ch\/wp-json\/wp\/v2\/users\/3"}],"replies":[{"embeddable":true,"href":"https:\/\/www.leeb-balkone.com\/ch\/wp-json\/wp\/v2\/comments?post=18940"}],"version-history":[{"count":0,"href":"https:\/\/www.leeb-balkone.com\/ch\/wp-json\/wp\/v2\/posts\/18940\/revisions"}],"wp:featuredmedia":[{"embeddable":true,"href":"https:\/\/www.leeb-balkone.com\/ch\/wp-json\/wp\/v2\/media\/12754"}],"wp:attachment":[{"href":"https:\/\/www.leeb-balkone.com\/ch\/wp-json\/wp\/v2\/media?parent=18940"}],"wp:term":[{"taxonomy":"category","embeddable":true,"href":"https:\/\/www.leeb-balkone.com\/ch\/wp-json\/wp\/v2\/categories?post=18940"},{"taxonomy":"post_tag","embeddable":true,"href":"https:\/\/www.leeb-balkone.com\/ch\/wp-json\/wp\/v2\/tags?post=18940"},{"taxonomy":"post_folder","embeddable":true,"href":"https:\/\/www.leeb-balkone.com\/ch\/wp-json\/wp\/v2\/post_folder?post=18940"}],"curies":[{"name":"wp","href":"https:\/\/api.w.org\/{rel}","templated":true}]}}