{"id":18932,"date":"2018-04-25T09:40:00","date_gmt":"2018-04-25T09:40:00","guid":{"rendered":"https:\/\/www.leeb-balkone.com\/de\/blog\/postdummy-2-2-4-2-4\/"},"modified":"2023-01-16T16:29:08","modified_gmt":"2023-01-16T16:29:08","slug":"nockholz-holz-mit-stammbaum","status":"publish","type":"post","link":"https:\/\/www.leeb-balkone.com\/ch\/blog\/nockholz-holz-mit-stammbaum\/","title":{"rendered":"NOCKHOLZ \u2013 Holz mit Stammbaum"},"content":{"rendered":"<header data-block_08ace05861179cb99bfe701d5595621f class=\"c-fh  l-mh-small c-fh--hero c-grad-l2r c-fh--div none\">\n      <img loading=\"lazy\" decoding=\"async\" width=\"1530\" height=\"1512\" src=\"https:\/\/www.leeb-balkone.com\/app\/uploads\/2020\/10\/arge-nockholz-gigapixel.jpg\" class=\"no-lazy\" alt=\"Nockholz hochwertiger balkonbau gigapixel\" srcset=\"https:\/\/www.leeb-balkone.com\/app\/uploads\/2020\/10\/arge-nockholz-gigapixel.jpg 1530w, https:\/\/www.leeb-balkone.com\/app\/uploads\/2020\/10\/arge-nockholz-gigapixel-300x296.jpg 300w, https:\/\/www.leeb-balkone.com\/app\/uploads\/2020\/10\/arge-nockholz-gigapixel-1024x1012.jpg 1024w, https:\/\/www.leeb-balkone.com\/app\/uploads\/2020\/10\/arge-nockholz-gigapixel-768x759.jpg 768w\" sizes=\"auto, (min-width: 1536px) 2048px, (min-width: 992px) 1536px, (min-width: 768px) 1024px, (min-width: 576px) 768px, 100vw\" \/>\n\n\n<div class=\"grid-container\">\n  <div class=\"grid-x\">\n    <div class=\"cell small-12 medium-6 medium-offset-1\">\n      <div class=\"c-fh__wrapper\">\n              <\/div>\n    <\/div>\n  <\/div>\n<\/div>\n  \n    \n    <\/header>\n\n\n  \n  <section class=\"wp-block-group alignfull t3-header u-max-wide t3-header-text has-white-background-color has-background has-global-padding is-layout-constrained wp-block-group-is-layout-constrained\">\n    <div class=\"wp-block-group o-grid u-md-1 u-sm-1 is-layout-flow wp-block-group-is-layout-flow\">\n  <div class=\"wp-block-group u-g-10 u-g-s-2\">\n      <div class=\"yoast-breadcrumbs\"><span><span><a href=\"https:\/\/www.leeb-balkone.com\/ch\/\">Home<\/a><\/span><\/span><\/div>\n      \n    <h1>NOCKHOLZ \u2013 Holz mit Stammbaum<\/h1>\n  <\/div>\n<\/div>\n  <\/section>\n\n\n\n\n\n\n<section class=\"wp-block-cgb-t3-section-block alignfull b-pt-small  is-style-bg-white\" style=\"display:inherit;min-height:inherit\">\n<div class=\"wp-block-cgb-t3-container-block none\" style=\"background-color:none\"><div class=\"grid-container\"><div class=\"grid-x\"><div class=\"cell small-12 medium-9 large-0 medium-offset-1 b-has-lsmb\">\n<p><br>Im Herzen von K\u00e4rnten mitten in den Nockbergen haben sich verschiedene Personen und Betriebe zusammengetan, um ein Projekt zu gr\u00fcnden, das sich nicht nur durch hochwertige Produkte, sondern auch durch eine einzigartig nachhaltige Wertsch\u00f6pfungskette auszeichnet.<\/p>\n\n\n\n<p>Im Mittelpunkt des Projektes ARGE NOCKHOLZ steht die Verarbeitung der drei wichtigsten H\u00f6lzer aus den Nockbergen: Fichte, L\u00e4rche und Zirbe. Das G\u00fctesiegel NOCKHOLZ steht f\u00fcr 100% Regionalit\u00e4t, Qualit\u00e4t sowie Nachhaltigkeit \u2013 und zugleich auch f\u00fcr einen wertvollen Wirtschaftsfaktor, gef\u00f6rdert vom europ\u00e4ischen Landwirtschaftsfond, dem Land K\u00e4rnten, der Regionalentwicklung K\u00e4rnten Mitte und dem Lebensministerium.<\/p>\n<\/div><\/div><\/div><\/div>\n\n\n<div class=\"b-carousel  band slider\" data-block_d7366eb833c696ab4be56176c27bb951>\n  <div class=\"slides\">\n          <div>\n\n\n\n  \n    \n          \n\n              \n        \n\n        <img loading=\"lazy\" decoding=\"async\" width=\"437\" height=\"1024\" src=\"https:\/\/www.leeb-balkone.com\/app\/uploads\/2020\/09\/Kiefer-dunkel-437x1024.jpg\" class=\"no-lazy\" alt=\"Alu Holzoptik Kiefer dunkel\" srcset=\"https:\/\/www.leeb-balkone.com\/app\/uploads\/2020\/09\/Kiefer-dunkel-437x1024.jpg 437w, https:\/\/www.leeb-balkone.com\/app\/uploads\/2020\/09\/Kiefer-dunkel-128x300.jpg 128w, https:\/\/www.leeb-balkone.com\/app\/uploads\/2020\/09\/Kiefer-dunkel-768x1799.jpg 768w, https:\/\/www.leeb-balkone.com\/app\/uploads\/2020\/09\/Kiefer-dunkel-656x1536.jpg 656w, https:\/\/www.leeb-balkone.com\/app\/uploads\/2020\/09\/Kiefer-dunkel-874x2048.jpg 874w, https:\/\/www.leeb-balkone.com\/app\/uploads\/2020\/09\/Kiefer-dunkel-1024x2399.jpg 1024w, https:\/\/www.leeb-balkone.com\/app\/uploads\/2020\/09\/Kiefer-dunkel-scaled.jpg 1093w\" sizes=\"auto, (min-width: 1200px) 1024px, (min-width: 1024px) 768px, (min-width: 640px) 768px, 768px\" \/>        \n            \n          \n  <\/div>\n\n          <div>\n\n\n\n  \n    \n          \n\n              \n        \n\n        <img loading=\"lazy\" decoding=\"async\" width=\"437\" height=\"1024\" src=\"https:\/\/www.leeb-balkone.com\/app\/uploads\/2020\/09\/Kirsche-437x1024.jpg\" class=\"no-lazy\" alt=\"Alu Holzoptik Kirsche\" srcset=\"https:\/\/www.leeb-balkone.com\/app\/uploads\/2020\/09\/Kirsche-437x1024.jpg 437w, https:\/\/www.leeb-balkone.com\/app\/uploads\/2020\/09\/Kirsche-128x300.jpg 128w, https:\/\/www.leeb-balkone.com\/app\/uploads\/2020\/09\/Kirsche-768x1801.jpg 768w, https:\/\/www.leeb-balkone.com\/app\/uploads\/2020\/09\/Kirsche-655x1536.jpg 655w, https:\/\/www.leeb-balkone.com\/app\/uploads\/2020\/09\/Kirsche-873x2048.jpg 873w, https:\/\/www.leeb-balkone.com\/app\/uploads\/2020\/09\/Kirsche-1024x2401.jpg 1024w, https:\/\/www.leeb-balkone.com\/app\/uploads\/2020\/09\/Kirsche-scaled.jpg 1092w\" sizes=\"auto, (min-width: 1200px) 1024px, (min-width: 1024px) 768px, (min-width: 640px) 768px, 768px\" \/>        \n            \n          \n  <\/div>\n\n          <div>\n\n\n\n  \n    \n          \n\n              \n        \n\n        <img loading=\"lazy\" decoding=\"async\" width=\"421\" height=\"1024\" src=\"https:\/\/www.leeb-balkone.com\/app\/uploads\/2020\/09\/Kastanie-421x1024.jpg\" class=\"no-lazy\" alt=\"Alu Holzoptik Kastanie\" srcset=\"https:\/\/www.leeb-balkone.com\/app\/uploads\/2020\/09\/Kastanie-421x1024.jpg 421w, https:\/\/www.leeb-balkone.com\/app\/uploads\/2020\/09\/Kastanie-123x300.jpg 123w, https:\/\/www.leeb-balkone.com\/app\/uploads\/2020\/09\/Kastanie-768x1867.jpg 768w, https:\/\/www.leeb-balkone.com\/app\/uploads\/2020\/09\/Kastanie-632x1536.jpg 632w, https:\/\/www.leeb-balkone.com\/app\/uploads\/2020\/09\/Kastanie-843x2048.jpg 843w, https:\/\/www.leeb-balkone.com\/app\/uploads\/2020\/09\/Kastanie-1024x2489.jpg 1024w, https:\/\/www.leeb-balkone.com\/app\/uploads\/2020\/09\/Kastanie-scaled.jpg 1053w\" sizes=\"auto, (min-width: 1200px) 1024px, (min-width: 1024px) 768px, (min-width: 640px) 768px, 768px\" \/>        \n            \n          \n  <\/div>\n\n          <div>\n\n\n\n  \n    \n          \n\n              \n        \n\n        <img loading=\"lazy\" decoding=\"async\" width=\"439\" height=\"1024\" src=\"https:\/\/www.leeb-balkone.com\/app\/uploads\/2020\/09\/La\u0308rche-gebeizt-439x1024.jpg\" class=\"no-lazy\" alt=\"Alu Holzoptik L\u00e4rche\" srcset=\"https:\/\/www.leeb-balkone.com\/app\/uploads\/2020\/09\/La\u0308rche-gebeizt-439x1024.jpg 439w, https:\/\/www.leeb-balkone.com\/app\/uploads\/2020\/09\/La\u0308rche-gebeizt-129x300.jpg 129w, https:\/\/www.leeb-balkone.com\/app\/uploads\/2020\/09\/La\u0308rche-gebeizt-768x1791.jpg 768w, https:\/\/www.leeb-balkone.com\/app\/uploads\/2020\/09\/La\u0308rche-gebeizt-659x1536.jpg 659w, https:\/\/www.leeb-balkone.com\/app\/uploads\/2020\/09\/La\u0308rche-gebeizt-878x2048.jpg 878w, https:\/\/www.leeb-balkone.com\/app\/uploads\/2020\/09\/La\u0308rche-gebeizt-1024x2387.jpg 1024w, https:\/\/www.leeb-balkone.com\/app\/uploads\/2020\/09\/La\u0308rche-gebeizt-scaled.jpg 1098w\" sizes=\"auto, (min-width: 1200px) 1024px, (min-width: 1024px) 768px, (min-width: 640px) 768px, 768px\" \/>        \n            \n          \n  <\/div>\n\n      <\/div>\n\n<\/div>\n\n\n\n<div class=\"wp-block-cgb-t3-container-block none\" style=\"background-color:none\"><div class=\"grid-container\"><div class=\"grid-x\"><div class=\"cell small-12 medium-9 large-0 medium-offset-1 b-has-lsmb\">\n<h2 class=\"wp-block-heading\">100% Regionalit\u00e4t: die Kraft der Synergien<\/h2>\n\n\n\n<p>Ma\u00dfgeblicher Erfolgsfaktor von NOCKHOLZ ist die umfassende und nachvollziehbare Nutzung s\u00e4mtlicher Synergien innerhalb der Region: von der Holzgewinnung aus den gesunden, heimischen W\u00e4ldern \u00fcber die umweltschonende Verarbeitung ohne Verschlei\u00df bis hin zum fertigen Produkt und den bewusst kurz gehaltenen Transportwegen. Auf diese Weise werden nicht nur Zeit und Kosten gespart, sondern auch das Klima gesch\u00fctzt und die Umwelt geschont. Die F\u00f6rderung nat\u00fcrlicher Kreisl\u00e4ufe sowie der Erhalt der Artenvielfalt durch den gr\u00f6\u00dften Biosph\u00e4renpark \u00d6sterreichs und die konstante Waldverj\u00fcngung leisten ebenfalls einen wichtigen Beitrag zum Umweltschutz. Zugleich wird die wirtschaftliche Kraft der Region Nockberge gest\u00e4rkt und es werden Arbeitspl\u00e4tze geschaffen.<\/p>\n\n\n\n<h2 class=\"wp-block-heading\">100% Qualit\u00e4t: Holz aus \u00d6sterreich<\/h2>\n\n\n\n<p>Die kraftvolle Natur der \u00e4ltesten Mittelgebirgsregionen Europas schafft eine ausgezeichnete Basis f\u00fcr die Qualit\u00e4t der NOCKHOLZ Produkte. Hier wachsen Fichte, L\u00e4rche und Zirbe auf \u00fcber 1.000 m H\u00f6he in einem gesunden, ausgeglichenen Klima, das den H\u00f6lzern ihre einzigartige Widerstandsf\u00e4higkeit und Belastbarkeit verleiht. Eigenschaften, die die NOCKHOLZ Produkte \u2013 gleich ob Zaun oder Balkon, M\u00f6bel oder Kinderspielger\u00e4te \u2013 auszeichnet und zu wertvollen und best\u00e4ndigen Elementen auch f\u00fcr zuk\u00fcnftige Generationen macht.<\/p>\n<\/div><\/div><\/div><\/div>\n\n\n\n<div class=\"wp-block-cgb-t3-container-block none\" style=\"background-color:none\"><div class=\"grid-container\"><div class=\"grid-x\"><div class=\"cell small-12 medium-9 large-0 medium-offset-1 b-has-lsmb\">\n<h2 class=\"wp-block-heading\">Die drei&nbsp;H\u00f6lzer von NOCKHOLZ im \u00dcberblick:<\/h2>\n\n\n\n<h3 class=\"wp-block-heading\">Fichtenholz:<\/h3>\n\n\n\n<p>Die Fichte ist eine der wichtigsten, heimischen Baumarten und bekannt f\u00fcr ihre Vielseitigkeit: vom robusten Bauholz f\u00fcr den Innenausbau, f\u00fcr Dachst\u00fchle und Schalungen \u00fcber filigrane Holzkonstruktionen f\u00fcr Musikinstrumente bis hin zum Brennholz oder auch Hackgut f\u00fcr Biomassefeuerungsanlagen.<\/p>\n\n\n\n<h3 class=\"wp-block-heading\">L\u00e4rchenholz:<\/h3>\n\n\n\n<p>Der Nadelbaum z\u00e4hlt zu den h\u00e4rtesten europ\u00e4ischen Nadelnutzh\u00f6lzern. L\u00e4rchenholz ist \u00e4u\u00dferst robust und witterungsresistent, verf\u00fcgt \u00fcber hervorragende Festigkeitswerte und eignet sich sowohl f\u00fcr den Au\u00dfen- als auch Innenbereich wie beispielsweise f\u00fcr Fassadenverkleidungen, Terrassenb\u00f6den, Wandverkleidungen und Fu\u00dfb\u00f6den sowie M\u00f6bel, Fenster und T\u00fcren.<\/p>\n\n\n\n<h3 class=\"wp-block-heading\">Zirbenholz<strong>:<\/strong><\/h3>\n\n\n\n<p>Laut Forschungen des Joanneum Research Instituts in Weiz kann ein Zirbenholzbett die Herzarbeit um 3500 Herzschl\u00e4ge pro Nacht, also in etwa um eine ganze Stunde, reduzieren. Zirbenholz st\u00e4rkt die Gesundheit und Regenerationsf\u00e4higkeit des Organismus und wird daher gerne zum Bau von M\u00f6beln, Innenverkleidungen und Saunen eingesetzt.<\/p>\n\n\n\n<h2 class=\"wp-block-heading\">100% Nachhaltigkeit: ganzheitliche Holzwirtschaft<\/h2>\n\n\n\n<p>Das Ziel der ARGE NOCKHOLZ ist es, Qualit\u00e4tsprodukte zu schaffen, die ihren Ursprung in der Region haben und die dank der hervorragenden Synergien die Umwelt schonen. Nachhaltigkeit spielt dabei eine zentrale Rolle und zwar von Anfang an bis in die Zukunft. NOCKHOLZ setzt auf eine ressourcenschonende Waldbewirtschaftung und auf eine regionale Wertsch\u00f6pfungskette, auf Umweltschutz und die Schaffung von Arbeitspl\u00e4tzen \u2013 ein ganzheitliches Konzept, das nachhaltig wirkt, sodass auch kommende Generationen davon profitieren k\u00f6nnen.<\/p>\n\n\n\n<h2 class=\"wp-block-heading\">NOCKHOLZ: die Menschen und Betriebe dahinter<\/h2>\n\n\n\n<p>Unz\u00e4hlige Betriebe und Personen stehen hinter der Marke NOCKHOLZ \u2013 dazu z\u00e4hlen rund 500 Waldbauern, Waldbesitzer und Forstbetriebe, aber auch unz\u00e4hlige hochprofessionelle Verarbeiter wie&nbsp;<a href=\"https:\/\/www.leeb-balkone.com\/ch\/ueber-leeb\/\">LEEB Balkone GmbH<\/a>, dessen Gesch\u00e4ftsf\u00fchrer Mag. Markus Leeb die ARGE NOCKHOLZ als langj\u00e4hriger Obmann ma\u00dfgeblich mitgepr\u00e4gt hat. Seit September 2015 ist Alfred Seebacher neuer Obmann. Nicht zu vergessen sind die verschiedenen NOCKHOLZ Botschafter, die ihre Betriebe mit NOCKHOLZ Produkten ausstatten und damit das Bewusstsein f\u00fcr einen nachhaltigen Umgang mit den Ressourcen der Region st\u00e4rken, wie beispielsweise das JUFA Nockberge Almerlebnisdorf und die Hiasl Zirbenh\u00fctte, wo Spielpl\u00e4tze aus reinem Nockholz errichtet wurden.<\/p>\n\n\n\n<p>ARGE Nockholz:&nbsp;<a href=\"https:\/\/nockholz.at\/\" target=\"_blank\" rel=\"noreferrer noopener\">Zur Website<\/a><\/p>\n<\/div><\/div><\/div><\/div>\n<\/section>\n\n\n\n<p><\/p>\n","protected":false},"excerpt":{"rendered":"<p>Im Herzen von K\u00e4rnten mitten in den Nockbergen haben sich verschiedene Personen und Betriebe zusammengetan, um ein Projekt zu gr\u00fcnden, das sich nicht nur durch hochwertige Produkte, sondern auch durch eine einzigartig nachhaltige Wertsch\u00f6pfungskette auszeichnet.<\/p>\n","protected":false},"author":3,"featured_media":12865,"comment_status":"closed","ping_status":"open","sticky":false,"template":"template-onepager.blade.php","format":"standard","meta":{"_acf_changed":false,"footnotes":""},"categories":[167,164,157,165,153],"tags":[],"post_folder":[],"class_list":["post-18932","post","type-post","status-publish","format-standard","has-post-thumbnail","hentry","category-aktuelles-zu-leeb-balkone","category-balkonbau-mit-leeb","category-nachhaltigkeit-oekologie","category-technik-innovation","category-tipps-zur-balkongestaltung"],"acf":[],"yoast_head":"<!-- This site is optimized with the Yoast SEO plugin v27.2 - https:\/\/yoast.com\/product\/yoast-seo-wordpress\/ -->\n<title>NOCKHOLZ \u2013 Holz mit Stammbaum - Leeb Balkone Schweiz<\/title>\n<meta name=\"description\" content=\"Im Herzen von K\u00e4rnten mitten in den Nockbergen haben sich verschiedene Personen und Betriebe zusammengetan, um ein Projekt zu gr\u00fcnden, das sich nicht nur durch hochwertige Produkte, sondern auch durch eine einzigartig nachhaltige Wertsch\u00f6pfungskette auszeichnet.\" \/>\n<meta name=\"robots\" content=\"index, follow, max-snippet:-1, max-image-preview:large, max-video-preview:-1\" \/>\n<meta property=\"og:locale\" content=\"de_DE\" \/>\n<meta property=\"og:type\" content=\"article\" \/>\n<meta property=\"og:title\" content=\"NOCKHOLZ \u2013 Holz mit Stammbaum - Leeb Balkone\" \/>\n<meta property=\"og:description\" content=\"Im Herzen von K\u00e4rnten mitten in den Nockbergen haben sich verschiedene Personen und Betriebe zusammengetan, um ein Projekt zu gr\u00fcnden, das sich nicht nur durch hochwertige Produkte, sondern auch durch eine einzigartig nachhaltige Wertsch\u00f6pfungskette auszeichnet.\" \/>\n<meta property=\"og:url\" content=\"https:\/\/www.leeb-balkone.com\/ch\/blog\/nockholz-holz-mit-stammbaum\/\" \/>\n<meta property=\"og:site_name\" content=\"Leeb Balkone\" \/>\n<meta property=\"article:publisher\" content=\"https:\/\/www.facebook.com\/balkone\/\" \/>\n<meta property=\"article:published_time\" content=\"2018-04-25T09:40:00+00:00\" \/>\n<meta property=\"article:modified_time\" content=\"2023-01-16T16:29:08+00:00\" \/>\n<meta property=\"og:image\" content=\"https:\/\/www.leeb-balkone.com\/app\/uploads\/2020\/10\/arge-nockholz-gigapixel.jpg\" \/>\n\t<meta property=\"og:image:width\" content=\"1530\" \/>\n\t<meta property=\"og:image:height\" content=\"1512\" \/>\n\t<meta property=\"og:image:type\" content=\"image\/jpeg\" \/>\n<meta name=\"author\" content=\"jbacher\" \/>\n<meta name=\"twitter:card\" content=\"summary_large_image\" \/>\n<script type=\"application\/ld+json\" class=\"yoast-schema-graph\">{\"@context\":\"https:\/\/schema.org\",\"@graph\":[{\"@type\":\"Article\",\"@id\":\"https:\/\/www.leeb-balkone.com\/ch\/blog\/nockholz-holz-mit-stammbaum\/#article\",\"isPartOf\":{\"@id\":\"https:\/\/www.leeb-balkone.com\/ch\/blog\/nockholz-holz-mit-stammbaum\/\"},\"author\":{\"name\":\"jbacher\",\"@id\":\"https:\/\/www.leeb-balkone.com\/ch\/#\/schema\/person\/15f1f398efcf4703721e46c2136421fa\"},\"headline\":\"NOCKHOLZ \u2013 Holz mit Stammbaum\",\"datePublished\":\"2018-04-25T09:40:00+00:00\",\"dateModified\":\"2023-01-16T16:29:08+00:00\",\"mainEntityOfPage\":{\"@id\":\"https:\/\/www.leeb-balkone.com\/ch\/blog\/nockholz-holz-mit-stammbaum\/\"},\"wordCount\":657,\"publisher\":{\"@id\":\"https:\/\/www.leeb-balkone.com\/ch\/#organization\"},\"image\":{\"@id\":\"https:\/\/www.leeb-balkone.com\/ch\/blog\/nockholz-holz-mit-stammbaum\/#primaryimage\"},\"thumbnailUrl\":\"https:\/\/www.leeb-balkone.com\/app\/uploads\/2020\/10\/arge-nockholz-gigapixel.jpg\",\"articleSection\":[\"Aktuelles zu Leeb Balkone\",\"Balkonbau mit Leeb\",\"Nachhaltigkeit &amp; \u00d6kologie\",\"Technik &amp; Innovation\",\"Tipps zur Balkongestaltung\"],\"inLanguage\":\"de-CH\"},{\"@type\":\"WebPage\",\"@id\":\"https:\/\/www.leeb-balkone.com\/ch\/blog\/nockholz-holz-mit-stammbaum\/\",\"url\":\"https:\/\/www.leeb-balkone.com\/ch\/blog\/nockholz-holz-mit-stammbaum\/\",\"name\":\"NOCKHOLZ \u2013 Holz mit Stammbaum - Leeb Balkone\",\"isPartOf\":{\"@id\":\"https:\/\/www.leeb-balkone.com\/ch\/#website\"},\"primaryImageOfPage\":{\"@id\":\"https:\/\/www.leeb-balkone.com\/ch\/blog\/nockholz-holz-mit-stammbaum\/#primaryimage\"},\"image\":{\"@id\":\"https:\/\/www.leeb-balkone.com\/ch\/blog\/nockholz-holz-mit-stammbaum\/#primaryimage\"},\"thumbnailUrl\":\"https:\/\/www.leeb-balkone.com\/app\/uploads\/2020\/10\/arge-nockholz-gigapixel.jpg\",\"datePublished\":\"2018-04-25T09:40:00+00:00\",\"dateModified\":\"2023-01-16T16:29:08+00:00\",\"description\":\"Im Herzen von K\u00e4rnten mitten in den Nockbergen haben sich verschiedene Personen und Betriebe zusammengetan, um ein Projekt zu gr\u00fcnden, das sich nicht nur durch hochwertige Produkte, sondern auch durch eine einzigartig nachhaltige Wertsch\u00f6pfungskette auszeichnet.\",\"breadcrumb\":{\"@id\":\"https:\/\/www.leeb-balkone.com\/ch\/blog\/nockholz-holz-mit-stammbaum\/#breadcrumb\"},\"inLanguage\":\"de-CH\",\"potentialAction\":[{\"@type\":\"ReadAction\",\"target\":[\"https:\/\/www.leeb-balkone.com\/ch\/blog\/nockholz-holz-mit-stammbaum\/\"]}]},{\"@type\":\"ImageObject\",\"inLanguage\":\"de-CH\",\"@id\":\"https:\/\/www.leeb-balkone.com\/ch\/blog\/nockholz-holz-mit-stammbaum\/#primaryimage\",\"url\":\"https:\/\/www.leeb-balkone.com\/app\/uploads\/2020\/10\/arge-nockholz-gigapixel.jpg\",\"contentUrl\":\"https:\/\/www.leeb-balkone.com\/app\/uploads\/2020\/10\/arge-nockholz-gigapixel.jpg\",\"width\":1530,\"height\":1512},{\"@type\":\"BreadcrumbList\",\"@id\":\"https:\/\/www.leeb-balkone.com\/ch\/blog\/nockholz-holz-mit-stammbaum\/#breadcrumb\",\"itemListElement\":[{\"@type\":\"ListItem\",\"position\":1,\"name\":\"Home\",\"item\":\"https:\/\/www.leeb-balkone.com\/ch\/\"},{\"@type\":\"ListItem\",\"position\":2,\"name\":\"NOCKHOLZ \u2013 Holz mit Stammbaum\"}]},{\"@type\":\"WebSite\",\"@id\":\"https:\/\/www.leeb-balkone.com\/ch\/#website\",\"url\":\"https:\/\/www.leeb-balkone.com\/ch\/\",\"name\":\"Leeb Balkone\",\"description\":\"Balkone und Z\u00e4une\",\"publisher\":{\"@id\":\"https:\/\/www.leeb-balkone.com\/ch\/#organization\"},\"potentialAction\":[{\"@type\":\"SearchAction\",\"target\":{\"@type\":\"EntryPoint\",\"urlTemplate\":\"https:\/\/www.leeb-balkone.com\/ch\/?s={search_term_string}\"},\"query-input\":{\"@type\":\"PropertyValueSpecification\",\"valueRequired\":true,\"valueName\":\"search_term_string\"}}],\"inLanguage\":\"de-CH\"},{\"@type\":\"Organization\",\"@id\":\"https:\/\/www.leeb-balkone.com\/ch\/#organization\",\"name\":\"Leeb Balkone Gmbh\",\"url\":\"https:\/\/www.leeb-balkone.com\/ch\/\",\"logo\":{\"@type\":\"ImageObject\",\"inLanguage\":\"de-CH\",\"@id\":\"https:\/\/www.leeb-balkone.com\/ch\/#\/schema\/logo\/image\/\",\"url\":\"https:\/\/www.leeb-balkone.com\/app\/uploads\/2020\/11\/leeb-logo.svg\",\"contentUrl\":\"https:\/\/www.leeb-balkone.com\/app\/uploads\/2020\/11\/leeb-logo.svg\",\"width\":741,\"height\":204,\"caption\":\"Leeb Balkone Gmbh\"},\"image\":{\"@id\":\"https:\/\/www.leeb-balkone.com\/ch\/#\/schema\/logo\/image\/\"},\"sameAs\":[\"https:\/\/www.facebook.com\/balkone\/\",\"https:\/\/www.trustedshops.at\/bewertung\/info_X4587CCF5833E31AFE0B11F47D86999F2.html\",\"https:\/\/www.trustedshops.de\/bewertung\/info_X7BA536A7A0BDC86D36C4718E4DCAEEEF.html\",\"https:\/\/www.google.com\/maps\/place\/?q=place_id:ChIJ5-zH19-IcEcR9HonWRTllHI\"]},{\"@type\":\"Person\",\"@id\":\"https:\/\/www.leeb-balkone.com\/ch\/#\/schema\/person\/15f1f398efcf4703721e46c2136421fa\",\"name\":\"jbacher\"}]}<\/script>\n<!-- \/ Yoast SEO plugin. -->","yoast_head_json":{"title":"NOCKHOLZ \u2013 Holz mit Stammbaum - Leeb Balkone Schweiz","description":"Im Herzen von K\u00e4rnten mitten in den Nockbergen haben sich verschiedene Personen und Betriebe zusammengetan, um ein Projekt zu gr\u00fcnden, das sich nicht nur durch hochwertige Produkte, sondern auch durch eine einzigartig nachhaltige Wertsch\u00f6pfungskette auszeichnet.","robots":{"index":"index","follow":"follow","max-snippet":"max-snippet:-1","max-image-preview":"max-image-preview:large","max-video-preview":"max-video-preview:-1"},"og_locale":"de_DE","og_type":"article","og_title":"NOCKHOLZ \u2013 Holz mit Stammbaum - Leeb Balkone","og_description":"Im Herzen von K\u00e4rnten mitten in den Nockbergen haben sich verschiedene Personen und Betriebe zusammengetan, um ein Projekt zu gr\u00fcnden, das sich nicht nur durch hochwertige Produkte, sondern auch durch eine einzigartig nachhaltige Wertsch\u00f6pfungskette auszeichnet.","og_url":"https:\/\/www.leeb-balkone.com\/ch\/blog\/nockholz-holz-mit-stammbaum\/","og_site_name":"Leeb Balkone","article_publisher":"https:\/\/www.facebook.com\/balkone\/","article_published_time":"2018-04-25T09:40:00+00:00","article_modified_time":"2023-01-16T16:29:08+00:00","og_image":[{"width":1530,"height":1512,"url":"https:\/\/www.leeb-balkone.com\/app\/uploads\/2020\/10\/arge-nockholz-gigapixel.jpg","type":"image\/jpeg"}],"author":"jbacher","twitter_card":"summary_large_image","schema":{"@context":"https:\/\/schema.org","@graph":[{"@type":"Article","@id":"https:\/\/www.leeb-balkone.com\/ch\/blog\/nockholz-holz-mit-stammbaum\/#article","isPartOf":{"@id":"https:\/\/www.leeb-balkone.com\/ch\/blog\/nockholz-holz-mit-stammbaum\/"},"author":{"name":"jbacher","@id":"https:\/\/www.leeb-balkone.com\/ch\/#\/schema\/person\/15f1f398efcf4703721e46c2136421fa"},"headline":"NOCKHOLZ \u2013 Holz mit Stammbaum","datePublished":"2018-04-25T09:40:00+00:00","dateModified":"2023-01-16T16:29:08+00:00","mainEntityOfPage":{"@id":"https:\/\/www.leeb-balkone.com\/ch\/blog\/nockholz-holz-mit-stammbaum\/"},"wordCount":657,"publisher":{"@id":"https:\/\/www.leeb-balkone.com\/ch\/#organization"},"image":{"@id":"https:\/\/www.leeb-balkone.com\/ch\/blog\/nockholz-holz-mit-stammbaum\/#primaryimage"},"thumbnailUrl":"https:\/\/www.leeb-balkone.com\/app\/uploads\/2020\/10\/arge-nockholz-gigapixel.jpg","articleSection":["Aktuelles zu Leeb Balkone","Balkonbau mit Leeb","Nachhaltigkeit &amp; \u00d6kologie","Technik &amp; Innovation","Tipps zur Balkongestaltung"],"inLanguage":"de-CH"},{"@type":"WebPage","@id":"https:\/\/www.leeb-balkone.com\/ch\/blog\/nockholz-holz-mit-stammbaum\/","url":"https:\/\/www.leeb-balkone.com\/ch\/blog\/nockholz-holz-mit-stammbaum\/","name":"NOCKHOLZ \u2013 Holz mit Stammbaum - Leeb Balkone","isPartOf":{"@id":"https:\/\/www.leeb-balkone.com\/ch\/#website"},"primaryImageOfPage":{"@id":"https:\/\/www.leeb-balkone.com\/ch\/blog\/nockholz-holz-mit-stammbaum\/#primaryimage"},"image":{"@id":"https:\/\/www.leeb-balkone.com\/ch\/blog\/nockholz-holz-mit-stammbaum\/#primaryimage"},"thumbnailUrl":"https:\/\/www.leeb-balkone.com\/app\/uploads\/2020\/10\/arge-nockholz-gigapixel.jpg","datePublished":"2018-04-25T09:40:00+00:00","dateModified":"2023-01-16T16:29:08+00:00","description":"Im Herzen von K\u00e4rnten mitten in den Nockbergen haben sich verschiedene Personen und Betriebe zusammengetan, um ein Projekt zu gr\u00fcnden, das sich nicht nur durch hochwertige Produkte, sondern auch durch eine einzigartig nachhaltige Wertsch\u00f6pfungskette auszeichnet.","breadcrumb":{"@id":"https:\/\/www.leeb-balkone.com\/ch\/blog\/nockholz-holz-mit-stammbaum\/#breadcrumb"},"inLanguage":"de-CH","potentialAction":[{"@type":"ReadAction","target":["https:\/\/www.leeb-balkone.com\/ch\/blog\/nockholz-holz-mit-stammbaum\/"]}]},{"@type":"ImageObject","inLanguage":"de-CH","@id":"https:\/\/www.leeb-balkone.com\/ch\/blog\/nockholz-holz-mit-stammbaum\/#primaryimage","url":"https:\/\/www.leeb-balkone.com\/app\/uploads\/2020\/10\/arge-nockholz-gigapixel.jpg","contentUrl":"https:\/\/www.leeb-balkone.com\/app\/uploads\/2020\/10\/arge-nockholz-gigapixel.jpg","width":1530,"height":1512},{"@type":"BreadcrumbList","@id":"https:\/\/www.leeb-balkone.com\/ch\/blog\/nockholz-holz-mit-stammbaum\/#breadcrumb","itemListElement":[{"@type":"ListItem","position":1,"name":"Home","item":"https:\/\/www.leeb-balkone.com\/ch\/"},{"@type":"ListItem","position":2,"name":"NOCKHOLZ \u2013 Holz mit Stammbaum"}]},{"@type":"WebSite","@id":"https:\/\/www.leeb-balkone.com\/ch\/#website","url":"https:\/\/www.leeb-balkone.com\/ch\/","name":"Leeb Balkone","description":"Balkone und Z\u00e4une","publisher":{"@id":"https:\/\/www.leeb-balkone.com\/ch\/#organization"},"potentialAction":[{"@type":"SearchAction","target":{"@type":"EntryPoint","urlTemplate":"https:\/\/www.leeb-balkone.com\/ch\/?s={search_term_string}"},"query-input":{"@type":"PropertyValueSpecification","valueRequired":true,"valueName":"search_term_string"}}],"inLanguage":"de-CH"},{"@type":"Organization","@id":"https:\/\/www.leeb-balkone.com\/ch\/#organization","name":"Leeb Balkone Gmbh","url":"https:\/\/www.leeb-balkone.com\/ch\/","logo":{"@type":"ImageObject","inLanguage":"de-CH","@id":"https:\/\/www.leeb-balkone.com\/ch\/#\/schema\/logo\/image\/","url":"https:\/\/www.leeb-balkone.com\/app\/uploads\/2020\/11\/leeb-logo.svg","contentUrl":"https:\/\/www.leeb-balkone.com\/app\/uploads\/2020\/11\/leeb-logo.svg","width":741,"height":204,"caption":"Leeb Balkone Gmbh"},"image":{"@id":"https:\/\/www.leeb-balkone.com\/ch\/#\/schema\/logo\/image\/"},"sameAs":["https:\/\/www.facebook.com\/balkone\/","https:\/\/www.trustedshops.at\/bewertung\/info_X4587CCF5833E31AFE0B11F47D86999F2.html","https:\/\/www.trustedshops.de\/bewertung\/info_X7BA536A7A0BDC86D36C4718E4DCAEEEF.html","https:\/\/www.google.com\/maps\/place\/?q=place_id:ChIJ5-zH19-IcEcR9HonWRTllHI"]},{"@type":"Person","@id":"https:\/\/www.leeb-balkone.com\/ch\/#\/schema\/person\/15f1f398efcf4703721e46c2136421fa","name":"jbacher"}]}},"_links":{"self":[{"href":"https:\/\/www.leeb-balkone.com\/ch\/wp-json\/wp\/v2\/posts\/18932","targetHints":{"allow":["GET"]}}],"collection":[{"href":"https:\/\/www.leeb-balkone.com\/ch\/wp-json\/wp\/v2\/posts"}],"about":[{"href":"https:\/\/www.leeb-balkone.com\/ch\/wp-json\/wp\/v2\/types\/post"}],"author":[{"embeddable":true,"href":"https:\/\/www.leeb-balkone.com\/ch\/wp-json\/wp\/v2\/users\/3"}],"replies":[{"embeddable":true,"href":"https:\/\/www.leeb-balkone.com\/ch\/wp-json\/wp\/v2\/comments?post=18932"}],"version-history":[{"count":0,"href":"https:\/\/www.leeb-balkone.com\/ch\/wp-json\/wp\/v2\/posts\/18932\/revisions"}],"wp:featuredmedia":[{"embeddable":true,"href":"https:\/\/www.leeb-balkone.com\/ch\/wp-json\/wp\/v2\/media\/12865"}],"wp:attachment":[{"href":"https:\/\/www.leeb-balkone.com\/ch\/wp-json\/wp\/v2\/media?parent=18932"}],"wp:term":[{"taxonomy":"category","embeddable":true,"href":"https:\/\/www.leeb-balkone.com\/ch\/wp-json\/wp\/v2\/categories?post=18932"},{"taxonomy":"post_tag","embeddable":true,"href":"https:\/\/www.leeb-balkone.com\/ch\/wp-json\/wp\/v2\/tags?post=18932"},{"taxonomy":"post_folder","embeddable":true,"href":"https:\/\/www.leeb-balkone.com\/ch\/wp-json\/wp\/v2\/post_folder?post=18932"}],"curies":[{"name":"wp","href":"https:\/\/api.w.org\/{rel}","templated":true}]}}