{"id":18916,"date":"2018-09-03T07:59:34","date_gmt":"2018-09-03T07:59:34","guid":{"rendered":"https:\/\/www.leeb-balkone.com\/de\/blog\/postdummy-2-2-3-2-2-4\/"},"modified":"2023-01-16T16:21:25","modified_gmt":"2023-01-16T16:21:25","slug":"blumenzwiebeln-im-herbst-setzen","status":"publish","type":"post","link":"https:\/\/www.leeb-balkone.com\/ch\/blog\/blumenzwiebeln-im-herbst-setzen\/","title":{"rendered":"Blumenzwiebeln im Herbst setzen"},"content":{"rendered":"<header data-block_f975f6bf76115827b2625a3025b105cc class=\"c-fh  l-mh-small c-fh--hero c-grad-l2r c-fh--div none\">\n      <img loading=\"lazy\" decoding=\"async\" width=\"725\" height=\"482\" src=\"https:\/\/www.leeb-balkone.com\/app\/uploads\/2020\/10\/blumenzwiebeln.jpg\" class=\"no-lazy\" alt=\"gartenliebe\" srcset=\"https:\/\/www.leeb-balkone.com\/app\/uploads\/2020\/10\/blumenzwiebeln.jpg 725w, https:\/\/www.leeb-balkone.com\/app\/uploads\/2020\/10\/blumenzwiebeln-300x199.jpg 300w\" sizes=\"auto, (min-width: 1536px) 2048px, (min-width: 992px) 1536px, (min-width: 768px) 1024px, (min-width: 576px) 768px, 100vw\" \/>\n\n\n<div class=\"grid-container\">\n  <div class=\"grid-x\">\n    <div class=\"cell small-12 medium-6 medium-offset-1\">\n      <div class=\"c-fh__wrapper\">\n              <\/div>\n    <\/div>\n  <\/div>\n<\/div>\n  \n    \n    <\/header>\n\n\n  \n  <section class=\"wp-block-group alignfull t3-header u-max-wide t3-header-text has-white-background-color has-background has-global-padding is-layout-constrained wp-block-group-is-layout-constrained\">\n    <div class=\"wp-block-group o-grid u-md-1 u-sm-1 is-layout-flow wp-block-group-is-layout-flow\">\n  <div class=\"wp-block-group u-g-10 u-g-s-2\">\n      <div class=\"yoast-breadcrumbs\"><span><span><a href=\"https:\/\/www.leeb-balkone.com\/ch\/\">Home<\/a><\/span><\/span><\/div>\n      \n    <h1>Blumenzwiebeln im Herbst setzen<\/h1>\n  <\/div>\n<\/div>\n  <\/section>\n\n\n\n\n\n\n<section class=\"wp-block-cgb-t3-section-block alignfull b-pt-small  is-style-bg-white\" style=\"display:inherit;min-height:inherit\">\n<div class=\"wp-block-cgb-t3-container-block none\" style=\"background-color:none\"><div class=\"grid-container\"><div class=\"grid-x\"><div class=\"cell small-12 medium-9 large-0 medium-offset-1 b-has-lsmb\">\n<p>Der Winter naht und somit verschwinden meist auch viele Farben aus dem Garten oder Balkon. Doch auch die kalte Jahreszeit kann f\u00fcr Blumenliebhaber von Nutzen sein. Denn je fr\u00fcher Blumenzwiebeln gesetzt werden, desto fr\u00fcher kann man sich auch im n\u00e4chsten Jahr \u00fcber bunte Bl\u00fcten freuen.<\/p>\n\n\n\n<h2 class=\"wp-block-heading\">Welche Pflanzen kann man schon im Herbst s\u00e4en?<\/h2>\n\n\n\n<p>Nicht jede Blume bl\u00fcht im Fr\u00fchjahr und ist somit auch nicht f\u00fcr die Pflanzung im Herbst geeignet. Doch die Knollen so mancher Zwiebelblumen k\u00f6nnen schon zwischen September und November gesetzt werden. Zu den Fr\u00fchlingsbl\u00fchern geh\u00f6ren Krokus, Iris, Krokus, Narzissen,Tulpen, Hyazinthen, Steppenkerzen, Blausternchen, Zierlauch und Pr\u00e4rielilien.<\/p>\n\n\n\n<h2 class=\"wp-block-heading\">Zeitpunkt: Blumenzwiebel setzen<\/h2>\n\n\n\n<p>Um den richtigen Augenblick zu finden, an dem die Zwiebeln der Fr\u00fchlingsbl\u00fcher gesetzt werden sollten, muss man kein Profig\u00e4rtner sein. Der ideale Termin f\u00fcr das S\u00e4en ist relativ einfach zu bestimmen. M\u00f6chte man, dass die Pflanzen sehr fr\u00fch im neuen Jahr zu bl\u00fchen beginnen, sollten auch die Knollen sehr fr\u00fch gesetzt werden. Die idealen Monate sind meist September und Oktober, da hier noch relativ warme Temperaturen herrschen. Auch im November ist das Setzen noch m\u00f6glich, jedoch nur, wenn das auch die Witterung zul\u00e4sst<\/p>\n<\/div><\/div><\/div><\/div>\n\n\n\n<div class=\"wp-block-cgb-t3-container-block none\" style=\"background-color:none\"><div class=\"grid-container\"><div class=\"grid-x\"><div class=\"cell small-12 medium-0 large-0\"><div id=\"lightgallery-block_546cbdaaec5612e2b624c369b7d9a96d\" data-block_546cbdaaec5612e2b624c369b7d9a96d class=\"has-1-imgs b-cards b-cards--gallery u-grid-temp has-1-cols u-md-2 u-sm-1 wp-block-group is-layout-grid wp-block-group-is-layout-grid gallery alignwide\">\n\n        <div class=\"b-cards__item\">\n\n        \n      <figure>\n                 <img loading=\"lazy\" decoding=\"async\" width=\"725\" height=\"482\" src=\"https:\/\/www.leeb-balkone.com\/app\/uploads\/2020\/10\/blumenzwiebeln.jpg\" class=\"attachment-1536x1536 size-1536x1536\" alt=\"blumenzwiebeln\" srcset=\"https:\/\/www.leeb-balkone.com\/app\/uploads\/2020\/10\/blumenzwiebeln.jpg 725w, https:\/\/www.leeb-balkone.com\/app\/uploads\/2020\/10\/blumenzwiebeln-300x199.jpg 300w\" sizes=\"auto, (min-width: 1200px) 100vw, (min-width: 1024px) 1536px, (min-width: 640px) 768px, 768px\" \/>              <\/figure>\n\n                  \n  \n<\/div>\n\n    <\/div>\n\n<\/div><\/div><\/div><\/div>\n\n\n\n<div class=\"wp-block-cgb-t3-container-block none\" style=\"background-color:none\"><div class=\"grid-container\"><div class=\"grid-x\"><div class=\"cell small-12 medium-9 large-0 medium-offset-1 b-has-lsmb\">\n<h2 class=\"wp-block-heading\">Anleitung:<\/h2>\n\n\n\n<h3 class=\"wp-block-heading\" id=\"block-076dd738-bec3-4d5b-8d4b-c7c0780db6de\">1. Anleitung:<\/h3>\n\n\n\n<p>Besonders bei Zwiebelblumen, die in einen Beh\u00e4lter eingesetzt werden, empfiehlt es sich, Kies oder Ger\u00f6ll am Boden als erste Schicht aufzutragen. Diese sollte je nach Beschaffenheit bis zur H\u00e4lfte der Gruben- oder Topftiefe aufgesch\u00fcttet werden.<\/p>\n\n\n\n<h3 class=\"wp-block-heading\" id=\"block-362dec6b-d5fb-4dfd-982f-f8b0058436ca\">2. Erde:<\/h3>\n\n\n\n<p>Beim Pflanzen der Zwiebeln eignet sich eine sandige und durchl\u00e4ssige Erde. Hier kann auch etwas Kompost untergemischt werden, um die Knollen mit ausreichend N\u00e4hrstoffen zu versorgen.<\/p>\n\n\n\n<h3 class=\"wp-block-heading\" id=\"block-362dec6b-d5fb-4dfd-982f-f8b0058436ca\">3. Pflanzentiefe:<\/h3>\n\n\n\n<p>Wie tief die Zwiebel im Topf oder in der Grube liegen soll, h\u00e4ngt ganz von der Pflanze ab. So brauchen Krokus, Schneegl\u00f6ckchen oder Ranunkeln nur eine Tiefe von 5 cm, Narzissen brauchen jedoch sogar 10-20 cm. Die Zwiebeln von Tulpen und Hyazinthen sollten wiederum in einer Tiefe von 10-12 cm gesetzt werden. Als Grundregel gilt hier f\u00fcr gew\u00f6hnlich, dass die Zwiebeln und Knollen um das Doppelte ihrer H\u00f6he mit Erde bedeckt werden sollten.<\/p>\n\n\n\n<p>Man muss also keinen gr\u00fcnen Daumen haben, um im Fr\u00fchjahr eine Farbenpracht im Garten oder am Balkon zu haben. Nach diesen wenigen Schritten kann man sich schon jetzt auf einen bunten Fr\u00fchling freuen.<\/p>\n\n\n\n<p>Bildnachweis: sanddebeautheil\/Getty Images<\/p>\n<\/div><\/div><\/div><\/div>\n<\/section>\n\n\n\n<p><\/p>\n","protected":false},"excerpt":{"rendered":"<p>Wer sich im Fr\u00fchling an einer bunten und langanhaltenden Bl\u00fctenpracht erfreuen m\u00f6chte, hat jetzt die perfekte Gelegenheit daf\u00fcr. Mit der richtigen Vorbereitung kann im Fr\u00fchjahr der Garten oder der Balkon mit Krokussen, Narzissen, Tulpen und vielen weiteren Blumen gestaltet werden.<\/p>\n","protected":false},"author":3,"featured_media":12796,"comment_status":"closed","ping_status":"open","sticky":false,"template":"template-onepager.blade.php","format":"standard","meta":{"_acf_changed":false,"footnotes":""},"categories":[160,161,149,151,153],"tags":[],"post_folder":[],"class_list":["post-18916","post","type-post","status-publish","format-standard","has-post-thumbnail","hentry","category-balkongestaltung","category-balkonpflanzen","category-garten-und-pflanzen","category-gartengestaltung","category-tipps-zur-balkongestaltung"],"acf":[],"yoast_head":"<!-- This site is optimized with the Yoast SEO plugin v27.2 - https:\/\/yoast.com\/product\/yoast-seo-wordpress\/ -->\n<title>Blumenzwiebeln im Herbst setzen - Leeb Balkone Schweiz<\/title>\n<meta name=\"description\" content=\"Wer sich im Fr\u00fchling an einer bunten und langanhaltenden Bl\u00fctenpracht erfreuen m\u00f6chte, hat jetzt die perfekte Gelegenheit daf\u00fcr. Mit der richtigen Vorbereitung kann im Fr\u00fchjahr der Garten oder der Balkon mit Krokussen, Narzissen, Tulpen und vielen weiteren Blumen gestaltet werden.\" \/>\n<meta name=\"robots\" content=\"index, follow, max-snippet:-1, max-image-preview:large, max-video-preview:-1\" \/>\n<meta property=\"og:locale\" content=\"de_DE\" \/>\n<meta property=\"og:type\" content=\"article\" \/>\n<meta property=\"og:title\" content=\"Blumenzwiebeln im Herbst setzen - Leeb Balkone\" \/>\n<meta property=\"og:description\" content=\"Wer sich im Fr\u00fchling an einer bunten und langanhaltenden Bl\u00fctenpracht erfreuen m\u00f6chte, hat jetzt die perfekte Gelegenheit daf\u00fcr. Mit der richtigen Vorbereitung kann im Fr\u00fchjahr der Garten oder der Balkon mit Krokussen, Narzissen, Tulpen und vielen weiteren Blumen gestaltet werden.\" \/>\n<meta property=\"og:url\" content=\"https:\/\/www.leeb-balkone.com\/ch\/blog\/blumenzwiebeln-im-herbst-setzen\/\" \/>\n<meta property=\"og:site_name\" content=\"Leeb Balkone\" \/>\n<meta property=\"article:publisher\" content=\"https:\/\/www.facebook.com\/balkone\/\" \/>\n<meta property=\"article:published_time\" content=\"2018-09-03T07:59:34+00:00\" \/>\n<meta property=\"article:modified_time\" content=\"2023-01-16T16:21:25+00:00\" \/>\n<meta property=\"og:image\" content=\"https:\/\/www.leeb-balkone.com\/app\/uploads\/2020\/10\/blumenzwiebeln.jpg\" \/>\n\t<meta property=\"og:image:width\" content=\"725\" \/>\n\t<meta property=\"og:image:height\" content=\"482\" \/>\n\t<meta property=\"og:image:type\" content=\"image\/jpeg\" \/>\n<meta name=\"author\" content=\"jbacher\" \/>\n<meta name=\"twitter:card\" content=\"summary_large_image\" \/>\n<script type=\"application\/ld+json\" class=\"yoast-schema-graph\">{\"@context\":\"https:\/\/schema.org\",\"@graph\":[{\"@type\":\"Article\",\"@id\":\"https:\/\/www.leeb-balkone.com\/ch\/blog\/blumenzwiebeln-im-herbst-setzen\/#article\",\"isPartOf\":{\"@id\":\"https:\/\/www.leeb-balkone.com\/ch\/blog\/blumenzwiebeln-im-herbst-setzen\/\"},\"author\":{\"name\":\"jbacher\",\"@id\":\"https:\/\/www.leeb-balkone.com\/ch\/#\/schema\/person\/15f1f398efcf4703721e46c2136421fa\"},\"headline\":\"Blumenzwiebeln im Herbst setzen\",\"datePublished\":\"2018-09-03T07:59:34+00:00\",\"dateModified\":\"2023-01-16T16:21:25+00:00\",\"mainEntityOfPage\":{\"@id\":\"https:\/\/www.leeb-balkone.com\/ch\/blog\/blumenzwiebeln-im-herbst-setzen\/\"},\"wordCount\":402,\"publisher\":{\"@id\":\"https:\/\/www.leeb-balkone.com\/ch\/#organization\"},\"image\":{\"@id\":\"https:\/\/www.leeb-balkone.com\/ch\/blog\/blumenzwiebeln-im-herbst-setzen\/#primaryimage\"},\"thumbnailUrl\":\"https:\/\/www.leeb-balkone.com\/app\/uploads\/2020\/10\/blumenzwiebeln.jpg\",\"articleSection\":[\"Balkongestaltung\",\"Balkonpflanzen\",\"Garten und Pflanzen\",\"Gartengestaltung\",\"Tipps zur Balkongestaltung\"],\"inLanguage\":\"de-CH\"},{\"@type\":\"WebPage\",\"@id\":\"https:\/\/www.leeb-balkone.com\/ch\/blog\/blumenzwiebeln-im-herbst-setzen\/\",\"url\":\"https:\/\/www.leeb-balkone.com\/ch\/blog\/blumenzwiebeln-im-herbst-setzen\/\",\"name\":\"Blumenzwiebeln im Herbst setzen - Leeb Balkone\",\"isPartOf\":{\"@id\":\"https:\/\/www.leeb-balkone.com\/ch\/#website\"},\"primaryImageOfPage\":{\"@id\":\"https:\/\/www.leeb-balkone.com\/ch\/blog\/blumenzwiebeln-im-herbst-setzen\/#primaryimage\"},\"image\":{\"@id\":\"https:\/\/www.leeb-balkone.com\/ch\/blog\/blumenzwiebeln-im-herbst-setzen\/#primaryimage\"},\"thumbnailUrl\":\"https:\/\/www.leeb-balkone.com\/app\/uploads\/2020\/10\/blumenzwiebeln.jpg\",\"datePublished\":\"2018-09-03T07:59:34+00:00\",\"dateModified\":\"2023-01-16T16:21:25+00:00\",\"description\":\"Wer sich im Fr\u00fchling an einer bunten und langanhaltenden Bl\u00fctenpracht erfreuen m\u00f6chte, hat jetzt die perfekte Gelegenheit daf\u00fcr. Mit der richtigen Vorbereitung kann im Fr\u00fchjahr der Garten oder der Balkon mit Krokussen, Narzissen, Tulpen und vielen weiteren Blumen gestaltet werden.\",\"breadcrumb\":{\"@id\":\"https:\/\/www.leeb-balkone.com\/ch\/blog\/blumenzwiebeln-im-herbst-setzen\/#breadcrumb\"},\"inLanguage\":\"de-CH\",\"potentialAction\":[{\"@type\":\"ReadAction\",\"target\":[\"https:\/\/www.leeb-balkone.com\/ch\/blog\/blumenzwiebeln-im-herbst-setzen\/\"]}]},{\"@type\":\"ImageObject\",\"inLanguage\":\"de-CH\",\"@id\":\"https:\/\/www.leeb-balkone.com\/ch\/blog\/blumenzwiebeln-im-herbst-setzen\/#primaryimage\",\"url\":\"https:\/\/www.leeb-balkone.com\/app\/uploads\/2020\/10\/blumenzwiebeln.jpg\",\"contentUrl\":\"https:\/\/www.leeb-balkone.com\/app\/uploads\/2020\/10\/blumenzwiebeln.jpg\",\"width\":725,\"height\":482},{\"@type\":\"BreadcrumbList\",\"@id\":\"https:\/\/www.leeb-balkone.com\/ch\/blog\/blumenzwiebeln-im-herbst-setzen\/#breadcrumb\",\"itemListElement\":[{\"@type\":\"ListItem\",\"position\":1,\"name\":\"Home\",\"item\":\"https:\/\/www.leeb-balkone.com\/ch\/\"},{\"@type\":\"ListItem\",\"position\":2,\"name\":\"Blumenzwiebeln im Herbst setzen\"}]},{\"@type\":\"WebSite\",\"@id\":\"https:\/\/www.leeb-balkone.com\/ch\/#website\",\"url\":\"https:\/\/www.leeb-balkone.com\/ch\/\",\"name\":\"Leeb Balkone\",\"description\":\"Balkone und Z\u00e4une\",\"publisher\":{\"@id\":\"https:\/\/www.leeb-balkone.com\/ch\/#organization\"},\"potentialAction\":[{\"@type\":\"SearchAction\",\"target\":{\"@type\":\"EntryPoint\",\"urlTemplate\":\"https:\/\/www.leeb-balkone.com\/ch\/?s={search_term_string}\"},\"query-input\":{\"@type\":\"PropertyValueSpecification\",\"valueRequired\":true,\"valueName\":\"search_term_string\"}}],\"inLanguage\":\"de-CH\"},{\"@type\":\"Organization\",\"@id\":\"https:\/\/www.leeb-balkone.com\/ch\/#organization\",\"name\":\"Leeb Balkone Gmbh\",\"url\":\"https:\/\/www.leeb-balkone.com\/ch\/\",\"logo\":{\"@type\":\"ImageObject\",\"inLanguage\":\"de-CH\",\"@id\":\"https:\/\/www.leeb-balkone.com\/ch\/#\/schema\/logo\/image\/\",\"url\":\"https:\/\/www.leeb-balkone.com\/app\/uploads\/2020\/11\/leeb-logo.svg\",\"contentUrl\":\"https:\/\/www.leeb-balkone.com\/app\/uploads\/2020\/11\/leeb-logo.svg\",\"width\":741,\"height\":204,\"caption\":\"Leeb Balkone Gmbh\"},\"image\":{\"@id\":\"https:\/\/www.leeb-balkone.com\/ch\/#\/schema\/logo\/image\/\"},\"sameAs\":[\"https:\/\/www.facebook.com\/balkone\/\",\"https:\/\/www.trustedshops.at\/bewertung\/info_X4587CCF5833E31AFE0B11F47D86999F2.html\",\"https:\/\/www.trustedshops.de\/bewertung\/info_X7BA536A7A0BDC86D36C4718E4DCAEEEF.html\",\"https:\/\/www.google.com\/maps\/place\/?q=place_id:ChIJ5-zH19-IcEcR9HonWRTllHI\"]},{\"@type\":\"Person\",\"@id\":\"https:\/\/www.leeb-balkone.com\/ch\/#\/schema\/person\/15f1f398efcf4703721e46c2136421fa\",\"name\":\"jbacher\"}]}<\/script>\n<!-- \/ Yoast SEO plugin. -->","yoast_head_json":{"title":"Blumenzwiebeln im Herbst setzen - Leeb Balkone Schweiz","description":"Wer sich im Fr\u00fchling an einer bunten und langanhaltenden Bl\u00fctenpracht erfreuen m\u00f6chte, hat jetzt die perfekte Gelegenheit daf\u00fcr. Mit der richtigen Vorbereitung kann im Fr\u00fchjahr der Garten oder der Balkon mit Krokussen, Narzissen, Tulpen und vielen weiteren Blumen gestaltet werden.","robots":{"index":"index","follow":"follow","max-snippet":"max-snippet:-1","max-image-preview":"max-image-preview:large","max-video-preview":"max-video-preview:-1"},"og_locale":"de_DE","og_type":"article","og_title":"Blumenzwiebeln im Herbst setzen - Leeb Balkone","og_description":"Wer sich im Fr\u00fchling an einer bunten und langanhaltenden Bl\u00fctenpracht erfreuen m\u00f6chte, hat jetzt die perfekte Gelegenheit daf\u00fcr. Mit der richtigen Vorbereitung kann im Fr\u00fchjahr der Garten oder der Balkon mit Krokussen, Narzissen, Tulpen und vielen weiteren Blumen gestaltet werden.","og_url":"https:\/\/www.leeb-balkone.com\/ch\/blog\/blumenzwiebeln-im-herbst-setzen\/","og_site_name":"Leeb Balkone","article_publisher":"https:\/\/www.facebook.com\/balkone\/","article_published_time":"2018-09-03T07:59:34+00:00","article_modified_time":"2023-01-16T16:21:25+00:00","og_image":[{"width":725,"height":482,"url":"https:\/\/www.leeb-balkone.com\/app\/uploads\/2020\/10\/blumenzwiebeln.jpg","type":"image\/jpeg"}],"author":"jbacher","twitter_card":"summary_large_image","schema":{"@context":"https:\/\/schema.org","@graph":[{"@type":"Article","@id":"https:\/\/www.leeb-balkone.com\/ch\/blog\/blumenzwiebeln-im-herbst-setzen\/#article","isPartOf":{"@id":"https:\/\/www.leeb-balkone.com\/ch\/blog\/blumenzwiebeln-im-herbst-setzen\/"},"author":{"name":"jbacher","@id":"https:\/\/www.leeb-balkone.com\/ch\/#\/schema\/person\/15f1f398efcf4703721e46c2136421fa"},"headline":"Blumenzwiebeln im Herbst setzen","datePublished":"2018-09-03T07:59:34+00:00","dateModified":"2023-01-16T16:21:25+00:00","mainEntityOfPage":{"@id":"https:\/\/www.leeb-balkone.com\/ch\/blog\/blumenzwiebeln-im-herbst-setzen\/"},"wordCount":402,"publisher":{"@id":"https:\/\/www.leeb-balkone.com\/ch\/#organization"},"image":{"@id":"https:\/\/www.leeb-balkone.com\/ch\/blog\/blumenzwiebeln-im-herbst-setzen\/#primaryimage"},"thumbnailUrl":"https:\/\/www.leeb-balkone.com\/app\/uploads\/2020\/10\/blumenzwiebeln.jpg","articleSection":["Balkongestaltung","Balkonpflanzen","Garten und Pflanzen","Gartengestaltung","Tipps zur Balkongestaltung"],"inLanguage":"de-CH"},{"@type":"WebPage","@id":"https:\/\/www.leeb-balkone.com\/ch\/blog\/blumenzwiebeln-im-herbst-setzen\/","url":"https:\/\/www.leeb-balkone.com\/ch\/blog\/blumenzwiebeln-im-herbst-setzen\/","name":"Blumenzwiebeln im Herbst setzen - Leeb Balkone","isPartOf":{"@id":"https:\/\/www.leeb-balkone.com\/ch\/#website"},"primaryImageOfPage":{"@id":"https:\/\/www.leeb-balkone.com\/ch\/blog\/blumenzwiebeln-im-herbst-setzen\/#primaryimage"},"image":{"@id":"https:\/\/www.leeb-balkone.com\/ch\/blog\/blumenzwiebeln-im-herbst-setzen\/#primaryimage"},"thumbnailUrl":"https:\/\/www.leeb-balkone.com\/app\/uploads\/2020\/10\/blumenzwiebeln.jpg","datePublished":"2018-09-03T07:59:34+00:00","dateModified":"2023-01-16T16:21:25+00:00","description":"Wer sich im Fr\u00fchling an einer bunten und langanhaltenden Bl\u00fctenpracht erfreuen m\u00f6chte, hat jetzt die perfekte Gelegenheit daf\u00fcr. Mit der richtigen Vorbereitung kann im Fr\u00fchjahr der Garten oder der Balkon mit Krokussen, Narzissen, Tulpen und vielen weiteren Blumen gestaltet werden.","breadcrumb":{"@id":"https:\/\/www.leeb-balkone.com\/ch\/blog\/blumenzwiebeln-im-herbst-setzen\/#breadcrumb"},"inLanguage":"de-CH","potentialAction":[{"@type":"ReadAction","target":["https:\/\/www.leeb-balkone.com\/ch\/blog\/blumenzwiebeln-im-herbst-setzen\/"]}]},{"@type":"ImageObject","inLanguage":"de-CH","@id":"https:\/\/www.leeb-balkone.com\/ch\/blog\/blumenzwiebeln-im-herbst-setzen\/#primaryimage","url":"https:\/\/www.leeb-balkone.com\/app\/uploads\/2020\/10\/blumenzwiebeln.jpg","contentUrl":"https:\/\/www.leeb-balkone.com\/app\/uploads\/2020\/10\/blumenzwiebeln.jpg","width":725,"height":482},{"@type":"BreadcrumbList","@id":"https:\/\/www.leeb-balkone.com\/ch\/blog\/blumenzwiebeln-im-herbst-setzen\/#breadcrumb","itemListElement":[{"@type":"ListItem","position":1,"name":"Home","item":"https:\/\/www.leeb-balkone.com\/ch\/"},{"@type":"ListItem","position":2,"name":"Blumenzwiebeln im Herbst setzen"}]},{"@type":"WebSite","@id":"https:\/\/www.leeb-balkone.com\/ch\/#website","url":"https:\/\/www.leeb-balkone.com\/ch\/","name":"Leeb Balkone","description":"Balkone und Z\u00e4une","publisher":{"@id":"https:\/\/www.leeb-balkone.com\/ch\/#organization"},"potentialAction":[{"@type":"SearchAction","target":{"@type":"EntryPoint","urlTemplate":"https:\/\/www.leeb-balkone.com\/ch\/?s={search_term_string}"},"query-input":{"@type":"PropertyValueSpecification","valueRequired":true,"valueName":"search_term_string"}}],"inLanguage":"de-CH"},{"@type":"Organization","@id":"https:\/\/www.leeb-balkone.com\/ch\/#organization","name":"Leeb Balkone Gmbh","url":"https:\/\/www.leeb-balkone.com\/ch\/","logo":{"@type":"ImageObject","inLanguage":"de-CH","@id":"https:\/\/www.leeb-balkone.com\/ch\/#\/schema\/logo\/image\/","url":"https:\/\/www.leeb-balkone.com\/app\/uploads\/2020\/11\/leeb-logo.svg","contentUrl":"https:\/\/www.leeb-balkone.com\/app\/uploads\/2020\/11\/leeb-logo.svg","width":741,"height":204,"caption":"Leeb Balkone Gmbh"},"image":{"@id":"https:\/\/www.leeb-balkone.com\/ch\/#\/schema\/logo\/image\/"},"sameAs":["https:\/\/www.facebook.com\/balkone\/","https:\/\/www.trustedshops.at\/bewertung\/info_X4587CCF5833E31AFE0B11F47D86999F2.html","https:\/\/www.trustedshops.de\/bewertung\/info_X7BA536A7A0BDC86D36C4718E4DCAEEEF.html","https:\/\/www.google.com\/maps\/place\/?q=place_id:ChIJ5-zH19-IcEcR9HonWRTllHI"]},{"@type":"Person","@id":"https:\/\/www.leeb-balkone.com\/ch\/#\/schema\/person\/15f1f398efcf4703721e46c2136421fa","name":"jbacher"}]}},"_links":{"self":[{"href":"https:\/\/www.leeb-balkone.com\/ch\/wp-json\/wp\/v2\/posts\/18916","targetHints":{"allow":["GET"]}}],"collection":[{"href":"https:\/\/www.leeb-balkone.com\/ch\/wp-json\/wp\/v2\/posts"}],"about":[{"href":"https:\/\/www.leeb-balkone.com\/ch\/wp-json\/wp\/v2\/types\/post"}],"author":[{"embeddable":true,"href":"https:\/\/www.leeb-balkone.com\/ch\/wp-json\/wp\/v2\/users\/3"}],"replies":[{"embeddable":true,"href":"https:\/\/www.leeb-balkone.com\/ch\/wp-json\/wp\/v2\/comments?post=18916"}],"version-history":[{"count":0,"href":"https:\/\/www.leeb-balkone.com\/ch\/wp-json\/wp\/v2\/posts\/18916\/revisions"}],"wp:featuredmedia":[{"embeddable":true,"href":"https:\/\/www.leeb-balkone.com\/ch\/wp-json\/wp\/v2\/media\/12796"}],"wp:attachment":[{"href":"https:\/\/www.leeb-balkone.com\/ch\/wp-json\/wp\/v2\/media?parent=18916"}],"wp:term":[{"taxonomy":"category","embeddable":true,"href":"https:\/\/www.leeb-balkone.com\/ch\/wp-json\/wp\/v2\/categories?post=18916"},{"taxonomy":"post_tag","embeddable":true,"href":"https:\/\/www.leeb-balkone.com\/ch\/wp-json\/wp\/v2\/tags?post=18916"},{"taxonomy":"post_folder","embeddable":true,"href":"https:\/\/www.leeb-balkone.com\/ch\/wp-json\/wp\/v2\/post_folder?post=18916"}],"curies":[{"name":"wp","href":"https:\/\/api.w.org\/{rel}","templated":true}]}}