{"id":18910,"date":"2018-12-03T07:35:41","date_gmt":"2018-12-03T07:35:41","guid":{"rendered":"https:\/\/www.leeb-balkone.com\/de\/blog\/postdummy-5-2-2-2-3-2-3-2-2\/"},"modified":"2023-01-16T16:18:39","modified_gmt":"2023-01-16T16:18:39","slug":"lichterketten-als-ganzjaehrige-deko","status":"publish","type":"post","link":"https:\/\/www.leeb-balkone.com\/ch\/blog\/lichterketten-als-ganzjaehrige-deko\/","title":{"rendered":"Lichterketten als ganzj\u00e4hrige Deko"},"content":{"rendered":"<header data-block_ed7e5018e8b027bf569620eb8d48a889 class=\"c-fh  l-mh-small c-fh--hero c-grad-l2r c-fh--div none\">\n      <img loading=\"lazy\" decoding=\"async\" width=\"2560\" height=\"1706\" src=\"https:\/\/www.leeb-balkone.com\/app\/uploads\/2020\/10\/lichterkette-terrasse-scaled.jpg\" class=\"no-lazy\" alt=\"lichterkette terrasse\" srcset=\"https:\/\/www.leeb-balkone.com\/app\/uploads\/2020\/10\/lichterkette-terrasse-scaled.jpg 2560w, https:\/\/www.leeb-balkone.com\/app\/uploads\/2020\/10\/lichterkette-terrasse-300x200.jpg 300w, https:\/\/www.leeb-balkone.com\/app\/uploads\/2020\/10\/lichterkette-terrasse-1024x682.jpg 1024w, https:\/\/www.leeb-balkone.com\/app\/uploads\/2020\/10\/lichterkette-terrasse-768x512.jpg 768w, https:\/\/www.leeb-balkone.com\/app\/uploads\/2020\/10\/lichterkette-terrasse-1536x1024.jpg 1536w, https:\/\/www.leeb-balkone.com\/app\/uploads\/2020\/10\/lichterkette-terrasse-2048x1365.jpg 2048w\" sizes=\"auto, (min-width: 1536px) 2048px, (min-width: 992px) 1536px, (min-width: 768px) 1024px, (min-width: 576px) 768px, 100vw\" \/>\n\n\n<div class=\"grid-container\">\n  <div class=\"grid-x\">\n    <div class=\"cell small-12 medium-6 medium-offset-1\">\n      <div class=\"c-fh__wrapper\">\n              <\/div>\n    <\/div>\n  <\/div>\n<\/div>\n  \n    \n    <\/header>\n\n\n  \n  <section class=\"wp-block-group alignfull t3-header u-max-wide t3-header-text has-white-background-color has-background has-global-padding is-layout-constrained wp-block-group-is-layout-constrained\">\n    <div class=\"wp-block-group o-grid u-md-1 u-sm-1 is-layout-flow wp-block-group-is-layout-flow\">\n  <div class=\"wp-block-group u-g-10 u-g-s-2\">\n      <div class=\"yoast-breadcrumbs\"><span><span><a href=\"https:\/\/www.leeb-balkone.com\/ch\/\">Home<\/a><\/span><\/span><\/div>\n      \n    <h1>Lichterketten als ganzj\u00e4hrige Deko<\/h1>\n  <\/div>\n<\/div>\n  <\/section>\n\n\n\n\n\n\n<section class=\"wp-block-cgb-t3-section-block alignfull b-pt-small  is-style-bg-white\" style=\"display:inherit;min-height:inherit\">\n<div class=\"wp-block-cgb-t3-container-block none\" style=\"background-color:none\"><div class=\"grid-container\"><div class=\"grid-x\"><div class=\"cell small-12 medium-9 large-0 medium-offset-1 b-has-lsmb\">\n<p>Nicht nur im Dezember bringen Lichterketten sch\u00f6ne Stimmung und eine wohlige Atmosph\u00e4re in die Wohnr\u00e4ume. Diese Deko-Idee kann auch sehr gut das ganze Jahr eingesetzt werden, ohne weihnachtlich zu wirken.<\/p>\n<\/div><\/div><\/div><\/div>\n\n\n\n<div class=\"wp-block-cgb-t3-container-block none\" style=\"background-color:none\"><div class=\"grid-container\"><div class=\"grid-x\"><div class=\"cell small-12 medium-0 large-0\"><div id=\"lightgallery-block_e22eb1745756f4041958f471a3bb868d\" data-block_e22eb1745756f4041958f471a3bb868d class=\"has-1-imgs b-cards b-cards--gallery u-grid-temp has-1-cols u-md-2 u-sm-1 wp-block-group is-layout-grid wp-block-group-is-layout-grid gallery alignwide\">\n\n        <div class=\"b-cards__item\">\n\n        \n      <figure>\n                 <img loading=\"lazy\" decoding=\"async\" width=\"1536\" height=\"1008\" src=\"https:\/\/www.leeb-balkone.com\/app\/uploads\/2020\/10\/lichterkette-dekoration-1536x1008.jpg\" class=\"attachment-1536x1536 size-1536x1536\" alt=\"lichterkette dekoration\" srcset=\"https:\/\/www.leeb-balkone.com\/app\/uploads\/2020\/10\/lichterkette-dekoration-1536x1008.jpg 1536w, https:\/\/www.leeb-balkone.com\/app\/uploads\/2020\/10\/lichterkette-dekoration-300x197.jpg 300w, https:\/\/www.leeb-balkone.com\/app\/uploads\/2020\/10\/lichterkette-dekoration-1024x672.jpg 1024w, https:\/\/www.leeb-balkone.com\/app\/uploads\/2020\/10\/lichterkette-dekoration-768x504.jpg 768w, https:\/\/www.leeb-balkone.com\/app\/uploads\/2020\/10\/lichterkette-dekoration-2048x1344.jpg 2048w\" sizes=\"auto, (min-width: 1200px) 100vw, (min-width: 1024px) 1536px, (min-width: 640px) 768px, 768px\" \/>              <\/figure>\n\n                  \n  \n<\/div>\n\n    <\/div>\n\n<\/div><\/div><\/div><\/div>\n\n\n\n<div class=\"wp-block-cgb-t3-container-block none\" style=\"background-color:none\"><div class=\"grid-container\"><div class=\"grid-x\"><div class=\"cell small-12 medium-9 large-0 medium-offset-1 b-has-lsmb\">\n<h2 class=\"wp-block-heading\">Lichterketten aus LEDs<\/h2>\n\n\n\n<p>Die vielen kleinen Lichter, an manchen Lichterketten sind es bis zu 150, verleihen ein festliches und wohnliches Flair. Wurden fr\u00fcher kleine Gl\u00fchbirnchen verwendet, findet man heutzutage haupts\u00e4chlich LEDs. Sie haben eine 20 Mal h\u00f6here Lebensdauer und der Stromverbrauch ist um 85% niedriger. Ein weiterer Vorteil: die LEDs werden auch nicht mehr so hei\u00df wie fr\u00fcher die Gl\u00fchbirnchen. Sie sind au\u00dferdem auch vielseitig einsetzbar. Man findet sie als indirekte Beleuchtung in der K\u00fcche oder auf Balkon oder Terrasse.<\/p>\n\n\n\n<h2 class=\"wp-block-heading\">Lichterketten in unterschiedlichen Farben und Formen<\/h2>\n\n\n\n<p>Besonders in der Weihnachtszeit schm\u00fccken Lichterketten in den unterschiedlichsten Varianten Haus, Balkon und Garten. Fr\u00fcher gab es nur die tannengr\u00fcnen Kabel mit kleinen Gl\u00fchbirnchen. Heute kann man sie in unterschiedlichen Farben, von Gold, Silber und Wei\u00df erhalten. Es gibt bereits Lichterketten die selbst mit Deko geschm\u00fcckt ist, wie die weihnachtliche Sternen-Lichterkette oder die Lichterkette mit Schirmen, die gerne f\u00fcr Gartenpartys verwendet wird. Mit der puren Lichterkette kann man sehr gut Pflanzen aufputzen. Besonders in der Weihnachtszeit wird sie zum Schm\u00fccken des Christbaums verwendet.<\/p>\n<\/div><\/div><\/div><\/div>\n\n\n\n<div class=\"wp-block-cgb-t3-container-block none\" style=\"background-color:none\"><div class=\"grid-container\"><div class=\"grid-x\"><div class=\"cell small-12 medium-0 large-0\"><div id=\"lightgallery-block_69dc2526f0397cf2b905e981ed2c0cb8\" data-block_69dc2526f0397cf2b905e981ed2c0cb8 class=\"has-1-imgs b-cards b-cards--gallery u-grid-temp has-1-cols u-md-2 u-sm-1 wp-block-group is-layout-grid wp-block-group-is-layout-grid gallery alignwide\">\n\n        <div class=\"b-cards__item\">\n\n        \n      <figure>\n                 <img loading=\"lazy\" decoding=\"async\" width=\"1536\" height=\"1024\" src=\"https:\/\/www.leeb-balkone.com\/app\/uploads\/2020\/10\/lichterkette-terrasse-2-1536x1024.jpg\" class=\"attachment-1536x1536 size-1536x1536\" alt=\"lichterkette terrasse 2\" srcset=\"https:\/\/www.leeb-balkone.com\/app\/uploads\/2020\/10\/lichterkette-terrasse-2-1536x1024.jpg 1536w, https:\/\/www.leeb-balkone.com\/app\/uploads\/2020\/10\/lichterkette-terrasse-2-300x200.jpg 300w, https:\/\/www.leeb-balkone.com\/app\/uploads\/2020\/10\/lichterkette-terrasse-2-1024x682.jpg 1024w, https:\/\/www.leeb-balkone.com\/app\/uploads\/2020\/10\/lichterkette-terrasse-2-768x512.jpg 768w, https:\/\/www.leeb-balkone.com\/app\/uploads\/2020\/10\/lichterkette-terrasse-2-2048x1365.jpg 2048w\" sizes=\"auto, (min-width: 1200px) 100vw, (min-width: 1024px) 1536px, (min-width: 640px) 768px, 768px\" \/>              <\/figure>\n\n                  \n  \n<\/div>\n\n    <\/div>\n\n<\/div><\/div><\/div><\/div>\n\n\n\n<div class=\"wp-block-cgb-t3-container-block none\" style=\"background-color:none\"><div class=\"grid-container\"><div class=\"grid-x\"><div class=\"cell small-12 medium-9 large-0 medium-offset-1 b-has-lsmb\">\n<h2 class=\"wp-block-heading\">Highlights durch indirekte Beleuchtung<\/h2>\n\n\n\n<p>Lassen sich Balkonpflanzen und Balkon gut mit Lichterketten dekorieren, kann man im Innenbereich mit LED-Strips atmosph\u00e4rische, indirekte Beleuchtung zaubern. Unter LED-Strips versteht man schmale, selbstklebende Kunststoffb\u00e4nder, die mit mehreren LEDS best\u00fcckt sind. Man kann sie rasch und einfach an Regalb\u00f6den, Treppen, hinter Spiegeln oder unter Betten aufkleben. Der Strom dazu kommt von einem Netzteil und kann im Idealfall von einem Smartphone App gedimmt werden. Da sie kaum Hitze erzeugen k\u00f6nnen sie auch in Nischen und neben brennbaren Material verwendet werden. Die LED-Strips eignen sich auch sehr gut als Terrassenbeleuchtung. Mit dieser Technik k\u00f6nnen Sie Highlights in Ihrer Wohnung setzten und f\u00fcr besondere Hingucker sorgen.<\/p>\n<\/div><\/div><\/div><\/div>\n\n\n\n<div class=\"wp-block-cgb-t3-container-block none\" style=\"background-color:none\"><div class=\"grid-container\"><div class=\"grid-x\"><div class=\"cell small-12 medium-0 large-0\"><div id=\"lightgallery-block_4200abf59082b8b457edf8541981ead1\" data-block_4200abf59082b8b457edf8541981ead1 class=\"has-1-imgs b-cards b-cards--gallery u-grid-temp has-1-cols u-md-2 u-sm-1 wp-block-group is-layout-grid wp-block-group-is-layout-grid gallery alignwide\">\n\n        <div class=\"b-cards__item\">\n\n        \n      <figure>\n                 <img loading=\"lazy\" decoding=\"async\" width=\"1536\" height=\"1024\" src=\"https:\/\/www.leeb-balkone.com\/app\/uploads\/2018\/12\/beleuchtung-bei-nacht-1536x1024.jpg\" class=\"attachment-1536x1536 size-1536x1536\" alt=\"beleuchtung bei nacht\" srcset=\"https:\/\/www.leeb-balkone.com\/app\/uploads\/2018\/12\/beleuchtung-bei-nacht-1536x1024.jpg 1536w, https:\/\/www.leeb-balkone.com\/app\/uploads\/2018\/12\/beleuchtung-bei-nacht-300x200.jpg 300w, https:\/\/www.leeb-balkone.com\/app\/uploads\/2018\/12\/beleuchtung-bei-nacht-1024x683.jpg 1024w, https:\/\/www.leeb-balkone.com\/app\/uploads\/2018\/12\/beleuchtung-bei-nacht-768x512.jpg 768w, https:\/\/www.leeb-balkone.com\/app\/uploads\/2018\/12\/beleuchtung-bei-nacht-2048x1366.jpg 2048w\" sizes=\"auto, (min-width: 1200px) 100vw, (min-width: 1024px) 1536px, (min-width: 640px) 768px, 768px\" \/>              <\/figure>\n\n                  \n  \n<\/div>\n\n    <\/div>\n\n<\/div><\/div><\/div><\/div>\n\n\n\n<div class=\"wp-block-cgb-t3-container-block none\" style=\"background-color:none\"><div class=\"grid-container\"><div class=\"grid-x\"><div class=\"cell small-12 medium-9 large-0 medium-offset-1 b-has-lsmb\">\n<h2 class=\"wp-block-heading\">Auf was muss man beim Kauf von Lichterketten und LED-Strips achten?<\/h2>\n\n\n\n<p>Entscheidet man sich f\u00fcr eine Lichterkette als Deko, muss man besonders auf die&nbsp;<strong>Sicherheit<\/strong>&nbsp;achten. Einen wichtigen Hinweis kann hier die&nbsp;<strong>CE-Kennzeichnung<\/strong>&nbsp;geben, die dokumentiert, dass die Lichterkette den europ\u00e4ischen Richtlinien gem\u00e4\u00df hergestellt wurde. Das&nbsp;<strong>GS-Zeichen<\/strong>&nbsp;steht f\u00fcr \u201egepr\u00fcfte Sicherheit\u201c und bescheinigt, dass es den Anforderungen des Produktsicherheitsgesetztes entspricht. Bei elektrischen Produkten ist es wichtig qualitativ hochwertige Ware zu kaufen.<\/p>\n\n\n\n<p>Heute gibt es fast nur mehr Lichterketten mit LEDs. Hier sollte man besonders auf die Angaben der Lichterfarbe achten. Kaltwei\u00dfes Licht erreicht eine Farbtemperatur von ca. 3.000 bis 3.500 Kelvin. Bei warmwei\u00dfen Licht, \u00e4hnlich wie bei Gl\u00fchbirnen, sollte die&nbsp;<strong>Farbtemperatur zwischen 2.200 und 2.700 Kelvin<\/strong>&nbsp;liegen.<\/p>\n\n\n\n<p>Mit welchem Stromanschluss m\u00f6chten Sie die Lichterkette betreiben? Hier gibt es mehrere M\u00f6glichkeiten. Die Kette kann mit einem&nbsp;<strong>einfachen Stecker<\/strong>&nbsp;oder mit&nbsp;<strong>Solarmodulen<\/strong>&nbsp;betrieben werden. Mittlerweile gibt es auch schon&nbsp;<strong>batteriebetriebene Lichterketten<\/strong>, die f\u00fcr den mobilen Gebrauch sehr sinnvoll sind. F\u00fcr langfristige Deko eigenen sich die Modelle mit Stromanschluss. Sie leuchten auch heller.<\/p>\n\n\n\n<p>F\u00fcr den Gebrauch am Balkon oder um die Str\u00e4ucher und B\u00e4ume im Garten aufzuh\u00fcbschen. Sollte man unbedingt Outdoor-Lichterketten besorgen. Hierzu eigenen sich Lichterketten mit der&nbsp;<strong>Schutzart IP44<\/strong>. Sie sind gegen Spritzwasser gesch\u00fctzt und k\u00f6nnen gut am Balkon eingesetzt werden. Sollten Lichterketten jedoch im Schnee liegenbleiben, muss unbedingt eine h\u00f6here Schutzart verwendet werden.<\/p>\n<\/div><\/div><\/div><\/div>\n\n\n\n<p><\/p>\n<\/section>\n","protected":false},"excerpt":{"rendered":"<p>Lichterketten bringen nicht nur zur Weihnachtszeit eine wohlige, warme Atmosph\u00e4re in die Wohnr\u00e4ume. Sie k\u00f6nnen auch ganz gut als Deko f\u00fcr das ganze Jahr eingesetzt werden.<\/p>\n","protected":false},"author":3,"featured_media":12785,"comment_status":"closed","ping_status":"open","sticky":false,"template":"template-onepager.blade.php","format":"standard","meta":{"_acf_changed":false,"footnotes":""},"categories":[160,153,173],"tags":[],"post_folder":[],"class_list":["post-18910","post","type-post","status-publish","format-standard","has-post-thumbnail","hentry","category-balkongestaltung","category-tipps-zur-balkongestaltung","category-weihnachtszeit"],"acf":[],"yoast_head":"<!-- This site is optimized with the Yoast SEO plugin v27.2 - https:\/\/yoast.com\/product\/yoast-seo-wordpress\/ -->\n<title>Lichterketten als ganzj\u00e4hrige Deko - Leeb Balkone Schweiz<\/title>\n<meta name=\"description\" content=\"Lichterketten bringen nicht nur zur Weihnachtszeit eine wohlige, warme Atmosph\u00e4re in die Wohnr\u00e4ume. Sie k\u00f6nnen auch ganz gut als Deko f\u00fcr das ganze Jahr eingesetzt werden.\" \/>\n<meta name=\"robots\" content=\"index, follow, max-snippet:-1, max-image-preview:large, max-video-preview:-1\" \/>\n<meta property=\"og:locale\" content=\"de_DE\" \/>\n<meta property=\"og:type\" content=\"article\" \/>\n<meta property=\"og:title\" content=\"Lichterketten als ganzj\u00e4hrige Deko - Leeb Balkone\" \/>\n<meta property=\"og:description\" content=\"Lichterketten bringen nicht nur zur Weihnachtszeit eine wohlige, warme Atmosph\u00e4re in die Wohnr\u00e4ume. Sie k\u00f6nnen auch ganz gut als Deko f\u00fcr das ganze Jahr eingesetzt werden.\" \/>\n<meta property=\"og:url\" content=\"https:\/\/www.leeb-balkone.com\/ch\/blog\/lichterketten-als-ganzjaehrige-deko\/\" \/>\n<meta property=\"og:site_name\" content=\"Leeb Balkone\" \/>\n<meta property=\"article:publisher\" content=\"https:\/\/www.facebook.com\/balkone\/\" \/>\n<meta property=\"article:published_time\" content=\"2018-12-03T07:35:41+00:00\" \/>\n<meta property=\"article:modified_time\" content=\"2023-01-16T16:18:39+00:00\" \/>\n<meta property=\"og:image\" content=\"https:\/\/www.leeb-balkone.com\/app\/uploads\/2020\/10\/lichterkette-terrasse-scaled.jpg\" \/>\n\t<meta property=\"og:image:width\" content=\"2560\" \/>\n\t<meta property=\"og:image:height\" content=\"1706\" \/>\n\t<meta property=\"og:image:type\" content=\"image\/jpeg\" \/>\n<meta name=\"author\" content=\"jbacher\" \/>\n<meta name=\"twitter:card\" content=\"summary_large_image\" \/>\n<script type=\"application\/ld+json\" class=\"yoast-schema-graph\">{\"@context\":\"https:\/\/schema.org\",\"@graph\":[{\"@type\":\"Article\",\"@id\":\"https:\/\/www.leeb-balkone.com\/ch\/blog\/lichterketten-als-ganzjaehrige-deko\/#article\",\"isPartOf\":{\"@id\":\"https:\/\/www.leeb-balkone.com\/ch\/blog\/lichterketten-als-ganzjaehrige-deko\/\"},\"author\":{\"name\":\"jbacher\",\"@id\":\"https:\/\/www.leeb-balkone.com\/ch\/#\/schema\/person\/15f1f398efcf4703721e46c2136421fa\"},\"headline\":\"Lichterketten als ganzj\u00e4hrige Deko\",\"datePublished\":\"2018-12-03T07:35:41+00:00\",\"dateModified\":\"2023-01-16T16:18:39+00:00\",\"mainEntityOfPage\":{\"@id\":\"https:\/\/www.leeb-balkone.com\/ch\/blog\/lichterketten-als-ganzjaehrige-deko\/\"},\"wordCount\":584,\"publisher\":{\"@id\":\"https:\/\/www.leeb-balkone.com\/ch\/#organization\"},\"image\":{\"@id\":\"https:\/\/www.leeb-balkone.com\/ch\/blog\/lichterketten-als-ganzjaehrige-deko\/#primaryimage\"},\"thumbnailUrl\":\"https:\/\/www.leeb-balkone.com\/app\/uploads\/2020\/10\/lichterkette-terrasse-scaled.jpg\",\"articleSection\":[\"Balkongestaltung\",\"Tipps zur Balkongestaltung\",\"Weihnachtszeit\"],\"inLanguage\":\"de-CH\"},{\"@type\":\"WebPage\",\"@id\":\"https:\/\/www.leeb-balkone.com\/ch\/blog\/lichterketten-als-ganzjaehrige-deko\/\",\"url\":\"https:\/\/www.leeb-balkone.com\/ch\/blog\/lichterketten-als-ganzjaehrige-deko\/\",\"name\":\"Lichterketten als ganzj\u00e4hrige Deko - Leeb Balkone\",\"isPartOf\":{\"@id\":\"https:\/\/www.leeb-balkone.com\/ch\/#website\"},\"primaryImageOfPage\":{\"@id\":\"https:\/\/www.leeb-balkone.com\/ch\/blog\/lichterketten-als-ganzjaehrige-deko\/#primaryimage\"},\"image\":{\"@id\":\"https:\/\/www.leeb-balkone.com\/ch\/blog\/lichterketten-als-ganzjaehrige-deko\/#primaryimage\"},\"thumbnailUrl\":\"https:\/\/www.leeb-balkone.com\/app\/uploads\/2020\/10\/lichterkette-terrasse-scaled.jpg\",\"datePublished\":\"2018-12-03T07:35:41+00:00\",\"dateModified\":\"2023-01-16T16:18:39+00:00\",\"description\":\"Lichterketten bringen nicht nur zur Weihnachtszeit eine wohlige, warme Atmosph\u00e4re in die Wohnr\u00e4ume. Sie k\u00f6nnen auch ganz gut als Deko f\u00fcr das ganze Jahr eingesetzt werden.\",\"breadcrumb\":{\"@id\":\"https:\/\/www.leeb-balkone.com\/ch\/blog\/lichterketten-als-ganzjaehrige-deko\/#breadcrumb\"},\"inLanguage\":\"de-CH\",\"potentialAction\":[{\"@type\":\"ReadAction\",\"target\":[\"https:\/\/www.leeb-balkone.com\/ch\/blog\/lichterketten-als-ganzjaehrige-deko\/\"]}]},{\"@type\":\"ImageObject\",\"inLanguage\":\"de-CH\",\"@id\":\"https:\/\/www.leeb-balkone.com\/ch\/blog\/lichterketten-als-ganzjaehrige-deko\/#primaryimage\",\"url\":\"https:\/\/www.leeb-balkone.com\/app\/uploads\/2020\/10\/lichterkette-terrasse-scaled.jpg\",\"contentUrl\":\"https:\/\/www.leeb-balkone.com\/app\/uploads\/2020\/10\/lichterkette-terrasse-scaled.jpg\",\"width\":2560,\"height\":1706},{\"@type\":\"BreadcrumbList\",\"@id\":\"https:\/\/www.leeb-balkone.com\/ch\/blog\/lichterketten-als-ganzjaehrige-deko\/#breadcrumb\",\"itemListElement\":[{\"@type\":\"ListItem\",\"position\":1,\"name\":\"Home\",\"item\":\"https:\/\/www.leeb-balkone.com\/ch\/\"},{\"@type\":\"ListItem\",\"position\":2,\"name\":\"Lichterketten als ganzj\u00e4hrige Deko\"}]},{\"@type\":\"WebSite\",\"@id\":\"https:\/\/www.leeb-balkone.com\/ch\/#website\",\"url\":\"https:\/\/www.leeb-balkone.com\/ch\/\",\"name\":\"Leeb Balkone\",\"description\":\"Balkone und Z\u00e4une\",\"publisher\":{\"@id\":\"https:\/\/www.leeb-balkone.com\/ch\/#organization\"},\"potentialAction\":[{\"@type\":\"SearchAction\",\"target\":{\"@type\":\"EntryPoint\",\"urlTemplate\":\"https:\/\/www.leeb-balkone.com\/ch\/?s={search_term_string}\"},\"query-input\":{\"@type\":\"PropertyValueSpecification\",\"valueRequired\":true,\"valueName\":\"search_term_string\"}}],\"inLanguage\":\"de-CH\"},{\"@type\":\"Organization\",\"@id\":\"https:\/\/www.leeb-balkone.com\/ch\/#organization\",\"name\":\"Leeb Balkone Gmbh\",\"url\":\"https:\/\/www.leeb-balkone.com\/ch\/\",\"logo\":{\"@type\":\"ImageObject\",\"inLanguage\":\"de-CH\",\"@id\":\"https:\/\/www.leeb-balkone.com\/ch\/#\/schema\/logo\/image\/\",\"url\":\"https:\/\/www.leeb-balkone.com\/app\/uploads\/2020\/11\/leeb-logo.svg\",\"contentUrl\":\"https:\/\/www.leeb-balkone.com\/app\/uploads\/2020\/11\/leeb-logo.svg\",\"width\":741,\"height\":204,\"caption\":\"Leeb Balkone Gmbh\"},\"image\":{\"@id\":\"https:\/\/www.leeb-balkone.com\/ch\/#\/schema\/logo\/image\/\"},\"sameAs\":[\"https:\/\/www.facebook.com\/balkone\/\",\"https:\/\/www.trustedshops.at\/bewertung\/info_X4587CCF5833E31AFE0B11F47D86999F2.html\",\"https:\/\/www.trustedshops.de\/bewertung\/info_X7BA536A7A0BDC86D36C4718E4DCAEEEF.html\",\"https:\/\/www.google.com\/maps\/place\/?q=place_id:ChIJ5-zH19-IcEcR9HonWRTllHI\"]},{\"@type\":\"Person\",\"@id\":\"https:\/\/www.leeb-balkone.com\/ch\/#\/schema\/person\/15f1f398efcf4703721e46c2136421fa\",\"name\":\"jbacher\"}]}<\/script>\n<!-- \/ Yoast SEO plugin. -->","yoast_head_json":{"title":"Lichterketten als ganzj\u00e4hrige Deko - Leeb Balkone Schweiz","description":"Lichterketten bringen nicht nur zur Weihnachtszeit eine wohlige, warme Atmosph\u00e4re in die Wohnr\u00e4ume. Sie k\u00f6nnen auch ganz gut als Deko f\u00fcr das ganze Jahr eingesetzt werden.","robots":{"index":"index","follow":"follow","max-snippet":"max-snippet:-1","max-image-preview":"max-image-preview:large","max-video-preview":"max-video-preview:-1"},"og_locale":"de_DE","og_type":"article","og_title":"Lichterketten als ganzj\u00e4hrige Deko - Leeb Balkone","og_description":"Lichterketten bringen nicht nur zur Weihnachtszeit eine wohlige, warme Atmosph\u00e4re in die Wohnr\u00e4ume. Sie k\u00f6nnen auch ganz gut als Deko f\u00fcr das ganze Jahr eingesetzt werden.","og_url":"https:\/\/www.leeb-balkone.com\/ch\/blog\/lichterketten-als-ganzjaehrige-deko\/","og_site_name":"Leeb Balkone","article_publisher":"https:\/\/www.facebook.com\/balkone\/","article_published_time":"2018-12-03T07:35:41+00:00","article_modified_time":"2023-01-16T16:18:39+00:00","og_image":[{"width":2560,"height":1706,"url":"https:\/\/www.leeb-balkone.com\/app\/uploads\/2020\/10\/lichterkette-terrasse-scaled.jpg","type":"image\/jpeg"}],"author":"jbacher","twitter_card":"summary_large_image","schema":{"@context":"https:\/\/schema.org","@graph":[{"@type":"Article","@id":"https:\/\/www.leeb-balkone.com\/ch\/blog\/lichterketten-als-ganzjaehrige-deko\/#article","isPartOf":{"@id":"https:\/\/www.leeb-balkone.com\/ch\/blog\/lichterketten-als-ganzjaehrige-deko\/"},"author":{"name":"jbacher","@id":"https:\/\/www.leeb-balkone.com\/ch\/#\/schema\/person\/15f1f398efcf4703721e46c2136421fa"},"headline":"Lichterketten als ganzj\u00e4hrige Deko","datePublished":"2018-12-03T07:35:41+00:00","dateModified":"2023-01-16T16:18:39+00:00","mainEntityOfPage":{"@id":"https:\/\/www.leeb-balkone.com\/ch\/blog\/lichterketten-als-ganzjaehrige-deko\/"},"wordCount":584,"publisher":{"@id":"https:\/\/www.leeb-balkone.com\/ch\/#organization"},"image":{"@id":"https:\/\/www.leeb-balkone.com\/ch\/blog\/lichterketten-als-ganzjaehrige-deko\/#primaryimage"},"thumbnailUrl":"https:\/\/www.leeb-balkone.com\/app\/uploads\/2020\/10\/lichterkette-terrasse-scaled.jpg","articleSection":["Balkongestaltung","Tipps zur Balkongestaltung","Weihnachtszeit"],"inLanguage":"de-CH"},{"@type":"WebPage","@id":"https:\/\/www.leeb-balkone.com\/ch\/blog\/lichterketten-als-ganzjaehrige-deko\/","url":"https:\/\/www.leeb-balkone.com\/ch\/blog\/lichterketten-als-ganzjaehrige-deko\/","name":"Lichterketten als ganzj\u00e4hrige Deko - Leeb Balkone","isPartOf":{"@id":"https:\/\/www.leeb-balkone.com\/ch\/#website"},"primaryImageOfPage":{"@id":"https:\/\/www.leeb-balkone.com\/ch\/blog\/lichterketten-als-ganzjaehrige-deko\/#primaryimage"},"image":{"@id":"https:\/\/www.leeb-balkone.com\/ch\/blog\/lichterketten-als-ganzjaehrige-deko\/#primaryimage"},"thumbnailUrl":"https:\/\/www.leeb-balkone.com\/app\/uploads\/2020\/10\/lichterkette-terrasse-scaled.jpg","datePublished":"2018-12-03T07:35:41+00:00","dateModified":"2023-01-16T16:18:39+00:00","description":"Lichterketten bringen nicht nur zur Weihnachtszeit eine wohlige, warme Atmosph\u00e4re in die Wohnr\u00e4ume. Sie k\u00f6nnen auch ganz gut als Deko f\u00fcr das ganze Jahr eingesetzt werden.","breadcrumb":{"@id":"https:\/\/www.leeb-balkone.com\/ch\/blog\/lichterketten-als-ganzjaehrige-deko\/#breadcrumb"},"inLanguage":"de-CH","potentialAction":[{"@type":"ReadAction","target":["https:\/\/www.leeb-balkone.com\/ch\/blog\/lichterketten-als-ganzjaehrige-deko\/"]}]},{"@type":"ImageObject","inLanguage":"de-CH","@id":"https:\/\/www.leeb-balkone.com\/ch\/blog\/lichterketten-als-ganzjaehrige-deko\/#primaryimage","url":"https:\/\/www.leeb-balkone.com\/app\/uploads\/2020\/10\/lichterkette-terrasse-scaled.jpg","contentUrl":"https:\/\/www.leeb-balkone.com\/app\/uploads\/2020\/10\/lichterkette-terrasse-scaled.jpg","width":2560,"height":1706},{"@type":"BreadcrumbList","@id":"https:\/\/www.leeb-balkone.com\/ch\/blog\/lichterketten-als-ganzjaehrige-deko\/#breadcrumb","itemListElement":[{"@type":"ListItem","position":1,"name":"Home","item":"https:\/\/www.leeb-balkone.com\/ch\/"},{"@type":"ListItem","position":2,"name":"Lichterketten als ganzj\u00e4hrige Deko"}]},{"@type":"WebSite","@id":"https:\/\/www.leeb-balkone.com\/ch\/#website","url":"https:\/\/www.leeb-balkone.com\/ch\/","name":"Leeb Balkone","description":"Balkone und Z\u00e4une","publisher":{"@id":"https:\/\/www.leeb-balkone.com\/ch\/#organization"},"potentialAction":[{"@type":"SearchAction","target":{"@type":"EntryPoint","urlTemplate":"https:\/\/www.leeb-balkone.com\/ch\/?s={search_term_string}"},"query-input":{"@type":"PropertyValueSpecification","valueRequired":true,"valueName":"search_term_string"}}],"inLanguage":"de-CH"},{"@type":"Organization","@id":"https:\/\/www.leeb-balkone.com\/ch\/#organization","name":"Leeb Balkone Gmbh","url":"https:\/\/www.leeb-balkone.com\/ch\/","logo":{"@type":"ImageObject","inLanguage":"de-CH","@id":"https:\/\/www.leeb-balkone.com\/ch\/#\/schema\/logo\/image\/","url":"https:\/\/www.leeb-balkone.com\/app\/uploads\/2020\/11\/leeb-logo.svg","contentUrl":"https:\/\/www.leeb-balkone.com\/app\/uploads\/2020\/11\/leeb-logo.svg","width":741,"height":204,"caption":"Leeb Balkone Gmbh"},"image":{"@id":"https:\/\/www.leeb-balkone.com\/ch\/#\/schema\/logo\/image\/"},"sameAs":["https:\/\/www.facebook.com\/balkone\/","https:\/\/www.trustedshops.at\/bewertung\/info_X4587CCF5833E31AFE0B11F47D86999F2.html","https:\/\/www.trustedshops.de\/bewertung\/info_X7BA536A7A0BDC86D36C4718E4DCAEEEF.html","https:\/\/www.google.com\/maps\/place\/?q=place_id:ChIJ5-zH19-IcEcR9HonWRTllHI"]},{"@type":"Person","@id":"https:\/\/www.leeb-balkone.com\/ch\/#\/schema\/person\/15f1f398efcf4703721e46c2136421fa","name":"jbacher"}]}},"_links":{"self":[{"href":"https:\/\/www.leeb-balkone.com\/ch\/wp-json\/wp\/v2\/posts\/18910","targetHints":{"allow":["GET"]}}],"collection":[{"href":"https:\/\/www.leeb-balkone.com\/ch\/wp-json\/wp\/v2\/posts"}],"about":[{"href":"https:\/\/www.leeb-balkone.com\/ch\/wp-json\/wp\/v2\/types\/post"}],"author":[{"embeddable":true,"href":"https:\/\/www.leeb-balkone.com\/ch\/wp-json\/wp\/v2\/users\/3"}],"replies":[{"embeddable":true,"href":"https:\/\/www.leeb-balkone.com\/ch\/wp-json\/wp\/v2\/comments?post=18910"}],"version-history":[{"count":0,"href":"https:\/\/www.leeb-balkone.com\/ch\/wp-json\/wp\/v2\/posts\/18910\/revisions"}],"wp:featuredmedia":[{"embeddable":true,"href":"https:\/\/www.leeb-balkone.com\/ch\/wp-json\/wp\/v2\/media\/12785"}],"wp:attachment":[{"href":"https:\/\/www.leeb-balkone.com\/ch\/wp-json\/wp\/v2\/media?parent=18910"}],"wp:term":[{"taxonomy":"category","embeddable":true,"href":"https:\/\/www.leeb-balkone.com\/ch\/wp-json\/wp\/v2\/categories?post=18910"},{"taxonomy":"post_tag","embeddable":true,"href":"https:\/\/www.leeb-balkone.com\/ch\/wp-json\/wp\/v2\/tags?post=18910"},{"taxonomy":"post_folder","embeddable":true,"href":"https:\/\/www.leeb-balkone.com\/ch\/wp-json\/wp\/v2\/post_folder?post=18910"}],"curies":[{"name":"wp","href":"https:\/\/api.w.org\/{rel}","templated":true}]}}