{"id":18908,"date":"2019-02-05T07:13:05","date_gmt":"2019-02-05T07:13:05","guid":{"rendered":"https:\/\/www.leeb-balkone.com\/de\/blog\/postdummy-2-2-3-2-2-2-2-2-2\/"},"modified":"2026-03-17T09:10:54","modified_gmt":"2026-03-17T09:10:54","slug":"alles-im-gleichen-farbton","status":"publish","type":"post","link":"https:\/\/www.leeb-balkone.com\/ch\/blog\/alles-im-gleichen-farbton\/","title":{"rendered":"Alles im gleichen Farbton"},"content":{"rendered":"<header data-block_acf-block-697a431985e1d class=\"c-fh  l-mh-small c-fh--hero c-grad-l2r c-fh--div none\">\n      <img loading=\"lazy\" decoding=\"async\" width=\"2560\" height=\"1707\" src=\"https:\/\/www.leeb-balkone.com\/app\/uploads\/2020\/08\/farbfaecher-ral-farben-scaled.jpg\" class=\"no-lazy\" alt=\"farbfaecher ral farben 4\" srcset=\"https:\/\/www.leeb-balkone.com\/app\/uploads\/2020\/08\/farbfaecher-ral-farben-scaled.jpg 2560w, https:\/\/www.leeb-balkone.com\/app\/uploads\/2020\/08\/farbfaecher-ral-farben-300x200.jpg 300w, https:\/\/www.leeb-balkone.com\/app\/uploads\/2020\/08\/farbfaecher-ral-farben-1024x683.jpg 1024w, https:\/\/www.leeb-balkone.com\/app\/uploads\/2020\/08\/farbfaecher-ral-farben-768x512.jpg 768w, https:\/\/www.leeb-balkone.com\/app\/uploads\/2020\/08\/farbfaecher-ral-farben-1536x1024.jpg 1536w, https:\/\/www.leeb-balkone.com\/app\/uploads\/2020\/08\/farbfaecher-ral-farben-2048x1366.jpg 2048w\" sizes=\"auto, (min-width: 1536px) 2048px, (min-width: 992px) 1536px, (min-width: 768px) 1024px, (min-width: 576px) 768px, 100vw\" \/>\n\n\n<div class=\"grid-container\">\n  <div class=\"grid-x\">\n    <div class=\"cell small-12 medium-6 medium-offset-1\">\n      <div class=\"c-fh__wrapper\">\n                              <p>Alle RAL-Farben sind genormt und haben weltweit den gleichen Farbcode.<\/p>\n                        <\/div>\n    <\/div>\n  <\/div>\n<\/div>\n  \n    \n    <\/header>\n\n\n  \n  <section class=\"wp-block-group alignfull t3-header u-max-wide t3-header-text has-white-background-color has-background has-global-padding is-layout-constrained wp-block-group-is-layout-constrained\">\n    <div class=\"wp-block-group o-grid u-md-1 u-sm-1 is-layout-flow wp-block-group-is-layout-flow\">\n  <div class=\"wp-block-group u-g-10 u-g-s-2\">\n      <div class=\"yoast-breadcrumbs\"><span><span><a href=\"https:\/\/www.leeb-balkone.com\/ch\/\">Home<\/a><\/span><\/span><\/div>\n      \n    <h1>Alles im gleichen Farbton<\/h1>\n  <\/div>\n<\/div>\n  <\/section>\n\n\n\n\n\n\n<section class=\"wp-block-cgb-t3-section-block alignfull b-pt-small  is-style-bg-white\" style=\"display:inherit;min-height:inherit\">\n<div class=\"wp-block-cgb-t3-container-block none\" style=\"background-color:none\"><div class=\"grid-container\"><div class=\"grid-x\"><div class=\"cell small-12 medium-9 large-0 medium-offset-1 b-has-lsmb\">\n<p>Die Zeit ist gekommen und Sie m\u00f6chten Ihr Eigenheim auf Vordermann bringen und St\u00fcck f\u00fcr St\u00fcck sanieren. Dabei ist Ihnen wichtig, dass alles zusammenpasst. Fensterrahmen, Balkon und T\u00fcren. Sogar der Zaun und die Gartenh\u00fctte sollten farblich dazu passen. Wussten Sie, dass alle Farben genormt sind und dass man sich die Farben auch in jedem Baumarkt mischen lassen kann?<\/p>\n\n\n\n<h2 class=\"wp-block-heading\">Ein weltweit g\u00fcltiges Farbsystem<\/h2>\n\n\n\n<p>Bestimmt haben Sie schon einmal vom RAL-Farbsystem geh\u00f6rt, oder von einer sogenannten RAL-Karte. Aber wissen Sie, was dahintersteckt und warum es uns das Leben um einiges erleichtert? RAL steht eigentlich f\u00fcr \u201eReichs-Ausschluss f\u00fcr Lieferbedingungen\u201c und wurde im Jahr 1925 als Verein gegr\u00fcndet. Wenig sp\u00e4ter wurden auch Farbt\u00f6ne eindeutig festgelegt. Das passierte in einer Zeit des wirtschaftlichen Aufschwungs, in der die ersten Automobile in Serie produziert wurden. 1927 ver\u00f6ffentlichte RAL eine Sammlung der 40 g\u00e4ngigsten Farbt\u00f6ne, die erstmals definiert und mit Nummern versehen wurden. Heute gibt es mehr als 2.328 genormte RAL-Farben in Industrie, Handwerk und Design, die auf der gesamten Welt g\u00fcltig sind. 2008 wurde die RAL gGmbH gegr\u00fcndet. Sie ist eine 100%ige Tochter des RAL Deutsches Institut f\u00fcr G\u00fctesicherung und Kennzeichnung e.V., wie sich der Verein heute nennt.<\/p>\n<\/div><\/div><\/div><\/div>\n\n\n\n<div class=\"wp-block-cgb-t3-container-block none\" style=\"background-color:none\"><div class=\"grid-container\"><div class=\"grid-x\"><div class=\"cell small-12 medium-0 large-0\"><div id=\"lightgallery-block_acf-block-697a431985e3b\" data-block_acf-block-697a431985e3b class=\"has-1-imgs b-cards b-cards--gallery u-grid-temp has-1-cols u-md-2 u-sm-1 wp-block-group is-layout-grid wp-block-group-is-layout-grid gallery alignwide\">\n\n        <div class=\"b-cards__item\">\n\n        \n      <figure>\n                 <img loading=\"lazy\" decoding=\"async\" width=\"1536\" height=\"1022\" src=\"https:\/\/www.leeb-balkone.com\/app\/uploads\/2020\/10\/farbfaecher-ral-farben-1-1536x1022.jpg\" class=\"attachment-1536x1536 size-1536x1536\" alt=\"farbfaecher ral farben 1\" srcset=\"https:\/\/www.leeb-balkone.com\/app\/uploads\/2020\/10\/farbfaecher-ral-farben-1-1536x1022.jpg 1536w, https:\/\/www.leeb-balkone.com\/app\/uploads\/2020\/10\/farbfaecher-ral-farben-1-300x200.jpg 300w, https:\/\/www.leeb-balkone.com\/app\/uploads\/2020\/10\/farbfaecher-ral-farben-1-1024x681.jpg 1024w, https:\/\/www.leeb-balkone.com\/app\/uploads\/2020\/10\/farbfaecher-ral-farben-1-768x511.jpg 768w, https:\/\/www.leeb-balkone.com\/app\/uploads\/2020\/10\/farbfaecher-ral-farben-1-2048x1363.jpg 2048w\" sizes=\"auto, (min-width: 1200px) 100vw, (min-width: 1024px) 1536px, (min-width: 640px) 768px, 768px\" \/>              <\/figure>\n\n                  \n  \n<\/div>\n\n    <\/div>\n\n<\/div><\/div><\/div><\/div>\n\n\n\n<div class=\"wp-block-cgb-t3-container-block none\" style=\"background-color:none\"><div class=\"grid-container\"><div class=\"grid-x\"><div class=\"cell small-12 medium-9 large-0 medium-offset-1 b-has-lsmb\">\n<h2 class=\"wp-block-heading\">Jeder Farbton hat einen anderen Code<\/h2>\n\n\n\n<p>Das RAL Institut f\u00fchrt verschiedene Farbsammlungen. Am bekanntesten ist die Sammlung RAL Classic. Dabei ist jeder Farbton mit einem 4-stelligen Code versehen. Der Zweck der Normung ist, dass Kunde und Lieferant nur die RAL-Nummer austauschen m\u00fcssen. Dabei steht das K\u00fcrzel \u201eHR\u201c f\u00fcr matte Oberfl\u00e4che und \u201eGL\u201c f\u00fcr gl\u00e4nzende Oberfl\u00e4che. Damit ein Farbton in die RAL-Karte mitaufgenommen wird, m\u00fcssen gewisse Kriterien erf\u00fcllt werden. Zum Beispiel muss der Farbton zeitgem\u00e4\u00df sein und einem \u00fcbergeordneten \u00f6ffentlichen Interesse unterliegen. Er muss eine hohe Deckkraft haben und sich deutlich von vorhanden Farbt\u00f6nen unterscheiden. Au\u00dferdem muss er umweltfreundlich und witterungsbest\u00e4ndig herstellbar sein. Es ist also gar nicht so einfach einen neuen Farbton zu bestimmen.<\/p>\n<\/div><\/div><\/div><\/div>\n\n\n\n<div class=\"wp-block-cgb-t3-container-block none\" style=\"background-color:none\"><div class=\"grid-container\"><div class=\"grid-x\"><div class=\"cell small-12 medium-0 large-0\"><div id=\"lightgallery-block_acf-block-697a431985e4b\" data-block_acf-block-697a431985e4b class=\"has-1-imgs b-cards b-cards--gallery u-grid-temp has-1-cols u-md-2 u-sm-1 wp-block-group is-layout-grid wp-block-group-is-layout-grid gallery alignwide\">\n\n        <div class=\"b-cards__item\">\n\n        \n      <figure>\n                 <img loading=\"lazy\" decoding=\"async\" width=\"1536\" height=\"1024\" src=\"https:\/\/www.leeb-balkone.com\/app\/uploads\/2020\/10\/farbfaecher-ral-farben-3-1536x1024.jpg\" class=\"attachment-1536x1536 size-1536x1536\" alt=\"farbfaecher ral farben 3\" srcset=\"https:\/\/www.leeb-balkone.com\/app\/uploads\/2020\/10\/farbfaecher-ral-farben-3-1536x1024.jpg 1536w, https:\/\/www.leeb-balkone.com\/app\/uploads\/2020\/10\/farbfaecher-ral-farben-3-300x200.jpg 300w, https:\/\/www.leeb-balkone.com\/app\/uploads\/2020\/10\/farbfaecher-ral-farben-3-1024x683.jpg 1024w, https:\/\/www.leeb-balkone.com\/app\/uploads\/2020\/10\/farbfaecher-ral-farben-3-768x512.jpg 768w, https:\/\/www.leeb-balkone.com\/app\/uploads\/2020\/10\/farbfaecher-ral-farben-3-2048x1366.jpg 2048w\" sizes=\"auto, (min-width: 1200px) 100vw, (min-width: 1024px) 1536px, (min-width: 640px) 768px, 768px\" \/>              <\/figure>\n\n                  \n  \n<\/div>\n\n    <\/div>\n\n<\/div><\/div><\/div><\/div>\n\n\n\n<div class=\"wp-block-cgb-t3-container-block none\" style=\"background-color:none\"><div class=\"grid-container\"><div class=\"grid-x\"><div class=\"cell small-12 medium-9 large-0 medium-offset-1 b-has-lsmb\">\n<h2 class=\"wp-block-heading\">Alles im gleichen Farbton<\/h2>\n\n\n\n<p>\u201eRALseidank\u201c k\u00f6nnen wir also alles im selben Farbton gestalten und das ganz unkompliziert mit den genormten Farbcodes. Wenn Sie zum Bespiel Ihre Hundeh\u00fctte im gleichen Farbton streichen m\u00f6chten, den auch schon Ihr Balkon hat, brauchen Sie nur mit dem Farbcode zum Baumarkt fahren und sich die Farbe abmischen lassen. Oder Sie m\u00f6chten den Balkon der Farbe der Fensterrahmen anpassen? Auch kein Problem, da ja alle Farben genormt sind. Es ist also besonders wichtig, sich die RAL-Codes gut aufzubewahren. Farben lassen sich im Baumarkt immer abmischen und auch an einem Farbsystem, das bereits seit 1927 besteht, wird sich nichts grundlegendes mehr \u00e4ndern.<\/p>\n<\/div><\/div><\/div><\/div>\n\n\n\n<div class=\"wp-block-cgb-t3-container-block none\" style=\"background-color:none\"><div class=\"grid-container\"><div class=\"grid-x\"><div class=\"cell small-12 medium-0 large-0\"><div id=\"lightgallery-block_acf-block-697a431985e6b\" data-block_acf-block-697a431985e6b class=\"has-1-imgs b-cards b-cards--gallery u-grid-temp has-1-cols u-md-2 u-sm-1 wp-block-group is-layout-grid wp-block-group-is-layout-grid gallery alignwide\">\n\n        <div class=\"b-cards__item\">\n\n              <div class=\"badge-wrapper\">\n    \n      <figure>\n                 <img loading=\"lazy\" decoding=\"async\" width=\"1536\" height=\"1022\" src=\"https:\/\/www.leeb-balkone.com\/app\/uploads\/2020\/09\/balkongelaender-alu-classic-vilshofen-luxus-6-1-1536x1022.jpg\" class=\"attachment-1536x1536 size-1536x1536\" alt=\"Gelungene Farbkombination mit Alu Classic Vilshofen Luxus Balkongel\u00e4nder\" srcset=\"https:\/\/www.leeb-balkone.com\/app\/uploads\/2020\/09\/balkongelaender-alu-classic-vilshofen-luxus-6-1-1536x1022.jpg 1536w, https:\/\/www.leeb-balkone.com\/app\/uploads\/2020\/09\/balkongelaender-alu-classic-vilshofen-luxus-6-1-300x200.jpg 300w, https:\/\/www.leeb-balkone.com\/app\/uploads\/2020\/09\/balkongelaender-alu-classic-vilshofen-luxus-6-1-1024x681.jpg 1024w, https:\/\/www.leeb-balkone.com\/app\/uploads\/2020\/09\/balkongelaender-alu-classic-vilshofen-luxus-6-1-768x511.jpg 768w, https:\/\/www.leeb-balkone.com\/app\/uploads\/2020\/09\/balkongelaender-alu-classic-vilshofen-luxus-6-1-2048x1363.jpg 2048w\" sizes=\"auto, (min-width: 1200px) 100vw, (min-width: 1024px) 1536px, (min-width: 640px) 768px, 768px\" \/>              <\/figure>\n\n              <div class=\"badge\">Individualanfertigung<\/div>\n                    <\/div>\n            \n  \n<\/div>\n\n    <\/div>\n\n<\/div><\/div><\/div><\/div>\n<\/section>\n\n\n\n<p><\/p>\n","protected":false},"excerpt":{"rendered":"<p>Bestimmt haben Sie schon einmal etwas von einer RAL-Karte geh\u00f6rt. Dann wissen Sie vielleicht auch, warum uns dieses System das Leben um einiges erleichtert. Hier finden Sie weitere Informationen und Tipps.<\/p>\n","protected":false},"author":3,"featured_media":12400,"comment_status":"closed","ping_status":"open","sticky":false,"template":"template-onepager.blade.php","format":"standard","meta":{"_acf_changed":false,"footnotes":""},"categories":[164,160,153],"tags":[],"post_folder":[],"class_list":["post-18908","post","type-post","status-publish","format-standard","has-post-thumbnail","hentry","category-balkonbau-mit-leeb","category-balkongestaltung","category-tipps-zur-balkongestaltung"],"acf":[],"yoast_head":"<!-- This site is optimized with the Yoast SEO plugin v27.2 - https:\/\/yoast.com\/product\/yoast-seo-wordpress\/ -->\n<title>Alles im gleichen Farbton - Leeb Balkone Schweiz<\/title>\n<meta name=\"description\" content=\"Bestimmt haben Sie schon einmal etwas von einer RAL-Karte geh\u00f6rt. Dann wissen Sie vielleicht auch, warum uns dieses System das Leben um einiges erleichtert. Hier finden Sie weitere Informationen und Tipps.\" \/>\n<meta name=\"robots\" content=\"index, follow, max-snippet:-1, max-image-preview:large, max-video-preview:-1\" \/>\n<meta property=\"og:locale\" content=\"de_DE\" \/>\n<meta property=\"og:type\" content=\"article\" \/>\n<meta property=\"og:title\" content=\"Alles im gleichen Farbton - Leeb Balkone\" \/>\n<meta property=\"og:description\" content=\"Bestimmt haben Sie schon einmal etwas von einer RAL-Karte geh\u00f6rt. Dann wissen Sie vielleicht auch, warum uns dieses System das Leben um einiges erleichtert. Hier finden Sie weitere Informationen und Tipps.\" \/>\n<meta property=\"og:url\" content=\"https:\/\/www.leeb-balkone.com\/ch\/blog\/alles-im-gleichen-farbton\/\" \/>\n<meta property=\"og:site_name\" content=\"Leeb Balkone\" \/>\n<meta property=\"article:publisher\" content=\"https:\/\/www.facebook.com\/balkone\/\" \/>\n<meta property=\"article:published_time\" content=\"2019-02-05T07:13:05+00:00\" \/>\n<meta property=\"article:modified_time\" content=\"2026-03-17T09:10:54+00:00\" \/>\n<meta property=\"og:image\" content=\"https:\/\/www.leeb-balkone.com\/app\/uploads\/2020\/08\/farbfaecher-ral-farben-scaled.jpg\" \/>\n\t<meta property=\"og:image:width\" content=\"2560\" \/>\n\t<meta property=\"og:image:height\" content=\"1707\" \/>\n\t<meta property=\"og:image:type\" content=\"image\/jpeg\" \/>\n<meta name=\"author\" content=\"jbacher\" \/>\n<meta name=\"twitter:card\" content=\"summary_large_image\" \/>\n<script type=\"application\/ld+json\" class=\"yoast-schema-graph\">{\"@context\":\"https:\/\/schema.org\",\"@graph\":[{\"@type\":\"Article\",\"@id\":\"https:\/\/www.leeb-balkone.com\/ch\/blog\/alles-im-gleichen-farbton\/#article\",\"isPartOf\":{\"@id\":\"https:\/\/www.leeb-balkone.com\/ch\/blog\/alles-im-gleichen-farbton\/\"},\"author\":{\"name\":\"jbacher\",\"@id\":\"https:\/\/www.leeb-balkone.com\/ch\/#\/schema\/person\/15f1f398efcf4703721e46c2136421fa\"},\"headline\":\"Alles im gleichen Farbton\",\"datePublished\":\"2019-02-05T07:13:05+00:00\",\"dateModified\":\"2026-03-17T09:10:54+00:00\",\"mainEntityOfPage\":{\"@id\":\"https:\/\/www.leeb-balkone.com\/ch\/blog\/alles-im-gleichen-farbton\/\"},\"wordCount\":446,\"publisher\":{\"@id\":\"https:\/\/www.leeb-balkone.com\/ch\/#organization\"},\"image\":{\"@id\":\"https:\/\/www.leeb-balkone.com\/ch\/blog\/alles-im-gleichen-farbton\/#primaryimage\"},\"thumbnailUrl\":\"https:\/\/www.leeb-balkone.com\/app\/uploads\/2020\/08\/farbfaecher-ral-farben-scaled.jpg\",\"articleSection\":[\"Balkonbau mit Leeb\",\"Balkongestaltung\",\"Tipps zur Balkongestaltung\"],\"inLanguage\":\"de-CH\"},{\"@type\":\"WebPage\",\"@id\":\"https:\/\/www.leeb-balkone.com\/ch\/blog\/alles-im-gleichen-farbton\/\",\"url\":\"https:\/\/www.leeb-balkone.com\/ch\/blog\/alles-im-gleichen-farbton\/\",\"name\":\"Alles im gleichen Farbton - Leeb Balkone\",\"isPartOf\":{\"@id\":\"https:\/\/www.leeb-balkone.com\/ch\/#website\"},\"primaryImageOfPage\":{\"@id\":\"https:\/\/www.leeb-balkone.com\/ch\/blog\/alles-im-gleichen-farbton\/#primaryimage\"},\"image\":{\"@id\":\"https:\/\/www.leeb-balkone.com\/ch\/blog\/alles-im-gleichen-farbton\/#primaryimage\"},\"thumbnailUrl\":\"https:\/\/www.leeb-balkone.com\/app\/uploads\/2020\/08\/farbfaecher-ral-farben-scaled.jpg\",\"datePublished\":\"2019-02-05T07:13:05+00:00\",\"dateModified\":\"2026-03-17T09:10:54+00:00\",\"description\":\"Bestimmt haben Sie schon einmal etwas von einer RAL-Karte geh\u00f6rt. Dann wissen Sie vielleicht auch, warum uns dieses System das Leben um einiges erleichtert. Hier finden Sie weitere Informationen und Tipps.\",\"breadcrumb\":{\"@id\":\"https:\/\/www.leeb-balkone.com\/ch\/blog\/alles-im-gleichen-farbton\/#breadcrumb\"},\"inLanguage\":\"de-CH\",\"potentialAction\":[{\"@type\":\"ReadAction\",\"target\":[\"https:\/\/www.leeb-balkone.com\/ch\/blog\/alles-im-gleichen-farbton\/\"]}]},{\"@type\":\"ImageObject\",\"inLanguage\":\"de-CH\",\"@id\":\"https:\/\/www.leeb-balkone.com\/ch\/blog\/alles-im-gleichen-farbton\/#primaryimage\",\"url\":\"https:\/\/www.leeb-balkone.com\/app\/uploads\/2020\/08\/farbfaecher-ral-farben-scaled.jpg\",\"contentUrl\":\"https:\/\/www.leeb-balkone.com\/app\/uploads\/2020\/08\/farbfaecher-ral-farben-scaled.jpg\",\"width\":2560,\"height\":1707},{\"@type\":\"BreadcrumbList\",\"@id\":\"https:\/\/www.leeb-balkone.com\/ch\/blog\/alles-im-gleichen-farbton\/#breadcrumb\",\"itemListElement\":[{\"@type\":\"ListItem\",\"position\":1,\"name\":\"Home\",\"item\":\"https:\/\/www.leeb-balkone.com\/ch\/\"},{\"@type\":\"ListItem\",\"position\":2,\"name\":\"Alles im gleichen Farbton\"}]},{\"@type\":\"WebSite\",\"@id\":\"https:\/\/www.leeb-balkone.com\/ch\/#website\",\"url\":\"https:\/\/www.leeb-balkone.com\/ch\/\",\"name\":\"Leeb Balkone\",\"description\":\"Balkone und Z\u00e4une\",\"publisher\":{\"@id\":\"https:\/\/www.leeb-balkone.com\/ch\/#organization\"},\"potentialAction\":[{\"@type\":\"SearchAction\",\"target\":{\"@type\":\"EntryPoint\",\"urlTemplate\":\"https:\/\/www.leeb-balkone.com\/ch\/?s={search_term_string}\"},\"query-input\":{\"@type\":\"PropertyValueSpecification\",\"valueRequired\":true,\"valueName\":\"search_term_string\"}}],\"inLanguage\":\"de-CH\"},{\"@type\":\"Organization\",\"@id\":\"https:\/\/www.leeb-balkone.com\/ch\/#organization\",\"name\":\"Leeb Balkone Gmbh\",\"url\":\"https:\/\/www.leeb-balkone.com\/ch\/\",\"logo\":{\"@type\":\"ImageObject\",\"inLanguage\":\"de-CH\",\"@id\":\"https:\/\/www.leeb-balkone.com\/ch\/#\/schema\/logo\/image\/\",\"url\":\"https:\/\/www.leeb-balkone.com\/app\/uploads\/2020\/11\/leeb-logo.svg\",\"contentUrl\":\"https:\/\/www.leeb-balkone.com\/app\/uploads\/2020\/11\/leeb-logo.svg\",\"width\":741,\"height\":204,\"caption\":\"Leeb Balkone Gmbh\"},\"image\":{\"@id\":\"https:\/\/www.leeb-balkone.com\/ch\/#\/schema\/logo\/image\/\"},\"sameAs\":[\"https:\/\/www.facebook.com\/balkone\/\",\"https:\/\/www.trustedshops.at\/bewertung\/info_X4587CCF5833E31AFE0B11F47D86999F2.html\",\"https:\/\/www.trustedshops.de\/bewertung\/info_X7BA536A7A0BDC86D36C4718E4DCAEEEF.html\",\"https:\/\/www.google.com\/maps\/place\/?q=place_id:ChIJ5-zH19-IcEcR9HonWRTllHI\"]},{\"@type\":\"Person\",\"@id\":\"https:\/\/www.leeb-balkone.com\/ch\/#\/schema\/person\/15f1f398efcf4703721e46c2136421fa\",\"name\":\"jbacher\"}]}<\/script>\n<!-- \/ Yoast SEO plugin. -->","yoast_head_json":{"title":"Alles im gleichen Farbton - Leeb Balkone Schweiz","description":"Bestimmt haben Sie schon einmal etwas von einer RAL-Karte geh\u00f6rt. Dann wissen Sie vielleicht auch, warum uns dieses System das Leben um einiges erleichtert. Hier finden Sie weitere Informationen und Tipps.","robots":{"index":"index","follow":"follow","max-snippet":"max-snippet:-1","max-image-preview":"max-image-preview:large","max-video-preview":"max-video-preview:-1"},"og_locale":"de_DE","og_type":"article","og_title":"Alles im gleichen Farbton - Leeb Balkone","og_description":"Bestimmt haben Sie schon einmal etwas von einer RAL-Karte geh\u00f6rt. Dann wissen Sie vielleicht auch, warum uns dieses System das Leben um einiges erleichtert. Hier finden Sie weitere Informationen und Tipps.","og_url":"https:\/\/www.leeb-balkone.com\/ch\/blog\/alles-im-gleichen-farbton\/","og_site_name":"Leeb Balkone","article_publisher":"https:\/\/www.facebook.com\/balkone\/","article_published_time":"2019-02-05T07:13:05+00:00","article_modified_time":"2026-03-17T09:10:54+00:00","og_image":[{"width":2560,"height":1707,"url":"https:\/\/www.leeb-balkone.com\/app\/uploads\/2020\/08\/farbfaecher-ral-farben-scaled.jpg","type":"image\/jpeg"}],"author":"jbacher","twitter_card":"summary_large_image","schema":{"@context":"https:\/\/schema.org","@graph":[{"@type":"Article","@id":"https:\/\/www.leeb-balkone.com\/ch\/blog\/alles-im-gleichen-farbton\/#article","isPartOf":{"@id":"https:\/\/www.leeb-balkone.com\/ch\/blog\/alles-im-gleichen-farbton\/"},"author":{"name":"jbacher","@id":"https:\/\/www.leeb-balkone.com\/ch\/#\/schema\/person\/15f1f398efcf4703721e46c2136421fa"},"headline":"Alles im gleichen Farbton","datePublished":"2019-02-05T07:13:05+00:00","dateModified":"2026-03-17T09:10:54+00:00","mainEntityOfPage":{"@id":"https:\/\/www.leeb-balkone.com\/ch\/blog\/alles-im-gleichen-farbton\/"},"wordCount":446,"publisher":{"@id":"https:\/\/www.leeb-balkone.com\/ch\/#organization"},"image":{"@id":"https:\/\/www.leeb-balkone.com\/ch\/blog\/alles-im-gleichen-farbton\/#primaryimage"},"thumbnailUrl":"https:\/\/www.leeb-balkone.com\/app\/uploads\/2020\/08\/farbfaecher-ral-farben-scaled.jpg","articleSection":["Balkonbau mit Leeb","Balkongestaltung","Tipps zur Balkongestaltung"],"inLanguage":"de-CH"},{"@type":"WebPage","@id":"https:\/\/www.leeb-balkone.com\/ch\/blog\/alles-im-gleichen-farbton\/","url":"https:\/\/www.leeb-balkone.com\/ch\/blog\/alles-im-gleichen-farbton\/","name":"Alles im gleichen Farbton - Leeb Balkone","isPartOf":{"@id":"https:\/\/www.leeb-balkone.com\/ch\/#website"},"primaryImageOfPage":{"@id":"https:\/\/www.leeb-balkone.com\/ch\/blog\/alles-im-gleichen-farbton\/#primaryimage"},"image":{"@id":"https:\/\/www.leeb-balkone.com\/ch\/blog\/alles-im-gleichen-farbton\/#primaryimage"},"thumbnailUrl":"https:\/\/www.leeb-balkone.com\/app\/uploads\/2020\/08\/farbfaecher-ral-farben-scaled.jpg","datePublished":"2019-02-05T07:13:05+00:00","dateModified":"2026-03-17T09:10:54+00:00","description":"Bestimmt haben Sie schon einmal etwas von einer RAL-Karte geh\u00f6rt. Dann wissen Sie vielleicht auch, warum uns dieses System das Leben um einiges erleichtert. Hier finden Sie weitere Informationen und Tipps.","breadcrumb":{"@id":"https:\/\/www.leeb-balkone.com\/ch\/blog\/alles-im-gleichen-farbton\/#breadcrumb"},"inLanguage":"de-CH","potentialAction":[{"@type":"ReadAction","target":["https:\/\/www.leeb-balkone.com\/ch\/blog\/alles-im-gleichen-farbton\/"]}]},{"@type":"ImageObject","inLanguage":"de-CH","@id":"https:\/\/www.leeb-balkone.com\/ch\/blog\/alles-im-gleichen-farbton\/#primaryimage","url":"https:\/\/www.leeb-balkone.com\/app\/uploads\/2020\/08\/farbfaecher-ral-farben-scaled.jpg","contentUrl":"https:\/\/www.leeb-balkone.com\/app\/uploads\/2020\/08\/farbfaecher-ral-farben-scaled.jpg","width":2560,"height":1707},{"@type":"BreadcrumbList","@id":"https:\/\/www.leeb-balkone.com\/ch\/blog\/alles-im-gleichen-farbton\/#breadcrumb","itemListElement":[{"@type":"ListItem","position":1,"name":"Home","item":"https:\/\/www.leeb-balkone.com\/ch\/"},{"@type":"ListItem","position":2,"name":"Alles im gleichen Farbton"}]},{"@type":"WebSite","@id":"https:\/\/www.leeb-balkone.com\/ch\/#website","url":"https:\/\/www.leeb-balkone.com\/ch\/","name":"Leeb Balkone","description":"Balkone und Z\u00e4une","publisher":{"@id":"https:\/\/www.leeb-balkone.com\/ch\/#organization"},"potentialAction":[{"@type":"SearchAction","target":{"@type":"EntryPoint","urlTemplate":"https:\/\/www.leeb-balkone.com\/ch\/?s={search_term_string}"},"query-input":{"@type":"PropertyValueSpecification","valueRequired":true,"valueName":"search_term_string"}}],"inLanguage":"de-CH"},{"@type":"Organization","@id":"https:\/\/www.leeb-balkone.com\/ch\/#organization","name":"Leeb Balkone Gmbh","url":"https:\/\/www.leeb-balkone.com\/ch\/","logo":{"@type":"ImageObject","inLanguage":"de-CH","@id":"https:\/\/www.leeb-balkone.com\/ch\/#\/schema\/logo\/image\/","url":"https:\/\/www.leeb-balkone.com\/app\/uploads\/2020\/11\/leeb-logo.svg","contentUrl":"https:\/\/www.leeb-balkone.com\/app\/uploads\/2020\/11\/leeb-logo.svg","width":741,"height":204,"caption":"Leeb Balkone Gmbh"},"image":{"@id":"https:\/\/www.leeb-balkone.com\/ch\/#\/schema\/logo\/image\/"},"sameAs":["https:\/\/www.facebook.com\/balkone\/","https:\/\/www.trustedshops.at\/bewertung\/info_X4587CCF5833E31AFE0B11F47D86999F2.html","https:\/\/www.trustedshops.de\/bewertung\/info_X7BA536A7A0BDC86D36C4718E4DCAEEEF.html","https:\/\/www.google.com\/maps\/place\/?q=place_id:ChIJ5-zH19-IcEcR9HonWRTllHI"]},{"@type":"Person","@id":"https:\/\/www.leeb-balkone.com\/ch\/#\/schema\/person\/15f1f398efcf4703721e46c2136421fa","name":"jbacher"}]}},"_links":{"self":[{"href":"https:\/\/www.leeb-balkone.com\/ch\/wp-json\/wp\/v2\/posts\/18908","targetHints":{"allow":["GET"]}}],"collection":[{"href":"https:\/\/www.leeb-balkone.com\/ch\/wp-json\/wp\/v2\/posts"}],"about":[{"href":"https:\/\/www.leeb-balkone.com\/ch\/wp-json\/wp\/v2\/types\/post"}],"author":[{"embeddable":true,"href":"https:\/\/www.leeb-balkone.com\/ch\/wp-json\/wp\/v2\/users\/3"}],"replies":[{"embeddable":true,"href":"https:\/\/www.leeb-balkone.com\/ch\/wp-json\/wp\/v2\/comments?post=18908"}],"version-history":[{"count":1,"href":"https:\/\/www.leeb-balkone.com\/ch\/wp-json\/wp\/v2\/posts\/18908\/revisions"}],"predecessor-version":[{"id":163685,"href":"https:\/\/www.leeb-balkone.com\/ch\/wp-json\/wp\/v2\/posts\/18908\/revisions\/163685"}],"wp:featuredmedia":[{"embeddable":true,"href":"https:\/\/www.leeb-balkone.com\/ch\/wp-json\/wp\/v2\/media\/12400"}],"wp:attachment":[{"href":"https:\/\/www.leeb-balkone.com\/ch\/wp-json\/wp\/v2\/media?parent=18908"}],"wp:term":[{"taxonomy":"category","embeddable":true,"href":"https:\/\/www.leeb-balkone.com\/ch\/wp-json\/wp\/v2\/categories?post=18908"},{"taxonomy":"post_tag","embeddable":true,"href":"https:\/\/www.leeb-balkone.com\/ch\/wp-json\/wp\/v2\/tags?post=18908"},{"taxonomy":"post_folder","embeddable":true,"href":"https:\/\/www.leeb-balkone.com\/ch\/wp-json\/wp\/v2\/post_folder?post=18908"}],"curies":[{"name":"wp","href":"https:\/\/api.w.org\/{rel}","templated":true}]}}