{"id":18898,"date":"2019-07-02T13:29:15","date_gmt":"2019-07-02T13:29:15","guid":{"rendered":"https:\/\/www.leeb-balkone.com\/de\/blog\/postdummy-5\/"},"modified":"2023-01-16T16:12:59","modified_gmt":"2023-01-16T16:12:59","slug":"gesund-am-balkon-teil-3","status":"publish","type":"post","link":"https:\/\/www.leeb-balkone.com\/ch\/blog\/gesund-am-balkon-teil-3\/","title":{"rendered":"Gesund am Balkon: Teil 3"},"content":{"rendered":"<header data-block_8d8a2cbd11c3dd38276c998de7612a70 class=\"c-fh  l-mh-small c-fh--hero c-grad-l2r c-fh--div none\">\n      <img loading=\"lazy\" decoding=\"async\" width=\"2560\" height=\"853\" src=\"https:\/\/www.leeb-balkone.com\/app\/uploads\/2020\/10\/gesund-am-balkon-211402669-scaled.jpg\" class=\"no-lazy\" alt=\"gesund am balkon 211402669\" srcset=\"https:\/\/www.leeb-balkone.com\/app\/uploads\/2020\/10\/gesund-am-balkon-211402669-scaled.jpg 2560w, https:\/\/www.leeb-balkone.com\/app\/uploads\/2020\/10\/gesund-am-balkon-211402669-300x100.jpg 300w, https:\/\/www.leeb-balkone.com\/app\/uploads\/2020\/10\/gesund-am-balkon-211402669-1024x341.jpg 1024w, https:\/\/www.leeb-balkone.com\/app\/uploads\/2020\/10\/gesund-am-balkon-211402669-768x256.jpg 768w, https:\/\/www.leeb-balkone.com\/app\/uploads\/2020\/10\/gesund-am-balkon-211402669-1536x512.jpg 1536w, https:\/\/www.leeb-balkone.com\/app\/uploads\/2020\/10\/gesund-am-balkon-211402669-2048x682.jpg 2048w\" sizes=\"auto, (min-width: 1536px) 2048px, (min-width: 992px) 1536px, (min-width: 768px) 1024px, (min-width: 576px) 768px, 100vw\" \/>\n\n\n<div class=\"grid-container\">\n  <div class=\"grid-x\">\n    <div class=\"cell small-12 medium-6 medium-offset-1\">\n      <div class=\"c-fh__wrapper\">\n                              <p>Ein gutes Buch in der Hand und die Beine hochgelegt \u2013 so sch\u00f6n kann Feierabend sein!<\/p>\n                        <\/div>\n    <\/div>\n  <\/div>\n<\/div>\n  \n    \n    <\/header>\n\n\n  \n  <section class=\"wp-block-group alignfull t3-header u-max-wide t3-header-text has-white-background-color has-background has-global-padding is-layout-constrained wp-block-group-is-layout-constrained\">\n    <div class=\"wp-block-group o-grid u-md-1 u-sm-1 is-layout-flow wp-block-group-is-layout-flow\">\n  <div class=\"wp-block-group u-g-10 u-g-s-2\">\n      <div class=\"yoast-breadcrumbs\"><span><span><a href=\"https:\/\/www.leeb-balkone.com\/ch\/\">Home<\/a><\/span><\/span><\/div>\n      \n    <h1>Gesund am Balkon: Teil 3<\/h1>\n  <\/div>\n<\/div>\n  <\/section>\n\n\n\n\n\n\n<section class=\"wp-block-cgb-t3-section-block alignfull b-pt-small  is-style-bg-white\" style=\"display:inherit;min-height:inherit\">\n<div class=\"wp-block-cgb-t3-container-block none\" style=\"background-color:none\"><div class=\"grid-container\"><div class=\"grid-x\"><div class=\"cell small-12 medium-9 large-0 medium-offset-1 b-has-lsmb\">\n<p>Die Blogreihe \u201eGesund am Balkon\u201c soll Einblick in gesundheitliche Themen geben, denen \u2013 im Gegensatz zu Fitness und Ern\u00e4hrung \u2013 noch immer zu wenig Aufmerksamkeit zukommt. Der dritte und letzte Teil der Serie zeigt, wie man nach einem langen Tag im B\u00fcro am besten entspannen kann \u2013 mit Tipps, die nicht viel Zeit in Anspruch nehmen, aber dennoch sehr effektiv sind.<\/p>\n\n\n\n<h2 class=\"wp-block-heading\">Einfach mal abschalten<\/h2>\n\n\n\n<p>Whatsapp-Nachrichten, Instagram Fotos, Facebook Beitr\u00e4ge und E-Mails \u2013 mit alldem und noch vielem mehr werden wir tagt\u00e4glich \u00fcbersch\u00fcttet. Dass es oft die eigene Entscheidung ist, steht au\u00dfer Frage. Ohne Smartphone zu leben ist f\u00fcr viele heute wohl undenkbar. Dabei kann es schon einen Unterschied machen, ob man das Handy am wohl verdienten Feierabend kurz weglegt oder nicht. Wie w\u00e4re es, statt Nachrichten am Handy oder Tablet zu checken, einfach mal ein gutes Buch zu lesen? Also raus auf den Balkon, die Beine hochlegen und abschalten!<\/p>\n<\/div><\/div><\/div><\/div>\n\n\n\n<div class=\"wp-block-cgb-t3-container-block none\" style=\"background-color:none\"><div class=\"grid-container\"><div class=\"grid-x\"><div class=\"cell small-12 medium-0 large-0\"><div id=\"lightgallery-block_91a05f949c455f4639a4d10a27efd6b4\" data-block_91a05f949c455f4639a4d10a27efd6b4 class=\"has-1-imgs b-cards b-cards--gallery u-grid-temp has-1-cols u-md-2 u-sm-1 wp-block-group is-layout-grid wp-block-group-is-layout-grid gallery alignwide\">\n\n        <div class=\"b-cards__item\">\n\n        \n      <figure>\n                 <img loading=\"lazy\" decoding=\"async\" width=\"1536\" height=\"1024\" src=\"https:\/\/www.leeb-balkone.com\/app\/uploads\/2020\/10\/gesund-am-balkon-210157277-1536x1024.jpg\" class=\"attachment-1536x1536 size-1536x1536\" alt=\"gesund am balkon 210157277\" srcset=\"https:\/\/www.leeb-balkone.com\/app\/uploads\/2020\/10\/gesund-am-balkon-210157277-1536x1024.jpg 1536w, https:\/\/www.leeb-balkone.com\/app\/uploads\/2020\/10\/gesund-am-balkon-210157277-300x200.jpg 300w, https:\/\/www.leeb-balkone.com\/app\/uploads\/2020\/10\/gesund-am-balkon-210157277-1024x683.jpg 1024w, https:\/\/www.leeb-balkone.com\/app\/uploads\/2020\/10\/gesund-am-balkon-210157277-768x512.jpg 768w, https:\/\/www.leeb-balkone.com\/app\/uploads\/2020\/10\/gesund-am-balkon-210157277-2048x1366.jpg 2048w\" sizes=\"auto, (min-width: 1200px) 100vw, (min-width: 1024px) 1536px, (min-width: 640px) 768px, 768px\" \/>              <\/figure>\n\n                  \n  \n<\/div>\n\n    <\/div>\n\n<\/div><\/div><\/div><\/div>\n\n\n\n<div class=\"wp-block-cgb-t3-container-block none\" style=\"background-color:none\"><div class=\"grid-container\"><div class=\"grid-x\"><div class=\"cell small-12 medium-9 large-0 medium-offset-1 b-has-lsmb\">\n<h2 class=\"wp-block-heading\">Dehn\u00fcbungen f\u00fcr jeden Tag<\/h2>\n\n\n\n<p>Wer viel Sport macht, der wei\u00df, wie wichtig Dehnen ist. Aber nicht nur Sportler sollten sich regelm\u00e4\u00dfig dehnen! Jeder profitiert davon. Dabei k\u00f6nnen nur wenige Minuten pro Tag schon ausreichen, um die Muskeln zu lockern und abzuschalten \u2013 und so dem K\u00f6rper etwas Gutes zu tun! Dr. Wolfgang Hofmeister, Arzt f\u00fcr u.a. Allgemeinmedizin und Naturheilkunde, zeigt \u00dcbungen, um auch im B\u00fcro fit zu bleiben. Das gilt besonders f\u00fcr Leute, die den ganzen Tag im B\u00fcro sitzen. Eine ganz einfache \u00dcbung geht so:<\/p>\n\n\n\n<p>Aufrechter Stand, der Oberk\u00f6rper zeigt nach vorne, die H\u00e4nde zu beiden Seiten lang ausstrecken, dabei zeigt eine Handfl\u00e4che nach oben und eine Handfl\u00e4che nach unten. Nun dreht man die Handfl\u00e4chen langsam in die jeweils andere Richtung, w\u00e4hrend man die Arme (m\u00f6glichst gestreckt) langsam nach unten f\u00fchrt. Diese \u00dcbung bringt gleich mehrere Vorteile mit:<\/p>\n\n\n\n<ul class=\"wp-block-list\">\n<li>Steigerung der Konzentration<\/li>\n\n\n\n<li>Steigerung der Aufmerksamkeit<\/li>\n\n\n\n<li>Entlastung der Halswirbels\u00e4ulenmuskulatur<\/li>\n<\/ul>\n\n\n\n<p>Um die Vorteile genie\u00dfen zu k\u00f6nnen, ist es laut Dr. Hofmeister wichtig, die \u00dcbung jede Stunde f\u00fcr rund eine Minute wiederholen. Das sorgt nicht nur daf\u00fcr, dass man danach wieder konzentrierter weiterarbeiten kann, sondern ist auch ein Grund, um f\u00fcr wenigstens eine Minute die Sitzposition am Schreibtisch zu verlassen. Die \u00dcbung kann aber genauso gut am Feierabend am Balkon oder im Garten durchgef\u00fchrt werden. Man braucht keine Utensilien und nicht viel Platz.<\/p>\n<\/div><\/div><\/div><\/div>\n\n\n\n<div class=\"wp-block-cgb-t3-container-block none\" style=\"background-color:none\"><div class=\"grid-container\"><div class=\"grid-x\"><div class=\"cell small-12 medium-0 large-0\"><div id=\"lightgallery-block_5136cd9d642f6b0c92c382c00b61a9a3\" data-block_5136cd9d642f6b0c92c382c00b61a9a3 class=\"has-1-imgs b-cards b-cards--gallery u-grid-temp has-1-cols u-md-2 u-sm-1 wp-block-group is-layout-grid wp-block-group-is-layout-grid gallery alignwide\">\n\n        <div class=\"b-cards__item\">\n\n        \n      <figure>\n                 <img loading=\"lazy\" decoding=\"async\" width=\"1536\" height=\"1024\" src=\"https:\/\/www.leeb-balkone.com\/app\/uploads\/2020\/10\/gesund-am-balkon-111402669-1536x1024.jpg\" class=\"attachment-1536x1536 size-1536x1536\" alt=\"gesund am balkon 111402669\" srcset=\"https:\/\/www.leeb-balkone.com\/app\/uploads\/2020\/10\/gesund-am-balkon-111402669-1536x1024.jpg 1536w, https:\/\/www.leeb-balkone.com\/app\/uploads\/2020\/10\/gesund-am-balkon-111402669-300x200.jpg 300w, https:\/\/www.leeb-balkone.com\/app\/uploads\/2020\/10\/gesund-am-balkon-111402669-1024x682.jpg 1024w, https:\/\/www.leeb-balkone.com\/app\/uploads\/2020\/10\/gesund-am-balkon-111402669-768x512.jpg 768w, https:\/\/www.leeb-balkone.com\/app\/uploads\/2020\/10\/gesund-am-balkon-111402669-2048x1365.jpg 2048w\" sizes=\"auto, (min-width: 1200px) 100vw, (min-width: 1024px) 1536px, (min-width: 640px) 768px, 768px\" \/>              <\/figure>\n\n                  \n  \n<\/div>\n\n    <\/div>\n\n<\/div><\/div><\/div><\/div>\n\n\n\n<div class=\"wp-block-cgb-t3-container-block none\" style=\"background-color:none\"><div class=\"grid-container\"><div class=\"grid-x\"><div class=\"cell small-12 medium-9 large-0 medium-offset-1 b-has-lsmb\">\n<h2 class=\"wp-block-heading\">Entspannt in den Feierabend!<\/h2>\n\n\n\n<p>Wer am wohl verdienten Feierabend das Handy wenigstens f\u00fcr ein paar Minuten weglegt und regelm\u00e4\u00dfig einfache Dehn\u00fcbungen durchf\u00fchrt, der wird schon bald merken, wie sich der K\u00f6rper besser entspannen kann. Die meisten Dehn\u00fcbungen brauchen nicht viel Platz und nur wenig Zeit. Ohne Utensilien kann man innerhalb kurzer Zeit den K\u00f6rper entspannen und etwas f\u00fcr die Gesundheit tun. Und was fehlt noch am Feierabend\u2026 Frische Luft! Besonders, wer den ganzen Tag im B\u00fcro sitzt, wird merken, wie gut es tut, tief durchzuatmen und raus zu gehen. Das kann ebenso gut eine Outdoor-Sporteinheit sein wie auch ein gem\u00fctlicher Spaziergang oder eine kurze Yogaeinheit am Balkon. Deshalb ab auf den Balkon oder raus in den Garten, Frischluft und somit neue Energie tanken und \u2013 entspannen!<\/p>\n<\/div><\/div><\/div><\/div>\n\n\n\n<p><\/p>\n<\/section>\n","protected":false},"excerpt":{"rendered":"<p>Ein gutes Buch in der Hand und die Beine hochgelegt \u2013 so sch\u00f6n kann Feierabend sein!<\/p>\n","protected":false},"author":3,"featured_media":12730,"comment_status":"closed","ping_status":"open","sticky":false,"template":"template-onepager.blade.php","format":"standard","meta":{"_acf_changed":false,"footnotes":""},"categories":[160,156],"tags":[],"post_folder":[],"class_list":["post-18898","post","type-post","status-publish","format-standard","has-post-thumbnail","hentry","category-balkongestaltung","category-feng-shui-co"],"acf":[],"yoast_head":"<!-- This site is optimized with the Yoast SEO plugin v27.2 - https:\/\/yoast.com\/product\/yoast-seo-wordpress\/ -->\n<title>Gesund am Balkon: Teil 3 - Leeb Balkone Schweiz<\/title>\n<meta name=\"description\" content=\"Ein gutes Buch in der Hand und die Beine hochgelegt \u2013 so sch\u00f6n kann Feierabend sein!\" \/>\n<meta name=\"robots\" content=\"index, follow, max-snippet:-1, max-image-preview:large, max-video-preview:-1\" \/>\n<meta property=\"og:locale\" content=\"de_DE\" \/>\n<meta property=\"og:type\" content=\"article\" \/>\n<meta property=\"og:title\" content=\"Gesund am Balkon: Teil 3 - Leeb Balkone\" \/>\n<meta property=\"og:description\" content=\"Ein gutes Buch in der Hand und die Beine hochgelegt \u2013 so sch\u00f6n kann Feierabend sein!\" \/>\n<meta property=\"og:url\" content=\"https:\/\/www.leeb-balkone.com\/ch\/blog\/gesund-am-balkon-teil-3\/\" \/>\n<meta property=\"og:site_name\" content=\"Leeb Balkone\" \/>\n<meta property=\"article:publisher\" content=\"https:\/\/www.facebook.com\/balkone\/\" \/>\n<meta property=\"article:published_time\" content=\"2019-07-02T13:29:15+00:00\" \/>\n<meta property=\"article:modified_time\" content=\"2023-01-16T16:12:59+00:00\" \/>\n<meta property=\"og:image\" content=\"https:\/\/www.leeb-balkone.com\/app\/uploads\/2020\/10\/gesund-am-balkon-211402669-scaled.jpg\" \/>\n\t<meta property=\"og:image:width\" content=\"2560\" \/>\n\t<meta property=\"og:image:height\" content=\"853\" \/>\n\t<meta property=\"og:image:type\" content=\"image\/jpeg\" \/>\n<meta name=\"author\" content=\"jbacher\" \/>\n<meta name=\"twitter:card\" content=\"summary_large_image\" \/>\n<script type=\"application\/ld+json\" class=\"yoast-schema-graph\">{\"@context\":\"https:\/\/schema.org\",\"@graph\":[{\"@type\":\"Article\",\"@id\":\"https:\/\/www.leeb-balkone.com\/ch\/blog\/gesund-am-balkon-teil-3\/#article\",\"isPartOf\":{\"@id\":\"https:\/\/www.leeb-balkone.com\/ch\/blog\/gesund-am-balkon-teil-3\/\"},\"author\":{\"name\":\"jbacher\",\"@id\":\"https:\/\/www.leeb-balkone.com\/ch\/#\/schema\/person\/15f1f398efcf4703721e46c2136421fa\"},\"headline\":\"Gesund am Balkon: Teil 3\",\"datePublished\":\"2019-07-02T13:29:15+00:00\",\"dateModified\":\"2023-01-16T16:12:59+00:00\",\"mainEntityOfPage\":{\"@id\":\"https:\/\/www.leeb-balkone.com\/ch\/blog\/gesund-am-balkon-teil-3\/\"},\"wordCount\":536,\"publisher\":{\"@id\":\"https:\/\/www.leeb-balkone.com\/ch\/#organization\"},\"image\":{\"@id\":\"https:\/\/www.leeb-balkone.com\/ch\/blog\/gesund-am-balkon-teil-3\/#primaryimage\"},\"thumbnailUrl\":\"https:\/\/www.leeb-balkone.com\/app\/uploads\/2020\/10\/gesund-am-balkon-211402669-scaled.jpg\",\"articleSection\":[\"Balkongestaltung\",\"Feng Shui &amp; Co\"],\"inLanguage\":\"de-CH\"},{\"@type\":\"WebPage\",\"@id\":\"https:\/\/www.leeb-balkone.com\/ch\/blog\/gesund-am-balkon-teil-3\/\",\"url\":\"https:\/\/www.leeb-balkone.com\/ch\/blog\/gesund-am-balkon-teil-3\/\",\"name\":\"Gesund am Balkon: Teil 3 - Leeb Balkone\",\"isPartOf\":{\"@id\":\"https:\/\/www.leeb-balkone.com\/ch\/#website\"},\"primaryImageOfPage\":{\"@id\":\"https:\/\/www.leeb-balkone.com\/ch\/blog\/gesund-am-balkon-teil-3\/#primaryimage\"},\"image\":{\"@id\":\"https:\/\/www.leeb-balkone.com\/ch\/blog\/gesund-am-balkon-teil-3\/#primaryimage\"},\"thumbnailUrl\":\"https:\/\/www.leeb-balkone.com\/app\/uploads\/2020\/10\/gesund-am-balkon-211402669-scaled.jpg\",\"datePublished\":\"2019-07-02T13:29:15+00:00\",\"dateModified\":\"2023-01-16T16:12:59+00:00\",\"description\":\"Ein gutes Buch in der Hand und die Beine hochgelegt \u2013 so sch\u00f6n kann Feierabend sein!\",\"breadcrumb\":{\"@id\":\"https:\/\/www.leeb-balkone.com\/ch\/blog\/gesund-am-balkon-teil-3\/#breadcrumb\"},\"inLanguage\":\"de-CH\",\"potentialAction\":[{\"@type\":\"ReadAction\",\"target\":[\"https:\/\/www.leeb-balkone.com\/ch\/blog\/gesund-am-balkon-teil-3\/\"]}]},{\"@type\":\"ImageObject\",\"inLanguage\":\"de-CH\",\"@id\":\"https:\/\/www.leeb-balkone.com\/ch\/blog\/gesund-am-balkon-teil-3\/#primaryimage\",\"url\":\"https:\/\/www.leeb-balkone.com\/app\/uploads\/2020\/10\/gesund-am-balkon-211402669-scaled.jpg\",\"contentUrl\":\"https:\/\/www.leeb-balkone.com\/app\/uploads\/2020\/10\/gesund-am-balkon-211402669-scaled.jpg\",\"width\":2560,\"height\":853},{\"@type\":\"BreadcrumbList\",\"@id\":\"https:\/\/www.leeb-balkone.com\/ch\/blog\/gesund-am-balkon-teil-3\/#breadcrumb\",\"itemListElement\":[{\"@type\":\"ListItem\",\"position\":1,\"name\":\"Home\",\"item\":\"https:\/\/www.leeb-balkone.com\/ch\/\"},{\"@type\":\"ListItem\",\"position\":2,\"name\":\"Gesund am Balkon: Teil 3\"}]},{\"@type\":\"WebSite\",\"@id\":\"https:\/\/www.leeb-balkone.com\/ch\/#website\",\"url\":\"https:\/\/www.leeb-balkone.com\/ch\/\",\"name\":\"Leeb Balkone\",\"description\":\"Balkone und Z\u00e4une\",\"publisher\":{\"@id\":\"https:\/\/www.leeb-balkone.com\/ch\/#organization\"},\"potentialAction\":[{\"@type\":\"SearchAction\",\"target\":{\"@type\":\"EntryPoint\",\"urlTemplate\":\"https:\/\/www.leeb-balkone.com\/ch\/?s={search_term_string}\"},\"query-input\":{\"@type\":\"PropertyValueSpecification\",\"valueRequired\":true,\"valueName\":\"search_term_string\"}}],\"inLanguage\":\"de-CH\"},{\"@type\":\"Organization\",\"@id\":\"https:\/\/www.leeb-balkone.com\/ch\/#organization\",\"name\":\"Leeb Balkone Gmbh\",\"url\":\"https:\/\/www.leeb-balkone.com\/ch\/\",\"logo\":{\"@type\":\"ImageObject\",\"inLanguage\":\"de-CH\",\"@id\":\"https:\/\/www.leeb-balkone.com\/ch\/#\/schema\/logo\/image\/\",\"url\":\"https:\/\/www.leeb-balkone.com\/app\/uploads\/2020\/11\/leeb-logo.svg\",\"contentUrl\":\"https:\/\/www.leeb-balkone.com\/app\/uploads\/2020\/11\/leeb-logo.svg\",\"width\":741,\"height\":204,\"caption\":\"Leeb Balkone Gmbh\"},\"image\":{\"@id\":\"https:\/\/www.leeb-balkone.com\/ch\/#\/schema\/logo\/image\/\"},\"sameAs\":[\"https:\/\/www.facebook.com\/balkone\/\",\"https:\/\/www.trustedshops.at\/bewertung\/info_X4587CCF5833E31AFE0B11F47D86999F2.html\",\"https:\/\/www.trustedshops.de\/bewertung\/info_X7BA536A7A0BDC86D36C4718E4DCAEEEF.html\",\"https:\/\/www.google.com\/maps\/place\/?q=place_id:ChIJ5-zH19-IcEcR9HonWRTllHI\"]},{\"@type\":\"Person\",\"@id\":\"https:\/\/www.leeb-balkone.com\/ch\/#\/schema\/person\/15f1f398efcf4703721e46c2136421fa\",\"name\":\"jbacher\"}]}<\/script>\n<!-- \/ Yoast SEO plugin. -->","yoast_head_json":{"title":"Gesund am Balkon: Teil 3 - Leeb Balkone Schweiz","description":"Ein gutes Buch in der Hand und die Beine hochgelegt \u2013 so sch\u00f6n kann Feierabend sein!","robots":{"index":"index","follow":"follow","max-snippet":"max-snippet:-1","max-image-preview":"max-image-preview:large","max-video-preview":"max-video-preview:-1"},"og_locale":"de_DE","og_type":"article","og_title":"Gesund am Balkon: Teil 3 - Leeb Balkone","og_description":"Ein gutes Buch in der Hand und die Beine hochgelegt \u2013 so sch\u00f6n kann Feierabend sein!","og_url":"https:\/\/www.leeb-balkone.com\/ch\/blog\/gesund-am-balkon-teil-3\/","og_site_name":"Leeb Balkone","article_publisher":"https:\/\/www.facebook.com\/balkone\/","article_published_time":"2019-07-02T13:29:15+00:00","article_modified_time":"2023-01-16T16:12:59+00:00","og_image":[{"width":2560,"height":853,"url":"https:\/\/www.leeb-balkone.com\/app\/uploads\/2020\/10\/gesund-am-balkon-211402669-scaled.jpg","type":"image\/jpeg"}],"author":"jbacher","twitter_card":"summary_large_image","schema":{"@context":"https:\/\/schema.org","@graph":[{"@type":"Article","@id":"https:\/\/www.leeb-balkone.com\/ch\/blog\/gesund-am-balkon-teil-3\/#article","isPartOf":{"@id":"https:\/\/www.leeb-balkone.com\/ch\/blog\/gesund-am-balkon-teil-3\/"},"author":{"name":"jbacher","@id":"https:\/\/www.leeb-balkone.com\/ch\/#\/schema\/person\/15f1f398efcf4703721e46c2136421fa"},"headline":"Gesund am Balkon: Teil 3","datePublished":"2019-07-02T13:29:15+00:00","dateModified":"2023-01-16T16:12:59+00:00","mainEntityOfPage":{"@id":"https:\/\/www.leeb-balkone.com\/ch\/blog\/gesund-am-balkon-teil-3\/"},"wordCount":536,"publisher":{"@id":"https:\/\/www.leeb-balkone.com\/ch\/#organization"},"image":{"@id":"https:\/\/www.leeb-balkone.com\/ch\/blog\/gesund-am-balkon-teil-3\/#primaryimage"},"thumbnailUrl":"https:\/\/www.leeb-balkone.com\/app\/uploads\/2020\/10\/gesund-am-balkon-211402669-scaled.jpg","articleSection":["Balkongestaltung","Feng Shui &amp; Co"],"inLanguage":"de-CH"},{"@type":"WebPage","@id":"https:\/\/www.leeb-balkone.com\/ch\/blog\/gesund-am-balkon-teil-3\/","url":"https:\/\/www.leeb-balkone.com\/ch\/blog\/gesund-am-balkon-teil-3\/","name":"Gesund am Balkon: Teil 3 - Leeb Balkone","isPartOf":{"@id":"https:\/\/www.leeb-balkone.com\/ch\/#website"},"primaryImageOfPage":{"@id":"https:\/\/www.leeb-balkone.com\/ch\/blog\/gesund-am-balkon-teil-3\/#primaryimage"},"image":{"@id":"https:\/\/www.leeb-balkone.com\/ch\/blog\/gesund-am-balkon-teil-3\/#primaryimage"},"thumbnailUrl":"https:\/\/www.leeb-balkone.com\/app\/uploads\/2020\/10\/gesund-am-balkon-211402669-scaled.jpg","datePublished":"2019-07-02T13:29:15+00:00","dateModified":"2023-01-16T16:12:59+00:00","description":"Ein gutes Buch in der Hand und die Beine hochgelegt \u2013 so sch\u00f6n kann Feierabend sein!","breadcrumb":{"@id":"https:\/\/www.leeb-balkone.com\/ch\/blog\/gesund-am-balkon-teil-3\/#breadcrumb"},"inLanguage":"de-CH","potentialAction":[{"@type":"ReadAction","target":["https:\/\/www.leeb-balkone.com\/ch\/blog\/gesund-am-balkon-teil-3\/"]}]},{"@type":"ImageObject","inLanguage":"de-CH","@id":"https:\/\/www.leeb-balkone.com\/ch\/blog\/gesund-am-balkon-teil-3\/#primaryimage","url":"https:\/\/www.leeb-balkone.com\/app\/uploads\/2020\/10\/gesund-am-balkon-211402669-scaled.jpg","contentUrl":"https:\/\/www.leeb-balkone.com\/app\/uploads\/2020\/10\/gesund-am-balkon-211402669-scaled.jpg","width":2560,"height":853},{"@type":"BreadcrumbList","@id":"https:\/\/www.leeb-balkone.com\/ch\/blog\/gesund-am-balkon-teil-3\/#breadcrumb","itemListElement":[{"@type":"ListItem","position":1,"name":"Home","item":"https:\/\/www.leeb-balkone.com\/ch\/"},{"@type":"ListItem","position":2,"name":"Gesund am Balkon: Teil 3"}]},{"@type":"WebSite","@id":"https:\/\/www.leeb-balkone.com\/ch\/#website","url":"https:\/\/www.leeb-balkone.com\/ch\/","name":"Leeb Balkone","description":"Balkone und Z\u00e4une","publisher":{"@id":"https:\/\/www.leeb-balkone.com\/ch\/#organization"},"potentialAction":[{"@type":"SearchAction","target":{"@type":"EntryPoint","urlTemplate":"https:\/\/www.leeb-balkone.com\/ch\/?s={search_term_string}"},"query-input":{"@type":"PropertyValueSpecification","valueRequired":true,"valueName":"search_term_string"}}],"inLanguage":"de-CH"},{"@type":"Organization","@id":"https:\/\/www.leeb-balkone.com\/ch\/#organization","name":"Leeb Balkone Gmbh","url":"https:\/\/www.leeb-balkone.com\/ch\/","logo":{"@type":"ImageObject","inLanguage":"de-CH","@id":"https:\/\/www.leeb-balkone.com\/ch\/#\/schema\/logo\/image\/","url":"https:\/\/www.leeb-balkone.com\/app\/uploads\/2020\/11\/leeb-logo.svg","contentUrl":"https:\/\/www.leeb-balkone.com\/app\/uploads\/2020\/11\/leeb-logo.svg","width":741,"height":204,"caption":"Leeb Balkone Gmbh"},"image":{"@id":"https:\/\/www.leeb-balkone.com\/ch\/#\/schema\/logo\/image\/"},"sameAs":["https:\/\/www.facebook.com\/balkone\/","https:\/\/www.trustedshops.at\/bewertung\/info_X4587CCF5833E31AFE0B11F47D86999F2.html","https:\/\/www.trustedshops.de\/bewertung\/info_X7BA536A7A0BDC86D36C4718E4DCAEEEF.html","https:\/\/www.google.com\/maps\/place\/?q=place_id:ChIJ5-zH19-IcEcR9HonWRTllHI"]},{"@type":"Person","@id":"https:\/\/www.leeb-balkone.com\/ch\/#\/schema\/person\/15f1f398efcf4703721e46c2136421fa","name":"jbacher"}]}},"_links":{"self":[{"href":"https:\/\/www.leeb-balkone.com\/ch\/wp-json\/wp\/v2\/posts\/18898","targetHints":{"allow":["GET"]}}],"collection":[{"href":"https:\/\/www.leeb-balkone.com\/ch\/wp-json\/wp\/v2\/posts"}],"about":[{"href":"https:\/\/www.leeb-balkone.com\/ch\/wp-json\/wp\/v2\/types\/post"}],"author":[{"embeddable":true,"href":"https:\/\/www.leeb-balkone.com\/ch\/wp-json\/wp\/v2\/users\/3"}],"replies":[{"embeddable":true,"href":"https:\/\/www.leeb-balkone.com\/ch\/wp-json\/wp\/v2\/comments?post=18898"}],"version-history":[{"count":0,"href":"https:\/\/www.leeb-balkone.com\/ch\/wp-json\/wp\/v2\/posts\/18898\/revisions"}],"wp:featuredmedia":[{"embeddable":true,"href":"https:\/\/www.leeb-balkone.com\/ch\/wp-json\/wp\/v2\/media\/12730"}],"wp:attachment":[{"href":"https:\/\/www.leeb-balkone.com\/ch\/wp-json\/wp\/v2\/media?parent=18898"}],"wp:term":[{"taxonomy":"category","embeddable":true,"href":"https:\/\/www.leeb-balkone.com\/ch\/wp-json\/wp\/v2\/categories?post=18898"},{"taxonomy":"post_tag","embeddable":true,"href":"https:\/\/www.leeb-balkone.com\/ch\/wp-json\/wp\/v2\/tags?post=18898"},{"taxonomy":"post_folder","embeddable":true,"href":"https:\/\/www.leeb-balkone.com\/ch\/wp-json\/wp\/v2\/post_folder?post=18898"}],"curies":[{"name":"wp","href":"https:\/\/api.w.org\/{rel}","templated":true}]}}