{"id":18878,"date":"2019-11-03T06:49:32","date_gmt":"2019-11-03T06:49:32","guid":{"rendered":"https:\/\/www.leeb-balkone.com\/de\/blog\/postdummy-5-2-2-2-3-2-3-2\/"},"modified":"2023-01-16T15:52:58","modified_gmt":"2023-01-16T15:52:58","slug":"vorbereitungen-fuer-die-adventszeit","status":"publish","type":"post","link":"https:\/\/www.leeb-balkone.com\/ch\/blog\/vorbereitungen-fuer-die-adventszeit\/","title":{"rendered":"Vorbereitungen f\u00fcr die Adventszeit"},"content":{"rendered":"<header data-block_068198e852fe3909fa3f6e25a9bf7bbd class=\"c-fh  l-mh-small c-fh--hero c-grad-l2r c-fh--div none\">\n      <img loading=\"lazy\" decoding=\"async\" width=\"2560\" height=\"1707\" src=\"https:\/\/www.leeb-balkone.com\/app\/uploads\/2020\/10\/adventkalender-1-scaled.jpg\" class=\"no-lazy\" alt=\"adventkalender 1\" srcset=\"https:\/\/www.leeb-balkone.com\/app\/uploads\/2020\/10\/adventkalender-1-scaled.jpg 2560w, https:\/\/www.leeb-balkone.com\/app\/uploads\/2020\/10\/adventkalender-1-300x200.jpg 300w, https:\/\/www.leeb-balkone.com\/app\/uploads\/2020\/10\/adventkalender-1-1024x683.jpg 1024w, https:\/\/www.leeb-balkone.com\/app\/uploads\/2020\/10\/adventkalender-1-768x512.jpg 768w, https:\/\/www.leeb-balkone.com\/app\/uploads\/2020\/10\/adventkalender-1-1536x1024.jpg 1536w, https:\/\/www.leeb-balkone.com\/app\/uploads\/2020\/10\/adventkalender-1-2048x1366.jpg 2048w\" sizes=\"auto, (min-width: 1536px) 2048px, (min-width: 992px) 1536px, (min-width: 768px) 1024px, (min-width: 576px) 768px, 100vw\" \/>\n\n\n<div class=\"grid-container\">\n  <div class=\"grid-x\">\n    <div class=\"cell small-12 medium-6 medium-offset-1\">\n      <div class=\"c-fh__wrapper\">\n                              <h1>Vorbereitungen f\u00fcr die Adventszeit<\/h1>\n                        <\/div>\n    <\/div>\n  <\/div>\n<\/div>\n  \n    \n    <\/header>\n\n\n  \n  <section class=\"wp-block-group alignfull t3-header u-max-wide t3-header-text has-white-background-color has-background has-global-padding is-layout-constrained wp-block-group-is-layout-constrained\">\n    <div class=\"wp-block-group o-grid u-md-1 u-sm-1 is-layout-flow wp-block-group-is-layout-flow\">\n  <div class=\"wp-block-group u-g-10 u-g-s-2\">\n      <div class=\"yoast-breadcrumbs\"><span><span><a href=\"https:\/\/www.leeb-balkone.com\/ch\/\">Home<\/a><\/span><\/span><\/div>\n      \n    <h1>Vorbereitungen f\u00fcr die Adventszeit<\/h1>\n  <\/div>\n<\/div>\n  <\/section>\n\n\n\n\n\n\n<section class=\"wp-block-cgb-t3-section-block alignfull b-pt-small  is-style-bg-white\" style=\"display:inherit;min-height:inherit\">\n<div class=\"wp-block-cgb-t3-container-block none\" style=\"background-color:none\"><div class=\"grid-container\"><div class=\"grid-x\"><div class=\"cell small-12 medium-9 large-0 medium-offset-1 b-has-lsmb\">\n<p>Bald steht der erste Advent vor der T\u00fcr und die Wohnung, sowie auch die Au\u00dfenbereiche sollten im weihnachtlichen Glanz erscheinen. Wer fr\u00fch genug damit beginnt, hat noch den ganzen Dezember Zeit Weihnachtsgeschenke zu besorgen und die herrliche Adventszeit zu genie\u00dfen. In unseren Blogbeitr\u00e4gen finden Sie ein paar einfache Deko-Tipps, um Balkon und Terrasse sch\u00f6n zu gestalten. Aber auch der Adventkalender m\u00f6chte fr\u00fch genug vorbereitet werden.<\/p>\n<\/div><\/div><\/div><\/div>\n\n\n\n<div class=\"wp-block-cgb-t3-container-block none\" style=\"background-color:none\"><div class=\"grid-container\"><div class=\"grid-x\"><div class=\"cell small-12 medium-0 large-0\"><div id=\"lightgallery-block_2c8dd36a5f1cfcc31e003379eb7c7159\" data-block_2c8dd36a5f1cfcc31e003379eb7c7159 class=\"has-1-imgs b-cards b-cards--gallery u-grid-temp has-1-cols u-md-2 u-sm-1 wp-block-group is-layout-grid wp-block-group-is-layout-grid gallery alignwide\">\n\n        <div class=\"b-cards__item\">\n\n        \n      <figure>\n                 <img loading=\"lazy\" decoding=\"async\" width=\"1536\" height=\"1024\" src=\"https:\/\/www.leeb-balkone.com\/app\/uploads\/2020\/10\/adventkalender-selbst-gemacht-1536x1024.jpg\" class=\"attachment-1536x1536 size-1536x1536\" alt=\"adventkalender selbst gemacht\" srcset=\"https:\/\/www.leeb-balkone.com\/app\/uploads\/2020\/10\/adventkalender-selbst-gemacht-1536x1024.jpg 1536w, https:\/\/www.leeb-balkone.com\/app\/uploads\/2020\/10\/adventkalender-selbst-gemacht-300x200.jpg 300w, https:\/\/www.leeb-balkone.com\/app\/uploads\/2020\/10\/adventkalender-selbst-gemacht-1024x683.jpg 1024w, https:\/\/www.leeb-balkone.com\/app\/uploads\/2020\/10\/adventkalender-selbst-gemacht-768x512.jpg 768w, https:\/\/www.leeb-balkone.com\/app\/uploads\/2020\/10\/adventkalender-selbst-gemacht-2048x1366.jpg 2048w\" sizes=\"auto, (min-width: 1200px) 100vw, (min-width: 1024px) 1536px, (min-width: 640px) 768px, 768px\" \/>              <\/figure>\n\n                  \n  \n<\/div>\n\n    <\/div>\n\n<\/div><\/div><\/div><\/div>\n\n\n\n<div class=\"wp-block-cgb-t3-container-block none\" style=\"background-color:none\"><div class=\"grid-container\"><div class=\"grid-x\"><div class=\"cell small-12 medium-9 large-0 medium-offset-1 b-has-lsmb\">\n<h2 class=\"wp-block-heading\">DIY Adventkalender<\/h2>\n\n\n\n<p>Strahlende Kinderaugen, der Duft von frisch gebackenen Keksen und weihnachtliche Deko \u2013 so sch\u00f6n kann die Vorweihnachtszeit sein. Dabei darf ein Accessoire nicht fehlen, welches die Wartezeit f\u00fcr die ganze Familie vers\u00fc\u00dft: der Adventkalender. In vielen Familien ist es schon zur Tradition geworden j\u00e4hrlich einen neuen Kalender zu basteln und als Deko-Element zu verwenden. Ein Ast beh\u00e4ngt mit 24 S\u00e4ckchen ist einfach umzusetzen und schaut aufgeh\u00e4ngt in der Wohnung auch sehr gut aus.<\/p>\n\n\n\n<h2 class=\"wp-block-heading\">Was man dazu braucht:<\/h2>\n\n\n\n<ul class=\"wp-block-list\">\n<li>Ein sch\u00f6ner, stabiler Ast<\/li>\n\n\n\n<li>24 T\u00fcten oder Servietten<\/li>\n\n\n\n<li>Geschenks-Band oder Garn<\/li>\n\n\n\n<li>Bastelpapier oder Karton<\/li>\n\n\n\n<li>Schere<\/li>\n\n\n\n<li>Buntstifte<\/li>\n<\/ul>\n<\/div><\/div><\/div><\/div>\n\n\n<div id=\"lightgallery-block_4854f81a1c7eae4e056e1279751b6e38\" data-block_4854f81a1c7eae4e056e1279751b6e38 class=\"has-1-imgs b-cards b-cards--gallery u-grid-temp has-4-cols u-md-2 u-sm-1 wp-block-group is-layout-grid wp-block-group-is-layout-grid gallery alignwide\">\n\n        <div class=\"b-cards__item\">\n\n        <a data-src=\"https:\/\/www.leeb-balkone.com\/app\/uploads\/2020\/10\/weihnachtskekse-backen-1536x1018.jpg\" data-thumb=\"https:\/\/www.leeb-balkone.com\/app\/uploads\/2020\/10\/weihnachtskekse-backen-300x199.jpg\" class=\"hasHover dark\">\n        \n      <figure>\n                 <img loading=\"lazy\" decoding=\"async\" width=\"1024\" height=\"678\" src=\"https:\/\/www.leeb-balkone.com\/app\/uploads\/2020\/10\/weihnachtskekse-backen-1024x678.jpg\" class=\"attachment-large size-large\" alt=\"weihnachtskekse backen\" srcset=\"https:\/\/www.leeb-balkone.com\/app\/uploads\/2020\/10\/weihnachtskekse-backen-1024x678.jpg 1024w, https:\/\/www.leeb-balkone.com\/app\/uploads\/2020\/10\/weihnachtskekse-backen-300x199.jpg 300w, https:\/\/www.leeb-balkone.com\/app\/uploads\/2020\/10\/weihnachtskekse-backen-768x509.jpg 768w, https:\/\/www.leeb-balkone.com\/app\/uploads\/2020\/10\/weihnachtskekse-backen-1536x1018.jpg 1536w, https:\/\/www.leeb-balkone.com\/app\/uploads\/2020\/10\/weihnachtskekse-backen-2048x1357.jpg 2048w\" sizes=\"auto, (min-width: 1200px) 1024px, (min-width: 1024px) 768px, (min-width: 640px) 768px, 768px\" \/>              <\/figure>\n\n                          <\/a>\n      \n  \n<\/div>\n\n    <\/div>\n\n\n\n\n<div class=\"wp-block-cgb-t3-container-block none\" style=\"background-color:none\"><div class=\"grid-container\"><div class=\"grid-x\"><div class=\"cell small-12 medium-9 large-0 medium-offset-1 b-has-lsmb\">\n<h2 class=\"wp-block-heading\">Bastelanleitung:<\/h2>\n\n\n\n<p>Zu allererst sollte man sich auf die Suche nach einem sch\u00f6nen, stabilen Ast machen. Dieser l\u00e4sst sich bestimmt im eigenen Garten oder im Stadtpark finden. Dabei k\u00f6nnen Sie selber entscheiden von welchem Baum dieser sein sollte. Besonders dekorativ sind \u00c4ste von der Korkenzieher-Haselnuss.<\/p>\n\n\n\n<p>Die T\u00fctchen k\u00f6nnen entweder in einem Deko-Gesch\u00e4ft gekauft oder selbst gebastelt werden. Es eignen sich dazu auch Servietten in beliebigen Farben und Muster, die zugebunden auch wie kleine S\u00e4ckchen aussehen. Um mehr Abwechslung reinzubringen kann beides \u2013 T\u00fcten und Servietten \u2013 verwendet werden.<\/p>\n\n\n\n<p>F\u00fcr die Beschriftung der einzelnen S\u00e4ckchen kann man weihnachtliche Motive, wie Sterne, Weihnachtsbaum, Rentiere etc. aus dem Buntpapier ausschneiden und mit einem Filzstift nummerieren. Als Schablone k\u00f6nnen Keksausstecher verwendet werden, die bestimmt jeder Haushalt daheim hat. Damit man diese ohne Probleme an die S\u00e4ckchen und Servietten anbringen kann, sollte noch ein Loch ins Bundpapier gestanzt werden. Am besten mit einem Locher.<\/p>\n\n\n\n<p>Eine ganz nette Idee ist es die Beschriftung der einzelnen Tage in Keks-Form zu gestalten. Diese Variante ist zwar aufw\u00e4ndiger, schaut aber besonders s\u00fc\u00df aus.<\/p>\n\n\n\n<p>Die S\u00e4ckchen und Servietten nun mit dem Inhalt bef\u00fcllen und mit einem Geschenks-Band oder einem Garn verschlie\u00dfen. Die Beschriftung \u2013 entweder aus Buntpapier oder in Keks-Form \u2013 anbringen und auf den Ast h\u00e4ngen. Wenn alle 24 T\u00fcten angebracht wurden, kann man den Ast mit einer Perlonschnur aufh\u00e4ngen. Somit macht es von Weitem den Eindruck, als w\u00fcrde der Ast im Raum schweben. Damit der Ast noch dekorativer wirkt, kann man zwischen den S\u00e4ckchen auch kleine Weihnachtskugeln und Sterne h\u00e4ngen.<\/p>\n<\/div><\/div><\/div><\/div>\n\n\n\n<p><\/p>\n<\/section>\n","protected":false},"excerpt":{"rendered":"<p>Bald beginnt die Adventszeit und einige Vorbereitungsarbeiten sind zu treffen. Kekse backen, Haus und Garten weihnachtlich dekorieren, Geschenke kaufen etc. Aber ein Accessoire darf zur Vorweihnachtszeit in keinem Haushalt fehlen: der Adventkalender. In unserem Blog finden Sie eine einfache Anleitung dazu.<\/p>\n","protected":false},"author":3,"featured_media":12794,"comment_status":"closed","ping_status":"open","sticky":false,"template":"template-onepager.blade.php","format":"standard","meta":{"_acf_changed":false,"footnotes":""},"categories":[160,152,173],"tags":[],"post_folder":[],"class_list":["post-18878","post","type-post","status-publish","format-standard","has-post-thumbnail","hentry","category-balkongestaltung","category-ideen-zum-selbermachen","category-weihnachtszeit"],"acf":[],"yoast_head":"<!-- This site is optimized with the Yoast SEO plugin v27.2 - https:\/\/yoast.com\/product\/yoast-seo-wordpress\/ -->\n<title>Vorbereitungen f\u00fcr die Adventszeit - Leeb Balkone Schweiz<\/title>\n<meta name=\"description\" content=\"Bald beginnt die Adventszeit und einige Vorbereitungsarbeiten sind zu treffen. Kekse backen, Haus und Garten weihnachtlich dekorieren, Geschenke kaufen etc. Aber ein Accessoire darf zur Vorweihnachtszeit in keinem Haushalt fehlen: der Adventkalender. In unserem Blog finden Sie eine einfache Anleitung dazu.\" \/>\n<meta name=\"robots\" content=\"index, follow, max-snippet:-1, max-image-preview:large, max-video-preview:-1\" \/>\n<meta property=\"og:locale\" content=\"de_DE\" \/>\n<meta property=\"og:type\" content=\"article\" \/>\n<meta property=\"og:title\" content=\"Vorbereitungen f\u00fcr die Adventszeit - Leeb Balkone\" \/>\n<meta property=\"og:description\" content=\"Bald beginnt die Adventszeit und einige Vorbereitungsarbeiten sind zu treffen. Kekse backen, Haus und Garten weihnachtlich dekorieren, Geschenke kaufen etc. Aber ein Accessoire darf zur Vorweihnachtszeit in keinem Haushalt fehlen: der Adventkalender. In unserem Blog finden Sie eine einfache Anleitung dazu.\" \/>\n<meta property=\"og:url\" content=\"https:\/\/www.leeb-balkone.com\/ch\/blog\/vorbereitungen-fuer-die-adventszeit\/\" \/>\n<meta property=\"og:site_name\" content=\"Leeb Balkone\" \/>\n<meta property=\"article:publisher\" content=\"https:\/\/www.facebook.com\/balkone\/\" \/>\n<meta property=\"article:published_time\" content=\"2019-11-03T06:49:32+00:00\" \/>\n<meta property=\"article:modified_time\" content=\"2023-01-16T15:52:58+00:00\" \/>\n<meta property=\"og:image\" content=\"https:\/\/www.leeb-balkone.com\/app\/uploads\/2020\/10\/adventkalender-1-scaled.jpg\" \/>\n\t<meta property=\"og:image:width\" content=\"2560\" \/>\n\t<meta property=\"og:image:height\" content=\"1707\" \/>\n\t<meta property=\"og:image:type\" content=\"image\/jpeg\" \/>\n<meta name=\"author\" content=\"jbacher\" \/>\n<meta name=\"twitter:card\" content=\"summary_large_image\" \/>\n<script type=\"application\/ld+json\" class=\"yoast-schema-graph\">{\"@context\":\"https:\/\/schema.org\",\"@graph\":[{\"@type\":\"Article\",\"@id\":\"https:\/\/www.leeb-balkone.com\/ch\/blog\/vorbereitungen-fuer-die-adventszeit\/#article\",\"isPartOf\":{\"@id\":\"https:\/\/www.leeb-balkone.com\/ch\/blog\/vorbereitungen-fuer-die-adventszeit\/\"},\"author\":{\"name\":\"jbacher\",\"@id\":\"https:\/\/www.leeb-balkone.com\/ch\/#\/schema\/person\/15f1f398efcf4703721e46c2136421fa\"},\"headline\":\"Vorbereitungen f\u00fcr die Adventszeit\",\"datePublished\":\"2019-11-03T06:49:32+00:00\",\"dateModified\":\"2023-01-16T15:52:58+00:00\",\"mainEntityOfPage\":{\"@id\":\"https:\/\/www.leeb-balkone.com\/ch\/blog\/vorbereitungen-fuer-die-adventszeit\/\"},\"wordCount\":447,\"publisher\":{\"@id\":\"https:\/\/www.leeb-balkone.com\/ch\/#organization\"},\"image\":{\"@id\":\"https:\/\/www.leeb-balkone.com\/ch\/blog\/vorbereitungen-fuer-die-adventszeit\/#primaryimage\"},\"thumbnailUrl\":\"https:\/\/www.leeb-balkone.com\/app\/uploads\/2020\/10\/adventkalender-1-scaled.jpg\",\"articleSection\":[\"Balkongestaltung\",\"Ideen zum Selbermachen\",\"Weihnachtszeit\"],\"inLanguage\":\"de-CH\"},{\"@type\":\"WebPage\",\"@id\":\"https:\/\/www.leeb-balkone.com\/ch\/blog\/vorbereitungen-fuer-die-adventszeit\/\",\"url\":\"https:\/\/www.leeb-balkone.com\/ch\/blog\/vorbereitungen-fuer-die-adventszeit\/\",\"name\":\"Vorbereitungen f\u00fcr die Adventszeit - Leeb Balkone\",\"isPartOf\":{\"@id\":\"https:\/\/www.leeb-balkone.com\/ch\/#website\"},\"primaryImageOfPage\":{\"@id\":\"https:\/\/www.leeb-balkone.com\/ch\/blog\/vorbereitungen-fuer-die-adventszeit\/#primaryimage\"},\"image\":{\"@id\":\"https:\/\/www.leeb-balkone.com\/ch\/blog\/vorbereitungen-fuer-die-adventszeit\/#primaryimage\"},\"thumbnailUrl\":\"https:\/\/www.leeb-balkone.com\/app\/uploads\/2020\/10\/adventkalender-1-scaled.jpg\",\"datePublished\":\"2019-11-03T06:49:32+00:00\",\"dateModified\":\"2023-01-16T15:52:58+00:00\",\"description\":\"Bald beginnt die Adventszeit und einige Vorbereitungsarbeiten sind zu treffen. Kekse backen, Haus und Garten weihnachtlich dekorieren, Geschenke kaufen etc. Aber ein Accessoire darf zur Vorweihnachtszeit in keinem Haushalt fehlen: der Adventkalender. In unserem Blog finden Sie eine einfache Anleitung dazu.\",\"breadcrumb\":{\"@id\":\"https:\/\/www.leeb-balkone.com\/ch\/blog\/vorbereitungen-fuer-die-adventszeit\/#breadcrumb\"},\"inLanguage\":\"de-CH\",\"potentialAction\":[{\"@type\":\"ReadAction\",\"target\":[\"https:\/\/www.leeb-balkone.com\/ch\/blog\/vorbereitungen-fuer-die-adventszeit\/\"]}]},{\"@type\":\"ImageObject\",\"inLanguage\":\"de-CH\",\"@id\":\"https:\/\/www.leeb-balkone.com\/ch\/blog\/vorbereitungen-fuer-die-adventszeit\/#primaryimage\",\"url\":\"https:\/\/www.leeb-balkone.com\/app\/uploads\/2020\/10\/adventkalender-1-scaled.jpg\",\"contentUrl\":\"https:\/\/www.leeb-balkone.com\/app\/uploads\/2020\/10\/adventkalender-1-scaled.jpg\",\"width\":2560,\"height\":1707},{\"@type\":\"BreadcrumbList\",\"@id\":\"https:\/\/www.leeb-balkone.com\/ch\/blog\/vorbereitungen-fuer-die-adventszeit\/#breadcrumb\",\"itemListElement\":[{\"@type\":\"ListItem\",\"position\":1,\"name\":\"Home\",\"item\":\"https:\/\/www.leeb-balkone.com\/ch\/\"},{\"@type\":\"ListItem\",\"position\":2,\"name\":\"Vorbereitungen f\u00fcr die Adventszeit\"}]},{\"@type\":\"WebSite\",\"@id\":\"https:\/\/www.leeb-balkone.com\/ch\/#website\",\"url\":\"https:\/\/www.leeb-balkone.com\/ch\/\",\"name\":\"Leeb Balkone\",\"description\":\"Balkone und Z\u00e4une\",\"publisher\":{\"@id\":\"https:\/\/www.leeb-balkone.com\/ch\/#organization\"},\"potentialAction\":[{\"@type\":\"SearchAction\",\"target\":{\"@type\":\"EntryPoint\",\"urlTemplate\":\"https:\/\/www.leeb-balkone.com\/ch\/?s={search_term_string}\"},\"query-input\":{\"@type\":\"PropertyValueSpecification\",\"valueRequired\":true,\"valueName\":\"search_term_string\"}}],\"inLanguage\":\"de-CH\"},{\"@type\":\"Organization\",\"@id\":\"https:\/\/www.leeb-balkone.com\/ch\/#organization\",\"name\":\"Leeb Balkone Gmbh\",\"url\":\"https:\/\/www.leeb-balkone.com\/ch\/\",\"logo\":{\"@type\":\"ImageObject\",\"inLanguage\":\"de-CH\",\"@id\":\"https:\/\/www.leeb-balkone.com\/ch\/#\/schema\/logo\/image\/\",\"url\":\"https:\/\/www.leeb-balkone.com\/app\/uploads\/2020\/11\/leeb-logo.svg\",\"contentUrl\":\"https:\/\/www.leeb-balkone.com\/app\/uploads\/2020\/11\/leeb-logo.svg\",\"width\":741,\"height\":204,\"caption\":\"Leeb Balkone Gmbh\"},\"image\":{\"@id\":\"https:\/\/www.leeb-balkone.com\/ch\/#\/schema\/logo\/image\/\"},\"sameAs\":[\"https:\/\/www.facebook.com\/balkone\/\",\"https:\/\/www.trustedshops.at\/bewertung\/info_X4587CCF5833E31AFE0B11F47D86999F2.html\",\"https:\/\/www.trustedshops.de\/bewertung\/info_X7BA536A7A0BDC86D36C4718E4DCAEEEF.html\",\"https:\/\/www.google.com\/maps\/place\/?q=place_id:ChIJ5-zH19-IcEcR9HonWRTllHI\"]},{\"@type\":\"Person\",\"@id\":\"https:\/\/www.leeb-balkone.com\/ch\/#\/schema\/person\/15f1f398efcf4703721e46c2136421fa\",\"name\":\"jbacher\"}]}<\/script>\n<!-- \/ Yoast SEO plugin. -->","yoast_head_json":{"title":"Vorbereitungen f\u00fcr die Adventszeit - Leeb Balkone Schweiz","description":"Bald beginnt die Adventszeit und einige Vorbereitungsarbeiten sind zu treffen. Kekse backen, Haus und Garten weihnachtlich dekorieren, Geschenke kaufen etc. Aber ein Accessoire darf zur Vorweihnachtszeit in keinem Haushalt fehlen: der Adventkalender. In unserem Blog finden Sie eine einfache Anleitung dazu.","robots":{"index":"index","follow":"follow","max-snippet":"max-snippet:-1","max-image-preview":"max-image-preview:large","max-video-preview":"max-video-preview:-1"},"og_locale":"de_DE","og_type":"article","og_title":"Vorbereitungen f\u00fcr die Adventszeit - Leeb Balkone","og_description":"Bald beginnt die Adventszeit und einige Vorbereitungsarbeiten sind zu treffen. Kekse backen, Haus und Garten weihnachtlich dekorieren, Geschenke kaufen etc. Aber ein Accessoire darf zur Vorweihnachtszeit in keinem Haushalt fehlen: der Adventkalender. In unserem Blog finden Sie eine einfache Anleitung dazu.","og_url":"https:\/\/www.leeb-balkone.com\/ch\/blog\/vorbereitungen-fuer-die-adventszeit\/","og_site_name":"Leeb Balkone","article_publisher":"https:\/\/www.facebook.com\/balkone\/","article_published_time":"2019-11-03T06:49:32+00:00","article_modified_time":"2023-01-16T15:52:58+00:00","og_image":[{"width":2560,"height":1707,"url":"https:\/\/www.leeb-balkone.com\/app\/uploads\/2020\/10\/adventkalender-1-scaled.jpg","type":"image\/jpeg"}],"author":"jbacher","twitter_card":"summary_large_image","schema":{"@context":"https:\/\/schema.org","@graph":[{"@type":"Article","@id":"https:\/\/www.leeb-balkone.com\/ch\/blog\/vorbereitungen-fuer-die-adventszeit\/#article","isPartOf":{"@id":"https:\/\/www.leeb-balkone.com\/ch\/blog\/vorbereitungen-fuer-die-adventszeit\/"},"author":{"name":"jbacher","@id":"https:\/\/www.leeb-balkone.com\/ch\/#\/schema\/person\/15f1f398efcf4703721e46c2136421fa"},"headline":"Vorbereitungen f\u00fcr die Adventszeit","datePublished":"2019-11-03T06:49:32+00:00","dateModified":"2023-01-16T15:52:58+00:00","mainEntityOfPage":{"@id":"https:\/\/www.leeb-balkone.com\/ch\/blog\/vorbereitungen-fuer-die-adventszeit\/"},"wordCount":447,"publisher":{"@id":"https:\/\/www.leeb-balkone.com\/ch\/#organization"},"image":{"@id":"https:\/\/www.leeb-balkone.com\/ch\/blog\/vorbereitungen-fuer-die-adventszeit\/#primaryimage"},"thumbnailUrl":"https:\/\/www.leeb-balkone.com\/app\/uploads\/2020\/10\/adventkalender-1-scaled.jpg","articleSection":["Balkongestaltung","Ideen zum Selbermachen","Weihnachtszeit"],"inLanguage":"de-CH"},{"@type":"WebPage","@id":"https:\/\/www.leeb-balkone.com\/ch\/blog\/vorbereitungen-fuer-die-adventszeit\/","url":"https:\/\/www.leeb-balkone.com\/ch\/blog\/vorbereitungen-fuer-die-adventszeit\/","name":"Vorbereitungen f\u00fcr die Adventszeit - Leeb Balkone","isPartOf":{"@id":"https:\/\/www.leeb-balkone.com\/ch\/#website"},"primaryImageOfPage":{"@id":"https:\/\/www.leeb-balkone.com\/ch\/blog\/vorbereitungen-fuer-die-adventszeit\/#primaryimage"},"image":{"@id":"https:\/\/www.leeb-balkone.com\/ch\/blog\/vorbereitungen-fuer-die-adventszeit\/#primaryimage"},"thumbnailUrl":"https:\/\/www.leeb-balkone.com\/app\/uploads\/2020\/10\/adventkalender-1-scaled.jpg","datePublished":"2019-11-03T06:49:32+00:00","dateModified":"2023-01-16T15:52:58+00:00","description":"Bald beginnt die Adventszeit und einige Vorbereitungsarbeiten sind zu treffen. Kekse backen, Haus und Garten weihnachtlich dekorieren, Geschenke kaufen etc. Aber ein Accessoire darf zur Vorweihnachtszeit in keinem Haushalt fehlen: der Adventkalender. In unserem Blog finden Sie eine einfache Anleitung dazu.","breadcrumb":{"@id":"https:\/\/www.leeb-balkone.com\/ch\/blog\/vorbereitungen-fuer-die-adventszeit\/#breadcrumb"},"inLanguage":"de-CH","potentialAction":[{"@type":"ReadAction","target":["https:\/\/www.leeb-balkone.com\/ch\/blog\/vorbereitungen-fuer-die-adventszeit\/"]}]},{"@type":"ImageObject","inLanguage":"de-CH","@id":"https:\/\/www.leeb-balkone.com\/ch\/blog\/vorbereitungen-fuer-die-adventszeit\/#primaryimage","url":"https:\/\/www.leeb-balkone.com\/app\/uploads\/2020\/10\/adventkalender-1-scaled.jpg","contentUrl":"https:\/\/www.leeb-balkone.com\/app\/uploads\/2020\/10\/adventkalender-1-scaled.jpg","width":2560,"height":1707},{"@type":"BreadcrumbList","@id":"https:\/\/www.leeb-balkone.com\/ch\/blog\/vorbereitungen-fuer-die-adventszeit\/#breadcrumb","itemListElement":[{"@type":"ListItem","position":1,"name":"Home","item":"https:\/\/www.leeb-balkone.com\/ch\/"},{"@type":"ListItem","position":2,"name":"Vorbereitungen f\u00fcr die Adventszeit"}]},{"@type":"WebSite","@id":"https:\/\/www.leeb-balkone.com\/ch\/#website","url":"https:\/\/www.leeb-balkone.com\/ch\/","name":"Leeb Balkone","description":"Balkone und Z\u00e4une","publisher":{"@id":"https:\/\/www.leeb-balkone.com\/ch\/#organization"},"potentialAction":[{"@type":"SearchAction","target":{"@type":"EntryPoint","urlTemplate":"https:\/\/www.leeb-balkone.com\/ch\/?s={search_term_string}"},"query-input":{"@type":"PropertyValueSpecification","valueRequired":true,"valueName":"search_term_string"}}],"inLanguage":"de-CH"},{"@type":"Organization","@id":"https:\/\/www.leeb-balkone.com\/ch\/#organization","name":"Leeb Balkone Gmbh","url":"https:\/\/www.leeb-balkone.com\/ch\/","logo":{"@type":"ImageObject","inLanguage":"de-CH","@id":"https:\/\/www.leeb-balkone.com\/ch\/#\/schema\/logo\/image\/","url":"https:\/\/www.leeb-balkone.com\/app\/uploads\/2020\/11\/leeb-logo.svg","contentUrl":"https:\/\/www.leeb-balkone.com\/app\/uploads\/2020\/11\/leeb-logo.svg","width":741,"height":204,"caption":"Leeb Balkone Gmbh"},"image":{"@id":"https:\/\/www.leeb-balkone.com\/ch\/#\/schema\/logo\/image\/"},"sameAs":["https:\/\/www.facebook.com\/balkone\/","https:\/\/www.trustedshops.at\/bewertung\/info_X4587CCF5833E31AFE0B11F47D86999F2.html","https:\/\/www.trustedshops.de\/bewertung\/info_X7BA536A7A0BDC86D36C4718E4DCAEEEF.html","https:\/\/www.google.com\/maps\/place\/?q=place_id:ChIJ5-zH19-IcEcR9HonWRTllHI"]},{"@type":"Person","@id":"https:\/\/www.leeb-balkone.com\/ch\/#\/schema\/person\/15f1f398efcf4703721e46c2136421fa","name":"jbacher"}]}},"_links":{"self":[{"href":"https:\/\/www.leeb-balkone.com\/ch\/wp-json\/wp\/v2\/posts\/18878","targetHints":{"allow":["GET"]}}],"collection":[{"href":"https:\/\/www.leeb-balkone.com\/ch\/wp-json\/wp\/v2\/posts"}],"about":[{"href":"https:\/\/www.leeb-balkone.com\/ch\/wp-json\/wp\/v2\/types\/post"}],"author":[{"embeddable":true,"href":"https:\/\/www.leeb-balkone.com\/ch\/wp-json\/wp\/v2\/users\/3"}],"replies":[{"embeddable":true,"href":"https:\/\/www.leeb-balkone.com\/ch\/wp-json\/wp\/v2\/comments?post=18878"}],"version-history":[{"count":0,"href":"https:\/\/www.leeb-balkone.com\/ch\/wp-json\/wp\/v2\/posts\/18878\/revisions"}],"wp:featuredmedia":[{"embeddable":true,"href":"https:\/\/www.leeb-balkone.com\/ch\/wp-json\/wp\/v2\/media\/12794"}],"wp:attachment":[{"href":"https:\/\/www.leeb-balkone.com\/ch\/wp-json\/wp\/v2\/media?parent=18878"}],"wp:term":[{"taxonomy":"category","embeddable":true,"href":"https:\/\/www.leeb-balkone.com\/ch\/wp-json\/wp\/v2\/categories?post=18878"},{"taxonomy":"post_tag","embeddable":true,"href":"https:\/\/www.leeb-balkone.com\/ch\/wp-json\/wp\/v2\/tags?post=18878"},{"taxonomy":"post_folder","embeddable":true,"href":"https:\/\/www.leeb-balkone.com\/ch\/wp-json\/wp\/v2\/post_folder?post=18878"}],"curies":[{"name":"wp","href":"https:\/\/api.w.org\/{rel}","templated":true}]}}