{"id":166020,"date":"2017-04-15T08:57:27","date_gmt":"2017-04-15T08:57:27","guid":{"rendered":"https:\/\/www.leeb-balkone.com\/ein-holzbalkon-ohne-laestiges-nachstreichen\/"},"modified":"2026-03-17T09:33:31","modified_gmt":"2026-03-17T09:33:31","slug":"ein-holzbalkon-ohne-laestiges-nachstreichen","status":"publish","type":"post","link":"https:\/\/www.leeb-balkone.com\/ch\/blog\/ein-holzbalkon-ohne-laestiges-nachstreichen\/","title":{"rendered":"Ein \u201eHolzbalkon\u201c ohne l\u00e4stiges Nachstreichen"},"content":{"rendered":"<header data-block_acf-block-69b91fe75f05a class=\"c-fh  l-mh-small c-fh--hero c-grad-l2r c-fh--div none\">\n      <img loading=\"lazy\" decoding=\"async\" width=\"2560\" height=\"1801\" src=\"https:\/\/www.leeb-balkone.com\/app\/uploads\/2020\/07\/balkongelaender-alu-wooden-madrid-10-scaled.jpg\" class=\"no-lazy\" alt=\"vorteile alu wooden\" srcset=\"https:\/\/www.leeb-balkone.com\/app\/uploads\/2020\/07\/balkongelaender-alu-wooden-madrid-10-scaled.jpg 2560w, https:\/\/www.leeb-balkone.com\/app\/uploads\/2020\/07\/balkongelaender-alu-wooden-madrid-10-300x211.jpg 300w, https:\/\/www.leeb-balkone.com\/app\/uploads\/2020\/07\/balkongelaender-alu-wooden-madrid-10-1024x721.jpg 1024w, https:\/\/www.leeb-balkone.com\/app\/uploads\/2020\/07\/balkongelaender-alu-wooden-madrid-10-768x540.jpg 768w, https:\/\/www.leeb-balkone.com\/app\/uploads\/2020\/07\/balkongelaender-alu-wooden-madrid-10-1536x1081.jpg 1536w, https:\/\/www.leeb-balkone.com\/app\/uploads\/2020\/07\/balkongelaender-alu-wooden-madrid-10-2048x1441.jpg 2048w\" sizes=\"auto, (min-width: 1536px) 2048px, (min-width: 992px) 1536px, (min-width: 768px) 1024px, (min-width: 576px) 768px, 100vw\" \/>\n\n\n<div class=\"grid-container\">\n  <div class=\"grid-x\">\n    <div class=\"cell small-12 medium-6 medium-offset-1\">\n      <div class=\"c-fh__wrapper\">\n              <\/div>\n    <\/div>\n  <\/div>\n<\/div>\n  \n    \n    <\/header>\n\n\n  \n  <section class=\"wp-block-group alignfull t3-header u-max-wide t3-header-text has-white-background-color has-background has-global-padding is-layout-constrained wp-block-group-is-layout-constrained\">\n    <div class=\"wp-block-group o-grid u-md-1 u-sm-1 is-layout-flow wp-block-group-is-layout-flow\">\n  <div class=\"wp-block-group u-g-10 u-g-s-2\">\n      <div class=\"yoast-breadcrumbs\"><span><span><a href=\"https:\/\/www.leeb-balkone.com\/ch\/\">Home<\/a><\/span><\/span><\/div>\n      \n    <h1>Ein \u201eHolzbalkon\u201c ohne l\u00e4stiges Nachstreichen<\/h1>\n  <\/div>\n<\/div>\n  <\/section>\n\n\n\n\n\n\n<section class=\"wp-block-cgb-t3-section-block alignfull b-pt-small  is-style-bg-white\" style=\"display:inherit;min-height:inherit\">\n<div class=\"wp-block-cgb-t3-container-block none\" style=\"background-color:none\"><div class=\"grid-container\"><div class=\"grid-x\"><div class=\"cell small-12 medium-9 large-0 medium-offset-1 b-has-lsmb\">\n<p>Sie m\u00f6chten die Vorteile vom pflegeleichten Aluminium nutzen, aber auf die sch\u00f6ne Holzstruktur nicht verzichten? Leeb bietet alle Aluminium-Modelle auch in Holzoptik an. Derzeit sind neun verschiedene Holzdekore lieferbar.<\/p>\n\n\n\n<h2 class=\"wp-block-heading\">Genie\u00dfen statt streichen<\/h2>\n\n\n\n<p>Ihr Nachbar wird neidisch sein. Auf den ersten Blick erkennt man den Unterschied zum herk\u00f6mmlichen Holzbalkon gar nicht \u2013 auch nicht auf den zweiten Blick. Erst wenn die Holzbalkone in der Nachbarschaft an Farbglanz verlieren und das Aluminium in Holzstruktur noch strahlend sch\u00f6n ausschaut. Statt dem l\u00e4stigen Nachstreichen k\u00f6nnen Sie entspannt auf Ihrem Balkon sitzen und die lauen Sommerabende genie\u00dfen.<\/p>\n<\/div><\/div><\/div><\/div>\n\n\n<div class=\"b-carousel  band slider\" data-block_acf-block-69b91fe760064>\n  <div class=\"slides\">\n          <div>\n\n\n\n  \n    \n          \n\n              \n        \n\n        <img loading=\"lazy\" decoding=\"async\" width=\"1024\" height=\"708\" src=\"https:\/\/www.leeb-balkone.com\/app\/uploads\/2020\/07\/edelstahl-balkongelaender-alu-design-lissabon-6-1024x708.jpg\" class=\"no-lazy\" alt=\"Balkongel\u00e4nder Alu mit Edelstahl-Streben und Lochblech-Dekor - Alubalkon Alu Design Lissabon\" srcset=\"https:\/\/www.leeb-balkone.com\/app\/uploads\/2020\/07\/edelstahl-balkongelaender-alu-design-lissabon-6-1024x708.jpg 1024w, https:\/\/www.leeb-balkone.com\/app\/uploads\/2020\/07\/edelstahl-balkongelaender-alu-design-lissabon-6-300x208.jpg 300w, https:\/\/www.leeb-balkone.com\/app\/uploads\/2020\/07\/edelstahl-balkongelaender-alu-design-lissabon-6-768x531.jpg 768w, https:\/\/www.leeb-balkone.com\/app\/uploads\/2020\/07\/edelstahl-balkongelaender-alu-design-lissabon-6-1536x1063.jpg 1536w, https:\/\/www.leeb-balkone.com\/app\/uploads\/2020\/07\/edelstahl-balkongelaender-alu-design-lissabon-6-2048x1417.jpg 2048w\" sizes=\"auto, (min-width: 1200px) 1024px, (min-width: 1024px) 768px, (min-width: 640px) 768px, 768px\" \/>        \n            \n          \n  <\/div>\n\n          <div>\n\n\n\n  \n    \n          \n\n              \n        \n\n        <img loading=\"lazy\" decoding=\"async\" width=\"1024\" height=\"692\" src=\"https:\/\/www.leeb-balkone.com\/app\/uploads\/2020\/09\/balkongelaender-alu-classic-kitzbuehel-6-1024x692.jpg\" class=\"no-lazy\" alt=\"balkongelaender alu classic kitzbuehel 6\" srcset=\"https:\/\/www.leeb-balkone.com\/app\/uploads\/2020\/09\/balkongelaender-alu-classic-kitzbuehel-6-1024x691.jpg 1024w, https:\/\/www.leeb-balkone.com\/app\/uploads\/2020\/09\/balkongelaender-alu-classic-kitzbuehel-6-300x203.jpg 300w, https:\/\/www.leeb-balkone.com\/app\/uploads\/2020\/09\/balkongelaender-alu-classic-kitzbuehel-6-768x519.jpg 768w, https:\/\/www.leeb-balkone.com\/app\/uploads\/2020\/09\/balkongelaender-alu-classic-kitzbuehel-6-1536x1037.jpg 1536w, https:\/\/www.leeb-balkone.com\/app\/uploads\/2020\/09\/balkongelaender-alu-classic-kitzbuehel-6-2048x1383.jpg 2048w\" sizes=\"auto, (min-width: 1200px) 1024px, (min-width: 1024px) 768px, (min-width: 640px) 768px, 768px\" \/>        \n            \n          \n  <\/div>\n\n          <div>\n\n\n\n  \n    \n          \n\n              \n        \n\n        <img loading=\"lazy\" decoding=\"async\" width=\"1024\" height=\"721\" src=\"https:\/\/www.leeb-balkone.com\/app\/uploads\/2020\/07\/balkon-alu-classic-vilshofen-luxus-13-1024x721.jpg\" class=\"no-lazy\" alt=\"balkon alu classic vilshofen luxus 13\" srcset=\"https:\/\/www.leeb-balkone.com\/app\/uploads\/2020\/07\/balkon-alu-classic-vilshofen-luxus-13-1024x721.jpg 1024w, https:\/\/www.leeb-balkone.com\/app\/uploads\/2020\/07\/balkon-alu-classic-vilshofen-luxus-13-300x211.jpg 300w, https:\/\/www.leeb-balkone.com\/app\/uploads\/2020\/07\/balkon-alu-classic-vilshofen-luxus-13-768x540.jpg 768w, https:\/\/www.leeb-balkone.com\/app\/uploads\/2020\/07\/balkon-alu-classic-vilshofen-luxus-13-1536x1081.jpg 1536w, https:\/\/www.leeb-balkone.com\/app\/uploads\/2020\/07\/balkon-alu-classic-vilshofen-luxus-13-2048x1441.jpg 2048w\" sizes=\"auto, (min-width: 1200px) 1024px, (min-width: 1024px) 768px, (min-width: 640px) 768px, 768px\" \/>        \n            \n          \n  <\/div>\n\n      <\/div>\n\n<\/div>\n\n\n\n<div class=\"wp-block-cgb-t3-container-block none\" style=\"background-color:none\"><div class=\"grid-container\"><div class=\"grid-x\"><div class=\"cell small-12 medium-9 large-0 medium-offset-1 b-has-lsmb\">\n<h2 class=\"wp-block-heading\">Welche Technik steckt dahinter?<\/h2>\n\n\n\n<p>Die Balkon- und Zaunprofile werden in unserer hochmodernen Pulverbeschichtungsanlage in den unterschiedlichsten RAL-Farbt\u00f6nen beschichtet. F\u00fcr die Holzstruktur werden Braunt\u00f6ne verwendet, welche den nat\u00fcrlichen Holzfarben am \u00e4hnlichsten sind. Das Pulver wird unter elektrische Spannung aufgetragen und anschlie\u00dfend im Einbrennofen getrocknet. F\u00fcr die Holzstruktur werden die beschichteten Profile mit Folie \u00fcberzogen, aufgedruckt mit den Holzstrukturen der verschiedenen Holzarten. Die vakuumierten Balkon- oder Zaunprofile werden nochmals im Einbrennofen getrocknet. Anschlie\u00dfend wird die Folie entfernt und die Aluprofile kommen mit sch\u00f6ner Holzstruktur zum Vorschein.<\/p>\n<\/div><\/div><\/div><\/div>\n\n\n\n<div class=\"wp-block-cgb-t3-container-block none\" style=\"background-color:none\"><div class=\"grid-container\"><div class=\"grid-x\"><div class=\"cell small-12 medium-9 large-0 medium-offset-1 b-has-lsmb\">\n<h2 class=\"wp-block-heading\">Von Kirsch bis Douglasie<\/h2>\n\n\n\n<p>Alle Balkonmodelle stehen in 13 unterschiedlichen Holzdekoren zur Auswahl. Neben Kirsche, Kastanie und Eiche gibt es auch ausgefallenere Varianten wie Douglasie und Goldeiche. Kiefer dunkel, gefolgt von Goldeiche sind bei Kunden besonders beliebt. Aber auch Kastanie, L\u00e4rche gebeizt und Kiefer hell werden oft als Balkonfarbe gew\u00e4hlt. F\u00fcr Holzliebhaber, die gerne auf das Nachstreichen verzichten, bleiben also keine W\u00fcnsche offen. Und wer wei\u00df \u2013 vielleicht gibt es bald noch mehr Holzdesigns im Sortiment.<\/p>\n\n\n\n<h2 class=\"wp-block-heading\">Beliebte Modelle in Alu-Wooden<\/h2>\n\n\n\n<p>Grunds\u00e4tzlich k\u00f6nnen alle Modelle bei Leeb in Holzoptik angefertigt werden. Es gibt jedoch Balkon- und Zaunmodelle, die sich zu den Bestsellern unter den Alu-Wooden Modellen entwickelt haben.<\/p>\n<\/div><\/div><\/div><\/div>\n\n\n<div class=\"b-carousel  band slider\" data-block_acf-block-69b91fe7600d5>\n  <div class=\"slides\">\n          <div>\n\n\n\n  \n    \n          \n\n              \n        \n\n        <img loading=\"lazy\" decoding=\"async\" width=\"1024\" height=\"721\" src=\"https:\/\/www.leeb-balkone.com\/app\/uploads\/2020\/07\/balkon-alu-classic-hahnenkamm-193-1024x721.jpg\" class=\"no-lazy\" alt=\"balkon alu classic hahnenkamm 193\" srcset=\"https:\/\/www.leeb-balkone.com\/app\/uploads\/2020\/07\/balkon-alu-classic-hahnenkamm-193-1024x721.jpg 1024w, https:\/\/www.leeb-balkone.com\/app\/uploads\/2020\/07\/balkon-alu-classic-hahnenkamm-193-300x211.jpg 300w, https:\/\/www.leeb-balkone.com\/app\/uploads\/2020\/07\/balkon-alu-classic-hahnenkamm-193-768x540.jpg 768w, https:\/\/www.leeb-balkone.com\/app\/uploads\/2020\/07\/balkon-alu-classic-hahnenkamm-193-1536x1081.jpg 1536w, https:\/\/www.leeb-balkone.com\/app\/uploads\/2020\/07\/balkon-alu-classic-hahnenkamm-193-2048x1441.jpg 2048w\" sizes=\"auto, (min-width: 1200px) 1024px, (min-width: 1024px) 768px, (min-width: 640px) 768px, 768px\" \/>        \n            \n          \n  <\/div>\n\n          <div>\n\n\n\n  \n    \n          \n\n              \n        \n\n        <img loading=\"lazy\" decoding=\"async\" width=\"1024\" height=\"684\" src=\"https:\/\/www.leeb-balkone.com\/app\/uploads\/2020\/07\/balkon-alu-design-madrid-10-1024x684.jpg\" class=\"no-lazy\" alt=\"Vielf\u00e4ltige Gartenblumen mit Alu Design Madrid Balkongel\u00e4nder\" srcset=\"https:\/\/www.leeb-balkone.com\/app\/uploads\/2020\/07\/balkon-alu-design-madrid-10-1024x684.jpg 1024w, https:\/\/www.leeb-balkone.com\/app\/uploads\/2020\/07\/balkon-alu-design-madrid-10-300x200.jpg 300w, https:\/\/www.leeb-balkone.com\/app\/uploads\/2020\/07\/balkon-alu-design-madrid-10-768x513.jpg 768w, https:\/\/www.leeb-balkone.com\/app\/uploads\/2020\/07\/balkon-alu-design-madrid-10-1536x1025.jpg 1536w, https:\/\/www.leeb-balkone.com\/app\/uploads\/2020\/07\/balkon-alu-design-madrid-10-2048x1367.jpg 2048w\" sizes=\"auto, (min-width: 1200px) 1024px, (min-width: 1024px) 768px, (min-width: 640px) 768px, 768px\" \/>        \n            \n          \n  <\/div>\n\n          <div>\n\n\n\n  \n    \n          \n\n              \n        \n\n        <img loading=\"lazy\" decoding=\"async\" width=\"1024\" height=\"721\" src=\"https:\/\/www.leeb-balkone.com\/app\/uploads\/2020\/07\/balkongelaender-alu-classic-hahnenkamm-193-1024x721.jpg\" class=\"no-lazy\" alt=\"Gelbe Hausfassade mit Alu Classic Hahnenkamm Balkongel\u00e4nder\" srcset=\"https:\/\/www.leeb-balkone.com\/app\/uploads\/2020\/07\/balkongelaender-alu-classic-hahnenkamm-193-1024x721.jpg 1024w, https:\/\/www.leeb-balkone.com\/app\/uploads\/2020\/07\/balkongelaender-alu-classic-hahnenkamm-193-300x211.jpg 300w, https:\/\/www.leeb-balkone.com\/app\/uploads\/2020\/07\/balkongelaender-alu-classic-hahnenkamm-193-768x540.jpg 768w, https:\/\/www.leeb-balkone.com\/app\/uploads\/2020\/07\/balkongelaender-alu-classic-hahnenkamm-193-1536x1081.jpg 1536w, https:\/\/www.leeb-balkone.com\/app\/uploads\/2020\/07\/balkongelaender-alu-classic-hahnenkamm-193-2048x1441.jpg 2048w\" sizes=\"auto, (min-width: 1200px) 1024px, (min-width: 1024px) 768px, (min-width: 640px) 768px, 768px\" \/>        \n            \n          \n  <\/div>\n\n          <div>\n\n\n\n  \n    \n          \n\n              \n        \n\n        <img loading=\"lazy\" decoding=\"async\" width=\"1024\" height=\"678\" src=\"https:\/\/www.leeb-balkone.com\/app\/uploads\/2020\/07\/balkon-alu-design-madrid-13-1024x678.jpg\" class=\"no-lazy\" alt=\"balkon alu design madrid 13\" srcset=\"https:\/\/www.leeb-balkone.com\/app\/uploads\/2020\/07\/balkon-alu-design-madrid-13-1024x678.jpg 1024w, https:\/\/www.leeb-balkone.com\/app\/uploads\/2020\/07\/balkon-alu-design-madrid-13-300x199.jpg 300w, https:\/\/www.leeb-balkone.com\/app\/uploads\/2020\/07\/balkon-alu-design-madrid-13-768x509.jpg 768w, https:\/\/www.leeb-balkone.com\/app\/uploads\/2020\/07\/balkon-alu-design-madrid-13-1536x1018.jpg 1536w, https:\/\/www.leeb-balkone.com\/app\/uploads\/2020\/07\/balkon-alu-design-madrid-13-2048x1357.jpg 2048w\" sizes=\"auto, (min-width: 1200px) 1024px, (min-width: 1024px) 768px, (min-width: 640px) 768px, 768px\" \/>        \n            \n          \n  <\/div>\n\n      <\/div>\n\n<\/div>\n\n\n\n<div class=\"wp-block-cgb-t3-container-block none\" style=\"background-color:none\"><div class=\"grid-container\"><div class=\"grid-x\"><div class=\"cell small-12 medium-9 large-0 medium-offset-1 b-has-lsmb\">\n<h2 class=\"wp-block-heading\">Hahnenkamm macht auf jedem Haus eine gute Figur<\/h2>\n\n\n\n<p>Das Modell&nbsp;Hahnenkamm&nbsp;sieht nicht nur in echtem Holz sehr gut aus, sondern auch die Variante Aluminium in Holzoptik macht einiges her. Die Kombination Aluminium, Edelstahl und farbiges Dekorelement verleiht dem Balkongel\u00e4nder einen individuellen Charakter und passt sehr gut zu einem traditionellen Baustil.<\/p>\n\n\n\n<h2 class=\"wp-block-heading\">Madrid \u2013 ein zeitloses Gel\u00e4nder<\/h2>\n\n\n\n<p>Durch die horizontalen Elemente kombiniert mit Edelstahl wirkt dieses Modell besonders modern, l\u00e4sst sich aber auch mit traditioneller Bauweise gut vereinen. Besonders die Holzoptik kommt beim Balkongel\u00e4nder&nbsp;Madrid gut zur Geltung und wirkt zeitlos.<\/p>\n\n\n\n<p>Alle <a href=\"https:\/\/www.leeb-balkone.com\/ch\/balkongelaender\/balkongelaender-alu\/\">Alu Balkongel\u00e4nder<\/a> und <a href=\"https:\/\/www.leeb-balkone.com\/ch\/balkongelaender\/balkongelaender-holz\/\">Holz Balkongel\u00e4nder<\/a> von Leeb im \u00dcberblick<\/p>\n<\/div><\/div><\/div><\/div>\n<\/section>\n\n\n\n<p><\/p>\n","protected":false},"excerpt":{"rendered":"<p>Sie m\u00f6chten einen Holzbalkon, aber auf die Vorteile von pflegeleichten Aluminium nicht verzichten? Dann sind unsere Alu-Balkonmodelle in Holzstruktur genau das richtige f\u00fcr Sie.<\/p>\n","protected":false},"author":3,"featured_media":11589,"comment_status":"closed","ping_status":"open","sticky":false,"template":"template-onepager.blade.php","format":"standard","meta":{"_acf_changed":false,"footnotes":""},"categories":[167,164,165,153],"tags":[],"post_folder":[],"class_list":["post-166020","post","type-post","status-publish","format-standard","has-post-thumbnail","hentry","category-aktuelles-zu-leeb-balkone","category-balkonbau-mit-leeb","category-technik-innovation","category-tipps-zur-balkongestaltung"],"acf":[],"yoast_head":"<!-- This site is optimized with the Yoast SEO plugin v27.2 - https:\/\/yoast.com\/product\/yoast-seo-wordpress\/ -->\n<title>Ein \u201eHolzbalkon\u201c ohne l\u00e4stiges Nachstreichen - Leeb Balkone Schweiz<\/title>\n<meta name=\"description\" content=\"Sie m\u00f6chten einen Holzbalkon, aber auf die Vorteile von pflegeleichten Aluminium nicht verzichten? Dann sind unsere Alu-Balkonmodelle in Holzstruktur genau das richtige f\u00fcr Sie.\" \/>\n<meta name=\"robots\" content=\"index, follow, max-snippet:-1, max-image-preview:large, max-video-preview:-1\" \/>\n<meta property=\"og:locale\" content=\"de_DE\" \/>\n<meta property=\"og:type\" content=\"article\" \/>\n<meta property=\"og:title\" content=\"Ein \u201eHolzbalkon\u201c ohne l\u00e4stiges Nachstreichen - Leeb Balkone\" \/>\n<meta property=\"og:description\" content=\"Sie m\u00f6chten einen Holzbalkon, aber auf die Vorteile von pflegeleichten Aluminium nicht verzichten? Dann sind unsere Alu-Balkonmodelle in Holzstruktur genau das richtige f\u00fcr Sie.\" \/>\n<meta property=\"og:url\" content=\"https:\/\/www.leeb-balkone.com\/ch\/blog\/ein-holzbalkon-ohne-laestiges-nachstreichen\/\" \/>\n<meta property=\"og:site_name\" content=\"Leeb Balkone\" \/>\n<meta property=\"article:publisher\" content=\"https:\/\/www.facebook.com\/balkone\/\" \/>\n<meta property=\"article:published_time\" content=\"2017-04-15T08:57:27+00:00\" \/>\n<meta property=\"article:modified_time\" content=\"2026-03-17T09:33:31+00:00\" \/>\n<meta property=\"og:image\" content=\"https:\/\/www.leeb-balkone.com\/app\/uploads\/2020\/07\/balkongelaender-alu-wooden-madrid-10-scaled.jpg\" \/>\n\t<meta property=\"og:image:width\" content=\"2560\" \/>\n\t<meta property=\"og:image:height\" content=\"1801\" \/>\n\t<meta property=\"og:image:type\" content=\"image\/jpeg\" \/>\n<meta name=\"author\" content=\"jbacher\" \/>\n<meta name=\"twitter:card\" content=\"summary_large_image\" \/>\n<script type=\"application\/ld+json\" class=\"yoast-schema-graph\">{\"@context\":\"https:\/\/schema.org\",\"@graph\":[{\"@type\":\"Article\",\"@id\":\"https:\/\/www.leeb-balkone.com\/ch\/blog\/ein-holzbalkon-ohne-laestiges-nachstreichen\/#article\",\"isPartOf\":{\"@id\":\"https:\/\/www.leeb-balkone.com\/ch\/blog\/ein-holzbalkon-ohne-laestiges-nachstreichen\/\"},\"author\":{\"name\":\"jbacher\",\"@id\":\"https:\/\/www.leeb-balkone.com\/ch\/#\/schema\/person\/15f1f398efcf4703721e46c2136421fa\"},\"headline\":\"Ein \u201eHolzbalkon\u201c ohne l\u00e4stiges Nachstreichen\",\"datePublished\":\"2017-04-15T08:57:27+00:00\",\"dateModified\":\"2026-03-17T09:33:31+00:00\",\"mainEntityOfPage\":{\"@id\":\"https:\/\/www.leeb-balkone.com\/ch\/blog\/ein-holzbalkon-ohne-laestiges-nachstreichen\/\"},\"wordCount\":416,\"publisher\":{\"@id\":\"https:\/\/www.leeb-balkone.com\/ch\/#organization\"},\"image\":{\"@id\":\"https:\/\/www.leeb-balkone.com\/ch\/blog\/ein-holzbalkon-ohne-laestiges-nachstreichen\/#primaryimage\"},\"thumbnailUrl\":\"https:\/\/www.leeb-balkone.com\/app\/uploads\/2020\/07\/balkongelaender-alu-wooden-madrid-10-scaled.jpg\",\"articleSection\":[\"Aktuelles zu Leeb Balkone\",\"Balkonbau mit Leeb\",\"Technik &amp; Innovation\",\"Tipps zur Balkongestaltung\"],\"inLanguage\":\"de-CH\"},{\"@type\":\"WebPage\",\"@id\":\"https:\/\/www.leeb-balkone.com\/ch\/blog\/ein-holzbalkon-ohne-laestiges-nachstreichen\/\",\"url\":\"https:\/\/www.leeb-balkone.com\/ch\/blog\/ein-holzbalkon-ohne-laestiges-nachstreichen\/\",\"name\":\"Ein \u201eHolzbalkon\u201c ohne l\u00e4stiges Nachstreichen - Leeb Balkone\",\"isPartOf\":{\"@id\":\"https:\/\/www.leeb-balkone.com\/ch\/#website\"},\"primaryImageOfPage\":{\"@id\":\"https:\/\/www.leeb-balkone.com\/ch\/blog\/ein-holzbalkon-ohne-laestiges-nachstreichen\/#primaryimage\"},\"image\":{\"@id\":\"https:\/\/www.leeb-balkone.com\/ch\/blog\/ein-holzbalkon-ohne-laestiges-nachstreichen\/#primaryimage\"},\"thumbnailUrl\":\"https:\/\/www.leeb-balkone.com\/app\/uploads\/2020\/07\/balkongelaender-alu-wooden-madrid-10-scaled.jpg\",\"datePublished\":\"2017-04-15T08:57:27+00:00\",\"dateModified\":\"2026-03-17T09:33:31+00:00\",\"description\":\"Sie m\u00f6chten einen Holzbalkon, aber auf die Vorteile von pflegeleichten Aluminium nicht verzichten? Dann sind unsere Alu-Balkonmodelle in Holzstruktur genau das richtige f\u00fcr Sie.\",\"breadcrumb\":{\"@id\":\"https:\/\/www.leeb-balkone.com\/ch\/blog\/ein-holzbalkon-ohne-laestiges-nachstreichen\/#breadcrumb\"},\"inLanguage\":\"de-CH\",\"potentialAction\":[{\"@type\":\"ReadAction\",\"target\":[\"https:\/\/www.leeb-balkone.com\/ch\/blog\/ein-holzbalkon-ohne-laestiges-nachstreichen\/\"]}]},{\"@type\":\"ImageObject\",\"inLanguage\":\"de-CH\",\"@id\":\"https:\/\/www.leeb-balkone.com\/ch\/blog\/ein-holzbalkon-ohne-laestiges-nachstreichen\/#primaryimage\",\"url\":\"https:\/\/www.leeb-balkone.com\/app\/uploads\/2020\/07\/balkongelaender-alu-wooden-madrid-10-scaled.jpg\",\"contentUrl\":\"https:\/\/www.leeb-balkone.com\/app\/uploads\/2020\/07\/balkongelaender-alu-wooden-madrid-10-scaled.jpg\",\"width\":2560,\"height\":1801,\"caption\":\"Modernes Alu Balkongel\u00e4nder in Holzoptik mit Edelstahl-Streben\"},{\"@type\":\"BreadcrumbList\",\"@id\":\"https:\/\/www.leeb-balkone.com\/ch\/blog\/ein-holzbalkon-ohne-laestiges-nachstreichen\/#breadcrumb\",\"itemListElement\":[{\"@type\":\"ListItem\",\"position\":1,\"name\":\"Home\",\"item\":\"https:\/\/www.leeb-balkone.com\/ch\/\"},{\"@type\":\"ListItem\",\"position\":2,\"name\":\"Ein \u201eHolzbalkon\u201c ohne l\u00e4stiges Nachstreichen\"}]},{\"@type\":\"WebSite\",\"@id\":\"https:\/\/www.leeb-balkone.com\/ch\/#website\",\"url\":\"https:\/\/www.leeb-balkone.com\/ch\/\",\"name\":\"Leeb Balkone\",\"description\":\"Balkone und Z\u00e4une\",\"publisher\":{\"@id\":\"https:\/\/www.leeb-balkone.com\/ch\/#organization\"},\"potentialAction\":[{\"@type\":\"SearchAction\",\"target\":{\"@type\":\"EntryPoint\",\"urlTemplate\":\"https:\/\/www.leeb-balkone.com\/ch\/?s={search_term_string}\"},\"query-input\":{\"@type\":\"PropertyValueSpecification\",\"valueRequired\":true,\"valueName\":\"search_term_string\"}}],\"inLanguage\":\"de-CH\"},{\"@type\":\"Organization\",\"@id\":\"https:\/\/www.leeb-balkone.com\/ch\/#organization\",\"name\":\"Leeb Balkone Gmbh\",\"url\":\"https:\/\/www.leeb-balkone.com\/ch\/\",\"logo\":{\"@type\":\"ImageObject\",\"inLanguage\":\"de-CH\",\"@id\":\"https:\/\/www.leeb-balkone.com\/ch\/#\/schema\/logo\/image\/\",\"url\":\"https:\/\/www.leeb-balkone.com\/app\/uploads\/2020\/11\/leeb-logo.svg\",\"contentUrl\":\"https:\/\/www.leeb-balkone.com\/app\/uploads\/2020\/11\/leeb-logo.svg\",\"width\":741,\"height\":204,\"caption\":\"Leeb Balkone Gmbh\"},\"image\":{\"@id\":\"https:\/\/www.leeb-balkone.com\/ch\/#\/schema\/logo\/image\/\"},\"sameAs\":[\"https:\/\/www.facebook.com\/balkone\/\",\"https:\/\/www.trustedshops.at\/bewertung\/info_X4587CCF5833E31AFE0B11F47D86999F2.html\",\"https:\/\/www.trustedshops.de\/bewertung\/info_X7BA536A7A0BDC86D36C4718E4DCAEEEF.html\",\"https:\/\/www.google.com\/maps\/place\/?q=place_id:ChIJ5-zH19-IcEcR9HonWRTllHI\"]},{\"@type\":\"Person\",\"@id\":\"https:\/\/www.leeb-balkone.com\/ch\/#\/schema\/person\/15f1f398efcf4703721e46c2136421fa\",\"name\":\"jbacher\"}]}<\/script>\n<!-- \/ Yoast SEO plugin. -->","yoast_head_json":{"title":"Ein \u201eHolzbalkon\u201c ohne l\u00e4stiges Nachstreichen - Leeb Balkone Schweiz","description":"Sie m\u00f6chten einen Holzbalkon, aber auf die Vorteile von pflegeleichten Aluminium nicht verzichten? Dann sind unsere Alu-Balkonmodelle in Holzstruktur genau das richtige f\u00fcr Sie.","robots":{"index":"index","follow":"follow","max-snippet":"max-snippet:-1","max-image-preview":"max-image-preview:large","max-video-preview":"max-video-preview:-1"},"og_locale":"de_DE","og_type":"article","og_title":"Ein \u201eHolzbalkon\u201c ohne l\u00e4stiges Nachstreichen - Leeb Balkone","og_description":"Sie m\u00f6chten einen Holzbalkon, aber auf die Vorteile von pflegeleichten Aluminium nicht verzichten? Dann sind unsere Alu-Balkonmodelle in Holzstruktur genau das richtige f\u00fcr Sie.","og_url":"https:\/\/www.leeb-balkone.com\/ch\/blog\/ein-holzbalkon-ohne-laestiges-nachstreichen\/","og_site_name":"Leeb Balkone","article_publisher":"https:\/\/www.facebook.com\/balkone\/","article_published_time":"2017-04-15T08:57:27+00:00","article_modified_time":"2026-03-17T09:33:31+00:00","og_image":[{"width":2560,"height":1801,"url":"https:\/\/www.leeb-balkone.com\/app\/uploads\/2020\/07\/balkongelaender-alu-wooden-madrid-10-scaled.jpg","type":"image\/jpeg"}],"author":"jbacher","twitter_card":"summary_large_image","schema":{"@context":"https:\/\/schema.org","@graph":[{"@type":"Article","@id":"https:\/\/www.leeb-balkone.com\/ch\/blog\/ein-holzbalkon-ohne-laestiges-nachstreichen\/#article","isPartOf":{"@id":"https:\/\/www.leeb-balkone.com\/ch\/blog\/ein-holzbalkon-ohne-laestiges-nachstreichen\/"},"author":{"name":"jbacher","@id":"https:\/\/www.leeb-balkone.com\/ch\/#\/schema\/person\/15f1f398efcf4703721e46c2136421fa"},"headline":"Ein \u201eHolzbalkon\u201c ohne l\u00e4stiges Nachstreichen","datePublished":"2017-04-15T08:57:27+00:00","dateModified":"2026-03-17T09:33:31+00:00","mainEntityOfPage":{"@id":"https:\/\/www.leeb-balkone.com\/ch\/blog\/ein-holzbalkon-ohne-laestiges-nachstreichen\/"},"wordCount":416,"publisher":{"@id":"https:\/\/www.leeb-balkone.com\/ch\/#organization"},"image":{"@id":"https:\/\/www.leeb-balkone.com\/ch\/blog\/ein-holzbalkon-ohne-laestiges-nachstreichen\/#primaryimage"},"thumbnailUrl":"https:\/\/www.leeb-balkone.com\/app\/uploads\/2020\/07\/balkongelaender-alu-wooden-madrid-10-scaled.jpg","articleSection":["Aktuelles zu Leeb Balkone","Balkonbau mit Leeb","Technik &amp; Innovation","Tipps zur Balkongestaltung"],"inLanguage":"de-CH"},{"@type":"WebPage","@id":"https:\/\/www.leeb-balkone.com\/ch\/blog\/ein-holzbalkon-ohne-laestiges-nachstreichen\/","url":"https:\/\/www.leeb-balkone.com\/ch\/blog\/ein-holzbalkon-ohne-laestiges-nachstreichen\/","name":"Ein \u201eHolzbalkon\u201c ohne l\u00e4stiges Nachstreichen - Leeb Balkone","isPartOf":{"@id":"https:\/\/www.leeb-balkone.com\/ch\/#website"},"primaryImageOfPage":{"@id":"https:\/\/www.leeb-balkone.com\/ch\/blog\/ein-holzbalkon-ohne-laestiges-nachstreichen\/#primaryimage"},"image":{"@id":"https:\/\/www.leeb-balkone.com\/ch\/blog\/ein-holzbalkon-ohne-laestiges-nachstreichen\/#primaryimage"},"thumbnailUrl":"https:\/\/www.leeb-balkone.com\/app\/uploads\/2020\/07\/balkongelaender-alu-wooden-madrid-10-scaled.jpg","datePublished":"2017-04-15T08:57:27+00:00","dateModified":"2026-03-17T09:33:31+00:00","description":"Sie m\u00f6chten einen Holzbalkon, aber auf die Vorteile von pflegeleichten Aluminium nicht verzichten? Dann sind unsere Alu-Balkonmodelle in Holzstruktur genau das richtige f\u00fcr Sie.","breadcrumb":{"@id":"https:\/\/www.leeb-balkone.com\/ch\/blog\/ein-holzbalkon-ohne-laestiges-nachstreichen\/#breadcrumb"},"inLanguage":"de-CH","potentialAction":[{"@type":"ReadAction","target":["https:\/\/www.leeb-balkone.com\/ch\/blog\/ein-holzbalkon-ohne-laestiges-nachstreichen\/"]}]},{"@type":"ImageObject","inLanguage":"de-CH","@id":"https:\/\/www.leeb-balkone.com\/ch\/blog\/ein-holzbalkon-ohne-laestiges-nachstreichen\/#primaryimage","url":"https:\/\/www.leeb-balkone.com\/app\/uploads\/2020\/07\/balkongelaender-alu-wooden-madrid-10-scaled.jpg","contentUrl":"https:\/\/www.leeb-balkone.com\/app\/uploads\/2020\/07\/balkongelaender-alu-wooden-madrid-10-scaled.jpg","width":2560,"height":1801,"caption":"Modernes Alu Balkongel\u00e4nder in Holzoptik mit Edelstahl-Streben"},{"@type":"BreadcrumbList","@id":"https:\/\/www.leeb-balkone.com\/ch\/blog\/ein-holzbalkon-ohne-laestiges-nachstreichen\/#breadcrumb","itemListElement":[{"@type":"ListItem","position":1,"name":"Home","item":"https:\/\/www.leeb-balkone.com\/ch\/"},{"@type":"ListItem","position":2,"name":"Ein \u201eHolzbalkon\u201c ohne l\u00e4stiges Nachstreichen"}]},{"@type":"WebSite","@id":"https:\/\/www.leeb-balkone.com\/ch\/#website","url":"https:\/\/www.leeb-balkone.com\/ch\/","name":"Leeb Balkone","description":"Balkone und Z\u00e4une","publisher":{"@id":"https:\/\/www.leeb-balkone.com\/ch\/#organization"},"potentialAction":[{"@type":"SearchAction","target":{"@type":"EntryPoint","urlTemplate":"https:\/\/www.leeb-balkone.com\/ch\/?s={search_term_string}"},"query-input":{"@type":"PropertyValueSpecification","valueRequired":true,"valueName":"search_term_string"}}],"inLanguage":"de-CH"},{"@type":"Organization","@id":"https:\/\/www.leeb-balkone.com\/ch\/#organization","name":"Leeb Balkone Gmbh","url":"https:\/\/www.leeb-balkone.com\/ch\/","logo":{"@type":"ImageObject","inLanguage":"de-CH","@id":"https:\/\/www.leeb-balkone.com\/ch\/#\/schema\/logo\/image\/","url":"https:\/\/www.leeb-balkone.com\/app\/uploads\/2020\/11\/leeb-logo.svg","contentUrl":"https:\/\/www.leeb-balkone.com\/app\/uploads\/2020\/11\/leeb-logo.svg","width":741,"height":204,"caption":"Leeb Balkone Gmbh"},"image":{"@id":"https:\/\/www.leeb-balkone.com\/ch\/#\/schema\/logo\/image\/"},"sameAs":["https:\/\/www.facebook.com\/balkone\/","https:\/\/www.trustedshops.at\/bewertung\/info_X4587CCF5833E31AFE0B11F47D86999F2.html","https:\/\/www.trustedshops.de\/bewertung\/info_X7BA536A7A0BDC86D36C4718E4DCAEEEF.html","https:\/\/www.google.com\/maps\/place\/?q=place_id:ChIJ5-zH19-IcEcR9HonWRTllHI"]},{"@type":"Person","@id":"https:\/\/www.leeb-balkone.com\/ch\/#\/schema\/person\/15f1f398efcf4703721e46c2136421fa","name":"jbacher"}]}},"_links":{"self":[{"href":"https:\/\/www.leeb-balkone.com\/ch\/wp-json\/wp\/v2\/posts\/166020","targetHints":{"allow":["GET"]}}],"collection":[{"href":"https:\/\/www.leeb-balkone.com\/ch\/wp-json\/wp\/v2\/posts"}],"about":[{"href":"https:\/\/www.leeb-balkone.com\/ch\/wp-json\/wp\/v2\/types\/post"}],"author":[{"embeddable":true,"href":"https:\/\/www.leeb-balkone.com\/ch\/wp-json\/wp\/v2\/users\/3"}],"replies":[{"embeddable":true,"href":"https:\/\/www.leeb-balkone.com\/ch\/wp-json\/wp\/v2\/comments?post=166020"}],"version-history":[{"count":3,"href":"https:\/\/www.leeb-balkone.com\/ch\/wp-json\/wp\/v2\/posts\/166020\/revisions"}],"predecessor-version":[{"id":166028,"href":"https:\/\/www.leeb-balkone.com\/ch\/wp-json\/wp\/v2\/posts\/166020\/revisions\/166028"}],"wp:featuredmedia":[{"embeddable":true,"href":"https:\/\/www.leeb-balkone.com\/ch\/wp-json\/wp\/v2\/media\/11589"}],"wp:attachment":[{"href":"https:\/\/www.leeb-balkone.com\/ch\/wp-json\/wp\/v2\/media?parent=166020"}],"wp:term":[{"taxonomy":"category","embeddable":true,"href":"https:\/\/www.leeb-balkone.com\/ch\/wp-json\/wp\/v2\/categories?post=166020"},{"taxonomy":"post_tag","embeddable":true,"href":"https:\/\/www.leeb-balkone.com\/ch\/wp-json\/wp\/v2\/tags?post=166020"},{"taxonomy":"post_folder","embeddable":true,"href":"https:\/\/www.leeb-balkone.com\/ch\/wp-json\/wp\/v2\/post_folder?post=166020"}],"curies":[{"name":"wp","href":"https:\/\/api.w.org\/{rel}","templated":true}]}}