{"id":166001,"date":"2025-03-26T10:37:00","date_gmt":"2025-03-26T10:37:00","guid":{"rendered":"https:\/\/www.leeb-balkone.com\/mehr-vorsprung-durch-innovation\/"},"modified":"2026-03-17T08:59:28","modified_gmt":"2026-03-17T08:59:28","slug":"mehr-vorsprung-durch-innovation","status":"publish","type":"post","link":"https:\/\/www.leeb-balkone.com\/ch\/blog\/mehr-vorsprung-durch-innovation\/","title":{"rendered":"Mehr Vorsprung durch Innovation"},"content":{"rendered":"<header class=\"wp-block-group alignfull t3-header u-max-wide t3-header-text has-white-background-color has-background has-global-padding is-layout-constrained wp-block-group-is-layout-constrained\">\n    <div class=\"wp-block-group o-grid u-md-1 u-sm-1 is-layout-flow wp-block-group-is-layout-flow\">\n  <div class=\"wp-block-group u-g-10 u-g-s-2\">\n      <div class=\"yoast-breadcrumbs\"><span><span><a href=\"https:\/\/www.leeb-balkone.com\/ch\/\">Home<\/a><\/span><\/span><\/div>\n      \n    <h1>Mehr Vorsprung durch Innovation<\/h1>\n  <\/div>\n<\/div>\n  <\/header>\n\n\n\n\n\n\n\n<section class=\"wp-block-cgb-t3-section-block alignfull b-pt-small  is-style-bg-white\" style=\"display:inherit;min-height:inherit\">\n<div class=\"wp-block-cgb-t3-container-block none\" style=\"background-color:none\"><div class=\"grid-container\"><div class=\"grid-x\"><div class=\"cell small-12 medium-9 large-0 medium-offset-1 b-has-lsmb\">\n<p><span class=\"teaser\">Bis heute haben unsere Kunden mehr als 2.500 Kilometer Balkone und Z\u00e4une bei uns in Auftrag gegeben. Die Strecke w\u00fcrde von unserem Zuhause im K\u00e4rntner Gnesau bis nach Lissabon reichen. Mit jedem einzelnen Projekt haben wir uns weiter vorgearbeitet, bis an die Spitze der Balkonbauer in Europa. Bis dahin h\u00e4tten wir es nicht geschafft, w\u00fcrden wir nicht seit mehr als 115 Jahren den immer gleichen Anspruch an uns selbst stellen: Perfektion nach einem einfachen Prinzip.<\/span><\/p>\n<\/div><\/div><\/div><\/div>\n\n\n\n<div class=\"wp-block-cgb-t3-container-block none\" style=\"background-color:none\"><div class=\"grid-container\"><div class=\"grid-x\"><div class=\"cell small-12 medium-0 large-0\"><div id=\"lightgallery-block_acf-block-68cab912d5129\" data-block_acf-block-68cab912d5129 class=\"has-1-imgs b-cards b-cards--gallery u-grid-temp has-1-cols u-md-2 u-sm-1 wp-block-group is-layout-grid wp-block-group-is-layout-grid gallery alignwide\">\n\n        <div class=\"b-cards__item\">\n\n        \n      <figure>\n                 <img loading=\"lazy\" decoding=\"async\" width=\"1536\" height=\"1024\" src=\"https:\/\/www.leeb-balkone.com\/app\/uploads\/2020\/11\/leeb-balkone-firmengelaende-herbst-1536x1024.jpg\" class=\"attachment-1536x1536 size-1536x1536\" alt=\"Leeb Firmengel\u00e4nde - Zentrale in Gnesau\" srcset=\"https:\/\/www.leeb-balkone.com\/app\/uploads\/2020\/11\/leeb-balkone-firmengelaende-herbst-1536x1024.jpg 1536w, https:\/\/www.leeb-balkone.com\/app\/uploads\/2020\/11\/leeb-balkone-firmengelaende-herbst-300x200.jpg 300w, https:\/\/www.leeb-balkone.com\/app\/uploads\/2020\/11\/leeb-balkone-firmengelaende-herbst-1024x682.jpg 1024w, https:\/\/www.leeb-balkone.com\/app\/uploads\/2020\/11\/leeb-balkone-firmengelaende-herbst-768x512.jpg 768w, https:\/\/www.leeb-balkone.com\/app\/uploads\/2020\/11\/leeb-balkone-firmengelaende-herbst-2048x1365.jpg 2048w\" sizes=\"auto, (min-width: 1200px) 100vw, (min-width: 1024px) 1536px, (min-width: 640px) 768px, 768px\" \/>              <\/figure>\n\n                  \n        <div class=\"caption\">\n                      <\/div>\n  \n<\/div>\n\n    <\/div>\n\n<\/div><\/div><\/div><\/div>\n\n\n\n<div class=\"wp-block-cgb-t3-container-block none\" style=\"background-color:none\"><div class=\"grid-container\"><div class=\"grid-x\"><div class=\"cell small-12 medium-9 large-0 medium-offset-1 b-has-lsmb\">\n<h2 class=\"wp-block-heading\">Unsere Philosophie<\/h2>\n\n\n\n<h3 class=\"wp-block-heading\">Individuelle Verwirklichung x pers\u00f6nlicher Freiraum = mehr Lebensqualit\u00e4t<\/h3>\n\n\n\n<p>Wenn wir unseren Lebensraum und insbesondere unsere Umgebung kreativ nutzen, verbessern wir ma\u00dfgeblich unsere Lebensqualit\u00e4t. Um das zu erreichen, braucht es kluge Ideen, die den Stil und Geschmack unserer Kunden unterstreichen und gleichzeitig das Potenzial der Bausubstanz nutzen.<br>F\u00fcr uns ist es selbstverst\u00e4ndlich, Innovationen f\u00fcr unsere Methoden und Produkte zu finden. Was wir an Leistungen, Service und Produkten bieten, ist hochwertig und wird mit dem gr\u00f6\u00dftm\u00f6glichen Engagement umgesetzt. So k\u00f6nnen wir stets L\u00f6sungen pr\u00e4sentieren, die Ihnen mehr pers\u00f6nlichen Freiraum schaffen.<\/p>\n<\/div><\/div><\/div><\/div>\n\n\n\n<div class=\"wp-block-cgb-t3-container-block none\" style=\"background-color:none\"><div class=\"grid-container\"><div class=\"grid-x\"><div class=\"cell small-12 medium-0 large-0 b-has-pt b-has-lsmb\"><div class=\"b-sps l-mbxl\" id=\"\">\n    <div class=\"grid-container\">\n      <div class=\"grid-x\">\n              <div class=\"cell b-sps__bgimg lazyload bgx-center bgy-center small-12 medium-6 small-order-1 medium-order-1\">\n          \n            <img loading=\"lazy\" decoding=\"async\" width=\"1024\" height=\"767\" src=\"https:\/\/www.leeb-balkone.com\/app\/uploads\/2020\/12\/firma-leeb-balkone-zentrale-gnesau-1024x767.jpg\" class=\"attachment-large size-large\" alt=\"Firmenzentrale Leeb Balkone GmbH in Gnesau\" srcset=\"https:\/\/www.leeb-balkone.com\/app\/uploads\/2020\/12\/firma-leeb-balkone-zentrale-gnesau-1024x767.jpg 1024w, https:\/\/www.leeb-balkone.com\/app\/uploads\/2020\/12\/firma-leeb-balkone-zentrale-gnesau-300x225.jpg 300w, https:\/\/www.leeb-balkone.com\/app\/uploads\/2020\/12\/firma-leeb-balkone-zentrale-gnesau-768x575.jpg 768w, https:\/\/www.leeb-balkone.com\/app\/uploads\/2020\/12\/firma-leeb-balkone-zentrale-gnesau-1536x1151.jpg 1536w, https:\/\/www.leeb-balkone.com\/app\/uploads\/2020\/12\/firma-leeb-balkone-zentrale-gnesau-2048x1535.jpg 2048w\" sizes=\"auto, (min-width: 1200px) 1024px, (min-width: 1024px) 768px, (min-width: 640px) 768px, 768px\" \/>        <\/div>\n            <div class=\"cell b-sps__cont  small-12 medium-6 small-order-2 medium-order-2 bg--white\">\n        <div class=\"b-sps__inner-cont  pdd\">\n          <h3>Region ist unsere Position<\/h3>\n<p>F\u00fcr all unsere Produkte verwenden wir umweltfreundliche Verfahren. So auch bei den Aluminiumbalkonen. Diese werden mit einer Pulverbeschichtung \u00fcberzogen, die ohne L\u00f6sungsmittel auskommt. Das Pulver selbst wird r\u00fcckgewonnen, die gesamte Produktion ist nahezu abfall und g\u00e4nzlich chromfrei, sodass keine Abw\u00e4sser produziert werden. Auch mit den Ressourcen aus der Natur gehen wir bewusst um. Unsere erste Wahl bei Holzbalkonen ist daher regionales Holz aus den Nockbergen. Dort k\u00f6nnen wir selbst zusehen, wie alles w\u00e4chst und die Region gedeiht.<\/p>\n\n        <\/div>\n      <\/div>\n    <\/div>\n    <\/div>\n  <\/div>\n\n\n<div class=\"b-sps l-mbxl\" id=\"\">\n    <div class=\"grid-container\">\n      <div class=\"grid-x\">\n              <div class=\"cell b-sps__bgimg lazyload bgx-center bgy-center small-12 medium-6 small-order-1 medium-order-2\">\n          \n            <img loading=\"lazy\" decoding=\"async\" width=\"1024\" height=\"767\" src=\"https:\/\/www.leeb-balkone.com\/app\/uploads\/2020\/10\/leeb-balkone-mitarbeiter-17-1024x767.jpg\" class=\"attachment-large size-large\" alt=\"leeb balkone mitarbeiter 17\" srcset=\"https:\/\/www.leeb-balkone.com\/app\/uploads\/2020\/10\/leeb-balkone-mitarbeiter-17-1024x767.jpg 1024w, https:\/\/www.leeb-balkone.com\/app\/uploads\/2020\/10\/leeb-balkone-mitarbeiter-17-300x225.jpg 300w, https:\/\/www.leeb-balkone.com\/app\/uploads\/2020\/10\/leeb-balkone-mitarbeiter-17-768x575.jpg 768w, https:\/\/www.leeb-balkone.com\/app\/uploads\/2020\/10\/leeb-balkone-mitarbeiter-17-1536x1151.jpg 1536w, https:\/\/www.leeb-balkone.com\/app\/uploads\/2020\/10\/leeb-balkone-mitarbeiter-17-2048x1535.jpg 2048w\" sizes=\"auto, (min-width: 1200px) 1024px, (min-width: 1024px) 768px, (min-width: 640px) 768px, 768px\" \/>        <\/div>\n            <div class=\"cell b-sps__cont  small-12 medium-6 small-order-2 medium-order-1 bg--white\">\n        <div class=\"b-sps__inner-cont  pdd\">\n          <h3>Arbeitspl\u00e4tze sind Spitzenpl\u00e4tze<\/h3>\n<p>Wir glauben, dass ein starkes Team mit Knowhow und Engagement sowie eingespielten Abl\u00e4ufen ma\u00dfgeblich f\u00fcr die Herstellung und Qualit\u00e4t eines Spitzenproduktes sind. Deswegen setzen wir auch in unserer F\u00fchrung gerne auf Nachhaltigkeit: Arbeitsprozesse werden laufend verbessert, unsere Maschinenausstattung wird erweitert und erneuert und unsere Mitarbeiter werden in ihrer Weiterbildung gef\u00f6rdert.<\/p>\n\n        <\/div>\n      <\/div>\n    <\/div>\n    <\/div>\n  <\/div>\n\n\n<div class=\"b-sps l-mbxl\" id=\"\">\n    <div class=\"grid-container\">\n      <div class=\"grid-x\">\n              <div class=\"cell b-sps__bgimg lazyload bgx-center bgy-center small-12 medium-6 small-order-1 medium-order-1\">\n          \n            <img loading=\"lazy\" decoding=\"async\" width=\"767\" height=\"1024\" src=\"https:\/\/www.leeb-balkone.com\/app\/uploads\/2020\/09\/produktionsmitarbeiter-bei-leeb-balkone-767x1024.jpg\" class=\"attachment-large size-large\" alt=\"produktionsmitarbeiter bei leeb balkone\" srcset=\"https:\/\/www.leeb-balkone.com\/app\/uploads\/2020\/09\/produktionsmitarbeiter-bei-leeb-balkone-767x1024.jpg 767w, https:\/\/www.leeb-balkone.com\/app\/uploads\/2020\/09\/produktionsmitarbeiter-bei-leeb-balkone-225x300.jpg 225w, https:\/\/www.leeb-balkone.com\/app\/uploads\/2020\/09\/produktionsmitarbeiter-bei-leeb-balkone-768x1025.jpg 768w, https:\/\/www.leeb-balkone.com\/app\/uploads\/2020\/09\/produktionsmitarbeiter-bei-leeb-balkone-1151x1536.jpg 1151w, https:\/\/www.leeb-balkone.com\/app\/uploads\/2020\/09\/produktionsmitarbeiter-bei-leeb-balkone-1534x2048.jpg 1534w, https:\/\/www.leeb-balkone.com\/app\/uploads\/2020\/09\/produktionsmitarbeiter-bei-leeb-balkone.jpg 1918w\" sizes=\"auto, (min-width: 1200px) 1024px, (min-width: 1024px) 768px, (min-width: 640px) 768px, 768px\" \/>        <\/div>\n            <div class=\"cell b-sps__cont  small-12 medium-6 small-order-2 medium-order-2 bg--white\">\n        <div class=\"b-sps__inner-cont  pdd\">\n          <h3>Zeichen sind gesetzt<\/h3>\n<p>Nachhaltig zu kaufen, ist wichtig f\u00fcr unsere Kunden. Faire Arbeitsbedingungen, umweltfreundliche Verfahren und unsere Arbeit in der und f\u00fcr die Region sind f\u00fcr unsere Kunden ein Zeichen, dass unser Qualit\u00e4tsanspruch weit \u00fcber unsere Produkte hinausreicht.<\/p>\n\n        <\/div>\n      <\/div>\n    <\/div>\n    <\/div>\n  <\/div>\n<\/div><\/div><\/div><\/div>\n\n\n\n<div class=\"wp-block-cgb-t3-container-block none\" style=\"background-color:none\"><div class=\"grid-container\"><div class=\"grid-x\"><div class=\"cell small-12 medium-9 large-0 medium-offset-1 b-has-pt b-has-lsmb\">\n<h2 class=\"wp-block-heading\">Zertifizierte Qualit\u00e4t<\/h2>\n\n\n\n<p>Pr\u00e4miert wurden unsere heimischen Qualit\u00e4tsprodukte mit dem G\u00fctezeichen in Gold. Das hei\u00dft, unsere Produkte und alle dazugeh\u00f6rigen Komponenten kommen ausschlie\u00dflich aus \u00d6sterreich, mitsamt dem umfangreichen Knowhow um die Bearbeitung und allem, was es noch zur finalen Fertigung braucht. Dazu gesellen sich die CEZertifizierung EN 1090 und die ISO 9001.<\/p>\n\n\n\n<p>Diesen Zeichen haben wir uns mit s\u00e4mtlichen \u00dcberpr\u00fcfungen verpflichtet. Das geh\u00f6rt f\u00fcr uns dazu \u2014 mit <a href=\"https:\/\/www.leeb-balkone.com\/ch\/balkongelaender\/\">Balkonen<\/a>, <a href=\"https:\/\/www.leeb-balkone.com\/ch\/zaeune\/\">Z\u00e4unen<\/a> und <a href=\"https:\/\/www.leeb-balkone.com\/ch\/ueberdachungen\/\">\u00dcberdachungen<\/a> soll die Welt f\u00fcr einen ganz einfach gr\u00f6\u00dfer werden, nicht kleiner.<\/p>\n\n\n\n<p>Erfahren Sie mehr zu <a href=\"https:\/\/www.leeb-balkone.com\/ch\/technik\/\">Technik und Innovation<\/a>, <a href=\"https:\/\/www.leeb-balkone.com\/ch\/service\/\">Service und Planung<\/a> sowie <a href=\"https:\/\/www.leeb-balkone.com\/ch\/ueber-leeb\/\">Nachhaltigkeit und Werte<\/a>. Verschaffen Sie sich einen ersten Eindruck mit einer unverbindlichen <a href=\"https:\/\/www.leeb-balkone.com\/ch\/service\/3d-konfigurator\/\">3D Planung<\/a>. <br>Ihr pers\u00f6nlicher Leeb-Berater ist gerne f\u00fcr Sie da!<br><\/p>\n<\/div><\/div><\/div><\/div>\n<\/section>\n","protected":false},"excerpt":{"rendered":"<p>&#8220;Neue Perspektiven findet man immer, wenn man aus sich herausgeht&#8221;, Markus Leeb, Leeb Balkone GmbH.<\/p>\n","protected":false},"author":4,"featured_media":13096,"comment_status":"closed","ping_status":"open","sticky":false,"template":"template-onepager.blade.php","format":"standard","meta":{"_acf_changed":false,"footnotes":""},"categories":[167,164,157,165],"tags":[],"post_folder":[],"class_list":["post-166001","post","type-post","status-publish","format-standard","has-post-thumbnail","hentry","category-aktuelles-zu-leeb-balkone","category-balkonbau-mit-leeb","category-nachhaltigkeit-oekologie","category-technik-innovation"],"acf":[],"yoast_head":"<!-- This site is optimized with the Yoast SEO plugin v27.2 - https:\/\/yoast.com\/product\/yoast-seo-wordpress\/ -->\n<title>Mehr Vorsprung durch Innovation - Leeb Balkone Schweiz<\/title>\n<meta name=\"description\" content=\"&quot;Neue Perspektiven findet man immer, wenn man aus sich herausgeht&quot;, Markus Leeb, Leeb Balkone GmbH.\" \/>\n<meta name=\"robots\" content=\"index, follow, max-snippet:-1, max-image-preview:large, max-video-preview:-1\" \/>\n<meta property=\"og:locale\" content=\"de_DE\" \/>\n<meta property=\"og:type\" content=\"article\" \/>\n<meta property=\"og:title\" content=\"Terrassenbeschattung: Schatten f\u00fcr die Terrasse!\" \/>\n<meta property=\"og:description\" content=\"Beschattung kann f\u00fcr eine l\u00e4ngere und bessere Nutzung Ihrer Terrasse sorgen! Terrassendach Beschattung und Terrassenbeschattung von Leeb.\" \/>\n<meta property=\"og:url\" content=\"https:\/\/www.leeb-balkone.com\/ch\/blog\/mehr-vorsprung-durch-innovation\/\" \/>\n<meta property=\"og:site_name\" content=\"Leeb Balkone\" \/>\n<meta property=\"article:publisher\" content=\"https:\/\/www.facebook.com\/balkone\/\" \/>\n<meta property=\"article:published_time\" content=\"2025-03-26T10:37:00+00:00\" \/>\n<meta property=\"article:modified_time\" content=\"2026-03-17T08:59:28+00:00\" \/>\n<meta property=\"og:image\" content=\"https:\/\/www.leeb-balkone.com\/app\/uploads\/2022\/07\/terrassenbeschattung-1024x622.jpg\" \/>\n<meta name=\"author\" content=\"Herbert Weichart\" \/>\n<meta name=\"twitter:card\" content=\"summary_large_image\" \/>\n<script type=\"application\/ld+json\" class=\"yoast-schema-graph\">{\"@context\":\"https:\/\/schema.org\",\"@graph\":[{\"@type\":\"Article\",\"@id\":\"https:\/\/www.leeb-balkone.com\/ch\/blog\/mehr-vorsprung-durch-innovation\/#article\",\"isPartOf\":{\"@id\":\"https:\/\/www.leeb-balkone.com\/ch\/blog\/mehr-vorsprung-durch-innovation\/\"},\"author\":{\"name\":\"Herbert Weichart\",\"@id\":\"https:\/\/www.leeb-balkone.com\/ch\/#\/schema\/person\/dc2e2c82db329667ee507698e220238f\"},\"headline\":\"Mehr Vorsprung durch Innovation\",\"datePublished\":\"2025-03-26T10:37:00+00:00\",\"dateModified\":\"2026-03-17T08:59:28+00:00\",\"mainEntityOfPage\":{\"@id\":\"https:\/\/www.leeb-balkone.com\/ch\/blog\/mehr-vorsprung-durch-innovation\/\"},\"wordCount\":312,\"publisher\":{\"@id\":\"https:\/\/www.leeb-balkone.com\/ch\/#organization\"},\"image\":{\"@id\":\"https:\/\/www.leeb-balkone.com\/ch\/blog\/mehr-vorsprung-durch-innovation\/#primaryimage\"},\"thumbnailUrl\":\"https:\/\/www.leeb-balkone.com\/app\/uploads\/2020\/11\/leeb-balkone-firmengelaende-herbst-scaled.jpg\",\"articleSection\":[\"Aktuelles zu Leeb Balkone\",\"Balkonbau mit Leeb\",\"Nachhaltigkeit &amp; \u00d6kologie\",\"Technik &amp; Innovation\"],\"inLanguage\":\"de-CH\"},{\"@type\":\"WebPage\",\"@id\":\"https:\/\/www.leeb-balkone.com\/ch\/blog\/mehr-vorsprung-durch-innovation\/\",\"url\":\"https:\/\/www.leeb-balkone.com\/ch\/blog\/mehr-vorsprung-durch-innovation\/\",\"name\":\"Mehr Vorsprung durch Innovation - Leeb Balkone\",\"isPartOf\":{\"@id\":\"https:\/\/www.leeb-balkone.com\/ch\/#website\"},\"primaryImageOfPage\":{\"@id\":\"https:\/\/www.leeb-balkone.com\/ch\/blog\/mehr-vorsprung-durch-innovation\/#primaryimage\"},\"image\":{\"@id\":\"https:\/\/www.leeb-balkone.com\/ch\/blog\/mehr-vorsprung-durch-innovation\/#primaryimage\"},\"thumbnailUrl\":\"https:\/\/www.leeb-balkone.com\/app\/uploads\/2020\/11\/leeb-balkone-firmengelaende-herbst-scaled.jpg\",\"datePublished\":\"2025-03-26T10:37:00+00:00\",\"dateModified\":\"2026-03-17T08:59:28+00:00\",\"description\":\"\\\"Neue Perspektiven findet man immer, wenn man aus sich herausgeht\\\", Markus Leeb, Leeb Balkone GmbH.\",\"breadcrumb\":{\"@id\":\"https:\/\/www.leeb-balkone.com\/ch\/blog\/mehr-vorsprung-durch-innovation\/#breadcrumb\"},\"inLanguage\":\"de-CH\",\"potentialAction\":[{\"@type\":\"ReadAction\",\"target\":[\"https:\/\/www.leeb-balkone.com\/ch\/blog\/mehr-vorsprung-durch-innovation\/\"]}]},{\"@type\":\"ImageObject\",\"inLanguage\":\"de-CH\",\"@id\":\"https:\/\/www.leeb-balkone.com\/ch\/blog\/mehr-vorsprung-durch-innovation\/#primaryimage\",\"url\":\"https:\/\/www.leeb-balkone.com\/app\/uploads\/2020\/11\/leeb-balkone-firmengelaende-herbst-scaled.jpg\",\"contentUrl\":\"https:\/\/www.leeb-balkone.com\/app\/uploads\/2020\/11\/leeb-balkone-firmengelaende-herbst-scaled.jpg\",\"width\":2560,\"height\":1706,\"caption\":\"Leeb Firmengel\u00e4nde - Zentrale in Gnesau\"},{\"@type\":\"BreadcrumbList\",\"@id\":\"https:\/\/www.leeb-balkone.com\/ch\/blog\/mehr-vorsprung-durch-innovation\/#breadcrumb\",\"itemListElement\":[{\"@type\":\"ListItem\",\"position\":1,\"name\":\"Home\",\"item\":\"https:\/\/www.leeb-balkone.com\/ch\/\"},{\"@type\":\"ListItem\",\"position\":2,\"name\":\"Mehr Vorsprung durch Innovation\"}]},{\"@type\":\"WebSite\",\"@id\":\"https:\/\/www.leeb-balkone.com\/ch\/#website\",\"url\":\"https:\/\/www.leeb-balkone.com\/ch\/\",\"name\":\"Leeb Balkone\",\"description\":\"Balkone und Z\u00e4une\",\"publisher\":{\"@id\":\"https:\/\/www.leeb-balkone.com\/ch\/#organization\"},\"potentialAction\":[{\"@type\":\"SearchAction\",\"target\":{\"@type\":\"EntryPoint\",\"urlTemplate\":\"https:\/\/www.leeb-balkone.com\/ch\/?s={search_term_string}\"},\"query-input\":{\"@type\":\"PropertyValueSpecification\",\"valueRequired\":true,\"valueName\":\"search_term_string\"}}],\"inLanguage\":\"de-CH\"},{\"@type\":\"Organization\",\"@id\":\"https:\/\/www.leeb-balkone.com\/ch\/#organization\",\"name\":\"Leeb Balkone Gmbh\",\"url\":\"https:\/\/www.leeb-balkone.com\/ch\/\",\"logo\":{\"@type\":\"ImageObject\",\"inLanguage\":\"de-CH\",\"@id\":\"https:\/\/www.leeb-balkone.com\/ch\/#\/schema\/logo\/image\/\",\"url\":\"https:\/\/www.leeb-balkone.com\/app\/uploads\/2020\/11\/leeb-logo.svg\",\"contentUrl\":\"https:\/\/www.leeb-balkone.com\/app\/uploads\/2020\/11\/leeb-logo.svg\",\"width\":741,\"height\":204,\"caption\":\"Leeb Balkone Gmbh\"},\"image\":{\"@id\":\"https:\/\/www.leeb-balkone.com\/ch\/#\/schema\/logo\/image\/\"},\"sameAs\":[\"https:\/\/www.facebook.com\/balkone\/\",\"https:\/\/www.trustedshops.at\/bewertung\/info_X4587CCF5833E31AFE0B11F47D86999F2.html\",\"https:\/\/www.trustedshops.de\/bewertung\/info_X7BA536A7A0BDC86D36C4718E4DCAEEEF.html\",\"https:\/\/www.google.com\/maps\/place\/?q=place_id:ChIJ5-zH19-IcEcR9HonWRTllHI\"]},{\"@type\":\"Person\",\"@id\":\"https:\/\/www.leeb-balkone.com\/ch\/#\/schema\/person\/dc2e2c82db329667ee507698e220238f\",\"name\":\"Herbert Weichart\"}]}<\/script>\n<!-- \/ Yoast SEO plugin. -->","yoast_head_json":{"title":"Mehr Vorsprung durch Innovation - Leeb Balkone Schweiz","description":"\"Neue Perspektiven findet man immer, wenn man aus sich herausgeht\", Markus Leeb, Leeb Balkone GmbH.","robots":{"index":"index","follow":"follow","max-snippet":"max-snippet:-1","max-image-preview":"max-image-preview:large","max-video-preview":"max-video-preview:-1"},"og_locale":"de_DE","og_type":"article","og_title":"Terrassenbeschattung: Schatten f\u00fcr die Terrasse!","og_description":"Beschattung kann f\u00fcr eine l\u00e4ngere und bessere Nutzung Ihrer Terrasse sorgen! Terrassendach Beschattung und Terrassenbeschattung von Leeb.","og_url":"https:\/\/www.leeb-balkone.com\/ch\/blog\/mehr-vorsprung-durch-innovation\/","og_site_name":"Leeb Balkone","article_publisher":"https:\/\/www.facebook.com\/balkone\/","article_published_time":"2025-03-26T10:37:00+00:00","article_modified_time":"2026-03-17T08:59:28+00:00","og_image":[{"url":"https:\/\/www.leeb-balkone.com\/app\/uploads\/2022\/07\/terrassenbeschattung-1024x622.jpg","type":"","width":"","height":""}],"author":"Herbert Weichart","twitter_card":"summary_large_image","schema":{"@context":"https:\/\/schema.org","@graph":[{"@type":"Article","@id":"https:\/\/www.leeb-balkone.com\/ch\/blog\/mehr-vorsprung-durch-innovation\/#article","isPartOf":{"@id":"https:\/\/www.leeb-balkone.com\/ch\/blog\/mehr-vorsprung-durch-innovation\/"},"author":{"name":"Herbert Weichart","@id":"https:\/\/www.leeb-balkone.com\/ch\/#\/schema\/person\/dc2e2c82db329667ee507698e220238f"},"headline":"Mehr Vorsprung durch Innovation","datePublished":"2025-03-26T10:37:00+00:00","dateModified":"2026-03-17T08:59:28+00:00","mainEntityOfPage":{"@id":"https:\/\/www.leeb-balkone.com\/ch\/blog\/mehr-vorsprung-durch-innovation\/"},"wordCount":312,"publisher":{"@id":"https:\/\/www.leeb-balkone.com\/ch\/#organization"},"image":{"@id":"https:\/\/www.leeb-balkone.com\/ch\/blog\/mehr-vorsprung-durch-innovation\/#primaryimage"},"thumbnailUrl":"https:\/\/www.leeb-balkone.com\/app\/uploads\/2020\/11\/leeb-balkone-firmengelaende-herbst-scaled.jpg","articleSection":["Aktuelles zu Leeb Balkone","Balkonbau mit Leeb","Nachhaltigkeit &amp; \u00d6kologie","Technik &amp; Innovation"],"inLanguage":"de-CH"},{"@type":"WebPage","@id":"https:\/\/www.leeb-balkone.com\/ch\/blog\/mehr-vorsprung-durch-innovation\/","url":"https:\/\/www.leeb-balkone.com\/ch\/blog\/mehr-vorsprung-durch-innovation\/","name":"Mehr Vorsprung durch Innovation - Leeb Balkone","isPartOf":{"@id":"https:\/\/www.leeb-balkone.com\/ch\/#website"},"primaryImageOfPage":{"@id":"https:\/\/www.leeb-balkone.com\/ch\/blog\/mehr-vorsprung-durch-innovation\/#primaryimage"},"image":{"@id":"https:\/\/www.leeb-balkone.com\/ch\/blog\/mehr-vorsprung-durch-innovation\/#primaryimage"},"thumbnailUrl":"https:\/\/www.leeb-balkone.com\/app\/uploads\/2020\/11\/leeb-balkone-firmengelaende-herbst-scaled.jpg","datePublished":"2025-03-26T10:37:00+00:00","dateModified":"2026-03-17T08:59:28+00:00","description":"\"Neue Perspektiven findet man immer, wenn man aus sich herausgeht\", Markus Leeb, Leeb Balkone GmbH.","breadcrumb":{"@id":"https:\/\/www.leeb-balkone.com\/ch\/blog\/mehr-vorsprung-durch-innovation\/#breadcrumb"},"inLanguage":"de-CH","potentialAction":[{"@type":"ReadAction","target":["https:\/\/www.leeb-balkone.com\/ch\/blog\/mehr-vorsprung-durch-innovation\/"]}]},{"@type":"ImageObject","inLanguage":"de-CH","@id":"https:\/\/www.leeb-balkone.com\/ch\/blog\/mehr-vorsprung-durch-innovation\/#primaryimage","url":"https:\/\/www.leeb-balkone.com\/app\/uploads\/2020\/11\/leeb-balkone-firmengelaende-herbst-scaled.jpg","contentUrl":"https:\/\/www.leeb-balkone.com\/app\/uploads\/2020\/11\/leeb-balkone-firmengelaende-herbst-scaled.jpg","width":2560,"height":1706,"caption":"Leeb Firmengel\u00e4nde - Zentrale in Gnesau"},{"@type":"BreadcrumbList","@id":"https:\/\/www.leeb-balkone.com\/ch\/blog\/mehr-vorsprung-durch-innovation\/#breadcrumb","itemListElement":[{"@type":"ListItem","position":1,"name":"Home","item":"https:\/\/www.leeb-balkone.com\/ch\/"},{"@type":"ListItem","position":2,"name":"Mehr Vorsprung durch Innovation"}]},{"@type":"WebSite","@id":"https:\/\/www.leeb-balkone.com\/ch\/#website","url":"https:\/\/www.leeb-balkone.com\/ch\/","name":"Leeb Balkone","description":"Balkone und Z\u00e4une","publisher":{"@id":"https:\/\/www.leeb-balkone.com\/ch\/#organization"},"potentialAction":[{"@type":"SearchAction","target":{"@type":"EntryPoint","urlTemplate":"https:\/\/www.leeb-balkone.com\/ch\/?s={search_term_string}"},"query-input":{"@type":"PropertyValueSpecification","valueRequired":true,"valueName":"search_term_string"}}],"inLanguage":"de-CH"},{"@type":"Organization","@id":"https:\/\/www.leeb-balkone.com\/ch\/#organization","name":"Leeb Balkone Gmbh","url":"https:\/\/www.leeb-balkone.com\/ch\/","logo":{"@type":"ImageObject","inLanguage":"de-CH","@id":"https:\/\/www.leeb-balkone.com\/ch\/#\/schema\/logo\/image\/","url":"https:\/\/www.leeb-balkone.com\/app\/uploads\/2020\/11\/leeb-logo.svg","contentUrl":"https:\/\/www.leeb-balkone.com\/app\/uploads\/2020\/11\/leeb-logo.svg","width":741,"height":204,"caption":"Leeb Balkone Gmbh"},"image":{"@id":"https:\/\/www.leeb-balkone.com\/ch\/#\/schema\/logo\/image\/"},"sameAs":["https:\/\/www.facebook.com\/balkone\/","https:\/\/www.trustedshops.at\/bewertung\/info_X4587CCF5833E31AFE0B11F47D86999F2.html","https:\/\/www.trustedshops.de\/bewertung\/info_X7BA536A7A0BDC86D36C4718E4DCAEEEF.html","https:\/\/www.google.com\/maps\/place\/?q=place_id:ChIJ5-zH19-IcEcR9HonWRTllHI"]},{"@type":"Person","@id":"https:\/\/www.leeb-balkone.com\/ch\/#\/schema\/person\/dc2e2c82db329667ee507698e220238f","name":"Herbert Weichart"}]}},"_links":{"self":[{"href":"https:\/\/www.leeb-balkone.com\/ch\/wp-json\/wp\/v2\/posts\/166001","targetHints":{"allow":["GET"]}}],"collection":[{"href":"https:\/\/www.leeb-balkone.com\/ch\/wp-json\/wp\/v2\/posts"}],"about":[{"href":"https:\/\/www.leeb-balkone.com\/ch\/wp-json\/wp\/v2\/types\/post"}],"author":[{"embeddable":true,"href":"https:\/\/www.leeb-balkone.com\/ch\/wp-json\/wp\/v2\/users\/4"}],"replies":[{"embeddable":true,"href":"https:\/\/www.leeb-balkone.com\/ch\/wp-json\/wp\/v2\/comments?post=166001"}],"version-history":[{"count":1,"href":"https:\/\/www.leeb-balkone.com\/ch\/wp-json\/wp\/v2\/posts\/166001\/revisions"}],"predecessor-version":[{"id":166003,"href":"https:\/\/www.leeb-balkone.com\/ch\/wp-json\/wp\/v2\/posts\/166001\/revisions\/166003"}],"wp:featuredmedia":[{"embeddable":true,"href":"https:\/\/www.leeb-balkone.com\/ch\/wp-json\/wp\/v2\/media\/13096"}],"wp:attachment":[{"href":"https:\/\/www.leeb-balkone.com\/ch\/wp-json\/wp\/v2\/media?parent=166001"}],"wp:term":[{"taxonomy":"category","embeddable":true,"href":"https:\/\/www.leeb-balkone.com\/ch\/wp-json\/wp\/v2\/categories?post=166001"},{"taxonomy":"post_tag","embeddable":true,"href":"https:\/\/www.leeb-balkone.com\/ch\/wp-json\/wp\/v2\/tags?post=166001"},{"taxonomy":"post_folder","embeddable":true,"href":"https:\/\/www.leeb-balkone.com\/ch\/wp-json\/wp\/v2\/post_folder?post=166001"}],"curies":[{"name":"wp","href":"https:\/\/api.w.org\/{rel}","templated":true}]}}