{"id":157186,"date":"2016-05-18T07:40:58","date_gmt":"2016-05-18T07:40:58","guid":{"rendered":"https:\/\/www.leeb-balkone.com\/de\/gartenzaun-als-wind-schall-und-sichtschutz\/"},"modified":"2016-05-18T07:40:58","modified_gmt":"2016-05-18T07:40:58","slug":"gartenzaun-als-wind-schall-und-sichtschutz","status":"publish","type":"post","link":"https:\/\/www.leeb-balkone.com\/ch\/blog\/gartenzaun-als-wind-schall-und-sichtschutz\/","title":{"rendered":"Gartenzaun als Wind-, Schall- und Sichtschutz"},"content":{"rendered":"\n<p><\/p>\n\n\n<header data-block_acf-block-68cc1fe96a7f9 class=\"c-fh  l-mh-small c-fh--hero c-grad-l2r c-fh--div none\">\n      <img loading=\"lazy\" decoding=\"async\" width=\"2560\" height=\"1709\" src=\"https:\/\/www.leeb-balkone.com\/app\/uploads\/2020\/07\/zaun-alu-ambito-19-1-scaled.jpeg\" class=\"no-lazy\" alt=\"zaun alu nizza 2_header\" srcset=\"https:\/\/www.leeb-balkone.com\/app\/uploads\/2020\/07\/zaun-alu-ambito-19-1-scaled.jpeg 2560w, https:\/\/www.leeb-balkone.com\/app\/uploads\/2020\/07\/zaun-alu-ambito-19-1-300x200.jpeg 300w, https:\/\/www.leeb-balkone.com\/app\/uploads\/2020\/07\/zaun-alu-ambito-19-1-1024x684.jpeg 1024w, https:\/\/www.leeb-balkone.com\/app\/uploads\/2020\/07\/zaun-alu-ambito-19-1-768x513.jpeg 768w, https:\/\/www.leeb-balkone.com\/app\/uploads\/2020\/07\/zaun-alu-ambito-19-1-1536x1025.jpeg 1536w, https:\/\/www.leeb-balkone.com\/app\/uploads\/2020\/07\/zaun-alu-ambito-19-1-2048x1367.jpeg 2048w\" sizes=\"auto, (min-width: 1536px) 2048px, (min-width: 992px) 1536px, (min-width: 768px) 1024px, (min-width: 576px) 768px, 100vw\" \/>\n\n\n<div class=\"grid-container\">\n  <div class=\"grid-x\">\n    <div class=\"cell small-12 medium-6 medium-offset-1\">\n      <div class=\"c-fh__wrapper\">\n              <\/div>\n    <\/div>\n  <\/div>\n<\/div>\n  \n    \n    <\/header>\n\n\n  \n  <section class=\"wp-block-group alignfull t3-header u-max-wide t3-header-text has-white-background-color has-background has-global-padding is-layout-constrained wp-block-group-is-layout-constrained\">\n    <div class=\"wp-block-group o-grid u-md-1 u-sm-1 is-layout-flow wp-block-group-is-layout-flow\">\n  <div class=\"wp-block-group u-g-10 u-g-s-2\">\n      <div class=\"yoast-breadcrumbs\"><span><span><a href=\"https:\/\/www.leeb-balkone.com\/ch\/\">Home<\/a><\/span><\/span><\/div>\n      \n    <h1>Gartenzaun als Wind-, Schall- und Sichtschutz<\/h1>\n  <\/div>\n<\/div>\n  <\/section>\n\n\n\n\n\n\n<section class=\"wp-block-cgb-t3-section-block alignfull b-pt-small  is-style-bg-white\" style=\"display:inherit;min-height:inherit\">\n<div class=\"wp-block-cgb-t3-container-block none\" style=\"background-color:none\"><div class=\"grid-container\"><div class=\"grid-x\"><div class=\"cell small-12 medium-9 large-0 medium-offset-1 b-has-lsmb\">\n<p>Wenn Sie in einer Gegend leben, in der die Belastung durch L\u00e4rm auch zur sp\u00e4ten Stunde oder am Wochenende hoch ist, kann ein guter Schallschutz Gold wert sein. Ob Linienbusse, G\u00fcterz\u00fcge oder Stra\u00dfenverkehr, die Lebensqualit\u00e4t kann durch eine best\u00e4ndige L\u00e4rmkulisse stark beeintr\u00e4chtigt werden. Auch ist es ein gro\u00dfer Gewinn, seinen Garten wetter-unabh\u00e4ngig genie\u00dfen zu k\u00f6nnen und nicht bei jedem st\u00e4rkeren Wind gleich die Flucht ergreifen zu m\u00fcssen. Ein kompakter Windschutz-Zaun aus Holz oder Aluminium sch\u00fctzt Sie nicht nur vor Blicken, sondern auch vor Wind und erm\u00f6glicht so ein angenehmes Mikroklima im Garten oder auf der Terrasse.<\/p>\n<\/div><\/div><\/div><\/div>\n\n\n\n<div class=\"wp-block-cgb-t3-container-block none\" style=\"background-color:none\"><div class=\"grid-container\"><div class=\"grid-x\"><div class=\"cell small-12 medium-0 large-0\"><div id=\"lightgallery-block_acf-block-68cc1fe96a816\" data-block_acf-block-68cc1fe96a816 class=\"has-1-imgs b-cards b-cards--gallery u-grid-temp has-1-cols u-md-2 u-sm-1 wp-block-group is-layout-grid wp-block-group-is-layout-grid gallery alignwide\">\n\n        <div class=\"b-cards__item\">\n\n        \n      <figure>\n                 <img loading=\"lazy\" decoding=\"async\" width=\"1536\" height=\"1025\" src=\"https:\/\/www.leeb-balkone.com\/app\/uploads\/2020\/07\/zaun-alu-ambito-19-1-1536x1025.jpeg\" class=\"attachment-1536x1536 size-1536x1536\" alt=\"zaun alu ambito 19 1\" srcset=\"https:\/\/www.leeb-balkone.com\/app\/uploads\/2020\/07\/zaun-alu-ambito-19-1-1536x1025.jpeg 1536w, https:\/\/www.leeb-balkone.com\/app\/uploads\/2020\/07\/zaun-alu-ambito-19-1-300x200.jpeg 300w, https:\/\/www.leeb-balkone.com\/app\/uploads\/2020\/07\/zaun-alu-ambito-19-1-1024x684.jpeg 1024w, https:\/\/www.leeb-balkone.com\/app\/uploads\/2020\/07\/zaun-alu-ambito-19-1-768x513.jpeg 768w, https:\/\/www.leeb-balkone.com\/app\/uploads\/2020\/07\/zaun-alu-ambito-19-1-2048x1367.jpeg 2048w\" sizes=\"auto, (min-width: 1200px) 100vw, (min-width: 1024px) 1536px, (min-width: 640px) 768px, 768px\" \/>              <\/figure>\n\n                  \n        <div class=\"caption\">\n                          <p>Gartenzaun aus Alu als Sicht-, Wind- und Schallschutz\n              <\/div>\n  \n<\/div>\n\n    <\/div>\n\n<\/div><\/div><\/div><\/div>\n\n\n\n<div class=\"wp-block-cgb-t3-container-block none\" style=\"background-color:none\"><div class=\"grid-container\"><div class=\"grid-x\"><div class=\"cell small-12 medium-9 large-0 medium-offset-1 b-has-lsmb\">\n<h2 class=\"wp-block-heading\">Sichtschutzzaun richtig w\u00e4hlen<\/h2>\n\n\n\n<p>Ein zuverl\u00e4ssiger Sicht-, Wind- oder Schallschutz ist mit einer H\u00f6he von 1,60 bis 2 Meter sp\u00fcrbar h\u00f6her als ein \u201cregul\u00e4rer\u201d Gartenzaun \u2013 hierf\u00fcr sollten Sie sich nur bei entsprechender Grundst\u00fccksgr\u00f6\u00dfe entscheiden, da die Gr\u00fcnfl\u00e4che sonst schnell optisch erdr\u00fcckt oder der Sonneneinfall minimiert wird. Pr\u00fcfen Sie ebenfalls die lokalen Bauvorschriften, bevor Sie mit der Planung Ihres Sichtschutzes beginnen. Je nach Bestimmungen, was das Landschaftsbild und die einheitliche Gestaltung von Wohngebieten betrifft, gibt es n\u00e4mlich Obergrenzen f\u00fcr die Einz\u00e4unung. Auf Wunsch ber\u00e4t Sie Ihr Leeb-Profi gerne.<\/p>\n\n\n\n<p>Gute Windschutz-Z\u00e4une \u00fcberzeugen durch eine kompakte, stabile und wetterfeste Konstruktion. Ideal ist ein Zaun aus Aluminium mit spezieller Pulverbeschichtung, verdeckter Verschraubung (da rostfest) und kleinen \u00d6ffnungen oder Schlitzen, die den Wind in abgeschw\u00e4chter Form durchlassen. Warum? Erfahren Sie es im n\u00e4chsten Absatz!<\/p>\n\n\n\n<h2 class=\"wp-block-heading\">Windschutz, Wechselwirkungen und die Bedeutung eines Luftzugs f\u00fcr die Pflanzenwelt<\/h2>\n\n\n\n<p>Was manchmal bei der Konstruktion eines Sichtschutzes vergessen wird, sind die physikalischen \u201cAusweichman\u00f6ver\u201d vor allem starker Winde, sowie die Wichtigkeit einer regelm\u00e4\u00dfigen Brise f\u00fcr gewisse Blumen und Pflanzen. St\u00f6\u00dft ein heftiger Wind an ein Hindernis, wie an eine Mauer oder einen komplett luftundurchl\u00e4ssigen Zaun, weicht er nach oben hin aus und \u201cstolpert\u201d \u00fcber die Grenze. Dadurch entstehen wiederum auf der anderen Seite bzw. oberhalb des Zauns unangenehme Luftwirbel. Diskutieren Sie dieses Thema, wenn m\u00f6glich, auch mit direkt angrenzenden Nachbarn \u2013 die Auswirkungen solcher Luft-Turbulenzen sind auf beiden Seiten zu sp\u00fcren.<\/p>\n\n\n\n<p>Ein weiterer, wichtiger Punkt vor allem f\u00fcr Hobby-G\u00e4rtnerinnen und -G\u00e4rtner ist die Pflanzenwelt. Rosen sind besonders anf\u00e4llig f\u00fcr Krankheiten wie Pilzbefall, wenn nicht oft genug eine Brise durchs Beet weht. Auch ganz allgemein spielen Luftz\u00fcge eine Rolle f\u00fcr den Pollenflug und damit die Best\u00e4ubung, trocknen Pflanzen und Blattwerk nach einem Regenguss und verhindern so Sch\u00e4dlinge, die in der Feuchtigkeit gedeihen.<\/p>\n\n\n\n<p>Alternativ zu einem v\u00f6llig dichten Windschutz sollten Sie also eine Variante in Erw\u00e4gung ziehen, die zwar vor Blicken und starken B\u00f6en sch\u00fctzt, einen kleinen Teil des Windes aber durchziehen l\u00e4sst. Ideal sind Mischl\u00f6sungen aus Zaun und Hecke, oder Sichtschutzz\u00e4une mit Perforation, Gitterelementen und dekorativen Aussparungen \u2013 hier finden sich zahlreiche kreative L\u00f6sungen, von denen garantiert auch eine in Ihren Garten passt.<\/p>\n\n\n\n<p><a href=\"https:\/\/www.leeb-balkone.com\/ch\/zaeune\/aluzaun\/\">Zaun<\/a>\u00a0und\u00a0<a href=\"https:\/\/www.leeb-balkone.com\/ch\/zaeune\/sichtschutz\/\">Sichtschutz<\/a> aus Aluminium von Leeb im \u00dcberblick.<\/p>\n<\/div><\/div><\/div><\/div>\n<\/section>\n\n\n\n<p><\/p>\n","protected":false},"excerpt":{"rendered":"<p>Ein als Sichtschutzzaun ausgerichteter Gartenzaun sch\u00fctzt vor allem vor unerw\u00fcnschten Blicken. Ein zweckm\u00e4\u00dfig entworfener und errichteter Zaun kann ebenso gut vor Wind, Wetter und L\u00e4rmbelastung abschirmen.<\/p>\n","protected":false},"author":3,"featured_media":12245,"comment_status":"closed","ping_status":"open","sticky":false,"template":"template-onepager.blade.php","format":"standard","meta":{"_acf_changed":false,"footnotes":""},"categories":[167,164,149,150,151,165,153,175],"tags":[],"post_folder":[],"class_list":["post-157186","post","type-post","status-publish","format-standard","has-post-thumbnail","hentry","category-aktuelles-zu-leeb-balkone","category-balkonbau-mit-leeb","category-garten-und-pflanzen","category-gartenbau","category-gartengestaltung","category-technik-innovation","category-tipps-zur-balkongestaltung","category-zaun-sichtschutz"],"acf":[],"yoast_head":"<!-- This site is optimized with the Yoast SEO plugin v27.2 - https:\/\/yoast.com\/product\/yoast-seo-wordpress\/ -->\n<title>Gartenzaun als Wind-, Schall- und Sichtschutz - Leeb Balkone Schweiz<\/title>\n<meta name=\"description\" content=\"Ein als Sichtschutzzaun ausgerichteter Gartenzaun sch\u00fctzt vor allem vor unerw\u00fcnschten Blicken. Ein zweckm\u00e4\u00dfig entworfener und errichteter Zaun kann ebenso gut vor Wind, Wetter und L\u00e4rmbelastung abschirmen.\" \/>\n<meta name=\"robots\" content=\"index, follow, max-snippet:-1, max-image-preview:large, max-video-preview:-1\" \/>\n<meta property=\"og:locale\" content=\"de_DE\" \/>\n<meta property=\"og:type\" content=\"article\" \/>\n<meta property=\"og:title\" content=\"Gartenzaun als Wind-, Schall- und Sichtschutz - Leeb Balkone\" \/>\n<meta property=\"og:description\" content=\"Ein als Sichtschutzzaun ausgerichteter Gartenzaun sch\u00fctzt vor allem vor unerw\u00fcnschten Blicken. Ein zweckm\u00e4\u00dfig entworfener und errichteter Zaun kann ebenso gut vor Wind, Wetter und L\u00e4rmbelastung abschirmen.\" \/>\n<meta property=\"og:url\" content=\"https:\/\/www.leeb-balkone.com\/ch\/blog\/gartenzaun-als-wind-schall-und-sichtschutz\/\" \/>\n<meta property=\"og:site_name\" content=\"Leeb Balkone\" \/>\n<meta property=\"article:publisher\" content=\"https:\/\/www.facebook.com\/balkone\/\" \/>\n<meta property=\"article:published_time\" content=\"2016-05-18T07:40:58+00:00\" \/>\n<meta property=\"og:image\" content=\"https:\/\/www.leeb-balkone.com\/app\/uploads\/2020\/07\/zaun-alu-ambito-19-1-scaled.jpeg\" \/>\n\t<meta property=\"og:image:width\" content=\"2560\" \/>\n\t<meta property=\"og:image:height\" content=\"1709\" \/>\n\t<meta property=\"og:image:type\" content=\"image\/jpeg\" \/>\n<meta name=\"author\" content=\"jbacher\" \/>\n<meta name=\"twitter:card\" content=\"summary_large_image\" \/>\n<script type=\"application\/ld+json\" class=\"yoast-schema-graph\">{\"@context\":\"https:\/\/schema.org\",\"@graph\":[{\"@type\":\"Article\",\"@id\":\"https:\/\/www.leeb-balkone.com\/ch\/blog\/gartenzaun-als-wind-schall-und-sichtschutz\/#article\",\"isPartOf\":{\"@id\":\"https:\/\/www.leeb-balkone.com\/ch\/blog\/gartenzaun-als-wind-schall-und-sichtschutz\/\"},\"author\":{\"name\":\"jbacher\",\"@id\":\"https:\/\/www.leeb-balkone.com\/ch\/#\/schema\/person\/15f1f398efcf4703721e46c2136421fa\"},\"headline\":\"Gartenzaun als Wind-, Schall- und Sichtschutz\",\"datePublished\":\"2016-05-18T07:40:58+00:00\",\"mainEntityOfPage\":{\"@id\":\"https:\/\/www.leeb-balkone.com\/ch\/blog\/gartenzaun-als-wind-schall-und-sichtschutz\/\"},\"wordCount\":518,\"publisher\":{\"@id\":\"https:\/\/www.leeb-balkone.com\/ch\/#organization\"},\"image\":{\"@id\":\"https:\/\/www.leeb-balkone.com\/ch\/blog\/gartenzaun-als-wind-schall-und-sichtschutz\/#primaryimage\"},\"thumbnailUrl\":\"https:\/\/www.leeb-balkone.com\/app\/uploads\/2020\/07\/zaun-alu-ambito-19-1-scaled.jpeg\",\"articleSection\":[\"Aktuelles zu Leeb Balkone\",\"Balkonbau mit Leeb\",\"Garten und Pflanzen\",\"Gartenbau\",\"Gartengestaltung\",\"Technik &amp; Innovation\",\"Tipps zur Balkongestaltung\",\"Zaun &amp; Sichtschutz\"],\"inLanguage\":\"de-CH\"},{\"@type\":\"WebPage\",\"@id\":\"https:\/\/www.leeb-balkone.com\/ch\/blog\/gartenzaun-als-wind-schall-und-sichtschutz\/\",\"url\":\"https:\/\/www.leeb-balkone.com\/ch\/blog\/gartenzaun-als-wind-schall-und-sichtschutz\/\",\"name\":\"Gartenzaun als Wind-, Schall- und Sichtschutz - Leeb Balkone\",\"isPartOf\":{\"@id\":\"https:\/\/www.leeb-balkone.com\/ch\/#website\"},\"primaryImageOfPage\":{\"@id\":\"https:\/\/www.leeb-balkone.com\/ch\/blog\/gartenzaun-als-wind-schall-und-sichtschutz\/#primaryimage\"},\"image\":{\"@id\":\"https:\/\/www.leeb-balkone.com\/ch\/blog\/gartenzaun-als-wind-schall-und-sichtschutz\/#primaryimage\"},\"thumbnailUrl\":\"https:\/\/www.leeb-balkone.com\/app\/uploads\/2020\/07\/zaun-alu-ambito-19-1-scaled.jpeg\",\"datePublished\":\"2016-05-18T07:40:58+00:00\",\"description\":\"Ein als Sichtschutzzaun ausgerichteter Gartenzaun sch\u00fctzt vor allem vor unerw\u00fcnschten Blicken. Ein zweckm\u00e4\u00dfig entworfener und errichteter Zaun kann ebenso gut vor Wind, Wetter und L\u00e4rmbelastung abschirmen.\",\"breadcrumb\":{\"@id\":\"https:\/\/www.leeb-balkone.com\/ch\/blog\/gartenzaun-als-wind-schall-und-sichtschutz\/#breadcrumb\"},\"inLanguage\":\"de-CH\",\"potentialAction\":[{\"@type\":\"ReadAction\",\"target\":[\"https:\/\/www.leeb-balkone.com\/ch\/blog\/gartenzaun-als-wind-schall-und-sichtschutz\/\"]}]},{\"@type\":\"ImageObject\",\"inLanguage\":\"de-CH\",\"@id\":\"https:\/\/www.leeb-balkone.com\/ch\/blog\/gartenzaun-als-wind-schall-und-sichtschutz\/#primaryimage\",\"url\":\"https:\/\/www.leeb-balkone.com\/app\/uploads\/2020\/07\/zaun-alu-ambito-19-1-scaled.jpeg\",\"contentUrl\":\"https:\/\/www.leeb-balkone.com\/app\/uploads\/2020\/07\/zaun-alu-ambito-19-1-scaled.jpeg\",\"width\":2560,\"height\":1709,\"caption\":\"Gartenzaun aus Alu als Sicht-, Wind- und Schallschutz\"},{\"@type\":\"BreadcrumbList\",\"@id\":\"https:\/\/www.leeb-balkone.com\/ch\/blog\/gartenzaun-als-wind-schall-und-sichtschutz\/#breadcrumb\",\"itemListElement\":[{\"@type\":\"ListItem\",\"position\":1,\"name\":\"Home\",\"item\":\"https:\/\/www.leeb-balkone.com\/ch\/\"},{\"@type\":\"ListItem\",\"position\":2,\"name\":\"Gartenzaun als Wind-, Schall- und Sichtschutz\"}]},{\"@type\":\"WebSite\",\"@id\":\"https:\/\/www.leeb-balkone.com\/ch\/#website\",\"url\":\"https:\/\/www.leeb-balkone.com\/ch\/\",\"name\":\"Leeb Balkone\",\"description\":\"Balkone und Z\u00e4une\",\"publisher\":{\"@id\":\"https:\/\/www.leeb-balkone.com\/ch\/#organization\"},\"potentialAction\":[{\"@type\":\"SearchAction\",\"target\":{\"@type\":\"EntryPoint\",\"urlTemplate\":\"https:\/\/www.leeb-balkone.com\/ch\/?s={search_term_string}\"},\"query-input\":{\"@type\":\"PropertyValueSpecification\",\"valueRequired\":true,\"valueName\":\"search_term_string\"}}],\"inLanguage\":\"de-CH\"},{\"@type\":\"Organization\",\"@id\":\"https:\/\/www.leeb-balkone.com\/ch\/#organization\",\"name\":\"Leeb Balkone Gmbh\",\"url\":\"https:\/\/www.leeb-balkone.com\/ch\/\",\"logo\":{\"@type\":\"ImageObject\",\"inLanguage\":\"de-CH\",\"@id\":\"https:\/\/www.leeb-balkone.com\/ch\/#\/schema\/logo\/image\/\",\"url\":\"https:\/\/www.leeb-balkone.com\/app\/uploads\/2020\/11\/leeb-logo.svg\",\"contentUrl\":\"https:\/\/www.leeb-balkone.com\/app\/uploads\/2020\/11\/leeb-logo.svg\",\"width\":741,\"height\":204,\"caption\":\"Leeb Balkone Gmbh\"},\"image\":{\"@id\":\"https:\/\/www.leeb-balkone.com\/ch\/#\/schema\/logo\/image\/\"},\"sameAs\":[\"https:\/\/www.facebook.com\/balkone\/\",\"https:\/\/www.trustedshops.at\/bewertung\/info_X4587CCF5833E31AFE0B11F47D86999F2.html\",\"https:\/\/www.trustedshops.de\/bewertung\/info_X7BA536A7A0BDC86D36C4718E4DCAEEEF.html\",\"https:\/\/www.google.com\/maps\/place\/?q=place_id:ChIJ5-zH19-IcEcR9HonWRTllHI\"]},{\"@type\":\"Person\",\"@id\":\"https:\/\/www.leeb-balkone.com\/ch\/#\/schema\/person\/15f1f398efcf4703721e46c2136421fa\",\"name\":\"jbacher\"}]}<\/script>\n<!-- \/ Yoast SEO plugin. -->","yoast_head_json":{"title":"Gartenzaun als Wind-, Schall- und Sichtschutz - Leeb Balkone Schweiz","description":"Ein als Sichtschutzzaun ausgerichteter Gartenzaun sch\u00fctzt vor allem vor unerw\u00fcnschten Blicken. Ein zweckm\u00e4\u00dfig entworfener und errichteter Zaun kann ebenso gut vor Wind, Wetter und L\u00e4rmbelastung abschirmen.","robots":{"index":"index","follow":"follow","max-snippet":"max-snippet:-1","max-image-preview":"max-image-preview:large","max-video-preview":"max-video-preview:-1"},"og_locale":"de_DE","og_type":"article","og_title":"Gartenzaun als Wind-, Schall- und Sichtschutz - Leeb Balkone","og_description":"Ein als Sichtschutzzaun ausgerichteter Gartenzaun sch\u00fctzt vor allem vor unerw\u00fcnschten Blicken. Ein zweckm\u00e4\u00dfig entworfener und errichteter Zaun kann ebenso gut vor Wind, Wetter und L\u00e4rmbelastung abschirmen.","og_url":"https:\/\/www.leeb-balkone.com\/ch\/blog\/gartenzaun-als-wind-schall-und-sichtschutz\/","og_site_name":"Leeb Balkone","article_publisher":"https:\/\/www.facebook.com\/balkone\/","article_published_time":"2016-05-18T07:40:58+00:00","og_image":[{"width":2560,"height":1709,"url":"https:\/\/www.leeb-balkone.com\/app\/uploads\/2020\/07\/zaun-alu-ambito-19-1-scaled.jpeg","type":"image\/jpeg"}],"author":"jbacher","twitter_card":"summary_large_image","schema":{"@context":"https:\/\/schema.org","@graph":[{"@type":"Article","@id":"https:\/\/www.leeb-balkone.com\/ch\/blog\/gartenzaun-als-wind-schall-und-sichtschutz\/#article","isPartOf":{"@id":"https:\/\/www.leeb-balkone.com\/ch\/blog\/gartenzaun-als-wind-schall-und-sichtschutz\/"},"author":{"name":"jbacher","@id":"https:\/\/www.leeb-balkone.com\/ch\/#\/schema\/person\/15f1f398efcf4703721e46c2136421fa"},"headline":"Gartenzaun als Wind-, Schall- und Sichtschutz","datePublished":"2016-05-18T07:40:58+00:00","mainEntityOfPage":{"@id":"https:\/\/www.leeb-balkone.com\/ch\/blog\/gartenzaun-als-wind-schall-und-sichtschutz\/"},"wordCount":518,"publisher":{"@id":"https:\/\/www.leeb-balkone.com\/ch\/#organization"},"image":{"@id":"https:\/\/www.leeb-balkone.com\/ch\/blog\/gartenzaun-als-wind-schall-und-sichtschutz\/#primaryimage"},"thumbnailUrl":"https:\/\/www.leeb-balkone.com\/app\/uploads\/2020\/07\/zaun-alu-ambito-19-1-scaled.jpeg","articleSection":["Aktuelles zu Leeb Balkone","Balkonbau mit Leeb","Garten und Pflanzen","Gartenbau","Gartengestaltung","Technik &amp; Innovation","Tipps zur Balkongestaltung","Zaun &amp; Sichtschutz"],"inLanguage":"de-CH"},{"@type":"WebPage","@id":"https:\/\/www.leeb-balkone.com\/ch\/blog\/gartenzaun-als-wind-schall-und-sichtschutz\/","url":"https:\/\/www.leeb-balkone.com\/ch\/blog\/gartenzaun-als-wind-schall-und-sichtschutz\/","name":"Gartenzaun als Wind-, Schall- und Sichtschutz - Leeb Balkone","isPartOf":{"@id":"https:\/\/www.leeb-balkone.com\/ch\/#website"},"primaryImageOfPage":{"@id":"https:\/\/www.leeb-balkone.com\/ch\/blog\/gartenzaun-als-wind-schall-und-sichtschutz\/#primaryimage"},"image":{"@id":"https:\/\/www.leeb-balkone.com\/ch\/blog\/gartenzaun-als-wind-schall-und-sichtschutz\/#primaryimage"},"thumbnailUrl":"https:\/\/www.leeb-balkone.com\/app\/uploads\/2020\/07\/zaun-alu-ambito-19-1-scaled.jpeg","datePublished":"2016-05-18T07:40:58+00:00","description":"Ein als Sichtschutzzaun ausgerichteter Gartenzaun sch\u00fctzt vor allem vor unerw\u00fcnschten Blicken. Ein zweckm\u00e4\u00dfig entworfener und errichteter Zaun kann ebenso gut vor Wind, Wetter und L\u00e4rmbelastung abschirmen.","breadcrumb":{"@id":"https:\/\/www.leeb-balkone.com\/ch\/blog\/gartenzaun-als-wind-schall-und-sichtschutz\/#breadcrumb"},"inLanguage":"de-CH","potentialAction":[{"@type":"ReadAction","target":["https:\/\/www.leeb-balkone.com\/ch\/blog\/gartenzaun-als-wind-schall-und-sichtschutz\/"]}]},{"@type":"ImageObject","inLanguage":"de-CH","@id":"https:\/\/www.leeb-balkone.com\/ch\/blog\/gartenzaun-als-wind-schall-und-sichtschutz\/#primaryimage","url":"https:\/\/www.leeb-balkone.com\/app\/uploads\/2020\/07\/zaun-alu-ambito-19-1-scaled.jpeg","contentUrl":"https:\/\/www.leeb-balkone.com\/app\/uploads\/2020\/07\/zaun-alu-ambito-19-1-scaled.jpeg","width":2560,"height":1709,"caption":"Gartenzaun aus Alu als Sicht-, Wind- und Schallschutz"},{"@type":"BreadcrumbList","@id":"https:\/\/www.leeb-balkone.com\/ch\/blog\/gartenzaun-als-wind-schall-und-sichtschutz\/#breadcrumb","itemListElement":[{"@type":"ListItem","position":1,"name":"Home","item":"https:\/\/www.leeb-balkone.com\/ch\/"},{"@type":"ListItem","position":2,"name":"Gartenzaun als Wind-, Schall- und Sichtschutz"}]},{"@type":"WebSite","@id":"https:\/\/www.leeb-balkone.com\/ch\/#website","url":"https:\/\/www.leeb-balkone.com\/ch\/","name":"Leeb Balkone","description":"Balkone und Z\u00e4une","publisher":{"@id":"https:\/\/www.leeb-balkone.com\/ch\/#organization"},"potentialAction":[{"@type":"SearchAction","target":{"@type":"EntryPoint","urlTemplate":"https:\/\/www.leeb-balkone.com\/ch\/?s={search_term_string}"},"query-input":{"@type":"PropertyValueSpecification","valueRequired":true,"valueName":"search_term_string"}}],"inLanguage":"de-CH"},{"@type":"Organization","@id":"https:\/\/www.leeb-balkone.com\/ch\/#organization","name":"Leeb Balkone Gmbh","url":"https:\/\/www.leeb-balkone.com\/ch\/","logo":{"@type":"ImageObject","inLanguage":"de-CH","@id":"https:\/\/www.leeb-balkone.com\/ch\/#\/schema\/logo\/image\/","url":"https:\/\/www.leeb-balkone.com\/app\/uploads\/2020\/11\/leeb-logo.svg","contentUrl":"https:\/\/www.leeb-balkone.com\/app\/uploads\/2020\/11\/leeb-logo.svg","width":741,"height":204,"caption":"Leeb Balkone Gmbh"},"image":{"@id":"https:\/\/www.leeb-balkone.com\/ch\/#\/schema\/logo\/image\/"},"sameAs":["https:\/\/www.facebook.com\/balkone\/","https:\/\/www.trustedshops.at\/bewertung\/info_X4587CCF5833E31AFE0B11F47D86999F2.html","https:\/\/www.trustedshops.de\/bewertung\/info_X7BA536A7A0BDC86D36C4718E4DCAEEEF.html","https:\/\/www.google.com\/maps\/place\/?q=place_id:ChIJ5-zH19-IcEcR9HonWRTllHI"]},{"@type":"Person","@id":"https:\/\/www.leeb-balkone.com\/ch\/#\/schema\/person\/15f1f398efcf4703721e46c2136421fa","name":"jbacher"}]}},"_links":{"self":[{"href":"https:\/\/www.leeb-balkone.com\/ch\/wp-json\/wp\/v2\/posts\/157186","targetHints":{"allow":["GET"]}}],"collection":[{"href":"https:\/\/www.leeb-balkone.com\/ch\/wp-json\/wp\/v2\/posts"}],"about":[{"href":"https:\/\/www.leeb-balkone.com\/ch\/wp-json\/wp\/v2\/types\/post"}],"author":[{"embeddable":true,"href":"https:\/\/www.leeb-balkone.com\/ch\/wp-json\/wp\/v2\/users\/3"}],"replies":[{"embeddable":true,"href":"https:\/\/www.leeb-balkone.com\/ch\/wp-json\/wp\/v2\/comments?post=157186"}],"version-history":[{"count":0,"href":"https:\/\/www.leeb-balkone.com\/ch\/wp-json\/wp\/v2\/posts\/157186\/revisions"}],"wp:featuredmedia":[{"embeddable":true,"href":"https:\/\/www.leeb-balkone.com\/ch\/wp-json\/wp\/v2\/media\/12245"}],"wp:attachment":[{"href":"https:\/\/www.leeb-balkone.com\/ch\/wp-json\/wp\/v2\/media?parent=157186"}],"wp:term":[{"taxonomy":"category","embeddable":true,"href":"https:\/\/www.leeb-balkone.com\/ch\/wp-json\/wp\/v2\/categories?post=157186"},{"taxonomy":"post_tag","embeddable":true,"href":"https:\/\/www.leeb-balkone.com\/ch\/wp-json\/wp\/v2\/tags?post=157186"},{"taxonomy":"post_folder","embeddable":true,"href":"https:\/\/www.leeb-balkone.com\/ch\/wp-json\/wp\/v2\/post_folder?post=157186"}],"curies":[{"name":"wp","href":"https:\/\/api.w.org\/{rel}","templated":true}]}}