{"id":157174,"date":"2024-04-17T09:58:57","date_gmt":"2024-04-17T09:58:57","guid":{"rendered":"https:\/\/www.leeb-balkone.com\/de\/red-dot-design-award-2024-fuer-den-leeb-solarbalkon\/"},"modified":"2025-09-23T13:12:12","modified_gmt":"2025-09-23T13:12:12","slug":"red-dot-design-award-2024-fuer-den-leeb-solarbalkon","status":"publish","type":"post","link":"https:\/\/www.leeb-balkone.com\/ch\/blog\/red-dot-design-award-2024-fuer-den-leeb-solarbalkon\/","title":{"rendered":"Red Dot Design Award 2024 f\u00fcr den Leeb-Solarbalkon"},"content":{"rendered":"<header class=\"wp-block-group alignfull t3-header u-max-wide t3-header-text has-white-background-color has-background has-global-padding is-layout-constrained wp-block-group-is-layout-constrained\">\n    <div class=\"wp-block-group o-grid u-md-1 u-sm-1 is-layout-flow wp-block-group-is-layout-flow\">\n  <div class=\"wp-block-group u-g-10 u-g-s-2\">\n      <div class=\"yoast-breadcrumbs\"><span><span><a href=\"https:\/\/www.leeb-balkone.com\/ch\/\">Home<\/a><\/span><\/span><\/div>\n      \n    <h1>Red Dot Design Award 2024 f\u00fcr den Leeb-Solarbalkon<\/h1>\n  <\/div>\n<\/div>\n  <\/header>\n\n\n\n\n\n\n\n<section class=\"wp-block-cgb-t3-section-block alignfull b-pt-small  is-style-bg-white\" style=\"display:inherit;min-height:inherit\">\n<div class=\"wp-block-cgb-t3-container-block none\" style=\"background-color:none\"><div class=\"grid-container\"><div class=\"grid-x\"><div class=\"cell small-12 medium-9 large-0 medium-offset-1 b-has-lsmb\">\n<p><span class=\"teaser\">In der Welt des Designs und der Innovation gilt der Gewinn eines Red Dot Awards als Meilenstein. Er z\u00e4hlt zu den gr\u00f6\u00dften Designwettbewerben weltweit und hat sich international zu einem der begehrtesten Qualit\u00e4tssiegel f\u00fcr gute Gestaltung entwickelt..<\/span><\/p>\n<\/div><\/div><\/div><\/div>\n\n\n\n<div class=\"wp-block-cgb-t3-container-block none\" style=\"background-color:none\"><div class=\"grid-container\"><div class=\"grid-x\"><div class=\"cell small-12 medium-0 large-0\"><div id=\"lightgallery-block_acf-block-68cd535f50ee3\" data-block_acf-block-68cd535f50ee3 class=\"has-1-imgs b-cards b-cards--gallery u-grid-temp has-1-cols u-md-2 u-sm-1 wp-block-group is-layout-grid wp-block-group-is-layout-grid gallery alignwide\">\n\n        <div class=\"b-cards__item\">\n\n        \n      <figure>\n                 <img loading=\"lazy\" decoding=\"async\" width=\"1536\" height=\"1152\" src=\"https:\/\/www.leeb-balkone.com\/app\/uploads\/2020\/07\/balkongelaender-solar-11-red-dot-1536x1152.jpg\" class=\"attachment-1536x1536 size-1536x1536\" alt=\"balkongelaender solar 11 red dot\" srcset=\"https:\/\/www.leeb-balkone.com\/app\/uploads\/2020\/07\/balkongelaender-solar-11-red-dot-1536x1152.jpg 1536w, https:\/\/www.leeb-balkone.com\/app\/uploads\/2020\/07\/balkongelaender-solar-11-red-dot-300x225.jpg 300w, https:\/\/www.leeb-balkone.com\/app\/uploads\/2020\/07\/balkongelaender-solar-11-red-dot-1024x768.jpg 1024w, https:\/\/www.leeb-balkone.com\/app\/uploads\/2020\/07\/balkongelaender-solar-11-red-dot-768x576.jpg 768w, https:\/\/www.leeb-balkone.com\/app\/uploads\/2020\/07\/balkongelaender-solar-11-red-dot-2048x1536.jpg 2048w\" sizes=\"auto, (min-width: 1200px) 100vw, (min-width: 1024px) 1536px, (min-width: 640px) 768px, 768px\" \/>              <\/figure>\n\n                  \n        <div class=\"caption\">\n                      <\/div>\n  \n<\/div>\n\n    <\/div>\n\n<\/div><\/div><\/div><\/div>\n\n\n\n<div class=\"wp-block-group is-layout-flow wp-block-group-is-layout-flow\">\n<div class=\"wp-block-cgb-t3-container-block none\" style=\"background-color:none\"><div class=\"grid-container\"><div class=\"grid-x\"><div class=\"cell small-12 medium-9 large-0 medium-offset-1\">\n<p>Wir sind stolz darauf, dass der innovative Leeb Solarbalkon im Rahmen des <a href=\"https:\/\/www.red-dot.org\/de\/\">Red Dot Award: Produkt Design 2024<\/a> mit dieser prestigetr\u00e4chtigen Auszeichnung pr\u00e4miert wurde.<br><br>Dieses begehrte Qualit\u00e4tssiegel best\u00e4tigt die f\u00fchrende Rolle in der Branche und das Engagement f\u00fcr nachhaltige und zukunftsweisende Designprodukte.<br><br>Der Lee Solarbalkon kombiniert \u00e4sthetische Eleganz mit hocheffizienter Energieerzeugung durch moderne Photovoltaikmodule, die autarke Energiel\u00f6sungen und umweltbewusstes Wohnen unterst\u00fctzen, und setzt neue Standards im Bereich Balkonsysteme.<\/p>\n\n\n\n<h5 class=\"wp-block-heading\">Ansichten:<\/h5>\n<\/div><\/div><\/div><\/div>\n<\/div>\n\n\n\n<div class=\"wp-block-cgb-t3-container-block none\" style=\"background-color:none\"><div class=\"grid-container\"><div class=\"grid-x\"><div class=\"cell small-12 medium-0 large-0\"><div id=\"lightgallery-block_acf-block-68cd535f50efe\" data-block_acf-block-68cd535f50efe class=\"has-4-imgs b-cards b-cards--gallery u-grid-temp has-2-cols u-md-2 u-sm-1 wp-block-group is-layout-grid wp-block-group-is-layout-grid gallery alignwide\">\n\n        <div class=\"b-cards__item\">\n\n        <a data-src=\"https:\/\/www.leeb-balkone.com\/app\/uploads\/2020\/07\/alu-balkongelaender-solar-8-red-dot-1536x1152.jpg\" data-thumb=\"https:\/\/www.leeb-balkone.com\/app\/uploads\/2020\/07\/alu-balkongelaender-solar-8-red-dot-300x225.jpg\" class=\"hasHover dark\">\n        \n      <figure>\n                 <img loading=\"lazy\" decoding=\"async\" width=\"1024\" height=\"768\" src=\"https:\/\/www.leeb-balkone.com\/app\/uploads\/2020\/07\/alu-balkongelaender-solar-8-red-dot-1024x768.jpg\" class=\"attachment-large size-large\" alt=\"alu balkongelaender solar 8 red dot\" srcset=\"https:\/\/www.leeb-balkone.com\/app\/uploads\/2020\/07\/alu-balkongelaender-solar-8-red-dot-1024x768.jpg 1024w, https:\/\/www.leeb-balkone.com\/app\/uploads\/2020\/07\/alu-balkongelaender-solar-8-red-dot-300x225.jpg 300w, https:\/\/www.leeb-balkone.com\/app\/uploads\/2020\/07\/alu-balkongelaender-solar-8-red-dot-768x576.jpg 768w, https:\/\/www.leeb-balkone.com\/app\/uploads\/2020\/07\/alu-balkongelaender-solar-8-red-dot-1536x1152.jpg 1536w, https:\/\/www.leeb-balkone.com\/app\/uploads\/2020\/07\/alu-balkongelaender-solar-8-red-dot-2048x1536.jpg 2048w\" sizes=\"auto, (min-width: 1200px) 1024px, (min-width: 1024px) 768px, (min-width: 640px) 768px, 768px\" \/>              <\/figure>\n\n                          <\/a>\n      \n        <div class=\"caption\">\n                      <\/div>\n  \n<\/div>\n\n        <div class=\"b-cards__item\">\n\n        <a data-src=\"https:\/\/www.leeb-balkone.com\/app\/uploads\/2020\/07\/balkongelaender-solar-10-red-dot-1536x1152.jpg\" data-thumb=\"https:\/\/www.leeb-balkone.com\/app\/uploads\/2020\/07\/balkongelaender-solar-10-red-dot-300x225.jpg\" class=\"hasHover dark\">\n        \n      <figure>\n                 <img loading=\"lazy\" decoding=\"async\" width=\"1024\" height=\"768\" src=\"https:\/\/www.leeb-balkone.com\/app\/uploads\/2020\/07\/balkongelaender-solar-10-red-dot-1024x768.jpg\" class=\"attachment-large size-large\" alt=\"balkongelaender solar 10 red dot\" srcset=\"https:\/\/www.leeb-balkone.com\/app\/uploads\/2020\/07\/balkongelaender-solar-10-red-dot-1024x768.jpg 1024w, https:\/\/www.leeb-balkone.com\/app\/uploads\/2020\/07\/balkongelaender-solar-10-red-dot-300x225.jpg 300w, https:\/\/www.leeb-balkone.com\/app\/uploads\/2020\/07\/balkongelaender-solar-10-red-dot-768x576.jpg 768w, https:\/\/www.leeb-balkone.com\/app\/uploads\/2020\/07\/balkongelaender-solar-10-red-dot-1536x1152.jpg 1536w, https:\/\/www.leeb-balkone.com\/app\/uploads\/2020\/07\/balkongelaender-solar-10-red-dot-2048x1536.jpg 2048w\" sizes=\"auto, (min-width: 1200px) 1024px, (min-width: 1024px) 768px, (min-width: 640px) 768px, 768px\" \/>              <\/figure>\n\n                          <\/a>\n      \n        <div class=\"caption\">\n                      <\/div>\n  \n<\/div>\n\n        <div class=\"b-cards__item\">\n\n        <a data-src=\"https:\/\/www.leeb-balkone.com\/app\/uploads\/2020\/07\/solar-glas-alu-balkon-09-red-dot-1536x1152.jpg\" data-thumb=\"https:\/\/www.leeb-balkone.com\/app\/uploads\/2020\/07\/solar-glas-alu-balkon-09-red-dot-300x225.jpg\" class=\"hasHover dark\">\n        \n      <figure>\n                 <img loading=\"lazy\" decoding=\"async\" width=\"1024\" height=\"768\" src=\"https:\/\/www.leeb-balkone.com\/app\/uploads\/2020\/07\/solar-glas-alu-balkon-09-red-dot-1024x768.jpg\" class=\"attachment-large size-large\" alt=\"solar glas alu balkon 09 red dot\" srcset=\"https:\/\/www.leeb-balkone.com\/app\/uploads\/2020\/07\/solar-glas-alu-balkon-09-red-dot-1024x768.jpg 1024w, https:\/\/www.leeb-balkone.com\/app\/uploads\/2020\/07\/solar-glas-alu-balkon-09-red-dot-300x225.jpg 300w, https:\/\/www.leeb-balkone.com\/app\/uploads\/2020\/07\/solar-glas-alu-balkon-09-red-dot-768x576.jpg 768w, https:\/\/www.leeb-balkone.com\/app\/uploads\/2020\/07\/solar-glas-alu-balkon-09-red-dot-1536x1152.jpg 1536w, https:\/\/www.leeb-balkone.com\/app\/uploads\/2020\/07\/solar-glas-alu-balkon-09-red-dot-2048x1536.jpg 2048w\" sizes=\"auto, (min-width: 1200px) 1024px, (min-width: 1024px) 768px, (min-width: 640px) 768px, 768px\" \/>              <\/figure>\n\n                          <\/a>\n      \n        <div class=\"caption\">\n                      <\/div>\n  \n<\/div>\n\n        <div class=\"b-cards__item\">\n\n        <a data-src=\"https:\/\/www.leeb-balkone.com\/app\/uploads\/2020\/07\/solar-glas-alu-balkon-02-red-dot-1536x1152.jpg\" data-thumb=\"https:\/\/www.leeb-balkone.com\/app\/uploads\/2020\/07\/solar-glas-alu-balkon-02-red-dot-300x225.jpg\" class=\"hasHover dark\">\n        \n      <figure>\n                 <img loading=\"lazy\" decoding=\"async\" width=\"1024\" height=\"768\" src=\"https:\/\/www.leeb-balkone.com\/app\/uploads\/2020\/07\/solar-glas-alu-balkon-02-red-dot-1024x768.jpg\" class=\"attachment-large size-large\" alt=\"solar glas alu balkon 02 red dot\" srcset=\"https:\/\/www.leeb-balkone.com\/app\/uploads\/2020\/07\/solar-glas-alu-balkon-02-red-dot-1024x768.jpg 1024w, https:\/\/www.leeb-balkone.com\/app\/uploads\/2020\/07\/solar-glas-alu-balkon-02-red-dot-300x225.jpg 300w, https:\/\/www.leeb-balkone.com\/app\/uploads\/2020\/07\/solar-glas-alu-balkon-02-red-dot-768x576.jpg 768w, https:\/\/www.leeb-balkone.com\/app\/uploads\/2020\/07\/solar-glas-alu-balkon-02-red-dot-1536x1152.jpg 1536w, https:\/\/www.leeb-balkone.com\/app\/uploads\/2020\/07\/solar-glas-alu-balkon-02-red-dot-2048x1536.jpg 2048w\" sizes=\"auto, (min-width: 1200px) 1024px, (min-width: 1024px) 768px, (min-width: 640px) 768px, 768px\" \/>              <\/figure>\n\n                          <\/a>\n      \n        <div class=\"caption\">\n                      <\/div>\n  \n<\/div>\n\n    <\/div>\n\n<\/div><\/div><\/div><\/div>\n\n\n\n<div class=\"wp-block-cgb-t3-container-block none\" style=\"background-color:none\"><div class=\"grid-container\"><div class=\"grid-x\"><div class=\"cell small-12 medium-9 large-0 medium-offset-1 b-has-lsmb\">\n<h2 class=\"wp-block-heading\">Leeb Solarbalkone<\/h2>\n\n\n\n<p>Unsere <a href=\"https:\/\/www.leeb-balkone.com\/ch\/solar\/solar-balkon\/\">Solarbalkone<\/a> repr\u00e4sentieren die ideale Verschmelzung von nachhaltiger Energieerzeugung und modernem Design. Die hochwertigen PV-Module, eingebettet in Verbund-Sicherheitsglas, bieten nicht nur visuelle Anreize, sondern tragen auch zur Senkung der Stromkosten bei. Diese Balkone erm\u00f6glichen die unmittelbare Nutzung der gewonnenen Solarenergie und tragen dazu bei, die \u00f6kologische Bilanz eines Wohnhauses zu verbessern. An sonnigen Tagen k\u00f6nnen bis zu 30% des t\u00e4glichen Strombedarfs allein durch Solarenergie gedeckt werden. Die einfache Installation mittels unserem hauseigenen Plug-and-Play-Komplettsets (inkl. Wechselrichter) <a href=\"https:\/\/www.leeb-balkone.com\/ch\/technik\/soleeb\/\">SOLEEB<\/a>, macht die Nutzung dieser Balkone \u00e4u\u00dferst bequem. F\u00fcr die Inbetriebnahme schlie\u00dfen Sie den Wechselrichter einfach an die Steckdose an. Leeb Solarbalkone f\u00f6rdern einen nachhaltigen und umweltbewussten Lebensstil, w\u00e4hrend sie gleichzeitig eine monet\u00e4re Aufwertung der Immobilie darstellen. Wir bieten die umfassende All-in-One-Solaranlage.<\/p>\n\n\n\n<figure class=\"wp-block-image size-large is-resized\"><a href=\"https:\/\/www.red-dot.org\/de\/\"><img loading=\"lazy\" decoding=\"async\" width=\"1024\" height=\"600\" src=\"\/app\/uploads\/2024\/04\/PD2024_RD-1-1024x600.png\" alt=\"PD2024_RD\" class=\"wp-image-137472\" style=\"width:309px;height:auto\" srcset=\"https:\/\/www.leeb-balkone.com\/app\/uploads\/2024\/04\/PD2024_RD-1-1024x600.png 1024w, https:\/\/www.leeb-balkone.com\/app\/uploads\/2024\/04\/PD2024_RD-1-300x176.png 300w, https:\/\/www.leeb-balkone.com\/app\/uploads\/2024\/04\/PD2024_RD-1-768x450.png 768w, https:\/\/www.leeb-balkone.com\/app\/uploads\/2024\/04\/PD2024_RD-1-1536x900.png 1536w, https:\/\/www.leeb-balkone.com\/app\/uploads\/2024\/04\/PD2024_RD-1.png 1613w\" sizes=\"auto, (max-width: 1024px) 100vw, 1024px\" \/><\/a><\/figure>\n<\/div><\/div><\/div><\/div>\n<\/section>\n","protected":false},"excerpt":{"rendered":"<p>Red Dot Award: Produkt Design 2024 f\u00fcr den Leeb Solarbalkon!<\/p>\n","protected":false},"author":4,"featured_media":137511,"comment_status":"closed","ping_status":"open","sticky":false,"template":"template-onepager.blade.php","format":"standard","meta":{"_acf_changed":false,"footnotes":""},"categories":[167,164,157,165],"tags":[],"post_folder":[],"class_list":["post-157174","post","type-post","status-publish","format-standard","has-post-thumbnail","hentry","category-aktuelles-zu-leeb-balkone","category-balkonbau-mit-leeb","category-nachhaltigkeit-oekologie","category-technik-innovation"],"acf":[],"yoast_head":"<!-- This site is optimized with the Yoast SEO plugin v27.2 - https:\/\/yoast.com\/product\/yoast-seo-wordpress\/ -->\n<title>Red Dot Design Award 2024 f\u00fcr den Leeb-Solarbalkon - Leeb Balkone Schweiz<\/title>\n<meta name=\"description\" content=\"Red Dot Award f\u00fcr den Solarbalkon von Leeb Balkone! Red Dot Award in der Kategorie Produkt Design 2024 f\u00fcr unseren Solarbalkon.\" \/>\n<meta name=\"robots\" content=\"index, follow, max-snippet:-1, max-image-preview:large, max-video-preview:-1\" \/>\n<meta property=\"og:locale\" content=\"de_DE\" \/>\n<meta property=\"og:type\" content=\"article\" \/>\n<meta property=\"og:title\" content=\"Energetische Sanierung als Gelegenheit zu Balkonsanierung\" \/>\n<meta property=\"og:description\" content=\"Energetische Sanierung als Gelegenheit zu Balkonsanierung und Anbaubalkon. Beratungstermin vor Ort \u2013 unverbindlich und kostenlos! Leeb Balkone.\" \/>\n<meta property=\"og:url\" content=\"https:\/\/www.leeb-balkone.com\/ch\/blog\/red-dot-design-award-2024-fuer-den-leeb-solarbalkon\/\" \/>\n<meta property=\"og:site_name\" content=\"Leeb Balkone\" \/>\n<meta property=\"article:publisher\" content=\"https:\/\/www.facebook.com\/balkone\/\" \/>\n<meta property=\"article:published_time\" content=\"2024-04-17T09:58:57+00:00\" \/>\n<meta property=\"article:modified_time\" content=\"2025-09-23T13:12:12+00:00\" \/>\n<meta property=\"og:image\" content=\"https:\/\/www.leeb-balkone.com\/app\/uploads\/2020\/07\/anbaubalkon-mit-stuetzen-49-1024x683.jpg\" \/>\n<meta name=\"author\" content=\"Herbert Weichart\" \/>\n<meta name=\"twitter:card\" content=\"summary_large_image\" \/>\n<script type=\"application\/ld+json\" class=\"yoast-schema-graph\">{\"@context\":\"https:\/\/schema.org\",\"@graph\":[{\"@type\":\"Article\",\"@id\":\"https:\/\/www.leeb-balkone.com\/ch\/blog\/red-dot-design-award-2024-fuer-den-leeb-solarbalkon\/#article\",\"isPartOf\":{\"@id\":\"https:\/\/www.leeb-balkone.com\/ch\/blog\/red-dot-design-award-2024-fuer-den-leeb-solarbalkon\/\"},\"author\":{\"name\":\"Herbert Weichart\",\"@id\":\"https:\/\/www.leeb-balkone.com\/ch\/#\/schema\/person\/dc2e2c82db329667ee507698e220238f\"},\"headline\":\"Red Dot Design Award 2024 f\u00fcr den Leeb-Solarbalkon\",\"datePublished\":\"2024-04-17T09:58:57+00:00\",\"dateModified\":\"2025-09-23T13:12:12+00:00\",\"mainEntityOfPage\":{\"@id\":\"https:\/\/www.leeb-balkone.com\/ch\/blog\/red-dot-design-award-2024-fuer-den-leeb-solarbalkon\/\"},\"wordCount\":253,\"publisher\":{\"@id\":\"https:\/\/www.leeb-balkone.com\/ch\/#organization\"},\"image\":{\"@id\":\"https:\/\/www.leeb-balkone.com\/ch\/blog\/red-dot-design-award-2024-fuer-den-leeb-solarbalkon\/#primaryimage\"},\"thumbnailUrl\":\"https:\/\/www.leeb-balkone.com\/app\/uploads\/2024\/04\/red-dot-award-2024.png\",\"articleSection\":[\"Aktuelles zu Leeb Balkone\",\"Balkonbau mit Leeb\",\"Nachhaltigkeit &amp; \u00d6kologie\",\"Technik &amp; Innovation\"],\"inLanguage\":\"de-CH\"},{\"@type\":\"WebPage\",\"@id\":\"https:\/\/www.leeb-balkone.com\/ch\/blog\/red-dot-design-award-2024-fuer-den-leeb-solarbalkon\/\",\"url\":\"https:\/\/www.leeb-balkone.com\/ch\/blog\/red-dot-design-award-2024-fuer-den-leeb-solarbalkon\/\",\"name\":\"Red Dot Design Award 2024 f\u00fcr den Leeb-Solarbalkon - Leeb Balkone\",\"isPartOf\":{\"@id\":\"https:\/\/www.leeb-balkone.com\/ch\/#website\"},\"primaryImageOfPage\":{\"@id\":\"https:\/\/www.leeb-balkone.com\/ch\/blog\/red-dot-design-award-2024-fuer-den-leeb-solarbalkon\/#primaryimage\"},\"image\":{\"@id\":\"https:\/\/www.leeb-balkone.com\/ch\/blog\/red-dot-design-award-2024-fuer-den-leeb-solarbalkon\/#primaryimage\"},\"thumbnailUrl\":\"https:\/\/www.leeb-balkone.com\/app\/uploads\/2024\/04\/red-dot-award-2024.png\",\"datePublished\":\"2024-04-17T09:58:57+00:00\",\"dateModified\":\"2025-09-23T13:12:12+00:00\",\"description\":\"Red Dot Award f\u00fcr den Solarbalkon von Leeb Balkone! Red Dot Award in der Kategorie Produkt Design 2024 f\u00fcr unseren Solarbalkon.\",\"breadcrumb\":{\"@id\":\"https:\/\/www.leeb-balkone.com\/ch\/blog\/red-dot-design-award-2024-fuer-den-leeb-solarbalkon\/#breadcrumb\"},\"inLanguage\":\"de-CH\",\"potentialAction\":[{\"@type\":\"ReadAction\",\"target\":[\"https:\/\/www.leeb-balkone.com\/ch\/blog\/red-dot-design-award-2024-fuer-den-leeb-solarbalkon\/\"]}]},{\"@type\":\"ImageObject\",\"inLanguage\":\"de-CH\",\"@id\":\"https:\/\/www.leeb-balkone.com\/ch\/blog\/red-dot-design-award-2024-fuer-den-leeb-solarbalkon\/#primaryimage\",\"url\":\"https:\/\/www.leeb-balkone.com\/app\/uploads\/2024\/04\/red-dot-award-2024.png\",\"contentUrl\":\"https:\/\/www.leeb-balkone.com\/app\/uploads\/2024\/04\/red-dot-award-2024.png\",\"width\":1613,\"height\":908},{\"@type\":\"BreadcrumbList\",\"@id\":\"https:\/\/www.leeb-balkone.com\/ch\/blog\/red-dot-design-award-2024-fuer-den-leeb-solarbalkon\/#breadcrumb\",\"itemListElement\":[{\"@type\":\"ListItem\",\"position\":1,\"name\":\"Home\",\"item\":\"https:\/\/www.leeb-balkone.com\/ch\/\"},{\"@type\":\"ListItem\",\"position\":2,\"name\":\"Red Dot Design Award 2024 f\u00fcr den Leeb-Solarbalkon\"}]},{\"@type\":\"WebSite\",\"@id\":\"https:\/\/www.leeb-balkone.com\/ch\/#website\",\"url\":\"https:\/\/www.leeb-balkone.com\/ch\/\",\"name\":\"Leeb Balkone\",\"description\":\"Balkone und Z\u00e4une\",\"publisher\":{\"@id\":\"https:\/\/www.leeb-balkone.com\/ch\/#organization\"},\"potentialAction\":[{\"@type\":\"SearchAction\",\"target\":{\"@type\":\"EntryPoint\",\"urlTemplate\":\"https:\/\/www.leeb-balkone.com\/ch\/?s={search_term_string}\"},\"query-input\":{\"@type\":\"PropertyValueSpecification\",\"valueRequired\":true,\"valueName\":\"search_term_string\"}}],\"inLanguage\":\"de-CH\"},{\"@type\":\"Organization\",\"@id\":\"https:\/\/www.leeb-balkone.com\/ch\/#organization\",\"name\":\"Leeb Balkone Gmbh\",\"url\":\"https:\/\/www.leeb-balkone.com\/ch\/\",\"logo\":{\"@type\":\"ImageObject\",\"inLanguage\":\"de-CH\",\"@id\":\"https:\/\/www.leeb-balkone.com\/ch\/#\/schema\/logo\/image\/\",\"url\":\"https:\/\/www.leeb-balkone.com\/app\/uploads\/2020\/11\/leeb-logo.svg\",\"contentUrl\":\"https:\/\/www.leeb-balkone.com\/app\/uploads\/2020\/11\/leeb-logo.svg\",\"width\":741,\"height\":204,\"caption\":\"Leeb Balkone Gmbh\"},\"image\":{\"@id\":\"https:\/\/www.leeb-balkone.com\/ch\/#\/schema\/logo\/image\/\"},\"sameAs\":[\"https:\/\/www.facebook.com\/balkone\/\",\"https:\/\/www.trustedshops.at\/bewertung\/info_X4587CCF5833E31AFE0B11F47D86999F2.html\",\"https:\/\/www.trustedshops.de\/bewertung\/info_X7BA536A7A0BDC86D36C4718E4DCAEEEF.html\",\"https:\/\/www.google.com\/maps\/place\/?q=place_id:ChIJ5-zH19-IcEcR9HonWRTllHI\"]},{\"@type\":\"Person\",\"@id\":\"https:\/\/www.leeb-balkone.com\/ch\/#\/schema\/person\/dc2e2c82db329667ee507698e220238f\",\"name\":\"Herbert Weichart\"}]}<\/script>\n<!-- \/ Yoast SEO plugin. -->","yoast_head_json":{"title":"Red Dot Design Award 2024 f\u00fcr den Leeb-Solarbalkon - Leeb Balkone Schweiz","description":"Red Dot Award f\u00fcr den Solarbalkon von Leeb Balkone! Red Dot Award in der Kategorie Produkt Design 2024 f\u00fcr unseren Solarbalkon.","robots":{"index":"index","follow":"follow","max-snippet":"max-snippet:-1","max-image-preview":"max-image-preview:large","max-video-preview":"max-video-preview:-1"},"og_locale":"de_DE","og_type":"article","og_title":"Energetische Sanierung als Gelegenheit zu Balkonsanierung","og_description":"Energetische Sanierung als Gelegenheit zu Balkonsanierung und Anbaubalkon. Beratungstermin vor Ort \u2013 unverbindlich und kostenlos! Leeb Balkone.","og_url":"https:\/\/www.leeb-balkone.com\/ch\/blog\/red-dot-design-award-2024-fuer-den-leeb-solarbalkon\/","og_site_name":"Leeb Balkone","article_publisher":"https:\/\/www.facebook.com\/balkone\/","article_published_time":"2024-04-17T09:58:57+00:00","article_modified_time":"2025-09-23T13:12:12+00:00","og_image":[{"url":"https:\/\/www.leeb-balkone.com\/app\/uploads\/2020\/07\/anbaubalkon-mit-stuetzen-49-1024x683.jpg","type":"","width":"","height":""}],"author":"Herbert Weichart","twitter_card":"summary_large_image","schema":{"@context":"https:\/\/schema.org","@graph":[{"@type":"Article","@id":"https:\/\/www.leeb-balkone.com\/ch\/blog\/red-dot-design-award-2024-fuer-den-leeb-solarbalkon\/#article","isPartOf":{"@id":"https:\/\/www.leeb-balkone.com\/ch\/blog\/red-dot-design-award-2024-fuer-den-leeb-solarbalkon\/"},"author":{"name":"Herbert Weichart","@id":"https:\/\/www.leeb-balkone.com\/ch\/#\/schema\/person\/dc2e2c82db329667ee507698e220238f"},"headline":"Red Dot Design Award 2024 f\u00fcr den Leeb-Solarbalkon","datePublished":"2024-04-17T09:58:57+00:00","dateModified":"2025-09-23T13:12:12+00:00","mainEntityOfPage":{"@id":"https:\/\/www.leeb-balkone.com\/ch\/blog\/red-dot-design-award-2024-fuer-den-leeb-solarbalkon\/"},"wordCount":253,"publisher":{"@id":"https:\/\/www.leeb-balkone.com\/ch\/#organization"},"image":{"@id":"https:\/\/www.leeb-balkone.com\/ch\/blog\/red-dot-design-award-2024-fuer-den-leeb-solarbalkon\/#primaryimage"},"thumbnailUrl":"https:\/\/www.leeb-balkone.com\/app\/uploads\/2024\/04\/red-dot-award-2024.png","articleSection":["Aktuelles zu Leeb Balkone","Balkonbau mit Leeb","Nachhaltigkeit &amp; \u00d6kologie","Technik &amp; Innovation"],"inLanguage":"de-CH"},{"@type":"WebPage","@id":"https:\/\/www.leeb-balkone.com\/ch\/blog\/red-dot-design-award-2024-fuer-den-leeb-solarbalkon\/","url":"https:\/\/www.leeb-balkone.com\/ch\/blog\/red-dot-design-award-2024-fuer-den-leeb-solarbalkon\/","name":"Red Dot Design Award 2024 f\u00fcr den Leeb-Solarbalkon - Leeb Balkone","isPartOf":{"@id":"https:\/\/www.leeb-balkone.com\/ch\/#website"},"primaryImageOfPage":{"@id":"https:\/\/www.leeb-balkone.com\/ch\/blog\/red-dot-design-award-2024-fuer-den-leeb-solarbalkon\/#primaryimage"},"image":{"@id":"https:\/\/www.leeb-balkone.com\/ch\/blog\/red-dot-design-award-2024-fuer-den-leeb-solarbalkon\/#primaryimage"},"thumbnailUrl":"https:\/\/www.leeb-balkone.com\/app\/uploads\/2024\/04\/red-dot-award-2024.png","datePublished":"2024-04-17T09:58:57+00:00","dateModified":"2025-09-23T13:12:12+00:00","description":"Red Dot Award f\u00fcr den Solarbalkon von Leeb Balkone! Red Dot Award in der Kategorie Produkt Design 2024 f\u00fcr unseren Solarbalkon.","breadcrumb":{"@id":"https:\/\/www.leeb-balkone.com\/ch\/blog\/red-dot-design-award-2024-fuer-den-leeb-solarbalkon\/#breadcrumb"},"inLanguage":"de-CH","potentialAction":[{"@type":"ReadAction","target":["https:\/\/www.leeb-balkone.com\/ch\/blog\/red-dot-design-award-2024-fuer-den-leeb-solarbalkon\/"]}]},{"@type":"ImageObject","inLanguage":"de-CH","@id":"https:\/\/www.leeb-balkone.com\/ch\/blog\/red-dot-design-award-2024-fuer-den-leeb-solarbalkon\/#primaryimage","url":"https:\/\/www.leeb-balkone.com\/app\/uploads\/2024\/04\/red-dot-award-2024.png","contentUrl":"https:\/\/www.leeb-balkone.com\/app\/uploads\/2024\/04\/red-dot-award-2024.png","width":1613,"height":908},{"@type":"BreadcrumbList","@id":"https:\/\/www.leeb-balkone.com\/ch\/blog\/red-dot-design-award-2024-fuer-den-leeb-solarbalkon\/#breadcrumb","itemListElement":[{"@type":"ListItem","position":1,"name":"Home","item":"https:\/\/www.leeb-balkone.com\/ch\/"},{"@type":"ListItem","position":2,"name":"Red Dot Design Award 2024 f\u00fcr den Leeb-Solarbalkon"}]},{"@type":"WebSite","@id":"https:\/\/www.leeb-balkone.com\/ch\/#website","url":"https:\/\/www.leeb-balkone.com\/ch\/","name":"Leeb Balkone","description":"Balkone und Z\u00e4une","publisher":{"@id":"https:\/\/www.leeb-balkone.com\/ch\/#organization"},"potentialAction":[{"@type":"SearchAction","target":{"@type":"EntryPoint","urlTemplate":"https:\/\/www.leeb-balkone.com\/ch\/?s={search_term_string}"},"query-input":{"@type":"PropertyValueSpecification","valueRequired":true,"valueName":"search_term_string"}}],"inLanguage":"de-CH"},{"@type":"Organization","@id":"https:\/\/www.leeb-balkone.com\/ch\/#organization","name":"Leeb Balkone Gmbh","url":"https:\/\/www.leeb-balkone.com\/ch\/","logo":{"@type":"ImageObject","inLanguage":"de-CH","@id":"https:\/\/www.leeb-balkone.com\/ch\/#\/schema\/logo\/image\/","url":"https:\/\/www.leeb-balkone.com\/app\/uploads\/2020\/11\/leeb-logo.svg","contentUrl":"https:\/\/www.leeb-balkone.com\/app\/uploads\/2020\/11\/leeb-logo.svg","width":741,"height":204,"caption":"Leeb Balkone Gmbh"},"image":{"@id":"https:\/\/www.leeb-balkone.com\/ch\/#\/schema\/logo\/image\/"},"sameAs":["https:\/\/www.facebook.com\/balkone\/","https:\/\/www.trustedshops.at\/bewertung\/info_X4587CCF5833E31AFE0B11F47D86999F2.html","https:\/\/www.trustedshops.de\/bewertung\/info_X7BA536A7A0BDC86D36C4718E4DCAEEEF.html","https:\/\/www.google.com\/maps\/place\/?q=place_id:ChIJ5-zH19-IcEcR9HonWRTllHI"]},{"@type":"Person","@id":"https:\/\/www.leeb-balkone.com\/ch\/#\/schema\/person\/dc2e2c82db329667ee507698e220238f","name":"Herbert Weichart"}]}},"_links":{"self":[{"href":"https:\/\/www.leeb-balkone.com\/ch\/wp-json\/wp\/v2\/posts\/157174","targetHints":{"allow":["GET"]}}],"collection":[{"href":"https:\/\/www.leeb-balkone.com\/ch\/wp-json\/wp\/v2\/posts"}],"about":[{"href":"https:\/\/www.leeb-balkone.com\/ch\/wp-json\/wp\/v2\/types\/post"}],"author":[{"embeddable":true,"href":"https:\/\/www.leeb-balkone.com\/ch\/wp-json\/wp\/v2\/users\/4"}],"replies":[{"embeddable":true,"href":"https:\/\/www.leeb-balkone.com\/ch\/wp-json\/wp\/v2\/comments?post=157174"}],"version-history":[{"count":1,"href":"https:\/\/www.leeb-balkone.com\/ch\/wp-json\/wp\/v2\/posts\/157174\/revisions"}],"predecessor-version":[{"id":157177,"href":"https:\/\/www.leeb-balkone.com\/ch\/wp-json\/wp\/v2\/posts\/157174\/revisions\/157177"}],"wp:featuredmedia":[{"embeddable":true,"href":"https:\/\/www.leeb-balkone.com\/ch\/wp-json\/wp\/v2\/media\/137511"}],"wp:attachment":[{"href":"https:\/\/www.leeb-balkone.com\/ch\/wp-json\/wp\/v2\/media?parent=157174"}],"wp:term":[{"taxonomy":"category","embeddable":true,"href":"https:\/\/www.leeb-balkone.com\/ch\/wp-json\/wp\/v2\/categories?post=157174"},{"taxonomy":"post_tag","embeddable":true,"href":"https:\/\/www.leeb-balkone.com\/ch\/wp-json\/wp\/v2\/tags?post=157174"},{"taxonomy":"post_folder","embeddable":true,"href":"https:\/\/www.leeb-balkone.com\/ch\/wp-json\/wp\/v2\/post_folder?post=157174"}],"curies":[{"name":"wp","href":"https:\/\/api.w.org\/{rel}","templated":true}]}}