{"id":157090,"date":"2016-05-17T07:45:03","date_gmt":"2016-05-17T07:45:03","guid":{"rendered":"https:\/\/www.leeb-balkone.com\/de\/der-richtige-zaun-fuer-kleine-gaerten\/"},"modified":"2016-05-17T07:45:03","modified_gmt":"2016-05-17T07:45:03","slug":"der-richtige-zaun-fuer-kleine-gaerten","status":"publish","type":"post","link":"https:\/\/www.leeb-balkone.com\/ch\/blog\/der-richtige-zaun-fuer-kleine-gaerten\/","title":{"rendered":"Der richtige Zaun f\u00fcr kleine G\u00e4rten"},"content":{"rendered":"\n<p><\/p>\n\n\n<header data-block_acf-block-68cc2c611a406 class=\"c-fh  l-mh-small c-fh--hero c-grad-l2r c-fh--div none\">\n      <img loading=\"lazy\" decoding=\"async\" width=\"2560\" height=\"1361\" src=\"https:\/\/www.leeb-balkone.com\/app\/uploads\/2020\/10\/Zaun_Alu_Mirabell02-1-scaled.jpg\" class=\"no-lazy\" alt=\"Aluzaun - Z\u00e4une aus Aluminium von Leeb Balkone GmbH\" srcset=\"https:\/\/www.leeb-balkone.com\/app\/uploads\/2020\/10\/Zaun_Alu_Mirabell02-1-scaled.jpg 2560w, https:\/\/www.leeb-balkone.com\/app\/uploads\/2020\/10\/Zaun_Alu_Mirabell02-1-300x160.jpg 300w, https:\/\/www.leeb-balkone.com\/app\/uploads\/2020\/10\/Zaun_Alu_Mirabell02-1-1024x545.jpg 1024w, https:\/\/www.leeb-balkone.com\/app\/uploads\/2020\/10\/Zaun_Alu_Mirabell02-1-768x408.jpg 768w, https:\/\/www.leeb-balkone.com\/app\/uploads\/2020\/10\/Zaun_Alu_Mirabell02-1-1536x817.jpg 1536w, https:\/\/www.leeb-balkone.com\/app\/uploads\/2020\/10\/Zaun_Alu_Mirabell02-1-2048x1089.jpg 2048w\" sizes=\"auto, (min-width: 1536px) 2048px, (min-width: 992px) 1536px, (min-width: 768px) 1024px, (min-width: 576px) 768px, 100vw\" \/>\n\n\n<div class=\"grid-container\">\n  <div class=\"grid-x\">\n    <div class=\"cell small-12 medium-6 medium-offset-1\">\n      <div class=\"c-fh__wrapper\">\n              <\/div>\n    <\/div>\n  <\/div>\n<\/div>\n  \n    \n    <\/header>\n\n\n  \n  <section class=\"wp-block-group alignfull t3-header u-max-wide t3-header-text has-white-background-color has-background has-global-padding is-layout-constrained wp-block-group-is-layout-constrained\">\n    <div class=\"wp-block-group o-grid u-md-1 u-sm-1 is-layout-flow wp-block-group-is-layout-flow\">\n  <div class=\"wp-block-group u-g-10 u-g-s-2\">\n      <div class=\"yoast-breadcrumbs\"><span><span><a href=\"https:\/\/www.leeb-balkone.com\/ch\/\">Home<\/a><\/span><\/span><\/div>\n      \n    <h1>Der richtige Zaun f\u00fcr kleine G\u00e4rten<\/h1>\n  <\/div>\n<\/div>\n  <\/section>\n\n\n\n\n\n\n<section class=\"wp-block-cgb-t3-section-block alignfull b-pt-small  is-style-bg-white\" style=\"display:inherit;min-height:inherit\">\n<div class=\"wp-block-cgb-t3-container-block none\" style=\"background-color:none\"><div class=\"grid-container\"><div class=\"grid-x\"><div class=\"cell small-12 medium-9 large-0 medium-offset-1 b-has-lsmb\">\n<p>Der ideale Gartenzaun ist luftig, ausreichend lichtdurchl\u00e4ssig und sch\u00fctzt dennoch zuverl\u00e4ssig vor unerw\u00fcnschten Blicken oder rauen Witterungen. Diese Effekte werden vor allem durch die spezielle Anordnung der Bretter und Leisten erzielt.&nbsp;Waagrechte oder senkrechte Profile werden in unterschiedlichen Abst\u00e4nden zueinander montiert, teilweise auch diagonal angeordnet oder in ihrer Fassung gekippt. Durch die leichte Schr\u00e4glage der Latten entsteht so ein ge\u00f6ffneter Gesamteindruck, der Lichtstrahlen aus verschiedenen Richtungen einfallen l\u00e4sst, aber keine direkte Durchsicht f\u00fcr Blicke bietet. Ein Glasbalken, mittig oder am oberen Rand des Gartenzaunes eingesetzt, erzeugt zus\u00e4tzlich \u201eLuft\u201c im Design und sorgt gleichzeitig f\u00fcr mehr Helligkeit.<\/p>\n<\/div><\/div><\/div><\/div>\n\n\n\n<div class=\"wp-block-cgb-t3-container-block none\" style=\"background-color:none\"><div class=\"grid-container\"><div class=\"grid-x\"><div class=\"cell small-12 medium-0 large-0\"><div id=\"lightgallery-block_acf-block-68cc2c611a432\" data-block_acf-block-68cc2c611a432 class=\"has-1-imgs b-cards b-cards--gallery u-grid-temp has-1-cols u-md-2 u-sm-1 wp-block-group is-layout-grid wp-block-group-is-layout-grid gallery alignwide\">\n\n        <div class=\"b-cards__item\">\n\n        \n      <figure>\n                 <img loading=\"lazy\" decoding=\"async\" width=\"1536\" height=\"817\" src=\"https:\/\/www.leeb-balkone.com\/app\/uploads\/2020\/10\/Zaun_Alu_Mirabell02-1-1536x817.jpg\" class=\"attachment-1536x1536 size-1536x1536\" alt=\"Zaun_Alu_Mirabell02 1\" srcset=\"https:\/\/www.leeb-balkone.com\/app\/uploads\/2020\/10\/Zaun_Alu_Mirabell02-1-1536x817.jpg 1536w, https:\/\/www.leeb-balkone.com\/app\/uploads\/2020\/10\/Zaun_Alu_Mirabell02-1-300x160.jpg 300w, https:\/\/www.leeb-balkone.com\/app\/uploads\/2020\/10\/Zaun_Alu_Mirabell02-1-1024x545.jpg 1024w, https:\/\/www.leeb-balkone.com\/app\/uploads\/2020\/10\/Zaun_Alu_Mirabell02-1-768x408.jpg 768w, https:\/\/www.leeb-balkone.com\/app\/uploads\/2020\/10\/Zaun_Alu_Mirabell02-1-2048x1089.jpg 2048w\" sizes=\"auto, (min-width: 1200px) 100vw, (min-width: 1024px) 1536px, (min-width: 640px) 768px, 768px\" \/>              <\/figure>\n\n                  \n        <div class=\"caption\">\n                          <p>Aluzaun Mirabell von Leeb Balkone\n              <\/div>\n  \n<\/div>\n\n    <\/div>\n\n<\/div><\/div><\/div><\/div>\n\n\n\n<div class=\"wp-block-cgb-t3-container-block none\" style=\"background-color:none\"><div class=\"grid-container\"><div class=\"grid-x\"><div class=\"cell small-12 medium-9 large-0 medium-offset-1 b-has-lsmb\">\n<p>Ein anderer \u201cTrick\u201d ist ein gestufter Sichtschutz. So k\u00f6nnen Elemente des Zaunes etwa dort h\u00f6her sein, wo Sie arbeiten, und niedriger im Bereich der Sitzgruppe. Auch rund um Gem\u00fcsebeete oder Pflanzen, die viel Sonne brauchen, sollten Sie bei der Zaunmontage auf ausreichend langen Lichteinfall achten. Die Faustregel lautet: Bei einem kleinen Garten sollte der Sichtschutzzaun auch an der h\u00f6chsten Stelle nicht h\u00f6her als 1,60m gew\u00e4hlt werden.<\/p>\n\n\n\n<h2 class=\"wp-block-heading\">Material und Farben: Mit Gestaltung optisch Raum gewinnen<\/h2>\n\n\n\n<p>Bei einem\u00a0<a href=\"https:\/\/www.leeb-balkone.com\/ch\/zaeune\/aluzaun\/\">Aluzaun<\/a>\u00a0wirkt die physikalische Leichtigkeit des Materials auch optisch: Schlie\u00dflich ist Aluminium naturgem\u00e4\u00df ein Leichtmetall. Ein heller Gartenzaun aus Alu kann durchaus weniger schwerf\u00e4llig erscheinen, als ein identes Gel\u00e4nder aus Echtholz oder in Holzoptik. Die glatte und gl\u00e4nzende Oberfl\u00e4che reflektiert viel Licht, moderne Designs lassen Freiraum. Somit ist ein Alu-Zaun oft die ideale L\u00f6sung f\u00fcr den kleinen Garten.<\/p>\n\n\n\n<p>Wie auch bei der Gestaltung von kleinen R\u00e4umen oder H\u00e4usern, sind helle Farben dankbarer, wenn Sie wenig Platz haben. F\u00fcr eine kleine Gartenfl\u00e4che sollten Sie daher Z\u00e4une in Wei\u00df, hellem Grau oder Beige, bzw. in hellem Holz wie Kiefer oder (Wei\u00df-)Tanne w\u00e4hlen. Wenn Ihnen kr\u00e4ftige Farben besser gefallen, oder einfach harmonischer zu Ihrer sonstigen Verkleidung passen, k\u00f6nnen Sie wieder ein bisschen tricksen: Zweifarbige Designs, die mit einer gedeckten Grundfarbe und sparsam eingesetzten Akzenten (etwa in Rostrot oder Gr\u00fcn) arbeiten, gen\u00fcgen beiden Anspr\u00fcchen und schaffen optisch sogar noch Weite.<\/p>\n\n\n\n<h2 class=\"wp-block-heading\">Das passende Gartentor f\u00fcr den kleinen Garten<\/h2>\n\n\n\n<p>F\u00fcr einen kleinen Garten ist ein&nbsp;Schiebetor&nbsp;die beste Wahl. Da es auch ge\u00f6ffnet wenig Platz braucht, k\u00f6nnen Sie den Platz links und rechts des Tores ebenfalls nutzen, und m\u00fcssen nicht etwa die Aussparung f\u00fcr ein schwingendes Gatter ber\u00fccksichtigen. Ein Gartentor aus Aluminium kommt, dank des geringen Eigengewichts, auch ohne zus\u00e4tzliche Laufschiene am Boden aus und \u00f6ffnet freischwebend. Wenn Sie eine gr\u00f6\u00dfere Einfahrt haben, in der Sie auch Ihr Auto parken, empfiehlt sich ein Gartentor mit elektrischem \u00d6ffnungsmechanismus. Zauntore Modelle ansehen.<\/p>\n\n\n\n<h2 class=\"wp-block-heading\">Die richtige Bepflanzung f\u00fcr den kleinen Garten<\/h2>\n\n\n\n<p>Eines ist sicher: Bei der g\u00e4rtnerischen Gestaltung einer kleinen Gr\u00fcnfl\u00e4che ist Geschick gefragt. Oft ist weniger mehr \u2013 schlie\u00dflich soll das Ergebnis auf keinen Fall \u201e\u00fcberwuchert\u201c aussehen.<\/p>\n\n\n\n<p><strong>K\u00fcbelpflanzen&nbsp;<\/strong>sind grunds\u00e4tzlich eine gute Idee etwa auf kleinen Terrassen oder rund um Sitzgruppen in kleinen G\u00e4rten, da sie sich bei Bedarf auch wegstellen oder immer wieder neu arrangieren lassen. Auch wachsen Pflanzen im Topf nicht so gro\u00df an, wie sie es im Boden t\u00e4ten \u2013 eine M\u00f6glichkeit f\u00fcr Sie also, sich auch auf kleiner Fl\u00e4che an Bambus, Liguster oder \u00e4hnlichen Heckenpflanzen zu freuen und auf ganz nat\u00fcrliche Weise zus\u00e4tzlichen Sichtschutz zu genie\u00dfen.<\/p>\n\n\n\n<p>Akzente setzen Sie au\u00dferdem mit&nbsp;<strong>Hochbeeten<\/strong>. <a href=\"https:\/\/www.leeb-balkone.com\/ch\/blog\/hochbeet-anlegen-hochbeete-befuellen-und-bepflanzen\/\">Hochbeete anlegen und bepflanzen<\/a> ist eine wunderbare M\u00f6glichkeit, auch in kleinen G\u00e4rten Gem\u00fcse, Obst und Kr\u00e4uter gedeihen zu lassen. Stauden-Gem\u00fcse wie Tomaten oder Bohnen, aber auch Wurzelgem\u00fcse, Erdbeeren, Salat und K\u00fcchenkr\u00e4uter wachsen darin ausgezeichnet. Die erh\u00f6ht gebauten Beete versorgen die Pflanzen intensiv mit N\u00e4hrstoffen, f\u00fcr die sie in einem am Boden gelagerten Beet deutlich mehr Platz ben\u00f6tigen w\u00fcrden.<\/p>\n\n\n\n<p>Generell lautet die Empfehlung von Garten-Architekten, in kleinen G\u00e4rten mit der&nbsp;<strong>Sichtachse<\/strong>&nbsp;zu arbeiten: Ordnende Elemente wie kleine Kieswege oder Pflanzz\u00e4une schaffen Struktur und klare Linien. Mit einem Biotop oder klein wachsenden B\u00e4umen, wie dem Japanischen Zwergahorn, k\u00f6nnen Sie geschmackvolle Blickpunkte setzen und dennoch Raum wahren.<\/p>\n\n\n\n<p>Schiebet\u00fcr, Geht\u00fcr, Drehtor \u2013&nbsp;<a href=\"https:\/\/www.leeb-balkone.com\/ch\/zaeune\/zauntor\/\">Zauntore \u00dcbersicht<\/a>&nbsp;der Leeb Balkone GmbH.<\/p>\n<\/div><\/div><\/div><\/div>\n<\/section>\n\n\n\n<p><\/p>\n","protected":false},"excerpt":{"rendered":"<p>Der ideale Gartenzaun ist luftig, ausreichend lichtdurchl\u00e4ssig und sch\u00fctzt dennoch zuverl\u00e4ssig vor unerw\u00fcnschten Blicken oder rauen Witterungen. Diese Effekte werden vor allem durch die spezielle Anordnung der Bretter und Leisten erzielt.<\/p>\n","protected":false},"author":3,"featured_media":12984,"comment_status":"closed","ping_status":"open","sticky":false,"template":"template-onepager.blade.php","format":"standard","meta":{"_acf_changed":false,"footnotes":""},"categories":[167,164,149,150,151,165,153,175],"tags":[],"post_folder":[],"class_list":["post-157090","post","type-post","status-publish","format-standard","has-post-thumbnail","hentry","category-aktuelles-zu-leeb-balkone","category-balkonbau-mit-leeb","category-garten-und-pflanzen","category-gartenbau","category-gartengestaltung","category-technik-innovation","category-tipps-zur-balkongestaltung","category-zaun-sichtschutz"],"acf":[],"yoast_head":"<!-- This site is optimized with the Yoast SEO plugin v27.2 - https:\/\/yoast.com\/product\/yoast-seo-wordpress\/ -->\n<title>Der richtige Zaun f\u00fcr kleine G\u00e4rten - Leeb Balkone Schweiz<\/title>\n<meta name=\"description\" content=\"Der ideale Gartenzaun ist luftig, ausreichend lichtdurchl\u00e4ssig und sch\u00fctzt dennoch zuverl\u00e4ssig vor unerw\u00fcnschten Blicken oder rauen Witterungen. Diese Effekte werden vor allem durch die spezielle Anordnung der Bretter und Leisten erzielt.\" \/>\n<meta name=\"robots\" content=\"index, follow, max-snippet:-1, max-image-preview:large, max-video-preview:-1\" \/>\n<meta property=\"og:locale\" content=\"de_DE\" \/>\n<meta property=\"og:type\" content=\"article\" \/>\n<meta property=\"og:title\" content=\"Der richtige Zaun f\u00fcr kleine G\u00e4rten - Leeb Balkone\" \/>\n<meta property=\"og:description\" content=\"Der ideale Gartenzaun ist luftig, ausreichend lichtdurchl\u00e4ssig und sch\u00fctzt dennoch zuverl\u00e4ssig vor unerw\u00fcnschten Blicken oder rauen Witterungen. Diese Effekte werden vor allem durch die spezielle Anordnung der Bretter und Leisten erzielt.\" \/>\n<meta property=\"og:url\" content=\"https:\/\/www.leeb-balkone.com\/ch\/blog\/der-richtige-zaun-fuer-kleine-gaerten\/\" \/>\n<meta property=\"og:site_name\" content=\"Leeb Balkone\" \/>\n<meta property=\"article:publisher\" content=\"https:\/\/www.facebook.com\/balkone\/\" \/>\n<meta property=\"article:published_time\" content=\"2016-05-17T07:45:03+00:00\" \/>\n<meta property=\"og:image\" content=\"https:\/\/www.leeb-balkone.com\/app\/uploads\/2020\/10\/Zaun_Alu_Mirabell02-1-scaled.jpg\" \/>\n\t<meta property=\"og:image:width\" content=\"2560\" \/>\n\t<meta property=\"og:image:height\" content=\"1361\" \/>\n\t<meta property=\"og:image:type\" content=\"image\/jpeg\" \/>\n<meta name=\"author\" content=\"jbacher\" \/>\n<meta name=\"twitter:card\" content=\"summary_large_image\" \/>\n<script type=\"application\/ld+json\" class=\"yoast-schema-graph\">{\"@context\":\"https:\/\/schema.org\",\"@graph\":[{\"@type\":\"Article\",\"@id\":\"https:\/\/www.leeb-balkone.com\/ch\/blog\/der-richtige-zaun-fuer-kleine-gaerten\/#article\",\"isPartOf\":{\"@id\":\"https:\/\/www.leeb-balkone.com\/ch\/blog\/der-richtige-zaun-fuer-kleine-gaerten\/\"},\"author\":{\"name\":\"jbacher\",\"@id\":\"https:\/\/www.leeb-balkone.com\/ch\/#\/schema\/person\/15f1f398efcf4703721e46c2136421fa\"},\"headline\":\"Der richtige Zaun f\u00fcr kleine G\u00e4rten\",\"datePublished\":\"2016-05-17T07:45:03+00:00\",\"mainEntityOfPage\":{\"@id\":\"https:\/\/www.leeb-balkone.com\/ch\/blog\/der-richtige-zaun-fuer-kleine-gaerten\/\"},\"wordCount\":728,\"publisher\":{\"@id\":\"https:\/\/www.leeb-balkone.com\/ch\/#organization\"},\"image\":{\"@id\":\"https:\/\/www.leeb-balkone.com\/ch\/blog\/der-richtige-zaun-fuer-kleine-gaerten\/#primaryimage\"},\"thumbnailUrl\":\"https:\/\/www.leeb-balkone.com\/app\/uploads\/2020\/10\/Zaun_Alu_Mirabell02-1-scaled.jpg\",\"articleSection\":[\"Aktuelles zu Leeb Balkone\",\"Balkonbau mit Leeb\",\"Garten und Pflanzen\",\"Gartenbau\",\"Gartengestaltung\",\"Technik &amp; Innovation\",\"Tipps zur Balkongestaltung\",\"Zaun &amp; Sichtschutz\"],\"inLanguage\":\"de-CH\"},{\"@type\":\"WebPage\",\"@id\":\"https:\/\/www.leeb-balkone.com\/ch\/blog\/der-richtige-zaun-fuer-kleine-gaerten\/\",\"url\":\"https:\/\/www.leeb-balkone.com\/ch\/blog\/der-richtige-zaun-fuer-kleine-gaerten\/\",\"name\":\"Der richtige Zaun f\u00fcr kleine G\u00e4rten - Leeb Balkone\",\"isPartOf\":{\"@id\":\"https:\/\/www.leeb-balkone.com\/ch\/#website\"},\"primaryImageOfPage\":{\"@id\":\"https:\/\/www.leeb-balkone.com\/ch\/blog\/der-richtige-zaun-fuer-kleine-gaerten\/#primaryimage\"},\"image\":{\"@id\":\"https:\/\/www.leeb-balkone.com\/ch\/blog\/der-richtige-zaun-fuer-kleine-gaerten\/#primaryimage\"},\"thumbnailUrl\":\"https:\/\/www.leeb-balkone.com\/app\/uploads\/2020\/10\/Zaun_Alu_Mirabell02-1-scaled.jpg\",\"datePublished\":\"2016-05-17T07:45:03+00:00\",\"description\":\"Der ideale Gartenzaun ist luftig, ausreichend lichtdurchl\u00e4ssig und sch\u00fctzt dennoch zuverl\u00e4ssig vor unerw\u00fcnschten Blicken oder rauen Witterungen. Diese Effekte werden vor allem durch die spezielle Anordnung der Bretter und Leisten erzielt.\",\"breadcrumb\":{\"@id\":\"https:\/\/www.leeb-balkone.com\/ch\/blog\/der-richtige-zaun-fuer-kleine-gaerten\/#breadcrumb\"},\"inLanguage\":\"de-CH\",\"potentialAction\":[{\"@type\":\"ReadAction\",\"target\":[\"https:\/\/www.leeb-balkone.com\/ch\/blog\/der-richtige-zaun-fuer-kleine-gaerten\/\"]}]},{\"@type\":\"ImageObject\",\"inLanguage\":\"de-CH\",\"@id\":\"https:\/\/www.leeb-balkone.com\/ch\/blog\/der-richtige-zaun-fuer-kleine-gaerten\/#primaryimage\",\"url\":\"https:\/\/www.leeb-balkone.com\/app\/uploads\/2020\/10\/Zaun_Alu_Mirabell02-1-scaled.jpg\",\"contentUrl\":\"https:\/\/www.leeb-balkone.com\/app\/uploads\/2020\/10\/Zaun_Alu_Mirabell02-1-scaled.jpg\",\"width\":2560,\"height\":1361,\"caption\":\"Aluzaun Mirabell von Leeb Balkone\"},{\"@type\":\"BreadcrumbList\",\"@id\":\"https:\/\/www.leeb-balkone.com\/ch\/blog\/der-richtige-zaun-fuer-kleine-gaerten\/#breadcrumb\",\"itemListElement\":[{\"@type\":\"ListItem\",\"position\":1,\"name\":\"Home\",\"item\":\"https:\/\/www.leeb-balkone.com\/ch\/\"},{\"@type\":\"ListItem\",\"position\":2,\"name\":\"Der richtige Zaun f\u00fcr kleine G\u00e4rten\"}]},{\"@type\":\"WebSite\",\"@id\":\"https:\/\/www.leeb-balkone.com\/ch\/#website\",\"url\":\"https:\/\/www.leeb-balkone.com\/ch\/\",\"name\":\"Leeb Balkone\",\"description\":\"Balkone und Z\u00e4une\",\"publisher\":{\"@id\":\"https:\/\/www.leeb-balkone.com\/ch\/#organization\"},\"potentialAction\":[{\"@type\":\"SearchAction\",\"target\":{\"@type\":\"EntryPoint\",\"urlTemplate\":\"https:\/\/www.leeb-balkone.com\/ch\/?s={search_term_string}\"},\"query-input\":{\"@type\":\"PropertyValueSpecification\",\"valueRequired\":true,\"valueName\":\"search_term_string\"}}],\"inLanguage\":\"de-CH\"},{\"@type\":\"Organization\",\"@id\":\"https:\/\/www.leeb-balkone.com\/ch\/#organization\",\"name\":\"Leeb Balkone Gmbh\",\"url\":\"https:\/\/www.leeb-balkone.com\/ch\/\",\"logo\":{\"@type\":\"ImageObject\",\"inLanguage\":\"de-CH\",\"@id\":\"https:\/\/www.leeb-balkone.com\/ch\/#\/schema\/logo\/image\/\",\"url\":\"https:\/\/www.leeb-balkone.com\/app\/uploads\/2020\/11\/leeb-logo.svg\",\"contentUrl\":\"https:\/\/www.leeb-balkone.com\/app\/uploads\/2020\/11\/leeb-logo.svg\",\"width\":741,\"height\":204,\"caption\":\"Leeb Balkone Gmbh\"},\"image\":{\"@id\":\"https:\/\/www.leeb-balkone.com\/ch\/#\/schema\/logo\/image\/\"},\"sameAs\":[\"https:\/\/www.facebook.com\/balkone\/\",\"https:\/\/www.trustedshops.at\/bewertung\/info_X4587CCF5833E31AFE0B11F47D86999F2.html\",\"https:\/\/www.trustedshops.de\/bewertung\/info_X7BA536A7A0BDC86D36C4718E4DCAEEEF.html\",\"https:\/\/www.google.com\/maps\/place\/?q=place_id:ChIJ5-zH19-IcEcR9HonWRTllHI\"]},{\"@type\":\"Person\",\"@id\":\"https:\/\/www.leeb-balkone.com\/ch\/#\/schema\/person\/15f1f398efcf4703721e46c2136421fa\",\"name\":\"jbacher\"}]}<\/script>\n<!-- \/ Yoast SEO plugin. -->","yoast_head_json":{"title":"Der richtige Zaun f\u00fcr kleine G\u00e4rten - Leeb Balkone Schweiz","description":"Der ideale Gartenzaun ist luftig, ausreichend lichtdurchl\u00e4ssig und sch\u00fctzt dennoch zuverl\u00e4ssig vor unerw\u00fcnschten Blicken oder rauen Witterungen. Diese Effekte werden vor allem durch die spezielle Anordnung der Bretter und Leisten erzielt.","robots":{"index":"index","follow":"follow","max-snippet":"max-snippet:-1","max-image-preview":"max-image-preview:large","max-video-preview":"max-video-preview:-1"},"og_locale":"de_DE","og_type":"article","og_title":"Der richtige Zaun f\u00fcr kleine G\u00e4rten - Leeb Balkone","og_description":"Der ideale Gartenzaun ist luftig, ausreichend lichtdurchl\u00e4ssig und sch\u00fctzt dennoch zuverl\u00e4ssig vor unerw\u00fcnschten Blicken oder rauen Witterungen. Diese Effekte werden vor allem durch die spezielle Anordnung der Bretter und Leisten erzielt.","og_url":"https:\/\/www.leeb-balkone.com\/ch\/blog\/der-richtige-zaun-fuer-kleine-gaerten\/","og_site_name":"Leeb Balkone","article_publisher":"https:\/\/www.facebook.com\/balkone\/","article_published_time":"2016-05-17T07:45:03+00:00","og_image":[{"width":2560,"height":1361,"url":"https:\/\/www.leeb-balkone.com\/app\/uploads\/2020\/10\/Zaun_Alu_Mirabell02-1-scaled.jpg","type":"image\/jpeg"}],"author":"jbacher","twitter_card":"summary_large_image","schema":{"@context":"https:\/\/schema.org","@graph":[{"@type":"Article","@id":"https:\/\/www.leeb-balkone.com\/ch\/blog\/der-richtige-zaun-fuer-kleine-gaerten\/#article","isPartOf":{"@id":"https:\/\/www.leeb-balkone.com\/ch\/blog\/der-richtige-zaun-fuer-kleine-gaerten\/"},"author":{"name":"jbacher","@id":"https:\/\/www.leeb-balkone.com\/ch\/#\/schema\/person\/15f1f398efcf4703721e46c2136421fa"},"headline":"Der richtige Zaun f\u00fcr kleine G\u00e4rten","datePublished":"2016-05-17T07:45:03+00:00","mainEntityOfPage":{"@id":"https:\/\/www.leeb-balkone.com\/ch\/blog\/der-richtige-zaun-fuer-kleine-gaerten\/"},"wordCount":728,"publisher":{"@id":"https:\/\/www.leeb-balkone.com\/ch\/#organization"},"image":{"@id":"https:\/\/www.leeb-balkone.com\/ch\/blog\/der-richtige-zaun-fuer-kleine-gaerten\/#primaryimage"},"thumbnailUrl":"https:\/\/www.leeb-balkone.com\/app\/uploads\/2020\/10\/Zaun_Alu_Mirabell02-1-scaled.jpg","articleSection":["Aktuelles zu Leeb Balkone","Balkonbau mit Leeb","Garten und Pflanzen","Gartenbau","Gartengestaltung","Technik &amp; Innovation","Tipps zur Balkongestaltung","Zaun &amp; Sichtschutz"],"inLanguage":"de-CH"},{"@type":"WebPage","@id":"https:\/\/www.leeb-balkone.com\/ch\/blog\/der-richtige-zaun-fuer-kleine-gaerten\/","url":"https:\/\/www.leeb-balkone.com\/ch\/blog\/der-richtige-zaun-fuer-kleine-gaerten\/","name":"Der richtige Zaun f\u00fcr kleine G\u00e4rten - Leeb Balkone","isPartOf":{"@id":"https:\/\/www.leeb-balkone.com\/ch\/#website"},"primaryImageOfPage":{"@id":"https:\/\/www.leeb-balkone.com\/ch\/blog\/der-richtige-zaun-fuer-kleine-gaerten\/#primaryimage"},"image":{"@id":"https:\/\/www.leeb-balkone.com\/ch\/blog\/der-richtige-zaun-fuer-kleine-gaerten\/#primaryimage"},"thumbnailUrl":"https:\/\/www.leeb-balkone.com\/app\/uploads\/2020\/10\/Zaun_Alu_Mirabell02-1-scaled.jpg","datePublished":"2016-05-17T07:45:03+00:00","description":"Der ideale Gartenzaun ist luftig, ausreichend lichtdurchl\u00e4ssig und sch\u00fctzt dennoch zuverl\u00e4ssig vor unerw\u00fcnschten Blicken oder rauen Witterungen. Diese Effekte werden vor allem durch die spezielle Anordnung der Bretter und Leisten erzielt.","breadcrumb":{"@id":"https:\/\/www.leeb-balkone.com\/ch\/blog\/der-richtige-zaun-fuer-kleine-gaerten\/#breadcrumb"},"inLanguage":"de-CH","potentialAction":[{"@type":"ReadAction","target":["https:\/\/www.leeb-balkone.com\/ch\/blog\/der-richtige-zaun-fuer-kleine-gaerten\/"]}]},{"@type":"ImageObject","inLanguage":"de-CH","@id":"https:\/\/www.leeb-balkone.com\/ch\/blog\/der-richtige-zaun-fuer-kleine-gaerten\/#primaryimage","url":"https:\/\/www.leeb-balkone.com\/app\/uploads\/2020\/10\/Zaun_Alu_Mirabell02-1-scaled.jpg","contentUrl":"https:\/\/www.leeb-balkone.com\/app\/uploads\/2020\/10\/Zaun_Alu_Mirabell02-1-scaled.jpg","width":2560,"height":1361,"caption":"Aluzaun Mirabell von Leeb Balkone"},{"@type":"BreadcrumbList","@id":"https:\/\/www.leeb-balkone.com\/ch\/blog\/der-richtige-zaun-fuer-kleine-gaerten\/#breadcrumb","itemListElement":[{"@type":"ListItem","position":1,"name":"Home","item":"https:\/\/www.leeb-balkone.com\/ch\/"},{"@type":"ListItem","position":2,"name":"Der richtige Zaun f\u00fcr kleine G\u00e4rten"}]},{"@type":"WebSite","@id":"https:\/\/www.leeb-balkone.com\/ch\/#website","url":"https:\/\/www.leeb-balkone.com\/ch\/","name":"Leeb Balkone","description":"Balkone und Z\u00e4une","publisher":{"@id":"https:\/\/www.leeb-balkone.com\/ch\/#organization"},"potentialAction":[{"@type":"SearchAction","target":{"@type":"EntryPoint","urlTemplate":"https:\/\/www.leeb-balkone.com\/ch\/?s={search_term_string}"},"query-input":{"@type":"PropertyValueSpecification","valueRequired":true,"valueName":"search_term_string"}}],"inLanguage":"de-CH"},{"@type":"Organization","@id":"https:\/\/www.leeb-balkone.com\/ch\/#organization","name":"Leeb Balkone Gmbh","url":"https:\/\/www.leeb-balkone.com\/ch\/","logo":{"@type":"ImageObject","inLanguage":"de-CH","@id":"https:\/\/www.leeb-balkone.com\/ch\/#\/schema\/logo\/image\/","url":"https:\/\/www.leeb-balkone.com\/app\/uploads\/2020\/11\/leeb-logo.svg","contentUrl":"https:\/\/www.leeb-balkone.com\/app\/uploads\/2020\/11\/leeb-logo.svg","width":741,"height":204,"caption":"Leeb Balkone Gmbh"},"image":{"@id":"https:\/\/www.leeb-balkone.com\/ch\/#\/schema\/logo\/image\/"},"sameAs":["https:\/\/www.facebook.com\/balkone\/","https:\/\/www.trustedshops.at\/bewertung\/info_X4587CCF5833E31AFE0B11F47D86999F2.html","https:\/\/www.trustedshops.de\/bewertung\/info_X7BA536A7A0BDC86D36C4718E4DCAEEEF.html","https:\/\/www.google.com\/maps\/place\/?q=place_id:ChIJ5-zH19-IcEcR9HonWRTllHI"]},{"@type":"Person","@id":"https:\/\/www.leeb-balkone.com\/ch\/#\/schema\/person\/15f1f398efcf4703721e46c2136421fa","name":"jbacher"}]}},"_links":{"self":[{"href":"https:\/\/www.leeb-balkone.com\/ch\/wp-json\/wp\/v2\/posts\/157090","targetHints":{"allow":["GET"]}}],"collection":[{"href":"https:\/\/www.leeb-balkone.com\/ch\/wp-json\/wp\/v2\/posts"}],"about":[{"href":"https:\/\/www.leeb-balkone.com\/ch\/wp-json\/wp\/v2\/types\/post"}],"author":[{"embeddable":true,"href":"https:\/\/www.leeb-balkone.com\/ch\/wp-json\/wp\/v2\/users\/3"}],"replies":[{"embeddable":true,"href":"https:\/\/www.leeb-balkone.com\/ch\/wp-json\/wp\/v2\/comments?post=157090"}],"version-history":[{"count":0,"href":"https:\/\/www.leeb-balkone.com\/ch\/wp-json\/wp\/v2\/posts\/157090\/revisions"}],"wp:featuredmedia":[{"embeddable":true,"href":"https:\/\/www.leeb-balkone.com\/ch\/wp-json\/wp\/v2\/media\/12984"}],"wp:attachment":[{"href":"https:\/\/www.leeb-balkone.com\/ch\/wp-json\/wp\/v2\/media?parent=157090"}],"wp:term":[{"taxonomy":"category","embeddable":true,"href":"https:\/\/www.leeb-balkone.com\/ch\/wp-json\/wp\/v2\/categories?post=157090"},{"taxonomy":"post_tag","embeddable":true,"href":"https:\/\/www.leeb-balkone.com\/ch\/wp-json\/wp\/v2\/tags?post=157090"},{"taxonomy":"post_folder","embeddable":true,"href":"https:\/\/www.leeb-balkone.com\/ch\/wp-json\/wp\/v2\/post_folder?post=157090"}],"curies":[{"name":"wp","href":"https:\/\/api.w.org\/{rel}","templated":true}]}}