{"id":157088,"date":"2024-02-14T14:01:10","date_gmt":"2024-02-14T14:01:10","guid":{"rendered":"https:\/\/www.leeb-balkone.com\/de\/energetische-sanierung-nutzen\/"},"modified":"2026-01-28T17:12:26","modified_gmt":"2026-01-28T17:12:26","slug":"energetische-sanierung-nutzen","status":"publish","type":"post","link":"https:\/\/www.leeb-balkone.com\/ch\/blog\/energetische-sanierung-nutzen\/","title":{"rendered":"Energetische Sanierung zur Modernisierung nutzen"},"content":{"rendered":"<header class=\"wp-block-group alignfull t3-header u-max-wide t3-header-text has-white-background-color has-background has-global-padding is-layout-constrained wp-block-group-is-layout-constrained\">\n    <div class=\"wp-block-group o-grid u-md-1 u-sm-1 is-layout-flow wp-block-group-is-layout-flow\">\n  <div class=\"wp-block-group u-g-10 u-g-s-2\">\n      <div class=\"yoast-breadcrumbs\"><span><span><a href=\"https:\/\/www.leeb-balkone.com\/ch\/\">Home<\/a><\/span><\/span><\/div>\n      \n    <h1>Energetische Sanierung zur Modernisierung nutzen<\/h1>\n  <\/div>\n<\/div>\n  <\/header>\n\n\n\n\n\n\n\n<section class=\"wp-block-cgb-t3-section-block alignfull b-pt-small  is-style-bg-white\" style=\"display:inherit;min-height:inherit\">\n<div class=\"wp-block-cgb-t3-container-block none\" style=\"background-color:none\"><div class=\"grid-container\"><div class=\"grid-x\"><div class=\"cell small-12 medium-9 large-0 medium-offset-1 b-has-lsmb\">\n<p><span class=\"teaser\">Das Senken von Energiekosten und CO2-Emissionen durch geeignete Ma\u00dfnahmen an der Geb\u00e4udeh\u00fclle gilt als wichtiger Beitrag zur Energiewende. Langfristig gesehen tragen diese Sanierungsschritte zum Werterhalt der Immobilie bei. Nebenbei sind sie eine gute Gelegenheit f\u00fcr allgemeine Aufwertungen wie Balkonsanierungen oder nachtr\u00e4glichen Balkonanbau.<\/span><\/p>\n<\/div><\/div><\/div><\/div>\n\n\n\n<div class=\"wp-block-cgb-t3-container-block none\" style=\"background-color:none\"><div class=\"grid-container\"><div class=\"grid-x\"><div class=\"cell small-12 medium-0 large-0\"><div id=\"lightgallery-block_acf-block-697a43755ec0d\" data-block_acf-block-697a43755ec0d class=\"has-1-imgs b-cards b-cards--gallery u-grid-temp has-1-cols u-md-2 u-sm-1 wp-block-group is-layout-grid wp-block-group-is-layout-grid gallery alignwide\">\n\n        <div class=\"b-cards__item\">\n\n        \n      <figure>\n                 <img loading=\"lazy\" decoding=\"async\" width=\"1536\" height=\"1024\" src=\"https:\/\/www.leeb-balkone.com\/app\/uploads\/2020\/07\/anbaubalkon-mit-stuetzen-49-1536x1024.jpg\" class=\"attachment-1536x1536 size-1536x1536\" alt=\"Wertsteigerung der Immobilie durch Anbaubalkon im Rahmen der Sanierung.\" srcset=\"https:\/\/www.leeb-balkone.com\/app\/uploads\/2020\/07\/anbaubalkon-mit-stuetzen-49-1536x1024.jpg 1536w, https:\/\/www.leeb-balkone.com\/app\/uploads\/2020\/07\/anbaubalkon-mit-stuetzen-49-300x200.jpg 300w, https:\/\/www.leeb-balkone.com\/app\/uploads\/2020\/07\/anbaubalkon-mit-stuetzen-49-1024x683.jpg 1024w, https:\/\/www.leeb-balkone.com\/app\/uploads\/2020\/07\/anbaubalkon-mit-stuetzen-49-768x512.jpg 768w, https:\/\/www.leeb-balkone.com\/app\/uploads\/2020\/07\/anbaubalkon-mit-stuetzen-49-2048x1366.jpg 2048w\" sizes=\"auto, (min-width: 1200px) 100vw, (min-width: 1024px) 1536px, (min-width: 640px) 768px, 768px\" \/>              <\/figure>\n\n                  \n        <div class=\"caption\">\n                          <p>Der Sonne entgegen! Planung abstimmen \u2013 energetische Ma\u00dfnahmen als Gelegenheit zu Balkonsanierung und nachtr\u00e4glichem Balkonanbau.\n              <\/div>\n  \n<\/div>\n\n    <\/div>\n\n<\/div><\/div><\/div><\/div>\n\n\n\n<div class=\"wp-block-group is-layout-flow wp-block-group-is-layout-flow\">\n<div class=\"wp-block-cgb-t3-container-block none\" style=\"background-color:none\"><div class=\"grid-container\"><div class=\"grid-x\"><div class=\"cell small-12 medium-9 large-0 medium-offset-1 b-has-lsmb\">\n<h2 class=\"wp-block-heading\"><strong><strong>Neuer Schwung f\u00fcr energetische Sanierungen<\/strong><\/strong><\/h2>\n\n\n\n<p>Mit dem neuen Geb\u00e4ude-Energie-Gesetz (GEG) erh\u00e4lt die Energiewende in Deutschland einen kr\u00e4ftigen Schub. Das Gesetz, das im November letzten Jahres in Kraft getreten ist, setzt klare und ambitionierte Ziele zur Reduzierung des Energieverbrauchs und zur Steigerung der Energieeffizienz im Geb\u00e4udesektor. Einer der Hauptaspekte des GEG ist die F\u00f6rderung energetischer Sanierungen, die einen wesentlichen Beitrag zur Erreichung dieser Ziele leisten sollen. Jedenfalls hat das neue Geb\u00e4ude-Energie-Gesetz dazu beigetragen, dass 6,5 Millionen deutsche Haushalte planen, in den n\u00e4chsten 5 Jahren entsprechende Sanierungen und Ma\u00dfnahmen durchzuf\u00fchren. Insbesondere Ma\u00dfnahmen wie die D\u00e4mmung von W\u00e4nden und D\u00e4chern sowie der Austausch veralteter Heizungsanlagen stehen im Fokus. <\/p>\n\n\n\n<p>Mit einer energetischen Sanierung machen Sie Ihr Geb\u00e4ude bereit f\u00fcr die Zukunft. Machen Sie sich Gedanken, wie die Immobilie zuk\u00fcnftig genutzt werden k\u00f6nnte. Stimmen Sie die Ma\u00dfnahmen aufeinander ab. Gerade die thermische Fassadensanierung ist eine Gelegenheit f\u00fcr allgemeine Modernisierungen im Au\u00dfenbereich wie Balkonsanierungen und nachtr\u00e4gliche Anbauten. Durch die Modernisierung von Geb\u00e4uden k\u00f6nnen nicht nur die Energiekosten gesenkt, sondern auch der Wohnkomfort gesteigert und der Wert der Immobilie langfristig erh\u00f6ht werden.<\/p>\n\n\n\n<h3 class=\"wp-block-heading\">Ma\u00dfnahmen abstimmen &#8211; energetische Sanierung als Gelegenheit<\/h3>\n<\/div><\/div><\/div><\/div>\n<\/div>\n\n\n\n<div class=\"wp-block-cgb-t3-container-block none\" style=\"background-color:none\"><div class=\"grid-container\"><div class=\"grid-x\"><div class=\"cell small-12 medium-0 large-0\"><div id=\"lightgallery-block_acf-block-697a43755ec23\" data-block_acf-block-697a43755ec23 class=\"has-4-imgs b-cards b-cards--gallery u-grid-temp has-2-cols u-md-2 u-sm-1 wp-block-group is-layout-grid wp-block-group-is-layout-grid gallery alignwide\">\n\n        <div class=\"b-cards__item\">\n\n        <a data-src=\"https:\/\/www.leeb-balkone.com\/app\/uploads\/2024\/02\/Aussen-vor-Aufbingung-Waermedaemmung-2-Terrassenseite-QF-1536x1152.jpg\" data-thumb=\"https:\/\/www.leeb-balkone.com\/app\/uploads\/2024\/02\/Aussen-vor-Aufbingung-Waermedaemmung-2-Terrassenseite-QF-300x225.jpg\" class=\"hasHover dark\">\n        \n      <figure>\n                 <img loading=\"lazy\" decoding=\"async\" width=\"1024\" height=\"768\" src=\"https:\/\/www.leeb-balkone.com\/app\/uploads\/2024\/02\/Aussen-vor-Aufbingung-Waermedaemmung-2-Terrassenseite-QF-1024x768.jpg\" class=\"attachment-large size-large\" alt=\"Haus vor thermischer Sanierung und Balkonsanierung\/-anbau\" srcset=\"https:\/\/www.leeb-balkone.com\/app\/uploads\/2024\/02\/Aussen-vor-Aufbingung-Waermedaemmung-2-Terrassenseite-QF-1024x768.jpg 1024w, https:\/\/www.leeb-balkone.com\/app\/uploads\/2024\/02\/Aussen-vor-Aufbingung-Waermedaemmung-2-Terrassenseite-QF-300x225.jpg 300w, https:\/\/www.leeb-balkone.com\/app\/uploads\/2024\/02\/Aussen-vor-Aufbingung-Waermedaemmung-2-Terrassenseite-QF-768x576.jpg 768w, https:\/\/www.leeb-balkone.com\/app\/uploads\/2024\/02\/Aussen-vor-Aufbingung-Waermedaemmung-2-Terrassenseite-QF-1536x1152.jpg 1536w, https:\/\/www.leeb-balkone.com\/app\/uploads\/2024\/02\/Aussen-vor-Aufbingung-Waermedaemmung-2-Terrassenseite-QF-2048x1536.jpg 2048w\" sizes=\"auto, (min-width: 1200px) 1024px, (min-width: 1024px) 768px, (min-width: 640px) 768px, 768px\" \/>              <\/figure>\n\n                          <\/a>\n      \n        <div class=\"caption\">\n                          <p>Vorher\n              <\/div>\n  \n<\/div>\n\n        <div class=\"b-cards__item\">\n\n        <a data-src=\"https:\/\/www.leeb-balkone.com\/app\/uploads\/2024\/02\/Stengert-Anbau-Sommergarten-Milano-1-2500-1536x1228.jpg\" data-thumb=\"https:\/\/www.leeb-balkone.com\/app\/uploads\/2024\/02\/Stengert-Anbau-Sommergarten-Milano-1-2500-300x240.jpg\" class=\"hasHover dark\">\n        \n      <figure>\n                 <img loading=\"lazy\" decoding=\"async\" width=\"1024\" height=\"819\" src=\"https:\/\/www.leeb-balkone.com\/app\/uploads\/2024\/02\/Stengert-Anbau-Sommergarten-Milano-1-2500-1024x819.jpg\" class=\"attachment-large size-large\" alt=\"Haus nach thermischer Sanierung und Balkonsanierung\/-anbau\" srcset=\"https:\/\/www.leeb-balkone.com\/app\/uploads\/2024\/02\/Stengert-Anbau-Sommergarten-Milano-1-2500-1024x819.jpg 1024w, https:\/\/www.leeb-balkone.com\/app\/uploads\/2024\/02\/Stengert-Anbau-Sommergarten-Milano-1-2500-300x240.jpg 300w, https:\/\/www.leeb-balkone.com\/app\/uploads\/2024\/02\/Stengert-Anbau-Sommergarten-Milano-1-2500-768x614.jpg 768w, https:\/\/www.leeb-balkone.com\/app\/uploads\/2024\/02\/Stengert-Anbau-Sommergarten-Milano-1-2500-1536x1228.jpg 1536w, https:\/\/www.leeb-balkone.com\/app\/uploads\/2024\/02\/Stengert-Anbau-Sommergarten-Milano-1-2500-2048x1638.jpg 2048w\" sizes=\"auto, (min-width: 1200px) 1024px, (min-width: 1024px) 768px, (min-width: 640px) 768px, 768px\" \/>              <\/figure>\n\n                          <\/a>\n      \n        <div class=\"caption\">\n                          <p>Nachher\n              <\/div>\n  \n<\/div>\n\n        <div class=\"b-cards__item\">\n\n        <a data-src=\"https:\/\/www.leeb-balkone.com\/app\/uploads\/2022\/03\/alu-vorher-nachher-anbaubalkon-madrid-2-1536x1152.jpg\" data-thumb=\"https:\/\/www.leeb-balkone.com\/app\/uploads\/2022\/03\/alu-vorher-nachher-anbaubalkon-madrid-2-300x225.jpg\" class=\"hasHover dark\">\n        \n      <figure>\n                 <img loading=\"lazy\" decoding=\"async\" width=\"1024\" height=\"768\" src=\"https:\/\/www.leeb-balkone.com\/app\/uploads\/2022\/03\/alu-vorher-nachher-anbaubalkon-madrid-2-1024x768.jpg\" class=\"attachment-large size-large\" alt=\"alu vorher nachher anbaubalkon madrid 2\" srcset=\"https:\/\/www.leeb-balkone.com\/app\/uploads\/2022\/03\/alu-vorher-nachher-anbaubalkon-madrid-2-1024x768.jpg 1024w, https:\/\/www.leeb-balkone.com\/app\/uploads\/2022\/03\/alu-vorher-nachher-anbaubalkon-madrid-2-300x225.jpg 300w, https:\/\/www.leeb-balkone.com\/app\/uploads\/2022\/03\/alu-vorher-nachher-anbaubalkon-madrid-2-768x576.jpg 768w, https:\/\/www.leeb-balkone.com\/app\/uploads\/2022\/03\/alu-vorher-nachher-anbaubalkon-madrid-2-1536x1152.jpg 1536w, https:\/\/www.leeb-balkone.com\/app\/uploads\/2022\/03\/alu-vorher-nachher-anbaubalkon-madrid-2.jpg 2048w\" sizes=\"auto, (min-width: 1200px) 1024px, (min-width: 1024px) 768px, (min-width: 640px) 768px, 768px\" \/>              <\/figure>\n\n                          <\/a>\n      \n        <div class=\"caption\">\n                          <p>Vorher\n              <\/div>\n  \n<\/div>\n\n        <div class=\"b-cards__item\">\n\n        <a data-src=\"https:\/\/www.leeb-balkone.com\/app\/uploads\/2022\/03\/alu-vorher-nachher-anbaubalkon-madrid-1536x1536.jpg\" data-thumb=\"https:\/\/www.leeb-balkone.com\/app\/uploads\/2022\/03\/alu-vorher-nachher-anbaubalkon-madrid-300x300.jpg\" class=\"hasHover dark\">\n        \n      <figure>\n                 <img loading=\"lazy\" decoding=\"async\" width=\"1024\" height=\"1024\" src=\"https:\/\/www.leeb-balkone.com\/app\/uploads\/2022\/03\/alu-vorher-nachher-anbaubalkon-madrid-1024x1024.jpg\" class=\"attachment-large size-large\" alt=\"alu vorher nachher anbaubalkon madrid\" srcset=\"https:\/\/www.leeb-balkone.com\/app\/uploads\/2022\/03\/alu-vorher-nachher-anbaubalkon-madrid-1024x1024.jpg 1024w, https:\/\/www.leeb-balkone.com\/app\/uploads\/2022\/03\/alu-vorher-nachher-anbaubalkon-madrid-300x300.jpg 300w, https:\/\/www.leeb-balkone.com\/app\/uploads\/2022\/03\/alu-vorher-nachher-anbaubalkon-madrid-150x150.jpg 150w, https:\/\/www.leeb-balkone.com\/app\/uploads\/2022\/03\/alu-vorher-nachher-anbaubalkon-madrid-768x768.jpg 768w, https:\/\/www.leeb-balkone.com\/app\/uploads\/2022\/03\/alu-vorher-nachher-anbaubalkon-madrid-1536x1536.jpg 1536w, https:\/\/www.leeb-balkone.com\/app\/uploads\/2022\/03\/alu-vorher-nachher-anbaubalkon-madrid-scaled.jpg 2048w, https:\/\/www.leeb-balkone.com\/app\/uploads\/2022\/03\/alu-vorher-nachher-anbaubalkon-madrid-240x240.jpg 240w\" sizes=\"auto, (min-width: 1200px) 1024px, (min-width: 1024px) 768px, (min-width: 640px) 768px, 768px\" \/>              <\/figure>\n\n                          <\/a>\n      \n        <div class=\"caption\">\n                          <p>Nachher\n              <\/div>\n  \n<\/div>\n\n    <\/div>\n\n<\/div><\/div><\/div><\/div>\n\n\n\n<div class=\"wp-block-cgb-t3-container-block none\" style=\"background-color:none\"><div class=\"grid-container\"><div class=\"grid-x\"><div class=\"cell small-12 medium-9 large-0 medium-offset-1 b-has-lsmb\">\n<h4 class=\"wp-block-heading\">Balkonsanierung \/ Balkonanbau in die Planung integrieren<\/h4>\n\n\n\n<p>Energetische Ma\u00dfnahmen lassen sich gegebenenfalls gut mit dem <a href=\"https:\/\/www.leeb-balkone.com\/ch\/anbaubalkone\/\">Anbau<\/a> oder der <a href=\"https:\/\/www.leeb-balkone.com\/ch\/service\/balkonsanierung\/\">Sanierung von Balkonen<\/a> kombinieren, um eine ganzheitliche Modernisierung des Geb\u00e4udes zu erreichen. Ein Vorteil dabei ist, dass keine nachtr\u00e4glichen Bohrungen oder Eingriffe in die Geb\u00e4udeh\u00fclle notwendig sind, da die Fassade ohnehin in Sanierung ist. Durch die Integration von Balkonen in den Sanierungsprozess k\u00f6nnen potenzielle K\u00e4ltebr\u00fccken vermieden und die Energieeffizienz des Geb\u00e4udes weiter gesteigert werden. Bewohner wie Vermieter nutzen den Anlass der energetischen Sanierung gern zum nachtr\u00e4glichen Balkonanbau und anderweitigen Aufwertungen Ihrer Immobilie.<\/p>\n\n\n\n<p>Neue oder sanierte Balkone bieten zus\u00e4tzlichen Wohnraum im Freien und steigern die Attraktivit\u00e4t der Immobilie. Durch eine gut geplante, ganzheitliche Modernisierung k\u00f6nnen also nicht nur energetische Einsparungen realisiert, sondern auch der Wohnkomfort und die Wertsteigerung der Immobilie maximiert werden. Auch Photovoltaik ist Teil der Energiewende. Mit F\u00f6rdergeldern und Steuerabz\u00fcgen k\u00f6nnen Sie die Gesamtkosten der Sanierung reduzieren.<\/p>\n\n\n\n<p>Von der Planung bis zur Montage \u2013 mit Leeb Anbaubalkonen auf der sicheren Seite. Ein Balkonanbau oder eine Balkonsanierung ist eine Entscheidung f\u00fcr mehr Lebensqualit\u00e4t und steigert den Wert Ihres Hauses. Beratungstermin vor Ort anfordern \u2013 unverbindlich und kostenlos.<\/p>\n\n\n\n<p><a href=\"https:\/\/www.leeb-balkone.com\/ch\/service\/planungsservice\/\">Ihr pers\u00f6nlicher Balkonberater &#8211; Leeb Planungsservice<\/a><\/p>\n<\/div><\/div><\/div><\/div>\n<\/section>\n","protected":false},"excerpt":{"rendered":"<p>Der Sonne entgegen! Energetische Sanierung als Gelegenheit zu Balkonsanierung und Anbaubalkon.<\/p>\n","protected":false},"author":4,"featured_media":133185,"comment_status":"closed","ping_status":"open","sticky":false,"template":"template-onepager.blade.php","format":"standard","meta":{"_acf_changed":false,"footnotes":""},"categories":[164,157,165],"tags":[],"post_folder":[],"class_list":["post-157088","post","type-post","status-publish","format-standard","has-post-thumbnail","hentry","category-balkonbau-mit-leeb","category-nachhaltigkeit-oekologie","category-technik-innovation"],"acf":[],"yoast_head":"<!-- This site is optimized with the Yoast SEO plugin v27.2 - https:\/\/yoast.com\/product\/yoast-seo-wordpress\/ -->\n<title>Energetische Sanierung als Gelegenheit zu Balkonsanierung - Leeb Balkone Schweiz<\/title>\n<meta name=\"description\" content=\"Energetische Sanierung als Gelegenheit zu Balkonsanierung und Anbaubalkon. Beratungstermin vor Ort \u2013 unverbindlich und kostenlos! Leeb Balkone.\" \/>\n<meta name=\"robots\" content=\"index, follow, max-snippet:-1, max-image-preview:large, max-video-preview:-1\" \/>\n<meta property=\"og:locale\" content=\"de_DE\" \/>\n<meta property=\"og:type\" content=\"article\" \/>\n<meta property=\"og:title\" content=\"Energetische Sanierung als Gelegenheit zu Balkonsanierung\" \/>\n<meta property=\"og:description\" content=\"Energetische Sanierung als Gelegenheit zu Balkonsanierung und Anbaubalkon. Beratungstermin vor Ort \u2013 unverbindlich und kostenlos! Leeb Balkone.\" \/>\n<meta property=\"og:url\" content=\"https:\/\/www.leeb-balkone.com\/ch\/blog\/energetische-sanierung-nutzen\/\" \/>\n<meta property=\"og:site_name\" content=\"Leeb Balkone\" \/>\n<meta property=\"article:publisher\" content=\"https:\/\/www.facebook.com\/balkone\/\" \/>\n<meta property=\"article:published_time\" content=\"2024-02-14T14:01:10+00:00\" \/>\n<meta property=\"article:modified_time\" content=\"2026-01-28T17:12:26+00:00\" \/>\n<meta property=\"og:image\" content=\"https:\/\/www.leeb-balkone.com\/app\/uploads\/2020\/07\/anbaubalkon-mit-stuetzen-49-1024x683.jpg\" \/>\n<meta name=\"author\" content=\"Herbert Weichart\" \/>\n<meta name=\"twitter:card\" content=\"summary_large_image\" \/>\n<script type=\"application\/ld+json\" class=\"yoast-schema-graph\">{\"@context\":\"https:\/\/schema.org\",\"@graph\":[{\"@type\":\"Article\",\"@id\":\"https:\/\/www.leeb-balkone.com\/ch\/blog\/energetische-sanierung-nutzen\/#article\",\"isPartOf\":{\"@id\":\"https:\/\/www.leeb-balkone.com\/ch\/blog\/energetische-sanierung-nutzen\/\"},\"author\":{\"name\":\"Herbert Weichart\",\"@id\":\"https:\/\/www.leeb-balkone.com\/ch\/#\/schema\/person\/dc2e2c82db329667ee507698e220238f\"},\"headline\":\"Energetische Sanierung zur Modernisierung nutzen\",\"datePublished\":\"2024-02-14T14:01:10+00:00\",\"dateModified\":\"2026-01-28T17:12:26+00:00\",\"mainEntityOfPage\":{\"@id\":\"https:\/\/www.leeb-balkone.com\/ch\/blog\/energetische-sanierung-nutzen\/\"},\"wordCount\":466,\"publisher\":{\"@id\":\"https:\/\/www.leeb-balkone.com\/ch\/#organization\"},\"image\":{\"@id\":\"https:\/\/www.leeb-balkone.com\/ch\/blog\/energetische-sanierung-nutzen\/#primaryimage\"},\"thumbnailUrl\":\"https:\/\/www.leeb-balkone.com\/app\/uploads\/2020\/07\/anbaubalkon-mit-stuetzen-49-scaled.jpg\",\"articleSection\":[\"Balkonbau mit Leeb\",\"Nachhaltigkeit &amp; \u00d6kologie\",\"Technik &amp; Innovation\"],\"inLanguage\":\"de-CH\"},{\"@type\":\"WebPage\",\"@id\":\"https:\/\/www.leeb-balkone.com\/ch\/blog\/energetische-sanierung-nutzen\/\",\"url\":\"https:\/\/www.leeb-balkone.com\/ch\/blog\/energetische-sanierung-nutzen\/\",\"name\":\"Energetische Sanierung als Gelegenheit zu Balkonsanierung - Leeb Balkone\",\"isPartOf\":{\"@id\":\"https:\/\/www.leeb-balkone.com\/ch\/#website\"},\"primaryImageOfPage\":{\"@id\":\"https:\/\/www.leeb-balkone.com\/ch\/blog\/energetische-sanierung-nutzen\/#primaryimage\"},\"image\":{\"@id\":\"https:\/\/www.leeb-balkone.com\/ch\/blog\/energetische-sanierung-nutzen\/#primaryimage\"},\"thumbnailUrl\":\"https:\/\/www.leeb-balkone.com\/app\/uploads\/2020\/07\/anbaubalkon-mit-stuetzen-49-scaled.jpg\",\"datePublished\":\"2024-02-14T14:01:10+00:00\",\"dateModified\":\"2026-01-28T17:12:26+00:00\",\"description\":\"Energetische Sanierung als Gelegenheit zu Balkonsanierung und Anbaubalkon. Beratungstermin vor Ort \u2013 unverbindlich und kostenlos! Leeb Balkone.\",\"breadcrumb\":{\"@id\":\"https:\/\/www.leeb-balkone.com\/ch\/blog\/energetische-sanierung-nutzen\/#breadcrumb\"},\"inLanguage\":\"de-CH\",\"potentialAction\":[{\"@type\":\"ReadAction\",\"target\":[\"https:\/\/www.leeb-balkone.com\/ch\/blog\/energetische-sanierung-nutzen\/\"]}]},{\"@type\":\"ImageObject\",\"inLanguage\":\"de-CH\",\"@id\":\"https:\/\/www.leeb-balkone.com\/ch\/blog\/energetische-sanierung-nutzen\/#primaryimage\",\"url\":\"https:\/\/www.leeb-balkone.com\/app\/uploads\/2020\/07\/anbaubalkon-mit-stuetzen-49-scaled.jpg\",\"contentUrl\":\"https:\/\/www.leeb-balkone.com\/app\/uploads\/2020\/07\/anbaubalkon-mit-stuetzen-49-scaled.jpg\",\"width\":2560,\"height\":1707,\"caption\":\"Der Sonne entgegen! Planung abstimmen \u2013 energetische Ma\u00dfnahmen als Gelegenheit zu Balkonsanierung und nachtr\u00e4glichem Balkonanbau.\"},{\"@type\":\"BreadcrumbList\",\"@id\":\"https:\/\/www.leeb-balkone.com\/ch\/blog\/energetische-sanierung-nutzen\/#breadcrumb\",\"itemListElement\":[{\"@type\":\"ListItem\",\"position\":1,\"name\":\"Home\",\"item\":\"https:\/\/www.leeb-balkone.com\/ch\/\"},{\"@type\":\"ListItem\",\"position\":2,\"name\":\"Energetische Sanierung zur Modernisierung nutzen\"}]},{\"@type\":\"WebSite\",\"@id\":\"https:\/\/www.leeb-balkone.com\/ch\/#website\",\"url\":\"https:\/\/www.leeb-balkone.com\/ch\/\",\"name\":\"Leeb Balkone\",\"description\":\"Balkone und Z\u00e4une\",\"publisher\":{\"@id\":\"https:\/\/www.leeb-balkone.com\/ch\/#organization\"},\"potentialAction\":[{\"@type\":\"SearchAction\",\"target\":{\"@type\":\"EntryPoint\",\"urlTemplate\":\"https:\/\/www.leeb-balkone.com\/ch\/?s={search_term_string}\"},\"query-input\":{\"@type\":\"PropertyValueSpecification\",\"valueRequired\":true,\"valueName\":\"search_term_string\"}}],\"inLanguage\":\"de-CH\"},{\"@type\":\"Organization\",\"@id\":\"https:\/\/www.leeb-balkone.com\/ch\/#organization\",\"name\":\"Leeb Balkone Gmbh\",\"url\":\"https:\/\/www.leeb-balkone.com\/ch\/\",\"logo\":{\"@type\":\"ImageObject\",\"inLanguage\":\"de-CH\",\"@id\":\"https:\/\/www.leeb-balkone.com\/ch\/#\/schema\/logo\/image\/\",\"url\":\"https:\/\/www.leeb-balkone.com\/app\/uploads\/2020\/11\/leeb-logo.svg\",\"contentUrl\":\"https:\/\/www.leeb-balkone.com\/app\/uploads\/2020\/11\/leeb-logo.svg\",\"width\":741,\"height\":204,\"caption\":\"Leeb Balkone Gmbh\"},\"image\":{\"@id\":\"https:\/\/www.leeb-balkone.com\/ch\/#\/schema\/logo\/image\/\"},\"sameAs\":[\"https:\/\/www.facebook.com\/balkone\/\",\"https:\/\/www.trustedshops.at\/bewertung\/info_X4587CCF5833E31AFE0B11F47D86999F2.html\",\"https:\/\/www.trustedshops.de\/bewertung\/info_X7BA536A7A0BDC86D36C4718E4DCAEEEF.html\",\"https:\/\/www.google.com\/maps\/place\/?q=place_id:ChIJ5-zH19-IcEcR9HonWRTllHI\"]},{\"@type\":\"Person\",\"@id\":\"https:\/\/www.leeb-balkone.com\/ch\/#\/schema\/person\/dc2e2c82db329667ee507698e220238f\",\"name\":\"Herbert Weichart\"}]}<\/script>\n<!-- \/ Yoast SEO plugin. -->","yoast_head_json":{"title":"Energetische Sanierung als Gelegenheit zu Balkonsanierung - Leeb Balkone Schweiz","description":"Energetische Sanierung als Gelegenheit zu Balkonsanierung und Anbaubalkon. Beratungstermin vor Ort \u2013 unverbindlich und kostenlos! Leeb Balkone.","robots":{"index":"index","follow":"follow","max-snippet":"max-snippet:-1","max-image-preview":"max-image-preview:large","max-video-preview":"max-video-preview:-1"},"og_locale":"de_DE","og_type":"article","og_title":"Energetische Sanierung als Gelegenheit zu Balkonsanierung","og_description":"Energetische Sanierung als Gelegenheit zu Balkonsanierung und Anbaubalkon. Beratungstermin vor Ort \u2013 unverbindlich und kostenlos! Leeb Balkone.","og_url":"https:\/\/www.leeb-balkone.com\/ch\/blog\/energetische-sanierung-nutzen\/","og_site_name":"Leeb Balkone","article_publisher":"https:\/\/www.facebook.com\/balkone\/","article_published_time":"2024-02-14T14:01:10+00:00","article_modified_time":"2026-01-28T17:12:26+00:00","og_image":[{"url":"https:\/\/www.leeb-balkone.com\/app\/uploads\/2020\/07\/anbaubalkon-mit-stuetzen-49-1024x683.jpg","type":"","width":"","height":""}],"author":"Herbert Weichart","twitter_card":"summary_large_image","schema":{"@context":"https:\/\/schema.org","@graph":[{"@type":"Article","@id":"https:\/\/www.leeb-balkone.com\/ch\/blog\/energetische-sanierung-nutzen\/#article","isPartOf":{"@id":"https:\/\/www.leeb-balkone.com\/ch\/blog\/energetische-sanierung-nutzen\/"},"author":{"name":"Herbert Weichart","@id":"https:\/\/www.leeb-balkone.com\/ch\/#\/schema\/person\/dc2e2c82db329667ee507698e220238f"},"headline":"Energetische Sanierung zur Modernisierung nutzen","datePublished":"2024-02-14T14:01:10+00:00","dateModified":"2026-01-28T17:12:26+00:00","mainEntityOfPage":{"@id":"https:\/\/www.leeb-balkone.com\/ch\/blog\/energetische-sanierung-nutzen\/"},"wordCount":466,"publisher":{"@id":"https:\/\/www.leeb-balkone.com\/ch\/#organization"},"image":{"@id":"https:\/\/www.leeb-balkone.com\/ch\/blog\/energetische-sanierung-nutzen\/#primaryimage"},"thumbnailUrl":"https:\/\/www.leeb-balkone.com\/app\/uploads\/2020\/07\/anbaubalkon-mit-stuetzen-49-scaled.jpg","articleSection":["Balkonbau mit Leeb","Nachhaltigkeit &amp; \u00d6kologie","Technik &amp; Innovation"],"inLanguage":"de-CH"},{"@type":"WebPage","@id":"https:\/\/www.leeb-balkone.com\/ch\/blog\/energetische-sanierung-nutzen\/","url":"https:\/\/www.leeb-balkone.com\/ch\/blog\/energetische-sanierung-nutzen\/","name":"Energetische Sanierung als Gelegenheit zu Balkonsanierung - Leeb Balkone","isPartOf":{"@id":"https:\/\/www.leeb-balkone.com\/ch\/#website"},"primaryImageOfPage":{"@id":"https:\/\/www.leeb-balkone.com\/ch\/blog\/energetische-sanierung-nutzen\/#primaryimage"},"image":{"@id":"https:\/\/www.leeb-balkone.com\/ch\/blog\/energetische-sanierung-nutzen\/#primaryimage"},"thumbnailUrl":"https:\/\/www.leeb-balkone.com\/app\/uploads\/2020\/07\/anbaubalkon-mit-stuetzen-49-scaled.jpg","datePublished":"2024-02-14T14:01:10+00:00","dateModified":"2026-01-28T17:12:26+00:00","description":"Energetische Sanierung als Gelegenheit zu Balkonsanierung und Anbaubalkon. Beratungstermin vor Ort \u2013 unverbindlich und kostenlos! Leeb Balkone.","breadcrumb":{"@id":"https:\/\/www.leeb-balkone.com\/ch\/blog\/energetische-sanierung-nutzen\/#breadcrumb"},"inLanguage":"de-CH","potentialAction":[{"@type":"ReadAction","target":["https:\/\/www.leeb-balkone.com\/ch\/blog\/energetische-sanierung-nutzen\/"]}]},{"@type":"ImageObject","inLanguage":"de-CH","@id":"https:\/\/www.leeb-balkone.com\/ch\/blog\/energetische-sanierung-nutzen\/#primaryimage","url":"https:\/\/www.leeb-balkone.com\/app\/uploads\/2020\/07\/anbaubalkon-mit-stuetzen-49-scaled.jpg","contentUrl":"https:\/\/www.leeb-balkone.com\/app\/uploads\/2020\/07\/anbaubalkon-mit-stuetzen-49-scaled.jpg","width":2560,"height":1707,"caption":"Der Sonne entgegen! Planung abstimmen \u2013 energetische Ma\u00dfnahmen als Gelegenheit zu Balkonsanierung und nachtr\u00e4glichem Balkonanbau."},{"@type":"BreadcrumbList","@id":"https:\/\/www.leeb-balkone.com\/ch\/blog\/energetische-sanierung-nutzen\/#breadcrumb","itemListElement":[{"@type":"ListItem","position":1,"name":"Home","item":"https:\/\/www.leeb-balkone.com\/ch\/"},{"@type":"ListItem","position":2,"name":"Energetische Sanierung zur Modernisierung nutzen"}]},{"@type":"WebSite","@id":"https:\/\/www.leeb-balkone.com\/ch\/#website","url":"https:\/\/www.leeb-balkone.com\/ch\/","name":"Leeb Balkone","description":"Balkone und Z\u00e4une","publisher":{"@id":"https:\/\/www.leeb-balkone.com\/ch\/#organization"},"potentialAction":[{"@type":"SearchAction","target":{"@type":"EntryPoint","urlTemplate":"https:\/\/www.leeb-balkone.com\/ch\/?s={search_term_string}"},"query-input":{"@type":"PropertyValueSpecification","valueRequired":true,"valueName":"search_term_string"}}],"inLanguage":"de-CH"},{"@type":"Organization","@id":"https:\/\/www.leeb-balkone.com\/ch\/#organization","name":"Leeb Balkone Gmbh","url":"https:\/\/www.leeb-balkone.com\/ch\/","logo":{"@type":"ImageObject","inLanguage":"de-CH","@id":"https:\/\/www.leeb-balkone.com\/ch\/#\/schema\/logo\/image\/","url":"https:\/\/www.leeb-balkone.com\/app\/uploads\/2020\/11\/leeb-logo.svg","contentUrl":"https:\/\/www.leeb-balkone.com\/app\/uploads\/2020\/11\/leeb-logo.svg","width":741,"height":204,"caption":"Leeb Balkone Gmbh"},"image":{"@id":"https:\/\/www.leeb-balkone.com\/ch\/#\/schema\/logo\/image\/"},"sameAs":["https:\/\/www.facebook.com\/balkone\/","https:\/\/www.trustedshops.at\/bewertung\/info_X4587CCF5833E31AFE0B11F47D86999F2.html","https:\/\/www.trustedshops.de\/bewertung\/info_X7BA536A7A0BDC86D36C4718E4DCAEEEF.html","https:\/\/www.google.com\/maps\/place\/?q=place_id:ChIJ5-zH19-IcEcR9HonWRTllHI"]},{"@type":"Person","@id":"https:\/\/www.leeb-balkone.com\/ch\/#\/schema\/person\/dc2e2c82db329667ee507698e220238f","name":"Herbert Weichart"}]}},"_links":{"self":[{"href":"https:\/\/www.leeb-balkone.com\/ch\/wp-json\/wp\/v2\/posts\/157088","targetHints":{"allow":["GET"]}}],"collection":[{"href":"https:\/\/www.leeb-balkone.com\/ch\/wp-json\/wp\/v2\/posts"}],"about":[{"href":"https:\/\/www.leeb-balkone.com\/ch\/wp-json\/wp\/v2\/types\/post"}],"author":[{"embeddable":true,"href":"https:\/\/www.leeb-balkone.com\/ch\/wp-json\/wp\/v2\/users\/4"}],"replies":[{"embeddable":true,"href":"https:\/\/www.leeb-balkone.com\/ch\/wp-json\/wp\/v2\/comments?post=157088"}],"version-history":[{"count":4,"href":"https:\/\/www.leeb-balkone.com\/ch\/wp-json\/wp\/v2\/posts\/157088\/revisions"}],"predecessor-version":[{"id":163688,"href":"https:\/\/www.leeb-balkone.com\/ch\/wp-json\/wp\/v2\/posts\/157088\/revisions\/163688"}],"wp:featuredmedia":[{"embeddable":true,"href":"https:\/\/www.leeb-balkone.com\/ch\/wp-json\/wp\/v2\/media\/133185"}],"wp:attachment":[{"href":"https:\/\/www.leeb-balkone.com\/ch\/wp-json\/wp\/v2\/media?parent=157088"}],"wp:term":[{"taxonomy":"category","embeddable":true,"href":"https:\/\/www.leeb-balkone.com\/ch\/wp-json\/wp\/v2\/categories?post=157088"},{"taxonomy":"post_tag","embeddable":true,"href":"https:\/\/www.leeb-balkone.com\/ch\/wp-json\/wp\/v2\/tags?post=157088"},{"taxonomy":"post_folder","embeddable":true,"href":"https:\/\/www.leeb-balkone.com\/ch\/wp-json\/wp\/v2\/post_folder?post=157088"}],"curies":[{"name":"wp","href":"https:\/\/api.w.org\/{rel}","templated":true}]}}