{"id":157078,"date":"2019-09-22T09:13:59","date_gmt":"2019-09-22T09:13:59","guid":{"rendered":"https:\/\/www.leeb-balkone.com\/de\/ihr-weg-zum-leeb-wunschbalkon\/"},"modified":"2026-01-28T16:03:45","modified_gmt":"2026-01-28T16:03:45","slug":"ihr-weg-zum-leeb-wunschbalkon","status":"publish","type":"post","link":"https:\/\/www.leeb-balkone.com\/ch\/blog\/ihr-weg-zum-leeb-wunschbalkon\/","title":{"rendered":"Ihr Weg zum Leeb-Wunschbalkon"},"content":{"rendered":"<header data-block_acf-block-697a33599ac9c class=\"c-fh  l-mh-small c-fh--hero c-grad-l2r c-fh--div none\">\n      <img loading=\"lazy\" decoding=\"async\" width=\"2560\" height=\"1709\" src=\"https:\/\/www.leeb-balkone.com\/app\/uploads\/2020\/07\/anbaubalkon-mit-stuetzen-45-scaled.jpg\" class=\"no-lazy\" alt=\"Doppelhaush\u00e4lfte mit Alu-Vorstellbalkon\" srcset=\"https:\/\/www.leeb-balkone.com\/app\/uploads\/2020\/07\/anbaubalkon-mit-stuetzen-45-scaled.jpg 2560w, https:\/\/www.leeb-balkone.com\/app\/uploads\/2020\/07\/anbaubalkon-mit-stuetzen-45-300x200.jpg 300w, https:\/\/www.leeb-balkone.com\/app\/uploads\/2020\/07\/anbaubalkon-mit-stuetzen-45-1024x684.jpg 1024w, https:\/\/www.leeb-balkone.com\/app\/uploads\/2020\/07\/anbaubalkon-mit-stuetzen-45-768x513.jpg 768w, https:\/\/www.leeb-balkone.com\/app\/uploads\/2020\/07\/anbaubalkon-mit-stuetzen-45-1536x1025.jpg 1536w, https:\/\/www.leeb-balkone.com\/app\/uploads\/2020\/07\/anbaubalkon-mit-stuetzen-45-2048x1367.jpg 2048w\" sizes=\"auto, (min-width: 1536px) 2048px, (min-width: 992px) 1536px, (min-width: 768px) 1024px, (min-width: 576px) 768px, 100vw\" \/>\n\n\n<div class=\"grid-container\">\n  <div class=\"grid-x\">\n    <div class=\"cell small-12 medium-6 medium-offset-1\">\n      <div class=\"c-fh__wrapper\">\n              <\/div>\n    <\/div>\n  <\/div>\n<\/div>\n  \n    \n    <\/header>\n\n\n  \n  <section class=\"wp-block-group alignfull t3-header u-max-wide t3-header-text has-white-background-color has-background has-global-padding is-layout-constrained wp-block-group-is-layout-constrained\">\n    <div class=\"wp-block-group o-grid u-md-1 u-sm-1 is-layout-flow wp-block-group-is-layout-flow\">\n  <div class=\"wp-block-group u-g-10 u-g-s-2\">\n      <div class=\"yoast-breadcrumbs\"><span><span><a href=\"https:\/\/www.leeb-balkone.com\/ch\/\">Home<\/a><\/span><\/span><\/div>\n      \n    <h1>Ihr Weg zum Leeb-Wunschbalkon<\/h1>\n  <\/div>\n<\/div>\n  <\/section>\n\n\n\n\n\n\n<section class=\"wp-block-cgb-t3-section-block alignfull b-pt-small  is-style-bg-white\" style=\"display:inherit;min-height:inherit\">\n<div class=\"wp-block-cgb-t3-container-block none\" style=\"background-color:none\"><div class=\"grid-container\"><div class=\"grid-x\"><div class=\"cell small-12 medium-9 large-0 medium-offset-1 b-has-lsmb\">\n<p>Mit dem Balkon ist es wie mit dem Partner \u2013 die Suche f\u00e4llt oft nicht leicht, wenn man ihn aber einmal gefunden hat, beh\u00e4lt man ihn (hoffentlich) f\u00fcrs Leben! Damit Ihnen diese wichtige Entscheidung einfacher f\u00e4llt, helfen wir Ihnen dabei, Ihren Leeb Wunschbalkon zu finden und stehen mit Rat und Tat zur Seite \u2013 als Ihr pers\u00f6nlicher Wegbegleiter.<\/p>\n\n\n\n<h2 class=\"wp-block-heading\">Erste Schritte<\/h2>\n\n\n\n<p>Aller Anfang ist schwer. Sie haben aber auch die Wahl \u2013 bei uns k\u00f6nnen Sie aus \u00fcber 200 verschiedenen Balkondesigns ausw\u00e4hlen und Ihre eigenen Gestaltungsw\u00fcnsche mit einbringen. Klicken Sie sich zun\u00e4chst in aller Ruhe online durch unsere Balkonmodelle oder bestellen Sie sich einen kostenlosen Katalog zum Schm\u00f6kern nach Hause.<\/p>\n<\/div><\/div><\/div><\/div>\n\n\n\n<div class=\"wp-block-cgb-t3-container-block none\" style=\"background-color:none\"><div class=\"grid-container\"><div class=\"grid-x\"><div class=\"cell small-12 medium-0 large-0\"><div id=\"lightgallery-block_acf-block-697a33599acdc\" data-block_acf-block-697a33599acdc class=\"has-1-imgs b-cards b-cards--gallery u-grid-temp has-1-cols u-md-2 u-sm-1 wp-block-group is-layout-grid wp-block-group-is-layout-grid gallery alignwide\">\n\n        <div class=\"b-cards__item\">\n\n        \n      <figure>\n                 <img loading=\"lazy\" decoding=\"async\" width=\"1536\" height=\"1025\" src=\"https:\/\/www.leeb-balkone.com\/app\/uploads\/2020\/07\/anbaubalkon-mit-stuetzen-45-1536x1025.jpg\" class=\"attachment-1536x1536 size-1536x1536\" alt=\"anbaubalkon mit stuetzen 45\" srcset=\"https:\/\/www.leeb-balkone.com\/app\/uploads\/2020\/07\/anbaubalkon-mit-stuetzen-45-1536x1025.jpg 1536w, https:\/\/www.leeb-balkone.com\/app\/uploads\/2020\/07\/anbaubalkon-mit-stuetzen-45-300x200.jpg 300w, https:\/\/www.leeb-balkone.com\/app\/uploads\/2020\/07\/anbaubalkon-mit-stuetzen-45-1024x684.jpg 1024w, https:\/\/www.leeb-balkone.com\/app\/uploads\/2020\/07\/anbaubalkon-mit-stuetzen-45-768x513.jpg 768w, https:\/\/www.leeb-balkone.com\/app\/uploads\/2020\/07\/anbaubalkon-mit-stuetzen-45-2048x1367.jpg 2048w\" sizes=\"auto, (min-width: 1200px) 100vw, (min-width: 1024px) 1536px, (min-width: 640px) 768px, 768px\" \/>              <\/figure>\n\n                  \n  \n<\/div>\n\n    <\/div>\n\n<\/div><\/div><\/div><\/div>\n\n\n\n<div class=\"wp-block-cgb-t3-container-block none\" style=\"background-color:none\"><div class=\"grid-container\"><div class=\"grid-x\"><div class=\"cell small-12 medium-9 large-0 medium-offset-1 b-has-lsmb\">\n<h2 class=\"wp-block-heading\">Das richtige Modell finden<\/h2>\n\n\n\n<p>Sie k\u00f6nnen sich nicht entscheiden? Werfen Sie doch mal einen Blick auf Ihr Haus. Was passt zu Ihnen und Ihrem Anwesen? Soll es traditionell oder modern sein? Ganz einfach ohne viel Schnickschnack? Oder m\u00f6gen Sie es doch lieber aufw\u00e4ndig-dekorativ? Soll sich Ihr Leeb-Balkon optisch in Ihr Haus integrieren oder als Design-Element hervorstechen? Bei uns finden Sie sowohl klassische Balkonmodelle aus Aluminium in Holzoptik als auch hochmoderne Modelle mit Elementen aus Glas. All unsere Glasbalkone sind sowohl als transparente, luftige Variante oder als Sichtschutzelement mit Mattglas verf\u00fcgbar. <\/p>\n\n\n\n<p>Wir beraten Sie vor gerne vor Ort: Nehmen Sie unseren <a href=\"https:\/\/www.leeb-balkone.com\/ch\/service\/planungsservice\/\">Planungsservice<\/a> in Anspruch und nutzen Sie unseren <a href=\"https:\/\/www.leeb-balkone.com\/ch\/service\/3d-konfigurator\/\">3D-Konfigurator<\/a>, um mit Sicherheit das richtige Modell zu finden. Ihr Wunschbalkon wartet auf Sie!<\/p>\n\n\n\n<h2 class=\"wp-block-heading\">Die perfekte Farbe<\/h2>\n\n\n\n<p>Wenn Sie sich f\u00fcr ein Modell entschieden haben, dann ist es an der Zeit, eine Farbe auszuw\u00e4hlen. Je nachdem, wie Ihr Haus aussieht, sollte der Balkon an die Umgebung und die Hausfassade angepasst werden. Aluminiumbalkone in Holzstruktur passen besonders gut zu traditionellen H\u00e4usern. Graut\u00f6ne und gedeckte Farben kombiniert mit Glaselementen oder Edelstahl-Dekorst\u00e4ben verleihen modernen Fassaden den letzten Feinschliff. Ob einf\u00e4rbig, knallig-bunt oder dezent mit gekonnt gesetzten Farbakzenten \u2013 bei uns ist nahezu alles m\u00f6glich! Informieren Sie sich hier in unserem Farbbegleiter \u00fcber Do\u2019s und Dont\u2018s in der Farbwahl.<\/p>\n<\/div><\/div><\/div><\/div>\n\n\n\n<div class=\"wp-block-cgb-t3-container-block none\" style=\"background-color:none\"><div class=\"grid-container\"><div class=\"grid-x\"><div class=\"cell small-12 medium-0 large-0\"><div id=\"lightgallery-block_acf-block-697a33599acf3\" data-block_acf-block-697a33599acf3 class=\"has-1-imgs b-cards b-cards--gallery u-grid-temp has-1-cols u-md-2 u-sm-1 wp-block-group is-layout-grid wp-block-group-is-layout-grid gallery alignwide\">\n\n        <div class=\"b-cards__item\">\n\n        \n      <figure>\n                 <img loading=\"lazy\" decoding=\"async\" width=\"1536\" height=\"1024\" src=\"https:\/\/www.leeb-balkone.com\/app\/uploads\/2020\/08\/alu-balkongelaender-slider-18-1536x1024.jpg\" class=\"attachment-1536x1536 size-1536x1536\" alt=\"alu balkongelaender slider 18\" srcset=\"https:\/\/www.leeb-balkone.com\/app\/uploads\/2020\/08\/alu-balkongelaender-slider-18-1536x1024.jpg 1536w, https:\/\/www.leeb-balkone.com\/app\/uploads\/2020\/08\/alu-balkongelaender-slider-18-300x200.jpg 300w, https:\/\/www.leeb-balkone.com\/app\/uploads\/2020\/08\/alu-balkongelaender-slider-18-1024x683.jpg 1024w, https:\/\/www.leeb-balkone.com\/app\/uploads\/2020\/08\/alu-balkongelaender-slider-18-768x512.jpg 768w, https:\/\/www.leeb-balkone.com\/app\/uploads\/2020\/08\/alu-balkongelaender-slider-18-2048x1366.jpg 2048w\" sizes=\"auto, (min-width: 1200px) 100vw, (min-width: 1024px) 1536px, (min-width: 640px) 768px, 768px\" \/>              <\/figure>\n\n                  \n  \n<\/div>\n\n    <\/div>\n\n<\/div><\/div><\/div><\/div>\n\n\n\n<div class=\"wp-block-cgb-t3-container-block none\" style=\"background-color:none\"><div class=\"grid-container\"><div class=\"grid-x\"><div class=\"cell small-12 medium-9 large-0 medium-offset-1 b-has-lsmb\">\n<h2 class=\"wp-block-heading\">JA sagen<\/h2>\n\n\n\n<p>Das Modell steht fest, die Farbe wurde ausgew\u00e4hlt \u2013 und jetzt? Jetzt hei\u00dft es, JA zu sagen! JA zu Ihrem pers\u00f6nlichen Leeb-Wunschbalkon. JA zu mehr Leebensqualit\u00e4t. JA zu einem Balkon f\u00fcrs Leben. Noch Fragen? Kontaktieren Sie uns gerne und wir helfen Ihnen bei der Entscheidung. Ihr pers\u00f6nlicher Ansprechpartner setzt sich mit Ihnen in Verbindung und begleitet Sie auf dem Weg zum Wunschbalkon: <a href=\"https:\/\/www.leeb-balkone.com\/ch\/balkongelaender\/balkongelaender-alu\/\">Balkongel\u00e4nder<\/a> und <a href=\"https:\/\/www.leeb-balkone.com\/ch\/anbaubalkone\/\">Anbaubalkone<\/a> von Leeb Balkone. <a href=\"https:\/\/www.leeb-balkone.com\/de\/\">Europas f\u00fchrender Hersteller von Balkonen<\/a> steht f\u00fcr individuelle Ma\u00dfarbeit mit heimischem Qualit\u00e4tsholz sowie innovative Verarbeitung von hochwertigem Aluminium.<\/p>\n<\/div><\/div><\/div><\/div>\n<\/section>\n","protected":false},"excerpt":{"rendered":"<p>Mit dem Balkon ist es wie mit dem Partner \u2013 die Suche f\u00e4llt oft nicht leicht, wenn man ihn aber gefunden hat, beh\u00e4lt man ihn! Wir helfen Ihnen dabei, Ihren Leeb Wunschbalkon zu finden und stehen Ihnen als Ihr pers\u00f6nlicher Wegbegleiter zur Seite.<\/p>\n","protected":false},"author":1,"featured_media":12717,"comment_status":"closed","ping_status":"open","sticky":false,"template":"template-onepager.blade.php","format":"standard","meta":{"_acf_changed":false,"footnotes":""},"categories":[167,164,160,165],"tags":[],"post_folder":[],"class_list":["post-157078","post","type-post","status-publish","format-standard","has-post-thumbnail","hentry","category-aktuelles-zu-leeb-balkone","category-balkonbau-mit-leeb","category-balkongestaltung","category-technik-innovation"],"acf":[],"yoast_head":"<!-- This site is optimized with the Yoast SEO plugin v27.2 - https:\/\/yoast.com\/product\/yoast-seo-wordpress\/ -->\n<title>Ihr Weg zum Leeb-Wunschbalkon - Leeb Balkone Schweiz<\/title>\n<meta name=\"description\" content=\"Mit dem Balkon ist es wie mit dem Partner \u2013 die Suche f\u00e4llt oft nicht leicht, wenn man ihn aber gefunden hat, beh\u00e4lt man ihn! Wir helfen Ihnen dabei, Ihren Leeb Wunschbalkon zu finden und stehen Ihnen als Ihr pers\u00f6nlicher Wegbegleiter zur Seite.\" \/>\n<meta name=\"robots\" content=\"index, follow, max-snippet:-1, max-image-preview:large, max-video-preview:-1\" \/>\n<meta property=\"og:locale\" content=\"de_DE\" \/>\n<meta property=\"og:type\" content=\"article\" \/>\n<meta property=\"og:title\" content=\"Ihr Weg zum Leeb-Wunschbalkon - Leeb Balkone\" \/>\n<meta property=\"og:description\" content=\"Mit dem Balkon ist es wie mit dem Partner \u2013 die Suche f\u00e4llt oft nicht leicht, wenn man ihn aber gefunden hat, beh\u00e4lt man ihn! Wir helfen Ihnen dabei, Ihren Leeb Wunschbalkon zu finden und stehen Ihnen als Ihr pers\u00f6nlicher Wegbegleiter zur Seite.\" \/>\n<meta property=\"og:url\" content=\"https:\/\/www.leeb-balkone.com\/ch\/blog\/ihr-weg-zum-leeb-wunschbalkon\/\" \/>\n<meta property=\"og:site_name\" content=\"Leeb Balkone\" \/>\n<meta property=\"article:publisher\" content=\"https:\/\/www.facebook.com\/balkone\/\" \/>\n<meta property=\"article:published_time\" content=\"2019-09-22T09:13:59+00:00\" \/>\n<meta property=\"article:modified_time\" content=\"2026-01-28T16:03:45+00:00\" \/>\n<meta property=\"og:image\" content=\"https:\/\/www.leeb-balkone.com\/app\/uploads\/2020\/07\/anbaubalkon-mit-stuetzen-45-scaled.jpg\" \/>\n\t<meta property=\"og:image:width\" content=\"2560\" \/>\n\t<meta property=\"og:image:height\" content=\"1709\" \/>\n\t<meta property=\"og:image:type\" content=\"image\/jpeg\" \/>\n<meta name=\"author\" content=\"tordreiLeeb-22\" \/>\n<meta name=\"twitter:card\" content=\"summary_large_image\" \/>\n<script type=\"application\/ld+json\" class=\"yoast-schema-graph\">{\"@context\":\"https:\/\/schema.org\",\"@graph\":[{\"@type\":\"Article\",\"@id\":\"https:\/\/www.leeb-balkone.com\/ch\/blog\/ihr-weg-zum-leeb-wunschbalkon\/#article\",\"isPartOf\":{\"@id\":\"https:\/\/www.leeb-balkone.com\/ch\/blog\/ihr-weg-zum-leeb-wunschbalkon\/\"},\"author\":{\"name\":\"tordreiLeeb-22\",\"@id\":\"https:\/\/www.leeb-balkone.com\/ch\/#\/schema\/person\/27306498096c3f2554b677702ddc5773\"},\"headline\":\"Ihr Weg zum Leeb-Wunschbalkon\",\"datePublished\":\"2019-09-22T09:13:59+00:00\",\"dateModified\":\"2026-01-28T16:03:45+00:00\",\"mainEntityOfPage\":{\"@id\":\"https:\/\/www.leeb-balkone.com\/ch\/blog\/ihr-weg-zum-leeb-wunschbalkon\/\"},\"wordCount\":441,\"publisher\":{\"@id\":\"https:\/\/www.leeb-balkone.com\/ch\/#organization\"},\"image\":{\"@id\":\"https:\/\/www.leeb-balkone.com\/ch\/blog\/ihr-weg-zum-leeb-wunschbalkon\/#primaryimage\"},\"thumbnailUrl\":\"https:\/\/www.leeb-balkone.com\/app\/uploads\/2020\/07\/anbaubalkon-mit-stuetzen-45-scaled.jpg\",\"articleSection\":[\"Aktuelles zu Leeb Balkone\",\"Balkonbau mit Leeb\",\"Balkongestaltung\",\"Technik &amp; Innovation\"],\"inLanguage\":\"de-CH\"},{\"@type\":\"WebPage\",\"@id\":\"https:\/\/www.leeb-balkone.com\/ch\/blog\/ihr-weg-zum-leeb-wunschbalkon\/\",\"url\":\"https:\/\/www.leeb-balkone.com\/ch\/blog\/ihr-weg-zum-leeb-wunschbalkon\/\",\"name\":\"Ihr Weg zum Leeb-Wunschbalkon - Leeb Balkone\",\"isPartOf\":{\"@id\":\"https:\/\/www.leeb-balkone.com\/ch\/#website\"},\"primaryImageOfPage\":{\"@id\":\"https:\/\/www.leeb-balkone.com\/ch\/blog\/ihr-weg-zum-leeb-wunschbalkon\/#primaryimage\"},\"image\":{\"@id\":\"https:\/\/www.leeb-balkone.com\/ch\/blog\/ihr-weg-zum-leeb-wunschbalkon\/#primaryimage\"},\"thumbnailUrl\":\"https:\/\/www.leeb-balkone.com\/app\/uploads\/2020\/07\/anbaubalkon-mit-stuetzen-45-scaled.jpg\",\"datePublished\":\"2019-09-22T09:13:59+00:00\",\"dateModified\":\"2026-01-28T16:03:45+00:00\",\"description\":\"Mit dem Balkon ist es wie mit dem Partner \u2013 die Suche f\u00e4llt oft nicht leicht, wenn man ihn aber gefunden hat, beh\u00e4lt man ihn! Wir helfen Ihnen dabei, Ihren Leeb Wunschbalkon zu finden und stehen Ihnen als Ihr pers\u00f6nlicher Wegbegleiter zur Seite.\",\"breadcrumb\":{\"@id\":\"https:\/\/www.leeb-balkone.com\/ch\/blog\/ihr-weg-zum-leeb-wunschbalkon\/#breadcrumb\"},\"inLanguage\":\"de-CH\",\"potentialAction\":[{\"@type\":\"ReadAction\",\"target\":[\"https:\/\/www.leeb-balkone.com\/ch\/blog\/ihr-weg-zum-leeb-wunschbalkon\/\"]}]},{\"@type\":\"ImageObject\",\"inLanguage\":\"de-CH\",\"@id\":\"https:\/\/www.leeb-balkone.com\/ch\/blog\/ihr-weg-zum-leeb-wunschbalkon\/#primaryimage\",\"url\":\"https:\/\/www.leeb-balkone.com\/app\/uploads\/2020\/07\/anbaubalkon-mit-stuetzen-45-scaled.jpg\",\"contentUrl\":\"https:\/\/www.leeb-balkone.com\/app\/uploads\/2020\/07\/anbaubalkon-mit-stuetzen-45-scaled.jpg\",\"width\":2560,\"height\":1709},{\"@type\":\"BreadcrumbList\",\"@id\":\"https:\/\/www.leeb-balkone.com\/ch\/blog\/ihr-weg-zum-leeb-wunschbalkon\/#breadcrumb\",\"itemListElement\":[{\"@type\":\"ListItem\",\"position\":1,\"name\":\"Home\",\"item\":\"https:\/\/www.leeb-balkone.com\/ch\/\"},{\"@type\":\"ListItem\",\"position\":2,\"name\":\"Ihr Weg zum Leeb-Wunschbalkon\"}]},{\"@type\":\"WebSite\",\"@id\":\"https:\/\/www.leeb-balkone.com\/ch\/#website\",\"url\":\"https:\/\/www.leeb-balkone.com\/ch\/\",\"name\":\"Leeb Balkone\",\"description\":\"Balkone und Z\u00e4une\",\"publisher\":{\"@id\":\"https:\/\/www.leeb-balkone.com\/ch\/#organization\"},\"potentialAction\":[{\"@type\":\"SearchAction\",\"target\":{\"@type\":\"EntryPoint\",\"urlTemplate\":\"https:\/\/www.leeb-balkone.com\/ch\/?s={search_term_string}\"},\"query-input\":{\"@type\":\"PropertyValueSpecification\",\"valueRequired\":true,\"valueName\":\"search_term_string\"}}],\"inLanguage\":\"de-CH\"},{\"@type\":\"Organization\",\"@id\":\"https:\/\/www.leeb-balkone.com\/ch\/#organization\",\"name\":\"Leeb Balkone Gmbh\",\"url\":\"https:\/\/www.leeb-balkone.com\/ch\/\",\"logo\":{\"@type\":\"ImageObject\",\"inLanguage\":\"de-CH\",\"@id\":\"https:\/\/www.leeb-balkone.com\/ch\/#\/schema\/logo\/image\/\",\"url\":\"https:\/\/www.leeb-balkone.com\/app\/uploads\/2020\/11\/leeb-logo.svg\",\"contentUrl\":\"https:\/\/www.leeb-balkone.com\/app\/uploads\/2020\/11\/leeb-logo.svg\",\"width\":741,\"height\":204,\"caption\":\"Leeb Balkone Gmbh\"},\"image\":{\"@id\":\"https:\/\/www.leeb-balkone.com\/ch\/#\/schema\/logo\/image\/\"},\"sameAs\":[\"https:\/\/www.facebook.com\/balkone\/\",\"https:\/\/www.trustedshops.at\/bewertung\/info_X4587CCF5833E31AFE0B11F47D86999F2.html\",\"https:\/\/www.trustedshops.de\/bewertung\/info_X7BA536A7A0BDC86D36C4718E4DCAEEEF.html\",\"https:\/\/www.google.com\/maps\/place\/?q=place_id:ChIJ5-zH19-IcEcR9HonWRTllHI\"]},{\"@type\":\"Person\",\"@id\":\"https:\/\/www.leeb-balkone.com\/ch\/#\/schema\/person\/27306498096c3f2554b677702ddc5773\",\"name\":\"tordreiLeeb-22\",\"sameAs\":[\"https:\/\/www.leeb-balkone.com\/de\/wp\"]}]}<\/script>\n<!-- \/ Yoast SEO plugin. -->","yoast_head_json":{"title":"Ihr Weg zum Leeb-Wunschbalkon - Leeb Balkone Schweiz","description":"Mit dem Balkon ist es wie mit dem Partner \u2013 die Suche f\u00e4llt oft nicht leicht, wenn man ihn aber gefunden hat, beh\u00e4lt man ihn! Wir helfen Ihnen dabei, Ihren Leeb Wunschbalkon zu finden und stehen Ihnen als Ihr pers\u00f6nlicher Wegbegleiter zur Seite.","robots":{"index":"index","follow":"follow","max-snippet":"max-snippet:-1","max-image-preview":"max-image-preview:large","max-video-preview":"max-video-preview:-1"},"og_locale":"de_DE","og_type":"article","og_title":"Ihr Weg zum Leeb-Wunschbalkon - Leeb Balkone","og_description":"Mit dem Balkon ist es wie mit dem Partner \u2013 die Suche f\u00e4llt oft nicht leicht, wenn man ihn aber gefunden hat, beh\u00e4lt man ihn! Wir helfen Ihnen dabei, Ihren Leeb Wunschbalkon zu finden und stehen Ihnen als Ihr pers\u00f6nlicher Wegbegleiter zur Seite.","og_url":"https:\/\/www.leeb-balkone.com\/ch\/blog\/ihr-weg-zum-leeb-wunschbalkon\/","og_site_name":"Leeb Balkone","article_publisher":"https:\/\/www.facebook.com\/balkone\/","article_published_time":"2019-09-22T09:13:59+00:00","article_modified_time":"2026-01-28T16:03:45+00:00","og_image":[{"width":2560,"height":1709,"url":"https:\/\/www.leeb-balkone.com\/app\/uploads\/2020\/07\/anbaubalkon-mit-stuetzen-45-scaled.jpg","type":"image\/jpeg"}],"author":"tordreiLeeb-22","twitter_card":"summary_large_image","schema":{"@context":"https:\/\/schema.org","@graph":[{"@type":"Article","@id":"https:\/\/www.leeb-balkone.com\/ch\/blog\/ihr-weg-zum-leeb-wunschbalkon\/#article","isPartOf":{"@id":"https:\/\/www.leeb-balkone.com\/ch\/blog\/ihr-weg-zum-leeb-wunschbalkon\/"},"author":{"name":"tordreiLeeb-22","@id":"https:\/\/www.leeb-balkone.com\/ch\/#\/schema\/person\/27306498096c3f2554b677702ddc5773"},"headline":"Ihr Weg zum Leeb-Wunschbalkon","datePublished":"2019-09-22T09:13:59+00:00","dateModified":"2026-01-28T16:03:45+00:00","mainEntityOfPage":{"@id":"https:\/\/www.leeb-balkone.com\/ch\/blog\/ihr-weg-zum-leeb-wunschbalkon\/"},"wordCount":441,"publisher":{"@id":"https:\/\/www.leeb-balkone.com\/ch\/#organization"},"image":{"@id":"https:\/\/www.leeb-balkone.com\/ch\/blog\/ihr-weg-zum-leeb-wunschbalkon\/#primaryimage"},"thumbnailUrl":"https:\/\/www.leeb-balkone.com\/app\/uploads\/2020\/07\/anbaubalkon-mit-stuetzen-45-scaled.jpg","articleSection":["Aktuelles zu Leeb Balkone","Balkonbau mit Leeb","Balkongestaltung","Technik &amp; Innovation"],"inLanguage":"de-CH"},{"@type":"WebPage","@id":"https:\/\/www.leeb-balkone.com\/ch\/blog\/ihr-weg-zum-leeb-wunschbalkon\/","url":"https:\/\/www.leeb-balkone.com\/ch\/blog\/ihr-weg-zum-leeb-wunschbalkon\/","name":"Ihr Weg zum Leeb-Wunschbalkon - Leeb Balkone","isPartOf":{"@id":"https:\/\/www.leeb-balkone.com\/ch\/#website"},"primaryImageOfPage":{"@id":"https:\/\/www.leeb-balkone.com\/ch\/blog\/ihr-weg-zum-leeb-wunschbalkon\/#primaryimage"},"image":{"@id":"https:\/\/www.leeb-balkone.com\/ch\/blog\/ihr-weg-zum-leeb-wunschbalkon\/#primaryimage"},"thumbnailUrl":"https:\/\/www.leeb-balkone.com\/app\/uploads\/2020\/07\/anbaubalkon-mit-stuetzen-45-scaled.jpg","datePublished":"2019-09-22T09:13:59+00:00","dateModified":"2026-01-28T16:03:45+00:00","description":"Mit dem Balkon ist es wie mit dem Partner \u2013 die Suche f\u00e4llt oft nicht leicht, wenn man ihn aber gefunden hat, beh\u00e4lt man ihn! Wir helfen Ihnen dabei, Ihren Leeb Wunschbalkon zu finden und stehen Ihnen als Ihr pers\u00f6nlicher Wegbegleiter zur Seite.","breadcrumb":{"@id":"https:\/\/www.leeb-balkone.com\/ch\/blog\/ihr-weg-zum-leeb-wunschbalkon\/#breadcrumb"},"inLanguage":"de-CH","potentialAction":[{"@type":"ReadAction","target":["https:\/\/www.leeb-balkone.com\/ch\/blog\/ihr-weg-zum-leeb-wunschbalkon\/"]}]},{"@type":"ImageObject","inLanguage":"de-CH","@id":"https:\/\/www.leeb-balkone.com\/ch\/blog\/ihr-weg-zum-leeb-wunschbalkon\/#primaryimage","url":"https:\/\/www.leeb-balkone.com\/app\/uploads\/2020\/07\/anbaubalkon-mit-stuetzen-45-scaled.jpg","contentUrl":"https:\/\/www.leeb-balkone.com\/app\/uploads\/2020\/07\/anbaubalkon-mit-stuetzen-45-scaled.jpg","width":2560,"height":1709},{"@type":"BreadcrumbList","@id":"https:\/\/www.leeb-balkone.com\/ch\/blog\/ihr-weg-zum-leeb-wunschbalkon\/#breadcrumb","itemListElement":[{"@type":"ListItem","position":1,"name":"Home","item":"https:\/\/www.leeb-balkone.com\/ch\/"},{"@type":"ListItem","position":2,"name":"Ihr Weg zum Leeb-Wunschbalkon"}]},{"@type":"WebSite","@id":"https:\/\/www.leeb-balkone.com\/ch\/#website","url":"https:\/\/www.leeb-balkone.com\/ch\/","name":"Leeb Balkone","description":"Balkone und Z\u00e4une","publisher":{"@id":"https:\/\/www.leeb-balkone.com\/ch\/#organization"},"potentialAction":[{"@type":"SearchAction","target":{"@type":"EntryPoint","urlTemplate":"https:\/\/www.leeb-balkone.com\/ch\/?s={search_term_string}"},"query-input":{"@type":"PropertyValueSpecification","valueRequired":true,"valueName":"search_term_string"}}],"inLanguage":"de-CH"},{"@type":"Organization","@id":"https:\/\/www.leeb-balkone.com\/ch\/#organization","name":"Leeb Balkone Gmbh","url":"https:\/\/www.leeb-balkone.com\/ch\/","logo":{"@type":"ImageObject","inLanguage":"de-CH","@id":"https:\/\/www.leeb-balkone.com\/ch\/#\/schema\/logo\/image\/","url":"https:\/\/www.leeb-balkone.com\/app\/uploads\/2020\/11\/leeb-logo.svg","contentUrl":"https:\/\/www.leeb-balkone.com\/app\/uploads\/2020\/11\/leeb-logo.svg","width":741,"height":204,"caption":"Leeb Balkone Gmbh"},"image":{"@id":"https:\/\/www.leeb-balkone.com\/ch\/#\/schema\/logo\/image\/"},"sameAs":["https:\/\/www.facebook.com\/balkone\/","https:\/\/www.trustedshops.at\/bewertung\/info_X4587CCF5833E31AFE0B11F47D86999F2.html","https:\/\/www.trustedshops.de\/bewertung\/info_X7BA536A7A0BDC86D36C4718E4DCAEEEF.html","https:\/\/www.google.com\/maps\/place\/?q=place_id:ChIJ5-zH19-IcEcR9HonWRTllHI"]},{"@type":"Person","@id":"https:\/\/www.leeb-balkone.com\/ch\/#\/schema\/person\/27306498096c3f2554b677702ddc5773","name":"tordreiLeeb-22","sameAs":["https:\/\/www.leeb-balkone.com\/de\/wp"]}]}},"_links":{"self":[{"href":"https:\/\/www.leeb-balkone.com\/ch\/wp-json\/wp\/v2\/posts\/157078","targetHints":{"allow":["GET"]}}],"collection":[{"href":"https:\/\/www.leeb-balkone.com\/ch\/wp-json\/wp\/v2\/posts"}],"about":[{"href":"https:\/\/www.leeb-balkone.com\/ch\/wp-json\/wp\/v2\/types\/post"}],"author":[{"embeddable":true,"href":"https:\/\/www.leeb-balkone.com\/ch\/wp-json\/wp\/v2\/users\/1"}],"replies":[{"embeddable":true,"href":"https:\/\/www.leeb-balkone.com\/ch\/wp-json\/wp\/v2\/comments?post=157078"}],"version-history":[{"count":4,"href":"https:\/\/www.leeb-balkone.com\/ch\/wp-json\/wp\/v2\/posts\/157078\/revisions"}],"predecessor-version":[{"id":163629,"href":"https:\/\/www.leeb-balkone.com\/ch\/wp-json\/wp\/v2\/posts\/157078\/revisions\/163629"}],"wp:featuredmedia":[{"embeddable":true,"href":"https:\/\/www.leeb-balkone.com\/ch\/wp-json\/wp\/v2\/media\/12717"}],"wp:attachment":[{"href":"https:\/\/www.leeb-balkone.com\/ch\/wp-json\/wp\/v2\/media?parent=157078"}],"wp:term":[{"taxonomy":"category","embeddable":true,"href":"https:\/\/www.leeb-balkone.com\/ch\/wp-json\/wp\/v2\/categories?post=157078"},{"taxonomy":"post_tag","embeddable":true,"href":"https:\/\/www.leeb-balkone.com\/ch\/wp-json\/wp\/v2\/tags?post=157078"},{"taxonomy":"post_folder","embeddable":true,"href":"https:\/\/www.leeb-balkone.com\/ch\/wp-json\/wp\/v2\/post_folder?post=157078"}],"curies":[{"name":"wp","href":"https:\/\/api.w.org\/{rel}","templated":true}]}}