{"id":157064,"date":"2023-09-15T07:44:00","date_gmt":"2023-09-15T07:44:00","guid":{"rendered":"https:\/\/www.leeb-balkone.com\/de\/mit-dem-sommergarten-laenger-den-herbst-geniessen\/"},"modified":"2026-03-23T14:59:56","modified_gmt":"2026-03-23T14:59:56","slug":"mit-dem-sommergarten-laenger-den-herbst-geniessen","status":"publish","type":"post","link":"https:\/\/www.leeb-balkone.com\/ch\/blog\/mit-dem-sommergarten-laenger-den-herbst-geniessen\/","title":{"rendered":"Mit dem Sommergarten l\u00e4nger den Herbst genie\u00dfen"},"content":{"rendered":"<header data-block_acf-block-68cac2b8538ba class=\"c-fh  l-mh-small c-fh--hero c-grad-l2r c-fh--div none\">\n      <img loading=\"lazy\" decoding=\"async\" width=\"2500\" height=\"1668\" src=\"https:\/\/www.leeb-balkone.com\/app\/uploads\/2020\/07\/glas-sommergarten-14.jpg\" class=\"no-lazy\" alt=\"glas sommergarten 14\" srcset=\"https:\/\/www.leeb-balkone.com\/app\/uploads\/2020\/07\/glas-sommergarten-14.jpg 2500w, https:\/\/www.leeb-balkone.com\/app\/uploads\/2020\/07\/glas-sommergarten-14-300x200.jpg 300w, https:\/\/www.leeb-balkone.com\/app\/uploads\/2020\/07\/glas-sommergarten-14-1024x683.jpg 1024w, https:\/\/www.leeb-balkone.com\/app\/uploads\/2020\/07\/glas-sommergarten-14-768x512.jpg 768w, https:\/\/www.leeb-balkone.com\/app\/uploads\/2020\/07\/glas-sommergarten-14-1536x1025.jpg 1536w, https:\/\/www.leeb-balkone.com\/app\/uploads\/2020\/07\/glas-sommergarten-14-2048x1366.jpg 2048w\" sizes=\"auto, (min-width: 1536px) 2048px, (min-width: 992px) 1536px, (min-width: 768px) 1024px, (min-width: 576px) 768px, 100vw\" \/>\n\n\n<div class=\"grid-container\">\n  <div class=\"grid-x\">\n    <div class=\"cell small-12 medium-6 medium-offset-1\">\n      <div class=\"c-fh__wrapper\">\n              <\/div>\n    <\/div>\n  <\/div>\n<\/div>\n  \n    \n    <\/header>\n\n\n  \n  <section class=\"wp-block-group alignfull t3-header u-max-wide t3-header-text has-white-background-color has-background has-global-padding is-layout-constrained wp-block-group-is-layout-constrained\">\n    <div class=\"wp-block-group o-grid u-md-1 u-sm-1 is-layout-flow wp-block-group-is-layout-flow\">\n  <div class=\"wp-block-group u-g-10 u-g-s-2\">\n      <div class=\"yoast-breadcrumbs\"><span><span><a href=\"https:\/\/www.leeb-balkone.com\/ch\/\">Home<\/a><\/span><\/span><\/div>\n      \n    <h1>Mit dem Sommergarten l\u00e4nger den Herbst genie\u00dfen<\/h1>\n  <\/div>\n<\/div>\n  <\/section>\n\n\n\n\n<section class=\"wp-block-cgb-t3-section-block alignfull b-pt-small  is-style-bg-white\" style=\"display:inherit;min-height:inherit\">\n<div class=\"wp-block-cgb-t3-container-block none\" style=\"background-color:none\"><div class=\"grid-container\"><div class=\"grid-x\"><div class=\"cell small-12 medium-9 large-0 medium-offset-1 b-has-lsmb\">\n<p>Die hei\u00dfen Sommertage sind vor\u00fcber und der goldene Herbst h\u00e4lt Einzug. Auch wenn die Sonne noch scheint, sind die Abende doch recht frisch. Wer trotzdem noch die D\u00e4mmerung im freien genie\u00dfen m\u00f6chte muss sich also warm anziehen. Mit einem rundum verglasten <a href=\"https:\/\/www.leeb-balkone.com\/de\/ueberdachungen\/sommergarten\/\">Sommergarten<\/a> von Leeb k\u00f6nnen Sie Ihre Terrassensaison auch im Herbst um ein Vielfaches verl\u00e4ngern.<\/p>\n<\/div><\/div><\/div><\/div>\n\n\n\n<div class=\"wp-block-cgb-t3-container-block none\" style=\"background-color:none\"><div class=\"grid-container\"><div class=\"grid-x\"><div class=\"cell small-12 medium-0 large-0\"><div id=\"lightgallery-block_acf-block-68cac2b8538d5\" data-block_acf-block-68cac2b8538d5 class=\"has-1-imgs b-cards b-cards--gallery u-grid-temp has-1-cols u-md-2 u-sm-1 wp-block-group is-layout-grid wp-block-group-is-layout-grid gallery alignwide\">\n\n        <div class=\"b-cards__item\">\n\n              <div class=\"badge-wrapper\">\n    \n      <figure>\n                 <img loading=\"lazy\" decoding=\"async\" width=\"1536\" height=\"1151\" src=\"https:\/\/www.leeb-balkone.com\/app\/uploads\/2020\/09\/glas-sommergarten-15-1536x1151.jpg\" class=\"attachment-1536x1536 size-1536x1536\" alt=\"Sommergarten als erweiterter Wohnraum mit gem\u00fctlicher Sitzgruppe\" srcset=\"https:\/\/www.leeb-balkone.com\/app\/uploads\/2020\/09\/glas-sommergarten-15-1536x1151.jpg 1536w, https:\/\/www.leeb-balkone.com\/app\/uploads\/2020\/09\/glas-sommergarten-15-300x225.jpg 300w, https:\/\/www.leeb-balkone.com\/app\/uploads\/2020\/09\/glas-sommergarten-15-1024x767.jpg 1024w, https:\/\/www.leeb-balkone.com\/app\/uploads\/2020\/09\/glas-sommergarten-15-768x575.jpg 768w, https:\/\/www.leeb-balkone.com\/app\/uploads\/2020\/09\/glas-sommergarten-15-2048x1535.jpg 2048w\" sizes=\"auto, (min-width: 1200px) 100vw, (min-width: 1024px) 1536px, (min-width: 640px) 768px, 768px\" \/>              <\/figure>\n\n              <div class=\"badge\">Sommergarten als erweiterter Wohnraum mit gem\u00fctlicher Sitzgruppe<\/div>\n                    <\/div>\n            \n        <div class=\"caption\">\n                          <p>Sommergarten als erweiterter Wohnraum mit gem\u00fctlicher Sitzgruppe\n              <\/div>\n  \n<\/div>\n\n    <\/div>\n\n<\/div><\/div><\/div><\/div>\n\n\n\n<div class=\"wp-block-cgb-t3-container-block none\" style=\"background-color:none\"><div class=\"grid-container\"><div class=\"grid-x\"><div class=\"cell small-12 medium-9 large-0 medium-offset-1 b-has-lsmb\">\n<h2 class=\"wp-block-heading\">Stillvolle Verbindung zwischen Innen- und Au\u00dfenraum<\/h2>\n\n\n\n<p>Im Gegensatz zum Wintergarten hat die preisg\u00fcnstige Variante keine D\u00e4mmung und ist nicht als Innenraum nutzbar. Als stilvolle Verbindung zwischen Innen\u2014und Au\u00dfenbereich verl\u00e4ngert der Sommergarten die Terrassensaison im Fr\u00fchjahr und im Herbst jedoch enorm. Die Terrassen\u00fcberdachung kann einzeln oder mit optionalen Erweiterungsm\u00f6glichkeiten gekauft werden. Eine seitliche Verglasung sch\u00fctzt nicht nur vor Wind und Wetter, sondern h\u00e4lt auch den Boden und die Gartenm\u00f6bel trocken. In den hei\u00dfen Sommermonaten lassen sich die Schiebedrehelemente aus Glas bequem \u00f6ffnen. Markisen sind als Aufdach- oder Unterdachmontage bestellbar und sorgen f\u00fcr ein schattiges Pl\u00e4tzchen im Hochsommer. Die dimmbare LED-Beleuchtung ist dezent im Tr\u00e4gerbalken eingefr\u00e4st, wodurch die Abendstunden \u2013 egal ob im Fr\u00fchling, Sommer oder Herbst \u2013 in einer gem\u00fctlichen Atmosph\u00e4re verbracht werden k\u00f6nnen.<\/p>\n<\/div><\/div><\/div><\/div>\n\n\n\n<div class=\"wp-block-cgb-t3-container-block none\" style=\"background-color:none\"><div class=\"grid-container\"><div class=\"grid-x\"><div class=\"cell small-12 medium-0 large-0\"><div id=\"lightgallery-block_acf-block-68cac2b8538e3\" data-block_acf-block-68cac2b8538e3 class=\"has-1-imgs b-cards b-cards--gallery u-grid-temp has-1-cols u-md-2 u-sm-1 wp-block-group is-layout-grid wp-block-group-is-layout-grid gallery alignwide\">\n\n        <div class=\"b-cards__item\">\n\n        \n      <figure>\n                 <img loading=\"lazy\" decoding=\"async\" width=\"1536\" height=\"1025\" src=\"https:\/\/www.leeb-balkone.com\/app\/uploads\/2020\/07\/glas-sommergarten-10-1536x1025.jpg\" class=\"attachment-1536x1536 size-1536x1536\" alt=\"Leeb Sommerg\u00e4rten sind individuell gestaltbar - von der \u00dcberdachung \u00fcber die Seitenelemente bis zum Terrassenboden\" srcset=\"https:\/\/www.leeb-balkone.com\/app\/uploads\/2020\/07\/glas-sommergarten-10-1536x1025.jpg 1536w, https:\/\/www.leeb-balkone.com\/app\/uploads\/2020\/07\/glas-sommergarten-10-300x200.jpg 300w, https:\/\/www.leeb-balkone.com\/app\/uploads\/2020\/07\/glas-sommergarten-10-1024x684.jpg 1024w, https:\/\/www.leeb-balkone.com\/app\/uploads\/2020\/07\/glas-sommergarten-10-768x513.jpg 768w, https:\/\/www.leeb-balkone.com\/app\/uploads\/2020\/07\/glas-sommergarten-10-2048x1367.jpg 2048w\" sizes=\"auto, (min-width: 1200px) 100vw, (min-width: 1024px) 1536px, (min-width: 640px) 768px, 768px\" \/>              <\/figure>\n\n                  \n        <div class=\"caption\">\n                          <p>Leeb Sommerg\u00e4rten sind individuell gestaltbar &#8211; von der \u00dcberdachung \u00fcber die Seitenelemente bis zum Terrassenboden\n              <\/div>\n  \n<\/div>\n\n    <\/div>\n\n<\/div><\/div><\/div><\/div>\n\n\n\n<div class=\"wp-block-cgb-t3-container-block none\" style=\"background-color:none\"><div class=\"grid-container\"><div class=\"grid-x\"><div class=\"cell small-12 medium-9 large-0 medium-offset-1 b-has-lsmb\">\n<h2 class=\"wp-block-heading\">Extrem langlebig<\/h2>\n\n\n\n<p>Eine <a href=\"https:\/\/www.leeb-balkone.com\/de\/ueberdachungen\/terrassenueberdachung\/\">Terrassen\u00fcberdachung<\/a> ist besonderen Witterungseinfl\u00fcssen ausgesetzt, umso wichtiger ist es Wert auf Qualit\u00e4t und Verarbeitung zu setzten. Die patentierte\u00a0<a href=\"https:\/\/www.leeb-balkone.com\/de\/technik\/alu-comfort-plus\/\" target=\"_blank\" rel=\"noreferrer noopener\">Alu Comfort Plus\u00ae-Beschichtung<\/a>\u00a0von Leeb sorgt f\u00fcr eine pflegeleichte und extrem witterungsbest\u00e4ndige Oberfl\u00e4che. Die Glaselemente f\u00fcr die Schiebew\u00e4nde entsprechen den h\u00f6chsten Sicherheitsstandards, sowie auch der Markisenstoff \u00fcberzeugt durch eine hochwertige Herstellungsart. So h\u00e4lt Ihr Sommergarten noch nach Jahren was er verspricht.<\/p>\n\n\n\n<h2 class=\"wp-block-heading\">L\u00e4nger genie\u00dfen<\/h2>\n\n\n\n<p>Im Durchschnitt kann man eine Terrasse nur 4 Monate im Jahr nutzen. Durch einen Sommergarten k\u00f6nnen Sie nun auch die k\u00fchleren Tage im Fr\u00fchjahr und im Herbst im Freien genie\u00dfen. Doch das ausgekl\u00fcgelte <a href=\"https:\/\/www.leeb-balkone.com\/de\/ueberdachungen\/\">\u00dcberdachungssystem<\/a> bringt noch weitere Vorteile mit sich. Gartenm\u00f6bel und Pflanzen m\u00fcssen nicht mehr extra eingewintert werden, sondern k\u00f6nnen die Wintermonate im Sommergarten verbringen. Auch im Sommer k\u00f6nnen regnerische Tage somit im trockenen verbracht werden. Eine Wohnraumerweiterung die sich auszahlt. So steht auch der\u00a0Grillparty im Winter\u00a0nichts mehr im Weg.<\/p>\n\n\n\n<h2 class=\"wp-block-heading\">Aktuelles Thema: Solarenergie<\/h2>\n\n\n\n<p><a href=\"https:\/\/www.leeb-balkone.com\/de\/solar\/solar-terrassendach\/\">Solar Terrassend\u00e4cher mit PV-Modulen<\/a> sind die energiebewusste \u00dcberdachungsvariante f\u00fcr jeden Haustyp mit Terrasse oder Garten. Die hochwertigen Solar-Module sind robust konstruiert und f\u00fcr Wartungsarbeiten betretbar. Schattiges Energieb\u00fcndel mit hervorragender \u00d6ko-Bilanz!<\/p>\n\n\n\n<p><strong>Mehr lesen:<\/strong><\/p>\n\n\n\n<p><a href=\"https:\/\/www.leeb-balkone.com\/de\/blog\/wohnzimmer-im-freien-der-leeb-sommergarten\/\">Sommergarten &#8211; Wohnzimmer im Freien<\/a><br\/><a href=\"https:\/\/www.leeb-balkone.com\/de\/ueberdachungen\/sommergarten\/\">Sommergarten aus Alu mit Glas-Schiebew\u00e4nden<\/a><\/p>\n<\/div><\/div><\/div><\/div>\n\n\n<div class=\"b-carousel  band slider\" data-block_acf-block-68cac2b8538f2>\n  <div class=\"slides\">\n          <div>\n\n\n\n  \n    \n          \n\n              \n        \n\n        <img loading=\"lazy\" decoding=\"async\" width=\"1024\" height=\"684\" src=\"https:\/\/www.leeb-balkone.com\/app\/uploads\/2020\/07\/glas-sommergarten-6-1024x684.jpg\" class=\"no-lazy\" alt=\"glas sommergarten 6\" srcset=\"https:\/\/www.leeb-balkone.com\/app\/uploads\/2020\/07\/glas-sommergarten-6-1024x684.jpg 1024w, https:\/\/www.leeb-balkone.com\/app\/uploads\/2020\/07\/glas-sommergarten-6-300x200.jpg 300w, https:\/\/www.leeb-balkone.com\/app\/uploads\/2020\/07\/glas-sommergarten-6-768x513.jpg 768w, https:\/\/www.leeb-balkone.com\/app\/uploads\/2020\/07\/glas-sommergarten-6-1536x1025.jpg 1536w, https:\/\/www.leeb-balkone.com\/app\/uploads\/2020\/07\/glas-sommergarten-6-2048x1367.jpg 2048w\" sizes=\"auto, (min-width: 1200px) 1024px, (min-width: 1024px) 768px, (min-width: 640px) 768px, 768px\" \/>        \n            \n          \n  <\/div>\n\n          <div>\n\n\n\n  \n    \n          \n\n              \n        \n\n        <img loading=\"lazy\" decoding=\"async\" width=\"1024\" height=\"684\" src=\"https:\/\/www.leeb-balkone.com\/app\/uploads\/2020\/07\/glas-sommergarten-1-1024x684.jpg\" class=\"no-lazy\" alt=\"Rattan-Garnitur und Lounge-Kugel im Alu Sommergarten\" srcset=\"https:\/\/www.leeb-balkone.com\/app\/uploads\/2020\/07\/glas-sommergarten-1-1024x684.jpg 1024w, https:\/\/www.leeb-balkone.com\/app\/uploads\/2020\/07\/glas-sommergarten-1-300x200.jpg 300w, https:\/\/www.leeb-balkone.com\/app\/uploads\/2020\/07\/glas-sommergarten-1-768x513.jpg 768w, https:\/\/www.leeb-balkone.com\/app\/uploads\/2020\/07\/glas-sommergarten-1-1536x1025.jpg 1536w, https:\/\/www.leeb-balkone.com\/app\/uploads\/2020\/07\/glas-sommergarten-1-2048x1367.jpg 2048w\" sizes=\"auto, (min-width: 1200px) 1024px, (min-width: 1024px) 768px, (min-width: 640px) 768px, 768px\" \/>        \n            \n          \n  <\/div>\n\n          <div>\n\n\n\n  \n    \n          \n\n              \n        \n\n        <img loading=\"lazy\" decoding=\"async\" width=\"1024\" height=\"767\" src=\"https:\/\/www.leeb-balkone.com\/app\/uploads\/2020\/09\/glas-sommergarten-16-1024x767.jpg\" class=\"no-lazy\" alt=\"glas sommergarten 16\" srcset=\"https:\/\/www.leeb-balkone.com\/app\/uploads\/2020\/09\/glas-sommergarten-16-1024x767.jpg 1024w, https:\/\/www.leeb-balkone.com\/app\/uploads\/2020\/09\/glas-sommergarten-16-300x225.jpg 300w, https:\/\/www.leeb-balkone.com\/app\/uploads\/2020\/09\/glas-sommergarten-16-768x575.jpg 768w, https:\/\/www.leeb-balkone.com\/app\/uploads\/2020\/09\/glas-sommergarten-16-1536x1151.jpg 1536w, https:\/\/www.leeb-balkone.com\/app\/uploads\/2020\/09\/glas-sommergarten-16-2048x1535.jpg 2048w\" sizes=\"auto, (min-width: 1200px) 1024px, (min-width: 1024px) 768px, (min-width: 640px) 768px, 768px\" \/>        \n            \n          \n  <\/div>\n\n          <div>\n\n\n\n  \n    \n          \n\n              \n        \n\n        <img loading=\"lazy\" decoding=\"async\" width=\"1024\" height=\"752\" src=\"https:\/\/www.leeb-balkone.com\/app\/uploads\/2020\/09\/glas-sommergarten-20-1024x752.jpg\" class=\"no-lazy\" alt=\"glas sommergarten 20\" srcset=\"https:\/\/www.leeb-balkone.com\/app\/uploads\/2020\/09\/glas-sommergarten-20-1024x752.jpg 1024w, https:\/\/www.leeb-balkone.com\/app\/uploads\/2020\/09\/glas-sommergarten-20-300x220.jpg 300w, https:\/\/www.leeb-balkone.com\/app\/uploads\/2020\/09\/glas-sommergarten-20-768x564.jpg 768w, https:\/\/www.leeb-balkone.com\/app\/uploads\/2020\/09\/glas-sommergarten-20-1536x1128.jpg 1536w, https:\/\/www.leeb-balkone.com\/app\/uploads\/2020\/09\/glas-sommergarten-20-2048x1504.jpg 2048w\" sizes=\"auto, (min-width: 1200px) 1024px, (min-width: 1024px) 768px, (min-width: 640px) 768px, 768px\" \/>        \n            \n          \n  <\/div>\n\n          <div>\n\n\n\n  \n    \n          \n\n              \n        \n\n        <img loading=\"lazy\" decoding=\"async\" width=\"1024\" height=\"684\" src=\"https:\/\/www.leeb-balkone.com\/app\/uploads\/2020\/07\/glas-sommergarten-11-1024x684.jpg\" class=\"no-lazy\" alt=\"glas sommergarten 11\" srcset=\"https:\/\/www.leeb-balkone.com\/app\/uploads\/2020\/07\/glas-sommergarten-11-1024x684.jpg 1024w, https:\/\/www.leeb-balkone.com\/app\/uploads\/2020\/07\/glas-sommergarten-11-300x200.jpg 300w, https:\/\/www.leeb-balkone.com\/app\/uploads\/2020\/07\/glas-sommergarten-11-768x513.jpg 768w, https:\/\/www.leeb-balkone.com\/app\/uploads\/2020\/07\/glas-sommergarten-11-1536x1025.jpg 1536w, https:\/\/www.leeb-balkone.com\/app\/uploads\/2020\/07\/glas-sommergarten-11-2048x1367.jpg 2048w\" sizes=\"auto, (min-width: 1200px) 1024px, (min-width: 1024px) 768px, (min-width: 640px) 768px, 768px\" \/>        \n            \n          \n  <\/div>\n\n      <\/div>\n\n<\/div>\n\n\n\n<p><\/p>\n<\/section>\n","protected":false},"excerpt":{"rendered":"<p>Mit dem Sommergarten von Leeb k\u00f6nnen Sie Ihre Terrassensaison verl\u00e4ngern!<\/p>\n","protected":false},"author":4,"featured_media":12119,"comment_status":"closed","ping_status":"open","sticky":false,"template":"template-onepager.blade.php","format":"standard","meta":{"_acf_changed":false,"footnotes":""},"categories":[167,160,151,165],"tags":[],"post_folder":[],"class_list":["post-157064","post","type-post","status-publish","format-standard","has-post-thumbnail","hentry","category-aktuelles-zu-leeb-balkone","category-balkongestaltung","category-gartengestaltung","category-technik-innovation"],"acf":[],"yoast_head":"<!-- This site is optimized with the Yoast SEO plugin v27.2 - https:\/\/yoast.com\/product\/yoast-seo-wordpress\/ -->\n<title>Mit dem Sommergarten l\u00e4nger den Herbst genie\u00dfen - Leeb Balkone Schweiz<\/title>\n<meta name=\"description\" content=\"Mit dem Sommergarten von Leeb k\u00f6nnen Sie Ihre Terrassensaison verl\u00e4ngern!\" \/>\n<meta name=\"robots\" content=\"index, follow, max-snippet:-1, max-image-preview:large, max-video-preview:-1\" \/>\n<meta property=\"og:locale\" content=\"de_DE\" \/>\n<meta property=\"og:type\" content=\"article\" \/>\n<meta property=\"og:title\" content=\"Mit dem Sommergarten l\u00e4nger den Herbst genie\u00dfen - Leeb Balkone\" \/>\n<meta property=\"og:description\" content=\"Mit dem Sommergarten von Leeb k\u00f6nnen Sie Ihre Terrassensaison verl\u00e4ngern!\" \/>\n<meta property=\"og:url\" content=\"https:\/\/www.leeb-balkone.com\/ch\/blog\/mit-dem-sommergarten-laenger-den-herbst-geniessen\/\" \/>\n<meta property=\"og:site_name\" content=\"Leeb Balkone\" \/>\n<meta property=\"article:publisher\" content=\"https:\/\/www.facebook.com\/balkone\/\" \/>\n<meta property=\"article:published_time\" content=\"2023-09-15T07:44:00+00:00\" \/>\n<meta property=\"article:modified_time\" content=\"2026-03-23T14:59:56+00:00\" \/>\n<meta property=\"og:image\" content=\"https:\/\/www.leeb-balkone.com\/app\/uploads\/2020\/07\/glas-sommergarten-14.jpg\" \/>\n\t<meta property=\"og:image:width\" content=\"2500\" \/>\n\t<meta property=\"og:image:height\" content=\"1668\" \/>\n\t<meta property=\"og:image:type\" content=\"image\/jpeg\" \/>\n<meta name=\"author\" content=\"Herbert Weichart\" \/>\n<meta name=\"twitter:card\" content=\"summary_large_image\" \/>\n<script type=\"application\/ld+json\" class=\"yoast-schema-graph\">{\"@context\":\"https:\/\/schema.org\",\"@graph\":[{\"@type\":\"Article\",\"@id\":\"https:\/\/www.leeb-balkone.com\/ch\/blog\/mit-dem-sommergarten-laenger-den-herbst-geniessen\/#article\",\"isPartOf\":{\"@id\":\"https:\/\/www.leeb-balkone.com\/ch\/blog\/mit-dem-sommergarten-laenger-den-herbst-geniessen\/\"},\"author\":{\"name\":\"Herbert Weichart\",\"@id\":\"https:\/\/www.leeb-balkone.com\/ch\/#\/schema\/person\/dc2e2c82db329667ee507698e220238f\"},\"headline\":\"Mit dem Sommergarten l\u00e4nger den Herbst genie\u00dfen\",\"datePublished\":\"2023-09-15T07:44:00+00:00\",\"dateModified\":\"2026-03-23T14:59:56+00:00\",\"mainEntityOfPage\":{\"@id\":\"https:\/\/www.leeb-balkone.com\/ch\/blog\/mit-dem-sommergarten-laenger-den-herbst-geniessen\/\"},\"wordCount\":432,\"publisher\":{\"@id\":\"https:\/\/www.leeb-balkone.com\/ch\/#organization\"},\"image\":{\"@id\":\"https:\/\/www.leeb-balkone.com\/ch\/blog\/mit-dem-sommergarten-laenger-den-herbst-geniessen\/#primaryimage\"},\"thumbnailUrl\":\"https:\/\/www.leeb-balkone.com\/app\/uploads\/2020\/07\/glas-sommergarten-14.jpg\",\"articleSection\":[\"Aktuelles zu Leeb Balkone\",\"Balkongestaltung\",\"Gartengestaltung\",\"Technik &amp; Innovation\"],\"inLanguage\":\"de-CH\"},{\"@type\":\"WebPage\",\"@id\":\"https:\/\/www.leeb-balkone.com\/ch\/blog\/mit-dem-sommergarten-laenger-den-herbst-geniessen\/\",\"url\":\"https:\/\/www.leeb-balkone.com\/ch\/blog\/mit-dem-sommergarten-laenger-den-herbst-geniessen\/\",\"name\":\"Mit dem Sommergarten l\u00e4nger den Herbst genie\u00dfen - Leeb Balkone\",\"isPartOf\":{\"@id\":\"https:\/\/www.leeb-balkone.com\/ch\/#website\"},\"primaryImageOfPage\":{\"@id\":\"https:\/\/www.leeb-balkone.com\/ch\/blog\/mit-dem-sommergarten-laenger-den-herbst-geniessen\/#primaryimage\"},\"image\":{\"@id\":\"https:\/\/www.leeb-balkone.com\/ch\/blog\/mit-dem-sommergarten-laenger-den-herbst-geniessen\/#primaryimage\"},\"thumbnailUrl\":\"https:\/\/www.leeb-balkone.com\/app\/uploads\/2020\/07\/glas-sommergarten-14.jpg\",\"datePublished\":\"2023-09-15T07:44:00+00:00\",\"dateModified\":\"2026-03-23T14:59:56+00:00\",\"description\":\"Mit dem Sommergarten von Leeb k\u00f6nnen Sie Ihre Terrassensaison verl\u00e4ngern!\",\"breadcrumb\":{\"@id\":\"https:\/\/www.leeb-balkone.com\/ch\/blog\/mit-dem-sommergarten-laenger-den-herbst-geniessen\/#breadcrumb\"},\"inLanguage\":\"de-CH\",\"potentialAction\":[{\"@type\":\"ReadAction\",\"target\":[\"https:\/\/www.leeb-balkone.com\/ch\/blog\/mit-dem-sommergarten-laenger-den-herbst-geniessen\/\"]}]},{\"@type\":\"ImageObject\",\"inLanguage\":\"de-CH\",\"@id\":\"https:\/\/www.leeb-balkone.com\/ch\/blog\/mit-dem-sommergarten-laenger-den-herbst-geniessen\/#primaryimage\",\"url\":\"https:\/\/www.leeb-balkone.com\/app\/uploads\/2020\/07\/glas-sommergarten-14.jpg\",\"contentUrl\":\"https:\/\/www.leeb-balkone.com\/app\/uploads\/2020\/07\/glas-sommergarten-14.jpg\",\"width\":2500,\"height\":1668},{\"@type\":\"BreadcrumbList\",\"@id\":\"https:\/\/www.leeb-balkone.com\/ch\/blog\/mit-dem-sommergarten-laenger-den-herbst-geniessen\/#breadcrumb\",\"itemListElement\":[{\"@type\":\"ListItem\",\"position\":1,\"name\":\"Home\",\"item\":\"https:\/\/www.leeb-balkone.com\/ch\/\"},{\"@type\":\"ListItem\",\"position\":2,\"name\":\"Mit dem Sommergarten l\u00e4nger den Herbst genie\u00dfen\"}]},{\"@type\":\"WebSite\",\"@id\":\"https:\/\/www.leeb-balkone.com\/ch\/#website\",\"url\":\"https:\/\/www.leeb-balkone.com\/ch\/\",\"name\":\"Leeb Balkone\",\"description\":\"Balkone und Z\u00e4une\",\"publisher\":{\"@id\":\"https:\/\/www.leeb-balkone.com\/ch\/#organization\"},\"potentialAction\":[{\"@type\":\"SearchAction\",\"target\":{\"@type\":\"EntryPoint\",\"urlTemplate\":\"https:\/\/www.leeb-balkone.com\/ch\/?s={search_term_string}\"},\"query-input\":{\"@type\":\"PropertyValueSpecification\",\"valueRequired\":true,\"valueName\":\"search_term_string\"}}],\"inLanguage\":\"de-CH\"},{\"@type\":\"Organization\",\"@id\":\"https:\/\/www.leeb-balkone.com\/ch\/#organization\",\"name\":\"Leeb Balkone Gmbh\",\"url\":\"https:\/\/www.leeb-balkone.com\/ch\/\",\"logo\":{\"@type\":\"ImageObject\",\"inLanguage\":\"de-CH\",\"@id\":\"https:\/\/www.leeb-balkone.com\/ch\/#\/schema\/logo\/image\/\",\"url\":\"https:\/\/www.leeb-balkone.com\/app\/uploads\/2020\/11\/leeb-logo.svg\",\"contentUrl\":\"https:\/\/www.leeb-balkone.com\/app\/uploads\/2020\/11\/leeb-logo.svg\",\"width\":741,\"height\":204,\"caption\":\"Leeb Balkone Gmbh\"},\"image\":{\"@id\":\"https:\/\/www.leeb-balkone.com\/ch\/#\/schema\/logo\/image\/\"},\"sameAs\":[\"https:\/\/www.facebook.com\/balkone\/\",\"https:\/\/www.trustedshops.at\/bewertung\/info_X4587CCF5833E31AFE0B11F47D86999F2.html\",\"https:\/\/www.trustedshops.de\/bewertung\/info_X7BA536A7A0BDC86D36C4718E4DCAEEEF.html\",\"https:\/\/www.google.com\/maps\/place\/?q=place_id:ChIJ5-zH19-IcEcR9HonWRTllHI\"]},{\"@type\":\"Person\",\"@id\":\"https:\/\/www.leeb-balkone.com\/ch\/#\/schema\/person\/dc2e2c82db329667ee507698e220238f\",\"name\":\"Herbert Weichart\"}]}<\/script>\n<!-- \/ Yoast SEO plugin. -->","yoast_head_json":{"title":"Mit dem Sommergarten l\u00e4nger den Herbst genie\u00dfen - Leeb Balkone Schweiz","description":"Mit dem Sommergarten von Leeb k\u00f6nnen Sie Ihre Terrassensaison verl\u00e4ngern!","robots":{"index":"index","follow":"follow","max-snippet":"max-snippet:-1","max-image-preview":"max-image-preview:large","max-video-preview":"max-video-preview:-1"},"og_locale":"de_DE","og_type":"article","og_title":"Mit dem Sommergarten l\u00e4nger den Herbst genie\u00dfen - Leeb Balkone","og_description":"Mit dem Sommergarten von Leeb k\u00f6nnen Sie Ihre Terrassensaison verl\u00e4ngern!","og_url":"https:\/\/www.leeb-balkone.com\/ch\/blog\/mit-dem-sommergarten-laenger-den-herbst-geniessen\/","og_site_name":"Leeb Balkone","article_publisher":"https:\/\/www.facebook.com\/balkone\/","article_published_time":"2023-09-15T07:44:00+00:00","article_modified_time":"2026-03-23T14:59:56+00:00","og_image":[{"width":2500,"height":1668,"url":"https:\/\/www.leeb-balkone.com\/app\/uploads\/2020\/07\/glas-sommergarten-14.jpg","type":"image\/jpeg"}],"author":"Herbert Weichart","twitter_card":"summary_large_image","schema":{"@context":"https:\/\/schema.org","@graph":[{"@type":"Article","@id":"https:\/\/www.leeb-balkone.com\/ch\/blog\/mit-dem-sommergarten-laenger-den-herbst-geniessen\/#article","isPartOf":{"@id":"https:\/\/www.leeb-balkone.com\/ch\/blog\/mit-dem-sommergarten-laenger-den-herbst-geniessen\/"},"author":{"name":"Herbert Weichart","@id":"https:\/\/www.leeb-balkone.com\/ch\/#\/schema\/person\/dc2e2c82db329667ee507698e220238f"},"headline":"Mit dem Sommergarten l\u00e4nger den Herbst genie\u00dfen","datePublished":"2023-09-15T07:44:00+00:00","dateModified":"2026-03-23T14:59:56+00:00","mainEntityOfPage":{"@id":"https:\/\/www.leeb-balkone.com\/ch\/blog\/mit-dem-sommergarten-laenger-den-herbst-geniessen\/"},"wordCount":432,"publisher":{"@id":"https:\/\/www.leeb-balkone.com\/ch\/#organization"},"image":{"@id":"https:\/\/www.leeb-balkone.com\/ch\/blog\/mit-dem-sommergarten-laenger-den-herbst-geniessen\/#primaryimage"},"thumbnailUrl":"https:\/\/www.leeb-balkone.com\/app\/uploads\/2020\/07\/glas-sommergarten-14.jpg","articleSection":["Aktuelles zu Leeb Balkone","Balkongestaltung","Gartengestaltung","Technik &amp; Innovation"],"inLanguage":"de-CH"},{"@type":"WebPage","@id":"https:\/\/www.leeb-balkone.com\/ch\/blog\/mit-dem-sommergarten-laenger-den-herbst-geniessen\/","url":"https:\/\/www.leeb-balkone.com\/ch\/blog\/mit-dem-sommergarten-laenger-den-herbst-geniessen\/","name":"Mit dem Sommergarten l\u00e4nger den Herbst genie\u00dfen - Leeb Balkone","isPartOf":{"@id":"https:\/\/www.leeb-balkone.com\/ch\/#website"},"primaryImageOfPage":{"@id":"https:\/\/www.leeb-balkone.com\/ch\/blog\/mit-dem-sommergarten-laenger-den-herbst-geniessen\/#primaryimage"},"image":{"@id":"https:\/\/www.leeb-balkone.com\/ch\/blog\/mit-dem-sommergarten-laenger-den-herbst-geniessen\/#primaryimage"},"thumbnailUrl":"https:\/\/www.leeb-balkone.com\/app\/uploads\/2020\/07\/glas-sommergarten-14.jpg","datePublished":"2023-09-15T07:44:00+00:00","dateModified":"2026-03-23T14:59:56+00:00","description":"Mit dem Sommergarten von Leeb k\u00f6nnen Sie Ihre Terrassensaison verl\u00e4ngern!","breadcrumb":{"@id":"https:\/\/www.leeb-balkone.com\/ch\/blog\/mit-dem-sommergarten-laenger-den-herbst-geniessen\/#breadcrumb"},"inLanguage":"de-CH","potentialAction":[{"@type":"ReadAction","target":["https:\/\/www.leeb-balkone.com\/ch\/blog\/mit-dem-sommergarten-laenger-den-herbst-geniessen\/"]}]},{"@type":"ImageObject","inLanguage":"de-CH","@id":"https:\/\/www.leeb-balkone.com\/ch\/blog\/mit-dem-sommergarten-laenger-den-herbst-geniessen\/#primaryimage","url":"https:\/\/www.leeb-balkone.com\/app\/uploads\/2020\/07\/glas-sommergarten-14.jpg","contentUrl":"https:\/\/www.leeb-balkone.com\/app\/uploads\/2020\/07\/glas-sommergarten-14.jpg","width":2500,"height":1668},{"@type":"BreadcrumbList","@id":"https:\/\/www.leeb-balkone.com\/ch\/blog\/mit-dem-sommergarten-laenger-den-herbst-geniessen\/#breadcrumb","itemListElement":[{"@type":"ListItem","position":1,"name":"Home","item":"https:\/\/www.leeb-balkone.com\/ch\/"},{"@type":"ListItem","position":2,"name":"Mit dem Sommergarten l\u00e4nger den Herbst genie\u00dfen"}]},{"@type":"WebSite","@id":"https:\/\/www.leeb-balkone.com\/ch\/#website","url":"https:\/\/www.leeb-balkone.com\/ch\/","name":"Leeb Balkone","description":"Balkone und Z\u00e4une","publisher":{"@id":"https:\/\/www.leeb-balkone.com\/ch\/#organization"},"potentialAction":[{"@type":"SearchAction","target":{"@type":"EntryPoint","urlTemplate":"https:\/\/www.leeb-balkone.com\/ch\/?s={search_term_string}"},"query-input":{"@type":"PropertyValueSpecification","valueRequired":true,"valueName":"search_term_string"}}],"inLanguage":"de-CH"},{"@type":"Organization","@id":"https:\/\/www.leeb-balkone.com\/ch\/#organization","name":"Leeb Balkone Gmbh","url":"https:\/\/www.leeb-balkone.com\/ch\/","logo":{"@type":"ImageObject","inLanguage":"de-CH","@id":"https:\/\/www.leeb-balkone.com\/ch\/#\/schema\/logo\/image\/","url":"https:\/\/www.leeb-balkone.com\/app\/uploads\/2020\/11\/leeb-logo.svg","contentUrl":"https:\/\/www.leeb-balkone.com\/app\/uploads\/2020\/11\/leeb-logo.svg","width":741,"height":204,"caption":"Leeb Balkone Gmbh"},"image":{"@id":"https:\/\/www.leeb-balkone.com\/ch\/#\/schema\/logo\/image\/"},"sameAs":["https:\/\/www.facebook.com\/balkone\/","https:\/\/www.trustedshops.at\/bewertung\/info_X4587CCF5833E31AFE0B11F47D86999F2.html","https:\/\/www.trustedshops.de\/bewertung\/info_X7BA536A7A0BDC86D36C4718E4DCAEEEF.html","https:\/\/www.google.com\/maps\/place\/?q=place_id:ChIJ5-zH19-IcEcR9HonWRTllHI"]},{"@type":"Person","@id":"https:\/\/www.leeb-balkone.com\/ch\/#\/schema\/person\/dc2e2c82db329667ee507698e220238f","name":"Herbert Weichart"}]}},"_links":{"self":[{"href":"https:\/\/www.leeb-balkone.com\/ch\/wp-json\/wp\/v2\/posts\/157064","targetHints":{"allow":["GET"]}}],"collection":[{"href":"https:\/\/www.leeb-balkone.com\/ch\/wp-json\/wp\/v2\/posts"}],"about":[{"href":"https:\/\/www.leeb-balkone.com\/ch\/wp-json\/wp\/v2\/types\/post"}],"author":[{"embeddable":true,"href":"https:\/\/www.leeb-balkone.com\/ch\/wp-json\/wp\/v2\/users\/4"}],"replies":[{"embeddable":true,"href":"https:\/\/www.leeb-balkone.com\/ch\/wp-json\/wp\/v2\/comments?post=157064"}],"version-history":[{"count":3,"href":"https:\/\/www.leeb-balkone.com\/ch\/wp-json\/wp\/v2\/posts\/157064\/revisions"}],"predecessor-version":[{"id":166401,"href":"https:\/\/www.leeb-balkone.com\/ch\/wp-json\/wp\/v2\/posts\/157064\/revisions\/166401"}],"wp:featuredmedia":[{"embeddable":true,"href":"https:\/\/www.leeb-balkone.com\/ch\/wp-json\/wp\/v2\/media\/12119"}],"wp:attachment":[{"href":"https:\/\/www.leeb-balkone.com\/ch\/wp-json\/wp\/v2\/media?parent=157064"}],"wp:term":[{"taxonomy":"category","embeddable":true,"href":"https:\/\/www.leeb-balkone.com\/ch\/wp-json\/wp\/v2\/categories?post=157064"},{"taxonomy":"post_tag","embeddable":true,"href":"https:\/\/www.leeb-balkone.com\/ch\/wp-json\/wp\/v2\/tags?post=157064"},{"taxonomy":"post_folder","embeddable":true,"href":"https:\/\/www.leeb-balkone.com\/ch\/wp-json\/wp\/v2\/post_folder?post=157064"}],"curies":[{"name":"wp","href":"https:\/\/api.w.org\/{rel}","templated":true}]}}