{"id":156054,"date":"2025-08-31T14:00:22","date_gmt":"2025-08-31T14:00:22","guid":{"rendered":"https:\/\/www.leeb-balkone.com\/de\/rasenpflege-im-herbst\/"},"modified":"2026-03-20T13:21:25","modified_gmt":"2026-03-20T13:21:25","slug":"rasenpflege-im-herbst","status":"publish","type":"post","link":"https:\/\/www.leeb-balkone.com\/ch\/blog\/rasenpflege-im-herbst\/","title":{"rendered":"Rasenpflege im Herbst"},"content":{"rendered":"<header class=\"wp-block-group alignfull t3-header u-max-wide t3-header-text has-white-background-color has-background has-global-padding is-layout-constrained wp-block-group-is-layout-constrained\">\n    <div class=\"wp-block-group o-grid u-md-1 u-sm-1 is-layout-flow wp-block-group-is-layout-flow\">\n  <div class=\"wp-block-group u-g-10 u-g-s-2\">\n      <div class=\"yoast-breadcrumbs\"><span><span><a href=\"https:\/\/www.leeb-balkone.com\/ch\/\">Home<\/a><\/span><\/span><\/div>\n      \n    <h1>Rasenpflege im Herbst<\/h1>\n  <\/div>\n<\/div>\n  <\/header>\n\n\n\n\n\n\n\n<section class=\"wp-block-cgb-t3-section-block alignfull b-pt-small  is-style-bg-white\" style=\"display:inherit;min-height:inherit\">\n<div class=\"wp-block-cgb-t3-container-block none\" style=\"background-color:none\"><div class=\"grid-container\"><div class=\"grid-x\"><div class=\"cell small-12 medium-9 large-0 medium-offset-1 b-has-lsmb\">\n<p><span class=\"teaser\">Eine fundierte Rasenpflege im Herbst ist der Schl\u00fcssel f\u00fcr ein gesundes, sattes Gr\u00fcn im kommenden Fr\u00fchjahr. Nach der Beanspruchung durch Hitze und Trockenheit in den Sommermonaten ist ab Mitte September die Zeit, den Rasen zu regenerieren, optimal vorzubereiten und gegen winterliche Strapazen zu st\u00e4rken.<\/span><\/p>\n<\/div><\/div><\/div><\/div>\n\n\n\n<div class=\"wp-block-cgb-t3-container-block none\" style=\"background-color:none\"><div class=\"grid-container\"><div class=\"grid-x\"><div class=\"cell small-12 medium-0 large-0\"><div id=\"lightgallery-block_acf-block-69bd49ce7cf57\" data-block_acf-block-69bd49ce7cf57 class=\"has-1-imgs b-cards b-cards--gallery u-grid-temp has-1-cols u-md-2 u-sm-1 wp-block-group is-layout-grid wp-block-group-is-layout-grid gallery alignwide\">\n\n        <div class=\"b-cards__item\">\n\n        \n      <figure>\n                 <img loading=\"lazy\" decoding=\"async\" width=\"1536\" height=\"1004\" src=\"https:\/\/www.leeb-balkone.com\/app\/uploads\/2022\/06\/Zaun-Solar-05-Optimus-1536x1004.jpg\" class=\"attachment-1536x1536 size-1536x1536\" alt=\"Zaun Solar 05 Optimus\" srcset=\"https:\/\/www.leeb-balkone.com\/app\/uploads\/2022\/06\/Zaun-Solar-05-Optimus-1536x1004.jpg 1536w, https:\/\/www.leeb-balkone.com\/app\/uploads\/2022\/06\/Zaun-Solar-05-Optimus-300x196.jpg 300w, https:\/\/www.leeb-balkone.com\/app\/uploads\/2022\/06\/Zaun-Solar-05-Optimus-1024x670.jpg 1024w, https:\/\/www.leeb-balkone.com\/app\/uploads\/2022\/06\/Zaun-Solar-05-Optimus-768x502.jpg 768w, https:\/\/www.leeb-balkone.com\/app\/uploads\/2022\/06\/Zaun-Solar-05-Optimus-2048x1339.jpg 2048w\" sizes=\"auto, (min-width: 1200px) 100vw, (min-width: 1024px) 1536px, (min-width: 640px) 768px, 768px\" \/>              <\/figure>\n\n                  \n        <div class=\"caption\">\n                      <\/div>\n  \n<\/div>\n\n    <\/div>\n\n<\/div><\/div><\/div><\/div>\n\n\n\n<div class=\"wp-block-group is-layout-flow wp-block-group-is-layout-flow\">\n<div class=\"wp-block-cgb-t3-container-block none\" style=\"background-color:none\"><div class=\"grid-container\"><div class=\"grid-x\"><div class=\"cell small-12 medium-9 large-0 medium-offset-1 b-has-lsmb\">\n<h2 class=\"wp-block-heading\" id=\"Allgemeines\">Boden locker halten: Vertikutieren &amp; Aerifizieren<\/h2>\n\n\n\n<p>Gerade im Herbst kann Vertikutieren Wunder wirken, um Moos und Rasenfilz zu entfernen und die Versorgung der Wurzeln mit Sauerstoff, Wasser und N\u00e4hrstoffen sicherzustellen. Die beste Zeit liegt zwischen Mitte September und Mitte Oktober. Der Vertikutierer sollte den Boden nur oberfl\u00e4chlich einritzen \u2013 zwei bis drei Millimeter reichen meist. Bei starker Verdichtung lohnt sich zus\u00e4tzlich eine Bel\u00fcftung mit einem Hand-Aerifizierer. Dies lockert den Boden und bietet den Graswurzeln ideale Voraussetzungen f\u00fcr die kalte Jahreszeit.<\/p>\n\n\n\n<h2 class=\"wp-block-heading\" id=\"mhen-bis-zum-letzten-schnitt\">M\u00e4hen bis zum letzten Schnitt<\/h2>\n\n\n\n<p>Das Rasenwachstum verlangsamt sich im Herbst zwar, dennoch ist regelm\u00e4\u00dfiges M\u00e4hen bis etwa Anfang November sinnvoll. Sp\u00e4testens, wenn die Temperaturen auf unter 9 \u00b0C Bodentemperatur fallen, schlie\u00dft sich die Wachstumsphase. Schneiden Sie den Rasen vor dem Winter etwas k\u00fcrzer als im Sommer \u2013 optimal sind 5 bis 6 cm. L\u00e4ngere Halme dr\u00fccken sich im Winter durch Schnee zusammen und f\u00f6rdern Pilzerkrankungen wie Schneeschimmel.<a rel=\"noreferrer noopener\" target=\"_blank\" rel=\"noopener\" href=\"https:\/\/www.stihl.at\/de\/ratgeber-projekte\/gartenpflege\/rasenpflege\/rasenpflege-im-herbst\"><\/a><\/p>\n\n\n\n<h2 class=\"wp-block-heading\" id=\"dngen-fr-widerstandskraft\">D\u00fcngen f\u00fcr Widerstandskraft<\/h2>\n\n\n\n<p>Ein kaliumbetonter Herbstd\u00fcnger sorgt jetzt f\u00fcr die richtige N\u00e4hrstoffversorgung und st\u00e4rkt die Zellstruktur der Gr\u00e4ser; Stickstoff sollte deutlich reduziert werden, denn er f\u00f6rdert vor allem das L\u00e4ngenwachstum. Kalium hilft dem Rasen, Frost und K\u00e4lte zu trotzen. Nach dem letzten M\u00e4hen \u2013 aber vor den ersten kalten N\u00e4chten \u2013 ist der ideale Zeitpunkt, den D\u00fcnger gleichm\u00e4\u00dfig auszubringen.<a rel=\"noreferrer noopener\" target=\"_blank\" rel=\"noopener\" href=\"https:\/\/www.husqvarna.com\/at\/lernen-und-entdecken\/rasenpflege-herbst\/\"><\/a><\/p>\n\n\n\n<h2 class=\"wp-block-heading\" id=\"laub-und-fallobst-entfernen\">Laub und Fallobst entfernen<\/h2>\n\n\n\n<p>Herbstlaub, Fallobst und \u00c4ste sollten Sie regelm\u00e4\u00dfig vom Rasen entfernen, damit sich keine feuchten Schichten bilden, die zu Sauerstoffmangel, F\u00e4ulnis und Pilzbefall f\u00fchren. Nutzen Sie dazu Rechen, Fangsack am Rasenm\u00e4her oder Laubbl\u00e4ser \u2013 trockenes Laub l\u00e4sst sich leichter sammeln. Im Staudenbeet darf Laub liegenbleiben, auf der Rasenfl\u00e4che mindert es jedoch die Vitalit\u00e4t der Gr\u00e4ser.<a rel=\"noreferrer noopener\" target=\"_blank\" rel=\"noopener\" href=\"https:\/\/www.stihl.at\/de\/ratgeber-projekte\/gartenpflege\/rasenpflege\/rasenpflege-im-herbst\"><\/a><\/p>\n\n\n\n<h2 class=\"wp-block-heading\" id=\"nachsen-und-lcken-schlieen\">Nachs\u00e4en und L\u00fccken schlie\u00dfen<\/h2>\n\n\n\n<p>Im Herbst, solange der Boden noch warm genug ist (idealerweise bis Ende September), sind Nachsaaten ideal: Sie schlie\u00dfen kahle Stellen, st\u00e4rken die Dichte und sorgen f\u00fcr einen gleichm\u00e4\u00dfigen Wuchs. Lockern Sie den Boden leicht auf, entfernen Sie Unkr\u00e4uter und bringen Sie geeignete Rasensamen aus. Neue Aussaaten profitieren in dieser Jahreszeit zum einen vom noch warmen Boden, zum anderen von regelm\u00e4\u00dfigem Niederschlag.<a rel=\"noreferrer noopener\" target=\"_blank\" rel=\"noopener\" href=\"https:\/\/www.compo.de\/ratgeber\/pflanzenpflege\/rasen\/anlegen-pflegen\/herbstrasenpflege\"><\/a><\/p>\n\n\n\n<h2 class=\"wp-block-heading\" id=\"kanten-schneiden-und-flche-walzen\">Kanten schneiden und Fl\u00e4che walzen<\/h2>\n\n\n\n<p>Gerade nach dem Sommer sind die R\u00e4nder oft zugewuchert. Schneiden Sie Beet- und Wegkanten sauber ab und entfernen Sie \u00fcberstehendes Gras. Wer will, kann die gesamte Fl\u00e4che einmal walzen, damit sich abgesackte oder gelockerte Bereiche wieder angleichen.<a rel=\"noreferrer noopener\" target=\"_blank\" rel=\"noopener\" href=\"https:\/\/homeogarden.de\/tipps\/rasenpflege-im-herbst\/\"><\/a><\/p>\n\n\n\n<h2 class=\"wp-block-heading\" id=\"rasen-im-herbst-mglichst-wenig-belasten\">Rasen im Herbst m\u00f6glichst wenig belasten<\/h2>\n\n\n\n<p>Mit sinkenden Temperaturen reagieren die Gr\u00e4ser empfindlicher auf Belastung und Druck. Vermeiden Sie es, den Rasen bei Frost oder nach besonders nassem Wetter zu betreten. Frost kann die Halme brechen und zu dauerhaften Sch\u00e4den f\u00fchren.<a rel=\"noreferrer noopener\" target=\"_blank\" rel=\"noopener\" href=\"https:\/\/homeogarden.de\/tipps\/rasenpflege-im-herbst\/\"><\/a><\/p>\n\n\n\n<h2 class=\"wp-block-heading\" id=\"wasserversorgung-und-tau-abziehen\">Wasserversorgung und Tau abziehen<\/h2>\n\n\n\n<p>An trockenen Herbsttagen ist weiterhin ausreichende Bew\u00e4sserung wichtig, denn das Wurzelwachstum setzt sich bis etwa November fort. Wischen Sie Tau ab, indem Sie den Rasen am Morgen mit einem Rechen leicht auflockern \u2013 das beugt Pilzkrankheiten vor und erh\u00e4lt die Gr\u00e4ser gesund.<a rel=\"noreferrer noopener\" target=\"_blank\" rel=\"noopener\" href=\"https:\/\/turbogruen.de\/blogs\/turbogruen-rasenblogs\/rasenpflege-herbst\"><\/a><\/p>\n\n\n\n<h2 class=\"wp-block-heading\" id=\"fazit-optimale-pflege-schafft-einen-startvorteil-f\">Fazit: Optimale Pflege schafft einen Startvorteil f\u00fcrs Fr\u00fchjahr<\/h2>\n\n\n\n<p>Rasenpflege im Herbst ist weit mehr als die blo\u00dfe Vorbereitung auf den Winter. Sie verbessert die Struktur, verhindert Krankheiten, f\u00f6rdert kr\u00e4ftigen Wuchs und garantiert einen sattgr\u00fcnen Start im n\u00e4chsten Jahr. Ob Vertikutieren, D\u00fcngen, Nachs\u00e4en oder einfach Laub entfernen \u2013 jeder Schritt zahlt sich sp\u00fcrbar aus. Wer sich jetzt k\u00fcmmert, genie\u00dft im Fr\u00fchjahr einen dichten, vitalen Rasen voller Lebensfreude.<\/p>\n\n\n\n<p>Nachlese: <a href=\"https:\/\/www.leeb-balkone.com\/de\/blog\/rasenpflege-im-fruehjahr\/\">Rasenpflege im Fr\u00fchjahr<\/a><\/p>\n<\/div><\/div><\/div><\/div>\n<\/div>\n<\/section>\n","protected":false},"excerpt":{"rendered":"<p>Nach der Beanspruchung durch Hitze und Trockenheit in den Sommermonaten ist ab Mitte September die Zeit, den Rasen zu pflegen und zu st\u00e4rken.<\/p>\n","protected":false},"author":4,"featured_media":139444,"comment_status":"closed","ping_status":"open","sticky":false,"template":"template-onepager.blade.php","format":"standard","meta":{"_acf_changed":false,"footnotes":""},"categories":[149,150,151],"tags":[],"post_folder":[],"class_list":["post-156054","post","type-post","status-publish","format-standard","has-post-thumbnail","hentry","category-garten-und-pflanzen","category-gartenbau","category-gartengestaltung"],"acf":[],"yoast_head":"<!-- This site is optimized with the Yoast SEO plugin v27.2 - https:\/\/yoast.com\/product\/yoast-seo-wordpress\/ -->\n<title>Rasenpflege im Herbst - Leeb Balkone Schweiz<\/title>\n<meta name=\"description\" content=\"Nach der Beanspruchung durch Hitze und Trockenheit in den Sommermonaten ist ab Mitte September die Zeit, den Rasen zu pflegen und zu st\u00e4rken.\" \/>\n<meta name=\"robots\" content=\"index, follow, max-snippet:-1, max-image-preview:large, max-video-preview:-1\" \/>\n<meta property=\"og:locale\" content=\"de_DE\" \/>\n<meta property=\"og:type\" content=\"article\" \/>\n<meta property=\"og:title\" content=\"Rasenpflege im Herbst - Leeb Balkone\" \/>\n<meta property=\"og:description\" content=\"Nach der Beanspruchung durch Hitze und Trockenheit in den Sommermonaten ist ab Mitte September die Zeit, den Rasen zu pflegen und zu st\u00e4rken.\" \/>\n<meta property=\"og:url\" content=\"https:\/\/www.leeb-balkone.com\/ch\/blog\/rasenpflege-im-herbst\/\" \/>\n<meta property=\"og:site_name\" content=\"Leeb Balkone\" \/>\n<meta property=\"article:publisher\" content=\"https:\/\/www.facebook.com\/balkone\/\" \/>\n<meta property=\"article:published_time\" content=\"2025-08-31T14:00:22+00:00\" \/>\n<meta property=\"article:modified_time\" content=\"2026-03-20T13:21:25+00:00\" \/>\n<meta property=\"og:image\" content=\"https:\/\/www.leeb-balkone.com\/app\/uploads\/2022\/06\/Zaun-Solar-05-Optimus-scaled.jpg\" \/>\n\t<meta property=\"og:image:width\" content=\"2560\" \/>\n\t<meta property=\"og:image:height\" content=\"1674\" \/>\n\t<meta property=\"og:image:type\" content=\"image\/jpeg\" \/>\n<meta name=\"author\" content=\"Herbert Weichart\" \/>\n<meta name=\"twitter:card\" content=\"summary_large_image\" \/>\n<script type=\"application\/ld+json\" class=\"yoast-schema-graph\">{\"@context\":\"https:\/\/schema.org\",\"@graph\":[{\"@type\":\"Article\",\"@id\":\"https:\/\/www.leeb-balkone.com\/ch\/blog\/rasenpflege-im-herbst\/#article\",\"isPartOf\":{\"@id\":\"https:\/\/www.leeb-balkone.com\/ch\/blog\/rasenpflege-im-herbst\/\"},\"author\":{\"name\":\"Herbert Weichart\",\"@id\":\"https:\/\/www.leeb-balkone.com\/ch\/#\/schema\/person\/dc2e2c82db329667ee507698e220238f\"},\"headline\":\"Rasenpflege im Herbst\",\"datePublished\":\"2025-08-31T14:00:22+00:00\",\"dateModified\":\"2026-03-20T13:21:25+00:00\",\"mainEntityOfPage\":{\"@id\":\"https:\/\/www.leeb-balkone.com\/ch\/blog\/rasenpflege-im-herbst\/\"},\"wordCount\":641,\"publisher\":{\"@id\":\"https:\/\/www.leeb-balkone.com\/ch\/#organization\"},\"image\":{\"@id\":\"https:\/\/www.leeb-balkone.com\/ch\/blog\/rasenpflege-im-herbst\/#primaryimage\"},\"thumbnailUrl\":\"https:\/\/www.leeb-balkone.com\/app\/uploads\/2022\/06\/Zaun-Solar-05-Optimus-scaled.jpg\",\"articleSection\":[\"Garten und Pflanzen\",\"Gartenbau\",\"Gartengestaltung\"],\"inLanguage\":\"de-CH\"},{\"@type\":\"WebPage\",\"@id\":\"https:\/\/www.leeb-balkone.com\/ch\/blog\/rasenpflege-im-herbst\/\",\"url\":\"https:\/\/www.leeb-balkone.com\/ch\/blog\/rasenpflege-im-herbst\/\",\"name\":\"Rasenpflege im Herbst - Leeb Balkone\",\"isPartOf\":{\"@id\":\"https:\/\/www.leeb-balkone.com\/ch\/#website\"},\"primaryImageOfPage\":{\"@id\":\"https:\/\/www.leeb-balkone.com\/ch\/blog\/rasenpflege-im-herbst\/#primaryimage\"},\"image\":{\"@id\":\"https:\/\/www.leeb-balkone.com\/ch\/blog\/rasenpflege-im-herbst\/#primaryimage\"},\"thumbnailUrl\":\"https:\/\/www.leeb-balkone.com\/app\/uploads\/2022\/06\/Zaun-Solar-05-Optimus-scaled.jpg\",\"datePublished\":\"2025-08-31T14:00:22+00:00\",\"dateModified\":\"2026-03-20T13:21:25+00:00\",\"description\":\"Nach der Beanspruchung durch Hitze und Trockenheit in den Sommermonaten ist ab Mitte September die Zeit, den Rasen zu pflegen und zu st\u00e4rken.\",\"breadcrumb\":{\"@id\":\"https:\/\/www.leeb-balkone.com\/ch\/blog\/rasenpflege-im-herbst\/#breadcrumb\"},\"inLanguage\":\"de-CH\",\"potentialAction\":[{\"@type\":\"ReadAction\",\"target\":[\"https:\/\/www.leeb-balkone.com\/ch\/blog\/rasenpflege-im-herbst\/\"]}]},{\"@type\":\"ImageObject\",\"inLanguage\":\"de-CH\",\"@id\":\"https:\/\/www.leeb-balkone.com\/ch\/blog\/rasenpflege-im-herbst\/#primaryimage\",\"url\":\"https:\/\/www.leeb-balkone.com\/app\/uploads\/2022\/06\/Zaun-Solar-05-Optimus-scaled.jpg\",\"contentUrl\":\"https:\/\/www.leeb-balkone.com\/app\/uploads\/2022\/06\/Zaun-Solar-05-Optimus-scaled.jpg\",\"width\":2560,\"height\":1674},{\"@type\":\"BreadcrumbList\",\"@id\":\"https:\/\/www.leeb-balkone.com\/ch\/blog\/rasenpflege-im-herbst\/#breadcrumb\",\"itemListElement\":[{\"@type\":\"ListItem\",\"position\":1,\"name\":\"Home\",\"item\":\"https:\/\/www.leeb-balkone.com\/ch\/\"},{\"@type\":\"ListItem\",\"position\":2,\"name\":\"Rasenpflege im Herbst\"}]},{\"@type\":\"WebSite\",\"@id\":\"https:\/\/www.leeb-balkone.com\/ch\/#website\",\"url\":\"https:\/\/www.leeb-balkone.com\/ch\/\",\"name\":\"Leeb Balkone\",\"description\":\"Balkone und Z\u00e4une\",\"publisher\":{\"@id\":\"https:\/\/www.leeb-balkone.com\/ch\/#organization\"},\"potentialAction\":[{\"@type\":\"SearchAction\",\"target\":{\"@type\":\"EntryPoint\",\"urlTemplate\":\"https:\/\/www.leeb-balkone.com\/ch\/?s={search_term_string}\"},\"query-input\":{\"@type\":\"PropertyValueSpecification\",\"valueRequired\":true,\"valueName\":\"search_term_string\"}}],\"inLanguage\":\"de-CH\"},{\"@type\":\"Organization\",\"@id\":\"https:\/\/www.leeb-balkone.com\/ch\/#organization\",\"name\":\"Leeb Balkone Gmbh\",\"url\":\"https:\/\/www.leeb-balkone.com\/ch\/\",\"logo\":{\"@type\":\"ImageObject\",\"inLanguage\":\"de-CH\",\"@id\":\"https:\/\/www.leeb-balkone.com\/ch\/#\/schema\/logo\/image\/\",\"url\":\"https:\/\/www.leeb-balkone.com\/app\/uploads\/2020\/11\/leeb-logo.svg\",\"contentUrl\":\"https:\/\/www.leeb-balkone.com\/app\/uploads\/2020\/11\/leeb-logo.svg\",\"width\":741,\"height\":204,\"caption\":\"Leeb Balkone Gmbh\"},\"image\":{\"@id\":\"https:\/\/www.leeb-balkone.com\/ch\/#\/schema\/logo\/image\/\"},\"sameAs\":[\"https:\/\/www.facebook.com\/balkone\/\",\"https:\/\/www.trustedshops.at\/bewertung\/info_X4587CCF5833E31AFE0B11F47D86999F2.html\",\"https:\/\/www.trustedshops.de\/bewertung\/info_X7BA536A7A0BDC86D36C4718E4DCAEEEF.html\",\"https:\/\/www.google.com\/maps\/place\/?q=place_id:ChIJ5-zH19-IcEcR9HonWRTllHI\"]},{\"@type\":\"Person\",\"@id\":\"https:\/\/www.leeb-balkone.com\/ch\/#\/schema\/person\/dc2e2c82db329667ee507698e220238f\",\"name\":\"Herbert Weichart\"}]}<\/script>\n<!-- \/ Yoast SEO plugin. -->","yoast_head_json":{"title":"Rasenpflege im Herbst - Leeb Balkone Schweiz","description":"Nach der Beanspruchung durch Hitze und Trockenheit in den Sommermonaten ist ab Mitte September die Zeit, den Rasen zu pflegen und zu st\u00e4rken.","robots":{"index":"index","follow":"follow","max-snippet":"max-snippet:-1","max-image-preview":"max-image-preview:large","max-video-preview":"max-video-preview:-1"},"og_locale":"de_DE","og_type":"article","og_title":"Rasenpflege im Herbst - Leeb Balkone","og_description":"Nach der Beanspruchung durch Hitze und Trockenheit in den Sommermonaten ist ab Mitte September die Zeit, den Rasen zu pflegen und zu st\u00e4rken.","og_url":"https:\/\/www.leeb-balkone.com\/ch\/blog\/rasenpflege-im-herbst\/","og_site_name":"Leeb Balkone","article_publisher":"https:\/\/www.facebook.com\/balkone\/","article_published_time":"2025-08-31T14:00:22+00:00","article_modified_time":"2026-03-20T13:21:25+00:00","og_image":[{"width":2560,"height":1674,"url":"https:\/\/www.leeb-balkone.com\/app\/uploads\/2022\/06\/Zaun-Solar-05-Optimus-scaled.jpg","type":"image\/jpeg"}],"author":"Herbert Weichart","twitter_card":"summary_large_image","schema":{"@context":"https:\/\/schema.org","@graph":[{"@type":"Article","@id":"https:\/\/www.leeb-balkone.com\/ch\/blog\/rasenpflege-im-herbst\/#article","isPartOf":{"@id":"https:\/\/www.leeb-balkone.com\/ch\/blog\/rasenpflege-im-herbst\/"},"author":{"name":"Herbert Weichart","@id":"https:\/\/www.leeb-balkone.com\/ch\/#\/schema\/person\/dc2e2c82db329667ee507698e220238f"},"headline":"Rasenpflege im Herbst","datePublished":"2025-08-31T14:00:22+00:00","dateModified":"2026-03-20T13:21:25+00:00","mainEntityOfPage":{"@id":"https:\/\/www.leeb-balkone.com\/ch\/blog\/rasenpflege-im-herbst\/"},"wordCount":641,"publisher":{"@id":"https:\/\/www.leeb-balkone.com\/ch\/#organization"},"image":{"@id":"https:\/\/www.leeb-balkone.com\/ch\/blog\/rasenpflege-im-herbst\/#primaryimage"},"thumbnailUrl":"https:\/\/www.leeb-balkone.com\/app\/uploads\/2022\/06\/Zaun-Solar-05-Optimus-scaled.jpg","articleSection":["Garten und Pflanzen","Gartenbau","Gartengestaltung"],"inLanguage":"de-CH"},{"@type":"WebPage","@id":"https:\/\/www.leeb-balkone.com\/ch\/blog\/rasenpflege-im-herbst\/","url":"https:\/\/www.leeb-balkone.com\/ch\/blog\/rasenpflege-im-herbst\/","name":"Rasenpflege im Herbst - Leeb Balkone","isPartOf":{"@id":"https:\/\/www.leeb-balkone.com\/ch\/#website"},"primaryImageOfPage":{"@id":"https:\/\/www.leeb-balkone.com\/ch\/blog\/rasenpflege-im-herbst\/#primaryimage"},"image":{"@id":"https:\/\/www.leeb-balkone.com\/ch\/blog\/rasenpflege-im-herbst\/#primaryimage"},"thumbnailUrl":"https:\/\/www.leeb-balkone.com\/app\/uploads\/2022\/06\/Zaun-Solar-05-Optimus-scaled.jpg","datePublished":"2025-08-31T14:00:22+00:00","dateModified":"2026-03-20T13:21:25+00:00","description":"Nach der Beanspruchung durch Hitze und Trockenheit in den Sommermonaten ist ab Mitte September die Zeit, den Rasen zu pflegen und zu st\u00e4rken.","breadcrumb":{"@id":"https:\/\/www.leeb-balkone.com\/ch\/blog\/rasenpflege-im-herbst\/#breadcrumb"},"inLanguage":"de-CH","potentialAction":[{"@type":"ReadAction","target":["https:\/\/www.leeb-balkone.com\/ch\/blog\/rasenpflege-im-herbst\/"]}]},{"@type":"ImageObject","inLanguage":"de-CH","@id":"https:\/\/www.leeb-balkone.com\/ch\/blog\/rasenpflege-im-herbst\/#primaryimage","url":"https:\/\/www.leeb-balkone.com\/app\/uploads\/2022\/06\/Zaun-Solar-05-Optimus-scaled.jpg","contentUrl":"https:\/\/www.leeb-balkone.com\/app\/uploads\/2022\/06\/Zaun-Solar-05-Optimus-scaled.jpg","width":2560,"height":1674},{"@type":"BreadcrumbList","@id":"https:\/\/www.leeb-balkone.com\/ch\/blog\/rasenpflege-im-herbst\/#breadcrumb","itemListElement":[{"@type":"ListItem","position":1,"name":"Home","item":"https:\/\/www.leeb-balkone.com\/ch\/"},{"@type":"ListItem","position":2,"name":"Rasenpflege im Herbst"}]},{"@type":"WebSite","@id":"https:\/\/www.leeb-balkone.com\/ch\/#website","url":"https:\/\/www.leeb-balkone.com\/ch\/","name":"Leeb Balkone","description":"Balkone und Z\u00e4une","publisher":{"@id":"https:\/\/www.leeb-balkone.com\/ch\/#organization"},"potentialAction":[{"@type":"SearchAction","target":{"@type":"EntryPoint","urlTemplate":"https:\/\/www.leeb-balkone.com\/ch\/?s={search_term_string}"},"query-input":{"@type":"PropertyValueSpecification","valueRequired":true,"valueName":"search_term_string"}}],"inLanguage":"de-CH"},{"@type":"Organization","@id":"https:\/\/www.leeb-balkone.com\/ch\/#organization","name":"Leeb Balkone Gmbh","url":"https:\/\/www.leeb-balkone.com\/ch\/","logo":{"@type":"ImageObject","inLanguage":"de-CH","@id":"https:\/\/www.leeb-balkone.com\/ch\/#\/schema\/logo\/image\/","url":"https:\/\/www.leeb-balkone.com\/app\/uploads\/2020\/11\/leeb-logo.svg","contentUrl":"https:\/\/www.leeb-balkone.com\/app\/uploads\/2020\/11\/leeb-logo.svg","width":741,"height":204,"caption":"Leeb Balkone Gmbh"},"image":{"@id":"https:\/\/www.leeb-balkone.com\/ch\/#\/schema\/logo\/image\/"},"sameAs":["https:\/\/www.facebook.com\/balkone\/","https:\/\/www.trustedshops.at\/bewertung\/info_X4587CCF5833E31AFE0B11F47D86999F2.html","https:\/\/www.trustedshops.de\/bewertung\/info_X7BA536A7A0BDC86D36C4718E4DCAEEEF.html","https:\/\/www.google.com\/maps\/place\/?q=place_id:ChIJ5-zH19-IcEcR9HonWRTllHI"]},{"@type":"Person","@id":"https:\/\/www.leeb-balkone.com\/ch\/#\/schema\/person\/dc2e2c82db329667ee507698e220238f","name":"Herbert Weichart"}]}},"_links":{"self":[{"href":"https:\/\/www.leeb-balkone.com\/ch\/wp-json\/wp\/v2\/posts\/156054","targetHints":{"allow":["GET"]}}],"collection":[{"href":"https:\/\/www.leeb-balkone.com\/ch\/wp-json\/wp\/v2\/posts"}],"about":[{"href":"https:\/\/www.leeb-balkone.com\/ch\/wp-json\/wp\/v2\/types\/post"}],"author":[{"embeddable":true,"href":"https:\/\/www.leeb-balkone.com\/ch\/wp-json\/wp\/v2\/users\/4"}],"replies":[{"embeddable":true,"href":"https:\/\/www.leeb-balkone.com\/ch\/wp-json\/wp\/v2\/comments?post=156054"}],"version-history":[{"count":2,"href":"https:\/\/www.leeb-balkone.com\/ch\/wp-json\/wp\/v2\/posts\/156054\/revisions"}],"predecessor-version":[{"id":166305,"href":"https:\/\/www.leeb-balkone.com\/ch\/wp-json\/wp\/v2\/posts\/156054\/revisions\/166305"}],"wp:featuredmedia":[{"embeddable":true,"href":"https:\/\/www.leeb-balkone.com\/ch\/wp-json\/wp\/v2\/media\/139444"}],"wp:attachment":[{"href":"https:\/\/www.leeb-balkone.com\/ch\/wp-json\/wp\/v2\/media?parent=156054"}],"wp:term":[{"taxonomy":"category","embeddable":true,"href":"https:\/\/www.leeb-balkone.com\/ch\/wp-json\/wp\/v2\/categories?post=156054"},{"taxonomy":"post_tag","embeddable":true,"href":"https:\/\/www.leeb-balkone.com\/ch\/wp-json\/wp\/v2\/tags?post=156054"},{"taxonomy":"post_folder","embeddable":true,"href":"https:\/\/www.leeb-balkone.com\/ch\/wp-json\/wp\/v2\/post_folder?post=156054"}],"curies":[{"name":"wp","href":"https:\/\/api.w.org\/{rel}","templated":true}]}}